{"id":560,"date":"2020-11-23T23:37:35","date_gmt":"2020-11-24T03:37:35","guid":{"rendered":"http:\/\/gavvi.monstruoestudio.com\/?p=560"},"modified":"2021-06-02T16:27:33","modified_gmt":"2021-06-02T20:27:33","slug":"capitulo-ii-procedimiento-de-la-declaratoria-de-alerta","status":"publish","type":"post","link":"https:\/\/alvi.centrojuanaazurduy.org\/index.php\/capitulo-ii-procedimiento-de-la-declaratoria-de-alerta\/","title":{"rendered":"Cap\u00edtulo II : PROCEDIMIENTO DE LA DECLARATORIA DE ALERTA"},"content":{"rendered":"\t\t<div data-elementor-type=\"wp-post\" data-elementor-id=\"560\" class=\"elementor elementor-560\" data-elementor-settings=\"[]\">\n\t\t\t\t\t\t<div class=\"elementor-inner\">\n\t\t\t\t\t\t\t<div class=\"elementor-section-wrap\">\n\t\t\t\t\t\t\t<section class=\"elementor-section elementor-top-section elementor-element elementor-element-163f13d elementor-section-boxed elementor-section-height-default elementor-section-height-default\" data-id=\"163f13d\" data-element_type=\"section\">\n\t\t\t\t\t\t<div class=\"elementor-container elementor-column-gap-default\">\n\t\t\t\t\t\t\t<div class=\"elementor-row\">\n\t\t\t\t\t<div class=\"elementor-column elementor-col-100 elementor-top-column elementor-element elementor-element-cbd40d9\" data-id=\"cbd40d9\" data-element_type=\"column\">\n\t\t\t<div class=\"elementor-column-wrap elementor-element-populated\">\n\t\t\t\t\t\t\t<div class=\"elementor-widget-wrap\">\n\t\t\t\t\t\t<div class=\"elementor-element elementor-element-b64f8b5 elementor-widget elementor-widget-theme-post-title elementor-page-title elementor-widget-heading\" data-id=\"b64f8b5\" data-element_type=\"widget\" data-widget_type=\"theme-post-title.default\">\n\t\t\t\t<div class=\"elementor-widget-container\">\n\t\t\t<h1 class=\"elementor-heading-title elementor-size-default\">Cap\u00edtulo II : PROCEDIMIENTO DE LA DECLARATORIA DE ALERTA<\/h1>\t\t<\/div>\n\t\t\t\t<\/div>\n\t\t\t\t\t\t<\/div>\n\t\t\t\t\t<\/div>\n\t\t<\/div>\n\t\t\t\t\t\t\t\t<\/div>\n\t\t\t\t\t<\/div>\n\t\t<\/section>\n\t\t\t\t<section class=\"elementor-section elementor-top-section elementor-element elementor-element-703281c elementor-section-boxed elementor-section-height-default elementor-section-height-default\" data-id=\"703281c\" data-element_type=\"section\">\n\t\t\t\t\t\t<div class=\"elementor-container elementor-column-gap-default\">\n\t\t\t\t\t\t\t<div class=\"elementor-row\">\n\t\t\t\t\t<div class=\"elementor-column elementor-col-100 elementor-top-column elementor-element elementor-element-51d6c88\" data-id=\"51d6c88\" data-element_type=\"column\">\n\t\t\t<div class=\"elementor-column-wrap elementor-element-populated\">\n\t\t\t\t\t\t\t<div class=\"elementor-widget-wrap\">\n\t\t\t\t\t\t<div class=\"elementor-element elementor-element-23c2c21 elementor-widget elementor-widget-heading\" data-id=\"23c2c21\" data-element_type=\"widget\" data-widget_type=\"heading.default\">\n\t\t\t\t<div class=\"elementor-widget-container\">\n\t\t\t<h2 class=\"elementor-heading-title elementor-size-default\">2.1. Inicio del proceso<\/h2>\t\t<\/div>\n\t\t\t\t<\/div>\n\t\t\t\t\t\t<\/div>\n\t\t\t\t\t<\/div>\n\t\t<\/div>\n\t\t\t\t\t\t\t\t<\/div>\n\t\t\t\t\t<\/div>\n\t\t<\/section>\n\t\t\t\t<section class=\"elementor-section elementor-top-section elementor-element elementor-element-83d980c elementor-section-boxed elementor-section-height-default elementor-section-height-default\" data-id=\"83d980c\" data-element_type=\"section\">\n\t\t\t\t\t\t<div class=\"elementor-container elementor-column-gap-default\">\n\t\t\t\t\t\t\t<div class=\"elementor-row\">\n\t\t\t\t\t<div class=\"elementor-column elementor-col-100 elementor-top-column elementor-element elementor-element-f247e1e\" data-id=\"f247e1e\" data-element_type=\"column\">\n\t\t\t<div class=\"elementor-column-wrap elementor-element-populated\">\n\t\t\t\t\t\t\t<div class=\"elementor-widget-wrap\">\n\t\t\t\t\t\t<div class=\"elementor-element elementor-element-d21a34a elementor-widget elementor-widget-text-editor\" data-id=\"d21a34a\" data-element_type=\"widget\" data-widget_type=\"text-editor.default\">\n\t\t\t\t<div class=\"elementor-widget-container\">\n\t\t\t\t\t<div class=\"elementor-text-editor elementor-clearfix\"><div class=\"page\" title=\"Page 20\"><div class=\"section\"><div class=\"layoutArea\"><div class=\"column\"><p>El proceso para la declaratoria de alerta puede iniciarse por:<\/p><p style=\"padding-left: 40px;\">a) Recomendacio\u0301n del SLIM en los municipios y la Direccio\u0301n o Unidad de Ge\u0301nero en las gobernaciones.<\/p><p style=\"padding-left: 40px;\">b) Recomendacio\u0301n de la FELCV, la Fiscali\u0301a, o jueces o tribunales del sector.<\/p><p style=\"padding-left: 40px;\">c) Solicitud de organizaciones o instituciones de la sociedad civil.<\/p><p style=\"padding-left: 40px;\">d) Recomendacio\u0301n del SIPPASE.<\/p><p>La recomendacio\u0301n o la solicitud sera\u0301 remitida de forma escrita al alcalde en los municipios o al gobernador en los departamentos, expresando los fundamentos para la declaratoria de alerta.<\/p><\/div><\/div><\/div><\/div><\/div>\n\t\t\t\t<\/div>\n\t\t\t\t<\/div>\n\t\t\t\t\t\t<\/div>\n\t\t\t\t\t<\/div>\n\t\t<\/div>\n\t\t\t\t\t\t\t\t<\/div>\n\t\t\t\t\t<\/div>\n\t\t<\/section>\n\t\t\t\t<section class=\"elementor-section elementor-top-section elementor-element elementor-element-b9c8d03 elementor-section-boxed elementor-section-height-default elementor-section-height-default\" data-id=\"b9c8d03\" data-element_type=\"section\">\n\t\t\t\t\t\t<div class=\"elementor-container elementor-column-gap-default\">\n\t\t\t\t\t\t\t<div class=\"elementor-row\">\n\t\t\t\t\t<div class=\"elementor-column elementor-col-100 elementor-top-column elementor-element elementor-element-a13fae0\" data-id=\"a13fae0\" data-element_type=\"column\">\n\t\t\t<div class=\"elementor-column-wrap elementor-element-populated\">\n\t\t\t\t\t\t\t<div class=\"elementor-widget-wrap\">\n\t\t\t\t\t\t<div class=\"elementor-element elementor-element-0ba883c elementor-widget elementor-widget-heading\" data-id=\"0ba883c\" data-element_type=\"widget\" data-widget_type=\"heading.default\">\n\t\t\t\t<div class=\"elementor-widget-container\">\n\t\t\t<h2 class=\"elementor-heading-title elementor-size-default\">2.2. Recomendaci\u00f3n del SLIM en los municipios y la Direcci\u00f3n o Unidad de G\u00e9nero en las gobernaciones<\/h2>\t\t<\/div>\n\t\t\t\t<\/div>\n\t\t\t\t\t\t<\/div>\n\t\t\t\t\t<\/div>\n\t\t<\/div>\n\t\t\t\t\t\t\t\t<\/div>\n\t\t\t\t\t<\/div>\n\t\t<\/section>\n\t\t\t\t<section class=\"elementor-section elementor-top-section elementor-element elementor-element-318bfac elementor-section-boxed elementor-section-height-default elementor-section-height-default\" data-id=\"318bfac\" data-element_type=\"section\">\n\t\t\t\t\t\t<div class=\"elementor-container elementor-column-gap-default\">\n\t\t\t\t\t\t\t<div class=\"elementor-row\">\n\t\t\t\t\t<div class=\"elementor-column elementor-col-100 elementor-top-column elementor-element elementor-element-59391a2\" data-id=\"59391a2\" data-element_type=\"column\">\n\t\t\t<div class=\"elementor-column-wrap elementor-element-populated\">\n\t\t\t\t\t\t\t<div class=\"elementor-widget-wrap\">\n\t\t\t\t\t\t<div class=\"elementor-element elementor-element-e932b82 elementor-widget elementor-widget-text-editor\" data-id=\"e932b82\" data-element_type=\"widget\" data-widget_type=\"text-editor.default\">\n\t\t\t\t<div class=\"elementor-widget-container\">\n\t\t\t\t\t<div class=\"elementor-text-editor elementor-clearfix\"><div class=\"page\" title=\"Page 20\"><div class=\"section\"><div class=\"layoutArea\"><div class=\"column\"><p>Los SLIMs evaluaran dos veces por an\u0303o el cumplimiento de los esta\u0301ndares previstos en el numeral 1.4 de esta Gui\u0301a, emitiendo un informe fundamentado. La Direccio\u0301n o Unidad de Ge\u0301nero en las gobernaciones procedera\u0301n igual aplicando los esta\u0301ndares del numeral 1.5 de esta Gui\u0301a.<\/p><div class=\"page\" title=\"Page 21\"><div class=\"section\"><div class=\"layoutArea\"><div class=\"column\"><p>El informe de enero a junio, se emitira\u0301 hasta el u\u0301ltimo di\u0301a ha\u0301bil de julio; y el informe de junio a diciembre, se emitira\u0301 hasta el u\u0301ltimo di\u0301a ha\u0301bil de enero.<\/p><p>El informe sera\u0301 dirigido a la MAE, recomendando la Declaratoria de Alerta si no se hubiese cumplido con los esta\u0301ndares mi\u0301nimos previstos en las reglas del numeral 1.4 de esta Gui\u0301a. El SLIM debe enviar una copia del informe al SIPPASE.<\/p><p>En los municipios en que no exista SLIMs este informe sera\u0301 realizado por la autoridad responsable del a\u0301rea social.<\/p><\/div><\/div><\/div><\/div><\/div><\/div><\/div><\/div><\/div>\n\t\t\t\t<\/div>\n\t\t\t\t<\/div>\n\t\t\t\t\t\t<\/div>\n\t\t\t\t\t<\/div>\n\t\t<\/div>\n\t\t\t\t\t\t\t\t<\/div>\n\t\t\t\t\t<\/div>\n\t\t<\/section>\n\t\t\t\t<section class=\"elementor-section elementor-top-section elementor-element elementor-element-2c166a5 elementor-section-boxed elementor-section-height-default elementor-section-height-default\" data-id=\"2c166a5\" data-element_type=\"section\">\n\t\t\t\t\t\t<div class=\"elementor-container elementor-column-gap-default\">\n\t\t\t\t\t\t\t<div class=\"elementor-row\">\n\t\t\t\t\t<div class=\"elementor-column elementor-col-100 elementor-top-column elementor-element elementor-element-a815256\" data-id=\"a815256\" data-element_type=\"column\">\n\t\t\t<div class=\"elementor-column-wrap elementor-element-populated\">\n\t\t\t\t\t\t\t<div class=\"elementor-widget-wrap\">\n\t\t\t\t\t\t<div class=\"elementor-element elementor-element-a116ab0 elementor-widget elementor-widget-heading\" data-id=\"a116ab0\" data-element_type=\"widget\" data-widget_type=\"heading.default\">\n\t\t\t\t<div class=\"elementor-widget-container\">\n\t\t\t<h2 class=\"elementor-heading-title elementor-size-default\">2.3. Recomendaci\u00f3n de la FELCV, la Fiscal\u00eda, o los jueces o tribunales<\/h2>\t\t<\/div>\n\t\t\t\t<\/div>\n\t\t\t\t\t\t<\/div>\n\t\t\t\t\t<\/div>\n\t\t<\/div>\n\t\t\t\t\t\t\t\t<\/div>\n\t\t\t\t\t<\/div>\n\t\t<\/section>\n\t\t\t\t<section class=\"elementor-section elementor-top-section elementor-element elementor-element-40231b0 elementor-section-boxed elementor-section-height-default elementor-section-height-default\" data-id=\"40231b0\" data-element_type=\"section\">\n\t\t\t\t\t\t<div class=\"elementor-container elementor-column-gap-default\">\n\t\t\t\t\t\t\t<div class=\"elementor-row\">\n\t\t\t\t\t<div class=\"elementor-column elementor-col-100 elementor-top-column elementor-element elementor-element-2c17014\" data-id=\"2c17014\" data-element_type=\"column\">\n\t\t\t<div class=\"elementor-column-wrap elementor-element-populated\">\n\t\t\t\t\t\t\t<div class=\"elementor-widget-wrap\">\n\t\t\t\t\t\t<div class=\"elementor-element elementor-element-74a54c0 elementor-widget elementor-widget-text-editor\" data-id=\"74a54c0\" data-element_type=\"widget\" data-widget_type=\"text-editor.default\">\n\t\t\t\t<div class=\"elementor-widget-container\">\n\t\t\t\t\t<div class=\"elementor-text-editor elementor-clearfix\"><div class=\"page\" title=\"Page 21\"><div class=\"section\"><div class=\"layoutArea\"><div class=\"column\"><p>Si la FELCV, la fiscali\u0301a o los jueces y tribunales del a\u0301mbito geogra\u0301fico evidencian un incremento significativo de la violencia en razo\u0301n de ge\u0301nero pueden solicitar al Alcalde o Gobernador respectivo, emita una declaratoria de la alerta.<\/p><\/div><\/div><\/div><\/div><\/div>\n\t\t\t\t<\/div>\n\t\t\t\t<\/div>\n\t\t\t\t\t\t<\/div>\n\t\t\t\t\t<\/div>\n\t\t<\/div>\n\t\t\t\t\t\t\t\t<\/div>\n\t\t\t\t\t<\/div>\n\t\t<\/section>\n\t\t\t\t<section class=\"elementor-section elementor-top-section elementor-element elementor-element-3d80260 elementor-section-boxed elementor-section-height-default elementor-section-height-default\" data-id=\"3d80260\" data-element_type=\"section\">\n\t\t\t\t\t\t<div class=\"elementor-container elementor-column-gap-default\">\n\t\t\t\t\t\t\t<div class=\"elementor-row\">\n\t\t\t\t\t<div class=\"elementor-column elementor-col-100 elementor-top-column elementor-element elementor-element-d94c6c7\" data-id=\"d94c6c7\" data-element_type=\"column\">\n\t\t\t<div class=\"elementor-column-wrap elementor-element-populated\">\n\t\t\t\t\t\t\t<div class=\"elementor-widget-wrap\">\n\t\t\t\t\t\t<div class=\"elementor-element elementor-element-7f8357e elementor-widget elementor-widget-heading\" data-id=\"7f8357e\" data-element_type=\"widget\" data-widget_type=\"heading.default\">\n\t\t\t\t<div class=\"elementor-widget-container\">\n\t\t\t<h2 class=\"elementor-heading-title elementor-size-default\">2.4. Solicitud de organizaciones o instituciones de la sociedad civil<\/h2>\t\t<\/div>\n\t\t\t\t<\/div>\n\t\t\t\t\t\t<\/div>\n\t\t\t\t\t<\/div>\n\t\t<\/div>\n\t\t\t\t\t\t\t\t<\/div>\n\t\t\t\t\t<\/div>\n\t\t<\/section>\n\t\t\t\t<section class=\"elementor-section elementor-top-section elementor-element elementor-element-15e36bd elementor-section-boxed elementor-section-height-default elementor-section-height-default\" data-id=\"15e36bd\" data-element_type=\"section\">\n\t\t\t\t\t\t<div class=\"elementor-container elementor-column-gap-default\">\n\t\t\t\t\t\t\t<div class=\"elementor-row\">\n\t\t\t\t\t<div class=\"elementor-column elementor-col-100 elementor-top-column elementor-element elementor-element-6b5d740\" data-id=\"6b5d740\" data-element_type=\"column\">\n\t\t\t<div class=\"elementor-column-wrap elementor-element-populated\">\n\t\t\t\t\t\t\t<div class=\"elementor-widget-wrap\">\n\t\t\t\t\t\t<div class=\"elementor-element elementor-element-28871f8 elementor-widget elementor-widget-text-editor\" data-id=\"28871f8\" data-element_type=\"widget\" data-widget_type=\"text-editor.default\">\n\t\t\t\t<div class=\"elementor-widget-container\">\n\t\t\t\t\t<div class=\"elementor-text-editor elementor-clearfix\"><div class=\"page\" title=\"Page 21\"><div class=\"section\"><div class=\"layoutArea\"><div class=\"column\"><p>Las organizaciones de la sociedad civil pueden solicitar de forma directa al Alcalde o Gobernador que declare alerta cuando esta no hubiese sido tramitada por las autoridades y existiera una situacio\u0301n de violencia extrema o un incremento significativo de ella.<\/p><p>La solicitud debe identificar de forma clara las circunstancias por las que consideran que se debe declarar la alerta.<\/p><\/div><\/div><\/div><\/div><\/div>\n\t\t\t\t<\/div>\n\t\t\t\t<\/div>\n\t\t\t\t\t\t<\/div>\n\t\t\t\t\t<\/div>\n\t\t<\/div>\n\t\t\t\t\t\t\t\t<\/div>\n\t\t\t\t\t<\/div>\n\t\t<\/section>\n\t\t\t\t<section class=\"elementor-section elementor-top-section elementor-element elementor-element-d0947f5 elementor-section-boxed elementor-section-height-default elementor-section-height-default\" data-id=\"d0947f5\" data-element_type=\"section\">\n\t\t\t\t\t\t<div class=\"elementor-container elementor-column-gap-default\">\n\t\t\t\t\t\t\t<div class=\"elementor-row\">\n\t\t\t\t\t<div class=\"elementor-column elementor-col-100 elementor-top-column elementor-element elementor-element-611b10b\" data-id=\"611b10b\" data-element_type=\"column\">\n\t\t\t<div class=\"elementor-column-wrap elementor-element-populated\">\n\t\t\t\t\t\t\t<div class=\"elementor-widget-wrap\">\n\t\t\t\t\t\t<div class=\"elementor-element elementor-element-a2f241f elementor-widget elementor-widget-heading\" data-id=\"a2f241f\" data-element_type=\"widget\" data-widget_type=\"heading.default\">\n\t\t\t\t<div class=\"elementor-widget-container\">\n\t\t\t<h2 class=\"elementor-heading-title elementor-size-default\">2.5. Recomendaci\u00f3n del SIPPASE<\/h2>\t\t<\/div>\n\t\t\t\t<\/div>\n\t\t\t\t\t\t<\/div>\n\t\t\t\t\t<\/div>\n\t\t<\/div>\n\t\t\t\t\t\t\t\t<\/div>\n\t\t\t\t\t<\/div>\n\t\t<\/section>\n\t\t\t\t<section class=\"elementor-section elementor-top-section elementor-element elementor-element-6ecd9af elementor-section-boxed elementor-section-height-default elementor-section-height-default\" data-id=\"6ecd9af\" data-element_type=\"section\">\n\t\t\t\t\t\t<div class=\"elementor-container elementor-column-gap-default\">\n\t\t\t\t\t\t\t<div class=\"elementor-row\">\n\t\t\t\t\t<div class=\"elementor-column elementor-col-100 elementor-top-column elementor-element elementor-element-2805fc1\" data-id=\"2805fc1\" data-element_type=\"column\">\n\t\t\t<div class=\"elementor-column-wrap elementor-element-populated\">\n\t\t\t\t\t\t\t<div class=\"elementor-widget-wrap\">\n\t\t\t\t\t\t<div class=\"elementor-element elementor-element-30d294b elementor-widget elementor-widget-text-editor\" data-id=\"30d294b\" data-element_type=\"widget\" data-widget_type=\"text-editor.default\">\n\t\t\t\t<div class=\"elementor-widget-container\">\n\t\t\t\t\t<div class=\"elementor-text-editor elementor-clearfix\"><div class=\"page\" title=\"Page 22\"><div class=\"section\"><div class=\"layoutArea\"><div class=\"column\"><p>El SIPPASE elaborara\u0301 perio\u0301dicamente un reporte sobre el incremento o reduccio\u0301n de los i\u0301ndices de violencia en los municipios y gobernaciones recomendando la declaratoria de alerta contra la VRG si se incumplen con los esta\u0301ndares previstos en los numerales 1.4 y 1.5 de esta Gui\u0301a.<\/p><\/div><\/div><\/div><\/div><\/div>\n\t\t\t\t<\/div>\n\t\t\t\t<\/div>\n\t\t\t\t\t\t<\/div>\n\t\t\t\t\t<\/div>\n\t\t<\/div>\n\t\t\t\t\t\t\t\t<\/div>\n\t\t\t\t\t<\/div>\n\t\t<\/section>\n\t\t\t\t<section class=\"elementor-section elementor-top-section elementor-element elementor-element-de9135d elementor-section-boxed elementor-section-height-default elementor-section-height-default\" data-id=\"de9135d\" data-element_type=\"section\">\n\t\t\t\t\t\t<div class=\"elementor-container elementor-column-gap-default\">\n\t\t\t\t\t\t\t<div class=\"elementor-row\">\n\t\t\t\t\t<div class=\"elementor-column elementor-col-100 elementor-top-column elementor-element elementor-element-0ba29f4\" data-id=\"0ba29f4\" data-element_type=\"column\">\n\t\t\t<div class=\"elementor-column-wrap elementor-element-populated\">\n\t\t\t\t\t\t\t<div class=\"elementor-widget-wrap\">\n\t\t\t\t\t\t<div class=\"elementor-element elementor-element-40f0862 elementor-widget elementor-widget-heading\" data-id=\"40f0862\" data-element_type=\"widget\" data-widget_type=\"heading.default\">\n\t\t\t\t<div class=\"elementor-widget-container\">\n\t\t\t<h2 class=\"elementor-heading-title elementor-size-default\">2.6. Constituci\u00f3n del Equipo de Trabajo Interinstitucional\n<\/h2>\t\t<\/div>\n\t\t\t\t<\/div>\n\t\t\t\t\t\t<\/div>\n\t\t\t\t\t<\/div>\n\t\t<\/div>\n\t\t\t\t\t\t\t\t<\/div>\n\t\t\t\t\t<\/div>\n\t\t<\/section>\n\t\t\t\t<section class=\"elementor-section elementor-top-section elementor-element elementor-element-5448121 elementor-section-boxed elementor-section-height-default elementor-section-height-default\" data-id=\"5448121\" data-element_type=\"section\">\n\t\t\t\t\t\t<div class=\"elementor-container elementor-column-gap-default\">\n\t\t\t\t\t\t\t<div class=\"elementor-row\">\n\t\t\t\t\t<div class=\"elementor-column elementor-col-100 elementor-top-column elementor-element elementor-element-9e5559b\" data-id=\"9e5559b\" data-element_type=\"column\">\n\t\t\t<div class=\"elementor-column-wrap elementor-element-populated\">\n\t\t\t\t\t\t\t<div class=\"elementor-widget-wrap\">\n\t\t\t\t\t\t<div class=\"elementor-element elementor-element-581d31a elementor-widget elementor-widget-text-editor\" data-id=\"581d31a\" data-element_type=\"widget\" data-widget_type=\"text-editor.default\">\n\t\t\t\t<div class=\"elementor-widget-container\">\n\t\t\t\t\t<div class=\"elementor-text-editor elementor-clearfix\"><div class=\"page\" title=\"Page 22\"><div class=\"section\"><div class=\"layoutArea\"><div class=\"column\"><p>Dentro los 10 di\u0301as de recibida la recomendacio\u0301n o solicitud de alerta, el Gobernador o Alcalde constituira\u0301 el Equipo de Trabajo Interinstitucional que reu\u0301ne a todas las autoridades y personas vinculadas a la problema\u0301tica y su solucio\u0301n, convoca\u0301ndoles al inicio de actividades.<\/p><p>El Equipo de Trabajo Interinstitucional estara\u0301 conformado por:<\/p><ul><li><p>Alcalde en los municipios o el Gobernador en los gobiernos departamentales, en los casos en que decidiera participar personalmente.<\/p><\/li><li><p>El Director o Jefe de la Unidad de Ge\u0301nero, o el Responsable de Ge\u0301nero.<\/p><\/li><li><p>El responsable del SLIM (Servicios legales Integrales Municipales).<\/p><\/li><li><p>El responsable de las Casas de Acogida y Refugio Temporal.<\/p><\/li><li><p>El representante de la Defensori\u0301a del Nin\u0303o, Nin\u0303a y Adolescente.<\/p><\/li><li><p>El representante de la Fiscali\u0301a en el a\u0301rea.<\/p><\/li><li><p>La representacio\u0301n regional de la Polici\u0301a Boliviana.<\/p><\/li><li><p>La representacio\u0301n regional de la FELCV.<\/p><\/li><li><p>El representante regional del O\u0301rgano Judicial.<\/p><\/li><li><p>El representante local del Sistema Educativo (Ministerio de Educacio\u0301n,\u00a0<span style=\"font-style: inherit; font-weight: inherit; color: var( --e-global-color-text );\">SEDUCA).<\/span><\/p><\/li><li><p>El representantes local del Sistema de Salud (Ministerio de Salud,\u00a0<span style=\"font-style: inherit; font-weight: inherit; color: var( --e-global-color-text );\">SEDES).<\/span><\/p><\/li><li>Representantes de las Organizaciones No Gubernamentales que\u00a0<span style=\"font-size: 16px;\">tienen servicios especializados de atencio\u0301n en violencia.<\/span><\/li><\/ul><div class=\"page\" title=\"Page 23\"><div class=\"section\"><div class=\"layoutArea\"><div class=\"column\"><ul><li><p>Red de violencias.<\/p><\/li><li><p>Organizaciones Sociales de Mujeres.<\/p><\/li><\/ul><p>Adicionalmente tambie\u0301n pueden formar parte de e\u0301l:<\/p><div class=\"page\" title=\"Page 23\"><div class=\"section\"><div class=\"layoutArea\"><div class=\"column\"><ul><li><p>El Representante local del SIJPLU (Servicios Integrados de Justicia Plurinacional) si existe el servicio en el a\u0301rea.<\/p><\/li><li><p>El Representante local del SEPDAVI (Servicio Plurinacional de Atencio\u0301n a las Victimas) si existe el servicio en el a\u0301rea.<\/p><\/li><li><p>El Representante local del SEDEGES (Servicios Departamental de Gestio\u0301n Social).<\/p><\/li><li>El Representante local del Ministerio de Comunicacio\u0301n.<\/li><\/ul><p>Este listado es so\u0301lo enunciativo, en cada municipio o departamento se debe convocar a las entidades y personas que puedan aportar a enfrentar el problema de la extrema VRG.<\/p><p>El Equipo de Trabajo Interinstitucional estara\u0301 dirigido por el Alcalde o el Gobernador si participan de e\u0301l, sino por el Director o Jefe de la Unidad de Ge\u0301nero, o el Responsable de Ge\u0301nero.<\/p><\/div><\/div><\/div><\/div><div class=\"page\" title=\"Page 23\"><div class=\"section\"><div class=\"layoutArea\"><div class=\"column\">\u00a0<\/div><\/div><\/div><\/div><\/div><\/div><\/div><\/div><\/div><\/div><\/div><\/div><\/div>\n\t\t\t\t<\/div>\n\t\t\t\t<\/div>\n\t\t\t\t\t\t<\/div>\n\t\t\t\t\t<\/div>\n\t\t<\/div>\n\t\t\t\t\t\t\t\t<\/div>\n\t\t\t\t\t<\/div>\n\t\t<\/section>\n\t\t\t\t<section class=\"elementor-section elementor-top-section elementor-element elementor-element-9fdcbe4 elementor-section-boxed elementor-section-height-default elementor-section-height-default\" data-id=\"9fdcbe4\" data-element_type=\"section\">\n\t\t\t\t\t\t<div class=\"elementor-container elementor-column-gap-default\">\n\t\t\t\t\t\t\t<div class=\"elementor-row\">\n\t\t\t\t\t<div class=\"elementor-column elementor-col-100 elementor-top-column elementor-element elementor-element-0a24a21\" data-id=\"0a24a21\" data-element_type=\"column\">\n\t\t\t<div class=\"elementor-column-wrap elementor-element-populated\">\n\t\t\t\t\t\t\t<div class=\"elementor-widget-wrap\">\n\t\t\t\t\t\t<div class=\"elementor-element elementor-element-cdea92b elementor-widget elementor-widget-heading\" data-id=\"cdea92b\" data-element_type=\"widget\" data-widget_type=\"heading.default\">\n\t\t\t\t<div class=\"elementor-widget-container\">\n\t\t\t<h2 class=\"elementor-heading-title elementor-size-default\">2.7. Consideraci\u00f3n de la declaratoria de alerta<\/h2>\t\t<\/div>\n\t\t\t\t<\/div>\n\t\t\t\t\t\t<\/div>\n\t\t\t\t\t<\/div>\n\t\t<\/div>\n\t\t\t\t\t\t\t\t<\/div>\n\t\t\t\t\t<\/div>\n\t\t<\/section>\n\t\t\t\t<section class=\"elementor-section elementor-top-section elementor-element elementor-element-19ec804 elementor-section-boxed elementor-section-height-default elementor-section-height-default\" data-id=\"19ec804\" data-element_type=\"section\">\n\t\t\t\t\t\t<div class=\"elementor-container elementor-column-gap-default\">\n\t\t\t\t\t\t\t<div class=\"elementor-row\">\n\t\t\t\t\t<div class=\"elementor-column elementor-col-100 elementor-top-column elementor-element elementor-element-710858c\" data-id=\"710858c\" data-element_type=\"column\">\n\t\t\t<div class=\"elementor-column-wrap elementor-element-populated\">\n\t\t\t\t\t\t\t<div class=\"elementor-widget-wrap\">\n\t\t\t\t\t\t<div class=\"elementor-element elementor-element-0a7846c elementor-widget elementor-widget-text-editor\" data-id=\"0a7846c\" data-element_type=\"widget\" data-widget_type=\"text-editor.default\">\n\t\t\t\t<div class=\"elementor-widget-container\">\n\t\t\t\t\t<div class=\"elementor-text-editor elementor-clearfix\"><div class=\"page\" title=\"Page 23\"><div class=\"section\"><div class=\"layoutArea\"><div class=\"column\"><p>El Gobernador o Alcalde dentro los mismos 10 di\u0301as remitira\u0301 al Equipo de Trabajo Interinstitucional la recomendacio\u0301n o solicitud y les convocara para que la consideren y elaboren el Plan de Accio\u0301n, en caso de que recomienden la declaratoria de alerta.<\/p><p>El Equipo de Trabajo Interinstitucional debe evaluar de forma objetiva la necesidad de la declaratoria de alerta.<\/p><div class=\"page\" title=\"Page 24\"><div class=\"section\"><div class=\"layoutArea\"><div class=\"column\"><p>Si considera que no existe justificacio\u0301n debe remitir un informe explicando las razones por las que no se debe declarar la alerta. En base a este informe el Alcalde o Gobernador podra\u0301n rechazar la recomendacio\u0301n o solicitud.<\/p><p>Si el Equipo de Trabajo considera que existe la necesidad de la declaratoria de alerta debe recomendarlo al Gobernador o Alcalde, remitiendo adema\u0301s un Plan de Accio\u0301n.<\/p><\/div><\/div><\/div><\/div><\/div><\/div><\/div><\/div><\/div>\n\t\t\t\t<\/div>\n\t\t\t\t<\/div>\n\t\t\t\t\t\t<\/div>\n\t\t\t\t\t<\/div>\n\t\t<\/div>\n\t\t\t\t\t\t\t\t<\/div>\n\t\t\t\t\t<\/div>\n\t\t<\/section>\n\t\t\t\t<section class=\"elementor-section elementor-top-section elementor-element elementor-element-c4474cd elementor-section-boxed elementor-section-height-default elementor-section-height-default\" data-id=\"c4474cd\" data-element_type=\"section\">\n\t\t\t\t\t\t<div class=\"elementor-container elementor-column-gap-default\">\n\t\t\t\t\t\t\t<div class=\"elementor-row\">\n\t\t\t\t\t<div class=\"elementor-column elementor-col-100 elementor-top-column elementor-element elementor-element-56fb06d\" data-id=\"56fb06d\" data-element_type=\"column\">\n\t\t\t<div class=\"elementor-column-wrap elementor-element-populated\">\n\t\t\t\t\t\t\t<div class=\"elementor-widget-wrap\">\n\t\t\t\t\t\t<div class=\"elementor-element elementor-element-260b649 elementor-widget elementor-widget-heading\" data-id=\"260b649\" data-element_type=\"widget\" data-widget_type=\"heading.default\">\n\t\t\t\t<div class=\"elementor-widget-container\">\n\t\t\t<h2 class=\"elementor-heading-title elementor-size-default\">2.8. Plan de Acci\u00f3n y modificaciones presupuestarias<\/h2>\t\t<\/div>\n\t\t\t\t<\/div>\n\t\t\t\t\t\t<\/div>\n\t\t\t\t\t<\/div>\n\t\t<\/div>\n\t\t\t\t\t\t\t\t<\/div>\n\t\t\t\t\t<\/div>\n\t\t<\/section>\n\t\t\t\t<section class=\"elementor-section elementor-top-section elementor-element elementor-element-176ee12 elementor-section-boxed elementor-section-height-default elementor-section-height-default\" data-id=\"176ee12\" data-element_type=\"section\">\n\t\t\t\t\t\t<div class=\"elementor-container elementor-column-gap-default\">\n\t\t\t\t\t\t\t<div class=\"elementor-row\">\n\t\t\t\t\t<div class=\"elementor-column elementor-col-100 elementor-top-column elementor-element elementor-element-2e37e1a\" data-id=\"2e37e1a\" data-element_type=\"column\">\n\t\t\t<div class=\"elementor-column-wrap elementor-element-populated\">\n\t\t\t\t\t\t\t<div class=\"elementor-widget-wrap\">\n\t\t\t\t\t\t<div class=\"elementor-element elementor-element-7db846e elementor-widget elementor-widget-text-editor\" data-id=\"7db846e\" data-element_type=\"widget\" data-widget_type=\"text-editor.default\">\n\t\t\t\t<div class=\"elementor-widget-container\">\n\t\t\t\t\t<div class=\"elementor-text-editor elementor-clearfix\"><div class=\"page\" title=\"Page 24\"><div class=\"section\"><div class=\"layoutArea\"><div class=\"column\"><p>El Equipo de Trabajo elaborara un Plan de Accio\u0301n contra la violencia extrema detectada, que contenga las acciones y las instancias responsables de ejecutarlas, los requerimientos econo\u0301micos, y, las modificaciones presupuestarias necesarias.<\/p><p>El Equipo de Trabajo elaborara el Plan en el plazo ma\u0301ximo de 10 di\u0301as de su primera reunio\u0301n y la remitira\u0301 al Gobernador o Alcalde para su aprobacio\u0301n y remisio\u0301n a la Asamblea Departamental o Concejo Municipal.<\/p><p>El Plan de Accio\u0301n podra\u0301 abarcar las siguientes a\u0301reas de intervencio\u0301n:<\/p><ul><li><p>Refuerzo de la prevencio\u0301n individual, social y comunitaria en los grupos ma\u0301s afectados por la violencia extrema, en base a campan\u0303as de comunicacio\u0301n y otros.<\/p><\/li><li><p>Refuerzo de la proteccio\u0301n y seguridad, mediante el incremento de personal de los SLIMs y dotacio\u0301n de recursos, la constitucio\u0301n de casas de acogida, y otros.<\/p><\/li><li><p>Refuerzo en la vigilancia ciudadana, mediante la ejecucio\u0301n de operativos que consideren mapas de riesgos.<\/p><\/li><li><p>Coordinacio\u0301n, con la FELCV, la fiscali\u0301a y los juzgados, para la priorizacio\u0301n de los procesos investigativos y el juzgamiento de los\u00a0<span style=\"font-size: 16px;\">casos de VRG.<\/span><\/p><\/li><\/ul><div class=\"page\" title=\"Page 25\"><div class=\"section\"><div class=\"layoutArea\"><div class=\"column\"><ul><li><p>Refuerzo del control social a trave\u0301s de las Redes de Prevencio\u0301n de la\u00a0<span style=\"font-style: inherit; font-weight: inherit; color: var( --e-global-color-text ); font-family: var( --e-global-typography-text-font-family ), Sans-serif;\">Violencia u otros de representacio\u0301n social en las zonas. Su rol sera\u0301\u00a0<\/span><span style=\"font-style: inherit; font-weight: inherit; color: var( --e-global-color-text ); font-family: var( --e-global-typography-text-font-family ), Sans-serif;\">impulsar, monitorear y controlar la ejecucio\u0301n del Plan de Accio\u0301n.<\/span><\/p><\/li><li><p>Creacio\u0301n de la Unidad de Atencio\u0301n Integral Inmediata a vi\u0301ctimas de violencia, para dotar de infraestructura adecuada a las instancias de atencio\u0301n, prevencio\u0301n, persecucio\u0301n, investigacio\u0301n y sancio\u0301n de la\u00a0<span style=\"font-style: inherit; font-weight: inherit; color: var( --e-global-color-text ); font-family: var( --e-global-typography-text-font-family ), Sans-serif;\">violencia.<\/span><\/p><p>Estas acciones son enunciativas, el Plan debe responder a las particularidades que presente la VRG en cada municipio o departamento.<\/p><p>El Plan de Accio\u0301n debera\u0301 incluir un programa de evaluacio\u0301n perio\u0301dica de su ejecucio\u0301n por parte del mismo Equipo de Trabajo.<\/p><\/li><\/ul><\/div><\/div><\/div><\/div><\/div><\/div><\/div><\/div><\/div>\n\t\t\t\t<\/div>\n\t\t\t\t<\/div>\n\t\t\t\t\t\t<\/div>\n\t\t\t\t\t<\/div>\n\t\t<\/div>\n\t\t\t\t\t\t\t\t<\/div>\n\t\t\t\t\t<\/div>\n\t\t<\/section>\n\t\t\t\t<section class=\"elementor-section elementor-top-section elementor-element elementor-element-7ac4dbe elementor-section-boxed elementor-section-height-default elementor-section-height-default\" data-id=\"7ac4dbe\" data-element_type=\"section\">\n\t\t\t\t\t\t<div class=\"elementor-container elementor-column-gap-default\">\n\t\t\t\t\t\t\t<div class=\"elementor-row\">\n\t\t\t\t\t<div class=\"elementor-column elementor-col-100 elementor-top-column elementor-element elementor-element-842683d\" data-id=\"842683d\" data-element_type=\"column\">\n\t\t\t<div class=\"elementor-column-wrap elementor-element-populated\">\n\t\t\t\t\t\t\t<div class=\"elementor-widget-wrap\">\n\t\t\t\t\t\t<div class=\"elementor-element elementor-element-0ce5b38 elementor-widget elementor-widget-heading\" data-id=\"0ce5b38\" data-element_type=\"widget\" data-widget_type=\"heading.default\">\n\t\t\t\t<div class=\"elementor-widget-container\">\n\t\t\t<h2 class=\"elementor-heading-title elementor-size-default\">2.9. Declaratoria de Alerta<\/h2>\t\t<\/div>\n\t\t\t\t<\/div>\n\t\t\t\t\t\t<\/div>\n\t\t\t\t\t<\/div>\n\t\t<\/div>\n\t\t\t\t\t\t\t\t<\/div>\n\t\t\t\t\t<\/div>\n\t\t<\/section>\n\t\t\t\t<section class=\"elementor-section elementor-top-section elementor-element elementor-element-fdac4da elementor-section-boxed elementor-section-height-default elementor-section-height-default\" data-id=\"fdac4da\" data-element_type=\"section\">\n\t\t\t\t\t\t<div class=\"elementor-container elementor-column-gap-default\">\n\t\t\t\t\t\t\t<div class=\"elementor-row\">\n\t\t\t\t\t<div class=\"elementor-column elementor-col-100 elementor-top-column elementor-element elementor-element-94f1777\" data-id=\"94f1777\" data-element_type=\"column\">\n\t\t\t<div class=\"elementor-column-wrap elementor-element-populated\">\n\t\t\t\t\t\t\t<div class=\"elementor-widget-wrap\">\n\t\t\t\t\t\t<div class=\"elementor-element elementor-element-8713a76 elementor-widget elementor-widget-text-editor\" data-id=\"8713a76\" data-element_type=\"widget\" data-widget_type=\"text-editor.default\">\n\t\t\t\t<div class=\"elementor-widget-container\">\n\t\t\t\t\t<div class=\"elementor-text-editor elementor-clearfix\"><div class=\"page\" title=\"Page 25\"><div class=\"section\"><div class=\"layoutArea\"><div class=\"column\"><p>El Alcalde o Gobernador, en base al informe del Equipo de Trabajo Interinstitucional y el Plan de Accio\u0301n, remitira\u0301 a su Asamblea Departamental o Consejo Municipal, segu\u0301n corresponda, un ante proyecto de Ley departamental o municipal de Declaratoria de Alerta contra la VRG, solicitando su tratamiento y aprobacio\u0301n.<\/p><p>La Asamblea Departamental o el Consejo Municipal seguira\u0301n el tratamiento legislativo de acuerdo a sus normas y sancionara la Ley de Declaratoria de Alerta, con la mayor celeridad posible.<\/p><p>La Ley debe disponer la aprobacio\u0301n e implementacio\u0301n del Plan de Accio\u0301n y las modificaciones presupuestarias necesarias.<\/p><\/div><\/div><\/div><\/div><\/div>\n\t\t\t\t<\/div>\n\t\t\t\t<\/div>\n\t\t\t\t\t\t<\/div>\n\t\t\t\t\t<\/div>\n\t\t<\/div>\n\t\t\t\t\t\t\t\t<\/div>\n\t\t\t\t\t<\/div>\n\t\t<\/section>\n\t\t\t\t<section class=\"elementor-section elementor-top-section elementor-element elementor-element-62d011e elementor-section-boxed elementor-section-height-default elementor-section-height-default\" data-id=\"62d011e\" data-element_type=\"section\">\n\t\t\t\t\t\t<div class=\"elementor-container elementor-column-gap-default\">\n\t\t\t\t\t\t\t<div class=\"elementor-row\">\n\t\t\t\t\t<div class=\"elementor-column elementor-col-100 elementor-top-column elementor-element elementor-element-a7eab9f\" data-id=\"a7eab9f\" data-element_type=\"column\">\n\t\t\t<div class=\"elementor-column-wrap elementor-element-populated\">\n\t\t\t\t\t\t\t<div class=\"elementor-widget-wrap\">\n\t\t\t\t\t\t<div class=\"elementor-element elementor-element-e22e794 elementor-widget elementor-widget-heading\" data-id=\"e22e794\" data-element_type=\"widget\" data-widget_type=\"heading.default\">\n\t\t\t\t<div class=\"elementor-widget-container\">\n\t\t\t<h2 class=\"elementor-heading-title elementor-size-default\">2.10. Publicidad de la declaratoria<\/h2>\t\t<\/div>\n\t\t\t\t<\/div>\n\t\t\t\t\t\t<\/div>\n\t\t\t\t\t<\/div>\n\t\t<\/div>\n\t\t\t\t\t\t\t\t<\/div>\n\t\t\t\t\t<\/div>\n\t\t<\/section>\n\t\t\t\t<section class=\"elementor-section elementor-top-section elementor-element elementor-element-6b9b475 elementor-section-boxed elementor-section-height-default elementor-section-height-default\" data-id=\"6b9b475\" data-element_type=\"section\">\n\t\t\t\t\t\t<div class=\"elementor-container elementor-column-gap-default\">\n\t\t\t\t\t\t\t<div class=\"elementor-row\">\n\t\t\t\t\t<div class=\"elementor-column elementor-col-100 elementor-top-column elementor-element elementor-element-c332f5f\" data-id=\"c332f5f\" data-element_type=\"column\">\n\t\t\t<div class=\"elementor-column-wrap elementor-element-populated\">\n\t\t\t\t\t\t\t<div class=\"elementor-widget-wrap\">\n\t\t\t\t\t\t<div class=\"elementor-element elementor-element-1b0eb45 elementor-widget elementor-widget-text-editor\" data-id=\"1b0eb45\" data-element_type=\"widget\" data-widget_type=\"text-editor.default\">\n\t\t\t\t<div class=\"elementor-widget-container\">\n\t\t\t\t\t<div class=\"elementor-text-editor elementor-clearfix\"><div class=\"page\" title=\"Page 26\"><div class=\"section\"><div class=\"layoutArea\"><div class=\"column\"><p>La Declaratoria de Alerta sera\u0301 comunicada a la poblacio\u0301n por medios de difusio\u0301n masivos.<\/p><\/div><\/div><\/div><\/div><\/div>\n\t\t\t\t<\/div>\n\t\t\t\t<\/div>\n\t\t\t\t\t\t<\/div>\n\t\t\t\t\t<\/div>\n\t\t<\/div>\n\t\t\t\t\t\t\t\t<\/div>\n\t\t\t\t\t<\/div>\n\t\t<\/section>\n\t\t\t\t<section class=\"elementor-section elementor-top-section elementor-element elementor-element-f9ea6c4 elementor-section-boxed elementor-section-height-default elementor-section-height-default\" data-id=\"f9ea6c4\" data-element_type=\"section\">\n\t\t\t\t\t\t<div class=\"elementor-container elementor-column-gap-default\">\n\t\t\t\t\t\t\t<div class=\"elementor-row\">\n\t\t\t\t\t<div class=\"elementor-column elementor-col-100 elementor-top-column elementor-element elementor-element-fa802df\" data-id=\"fa802df\" data-element_type=\"column\">\n\t\t\t<div class=\"elementor-column-wrap elementor-element-populated\">\n\t\t\t\t\t\t\t<div class=\"elementor-widget-wrap\">\n\t\t\t\t\t\t<div class=\"elementor-element elementor-element-c1630aa elementor-widget elementor-widget-heading\" data-id=\"c1630aa\" data-element_type=\"widget\" data-widget_type=\"heading.default\">\n\t\t\t\t<div class=\"elementor-widget-container\">\n\t\t\t<h2 class=\"elementor-heading-title elementor-size-default\">2.11. Ejecuci\u00f3n del plan, evaluaci\u00f3n peri\u00f3dica y ajustes<\/h2>\t\t<\/div>\n\t\t\t\t<\/div>\n\t\t\t\t\t\t<\/div>\n\t\t\t\t\t<\/div>\n\t\t<\/div>\n\t\t\t\t\t\t\t\t<\/div>\n\t\t\t\t\t<\/div>\n\t\t<\/section>\n\t\t\t\t<section class=\"elementor-section elementor-top-section elementor-element elementor-element-943690e elementor-section-boxed elementor-section-height-default elementor-section-height-default\" data-id=\"943690e\" data-element_type=\"section\">\n\t\t\t\t\t\t<div class=\"elementor-container elementor-column-gap-default\">\n\t\t\t\t\t\t\t<div class=\"elementor-row\">\n\t\t\t\t\t<div class=\"elementor-column elementor-col-100 elementor-top-column elementor-element elementor-element-1c61862\" data-id=\"1c61862\" data-element_type=\"column\">\n\t\t\t<div class=\"elementor-column-wrap elementor-element-populated\">\n\t\t\t\t\t\t\t<div class=\"elementor-widget-wrap\">\n\t\t\t\t\t\t<div class=\"elementor-element elementor-element-b75ed49 elementor-widget elementor-widget-text-editor\" data-id=\"b75ed49\" data-element_type=\"widget\" data-widget_type=\"text-editor.default\">\n\t\t\t\t<div class=\"elementor-widget-container\">\n\t\t\t\t\t<div class=\"elementor-text-editor elementor-clearfix\"><div class=\"page\" title=\"Page 26\"><div class=\"section\"><div class=\"layoutArea\"><div class=\"column\"><p>El Plan de Accio\u0301n debera\u0301 ser ejecutado por los responsables identificados en el Plan.<\/p><p>Perio\u0301dicamente el Plan sera\u0301 evaluado por el Equipo de Trabajo, segu\u0301n la programacio\u0301n definida en el mismo Plan.<\/p><p>Encadaevaluacio\u0301nseelaborara\u0301uninformeestableciendorecomendaciones.<\/p><p>Este informe sera\u0301 puesto en conocimiento del Gobernador o Alcalde. El equipo de Trabajo debe remitir una copia del informe al SIPPASE.<\/p><\/div><\/div><\/div><\/div><\/div>\n\t\t\t\t<\/div>\n\t\t\t\t<\/div>\n\t\t\t\t\t\t<\/div>\n\t\t\t\t\t<\/div>\n\t\t<\/div>\n\t\t\t\t\t\t\t\t<\/div>\n\t\t\t\t\t<\/div>\n\t\t<\/section>\n\t\t\t\t<section class=\"elementor-section elementor-top-section elementor-element elementor-element-a5aceec elementor-section-boxed elementor-section-height-default elementor-section-height-default\" data-id=\"a5aceec\" data-element_type=\"section\">\n\t\t\t\t\t\t<div class=\"elementor-container elementor-column-gap-default\">\n\t\t\t\t\t\t\t<div class=\"elementor-row\">\n\t\t\t\t\t<div class=\"elementor-column elementor-col-100 elementor-top-column elementor-element elementor-element-df51753\" data-id=\"df51753\" data-element_type=\"column\">\n\t\t\t<div class=\"elementor-column-wrap elementor-element-populated\">\n\t\t\t\t\t\t\t<div class=\"elementor-widget-wrap\">\n\t\t\t\t\t\t<div class=\"elementor-element elementor-element-2d94e37 elementor-widget elementor-widget-heading\" data-id=\"2d94e37\" data-element_type=\"widget\" data-widget_type=\"heading.default\">\n\t\t\t\t<div class=\"elementor-widget-container\">\n\t\t\t<h2 class=\"elementor-heading-title elementor-size-default\">\n2.12. Informe al SIPPASE<\/h2>\t\t<\/div>\n\t\t\t\t<\/div>\n\t\t\t\t\t\t<\/div>\n\t\t\t\t\t<\/div>\n\t\t<\/div>\n\t\t\t\t\t\t\t\t<\/div>\n\t\t\t\t\t<\/div>\n\t\t<\/section>\n\t\t\t\t<section class=\"elementor-section elementor-top-section elementor-element elementor-element-49943e2 elementor-section-boxed elementor-section-height-default elementor-section-height-default\" data-id=\"49943e2\" data-element_type=\"section\">\n\t\t\t\t\t\t<div class=\"elementor-container elementor-column-gap-default\">\n\t\t\t\t\t\t\t<div class=\"elementor-row\">\n\t\t\t\t\t<div class=\"elementor-column elementor-col-100 elementor-top-column elementor-element elementor-element-bdbf219\" data-id=\"bdbf219\" data-element_type=\"column\">\n\t\t\t<div class=\"elementor-column-wrap elementor-element-populated\">\n\t\t\t\t\t\t\t<div class=\"elementor-widget-wrap\">\n\t\t\t\t\t\t<div class=\"elementor-element elementor-element-03774cf elementor-widget elementor-widget-text-editor\" data-id=\"03774cf\" data-element_type=\"widget\" data-widget_type=\"text-editor.default\">\n\t\t\t\t<div class=\"elementor-widget-container\">\n\t\t\t\t\t<div class=\"elementor-text-editor elementor-clearfix\"><div class=\"page\" title=\"Page 26\">\n<div class=\"section\">\n<div class=\"layoutArea\">\n<div class=\"column\">\n<p>Declarada la alerta, el SLIM, en los municipios, y las Direcciones o Unidades de G\u00e9nero, en las gobernaciones deben reportar esta situacio\u0301n al SIPPASE acompan\u0303ando copia de la Declaratoria y el Plan de Accio\u0301n.<\/p>\n<\/div>\n<\/div>\n<\/div>\n<\/div><\/div>\n\t\t\t\t<\/div>\n\t\t\t\t<\/div>\n\t\t\t\t\t\t<\/div>\n\t\t\t\t\t<\/div>\n\t\t<\/div>\n\t\t\t\t\t\t\t\t<\/div>\n\t\t\t\t\t<\/div>\n\t\t<\/section>\n\t\t\t\t<section class=\"elementor-section elementor-top-section elementor-element elementor-element-aa80471 elementor-section-boxed elementor-section-height-default elementor-section-height-default\" data-id=\"aa80471\" data-element_type=\"section\">\n\t\t\t\t\t\t<div class=\"elementor-container elementor-column-gap-default\">\n\t\t\t\t\t\t\t<div class=\"elementor-row\">\n\t\t\t\t\t<div class=\"elementor-column elementor-col-100 elementor-top-column elementor-element elementor-element-42534dd\" data-id=\"42534dd\" data-element_type=\"column\">\n\t\t\t<div class=\"elementor-column-wrap elementor-element-populated\">\n\t\t\t\t\t\t\t<div class=\"elementor-widget-wrap\">\n\t\t\t\t\t\t<div class=\"elementor-element elementor-element-26140fe elementor-widget elementor-widget-heading\" data-id=\"26140fe\" data-element_type=\"widget\" data-widget_type=\"heading.default\">\n\t\t\t\t<div class=\"elementor-widget-container\">\n\t\t\t<h2 class=\"elementor-heading-title elementor-size-default\">2.13. Informe final<\/h2>\t\t<\/div>\n\t\t\t\t<\/div>\n\t\t\t\t\t\t<\/div>\n\t\t\t\t\t<\/div>\n\t\t<\/div>\n\t\t\t\t\t\t\t\t<\/div>\n\t\t\t\t\t<\/div>\n\t\t<\/section>\n\t\t\t\t<section class=\"elementor-section elementor-top-section elementor-element elementor-element-6738fa9 elementor-section-boxed elementor-section-height-default elementor-section-height-default\" data-id=\"6738fa9\" data-element_type=\"section\">\n\t\t\t\t\t\t<div class=\"elementor-container elementor-column-gap-default\">\n\t\t\t\t\t\t\t<div class=\"elementor-row\">\n\t\t\t\t\t<div class=\"elementor-column elementor-col-100 elementor-top-column elementor-element elementor-element-7465fe8\" data-id=\"7465fe8\" data-element_type=\"column\">\n\t\t\t<div class=\"elementor-column-wrap elementor-element-populated\">\n\t\t\t\t\t\t\t<div class=\"elementor-widget-wrap\">\n\t\t\t\t\t\t<div class=\"elementor-element elementor-element-257f666 elementor-widget elementor-widget-text-editor\" data-id=\"257f666\" data-element_type=\"widget\" data-widget_type=\"text-editor.default\">\n\t\t\t\t<div class=\"elementor-widget-container\">\n\t\t\t\t\t<div class=\"elementor-text-editor elementor-clearfix\"><div class=\"page\" title=\"Page 26\"><div class=\"section\"><div class=\"layoutArea\"><div class=\"column\"><p>A la conclusio\u0301n del periodo de alerta, el Equipo de Trabajo elaborara\u0301 un informe final consignando los resultados de las acciones implementadas\u00a0<span style=\"font-size: 16px;\">y estableciendo recomendaciones.<\/span><\/p><div class=\"page\" title=\"Page 27\"><div class=\"section\"><div class=\"layoutArea\"><div class=\"column\"><p>Este informe debera\u0301 ser remitido al Concejo Municipal, si la alerta fue en un municipio, o a la Asamblea Departamental si fue departamental; y al SIPPASE.<\/p><\/div><\/div><\/div><\/div><\/div><\/div><\/div><\/div><\/div>\n\t\t\t\t<\/div>\n\t\t\t\t<\/div>\n\t\t\t\t\t\t<\/div>\n\t\t\t\t\t<\/div>\n\t\t<\/div>\n\t\t\t\t\t\t\t\t<\/div>\n\t\t\t\t\t<\/div>\n\t\t<\/section>\n\t\t\t\t<section class=\"elementor-section elementor-top-section elementor-element elementor-element-743325d elementor-section-boxed elementor-section-height-default elementor-section-height-default\" data-id=\"743325d\" data-element_type=\"section\">\n\t\t\t\t\t\t<div class=\"elementor-container elementor-column-gap-default\">\n\t\t\t\t\t\t\t<div class=\"elementor-row\">\n\t\t\t\t\t<div class=\"elementor-column elementor-col-100 elementor-top-column elementor-element elementor-element-2160fb8\" data-id=\"2160fb8\" data-element_type=\"column\">\n\t\t\t<div class=\"elementor-column-wrap elementor-element-populated\">\n\t\t\t\t\t\t\t<div class=\"elementor-widget-wrap\">\n\t\t\t\t\t\t<div class=\"elementor-element elementor-element-1f196b1 elementor-widget elementor-widget-heading\" data-id=\"1f196b1\" data-element_type=\"widget\" data-widget_type=\"heading.default\">\n\t\t\t\t<div class=\"elementor-widget-container\">\n\t\t\t<h2 class=\"elementor-heading-title elementor-size-default\">2.14. Seguimiento y monitoreo del SIPPASE<\/h2>\t\t<\/div>\n\t\t\t\t<\/div>\n\t\t\t\t\t\t<\/div>\n\t\t\t\t\t<\/div>\n\t\t<\/div>\n\t\t\t\t\t\t\t\t<\/div>\n\t\t\t\t\t<\/div>\n\t\t<\/section>\n\t\t\t\t<section class=\"elementor-section elementor-top-section elementor-element elementor-element-6851f8f elementor-section-boxed elementor-section-height-default elementor-section-height-default\" data-id=\"6851f8f\" data-element_type=\"section\">\n\t\t\t\t\t\t<div class=\"elementor-container elementor-column-gap-default\">\n\t\t\t\t\t\t\t<div class=\"elementor-row\">\n\t\t\t\t\t<div class=\"elementor-column elementor-col-100 elementor-top-column elementor-element elementor-element-0c9a101\" data-id=\"0c9a101\" data-element_type=\"column\">\n\t\t\t<div class=\"elementor-column-wrap elementor-element-populated\">\n\t\t\t\t\t\t\t<div class=\"elementor-widget-wrap\">\n\t\t\t\t\t\t<div class=\"elementor-element elementor-element-878c177 elementor-widget elementor-widget-text-editor\" data-id=\"878c177\" data-element_type=\"widget\" data-widget_type=\"text-editor.default\">\n\t\t\t\t<div class=\"elementor-widget-container\">\n\t\t\t\t\t<div class=\"elementor-text-editor elementor-clearfix\"><div class=\"page\" title=\"Page 27\"><div class=\"section\"><div class=\"layoutArea\"><div class=\"column\"><p>El Ministerio de Justicia y Transparencia Institucional, como ente rector, a trave\u0301s del SIPPASE, como el mecanismo especializado en Violencia en Razo\u0301n de Ge\u0301nero, realizara\u0301 el seguimiento y monitoreo de la ejecucio\u0301n de Plan de Accio\u0301n en el periodo de declaratoria de alerta.<\/p><\/div><\/div><\/div><\/div><\/div>\n\t\t\t\t<\/div>\n\t\t\t\t<\/div>\n\t\t\t\t\t\t<\/div>\n\t\t\t\t\t<\/div>\n\t\t<\/div>\n\t\t\t\t\t\t\t\t<\/div>\n\t\t\t\t\t<\/div>\n\t\t<\/section>\n\t\t\t\t\t\t<\/div>\n\t\t\t\t\t\t<\/div>\n\t\t\t\t\t<\/div>\n\t\t","protected":false},"excerpt":{"rendered":"<p>2.1. Inicio del proceso El proceso para la declaratoria de alerta puede iniciarse por: a) Recomendacio\u0301n del SLIM en los municipios y la Direccio\u0301n o Unidad de Ge\u0301nero en las gobernaciones. b) Recomendacio\u0301n de la FELCV, la Fiscali\u0301a, o jueces o tribunales del sector. c) Solicitud de organizaciones o instituciones de la sociedad civil. d) &hellip;<\/p>\n<p class=\"read-more\"> <a class=\"\" href=\"https:\/\/alvi.centrojuanaazurduy.org\/index.php\/capitulo-ii-procedimiento-de-la-declaratoria-de-alerta\/\"> <span class=\"screen-reader-text\">Cap\u00edtulo II : PROCEDIMIENTO DE LA DECLARATORIA DE ALERTA<\/span> Leer m\u00e1s &raquo;<\/a><\/p>\n","protected":false},"author":1,"featured_media":0,"comment_status":"closed","ping_status":"closed","sticky":false,"template":"","format":"standard","meta":{"footnotes":""},"categories":[3],"tags":[],"class_list":["post-560","post","type-post","status-publish","format-standard","hentry","category-declaratoria-de-alerta"],"_links":{"self":[{"href":"https:\/\/alvi.centrojuanaazurduy.org\/index.php\/wp-json\/wp\/v2\/posts\/560","targetHints":{"allow":["GET"]}}],"collection":[{"href":"https:\/\/alvi.centrojuanaazurduy.org\/index.php\/wp-json\/wp\/v2\/posts"}],"about":[{"href":"https:\/\/alvi.centrojuanaazurduy.org\/index.php\/wp-json\/wp\/v2\/types\/post"}],"author":[{"embeddable":true,"href":"https:\/\/alvi.centrojuanaazurduy.org\/index.php\/wp-json\/wp\/v2\/users\/1"}],"replies":[{"embeddable":true,"href":"https:\/\/alvi.centrojuanaazurduy.org\/index.php\/wp-json\/wp\/v2\/comments?post=560"}],"version-history":[{"count":9,"href":"https:\/\/alvi.centrojuanaazurduy.org\/index.php\/wp-json\/wp\/v2\/posts\/560\/revisions"}],"predecessor-version":[{"id":4691,"href":"https:\/\/alvi.centrojuanaazurduy.org\/index.php\/wp-json\/wp\/v2\/posts\/560\/revisions\/4691"}],"wp:attachment":[{"href":"https:\/\/alvi.centrojuanaazurduy.org\/index.php\/wp-json\/wp\/v2\/media?parent=560"}],"wp:term":[{"taxonomy":"category","embeddable":true,"href":"https:\/\/alvi.centrojuanaazurduy.org\/index.php\/wp-json\/wp\/v2\/categories?post=560"},{"taxonomy":"post_tag","embeddable":true,"href":"https:\/\/alvi.centrojuanaazurduy.org\/index.php\/wp-json\/wp\/v2\/tags?post=560"}],"curies":[{"name":"wp","href":"https:\/\/api.w.org\/{rel}","templated":true}]}}