{"id":5036,"date":"2021-06-06T21:55:42","date_gmt":"2021-06-07T01:55:42","guid":{"rendered":"http:\/\/alvi.centrojuanaazurduy.org\/?p=5036"},"modified":"2021-06-07T16:02:20","modified_gmt":"2021-06-07T20:02:20","slug":"5-2-protocolos-de-atencion-juridica","status":"publish","type":"post","link":"https:\/\/alvi.centrojuanaazurduy.org\/index.php\/5-2-protocolos-de-atencion-juridica\/","title":{"rendered":"5.2. Protocolos de atenci\u00f3n jur\u00eddica"},"content":{"rendered":"\t\t<div data-elementor-type=\"wp-post\" data-elementor-id=\"5036\" class=\"elementor elementor-5036\" data-elementor-settings=\"[]\">\n\t\t\t\t\t\t<div class=\"elementor-inner\">\n\t\t\t\t\t\t\t<div class=\"elementor-section-wrap\">\n\t\t\t\t\t\t\t<section class=\"elementor-section elementor-top-section elementor-element elementor-element-7796ef4 elementor-section-boxed elementor-section-height-default elementor-section-height-default\" data-id=\"7796ef4\" data-element_type=\"section\">\n\t\t\t\t\t\t<div class=\"elementor-container elementor-column-gap-default\">\n\t\t\t\t\t\t\t<div class=\"elementor-row\">\n\t\t\t\t\t<div class=\"elementor-column elementor-col-100 elementor-top-column elementor-element elementor-element-50c67b8\" data-id=\"50c67b8\" data-element_type=\"column\">\n\t\t\t<div class=\"elementor-column-wrap elementor-element-populated\">\n\t\t\t\t\t\t\t<div class=\"elementor-widget-wrap\">\n\t\t\t\t\t\t<div class=\"elementor-element elementor-element-6c63949 elementor-widget elementor-widget-heading\" data-id=\"6c63949\" data-element_type=\"widget\" data-widget_type=\"heading.default\">\n\t\t\t\t<div class=\"elementor-widget-container\">\n\t\t\t<h2 class=\"elementor-heading-title elementor-size-default\">5.2. Protocolos de atenci\u00f3n jur\u00eddica<\/h2>\t\t<\/div>\n\t\t\t\t<\/div>\n\t\t\t\t\t\t<\/div>\n\t\t\t\t\t<\/div>\n\t\t<\/div>\n\t\t\t\t\t\t\t\t<\/div>\n\t\t\t\t\t<\/div>\n\t\t<\/section>\n\t\t\t\t<section class=\"elementor-section elementor-top-section elementor-element elementor-element-70ef727 elementor-section-boxed elementor-section-height-default elementor-section-height-default\" data-id=\"70ef727\" data-element_type=\"section\">\n\t\t\t\t\t\t<div class=\"elementor-container elementor-column-gap-default\">\n\t\t\t\t\t\t\t<div class=\"elementor-row\">\n\t\t\t\t\t<div class=\"elementor-column elementor-col-100 elementor-top-column elementor-element elementor-element-1d23c21\" data-id=\"1d23c21\" data-element_type=\"column\">\n\t\t\t<div class=\"elementor-column-wrap elementor-element-populated\">\n\t\t\t\t\t\t\t<div class=\"elementor-widget-wrap\">\n\t\t\t\t\t\t<div class=\"elementor-element elementor-element-2910a68 elementor-widget elementor-widget-heading\" data-id=\"2910a68\" data-element_type=\"widget\" data-widget_type=\"heading.default\">\n\t\t\t\t<div class=\"elementor-widget-container\">\n\t\t\t<h3 class=\"elementor-heading-title elementor-size-default\">5.2.1. Derecho penal<\/h3>\t\t<\/div>\n\t\t\t\t<\/div>\n\t\t\t\t\t\t<\/div>\n\t\t\t\t\t<\/div>\n\t\t<\/div>\n\t\t\t\t\t\t\t\t<\/div>\n\t\t\t\t\t<\/div>\n\t\t<\/section>\n\t\t\t\t<section class=\"elementor-section elementor-top-section elementor-element elementor-element-564cfa5 elementor-section-boxed elementor-section-height-default elementor-section-height-default\" data-id=\"564cfa5\" data-element_type=\"section\">\n\t\t\t\t\t\t<div class=\"elementor-container elementor-column-gap-default\">\n\t\t\t\t\t\t\t<div class=\"elementor-row\">\n\t\t\t\t\t<div class=\"elementor-column elementor-col-100 elementor-top-column elementor-element elementor-element-7f8b2ef\" data-id=\"7f8b2ef\" data-element_type=\"column\">\n\t\t\t<div class=\"elementor-column-wrap elementor-element-populated\">\n\t\t\t\t\t\t\t<div class=\"elementor-widget-wrap\">\n\t\t\t\t\t\t<div class=\"elementor-element elementor-element-24f2461 elementor-widget elementor-widget-text-editor\" data-id=\"24f2461\" data-element_type=\"widget\" data-widget_type=\"text-editor.default\">\n\t\t\t\t<div class=\"elementor-widget-container\">\n\t\t\t\t\t<div class=\"elementor-text-editor elementor-clearfix\"><div title=\"Page 31\">\n<table cellspacing=\"0\" cellpadding=\"0\">\n<tbody>\n<tr>\n<td colspan=\"2\" valign=\"top\">\n<h5><p style=\"text-align: center;\"><span style=\"color: #43358b; font-family: Ubuntu; font-size: medium;\"><b>Abandono de familia<\/b><\/span><\/p><\/h5>\n<\/td>\n<\/tr>\n<tr>\n<td valign=\"top\">\n<div title=\"Page 89\">\n<div>\n<div>\n<div>\n\nTipo penal\n\n<\/div>\n<\/div>\n<\/div>\n<\/div><\/td>\n<td valign=\"top\">\n<div title=\"Page 89\">\n<div>\n<div>\n<div>\n\n\u201cEl que sin justa causa no cumpliere las obligaciones de sustento, habitacio\u0301n, vestido, educacio\u0301n y asistencia inherentes a la autoridad de los padres, tutela o condicio\u0301n de co\u0301nyuge o conviviente, o abandonare el domicilio familiar o se substrajere al cumplimiento de las indicadas obligaciones, sera\u0301 sancionado con reclusio\u0301n de seis (6) meses a dos (2) an\u0303os o multa de cien (100) a cuatrocientos (400) di\u0301as.\n\n<\/div>\n<\/div>\n<div>\n<div>\n\nEn la misma pena incurrira\u0301 el que no prestare asistencia o no subviniere a las necesidades esenciales de sus ascendientes o descendientes mayores incapacitados, o dejare de cumplir, teniendo medios econo\u0301micos, una prestacio\u0301n alimentaria legalmente impuesta\u201d. <b>Art. 248 Co\u0301digo Penal.<\/b>\n\n<\/div>\n<\/div>\n<\/div>\n<\/div><\/td>\n<\/tr>\n<tr>\n<td valign=\"top\">\n<div class=\"page\" title=\"Page 89\">\n<div class=\"section\">\n<div class=\"layoutArea\">\n<div class=\"column\">\n\nTipo de accio\u0301n\n\n<\/div>\n<\/div>\n<\/div>\n<\/div><\/td>\n<td valign=\"top\">\n<div class=\"page\" title=\"Page 89\">\n<div class=\"section\">\n<div class=\"layoutArea\">\n<div class=\"column\">\n\nEs de accio\u0301n pu\u0301blica a instancia de parte.\n\n<\/div>\n<\/div>\n<\/div>\n<\/div><\/td>\n<\/tr>\n<tr>\n<td valign=\"top\">\n<div class=\"page\" title=\"Page 89\">\n<div class=\"section\">\n<div class=\"layoutArea\">\n<div class=\"column\">\n\nSujetos facultados para ejercer la accio\u0301n\n\n<\/div>\n<\/div>\n<\/div>\n<\/div><\/td>\n<td valign=\"top\">\n<div class=\"page\" title=\"Page 89\">\n<div class=\"section\">\n<div class=\"layoutArea\">\n<div class=\"column\">\n\nLa vi\u0301ctima y el Ministerio Pu\u0301blico a sola denuncia de e\u0301sta, Arts. 17 y 19 del Co\u0301digo de Procedimiento Penal.\n\n<\/div>\n<\/div>\n<\/div>\n<\/div><\/td>\n<\/tr>\n<tr>\n<td valign=\"top\">\n<div class=\"page\" title=\"Page 89\">\n<div class=\"section\">\n<div class=\"layoutArea\">\n<div class=\"column\">\n\nCompetencia\n\n<\/div>\n<\/div>\n<\/div>\n<\/div><\/td>\n<td valign=\"top\">\n<div class=\"page\" title=\"Page 89\">\n<div class=\"section\">\n<div class=\"layoutArea\">\n<div class=\"column\">\n\nEs competente el Juzgado de Instruccio\u0301n en Materia de Violencia contra las Mujeres y el Juzgado de Sentencia en Materia de Violencia contra las Mujeres Art. 72, 72 bis de la Ley No 025 Ley del O\u0301rgano Judicial, en relacio\u0301n al Art. 53 del Co\u0301digo de Procedimiento Penal.\n\n<\/div>\n<\/div>\n<\/div>\n<\/div><\/td>\n<\/tr>\n<tr>\n<td valign=\"top\">\n<div class=\"page\" title=\"Page 89\">\n<div class=\"section\">\n<div class=\"layoutArea\">\n<div class=\"column\">\n\nPrescripcio\u0301n de\u00a0<span style=\"font-size: 16px; font-family: inherit;\">la accio\u0301n<\/span>\n\n<\/div>\n<\/div>\n<\/div>\n<\/div><\/td>\n<td valign=\"top\">\n<div class=\"page\" title=\"Page 89\">\n<div class=\"section\">\n<div class=\"layoutArea\">\n<div class=\"column\">\n\nPrescribe a los tres an\u0303os, te\u0301rmino que corre a partir de la media noche de la comisio\u0301n del hecho o desde el mo<span style=\"font-size: 16px; font-family: inherit;\">mento en que se cometio\u0301 el delito, o ceso\u0301 su consumacio\u0301n. Arts. 29-3), 30 del Co\u0301digo de Procedimiento Penal.<\/span>\n\n<\/div>\n<\/div>\n<\/div>\n<\/div><\/td>\n<\/tr>\n<tr>\n<td valign=\"top\">\n<div class=\"page\" title=\"Page 89\">\n<div class=\"section\">\n<div class=\"layoutArea\">\n<div class=\"column\">\n\nDuracio\u0301n del proceso\n\n<\/div>\n<\/div>\n<\/div>\n<\/div><\/td>\n<td valign=\"top\">\n<div class=\"page\" title=\"Page 89\">\n<div class=\"section\">\n<div class=\"layoutArea\">\n<div class=\"column\">\n\nMa\u0301xima de tres an\u0303os.\n\n<\/div>\n<\/div>\n<\/div>\n<\/div><\/td>\n<\/tr>\n<tr>\n<td valign=\"top\">\n<div class=\"page\" title=\"Page 89\">\n<div class=\"section\">\n<div class=\"layoutArea\">\n<div class=\"column\">\n\nRecursos\n\n<\/div>\n<\/div>\n<\/div>\n<\/div><\/td>\n<td valign=\"top\">\n<div class=\"page\" title=\"Page 89\">\n<div class=\"section\">\n<div class=\"layoutArea\">\n<div class=\"column\">\n\n<strong>Recurso de Apelacio\u0301n Restringida:<\/strong>\n\nLa sentencia emitida puede ser apelada siempre que se haya realizado la reserva de la misma en la substanciacio\u0301n del juicio, en el te\u0301rmino de 15 di\u0301as. Arts. 407-415 en relacio\u0301n al Art. 130 del Co\u0301digo de Procedimiento Penal.\n\n<strong>Recurso de Casacio\u0301n:<\/strong>\n\nEl Auto de Vista puede ser recurrido cuando existen Autos de Vista contradictorios sobre una situacio\u0301n similar: en relacio\u0301n al sentido juri\u0301dico, la aplicacio\u0301n de las normas y su alcance, se debe invocar el precedente contradictorio en el te\u0301rmino de 5 di\u0301as de notificado con el Auto de Vista. Arts. 416-420 en relacio\u0301n al Art. 130 del Co\u0301digo de Procedimiento Penal.\n\n<\/div>\n<\/div>\n<\/div>\n<\/div><\/td>\n<\/tr>\n<tr>\n<td valign=\"top\">\n<div class=\"page\" title=\"Page 89\">\n<div class=\"section\">\n<div class=\"layoutArea\">\n<div class=\"column\">\n\nBase legal\n\n<\/div>\n<\/div>\n<\/div>\n<\/div><\/td>\n<td valign=\"top\">\n<div class=\"page\" title=\"Page 89\">\n<div class=\"section\">\n<div class=\"layoutArea\">\n<div class=\"column\">\n<ul>\n \t<li>Arts. 16-I), 18-I), 19-I), 62, 64 Constitucio\u0301n Poli\u0301tica del Estado.<\/li>\n \t<li>Art. 248 Co\u0301digo Penal.<\/li>\n \t<li>Arts. 17, 19, 29-3), 30, 36, 277-371, 373, 374, 382-388 Co\u0301digo de Procedimiento Penal.<\/li>\n \t<li>Ley No 1173, Ley de Abreviacio\u0301n Procesal Penal y Fortalecimiento de la Lucha Integral contra la Violencia a\u00a0<span style=\"font-size: 16px; font-family: inherit;\">Nin\u0303as, Nin\u0303os, Adolescentes y Mujeres.<\/span><\/li>\n<\/ul>\n<\/div>\n<\/div>\n<div class=\"layoutArea\">\n<div class=\"column\">\n<ul>\n \t<li>Arts. 6,7 Declaracio\u0301n Universal de Derechos Humanos.<\/li>\n \t<li>Arts. 8-2), 17 Pacto de San Jose\u0301 de Costa Rica, Ley N\u00b0 1430.<\/li>\n \t<li>Art. 23 Pacto Internacional de Derechos Civiles y Poli\u0301ticos, D.S. 18950.<\/li>\n<\/ul>\n<\/div>\n<\/div>\n<\/div>\n<\/div><\/td>\n<\/tr>\n<tr>\n<td valign=\"top\">\n<div class=\"page\" title=\"Page 89\">\n<div class=\"section\">\n<div class=\"layoutArea\">\n<div class=\"column\">\n\nRecomendaciones a tomar en cuenta por la\/el abogada(o)\n\n<\/div>\n<\/div>\n<\/div>\n<\/div><\/td>\n<td valign=\"top\">\n<div class=\"page\" title=\"Page 89\">\n<div class=\"section\">\n<div class=\"layoutArea\">\n<div class=\"column\">\n<ol>\n \t<li>Todo acto de violencia en contra de las mujeres recibido en el servicio, debe ser denunciado en la Fuerza Especial de Lucha Contra la Violencia y\/o en el Ministerio Pu\u0301blico que son entidades pu\u0301blicas que funcionan las 24 hrs. del di\u0301a y los 365 di\u0301as del an\u0303o.<\/li>\n \t<li><span style=\"font-size: 16px; font-family: inherit;\">En caso de delitos en contra de mujeres vinculados a distintas formas de violencia se aplicara\u0301 el procedimiento previsto en Ti\u0301tulo VI \u201cProcedimiento Especial para casos de Violencia contra Nin\u0303as, Nin\u0303os, Adolescentes o Mujeres\u201c (Art. 393 septier al 393 duoter del Co\u0301digo de Procedimiento Penal) y procedimiento de establecido por la Ley No 348 en sus Arts. 86 al 100.<\/span><\/li>\n \t<li><span style=\"font-size: 16px; font-family: inherit;\">Las notificaciones sera\u0301n realizadasa trave\u0301s \u00a0de laOficina \u00a0Gestora deProcesos mediante \u00a0el Buzo\u0301n de Notificaciones de Ciudadani\u0301a Digital, excepto las notificaciones que deben ser realizadas de manera personal. En caso no existir la tecnologi\u0301a las notificaciones sera\u0301n realizadas en el domicilio procesal sen\u0303alado por las partes.<\/span><\/li>\n \t<li><span style=\"font-size: 16px; font-family: inherit;\">A tiempo de plantear la denuncia se debe solicitar las medidas de proteccio\u0301n establecidas por el Art. 35 Ley No 348 y las medidas de proteccio\u0301n especiales establecidas por los Arts. 389 al 389 quinquies del Co\u0301digo de Procedimiento Penal, que correspondan al caso.<\/span><\/li>\n \t<li><span style=\"font-size: 16px; font-family: inherit;\">Se debe tomar en cuenta que las medidas de proteccio\u0301n especiales podra\u0301n ser dispuestas, ratificadas o modificadas por los tribunales y jueces competentes en cualquier etapa del proceso penal.<\/span><\/li>\n \t<li><span style=\"font-size: 16px; font-family: inherit;\">Las medidas \u00a0de proteccio\u0301n especiales podra\u0301n ser dispuestas por la o el fiscal, funcionario policial \u00a0o cualquier otra autoridad prevista para la atencio\u0301n a mujeres en situacio\u0301n de violencia, tomando en cuenta lo establecido por los Arts. 389 ter, 389 quarter, 389 quinquies.<\/span><\/li>\n \t<li><span style=\"font-size: 16px; font-family: inherit;\">Junto con la denuncia y\/o querella, se tiene que adjuntar toda la prueba que se pueda obtener o indicar do\u0301nde puede ser habida; y el informe psicolo\u0301gico.<\/span><\/li>\n \t<li><span style=\"font-family: inherit; font-size: 16px;\">Expli\u0301citamente se prohi\u0301be la revictimizacio\u0301n en todas las etapas del Proceso Penal, Art. 393 octer.<\/span><\/li>\n \t<li><span style=\"font-size: 16px; font-family: inherit;\">En la obtencio\u0301n de la prueba se debe tomar en cuenta los requisitos de forma y fondo establecidos por el Co\u0301digo de Procedimiento Penal para su ofrecimiento, introduccio\u0301n y produccio\u0301n en juicio oral, conforme esta<\/span><span style=\"font-size: 16px; font-family: inherit;\">blecen los Arts. 13, 171 del Co\u0301digo de Procedimiento Penal y el Art. -2) Pacto de San Jose\u0301 de Costa Rica.<\/span><\/li>\n \t<li><span style=\"font-size: 16px; font-family: inherit;\">Se debe observar toda la prueba presentada por la parte contraria y objetarla en la vi\u0301a incidental, siempre y\u00a0<\/span><span style=\"font-size: 16px; font-family: inherit;\">cuando no cumpla los requisitos legales.<\/span><\/li>\n \t<li><span style=\"font-size: 16px; font-family: inherit;\">En caso de incumplimiento reiterado por parte del obligado de una asistencia familiar fijada ante juez com<\/span><span style=\"font-size: 16px; font-family: inherit;\">petente las liquidaciones de pensiones y los mandamientos de apremios expedidos se constituyen en prueba\u00a0<\/span><span style=\"font-size: 16px; font-family: inherit;\">pre constituida para el presente proceso.<\/span><\/li>\n \t<li><span style=\"font-size: 16px; font-family: inherit;\">Iniciada la accio\u0301n, se puede optar por una salida alternativa, prevista en los Arts. 21, 23, 27-7), 373 del Co\u0301digo\u00a0<\/span><span style=\"font-size: 16px; font-family: inherit;\">de Procedimiento Penal.<\/span><\/li>\n \t<li><span style=\"font-size: 16px; font-family: inherit;\">Se debe considerar, si es el primer delito del imputado luego de la sentencia puede acogerse al Perdo\u0301n Judi<\/span><span style=\"font-size: 16px; font-family: inherit;\">cial, cuando la condena sea de dos an\u0303os.<\/span><\/li>\n<\/ol>\n<\/div>\n<\/div>\n<\/div>\n<\/div><\/td>\n<\/tr>\n<\/tbody>\n<\/table>\n<\/div><\/div>\n\t\t\t\t<\/div>\n\t\t\t\t<\/div>\n\t\t\t\t\t\t<\/div>\n\t\t\t\t\t<\/div>\n\t\t<\/div>\n\t\t\t\t\t\t\t\t<\/div>\n\t\t\t\t\t<\/div>\n\t\t<\/section>\n\t\t\t\t<section class=\"elementor-section elementor-top-section elementor-element elementor-element-845a366 elementor-section-boxed elementor-section-height-default elementor-section-height-default\" data-id=\"845a366\" data-element_type=\"section\">\n\t\t\t\t\t\t<div class=\"elementor-container elementor-column-gap-default\">\n\t\t\t\t\t\t\t<div class=\"elementor-row\">\n\t\t\t\t\t<div class=\"elementor-column elementor-col-100 elementor-top-column elementor-element elementor-element-5bae2a9\" data-id=\"5bae2a9\" data-element_type=\"column\">\n\t\t\t<div class=\"elementor-column-wrap elementor-element-populated\">\n\t\t\t\t\t\t\t<div class=\"elementor-widget-wrap\">\n\t\t\t\t\t\t<div class=\"elementor-element elementor-element-dd73ce0 elementor-widget elementor-widget-text-editor\" data-id=\"dd73ce0\" data-element_type=\"widget\" data-widget_type=\"text-editor.default\">\n\t\t\t\t<div class=\"elementor-widget-container\">\n\t\t\t\t\t<div class=\"elementor-text-editor elementor-clearfix\"><div title=\"Page 31\"><table cellspacing=\"0\" cellpadding=\"0\"><tbody><tr><td colspan=\"2\" valign=\"top\"><h5 style=\"text-align: center;\"><span style=\"color: #43358b; font-family: Ubuntu; font-size: medium;\"><b>Abandono de mujer embarazada<\/b><\/span><\/h5><\/td><\/tr><tr><td valign=\"top\"><div title=\"Page 89\"><div><div><div><p>Tipo penal<\/p><\/div><\/div><\/div><\/div><\/td><td valign=\"top\"><div title=\"Page 89\"><div><div><div><span style=\"font-size: 16px; font-family: inherit;\">\u201cEl que fuera de matrimonio hubiere embarazado a una mujer y la abandonare sin prestarle la asistencia necesaria, sera\u0301 sancionado con reclusio\u0301n de seis (6) meses a tres (3) an\u0303os.<\/span><\/div><\/div><div><div><div class=\"page\" title=\"Page 90\"><div class=\"section\"><div class=\"layoutArea\"><div class=\"column\"><p>La pena sera\u0301 de privacio\u0301n de libertad de uno (1) a cinco (5) an\u0303os, si a consecuencia del abandono la mujer cometiere un delito de aborto, infanticidio, exposicio\u0301n o abandono del recie\u0301n nacido, o se suicidare\u201d. <strong>Art. 250 Co\u0301digo Penal.<\/strong><\/p><\/div><\/div><\/div><\/div><\/div><\/div><\/div><\/div><\/td><\/tr><tr><td valign=\"top\"><div class=\"page\" title=\"Page 89\"><div class=\"section\"><div class=\"layoutArea\"><div class=\"column\"><p>Tipo de accio\u0301n<\/p><\/div><\/div><\/div><\/div><\/td><td valign=\"top\"><div class=\"page\" title=\"Page 89\"><div class=\"section\"><div class=\"layoutArea\"><div class=\"column\"><div class=\"page\" title=\"Page 90\"><div class=\"section\"><div class=\"layoutArea\"><div class=\"column\"><p>Es de accio\u0301n pu\u0301blica a instancia de parte.<\/p><\/div><\/div><\/div><\/div><\/div><\/div><\/div><\/div><\/td><\/tr><tr><td valign=\"top\"><div class=\"page\" title=\"Page 89\"><div class=\"section\"><div class=\"layoutArea\"><div class=\"column\"><p>Sujetos facultados para ejercer la accio\u0301n<\/p><\/div><\/div><\/div><\/div><\/td><td valign=\"top\"><div class=\"page\" title=\"Page 89\"><div class=\"section\"><div class=\"layoutArea\"><div class=\"column\"><div class=\"page\" title=\"Page 90\"><div class=\"section\"><div class=\"layoutArea\"><div class=\"column\"><p>La vi\u0301ctima y el Ministerio Pu\u0301blico a sola denuncia de e\u0301sta, Arts. 17 y 19 del Co\u0301digo de Procedimiento Penal.<\/p><\/div><\/div><\/div><\/div><\/div><\/div><\/div><\/div><\/td><\/tr><tr><td valign=\"top\"><div class=\"page\" title=\"Page 89\"><div class=\"section\"><div class=\"layoutArea\"><div class=\"column\"><p>Competencia<\/p><\/div><\/div><\/div><\/div><\/td><td valign=\"top\"><div class=\"page\" title=\"Page 89\"><div class=\"section\"><div class=\"layoutArea\"><div class=\"column\"><div class=\"page\" title=\"Page 90\"><div class=\"section\"><div class=\"layoutArea\"><div class=\"column\"><p>Es competente el Juzgado de Instruccio\u0301n en Materia de Violencia contra las Mujeres y el Juzgado de Sentencia en Materia de Violencia contra las Mujeres Art. 72, 72 bis de la Ley No 025 Ley del O\u0301rgano Judicial, en relacio\u0301n al Art. 53 del Co\u0301digo de Procedimiento Penal.<\/p><\/div><\/div><\/div><\/div><\/div><\/div><\/div><\/div><\/td><\/tr><tr><td valign=\"top\"><div class=\"page\" title=\"Page 89\"><div class=\"section\"><div class=\"layoutArea\"><div class=\"column\"><p>Prescripcio\u0301n de\u00a0<span style=\"font-size: 16px; font-family: inherit;\">la accio\u0301n<\/span><\/p><\/div><\/div><\/div><\/div><\/td><td valign=\"top\"><div class=\"page\" title=\"Page 89\"><div class=\"section\"><div class=\"layoutArea\"><div class=\"column\"><div class=\"page\" title=\"Page 90\"><div class=\"section\"><div class=\"layoutArea\"><div class=\"column\"><p>En relacio\u0301n a la primera parte del tipo penal prescribe a los tres an\u0303os y en la segunda parte a los cinco an\u0303os, te\u0301rmino que corre a partir de la media noche de la comisio\u0301n del hecho o desde el momento en que se cometio\u0301 el delito o ceso\u0301 su consumacio\u0301n. Arts. 29-2), 3) y 30 del Co\u0301digo de Procedimiento Penal.<\/p><\/div><\/div><\/div><\/div><\/div><\/div><\/div><\/div><\/td><\/tr><tr><td valign=\"top\"><div class=\"page\" title=\"Page 89\"><div class=\"section\"><div class=\"layoutArea\"><div class=\"column\"><p>Duracio\u0301n del proceso<\/p><\/div><\/div><\/div><\/div><\/td><td valign=\"top\"><div class=\"page\" title=\"Page 89\"><div class=\"section\"><div class=\"layoutArea\"><div class=\"column\"><div class=\"page\" title=\"Page 90\"><div class=\"section\"><div class=\"layoutArea\"><div class=\"column\"><p>Ma\u0301xima de tres an\u0303os.<\/p><\/div><\/div><\/div><\/div><\/div><\/div><\/div><\/div><\/td><\/tr><tr><td valign=\"top\"><div class=\"page\" title=\"Page 89\"><div class=\"section\"><div class=\"layoutArea\"><div class=\"column\"><p>Recursos<\/p><\/div><\/div><\/div><\/div><\/td><td valign=\"top\"><div class=\"page\" title=\"Page 89\"><div class=\"section\"><div class=\"layoutArea\"><div class=\"column\"><div class=\"page\" title=\"Page 90\"><div class=\"section\"><div class=\"layoutArea\"><div class=\"column\"><p><strong>Recurso de Apelacio\u0301n Restringida:<\/strong><\/p><p>La sentencia emitida puede ser apelada siempre que se haya realizado la reserva de la misma en la substanciacio\u0301n del juicio, en el te\u0301rmino de 15 di\u0301as. Arts. 407-415 en relacio\u0301n al Art. 130 del Co\u0301digo de Procedimiento Penal.<\/p><p><strong>Recurso de Casacio\u0301n:<\/strong><\/p><p>El Auto de Vista puede ser recurrido cuando existen Autos de Vista contradictorios sobre una situacio\u0301n similar: en relacio\u0301n al sentido juri\u0301dico, la aplicacio\u0301n de las normas y su alcance, se debe invocar el precedente contradictorio en el te\u0301rmino de 5 di\u0301as de notificado con el Auto de Vista. Arts. 416-420 en relacio\u0301n al Art. 130 del Co\u0301digo de Procedimiento Penal.<\/p><\/div><\/div><\/div><\/div><\/div><\/div><\/div><\/div><\/td><\/tr><tr><td valign=\"top\"><div class=\"page\" title=\"Page 89\"><div class=\"section\"><div class=\"layoutArea\"><div class=\"column\"><p>Base legal<\/p><\/div><\/div><\/div><\/div><\/td><td valign=\"top\"><div class=\"page\" title=\"Page 91\"><div class=\"section\"><div class=\"layoutArea\"><div class=\"column\"><ul><li><p>Arts. 15-I), II) Constitucio\u0301n Poli\u0301tica del Estado.<\/p><\/li><li><p>Art. 250 Co\u0301digo Penal.<\/p><\/li><li><p>Arts. 17, 19, 29-3), 30, 36, 277-371, 373-374, 382-388 Co\u0301digo de Procedimiento Penal.<\/p><\/li><li><p>Ley No 1173, Ley de Abreviacio\u0301n Procesal Penal y Fortalecimiento de la Lucha Integral contra la Violencia a\u00a0<span style=\"font-size: 16px; font-family: inherit;\">Nin\u0303as, Nin\u0303os, Adolescentes y Mujeres.<\/span><\/p><\/li><\/ul><\/div><\/div><div class=\"layoutArea\"><div class=\"column\"><ul><li><p>Arts. 3, 8 Declaracio\u0301n Universal de Derechos Humanos.<\/p><\/li><li><p>Art. 4, 8-2) Pacto de San Jose\u0301 de Costa Rica, Ley N\u00b0 1430.<\/p><\/li><\/ul><\/div><\/div><\/div><\/div><\/td><\/tr><tr><td valign=\"top\"><div class=\"page\" title=\"Page 89\"><div class=\"section\"><div class=\"layoutArea\"><div class=\"column\"><p>Recomendaciones a tomar en cuenta por la\/el abogada(o)<\/p><\/div><\/div><\/div><\/div><\/td><td valign=\"top\"><div class=\"page\" title=\"Page 91\"><div class=\"section\"><div class=\"layoutArea\"><div class=\"column\"><ol><li>Todo acto de violencia en contra de las mujeres, debe ser denunciado en la Fuerza Especial de Lucha Contra la Violencia y\/o en el Ministerio Pu\u0301blico que son entidades pu\u0301blicas que funcionan las 24 hrs. del di\u0301a y los 365 di\u0301as del an\u0303o.<\/li><li><span style=\"font-size: 16px; font-family: inherit;\">En caso de delitos en contra de mujeres vinculados a distintas formas de violencia se aplicara\u0301 el procedimiento previsto en Ti\u0301tulo VI \u201cProcedimiento Especial para casos de Violencia contra Nin\u0303as, Nin\u0303os, Adolescentes o Mujeres\u201c (Art. 393 septier al 393 duoter del Co\u0301digo de Procedimiento Penal) y procedimiento de establecido por la Ley No 348 en sus Arts. 86 al 100.<\/span><\/li><li><span style=\"font-size: 16px; font-family: inherit;\">Las notificaciones sera\u0301n realizadas a trave\u0301s de la Oficina Gestora de \u00a0Procesos mediante el Buzo\u0301n de Notificaciones de Ciudadani\u0301a Digital, excepto las notificaciones que deben ser realizadas de manera personal. En caso no existir la tecnologi\u0301a las notificaciones sera\u0301n realizadas en el domicilio procesal sen\u0303alado por las partes.<\/span><\/li><li><span style=\"font-size: 16px; font-family: inherit;\">Junto con la denuncia y\/o querella, se tiene que adjuntar toda la prueba que se pueda obtener o indicar do\u0301nde puede ser habida. Adema\u0301s, el informe psicolo\u0301gico.<\/span><\/li><li><span style=\"font-size: 16px; font-family: inherit;\">A tiempo de plantear la denuncia se debe solicitar las medidas de proteccio\u0301n establecidas por el Art. 35 Ley No 348 y las medidas de proteccio\u0301n especiales establecidas por los Arts. 389 al 389 quinquies del Co\u0301digo de Procedimiento Penal, que correspondan al caso.<\/span><\/li><li><span style=\"font-size: 16px; font-family: inherit;\">Se debe tomar en cuenta que las medidas de proteccio\u0301n especiales podra\u0301n \u00a0ser dispuestas, ratificadas o modificadas por los tribunales y jueces competentes en cualquier etapa del proceso penal.<\/span><\/li><li><span style=\"font-size: 16px; font-family: inherit;\">Las medidas de proteccio\u0301n especiales podra\u0301n ser dispuestas por \u00a0la o el fiscal, funcionario policial o cualquier otra autoridad prevista para la atencio\u0301n a mujeres en situacio\u0301n de violencia, tomando en cuenta lo establecido por los Arts. 389 ter, 389 quarter, 389 quinquies.<\/span><\/li><li><span style=\"font-size: 16px; font-family: inherit;\">Expli\u0301citamente se prohi\u0301be la revictimizacio\u0301n en todas las etapas del Proceso Penal, Art. 393 octer.<\/span><\/li><li><span style=\"font-size: 16px; font-family: inherit;\">En la obtencio\u0301n de la prueba se debe tomar en cuenta los requisitos de forma y fondo establecidos por el Co\u0301digo de Procedimiento Penal para su ofrecimiento, introduccio\u0301n y produccio\u0301n en juicio oral, conforme esta<\/span><span style=\"font-size: 16px; font-family: inherit;\">blecen los Arts. 13, 171 del Co\u0301digo de Procedimiento Penal y el Art. 8 -2) Pacto de San Jose\u0301 de Costa Rica.<\/span><\/li><li><span style=\"font-size: 16px; font-family: inherit;\">Se debe observar toda la prueba presentada por la parte contraria y objetarla en la vi\u0301a incidental, siempre y\u00a0<\/span><span style=\"font-size: 16px; font-family: inherit;\">cuando no cumpla los requisitos legales.<\/span><\/li><li><span style=\"font-size: 16px; font-family: inherit;\">Iniciada la accio\u0301n, se puede optar por una salida alternativa, prevista en los Arts. 21, 23, 27-7), 373 del Co\u0301digo\u00a0<\/span><span style=\"font-size: 16px; font-family: inherit;\">de Procedimiento Penal.<\/span><\/li><li><span style=\"font-size: 16px; font-family: inherit;\">Se debe considerar, si es el primer delito del imputado luego de la sentencia puede acogerse al Perdo\u0301n Judi<\/span><span style=\"font-size: 16px; font-family: inherit;\">cial, cuando la condena sea de dos an\u0303os.<\/span><\/li><\/ol><\/div><\/div><\/div><\/div><\/td><\/tr><\/tbody><\/table><\/div><\/div>\n\t\t\t\t<\/div>\n\t\t\t\t<\/div>\n\t\t\t\t\t\t<\/div>\n\t\t\t\t\t<\/div>\n\t\t<\/div>\n\t\t\t\t\t\t\t\t<\/div>\n\t\t\t\t\t<\/div>\n\t\t<\/section>\n\t\t\t\t<section class=\"elementor-section elementor-top-section elementor-element elementor-element-76f6b2f elementor-section-boxed elementor-section-height-default elementor-section-height-default\" data-id=\"76f6b2f\" data-element_type=\"section\">\n\t\t\t\t\t\t<div class=\"elementor-container elementor-column-gap-default\">\n\t\t\t\t\t\t\t<div class=\"elementor-row\">\n\t\t\t\t\t<div class=\"elementor-column elementor-col-100 elementor-top-column elementor-element elementor-element-6df13d9\" data-id=\"6df13d9\" data-element_type=\"column\">\n\t\t\t<div class=\"elementor-column-wrap elementor-element-populated\">\n\t\t\t\t\t\t\t<div class=\"elementor-widget-wrap\">\n\t\t\t\t\t\t<div class=\"elementor-element elementor-element-b602bd5 elementor-widget elementor-widget-text-editor\" data-id=\"b602bd5\" data-element_type=\"widget\" data-widget_type=\"text-editor.default\">\n\t\t\t\t<div class=\"elementor-widget-container\">\n\t\t\t\t\t<div class=\"elementor-text-editor elementor-clearfix\"><div title=\"Page 31\"><table cellspacing=\"0\" cellpadding=\"0\"><tbody><tr><td colspan=\"2\" valign=\"top\"><h5 style=\"text-align: center;\"><span style=\"color: #43358b; font-family: Ubuntu; font-size: medium;\"><b>Aborto forzado<\/b><\/span><\/h5><\/td><\/tr><tr><td valign=\"top\"><div title=\"Page 89\"><div><div><div><p>Tipo penal<\/p><\/div><\/div><\/div><\/div><\/td><td valign=\"top\"><div title=\"Page 89\"><div><div><span style=\"font-size: 16px; font-family: inherit;\">\u201cQuien mediante violencia fi\u0301sica, psicolo\u0301gica o sexual contra la mujer le causare un aborto, sera\u0301 sancionado con reclusio\u0301n de cuatro (4) a ocho (8) an\u0303os\u201d. Art. 267 Bis Co\u0301digo Penal.<\/span><\/div><\/div><\/div><\/td><\/tr><tr><td valign=\"top\"><div class=\"page\" title=\"Page 89\"><div class=\"section\"><div class=\"layoutArea\"><div class=\"column\"><p>Tipo de accio\u0301n<\/p><\/div><\/div><\/div><\/div><\/td><td valign=\"top\"><div class=\"page\" title=\"Page 89\"><div class=\"section\"><div class=\"layoutArea\"><div class=\"column\"><div class=\"page\" title=\"Page 91\"><div class=\"section\"><div class=\"layoutArea\"><div class=\"column\"><p>Es de accio\u0301n pu\u0301blica.<\/p><\/div><\/div><\/div><\/div><\/div><\/div><\/div><\/div><\/td><\/tr><tr><td valign=\"top\"><div class=\"page\" title=\"Page 89\"><div class=\"section\"><div class=\"layoutArea\"><div class=\"column\"><p>Sujetos facultados para ejercer la accio\u0301n<\/p><\/div><\/div><\/div><\/div><\/td><td valign=\"top\"><div class=\"page\" title=\"Page 89\"><div class=\"section\"><div class=\"layoutArea\"><div class=\"column\"><div class=\"page\" title=\"Page 91\"><div class=\"section\"><div class=\"layoutArea\"><div class=\"column\"><p>La vi\u0301ctima y el Ministerio Pu\u0301blico.<\/p><\/div><\/div><\/div><\/div><\/div><\/div><\/div><\/div><\/td><\/tr><tr><td valign=\"top\"><div class=\"page\" title=\"Page 89\"><div class=\"section\"><div class=\"layoutArea\"><div class=\"column\"><p>Competencia<\/p><\/div><\/div><\/div><\/div><\/td><td valign=\"top\"><div class=\"page\" title=\"Page 89\"><div class=\"section\"><div class=\"layoutArea\"><div class=\"column\"><div class=\"page\" title=\"Page 91\"><div class=\"section\"><div class=\"layoutArea\"><div class=\"column\"><p>Es competente el Juzgado de Instruccio\u0301n en Materia de Violencia contra las Mujeres y el Juzgado de Sentencia en Materia de Violencia contra las Mujeres Art. 72, 72 bis de la Ley No 025 Ley del O\u0301rgano Judicial, en relacio\u0301n al Art. 53 del Co\u0301digo de Procedimiento Penal.<\/p><\/div><\/div><\/div><\/div><\/div><\/div><\/div><\/div><\/td><\/tr><tr><td valign=\"top\"><div class=\"page\" title=\"Page 89\"><div class=\"section\"><div class=\"layoutArea\"><div class=\"column\"><p>Prescripcio\u0301n de\u00a0<span style=\"font-size: 16px; font-family: inherit;\">la accio\u0301n<\/span><\/p><\/div><\/div><\/div><\/div><\/td><td valign=\"top\"><div class=\"page\" title=\"Page 89\"><div class=\"section\"><div class=\"layoutArea\"><div class=\"column\"><div class=\"page\" title=\"Page 91\"><div class=\"section\"><div class=\"layoutArea\"><div class=\"column\"><p>Prescribe a los ocho an\u0303os, te\u0301rmino que corre a partir de la media noche de la comisio\u0301n del hecho o desde el momento en que se cometio\u0301 el delito, o ceso\u0301 su consumacio\u0301n. Arts. 29-1), 30 del Co\u0301digo de Procedimiento Penal. En casos de nin\u0303as y adolescentes el te\u0301rmino de la prescripcio\u0301n comenzara\u0301 a correr cuatro an\u0303os (4) despue\u0301s de que la vi\u0301ctima haya alcanzado la mayori\u0301a de edad. Art. 30 del Co\u0301digo de Procedimiento Penal.<\/p><\/div><\/div><\/div><\/div><\/div><\/div><\/div><\/div><\/td><\/tr><tr><td valign=\"top\"><div class=\"page\" title=\"Page 89\"><div class=\"section\"><div class=\"layoutArea\"><div class=\"column\"><p>Duracio\u0301n del proceso<\/p><\/div><\/div><\/div><\/div><\/td><td valign=\"top\"><div class=\"page\" title=\"Page 89\"><div class=\"section\"><div class=\"layoutArea\"><div class=\"column\"><div class=\"page\" title=\"Page 92\"><div class=\"section\"><div class=\"layoutArea\"><div class=\"column\"><p>Ma\u0301xima de tres an\u0303os.<\/p><\/div><\/div><\/div><\/div><\/div><\/div><\/div><\/div><\/td><\/tr><tr><td valign=\"top\"><div class=\"page\" title=\"Page 89\"><div class=\"section\"><div class=\"layoutArea\"><div class=\"column\"><p>Recursos<\/p><\/div><\/div><\/div><\/div><\/td><td valign=\"top\"><div class=\"page\" title=\"Page 89\"><div class=\"section\"><div class=\"layoutArea\"><div class=\"column\"><div class=\"page\" title=\"Page 92\"><div class=\"section\"><div class=\"layoutArea\"><div class=\"column\"><p><strong>Recurso de Apelacio\u0301n Restringida:<\/strong><\/p><p>La sentencia emitida puede ser apelada siempre que se haya realizado la reserva de la misma en la substanciacio\u0301n del juicio, en el te\u0301rmino de 15 di\u0301as. Arts. 407-415 en relacio\u0301n al Art. 130 del Co\u0301digo de Procedimiento Penal.<\/p><p><strong>Recurso de Casacio\u0301n:<\/strong><\/p><p>El Auto de Vista puede ser recurrido cuando existen Autos de Vista contradictorios sobre una situacio\u0301n similar: en relacio\u0301n al sentido juri\u0301dico, la aplicacio\u0301n de las normas y su alcance, se debe invocar el precedente contradictorio en el te\u0301rmino de 5 di\u0301as de notificado con el Auto de Vista. Arts. 416-420 en relacio\u0301n al Art. 130 del Co\u0301digo de Procedimiento Penal.<\/p><\/div><\/div><\/div><\/div><\/div><\/div><\/div><\/div><\/td><\/tr><tr><td valign=\"top\"><div class=\"page\" title=\"Page 89\"><div class=\"section\"><div class=\"layoutArea\"><div class=\"column\"><p>Base legal<\/p><\/div><\/div><\/div><\/div><\/td><td valign=\"top\"><div class=\"page\" title=\"Page 92\"><div class=\"section\"><div class=\"layoutArea\"><div class=\"column\"><ul><li><p>Arts. 15-II), 66 Constitucio\u0301n Poli\u0301tica del Estado.<\/p><\/li><li><p>Arts. 267 Bis. Co\u0301digo Penal.<\/p><\/li><li><p>Arts. 16, 17, 19, 29-3), 30, 36, 277-371, 373-374, 382-388, 393, 393 bis, 393 ter, 393 quater, 393 quinquer,\u00a0<span style=\"font-size: 16px; font-family: inherit;\">393 sexter Co\u0301digo de Procedimiento Penal.<\/span><\/p><\/li><\/ul><\/div><\/div><div class=\"layoutArea\"><div class=\"column\"><ul><li><p>Arts. 7-8),68, 86-100, de la Ley Integral para Garantizar a las Mujeres una Vida Libre de Violencia, Ley No 348.<\/p><\/li><li><p>Ley No 1173, Ley de Abreviacio\u0301n Procesal Penal y Fortalecimiento de la Lucha Integral contra la Violencia a\u00a0<span style=\"font-size: 16px; font-family: inherit;\">Nin\u0303as, Nin\u0303os, Adolescentes y Mujeres.<\/span><\/p><\/li><\/ul><\/div><\/div><div class=\"layoutArea\"><div class=\"column\"><ul><li><p>Arts. 1, 2, 3, Declaracio\u0301n Universal de los Derechos Humanos.<\/p><\/li><li><p>Arts. 4, 5, 8-2) Convencio\u0301n sobre Derechos Humanos. Pacto de San Jose\u0301 de Costa Rica. Ley No 1430.<\/p><\/li><li><p>Arts. 6, 7 Pacto Internacional de Derechos Civiles y Poli\u0301ticos, D.S. 18950.<\/p><\/li><li><p>Arts. 1, 2, 3 Convencio\u0301n Interamericana para Prevenir, Sancionar y Erradicar la Violencia contra la Mujer \u201cCon<span style=\"font-size: 16px; font-family: inherit;\">vencio\u0301n de Bele\u0301m do Para\u0301\u201d. Ley No 1599.<\/span><\/p><\/li><\/ul><\/div><\/div><\/div><\/div><\/td><\/tr><tr><td valign=\"top\"><div class=\"page\" title=\"Page 89\"><div class=\"section\"><div class=\"layoutArea\"><div class=\"column\"><p>Recomendaciones a tomar en cuenta por la\/el abogada(o)<\/p><\/div><\/div><\/div><\/div><\/td><td valign=\"top\"><div class=\"page\" title=\"Page 92\"><div class=\"section\"><div class=\"layoutArea\"><div class=\"column\"><ol><li>Todo acto de violencia en contra de las mujeres, debe ser denunciado en la Fuerza Especial de Lucha Contra la Violencia y\/o en el Ministerio Pu\u0301blico que son entidades pu\u0301blicas que funcionan las 24 hrs. del di\u0301a y los 365 di\u0301as del an\u0303o.<\/li><li><span style=\"font-size: 16px; font-family: inherit;\">En caso de delitos en contra mujeres vinculados a distintas formas de violencia se aplicara\u0301 el procedimiento previsto en Ti\u0301tulo VI \u201cProcedimiento Especial para casos de Violencia contra Nin\u0303as, Nin\u0303os, Adolescentes o Mujeres\u201c (Art. 393 septier al 393 duoter del Co\u0301digo de Procedimiento Penal) y procedimiento de establecido por la Ley No 348 en sus Arts. 86 al 100.<\/span><\/li><li><span style=\"font-size: 16px; font-family: inherit;\">En caso de flagrancia observar lo dispuesto por los Arts. 393, 393 Bis, 393 Ter, 393 quater, 393 quinquer, 393 sexter Co\u0301digo de Procedimiento Penal.<\/span><\/li><li><span style=\"font-size: 16px; font-family: inherit;\">Las notificaciones sera\u0301n realizadas a trave\u0301s de la Oficina Gestora de Procesos mediante el Buzo\u0301n de Notificaciones de Ciudadani\u0301a Digital, excepto las notificaciones que deben ser realizadas de manera personal. En caso no existir la tecnologi\u0301a las notificaciones sera\u0301n realizadas en el domicilio procesal sen\u0303alado por las partes.<\/span><\/li><li><span style=\"font-size: 16px; font-family: inherit;\">Junto con la denuncia y\/o querella, se tiene que adjuntar toda la prueba que se pueda obtener o indicar do\u0301nde puede ser habida. Adema\u0301s, el informe psicolo\u0301gico.<\/span><\/li><li><span style=\"font-size: 16px; font-family: inherit;\">A tiempo de plantear la denuncia se debe solicitar las medidas de proteccio\u0301n establecidas por el Art. 35 Ley No 348 y las medidas de proteccio\u0301n especiales establecidas por los Arts. 389 al 389 quinquies del Co\u0301digo de Procedimiento Penal, que correspondan al caso.<\/span><\/li><li><span style=\"font-size: 16px; font-family: inherit;\">Se debe tomar en cuenta que las medidas de proteccio\u0301n especiales podra\u0301n \u00a0ser dispuestas, ratificadas \u00a0o modificadas por los tribunales y jueces competentes en cualquier etapa del proceso penal.<\/span><\/li><li><span style=\"font-size: 16px; font-family: inherit;\">Expli\u0301citamente se prohi\u0301be la revictimizacio\u0301n en todas las etapas del Proceso Penal, Art. 393 octer.<\/span><\/li><li><span style=\"font-size: 16px; font-family: inherit;\">Las medidas de proteccio\u0301n especiales podra\u0301n ser dispuestas por la o el fiscal, funcionario policial o cualquier otra autoridad prevista para la atencio\u0301n a mujeres en situacio\u0301n de violencia, tomando en cuenta lo establecido\u00a0<\/span><span style=\"font-size: 16px; font-family: inherit;\">por los Arts. 389 ter, 389 quarter, 389 quinquies.<\/span><\/li><li><span style=\"font-size: 16px; font-family: inherit;\">Junto con la denuncia y\/o querella, se tiene que adjuntar toda la prueba que se pueda obtener o indicar do\u0301n<\/span><span style=\"font-size: 16px; font-family: inherit;\">de puede ser habida; y el informe psicolo\u0301gico.<\/span><\/li><li><span style=\"font-size: 16px; font-family: inherit;\">En la obtencio\u0301n de la prueba se debe tomar en cuenta los requisitos de forma y fondo establecidos por el\u00a0<\/span><span style=\"font-size: 16px; font-family: inherit;\">Co\u0301digo de Procedimiento Penal para su ofrecimiento, introduccio\u0301n y produccio\u0301n en juicio oral, conforme esta<\/span><span style=\"font-size: 16px; font-family: inherit;\">blecen los Arts. 13, 171 del Co\u0301digo de Procedimiento Penal y el Art. 8-2) Pacto de San Jose\u0301 de Costa Rica.<\/span><\/li><li><span style=\"font-size: 16px; font-family: inherit;\">Se debe observar toda la prueba presentada por la parte contraria y objetarla en la vi\u0301a incidental, siempre y\u00a0<\/span><span style=\"font-size: 16px; font-family: inherit;\">cuando no cumpla los requisitos legales.<\/span><\/li><li><span style=\"font-size: 16px; font-family: inherit;\">De acuerdo a las circunstancias ver la pertinencia de aceptar un procedimiento abreviado. Art. 373 Co\u0301digo de\u00a0<\/span><span style=\"font-size: 16px; font-family: inherit;\">Procedimiento Penal.<\/span><\/li><li><span style=\"font-size: 16px; font-family: inherit;\">Se debe tomar en cuenta la agravante establecida por el Art. 272 del Co\u0301digo Penal.<\/span><\/li><\/ol><\/div><\/div><\/div><\/div><\/td><\/tr><\/tbody><\/table><\/div><\/div>\n\t\t\t\t<\/div>\n\t\t\t\t<\/div>\n\t\t\t\t\t\t<\/div>\n\t\t\t\t\t<\/div>\n\t\t<\/div>\n\t\t\t\t\t\t\t\t<\/div>\n\t\t\t\t\t<\/div>\n\t\t<\/section>\n\t\t\t\t<section class=\"elementor-section elementor-top-section elementor-element elementor-element-4d6e8fe elementor-section-boxed elementor-section-height-default elementor-section-height-default\" data-id=\"4d6e8fe\" data-element_type=\"section\">\n\t\t\t\t\t\t<div class=\"elementor-container elementor-column-gap-default\">\n\t\t\t\t\t\t\t<div class=\"elementor-row\">\n\t\t\t\t\t<div class=\"elementor-column elementor-col-100 elementor-top-column elementor-element elementor-element-50ad682\" data-id=\"50ad682\" data-element_type=\"column\">\n\t\t\t<div class=\"elementor-column-wrap elementor-element-populated\">\n\t\t\t\t\t\t\t<div class=\"elementor-widget-wrap\">\n\t\t\t\t\t\t<div class=\"elementor-element elementor-element-78a722c elementor-widget elementor-widget-text-editor\" data-id=\"78a722c\" data-element_type=\"widget\" data-widget_type=\"text-editor.default\">\n\t\t\t\t<div class=\"elementor-widget-container\">\n\t\t\t\t\t<div class=\"elementor-text-editor elementor-clearfix\"><div title=\"Page 31\"><table cellspacing=\"0\" cellpadding=\"0\"><tbody><tr><td colspan=\"2\" valign=\"top\"><h5 style=\"text-align: center;\"><span style=\"color: #43358b; font-family: Ubuntu; font-size: medium;\"><b>Abuso sexual<\/b><\/span><\/h5><\/td><\/tr><tr><td valign=\"top\"><div title=\"Page 89\"><div><div><div><p>Tipo penal<\/p><\/div><\/div><\/div><\/div><\/td><td valign=\"top\"><div title=\"Page 89\"><div><div><div><div class=\"page\" title=\"Page 93\"><div class=\"section\"><div class=\"layoutArea\"><div class=\"column\"><p>\u201cCuando en las mismas circunstancias y por los medios sen\u0303alados en los Arti\u0301culos 308 y 308 bis se realizara\u0301n actos sexuales no constitutivos de penetracio\u0301n o acceso carnal, la pena sera\u0301 de seis (6) a diez (10) an\u0303os de privacio\u0301n de libertad. Se aplicara\u0301n las agravantes previstas en el Art. 310, y si la vi\u0301ctima es nin\u0303a, nin\u0303o o adolescente la pena privativa de libertad sera\u0301 de diez (10) a quince (15) an\u0303os\u201d. <strong>Art. 312 Co\u0301digo Penal<\/strong>.<\/p><\/div><\/div><\/div><\/div><\/div><\/div><\/div><\/div><\/td><\/tr><tr><td valign=\"top\"><div class=\"page\" title=\"Page 89\"><div class=\"section\"><div class=\"layoutArea\"><div class=\"column\"><p>Tipo de accio\u0301n<\/p><\/div><\/div><\/div><\/div><\/td><td valign=\"top\"><div class=\"page\" title=\"Page 89\"><div class=\"section\"><div class=\"layoutArea\"><div class=\"column\"><div class=\"page\" title=\"Page 93\"><div class=\"section\"><div class=\"layoutArea\"><div class=\"column\"><p>Es de accio\u0301n pu\u0301blica.<\/p><\/div><\/div><\/div><\/div><\/div><\/div><\/div><\/div><\/td><\/tr><tr><td valign=\"top\"><div class=\"page\" title=\"Page 89\"><div class=\"section\"><div class=\"layoutArea\"><div class=\"column\"><p>Sujetos facultados para ejercer la accio\u0301n<\/p><\/div><\/div><\/div><\/div><\/td><td valign=\"top\"><div class=\"page\" title=\"Page 89\"><div class=\"section\"><div class=\"layoutArea\"><div class=\"column\"><div class=\"page\" title=\"Page 93\"><div class=\"section\"><div class=\"layoutArea\"><div class=\"column\"><p>La vi\u0301ctima, el Ministerio Pu\u0301blico y la Defensori\u0301a de la Nin\u0303ez.<\/p><\/div><\/div><\/div><\/div><\/div><\/div><\/div><\/div><\/td><\/tr><tr><td valign=\"top\"><div class=\"page\" title=\"Page 89\"><div class=\"section\"><div class=\"layoutArea\"><div class=\"column\"><p>Competencia<\/p><\/div><\/div><\/div><\/div><\/td><td valign=\"top\"><div class=\"page\" title=\"Page 89\"><div class=\"section\"><div class=\"layoutArea\"><div class=\"column\"><div class=\"page\" title=\"Page 93\"><div class=\"section\"><div class=\"layoutArea\"><div class=\"column\"><p>Es competente el Juzgado de Instruccio\u0301n en Materia de Violencia contra las Mujeres y el Juzgado de Sentencia en Materia de Violencia contra las Mujeres Art. 72, 72 bis de la Ley No 025 Ley del O\u0301rgano Judicial, en relacio\u0301n al Art. 53 del Co\u0301digo de Procedimiento Penal.<\/p><\/div><\/div><\/div><\/div><\/div><\/div><\/div><\/div><\/td><\/tr><tr><td valign=\"top\"><div class=\"page\" title=\"Page 89\"><div class=\"section\"><div class=\"layoutArea\"><div class=\"column\"><p>Prescripcio\u0301n de\u00a0<span style=\"font-size: 16px; font-family: inherit;\">la accio\u0301n<\/span><\/p><\/div><\/div><\/div><\/div><\/td><td valign=\"top\"><div class=\"page\" title=\"Page 89\"><div class=\"section\"><div class=\"layoutArea\"><div class=\"column\"><div class=\"page\" title=\"Page 93\"><div class=\"section\"><div class=\"layoutArea\"><div class=\"column\"><p>Prescribe a los ocho an\u0303os te\u0301rmino que corre a partir de la media noche de la comisio\u0301n del hecho o desde el momento en que se cometio\u0301 el delito o ceso\u0301 su consumacio\u0301n. Arts. 29-1), 30 del Co\u0301digo de Procedimiento Penal.<br \/>En casos de nin\u0303as, nin\u0303os y adolescentes el te\u0301rmino de la prescripcio\u0301n comenzara\u0301 a correr cuatro an\u0303os (4) despue\u0301s de que la vi\u0301ctima haya alcanzado la mayori\u0301a de edad. Art. 30 del Co\u0301digo de Procedimiento Penal<\/p><\/div><\/div><\/div><\/div><\/div><\/div><\/div><\/div><\/td><\/tr><tr><td valign=\"top\"><div class=\"page\" title=\"Page 89\"><div class=\"section\"><div class=\"layoutArea\"><div class=\"column\"><p>Duracio\u0301n del proceso<\/p><\/div><\/div><\/div><\/div><\/td><td valign=\"top\"><div class=\"page\" title=\"Page 89\"><div class=\"section\"><div class=\"layoutArea\"><div class=\"column\"><div class=\"page\" title=\"Page 93\"><div class=\"section\"><div class=\"layoutArea\"><div class=\"column\"><p>Ma\u0301xima de tres an\u0303os.<\/p><\/div><\/div><\/div><\/div><\/div><\/div><\/div><\/div><\/td><\/tr><tr><td valign=\"top\"><div class=\"page\" title=\"Page 89\"><div class=\"section\"><div class=\"layoutArea\"><div class=\"column\"><p>Recursos<\/p><\/div><\/div><\/div><\/div><\/td><td valign=\"top\"><div class=\"page\" title=\"Page 89\"><div class=\"section\"><div class=\"layoutArea\"><div class=\"column\"><div class=\"page\" title=\"Page 93\"><div class=\"section\"><div class=\"layoutArea\"><div class=\"column\"><p><strong>Recurso de Apelacio\u0301n Restringida<\/strong>:<\/p><p>La sentencia emitida puede ser apelada siempre que se haya realizado la reserva de la misma en la substanciacio\u0301n del juicio, en el te\u0301rmino de 15 di\u0301as. Arts. 407-415 en relacio\u0301n al Art. 130 del Co\u0301digo de Procedimiento Penal.<\/p><p><strong>Recurso de Casacio\u0301n<\/strong>:<\/p><p>El Auto de Vista puede ser recurrido cuando existen Autos de Vista contradictorios sobre una situacio\u0301n similar: en relacio\u0301n al sentido juri\u0301dico, la aplicacio\u0301n de las normas y su alcance, se debe invocar el precedente contradictorio en el te\u0301rmino de 5 di\u0301as de notificado con el Auto de Vista. Arts. 416-420 en relacio\u0301n al Art. 130 del Co\u0301digo de Procedimiento Penal.<\/p><\/div><\/div><\/div><\/div><\/div><\/div><\/div><\/div><\/td><\/tr><tr><td valign=\"top\"><div class=\"page\" title=\"Page 89\"><div class=\"section\"><div class=\"layoutArea\"><div class=\"column\"><p>Base legal<\/p><\/div><\/div><\/div><\/div><\/td><td valign=\"top\"><div class=\"page\" title=\"Page 93\"><div class=\"section\"><div class=\"layoutArea\"><div class=\"column\"><ul><li><p>Arts. 15-II) Constitucio\u0301n Poli\u0301tica del Estado.<\/p><\/li><li><p>Art. 312 Co\u0301digo Penal.<\/p><\/li><li><p>Arts. 16, 17, 19, 29-3), 30, 36,277-371, 373-374, 382-388, 393, 393 bis, 393 ter, 393 quater, 393 quinquer,\u00a0<span style=\"font-size: 16px; font-family: inherit;\">393 sexter co\u0301digo de procedimiento penal.<\/span><\/p><\/li><\/ul><\/div><\/div><div class=\"layoutArea\"><div class=\"column\"><ul><li><p>Arts. 68, 84, 86-100, de la Ley Integral para Garantizar a las Mujeres una Vida Libre de Violencia, Ley No 348.<\/p><\/li><li><p>Ley No 1173, Ley de Abreviacio\u0301n Procesal Penal y Fortalecimiento de la Lucha Integral contra la Violencia a\u00a0<span style=\"font-size: 16px; font-family: inherit;\">Nin\u0303as, Nin\u0303os, Adolescentes y Mujeres.<\/span><\/p><\/li><\/ul><\/div><\/div><div class=\"layoutArea\"><div class=\"column\"><ul><li><p>Arts. 15, 16 Ley de Proteccio\u0301n a las Vi\u0301ctimas de Delitos contra la Libertad Sexual, Ley No 2033.<\/p><\/li><li><p>Arts.16-I, 145-I), 147-I), 148-I), II-a), 149 Co\u0301digo Nin\u0303a. Nin\u0303o y Adolescente, Ley N\u00b0 548.<\/p><\/li><li><p>Arts. 1, 2, 3, 5, 7, 8, 11, Declaracio\u0301n Universal de los Derechos Humanos.<\/p><\/li><li><p>Art. 5,8-2), 11 Convencio\u0301n sobre Derechos Humanos. Pacto de San Jose\u0301 de Costa Rica. Ley No 1430.<\/p><\/li><li><p>Arts. 1, 2, 3, 4 Convencio\u0301n Interamericana para Prevenir, Sancionar y Erradicar la Violencia contra la Mujer\u00a0<span style=\"font-size: 16px; font-family: inherit;\">\u201cConvencio\u0301n de Bele\u0301m do Para\u0301\u201d. Ley No 1599.<\/span><\/p><\/li><\/ul><\/div><\/div><div class=\"layoutArea\"><div class=\"column\"><ul><li>Art. 6, 34 Convencio\u0301n de los Derechos del Nin\u0303o. Ley N\u00b0 1152.<\/li><\/ul><\/div><\/div><\/div><\/div><\/td><\/tr><tr><td valign=\"top\"><div class=\"page\" title=\"Page 89\"><div class=\"section\"><div class=\"layoutArea\"><div class=\"column\"><p>Recomendaciones a tomar en cuenta por la\/el abogada(o)<\/p><\/div><\/div><\/div><\/div><\/td><td valign=\"top\"><div class=\"page\" title=\"Page 93\"><div class=\"section\"><div class=\"layoutArea\"><div class=\"column\"><ol><li>Todo acto de violencia en contra de las mujeres, debe ser denunciado en la Fuerza Especial de Lucha Contra la Violencia y\/o en el Ministerio Pu\u0301blico que son entidades pu\u0301blicas que funcionan las 24 hrs. del di\u0301a y los 365 di\u0301as del an\u0303o.<\/li><li><span style=\"font-size: 16px; font-family: inherit;\">En caso de delitos en contra de mujeres vinculados a distintas formas de violencia se aplicara\u0301 el procedimiento previsto en Ti\u0301tulo VI \u201cProcedimiento Especial para casos de Violencia contra Nin\u0303as, Nin\u0303os, Adolescentes o Mujeres\u201c (Art. 393 septier al 393 duoter del Co\u0301digo de Procedimiento Penal) y procedimiento de establecido por la Ley No 348 en sus Arts. 86 al 100.<\/span><\/li><li><span style=\"font-size: 16px; font-family: inherit;\">En caso de flagrancia observar lo dispuesto por los Arts. 393, 393 bis, 393 ter, 393 quater, 393 quinquer, 393 sexter Co\u0301digo de Procedimiento Penal.<\/span><\/li><li><span style=\"font-family: inherit; font-size: 16px;\">Las notificaciones sera\u0301n realizadas a trave\u0301s de la Oficina Gestora de Procesos mediante el Buzo\u0301n de Notificaciones de Ciudadani\u0301a Digital, excepto las notificaciones que deben ser realizadas de manera personal. En caso no existir la tecnologi\u0301a las notificaciones sera\u0301n realizadas en el domicilio procesal sen\u0303alado por las partes.<\/span><\/li><li><span style=\"font-size: 16px; font-family: inherit;\">Junto con la denuncia y\/o querella, se tiene que adjuntar toda la prueba que se pueda obtener o indicar do\u0301nde puede ser habida. Adema\u0301s, el informe psicolo\u0301gico.<\/span><\/li><li><span style=\"font-size: 16px; font-family: inherit;\">A tiempo de plantear la denuncia se debe solicitar las medidas de proteccio\u0301n establecidas por el Art. 35 Ley No 348 y las medidas de proteccio\u0301n especiales establecidas por los Arts. 389 al 389 quinquies del Co\u0301digo de Procedimiento Penal, que correspondan al caso.<\/span><\/li><li><span style=\"font-size: 16px; font-family: inherit;\">Se \u00a0debe tomar en cuenta que las medidas de proteccio\u0301n especiales podra\u0301n ser dispuestas, \u00a0ratificadas o modificadas por los tribunales y jueces competentes en cualquier etapa del proceso penal.<\/span><\/li><li><span style=\"font-size: 16px; font-family: inherit;\">Las medidas de proteccio\u0301n especiales podra\u0301n ser dispuestas por la o el fiscal, funcionario policial o cualquier otra autoridad prevista para la atencio\u0301n a mujeres en situacio\u0301n de violencia, tomando en cuenta lo establecido por los Arts. 389 ter, 389 quarter, 389 quinquies.<\/span><\/li><li><span style=\"font-size: 16px; font-family: inherit;\">Expli\u0301citamente se prohi\u0301be la revictimizacio\u0301n en todas las etapas del Proceso Penal, Art. 393 octer.<\/span><\/li><li><span style=\"font-size: 16px; font-family: inherit;\">En este tipo de delito se debe tomar en cuenta que ninguna institucio\u0301n receptora de denuncias, ni su personal, podra\u0301 promover la conciliacio\u0301n ni suscripcio\u0301n de ningu\u0301n tipo de acuerdo entre la vi\u0301ctima y su agresor, bajo\u00a0<\/span><span style=\"font-size: 16px; font-family: inherit;\">responsabilidad.<\/span><\/li><li><span style=\"font-size: 16px; font-family: inherit;\">La vi\u0301ctima de agresio\u0301n sexual debe acudir de forma inmediata al Ministerio Pu\u0301blico y\/ o Fuerza Especial de\u00a0<\/span><span style=\"font-size: 16px; font-family: inherit;\">Lucha Contra la Violencia sin realizar ningu\u0301n tipo de limpieza en su cuerpo. La vi\u0301ctima no debe cambiarse las\u00a0<\/span><span style=\"font-size: 16px; font-family: inherit;\">prendas de vestir que utilizaba a momento de cometerse el delito.<\/span><\/li><li><span style=\"font-size: 16px; font-family: inherit;\">La\/el psico\u0301loga\/o del servicio debera\u0301 sugerir a la abogada\/o, los puntos generales a solicitar en pericia. De\u00a0<\/span><span style=\"font-size: 16px; font-family: inherit;\">acuerdo al caso los puntos podra\u0301n ampliarse o restringirse:<\/span><ul><li><span style=\"font-size: 16px; font-family: inherit;\">Vi\u0301ctima:<\/span><ul><li>Determinar la credibilidad del testimonio sobre el hecho denunciado.<\/li><li>Establecer la existencia de consecuencias psicolo\u0301gicas producto de la violencia.<\/li><li>Establecer la relacio\u0301n causal entre la violencia y el dan\u0303o psicolo\u0301gico.<\/li><li>Determinar y caracterizar las lesiones y secuelas psicolo\u0301gicas a nivel biopsicosocial a corto y largo plazo.<\/li><li>Determinar los mecanismos psicolo\u0301gicos a trave\u0301s de los cuales se ha mantenido la violencia sexual.<\/li><\/ul><\/li><li><span style=\"font-size: 16px; font-family: inherit;\">Agresor:<\/span><ul><li>Determinar caracteri\u0301sticas de personalidad y si habri\u0301a presencia de psicopatologi\u0301a.<\/li><li>Determinar el nivel de riesgo de acuerdo al hecho denunciado.<\/li><li>Determinar el tipo de estrategia que utiliza el agresor frente a la vi\u0301ctima para concretar los hechos de\u00a0<span style=\"font-size: 16px; font-family: inherit;\">violencia sexual.<\/span><\/li><li><span style=\"font-size: 16px; font-family: inherit;\">Determinar los componentes de pensamiento respecto a la figura de la mujer.<\/span><\/li><\/ul><\/li><\/ul><\/li><li><span style=\"font-size: 16px; font-family: inherit;\">En la obtencio\u0301n de la prueba se debe tomar en cuenta los requisitos de forma y fondo establecidos por el Co\u0301digo de Procedimiento Penal para su ofrecimiento, introduccio\u0301n y produccio\u0301n en juicio oral, conforme establecen los Arts. 13, 171 del Co\u0301digo de Procedimiento Penal concordantes con el Art. 8-2) Pacto de San Jose\u0301 de Costa Rica.<\/span><\/li><li><span style=\"font-size: 16px; font-family: inherit;\">Se debe observar toda la prueba presentada por la parte contraria y objetarla en la vi\u0301a incidental, siempre y cuando no cumpla los requisitos legales.<\/span><\/li><li><span style=\"font-size: 16px; font-family: inherit;\">Se debe tener presente que una agresio\u0301n sexual es un ejercicio de poder y no un impulso sexual provocado por la vi\u0301ctima.<\/span><\/li><li><span style=\"font-size: 16px; font-family: inherit;\">Debe tomarse en cuenta que la mayori\u0301a de las agresiones sexuales son perpetradas por personas conocidas de la vi\u0301ctima y con las cuales ella no tiene posibilidad de resistir o tener un mecanismo de proteccio\u0301n.<\/span><\/li><li><span style=\"font-size: 16px; font-family: inherit;\">Dentro del Procedimiento Penal, la vi\u0301ctima puede ser testigo, para ello debe tener informacio\u0301n de lo que esto representa y tener apoyo psicolo\u0301gico que permita establecer y valorar la pertinencia o no de su participacio\u0301n dentro del juicio oral.<\/span><\/li><li>La declaracio\u0301n de la vi\u0301ctima debera\u0301 ser efectuada vi\u0301a anticipo de prueba de conformidad al Art. 203 y 307 del Co\u0301digo de Procedimiento Penal, debiendo ser necesario el acompan\u0303amiento de la psico\u0301loga del servicio.<\/li><li>En delitos sexuales es importante que la vi\u0301ctima y su entorno familiar reciban apoyo psicolo\u0301gico para aminorar\u00a0<span style=\"font-size: 16px; font-family: inherit;\">las secuelas emocionales producto de la agresio\u0301n sufrida por la vi\u0301ctima.<\/span><\/li><li><span style=\"font-size: 16px; font-family: inherit;\">Las agresiones fi\u0301sicas y sexuales en casos de nin\u0303as, nin\u0303os, adolescentes y mujeres, y recoleccio\u0301n de evidencias\u00a0<\/span><span style=\"font-size: 16px; font-family: inherit;\">debera\u0301n ser certificadas por cualquier profesional de la salud perteneciente a institucio\u0301n pu\u0301blica. En caso de violencia sexual el personal de servicios pu\u0301blicos podra\u0301 recolectar las evidencias y enviarlas al IDIF o Instituto de Investigaciones Te\u0301cnico Cienti\u0301fico de la Universidad Policial (IITCUP). Art. 393 noveter del Co\u0301digo de Procedimiento Penal.<\/span><\/li><li><span style=\"font-size: 16px; font-family: inherit;\">En caso de violencia fi\u0301sica o sexual contra mujeres cuya pena privativa de libertad sea igual o mayor a cuatro (4) an\u0303os, la vi\u0301ctima podra\u0301 solicitar el divorcio o desvinculacio\u0301n conyugal por ruptura del proyecto de vida en comu\u0301n, asi\u0301 mismo podra\u0301 solicitar la asistencia familiar y la guarda de los hijos, en estos dos u\u0301ltimos casos su modificacio\u0301n sera\u0301 tramitada en la jurisdiccio\u0301n competente. Art. 393 deciter.<\/span><\/li><li><span style=\"font-family: inherit; font-size: 16px;\">De acuerdo a las circunstancias ver la pertinencia de aceptar un procedimiento abreviado Art. 373 Co\u0301digo de Procedimiento Penal.<\/span><\/li><li><span style=\"font-family: inherit; font-size: 16px;\">Se debe evitar que se module el delito de abuso sexual a corrupcio\u0301n de mayores.<\/span><\/li><\/ol><\/div><\/div><\/div><\/div><\/td><\/tr><\/tbody><\/table><\/div><\/div>\n\t\t\t\t<\/div>\n\t\t\t\t<\/div>\n\t\t\t\t\t\t<\/div>\n\t\t\t\t\t<\/div>\n\t\t<\/div>\n\t\t\t\t\t\t\t\t<\/div>\n\t\t\t\t\t<\/div>\n\t\t<\/section>\n\t\t\t\t<section class=\"elementor-section elementor-top-section elementor-element elementor-element-5ce9511 elementor-section-boxed elementor-section-height-default elementor-section-height-default\" data-id=\"5ce9511\" data-element_type=\"section\">\n\t\t\t\t\t\t<div class=\"elementor-container elementor-column-gap-default\">\n\t\t\t\t\t\t\t<div class=\"elementor-row\">\n\t\t\t\t\t<div class=\"elementor-column elementor-col-100 elementor-top-column elementor-element elementor-element-8b927ef\" data-id=\"8b927ef\" data-element_type=\"column\">\n\t\t\t<div class=\"elementor-column-wrap elementor-element-populated\">\n\t\t\t\t\t\t\t<div class=\"elementor-widget-wrap\">\n\t\t\t\t\t\t<div class=\"elementor-element elementor-element-3076dbc elementor-widget elementor-widget-text-editor\" data-id=\"3076dbc\" data-element_type=\"widget\" data-widget_type=\"text-editor.default\">\n\t\t\t\t<div class=\"elementor-widget-container\">\n\t\t\t\t\t<div class=\"elementor-text-editor elementor-clearfix\"><div title=\"Page 31\"><table cellspacing=\"0\" cellpadding=\"0\"><tbody><tr><td colspan=\"2\" valign=\"top\"><h5 style=\"text-align: center;\"><span style=\"color: #43358b; font-family: Ubuntu; font-size: medium;\"><b>Acoso pol\u00edtico contra mujeres<\/b><\/span><\/h5><\/td><\/tr><tr><td valign=\"top\"><div title=\"Page 89\"><div><div><div><p>Tipo penal<\/p><\/div><\/div><\/div><\/div><\/td><td valign=\"top\"><div title=\"Page 89\"><div><div><div><div class=\"page\" title=\"Page 95\"><div class=\"section\"><div class=\"layoutArea\"><div class=\"column\"><p>\u201cQuien o quienes realicen actos de presio\u0301n, persecucio\u0301n, hostigamiento y\/o amenazas en contra de una mujer electa, designada o en el ejercicio de la funcio\u0301n poli\u0301tico &#8211; pu\u0301blica y\/o de sus familiares, durante o despue\u0301s del proceso electoral, que impida el ejercicio de su derecho poli\u0301tico, sera\u0301 sancionado con pena privativa de libertad de dos (2) a cinco (5) an\u0303os\u201d. <strong>Art. 148 Bis del Co\u0301digo Penal<\/strong>.<\/p><\/div><\/div><\/div><\/div><\/div><\/div><\/div><\/div><\/td><\/tr><tr><td valign=\"top\"><div class=\"page\" title=\"Page 89\"><div class=\"section\"><div class=\"layoutArea\"><div class=\"column\"><p>Tipo de accio\u0301n<\/p><\/div><\/div><\/div><\/div><\/td><td valign=\"top\"><div class=\"page\" title=\"Page 89\"><div class=\"section\"><div class=\"layoutArea\"><div class=\"column\"><div class=\"page\" title=\"Page 95\"><div class=\"section\"><div class=\"layoutArea\"><div class=\"column\"><p>Es de accio\u0301n pu\u0301blica.<\/p><\/div><\/div><\/div><\/div><\/div><\/div><\/div><\/div><\/td><\/tr><tr><td valign=\"top\"><div class=\"page\" title=\"Page 89\"><div class=\"section\"><div class=\"layoutArea\"><div class=\"column\"><p>Sujetos facultados para ejercer la accio\u0301n<\/p><\/div><\/div><\/div><\/div><\/td><td valign=\"top\"><div class=\"page\" title=\"Page 89\"><div class=\"section\"><div class=\"layoutArea\"><div class=\"column\"><div class=\"page\" title=\"Page 95\"><div class=\"section\"><div class=\"layoutArea\"><div class=\"column\"><p>La vi\u0301ctima y el Ministerio Pu\u0301blico.<\/p><\/div><\/div><\/div><\/div><\/div><\/div><\/div><\/div><\/td><\/tr><tr><td valign=\"top\"><div class=\"page\" title=\"Page 89\"><div class=\"section\"><div class=\"layoutArea\"><div class=\"column\"><p>Competencia<\/p><\/div><\/div><\/div><\/div><\/td><td valign=\"top\"><div class=\"page\" title=\"Page 89\"><div class=\"section\"><div class=\"layoutArea\"><div class=\"column\"><div class=\"page\" title=\"Page 95\"><div class=\"section\"><div class=\"layoutArea\"><div class=\"column\"><p>Es competente el Juzgado de Instruccio\u0301n en Materia de Violencia contra las Mujeres y el Juzgado de Sentencia en Materia de Violencia contra las Mujeres Art. 72, 72 bis de la Ley No 025 Ley del O\u0301rgano Judicial, en relacio\u0301n al Art. 53 del Co\u0301digo de Procedimiento Penal.<\/p><\/div><\/div><\/div><\/div><\/div><\/div><\/div><\/div><\/td><\/tr><tr><td valign=\"top\"><div class=\"page\" title=\"Page 89\"><div class=\"section\"><div class=\"layoutArea\"><div class=\"column\"><p>Prescripcio\u0301n de\u00a0<span style=\"font-size: 16px; font-family: inherit;\">la accio\u0301n<\/span><\/p><\/div><\/div><\/div><\/div><\/td><td valign=\"top\"><div class=\"page\" title=\"Page 89\"><div class=\"section\"><div class=\"layoutArea\"><div class=\"column\"><div class=\"page\" title=\"Page 95\"><div class=\"section\"><div class=\"layoutArea\"><div class=\"column\"><p>Prescribe a los cinco an\u0303os te\u0301rmino que corre a partir de la media noche de la comisio\u0301n del hecho o desde el mo<span style=\"font-size: 16px; font-family: inherit;\">mento en que se cometio\u0301 el delito, o ceso\u0301 su consumacio\u0301n. Arts. 29-2), 30 Co\u0301digo de Procedimiento Penal.<\/span><\/p><\/div><\/div><\/div><\/div><\/div><\/div><\/div><\/div><\/td><\/tr><tr><td valign=\"top\"><div class=\"page\" title=\"Page 89\"><div class=\"section\"><div class=\"layoutArea\"><div class=\"column\"><p>Duracio\u0301n del proceso<\/p><\/div><\/div><\/div><\/div><\/td><td valign=\"top\"><div class=\"page\" title=\"Page 89\"><div class=\"section\"><div class=\"layoutArea\"><div class=\"column\"><div class=\"page\" title=\"Page 95\"><div class=\"section\"><div class=\"layoutArea\"><div class=\"column\"><p>Ma\u0301ximo de tres an\u0303os.<\/p><\/div><\/div><\/div><\/div><\/div><\/div><\/div><\/div><\/td><\/tr><tr><td valign=\"top\"><div class=\"page\" title=\"Page 89\"><div class=\"section\"><div class=\"layoutArea\"><div class=\"column\"><p>Recursos<\/p><\/div><\/div><\/div><\/div><\/td><td valign=\"top\"><div class=\"page\" title=\"Page 89\"><div class=\"section\"><div class=\"layoutArea\"><div class=\"column\"><div class=\"page\" title=\"Page 95\"><div class=\"section\"><div class=\"layoutArea\"><div class=\"column\"><p><strong>Recurso de Apelacio\u0301n Restringida<\/strong>:<\/p><p>La sentencia emitida puede ser apelada siempre que se haya realizado la reserva de la misma en la substanciacio\u0301n del juicio, en el te\u0301rmino de 15 di\u0301as. Arts. 407-415 en relacio\u0301n al Art. 130 del Co\u0301digo de Procedimiento Penal.<\/p><p><strong>Recurso de Casacio\u0301n<\/strong>:<\/p><p>El Auto de Vista puede ser recurrido cuando existen Autos de Vista contradictorios sobre una situacio\u0301n similar: en relacio\u0301n al sentido juri\u0301dico, la aplicacio\u0301n de las normas y su alcance, se debe invocar el precedente contradictorio en el te\u0301rmino de 5 di\u0301as de notificado con el Auto de Vista. Arts. 416-420 en relacio\u0301n al Art. 130 del Co\u0301digo de Procedimiento Penal.<\/p><\/div><\/div><\/div><\/div><\/div><\/div><\/div><\/div><\/td><\/tr><tr><td valign=\"top\"><div class=\"page\" title=\"Page 89\"><div class=\"section\"><div class=\"layoutArea\"><div class=\"column\"><p>Base legal<\/p><\/div><\/div><\/div><\/div><\/td><td valign=\"top\"><div class=\"page\" title=\"Page 95\"><div class=\"section\"><div class=\"layoutArea\"><div class=\"column\"><ul><li><p>Arts. 15-I) y 26 Constitucio\u0301n Poli\u0301tica del Estado.<\/p><\/li><li><p>Art. Art. 148 Bis del Co\u0301digo Penal.<\/p><\/li><li><p>Arts. 16, 17, 19, 29-3), 30, 36,277-371, 373-374, 382-388,393, 393 bis, 393 ter, 393 quater, 393 quinquer,\u00a0<span style=\"font-size: 16px; font-family: inherit;\">393 sexter del Co\u0301digo de Procedimiento Penal.<\/span><\/p><\/li><li><p><span style=\"font-size: 16px; font-family: inherit;\">Ley No 1173, Ley de Abreviacio\u0301n Procesal Penal y Fortalecimiento de la Lucha Integral contra la Violencia a\u00a0<\/span><span style=\"font-size: 16px; font-family: inherit;\">Nin\u0303as, Nin\u0303os, Adolescentes y Mujeres.<\/span><\/p><\/li><\/ul><\/div><\/div><div class=\"layoutArea\"><div class=\"column\"><ul><li><p>Ley No Contra el Acoso y Violencia Poli\u0301tica hacia las Mujeres. Ley No 243.<\/p><\/li><li><p>Ley No 2117 de 11 de septiembre de 2000 ratifica Convencio\u0301n Sobre los Derechos Poli\u0301ticos de las Mujeres.<\/p><\/li><li><p>Ley No 1100 de 15 de septiembre de 1989 que ratifica la Convencio\u0301n sobre todas las formas de Discriminacio\u0301n\u00a0<span style=\"font-size: 16px; font-family: inherit;\">contra la Mujer Arti\u0301culos 7 y 8.<\/span><\/p><\/li><\/ul><\/div><\/div><div class=\"layoutArea\"><div class=\"column\"><ul><li><p>Art. 4 Declaracio\u0301n Universal de Derechos Humanos.<\/p><\/li><li><p>Arts. 5-1), 6, 19 Convencio\u0301n sobre Derechos Humanos. Pacto de San Jose\u0301 de Costa Rica. Ley No 1430.<\/p><\/li><\/ul><\/div><\/div><\/div><\/div><\/td><\/tr><tr><td valign=\"top\"><div class=\"page\" title=\"Page 89\"><div class=\"section\"><div class=\"layoutArea\"><div class=\"column\"><p>Recomendaciones a tomar en cuenta por la\/el abogada(o)<\/p><\/div><\/div><\/div><\/div><\/td><td valign=\"top\"><div class=\"page\" title=\"Page 96\"><div class=\"section\"><div class=\"layoutArea\"><div class=\"column\"><ol><li>Deben observarse las previsiones establecidas por la Ley No 243 Ley Contra el Acoso y Violencia Poli\u0301tica hacia las Mujeres.<\/li><li><span style=\"font-size: 16px; font-family: inherit;\">En este tipo penal esta\u0301 prohibida la conciliacio\u0301n por el Art.23 de la Ley Contra \u00a0elAcoso y Violencia Poli\u0301tica hacia las Mujeres.<\/span><\/li><li><span style=\"font-size: 16px; font-family: inherit;\">En caso de delitos en contra de mujeres vinculados a distintas formas de violencia se aplicara\u0301 el procedimiento previsto en Ti\u0301tulo VI \u201cProcedimiento Especial para casos de Violencia contra Nin\u0303as, Nin\u0303os, Adolescentes o Mujeres \u201c(Art. 393 septier al 393 duoter del Co\u0301digo de Procedimiento Penal) y procedimiento de establecido por la Ley No 348 en sus Arts. 86 al 100.<\/span><\/li><li><span style=\"font-size: 16px; font-family: inherit;\">En caso de flagrancia observar lo dispuesto por los Arts.393, 393 Bis, 393 Ter, 393 quater, 393 quinquer, 393 sexter Co\u0301digo de Procedimiento Penal.<\/span><\/li><li><span style=\"font-size: 16px; font-family: inherit;\">Las notificaciones sera\u0301n realizadas a trave\u0301s de la Oficina Gestora de Procesos mediante el Buzo\u0301n de Notificaciones de Ciudadani\u0301a Digital, excepto las notificaciones que deben ser realizadas de manera personal. En caso no existir la tecnologi\u0301a las notificaciones sera\u0301n realizadas en el domicilio procesal sen\u0303alado por las partes.<\/span><\/li><li><span style=\"font-size: 16px; font-family: inherit;\">Junto con la denuncia y\/o querella, se tiene que adjuntar toda la prueba que se pueda obtener o indicar do\u0301nde puede ser habida. Adema\u0301s, el informe psicolo\u0301gico.<\/span><\/li><li><span style=\"font-size: 16px; font-family: inherit;\">A tiempo de plantear la denuncia se debe solicitar las medidas de proteccio\u0301n establecidas por el Art. 35 Ley No 348 y las medidas de proteccio\u0301n especiales establecidas por los Arts. 389 al 389 quinquies del Co\u0301digo de Procedimiento Penal, que correspondan al caso.<\/span><\/li><li><span style=\"font-size: 16px; font-family: inherit;\">Se debe tomar en cuenta que las medidas de proteccio\u0301n especiales podra\u0301n ser dispuestas, ratificadas o modificadas por los tribunales y jueces competentes en cualquier etapa del proceso penal.<\/span><\/li><li><span style=\"font-size: 16px; font-family: inherit;\">Las medidas de proteccio\u0301n especiales podra\u0301n ser dispuestas por la o el fiscal, funcionaria\/o policial o cualquier otra autoridad prevista para la atencio\u0301n a mujeres en situacio\u0301n de violencia, tomando en cuenta lo establecido por los Arts. 389 ter, 389 quarter, 389 quinquies.<\/span><\/li><li>Expli\u0301citamente se prohi\u0301be la revictimizacio\u0301n en todas las etapas del Proceso Penal, Art. 393 octer.<\/li><li>La\/el psico\u0301loga\/o del servicio debera\u0301 sugerir a la abogada\/o, los puntos generales a solicitar en pericia. De\u00a0<span style=\"font-size: 16px; font-family: inherit;\">acuerdo al caso los puntos podra\u0301n ampliarse o restringirse:<\/span><ul><li><span style=\"font-family: inherit; font-size: 16px;\">Vi\u0301ctima:<\/span><ul><li>Determinar la credibilidad del testimonio sobre el hecho denunciado.<\/li><li>Establecer la existencia de consecuencias psicolo\u0301gicas producto de la violencia.<\/li><li>Establecer la relacio\u0301n causal entre la violencia y el dan\u0303o psicolo\u0301gico.<\/li><li>Establecer presencia de lesiones y secuelas psicolo\u0301gicas presentes y futuras.<\/li><li>Caracterizar la vulnerabilidad y personalidad de la vi\u0301ctima.<\/li><li>Determinar si a partir de la violencia se mantienen o cronifican rasgos de la personalidad de la vi\u0301ctima.<\/li><\/ul><\/li><li><span style=\"font-size: 16px; font-family: inherit;\">Agresor:<\/span><ul><li>Determinar caracteri\u0301sticas de personalidad y si habri\u0301a presencia de psicopatologi\u0301a.<\/li><li>Determinar el nivel de riesgo de acuerdo al hecho denunciado.<\/li><\/ul><\/li><\/ul><\/li><li><span style=\"font-size: 16px; font-family: inherit;\">En la obtencio\u0301n de la prueba se debe tomar en cuenta los requisitos de forma y fondo establecidos por el Co\u0301digo de Procedimiento Penal para su ofrecimiento, introduccio\u0301n y produccio\u0301n en juicio oral, conforme establecen los Arts. 13, 171 del Co\u0301digo de Procedimiento Penal y el Art. 8-2) Pacto de San Jose\u0301 de Costa Rica.<\/span><\/li><li><span style=\"font-size: 16px; font-family: inherit;\">Se debe observar toda la prueba presentada por la parte contraria y objetarla en la vi\u0301a incidental, siempre y cuando no cumpla los requisitos legales.<\/span><\/li><li><span style=\"font-size: 16px; font-family: inherit;\">Dentro del Procedimiento Penal, la vi\u0301ctima puede ser testigo, para ello debe tener informacio\u0301n de lo que esto representa y tener un apoyo psicolo\u0301gico que permita establecer y valorar la pertinencia o no de su participacio\u0301n dentro del juicio oral.<\/span><\/li><\/ol><\/div><\/div><\/div><\/div><\/td><\/tr><\/tbody><\/table><\/div><\/div>\n\t\t\t\t<\/div>\n\t\t\t\t<\/div>\n\t\t\t\t\t\t<\/div>\n\t\t\t\t\t<\/div>\n\t\t<\/div>\n\t\t\t\t\t\t\t\t<\/div>\n\t\t\t\t\t<\/div>\n\t\t<\/section>\n\t\t\t\t<section class=\"elementor-section elementor-top-section elementor-element elementor-element-fbec9dc elementor-section-boxed elementor-section-height-default elementor-section-height-default\" data-id=\"fbec9dc\" data-element_type=\"section\">\n\t\t\t\t\t\t<div class=\"elementor-container elementor-column-gap-default\">\n\t\t\t\t\t\t\t<div class=\"elementor-row\">\n\t\t\t\t\t<div class=\"elementor-column elementor-col-100 elementor-top-column elementor-element elementor-element-6f936b7\" data-id=\"6f936b7\" data-element_type=\"column\">\n\t\t\t<div class=\"elementor-column-wrap elementor-element-populated\">\n\t\t\t\t\t\t\t<div class=\"elementor-widget-wrap\">\n\t\t\t\t\t\t<div class=\"elementor-element elementor-element-b710624 elementor-widget elementor-widget-text-editor\" data-id=\"b710624\" data-element_type=\"widget\" data-widget_type=\"text-editor.default\">\n\t\t\t\t<div class=\"elementor-widget-container\">\n\t\t\t\t\t<div class=\"elementor-text-editor elementor-clearfix\"><div title=\"Page 31\"><table cellspacing=\"0\" cellpadding=\"0\"><tbody><tr><td colspan=\"2\" valign=\"top\"><h5 style=\"text-align: center;\"><span style=\"color: #43358b; font-family: Ubuntu; font-size: medium;\"><b>Acoso sexual<\/b><\/span><\/h5><\/td><\/tr><tr><td valign=\"top\"><div title=\"Page 89\"><div><div><div><p>Tipo penal<\/p><\/div><\/div><\/div><\/div><\/td><td valign=\"top\"><div title=\"Page 89\"><div><div><div><div class=\"page\" title=\"Page 96\"><div class=\"section\"><div class=\"layoutArea\"><div class=\"column\"><p>\u201cI. La persona que valie\u0301ndose de una posicio\u0301n jera\u0301rquica o poder de cualquier i\u0301ndole hostigue, persiga, exija, apremie, amenace con producirle un dan\u0303o o perjuicio cualquiera, condicione la obtencio\u0301n de un beneficio u obligue por cualquier medio a otra persona a mantener una relacio\u0301n o realizar actos o tener comportamientos de contenido sexual que de otra forma no seri\u0301an consentidos, para su beneficio o de una tercera persona, sera\u0301 sancionada con privacio\u0301n de libertad de cuatro (4) a ocho (8) an\u0303os.<\/p><\/div><\/div><div class=\"layoutArea\"><div class=\"column\"><p>II. Si la exigencia, solicitud o imposicio\u0301n fuera ejercida por un servidor pu\u0301blico en el a\u0301mbito de la relacio\u0301n jera\u0301rquica que ostenta, sera\u0301 destituido de su cargo y la pena sera\u0301 agravada en un tercio\u201d. <strong>Art. 312 quater Co\u0301digo Penal.<\/strong><\/p><\/div><\/div><\/div><\/div><\/div><\/div><\/div><\/div><\/td><\/tr><tr><td valign=\"top\"><div class=\"page\" title=\"Page 89\"><div class=\"section\"><div class=\"layoutArea\"><div class=\"column\"><p>Tipo de accio\u0301n<\/p><\/div><\/div><\/div><\/div><\/td><td valign=\"top\"><div class=\"page\" title=\"Page 89\"><div class=\"section\"><div class=\"layoutArea\"><div class=\"column\"><div class=\"page\" title=\"Page 97\"><div class=\"section\"><div class=\"layoutArea\"><div class=\"column\"><p>Es de accio\u0301n pu\u0301blica.<\/p><\/div><\/div><\/div><\/div><\/div><\/div><\/div><\/div><\/td><\/tr><tr><td valign=\"top\"><div class=\"page\" title=\"Page 89\"><div class=\"section\"><div class=\"layoutArea\"><div class=\"column\"><p>Sujetos facultados para ejercer la accio\u0301n<\/p><\/div><\/div><\/div><\/div><\/td><td valign=\"top\"><div class=\"page\" title=\"Page 89\"><div class=\"section\"><div class=\"layoutArea\"><div class=\"column\"><div class=\"page\" title=\"Page 97\"><div class=\"section\"><div class=\"layoutArea\"><div class=\"column\"><p>La vi\u0301ctima y el Ministerio Pu\u0301blico.<\/p><\/div><\/div><\/div><\/div><\/div><\/div><\/div><\/div><\/td><\/tr><tr><td valign=\"top\"><div class=\"page\" title=\"Page 89\"><div class=\"section\"><div class=\"layoutArea\"><div class=\"column\"><p>Competencia<\/p><\/div><\/div><\/div><\/div><\/td><td valign=\"top\"><div class=\"page\" title=\"Page 89\"><div class=\"section\"><div class=\"layoutArea\"><div class=\"column\"><div class=\"page\" title=\"Page 97\"><div class=\"section\"><div class=\"layoutArea\"><div class=\"column\"><p>Es competente el Juzgado de Instruccio\u0301n en Materia de Violencia contra las Mujeres y el Juzgado de Sentencia en Materia de Violencia contra las Mujeres Art. 72, 72 bis de la Ley No 025 Ley del O\u0301rgano Judicial, en relacio\u0301n al Art. 53 del Co\u0301digo de Procedimiento Penal.<\/p><\/div><\/div><\/div><\/div><\/div><\/div><\/div><\/div><\/td><\/tr><tr><td valign=\"top\"><div class=\"page\" title=\"Page 89\"><div class=\"section\"><div class=\"layoutArea\"><div class=\"column\"><p>Prescripcio\u0301n de\u00a0<span style=\"font-size: 16px; font-family: inherit;\">la accio\u0301n<\/span><\/p><\/div><\/div><\/div><\/div><\/td><td valign=\"top\"><div class=\"page\" title=\"Page 89\"><div class=\"section\"><div class=\"layoutArea\"><div class=\"column\"><div class=\"page\" title=\"Page 97\"><div class=\"section\"><div class=\"layoutArea\"><div class=\"column\"><p>Prescribe a los ocho an\u0303os te\u0301rmino que corre a partir de la media noche de la comisio\u0301n del hecho o desde el momento en que se cometio\u0301 el delito, o ceso\u0301 su consumacio\u0301n. Arts. 29-1), 30 del Co\u0301digo de Procedimiento Penal. En casos de nin\u0303as, nin\u0303os y adolescentes el te\u0301rmino de la prescripcio\u0301n comenzara\u0301 a correr cuatro an\u0303os (4) despue\u0301s de que la vi\u0301ctima haya alcanzado la mayori\u0301a de edad. Art. 30 del Co\u0301digo de Procedimiento Penal.<\/p><\/div><\/div><\/div><\/div><\/div><\/div><\/div><\/div><\/td><\/tr><tr><td valign=\"top\"><div class=\"page\" title=\"Page 89\"><div class=\"section\"><div class=\"layoutArea\"><div class=\"column\"><p>Duracio\u0301n del proceso<\/p><\/div><\/div><\/div><\/div><\/td><td valign=\"top\"><div class=\"page\" title=\"Page 89\"><div class=\"section\"><div class=\"layoutArea\"><div class=\"column\"><div class=\"page\" title=\"Page 97\"><div class=\"section\"><div class=\"layoutArea\"><div class=\"column\"><p>Ma\u0301xima de tres an\u0303os.<\/p><\/div><\/div><\/div><\/div><\/div><\/div><\/div><\/div><\/td><\/tr><tr><td valign=\"top\"><div class=\"page\" title=\"Page 89\"><div class=\"section\"><div class=\"layoutArea\"><div class=\"column\"><p>Recursos<\/p><\/div><\/div><\/div><\/div><\/td><td valign=\"top\"><div class=\"page\" title=\"Page 89\"><div class=\"section\"><div class=\"layoutArea\"><div class=\"column\"><div class=\"page\" title=\"Page 97\"><div class=\"section\"><div class=\"layoutArea\"><div class=\"column\"><p><strong>Recurso de Apelacio\u0301n Restringida<\/strong>:<\/p><\/div><\/div><div class=\"layoutArea\"><div class=\"column\"><p>La sentencia emitida puede ser apelada siempre que se haya realizado la reserva de la misma en la substanciacio\u0301n del juicio, en el te\u0301rmino de 15 di\u0301as. Arts. 407-415 en relacio\u0301n al Art. 130 del Co\u0301digo de Procedimiento Penal.<\/p><p><strong>Recurso de Casacio\u0301n<\/strong>:<\/p><p>El Auto de Vista puede ser recurrido cuando existen Autos de Vista contradictorios sobre una situacio\u0301n similar: en relacio\u0301n al sentido juri\u0301dico, la aplicacio\u0301n de las normas y su alcance, se debe invocar el precedente contradictorio en el te\u0301rmino de 5 di\u0301as de notificado con el Auto de Vista. Arts. 416-420 en relacio\u0301n al Art. 130 del Co\u0301digo de Procedimiento Penal.<\/p><\/div><\/div><\/div><\/div><\/div><\/div><\/div><\/div><\/td><\/tr><tr><td valign=\"top\"><div class=\"page\" title=\"Page 89\"><div class=\"section\"><div class=\"layoutArea\"><div class=\"column\"><p>Base legal<\/p><\/div><\/div><\/div><\/div><\/td><td valign=\"top\"><div class=\"page\" title=\"Page 97\"><div class=\"section\"><div class=\"layoutArea\"><div class=\"column\"><ul><li><p>Art. 15-II) Constitucio\u0301n Poli\u0301tica del Estado.<\/p><\/li><li><p>Art. 312 quater Co\u0301digo Penal.<\/p><\/li><li><p>Arts. 16, 17, 19, 29-3), 30, 36, 277-371, 373-374, 382-388, 393, 393 bis, 393 ter, 393 quater, 393 quinquer,\u00a0<span style=\"font-size: 16px; font-family: inherit;\">393 sexter Co\u0301digo de Procedimiento Penal.<\/span><\/p><\/li><li><p><span style=\"font-size: 16px; font-family: inherit;\">Arts. 7-7) 11), 68, 84, 86-100, de la Ley Integral para Garantizar a las Mujeres una Vida Libre de Violencia, Ley\u00a0<\/span><span style=\"font-size: 16px; font-family: inherit;\">No 348.<\/span><\/p><\/li><li><p><span style=\"font-size: 16px; font-family: inherit;\">Ley No 1173, Ley de Abreviacio\u0301n Procesal Penal y Fortalecimiento de la Lucha Integral contra la Violencia a\u00a0<\/span><span style=\"font-size: 16px; font-family: inherit;\">Nin\u0303as, Nin\u0303os, Adolescentes y Mujeres.<\/span><\/p><\/li><li><p>Arts. 15, 16 Ley de Proteccio\u0301n a las Vi\u0301ctimas de Delitos contra la Libertad Sexual, Ley No 2033.<\/p><\/li><li><p>Arts. 16-I), 145-I) III), 147-I), 148-I), II-d), 149 del Co\u0301digo Nin\u0303a, Nin\u0303o y Adolescente, Ley N\u00b0 548.<\/p><\/li><li><p>Arts. 1, 2, 3, 5, 7, 8, 11, Declaracio\u0301n Universal de los Derechos Humanos.<\/p><\/li><li><p>Art. 5, 8-2), 11 Convencio\u0301n sobre Derechos Humanos. Pacto de San Jose\u0301 de Costa Rica. Ley No 1430.<\/p><\/li><li><p>Arts. 1, 2, 3, 4 Convencio\u0301n Interamericana para Prevenir, Sancionar y Erradicar la Violencia contra la Mujer\u00a0<span style=\"font-size: 16px; font-family: inherit;\">\u201cConvencio\u0301n de Bele\u0301m do Para\u0301\u201d, Ley No 1599.<\/span><\/p><\/li><li><p><span style=\"font-size: 16px; font-family: inherit;\">Art. 6, 34 Convencio\u0301n de los Derechos del Nin\u0303o, Ley N\u00b0 1152.<\/span><\/p><\/li><\/ul><\/div><\/div><\/div><\/div><\/td><\/tr><tr><td valign=\"top\"><div class=\"page\" title=\"Page 89\"><div class=\"section\"><div class=\"layoutArea\"><div class=\"column\"><p>Recomendaciones a tomar en cuenta por la\/el abogada(o)<\/p><\/div><\/div><\/div><\/div><\/td><td valign=\"top\"><div class=\"page\" title=\"Page 97\"><div class=\"section\"><div class=\"layoutArea\"><div class=\"column\"><ol><li>Todo acto de violencia en contra de las mujeres, debe ser denunciado en la Fuerza Especial de Lucha Contra la Violencia y\/o en el Ministerio Pu\u0301blico que son entidades pu\u0301blicas que funcionan las 24 hrs. del di\u0301a y los 365 di\u0301as del an\u0303o.<\/li><li><span style=\"font-size: 16px; font-family: inherit;\">En caso de delitos en contra de mujeres vinculados a distintas formas de violencia se aplicara\u0301 el procedimiento previsto en Ti\u0301tulo VI \u201cProcedimiento Especial para casos de Violencia contra Nin\u0303as, Nin\u0303os, Adolescentes o Mujeres\u201c (Art. 393 septier al 393 duoter del Co\u0301digo de Procedimiento Penal) y procedimiento de establecido por la Ley No 348 en sus Arts. 86 al 100.<\/span><\/li><li><span style=\"font-size: 16px; font-family: inherit;\">En caso de flagrancia observar lo dispuesto \u00a0porlos Arts. 393, \u00a0393Bis, 393 Ter, 393 quater, 393 quinquer, 393 sexter Co\u0301digo de Procedimiento Penal.<\/span><\/li><li><span style=\"font-size: 16px; font-family: inherit;\">Las notificaciones sera\u0301n realizadas a trave\u0301s de la Oficina \u00a0Gestorade Procesos mediante el Buzo\u0301n de Notificaciones de Ciudadani\u0301a Digital, excepto las notificaciones que deben ser realizadas de manera personal. En caso no existir la tecnologi\u0301a las notificaciones sera\u0301n realizadas en el domicilio procesal sen\u0303alado por las partes.<\/span><\/li><li><span style=\"font-size: 16px; font-family: inherit;\">Junto con la denuncia y\/o querella, se tiene que adjuntar toda la prueba que se pueda obtener o indicar do\u0301nde puede ser habida. Adema\u0301s, el informe psicolo\u0301gico.<\/span><\/li><li><span style=\"font-size: 16px; font-family: inherit;\">A tiempo de plantear la denuncia se debe solicitar las medidas de proteccio\u0301n establecidas por el Art. 35 Ley No 348 y las medidas de proteccio\u0301n especiales establecidas por los Arts. 389 al 389 quinquies del Co\u0301digo de Procedimiento Penal, que correspondan al caso.<\/span><\/li><li><span style=\"font-size: 16px; font-family: inherit;\">Se debe tomar en cuenta que las medidas de proteccio\u0301n especiales podra\u0301n ser dispuestas, ratificadas o modificadas por los tribunales y jueces competentes en cualquier etapa del proceso penal.<\/span><\/li><li><span style=\"font-size: 16px; font-family: inherit;\">Las medidas de proteccio\u0301n especiales podra\u0301n ser dispuestas por la o el fiscal, funcionaria\/o policial o cualquier otra autoridad prevista para la atencio\u0301n a mujeres en situacio\u0301n de violencia, tomando en cuenta lo establecido por los Arts. 389 ter, 389 quarter, 389 quinquies.<\/span><\/li><li><span style=\"font-family: inherit; font-size: 16px;\">Expli\u0301citamente se prohi\u0301be la revictimizacio\u0301n en todas las etapas del Proceso Penal, Art. 393 octer.<\/span><\/li><li><span style=\"font-size: 16px; font-family: inherit;\">En este tipo de delito se debe tomar en cuenta que ninguna institucio\u0301n receptora de denuncias, ni su personal, podra\u0301 promover la conciliacio\u0301n ni suscripcio\u0301n de ningu\u0301n tipo de acuerdo entre la vi\u0301ctima y su agresor, bajo\u00a0<\/span><span style=\"font-size: 16px; font-family: inherit;\">responsabilidad.<\/span><\/li><li><span style=\"font-size: 16px; font-family: inherit;\">Las agresiones fi\u0301sicas y sexuales en casos de nin\u0303as, nin\u0303os, adolescentes y mujeres, y recoleccio\u0301n de evidencias\u00a0<\/span><span style=\"font-size: 16px; font-family: inherit;\">debera\u0301n ser certificadas por cualquier profesional de la salud perteneciente a institucio\u0301n pu\u0301blica. En caso de violencia sexual el personal de servicios pu\u0301blicos podra\u0301 recolectar las evidencias y enviarlas al IDIF o Instituto de Investigaciones Te\u0301cnico Cienti\u0301fico de la Universidad Policial (IITCUP). Art. 393 noveter del Co\u0301digo de Procedimiento Penal.<\/span><\/li><li><span style=\"font-size: 16px; font-family: inherit;\">La\/el psico\u0301loga\/o del servicio debera\u0301 sugerir a la abogada\/o, los puntos generales a solicitar en pericia. De acuerdo al caso los puntos podra\u0301n ampliarse o restringirse:<\/span><ul><li><span style=\"font-size: 16px; font-family: inherit;\">Vi\u0301ctima:<\/span><ul><li>Determinar la credibilidad del testimonio sobre el hecho denunciado.<\/li><li>Establecer la existencia de consecuencias psicolo\u0301gicas producto de la violencia.<\/li><li>Establecer la relacio\u0301n causal entre la violencia y el dan\u0303o psicolo\u0301gico.<\/li><li>Determinar y caracterizar las lesiones y secuelas psicolo\u0301gicas a nivel biopsicosocial a corto y largo plazo.<\/li><li>Determinar los mecanismos psicolo\u0301gicos a trave\u0301s de los cuales se ha mantenido la violencia.<\/li><\/ul><\/li><li><span style=\"font-size: 16px; font-family: inherit;\">Agresor:<\/span><ul><li>Determinar caracteri\u0301sticas de personalidad y si habri\u0301a presencia de psicopatologi\u0301a.<\/li><li>Determinar el nivel de riesgo de acuerdo al hecho denunciado.<\/li><li>Determinar los componentes de pensamiento respecto a la figura de la mujer.<\/li><\/ul><\/li><\/ul><\/li><li><span style=\"font-size: 16px; font-family: inherit;\">En la obtencio\u0301n de la prueba se debe tomar en cuenta los requisitos de forma y fondo establecidos por el Co\u0301digo de Procedimiento Penal para su ofrecimiento, introduccio\u0301n y produccio\u0301n en juicio oral, conforme establecen los Arts. 13, 171 del Co\u0301digo de Procedimiento Penal y el Art. 8-2) Pacto de San Jose\u0301 de Costa Rica.<\/span><\/li><li><span style=\"font-size: 16px; font-family: inherit;\">Se debe observar toda la prueba presentada por la parte contraria y objetarla en la vi\u0301a incidental, siempre y cuando no cumpla los requisitos legales.<\/span><\/li><li><span style=\"font-size: 16px; font-family: inherit;\">Dentro del Procedimiento Penal, la vi\u0301ctima puede ser testigo, para ello debe tener informacio\u0301n de lo que esto representa y tener apoyo psicolo\u0301gico que permita establecer y valorar la pertinencia o no de su participacio\u0301n dentro del juicio oral.<\/span><\/li><li>La declaracio\u0301n de la vi\u0301ctima debera\u0301 ser efectuada vi\u0301a anticipo de prueba de conformidad al Art. 203 y 307 del Co\u0301digo de Procedimiento Penal, debiendo ser necesario el acompan\u0303amiento de la psico\u0301loga del servicio.<\/li><li>De acuerdo a las circunstancias ver la pertinencia de aceptar un procedimiento abreviado. Art. 373 Co\u0301digo de\u00a0<span style=\"font-size: 16px; font-family: inherit;\">Procedimiento Penal.<\/span><\/li><\/ol><\/div><\/div><div class=\"layoutArea\"><div class=\"column\"><div class=\"page\" title=\"Page 98\"><div class=\"section\"><div class=\"layoutArea\"><div class=\"column\">\u00a0<\/div><\/div><\/div><\/div><\/div><\/div><\/div><\/div><\/td><\/tr><\/tbody><\/table><\/div><\/div>\n\t\t\t\t<\/div>\n\t\t\t\t<\/div>\n\t\t\t\t\t\t<\/div>\n\t\t\t\t\t<\/div>\n\t\t<\/div>\n\t\t\t\t\t\t\t\t<\/div>\n\t\t\t\t\t<\/div>\n\t\t<\/section>\n\t\t\t\t<section class=\"elementor-section elementor-top-section elementor-element elementor-element-509ec17 elementor-section-boxed elementor-section-height-default elementor-section-height-default\" data-id=\"509ec17\" data-element_type=\"section\">\n\t\t\t\t\t\t<div class=\"elementor-container elementor-column-gap-default\">\n\t\t\t\t\t\t\t<div class=\"elementor-row\">\n\t\t\t\t\t<div class=\"elementor-column elementor-col-100 elementor-top-column elementor-element elementor-element-0d81800\" data-id=\"0d81800\" data-element_type=\"column\">\n\t\t\t<div class=\"elementor-column-wrap elementor-element-populated\">\n\t\t\t\t\t\t\t<div class=\"elementor-widget-wrap\">\n\t\t\t\t\t\t<div class=\"elementor-element elementor-element-5ad3700 elementor-widget elementor-widget-text-editor\" data-id=\"5ad3700\" data-element_type=\"widget\" data-widget_type=\"text-editor.default\">\n\t\t\t\t<div class=\"elementor-widget-container\">\n\t\t\t\t\t<div class=\"elementor-text-editor elementor-clearfix\"><div title=\"Page 31\"><table cellspacing=\"0\" cellpadding=\"0\"><tbody><tr><td colspan=\"2\" valign=\"top\"><h5 style=\"text-align: center;\"><span style=\"color: #43358b; font-family: Ubuntu; font-size: medium;\"><b>Actos sexuales abusivos<\/b><\/span><\/h5><\/td><\/tr><tr><td valign=\"top\"><div title=\"Page 89\"><div><div><div><p>Tipo penal<\/p><\/div><\/div><\/div><\/div><\/td><td valign=\"top\"><div title=\"Page 89\"><div><div><div><div class=\"page\" title=\"Page 98\"><div class=\"section\"><div class=\"layoutArea\"><div class=\"column\"><p>\u201cSe sancionara\u0301 con privacio\u0301n de libertad de cuatro (4) a seis (6) an\u0303os, a la persona que durante la relacio\u0301n sexual consentida, obligue a su pareja o co\u0301nyuge a soportar actos de violencia fi\u0301sica y humillacio\u0301n.<br \/>La pena se agravara\u0301 en un tercio cuando el autor obligue a su co\u0301nyuge, conviviente o pareja sexual a tener relaciones sexuales con terceras personas\u201d. <strong>Art. 312 Bis Co\u0301digo Penal<\/strong>.<\/p><\/div><\/div><\/div><\/div><\/div><\/div><\/div><\/div><\/td><\/tr><tr><td valign=\"top\"><div class=\"page\" title=\"Page 89\"><div class=\"section\"><div class=\"layoutArea\"><div class=\"column\"><p>Tipo de accio\u0301n<\/p><\/div><\/div><\/div><\/div><\/td><td valign=\"top\"><div class=\"page\" title=\"Page 89\"><div class=\"section\"><div class=\"layoutArea\"><div class=\"column\"><div class=\"page\" title=\"Page 98\"><div class=\"section\"><div class=\"layoutArea\"><div class=\"column\"><p>Es de accio\u0301n pu\u0301blica.<\/p><\/div><\/div><\/div><\/div><\/div><\/div><\/div><\/div><\/td><\/tr><tr><td valign=\"top\"><div class=\"page\" title=\"Page 89\"><div class=\"section\"><div class=\"layoutArea\"><div class=\"column\"><p>Sujetos facultados para ejercer la accio\u0301n<\/p><\/div><\/div><\/div><\/div><\/td><td valign=\"top\"><div class=\"page\" title=\"Page 89\"><div class=\"section\"><div class=\"layoutArea\"><div class=\"column\"><div class=\"page\" title=\"Page 98\"><div class=\"section\"><div class=\"layoutArea\"><div class=\"column\"><p>La vi\u0301ctima, el Ministerio Pu\u0301blico y la Defensori\u0301a de la Nin\u0303ez.<\/p><\/div><\/div><\/div><\/div><\/div><\/div><\/div><\/div><\/td><\/tr><tr><td valign=\"top\"><div class=\"page\" title=\"Page 89\"><div class=\"section\"><div class=\"layoutArea\"><div class=\"column\"><p>Competencia<\/p><\/div><\/div><\/div><\/div><\/td><td valign=\"top\"><div class=\"page\" title=\"Page 89\"><div class=\"section\"><div class=\"layoutArea\"><div class=\"column\"><div class=\"page\" title=\"Page 99\"><div class=\"section\"><div class=\"layoutArea\"><div class=\"column\"><p>Es competente el Juzgado de Instruccio\u0301n en Materia de Violencia contra las Mujeres y el Juzgado de Sentencia en Materia de Violencia contra las Mujeres Art. 72, 72 bis de la Ley No 025 Ley del O\u0301rgano Judicial, en relacio\u0301n al Art. 53 del Co\u0301digo de Procedimiento Penal.<\/p><\/div><\/div><\/div><\/div><\/div><\/div><\/div><\/div><\/td><\/tr><tr><td valign=\"top\"><div class=\"page\" title=\"Page 89\"><div class=\"section\"><div class=\"layoutArea\"><div class=\"column\"><p>Prescripcio\u0301n de\u00a0<span style=\"font-size: 16px; font-family: inherit;\">la accio\u0301n<\/span><\/p><\/div><\/div><\/div><\/div><\/td><td valign=\"top\"><div class=\"page\" title=\"Page 89\"><div class=\"section\"><div class=\"layoutArea\"><div class=\"column\"><div class=\"page\" title=\"Page 99\"><div class=\"section\"><div class=\"layoutArea\"><div class=\"column\"><p>Prescribe a los ocho an\u0303os te\u0301rmino que corre a partir de la media noche de la comisio\u0301n del hecho o desde el mo<span style=\"font-size: 16px; font-family: inherit;\">mento en que se cometio\u0301 el delito, o ceso\u0301 su consumacio\u0301n. Arts. 29-1), 30 del Co\u0301digo de Procedimiento Penal.<\/span><\/p><\/div><\/div><\/div><\/div><\/div><\/div><\/div><\/div><\/td><\/tr><tr><td valign=\"top\"><div class=\"page\" title=\"Page 89\"><div class=\"section\"><div class=\"layoutArea\"><div class=\"column\"><p>Duracio\u0301n del proceso<\/p><\/div><\/div><\/div><\/div><\/td><td valign=\"top\"><div class=\"page\" title=\"Page 89\"><div class=\"section\"><div class=\"layoutArea\"><div class=\"column\"><div class=\"page\" title=\"Page 99\"><div class=\"section\"><div class=\"layoutArea\"><div class=\"column\"><p>Ma\u0301xima de tres an\u0303os.<\/p><\/div><\/div><\/div><\/div><\/div><\/div><\/div><\/div><\/td><\/tr><tr><td valign=\"top\"><div class=\"page\" title=\"Page 89\"><div class=\"section\"><div class=\"layoutArea\"><div class=\"column\"><p>Recursos<\/p><\/div><\/div><\/div><\/div><\/td><td valign=\"top\"><div class=\"page\" title=\"Page 89\"><div class=\"section\"><div class=\"layoutArea\"><div class=\"column\"><div class=\"page\" title=\"Page 99\"><div class=\"section\"><div class=\"layoutArea\"><div class=\"column\"><p><strong>Recurso de Apelacio\u0301n Restringida:<\/strong><\/p><p>La sentencia emitida puede ser apelada siempre que se haya realizado la reserva de la misma en la substanciacio\u0301n del juicio, en el te\u0301rmino de 15 di\u0301as. Arts. 407-415 en relacio\u0301n al Art. 130 del Co\u0301digo de Procedimiento Penal.<\/p><p><strong>Recurso de Casacio\u0301n:<\/strong><\/p><p>El Auto de Vista puede ser recurrido cuando existen Autos de Vista contradictorios sobre una situacio\u0301n similar: en relacio\u0301n al sentido juri\u0301dico, la aplicacio\u0301n de las normas y su alcance, se debe invocar el precedente contradictorio en el te\u0301rmino de 5 di\u0301as de notificado con el Auto de Vista. Arts. 416-420 en relacio\u0301n al Art. 130 del Co\u0301digo de Procedimiento Penal.<\/p><\/div><\/div><\/div><\/div><\/div><\/div><\/div><\/div><\/td><\/tr><tr><td valign=\"top\"><div class=\"page\" title=\"Page 89\"><div class=\"section\"><div class=\"layoutArea\"><div class=\"column\"><p>Base legal<\/p><\/div><\/div><\/div><\/div><\/td><td valign=\"top\"><div class=\"page\" title=\"Page 99\"><div class=\"section\"><div class=\"layoutArea\"><div class=\"column\"><ul><li><p>Arts. 15 II) Constitucio\u0301n Poli\u0301tica del Estado.<\/p><\/li><li><p>Art. 312 Bis Co\u0301digo Penal.<\/p><\/li><li><p>Arts. 16, 17, 19, 29-3), 30, 36, 277-371, 373-374, 382-388 del Co\u0301digo de Procedimiento Penal.<\/p><\/li><li><p>Arts. 7-7), 68, 86-100, Ley Integral para Garantizar a las Mujeres una Vida Libre de Violencia, Ley No 348.<\/p><\/li><li><p>Ley No 1173, Ley de Abreviacio\u0301n Procesal Penal y Fortalecimiento de la Lucha Integral contra la Violencia a\u00a0<span style=\"font-size: 16px; font-family: inherit;\">Nin\u0303as, Nin\u0303os, Adolescentes y Mujeres.<\/span><\/p><\/li><\/ul><\/div><\/div><div class=\"layoutArea\"><div class=\"column\"><ul><li><p>Arts. 15,16 Ley de Proteccio\u0301n a las Vi\u0301ctimas de Delitos contra la Libertad Sexual, Ley No 2033.<\/p><\/li><li><p>Arts. 1, 2, 3, 5, 7, 8, 11, Declaracio\u0301n Universal de los Derechos Humanos.<\/p><\/li><li><p>Arts. 1, 2, 3, 4 Convencio\u0301n Interamericana para Prevenir, Sancionar y Erradicar la Violencia contra la Mujer\u00a0<span style=\"font-size: 16px; font-family: inherit;\">\u201cConvencio\u0301n de Bele\u0301m do Para\u0301\u201d. Ley No 1599.<\/span><\/p><\/li><\/ul><\/div><\/div><div class=\"layoutArea\"><div class=\"column\"><ul><li><p>Art. 5, 8-2), 11 Convencio\u0301n sobre Derechos Humanos. Pacto de San Jose\u0301 de Costa Rica. Ley No 1430.<\/p><\/li><li><p>Art. 6, 34 Convencio\u0301n de los Derechos del Nin\u0303o. Ley N\u00b0 1152.<\/p><\/li><\/ul><\/div><\/div><\/div><\/div><\/td><\/tr><tr><td valign=\"top\"><div class=\"page\" title=\"Page 89\"><div class=\"section\"><div class=\"layoutArea\"><div class=\"column\"><p>Recomendaciones a tomar en cuenta por la\/el abogada(o)<\/p><\/div><\/div><\/div><\/div><\/td><td valign=\"top\"><div class=\"page\" title=\"Page 99\"><div class=\"section\"><div class=\"layoutArea\"><div class=\"column\"><ol><li>Todo acto de violencia en contra de las mujeres, debe ser denunciado en la Fuerza Especial de Lucha Contra la Violencia y\/o en el Ministerio Pu\u0301blico que son entidades pu\u0301blicas que funcionan las 24 hrs. del di\u0301a y los 365 di\u0301as del an\u0303o.<\/li><li><span style=\"font-size: 16px; font-family: inherit;\">En caso de delitos en contra de mujeres vinculados a distintas formas de violencia se aplicara\u0301 el procedimiento previsto en Ti\u0301tulo VI \u201cProcedimiento Especial para casos de Violencia contra Nin\u0303as, Nin\u0303os, Adolescentes o Mujeres\u201c (Art. 393 septier al 393 duoter del Co\u0301digo de Procedimiento Penal) y procedimiento de establecido por la Ley No 348 en sus Arts. 86 al 100.<\/span><\/li><li><span style=\"font-size: 16px; font-family: inherit;\">En caso de flagrancia observarlo dispuesto por los Arts. 393, 393 Bis, 393 Ter, 393 quater, 393 quinquer, 393 sexter Co\u0301digo de Procedimiento Penal.<\/span><\/li><li><span style=\"font-size: 16px; font-family: inherit;\">Las notificaciones sera\u0301n realizadas a trave\u0301s de la Oficina Gestora de Procesos mediante el Buzo\u0301n de Notificaciones de Ciudadani\u0301a Digital, excepto las notificaciones que deben ser realizadas de manera personal. En caso no existir la tecnologi\u0301a las notificaciones sera\u0301n realizadas en el domicilio procesal sen\u0303alado por las partes.<\/span><\/li><li><span style=\"font-size: 16px; font-family: inherit;\">Junto con la denuncia y\/o querella, se tiene que adjuntar toda la prueba que se pueda obtener o indicar do\u0301nde puede ser habida. Adema\u0301s, el informe psicolo\u0301gico.<\/span><\/li><li><span style=\"font-size: 16px; font-family: inherit;\">A tiempo de plantear la denuncia se debe solicitar las medidas de proteccio\u0301n establecidas por el Art. 35 Ley No 348 y las medidas de proteccio\u0301n especiales establecidas por los Arts. 389 al 389 quinquies del Co\u0301digo de Procedimiento Penal, que correspondan al caso.<\/span><\/li><li><span style=\"font-size: 16px; font-family: inherit;\">Se debe tomar en cuenta que las medidas de proteccio\u0301n especiales podra\u0301n ser dispuestas, ratificadas o modificadas por los tribunales y jueces competentes en cualquier etapa del proceso penal.<\/span><\/li><li><span style=\"font-size: 16px; font-family: inherit;\">Las medidas de proteccio\u0301n especiales podra\u0301n ser dispuestas por la o el fiscal, funcionaria\/o policial o cualquier otra autoridad prevista para la atencio\u0301n a mujeres en situacio\u0301n de violencia, tomando en cuenta lo establecido por los Arts. 389 ter, 389 quarter, 389 quinquies.<\/span><\/li><li><span style=\"font-size: 16px; font-family: inherit;\">Expli\u0301citamente se prohi\u0301be la revictimizacio\u0301n en todas las etapas del Proceso Penal, Art. 393 octer.<\/span><\/li><li><span style=\"font-size: 16px; font-family: inherit;\">En caso de violencia fi\u0301sica o sexual contra mujeres cuya pena privativa de libertad sea igual o mayor a cuatro (4) an\u0303os, la vi\u0301ctima podra\u0301 solicitar el divorcio o desvinculacio\u0301n conyugal por ruptura del proyecto de vida en comu\u0301n, asimismo podra\u0301 solicitar la asistencia familiar y la guarda de los hijos, en estos dos u\u0301ltimos casos su modificacio\u0301n sera\u0301 tramitada en la jurisdiccio\u0301n competente. Art. 393 deciter.<\/span><\/li><li><span style=\"font-size: 16px; font-family: inherit;\">En este tipo de delito se debe tomar en cuenta que ninguna institucio\u0301n receptora de denuncias ni su personal, podra\u0301 promover la conciliacio\u0301n ni suscripcio\u0301n de ningu\u0301n tipo de acuerdo entre la vi\u0301ctima y su agresor, bajo responsabilidad.<\/span><\/li><li><span style=\"font-size: 16px; font-family: inherit;\">La\/el psico\u0301loga\/o del servicio debera\u0301 sugerir a la abogada\/o, los puntos generales a solicitar en pericia. De acuerdo al caso los puntos podra\u0301n ampliarse o restringirse:<\/span><ul><li><span style=\"font-size: 16px; font-family: inherit;\">Vi\u0301ctima:<\/span><ul><li>Determinar la credibilidad del testimonio sobre el hecho denunciado.<\/li><li>Establecer la existencia de consecuencias psicolo\u0301gicas producto de la violencia.<\/li><li>Establecer la relacio\u0301n causal entre la violencia y el dan\u0303o psicolo\u0301gico.<\/li><li>Determinar y caracterizar las lesiones y secuelas psicolo\u0301gicas a nivel biopsicosocial a corto y largo plazo.<\/li><li>Determinar los mecanismos psicolo\u0301gicos a trave\u0301s de los cuales se ha mantenido la violencia sexual.<\/li><\/ul><\/li><li><span style=\"font-size: 16px; font-family: inherit;\">Agresor:<\/span><ul><li>Determinar caracteri\u0301sticas de personalidad y si habri\u0301a presencia de psicopatologi\u0301a.<\/li><li>Determinar el nivel de riesgo de acuerdo al hecho denunciado.<\/li><li>Determinar el tipo de estrategia que utiliza el agresor frente a la vi\u0301ctima para concretar los hechos de\u00a0<span style=\"font-size: 16px; font-family: inherit;\">violencia sexual.<\/span><\/li><\/ul><\/li><li><span style=\"font-size: 16px; font-family: inherit;\">Determinar los componentes de pensamiento respecto a la figura de la mujer.<\/span><\/li><\/ul><\/li><li><span style=\"font-size: 16px; font-family: inherit;\">En la obtencio\u0301n de la prueba se debe tomar en cuenta los requisitos de forma y fondo establecidos por el\u00a0<\/span><span style=\"font-size: 16px; font-family: inherit;\">Co\u0301digo de Procedimiento Penal para su ofrecimiento, introduccio\u0301n y produccio\u0301n en juicio oral, conforme esta<\/span><span style=\"font-size: 16px; font-family: inherit;\">blecen los Arts. 13, 171 del Co\u0301digo de Procedimiento Penal y el Art. 8-2) Pacto de San Jose\u0301 de Costa Rica.<\/span><\/li><li><span style=\"font-size: 16px; font-family: inherit;\">Se debe observar toda la prueba presentada por la parte contraria y objetarla en la vi\u0301a incidental, siempre y\u00a0<\/span><span style=\"font-size: 16px; font-family: inherit;\">cuando no cumpla los requisitos legales.<\/span><\/li><li><span style=\"font-size: 16px; font-family: inherit;\">Se debe tener presente que los actos sexuales abusivos son ejercicio de poder y no un hecho provocado por la\u00a0<\/span><span style=\"font-size: 16px; font-family: inherit;\">vi\u0301ctima.<\/span><\/li><li><span style=\"font-size: 16px; font-family: inherit;\">Dentro del Procedimiento Penal, la vi\u0301ctima puede ser testigo, para ello debe tener informacio\u0301n de lo que esto\u00a0<\/span><span style=\"font-size: 16px; font-family: inherit;\">representa y tener apoyo psicolo\u0301gico que permita establecer y valorar la pertinencia o no de su participacio\u0301n\u00a0<\/span><span style=\"font-size: 16px; font-family: inherit;\">dentro del juicio oral.<\/span><\/li><li><span style=\"font-size: 16px; font-family: inherit;\">La declaracio\u0301n de la vi\u0301ctima debera\u0301 ser efectuada vi\u0301a anticipo de prueba de conformidad al Art. 203 y 307 del\u00a0<\/span><span style=\"font-size: 16px; font-family: inherit;\">Co\u0301digo de Procedimiento Penal debiendo ser necesario el acompan\u0303amiento de la psico\u0301loga del servicio.<\/span><\/li><li><span style=\"font-size: 16px; font-family: inherit;\">Es importante que la vi\u0301ctima reciba apoyo psicolo\u0301gico para aminorar las secuelas emocionales producto de la\u00a0<\/span><span style=\"font-size: 16px; font-family: inherit;\">agresio\u0301n sufrida.<\/span><\/li><li><span style=\"font-size: 16px; font-family: inherit;\">Las agresiones fi\u0301sicas y sexuales en casos de nin\u0303as, nin\u0303os, adolescentes y mujeres, y recoleccio\u0301n de evidencias\u00a0<\/span><span style=\"font-size: 16px; font-family: inherit;\">debera\u0301n ser certificadas por cualquier profesional de la salud perteneciente a institucio\u0301n pu\u0301blica. En caso de violencia sexual el personal de servicios pu\u0301blicos podra\u0301 recolectar las evidencias y enviarlas al IDIF o IITCUP (Instituto de Investigaciones Te\u0301cnico Cienti\u0301fico de la Universidad Policial). Art. 393 noveter del Co\u0301digo de Procedimiento Penal.<\/span><\/li><li><span style=\"font-size: 16px; font-family: inherit;\">De acuerdo a las circunstancias ver la pertinencia de aceptar un procedimiento abreviado. Art. 373 Co\u0301digo de Procedimiento Penal.<\/span><\/li><\/ol><\/div><\/div><\/div><\/div><\/td><\/tr><\/tbody><\/table><\/div><\/div>\n\t\t\t\t<\/div>\n\t\t\t\t<\/div>\n\t\t\t\t\t\t<\/div>\n\t\t\t\t\t<\/div>\n\t\t<\/div>\n\t\t\t\t\t\t\t\t<\/div>\n\t\t\t\t\t<\/div>\n\t\t<\/section>\n\t\t\t\t<section class=\"elementor-section elementor-top-section elementor-element elementor-element-83a1579 elementor-section-boxed elementor-section-height-default elementor-section-height-default\" data-id=\"83a1579\" data-element_type=\"section\">\n\t\t\t\t\t\t<div class=\"elementor-container elementor-column-gap-default\">\n\t\t\t\t\t\t\t<div class=\"elementor-row\">\n\t\t\t\t\t<div class=\"elementor-column elementor-col-100 elementor-top-column elementor-element elementor-element-5a5e719\" data-id=\"5a5e719\" data-element_type=\"column\">\n\t\t\t<div class=\"elementor-column-wrap elementor-element-populated\">\n\t\t\t\t\t\t\t<div class=\"elementor-widget-wrap\">\n\t\t\t\t\t\t<div class=\"elementor-element elementor-element-fa56664 elementor-widget elementor-widget-text-editor\" data-id=\"fa56664\" data-element_type=\"widget\" data-widget_type=\"text-editor.default\">\n\t\t\t\t<div class=\"elementor-widget-container\">\n\t\t\t\t\t<div class=\"elementor-text-editor elementor-clearfix\"><div title=\"Page 31\"><table cellspacing=\"0\" cellpadding=\"0\"><tbody><tr><td colspan=\"2\" valign=\"top\"><h5 style=\"text-align: center;\"><span style=\"color: #43358b; font-family: Ubuntu; font-size: medium;\"><b>Bigamia<\/b><\/span><\/h5><\/td><\/tr><tr><td valign=\"top\"><div title=\"Page 89\"><div><div><div><p>Tipo penal<\/p><\/div><\/div><\/div><\/div><\/td><td valign=\"top\"><div title=\"Page 89\"><div><div><div><div class=\"page\" title=\"Page 100\"><div class=\"section\"><div class=\"layoutArea\"><div class=\"column\"><p>\u201cEl que contrajere nuevo matrimonio sabiendo no estar disuelto el anterior a que se hallaba ligado, incurrira\u0301 en privacio\u0301n de libertad de dos (2) a cuatro (4) an\u0303os\u201d. <strong>Art. 240 Co\u0301digo Penal.<\/strong><\/p><\/div><\/div><\/div><\/div><\/div><\/div><\/div><\/div><\/td><\/tr><tr><td valign=\"top\"><div class=\"page\" title=\"Page 89\"><div class=\"section\"><div class=\"layoutArea\"><div class=\"column\"><p>Tipo de accio\u0301n<\/p><\/div><\/div><\/div><\/div><\/td><td valign=\"top\"><div class=\"page\" title=\"Page 89\"><div class=\"section\"><div class=\"layoutArea\"><div class=\"column\"><div class=\"page\" title=\"Page 100\"><div class=\"section\"><div class=\"layoutArea\"><div class=\"column\"><p>Es de accio\u0301n pu\u0301blica.<\/p><\/div><\/div><\/div><\/div><\/div><\/div><\/div><\/div><\/td><\/tr><tr><td valign=\"top\"><div class=\"page\" title=\"Page 89\"><div class=\"section\"><div class=\"layoutArea\"><div class=\"column\"><p>Sujetos facultados para ejercer la accio\u0301n<\/p><\/div><\/div><\/div><\/div><\/td><td valign=\"top\"><div class=\"page\" title=\"Page 89\"><div class=\"section\"><div class=\"layoutArea\"><div class=\"column\"><div class=\"page\" title=\"Page 100\"><div class=\"section\"><div class=\"layoutArea\"><div class=\"column\"><p>La vi\u0301ctima y el Ministerio Pu\u0301blico.<\/p><\/div><\/div><\/div><\/div><\/div><\/div><\/div><\/div><\/td><\/tr><tr><td valign=\"top\"><div class=\"page\" title=\"Page 89\"><div class=\"section\"><div class=\"layoutArea\"><div class=\"column\"><p>Competencia<\/p><\/div><\/div><\/div><\/div><\/td><td valign=\"top\"><div class=\"page\" title=\"Page 89\"><div class=\"section\"><div class=\"layoutArea\"><div class=\"column\"><div class=\"page\" title=\"Page 100\"><div class=\"section\"><div class=\"layoutArea\"><div class=\"column\"><p>Es competente el Juez de Instruccio\u0301n en lo Penal y Juez de Sentencia en lo Penal en relacio\u0301n a los Arts. 49-53 del Co\u0301digo de Procedimiento Penal.<\/p><\/div><\/div><\/div><\/div><\/div><\/div><\/div><\/div><\/td><\/tr><tr><td valign=\"top\"><div class=\"page\" title=\"Page 89\"><div class=\"section\"><div class=\"layoutArea\"><div class=\"column\"><p>Prescripcio\u0301n de\u00a0<span style=\"font-size: 16px; font-family: inherit;\">la accio\u0301n<\/span><\/p><\/div><\/div><\/div><\/div><\/td><td valign=\"top\"><div class=\"page\" title=\"Page 89\"><div class=\"section\"><div class=\"layoutArea\"><div class=\"column\"><div class=\"page\" title=\"Page 101\"><div class=\"section\"><div class=\"layoutArea\"><div class=\"column\"><p>Prescribe a los cinco an\u0303os, te\u0301rmino que corre a partir de la media noche de la comisio\u0301n del hecho o desde el\u00a0<span style=\"font-size: 16px; font-family: inherit;\">momento en que se cometio\u0301 el delito, o ceso\u0301 su consumacio\u0301n. Arts. 29-2), 30 del Co\u0301digo de Procedimiento Penal.<\/span><\/p><\/div><\/div><\/div><\/div><\/div><\/div><\/div><\/div><\/td><\/tr><tr><td valign=\"top\"><div class=\"page\" title=\"Page 89\"><div class=\"section\"><div class=\"layoutArea\"><div class=\"column\"><p>Duracio\u0301n del proceso<\/p><\/div><\/div><\/div><\/div><\/td><td valign=\"top\"><div class=\"page\" title=\"Page 89\"><div class=\"section\"><div class=\"layoutArea\"><div class=\"column\"><div class=\"page\" title=\"Page 101\"><div class=\"section\"><div class=\"layoutArea\"><div class=\"column\"><p>Ma\u0301xima de tres an\u0303os.<\/p><\/div><\/div><\/div><\/div><\/div><\/div><\/div><\/div><\/td><\/tr><tr><td valign=\"top\"><div class=\"page\" title=\"Page 89\"><div class=\"section\"><div class=\"layoutArea\"><div class=\"column\"><p>Recursos<\/p><\/div><\/div><\/div><\/div><\/td><td valign=\"top\"><div class=\"page\" title=\"Page 89\"><div class=\"section\"><div class=\"layoutArea\"><div class=\"column\"><div class=\"page\" title=\"Page 101\"><div class=\"section\"><div class=\"layoutArea\"><div class=\"column\"><p><strong>Recurso de Apelacio\u0301n Restringida:<\/strong><\/p><p>La sentencia emitida puede ser apelada siempre que se haya realizado la reserva de la misma en la substanciacio\u0301n del juicio, en el te\u0301rmino de 15 di\u0301as. Arts. 407-415 en relacio\u0301n al Art. 130 del Co\u0301digo de Procedimiento Penal.<\/p><p><strong>Recurso de Casacio\u0301n:<\/strong><\/p><p>El Auto de Vista puede ser recurrido cuando existen Autos de Vista contradictorios sobre una situacio\u0301n similar: en relacio\u0301n al sentido juri\u0301dico, la aplicacio\u0301n de las normas y su alcance, se debe invocar el precedente contradictorio en el te\u0301rmino de 5 di\u0301as de notificado con el Auto de Vista. Arts. 416-420 en relacio\u0301n al Art. 130 del Co\u0301digo de Procedimiento Penal.<\/p><\/div><\/div><\/div><\/div><\/div><\/div><\/div><\/div><\/td><\/tr><tr><td valign=\"top\"><div class=\"page\" title=\"Page 89\"><div class=\"section\"><div class=\"layoutArea\"><div class=\"column\"><p>Base legal<\/p><\/div><\/div><\/div><\/div><\/td><td valign=\"top\"><div class=\"page\" title=\"Page 101\"><div class=\"section\"><div class=\"layoutArea\"><div class=\"column\"><ul><li><p>Arts. 63-I) Constitucio\u0301n Poli\u0301tica del Estado.<\/p><\/li><li><p>Art. 240 Co\u0301digo Penal.<\/p><\/li><li><p>Ley No 1173, Ley de Abreviacio\u0301n Procesal Penal y Fortalecimiento de la Lucha Integral contra la Violencia a\u00a0<span style=\"font-size: 16px; font-family: inherit;\">Nin\u0303as, Nin\u0303os, Adolescentes y Mujeres<\/span><\/p><\/li><li><p><span style=\"font-size: 16px; font-family: inherit;\">Arts. 16, 17, 19, 29-3), 30, 36, 277-371, 373-374, 382-388, 393, 393 bis, 393 ter, 393 quater, 393 quinquer,\u00a0<\/span><span style=\"font-size: 16px; font-family: inherit;\">393 sexter del Co\u0301digo de Procedimiento Penal.<\/span><\/p><\/li><li><p><span style=\"font-size: 16px; font-family: inherit;\">Arts. 1, 2, 3, 4 Convencio\u0301n Interamericana Para Prevenir, Sancionar y Erradicar la Violencia contra la Mujer\u00a0<\/span><span style=\"font-size: 16px; font-family: inherit;\">\u201cConvencio\u0301n de Bele\u0301m do Para\u0301\u201d, Ley No 1599.<\/span><\/p><\/li><\/ul><\/div><\/div><\/div><\/div><\/td><\/tr><tr><td valign=\"top\"><div class=\"page\" title=\"Page 89\"><div class=\"section\"><div class=\"layoutArea\"><div class=\"column\"><p>Recomendaciones a tomar en cuenta por la\/el abogada(o)<\/p><\/div><\/div><\/div><\/div><\/td><td valign=\"top\"><div class=\"page\" title=\"Page 101\"><div class=\"section\"><div class=\"layoutArea\"><div class=\"column\"><ol><li>Junto con la denuncia y\/o querella, se tiene que adjuntar toda la prueba que se pueda obtener o indicar do\u0301nde puede ser habida.<\/li><li><span style=\"font-size: 16px; font-family: inherit;\">En caso de flagrancia observar lo dispuesto por los Arts. 393, 393 bis, 393 ter, 393 quater, 393 quinquer, 393 sexter Co\u0301digo de Procedimiento Penal.<\/span><\/li><li><span style=\"font-size: 16px; font-family: inherit;\">En la obtencio\u0301n de la prueba se debe tomar en cuenta los requisitos de forma y fondo establecidos por el Co\u0301digo de Procedimiento Penal para su ofrecimiento, introduccio\u0301n y produccio\u0301n en juicio oral, conforme establecen los Arts. 13, 171 del Co\u0301digo de Procedimiento Penal y el Art. 8-2) Pacto de San Jose\u0301 de Costa Rica.<\/span><\/li><li><span style=\"font-size: 16px; font-family: inherit;\">Se debe observar toda la prueba presentada por la parte contraria y objetarla en la vi\u0301a incidental, siempre y cuando no cumpla los requisitos legales.<\/span><\/li><li><span style=\"font-size: 16px; font-family: inherit;\">Iniciada la accio\u0301n, se puede optar por una salida alternativa prevista en el Art.23, 373 del Co\u0301digo del Procedimiento Penal.<\/span><\/li><\/ol><\/div><\/div><\/div><\/div><\/td><\/tr><\/tbody><\/table><\/div><\/div>\n\t\t\t\t<\/div>\n\t\t\t\t<\/div>\n\t\t\t\t\t\t<\/div>\n\t\t\t\t\t<\/div>\n\t\t<\/div>\n\t\t\t\t\t\t\t\t<\/div>\n\t\t\t\t\t<\/div>\n\t\t<\/section>\n\t\t\t\t<section class=\"elementor-section elementor-top-section elementor-element elementor-element-04b9f72 elementor-section-boxed elementor-section-height-default elementor-section-height-default\" data-id=\"04b9f72\" data-element_type=\"section\">\n\t\t\t\t\t\t<div class=\"elementor-container elementor-column-gap-default\">\n\t\t\t\t\t\t\t<div class=\"elementor-row\">\n\t\t\t\t\t<div class=\"elementor-column elementor-col-100 elementor-top-column elementor-element elementor-element-273ebc9\" data-id=\"273ebc9\" data-element_type=\"column\">\n\t\t\t<div class=\"elementor-column-wrap elementor-element-populated\">\n\t\t\t\t\t\t\t<div class=\"elementor-widget-wrap\">\n\t\t\t\t\t\t<div class=\"elementor-element elementor-element-1fce347 elementor-widget elementor-widget-text-editor\" data-id=\"1fce347\" data-element_type=\"widget\" data-widget_type=\"text-editor.default\">\n\t\t\t\t<div class=\"elementor-widget-container\">\n\t\t\t\t\t<div class=\"elementor-text-editor elementor-clearfix\"><div title=\"Page 31\"><table cellspacing=\"0\" cellpadding=\"0\"><tbody><tr><td colspan=\"2\" valign=\"top\"><h5 style=\"text-align: center;\"><span style=\"color: #43358b; font-family: Ubuntu; font-size: medium;\"><b>Corrupci\u00f3n de mayores<\/b><\/span><\/h5><\/td><\/tr><tr><td valign=\"top\"><div title=\"Page 89\"><div><div><div><p>Tipo penal<\/p><\/div><\/div><\/div><\/div><\/td><td valign=\"top\"><div title=\"Page 89\"><div><div><div><div class=\"page\" title=\"Page 101\"><div class=\"section\"><div class=\"layoutArea\"><div class=\"column\"><p>\u201cQuien por cualquier medio corrompiera o contribuyera a la corrupcio\u0301n de mayores de dieciocho (18) an\u0303os, sera\u0301 sancionado con reclusio\u0301n de tres (3) meses a dos (2) an\u0303os.<br \/>La pena sera\u0301 agravada en una mitad en los casos 2), 3), 4) y 5) del arti\u0301culo anterior\u201d. <strong>Art. 320 Co\u0301digo Penal.<\/strong><\/p><\/div><\/div><\/div><\/div><\/div><\/div><\/div><\/div><\/td><\/tr><tr><td valign=\"top\"><div class=\"page\" title=\"Page 89\"><div class=\"section\"><div class=\"layoutArea\"><div class=\"column\"><p>Tipo de accio\u0301n<\/p><\/div><\/div><\/div><\/div><\/td><td valign=\"top\"><div class=\"page\" title=\"Page 89\"><div class=\"section\"><div class=\"layoutArea\"><div class=\"column\"><div class=\"page\" title=\"Page 101\"><div class=\"section\"><div class=\"layoutArea\"><div class=\"column\"><p>Es de accio\u0301n pu\u0301blica a instancia de parte.<\/p><\/div><\/div><\/div><\/div><\/div><\/div><\/div><\/div><\/td><\/tr><tr><td valign=\"top\"><div class=\"page\" title=\"Page 89\"><div class=\"section\"><div class=\"layoutArea\"><div class=\"column\"><p>Sujetos facultados para ejercer la accio\u0301n<\/p><\/div><\/div><\/div><\/div><\/td><td valign=\"top\"><div class=\"page\" title=\"Page 89\"><div class=\"section\"><div class=\"layoutArea\"><div class=\"column\"><div class=\"page\" title=\"Page 101\"><div class=\"section\"><div class=\"layoutArea\"><div class=\"column\"><p>La vi\u0301ctima y el Ministerio Pu\u0301blico a sola denuncia de e\u0301sta. Art. 17, 19 del Co\u0301digo de Procedimiento Penal.<\/p><\/div><\/div><\/div><\/div><\/div><\/div><\/div><\/div><\/td><\/tr><tr><td valign=\"top\"><div class=\"page\" title=\"Page 89\"><div class=\"section\"><div class=\"layoutArea\"><div class=\"column\"><p>Competencia<\/p><\/div><\/div><\/div><\/div><\/td><td valign=\"top\"><div class=\"page\" title=\"Page 89\"><div class=\"section\"><div class=\"layoutArea\"><div class=\"column\"><div class=\"page\" title=\"Page 101\"><div class=\"section\"><div class=\"layoutArea\"><div class=\"column\"><p>Es competente el Juzgado de Instruccio\u0301n en Materia de Violencia contra las Mujeres y el Juzgado de Sentencia en Materia de Violencia contra las Mujeres Art. 72, 72 bis de la Ley No 025 Ley del O\u0301rgano Judicial, en relacio\u0301n al Art. 53 del Co\u0301digo de Procedimiento Penal.<\/p><\/div><\/div><\/div><\/div><\/div><\/div><\/div><\/div><\/td><\/tr><tr><td valign=\"top\"><div class=\"page\" title=\"Page 89\"><div class=\"section\"><div class=\"layoutArea\"><div class=\"column\"><p>Prescripcio\u0301n de\u00a0<span style=\"font-size: 16px; font-family: inherit;\">la accio\u0301n<\/span><\/p><\/div><\/div><\/div><\/div><\/td><td valign=\"top\"><div class=\"page\" title=\"Page 89\"><div class=\"section\"><div class=\"layoutArea\"><div class=\"column\"><div class=\"page\" title=\"Page 101\"><div class=\"section\"><div class=\"layoutArea\"><div class=\"column\"><p>En relacio\u0301n a la primera parte del tipo penal prescribe a los tres an\u0303os y en la segunda parte a los cinco an\u0303os, te\u0301rmino que corre a partir de la media noche de la comisio\u0301n del hecho o desde el momento en que se cometio\u0301 el delito, o ceso\u0301 su consumacio\u0301n. Arts. 29-2), 3), 30 del Co\u0301digo de Procedimiento Penal.<\/p><\/div><\/div><\/div><\/div><\/div><\/div><\/div><\/div><\/td><\/tr><tr><td valign=\"top\"><div class=\"page\" title=\"Page 89\"><div class=\"section\"><div class=\"layoutArea\"><div class=\"column\"><p>Duracio\u0301n del proceso<\/p><\/div><\/div><\/div><\/div><\/td><td valign=\"top\"><div class=\"page\" title=\"Page 89\"><div class=\"section\"><div class=\"layoutArea\"><div class=\"column\"><div class=\"page\" title=\"Page 101\"><div class=\"section\"><div class=\"layoutArea\"><div class=\"column\"><p>Ma\u0301xima de tres an\u0303os.<\/p><\/div><\/div><\/div><\/div><\/div><\/div><\/div><\/div><\/td><\/tr><tr><td valign=\"top\"><div class=\"page\" title=\"Page 89\"><div class=\"section\"><div class=\"layoutArea\"><div class=\"column\"><p>Recursos<\/p><\/div><\/div><\/div><\/div><\/td><td valign=\"top\"><div class=\"page\" title=\"Page 89\"><div class=\"section\"><div class=\"layoutArea\"><div class=\"column\"><div class=\"page\" title=\"Page 102\"><div class=\"section\"><div class=\"layoutArea\"><div class=\"column\"><p><strong>Recurso de Apelacio\u0301n Restringida:<\/strong><\/p><p>La sentencia emitida puede ser apelada siempre que se haya realizado la reserva de la misma en la substanciacio\u0301n del juicio, en el te\u0301rmino de 15 di\u0301as. Arts. 407-415 en relacio\u0301n al Art. 130 del Co\u0301digo de Procedimiento Penal.<\/p><p><strong>Recurso de Casacio\u0301n:<\/strong><\/p><p>El Auto de Vista puede ser recurrido cuando existen Autos de Vista contradictorios sobre una situacio\u0301n similar: en relacio\u0301n al sentido juri\u0301dico, la aplicacio\u0301n de las normas y su alcance, se debe invocar el precedente contradictorio en el te\u0301rmino de 5 di\u0301as de notificado con el Auto de Vista. Arts. 416-420 en relacio\u0301n al Art. 130 del Co\u0301digo de Procedimiento Penal.<\/p><\/div><\/div><\/div><\/div><\/div><\/div><\/div><\/div><\/td><\/tr><tr><td valign=\"top\"><div class=\"page\" title=\"Page 89\"><div class=\"section\"><div class=\"layoutArea\"><div class=\"column\"><p>Base legal<\/p><\/div><\/div><\/div><\/div><\/td><td valign=\"top\"><div class=\"page\" title=\"Page 102\"><div class=\"section\"><div class=\"layoutArea\"><div class=\"column\"><ul><li><p>Arts. 15 II-IV) Constitucio\u0301n Poli\u0301tica del Estado.<\/p><\/li><li><p>Art. 320 Co\u0301digo Penal.<\/p><\/li><li><p>Ley No 1173, Ley de Abreviacio\u0301n Procesal Penal y Fortalecimiento de la Lucha Integral contra la Violencia a\u00a0<span style=\"font-size: 16px; font-family: inherit;\">Nin\u0303as, Nin\u0303os, Adolescentes y Mujeres.<\/span><\/p><\/li><li><p><span style=\"font-size: 16px; font-family: inherit;\">Arts. 16, 17, 19, 29-3), 30, 36, 277-371, 373-374, 382-388, 393, 393 bis, 393 ter, 393 quater, 393 quinquer,\u00a0<\/span><span style=\"font-size: 16px; font-family: inherit;\">393 sexter Co\u0301digo de Procedimiento Penal.<\/span><\/p><\/li><li><p>Arts. 7, 8, 11, 12 Declaracio\u0301n Universal de los Derechos Humanos.\u00a0<\/p><\/li><li><p>Arts. 1, 2, Convencio\u0301n Interamericana para Prevenir, Sancionar y Erradicar la Violencia contra la Mujer \u201cConven<span style=\"font-size: 16px; font-family: inherit;\">cio\u0301n de Bele\u0301m do Para\u0301\u201d, Ley No 1599.<\/span><\/p><\/li><\/ul><\/div><\/div><\/div><\/div><\/td><\/tr><tr><td valign=\"top\"><div class=\"page\" title=\"Page 89\"><div class=\"section\"><div class=\"layoutArea\"><div class=\"column\"><p>Recomendaciones a tomar en cuenta por la\/el abogada(o)<\/p><\/div><\/div><\/div><\/div><\/td><td valign=\"top\"><div class=\"page\" title=\"Page 102\"><div class=\"section\"><div class=\"layoutArea\"><div class=\"column\"><ol><li>En caso de delitos en contra de mujeres vinculados a distintas formas de violencia se aplicara\u0301 el procedimiento previsto en Ti\u0301tulo VI \u201cProcedimiento Especial para casos de Violencia contra Nin\u0303as, Nin\u0303os, Adolescentes o Mujeres\u201c (Art. 393 septier al 393 duoter del Co\u0301digo de Procedimiento Penal) y procedimiento de establecido por la Ley No 348 en sus Arts. 86 al 100.<\/li><li><span style=\"font-size: 16px; font-family: inherit;\">En caso de flagrancia observar lo dispuesto por los Arts. 393, 393 Bis, 393 Ter, 393 quater, 393 quinquer, 393 sexter Co\u0301digo de Procedimiento Penal.<\/span><\/li><li><span style=\"font-size: 16px; font-family: inherit;\">Las notificaciones sera\u0301n realizadas a trave\u0301s de la Oficina Gestora de Procesos mediante el Buzo\u0301n de Notificaciones de Ciudadani\u0301a Digital, excepto las notificaciones que deben ser realizadas de manera personal. En caso no existir la tecnologi\u0301a las notificaciones sera\u0301n realizadas en el domicilio procesal sen\u0303alado por las partes.<\/span><\/li><li><span style=\"font-size: 16px; font-family: inherit;\">Junto con la denuncia y\/o querella, se tiene que adjuntar toda la prueba que se pueda obtener o indicar do\u0301nde puede ser habida. Adema\u0301s, el informe psicolo\u0301gico.<\/span><\/li><li><span style=\"font-size: 16px; font-family: inherit;\">A tiempo de plantear la denuncia se debe solicitar las medidas de proteccio\u0301n establecidas por el Art. 35 Ley No 348 y las medidas de proteccio\u0301n especiales establecidas por los Arts. 389 al 389 quinquies del Co\u0301digo de Procedimiento Penal, que correspondan al caso.<\/span><\/li><li><span style=\"font-size: 16px; font-family: inherit;\">Se debe tomar en cuenta que las medidas de proteccio\u0301n especiales podra\u0301n ser dispuestas, ratificadas o modificadas por los tribunales y jueces competentes en cualquier etapa del proceso penal.<\/span><\/li><li><span style=\"font-size: 16px; font-family: inherit;\">Las medidas de proteccio\u0301n especiales podra\u0301n ser dispuestas por la o el fiscal, funcionaria\/o policial o cualquier otra autoridad prevista para la atencio\u0301n a mujeres en situacio\u0301n de violencia, tomando en cuenta lo establecido por los Arts. 389 ter, 389 quarter, 389 quinquies.<\/span><\/li><li>Expli\u0301citamente se prohi\u0301be la revictimizacio\u0301n en todas las etapas del Proceso Penal, Art. 393 octer.<\/li><li>En caso de violencia fi\u0301sica o sexual contra mujeres cuya pena privativa de libertad sea igual o mayor a cuatro (4) an\u0303os, la vi\u0301ctima podra\u0301 solicitar el divorcio o desvinculacio\u0301n conyugal por ruptura del proyecto de vida en comu\u0301n, asimismo podra\u0301 solicitar la asistencia familiar y la guarda de los hijos, en estos dos u\u0301ltimos casos su\u00a0<span style=\"font-size: 16px; font-family: inherit;\">modificacio\u0301n sera\u0301 tramitada en la jurisdiccio\u0301n competente. Art. 393 deciter.<\/span><\/li><li><span style=\"font-size: 16px; font-family: inherit;\">La detencio\u0301n preventiva procedera\u0301 de manera excepcional en los delitos que atenten contra la vida, integridad\u00a0<\/span><span style=\"font-size: 16px; font-family: inherit;\">corporal o libertad sexual de nin\u0303as, nin\u0303os, adolescentes, mujeres y adultos mayores. Art. 232 del Co\u0301digo de Procedimiento de Penal. La detencio\u0301n preventiva tendra\u0301 una duracio\u0301n establecida, podra\u0301 ser ampliada a peticio\u0301n fundada del Fiscal o Querellante<\/span><\/li><li><span style=\"font-size: 16px; font-family: inherit;\">En la obtencio\u0301n de la prueba se debe tomar en cuenta los requisitos de forma y fondo establecidos por el Co\u0301digo de Procedimiento Penal para su ofrecimiento, introduccio\u0301n y produccio\u0301n en juicio oral, conforme establecen los Arts. 13, 171 del Co\u0301digo de Procedimiento Penal y el Art. 8-2) Pacto de San Jose\u0301 de Costa Rica.<\/span><\/li><li><span style=\"font-size: 16px; font-family: inherit;\">Se debe observar toda la prueba presentada por la parte contraria y objetarla en la vi\u0301a incidental, siempre y cuando no cumpla los requisitos legales.<\/span><\/li><li>Se puede optar por la salida alternativa, prevista en el Art. 373 Co\u0301digo de Procedimiento Penal.<\/li><li>Es un delito que debe ser tratado con prioridad al igual que el rapto, porque puede ocasionar que la vi\u0301ctima\u00a0<span style=\"font-size: 16px; font-family: inherit;\">ingrese a la prostitucio\u0301n o sea vi\u0301ctima de algu\u0301n proxeneta.<\/span><\/li><\/ol><\/div><\/div><\/div><\/div><\/td><\/tr><\/tbody><\/table><\/div><\/div>\n\t\t\t\t<\/div>\n\t\t\t\t<\/div>\n\t\t\t\t\t\t<\/div>\n\t\t\t\t\t<\/div>\n\t\t<\/div>\n\t\t\t\t\t\t\t\t<\/div>\n\t\t\t\t\t<\/div>\n\t\t<\/section>\n\t\t\t\t<section class=\"elementor-section elementor-top-section elementor-element elementor-element-970b670 elementor-section-boxed elementor-section-height-default elementor-section-height-default\" data-id=\"970b670\" data-element_type=\"section\">\n\t\t\t\t\t\t<div class=\"elementor-container elementor-column-gap-default\">\n\t\t\t\t\t\t\t<div class=\"elementor-row\">\n\t\t\t\t\t<div class=\"elementor-column elementor-col-100 elementor-top-column elementor-element elementor-element-81639a3\" data-id=\"81639a3\" data-element_type=\"column\">\n\t\t\t<div class=\"elementor-column-wrap elementor-element-populated\">\n\t\t\t\t\t\t\t<div class=\"elementor-widget-wrap\">\n\t\t\t\t\t\t<div class=\"elementor-element elementor-element-8ad8e53 elementor-widget elementor-widget-text-editor\" data-id=\"8ad8e53\" data-element_type=\"widget\" data-widget_type=\"text-editor.default\">\n\t\t\t\t<div class=\"elementor-widget-container\">\n\t\t\t\t\t<div class=\"elementor-text-editor elementor-clearfix\"><div title=\"Page 31\"><table cellspacing=\"0\" cellpadding=\"0\"><tbody><tr><td colspan=\"2\" valign=\"top\"><h5 style=\"text-align: center;\"><span style=\"color: #43358b; font-family: Ubuntu; font-size: medium;\"><b>Corrupci\u00f3n de ni\u00f1a, ni\u00f1o y adolescente<\/b><\/span><\/h5><\/td><\/tr><tr><td valign=\"top\"><div title=\"Page 89\"><div><div><div><p>Tipo penal<\/p><\/div><\/div><\/div><\/div><\/td><td valign=\"top\"><div title=\"Page 89\"><div><div><div><div class=\"page\" title=\"Page 103\"><div class=\"section\"><div class=\"layoutArea\"><div class=\"column\"><p>\u201cEl que mediante actos libidinosos o por cualquier otro medio, corrompiera o contribuya a corromper a una persona menor de dieciocho an\u0303os, sera\u0301 sancionada con pena privativa de libertad de tres (3) a ocho (8) an\u0303os\u201d. <strong>Art. 318 del Co\u0301digo Penal<\/strong>.<\/p><\/div><\/div><\/div><\/div><\/div><\/div><\/div><\/div><\/td><\/tr><tr><td valign=\"top\"><div class=\"page\" title=\"Page 89\"><div class=\"section\"><div class=\"layoutArea\"><div class=\"column\"><p>Tipo de accio\u0301n<\/p><\/div><\/div><\/div><\/div><\/td><td valign=\"top\"><div class=\"page\" title=\"Page 89\"><div class=\"section\"><div class=\"layoutArea\"><div class=\"column\"><div class=\"page\" title=\"Page 103\"><div class=\"section\"><div class=\"layoutArea\"><div class=\"column\"><p>Es de accio\u0301n pu\u0301blica.<\/p><\/div><\/div><\/div><\/div><\/div><\/div><\/div><\/div><\/td><\/tr><tr><td valign=\"top\"><div class=\"page\" title=\"Page 89\"><div class=\"section\"><div class=\"layoutArea\"><div class=\"column\"><p>Sujetos facultados para ejercer la accio\u0301n<\/p><\/div><\/div><\/div><\/div><\/td><td valign=\"top\"><div class=\"page\" title=\"Page 89\"><div class=\"section\"><div class=\"layoutArea\"><div class=\"column\"><div class=\"page\" title=\"Page 103\"><div class=\"section\"><div class=\"layoutArea\"><div class=\"column\"><p>La vi\u0301ctima y el Ministerio Pu\u0301blico a sola denuncia de e\u0301sta. Art. 17 del Co\u0301digo de Procedimiento Penal.<br \/>El Ministerio Pu\u0301blico puede actuar sin denuncia de parte, cuando el menor no tenga un representante legal, o sea incapaz, o el delito hubiera sido cometido por uno o ambos padres o responsable de su cuidado.<\/p><\/div><\/div><\/div><\/div><\/div><\/div><\/div><\/div><\/td><\/tr><tr><td valign=\"top\"><div class=\"page\" title=\"Page 89\"><div class=\"section\"><div class=\"layoutArea\"><div class=\"column\"><p>Competencia<\/p><\/div><\/div><\/div><\/div><\/td><td valign=\"top\"><div class=\"page\" title=\"Page 89\"><div class=\"section\"><div class=\"layoutArea\"><div class=\"column\"><div class=\"page\" title=\"Page 103\"><div class=\"section\"><div class=\"layoutArea\"><div class=\"column\"><p>Es competente el Juez de Instruccio\u0301n en lo Penal y Juzgado de Sentencia en lo Penal en relacio\u0301n a los Arts. 49-53 del Co\u0301digo de Procedimiento Penal.<\/p><\/div><\/div><\/div><\/div><\/div><\/div><\/div><\/div><\/td><\/tr><tr><td valign=\"top\"><div class=\"page\" title=\"Page 89\"><div class=\"section\"><div class=\"layoutArea\"><div class=\"column\"><p>Prescripcio\u0301n de\u00a0<span style=\"font-size: 16px; font-family: inherit;\">la accio\u0301n<\/span><\/p><\/div><\/div><\/div><\/div><\/td><td valign=\"top\"><div class=\"page\" title=\"Page 89\"><div class=\"section\"><div class=\"layoutArea\"><div class=\"column\"><div class=\"page\" title=\"Page 103\"><div class=\"section\"><div class=\"layoutArea\"><div class=\"column\"><p>Prescribe a los ocho an\u0303os te\u0301rmino que corre a partir de la media noche de la comisio\u0301n del hecho o desde el momento en que se cometio\u0301 el delito, o ceso\u0301 su consumacio\u0301n. Arts. 29-1), 30 del Co\u0301digo de Procedimiento Penal. En casos de nin\u0303as, nin\u0303os y adolescentes el te\u0301rmino de la prescripcio\u0301n comenzara\u0301 a correr cuatro an\u0303os (4) despue\u0301s de que la vi\u0301ctima haya alcanzado la mayori\u0301a de edad. Art. 30 del Co\u0301digo de Procedimiento Penal.<\/p><\/div><\/div><\/div><\/div><\/div><\/div><\/div><\/div><\/td><\/tr><tr><td valign=\"top\"><div class=\"page\" title=\"Page 89\"><div class=\"section\"><div class=\"layoutArea\"><div class=\"column\"><p>Duracio\u0301n del proceso<\/p><\/div><\/div><\/div><\/div><\/td><td valign=\"top\"><div class=\"page\" title=\"Page 89\"><div class=\"section\"><div class=\"layoutArea\"><div class=\"column\"><div class=\"page\" title=\"Page 103\"><div class=\"section\"><div class=\"layoutArea\"><div class=\"column\"><p>Ma\u0301xima de tres an\u0303os.<\/p><\/div><\/div><\/div><\/div><\/div><\/div><\/div><\/div><\/td><\/tr><tr><td valign=\"top\"><div class=\"page\" title=\"Page 89\"><div class=\"section\"><div class=\"layoutArea\"><div class=\"column\"><p>Recursos<\/p><\/div><\/div><\/div><\/div><\/td><td valign=\"top\"><div class=\"page\" title=\"Page 89\"><div class=\"section\"><div class=\"layoutArea\"><div class=\"column\"><div class=\"page\" title=\"Page 103\"><div class=\"section\"><div class=\"layoutArea\"><div class=\"column\"><p><strong>Recurso de Apelacio\u0301n Restringida<\/strong>:<\/p><p>La sentencia emitida puede ser apelada siempre que se haya realizado la reserva de la misma en la substanciacio\u0301n del juicio, en el te\u0301rmino de 15 di\u0301as. Arts. 407-415 en relacio\u0301n al Art. 130 del Co\u0301digo de Procedimiento Penal.<\/p><p><strong>Recurso de Casacio\u0301n<\/strong>:<\/p><p>El Auto de Vista puede ser recurrido cuando existen Autos de Vista contradictorios sobre una situacio\u0301n similar: en relacio\u0301n al sentido juri\u0301dico, la aplicacio\u0301n de las normas y su alcance, se debe invocar el precedente contradictorio en el te\u0301rmino de 5 di\u0301as de notificado con el Auto de Vista. Arts. 416-420 en relacio\u0301n al Art. 130 del Co\u0301digo de Procedimiento Penal.<\/p><\/div><\/div><\/div><\/div><\/div><\/div><\/div><\/div><\/td><\/tr><tr><td valign=\"top\"><div class=\"page\" title=\"Page 89\"><div class=\"section\"><div class=\"layoutArea\"><div class=\"column\"><p>Base legal<\/p><\/div><\/div><\/div><\/div><\/td><td valign=\"top\"><div class=\"page\" title=\"Page 103\"><div class=\"section\"><div class=\"layoutArea\"><div class=\"column\"><ul><li><p>Art. 15-I-II), 58, 59-I), 60, 61-I) Constitucio\u0301n Poli\u0301tica del Estado.<\/p><\/li><li><p>Arts. 16, 17, 19, 29-3), 30, 36, 27-371, 373-374, 382-388, 393, 393 bis, 393 ter, 393 quater, 393 quinquer, 393\u00a0<span style=\"font-size: 16px; font-family: inherit;\">sexter del Co\u0301digo de Procedimiento Penal.<\/span><\/p><\/li><\/ul><\/div><\/div><div class=\"layoutArea\"><div class=\"column\"><ul><li><p>Arts. 86-100 Ley Integral Para Garantizar a las Mujeres una Vida Libre de Violencia, Ley No 348.<\/p><\/li><li><p>Ley No 1173, Ley de Abreviacio\u0301n Procesal Penal y Fortalecimiento de la Lucha Integral contra la Violencia a\u00a0<span style=\"font-size: 16px; font-family: inherit;\">Nin\u0303as, Nin\u0303os, Adolescentes y Mujeres.<\/span><\/p><\/li><\/ul><\/div><\/div><div class=\"layoutArea\"><div class=\"column\"><ul><li><p>Arts. 15, 16 Ley de Proteccio\u0301n a las Vi\u0301ctimas de Delitos Contra la Libertad Sexual. Ley No 2033.<\/p><\/li><li><p>Arts. 16-I), 145-I) III), 147-I), 148-I), II-d), 149 del Co\u0301digo Nin\u0303a, Nin\u0303o y Adolescente. Ley N\u00b0 548.<\/p><\/li><li><p>Art. 1, 2, 3, 5, 8, 11 Declaracio\u0301n Universal de los Derechos Humanos.<\/p><\/li><li><p>Arts. 5, 11 Convencio\u0301n sobre Derechos Humanos. Pacto de San Jose\u0301 de Costa Rica. Ley N\u00b0 1430.<\/p><\/li><li><p>Arts. 1, 2, 3, 4, 5 Convencio\u0301n Interamericana Para Prevenir, Sancionar y Erradicar la Violencia contra la Mujer \u201cCon<span style=\"font-size: 16px; font-family: inherit;\">vencio\u0301n de Bele\u0301m do Para\u0301\u201d, Ley No 1599.<\/span><\/p><\/li><\/ul><\/div><\/div><div class=\"layoutArea\"><div class=\"column\"><ul><li><p>Arts. 6, 34 Convencio\u0301n de los Derechos del Nin\u0303a, Ley No 1152.<\/p><\/li><li><p>Declaracio\u0301n sobre los principios fundamentales de justicia para las vi\u0301ctimas de delitos y del abuso de poder.<\/p><\/li><\/ul><\/div><\/div><\/div><\/div><\/td><\/tr><tr><td valign=\"top\"><div class=\"page\" title=\"Page 89\"><div class=\"section\"><div class=\"layoutArea\"><div class=\"column\"><p>Recomendaciones a tomar en cuenta por la\/el abogada(o)<\/p><\/div><\/div><\/div><\/div><\/td><td valign=\"top\"><div class=\"page\" title=\"Page 104\"><div class=\"section\"><div class=\"layoutArea\"><div class=\"column\"><ol><li>Junto con la denuncia y\/o querella, se tiene que adjuntar toda la prueba que se pueda obtener o indicar do\u0301nde puede ser habida y el informe psicolo\u0301gico. Se deben solicitar la aplicacio\u0301n de Medidas de Proteccio\u0301n Especiales establecidas por el Art. 389 bis del Co\u0301digo de Procedimiento Penal.<\/li><li><span style=\"font-size: 16px; font-family: inherit;\">Las notificaciones sera\u0301n realizadas a trave\u0301s de la Oficina Gestora de Procesos mediante el Buzo\u0301n de Notificaciones de Ciudadani\u0301a Digital, excepto las notificaciones que deben ser realizadas de manera personal. En caso no existir la tecnologi\u0301a las notificaciones sera\u0301n realizadas en el domicilio procesal sen\u0303alado por las partes.<\/span><\/li><li><span style=\"font-size: 16px; font-family: inherit;\">Las Medidas de Proteccio\u0301n Especiales podra\u0301n ser dispuestas, ratificadas o modificadas por los tribunales y jueces en materia penal.<\/span><\/li><li><span style=\"font-size: 16px; font-family: inherit;\">Las Medidas de Proteccio\u0301n Especiales podra\u0301n ser dispuestas por la o el fiscal, funcionario policial o cualquier otra autoridad prevista para la atencio\u0301n a mujeres en situacio\u0301n de violencia, tomando en cuenta lo establecido por los Arts. 389 ter, 389 quarter, 389 quinquies.<\/span><\/li><li><span style=\"font-size: 16px; font-family: inherit;\">D<\/span><span style=\"font-size: 16px; font-family: inherit;\">ebera\u0301 hacer uso del procedimiento de establecido por la Ley No 348 por tratarse de un delito de violencia en contra de las mujeres y lo previsto en el Art. 393 Septier del Co\u0301digo de Procedimiento Penal.<\/span><\/li><li>Expli\u0301citamente se prohi\u0301be la revictimizacio\u0301n en todas las etapas del Proceso Penal, Art. 393 octer.<\/li><li>La\/el psico\u0301loga\/o del servicio debera\u0301 sugerir a la abogada\/o, los puntos generales a solicitar en pericia. De\u00a0<span style=\"font-size: 16px; font-family: inherit;\">acuerdo al caso los puntos podra\u0301n ampliarse o restringirse: <\/span><ul><li><span style=\"font-size: 16px; font-family: inherit;\">Vi\u0301ctima:<\/span><ul><li>Determinar la credibilidad del testimonio sobre el hecho denunciado<\/li><li>Establecer la existencia de consecuencias psicolo\u0301gicas producto de la violencia<\/li><li>Establecer la relacio\u0301n causal entre la violencia y el dan\u0303o psicolo\u0301gico<\/li><li>Determinar y caracterizar las lesiones y secuelas psicolo\u0301gicas a nivel biopsicosocial a corto y largo plazo.<\/li><li>Determinar los mecanismos psicolo\u0301gicos a trave\u0301s de los cuales se ha mantenido la violencia.<\/li><\/ul><\/li><li><span style=\"font-size: 16px; font-family: inherit;\">Agresor:<\/span><ul><li>Determinar caracteri\u0301sticas de personalidad y si habri\u0301a presencia de psicopatologi\u0301a<\/li><li>Determinar el nivel de riesgo de acuerdo al hecho denunciado<\/li><\/ul><\/li><\/ul><\/li><li><span style=\"font-size: 16px; font-family: inherit;\">En la obtencio\u0301n de la prueba se debe tomar en cuenta los requisitos de forma y fondo establecidos por el Co\u0301digo de Procedimiento Penal para su ofrecimiento, introduccio\u0301n y produccio\u0301n en juicio oral, conforme establecen los Arts. 13, 171 del Co\u0301digo de Procedimiento Penal y el Art. 8 -2) Pacto de San Jose\u0301 de Costa Rica.<\/span><\/li><li><span style=\"font-size: 16px; font-family: inherit;\">Se debe observar toda la prueba presentada por la parte contraria y objetarla en la vi\u0301a incidental, siempre y cuando no cumpla los requisitos legales.<\/span><\/li><li>Se puede optar por la salida alternativa, prevista en el Art. 373 Co\u0301digo de Procedimiento Penal.<\/li><li>Es un delito que debe ser tratado con prioridad al igual que el rapto, porque puede ocasionar que la vi\u0301ctima\u00a0<span style=\"font-size: 16px; font-family: inherit;\">ingrese a la prostitucio\u0301n o sea vi\u0301ctima de algu\u0301n proxeneta.<\/span><\/li><\/ol><\/div><\/div><\/div><\/div><\/td><\/tr><\/tbody><\/table><\/div><\/div>\n\t\t\t\t<\/div>\n\t\t\t\t<\/div>\n\t\t\t\t\t\t<\/div>\n\t\t\t\t\t<\/div>\n\t\t<\/div>\n\t\t\t\t\t\t\t\t<\/div>\n\t\t\t\t\t<\/div>\n\t\t<\/section>\n\t\t\t\t<section class=\"elementor-section elementor-top-section elementor-element elementor-element-3be29a6 elementor-section-boxed elementor-section-height-default elementor-section-height-default\" data-id=\"3be29a6\" data-element_type=\"section\">\n\t\t\t\t\t\t<div class=\"elementor-container elementor-column-gap-default\">\n\t\t\t\t\t\t\t<div class=\"elementor-row\">\n\t\t\t\t\t<div class=\"elementor-column elementor-col-100 elementor-top-column elementor-element elementor-element-d8186cc\" data-id=\"d8186cc\" data-element_type=\"column\">\n\t\t\t<div class=\"elementor-column-wrap elementor-element-populated\">\n\t\t\t\t\t\t\t<div class=\"elementor-widget-wrap\">\n\t\t\t\t\t\t<div class=\"elementor-element elementor-element-e293000 elementor-widget elementor-widget-text-editor\" data-id=\"e293000\" data-element_type=\"widget\" data-widget_type=\"text-editor.default\">\n\t\t\t\t<div class=\"elementor-widget-container\">\n\t\t\t\t\t<div class=\"elementor-text-editor elementor-clearfix\"><table cellspacing=\"0\" cellpadding=\"0\"><tbody><tr><td colspan=\"2\" valign=\"middle\"><h5 style=\"text-align: center;\"><span style=\"color: #43358b; font-family: Ubuntu; font-size: medium;\"><b>Estupro<\/b><\/span><\/h5><\/td><\/tr><tr><td valign=\"middle\"><p><span style=\"color: #676767; font-family: Ubuntu; font-size: medium;\">Tipo penal<\/span><\/p><\/td><td valign=\"middle\"><p align=\"justify\"><span style=\"color: #676767; font-family: Ubuntu; font-size: medium;\">\u201cQuien mediante seducci\u00f3n o enga\u00f1o, tuviera acceso carnal con persona de uno u otro sexo mayor de catorce (14) y menor de dieciocho (18) a\u00f1os, ser\u00e1 sancionado con privaci\u00f3n de libertad de tres a seis a\u00f1os\u201d. <b>Art. 309 C\u00f3digo Penal.<\/b><\/span><\/p><\/td><\/tr><tr><td valign=\"middle\"><p><span style=\"color: #676767; font-family: Ubuntu; font-size: medium;\">Tipo de acci\u00f3n<\/span><\/p><\/td><td valign=\"middle\"><p align=\"justify\"><span style=\"color: #676767; font-family: Ubuntu; font-size: medium;\">Es de acci\u00f3n p\u00fablica a instancia de parte.<\/span><\/p><\/td><\/tr><tr><td valign=\"middle\"><p><span style=\"color: #676767; font-family: Ubuntu; font-size: medium;\">Sujetos facultados para ejercer la acci\u00f3n<\/span><\/p><\/td><td valign=\"middle\"><p align=\"justify\"><span style=\"color: #676767; font-family: Ubuntu; font-size: medium;\">La v\u00edctima y el Ministerio P\u00fablico a sola denuncia de \u00e9sta. Art. 17 del C\u00f3digo de Procedimiento Penal.<br \/>El Ministerio P\u00fablico puede actuar sin denuncia de parte, cuando el menor no tenga un representante legal, o sea incapaz, o el delito hubiera sido cometido por uno o ambos padres o responsable de su cuidado.<\/span><\/p><\/td><\/tr><tr><td valign=\"middle\"><p><span style=\"color: #676767; font-family: Ubuntu; font-size: medium;\">Competencia<\/span><\/p><\/td><td valign=\"middle\"><p align=\"justify\"><span style=\"color: #676767; font-family: Ubuntu; font-size: medium;\">Es competente el Juzgado de Instrucci\u00f3n en Materia de Violencia contra las Mujeres y el Juzgado de Sentencia en Materia de Violencia contra las Mujeres Art. 72, 72 bis de la Ley No 025 Ley del \u00d3rgano Judicial, en relaci\u00f3n al Art. 53 del C\u00f3digo de Procedimiento Penal.<\/span><\/p><\/td><\/tr><tr><td valign=\"middle\"><p><span style=\"color: #676767; font-family: Ubuntu; font-size: medium;\">Prescripci\u00f3n de la acci\u00f3n<\/span><\/p><\/td><td valign=\"middle\"><p align=\"justify\"><span style=\"color: #676767; font-family: Ubuntu; font-size: medium;\">Prescribe a los ocho a\u00f1os t\u00e9rmino que corre a partir de la media noche de la comisi\u00f3n del hecho o desde el momento en que se cometi\u00f3 el delito, o ces\u00f3 su consumaci\u00f3n. Arts. 29-1), 30 del C\u00f3digo de Procedimiento Penal. En casos de ni\u00f1as, ni\u00f1os y adolescentes el t\u00e9rmino de la prescripci\u00f3n comenzar\u00e1 a correr cuatro a\u00f1os (4) despu\u00e9s de que la v\u00edctima haya alcanzado la mayor\u00eda de edad. Art. 30 del C\u00f3digo de Procedimiento Penal.<\/span><\/p><\/td><\/tr><tr><td valign=\"middle\"><p><span style=\"color: #676767; font-family: Ubuntu; font-size: medium;\">Duraci\u00f3n del proceso<\/span><\/p><\/td><td valign=\"middle\"><p align=\"justify\"><span style=\"color: #676767; font-family: Ubuntu; font-size: medium;\">M\u00e1xima de tres a\u00f1os.<\/span><\/p><\/td><\/tr><tr><td valign=\"middle\"><p><span style=\"color: #676767; font-family: Ubuntu; font-size: medium;\">Recursos<\/span><\/p><\/td><td valign=\"middle\"><p align=\"justify\"><span style=\"color: #676767; font-family: Ubuntu; font-size: medium;\"><b>Recurso de Apelaci\u00f3n Restringida: <\/b><\/span><\/p><p align=\"justify\"><span style=\"color: #676767; font-family: Ubuntu; font-size: medium;\">La sentencia emitida puede ser apelada siempre que se haya realizado la reserva de la misma en la substanciaci\u00f3n del juicio, en el t\u00e9rmino de 15 d\u00edas. Arts. 407-415 en relaci\u00f3n al Art. 130 del C\u00f3digo de Procedimiento Penal. <\/span><\/p><p align=\"justify\"><span style=\"color: #676767; font-family: Ubuntu; font-size: medium;\"><b>Recurso de Casaci\u00f3n:<\/b><\/span><\/p><p align=\"justify\"><span style=\"color: #676767; font-family: Ubuntu; font-size: medium;\">El Auto de Vista puede ser recurrido cuando existen Autos de Vista contradictorios sobre una situaci\u00f3n similar: en relaci\u00f3n al sentido jur\u00eddico, la aplicaci\u00f3n de las normas y su alcance, se debe invocar el precedente contradictorio en el t\u00e9rmino de 5 d\u00edas de notificado con el Auto de Vista. Arts. 416-420 en relaci\u00f3n al Art. 130 del C\u00f3digo de Procedimiento Penal.<\/span><\/p><\/td><\/tr><tr><td valign=\"middle\"><p><span style=\"color: #676767; font-family: Ubuntu; font-size: medium;\">Base legal<\/span><\/p><\/td><td valign=\"middle\"><ul><li style=\"list-style-type: none;\"><ul><li><span style=\"color: #676767; font-family: Ubuntu; font-size: medium;\">Art. 15-I-II), 58, 59-I), 60, 61-I) Constituci\u00f3n Pol\u00edtica del Estado. <\/span><\/li><li><span style=\"color: #676767; font-family: Ubuntu; font-size: medium;\">Arts. 16, 17, 19, 29-3), 30, 36,277-371, 373-374, 382-388, 393, 393 bis, 393 ter, 393 quater, 393 quinquer, 393 sexter del C\u00f3digo de Procedimiento Penal. <\/span><\/li><li><span style=\"color: #676767; font-family: Ubuntu; font-size: medium;\">Arts. 68, 86-100, Ley Integral para Garantizar a las Mujeres una Vida Libre de Violencia, Ley No 348. <\/span><\/li><li><span style=\"color: #676767; font-family: Ubuntu; font-size: medium;\">Ley No 1173, Ley de Abreviaci\u00f3n Procesal Penal y Fortalecimiento de la Lucha Integral contra la Violencia a Ni\u00f1as, Ni\u00f1os, Adolescentes y Mujeres. <\/span><\/li><li><span style=\"color: #676767; font-family: Ubuntu; font-size: medium;\">Arts. 15, 16 Ley de Protecci\u00f3n a las V\u00edctimas de Delitos contra la Libertad Sexual. Ley No 2033. <\/span><\/li><li><span style=\"color: #676767; font-family: Ubuntu; font-size: medium;\">Arts. 16-I), 145-I) III), 147-I), 148-I), II-d), 149 del C\u00f3digo Ni\u00f1a, Ni\u00f1o y Adolescente. Ley N\u00b0 548. <\/span><\/li><li><span style=\"color: #676767; font-family: Ubuntu; font-size: medium;\">Art. 1, 2, 3, 5, 8, 11 Declaraci\u00f3n Universal de los Derechos Humanos. <\/span><\/li><li><span style=\"color: #676767; font-family: Ubuntu; font-size: medium;\">Arts. 5, 11 Convenci\u00f3n sobre Derechos Humanos. Pacto de San Jos\u00e9 de Costa Rica. Ley N\u00b0 1430. <\/span><\/li><li><span style=\"color: #676767; font-family: Ubuntu; font-size: medium;\">Arts. 1, 2, 3, 4, 5 Convenci\u00f3n Interamericana para Prevenir, Sancionar y Erradicar la Violencia contra la Mujer \u201cConvenci\u00f3n de Bel\u00e9m do Par\u00e1\u201d, Ley No 1599. <\/span><\/li><li><span style=\"color: #676767; font-family: Ubuntu; font-size: medium;\">Arts. 6, 34 Convenci\u00f3n de los Derechos del Ni\u00f1a, Ley No 1152. <\/span><\/li><li><span style=\"color: #676767; font-family: Ubuntu; font-size: medium;\">Declaraci\u00f3n sobre los principios fundamentales de justicia para las v\u00edctimas de delitos y del abuso de poder. <\/span><\/li><li><span style=\"color: #676767; font-family: Ubuntu; font-size: medium;\">Sentencia Constitucional P2004\/2014 Respecto al Art. 266 del C\u00f3digo Penal, relacionado con el aborto impune.<\/span><\/li><\/ul><\/li><\/ul><\/td><\/tr><tr><td valign=\"middle\"><p><span style=\"color: #676767; font-family: Ubuntu; font-size: medium;\">Recomendaciones a tomar en cuenta por la\/el abogada(o)<\/span><\/p><\/td><td valign=\"middle\"><ol><li><span style=\"color: #676767; font-family: Ubuntu; font-size: medium;\">Todo acto de violencia en contra de las mujeres, debe ser denunciado en la Fuerza Especial de Lucha Contra la Violencia y\/o en el Ministerio P\u00fablico que son entidades p\u00fablicas que funcionan las 24 hrs. del d\u00eda y los 365 d\u00edas del a\u00f1o. <\/span><\/li><li><span style=\"color: #676767; font-family: Ubuntu; font-size: medium;\">En caso de delitos en contra de mujeres vinculados a distintas formas de violencia se aplicar\u00e1 el procedimiento previsto en T\u00edtulo VI \u201cProcedimiento Especial para casos de Violencia contra Ni\u00f1as, Ni\u00f1os, Adolescentes o Mujeres\u201c (Art. 393 septier al 393 duoter del C\u00f3digo de Procedimiento Penal) y procedimiento de establecido por la Ley No 348 en sus Arts. 86 al 100. <\/span><\/li><li><span style=\"color: #676767; font-family: Ubuntu; font-size: medium;\">En caso de flagrancia observar lo dispuesto por los Arts. 393, 393 Bis, 393 Ter, 393 quater, 393 quinquer, 393 sexter C\u00f3digo de Procedimiento Penal. <\/span><\/li><li><span style=\"color: #676767; font-family: Ubuntu; font-size: medium;\">Las notificaciones ser\u00e1n realizadas a trav\u00e9s de la Oficina Gestora de Procesos mediante el Buz\u00f3n de Notificaciones de Ciudadan\u00eda Digital, excepto las notificaciones que deben ser realizadas de manera personal. En caso no existir la tecnolog\u00eda las notificaciones ser\u00e1n realizadas en el domicilio procesal se\u00f1alado por las partes. <\/span><\/li><li><span style=\"color: #676767; font-family: Ubuntu; font-size: medium;\">Junto con la denuncia y\/o querella, se tiene que adjuntar toda la prueba que se pueda obtener o indicar d\u00f3nde puede ser habida. Adem\u00e1s, el informe psicol\u00f3gico. <\/span><\/li><li><span style=\"color: #676767; font-family: Ubuntu; font-size: medium;\">A tiempo de plantear la denuncia se debe solicitar las medidas de protecci\u00f3n establecidas por el Art. 35 Ley No 348 y las medidas de protecci\u00f3n especiales establecidas por los Arts. 389 al 389 quinquies del C\u00f3digo de Procedimiento Penal, que correspondan al caso. <\/span><\/li><li><span style=\"color: #676767; font-family: Ubuntu; font-size: medium;\">Se debe tomar en cuenta que las medidas de protecci\u00f3n especiales podr\u00e1n ser dispuestas, ratificadas o modificadas por los tribunales y jueces competentes en cualquier etapa del proceso penal. <\/span><\/li><li><span style=\"color: #676767; font-family: Ubuntu; font-size: medium;\">Las medidas de protecci\u00f3n especiales podr\u00e1n ser dispuestas por la o el fiscal, funcionaria\/o policial o cualquier otra autoridad prevista para la atenci\u00f3n a mujeres en situaci\u00f3n de violencia, tomando en cuenta lo establecido por los Arts. 389 ter, 389 quarter, 389 quinquies. <\/span><\/li><li><span style=\"color: #676767; font-family: Ubuntu; font-size: medium;\">Expl\u00edcitamente se proh\u00edbe la revictimizaci\u00f3n en todas las etapas del Proceso Penal, Art. 393 octer. <\/span><\/li><li><span style=\"color: #676767; font-family: Ubuntu; font-size: medium;\">La v\u00edctima de agresi\u00f3n sexual debe acudir de forma inmediata al Ministerio P\u00fablico y\/ o Fuerza Especial de Lucha Contra la Violencia sin realizar ning\u00fan tipo de limpieza en su cuerpo. La v\u00edctima no debe cambiarse las prendas de vestir que utilizaba a momento de cometerse el delito.<\/span><\/li><li><span style=\"color: #676767; font-family: Ubuntu; font-size: medium;\">La\/el psic\u00f3loga\/o del servicio deber\u00e1 sugerir a la abogada\/o, los puntos generales a solicitar en pericia. De acuerdo al caso los puntos podr\u00e1n ampliarse o restringirse:<\/span><\/li><\/ol><ul><li style=\"list-style-type: none;\"><ul><li><span style=\"color: #676767; font-family: Ubuntu; font-size: medium;\">V\u00edctima: <\/span><ul><li><span style=\"color: #676767; font-family: Ubuntu; font-size: medium;\">Determinar la credibilidad del testimonio sobre el hecho denunciado. <\/span><\/li><li><span style=\"color: #676767; font-family: Ubuntu; font-size: medium;\">Establecer la existencia de consecuencias psicol\u00f3gicas producto de la violencia. <\/span><\/li><li><span style=\"color: #676767; font-family: Ubuntu; font-size: medium;\">Establecer la relaci\u00f3n causal entre la violencia y el da\u00f1o psicol\u00f3gico. <\/span><\/li><li><span style=\"color: #676767; font-family: Ubuntu; font-size: medium;\">Determinar y caracterizar las lesiones y secuelas psicol\u00f3gicas a nivel biopsicosocial a corto y largo plazo. <\/span><\/li><li><span style=\"color: #676767; font-family: Ubuntu; font-size: medium;\">Determinar los mecanismos psicol\u00f3gicos a trav\u00e9s de los cuales se ha mantenido la violencia sexual (en caso de violaciones reiteradas).<\/span><\/li><\/ul><\/li><\/ul><\/li><\/ul><ol start=\"12\"><li><span style=\"color: #676767; font-family: Ubuntu; font-size: medium;\">En la obtenci\u00f3n de la prueba se debe tomar en cuenta los requisitos de forma y fondo establecidos por el C\u00f3digo de Procedimiento Penal para su ofrecimiento, introducci\u00f3n y producci\u00f3n en juicio oral, conforme establecen los Arts. 13, 171 del C\u00f3digo de Procedimiento Penal y el Art. 8-2) Pacto de San Jos\u00e9 de Costa Rica.<\/span><\/li><li><span style=\"color: #676767; font-family: Ubuntu; font-size: medium;\">Se debe observar toda la prueba presentada por la parte contraria y objetarla en la v\u00eda incidental, siempre y cuando no cumpla los requisitos legales.<\/span><\/li><li><span style=\"color: #676767; font-family: Ubuntu; font-size: medium;\">Dentro del Procedimiento Penal, la v\u00edctima puede ser testigo, para ello debe tener informaci\u00f3n de lo que esto representa y tener apoyo psicol\u00f3gico que permita establecer y valorar la pertinencia o no de su participaci\u00f3n dentro del juicio oral.<\/span><\/li><li><span style=\"color: #676767; font-family: Ubuntu; font-size: medium;\">La declaraci\u00f3n de la v\u00edctima deber\u00e1 ser efectuada v\u00eda anticipo de prueba de conformidad al Art. 203 y 307 del C\u00f3digo de Procedimiento Penal, debiendo ser necesario el acompa\u00f1amiento de la psic\u00f3loga del servicio.<\/span><\/li><li><span style=\"color: #676767; font-family: Ubuntu; font-size: medium;\">Es importante que la v\u00edctima reciba apoyo psicol\u00f3gico para aminorar las secuelas emocionales producto de la agresi\u00f3n sufrida.<\/span><\/li><li><span style=\"color: #676767; font-family: Ubuntu; font-size: medium;\">Las agresiones f\u00edsicas y sexuales en casos de ni\u00f1as, ni\u00f1os, adolescentes y mujeres, y recolecci\u00f3n de evidencias deber\u00e1n ser certificadas por cualquier profesional de la salud perteneciente a instituci\u00f3n p\u00fablica. En caso de violencia sexual el personal de servicios p\u00fablicos podr\u00e1 recolectar las evidencias y enviarlas al IDIF o IITCUP (Instituto de Investigaciones T\u00e9cnico Cient\u00edfico de la Universidad Policial). Art. 393 noveter del CPP. <\/span><\/li><li><span style=\"color: #676767; font-family: Ubuntu; font-size: medium;\">De acuerdo a las circunstancias ver la pertinencia de aceptar un procedimiento abreviado, Art. 373 C\u00f3digo de Procedimiento Penal. <\/span><\/li><\/ol><\/td><\/tr><\/tbody><\/table><\/div>\n\t\t\t\t<\/div>\n\t\t\t\t<\/div>\n\t\t\t\t\t\t<\/div>\n\t\t\t\t\t<\/div>\n\t\t<\/div>\n\t\t\t\t\t\t\t\t<\/div>\n\t\t\t\t\t<\/div>\n\t\t<\/section>\n\t\t\t\t<section class=\"elementor-section elementor-top-section elementor-element elementor-element-f5367ec elementor-section-boxed elementor-section-height-default elementor-section-height-default\" data-id=\"f5367ec\" data-element_type=\"section\">\n\t\t\t\t\t\t<div class=\"elementor-container elementor-column-gap-default\">\n\t\t\t\t\t\t\t<div class=\"elementor-row\">\n\t\t\t\t\t<div class=\"elementor-column elementor-col-100 elementor-top-column elementor-element elementor-element-6e6b23d\" data-id=\"6e6b23d\" data-element_type=\"column\">\n\t\t\t<div class=\"elementor-column-wrap elementor-element-populated\">\n\t\t\t\t\t\t\t<div class=\"elementor-widget-wrap\">\n\t\t\t\t\t\t<div class=\"elementor-element elementor-element-7e9ff7c elementor-widget elementor-widget-text-editor\" data-id=\"7e9ff7c\" data-element_type=\"widget\" data-widget_type=\"text-editor.default\">\n\t\t\t\t<div class=\"elementor-widget-container\">\n\t\t\t\t\t<div class=\"elementor-text-editor elementor-clearfix\"><table cellspacing=\"0\" cellpadding=\"0\"><tbody><tr><td colspan=\"2\" valign=\"middle\"><h5 style=\"text-align: center;\"><span style=\"color: #43358b; font-family: Ubuntu; font-size: medium;\"><b>Feminicidio <\/b><\/span><\/h5><\/td><\/tr><tr><td valign=\"middle\"><p><span style=\"color: #676767; font-family: Ubuntu; font-size: medium;\">Tipo penal<\/span><\/p><\/td><td valign=\"middle\"><p><span style=\"color: #676767; font-family: Ubuntu; font-size: medium;\">\u201cSe sancionar\u00e1 con la pena de presidio de treinta (30) a\u00f1os sin derecho a indulto, a quien mate a una mujer, en cualquiera de las siguientes circunstancias:<\/span><\/p><ol><li style=\"list-style-type: none;\"><ol><li><span style=\"color: #676767; font-family: Ubuntu; font-size: medium;\">El autor sea o haya sido c\u00f3nyuge o conviviente de la v\u00edctima, est\u00e9 o haya estado ligada a \u00e9sta por una an\u00e1loga relaci\u00f3n de afectividad o intimidad, aun sin convivencia;<\/span><\/li><li><span style=\"color: #676767; font-family: Ubuntu; font-size: medium;\">Por haberse negado la v\u00edctima a establecer con el autor, una relaci\u00f3n de pareja, enamoramiento, afectividad o intimidad; <\/span><\/li><li><span style=\"color: #676767; font-family: Ubuntu; font-size: medium;\">Por estar la v\u00edctima en situaci\u00f3n de embarazo; <\/span><\/li><li><span style=\"color: #676767; font-family: Ubuntu; font-size: medium;\">La v\u00edctima que se encuentre en una situaci\u00f3n o relaci\u00f3n de subordinaci\u00f3n o dependencia respecto del autor, o tenga con \u00e9ste una relaci\u00f3n de amistad, laboral o de compa\u00f1erismo; <\/span><\/li><li><span style=\"color: #676767; font-family: Ubuntu; font-size: medium;\">La v\u00edctima se encuentre en una situaci\u00f3n de vulnerabilidad, <\/span><\/li><li><span style=\"color: #676767; font-family: Ubuntu; font-size: medium;\">Cuando con anterioridad al hecho de la muerte, la mujer haya sido v\u00edctima de violencia f\u00edsica, psicol\u00f3gica, sexual o econ\u00f3mica, cometida por el mismo agresor. <\/span><\/li><li><span style=\"color: #676767; font-family: Ubuntu; font-size: medium;\">Cuando el hecho haya sido precedido por un delito contra la libertad individual o la libertad sexual; <\/span><\/li><li><span style=\"color: #676767; font-family: Ubuntu; font-size: medium;\">Cuando la muerte sea conexa al delito de trata o tr\u00e1fico de personas; <\/span><\/li><li><span style=\"color: #676767; font-family: Ubuntu; font-size: medium;\">Cuando la muerte sea resultado de ritos, desaf\u00edos grupales o pr\u00e1cticas culturales\u201d. <b>Art. 252 Bis C\u00f3digo Penal<\/b>.<\/span><\/li><\/ol><\/li><\/ol><\/td><\/tr><tr><td valign=\"middle\"><p><span style=\"color: #676767; font-family: Ubuntu; font-size: medium;\">Tipo de acci\u00f3n<\/span><\/p><\/td><td valign=\"middle\"><p><span style=\"color: #676767; font-family: Ubuntu; font-size: medium;\">Es de acci\u00f3n p\u00fablica.<\/span><\/p><\/td><\/tr><tr><td valign=\"middle\"><p><span style=\"color: #676767; font-family: Ubuntu; font-size: medium;\">Sujetos facultados para ejercer la acci\u00f3n<\/span><\/p><\/td><td valign=\"middle\"><p><span style=\"color: #676767; font-family: Ubuntu; font-size: medium;\">Los parientes hasta el cuarto grado de consanguinidad y segundo de afinidad, el adoptado u adoptante, el heredero testamentario y el Ministerio P\u00fablico. Art. 76-2) del C\u00f3digo de Procedimiento Penal.<\/span><\/p><\/td><\/tr><tr><td valign=\"middle\"><p><span style=\"color: #676767; font-family: Ubuntu; font-size: medium;\">Competencia<\/span><\/p><\/td><td valign=\"middle\"><p><span style=\"color: #676767; font-family: Ubuntu; font-size: medium;\">Es competente el Juzgado de Instrucci\u00f3n en Materia de Violencia contra las Mujeres y el Tribunal de Sentencia en Materia de Violencia contra las Mujeres Art. 72, 72 ter. de la Ley No 025 Ley del \u00d3rgano Judicial, en relaci\u00f3n al Art. 52 del C\u00f3digo de Procedimiento Penal.<\/span><\/p><\/td><\/tr><tr><td valign=\"middle\"><p><span style=\"color: #676767; font-family: Ubuntu; font-size: medium;\">Prescripci\u00f3n de la acci\u00f3n<\/span><\/p><\/td><td valign=\"middle\"><p><span style=\"color: #676767; font-family: Ubuntu; font-size: medium;\">Prescribe a los ocho a\u00f1os, t\u00e9rmino que corre a partir de la media noche de la comisi\u00f3n del hecho o desde el momento en que se cometi\u00f3 el delito, o ces\u00f3 su consumaci\u00f3n. Arts. 29-1), 30 del C\u00f3digo de Procedimiento Penal. <\/span><\/p><\/td><\/tr><tr><td valign=\"middle\"><p><span style=\"color: #676767; font-family: Ubuntu; font-size: medium;\">Duraci\u00f3n del proceso<\/span><\/p><\/td><td valign=\"middle\"><p><span style=\"color: #676767; font-family: Ubuntu; font-size: medium;\">M\u00e1xima de tres a\u00f1os.<\/span><\/p><\/td><\/tr><tr><td valign=\"middle\"><p><span style=\"color: #676767; font-family: Ubuntu; font-size: medium;\">Recursos<\/span><\/p><\/td><td valign=\"middle\"><p><span style=\"color: #676767; font-family: Ubuntu; font-size: medium;\"><b>Recurso de Apelaci\u00f3n Restringida: <\/b><\/span><\/p><p><span style=\"color: #676767; font-family: Ubuntu; font-size: medium;\">La sentencia emitida puede ser apelada siempre que se haya realizado la reserva de la misma en la substanciaci\u00f3n del juicio, en el t\u00e9rmino de 15 d\u00edas. Arts. 407-415 en relaci\u00f3n al Art. 130 del C\u00f3digo de Procedimiento Penal. <\/span><\/p><p><span style=\"color: #676767; font-family: Ubuntu; font-size: medium;\"><b>Recurso de Casaci\u00f3n:<\/b><\/span><\/p><p><span style=\"color: #676767; font-family: Ubuntu; font-size: medium;\">El Auto de Vista puede ser recurrido cuando existen Autos de Vista contradictorios sobre una situaci\u00f3n similar: en relaci\u00f3n al sentido jur\u00eddico, la aplicaci\u00f3n de las normas y su alcance, se debe invocar el precedente contradictorio en el t\u00e9rmino de 5 d\u00edas de notificado con el Auto de Vista. Arts. 416-420 en relaci\u00f3n al Art. 130 del C\u00f3digo de Procedimiento Penal.<\/span><\/p><\/td><\/tr><tr><td valign=\"middle\"><p><span style=\"color: #676767; font-family: Ubuntu; font-size: medium;\">Base legal<\/span><\/p><\/td><td valign=\"middle\"><ul><li style=\"list-style-type: none;\"><ul><li><span style=\"color: #676767; font-family: Ubuntu; font-size: medium;\">Arts. 14-II), 15-I) II) Constituci\u00f3n Pol\u00edtica del Estado. <\/span><\/li><li><span style=\"color: #676767; font-family: Ubuntu; font-size: medium;\">Arts. 252 Bis C\u00f3digo Penal. <\/span><\/li><li><span style=\"color: #676767; font-family: Ubuntu; font-size: medium;\">Arts. 16, 17, 19, 29-3), 30, 36, 277-371, 373-374, 382-388, 393, 393 bis, 393 ter, 393 quater, 393 quinquer, 393 sexter del C\u00f3digo de Procedimiento Penal.<\/span><\/li><li><span style=\"color: #676767; font-family: Ubuntu; font-size: medium;\">Arts. 1, 7-2), 36, 68, 84, 86-100, de la Ley Integral para Garantizar a las Mujeres una Vida Libre de Violencia, Ley No 348<\/span><\/li><li><span style=\"color: #676767; font-family: Ubuntu; font-size: medium;\">Ley No 1173, Ley de Abreviaci\u00f3n Procesal Penal y Fortalecimiento de la Lucha Integral contra la Violencia a Ni\u00f1as, Ni\u00f1os, Adolescentes y Mujeres. <\/span><\/li><li><span style=\"color: #676767; font-family: Ubuntu; font-size: medium;\">Arts. 3, 8 Declaraci\u00f3n Universal de Derechos Humanos. <\/span><\/li><li><span style=\"color: #676767; font-family: Ubuntu; font-size: medium;\">Art. 4, 8-2) Pacto De San Jos\u00e9 de Costa Rica. Ley N\u00b0 1430. <\/span><\/li><li><span style=\"color: #676767; font-family: Ubuntu; font-size: medium;\">Arts. 1, 2, 3 y 8 Declaraci\u00f3n Universal de los Derechos Humanos. <\/span><\/li><li><span style=\"color: #676767; font-family: Ubuntu; font-size: medium;\">Arts. 1,4, 7 Convenci\u00f3n Interamericana para Prevenir, Sancionar y Erradicar la Violencia contra la Mujer \u201cConvenci\u00f3n de Bel\u00e9m do Par\u00e1\u201d, Ley No 1599.<\/span><\/li><\/ul><\/li><\/ul><\/td><\/tr><tr><td valign=\"middle\"><p><span style=\"color: #676767; font-family: Ubuntu; font-size: medium;\">Recomendaciones a tomar en cuenta por la\/el abogada(o) <\/span><\/p><\/td><td valign=\"middle\"><ol><li><span style=\"color: #676767; font-family: Ubuntu; font-size: medium;\">Todo acto de violencia en contra de las mujeres, debe ser denunciado en la Fuerza Especial de Lucha Contra la Violencia y\/o en el Ministerio P\u00fablico que son entidades p\u00fablicas que funcionan las 24 hrs. del d\u00eda y los 365 d\u00edas del a\u00f1o. <\/span><\/li><li><span style=\"color: #676767; font-family: Ubuntu; font-size: medium;\">En caso de delitos en contra de mujeres vinculados a distintas formas de violencia se aplicar\u00e1 el procedimiento previsto en T\u00edtulo VI \u201cProcedimiento Especial para casos de Violencia contra Ni\u00f1as, Ni\u00f1os, Adolescentes o Mujeres\u201c (Art. 393 septier al 393 duoter del C\u00f3digo de Procedimiento Penal) y procedimiento de establecido por la Ley No 348 en sus Arts. 86 al 100. <\/span><\/li><li><span style=\"color: #676767; font-family: Ubuntu; font-size: medium;\">En caso de flagrancia observar lo dispuesto por los Arts. 393, 393 Bis, 393 Ter, 393 quater, 393 quinquer, 393 sexter C\u00f3digo de Procedimiento Penal. <\/span><\/li><li><span style=\"color: #676767; font-family: Ubuntu; font-size: medium;\">Las notificaciones ser\u00e1n realizadas a trav\u00e9s de la Oficina Gestora de Procesos mediante el Buz\u00f3n de Notificaciones de Ciudadan\u00eda Digital, excepto las notificaciones que deben ser realizadas de manera personal. En caso no existir la tecnolog\u00eda las notificaciones ser\u00e1n realizadas en el domicilio procesal se\u00f1alado por las partes. <\/span><\/li><li><span style=\"color: #676767; font-family: Ubuntu; font-size: medium;\">Junto con la denuncia y\/o querella, se tiene que adjuntar toda la prueba que se pueda obtener o indicar d\u00f3nde puede ser habida. Adem\u00e1s, el informe psicol\u00f3gico. <\/span><\/li><li><span style=\"color: #676767; font-family: Ubuntu; font-size: medium;\">A tiempo de plantear la denuncia se debe solicitar las medidas de protecci\u00f3n establecidas por el Art. 35 Ley No 348 y las medidas de protecci\u00f3n especiales establecidas por los Arts. 389 al 389 quinquies del C\u00f3digo de Procedimiento Penal, en especial la dispuesta en el par\u00e1grafo de ni\u00f1as ni\u00f1os o adolescentes, numeral 13 del Art. 389 bis del C\u00f3digo de Procedimiento Penal y las que corresponda al caso. <\/span><\/li><li><span style=\"color: #676767; font-family: Ubuntu; font-size: medium;\">Se debe tomar en cuenta que las medidas de protecci\u00f3n especiales podr\u00e1n ser dispuestas, ratificadas o modificadas por los tribunales y jueces competentes en cualquier etapa del proceso penal. <\/span><\/li><li><span style=\"color: #676767; font-family: Ubuntu; font-size: medium;\">Las medidas de protecci\u00f3n especiales podr\u00e1n ser dispuestas por la o el fiscal, funcionaria\/o policial o cualquier otra autoridad prevista para la atenci\u00f3n a mujeres en situaci\u00f3n de violencia, tomando en cuenta lo establecido por los Arts. 389 ter, 389 quarter, 389 quinquies. <\/span><\/li><li><span style=\"color: #676767; font-family: Ubuntu; font-size: medium;\">Expl\u00edcitamente se proh\u00edbe la revictimizaci\u00f3n en todas las etapas del proceso penal, Art. 393 octer. <\/span><\/li><li><span style=\"color: #676767; font-family: Ubuntu; font-size: medium;\">Las agresiones f\u00edsicas y sexuales en casos de ni\u00f1as, ni\u00f1os, adolescentes y mujeres, y recolecci\u00f3n de evidencias deber\u00e1n ser certificadas por cualquier profesional de la salud perteneciente a instituci\u00f3n p\u00fablica. En caso de violencia sexual el personal de servicios p\u00fablicos podr\u00e1 recolectar las evidencias y enviarlas al IDIF o IITCUP (Instituto de Investigaciones T\u00e9cnico Cient\u00edfico de la Universidad Policial). Art. 393 noveter del C\u00f3digo de Procedimiento Penal. <\/span><\/li><li><span style=\"color: #676767; font-family: Ubuntu; font-size: medium;\">En la obtenci\u00f3n de la prueba se debe tomar en cuenta los requisitos de forma y fondo establecidos por el C\u00f3digo de Procedimiento Penal para su ofrecimiento, introducci\u00f3n y producci\u00f3n en juicio oral, conforme establecen los Arts. 13, 171 del C\u00f3digo de Procedimiento Penal y el Art. 8-2) Pacto de San Jos\u00e9 de Costa Rica. <\/span><\/li><li><span style=\"color: #676767; font-family: Ubuntu; font-size: medium;\">De acuerdo al caso ver la pertinencia de solicitar una autopsia psicol\u00f3gica de la v\u00edctima. <\/span><\/li><li><span style=\"color: #676767; font-family: Ubuntu; font-size: medium;\">Dependiendo del caso se podr\u00eda pedir una pericia psicol\u00f3gica del feminicida. <\/span><\/li><li><span style=\"color: #676767; font-family: Ubuntu; font-size: medium;\">Se debe observar toda la prueba presentada por la parte contraria y objetarla en la v\u00eda incidental, siempre y cuando no cumpla los requisitos legales.<\/span><\/li><li><span style=\"color: #676767; font-family: Ubuntu; font-size: medium;\">Se debe considerar adem\u00e1s de iniciar la acci\u00f3n como corresponde, si la v\u00edctima ten\u00eda hijas\/os realizar un tr\u00e1mite de tutela a favor de los familiares que tengan mejores condiciones o terceros, tambi\u00e9n ver la situaci\u00f3n de sus bienes y brindar apoyo psicol\u00f3gico para que asuman el conflicto.<\/span><\/li><li><span style=\"color: #676767; font-family: Ubuntu; font-size: medium;\"> De acuerdo a las circunstancias ver la pertinencia de optar un procedimiento abreviado. Art. 373 C\u00f3digo de <\/span><\/li><li><span style=\"color: #676767; font-family: Ubuntu; font-size: medium;\">Procedimiento Penal, lo que no significa la atenuaci\u00f3n de la pena.<br \/>17. Se debe tomar en cuenta la modificaci\u00f3n establecida por el Art. 83 de la Ley No 348 Para Garantizar a las Mujeres una Vida Libre de Violencia, en relaci\u00f3n al tipo penal 254 homicidio por emoci\u00f3n violenta que en caso de feminicidio no procede.<\/span><\/li><li><span style=\"color: #676767; font-family: Ubuntu; font-size: medium;\">Solicitar la reparaci\u00f3n civil. <\/span><\/li><\/ol><\/td><\/tr><\/tbody><\/table><\/div>\n\t\t\t\t<\/div>\n\t\t\t\t<\/div>\n\t\t\t\t\t\t<\/div>\n\t\t\t\t\t<\/div>\n\t\t<\/div>\n\t\t\t\t\t\t\t\t<\/div>\n\t\t\t\t\t<\/div>\n\t\t<\/section>\n\t\t\t\t<section class=\"elementor-section elementor-top-section elementor-element elementor-element-e2ee8fe elementor-section-boxed elementor-section-height-default elementor-section-height-default\" data-id=\"e2ee8fe\" data-element_type=\"section\">\n\t\t\t\t\t\t<div class=\"elementor-container elementor-column-gap-default\">\n\t\t\t\t\t\t\t<div class=\"elementor-row\">\n\t\t\t\t\t<div class=\"elementor-column elementor-col-100 elementor-top-column elementor-element elementor-element-8b89660\" data-id=\"8b89660\" data-element_type=\"column\">\n\t\t\t<div class=\"elementor-column-wrap elementor-element-populated\">\n\t\t\t\t\t\t\t<div class=\"elementor-widget-wrap\">\n\t\t\t\t\t\t<div class=\"elementor-element elementor-element-395d70a elementor-widget elementor-widget-text-editor\" data-id=\"395d70a\" data-element_type=\"widget\" data-widget_type=\"text-editor.default\">\n\t\t\t\t<div class=\"elementor-widget-container\">\n\t\t\t\t\t<div class=\"elementor-text-editor elementor-clearfix\"><table cellspacing=\"0\" cellpadding=\"0\"><tbody><tr><td colspan=\"2\" valign=\"middle\"><h5 style=\"text-align: center;\"><span style=\"color: #43358b; font-family: Ubuntu; font-size: medium;\"><b>Infanticidio <\/b><\/span><\/h5><\/td><\/tr><tr><td valign=\"middle\"><p><span style=\"color: #676767; font-family: Ubuntu; font-size: medium;\">Tipo penal<\/span><\/p><\/td><td valign=\"middle\"><p><span style=\"color: #676767; font-family: Ubuntu; font-size: medium;\">Se sancionar\u00e1 con pena de presidio de treinta (30) a\u00f1os, sin derecho a indulto, a quien mate a una ni\u00f1a o un ni\u00f1o desde su nacimiento hasta sus doce (12) a\u00f1os, cuando:<\/span><\/p><ol><li style=\"list-style-type: none;\"><ol><li><span style=\"color: #676767; font-family: Ubuntu; font-size: medium;\">El hecho se haya producido en situaci\u00f3n de vulnerabilidad de la ni\u00f1a o ni\u00f1o por el solo hecho de serlo;<\/span><\/li><li><span style=\"color: #676767; font-family: Ubuntu; font-size: medium;\">La ni\u00f1a o ni\u00f1o que haya sido v\u00edctima de violencia f\u00edsica, psicol\u00f3gica o sexual, con anterioridad a la muerte, por parte del mismo agresor;<\/span><\/li><li><span style=\"color: #676767; font-family: Ubuntu; font-size: medium;\">La ni\u00f1a o ni\u00f1o que haya sido v\u00edctima de un delito contra la libertad individual o la libertad sexual, con anterioridad a la muerte por parte del mismo agresor;<\/span><\/li><li><span style=\"color: #676767; font-family: Ubuntu; font-size: medium;\">La muerte sea conexa al delito de trata o tr\u00e1fico de personas.<\/span><\/li><li><span style=\"color: #676767; font-family: Ubuntu; font-size: medium;\">La muerte sea resultado de ritos, desaf\u00edos grupales o pr\u00e1cticas culturales por parte del mismo agresor.<\/span><\/li><li><span style=\"color: #676767; font-family: Ubuntu; font-size: medium;\">La ni\u00f1a o ni\u00f1o haya sido v\u00edctima de violencia familiar o dom\u00e9stica, con anterioridad a la muerte por parte del mismo agresor;<\/span><\/li><li><span style=\"color: #676767; font-family: Ubuntu; font-size: medium;\">Existan antecedentes de abandono a la ni\u00f1a o ni\u00f1o, por parte del mismo agresor;<\/span><\/li><li><span style=\"color: #676767; font-family: Ubuntu; font-size: medium;\">La ni\u00f1a o ni\u00f1o haya sido v\u00edctima de amenazas al interior de la familia, con anterioridad a la muerte por parte del mismo agresor; y<\/span><\/li><li><span style=\"color: #676767; font-family: Ubuntu; font-size: medium;\">La ni\u00f1a o ni\u00f1o haya sido v\u00edctima de hostigamiento u odio dentro de la familia, con anterioridad a la muerte por parte del mismo agresor. <b>Art. 258 del C\u00f3digo Penal.<\/b><\/span><\/li><\/ol><\/li><\/ol><\/td><\/tr><tr><td valign=\"middle\"><p><span style=\"color: #676767; font-family: Ubuntu; font-size: medium;\">Tipo de acci\u00f3n<\/span><\/p><\/td><td valign=\"middle\"><p><span style=\"color: #676767; font-family: Ubuntu; font-size: medium;\">Es de acci\u00f3n p\u00fablica.<\/span><\/p><\/td><\/tr><tr><td valign=\"middle\"><p><span style=\"color: #676767; font-family: Ubuntu; font-size: medium;\">Sujetos facultados para ejercer la acci\u00f3n<\/span><\/p><\/td><td valign=\"middle\"><p><span style=\"color: #676767; font-family: Ubuntu; font-size: medium;\">Los parientes hasta el cuarto grado de consanguinidad y segundo de afinidad, el Ministerio P\u00fablico y la Defensor\u00eda de la Ni\u00f1ez y Adolescencia. Art. 76-2) del C\u00f3digo de Procedimiento Penal.<\/span><\/p><\/td><\/tr><tr><td valign=\"middle\"><p><span style=\"color: #676767; font-family: Ubuntu; font-size: medium;\">Competencia<\/span><\/p><\/td><td valign=\"middle\"><p><span style=\"color: #676767; font-family: Ubuntu; font-size: medium;\">Es competente el Juzgado de Instrucci\u00f3n Penal y el Tribunal de Sentencia en lo Penal Art. 72, 72 ter. de la Ley N\u00b0 025 Ley del \u00d3rgano Judicial, en relaci\u00f3n al Art. 52 del C\u00f3digo de Procedimiento Penal.<\/span><\/p><\/td><\/tr><tr><td valign=\"top\"><p><span style=\"color: #676767; font-family: Ubuntu; font-size: medium;\">Prescripci\u00f3n de la acci\u00f3n<\/span><\/p><\/td><td valign=\"top\"><p><span style=\"color: #676767; font-family: Ubuntu; font-size: medium;\">Prescribe a los ocho a\u00f1os, t\u00e9rmino que corre a partir de la media noche de la comisi\u00f3n del hecho o desde el momento en que se cometi\u00f3 el delito o ces\u00f3 su consumaci\u00f3n. Arts. 29-1), 30 de C\u00f3digo de Procedimiento Penal. <\/span><\/p><\/td><\/tr><tr><td valign=\"middle\"><p><span style=\"color: #676767; font-family: Ubuntu; font-size: medium;\">Recursos<\/span><\/p><\/td><td valign=\"middle\"><p><span style=\"color: #676767; font-family: Ubuntu; font-size: medium;\"><b>Recurso de Apelaci\u00f3n Restringida: <\/b><\/span><\/p><p><span style=\"color: #676767; font-family: Ubuntu; font-size: medium;\">La sentencia emitida puede ser apelada siempre que se haya realizado la reserva de la misma en la substanciaci\u00f3n del juicio, en el t\u00e9rmino de 15 d\u00edas. Arts. 407-415 en relaci\u00f3n al Art. 130 del C\u00f3digo de Procedimiento Penal. <\/span><\/p><p><span style=\"color: #676767; font-family: Ubuntu; font-size: medium;\"><b>Recurso de Casaci\u00f3n:<\/b><\/span><\/p><p><span style=\"color: #676767; font-family: Ubuntu; font-size: medium;\">El Auto de Vista puede ser recurrido cuando existen Autos de Vista contradictorios sobre una situaci\u00f3n similar: en relaci\u00f3n al sentido jur\u00eddico, la aplicaci\u00f3n de las normas y su alcance, se debe invocar el precedente contradictorio en el t\u00e9rmino de 5 d\u00edas de notificado con el Auto de Vista. Arts. 416-420 en relaci\u00f3n al Art. 130 del C\u00f3digo de Procedimiento Penal.<\/span><\/p><\/td><\/tr><tr><td valign=\"middle\"><p><span style=\"color: #676767; font-family: Ubuntu; font-size: medium;\">Base legal<\/span><\/p><\/td><td valign=\"middle\"><ul><li><span style=\"color: #676767; font-family: Ubuntu; font-size: medium;\">Arts. 14-II), 15-I) II) Constituci\u00f3n Pol\u00edtica del Estado. <\/span><\/li><li><span style=\"color: #676767; font-family: Ubuntu; font-size: medium;\">Art. 258 C\u00f3digo Penal. <\/span><\/li><li><span style=\"color: #676767; font-family: Ubuntu; font-size: medium;\">Arts. 16, 17, 19, 29-1), 30, 36, 277-371, 373-374, 382-388, 393, 393 bis, 393 ter, 393 quater, 393 quinquer, 393 sexter del C\u00f3digo de Procedimiento Penal.<\/span><\/li><li><span style=\"color: #676767; font-family: Ubuntu; font-size: medium;\">Ley No 1173, Ley de Abreviaci\u00f3n Procesal Penal y Fortalecimiento de la Lucha Integral contra la Violencia a Ni\u00f1as, Ni\u00f1os, Adolescentes y Mujeres. <\/span><\/li><li><span style=\"color: #676767; font-family: Ubuntu; font-size: medium;\">Art. 16-I), 145-I) del C\u00f3digo Ni\u00f1a, Ni\u00f1o y Adolescente, Ley N\u00b0 548. <\/span><\/li><li><span style=\"color: #676767; font-family: Ubuntu; font-size: medium;\">Arts. 1, 2, 3, 7, 8, 11 Declaraci\u00f3n Universal de los Derechos Humanos. <\/span><\/li><li><span style=\"color: #676767; font-family: Ubuntu; font-size: medium;\">Arts. 6, 7 Pacto Internacional de Derechos Civiles y Pol\u00edticos, D.S. 18950. <\/span><\/li><li><span style=\"color: #676767; font-family: Ubuntu; font-size: medium;\">Art. 4 Convenci\u00f3n sobre Derechos Humanos. Pacto de San Jos\u00e9 de Costa Rica. Ley No 1430. <\/span><\/li><li><span style=\"color: #676767; font-family: Ubuntu; font-size: medium;\">Art. 6 Convenci\u00f3n de los Derechos del Ni\u00f1o. Ley No 1152.<\/span><\/li><\/ul><\/td><\/tr><tr><td valign=\"middle\"><p><span style=\"color: #676767; font-family: Ubuntu; font-size: medium;\">Recomendaciones a tomar en cuenta por la\/el abogada(o)<\/span><\/p><\/td><td valign=\"middle\"><ol><li><span style=\"color: #676767; font-family: Ubuntu; font-size: medium;\">Todo acto de violencia infanticida en contra de las ni\u00f1as y ni\u00f1os, debe ser denunciado en la Fuerza Especial de Lucha contra la Violencia y\/o en el Ministerio P\u00fablico que son entidades p\u00fablicas que funcionan las 24 hrs. del d\u00eda y los 365 d\u00edas del a\u00f1o. <\/span><\/li><li><span style=\"color: #676767; font-family: Ubuntu; font-size: medium;\">En caso de delitos en contra de ni\u00f1os, ni\u00f1as vinculados a distintas formas de violencia se aplicar\u00e1 el procedimiento previsto en T\u00edtulo VI \u201cProcedimiento Especial para casos de Violencia contra Ni\u00f1as, Ni\u00f1os, Adolescentes o Mujeres\u201c (Art. 393 septier al 393 duoter del C\u00f3digo de Procedimiento Penal) y procedimiento de establecido por la Ley No 348 en sus Arts. 86 al 100. <\/span><\/li><li><span style=\"color: #676767; font-family: Ubuntu; font-size: medium;\">En caso de flagrancia observarlo dispuesto por los Arts. 393, 393 Bis, 393 Ter, 393 quater, 393 quinquer, 393 sexter C\u00f3digo de Procedimiento Penal. <\/span><\/li><li><span style=\"color: #676767; font-family: Ubuntu; font-size: medium;\">Las notificaciones ser\u00e1n realizadas a trav\u00e9s de la Oficina Gestora de Procesos mediante el Buz\u00f3n de Notificaciones de Ciudadan\u00eda Digital, excepto las notificaciones que deben ser realizadas de manera personal. En caso no existir la tecnolog\u00eda las notificaciones ser\u00e1n realizadas en el domicilio procesal se\u00f1alado por las partes. <\/span><\/li><li><span style=\"color: #676767; font-family: Ubuntu; font-size: medium;\">Junto con la denuncia y\/o querella, se tiene que adjuntar toda la prueba que se pueda obtener o indicar d\u00f3nde puede ser habida. <\/span><\/li><li><span style=\"color: #676767; font-family: Ubuntu; font-size: medium;\">En la obtenci\u00f3n de la prueba se debe tomar en cuenta los requisitos de forma y fondo establecidos por el C\u00f3digo de Procedimiento Penal para su ofrecimiento, introducci\u00f3n y producci\u00f3n en juicio oral, conforme establecen los Arts. 13, 171 del C\u00f3digo de Procedimiento Penal y el Art. 8-2) Pacto de San Jos\u00e9 de Costa Rica. <\/span><\/li><li><span style=\"color: #676767; font-family: Ubuntu; font-size: medium;\">Dependiendo del caso se podr\u00eda pedir una pericia psicol\u00f3gica del infanticida. <\/span><\/li><li><span style=\"color: #676767; font-family: Ubuntu; font-size: medium;\">Se debe observar toda la prueba presentada por la parte contraria y objetarla en la v\u00eda incidental, siempre y cuando no cumpla los requisitos legales.<\/span><\/li><li><span style=\"color: #676767; font-family: Ubuntu; font-size: medium;\">De acuerdo a las circunstancias ver la pertinencia de optar un procedimiento abreviado. Art. 373 C\u00f3digo de Procedimiento Penal, lo que no significa la atenuaci\u00f3n de la pena. <\/span><\/li><li><span style=\"color: #676767; font-family: Ubuntu; font-size: medium;\">Solicitar la reparaci\u00f3n civil.<\/span><\/li><\/ol><\/td><\/tr><\/tbody><\/table><\/div>\n\t\t\t\t<\/div>\n\t\t\t\t<\/div>\n\t\t\t\t\t\t<\/div>\n\t\t\t\t\t<\/div>\n\t\t<\/div>\n\t\t\t\t\t\t\t\t<\/div>\n\t\t\t\t\t<\/div>\n\t\t<\/section>\n\t\t\t\t<section class=\"elementor-section elementor-top-section elementor-element elementor-element-0fc6aae elementor-section-boxed elementor-section-height-default elementor-section-height-default\" data-id=\"0fc6aae\" data-element_type=\"section\">\n\t\t\t\t\t\t<div class=\"elementor-container elementor-column-gap-default\">\n\t\t\t\t\t\t\t<div class=\"elementor-row\">\n\t\t\t\t\t<div class=\"elementor-column elementor-col-100 elementor-top-column elementor-element elementor-element-63f5765\" data-id=\"63f5765\" data-element_type=\"column\">\n\t\t\t<div class=\"elementor-column-wrap elementor-element-populated\">\n\t\t\t\t\t\t\t<div class=\"elementor-widget-wrap\">\n\t\t\t\t\t\t<div class=\"elementor-element elementor-element-0ed974c elementor-widget elementor-widget-text-editor\" data-id=\"0ed974c\" data-element_type=\"widget\" data-widget_type=\"text-editor.default\">\n\t\t\t\t<div class=\"elementor-widget-container\">\n\t\t\t\t\t<div class=\"elementor-text-editor elementor-clearfix\"><table cellspacing=\"0\" cellpadding=\"0\"><tbody><tr><td colspan=\"2\" valign=\"middle\"><h5 style=\"text-align: center;\"><span style=\"color: #676767; font-family: Ubuntu; font-size: medium;\"><b><span style=\"color: #43358b;\">Homicidio \u2013 Suicidio<\/span><\/b><\/span><\/h5><\/td><\/tr><tr><td valign=\"middle\"><p><span style=\"color: #676767; font-family: Ubuntu; font-size: medium;\">Tipo penal<\/span><\/p><\/td><td valign=\"middle\"><p><span style=\"color: #676767; font-family: Ubuntu; font-size: medium;\">\u201cLa persona que instigare a otra al suicidio o le ayudare a cometerlo, si la muerte se hubiere intentado o consumado, incurrir\u00e1 en reclusi\u00f3n de dos (2) a seis (6) a\u00f1os.<br \/>Si con motivo de la tentativa se produjeren lesiones, la sanci\u00f3n de reclusi\u00f3n ser\u00e1 de uno (1) a cinco (5) a\u00f1os. Aunque hubiere mediado consentimiento de la v\u00edctima en el doble suicidio, se impondr\u00e1 al sobreviviente la pena de reclusi\u00f3n de dos (2) a seis (6) a\u00f1os. <\/span><\/p><p><span style=\"color: #676767; font-family: Ubuntu; font-size: medium;\">Cuando una persona cometa suicidio como consecuencia de una situaci\u00f3n de violencia, la agresora o agresor ser\u00e1 sancionado con privaci\u00f3n de libertad de diez (10) a\u00f1os.<br \/>Si la v\u00edctima del delito en cualquiera de los casos del presente Art\u00edculo, resultare ser Ni\u00f1a, Ni\u00f1o o Adolescente, la pena ser\u00e1 agravada en dos tercios\u201d. <b>Art. 256 C\u00f3digo Penal.<\/b><\/span><\/p><\/td><\/tr><tr><td valign=\"middle\"><p><span style=\"color: #676767; font-family: Ubuntu; font-size: medium;\">Tipo de acci\u00f3n<\/span><\/p><\/td><td valign=\"middle\"><p><span style=\"color: #676767; font-family: Ubuntu; font-size: medium;\">Es de acci\u00f3n p\u00fablica.<\/span><\/p><\/td><\/tr><tr><td valign=\"middle\"><p><span style=\"color: #676767; font-family: Ubuntu; font-size: medium;\">Sujetos facultados para ejercer la acci\u00f3n<\/span><\/p><\/td><td valign=\"middle\"><p><span style=\"color: #676767; font-family: Ubuntu; font-size: medium;\">Los parientes hasta el cuarto grado de consanguinidad y segundo de afinidad, el adoptado u adoptante, el heredero testamentario y el Ministerio P\u00fablico Art. 76-2) del C\u00f3digo de Procedimiento Penal.<\/span><\/p><\/td><\/tr><tr><td valign=\"middle\"><p><span style=\"color: #676767; font-family: Ubuntu; font-size: medium;\">Competencia<\/span><\/p><\/td><td valign=\"middle\"><p><span style=\"color: #676767; font-family: Ubuntu; font-size: medium;\">Es competente el Juzgado de Instrucci\u00f3n en Materia de Violencia contra las Mujeres y el Juzgado de Sentencia en Materia de Violencia contra las Mujeres Art. 72, 72 bis de la Ley No 025 Ley del \u00d3rgano Judicial, en relaci\u00f3n al Art. 53 del C\u00f3digo de Procedimiento Penal.<\/span><\/p><\/td><\/tr><tr><td valign=\"middle\"><p><span style=\"color: #676767; font-family: Ubuntu; font-size: medium;\">Prescripci\u00f3n de la acci\u00f3n <\/span><\/p><\/td><td valign=\"middle\"><p><span style=\"color: #676767; font-family: Ubuntu; font-size: medium;\">Prescribe a los ocho a\u00f1os, t\u00e9rmino que corre a partir de la media noche de la comisi\u00f3n del hecho o desde el momento en que se cometi\u00f3 el delito, o ces\u00f3 su consumaci\u00f3n. Arts. 29-1), 30 del C\u00f3digo de Procedimiento Penal. <\/span><\/p><\/td><\/tr><tr><td valign=\"middle\"><p><span style=\"color: #676767; font-family: Ubuntu; font-size: medium;\">Duraci\u00f3n del proceso<\/span><\/p><\/td><td valign=\"middle\"><p><span style=\"color: #676767; font-family: Ubuntu; font-size: medium;\">M\u00e1xima de tres a\u00f1os.<\/span><\/p><\/td><\/tr><tr><td valign=\"middle\"><p><span style=\"color: #676767; font-family: Ubuntu; font-size: medium;\">Recursos<\/span><\/p><\/td><td valign=\"middle\"><p><span style=\"color: #676767; font-family: Ubuntu; font-size: medium;\"><b>Recurso de Apelaci\u00f3n Restringida: <\/b><\/span><\/p><p><span style=\"color: #676767; font-family: Ubuntu; font-size: medium;\">La sentencia emitida puede ser apelada siempre que se haya realizado la reserva de la misma en la substanciaci\u00f3n del juicio, en el t\u00e9rmino de 15 d\u00edas. Arts. 407-415 en relaci\u00f3n al Art. 130 del C\u00f3digo de Procedimiento Penal. <\/span><\/p><p><span style=\"color: #676767; font-family: Ubuntu; font-size: medium;\"><b>Recurso de Casaci\u00f3n:<\/b><\/span><\/p><p><span style=\"color: #676767; font-family: Ubuntu; font-size: medium;\">El Auto de Vista puede ser recurrido cuando existen Autos de Vista contradictorios sobre una situaci\u00f3n similar: en relaci\u00f3n al sentido jur\u00eddico, la aplicaci\u00f3n de las normas y su alcance, se debe invocar el precedente contradictorio en el t\u00e9rmino de 5 d\u00edas de notificado con el Auto de Vista. Arts. 416-420 en relaci\u00f3n al Art. 130 del C\u00f3digo de Procedimiento Penal.<\/span><\/p><\/td><\/tr><tr><td valign=\"middle\"><p><span style=\"color: #676767; font-family: Ubuntu; font-size: medium;\">Base legal<\/span><\/p><\/td><td valign=\"middle\"><ul><li><span style=\"color: #676767; font-family: Ubuntu; font-size: medium;\">Arts. 14, 15 y 115 Constituci\u00f3n Pol\u00edtica del Estado. <\/span><\/li><li><span style=\"color: #676767; font-family: Ubuntu; font-size: medium;\">Arts. 256 C\u00f3digo Penal. <\/span><\/li><li><span style=\"color: #676767; font-family: Ubuntu; font-size: medium;\">Arts. 16, 17, 19, 29-3), 30, 36, 277- 371, 373 -374, 382-388, 393, 393 Bis, 393 Ter, 393 quater, 393 quinquer, 393 sexter del C\u00f3digo de Procedimiento Penal.<\/span><\/li><li><span style=\"color: #676767; font-family: Ubuntu; font-size: medium;\">Arts. 1,7-3), 36, 68, 84, 86-100, de la Ley Integral para Garantizar a las Mujeres una Vida Libre de Violencia. Ley No 348.<\/span><\/li><li><span style=\"color: #676767; font-family: Ubuntu; font-size: medium;\">Ley No 1173, Ley de Abreviaci\u00f3n Procesal Penal y Fortalecimiento de la Lucha Integral contra la Violencia a Ni\u00f1as, Ni\u00f1os, Adolescentes y Mujeres. <\/span><\/li><li><span style=\"color: #676767; font-family: Ubuntu; font-size: medium;\">Art. 16-I), 145-I) de la Ley N\u00b0 548 C\u00f3digo Ni\u00f1a, Ni\u00f1o y Adolescente. <\/span><\/li><li><span style=\"color: #676767; font-family: Ubuntu; font-size: medium;\">Arts. 1, 2, 3, 5, 8, 11 Declaraci\u00f3n Universal de los Derechos Humanos. <\/span><\/li><li><span style=\"color: #676767; font-family: Ubuntu; font-size: medium;\">Arts. 5, 11 Convenci\u00f3n sobre Derechos Humanos. Pacto de San Jos\u00e9 de Costa Rica. Ley No 1430. <\/span><\/li><li><span style=\"color: #676767; font-family: Ubuntu; font-size: medium;\">Arts. 6, 7 Pacto Internacional de Derechos Civiles y Pol\u00edticos, D.S. 18950. <\/span><\/li><li><span style=\"color: #676767; font-family: Ubuntu; font-size: medium;\">Art. 4 Convenci\u00f3n sobre Derechos Humanos. Pacto de San Jos\u00e9 de Costa Rica. Ley No 1430.<\/span><\/li><\/ul><\/td><\/tr><tr><td valign=\"middle\"><p><span style=\"color: #676767; font-family: Ubuntu; font-size: medium;\">Recomendaciones a tomar en cuenta por la\/el abogada(o)<\/span><\/p><\/td><td valign=\"middle\"><ol><li><span style=\"color: #676767; font-family: Ubuntu; font-size: medium;\">Todo acto de violencia en contra de las mujeres, debe ser denunciado en la Fuerza Especial de Lucha Contra la Violencia y\/o en el Ministerio P\u00fablico que son entidades p\u00fablicas que funcionan las 24 hrs. del d\u00eda y los 365 d\u00edas del a\u00f1o. <\/span><\/li><li><span style=\"color: #676767; font-family: Ubuntu; font-size: medium;\">En caso de delitos en contra de mujeres vinculados a distintas formas de violencia se aplicar\u00e1 el procedimiento previsto en T\u00edtulo VI \u201cProcedimiento Especial para casos de Violencia contra Ni\u00f1as, Ni\u00f1os, Adolescentes o Mujeres \u201c(Art. 393 septier al 393 duoter del C\u00f3digo de Procedimiento Penal) y procedimiento de establecido por la Ley No 348 en sus Arts. 86 al 100. <\/span><\/li><li><span style=\"color: #676767; font-family: Ubuntu; font-size: medium;\">En caso de flagrancia observar lo dispuesto por los Arts. 393, 393 Bis, 393 Ter, 393 quater, 393 quinquer, 393 sexter C\u00f3digo de Procedimiento Penal. <\/span><\/li><li><span style=\"color: #676767; font-family: Ubuntu; font-size: medium;\">Las notificaciones ser\u00e1n realizadas a trav\u00e9s de la Oficina Gestora de Procesos mediante el Buz\u00f3n de Notificaciones de Ciudadan\u00eda Digital, excepto las notificaciones que deben ser realizadas de manera personal. En caso no existir la tecnolog\u00eda las notificaciones ser\u00e1n realizadas en el domicilio procesal se\u00f1alado por las partes. <\/span><\/li><li><span style=\"color: #676767; font-family: Ubuntu; font-size: medium;\">Junto con la denuncia y\/o querella, se tiene que adjuntar toda la prueba que se pueda obtener o indicar d\u00f3nde puede ser habida. Adem\u00e1s, el informe psicol\u00f3gico. <\/span><\/li><li><span style=\"color: #676767; font-family: Ubuntu; font-size: medium;\">A tiempo de plantear la denuncia se debe solicitar las medidas de protecci\u00f3n establecidas por el Art. 35 Ley No 348 y las medidas de protecci\u00f3n especiales establecidas por los Arts. 389 al 389 quinquies del C\u00f3digo de Procedimiento Penal, en especial la dispuesta en el par\u00e1grafo de ni\u00f1as ni\u00f1os o adolescentes, numeral 13 del Art. 389 bis del C\u00f3digo de Procedimiento Penal y las que corresponda al caso.<\/span><\/li><li><span style=\"color: #676767; font-family: Ubuntu; font-size: medium;\">Se debe tomar en cuenta que las medidas de protecci\u00f3n especiales podr\u00e1n ser dispuestas, ratificadas o modificadas por los tribunales y jueces competentes en cualquier etapa del proceso penal. <\/span><\/li><li><span style=\"color: #676767; font-family: Ubuntu; font-size: medium;\">Las medidas de protecci\u00f3n especiales podr\u00e1n ser dispuestas por la o el fiscal, funcionaria\/o policial o cualquier otra autoridad prevista para la atenci\u00f3n a mujeres en situaci\u00f3n de violencia, tomando en cuenta lo establecido por los Arts. 389 ter, 389 quarter, 389 quinquies. <\/span><\/li><li><span style=\"color: #676767; font-family: Ubuntu; font-size: medium;\">Expl\u00edcitamente se proh\u00edbe la revictimizaci\u00f3n en todas las etapas del proceso penal, Art. 393 octer. <\/span><\/li><li><span style=\"color: #676767; font-family: Ubuntu; font-size: medium;\">Las agresiones f\u00edsicas y sexuales en casos de ni\u00f1as, ni\u00f1os, adolescentes y mujeres, y recolecci\u00f3n de evidencias deber\u00e1n ser certificadas por cualquier profesional de la salud perteneciente a instituci\u00f3n p\u00fablica. En caso de violencia sexual el personal de servicios p\u00fablicos podr\u00e1 recolectar las evidencias y enviarlas al IDIF o IITCUP (Instituto de Investigaciones T\u00e9cnico Cient\u00edfico de la Universidad Policial). Art. 393 noveter del C\u00f3digo de Procedimiento Penal.<\/span><\/li><li><span style=\"color: #676767; font-family: Ubuntu; font-size: medium;\">En la obtenci\u00f3n de la prueba se debe tomar en cuenta los requisitos de forma y fondo establecidos por el C\u00f3digo de Procedimiento Penal para su ofrecimiento, introducci\u00f3n y producci\u00f3n en juicio oral, conforme establecen los Arts. 13, 171 del C\u00f3digo de Procedimiento Penal y el Art. 8-2) Pacto de San Jos\u00e9 de Costa Rica.<\/span><\/li><li><span style=\"color: #676767; font-family: Ubuntu; font-size: medium;\">Se debe observar toda la prueba presentada por la parte contraria y objetarla en la v\u00eda incidental, siempre y cuando no cumpla los requisitos legales.<\/span><\/li><li><span style=\"color: #676767; font-family: Ubuntu; font-size: medium;\">Se debe considerar adem\u00e1s de iniciar la acci\u00f3n como corresponde, se la v\u00edctima ten\u00eda hijos realizar un tr\u00e1mite de tutela a favor de los familiares que tengan mejores condiciones o terceros, tambi\u00e9n ver la situaci\u00f3n de sus bienes y brindar apoyo psicol\u00f3gico para que asuman el conflicto.<\/span><\/li><li><span style=\"color: #676767; font-family: Ubuntu; font-size: medium;\">De acuerdo a las circunstancias ver la pertinencia de aceptar un procedimiento abreviado. Art. 373 del C\u00f3digo de Procedimiento Penal. <\/span><\/li><\/ol><\/td><\/tr><\/tbody><\/table><\/div>\n\t\t\t\t<\/div>\n\t\t\t\t<\/div>\n\t\t\t\t\t\t<\/div>\n\t\t\t\t\t<\/div>\n\t\t<\/div>\n\t\t\t\t\t\t\t\t<\/div>\n\t\t\t\t\t<\/div>\n\t\t<\/section>\n\t\t\t\t<section class=\"elementor-section elementor-top-section elementor-element elementor-element-a44bfdd elementor-section-boxed elementor-section-height-default elementor-section-height-default\" data-id=\"a44bfdd\" data-element_type=\"section\">\n\t\t\t\t\t\t<div class=\"elementor-container elementor-column-gap-default\">\n\t\t\t\t\t\t\t<div class=\"elementor-row\">\n\t\t\t\t\t<div class=\"elementor-column elementor-col-100 elementor-top-column elementor-element elementor-element-601b2b0\" data-id=\"601b2b0\" data-element_type=\"column\">\n\t\t\t<div class=\"elementor-column-wrap elementor-element-populated\">\n\t\t\t\t\t\t\t<div class=\"elementor-widget-wrap\">\n\t\t\t\t\t\t<div class=\"elementor-element elementor-element-e1ea204 elementor-widget elementor-widget-text-editor\" data-id=\"e1ea204\" data-element_type=\"widget\" data-widget_type=\"text-editor.default\">\n\t\t\t\t<div class=\"elementor-widget-container\">\n\t\t\t\t\t<div class=\"elementor-text-editor elementor-clearfix\"><table cellspacing=\"0\" cellpadding=\"0\"><tbody><tr><td colspan=\"2\" valign=\"middle\"><h5 style=\"text-align: center;\"><span style=\"color: #676767; font-family: Ubuntu; font-size: medium;\"><b><span style=\"color: #43358b;\">Incumplimiento de deberes de asistencia<\/span> <\/b><\/span><\/h5><\/td><\/tr><tr><td valign=\"middle\"><p><span style=\"color: #676767; font-family: Ubuntu; font-size: medium;\">Tipo penal<\/span><\/p><\/td><td valign=\"middle\"><p><span style=\"color: #676767; font-family: Ubuntu; font-size: medium;\">\u201cIncurrir\u00e1 en privaci\u00f3n de libertad de seis (6) meses a dos (2) a\u00f1os, el padre, tutor, curador, de un menor o incapaz, y quedar\u00e1 inhabilitado para ejercer la autoridad de padre, tutor\u00eda o curatela, en los siguientes casos:<\/span><\/p><ol><li style=\"list-style-type: none;\"><ol><li><span style=\"color: #676767; font-family: Ubuntu; font-size: medium;\">Si dejare de proveer sin justa causa a la instrucci\u00f3n primaria de un menor en edad escolar.<\/span><\/li><li><span style=\"color: #676767; font-family: Ubuntu; font-size: medium;\">Si permitiere que el menor frecuente casas de juego o de mala fama o conviva con persona viciosa o de mala vida.<\/span><\/li><li><span style=\"color: #676767; font-family: Ubuntu; font-size: medium;\">Si permitiere que el menor frecuente espect\u00e1culos capaces de pervertirle o que ofendan al pudor, o que participare el menor en representaci\u00f3n de igual naturaleza.<\/span><\/li><li><span style=\"color: #676767; font-family: Ubuntu; font-size: medium;\">Si autorizare a que resida o trabaje en casa de prostituci\u00f3n.<\/span><\/li><li><span style=\"color: #676767; font-family: Ubuntu; font-size: medium;\">Si permitiere que el menor mendigue o sirva a mendigo para inspirar conmiseraci\u00f3n\u201d. <b>Art. 249 C\u00f3digo Penal.<\/b><\/span><\/li><\/ol><\/li><\/ol><\/td><\/tr><tr><td valign=\"middle\"><p><span style=\"color: #676767; font-family: Ubuntu; font-size: medium;\">Tipo de acci\u00f3n<\/span><\/p><\/td><td valign=\"middle\"><p><span style=\"color: #676767; font-family: Ubuntu; font-size: medium;\">Es de acci\u00f3n p\u00fablica a instancia de parte.<\/span><\/p><\/td><\/tr><tr><td valign=\"middle\"><p><span style=\"color: #676767; font-family: Ubuntu; font-size: medium;\">Sujetos facultados para ejercer la acci\u00f3n<\/span><\/p><\/td><td valign=\"middle\"><p><span style=\"color: #676767; font-family: Ubuntu; font-size: medium;\">La v\u00edctima, el Ministerio P\u00fablico a sola denuncia de \u00e9sta. Art. 17 del C\u00f3digo de Procedimiento Penal y la Defensor\u00eda de la Ni\u00f1ez y Adolescencia.<br \/>El Ministerio P\u00fablico puede actuar sin denuncia de parte, cuando el menor no tenga un representante legal, o sea incapaz, o el delito hubiera sido cometido por uno o por ambos padres o responsable de su cuidado.<\/span><\/p><\/td><\/tr><tr><td valign=\"middle\"><p><span style=\"color: #676767; font-family: Ubuntu; font-size: medium;\">Competencia<\/span><\/p><\/td><td valign=\"middle\"><p><span style=\"color: #676767; font-family: Ubuntu; font-size: medium;\">Es competente el Juzgado de Instrucci\u00f3n en Materia de Violencia contra las Mujeres y el Juzgado de Sentencia en Materia de Violencia contra las Mujeres Art. 72, 72 bis de la Ley No 025 Ley del \u00d3rgano Judicial, en relaci\u00f3n al Art. 53 del C\u00f3digo de Procedimiento Penal.<\/span><\/p><\/td><\/tr><tr><td valign=\"middle\"><p><span style=\"color: #676767; font-family: Ubuntu; font-size: medium;\">Prescripci\u00f3n de la acci\u00f3n<\/span><\/p><\/td><td valign=\"middle\"><p><span style=\"color: #676767; font-family: Ubuntu; font-size: medium;\">Prescribe a los tres a\u00f1os, t\u00e9rmino que corre a partir de la media noche de la comisi\u00f3n del hecho o desde el momento en que se cometi\u00f3 el delito, o ces\u00f3 su consumaci\u00f3n. Arts. 29-3), 30 C\u00f3digo de Procedimiento Penal. <\/span><\/p><\/td><\/tr><tr><td valign=\"middle\"><p><span style=\"color: #676767; font-family: Ubuntu; font-size: medium;\">Duraci\u00f3n del proceso<\/span><\/p><\/td><td valign=\"middle\"><p><span style=\"color: #676767; font-family: Ubuntu; font-size: medium;\">M\u00e1xima de tres a\u00f1os.<\/span><\/p><\/td><\/tr><tr><td valign=\"middle\"><p><span style=\"color: #676767; font-family: Ubuntu; font-size: medium;\">Recursos<\/span><\/p><\/td><td valign=\"middle\"><p><span style=\"color: #676767; font-family: Ubuntu; font-size: medium;\"><b>Recurso de Apelaci\u00f3n Restringida: <\/b><\/span><\/p><p><span style=\"color: #676767; font-family: Ubuntu; font-size: medium;\">La sentencia emitida puede ser apelada siempre que se haya realizado la reserva de la misma en la substanciaci\u00f3n del juicio, en el t\u00e9rmino de 15 d\u00edas. Arts. 407-415 en relaci\u00f3n al Art. 130 del C\u00f3digo de Procedimiento Penal. <\/span><\/p><p><span style=\"color: #676767; font-family: Ubuntu; font-size: medium;\"><b>Recurso de Casaci\u00f3n:<\/b><\/span><\/p><p><span style=\"color: #676767; font-family: Ubuntu; font-size: medium;\">El Auto de Vista puede ser recurrido cuando existen Autos de Vista contradictorios sobre una situaci\u00f3n similar: en relaci\u00f3n al sentido jur\u00eddico, la aplicaci\u00f3n de las normas y su alcance, se debe invocar el precedente contradictorio en el t\u00e9rmino de 5 d\u00edas de notificado con el Auto de Vista. Arts. 416-420 en relaci\u00f3n al Art. 130 del C\u00f3digo de Procedimiento Penal.<\/span><\/p><\/td><\/tr><tr><td valign=\"middle\"><p><span style=\"color: #676767; font-family: Ubuntu; font-size: medium;\">Base legal<\/span><\/p><\/td><td valign=\"middle\"><ul><li><span style=\"color: #676767; font-family: Ubuntu; font-size: medium;\">Arts. 17, 61-II) Constituci\u00f3n Pol\u00edtica del Estado. <\/span><\/li><li><span style=\"color: #676767; font-family: Ubuntu; font-size: medium;\">Art. 249 C\u00f3digo Penal. <\/span><\/li><li><span style=\"color: #676767; font-family: Ubuntu; font-size: medium;\">Ley No 1173, Ley de Abreviaci\u00f3n Procesal Penal y Fortalecimiento de la Lucha Integral contra la Violencia a Ni\u00f1as, Ni\u00f1os, Adolescentes y Mujeres. <\/span><\/li><li><span style=\"color: #676767; font-family: Ubuntu; font-size: medium;\">Arts. 17, 61-II) del C\u00f3digo Ni\u00f1a, Ni\u00f1o y Adolescente. Ley N\u00b0 548. <\/span><\/li><li><span style=\"color: #676767; font-family: Ubuntu; font-size: medium;\">Arts. 24, 25 Declaraci\u00f3n Universal de Derechos Humanos. <\/span><\/li><li><span style=\"color: #676767; font-family: Ubuntu; font-size: medium;\">Art. 19 Convenci\u00f3n sobre Derechos Humanos. Pacto de San Jos\u00e9 de Costa Rica. Ley No 1430. <\/span><\/li><li><span style=\"color: #676767; font-family: Ubuntu; font-size: medium;\">Arts. 6, 18, 27-2) 28, 34, 36 Ley No 1152 Convenci\u00f3n de los Derechos del Ni\u00f1o.<\/span><\/li><\/ul><\/td><\/tr><tr><td valign=\"middle\"><p><span style=\"color: #676767; font-family: Ubuntu; font-size: medium;\">Recomendaciones a tomar en cuenta por la\/el abogada(o)<\/span><\/p><\/td><td valign=\"middle\"><ol><li><span style=\"color: #676767; font-family: Ubuntu; font-size: medium;\">Junto con la denuncia y\/o querella, se tiene que adjuntar toda la prueba que se pueda obtener o indicar d\u00f3nde puede ser habida. <\/span><\/li><li><span style=\"color: #676767; font-family: Ubuntu; font-size: medium;\">En caso de delitos en contra de mujeres vinculados a distintas formas de violencia se aplicar\u00e1 el procedimiento previsto en T\u00edtulo VI \u201cProcedimiento Especial para casos de Violencia contra Ni\u00f1as, Ni\u00f1os, Adolescentes o Mujeres\u201c (Art. 393 septier al 393 duoter del C\u00f3digo de Procedimiento Penal) y procedimiento de establecido por la Ley No 348 en sus Arts. 86 al 100. <\/span><\/li><li><span style=\"color: #676767; font-family: Ubuntu; font-size: medium;\">En caso de flagrancia observarlo dispuesto por los Arts. 393, 393 Bis, 393 Ter, 393 quater, 393 quinquer, 393 sexter C\u00f3digo de Procedimiento Penal. <\/span><\/li><li><span style=\"color: #676767; font-family: Ubuntu; font-size: medium;\">Las notificaciones ser\u00e1n realizadas a trav\u00e9s de la Oficina Gestora de Procesos mediante el Buz\u00f3n de Notificaciones de Ciudadan\u00eda Digital, excepto las notificaciones que deben ser realizadas de manera personal. En caso no existir la tecnolog\u00eda las notificaciones ser\u00e1n realizadas en el domicilio procesal se\u00f1alado por las partes. <\/span><\/li><li><span style=\"color: #676767; font-family: Ubuntu; font-size: medium;\">En la obtenci\u00f3n de la prueba se debe tomar en cuenta los requisitos de forma y fondo establecidos por el C\u00f3digo de Procedimiento Penal para su ofrecimiento, introducci\u00f3n y producci\u00f3n en juicio oral, conforme establecen los Arts. 13, 171 del C\u00f3digo de Procedimiento Penal y el Art. 8-2) Pacto de San Jos\u00e9 de Costa Rica. <\/span><\/li><li><span style=\"color: #676767; font-family: Ubuntu; font-size: medium;\">Se debe observar toda la prueba presentada por la parte contraria y objetarla en la v\u00eda incidental, siempre y cuando no cumpla los requisitos legales. <\/span><\/li><li><span style=\"color: #676767; font-family: Ubuntu; font-size: medium;\">Iniciada la acci\u00f3n, se puede optar por una salida alternativa. Arts. 21, 23, 24-27 del C\u00f3digo de Procedimiento Penal, o el procedimiento abreviado previsto en el Art. 373 del C\u00f3digo de Procedimiento Penal. <\/span><\/li><li><span style=\"color: #676767; font-family: Ubuntu; font-size: medium;\">La detenci\u00f3n preventiva proceder\u00e1 de manera excepcional en los delitos que atenten contra la vida, integridad corporal o libertad sexual de ni\u00f1as, ni\u00f1os, adolescentes, mujeres y adultos mayores. Art. 232 del C\u00f3digo de Procedimiento de Penal. La detenci\u00f3n preventiva tendr\u00e1 una duraci\u00f3n establecida, podr\u00e1 ser ampliada a petici\u00f3n fundada del fiscal o querellante<\/span><\/li><\/ol><\/td><\/tr><\/tbody><\/table><\/div>\n\t\t\t\t<\/div>\n\t\t\t\t<\/div>\n\t\t\t\t\t\t<\/div>\n\t\t\t\t\t<\/div>\n\t\t<\/div>\n\t\t\t\t\t\t\t\t<\/div>\n\t\t\t\t\t<\/div>\n\t\t<\/section>\n\t\t\t\t<section class=\"elementor-section elementor-top-section elementor-element elementor-element-07a6cba elementor-section-boxed elementor-section-height-default elementor-section-height-default\" data-id=\"07a6cba\" data-element_type=\"section\">\n\t\t\t\t\t\t<div class=\"elementor-container elementor-column-gap-default\">\n\t\t\t\t\t\t\t<div class=\"elementor-row\">\n\t\t\t\t\t<div class=\"elementor-column elementor-col-100 elementor-top-column elementor-element elementor-element-b7101f0\" data-id=\"b7101f0\" data-element_type=\"column\">\n\t\t\t<div class=\"elementor-column-wrap elementor-element-populated\">\n\t\t\t\t\t\t\t<div class=\"elementor-widget-wrap\">\n\t\t\t\t\t\t<div class=\"elementor-element elementor-element-706ff58 elementor-widget elementor-widget-text-editor\" data-id=\"706ff58\" data-element_type=\"widget\" data-widget_type=\"text-editor.default\">\n\t\t\t\t<div class=\"elementor-widget-container\">\n\t\t\t\t\t<div class=\"elementor-text-editor elementor-clearfix\"><table cellspacing=\"0\" cellpadding=\"0\"><tbody><tr><td colspan=\"2\" valign=\"middle\"><h5 style=\"text-align: center;\"><span style=\"color: #43358b; font-family: Ubuntu; font-size: medium;\"><b>Lesi\u00f3n seguida de muerte<\/b><\/span><\/h5><\/td><\/tr><tr><td valign=\"middle\"><p><span style=\"color: #676767; font-family: Ubuntu; font-size: medium;\">Tipo penal<\/span><\/p><\/td><td valign=\"middle\"><p><span style=\"color: #676767; font-family: Ubuntu; font-size: medium;\">\u201cEl que con el fin de causar un da\u00f1o en el cuerpo o en la salud, produjere la muerte de alguna persona, sin que \u00e9sta hubiera sido querida por el autor, pero que pudo haber sido prevista, ser\u00e1 sancionado con privaci\u00f3n de libertad de tres (3) a ocho (8) a\u00f1os.<br \/>Si se tratare de los casos previstos por el Art. 254, p\u00e1rrafo primero, la sanci\u00f3n ser\u00e1 disminuida en un tercio\u201d. <\/span><\/p><p><span style=\"color: #676767; font-family: Ubuntu; font-size: medium;\">La sanci\u00f3n privativa de libertad ser\u00e1 agravada en dos tercios, si la v\u00edctima del delito resultare ser ni\u00f1a, ni\u00f1o o adolescente o persona adulta mayor\u201d. <b>Art. 273 C\u00f3digo Penal<\/b>.<\/span><\/p><\/td><\/tr><tr><td valign=\"middle\"><p><span style=\"color: #676767; font-family: Ubuntu; font-size: medium;\">Tipo de acci\u00f3n<\/span><\/p><\/td><td valign=\"middle\"><p><span style=\"color: #676767; font-family: Ubuntu; font-size: medium;\">Es de acci\u00f3n p\u00fablica.<\/span><\/p><\/td><\/tr><tr><td valign=\"middle\"><p><span style=\"color: #676767; font-family: Ubuntu; font-size: medium;\">Sujetos facultados para ejercer la acci\u00f3n<\/span><\/p><\/td><td valign=\"middle\"><p><span style=\"color: #676767; font-family: Ubuntu; font-size: medium;\">Los parientes hasta el cuarto grado de consanguinidad y segundo de afinidad, el adoptado u adoptante, el heredero testamentario, el Ministerio P\u00fablico. Art. 76-2) C\u00f3digo de Procedimiento Penal y la Defensor\u00eda de la Ni\u00f1ez y Adolescencia.<\/span><\/p><\/td><\/tr><tr><td valign=\"middle\"><p><span style=\"color: #676767; font-family: Ubuntu; font-size: medium;\">Competencia<\/span><\/p><\/td><td valign=\"middle\"><p><span style=\"color: #676767; font-family: Ubuntu; font-size: medium;\">Es competente el Juzgado de Instrucci\u00f3n en Materia de Violencia contra las Mujeres y el Juzgado de Sentencia en Materia de Violencia contra las Mujeres Art. 72, 72 bis de la Ley No 025 Ley del \u00d3rgano Judicial, en relaci\u00f3n al Art. 53 del C\u00f3digo de Procedimiento Penal.<\/span><\/p><\/td><\/tr><tr><td valign=\"middle\"><p><span style=\"color: #676767; font-family: Ubuntu; font-size: medium;\">Prescripci\u00f3n de la acci\u00f3n<\/span><\/p><\/td><td valign=\"middle\"><p><span style=\"color: #676767; font-family: Ubuntu; font-size: medium;\">Prescribe a los ocho a\u00f1os t\u00e9rmino que corre a partir de la media noche de la comisi\u00f3n del hecho o desde el momento en que se cometi\u00f3 el delito, o ces\u00f3 su consumaci\u00f3n. Arts. 29-1), 30 C\u00f3digo de Procedimiento Penal. <\/span><\/p><\/td><\/tr><tr><td valign=\"middle\"><p><span style=\"color: #676767; font-family: Ubuntu; font-size: medium;\">Duraci\u00f3n del proceso<\/span><\/p><\/td><td valign=\"middle\"><p><span style=\"color: #676767; font-family: Ubuntu; font-size: medium;\">M\u00e1xima de tres a\u00f1os.<\/span><\/p><\/td><\/tr><tr><td valign=\"middle\"><p><span style=\"color: #676767; font-family: Ubuntu; font-size: medium;\">Recursos<\/span><\/p><\/td><td valign=\"middle\"><p><span style=\"color: #676767; font-family: Ubuntu; font-size: medium;\"><b>Recurso de Apelaci\u00f3n Restringida: <\/b><\/span><\/p><p><span style=\"color: #676767; font-family: Ubuntu; font-size: medium;\">La sentencia emitida puede ser apelada siempre que se haya realizado la reserva de la misma en la substanciaci\u00f3n del juicio, en el t\u00e9rmino de 15 d\u00edas. Arts. 407-415 en relaci\u00f3n al Art. 130 del C\u00f3digo de Procedimiento Penal. <\/span><\/p><p><span style=\"color: #676767; font-family: Ubuntu; font-size: medium;\"><b>Recurso de Casaci\u00f3n:<\/b><\/span><\/p><p><span style=\"color: #676767; font-family: Ubuntu; font-size: medium;\">El Auto de Vista puede ser recurrido cuando existen Autos de Vista contradictorios sobre una situaci\u00f3n similar: en relaci\u00f3n al sentido jur\u00eddico, la aplicaci\u00f3n de las normas y su alcance, se debe invocar el precedente contradictorio en el t\u00e9rmino de 5 d\u00edas de notificado con el Auto de Vista. Arts. 416-420 en relaci\u00f3n al Art. 130 del C\u00f3digo de Procedimiento Penal.<\/span><\/p><\/td><\/tr><tr><td valign=\"middle\"><p><span style=\"color: #676767; font-family: Ubuntu; font-size: medium;\">Base legal<\/span><\/p><\/td><td valign=\"middle\"><ul><li><span style=\"color: #676767; font-family: Ubuntu; font-size: medium;\">Art. 14, 15-I) II) y 115 Constituci\u00f3n Pol\u00edtica del Estado. <\/span><\/li><li><span style=\"color: #676767; font-family: Ubuntu; font-size: medium;\">Art. 273 C\u00f3digo Penal. <\/span><\/li><li><span style=\"color: #676767; font-family: Ubuntu; font-size: medium;\">Arts. 16, 17, 19, 29-3), 30, 36,277-371, 373-374, 382-388, 393, 393 bis, 393 ter, 393 quater, 393 quinquer, 393 sexter del C\u00f3digo de Procedimiento Penal.<\/span><\/li><li><span style=\"color: #676767; font-family: Ubuntu; font-size: medium;\">Ley No 1173, Ley de Abreviaci\u00f3n Procesal Penal y Fortalecimiento de la Lucha Integral contra la Violencia a Ni\u00f1as, Ni\u00f1os, Adolescentes y Mujeres. <\/span><\/li><li><span style=\"color: #676767; font-family: Ubuntu; font-size: medium;\">Art. 16-I), 145-I) del C\u00f3digo Ni\u00f1a, Ni\u00f1o y Adolescente. Ley N\u00b0 548. <\/span><\/li><li><span style=\"color: #676767; font-family: Ubuntu; font-size: medium;\">Arts. 1, 2, 3, 5, 7, 8, 11 Declaraci\u00f3n Universal de Derechos Humanos. <\/span><\/li><li><span style=\"color: #676767; font-family: Ubuntu; font-size: medium;\">Arts. 6, 7 Pacto Internacional de Derechos Civiles y Pol\u00edticos, D.S. 18950. <\/span><\/li><li><span style=\"color: #676767; font-family: Ubuntu; font-size: medium;\">Art. 5 Convenci\u00f3n sobre Derechos Humanos. Pacto de San Jos\u00e9 de Costa Rica. Ley No 1430. <\/span><\/li><li><span style=\"color: #676767; font-family: Ubuntu; font-size: medium;\">Arts. 1, 2, 3, 4 Convenci\u00f3n Interamericana para Prevenir, Sancionar y Erradicar la Violencia contra la Mujer \u201cConvenci\u00f3n de Bel\u00e9m do Par\u00e1\u201d, Ley No 1599.<\/span><\/li><li><span style=\"color: #676767; font-family: Ubuntu; font-size: medium;\">Art. 6 Convenci\u00f3n de los Derechos del Ni\u00f1o, Ley No 1152.<\/span><\/li><\/ul><\/td><\/tr><tr><td valign=\"middle\"><p><span style=\"color: #676767; font-family: Ubuntu; font-size: medium;\">Recomendaciones a tomar en cuenta por la\/el abogada(o)<\/span><\/p><\/td><td valign=\"middle\"><ol><li><span style=\"color: #676767; font-family: Ubuntu; font-size: medium;\">Todo acto de violencia en contra de las mujeres, debe ser denunciado en la Fuerza Especial de Lucha Contra la Violencia y\/o en el Ministerio P\u00fablico que son entidades p\u00fablicas que funcionan las 24 hrs. del d\u00eda y los 365 d\u00edas del a\u00f1o. <\/span><\/li><li><span style=\"color: #676767; font-family: Ubuntu; font-size: medium;\">En caso de delitos en contra de mujeres vinculados a distintas formas de violencia se aplicar\u00e1 el procedimiento previsto en T\u00edtulo VI \u201cProcedimiento Especial para casos de Violencia contra Ni\u00f1as, Ni\u00f1os, Adolescentes o Mujeres \u201c(Art. 393 septier al 393 duoter del C\u00f3digo de Procedimiento Penal) y procedimiento de establecido por la Ley No 348 en sus Arts. 86 al 100. <\/span><\/li><li><span style=\"color: #676767; font-family: Ubuntu; font-size: medium;\">En caso de flagrancia observar lo dispuesto por los Arts. 393, 393 Bis, 393 Ter, 393quater, 393quinquer,393 sexter C\u00f3digo de Procedimiento Penal.<\/span><\/li><li><span style=\"color: #676767; font-family: Ubuntu; font-size: medium;\">Las notificaciones ser\u00e1n realizadas a trav\u00e9s de la Oficina Gestora de Procesos mediante el Buz\u00f3n de Notificaciones de Ciudadan\u00eda Digital, excepto las notificaciones que deben ser realizadas de manera personal. En caso no existir la tecnolog\u00eda las notificaciones ser\u00e1n realizadas en el domicilio procesal se\u00f1alado por las partes. <\/span><\/li><li><span style=\"color: #676767; font-family: Ubuntu; font-size: medium;\">Junto con la denuncia y\/o querella, se tiene que adjuntar toda la prueba que se pueda obtener o indicar d\u00f3nde puede ser habida. Adem\u00e1s, el informe psicol\u00f3gico. <\/span><\/li><li><span style=\"color: #676767; font-family: Ubuntu; font-size: medium;\">A tiempo de plantear la denuncia se debe solicitar las medidas de protecci\u00f3n establecidas por el Art. 35 Ley No 348 y las medidas de protecci\u00f3n especiales establecidas por los Arts. 389 al 389 quinquies del C\u00f3digo de Procedimiento Penal, en especial la dispuesta en el par\u00e1grafo de ni\u00f1as ni\u00f1os o adolescentes, numeral 13 del Art. 389 bis del C\u00f3digo de Procedimiento Penal y las que corresponda al caso. <\/span><\/li><li><span style=\"color: #676767; font-family: Ubuntu; font-size: medium;\">Se debe tomar en cuenta que las medidas de protecci\u00f3n especiales podr\u00e1n ser dispuestas, ratificadas o modificadas por los tribunales y jueces competentes en cualquier etapa del proceso penal. <\/span><\/li><li><span style=\"color: #676767; font-family: Ubuntu; font-size: medium;\">Las medidas de protecci\u00f3n especiales podr\u00e1n ser dispuestas por la o el fiscal, funcionaria\/o policial o cualquier otra autoridad prevista para la atenci\u00f3n a mujeres en situaci\u00f3n de violencia, tomando en cuenta lo establecido por los Arts. 389 ter, 389 quarter, 389 quinquies. <\/span><\/li><li><span style=\"color: #676767; font-family: Ubuntu; font-size: medium;\">Expl\u00edcitamente se proh\u00edbe la revictimizaci\u00f3n en todas las etapas del proceso penal, Art. 393 octer. <\/span><\/li><li><span style=\"color: #676767; font-family: Ubuntu; font-size: medium;\">Las agresiones f\u00edsicas y sexuales en casos de ni\u00f1as, ni\u00f1os, adolescentes y mujeres, y recolecci\u00f3n de evidencias deber\u00e1n ser certificadas por cualquier profesional de la salud perteneciente a instituci\u00f3n p\u00fablica. En caso de violencia sexual el personal de servicios p\u00fablicos podr\u00e1 recolectar las evidencias y enviarlas al IDIF o IITCUP (Instituto de Investigaciones T\u00e9cnico Cient\u00edfico de la Universidad Policial). Art. 393 noveter del C\u00f3digo de Procedimiento Penal.<\/span><\/li><li><span style=\"color: #676767; font-family: Ubuntu; font-size: medium;\">En la obtenci\u00f3n de la prueba se debe tomar en cuenta los requisitos de forma y fondo establecidos por el C\u00f3digo de Procedimiento Penal para su ofrecimiento, introducci\u00f3n y producci\u00f3n en juicio oral, conforme establecen los Arts. 13, 171 del C\u00f3digo de Procedimiento Penal y el Art. 8-2) Pacto de San Jos\u00e9 de Costa Rica.<\/span><\/li><li><span style=\"color: #676767; font-family: Ubuntu; font-size: medium;\">Se debe observar toda la prueba presentada por la parte contraria y objetarla en la v\u00eda incidental, siempre y cuando no cumpla los requisitos legales.<\/span><\/li><li><span style=\"color: #676767; font-family: Ubuntu; font-size: medium;\">Iniciada la acci\u00f3n, se puede optar por un proceso abreviado previsto en el Art. 373 del C\u00f3digo de Procedimiento Penal.<\/span><\/li><li><span style=\"color: #676767; font-family: Ubuntu; font-size: medium;\">La reparaci\u00f3n del da\u00f1o civil deber ser efectiva, sobre todo en relaci\u00f3n a sus descendientes. <\/span><\/li><\/ol><\/td><\/tr><\/tbody><\/table><\/div>\n\t\t\t\t<\/div>\n\t\t\t\t<\/div>\n\t\t\t\t\t\t<\/div>\n\t\t\t\t\t<\/div>\n\t\t<\/div>\n\t\t\t\t\t\t\t\t<\/div>\n\t\t\t\t\t<\/div>\n\t\t<\/section>\n\t\t\t\t<section class=\"elementor-section elementor-top-section elementor-element elementor-element-0f6a616 elementor-section-boxed elementor-section-height-default elementor-section-height-default\" data-id=\"0f6a616\" data-element_type=\"section\">\n\t\t\t\t\t\t<div class=\"elementor-container elementor-column-gap-default\">\n\t\t\t\t\t\t\t<div class=\"elementor-row\">\n\t\t\t\t\t<div class=\"elementor-column elementor-col-100 elementor-top-column elementor-element elementor-element-437e390\" data-id=\"437e390\" data-element_type=\"column\">\n\t\t\t<div class=\"elementor-column-wrap elementor-element-populated\">\n\t\t\t\t\t\t\t<div class=\"elementor-widget-wrap\">\n\t\t\t\t\t\t<div class=\"elementor-element elementor-element-e21a555 elementor-widget elementor-widget-text-editor\" data-id=\"e21a555\" data-element_type=\"widget\" data-widget_type=\"text-editor.default\">\n\t\t\t\t<div class=\"elementor-widget-container\">\n\t\t\t\t\t<div class=\"elementor-text-editor elementor-clearfix\"><table cellspacing=\"0\" cellpadding=\"0\"><tbody><tr><td colspan=\"2\" valign=\"middle\"><h5 style=\"text-align: center;\"><span style=\"color: #43358b; font-family: Ubuntu; font-size: medium;\"><b>Lesiones graves y leves<\/b><\/span><\/h5><\/td><\/tr><tr><td valign=\"middle\"><p><span style=\"color: #676767; font-family: Ubuntu; font-size: medium;\">Tipo penal<\/span><\/p><\/td><td valign=\"middle\"><p><span style=\"color: #676767; font-family: Ubuntu; font-size: medium;\">\u201cSe sancionar\u00e1 con privaci\u00f3n de libertad de tres (3) a seis (6) a\u00f1os, a quien de cualquier modo ocasionare a otra persona un da\u00f1o f\u00edsico o psicol\u00f3gico, no comprendido en los casos del art\u00edculo anterior, del cual derive incapacidad para el trabajo de quince (15) hasta noventa (90) d\u00edas.<br \/>Si la incapacidad fuere hasta de catorce (14) d\u00edas, se impondr\u00e1 al autor sanci\u00f3n de trabajos comunitarios de uno (1) a tres (3) a\u00f1os y cumplimiento de instrucciones que la jueza o el juez determine. <\/span><\/p><p><span style=\"color: #676767; font-family: Ubuntu; font-size: medium;\">Cuando la v\u00edctima sea una ni\u00f1a, ni\u00f1o o adolescente o persona adulta mayor la pena ser\u00e1 agravada en dos tercios tanto en el m\u00ednimo como en el m\u00e1ximo\u201d. <b>Art. 271 C\u00f3digo Penal<\/b>.<\/span><\/p><\/td><\/tr><tr><td valign=\"middle\"><p><span style=\"color: #676767; font-family: Ubuntu; font-size: medium;\">Tipo de acci\u00f3n<\/span><\/p><\/td><td valign=\"middle\"><p><span style=\"color: #676767; font-family: Ubuntu; font-size: medium;\">Es de acci\u00f3n p\u00fablica.<\/span><\/p><\/td><\/tr><tr><td valign=\"middle\"><p><span style=\"color: #676767; font-family: Ubuntu; font-size: medium;\">Sujetos facultados para ejercer la acci\u00f3n<\/span><\/p><\/td><td valign=\"middle\"><p><span style=\"color: #676767; font-family: Ubuntu; font-size: medium;\">La v\u00edctima, el Ministerio P\u00fablico y la Defensor\u00eda de la Ni\u00f1ez.<\/span><\/p><\/td><\/tr><tr><td valign=\"middle\"><p><span style=\"color: #676767; font-family: Ubuntu; font-size: medium;\">Competencia<\/span><\/p><\/td><td valign=\"middle\"><p><span style=\"color: #676767; font-family: Ubuntu; font-size: medium;\">Es competente el Juzgado de Instrucci\u00f3n en Materia de Violencia contra las Mujeres y el Juzgado de Sentencia en Materia de Violencia contra las Mujeres Art. 72, 72 bis de la Ley No 025 Ley del \u00d3rgano Judicial, en relaci\u00f3n al Art. 53 del C\u00f3digo de Procedimiento Penal.<\/span><\/p><\/td><\/tr><tr><td valign=\"middle\"><p><span style=\"color: #676767; font-family: Ubuntu; font-size: medium;\">Prescripci\u00f3n de la acci\u00f3n<\/span><\/p><\/td><td valign=\"middle\"><p><span style=\"color: #676767; font-family: Ubuntu; font-size: medium;\">En relaci\u00f3n a la primera parte del tipo penal prescribe a los ocho a\u00f1os y en la segunda parte a los dos a\u00f1os, t\u00e9rmino que corre a partir de la media noche de la comisi\u00f3n del hecho o desde el momento en que se cometi\u00f3 el delito, o ces\u00f3 su consumaci\u00f3n. Arts. 29-1), 4) ,30 C\u00f3digo de Procedimiento Penal.<br \/>En la tercera parte, tambi\u00e9n prescribe a los ocho a\u00f1os.<\/span><\/p><\/td><\/tr><tr><td valign=\"middle\"><p><span style=\"color: #676767; font-family: Ubuntu; font-size: medium;\">Duraci\u00f3n del proceso<\/span><\/p><\/td><td valign=\"middle\"><p><span style=\"color: #676767; font-family: Ubuntu; font-size: medium;\">M\u00e1xima de tres a\u00f1os.<\/span><\/p><\/td><\/tr><tr><td valign=\"middle\"><p><span style=\"color: #676767; font-family: Ubuntu; font-size: medium;\">Recursos<\/span><\/p><\/td><td valign=\"middle\"><p><span style=\"color: #676767; font-family: Ubuntu; font-size: medium;\"><b>Recurso de Apelaci\u00f3n Restringida: <\/b><\/span><\/p><p><span style=\"color: #676767; font-family: Ubuntu; font-size: medium;\">La sentencia emitida puede ser apelada siempre que se haya realizado la reserva de la misma en la substanciaci\u00f3n del juicio, en el t\u00e9rmino de 15 d\u00edas. Arts. 407-415 en relaci\u00f3n al Art. 130 del C\u00f3digo de Procedimiento Penal. <\/span><\/p><p><span style=\"color: #676767; font-family: Ubuntu; font-size: medium;\"><b>Recurso de Casaci\u00f3n:<\/b><\/span><\/p><p><span style=\"color: #676767; font-family: Ubuntu; font-size: medium;\">El Auto de Vista puede ser recurrido cuando existen Autos de Vista contradictorios sobre una situaci\u00f3n similar: en relaci\u00f3n al sentido jur\u00eddico, la aplicaci\u00f3n de las normas y su alcance, se debe invocar el precedente contradictorio en el t\u00e9rmino de 5 d\u00edas de notificado con el Auto de Vista. Arts. 416-420 en relaci\u00f3n al Art. 130 del C\u00f3digo de Procedimiento Penal.<\/span><\/p><\/td><\/tr><tr><td valign=\"middle\"><p><span style=\"color: #676767; font-family: Ubuntu; font-size: medium;\">Base legal<\/span><\/p><\/td><td valign=\"middle\"><ul><li><span style=\"color: #676767; font-family: Ubuntu; font-size: medium;\">Arts. 15-I)-II) Constituci\u00f3n Pol\u00edtica del Estado. <\/span><\/li><li><span style=\"color: #676767; font-family: Ubuntu; font-size: medium;\">Art. 271 C\u00f3digo Penal. <\/span><\/li><li><span style=\"color: #676767; font-family: Ubuntu; font-size: medium;\">Arts. 16, 17, 19, 29-3), 30, 36, 277-371, 373-374, 382-388, 393, 393 bis, 393 ter, 393 quater, 393 quinquer, 393 sexter del C\u00f3digo de Procedimiento Penal.<\/span><\/li><li><span style=\"color: #676767; font-family: Ubuntu; font-size: medium;\">Arts. 7-1), 35, 68, 83, 86-100, Ley Integral para Garantizar a las Mujeres una Vida Libre de Violencia. Ley No 348.<\/span><\/li><li><span style=\"color: #676767; font-family: Ubuntu; font-size: medium;\">Ley No 1173, Ley de Abreviaci\u00f3n Procesal Penal y Fortalecimiento de la Lucha Integral contra la Violencia a Ni\u00f1as, Ni\u00f1os, Adolescentes y Mujeres. <\/span><\/li><li><span style=\"color: #676767; font-family: Ubuntu; font-size: medium;\">Art. 16-I), 145-I) del C\u00f3digo Ni\u00f1a, Ni\u00f1o y Adolescente. Ley N\u00b0 548. <\/span><\/li><li><span style=\"color: #676767; font-family: Ubuntu; font-size: medium;\">Arts. 1, 2, 3, 5, 7, 8, 11, Declaraci\u00f3n Universal de los Derechos Humanos. <\/span><\/li><li><span style=\"color: #676767; font-family: Ubuntu; font-size: medium;\">Arts. 6, 7 Pacto Internacional de Derechos Civiles y Pol\u00edticos, D.S. 18950. <\/span><\/li><li><span style=\"color: #676767; font-family: Ubuntu; font-size: medium;\">Art. 5 Convenci\u00f3n sobre Derechos Humanos. Pacto de San Jos\u00e9 de Costa Rica. Ley No 1430. <\/span><\/li><li><span style=\"color: #676767; font-family: Ubuntu; font-size: medium;\">Arts. 1, 2, 3, 4 Convenci\u00f3n Interamericana para Prevenir, Sancionar y Erradicar la Violencia contra la Mujer \u201cConvenci\u00f3n de Bel\u00e9m do Par\u00e1\u201d, Ley No 1599.<\/span><\/li><li><span style=\"color: #676767; font-family: Ubuntu; font-size: medium;\">Art. 6 Convenci\u00f3n de los Derechos del Ni\u00f1o, Ley No 1152.<\/span><\/li><\/ul><\/td><\/tr><tr><td valign=\"middle\"><p><span style=\"color: #676767; font-family: Ubuntu; font-size: medium;\">Recomendaciones a tomar en cuenta por la\/el abogada(o)<\/span><\/p><\/td><td valign=\"middle\"><ol><li><span style=\"color: #676767; font-family: Ubuntu; font-size: medium;\">Todo acto de violencia en contra de las mujeres, debe ser denunciado en la Fuerza Especial de Lucha Contra la Violencia y\/o en el Ministerio P\u00fablico que son entidades p\u00fablicas que funcionan las 24 hrs. del d\u00eda y los 365 d\u00edas del a\u00f1o. <\/span><\/li><li><span style=\"color: #676767; font-family: Ubuntu; font-size: medium;\">En caso de delitos en contra de mujeres vinculados a distintas formas de violencia se aplicar\u00e1 el procedimiento previsto en T\u00edtulo VI \u201cProcedimiento Especial para casos de Violencia contra Ni\u00f1as, Ni\u00f1os, Adolescentes o Mujeres \u201c(Art. 393 septier al 393 duoter del C\u00f3digo de Procedimiento Penal) y procedimiento de establecido por la Ley No 348 en sus Arts. 86 al 100. <\/span><\/li><li><span style=\"color: #676767; font-family: Ubuntu; font-size: medium;\">En caso de flagrancia observar lo dispuesto por los Arts. 393, 393 Bis, 393 Ter, 393 quater, 393 quinquer, 393 sexter C\u00f3digo de Procedimiento Penal. <\/span><\/li><li><span style=\"color: #676767; font-family: Ubuntu; font-size: medium;\">Las notificaciones ser\u00e1n realizadas a trav\u00e9s de la Oficina Gestora de Procesos mediante el Buz\u00f3n de Notificaciones de Ciudadan\u00eda Digital, excepto las notificaciones que deben ser realizadas de manera personal. En caso no existir la tecnolog\u00eda las notificaciones ser\u00e1n realizadas en el domicilio procesal se\u00f1alado por las partes. <\/span><\/li><li><span style=\"color: #676767; font-family: Ubuntu; font-size: medium;\">Junto con la denuncia y\/o querella, se tiene que adjuntar toda la prueba que se pueda obtener o indicar d\u00f3nde puede ser habida. Adem\u00e1s, el informe psicol\u00f3gico. <\/span><\/li><li><span style=\"color: #676767; font-family: Ubuntu; font-size: medium;\">A tiempo de plantear la denuncia se debe solicitar las medidas de protecci\u00f3n establecidas por el Art. 35 Ley No 348 y las medidas de protecci\u00f3n especiales establecidas por los Arts. 389 al 389 quinquies del C\u00f3digo de Procedimiento Penal, que correspondan al caso <\/span><\/li><li><span style=\"color: #676767; font-family: Ubuntu; font-size: medium;\">Se debe tomar en cuenta que las medidas de protecci\u00f3n especiales podr\u00e1n ser dispuestas, ratificadas o modificadas por los tribunales y jueces competentes en cualquier etapa del proceso penal. <\/span><\/li><li><span style=\"color: #676767; font-family: Ubuntu; font-size: medium;\">Las medidas de protecci\u00f3n especiales podr\u00e1n ser dispuestas por la o el fiscal, funcionaria\/o policial o cualquier otra autoridad prevista para la atenci\u00f3n a mujeres en situaci\u00f3n de violencia, tomando en cuenta lo establecido por los Arts. 389 ter, 389 quarter, 389 quinquies. <\/span><\/li><li><span style=\"color: #676767; font-family: Ubuntu; font-size: medium;\">Expl\u00edcitamente se proh\u00edbe la revictimizaci\u00f3n en todas las etapas del proceso penal, Art. 393 octer. <\/span><\/li><li><span style=\"color: #676767; font-family: Ubuntu; font-size: medium;\">Las agresiones f\u00edsicas y sexuales en casos de ni\u00f1as, ni\u00f1os, adolescentes y mujeres, y recolecci\u00f3n de evidencias deber\u00e1n ser certificadas por cualquier profesional de la salud perteneciente a instituci\u00f3n p\u00fablica. En caso de violencia sexual el personal de servicios p\u00fablicos podr\u00e1 recolectar las evidencias y enviarlas al IDIF o IITCUP (Instituto de Investigaciones T\u00e9cnico Cient\u00edfico de la Universidad Policial). Art. 393 noveter del C\u00f3digo de Procedimiento Penal.<\/span><\/li><li><span style=\"color: #676767; font-family: Ubuntu; font-size: medium;\">En caso de violencia f\u00edsica o sexual contra mujeres cuya pena privativa de libertad sea igual o mayor a cuatro (4) a\u00f1os, la v\u00edctima podr\u00e1 solicitar el divorcio o desvinculaci\u00f3n conyugal por ruptura del proyecto de vida en com\u00fan, asimismo podr\u00e1 solicitar la asistencia familiar y la guarda de los hijos, en estos dos \u00faltimos casos su modificaci\u00f3n ser\u00e1 tramitada en la jurisdicci\u00f3n competente Art. 393 deciter del C\u00f3digo de Procedimiento Penal. <\/span><\/li><li><span style=\"color: #676767; font-family: Ubuntu; font-size: medium;\">En la obtenci\u00f3n de la prueba se debe tomar en cuenta los requisitos de forma y fondo establecidos por el C\u00f3digo de Procedimiento Penal para su ofrecimiento, introducci\u00f3n y producci\u00f3n en juicio oral, conforme establecen los Arts. 13, 171 del C\u00f3digo de Procedimiento Penal concordantes con la Constituci\u00f3n Pol\u00edtica del Estado en su Art. 115 y el Art. 8-2) Pacto de San Jos\u00e9 de Costa Rica. <\/span><\/li><li><span style=\"color: #676767; font-family: Ubuntu; font-size: medium;\">Se debe observar toda la prueba presentada por la parte contraria y objetarla en la v\u00eda incidental, siempre y cuando no cumpla los requisitos legales. <\/span><\/li><li><span style=\"color: #676767; font-family: Ubuntu; font-size: medium;\">De acuerdo a las circunstancias ver la pertinencia de aceptar un procedimiento abreviado. Art. 373 del C\u00f3digo de Procedimiento Penal. <\/span><\/li><li><span style=\"color: #676767; font-family: Ubuntu; font-size: medium;\">Se debe tomar en cuenta la agravante establecida por el Art. 272 en relaci\u00f3n a los Arts. 267 bis, 270 y 271, la sanci\u00f3n ser\u00e1 agravada en un tercio del m\u00e1ximo o m\u00ednimo, cuando mediaren las circunstancias enumeradas en el Art. 252, exceptuando la prevista en el numeral 1 del C\u00f3digo Penal. <\/span><\/li><li><span style=\"color: #676767; font-family: Ubuntu; font-size: medium;\">La detenci\u00f3n preventiva proceder\u00e1 de manera excepcional en los delitos que atenten contra la vida, integridad corporal o libertad sexual de ni\u00f1as, ni\u00f1os, adolescentes, mujeres y adultos mayores. Art. 232 del C\u00f3digo de Procedimiento de Penal. La detenci\u00f3n preventiva tendr\u00e1 una duraci\u00f3n establecida, podr\u00e1 ser ampliada a petici\u00f3n fundada del fiscal o querellante. <\/span><\/li><\/ol><\/td><\/tr><\/tbody><\/table><\/div>\n\t\t\t\t<\/div>\n\t\t\t\t<\/div>\n\t\t\t\t\t\t<\/div>\n\t\t\t\t\t<\/div>\n\t\t<\/div>\n\t\t\t\t\t\t\t\t<\/div>\n\t\t\t\t\t<\/div>\n\t\t<\/section>\n\t\t\t\t<section class=\"elementor-section elementor-top-section elementor-element elementor-element-0a9e59a elementor-section-boxed elementor-section-height-default elementor-section-height-default\" data-id=\"0a9e59a\" data-element_type=\"section\">\n\t\t\t\t\t\t<div class=\"elementor-container elementor-column-gap-default\">\n\t\t\t\t\t\t\t<div class=\"elementor-row\">\n\t\t\t\t\t<div class=\"elementor-column elementor-col-100 elementor-top-column elementor-element elementor-element-5c222ed\" data-id=\"5c222ed\" data-element_type=\"column\">\n\t\t\t<div class=\"elementor-column-wrap elementor-element-populated\">\n\t\t\t\t\t\t\t<div class=\"elementor-widget-wrap\">\n\t\t\t\t\t\t<div class=\"elementor-element elementor-element-edea9b7 elementor-widget elementor-widget-text-editor\" data-id=\"edea9b7\" data-element_type=\"widget\" data-widget_type=\"text-editor.default\">\n\t\t\t\t<div class=\"elementor-widget-container\">\n\t\t\t\t\t<div class=\"elementor-text-editor elementor-clearfix\"><table cellspacing=\"0\" cellpadding=\"0\"><tbody><tr><td colspan=\"2\" valign=\"middle\"><h5 style=\"text-align: center;\"><span style=\"color: #676767; font-family: Ubuntu; font-size: medium;\"><b><span style=\"color: #43358b;\">Lesiones grav\u00edsimas<\/span><\/b><\/span><\/h5><\/td><\/tr><tr><td valign=\"middle\"><p><span style=\"color: #676767; font-family: Ubuntu; font-size: medium;\">Tipo penal<\/span><\/p><\/td><td valign=\"middle\"><p><span style=\"color: #676767; font-family: Ubuntu; font-size: medium;\">\u201cSe sancionar\u00e1 con privaci\u00f3n de libertad de cinco (5) a doce (12) a\u00f1os, a quien de cualquier modo ocasione a otra persona, una lesi\u00f3n de la cual resulte alguna de las siguientes consecuencias<\/span><\/p><ol><li style=\"list-style-type: none;\"><ol><li><span style=\"color: #676767; font-family: Ubuntu; font-size: medium;\">Enfermedad o discapacidad ps\u00edquica, intelectual, f\u00edsica, sensorial o m\u00faltiple.<\/span><\/li><li><span style=\"color: #676767; font-family: Ubuntu; font-size: medium;\">Da\u00f1o psicol\u00f3gico o psiqui\u00e1trico permanente. <\/span><\/li><li><span style=\"color: #676767; font-family: Ubuntu; font-size: medium;\">Debilitaci\u00f3n permanente de la salud o la p\u00e9rdida total o parcial de un sentido, de un miembro, de un \u00f3rgano o de una funci\u00f3n. <\/span><\/li><li><span style=\"color: #676767; font-family: Ubuntu; font-size: medium;\">Incapacidad permanente para el trabajo o que sobrepase de noventa d\u00edas.<\/span><\/li><li><span style=\"color: #676767; font-family: Ubuntu; font-size: medium;\">Marca indeleble o deformaci\u00f3n permanente en cualquier parte del cuerpo.<\/span><\/li><li><span style=\"color: #676767; font-family: Ubuntu; font-size: medium;\">Peligro inminente de perder la vida.<\/span><\/li><\/ol><\/li><\/ol><p><span style=\"color: #676767; font-family: Ubuntu; font-size: medium;\">Cuando la v\u00edctima sea una ni\u00f1a, ni\u00f1o o adolescente o persona adulta mayor, la pena ser\u00e1 agravada en dos tercios tanto en el m\u00ednimo como en el m\u00e1ximo\u201d. <b>Art. 270 C\u00f3digo Penal<\/b>.<\/span><\/p><\/td><\/tr><tr><td valign=\"middle\"><p><span style=\"color: #676767; font-family: Ubuntu; font-size: medium;\">Tipo de acci\u00f3n<\/span><\/p><\/td><td valign=\"middle\"><p><span style=\"color: #676767; font-family: Ubuntu; font-size: medium;\">Es de acci\u00f3n p\u00fablica.<\/span><\/p><\/td><\/tr><tr><td valign=\"middle\"><p><span style=\"color: #676767; font-family: Ubuntu; font-size: medium;\">Sujetos facultados para ejercer la acci\u00f3n<\/span><\/p><\/td><td valign=\"middle\"><p><span style=\"color: #676767; font-family: Ubuntu; font-size: medium;\">La v\u00edctima, el Ministerio P\u00fablico y la Defensor\u00eda de la Ni\u00f1ez.<\/span><\/p><\/td><\/tr><tr><td valign=\"middle\"><p><span style=\"color: #676767; font-family: Ubuntu; font-size: medium;\">Competencia<\/span><\/p><\/td><td valign=\"middle\"><p><span style=\"color: #676767; font-family: Ubuntu; font-size: medium;\">Es competente el Juzgado de Instrucci\u00f3n en Materia de Violencia contra las Mujeres y el Tribunal de Sentencia en Materia de Violencia contra las Mujeres Art. 72, 72 ter. de la Ley No 025 Ley del \u00d3rgano Judicial, en relaci\u00f3n al Art. 52 del C\u00f3digo de Procedimiento Penal.<\/span><\/p><\/td><\/tr><tr><td valign=\"middle\"><p><span style=\"color: #676767; font-family: Ubuntu; font-size: medium;\">Prescripci\u00f3n de la acci\u00f3n<\/span><\/p><\/td><td valign=\"middle\"><p><span style=\"color: #676767; font-family: Ubuntu; font-size: medium;\">Prescribe a los ocho a\u00f1os t\u00e9rmino que corre a partir de la media noche de la comisi\u00f3n del hecho o desde el momento en que se cometi\u00f3 el delito, o ces\u00f3 su consumaci\u00f3n. Arts. 29-1), 30 C\u00f3digo de Procedimiento Penal.<\/span><\/p><\/td><\/tr><tr><td valign=\"middle\"><p><span style=\"color: #676767; font-family: Ubuntu; font-size: medium;\">Duraci\u00f3n del proceso<\/span><\/p><\/td><td valign=\"middle\"><p><span style=\"color: #676767; font-family: Ubuntu; font-size: medium;\">M\u00e1xima de tres a\u00f1os.<\/span><\/p><\/td><\/tr><tr><td valign=\"middle\"><p><span style=\"color: #676767; font-family: Ubuntu; font-size: medium;\">Recursos<\/span><\/p><\/td><td valign=\"middle\"><p><span style=\"color: #676767; font-family: Ubuntu; font-size: medium;\"><b>Recurso de Apelaci\u00f3n Restringida: <\/b><\/span><\/p><p><span style=\"color: #676767; font-family: Ubuntu; font-size: medium;\">La sentencia emitida puede ser apelada siempre que se haya realizado la reserva de la misma en la substanciaci\u00f3n del juicio, en el t\u00e9rmino de 15 d\u00edas. Arts. 407-415 en relaci\u00f3n al Art. 130 del C\u00f3digo de Procedimiento Penal. <\/span><\/p><p><span style=\"color: #676767; font-family: Ubuntu; font-size: medium;\"><b>Recurso de Casaci\u00f3n:<\/b><\/span><\/p><p><span style=\"color: #676767; font-family: Ubuntu; font-size: medium;\">El Auto de Vista puede ser recurrido cuando existen Autos de Vista contradictorios sobre una situaci\u00f3n similar: en relaci\u00f3n al sentido jur\u00eddico, la aplicaci\u00f3n de las normas y su alcance, se debe invocar el precedente contradictorio en el t\u00e9rmino de 5 d\u00edas de notificado con el Auto de Vista. Arts. 416-420 en relaci\u00f3n al Art. 130 del C\u00f3digo de Procedimiento Penal.<\/span><\/p><\/td><\/tr><tr><td valign=\"middle\"><p><span style=\"color: #676767; font-family: Ubuntu; font-size: medium;\">Base legal<\/span><\/p><\/td><td valign=\"middle\"><ul><li><b><\/b><span style=\"color: #676767; font-family: Ubuntu; font-size: medium;\">Arts. 15-I) II) Constituci\u00f3n Pol\u00edtica del Estado. <\/span><\/li><li><span style=\"color: #676767; font-family: Ubuntu; font-size: medium;\">Art. 270 C\u00f3digo Penal. <\/span><\/li><li><span style=\"color: #676767; font-family: Ubuntu; font-size: medium;\">Arts. 16, 17, 19, 29-3), 30, 36, 277-371, 373-374, 382-388, 393, 393 bis, 393 ter, 393 quater, 393 quinquer, 393 sexter del C\u00f3digo de Procedimiento Penal. <\/span><\/li><li><span style=\"color: #676767; font-family: Ubuntu; font-size: medium;\">Arts. 7-1), 35, 68, 83, 86-100, de la Ley No 348 Para Garantizar a las Mujeres una Vida Libre de Violencia. <\/span><\/li><li><span style=\"color: #676767; font-family: Ubuntu; font-size: medium;\">Ley No 1173, Ley de Abreviaci\u00f3n Procesal Penal y Fortalecimiento de la Lucha Integral contra la Violencia a Ni\u00f1as, Ni\u00f1os, Adolescentes y Mujeres. <\/span><\/li><li><span style=\"color: #676767; font-family: Ubuntu; font-size: medium;\">Art. 16-I), 145-I) de la Ley N\u00b0 548 C\u00f3digo Ni\u00f1a, Ni\u00f1o y Adolescente. <\/span><\/li><li><span style=\"color: #676767; font-family: Ubuntu; font-size: medium;\">Arts. 1, 2, 3, 5, 7, 8, 11, Declaraci\u00f3n Universal de los Derechos Humanos. <\/span><\/li><li><span style=\"color: #676767; font-family: Ubuntu; font-size: medium;\">Arts. 6, 7 Pacto Internacional de Derechos Civiles y Pol\u00edticos, D.S. 18950. <\/span><\/li><li><span style=\"color: #676767; font-family: Ubuntu; font-size: medium;\">Art. 5 Convenci\u00f3n sobre Derechos Humanos. Pacto de San Jos\u00e9 de Costa Rica. Ley No 1430. <\/span><\/li><li><span style=\"color: #676767; font-family: Ubuntu; font-size: medium;\">Arts. 1, 2, 3, 4 Convenci\u00f3n Interamericana Para Prevenir, Sancionar y Erradicar la Violencia contra la Mujer \u201cConvenci\u00f3n de Bel\u00e9m do Par\u00e1\u201d, Ley No 1599.<\/span><\/li><li><span style=\"color: #676767; font-family: Ubuntu; font-size: medium;\">Art. 6 Convenci\u00f3n de los Derechos del Ni\u00f1o. Ley N\u00b0 1152.<\/span><\/li><\/ul><\/td><\/tr><tr><td valign=\"middle\"><p><span style=\"color: #676767; font-family: Ubuntu; font-size: medium;\">Recomendaciones a tomar en cuenta por la\/el abogada(o)<\/span><\/p><\/td><td valign=\"middle\"><ol><li><span style=\"color: #676767; font-family: Ubuntu; font-size: medium;\">Todo acto de violencia en contra de las mujeres, debe ser denunciado en la Fuerza Especial de Lucha Contra la Violencia y\/o en el Ministerio P\u00fablico que son entidades p\u00fablicas que funcionan las 24 hrs. del d\u00eda y los 365 d\u00edas del a\u00f1o. <\/span><\/li><li><span style=\"color: #676767; font-family: Ubuntu; font-size: medium;\">En caso de delitos en contra de mujeres vinculados a distintas formas de violencia se aplicar\u00e1 el procedimiento previsto en T\u00edtulo VI \u201cProcedimiento Especial para casos de Violencia contra Ni\u00f1as, Ni\u00f1os, Adolescentes o Mujeres \u201c(Art. 393 septier al 393 duoter del C\u00f3digo de Procedimiento Penal) y procedimiento de establecido por la Ley No 348 en sus Arts. 86 al 100. <\/span><\/li><li><span style=\"color: #676767; font-family: Ubuntu; font-size: medium;\">Las notificaciones ser\u00e1n realizadas a trav\u00e9s de la Oficina Gestora de Procesos mediante el Buz\u00f3n de Notificaciones de Ciudadan\u00eda Digital, excepto las notificaciones que deben ser realizadas de manera personal. En caso no existir la tecnolog\u00eda las notificaciones ser\u00e1n realizadas en el domicilio procesal se\u00f1alado por las partes. <\/span><\/li><li><span style=\"color: #676767; font-family: Ubuntu; font-size: medium;\">En caso de flagrancia observar lo dispuesto por los Arts. 393, 393 Bis, 393 Ter, 393 quater, 393 quinquer, 393 sexter C\u00f3digo de Procedimiento Penal <\/span><\/li><li><span style=\"color: #676767; font-family: Ubuntu; font-size: medium;\">Junto con la denuncia y\/o querella, se tiene que adjuntar toda la prueba que se pueda obtener o indicar d\u00f3nde puede ser habida. Adem\u00e1s, el informe psicol\u00f3gico. <\/span><\/li><li><span style=\"color: #676767; font-family: Ubuntu; font-size: medium;\">A tiempo de plantear la denuncia se debe solicitar las medidas de protecci\u00f3n establecidas por el Art. 35 Ley No 348 y las medidas de protecci\u00f3n especiales establecidas por los Arts. 389 al 389 quinquies del C\u00f3digo de Procedimiento Penal, que correspondan al caso. <\/span><\/li><li><span style=\"color: #676767; font-family: Ubuntu; font-size: medium;\">Se debe tomar en cuenta que las medidas de protecci\u00f3n especiales podr\u00e1n ser dispuestas, ratificadas o modificadas por los tribunales y jueces competentes en cualquier etapa del proceso penal. <\/span><\/li><li><span style=\"color: #676767; font-family: Ubuntu; font-size: medium;\">Las medidas de protecci\u00f3n especiales podr\u00e1n ser dispuestas por la o el fiscal, funcionaria\/o policial o cualquier otra autoridad prevista para la atenci\u00f3n a mujeres en situaci\u00f3n de violencia, tomando en cuenta lo establecido por los Arts. 389 ter, 389 quarter, 389 quinquies. <\/span><\/li><li><span style=\"color: #676767; font-family: Ubuntu; font-size: medium;\">Expl\u00edcitamente se proh\u00edbe la revictimizaci\u00f3n en todas las etapas del proceso penal, Art. 393 octer. <\/span><\/li><li><span style=\"color: #676767; font-family: Ubuntu; font-size: medium;\">En caso de violencia f\u00edsica o sexual contra mujeres cuya pena privativa de libertad sea igual o mayor a cuatro (4) a\u00f1os, la v\u00edctima podr\u00e1 solicitar el divorcio o desvinculaci\u00f3n conyugal por ruptura del proyecto de vida en com\u00fan, as\u00ed mismo podr\u00e1 solicitar la asistencia familiar y la guarda de los hijos, en estos dos \u00faltimos casos su modificaci\u00f3n ser\u00e1 tramitada en la jurisdicci\u00f3n competente. Art. 393 deciter.<\/span><\/li><li><span style=\"color: #676767; font-family: Ubuntu; font-size: medium;\">Las agresiones f\u00edsicas y sexuales en casos de ni\u00f1as, ni\u00f1os, adolescentes y mujeres, y recolecci\u00f3n de evidencias deber\u00e1n ser certificadas por cualquier profesional de la salud perteneciente a instituci\u00f3n p\u00fablica. En caso de violencia sexual el personal de servicios p\u00fablicos podr\u00e1 recolectar las evidencias y enviarlas al IDIF o IITCUP (Instituto de Investigaciones T\u00e9cnico Cient\u00edfico de la Universidad Policial). Art. 393 noveter del C\u00f3digo de Procedimiento Penal. <\/span><\/li><li><span style=\"color: #676767; font-family: Ubuntu; font-size: medium;\">En la obtenci\u00f3n de la prueba se debe tomar en cuenta los requisitos de forma y fondo establecidos por el C\u00f3digo de Procedimiento Penal para su ofrecimiento, introducci\u00f3n y producci\u00f3n en juicio oral, conforme establecen los Arts. 13, 171 del C\u00f3digo de Procedimiento Penal y el Art. 8-2) Pacto de San Jos\u00e9 de Costa Rica. <\/span><\/li><li><span style=\"color: #676767; font-family: Ubuntu; font-size: medium;\">Se debe observar toda la prueba presentada por la parte contraria y objetarla en la v\u00eda incidental, siempre y cuando no cumpla los requisitos legales. <\/span><\/li><li><span style=\"color: #676767; font-family: Ubuntu; font-size: medium;\">Se debe tomar en cuenta la agravante establecida por el Art. 272 en relaci\u00f3n a los Arts. 267 bis, 270 y 271, la sanci\u00f3n ser\u00e1 agravada en un tercio del m\u00e1ximo o m\u00ednimo, cuando mediaren las circunstancias enumeradas en el Art. 252, exceptuando la prevista en el numeral 1 del C\u00f3digo Penal.<\/span><\/li><\/ol><\/td><\/tr><\/tbody><\/table><\/div>\n\t\t\t\t<\/div>\n\t\t\t\t<\/div>\n\t\t\t\t\t\t<\/div>\n\t\t\t\t\t<\/div>\n\t\t<\/div>\n\t\t\t\t\t\t\t\t<\/div>\n\t\t\t\t\t<\/div>\n\t\t<\/section>\n\t\t\t\t<section class=\"elementor-section elementor-top-section elementor-element elementor-element-003fabd elementor-section-boxed elementor-section-height-default elementor-section-height-default\" data-id=\"003fabd\" data-element_type=\"section\">\n\t\t\t\t\t\t<div class=\"elementor-container elementor-column-gap-default\">\n\t\t\t\t\t\t\t<div class=\"elementor-row\">\n\t\t\t\t\t<div class=\"elementor-column elementor-col-100 elementor-top-column elementor-element elementor-element-d76489a\" data-id=\"d76489a\" data-element_type=\"column\">\n\t\t\t<div class=\"elementor-column-wrap elementor-element-populated\">\n\t\t\t\t\t\t\t<div class=\"elementor-widget-wrap\">\n\t\t\t\t\t\t<div class=\"elementor-element elementor-element-09fd87b elementor-widget elementor-widget-text-editor\" data-id=\"09fd87b\" data-element_type=\"widget\" data-widget_type=\"text-editor.default\">\n\t\t\t\t<div class=\"elementor-widget-container\">\n\t\t\t\t\t<div class=\"elementor-text-editor elementor-clearfix\"><table cellspacing=\"0\" cellpadding=\"0\"><tbody><tr><td colspan=\"2\" valign=\"middle\"><h5 style=\"text-align: center;\"><span style=\"color: #43358b; font-family: Ubuntu; font-size: medium;\"><b>Rapto <\/b><\/span><\/h5><\/td><\/tr><tr><td valign=\"middle\"><p><span style=\"color: #676767; font-family: Ubuntu; font-size: medium;\">Tipo penal<\/span><\/p><\/td><td valign=\"middle\"><p><span style=\"color: #676767; font-family: Ubuntu; font-size: medium;\">\u201cQuien con fines lascivos y mediante violencia, amenazas graves o enga\u00f1os, substrajere o retuviere a una persona, ser\u00e1 sancionada con privaci\u00f3n de libertad de cuatro (4) a ocho (8) a\u00f1os. La pena ser\u00e1 agravada en un tercio tanto en el m\u00ednimo como en el m\u00e1ximo, cuando la v\u00edctima sea ni\u00f1a, ni\u00f1o o adolescente\u201d. <b>Art. 313 C\u00f3digo Penal<\/b>.<\/span><\/p><\/td><\/tr><tr><td valign=\"middle\"><p><span style=\"color: #676767; font-family: Ubuntu; font-size: medium;\">Tipo de acci\u00f3n<\/span><\/p><\/td><td valign=\"middle\"><p><span style=\"color: #676767; font-family: Ubuntu; font-size: medium;\">Es de acci\u00f3n p\u00fablica.<\/span><\/p><\/td><\/tr><tr><td valign=\"middle\"><p><span style=\"color: #676767; font-family: Ubuntu; font-size: medium;\">Sujetos facultados para ejercer la acci\u00f3n<\/span><\/p><\/td><td valign=\"middle\"><p><span style=\"color: #676767; font-family: Ubuntu; font-size: medium;\">La v\u00edctima, el Ministerio P\u00fablico y la Defensor\u00eda de la Ni\u00f1ez.<\/span><\/p><\/td><\/tr><tr><td valign=\"middle\"><p><span style=\"color: #676767; font-family: Ubuntu; font-size: medium;\">Competencia<\/span><\/p><\/td><td valign=\"middle\"><p><span style=\"color: #676767; font-family: Ubuntu; font-size: medium;\">Es competente el Juzgado de Instrucci\u00f3n en Materia de Violencia contra las Mujeres y el Tribunal de Sentencia en Materia de Violencia contra las Mujeres Art. 72, 72 ter. de la Ley No 025 Ley del \u00d3rgano Judicial, en relaci\u00f3n al Art. 52 del C\u00f3digo de Procedimiento Penal.<\/span><\/p><\/td><\/tr><tr><td valign=\"middle\"><p><span style=\"color: #676767; font-family: Ubuntu; font-size: medium;\">Prescripci\u00f3n de la acci\u00f3n<\/span><\/p><\/td><td valign=\"middle\"><p><span style=\"color: #676767; font-family: Ubuntu; font-size: medium;\">Prescribe a los ocho a\u00f1os t\u00e9rmino que corre a partir de la media noche de la comisi\u00f3n del hecho o desde el momento en que se cometi\u00f3 el delito, o ces\u00f3 su consumaci\u00f3n. Arts. 29-I), 30 C\u00f3digo de Procedimiento Penal.<br \/>En casos de ni\u00f1as, ni\u00f1os y adolescentes el t\u00e9rmino de la prescripci\u00f3n comenzar\u00e1 a correr cuatro a\u00f1os (4) despu\u00e9s de que la v\u00edctima haya alcanzado la mayor\u00eda de edad. Art. 30 del C\u00f3digo de Procedimiento Penal.<\/span><\/p><\/td><\/tr><tr><td valign=\"middle\"><p><span style=\"color: #676767; font-family: Ubuntu; font-size: medium;\">Duraci\u00f3n del proceso<\/span><\/p><\/td><td valign=\"middle\"><p><span style=\"color: #676767; font-family: Ubuntu; font-size: medium;\">M\u00e1xima de tres a\u00f1os.<\/span><\/p><\/td><\/tr><tr><td valign=\"middle\"><p><span style=\"color: #676767; font-family: Ubuntu; font-size: medium;\">Recursos<\/span><\/p><\/td><td valign=\"middle\"><p><span style=\"color: #676767; font-family: Ubuntu; font-size: medium;\"><b>Recurso de Apelaci\u00f3n Restringida: <\/b><\/span><\/p><p><span style=\"color: #676767; font-family: Ubuntu; font-size: medium;\">La sentencia emitida puede ser apelada siempre que se haya realizado la reserva de la misma en la substanciaci\u00f3n del juicio, en el t\u00e9rmino de 15 d\u00edas. Arts. 407-415 en relaci\u00f3n al Art. 130 del C\u00f3digo de Procedimiento Penal. <\/span><\/p><p><span style=\"color: #676767; font-family: Ubuntu; font-size: medium;\"><b>Recurso de Casaci\u00f3n:<\/b><\/span><\/p><p><span style=\"color: #676767; font-family: Ubuntu; font-size: medium;\">El Auto de Vista puede ser recurrido cuando existen Autos de Vista contradictorios sobre una situaci\u00f3n similar: en relaci\u00f3n al sentido jur\u00eddico, la aplicaci\u00f3n de las normas y su alcance, se debe invocar el precedente contradictorio en el t\u00e9rmino de 5 d\u00edas de notificado con el Auto de Vista. Arts. 416-420 en relaci\u00f3n al Art. 130 del C\u00f3digo de Procedimiento Penal.<\/span><\/p><\/td><\/tr><tr><td valign=\"middle\"><p><span style=\"color: #676767; font-family: Ubuntu; font-size: medium;\">Base legal<\/span><\/p><\/td><td valign=\"middle\"><ul><li><b><\/b><span style=\"color: #676767; font-family: Ubuntu; font-size: medium;\">Arts. 15-II) Constituci\u00f3n Pol\u00edtica del Estado. <\/span><\/li><li><span style=\"color: #676767; font-family: Ubuntu; font-size: medium;\">Art. 313 C\u00f3digo Penal <\/span><\/li><li><span style=\"color: #676767; font-family: Ubuntu; font-size: medium;\">Arts. 16, 17, 19, 29-3), 30, 36, 277-371, 373-374, 382-388, 393, 393 bis, 393 ter, 393 quater, 393 quinquer, 393 sexter del C\u00f3digo de Procedimiento Penal. <\/span><\/li><li><span style=\"color: #676767; font-family: Ubuntu; font-size: medium;\">Arts. 7-7), 68, 83, 86-100, de la Ley No 348 para Garantizar a las Mujeres una Vida Libre de Violencia. <\/span><\/li><li><span style=\"color: #676767; font-family: Ubuntu; font-size: medium;\">Ley No 1173, Ley de Abreviaci\u00f3n Procesal Penal y Fortalecimiento de la Lucha Integral contra la Violencia a Ni\u00f1as, Ni\u00f1os, Adolescentes y Mujeres. <\/span><\/li><li><span style=\"color: #676767; font-family: Ubuntu; font-size: medium;\">Arts. 16-I), 145-I), 147-I), 148-I), II-a), 149 del C\u00f3digo Ni\u00f1a, Ni\u00f1o y Adolescente. Ley N\u00b0 548. <\/span><\/li><li><span style=\"color: #676767; font-family: Ubuntu; font-size: medium;\">Arts. 1, 2, 3, 5, 7, 8, 11, Declaraci\u00f3n Universal de los Derechos Humanos. <\/span><\/li><li><span style=\"color: #676767; font-family: Ubuntu; font-size: medium;\">Art. 5, 11 Convenci\u00f3n sobre Derechos Humanos. Pacto de San Jos\u00e9 de Costa Rica. Ley No 1430. <\/span><\/li><li><span style=\"color: #676767; font-family: Ubuntu; font-size: medium;\">Arts. 1, 2, 3, 4 Convenci\u00f3n Interamericana para Prevenir, Sancionar y Erradicar la Violencia contra la Mujer \u201cConvenci\u00f3n de Bel\u00e9m do Par\u00e1\u201d, Ley No 1599.<\/span><\/li><li><span style=\"color: #676767; font-family: Ubuntu; font-size: medium;\">Art. 6, 34 Convenci\u00f3n de los Derechos del Ni\u00f1o. Ley N\u00b0 1152.<\/span><\/li><\/ul><\/td><\/tr><tr><td valign=\"middle\"><p><span style=\"color: #676767; font-family: Ubuntu; font-size: medium;\">Recomendaciones a tomar en cuenta por la\/el abogada(o)<\/span><\/p><\/td><td valign=\"middle\"><ol><li><span style=\"color: #676767; font-family: Ubuntu; font-size: medium;\">Todo acto de violencia en contra de las v\u00edctimas, puede ser denunciado en la Fuerza Especial de Lucha Contra la Violencia y\/o en el Ministerio P\u00fablico que son entidades p\u00fablicas que funcionan las 24 hrs. del d\u00eda y los 365 d\u00edas del a\u00f1o. <\/span><\/li><li><span style=\"color: #676767; font-family: Ubuntu; font-size: medium;\">En caso de delitos en contra de mujeres vinculados a distintas formas de violencia se aplicar\u00e1 el procedimiento previsto en T\u00edtulo VI \u201cProcedimiento Especial para casos de Violencia contra Ni\u00f1as, Ni\u00f1os, Adolescentes o Mujeres\u201c (Art. 393 septier al 393 duoter del C\u00f3digo de Procedimiento Penal) y procedimiento de establecido por la Ley No 348 en sus Arts. 86 al 100. <\/span><\/li><li><span style=\"color: #676767; font-family: Ubuntu; font-size: medium;\">En caso de flagrancia observar lo dispuesto por los Arts. 393, 393 Bis, 393 Ter, 393 quater, 393 quinquer, 393 sexter C\u00f3digo de Procedimiento Penal. <\/span><\/li><li><span style=\"color: #676767; font-family: Ubuntu; font-size: medium;\">Las notificaciones ser\u00e1n realizadas a trav\u00e9s de la Oficina Gestora de Procesos mediante el Buz\u00f3n de Notificaciones de Ciudadan\u00eda Digital, excepto las notificaciones que deben ser realizadas de manera personal. En caso no existir la tecnolog\u00eda las notificaciones ser\u00e1n realizadas en el domicilio procesal se\u00f1alado por las partes.<\/span><\/li><li><span style=\"color: #676767; font-family: Ubuntu; font-size: medium;\">Junto con la denuncia y\/o querella, se tiene que adjuntar toda la prueba que se pueda obtener o indicar d\u00f3nde puede ser habida. Adem\u00e1s, el informe psicol\u00f3gico. <\/span><\/li><li><span style=\"color: #676767; font-family: Ubuntu; font-size: medium;\">A tiempo de plantear la denuncia se debe solicitar las medidas de protecci\u00f3n establecidas por el Art. 35 Ley No 348 y las medidas de protecci\u00f3n especiales establecidas por los Arts. 389 al 389 quinquies del C\u00f3digo de Procedimiento Penal, que correspondan al caso. <\/span><\/li><li><span style=\"color: #676767; font-family: Ubuntu; font-size: medium;\">Se debe tomar en cuenta que las medidas de protecci\u00f3n especiales podr\u00e1n ser dispuestas, ratificadas o modificadas por los tribunales y jueces competentes en cualquier etapa del proceso penal. <\/span><\/li><li><span style=\"color: #676767; font-family: Ubuntu; font-size: medium;\">Las medidas de protecci\u00f3n especiales podr\u00e1n ser dispuestas por la o el fiscal, funcionaria\/o policial o cualquier otra autoridad prevista para la atenci\u00f3n a mujeres en situaci\u00f3n de violencia, tomando en cuenta lo establecido por los Arts. 389 ter, 389 quarter, 389 quinquies. <\/span><\/li><li><span style=\"color: #676767; font-family: Ubuntu; font-size: medium;\">Expl\u00edcitamente se proh\u00edbe la revictimizaci\u00f3n en todas las etapas del proceso penal, Art. 393 octer. <\/span><\/li><li><span style=\"color: #676767; font-family: Ubuntu; font-size: medium;\">Las agresiones f\u00edsicas y sexuales en casos de ni\u00f1as, ni\u00f1os, adolescentes y mujeres, y recolecci\u00f3n de evidencias deber\u00e1n ser certificadas por cualquier profesional de la salud perteneciente a instituci\u00f3n p\u00fablica. En caso de violencia sexual el personal de servicios p\u00fablicos podr\u00e1 recolectar las evidencias y enviarlas al IDIF o IITCUP (Instituto de Investigaciones T\u00e9cnico Cient\u00edfico de la Universidad Policial). Art. 393 noveter del C\u00f3digo de Procedimiento Penal.<\/span><\/li><li><span style=\"color: #676767; font-family: Ubuntu; font-size: medium;\">En la obtenci\u00f3n de la prueba se debe tomar en cuenta los requisitos de forma y fondo establecidos por el C\u00f3digo de Procedimiento Penal para su ofrecimiento, introducci\u00f3n y producci\u00f3n en juicio oral, conforme establecen los Arts. 13, 171 del C\u00f3digo de Procedimiento Penal y el Art. 8-2) Pacto de San Jos\u00e9 de Costa Rica.<\/span><\/li><li><span style=\"color: #676767; font-family: Ubuntu; font-size: medium;\">Se debe observar toda la prueba presentada por la parte contraria y objetarla en la v\u00eda incidental, siempre y cuando no cumpla los requisitos legales.<\/span><\/li><li><span style=\"color: #676767; font-family: Ubuntu; font-size: medium;\">De acuerdo a las circunstancias ver la pertinencia de aceptar un procedimiento abreviado. Art. 373 del C\u00f3digo de Procedimiento Penal. <\/span><\/li><\/ol><\/td><\/tr><\/tbody><\/table><\/div>\n\t\t\t\t<\/div>\n\t\t\t\t<\/div>\n\t\t\t\t\t\t<\/div>\n\t\t\t\t\t<\/div>\n\t\t<\/div>\n\t\t\t\t\t\t\t\t<\/div>\n\t\t\t\t\t<\/div>\n\t\t<\/section>\n\t\t\t\t<section class=\"elementor-section elementor-top-section elementor-element elementor-element-8f60a70 elementor-section-boxed elementor-section-height-default elementor-section-height-default\" data-id=\"8f60a70\" data-element_type=\"section\">\n\t\t\t\t\t\t<div class=\"elementor-container elementor-column-gap-default\">\n\t\t\t\t\t\t\t<div class=\"elementor-row\">\n\t\t\t\t\t<div class=\"elementor-column elementor-col-100 elementor-top-column elementor-element elementor-element-10ce0b3\" data-id=\"10ce0b3\" data-element_type=\"column\">\n\t\t\t<div class=\"elementor-column-wrap elementor-element-populated\">\n\t\t\t\t\t\t\t<div class=\"elementor-widget-wrap\">\n\t\t\t\t\t\t<div class=\"elementor-element elementor-element-0e20d52 elementor-widget elementor-widget-text-editor\" data-id=\"0e20d52\" data-element_type=\"widget\" data-widget_type=\"text-editor.default\">\n\t\t\t\t<div class=\"elementor-widget-container\">\n\t\t\t\t\t<div class=\"elementor-text-editor elementor-clearfix\"><table cellspacing=\"0\" cellpadding=\"0\"><tbody><tr><td colspan=\"2\" valign=\"middle\"><h5 style=\"text-align: center;\"><span style=\"color: #676767; font-family: Ubuntu; font-size: medium;\"><b><span style=\"color: #43358b;\">Substracci\u00f3n de menor o incapaz<\/span> <\/b><\/span><\/h5><\/td><\/tr><tr><td valign=\"middle\"><p><span style=\"color: #676767; font-family: Ubuntu; font-size: medium;\">Tipo penal<\/span><\/p><\/td><td valign=\"middle\"><p><span style=\"color: #676767; font-family: Ubuntu; font-size: medium;\">\u201cQuien substrajere a un menor de diecis\u00e9is a\u00f1os (16) o a un incapaz, de la potestad de sus padres, adoptantes, tutores o curadores, y el que retuviere al menor contra su voluntad, ser\u00e1 sancionado con privaci\u00f3n de libertad de uno (1) a tres (3) a\u00f1os.<br \/>La misma pena se aplicar\u00e1 si el menor tuviere m\u00e1s de diecis\u00e9is (16) a\u00f1os y no mediare consentimiento de su parte. La pena ser\u00e1 agravada en el doble si el delito es cometido por uno de los progenitores con el objeto de ejercer contra el otro cualquier tipo de coacci\u00f3n\u201d. <b>Art. 246 C\u00f3digo Penal.<\/b><\/span><\/p><\/td><\/tr><tr><td valign=\"middle\"><p><span style=\"color: #676767; font-family: Ubuntu; font-size: medium;\">Tipo de acci\u00f3n<\/span><\/p><\/td><td valign=\"middle\"><p><span style=\"color: #676767; font-family: Ubuntu; font-size: medium;\">Es de acci\u00f3n p\u00fablica.<\/span><\/p><\/td><\/tr><tr><td valign=\"middle\"><p><span style=\"color: #676767; font-family: Ubuntu; font-size: medium;\">Sujetos facultados para ejercer la acci\u00f3n<\/span><\/p><\/td><td valign=\"middle\"><p><span style=\"color: #676767; font-family: Ubuntu; font-size: medium;\">La v\u00edctima y el Ministerio P\u00fablico.<br \/>El Ministerio P\u00fablico puede actuar sin denuncia de parte, cuando la v\u00edctima sea menor de la pubertad, no tenga un representante legal, o sea incapaz, o el delito hubiera sido cometido por uno o ambos padres, o responsable de su cuidado.<\/span><\/p><\/td><\/tr><tr><td valign=\"middle\"><p><span style=\"color: #676767; font-family: Ubuntu; font-size: medium;\">Competencia<\/span><\/p><\/td><td valign=\"middle\"><p><span style=\"color: #676767; font-family: Ubuntu; font-size: medium;\">Es competente el Juzgado de Instrucci\u00f3n en Materia de Violencia contra las Mujeres y el Juzgado de Sentencia en Materia de Violencia contra las Mujeres Art. 72, 72 bis de la Ley No 025 Ley del \u00d3rgano Judicial, en relaci\u00f3n al Art. 53 del C\u00f3digo de Procedimiento Penal.<\/span><\/p><\/td><\/tr><tr><td valign=\"top\"><p><span style=\"color: #676767; font-family: Ubuntu; font-size: medium;\">Prescripci\u00f3n de la acci\u00f3n<\/span><\/p><\/td><td valign=\"top\"><p><span style=\"color: #676767; font-family: Ubuntu; font-size: medium;\">Prescribe a los cinco a\u00f1os, t\u00e9rmino que corre a partir de la media noche de la comisi\u00f3n del hecho o desde el momento en que se cometi\u00f3 el delito, o ces\u00f3 su consumaci\u00f3n. Arts. 29-2), 30 C\u00f3digo de Procedimiento Penal. <\/span><\/p><\/td><\/tr><tr><td valign=\"middle\"><p><span style=\"color: #676767; font-family: Ubuntu; font-size: medium;\">Duraci\u00f3n del proceso<\/span><\/p><\/td><td valign=\"middle\"><p><span style=\"color: #676767; font-family: Ubuntu; font-size: medium;\">M\u00e1xima de tres a\u00f1os.<\/span><\/p><\/td><\/tr><tr><td valign=\"middle\"><p><span style=\"color: #676767; font-family: Ubuntu; font-size: medium;\">Recursos<\/span><\/p><\/td><td valign=\"middle\"><p><span style=\"color: #676767; font-family: Ubuntu; font-size: medium;\"><b>Recurso de Apelaci\u00f3n Restringida: <\/b><\/span><\/p><p><span style=\"color: #676767; font-family: Ubuntu; font-size: medium;\">La sentencia emitida puede ser apelada siempre que se haya realizado la reserva de la misma en la substanciaci\u00f3n del juicio, en el t\u00e9rmino de 15 d\u00edas. Arts. 407-415 en relaci\u00f3n al Art. 130 del C\u00f3digo de Procedimiento Penal.<\/span><\/p><p><span style=\"color: #676767; font-family: Ubuntu; font-size: medium;\"><b>Recurso de Casaci\u00f3n:<\/b><\/span><\/p><p><span style=\"color: #676767; font-family: Ubuntu; font-size: medium;\">El Auto de Vista puede ser recurrido cuando existen Autos de Vista contradictorios sobre una situaci\u00f3n similar: en relaci\u00f3n al sentido jur\u00eddico, la aplicaci\u00f3n de las normas y su alcance, se debe invocar el precedente contradictorio en el t\u00e9rmino de 5 d\u00edas de notificado con el Auto de Vista. Arts. 416-420 en relaci\u00f3n al Art. 130 del C\u00f3digo de Procedimiento Penal.<\/span><\/p><\/td><\/tr><tr><td valign=\"middle\"><p><span style=\"color: #676767; font-family: Ubuntu; font-size: medium;\">Base legal<\/span><\/p><\/td><td valign=\"middle\"><ul><li><span style=\"color: #676767; font-family: Ubuntu; font-size: medium;\">Arts. 15- I) II), 61-I) Constituci\u00f3n Pol\u00edtica del Estado. <\/span><\/li><li><span style=\"color: #676767; font-family: Ubuntu; font-size: medium;\">Arts. 246 C\u00f3digo Penal. <\/span><\/li><li><span style=\"color: #676767; font-family: Ubuntu; font-size: medium;\">Arts. 16, 17, 19, 29-3), 30, 36, 277-371, 373-374, 382-388, 393, 393 bis, 393 ter, 393 quater, 393 quinquer, 393 sexter del C\u00f3digo de Procedimiento Penal.<\/span><\/li><li><span style=\"color: #676767; font-family: Ubuntu; font-size: medium;\">Arts. 7-17), 68, 83, 86-100, de la Ley Integral para Garantizar a las Mujeres una Vida Libre de Violencia. Ley No 348.<\/span><\/li><li><span style=\"color: #676767; font-family: Ubuntu; font-size: medium;\">Ley No 1173, Ley de Abreviaci\u00f3n Procesal Penal y Fortalecimiento de la Lucha Integral contra la Violencia a Ni\u00f1as, Ni\u00f1os, Adolescentes y Mujeres. <\/span><\/li><li><span style=\"color: #676767; font-family: Ubuntu; font-size: medium;\">Arts. 35-II), 37-I) 147-I) del C\u00f3digo Ni\u00f1a. Ni\u00f1o y Adolescente. Ley No 548. <\/span><\/li><li><span style=\"color: #676767; font-family: Ubuntu; font-size: medium;\">Arts. 1, 2, 3, 5, 8, 11 Declaraci\u00f3n Universal de los Derechos Humanos. <\/span><\/li><li><span style=\"color: #676767; font-family: Ubuntu; font-size: medium;\">Arts. 5, 11 Convenci\u00f3n sobre Derechos Humanos. Pacto de San Jos\u00e9 de Costa Rica. Ley No 1430. <\/span><\/li><li><span style=\"color: #676767; font-family: Ubuntu; font-size: medium;\">Declaraci\u00f3n de los Derechos del ni\u00f1o de 20 de noviembre de 1959. Principio 2 \u2013 Naciones Unidas. <\/span><\/li><li><span style=\"color: #676767; font-family: Ubuntu; font-size: medium;\">Convenio de Aspectos Civiles de la Sustracci\u00f3n Internacional de Menores. <\/span><\/li><li><span style=\"color: #676767; font-family: Ubuntu; font-size: medium;\">Medidas para Prevenir el Tr\u00e1fico Internacional Il\u00edcito de Ni\u00f1os, Ni\u00f1as y fijar penas apropiadas para tales delitos. Resoluci\u00f3n 1996\/26 del Consejo Econ\u00f3mico y Social. <\/span><\/li><li><span style=\"color: #676767; font-family: Ubuntu; font-size: medium;\">Convenci\u00f3n Interamericana sobre la Restituci\u00f3n de Menores de 15 de Julio de 1989. <\/span><\/li><li><span style=\"color: #676767; font-family: Ubuntu; font-size: medium;\">Convenci\u00f3n Interamericana sobre Tr\u00e1fico Internacional de Menores, M\u00e9xico DF 18 de marzo de 1994 Ley No 1725 de noviembre de 1996.<\/span><\/li><li><span style=\"color: #676767; font-family: Ubuntu; font-size: medium;\">Arts. 7, 8, 9 y 11 Convenci\u00f3n de los Derechos del Ni\u00f1o, Ley No 1152.<\/span><\/li><\/ul><\/td><\/tr><tr><td valign=\"middle\"><p><span style=\"color: #676767; font-family: Ubuntu; font-size: medium;\">Recomendaciones a tomar en cuenta por la\/el abogada(o)<\/span><\/p><\/td><td valign=\"middle\"><ol><li><span style=\"color: #676767; font-family: Ubuntu; font-size: medium;\">Todo acto de violencia en contra de las v\u00edctimas, puede ser denunciado en la Fuerza Especial de Lucha Contra la Violencia y\/o en el Ministerio P\u00fablico que son entidades p\u00fablicas que funcionan las 24 hrs. del d\u00eda y los 365 d\u00edas del a\u00f1o. <\/span><\/li><li><span style=\"color: #676767; font-family: Ubuntu; font-size: medium;\">En caso de delitos en contra ni\u00f1as, ni\u00f1os, adolescentes o mujeres vinculados a distintas formas de violencia se aplicar\u00e1 el procedimiento previsto en T\u00edtulo VI \u201cProcedimiento Especial para casos de Violencia contra Ni\u00f1as, Ni\u00f1os, Adolescentes o Mujeres\u201c (Art. 393 septier al 393 duoter del C\u00f3digo de Procedimiento Penal) y procedimiento de establecido por la Ley No 348 en sus Arts. 86 al 100. <\/span><\/li><li><span style=\"color: #676767; font-family: Ubuntu; font-size: medium;\">Las notificaciones ser\u00e1n realizadas a trav\u00e9s de la Oficina Gestora de Procesos mediante el Buz\u00f3n de Notificaciones de Ciudadan\u00eda Digital, excepto las notificaciones que deben ser realizadas de manera personal. En caso no existir la tecnolog\u00eda las notificaciones ser\u00e1n realizadas en el domicilio procesal se\u00f1alado por las partes. <\/span><\/li><li><span style=\"color: #676767; font-family: Ubuntu; font-size: medium;\">En caso de flagrancia observar lo dispuesto por los Arts. 393, 393 Bis, 393 Ter, 393 quater, 393 quinquer, 393 sexter C\u00f3digo de Procedimiento Penal. <\/span><\/li><li><span style=\"color: #676767; font-family: Ubuntu; font-size: medium;\">Junto con la denuncia y\/o querella, se tiene que adjuntar toda la prueba que se pueda obtener o indicar d\u00f3nde puede ser habida. <\/span><\/li><li><span style=\"color: #676767; font-family: Ubuntu; font-size: medium;\">A tiempo de plantear la denuncia se debe solicitar las medidas de protecci\u00f3n establecidas por el Art. 35 Ley No 348 y las medidas de protecci\u00f3n especiales establecidas por los Arts. 389 al 389 quinquies del C\u00f3digo de Procedimiento Penal, que correspondan al caso. <\/span><\/li><li><span style=\"color: #676767; font-family: Ubuntu; font-size: medium;\">En la obtenci\u00f3n de la prueba se debe tomar en cuenta los requisitos de forma y fondo establecidos por el C\u00f3digo de Procedimiento Penal para su ofrecimiento, introducci\u00f3n y producci\u00f3n en juicio oral, conforme establecen los Arts. 13, 171 del C\u00f3digo de Procedimiento Penal y el Art. 8-2) Pacto de San Jos\u00e9 de Costa Rica. <\/span><\/li><li><span style=\"color: #676767; font-family: Ubuntu; font-size: medium;\">Se debe observar toda la prueba presentada por la parte contraria y objetarla en la v\u00eda incidental, siempre y cuando no cumpla los requisitos legales. <\/span><\/li><li><span style=\"color: #676767; font-family: Ubuntu; font-size: medium;\">De acuerdo a las circunstancias ver la pertinencia de aceptar un procedimiento abreviado. Art. 373 del C\u00f3digo de Procedimiento Penal. <\/span><\/li><li><span style=\"color: #676767; font-family: Ubuntu; font-size: medium;\">Dentro del procedimiento penal, la v\u00edctima puede ser testigo, para ello debe tener informaci\u00f3n de lo que esto representa y tener apoyo psicol\u00f3gico que permita establecer y valorar la pertinencia o no de su participaci\u00f3n dentro del juicio oral. <\/span><\/li><li><span style=\"color: #676767; font-family: Ubuntu; font-size: medium;\">Si se condena al acusado con una pena privativa de libertad no mayor a tres a\u00f1os, siempre que el autor no sea reincidente se podr\u00e1 solicitar la imposici\u00f3n de las siguientes sanciones alternativas a la privaci\u00f3n de libertad: detenci\u00f3n de fin de semana, trabajo comunitario, inhabilitaci\u00f3n y multa.<\/span><\/li><\/ol><\/td><\/tr><\/tbody><\/table><\/div>\n\t\t\t\t<\/div>\n\t\t\t\t<\/div>\n\t\t\t\t\t\t<\/div>\n\t\t\t\t\t<\/div>\n\t\t<\/div>\n\t\t\t\t\t\t\t\t<\/div>\n\t\t\t\t\t<\/div>\n\t\t<\/section>\n\t\t\t\t<section class=\"elementor-section elementor-top-section elementor-element elementor-element-0458171 elementor-section-boxed elementor-section-height-default elementor-section-height-default\" data-id=\"0458171\" data-element_type=\"section\">\n\t\t\t\t\t\t<div class=\"elementor-container elementor-column-gap-default\">\n\t\t\t\t\t\t\t<div class=\"elementor-row\">\n\t\t\t\t\t<div class=\"elementor-column elementor-col-100 elementor-top-column elementor-element elementor-element-eb5e78d\" data-id=\"eb5e78d\" data-element_type=\"column\">\n\t\t\t<div class=\"elementor-column-wrap elementor-element-populated\">\n\t\t\t\t\t\t\t<div class=\"elementor-widget-wrap\">\n\t\t\t\t\t\t<div class=\"elementor-element elementor-element-4c53234 elementor-widget elementor-widget-text-editor\" data-id=\"4c53234\" data-element_type=\"widget\" data-widget_type=\"text-editor.default\">\n\t\t\t\t<div class=\"elementor-widget-container\">\n\t\t\t\t\t<div class=\"elementor-text-editor elementor-clearfix\"><table cellspacing=\"0\" cellpadding=\"0\"><tbody><tr><td colspan=\"2\" valign=\"middle\"><h5 style=\"text-align: center;\"><span style=\"color: #676767; font-family: Ubuntu; font-size: medium;\"><b><span style=\"color: #43358b;\">Tr\u00e1fico de personas<\/span> <\/b><\/span><\/h5><\/td><\/tr><tr><td valign=\"middle\"><p><span style=\"color: #676767; font-family: Ubuntu; font-size: medium;\">Tipo penal<\/span><\/p><\/td><td valign=\"middle\"><p><span style=\"color: #676767; font-family: Ubuntu; font-size: medium;\">I. Quien promueva, induzca, favorezca y\/o facilite por cualquier medio la entrada o salida ilegal de una persona del Estado Plurinacional de Bolivia a otro Estado del cual dicha persona no sea nacional o residente permanente, con el fin de obtener directa o indirectamente beneficio econ\u00f3mico para s\u00ed o parar un tercero ser\u00e1 sancionado con privaci\u00f3n de libertad de cinco (5) a diez (10) a\u00f1os. <\/span><\/p><p><span style=\"color: #676767; font-family: Ubuntu; font-size: medium;\">La sanci\u00f3n se agravar\u00e1 en la mitad cuando:<\/span><\/p><p><span style=\"color: #676767; font-family: Ubuntu; font-size: medium;\">1) Las condiciones de transporte pongan en peligro su integridad f\u00edsica o psicol\u00f3gica.<br \/>2) La autora o el autor sea servidor o servidora p\u00fablico.<br \/>3) La autora o el autor sea la persona encargada de proteger los derechos e integridad de las personas en situaci\u00f3n vulnerable.<br \/>4) La autora o el autor hubiera sido parte o integrante de una delegaci\u00f3n o misi\u00f3n diplom\u00e1tica, en el momento de haber cometido el delito.<br \/>5) El delito se cometa contra m\u00e1s de una persona.<br \/>6) La actividad sea habitual y con fines de lucro.<br \/>7) La autora o el autor sea parte de una organizaci\u00f3n criminal. <\/span><\/p><p><span style=\"color: #676767; font-family: Ubuntu; font-size: medium;\">II. La sanci\u00f3n se agravar\u00e1 en dos tercios cuando la v\u00edctima sea ni\u00f1a, ni\u00f1o o adolescente, persona con discapacidad f\u00edsica, enfermedad o deficiencia ps\u00edquica o sea una mujer embarazada. <\/span><\/p><p><span style=\"color: #676767; font-family: Ubuntu; font-size: medium;\">III. Quien promueva, induzca, favorezca y\/o facilite por cualquier medio el ingreso o salida ilegal de una persona de un departamento o municipio a otro del cual dicha persona no sea residente permanente, mediante enga\u00f1o, violencia, amenaza, con el fin de obtener directa o indirectamente beneficio econ\u00f3mico para s\u00ed o para un tercero, ser\u00e1 sancionado con privaci\u00f3n de libertad de cuatro (4) a siete (7) a\u00f1os. <\/span><\/p><p><span style=\"color: #676767; font-family: Ubuntu; font-size: medium;\">IV. Si con el prop\u00f3sito de asegurar el resultado de la acci\u00f3n se somete a la v\u00edctima a cualquier forma de violencia o situaci\u00f3n de riesgo que tenga como consecuencia su muerte, incluido el suicidio se impondr\u00e1 la pena establecida para el delito de asesinato. <b>Art. 321 bis. C\u00f3digo Penal<\/b><\/span><\/p><\/td><\/tr><tr><td valign=\"middle\"><p><span style=\"color: #676767; font-family: Ubuntu; font-size: medium;\">Tipo de acci\u00f3n<\/span><\/p><\/td><td valign=\"middle\"><p><span style=\"color: #676767; font-family: Ubuntu; font-size: medium;\">Es de acci\u00f3n p\u00fablica.<\/span><\/p><\/td><\/tr><tr><td valign=\"middle\"><p><span style=\"color: #676767; font-family: Ubuntu; font-size: medium;\">Sujetos facultados para ejercer la acci\u00f3n<\/span><\/p><\/td><td valign=\"middle\"><p><span style=\"color: #676767; font-family: Ubuntu; font-size: medium;\">La v\u00edctima, el Ministerio P\u00fablico y la Defensor\u00eda de la Ni\u00f1ez y Adolescencia.<\/span><\/p><\/td><\/tr><tr><td valign=\"middle\"><p><span style=\"color: #676767; font-family: Ubuntu; font-size: medium;\">Competencia<\/span><\/p><\/td><td valign=\"middle\"><p><span style=\"color: #676767; font-family: Ubuntu; font-size: medium;\">Es competente el Juzgado de Instrucci\u00f3n en Materia de Violencia contra las Mujeres y el Tribunal de Sentencia en Materia de Violencia contra las Mujeres Art. 72, 72 ter. de la Ley No 025 Ley del \u00d3rgano Judicial, en relaci\u00f3n al Art. 52 del C\u00f3digo de Procedimiento Penal.<\/span><\/p><\/td><\/tr><tr><td valign=\"top\"><p><span style=\"color: #676767; font-family: Ubuntu; font-size: medium;\">Prescripci\u00f3n de la acci\u00f3n <\/span><\/p><\/td><td valign=\"top\"><p><span style=\"color: #676767; font-family: Ubuntu; font-size: medium;\">Prescribe a los ocho a\u00f1os t\u00e9rmino que corre a partir de la media noche de la comisi\u00f3n del hecho o desde el momento en que se cometi\u00f3 el delito, o ces\u00f3 su consumaci\u00f3n. Arts. 29-1), 30 C\u00f3digo de Procedimiento Penal. <\/span><\/p><\/td><\/tr><tr><td valign=\"middle\"><p><span style=\"color: #676767; font-family: Ubuntu; font-size: medium;\">Duraci\u00f3n del proceso<\/span><\/p><\/td><td valign=\"middle\"><p><span style=\"color: #676767; font-family: Ubuntu; font-size: medium;\">M\u00e1ximo de tres a\u00f1os.<\/span><\/p><\/td><\/tr><tr><td valign=\"middle\"><p><span style=\"color: #676767; font-family: Ubuntu; font-size: medium;\">Recursos<\/span><\/p><\/td><td valign=\"middle\"><p><span style=\"color: #676767; font-family: Ubuntu; font-size: medium;\"><b>Recurso de Apelaci\u00f3n Restringida: <\/b><\/span><\/p><p><span style=\"color: #676767; font-family: Ubuntu; font-size: medium;\">La sentencia emitida puede ser apelada siempre que se haya realizado la reserva de la misma en la substanciaci\u00f3n del juicio, en el t\u00e9rmino de 15 d\u00edas. Arts. 407-415 en relaci\u00f3n al Art. 130 del C\u00f3digo de Procedimiento Penal. <\/span><\/p><p><span style=\"color: #676767; font-family: Ubuntu; font-size: medium;\"><b>Recurso de Casaci\u00f3n:<\/b><\/span><\/p><p><span style=\"color: #676767; font-family: Ubuntu; font-size: medium;\">El Auto de Vista puede ser recurrido cuando existen Autos de Vista contradictorios sobre una situaci\u00f3n similar: en relaci\u00f3n al sentido jur\u00eddico, la aplicaci\u00f3n de las normas y su alcance, se debe invocar el precedente contradictorio en el t\u00e9rmino de 5 d\u00edas de notificado con el Auto de Vista. Arts. 416-420 en relaci\u00f3n al Art. 130 del C\u00f3digo de Procedimiento Penal.<\/span><\/p><\/td><\/tr><tr><td valign=\"middle\"><p><span style=\"color: #676767; font-family: Ubuntu; font-size: medium;\">Base legal<\/span><\/p><\/td><td valign=\"middle\"><ul><li><span style=\"color: #676767; font-family: Ubuntu; font-size: medium;\">Arts. 15-I), II), V) Constituci\u00f3n Pol\u00edtica del Estado. <\/span><\/li><li><span style=\"color: #676767; font-family: Ubuntu; font-size: medium;\">Art. 281 bis C\u00f3digo Penal. <\/span><\/li><li><span style=\"color: #676767; font-family: Ubuntu; font-size: medium;\">Arts. 16, 17, 19, 29-3),30, 36,277-371,373-374, 382-388, 393, 393 bis, 393 ter, 393 quater, 393 quinquer, 393 sexter del C\u00f3digo de Procedimiento Penal. <\/span><\/li><li><span style=\"color: #676767; font-family: Ubuntu; font-size: medium;\">Ley Integral Contra Trata y Tr\u00e1fico de Personas. -Ley No 263 <\/span><\/li><li><span style=\"color: #676767; font-family: Ubuntu; font-size: medium;\">Ley No 1173, Ley de Abreviaci\u00f3n Procesal Penal y Fortalecimiento de la Lucha Integral contra la Violencia a Ni\u00f1as, Ni\u00f1os, Adolescentes y Mujeres.<\/span><\/li><li><span style=\"color: #676767; font-family: Ubuntu; font-size: medium;\">Ley No 2273 de 22 de noviembre de 2001 que ratifica el protocolo para prevenir, reprimir y sanciona la trata de personas, especialmente mujeres y ni\u00f1os que complementa la convenci\u00f3n de las Naciones Unidas contra la delincuencia organizada transnacional. <\/span><\/li><li><span style=\"color: #676767; font-family: Ubuntu; font-size: medium;\">Arts. 12-a), 16-I), 141-a),145-I) II),147-I),148-I) II-a), b), c), d) del C\u00f3digo Ni\u00f1a, Ni\u00f1o y Adolescente. Ley No 548. <\/span><\/li><li><span style=\"color: #676767; font-family: Ubuntu; font-size: medium;\">Art. 4 Declaraci\u00f3n Universal de Derechos Humanos. <\/span><\/li><li><span style=\"color: #676767; font-family: Ubuntu; font-size: medium;\">Arts. 5-1), 6, 19 Convenci\u00f3n sobre Derechos Humanos. Pacto de San Jos\u00e9 de Costa Rica. Ley 1430. <\/span><\/li><li><span style=\"color: #676767; font-family: Ubuntu; font-size: medium;\">Convenci\u00f3n Interamericana sobre Tr\u00e1fico Internacional de Menores. M\u00e9xico D.F. 18 de marzo 1994. Ley No 1725 de noviembre de 1996.<\/span><\/li><li><span style=\"color: #676767; font-family: Ubuntu; font-size: medium;\">Arts. 7, 8, 9, 11,35 Convenci\u00f3n de los Derechos del Ni\u00f1o. Ley No 1152. <\/span><\/li><\/ul><\/td><\/tr><tr><td valign=\"middle\"><p><span style=\"color: #676767; font-family: Ubuntu; font-size: medium;\">Recomendaciones a tomar en cuenta por la\/el abogada(o)<\/span><\/p><\/td><td valign=\"middle\"><ol><li><span style=\"color: #676767; font-family: Ubuntu; font-size: medium;\">Deben observarse las previsiones establecidas por la Ley No 263 Ley Integral Contra Trata y Tr\u00e1fico de Personas. <\/span><\/li><li><span style=\"color: #676767; font-family: Ubuntu; font-size: medium;\">En caso de delitos en contra de mujeres vinculados a distintas formas de violencia se aplicar\u00e1 el procedimiento previsto en T\u00edtulo VI \u201cProcedimiento Especial para casos de Violencia contra Ni\u00f1as, Ni\u00f1os, Adolescentes o Mujeres\u201c (Art. 393 septier al 393 duoter del C\u00f3digo de Procedimiento Penal) y procedimiento de establecido por la Ley No 348 en sus Arts. 86 al 100.<\/span><\/li><li><span style=\"color: #676767; font-family: Ubuntu; font-size: medium;\">Las notificaciones ser\u00e1n realizadas a trav\u00e9s de la Oficina Gestora de Procesos mediante el Buz\u00f3n de Notificaciones de Ciudadan\u00eda Digital, excepto las notificaciones que deben ser realizadas de manera personal. En caso no existir la tecnolog\u00eda las notificaciones ser\u00e1n realizadas en el domicilio procesal se\u00f1alado por las partes.<\/span><\/li><li><span style=\"color: #676767; font-family: Ubuntu; font-size: medium;\">En caso de flagrancia observar lo dispuesto por los Arts. 393, 393 Bis, 393 Ter, 393 quater, 393 quinquer, 393 sexter C\u00f3digo de Procedimiento Penal.<\/span><\/li><li><span style=\"color: #676767; font-family: Ubuntu; font-size: medium;\">Junto con la denuncia y\/o querella, se tiene que adjuntar toda la prueba que se pueda obtener o indicar d\u00f3nde puede ser habida. Adem\u00e1s, el informe psicol\u00f3gico.<\/span><\/li><li><span style=\"color: #676767; font-family: Ubuntu; font-size: medium;\">A tiempo de plantear la denuncia se debe solicitar las medidas de protecci\u00f3n establecidas por el Art. 35 Ley No 348 y las medidas de protecci\u00f3n especiales establecidas por los Arts. 389 al 389 quinquies del C\u00f3digo de Procedimiento Penal, que correspondan al caso.<\/span><\/li><li><span style=\"color: #676767; font-family: Ubuntu; font-size: medium;\">Se debe tomar en cuenta que las medidas de protecci\u00f3n especiales podr\u00e1n ser dispuestas, ratificadas o modificadas por los tribunales y jueces competentes en cualquier etapa del proceso penal.<\/span><\/li><li><span style=\"color: #676767; font-family: Ubuntu; font-size: medium;\">Las medidas de protecci\u00f3n especiales podr\u00e1n ser dispuestas por la o el fiscal, funcionaria\/o policial o cualquier otra autoridad prevista para la atenci\u00f3n a mujeres en situaci\u00f3n de violencia, tomando en cuenta lo establecido por los Arts. 389 ter, 389 quarter, 389 quinquies.<\/span><\/li><li><span style=\"color: #676767; font-family: Ubuntu; font-size: medium;\">Expl\u00edcitamente se proh\u00edbe la revictimizaci\u00f3n en todas las etapas del proceso penal, Art. 393 octer.<\/span><\/li><li><span style=\"color: #676767; font-family: Ubuntu; font-size: medium;\">Las agresiones f\u00edsicas y sexuales en casos de ni\u00f1as, ni\u00f1os, adolescentes y mujeres, y recolecci\u00f3n de evidencias deber\u00e1n ser certificadas por cualquier profesional de la salud perteneciente a instituci\u00f3n p\u00fablica. En caso de violencia sexual el personal de servicios p\u00fablicos podr\u00e1 recolectar las evidencias y enviarlas al IDIF o IITCUP (Instituto de Investigaciones T\u00e9cnico Cient\u00edfico de la Universidad Policial). Art. 393 noveter del C\u00f3digo de Procedimiento Penal. <\/span><\/li><li><span style=\"color: #676767; font-family: Ubuntu; font-size: medium;\">La\/el psic\u00f3loga\/o del servicio deber\u00e1 sugerir a la abogada\/o, los puntos generales a solicitar en pericia. De acuerdo al caso los puntos podr\u00e1n ampliarse o restringirse: <\/span><\/li><\/ol><ul><li style=\"list-style-type: none;\"><ul><li><span style=\"color: #676767; font-family: Ubuntu; font-size: medium;\">V\u00edctima: <\/span><ul><li><span style=\"color: #676767; font-family: Ubuntu; font-size: medium;\">Determinar la credibilidad del testimonio sobre el hecho denunciado.<\/span><\/li><li><span style=\"color: #676767; font-family: Ubuntu; font-size: medium;\">Establecer la existencia de consecuencias psicol\u00f3gicas producto de la violencia. <\/span><\/li><li><span style=\"color: #676767; font-family: Ubuntu; font-size: medium;\">Establecer la relaci\u00f3n causal entre la violencia y el da\u00f1o psicol\u00f3gico.<\/span><\/li><li><span style=\"color: #676767; font-family: Ubuntu; font-size: medium;\">Establecer presencia de lesiones y secuelas psicol\u00f3gicas presentes y futuras.<\/span><\/li><li><span style=\"color: #676767; font-family: Ubuntu; font-size: medium;\">Caracterizar la vulnerabilidad y personalidad de la v\u00edctima.<\/span><\/li><li><span style=\"color: #676767; font-family: Ubuntu; font-size: medium;\">Determinar si a partir de la violencia se mantienen o cronifican rasgos de la personalidad de la v\u00edctima. <\/span><\/li><\/ul><\/li><li><span style=\"color: #676767; font-family: Ubuntu; font-size: medium;\">Agresor: <\/span><ul><li><span style=\"color: #676767; font-family: Ubuntu; font-size: medium;\">Determinar caracter\u00edsticas de personalidad y si habr\u00eda presencia de psicopatolog\u00eda. <\/span><\/li><li><span style=\"color: #676767; font-family: Ubuntu; font-size: medium;\">Determinar el nivel de riesgo de acuerdo al hecho denunciado. <\/span><\/li><\/ul><\/li><\/ul><\/li><\/ul><ol start=\"12\"><li><span style=\"color: #676767; font-family: Ubuntu; font-size: medium;\">En la obtenci\u00f3n de la prueba se debe tomar en cuenta los requisitos de forma y fondo establecidos por el C\u00f3digo de Procedimiento Penal para su ofrecimiento, introducci\u00f3n y producci\u00f3n en juicio oral, conforme establecen los Arts. 13, 171 del C\u00f3digo de Procedimiento Penal y el Art. 8-2) Pacto de San Jos\u00e9 de Costa Rica.<\/span><\/li><li><span style=\"color: #676767; font-family: Ubuntu; font-size: medium;\">Se debe observar toda la prueba presentada por la parte contraria y objetarla en la v\u00eda incidental, siempre y cuando no cumpla los requisitos legales.<\/span><\/li><li><span style=\"color: #676767; font-family: Ubuntu; font-size: medium;\">Dentro del procedimiento penal, la v\u00edctima puede ser testigo, para ello debe tener informaci\u00f3n de lo que esto representa y tener un apoyo psicol\u00f3gico que permita establecer y valorar la pertinencia o no de su participaci\u00f3n dentro del juicio oral.<\/span><\/li><\/ol><\/td><\/tr><\/tbody><\/table><\/div>\n\t\t\t\t<\/div>\n\t\t\t\t<\/div>\n\t\t\t\t\t\t<\/div>\n\t\t\t\t\t<\/div>\n\t\t<\/div>\n\t\t\t\t\t\t\t\t<\/div>\n\t\t\t\t\t<\/div>\n\t\t<\/section>\n\t\t\t\t<section class=\"elementor-section elementor-top-section elementor-element elementor-element-98d6f82 elementor-section-boxed elementor-section-height-default elementor-section-height-default\" data-id=\"98d6f82\" data-element_type=\"section\">\n\t\t\t\t\t\t<div class=\"elementor-container elementor-column-gap-default\">\n\t\t\t\t\t\t\t<div class=\"elementor-row\">\n\t\t\t\t\t<div class=\"elementor-column elementor-col-100 elementor-top-column elementor-element elementor-element-f366d35\" data-id=\"f366d35\" data-element_type=\"column\">\n\t\t\t<div class=\"elementor-column-wrap elementor-element-populated\">\n\t\t\t\t\t\t\t<div class=\"elementor-widget-wrap\">\n\t\t\t\t\t\t<div class=\"elementor-element elementor-element-625a781 elementor-widget elementor-widget-text-editor\" data-id=\"625a781\" data-element_type=\"widget\" data-widget_type=\"text-editor.default\">\n\t\t\t\t<div class=\"elementor-widget-container\">\n\t\t\t\t\t<div class=\"elementor-text-editor elementor-clearfix\"><table cellspacing=\"0\" cellpadding=\"0\"><tbody><tr><td colspan=\"2\" valign=\"middle\"><h5 style=\"text-align: center;\"><span style=\"color: #43358b; font-family: Ubuntu; font-size: medium;\"><b>Trata de seres humanos <\/b><\/span><\/h5><\/td><\/tr><tr><td valign=\"middle\"><p><span style=\"color: #676767; font-family: Ubuntu; font-size: medium;\">Tipo penal<\/span><\/p><\/td><td valign=\"middle\"><p><span style=\"color: #676767; font-family: Ubuntu; font-size: medium;\">I. Ser\u00e1 sancionado con privaci\u00f3n de libertad de diez (10) a quince (15) a\u00f1os, quien por cualquier medio de enga\u00f1o, intimidaci\u00f3n, abuso de poder, uso de la fuerza o cualquier forma de coacci\u00f3n, amenazas, abuso de la situaci\u00f3n de dependencia o vulnerabilidad de la v\u00edctima, la concesi\u00f3n o recepci\u00f3n de pagos por s\u00ed o por tercera persona realizare, indujere o favoreciere la captaci\u00f3n, traslado, transporte, privaci\u00f3n de libertad, acogida o recepci\u00f3n de personas dentro o fuera del territorio nacional, aunque mediare el consentimiento de la v\u00edctima, con cualquiera de los siguientes fines: <\/span><\/p><ol><li style=\"list-style-type: none;\"><ol><li><span style=\"color: #676767; font-family: Ubuntu; font-size: medium;\">Venta u otros actos de disposici\u00f3n del ser humano con o sin fines de lucro.<\/span><\/li><li><span style=\"color: #676767; font-family: Ubuntu; font-size: medium;\">Extracci\u00f3n, venta o disposici\u00f3n il\u00edcita de fluidos o l\u00edquidos corporales, c\u00e9lulas, \u00f3rganos o tejidos humanos. <\/span><\/li><li><span style=\"color: #676767; font-family: Ubuntu; font-size: medium;\">Reducci\u00f3n a esclavitud o estado an\u00e1logo.<\/span><\/li><li><span style=\"color: #676767; font-family: Ubuntu; font-size: medium;\">Explotaci\u00f3n laboral, trabajo forzoso o cualquier forma de servidumbre.<\/span><\/li><li><span style=\"color: #676767; font-family: Ubuntu; font-size: medium;\">Servidumbre costumbrista.<\/span><\/li><li><span style=\"color: #676767; font-family: Ubuntu; font-size: medium;\">Explotaci\u00f3n sexual comercial.<\/span><\/li><li><span style=\"color: #676767; font-family: Ubuntu; font-size: medium;\">Embarazo forzado.<\/span><\/li><li><span style=\"color: #676767; font-family: Ubuntu; font-size: medium;\">Turismo sexual.<\/span><\/li><li><span style=\"color: #676767; font-family: Ubuntu; font-size: medium;\">Guarda o adopci\u00f3n.<\/span><\/li><li><span style=\"color: #676767; font-family: Ubuntu; font-size: medium;\">Mendicidad forzada.<\/span><\/li><li><span style=\"color: #676767; font-family: Ubuntu; font-size: medium;\">Matrimonio servil, uni\u00f3n libre o de hecho servil.<\/span><\/li><li><span style=\"color: #676767; font-family: Ubuntu; font-size: medium;\">Reclutamiento de personas para su participaci\u00f3n en conflictos armados o sectas religiosas.<\/span><\/li><li><span style=\"color: #676767; font-family: Ubuntu; font-size: medium;\">Empleo en actividades delictivas.<\/span><\/li><li><span style=\"color: #676767; font-family: Ubuntu; font-size: medium;\">Realizaci\u00f3n il\u00edcita de investigaciones biom\u00e9dicas. <\/span><\/li><\/ol><\/li><\/ol><p><span style=\"color: #676767; font-family: Ubuntu; font-size: medium;\">II. La sanci\u00f3n se agravar\u00e1 en un tercio cuando:<\/span><\/p><ol><li style=\"list-style-type: none;\"><ol><li><span style=\"color: #676767; font-family: Ubuntu; font-size: medium;\">La autora o el autor, o part\u00edcipe, sea c\u00f3nyuge, conviviente o pareja de la v\u00edctima, tenga parentesco hasta el cuarto grado de consanguinidad o segundo de afinidad, tenga a su cargo la tutela, custodia, curatela o educaci\u00f3n de la v\u00edctima.<\/span><\/li><li><span style=\"color: #676767; font-family: Ubuntu; font-size: medium;\">La autora o el autor sea servidora o servidor p\u00fablico, goce de inmunidad diplom\u00e1tica, o sea profesional m\u00e9dico o a fin.<\/span><\/li><li><span style=\"color: #676767; font-family: Ubuntu; font-size: medium;\">Se utilicen drogas, medicamentos o armas. <\/span><\/li><\/ol><\/li><\/ol><p><span style=\"color: #676767; font-family: Ubuntu; font-size: medium;\">III. La sanci\u00f3n ser\u00e1 de quince (15) a veinte (20) a\u00f1os cuando la v\u00edctima fuere un ni\u00f1o, ni\u00f1a o adolescente, persona con discapacidad f\u00edsica, enfermedad o deficiencia ps\u00edquica, mujer embarazada, o el autor sea parte de una organizaci\u00f3n criminal, se produzca una lesi\u00f3n grav\u00edsima o se ponga en peligro la vida, la integridad o la seguridad de la v\u00edctima. <\/span><\/p><p><span style=\"color: #676767; font-family: Ubuntu; font-size: medium;\">Si a causa del delito se produce la muerte de la v\u00edctima, se impondr\u00e1 la sanci\u00f3n prevista para el delito de asesinato. <b>\u201cArt. 281 C\u00f3digo Penal Bis.<br \/><\/b>La sanci\u00f3n ser\u00e1 de quince (15) a veinte (20) a\u00f1os cuando la v\u00edctima fuere un ni\u00f1o, ni\u00f1a o adolescente, persona con discapacidad f\u00edsica, enfermedad o deficiencia ps\u00edquica, mujer embarazada, o el autor sea parte de una organizaci\u00f3n criminal, se produzca una lesi\u00f3n grav\u00edsima o se ponga en peligro la vida, la integridad o la seguridad de la v\u00edctima. <\/span><\/p><p><span style=\"color: #676767; font-family: Ubuntu; font-size: medium;\">IV<b>. <\/b>Si a causa del delito se produce la muerte de la v\u00edctima, se impondr\u00e1 la sanci\u00f3n prevista para el delito de asesinato. <b>\u201cArt. 281 C\u00f3digo Penal Bis. <\/b>Modificado por Ley No 263 Ley Integral contra la Trata y Tr\u00e1fico de Personas, en su Art. 34.<\/span><\/p><\/td><\/tr><tr><td valign=\"middle\"><p><span style=\"color: #676767; font-family: Ubuntu; font-size: medium;\">Tipo de acci\u00f3n<\/span><\/p><\/td><td valign=\"middle\"><p><span style=\"color: #676767; font-family: Ubuntu; font-size: medium;\">Es de acci\u00f3n p\u00fablica.<\/span><\/p><\/td><\/tr><tr><td valign=\"middle\"><p><span style=\"color: #676767; font-family: Ubuntu; font-size: medium;\">Sujetos facultados para ejercer la acci\u00f3n<\/span><\/p><\/td><td valign=\"middle\"><p><span style=\"color: #676767; font-family: Ubuntu; font-size: medium;\">La v\u00edctima, el Ministerio P\u00fablico y la Defensor\u00eda de la Ni\u00f1ez y Adolescencia.<\/span><\/p><\/td><\/tr><tr><td valign=\"middle\"><p><span style=\"color: #676767; font-family: Ubuntu; font-size: medium;\">Competencia<\/span><\/p><\/td><td valign=\"middle\"><p><span style=\"color: #676767; font-family: Ubuntu; font-size: medium;\">Es competente el Juzgado de Instrucci\u00f3n en Materia de Violencia contra las Mujeres y el Tribunal de Sentencia en Materia de Violencia contra las Mujeres Art. 72, 72 ter. de la Ley No 025 Ley del \u00d3rgano Judicial, en relaci\u00f3n al Art. 52 del C\u00f3digo de Procedimiento Penal.<\/span><\/p><\/td><\/tr><tr><td valign=\"top\"><p><span style=\"color: #676767; font-family: Ubuntu; font-size: medium;\">Prescripci\u00f3n de la acci\u00f3n<\/span><\/p><\/td><td valign=\"top\"><p><span style=\"color: #676767; font-family: Ubuntu; font-size: medium;\">Prescribe a los ocho a\u00f1os t\u00e9rmino que corre a partir de la media noche de la comisi\u00f3n del hecho o desde el momento en que se cometi\u00f3 el delito, o ces\u00f3 su consumaci\u00f3n. Arts. 29-1), 30 C\u00f3digo de Procedimiento Penal. <\/span><\/p><\/td><\/tr><tr><td valign=\"middle\"><p><span style=\"color: #676767; font-family: Ubuntu; font-size: medium;\">Duraci\u00f3n del proceso<\/span><\/p><\/td><td valign=\"middle\"><p><span style=\"color: #676767; font-family: Ubuntu; font-size: medium;\">M\u00e1ximo de tres a\u00f1os.<\/span><\/p><\/td><\/tr><tr><td valign=\"middle\"><p><span style=\"color: #676767; font-family: Ubuntu; font-size: medium;\">Recursos<\/span><\/p><\/td><td valign=\"middle\"><p><span style=\"color: #676767; font-family: Ubuntu; font-size: medium;\"><b>Recurso de Apelaci\u00f3n Restringida: <\/b><\/span><\/p><p><span style=\"color: #676767; font-family: Ubuntu; font-size: medium;\">La sentencia emitida puede ser apelada siempre que se haya realizado la reserva de la misma en la substanciaci\u00f3n del juicio, en el t\u00e9rmino de 15 d\u00edas. Arts. 407-415 en relaci\u00f3n al Art. 130 del C\u00f3digo de Procedimiento Penal. <\/span><\/p><p><span style=\"color: #676767; font-family: Ubuntu; font-size: medium;\"><b>Recurso de Casaci\u00f3n:<\/b><\/span><\/p><p><span style=\"color: #676767; font-family: Ubuntu; font-size: medium;\">El Auto de Vista puede ser recurrido cuando existen Autos de Vista contradictorios sobre una situaci\u00f3n similar: en relaci\u00f3n al sentido jur\u00eddico, la aplicaci\u00f3n de las normas y su alcance, se debe invocar el precedente contradictorio en el t\u00e9rmino de 5 d\u00edas de notificado con el Auto de Vista. Arts. 416-420 en relaci\u00f3n al Art. 130 del C\u00f3digo de Procedimiento Penal.<\/span><\/p><\/td><\/tr><tr><td valign=\"middle\"><p><span style=\"color: #676767; font-family: Ubuntu; font-size: medium;\">Base legal<\/span><\/p><\/td><td valign=\"middle\"><ul><li><span style=\"color: #676767; font-family: Ubuntu; font-size: medium;\">Arts. 15-I), II), V) Constituci\u00f3n Pol\u00edtica del Estado.<\/span><\/li><li><span style=\"color: #676767; font-family: Ubuntu; font-size: medium;\">Art. 281 C\u00f3digo Penal Bis. <\/span><\/li><li><span style=\"color: #676767; font-family: Ubuntu; font-size: medium;\">Arts. 16, 17, 19, 29-3), 30, 36,277-371, 373 -374, 382-388, 393, 393 bis, 393 ter, 393 quater, 393 quinquer, 393 sexter del C\u00f3digo de Procedimiento Penal. <\/span><\/li><li><span style=\"color: #676767; font-family: Ubuntu; font-size: medium;\">Ley Integral contra Trata y Tr\u00e1fico de Personas. Ley No 263. <\/span><\/li><li><span style=\"color: #676767; font-family: Ubuntu; font-size: medium;\">Ley No 1173, Ley de Abreviaci\u00f3n Procesal Penal y Fortalecimiento de la Lucha Integral contra la Violencia a Ni\u00f1as, Ni\u00f1os, Adolescentes y Mujeres. <\/span><\/li><li><span style=\"color: #676767; font-family: Ubuntu; font-size: medium;\">Arts. 12-a), 16-I), 141-a), 145-I) II), 147-I), 148-I, II-a), b, c, d) del C\u00f3digo Ni\u00f1a, Ni\u00f1o y Adolescente. Ley No 548. <\/span><\/li><li><span style=\"color: #676767; font-family: Ubuntu; font-size: medium;\">Art. 4 Declaraci\u00f3n Universal de Derechos Humanos. <\/span><\/li><li><span style=\"color: #676767; font-family: Ubuntu; font-size: medium;\">Arts. 5-1), 6, 19 Convenci\u00f3n sobre Derechos Humanos. Pacto de San Jos\u00e9 de Costa Rica. Ley No 1430. <\/span><\/li><li><span style=\"color: #676767; font-family: Ubuntu; font-size: medium;\">Convenci\u00f3n Interamericana sobre Tr\u00e1fico Internacional de Menores. M\u00e9xico D.F. 18 de marzo 1994. Ley No 1725 de noviembre de 1996.<\/span><\/li><li><span style=\"color: #676767; font-family: Ubuntu; font-size: medium;\">Arts. 7, 8, 9, 11,35 Convenci\u00f3n de los Derechos del Ni\u00f1o. Ley No 1152.<\/span><\/li><\/ul><\/td><\/tr><tr><td valign=\"middle\"><p><span style=\"color: #676767; font-family: Ubuntu; font-size: medium;\">Recomendaciones a tomar en cuenta por la\/el abogada(o)<\/span><\/p><\/td><td valign=\"middle\"><ol><li><span style=\"color: #676767; font-family: Ubuntu; font-size: medium;\">Deben observarse las previsiones establecidas por la Ley No 263 Ley Integral contra Trata y Tr\u00e1fico de Personas.<\/span><\/li><li><span style=\"color: #676767; font-family: Ubuntu; font-size: medium;\"> En caso de delitos en contra de mujeres vinculados a distintas formas de violencia se aplicar\u00e1 el procedimiento previsto en T\u00edtulo VI \u201cProcedimiento Especial para casos de Violencia contra Ni\u00f1as, Ni\u00f1os, Adolescentes o Mujeres\u201c (Art. 393 septier al 393 duoter del C\u00f3digo de Procedimiento Penal) y procedimiento de establecido por la Ley No 348 en sus Arts. 86 al 100.<\/span><\/li><li><span style=\"color: #676767; font-family: Ubuntu; font-size: medium;\">Las notificaciones ser\u00e1n realizadas a trav\u00e9s de la Oficina Gestora de Procesos mediante el Buz\u00f3n de Notificaciones de Ciudadan\u00eda Digital, excepto las notificaciones que deben ser realizadas de manera personal. En caso no existir la tecnolog\u00eda las notificaciones ser\u00e1n realizadas en el domicilio procesal se\u00f1alado por las partes.<\/span><\/li><li><span style=\"color: #676767; font-family: Ubuntu; font-size: medium;\">En caso de flagrancia observar lo dispuesto por los Arts. 393, 393 Bis, 393 Ter, 393 quater, 393 quinquer, 393 sexter C\u00f3digo de Procedimiento Penal.<\/span><\/li><li><span style=\"color: #676767; font-family: Ubuntu; font-size: medium;\">Junto con la denuncia y\/o querella, se tiene que adjuntar toda la prueba que se pueda obtener o indicar d\u00f3nde puede ser habida. Adem\u00e1s, el informe psicol\u00f3gico.<\/span><\/li><li><span style=\"color: #676767; font-family: Ubuntu; font-size: medium;\">A tiempo de plantear la denuncia se debe solicitar las medidas de protecci\u00f3n establecidas por el Art. 35 Ley No 348 y las medidas de protecci\u00f3n especiales establecidas por los Arts. 389 al 389 quinquies del C\u00f3digo de Procedimiento Penal, que correspondan al caso.<\/span><\/li><li><span style=\"color: #676767; font-family: Ubuntu; font-size: medium;\">Se debe tomar en cuenta que las medidas de protecci\u00f3n especiales podr\u00e1n ser dispuestas, ratificadas o modificadas por los tribunales y jueces competentes en cualquier etapa del proceso penal.<\/span><\/li><li><span style=\"color: #676767; font-family: Ubuntu; font-size: medium;\">Las medidas de protecci\u00f3n especiales podr\u00e1n ser dispuestas por la o el fiscal, funcionaria\/o policial o cualquier otra autoridad prevista para la atenci\u00f3n a mujeres en situaci\u00f3n de violencia, tomando en cuenta lo establecido por los Arts. 389 ter, 389 quarter, 389 quinquies.<\/span><\/li><li><span style=\"color: #676767; font-family: Ubuntu; font-size: medium;\">Expl\u00edcitamente se proh\u00edbe la revictimizaci\u00f3n en todas las etapas del proceso penal, Art. 393 octer.<\/span><\/li><li><span style=\"color: #676767; font-family: Ubuntu; font-size: medium;\">Las agresiones f\u00edsicas y sexuales en casos de ni\u00f1as, ni\u00f1os, adolescentes y mujeres, y recolecci\u00f3n de evidencias deber\u00e1n ser certificadas por cualquier profesional de la salud perteneciente a instituci\u00f3n p\u00fablica. En caso de violencia sexual el personal de servicios p\u00fablicos podr\u00e1 recolectar las evidencias y enviarlas al IDIF o IITCUP (Instituto de Investigaciones T\u00e9cnico Cient\u00edfico de la Universidad Policial). Art. 393 noveter del C\u00f3digo de Procedimiento Penal. <\/span><\/li><li><span style=\"color: #676767; font-family: Ubuntu; font-size: medium;\">La\/el psic\u00f3loga\/o del servicio deber\u00e1 sugerir a la abogada\/o, los puntos generales a solicitar en pericia. De acuerdo al caso los puntos podr\u00e1n ampliarse o restringirse: <\/span><\/li><\/ol><ul><li style=\"list-style-type: none;\"><ul><li><span style=\"color: #676767; font-family: Ubuntu; font-size: medium;\">V\u00edctima: <\/span><ul><li><span style=\"color: #676767; font-family: Ubuntu; font-size: medium;\">Determinar la credibilidad del testimonio sobre el hecho denunciado. <\/span><\/li><li><span style=\"color: #676767; font-family: Ubuntu; font-size: medium;\">Establecer la existencia de consecuencias psicol\u00f3gicas producto de la violencia. <\/span><\/li><li><span style=\"color: #676767; font-family: Ubuntu; font-size: medium;\">Establecer la relaci\u00f3n causal entre la violencia y el da\u00f1o psicol\u00f3gico. <\/span><\/li><li><span style=\"color: #676767; font-family: Ubuntu; font-size: medium;\">Establecer presencia de lesiones y secuelas psicol\u00f3gicas presentes y futuras. <\/span><\/li><li><span style=\"color: #676767; font-family: Ubuntu; font-size: medium;\">Caracterizar la vulnerabilidad y personalidad de la v\u00edctima. <\/span><\/li><li><span style=\"color: #676767; font-family: Ubuntu; font-size: medium;\">Determinar si a partir de la violencia se mantienen o cronifican rasgos de la personalidad de la v\u00edctima.<\/span><\/li><\/ul><\/li><li><span style=\"color: #676767; font-family: Ubuntu; font-size: medium;\">Agresor: <\/span><ul><li><span style=\"color: #676767; font-family: Ubuntu; font-size: medium;\">Determinar caracter\u00edsticas de personalidad y si habr\u00eda presencia de psicopatolog\u00eda. <\/span><\/li><li><span style=\"color: #676767; font-family: Ubuntu; font-size: medium;\">Determinar el nivel de riesgo de acuerdo al hecho denunciado. <\/span><\/li><\/ul><\/li><\/ul><\/li><\/ul><ol start=\"12\"><li><span style=\"color: #676767; font-family: Ubuntu; font-size: medium;\">En la obtenci\u00f3n de la prueba se debe tomar en cuenta los requisitos de forma y fondo establecidos por el C\u00f3digo de Procedimiento Penal para su ofrecimiento, introducci\u00f3n y producci\u00f3n en juicio oral, conforme establecen los Arts. 13, 171 del C\u00f3digo de Procedimiento Penal y el Art. 8-2) Pacto de San Jos\u00e9 de Costa Rica. <\/span><\/li><li><span style=\"color: #676767; font-family: Ubuntu; font-size: medium;\">Se debe observar toda la prueba presentada por la parte contraria y objetarla en la v\u00eda incidental, siempre y cuando no cumpla los requisitos legales. <\/span><\/li><li><span style=\"color: #676767; font-family: Ubuntu; font-size: medium;\">Dentro del procedimiento penal, la v\u00edctima puede ser testigo, para ello debe tener informaci\u00f3n de lo que esto representa y tener un apoyo psicol\u00f3gico que permita establecer y valorar la pertinencia o no de su participaci\u00f3n dentro del juicio oral. <\/span><\/li><\/ol><\/td><\/tr><\/tbody><\/table><\/div>\n\t\t\t\t<\/div>\n\t\t\t\t<\/div>\n\t\t\t\t\t\t<\/div>\n\t\t\t\t\t<\/div>\n\t\t<\/div>\n\t\t\t\t\t\t\t\t<\/div>\n\t\t\t\t\t<\/div>\n\t\t<\/section>\n\t\t\t\t<section class=\"elementor-section elementor-top-section elementor-element elementor-element-7da3f43 elementor-section-boxed elementor-section-height-default elementor-section-height-default\" data-id=\"7da3f43\" data-element_type=\"section\">\n\t\t\t\t\t\t<div class=\"elementor-container elementor-column-gap-default\">\n\t\t\t\t\t\t\t<div class=\"elementor-row\">\n\t\t\t\t\t<div class=\"elementor-column elementor-col-100 elementor-top-column elementor-element elementor-element-1a0176c\" data-id=\"1a0176c\" data-element_type=\"column\">\n\t\t\t<div class=\"elementor-column-wrap elementor-element-populated\">\n\t\t\t\t\t\t\t<div class=\"elementor-widget-wrap\">\n\t\t\t\t\t\t<div class=\"elementor-element elementor-element-ebd8d71 elementor-widget elementor-widget-text-editor\" data-id=\"ebd8d71\" data-element_type=\"widget\" data-widget_type=\"text-editor.default\">\n\t\t\t\t<div class=\"elementor-widget-container\">\n\t\t\t\t\t<div class=\"elementor-text-editor elementor-clearfix\"><table cellspacing=\"0\" cellpadding=\"0\"><tbody><tr><td colspan=\"2\" valign=\"middle\"><h5 style=\"text-align: center;\"><span style=\"color: #43358b; font-family: Ubuntu; font-size: medium;\"><b>Violaci\u00f3n <\/b><\/span><\/h5><\/td><\/tr><tr><td valign=\"middle\"><p><span style=\"color: #676767; font-family: Ubuntu; font-size: medium;\">Tipo penal<\/span><\/p><\/td><td valign=\"middle\"><p><span style=\"color: #676767; font-family: Ubuntu; font-size: medium;\">\u201cSe sancionar\u00e1 con privaci\u00f3n de libertad de quince (15) a veinte (20) a\u00f1os a quien mediante intimidaci\u00f3n, violencia f\u00edsica o psicol\u00f3gica realice con persona de uno u otro sexo, actos sexuales no consentidos que importen acceso carnal, mediante la penetraci\u00f3n del miembro viril, o de cualquier otra parte del cuerpo, o de un objeto cualquiera, por v\u00eda vaginal, anal u oral, con fines libidinosos; y quien, bajo las mismas circunstancias, aunque no mediara violencia f\u00edsica o intimidaci\u00f3n, aprovechando de la enfermedad mental grave o insuficiencia de la inteligencia de la v\u00edctima o que estuviera incapacitada por cualquier otra causa para resistir. <b>Art. 308 C\u00f3digo Penal.<\/b><\/span><\/p><\/td><\/tr><\/tbody><\/table><\/div>\n\t\t\t\t<\/div>\n\t\t\t\t<\/div>\n\t\t\t\t\t\t<\/div>\n\t\t\t\t\t<\/div>\n\t\t<\/div>\n\t\t\t\t\t\t\t\t<\/div>\n\t\t\t\t\t<\/div>\n\t\t<\/section>\n\t\t\t\t<section class=\"elementor-section elementor-top-section elementor-element elementor-element-c53367e elementor-section-boxed elementor-section-height-default elementor-section-height-default\" data-id=\"c53367e\" data-element_type=\"section\">\n\t\t\t\t\t\t<div class=\"elementor-container elementor-column-gap-default\">\n\t\t\t\t\t\t\t<div class=\"elementor-row\">\n\t\t\t\t\t<div class=\"elementor-column elementor-col-100 elementor-top-column elementor-element elementor-element-0480c1b\" data-id=\"0480c1b\" data-element_type=\"column\">\n\t\t\t<div class=\"elementor-column-wrap elementor-element-populated\">\n\t\t\t\t\t\t\t<div class=\"elementor-widget-wrap\">\n\t\t\t\t\t\t<div class=\"elementor-element elementor-element-6f45975 elementor-widget elementor-widget-text-editor\" data-id=\"6f45975\" data-element_type=\"widget\" data-widget_type=\"text-editor.default\">\n\t\t\t\t<div class=\"elementor-widget-container\">\n\t\t\t\t\t<div class=\"elementor-text-editor elementor-clearfix\"><table cellspacing=\"0\" cellpadding=\"0\"><tbody><tr><td colspan=\"2\" valign=\"middle\"><h5 style=\"text-align: center;\"><span style=\"color: #676767; font-family: Ubuntu; font-size: medium;\"><b><span style=\"color: #43358b;\">Violaci\u00f3n de infante, ni\u00f1a, ni\u00f1o o adolescente<\/span> <\/b><\/span><\/h5><\/td><\/tr><tr><td valign=\"middle\"><p><span style=\"color: #676767; font-family: Ubuntu; font-size: medium;\">Tipo penal<\/span><\/p><\/td><td valign=\"middle\"><p><span style=\"color: #676767; font-family: Ubuntu; font-size: medium;\"><i>\u201c<\/i>Si el delito de violaci\u00f3n fuera cometido contra persona de uno u otro sexo menor de catorce (14) a\u00f1os, ser\u00e1 sancionado con privaci\u00f3n de libertad de veinte (20) a veinticinco (25) a\u00f1os, as\u00ed no haya uso de la fuerza o intimidaci\u00f3n y se alegue consentimiento.<br \/>En caso que se evidenciare alguna de las agravantes dispuestas en el art\u00edculo 310 del C\u00f3digo Penal, y la pena alcanzara treinta (30) a\u00f1os, la pena ser\u00e1 sin derecho a indulto. <\/span><\/p><p><span style=\"color: #676767; font-family: Ubuntu; font-size: medium;\">Quedan exentas de esta sanci\u00f3n las relaciones consensuadas entre adolescentes mayores de doce (12) a\u00f1os, siempre que no exista diferencia de edad mayor de tres (3) a\u00f1os entre ambos y no se haya cometido violencia o intimidaci\u00f3n. Art. 308 Bis. C\u00f3digo Penal.<br \/>Art\u00edculo 310. (agravantes). La pena ser\u00e1 agravada en los casos de los delitos anteriores, con cinco (5) a\u00f1os, cuando: <\/span><\/p><p style=\"padding-left: 40px;\"><span style=\"color: #676767; font-family: Ubuntu; font-size: medium;\"><i>a) \u00a0Producto de la violaci\u00f3n se produjera alguna de las circunstancias previstas en los Art\u00edculos 270 y 271 de este C\u00f3digo; <\/i><\/span><\/p><p style=\"padding-left: 40px;\"><span style=\"color: #676767; font-family: Ubuntu; font-size: medium;\"><i>b) \u00a0El hecho se produce frente a ni\u00f1as, ni\u00f1os o adolescentes; <\/i><\/span><\/p><p style=\"padding-left: 40px;\"><span style=\"color: #676767; font-family: Ubuntu; font-size: medium;\"><i>c) \u00a0En la ejecuci\u00f3n del hecho hubieran concurrido dos (2) o m\u00e1s personas; <\/i><\/span><\/p><p style=\"padding-left: 40px;\"><span style=\"color: #676767; font-family: Ubuntu; font-size: medium;\"><i>d) \u00a0El hecho se produce estando la v\u00edctima en estado de inconsciencia; <\/i><\/span><\/p><p style=\"padding-left: 40px;\"><span style=\"color: #676767; font-family: Ubuntu; font-size: medium;\"><i>e) \u00a0En la comisi\u00f3n del hecho se utilizaren armas u otros medios peligrosos susceptibles de producir la muerte de la v\u00edctima; <\/i><\/span><\/p><p style=\"padding-left: 40px;\"><span style=\"color: #676767; font-family: Ubuntu; font-size: medium;\"><i>f) \u00a0El autor fuese c\u00f3nyuge, conviviente o con quien la v\u00edctima mantiene o hubiera mantenido una relaci\u00f3n an\u00e1loga de intimidad; <\/i><\/span><\/p><p style=\"padding-left: 40px;\"><span style=\"color: #676767; font-family: Ubuntu; font-size: medium;\"><i>g) \u00a0El autor estuviere encargado de la educaci\u00f3n o custodia de la v\u00edctima, o si \u00e9sta se encontrara en situaci\u00f3n de dependencia respecto a \u00e9ste o bajo su autoridad; <\/i><\/span><\/p><p style=\"padding-left: 40px;\"><span style=\"color: #676767; font-family: Ubuntu; font-size: medium;\"><i>h) \u00a0El autor hubiera sometido a la v\u00edctima a condiciones vejatorias o degradantes; <\/i><\/span><\/p><p style=\"padding-left: 40px;\"><span style=\"color: #676767; font-family: Ubuntu; font-size: medium;\"><i>i) \u00a0La v\u00edctima tuviere alg\u00fan grado de discapacidad; <\/i><\/span><\/p><p style=\"padding-left: 40px;\"><span style=\"color: #676767; font-family: Ubuntu; font-size: medium;\"><i>j) \u00a0La v\u00edctima sea mayor de sesenta (60) a\u00f1os; <\/i><\/span><\/p><p style=\"padding-left: 40px;\"><span style=\"color: #676767; font-family: Ubuntu; font-size: medium;\"><i>k) \u00a0La v\u00edctima se encuentre embarazada o si como consecuencia del hecho quede embarazada; <\/i><\/span><\/p><p style=\"padding-left: 40px;\"><span style=\"color: #676767; font-family: Ubuntu; font-size: medium;\"><i>l) \u00a0Trat\u00e1ndose del delito de violaci\u00f3n, la v\u00edctima sea mayor de catorce (14) y menor de dieciocho (18) a\u00f1os; <\/i><\/span><\/p><p style=\"padding-left: 40px;\"><span style=\"color: #676767; font-family: Ubuntu; font-size: medium;\"><i>m) \u00a0El autor hubiera cometido el hecho en m\u00e1s de una oportunidad en contra de la v\u00edctima; <\/i><\/span><\/p><p style=\"padding-left: 40px;\"><span style=\"color: #676767; font-family: Ubuntu; font-size: medium;\"><i>n) \u00a0A consecuencia del hecho se produjera una infecci\u00f3n de transmisi\u00f3n sexual o VIH; o, <\/i><\/span><\/p><p style=\"padding-left: 40px;\"><span style=\"color: #676767; font-family: Ubuntu; font-size: medium;\"><i>o) \u00a0El autor fuera ascendiente, descendiente o pariente dentro del cuarto grado de consanguinidad o segundo de afinidad; <\/i><\/span><\/p><p><span style=\"color: #676767; font-family: Ubuntu; font-size: medium;\"><i>Si como consecuencia del hecho se produjere la muerte de la v\u00edctima, se aplicar\u00e1 la pena correspondiente al feminicidio, asesinato o infanticidio.\u201d<\/i><\/span><\/p><\/td><\/tr><tr><td valign=\"middle\"><p><span style=\"color: #676767; font-family: Ubuntu; font-size: medium;\">Tipo de acci\u00f3n<\/span><\/p><\/td><td valign=\"middle\"><p><span style=\"color: #676767; font-family: Ubuntu; font-size: medium;\">Es de acci\u00f3n p\u00fablica.<\/span><\/p><\/td><\/tr><tr><td valign=\"middle\"><p><span style=\"color: #676767; font-family: Ubuntu; font-size: medium;\">Sujetos facultados para ejercer la acci\u00f3n<\/span><\/p><\/td><td valign=\"middle\"><p><span style=\"color: #676767; font-family: Ubuntu; font-size: medium;\">La v\u00edctima, el Ministerio P\u00fablico y la Defensor\u00eda de la Ni\u00f1ez.<\/span><\/p><\/td><\/tr><tr><td valign=\"middle\"><p><span style=\"color: #676767; font-family: Ubuntu; font-size: medium;\">Competencia<\/span><\/p><\/td><td valign=\"middle\"><p><span style=\"color: #676767; font-family: Ubuntu; font-size: medium;\">Es competente el Juzgado de Instrucci\u00f3n en Materia de Violencia contra las Mujeres y el Tribunal de Sentencia en Materia de Violencia contra las Mujeres Art. 72, 72 ter. de la Ley No 025 Ley del \u00d3rgano Judicial, en relaci\u00f3n al Art. 52 del C\u00f3digo de Procedimiento Penal.<\/span><\/p><\/td><\/tr><tr><td valign=\"middle\"><p><span style=\"color: #676767; font-family: Ubuntu; font-size: medium;\">Prescripci\u00f3n de la acci\u00f3n<\/span><\/p><\/td><td valign=\"middle\"><p><span style=\"color: #676767; font-family: Ubuntu; font-size: medium;\">Prescribe a los ocho a\u00f1os t\u00e9rmino que corre a partir de la media noche de la comisi\u00f3n del hecho o desde el momento en que se cometi\u00f3 el delito, o ces\u00f3 su consumaci\u00f3n. Arts. 29-1), 30 C\u00f3digo de Procedimiento Penal. (Art. 308 CP)<br \/>En casos de ni\u00f1as, ni\u00f1os y adolescentes el t\u00e9rmino de la prescripci\u00f3n comenzar\u00e1 a correr cuatro a\u00f1os (4) despu\u00e9s de que la v\u00edctima haya alcanzado la mayor\u00eda de edad. Art. 30 del C\u00f3digo de Procedimiento Penal.<\/span><\/p><\/td><\/tr><tr><td valign=\"middle\"><p><span style=\"color: #676767; font-family: Ubuntu; font-size: medium;\">Duraci\u00f3n del proceso<\/span><\/p><\/td><td valign=\"middle\"><p><span style=\"color: #676767; font-family: Ubuntu; font-size: medium;\">M\u00e1xima de tres a\u00f1os.<\/span><\/p><\/td><\/tr><tr><td valign=\"middle\"><p><span style=\"color: #676767; font-family: Ubuntu; font-size: medium;\">Recursos<\/span><\/p><\/td><td valign=\"middle\"><p><span style=\"color: #676767; font-family: Ubuntu; font-size: medium;\"><b>Recurso de Apelaci\u00f3n Restringida: <\/b><\/span><\/p><p><span style=\"color: #676767; font-family: Ubuntu; font-size: medium;\">La sentencia emitida puede ser apelada siempre que se haya realizado la reserva de la misma en la substanciaci\u00f3n del juicio, en el t\u00e9rmino de 15 d\u00edas. Arts. 407-415 en relaci\u00f3n al Art. 130 del C\u00f3digo de Procedimiento Penal. <\/span><\/p><p><span style=\"color: #676767; font-family: Ubuntu; font-size: medium;\"><b>Recurso de Casaci\u00f3n:<\/b><\/span><\/p><p><span style=\"color: #676767; font-family: Ubuntu; font-size: medium;\">El Auto de Vista puede ser recurrido cuando existen Autos de Vista contradictorios sobre una situaci\u00f3n similar: en relaci\u00f3n al sentido jur\u00eddico, la aplicaci\u00f3n de las normas y su alcance, se debe invocar el precedente contradictorio en el t\u00e9rmino de 5 d\u00edas de notificado con el Auto de Vista. Arts. 416-420 en relaci\u00f3n al Art. 130 del C\u00f3digo de Procedimiento Penal.<\/span><\/p><\/td><\/tr><tr><td valign=\"middle\"><p><span style=\"color: #676767; font-family: Ubuntu; font-size: medium;\">Base legal<\/span><\/p><\/td><td valign=\"middle\"><ul><li><span style=\"color: #676767; font-family: Ubuntu; font-size: medium;\">Arts. 15-I) II), 61-I), Constituci\u00f3n Pol\u00edtica del Estado. <\/span><\/li><li><span style=\"color: #676767; font-family: Ubuntu; font-size: medium;\">Arts. 308, 308 bis y 310 C\u00f3digo Penal. <\/span><\/li><li><span style=\"color: #676767; font-family: Ubuntu; font-size: medium;\">Arts. 16, 17, 19, 29-3), 30, 36, 277-371, 373-374, 382-388, 393, 393 bis, 393 ter, 393 quater, 393 quinquer, 393 sexter del C\u00f3digo de Procedimiento Penal. <\/span><\/li><li><span style=\"color: #676767; font-family: Ubuntu; font-size: medium;\">Arts. 7-7), 68, 83, 86-100, de la Ley No 348 para Garantizar a las Mujeres una Vida Libre de Violencia. <\/span><\/li><li><span style=\"color: #676767; font-family: Ubuntu; font-size: medium;\">Arts. 15, 16 Ley de Protecci\u00f3n a las V\u00edctimas de Delitos contra la Libertad Sexual, Ley No 2033. <\/span><\/li><li><span style=\"color: #676767; font-family: Ubuntu; font-size: medium;\">Ley No 1173, Ley de Abreviaci\u00f3n Procesal Penal y Fortalecimiento de la Lucha Integral contra la Violencia a Ni\u00f1as, Ni\u00f1os, Adolescentes y Mujeres. <\/span><\/li><li><span style=\"color: #676767; font-family: Ubuntu; font-size: medium;\">Arts. 16-I), 145-I) III), 147-I), 148-I), II-d), 149 del C\u00f3digo Ni\u00f1a, Ni\u00f1o y Adolescente. Ley N\u00b0 548. <\/span><\/li><li><span style=\"color: #676767; font-family: Ubuntu; font-size: medium;\">Arts. 1, 2, 3, 5, 7, 8, 11, Declaraci\u00f3n Universal de los Derechos Humanos. <\/span><\/li><li><span style=\"color: #676767; font-family: Ubuntu; font-size: medium;\">Art. 5, 11 Convenci\u00f3n sobre Derechos Humanos. Pacto de San Jos\u00e9 de Costa Rica. Ley No 1430. <\/span><\/li><li><span style=\"color: #676767; font-family: Ubuntu; font-size: medium;\">Arts. 1, 2, 3, 4 Convenci\u00f3n Interamericana para Prevenir, Sancionar y Erradicar la Violencia contra la Mujer \u201cConvenci\u00f3n de Bel\u00e9m do Par\u00e1\u201d. Ley No 1599. <\/span><\/li><li><span style=\"color: #676767; font-family: Ubuntu; font-size: medium;\">Art. 6, 34 Convenci\u00f3n de los Derechos del Ni\u00f1o. Ley N\u00b0 1152. <\/span><\/li><li><span style=\"color: #676767; font-family: Ubuntu; font-size: medium;\">Sentencia Constitucional P2004\/2014 Respecto al Art. 266 del C\u00f3digo Penal, relacionado con el aborto impune.<\/span><\/li><\/ul><\/td><\/tr><tr><td valign=\"middle\"><p><span style=\"color: #676767; font-family: Ubuntu; font-size: medium;\">Recomendaciones a tomar en cuenta por la\/el abogada(o)<\/span><\/p><\/td><td valign=\"middle\"><ol><li><span style=\"color: #676767; font-family: Ubuntu; font-size: medium;\">Todo acto de violencia en contra de las v\u00edctimas, puede ser denunciado en la Fuerza Especial de Lucha Contra la Violencia y\/o en el Ministerio P\u00fablico que son entidades p\u00fablicas que funcionan las 24 hrs. del d\u00eda y los 365 d\u00edas del a\u00f1o. <\/span><\/li><li><span style=\"color: #676767; font-family: Ubuntu; font-size: medium;\">En caso de delitos en contra de mujeres vinculados a distintas formas de violencia se aplicar\u00e1 el procedimiento previsto en T\u00edtulo VI \u201cProcedimiento Especial para casos de Violencia contra Ni\u00f1as, Ni\u00f1os, Adolescentes o Mu<\/span><span style=\"color: #676767; font-family: Ubuntu; font-size: medium;\">jeres\u201c (Art. 393 septier al 393 duoter del C\u00f3digo de Procedimiento Penal) y procedimiento de establecido por la Ley No 348 en sus Arts. 86 al 100.<\/span><\/li><li><span style=\"color: #676767; font-family: Ubuntu; font-size: medium;\">Las notificaciones ser\u00e1n realizadas a trav\u00e9s de la Oficina Gestora de Procesos mediante el Buz\u00f3n de Notificaciones de Ciudadan\u00eda Digital, excepto las notificaciones que deben ser realizadas de manera personal. En caso no existir la tecnolog\u00eda las notificaciones ser\u00e1n realizadas en el domicilio procesal se\u00f1alado por las partes. <\/span><\/li><li><span style=\"color: #676767; font-family: Ubuntu; font-size: medium;\">En caso de flagrancia observar lo dispuesto por los Arts. 393, 393 Bis, 393 Ter, 393 quater, 393 quinquer, 393 sexter C\u00f3digo de Procedimiento Penal. <\/span><\/li><li><span style=\"color: #676767; font-family: Ubuntu; font-size: medium;\">Junto con la denuncia y\/o querella, se tiene que adjuntar toda la prueba que se pueda obtener o indicar d\u00f3nde puede ser habida. Adem\u00e1s, el informe psicol\u00f3gico. <\/span><\/li><li><span style=\"color: #676767; font-family: Ubuntu; font-size: medium;\">A tiempo de plantear la denuncia se debe solicitar las medidas de protecci\u00f3n establecidas por el Art. 35 Ley No 348 y las medidas de protecci\u00f3n especiales establecidas por los Arts. 389 al 389 quinquies del C\u00f3digo de Procedimiento Penal, que correspondan al caso.<\/span><\/li><li><span style=\"color: #676767; font-family: Ubuntu; font-size: medium;\">Se debe tomar en cuenta que las medidas de protecci\u00f3n especiales podr\u00e1n ser dispuestas, ratificadas o modificadas por los tribunales y jueces competentes en cualquier etapa del proceso penal. <\/span><\/li><li><span style=\"color: #676767; font-family: Ubuntu; font-size: medium;\">Las medidas de protecci\u00f3n especiales podr\u00e1n ser dispuestas por la o el fiscal, funcionaria\/o policial o cualquier otra autoridad prevista para la atenci\u00f3n a mujeres en situaci\u00f3n de violencia, tomando en cuenta lo establecido por los Arts. 389 ter, 389 quarter, 389 quinquies. <\/span><\/li><li><span style=\"color: #676767; font-family: Ubuntu; font-size: medium;\">Expl\u00edcitamente se proh\u00edbe la revictimizaci\u00f3n en todas las etapas del proceso penal, Art. 393 octer. <\/span><\/li><li><span style=\"color: #676767; font-family: Ubuntu; font-size: medium;\">La v\u00edctima de agresi\u00f3n sexual debe acudir de forma inmediata al Ministerio P\u00fablico y\/ o Fuerza Especial de Lucha Contra la Violencia sin realizar ning\u00fan tipo de limpieza en su cuerpo. La v\u00edctima no debe cambiarse las prendas de vestir que utilizaba a momento de cometerse el delito.<\/span><\/li><li><span style=\"color: #676767; font-family: Ubuntu; font-size: medium;\">Las agresiones f\u00edsicas y sexuales en casos de ni\u00f1as, ni\u00f1os, adolescentes y mujeres, y recolecci\u00f3n de evidencias deber\u00e1n ser certificadas por cualquier profesional de la salud perteneciente a instituci\u00f3n p\u00fablica. En caso de violencia sexual el personal de servicios p\u00fablicos podr\u00e1 recolectar las evidencias y enviarlas al IDIF o IITCUP (Instituto de Investigaciones T\u00e9cnico Cient\u00edfico de la Universidad Policial) Art. 393 noveter del C\u00f3digo de Procedimiento Penal. <\/span><\/li><li><span style=\"color: #676767; font-family: Ubuntu; font-size: medium;\">En este tipo de delito se debe tomar en cuenta que ninguna instituci\u00f3n receptora de denuncias ni su personal, podr\u00e1 promover la conciliaci\u00f3n ni suscripci\u00f3n de ning\u00fan tipo de acuerdo entre la v\u00edctima y su agresor, bajo responsabilidad. <\/span><\/li><li><span style=\"color: #676767; font-family: Ubuntu; font-size: medium;\">Si la violaci\u00f3n se habr\u00eda producido un d\u00eda anterior a la denuncia, se informar\u00e1 el uso de la \u201cpastilla del d\u00eda despu\u00e9s\u201d. En caso de embarazo, se informar\u00e1 que luego de la denuncia se solicite ante un centro de salud p\u00fablico especializado en ginecolog\u00eda, para solicitar la interrupci\u00f3n del embarazo, seg\u00fan lo dispuesto por la Sentencia 206\/2014 y su reglamento t\u00e9cnico adjuntando \u00fanicamente la denuncia por violaci\u00f3n ante el Ministerio P\u00fablico. <\/span><\/li><li><span style=\"color: #676767; font-family: Ubuntu; font-size: medium;\">Se debe solicitar al Ministerio P\u00fablico que a trav\u00e9s de un requerimiento el IDIF (Instituto de Investigaciones Forenses) recolecte muestras del producto expulsado para realizar la pericia gen\u00e9tica. <\/span><\/li><li><span style=\"color: #676767; font-family: Ubuntu; font-size: medium;\">La\/el psic\u00f3loga\/o del servicio deber\u00e1 sugerir a la abogada\/o, los puntos generales a solicitar en pericia. De acuerdo al caso los puntos podr\u00e1n ampliarse o restringirse:<\/span><\/li><\/ol><ul><li style=\"list-style-type: none;\"><ul><li style=\"list-style-type: none;\"><ul><li><span style=\"color: #676767; font-family: Ubuntu; font-size: medium;\">V\u00edctima: <\/span><ul><li><span style=\"color: #676767; font-family: Ubuntu; font-size: medium;\">Determinar la credibilidad del testimonio sobre el hecho denunciado. <\/span><\/li><li><span style=\"color: #676767; font-family: Ubuntu; font-size: medium;\">Establecer la existencia de consecuencias psicol\u00f3gicas producto de la violencia.<\/span><\/li><li><span style=\"color: #676767; font-family: Ubuntu; font-size: medium;\">Establecer la relaci\u00f3n causal entre la violencia y el da\u00f1o psicol\u00f3gico. <\/span><\/li><li><span style=\"color: #676767; font-family: Ubuntu; font-size: medium;\">Determinar y caracterizar las lesiones y secuelas psicol\u00f3gicas a nivel biopsicosocial a corto y largo plazo. <\/span><\/li><li><span style=\"color: #676767; font-family: Ubuntu; font-size: medium;\">Determinar los mecanismos psicol\u00f3gicos a trav\u00e9s de los cuales se ha mantenido la violencia sexual (en caso de violaciones reiteradas). <\/span><\/li><\/ul><\/li><li><span style=\"color: #676767; font-family: Ubuntu; font-size: medium;\">Agresor: <\/span><ul><li><span style=\"color: #676767; font-family: Ubuntu; font-size: medium;\">Determinar caracter\u00edsticas de personalidad y si habr\u00eda presencia de psicopatolog\u00eda. <\/span><\/li><li><span style=\"color: #676767; font-family: Ubuntu; font-size: medium;\">Determinar el nivel de riesgo de acuerdo al hecho denunciado. <\/span><\/li><li><span style=\"color: #676767; font-family: Ubuntu; font-size: medium;\">Determinar el tipo de estrategia que utiliza el agresor frente a la v\u00edctima para concretar los hechos de violencia sexual.<\/span><\/li><li><span style=\"color: #676767; font-family: Ubuntu; font-size: medium;\">Determinar los componentes de pensamiento respecto a la figura de la mujer. <\/span><\/li><\/ul><\/li><\/ul><\/li><\/ul><\/li><\/ul><ol start=\"16\"><li><span style=\"color: #676767; font-family: Ubuntu; font-size: medium;\">En la obtenci\u00f3n de la prueba se debe tomar en cuenta los requisitos de forma y fondo establecidos por el C\u00f3digo de Procedimiento Penal para su ofrecimiento, introducci\u00f3n y producci\u00f3n en juicio oral, conforme establecen los Arts. 13, 171 del C\u00f3digo de Procedimiento Penal y el Art. 8-2) Pacto de San Jos\u00e9 de Costa Rica. <\/span><\/li><li><span style=\"color: #676767; font-family: Ubuntu; font-size: medium;\">Se debe observar toda la prueba presentada por la parte contraria y objetarla en la v\u00eda incidental, siempre y cuando no cumpla los requisitos legales. <\/span><\/li><li><span style=\"color: #676767; font-family: Ubuntu; font-size: medium;\">Se debe tener presente que la violaci\u00f3n es un ejercicio de poder y no un impulso sexual provocado por la v\u00edctima. <\/span><\/li><li><span style=\"color: #676767; font-family: Ubuntu; font-size: medium;\">Despu\u00e9s de formalizar su denuncia la v\u00edctima debe recibir apoyo psicol\u00f3gico, as\u00ed como su entorno familiar. <\/span><\/li><li><span style=\"color: #676767; font-family: Ubuntu; font-size: medium;\">Debe tomarse en cuenta que la mayor\u00eda de las violaciones son perpetradas por personas conocidas de la v\u00edctima y con las cuales ella no tiene posibilidad de resistir o tener un mecanismo de protecci\u00f3n.<\/span><\/li><li><span style=\"color: #676767; font-family: Ubuntu; font-size: medium;\">Dentro del procedimiento penal, la v\u00edctima puede ser testigo, para ello debe tener informaci\u00f3n de lo que esto representa y tener apoyo psicol\u00f3gico que permita establecer y valorar la pertinencia o no de su participaci\u00f3n dentro del juicio oral.<\/span><\/li><li><span style=\"color: #676767; font-family: Ubuntu; font-size: medium;\">La declaraci\u00f3n de la v\u00edctima deber\u00e1 ser efectuada v\u00eda anticipo de prueba de conformidad al Art. 203 y 307 del C\u00f3digo de Procedimiento Penal. <\/span><\/li><li><span style=\"color: #676767; font-family: Ubuntu; font-size: medium;\">En caso de violencia f\u00edsica o sexual contra mujeres cuya pena privativa de libertad sea igual o mayor a cuatro (4) a\u00f1os, la v\u00edctima podr\u00e1 solicitar el divorcio o desvinculaci\u00f3n conyugal por ruptura del proyecto de vida en com\u00fan, as\u00ed mismo podr\u00e1 solicitar la asistencia familiar y la guarda de los hijos, en estos dos \u00faltimos casos su modificaci\u00f3n ser\u00e1 tramitada en la jurisdicci\u00f3n competente. Art. 393 deciter. <\/span><\/li><li><span style=\"color: #676767; font-family: Ubuntu; font-size: medium;\">De acuerdo a las circunstancias ver la pertinencia de aceptar un procedimiento abreviado. Art. 373 del C\u00f3digo de Procedimiento Penal. <\/span><\/li><\/ol><\/td><\/tr><\/tbody><\/table><\/div>\n\t\t\t\t<\/div>\n\t\t\t\t<\/div>\n\t\t\t\t\t\t<\/div>\n\t\t\t\t\t<\/div>\n\t\t<\/div>\n\t\t\t\t\t\t\t\t<\/div>\n\t\t\t\t\t<\/div>\n\t\t<\/section>\n\t\t\t\t<section class=\"elementor-section elementor-top-section elementor-element elementor-element-c13d363 elementor-section-boxed elementor-section-height-default elementor-section-height-default\" data-id=\"c13d363\" data-element_type=\"section\">\n\t\t\t\t\t\t<div class=\"elementor-container elementor-column-gap-default\">\n\t\t\t\t\t\t\t<div class=\"elementor-row\">\n\t\t\t\t\t<div class=\"elementor-column elementor-col-100 elementor-top-column elementor-element elementor-element-137546c\" data-id=\"137546c\" data-element_type=\"column\">\n\t\t\t<div class=\"elementor-column-wrap elementor-element-populated\">\n\t\t\t\t\t\t\t<div class=\"elementor-widget-wrap\">\n\t\t\t\t\t\t<div class=\"elementor-element elementor-element-1816819 elementor-widget elementor-widget-text-editor\" data-id=\"1816819\" data-element_type=\"widget\" data-widget_type=\"text-editor.default\">\n\t\t\t\t<div class=\"elementor-widget-container\">\n\t\t\t\t\t<div class=\"elementor-text-editor elementor-clearfix\"><table cellspacing=\"0\" cellpadding=\"0\"><tbody><tr><td colspan=\"2\" valign=\"middle\"><h5 style=\"text-align: center;\"><span style=\"color: #43358b; font-family: Ubuntu; font-size: medium;\"><b>Violencia econ\u00f3mica <\/b><\/span><\/h5><\/td><\/tr><tr><td valign=\"middle\"><p><span style=\"color: #676767; font-family: Ubuntu; font-size: medium;\">Tipo penal<\/span><\/p><\/td><td valign=\"middle\"><p><span style=\"color: #676767; font-family: Ubuntu; font-size: medium;\">\u201cSer\u00e1 sancionada con pena privativa de libertad de dos (2) a cuatro (4) a\u00f1os, la persona que incurra en alguna de las siguientes conductas:<\/span><\/p><p style=\"padding-left: 40px;\"><span style=\"color: #676767; font-family: Ubuntu; font-size: medium;\">a) Menoscabe, limite o restrinja la libre disposici\u00f3n del ingreso econ\u00f3mico de la mujer.<br \/>b) Destruya u oculte documentos justificativos de dominio, de identificaci\u00f3n personal, t\u00edtulos profesionales o bienes, objetos personales, instrumentos de trabajo de la mujer que le sean indispensables para ejecutar sus actividades habituales.<br \/>c) Restrinja o suprima el cumplimiento de sus obligaciones econ\u00f3micas familiares que pongan en riesgo el bienestar de su c\u00f3nyuge, hijas e hijos, como medio para someter la voluntad de la mujer.<br \/>d) Controle los ingresos o flujo de recursos monetarios que ingresan al hogar mediante violencia psicol\u00f3gica, sexual o f\u00edsica.<br \/>e) Impida que la mujer realice una actividad laboral o productiva que le genere ingresos. <b>Art. 250 Bis C\u00f3digo Penal.<\/b><\/span><\/p><\/td><\/tr><tr><td valign=\"middle\"><p><span style=\"color: #676767; font-family: Ubuntu; font-size: medium;\">Tipo de acci\u00f3n<\/span><\/p><\/td><td valign=\"middle\"><p><span style=\"color: #676767; font-family: Ubuntu; font-size: medium;\">Es de acci\u00f3n p\u00fablica.<\/span><\/p><\/td><\/tr><tr><td valign=\"middle\"><p><span style=\"color: #676767; font-family: Ubuntu; font-size: medium;\">Sujetos facultados para ejercer la acci\u00f3n<\/span><\/p><\/td><td valign=\"middle\"><p><span style=\"color: #676767; font-family: Ubuntu; font-size: medium;\">La v\u00edctima y el Ministerio P\u00fablico.<\/span><\/p><\/td><\/tr><tr><td valign=\"middle\"><p><span style=\"color: #676767; font-family: Ubuntu; font-size: medium;\">Competencia<\/span><\/p><\/td><td valign=\"middle\"><p><span style=\"color: #676767; font-family: Ubuntu; font-size: medium;\">Es competente el Juzgado de Instrucci\u00f3n en Materia de Violencia contra las Mujeres y el Juzgado de Sentencia en Materia de Violencia contra las Mujeres Art. 72, 72 bis de la Ley No 025 Ley del \u00d3rgano Judicial, en relaci\u00f3n al Art. 53 del C\u00f3digo de Procedimiento Penal.<\/span><\/p><\/td><\/tr><tr><td valign=\"top\"><p><span style=\"color: #676767; font-family: Ubuntu; font-size: medium;\">Prescripci\u00f3n de la acci\u00f3n<\/span><\/p><\/td><td valign=\"top\"><p><span style=\"color: #676767; font-family: Ubuntu; font-size: medium;\">A los cinco a\u00f1os t\u00e9rmino que corre a partir de la media noche de la comisi\u00f3n del hecho o desde el momento en que se cometi\u00f3 el delito, o ces\u00f3 su consumaci\u00f3n. Arts. 29-2), 30 C\u00f3digo de Procedimiento Penal. <\/span><\/p><\/td><\/tr><tr><td valign=\"middle\"><p><span style=\"color: #676767; font-family: Ubuntu; font-size: medium;\">Duraci\u00f3n del proceso<\/span><\/p><\/td><td valign=\"middle\"><p><span style=\"color: #676767; font-family: Ubuntu; font-size: medium;\">M\u00e1xima de tres a\u00f1os.<\/span><\/p><\/td><\/tr><tr><td valign=\"middle\"><p><span style=\"color: #676767; font-family: Ubuntu; font-size: medium;\">Recursos<\/span><\/p><\/td><td valign=\"middle\"><p><span style=\"color: #676767; font-family: Ubuntu; font-size: medium;\"><b>Recurso de Apelaci\u00f3n Restringida: <\/b><\/span><\/p><p><span style=\"color: #676767; font-family: Ubuntu; font-size: medium;\">La sentencia emitida puede ser apelada siempre que se haya realizado la reserva de la misma en la substanciaci\u00f3n del juicio, en el t\u00e9rmino de 15 d\u00edas. Arts. 407-415 en relaci\u00f3n al Art. 130 del C\u00f3digo de Procedimiento Penal. <\/span><\/p><p><span style=\"color: #676767; font-family: Ubuntu; font-size: medium;\"><b>Recurso de Casaci\u00f3n:<\/b><\/span><\/p><p><span style=\"color: #676767; font-family: Ubuntu; font-size: medium;\">El Auto de Vista puede ser recurrido cuando existen Autos de Vista contradictorios sobre una situaci\u00f3n similar: en relaci\u00f3n al sentido jur\u00eddico, la aplicaci\u00f3n de las normas y su alcance, se debe invocar el precedente contradictorio en el t\u00e9rmino de 5 d\u00edas de notificado con el Auto de Vista. Arts. 416-420 en relaci\u00f3n al Art. 130 del C\u00f3digo de Procedimiento Penal.<\/span><\/p><\/td><\/tr><tr><td valign=\"middle\"><p><span style=\"color: #676767; font-family: Ubuntu; font-size: medium;\">Base legal<\/span><\/p><\/td><td valign=\"middle\"><ul><li><span style=\"color: #676767; font-family: Ubuntu; font-size: medium;\">Art. 15-II) Constituci\u00f3n Pol\u00edtica del Estado. <\/span><\/li><li><span style=\"color: #676767; font-family: Ubuntu; font-size: medium;\">Art. 250 Bis C\u00f3digo Penal. <\/span><\/li><li><span style=\"color: #676767; font-family: Ubuntu; font-size: medium;\">Arts. 16, 17, 19, 29-3), 30, 36, 277-371; 373-374, 382-388, 393, 393 bis, 393 ter, 393 quater, 393 quinquer, 393 sexter del C\u00f3digo de Procedimiento Penal. <\/span><\/li><li><span style=\"color: #676767; font-family: Ubuntu; font-size: medium;\">Arts. 7-10), 68, 84, 86-100, de la Ley Integral para Garantizar a las Mujeres una Vida Libre de Violencia. <\/span><\/li><li><span style=\"color: #676767; font-family: Ubuntu; font-size: medium;\">Ley No 1173, Ley de Abreviaci\u00f3n Procesal Penal y Fortalecimiento de la Lucha Integral contra la Violencia a Ni\u00f1as, Ni\u00f1os, Adolescentes y Mujeres. <\/span><\/li><li><span style=\"color: #676767; font-family: Ubuntu; font-size: medium;\">Arts. 1, 2, 3, 5, 7, 8, 11, Declaraci\u00f3n Universal de los Derechos Humanos. <\/span><\/li><li><span style=\"color: #676767; font-family: Ubuntu; font-size: medium;\">Arts. 6, 7 Pacto Internacional de Derechos Civiles y Pol\u00edticos, D.S. 18950. <\/span><\/li><li><span style=\"color: #676767; font-family: Ubuntu; font-size: medium;\">Art. 5 Convenci\u00f3n sobre Derechos Humanos. Pacto de San Jos\u00e9 de Costa Rica. Ley No 1430. <\/span><\/li><li><span style=\"color: #676767; font-family: Ubuntu; font-size: medium;\">Arts. 1, 2, 3, 4 Convenci\u00f3n Interamericana para Prevenir, Sancionar y Erradicar la Violencia contra la Mujer <\/span><\/li><\/ul><p><span style=\"color: #676767; font-family: Ubuntu; font-size: medium;\">\u201cConvenci\u00f3n de Bel\u00e9m do Par\u00e1\u201d. Ley No 1599.<\/span><\/p><\/td><\/tr><tr><td valign=\"middle\"><p><span style=\"color: #676767; font-family: Ubuntu; font-size: medium;\">Recomendaciones a tomar en cuenta por la\/el abogada(o)<\/span><\/p><\/td><td valign=\"middle\"><ol><li><span style=\"color: #676767; font-family: Ubuntu; font-size: medium;\">Todo acto de violencia en contra de las v\u00edctimas, debe ser denunciado en la Fuerza Especial de Lucha Contra la Violencia y\/o en el Ministerio P\u00fablico que son entidades p\u00fablicas que funcionan las 24 hrs. del d\u00eda y los 365 d\u00edas del a\u00f1o. <\/span><\/li><li><span style=\"color: #676767; font-family: Ubuntu; font-size: medium;\">En caso de delitos en contra de mujeres vinculados a distintas formas de violencia se aplicar\u00e1 el procedimiento previsto en T\u00edtulo VI \u201cProcedimiento Especial para casos de Violencia contra Ni\u00f1as, Ni\u00f1os, Adolescentes o Mujeres \u201c(Art. 393 septier al 393 duoter del C\u00f3digo de Procedimiento Penal) y procedimiento de establecido por la Ley No 348 en sus Arts. 86 al 100. <\/span><\/li><li><span style=\"color: #676767; font-family: Ubuntu; font-size: medium;\">Las notificaciones ser\u00e1n realizadas a trav\u00e9s de la Oficina Gestora de Procesos mediante el Buz\u00f3n de Notificaciones de Ciudadan\u00eda Digital, excepto las notificaciones que deben ser realizadas de manera personal. En caso no existir la tecnolog\u00eda las notificaciones ser\u00e1n realizadas en el domicilio procesal se\u00f1alado por las partes. <\/span><\/li><li><span style=\"color: #676767; font-family: Ubuntu; font-size: medium;\">En caso de flagrancia observar lo dispuesto por los Arts. 393, 393 Bis, 393 Ter, 393 quater, 393 quinquer, 393 sexter C\u00f3digo de Procedimiento Penal. <\/span><\/li><li><span style=\"color: #676767; font-family: Ubuntu; font-size: medium;\">Junto con la denuncia y\/o querella, se tiene que adjuntar toda la prueba que se pueda obtener o indicar d\u00f3nde puede ser habida. Adem\u00e1s, el informe psicol\u00f3gico. <\/span><\/li><li><span style=\"color: #676767; font-family: Ubuntu; font-size: medium;\">A tiempo de plantear la denuncia se debe solicitar las medidas de protecci\u00f3n establecidas por el Art. 35 Ley No 348 y las medidas de protecci\u00f3n especiales establecidas por los Arts. 389 al 389 quinquies del C\u00f3digo de Procedimiento Penal, que correspondan al caso. <\/span><\/li><li><span style=\"color: #676767; font-family: Ubuntu; font-size: medium;\">Se debe tomar en cuenta que las medidas de protecci\u00f3n especiales podr\u00e1n ser dispuestas, ratificadas o modificadas por los tribunales y jueces competentes en cualquier etapa del proceso penal. <\/span><\/li><li><span style=\"color: #676767; font-family: Ubuntu; font-size: medium;\">Las medidas de protecci\u00f3n especiales podr\u00e1n ser dispuestas por la o el fiscal, funcionaria\/o policial o cualquier otra autoridad prevista para la atenci\u00f3n a mujeres en situaci\u00f3n de violencia, tomando en cuenta lo establecido por los Arts. 389 ter, 389 quarter, 389 quinquies. <\/span><\/li><li><span style=\"color: #676767; font-family: Ubuntu; font-size: medium;\">Expl\u00edcitamente se proh\u00edbe la revictimizaci\u00f3n en todas las etapas del Proceso Penal, Art. 393 octer. <\/span><\/li><li><span style=\"color: #676767; font-family: Ubuntu; font-size: medium;\">En caso de violencia f\u00edsica o sexual contra mujeres cuya pena privativa de libertad sea igual o mayor a cuatro (4) a\u00f1os, la v\u00edctima podr\u00e1 solicitar el divorcio o desvinculaci\u00f3n conyugal por ruptura del proyecto de vida en com\u00fan, as\u00ed mismo podr\u00e1 solicitar la asistencia familiar y la guarda de los hijos, en estos dos \u00faltimos casos su modificaci\u00f3n ser\u00e1 tramitada en la jurisdicci\u00f3n competente. Art. 393 deciter.<\/span><\/li><li><span style=\"color: #676767; font-family: Ubuntu; font-size: medium;\">La Detenci\u00f3n Preventiva proceder\u00e1 de manera excepcional en los delitos que atenten contra la vida, integridad corporal o libertad sexual de ni\u00f1as, ni\u00f1os, adolescentes, mujeres y adultos mayores. Art. 232 del C\u00f3digo de Procedimiento de Penal. La Detenci\u00f3n Preventiva tendr\u00e1 una duraci\u00f3n establecida, podr\u00e1 ser ampliada a petici\u00f3n fundada del Fiscal o Querellante. <\/span><\/li><li><span style=\"color: #676767; font-family: Ubuntu; font-size: medium;\">Las instancias de recepci\u00f3n, investigaci\u00f3n y tramitaci\u00f3n de denuncias, deben brindar a las v\u00edctimas asesoramiento sobre la importancia y la forma de preservar las pruebas. <\/span><\/li><li><span style=\"color: #676767; font-family: Ubuntu; font-size: medium;\">En este tipo de delitos se debe tomar en cuenta que ninguna instituci\u00f3n receptora de denuncias ni su personal, podr\u00e1 promover la conciliaci\u00f3n ni suscripci\u00f3n de ning\u00fan tipo de acuerdo entre la v\u00edctima y su agresor, bajo responsabilidad. Excepcionalmente la conciliaci\u00f3n podr\u00e1 ser promovida \u00fanicamente por la v\u00edctima, solo por \u00fanica vez y no siendo posible en casos de reincidencia. <\/span><\/li><li><span style=\"color: #676767; font-family: Ubuntu; font-size: medium;\">Si se condena al acusado con una pena privativa de libertad no mayor a tres a\u00f1os, siempre que el autor no sea reincidente se podr\u00e1 solicitar la imposici\u00f3n de las siguientes sanciones alternativas a la privaci\u00f3n de libertad: detenci\u00f3n de fin de semana, trabajo comunitario, inhabilitaci\u00f3n y multa. <\/span><\/li><li><span style=\"color: #676767; font-family: Ubuntu; font-size: medium;\">En la obtenci\u00f3n de la prueba se debe tomar en cuenta los requisitos de forma y fondo establecidos por el C\u00f3digo de Procedimiento Penal para su ofrecimiento, introducci\u00f3n y producci\u00f3n en juicio oral, conforme establecen los Arts. 13, 171 del C\u00f3digo de Procedimiento Penal y el Art. 8-2) Pacto de San Jos\u00e9 de Costa Rica. <\/span><\/li><li><span style=\"color: #676767; font-family: Ubuntu; font-size: medium;\">Se debe observar toda la prueba presentada por la parte contraria y objetarla en la v\u00eda incidental, siempre y cuando no cumpla los requisitos legales. <\/span><\/li><li><span style=\"color: #676767; font-family: Ubuntu; font-size: medium;\">Se debe considerar, si es el primer delito del imputado luego de la sentencia puede acogerse al Perd\u00f3n Judicial. <\/span><\/li><li><span style=\"color: #676767; font-family: Ubuntu; font-size: medium;\">De acuerdo a las circunstancias ver la pertinencia de aceptar un procedimiento abreviado. Art. 373 del C\u00f3digo de Procedimiento Penal.<\/span><\/li><\/ol><\/td><\/tr><\/tbody><\/table><\/div>\n\t\t\t\t<\/div>\n\t\t\t\t<\/div>\n\t\t\t\t\t\t<\/div>\n\t\t\t\t\t<\/div>\n\t\t<\/div>\n\t\t\t\t\t\t\t\t<\/div>\n\t\t\t\t\t<\/div>\n\t\t<\/section>\n\t\t\t\t<section class=\"elementor-section elementor-top-section elementor-element elementor-element-255e82e elementor-section-boxed elementor-section-height-default elementor-section-height-default\" data-id=\"255e82e\" data-element_type=\"section\">\n\t\t\t\t\t\t<div class=\"elementor-container elementor-column-gap-default\">\n\t\t\t\t\t\t\t<div class=\"elementor-row\">\n\t\t\t\t\t<div class=\"elementor-column elementor-col-100 elementor-top-column elementor-element elementor-element-f3ee9f3\" data-id=\"f3ee9f3\" data-element_type=\"column\">\n\t\t\t<div class=\"elementor-column-wrap elementor-element-populated\">\n\t\t\t\t\t\t\t<div class=\"elementor-widget-wrap\">\n\t\t\t\t\t\t<div class=\"elementor-element elementor-element-17d6098 elementor-widget elementor-widget-text-editor\" data-id=\"17d6098\" data-element_type=\"widget\" data-widget_type=\"text-editor.default\">\n\t\t\t\t<div class=\"elementor-widget-container\">\n\t\t\t\t\t<div class=\"elementor-text-editor elementor-clearfix\"><table cellspacing=\"0\" cellpadding=\"0\"><tbody><tr><td colspan=\"2\" valign=\"middle\"><h5 style=\"text-align: center;\"><span style=\"color: #676767; font-family: Ubuntu; font-size: medium;\"><b><span style=\"color: #43358b;\">Violencia familiar o dom\u00e9stica<\/span> <\/b><\/span><\/h5><\/td><\/tr><tr><td valign=\"middle\"><p><span style=\"color: #676767; font-family: Ubuntu; font-size: medium;\">Tipo penal<\/span><\/p><\/td><td valign=\"middle\"><p><span style=\"color: #676767; font-family: Ubuntu; font-size: medium;\">\u201cQuien agrediere f\u00edsicamente, psicol\u00f3gica o sexualmente dentro los casos comprendidos en el numeral 1 al 4 del presente Art\u00edculo incurrir\u00e1 en pena de reclusi\u00f3n de dos (2) a cuatro (4) a\u00f1os, siempre que no constituya otro delito. <\/span><\/p><ol><li><span style=\"color: #676767; font-family: Ubuntu; font-size: medium;\">El c\u00f3nyuge o conviviente o por quien mantenga o hubiera mantenido con la v\u00edctima una relaci\u00f3n an\u00e1loga de afectividad o intimidad, aun sin convivencia. <\/span><\/li><li><span style=\"color: #676767; font-family: Ubuntu; font-size: medium;\">La persona que haya procreado hijos o hijas con la v\u00edctima, aun sin convivencia. <\/span><\/li><li><span style=\"color: #676767; font-family: Ubuntu; font-size: medium;\">Los ascendientes o descendientes, hermanos, hermanas, parientes consangu\u00edneos o afines en l\u00ednea directa y colateral hasta el cuarto grado.<\/span><\/li><li><span style=\"color: #676767; font-family: Ubuntu; font-size: medium;\">La persona que estuviere encargada del cuidado o guarda de la v\u00edctima, o si \u00e9sta se encontrara en el hogar, bajo situaci\u00f3n de dependencia o autoridad.<\/span><\/li><\/ol><p><span style=\"color: #676767; font-family: Ubuntu; font-size: medium;\">En los dem\u00e1s casos la parte podr\u00e1 hacer valer su pretensi\u00f3n por ante la v\u00eda correspondiente\u201d. <b>Art. 272 Bis C\u00f3digo Penal.<\/b><\/span><\/p><\/td><\/tr><tr><td valign=\"middle\"><p><span style=\"color: #676767; font-family: Ubuntu; font-size: medium;\">Tipo de acci\u00f3n<\/span><\/p><\/td><td valign=\"middle\"><p><span style=\"color: #676767; font-family: Ubuntu; font-size: medium;\">Es de acci\u00f3n p\u00fablica.<\/span><\/p><\/td><\/tr><tr><td valign=\"middle\"><p><span style=\"color: #676767; font-family: Ubuntu; font-size: medium;\">Sujetos facultados para ejercer la acci\u00f3n<\/span><\/p><\/td><td valign=\"middle\"><p><span style=\"color: #676767; font-family: Ubuntu; font-size: medium;\">La v\u00edctima, el Ministerio P\u00fablico y la Defensor\u00eda de la Ni\u00f1ez.<\/span><\/p><\/td><\/tr><tr><td valign=\"middle\"><p><span style=\"color: #676767; font-family: Ubuntu; font-size: medium;\">Competencia<\/span><\/p><\/td><td valign=\"middle\"><p><span style=\"color: #676767; font-family: Ubuntu; font-size: medium;\">Es competente el Juzgado de Instrucci\u00f3n en Materia de Violencia contra las Mujeres y el Juzgado de Sentencia en Materia de Violencia contra las Mujeres Art. 72, 72 bis de la Ley No 025 Ley del \u00d3rgano Judicial, en relaci\u00f3n al Art. 53 del C\u00f3digo de Procedimiento Penal.<\/span><\/p><\/td><\/tr><tr><td valign=\"middle\"><p><span style=\"color: #676767; font-family: Ubuntu; font-size: medium;\">Prescripci\u00f3n de la acci\u00f3n <\/span><\/p><\/td><td valign=\"middle\"><p><span style=\"color: #676767; font-family: Ubuntu; font-size: medium;\">A los cinco a\u00f1os t\u00e9rmino que corre a partir de la media noche de la comisi\u00f3n del hecho o desde el momento en que se cometi\u00f3 el delito, o ces\u00f3 su consumaci\u00f3n. Arts. 29-2), 30 C\u00f3digo de Procedimiento Penal. <\/span><\/p><\/td><\/tr><tr><td valign=\"middle\"><p><span style=\"color: #676767; font-family: Ubuntu; font-size: medium;\">Duraci\u00f3n del proceso<\/span><\/p><\/td><td valign=\"middle\"><p><span style=\"color: #676767; font-family: Ubuntu; font-size: medium;\">M\u00e1xima de tres a\u00f1os.<\/span><\/p><\/td><\/tr><tr><td valign=\"middle\"><p><span style=\"color: #676767; font-family: Ubuntu; font-size: medium;\">Recursos<\/span><\/p><\/td><td valign=\"middle\"><p><span style=\"color: #676767; font-family: Ubuntu; font-size: medium;\"><b>Recurso de Apelaci\u00f3n Restringida: <\/b><\/span><\/p><p><span style=\"color: #676767; font-family: Ubuntu; font-size: medium;\">La sentencia emitida puede ser apelada siempre que se haya realizado la reserva de la misma en la substanciaci\u00f3n del juicio, en el t\u00e9rmino de 15 d\u00edas. Arts. 407-415 en relaci\u00f3n al Art. 130 del C\u00f3digo de Procedimiento Penal. <\/span><\/p><p><span style=\"color: #676767; font-family: Ubuntu; font-size: medium;\"><b>Recurso de Casaci\u00f3n:<\/b><\/span><\/p><p><span style=\"color: #676767; font-family: Ubuntu; font-size: medium;\">El Auto de Vista puede ser recurrido cuando existen Autos de Vista contradictorios sobre una situaci\u00f3n similar: en relaci\u00f3n al sentido jur\u00eddico, la aplicaci\u00f3n de las normas y su alcance, se debe invocar el precedente contradictorio en el t\u00e9rmino de 5 d\u00edas de notificado con el Auto de Vista. Arts. 416-420 en relaci\u00f3n al Art. 130 del C\u00f3digo de Procedimiento Penal.<\/span><\/p><\/td><\/tr><tr><td valign=\"middle\"><p><span style=\"color: #676767; font-family: Ubuntu; font-size: medium;\">Base legal<\/span><\/p><\/td><td valign=\"middle\"><ul><li><span style=\"color: #676767; font-family: Ubuntu; font-size: medium;\">Art 15 I), II) Constituci\u00f3n Pol\u00edtica del Estado. <\/span><\/li><li><span style=\"color: #676767; font-family: Ubuntu; font-size: medium;\">Art. 272 Bis C\u00f3digo Penal. <\/span><\/li><li><span style=\"color: #676767; font-family: Ubuntu; font-size: medium;\">Arts. 16, 17, 19, 29-3),30, 36,277-371, 373-374, 382-388, 393, 393 bis, 393 ter, 393 quater, 393 quinquer, 393 sexter del C\u00f3digo de Procedimiento Penal.<\/span><\/li><li><span style=\"color: #676767; font-family: Ubuntu; font-size: medium;\">Arts. 7, 46, 68, 84, 86-100, de la Ley Integral para Garantizar a las Mujeres una Vida Libre de Violencia. Ley No 348.<\/span><\/li><li><span style=\"color: #676767; font-family: Ubuntu; font-size: medium;\">Ley No 1173, Ley de Abreviaci\u00f3n Procesal Penal y Fortalecimiento de la Lucha Integral contra la Violencia a Ni\u00f1as, Ni\u00f1os, Adolescentes y Mujeres. <\/span><\/li><li><span style=\"color: #676767; font-family: Ubuntu; font-size: medium;\">Arts. 1, 2, 3, 5, 7, 8, 11, Declaraci\u00f3n Universal de los Derechos Humanos. <\/span><\/li><li><span style=\"color: #676767; font-family: Ubuntu; font-size: medium;\">Arts. 6, 7 Pacto Internacional de Derechos Civiles y Pol\u00edticos, D.S. 18950. <\/span><\/li><li><span style=\"color: #676767; font-family: Ubuntu; font-size: medium;\">Art. 5 Convenci\u00f3n sobre Derechos Humanos. Pacto de San Jos\u00e9 de Costa Rica. Ley No 1430. <\/span><\/li><li><span style=\"color: #676767; font-family: Ubuntu; font-size: medium;\">Arts. 1, 2, 3, 4 Convenci\u00f3n Interamericana para Prevenir, Sancionar y Erradicar la Violencia contra la Mujer <\/span><\/li><\/ul><p><span style=\"color: #676767; font-family: Ubuntu; font-size: medium;\">\u201cConvenci\u00f3n de Bel\u00e9m do Par\u00e1\u201d. Ley No 1599.<\/span><\/p><\/td><\/tr><tr><td valign=\"middle\"><p><span style=\"color: #676767; font-family: Ubuntu; font-size: medium;\">Recomendaciones a tomar en cuenta por la\/el abogada(o)<\/span><\/p><\/td><td valign=\"middle\"><ol><li><span style=\"color: #676767; font-family: Ubuntu; font-size: medium;\">Todo acto de violencia en contra de las v\u00edctimas, debe ser denunciado en la Fuerza Especial de Lucha Contra la Violencia y\/o en el Ministerio P\u00fablico que son entidades p\u00fablicas que funcionan las 24 hrs. del d\u00eda y los 365 d\u00edas del a\u00f1o. <\/span><\/li><li><span style=\"color: #676767; font-family: Ubuntu; font-size: medium;\">En caso de delitos en contra de mujeres vinculados a distintas formas de violencia se aplicar\u00e1 el procedimiento previsto en T\u00edtulo VI \u201cProcedimiento Especial para casos de Violencia contra Ni\u00f1as, Ni\u00f1os, Adolescentes o Mujeres \u201c(Art. 393 septier al 393 duoter del C\u00f3digo de Procedimiento Penal) y procedimiento de establecido por la Ley No 348 en sus Arts. 86 al 100.<\/span><\/li><li><span style=\"color: #676767; font-family: Ubuntu; font-size: medium;\">Las notificaciones ser\u00e1n realizadas a trav\u00e9s de la Oficina Gestora de Procesos mediante el Buz\u00f3n de Notificaciones de Ciudadan\u00eda Digital, excepto las notificaciones que deben ser realizadas de manera personal. En caso no existir la tecnolog\u00eda las notificaciones ser\u00e1n realizadas en el domicilio procesal se\u00f1alado por las partes. <\/span><\/li><li><span style=\"color: #676767; font-family: Ubuntu; font-size: medium;\">En caso de flagrancia observar lo dispuesto por los Arts. 393, 393 Bis, 393 Ter, 393 quater, 393 quinquer, 393 sexter C\u00f3digo de Procedimiento Penal. <\/span><\/li><li><span style=\"color: #676767; font-family: Ubuntu; font-size: medium;\">Junto con la denuncia y\/o querella, se tiene que adjuntar toda la prueba que se pueda obtener o indicar d\u00f3nde puede ser habida. Adem\u00e1s, el informe psicol\u00f3gico. <\/span><\/li><li><span style=\"color: #676767; font-family: Ubuntu; font-size: medium;\">A tiempo de plantear la denuncia se debe solicitar las medidas de protecci\u00f3n establecidas por el Art. 35 Ley No 348 y las medidas de protecci\u00f3n especiales establecidas por los Arts. 389 al 389 quinquies del C\u00f3digo de Procedimiento Penal, que correspondan al caso. <\/span><\/li><li><span style=\"color: #676767; font-family: Ubuntu; font-size: medium;\">Se debe tomar en cuenta que las medidas de protecci\u00f3n especiales podr\u00e1n ser dispuestas, ratificadas o modificadas por los tribunales y jueces competentes en cualquier etapa del proceso penal. <\/span><\/li><li><span style=\"color: #676767; font-family: Ubuntu; font-size: medium;\">Las medidas de protecci\u00f3n especiales podr\u00e1n ser dispuestas por la o el fiscal, funcionaria\/o policial o cualquier otra autoridad prevista para la atenci\u00f3n a mujeres en situaci\u00f3n de violencia, tomando en cuenta lo establecido por los Arts. 389 ter, 389 quarter, 389 quinquies. <\/span><\/li><li><span style=\"color: #676767; font-family: Ubuntu; font-size: medium;\">Expl\u00edcitamente se proh\u00edbe la revictimizaci\u00f3n en todas las etapas del proceso penal, Art. 393 octer. <\/span><\/li><li><span style=\"color: #676767; font-family: Ubuntu; font-size: medium;\">En caso de violencia f\u00edsica o sexual contra mujeres cuya pena privativa de libertad sea igual o mayor a cuatro (4) a\u00f1os, la v\u00edctima podr\u00e1 solicitar el divorcio o desvinculaci\u00f3n conyugal por ruptura del proyecto de vida en com\u00fan, as\u00ed mismo podr\u00e1 solicitar la asistencia familiar y la guarda de los hijos, en estos dos \u00faltimos casos su modificaci\u00f3n ser\u00e1 tramitada en la jurisdicci\u00f3n competente. Art. 393 deciter.<\/span><\/li><li><span style=\"color: #676767; font-family: Ubuntu; font-size: medium;\">La detenci\u00f3n preventiva proceder\u00e1 de manera excepcional en los delitos que atenten contra la vida, integridad corporal o libertad sexual de ni\u00f1as, ni\u00f1os, adolescentes, mujeres y adultos mayores. Art. 232 del C\u00f3digo de Procedimiento de Penal. La detenci\u00f3n preventiva tendr\u00e1 una duraci\u00f3n establecida, podr\u00e1 ser ampliada a petici\u00f3n fundada del fiscal o querellante. <\/span><\/li><li><span style=\"color: #676767; font-family: Ubuntu; font-size: medium;\">Las instancias de recepci\u00f3n, investigaci\u00f3n y tramitaci\u00f3n de denuncias, deben brindar a las v\u00edctimas asesoramiento sobre la importancia y la forma de preservar las pruebas. <\/span><\/li><li><span style=\"color: #676767; font-family: Ubuntu; font-size: medium;\">En este tipo de proceso se debe tomar en cuenta que ninguna instituci\u00f3n receptora de denuncias ni su personal, podr\u00e1 promover la conciliaci\u00f3n ni suscripci\u00f3n de ning\u00fan tipo de acuerdo entre la v\u00edctima y su agresor, bajo responsabilidad. Excepcionalmente la conciliaci\u00f3n podr\u00e1 ser promovida \u00fanicamente por la v\u00edctima, solo por \u00fanica vez y no siendo posible en casos de reincidencia. <\/span><\/li><li><span style=\"color: #676767; font-family: Ubuntu; font-size: medium;\">Las mujeres v\u00edctimas de violencia podr\u00e1n ser remitidas a una Casa de Acogida y Refugio Temporal por los promotores de la denuncia, operadores, administradores de justicia y organizaciones de la sociedad civil que trabajen en la tem\u00e1tica, de conformidad a lo establecido en el art\u00edculo 20 del Reglamento de la Ley 348. <\/span><\/li><li><span style=\"color: #676767; font-family: Ubuntu; font-size: medium;\">Si se sanciona al autor con una pena privativa de libertad menor o igual a tres a\u00f1os, siempre que el autor no sea reincidente el juez dispondr\u00e1 la aplicaci\u00f3n de la suspensi\u00f3n condicional de la pena de acuerdo a las medidas dispuestas en el Art. 24 del C\u00f3digo de Procedimiento Penal. <\/span><\/li><li><span style=\"color: #676767; font-family: Ubuntu; font-size: medium;\">Junto con la denuncia y\/o querella, se tiene que adjuntar toda la prueba que se pueda obtener o indicar d\u00f3nde puede ser habida y el informe psicol\u00f3gico. <\/span><\/li><li><span style=\"color: #676767; font-family: Ubuntu; font-size: medium;\">La\/el psic\u00f3loga\/o del servicio deber\u00e1 sugerir a la abogada\/o, los puntos generales a solicitar en pericia. De acuerdo al caso los puntos podr\u00e1n ampliarse o restringirse: <\/span><\/li><\/ol><ul><li style=\"list-style-type: none;\"><ul><li><span style=\"color: #676767; font-family: Ubuntu; font-size: medium;\">V\u00edctima: <\/span><ul><li><span style=\"color: #676767; font-family: Ubuntu; font-size: medium;\">Determinar la credibilidad del testimonio sobre el hecho denunciado. <\/span><\/li><li><span style=\"color: #676767; font-family: Ubuntu; font-size: medium;\">Establecer la existencia de consecuencias psicol\u00f3gicas producto de la violencia. <\/span><\/li><li><span style=\"color: #676767; font-family: Ubuntu; font-size: medium;\">Establecer la relaci\u00f3n causal entre la violencia y el da\u00f1o psicol\u00f3gico.<\/span><\/li><li><span style=\"color: #676767; font-family: Ubuntu; font-size: medium;\">Establecer presencia de lesiones y secuelas psicol\u00f3gicas presentes y futuras. <\/span><\/li><li><span style=\"color: #676767; font-family: Ubuntu; font-size: medium;\">Caracterizar la modalidad en la que se mantiene la relaci\u00f3n violenta. <\/span><\/li><li><span style=\"color: #676767; font-family: Ubuntu; font-size: medium;\">Determinar el tipo de estrategia que emplea la v\u00edctima a nivel cognitivo emocional, comportamental frente a la situaci\u00f3n de violencia. <\/span><\/li><li><span style=\"color: #676767; font-family: Ubuntu; font-size: medium;\">Caracterizar la vulnerabilidad y personalidad de la v\u00edctima. <\/span><\/li><li><span style=\"color: #676767; font-family: Ubuntu; font-size: medium;\">Determinar si a partir de la violencia se mantienen o cronifican rasgos de la personalidad de la v\u00edctima. <\/span><\/li><\/ul><\/li><li><span style=\"color: #676767; font-family: Ubuntu; font-size: medium;\">Agresor: <\/span><ul><li><span style=\"color: #676767; font-family: Ubuntu; font-size: medium;\">Determinar caracter\u00edsticas de personalidad y si habr\u00eda presencia de psicopatolog\u00eda. <\/span><\/li><li><span style=\"color: #676767; font-family: Ubuntu; font-size: medium;\">Determinar el nivel de riesgo de acuerdo al hecho denunciado. <\/span><\/li><li><span style=\"color: #676767; font-family: Ubuntu; font-size: medium;\">Caracterizar el tipo de violencia y las estrategias para la mantenci\u00f3n de la violencia. <\/span><\/li><\/ul><\/li><\/ul><\/li><\/ul><ol start=\"18\"><li><span style=\"color: #676767; font-family: Ubuntu; font-size: medium;\">En la obtenci\u00f3n de la prueba se debe tomar en cuenta los requisitos de forma y fondo establecidos por el C\u00f3digo de Procedimiento Penal para su ofrecimiento, introducci\u00f3n y producci\u00f3n en juicio oral, conforme establecen los Arts. 13, 171 del C\u00f3digo de Procedimiento Penal y el Art. 8-2) Pacto de San Jos\u00e9 de Costa Rica. <\/span><\/li><li><span style=\"color: #676767; font-family: Ubuntu; font-size: medium;\">Se debe observar toda la prueba presentada por la parte contraria y objetarla en la v\u00eda incidental, siempre y cuando no cumpla los requisitos legales. <\/span><\/li><li><span style=\"color: #676767; font-family: Ubuntu; font-size: medium;\">Se debe considerar, si es el primer delito del imputado luego de la sentencia puede acogerse al Perd\u00f3n Judicial. <\/span><\/li><li><span style=\"color: #676767; font-family: Ubuntu; font-size: medium;\">De acuerdo a las circunstancias ver la pertinencia de aceptar un procedimiento abreviado. Art. 373 del C\u00f3digo de Procedimiento Penal. <\/span><\/li><\/ol><\/td><\/tr><\/tbody><\/table><\/div>\n\t\t\t\t<\/div>\n\t\t\t\t<\/div>\n\t\t\t\t\t\t<\/div>\n\t\t\t\t\t<\/div>\n\t\t<\/div>\n\t\t\t\t\t\t\t\t<\/div>\n\t\t\t\t\t<\/div>\n\t\t<\/section>\n\t\t\t\t<section class=\"elementor-section elementor-top-section elementor-element elementor-element-b7f9b65 elementor-section-boxed elementor-section-height-default elementor-section-height-default\" data-id=\"b7f9b65\" data-element_type=\"section\">\n\t\t\t\t\t\t<div class=\"elementor-container elementor-column-gap-default\">\n\t\t\t\t\t\t\t<div class=\"elementor-row\">\n\t\t\t\t\t<div class=\"elementor-column elementor-col-100 elementor-top-column elementor-element elementor-element-59330ac\" data-id=\"59330ac\" data-element_type=\"column\">\n\t\t\t<div class=\"elementor-column-wrap elementor-element-populated\">\n\t\t\t\t\t\t\t<div class=\"elementor-widget-wrap\">\n\t\t\t\t\t\t<div class=\"elementor-element elementor-element-c3b5425 elementor-widget elementor-widget-text-editor\" data-id=\"c3b5425\" data-element_type=\"widget\" data-widget_type=\"text-editor.default\">\n\t\t\t\t<div class=\"elementor-widget-container\">\n\t\t\t\t\t<div class=\"elementor-text-editor elementor-clearfix\"><table cellspacing=\"0\" cellpadding=\"0\"><tbody><tr><td colspan=\"2\" valign=\"middle\"><h5 style=\"text-align: center;\"><span style=\"color: #43358b; font-family: Ubuntu; font-size: medium;\"><b>Violencia patrimonial <\/b><\/span><\/h5><\/td><\/tr><tr><td valign=\"middle\"><p><span style=\"color: #676767; font-family: Ubuntu; font-size: medium;\">Tipo penal<\/span><\/p><\/td><td valign=\"middle\"><p><span style=\"color: #676767; font-family: Ubuntu; font-size: medium;\">\u201cQuien por cualquier medio impida, limite o proh\u00edba el uso, el disfrute, la administraci\u00f3n, la transformaci\u00f3n, o la disposici\u00f3n de uno o varios bienes propios de la mujer con quien mantenga una relaci\u00f3n de matrimonio o uni\u00f3n libre, ser\u00e1 sancionado con multa de cien (100.) hasta trescientos sesenta y cinco (365) d\u00edas\u201d. <b>Art. 250 ter. C\u00f3digo Penal<\/b>.<\/span><\/p><\/td><\/tr><tr><td valign=\"middle\"><p><span style=\"color: #676767; font-family: Ubuntu; font-size: medium;\">Tipo de acci\u00f3n<\/span><\/p><\/td><td valign=\"middle\"><p><span style=\"color: #676767; font-family: Ubuntu; font-size: medium;\">Es de acci\u00f3n p\u00fablica.<\/span><\/p><\/td><\/tr><tr><td valign=\"middle\"><p><span style=\"color: #676767; font-family: Ubuntu; font-size: medium;\">Sujetos facultados para ejercer la acci\u00f3n<\/span><\/p><\/td><td valign=\"middle\"><p><span style=\"color: #676767; font-family: Ubuntu; font-size: medium;\">La v\u00edctima y el Ministerio P\u00fablico.<\/span><\/p><\/td><\/tr><tr><td valign=\"middle\"><p><span style=\"color: #676767; font-family: Ubuntu; font-size: medium;\">Competencia<\/span><\/p><\/td><td valign=\"middle\"><p><span style=\"color: #676767; font-family: Ubuntu; font-size: medium;\">Es competente el Juzgado de Instrucci\u00f3n en Materia de Violencia contra las Mujeres y el Juzgado de Sentencia en Materia de Violencia contra las Mujeres Art. 72, 72 bis de la Ley No 025 Ley del \u00d3rgano Judicial, en relaci\u00f3n al Art. 53 del C\u00f3digo de Procedimiento Penal.<\/span><\/p><\/td><\/tr><tr><td valign=\"top\"><p><span style=\"color: #676767; font-family: Ubuntu; font-size: medium;\">Prescripci\u00f3n de la acci\u00f3n. <\/span><\/p><\/td><td valign=\"top\"><p><span style=\"color: #676767; font-family: Ubuntu; font-size: medium;\">A los dos a\u00f1os t\u00e9rmino que corre a partir de la media noche de la comisi\u00f3n del hecho o desde el momento en que se cometi\u00f3 el delito, o ces\u00f3 su consumaci\u00f3n. Arts. 29-4), 30 C\u00f3digo de Procedimiento Penal<\/span><\/p><\/td><\/tr><tr><td valign=\"middle\"><p><span style=\"color: #676767; font-family: Ubuntu; font-size: medium;\">Duraci\u00f3n del proceso<\/span><\/p><\/td><td valign=\"middle\"><p><span style=\"color: #676767; font-family: Ubuntu; font-size: medium;\">M\u00e1xima de tres a\u00f1os.<\/span><\/p><\/td><\/tr><tr><td valign=\"middle\"><p><span style=\"color: #676767; font-family: Ubuntu; font-size: medium;\">Recursos<\/span><\/p><\/td><td valign=\"middle\"><p><span style=\"color: #676767; font-family: Ubuntu; font-size: medium;\"><b>Recurso de Apelaci\u00f3n Restringida: <\/b><\/span><\/p><p><span style=\"color: #676767; font-family: Ubuntu; font-size: medium;\">La sentencia emitida puede ser apelada siempre que se haya realizado la reserva de la misma en la substanciaci\u00f3n del juicio, en el t\u00e9rmino de 15 d\u00edas. Arts. 407-415 en relaci\u00f3n al Art. 130 del C\u00f3digo de Procedimiento Penal. <\/span><\/p><p><span style=\"color: #676767; font-family: Ubuntu; font-size: medium;\"><b>Recurso de Casaci\u00f3n:<\/b><\/span><\/p><p><span style=\"color: #676767; font-family: Ubuntu; font-size: medium;\">El Auto de Vista puede ser recurrido cuando existen Autos de Vista contradictorios sobre una situaci\u00f3n similar: en relaci\u00f3n al sentido jur\u00eddico, la aplicaci\u00f3n de las normas y su alcance, se debe invocar el precedente contradictorio en el t\u00e9rmino de 5 d\u00edas de notificado con el Auto de Vista. Arts. 416-420 en relaci\u00f3n al Art. 130 del C\u00f3digo de Procedimiento Penal.<\/span><\/p><\/td><\/tr><tr><td valign=\"middle\"><p><span style=\"color: #676767; font-family: Ubuntu; font-size: medium;\">Base legal<\/span><\/p><\/td><td valign=\"middle\"><ul><li><span style=\"color: #676767; font-family: Ubuntu; font-size: medium;\">Art. 15-I) II) Constituci\u00f3n Pol\u00edtica del Estado. <\/span><\/li><li><span style=\"color: #676767; font-family: Ubuntu; font-size: medium;\">Art. 250 Ter C\u00f3digo Penal. <\/span><\/li><li><span style=\"color: #676767; font-family: Ubuntu; font-size: medium;\">Arts. 16, 17, 19, 29-3),30, 36,277-371, 373-374, 382-388, 393, 393 bis, 393 ter, 393 quater, 393 quinquer, 393 sexter del C\u00f3digo de Procedimiento Penal.<\/span><\/li><li><span style=\"color: #676767; font-family: Ubuntu; font-size: medium;\">Arts. 7-10), 45,46, 68, 84, 86-100, Ley Integral para Garantizar a las Mujeres una Vida Libre de Violencia. Ley No 348.<\/span><\/li><li><span style=\"color: #676767; font-family: Ubuntu; font-size: medium;\">Ley No 1173, Ley de Abreviaci\u00f3n Procesal Penal y Fortalecimiento de la Lucha Integral contra la Violencia a Ni\u00f1as, Ni\u00f1os, Adolescentes y Mujeres <\/span><\/li><li><span style=\"color: #676767; font-family: Ubuntu; font-size: medium;\">Arts. 1, 2, 3, 5, 7, 8, 11, Declaraci\u00f3n Universal de los Derechos Humanos. <\/span><\/li><li><span style=\"color: #676767; font-family: Ubuntu; font-size: medium;\">Arts. 6, 7 Pacto Internacional de Derechos Civiles y Pol\u00edticos, D.S. 18950. <\/span><\/li><li><span style=\"color: #676767; font-family: Ubuntu; font-size: medium;\">Art. 5 Convenci\u00f3n sobre Derechos Humanos. Pacto de San Jos\u00e9 de Costa Rica. Ley No 1430. <\/span><\/li><li><span style=\"color: #676767; font-family: Ubuntu; font-size: medium;\">Arts. 1, 2, 3, 4 Convenci\u00f3n Interamericana para Prevenir, Sancionar y Erradicar la Violencia contra la Mujer <\/span><\/li><\/ul><p><span style=\"color: #676767; font-family: Ubuntu; font-size: medium;\">\u201cConvenci\u00f3n de Bel\u00e9m do Par\u00e1\u201d. Ley No 1599.<\/span><\/p><\/td><\/tr><tr><td valign=\"middle\"><p><span style=\"color: #676767; font-family: Ubuntu; font-size: medium;\">Recomendaciones a tomar en cuenta por la\/el abogada(o)<\/span><\/p><\/td><td valign=\"middle\"><ol><li><span style=\"color: #676767; font-family: Ubuntu; font-size: medium;\">Todo acto de violencia en contra de las v\u00edctimas, debe ser denunciado en la Fuerza Especial de Lucha Contra la Violencia y\/o en el Ministerio P\u00fablico que son entidades p\u00fablicas que funcionan las 24 hrs. del d\u00eda y los 365 d\u00edas del a\u00f1o. <\/span><\/li><li><span style=\"color: #676767; font-family: Ubuntu; font-size: medium;\">En caso de delitos en contra de mujeres vinculados a distintas formas de violencia se aplicar\u00e1 el procedimiento previsto en T\u00edtulo VI \u201cProcedimiento Especial para casos de Violencia contra Ni\u00f1as, Ni\u00f1os, Adolescentes o Mujeres\u201c (Art. 393 septier al 393 duoter del C\u00f3digo de Procedimiento Penal) y procedimiento de establecido por la Ley No 348 en sus Arts. 86 al 100. <\/span><\/li><li><span style=\"color: #676767; font-family: Ubuntu; font-size: medium;\">En caso de flagrancia observar lo dispuesto por los Arts. 393, 393 Bis, 393 Ter, 393 quater, 393 quinquer, 393 sexter C\u00f3digo de Procedimiento Penal. <\/span><\/li><li><span style=\"color: #676767; font-family: Ubuntu; font-size: medium;\">Las notificaciones ser\u00e1n realizadas a trav\u00e9s de la Oficina Gestora de Procesos mediante el Buz\u00f3n de Notificaciones de Ciudadan\u00eda Digital, excepto las notificaciones que deben ser realizadas de manera personal. En caso no existir la tecnolog\u00eda las notificaciones ser\u00e1n realizadas en el domicilio procesal se\u00f1alado por las partes. <\/span><\/li><li><span style=\"color: #676767; font-family: Ubuntu; font-size: medium;\">Junto con la denuncia y\/o querella, se tiene que adjuntar toda la prueba que se pueda obtener o indicar d\u00f3nde puede ser habida. Adem\u00e1s, el informe psicol\u00f3gico. <\/span><\/li><li><span style=\"color: #676767; font-family: Ubuntu; font-size: medium;\">A tiempo de plantear la denuncia se debe solicitar las medidas de protecci\u00f3n establecidas por el Art. 35 Ley No 348 y las medidas de protecci\u00f3n especiales establecidas por los Arts. 389 al 389 quinquies del C\u00f3digo de Procedimiento Penal, que correspondan al caso. <\/span><\/li><li><span style=\"color: #676767; font-family: Ubuntu; font-size: medium;\">Se debe tomar en cuenta que las medidas de protecci\u00f3n especiales podr\u00e1n ser dispuestas, ratificadas o modificadas por los tribunales y jueces competentes en cualquier etapa del proceso penal. <\/span><\/li><li><span style=\"color: #676767; font-family: Ubuntu; font-size: medium;\">Las medidas de protecci\u00f3n especiales podr\u00e1n ser dispuestas por la o el fiscal, funcionaria\/o policial o cualquier otra autoridad prevista para la atenci\u00f3n a mujeres en situaci\u00f3n de violencia, tomando en cuenta lo establecido por los Arts. 389 ter, 389 quarter, 389 quinquies. <\/span><\/li><li><span style=\"color: #676767; font-family: Ubuntu; font-size: medium;\">Expl\u00edcitamente se proh\u00edbe la revictimizaci\u00f3n en todas las etapas del proceso penal, Art. 393 octer. <\/span><\/li><li><span style=\"color: #676767; font-family: Ubuntu; font-size: medium;\">Las instancias de recepci\u00f3n, investigaci\u00f3n y tramitaci\u00f3n de denuncias, deben brindar a las v\u00edctimas asesoramiento sobre la importancia y la forma de preservar las pruebas.<\/span><\/li><li><span style=\"color: #676767; font-family: Ubuntu; font-size: medium;\">En este tipo de proceso se debe tomar en cuenta que ninguna instituci\u00f3n receptora de denuncias ni su personal, podr\u00e1 promover la conciliaci\u00f3n ni suscripci\u00f3n de ning\u00fan tipo de acuerdo entre la v\u00edctima y su agresor, bajo responsabilidad. Excepcionalmente la conciliaci\u00f3n podr\u00e1 ser promovida \u00fanicamente por la v\u00edctima, solo por \u00fanica vez y no siendo posible en casos de reincidencia. <\/span><\/li><li><span style=\"color: #676767; font-family: Ubuntu; font-size: medium;\">En la obtenci\u00f3n de la prueba se debe tomar en cuenta los requisitos de forma y fondo establecidos por el C\u00f3digo de Procedimiento Penal para su ofrecimiento, introducci\u00f3n y producci\u00f3n en juicio oral, conforme establecen los Arts. 13, 171 del C\u00f3digo de Procedimiento Penal y el Art. 8-2) Pacto de San Jos\u00e9 de Costa Rica. <\/span><\/li><li><span style=\"color: #676767; font-family: Ubuntu; font-size: medium;\">Se debe observar toda la prueba presentada por la parte contraria y objetarla en la v\u00eda incidental, siempre y cuando no cumpla los requisitos legales. <\/span><\/li><li><span style=\"color: #676767; font-family: Ubuntu; font-size: medium;\">Se debe considerar, si es el primer delito del imputado luego de la sentencia puede acogerse al Perd\u00f3n Judicial. <\/span><\/li><li><span style=\"color: #676767; font-family: Ubuntu; font-size: medium;\">De acuerdo a las circunstancias ver la pertinencia de aceptar un procedimiento abreviado. Art. 373 del C\u00f3digo de Procedimiento Penal.<\/span><\/li><\/ol><\/td><\/tr><\/tbody><\/table><\/div>\n\t\t\t\t<\/div>\n\t\t\t\t<\/div>\n\t\t\t\t\t\t<\/div>\n\t\t\t\t\t<\/div>\n\t\t<\/div>\n\t\t\t\t\t\t\t\t<\/div>\n\t\t\t\t\t<\/div>\n\t\t<\/section>\n\t\t\t\t<section class=\"elementor-section elementor-top-section elementor-element elementor-element-863dd51 elementor-section-boxed elementor-section-height-default elementor-section-height-default\" data-id=\"863dd51\" data-element_type=\"section\">\n\t\t\t\t\t\t<div class=\"elementor-container elementor-column-gap-default\">\n\t\t\t\t\t\t\t<div class=\"elementor-row\">\n\t\t\t\t\t<div class=\"elementor-column elementor-col-100 elementor-top-column elementor-element elementor-element-e11f455\" data-id=\"e11f455\" data-element_type=\"column\">\n\t\t\t<div class=\"elementor-column-wrap elementor-element-populated\">\n\t\t\t\t\t\t\t<div class=\"elementor-widget-wrap\">\n\t\t\t\t\t\t<div class=\"elementor-element elementor-element-a08ed58 elementor-widget elementor-widget-text-editor\" data-id=\"a08ed58\" data-element_type=\"widget\" data-widget_type=\"text-editor.default\">\n\t\t\t\t<div class=\"elementor-widget-container\">\n\t\t\t\t\t<div class=\"elementor-text-editor elementor-clearfix\"><table cellspacing=\"0\" cellpadding=\"0\"><tbody><tr><td colspan=\"2\" valign=\"middle\"><h5 style=\"text-align: center;\"><span style=\"color: #43358b; font-family: Ubuntu; font-size: medium;\"><b>Violencia sexual comercial <\/b><\/span><\/h5><\/td><\/tr><tr><td valign=\"middle\"><p><span style=\"color: #676767; font-family: Ubuntu; font-size: medium;\">Tipo penal<\/span><\/p><\/td><td valign=\"middle\"><p><span style=\"color: #676767; font-family: Ubuntu; font-size: medium;\">\u201cQuien pagare en dinero o especie, directamente a un ni\u00f1o, ni\u00f1a o adolescente o a tercera persona, para mantener cualquier tipo de actividad sexual, er\u00f3tica o pornogr\u00e1fica con un ni\u00f1o, ni\u00f1a o adolescente, para la satisfacci\u00f3n de sus intereses o deseos sexuales, ser\u00e1 sancionado con privaci\u00f3n de libertad de ocho (8) a doce (12) a\u00f1os.<\/span><\/p><p><span style=\"color: #676767; font-family: Ubuntu; font-size: medium;\">La pena privativa de libertad se agravar\u00e1 en dos tercios, cuando: <\/span><\/p><ol><li style=\"list-style-type: none;\"><ol><li><span style=\"color: #676767; font-family: Ubuntu; font-size: medium;\">La v\u00edctima sea ni\u00f1o o ni\u00f1a menor de catorce a\u00f1os.<\/span><\/li><li><span style=\"color: #676767; font-family: Ubuntu; font-size: medium;\">La v\u00edctima tenga discapacidad f\u00edsica o mental.<\/span><\/li><li><span style=\"color: #676767; font-family: Ubuntu; font-size: medium;\">La autora o el autor utilice cualquier tipo de sustancia para controlar a la v\u00edctima. <\/span><\/li><li><span style=\"color: #676767; font-family: Ubuntu; font-size: medium;\">La autora o el autor tenga una enfermedad contagiosa.<\/span><\/li><li><span style=\"color: #676767; font-family: Ubuntu; font-size: medium;\">Como consecuencia del hecho la v\u00edctima quedare embarazada.<\/span><\/li><li><span style=\"color: #676767; font-family: Ubuntu; font-size: medium;\">La autora o el autor sea servidora o servidor p\u00fablico.\u201d <b>Art. 322 del C\u00f3digo Penal<\/b><\/span><\/li><\/ol><\/li><\/ol><\/td><\/tr><tr><td valign=\"middle\"><p><span style=\"color: #676767; font-family: Ubuntu; font-size: medium;\">Tipo de acci\u00f3n<\/span><\/p><\/td><td valign=\"middle\"><p><span style=\"color: #676767; font-family: Ubuntu; font-size: medium;\">Es de acci\u00f3n p\u00fablica.<\/span><\/p><\/td><\/tr><tr><td valign=\"middle\"><p><span style=\"color: #676767; font-family: Ubuntu; font-size: medium;\">Sujetos facultados para ejercer la acci\u00f3n<\/span><\/p><\/td><td valign=\"middle\"><p><span style=\"color: #676767; font-family: Ubuntu; font-size: medium;\">La v\u00edctima, el Ministerio P\u00fablico y la Defensor\u00eda de la Ni\u00f1ez y Adolescencia.<\/span><\/p><\/td><\/tr><tr><td valign=\"middle\"><p><span style=\"color: #676767; font-family: Ubuntu; font-size: medium;\">Competencia<\/span><\/p><\/td><td valign=\"middle\"><p><span style=\"color: #676767; font-family: Ubuntu; font-size: medium;\">Es competente el Juzgado de Instrucci\u00f3n en Materia de Violencia contra las Mujeres y el Tribunal de Sentencia en Materia de Violencia contra las Mujeres Art. 72, 72 ter. de la Ley No 025 Ley del \u00d3rgano Judicial, en relaci\u00f3n al Art. 52 del C\u00f3digo de Procedimiento Penal.<\/span><\/p><\/td><\/tr><tr><td valign=\"middle\"><p><span style=\"color: #676767; font-family: Ubuntu; font-size: medium;\">Prescripci\u00f3n de la acci\u00f3n<\/span><\/p><\/td><td valign=\"middle\"><p><span style=\"color: #676767; font-family: Ubuntu; font-size: medium;\">Prescribe a los ocho a\u00f1os t\u00e9rmino que corre a partir de la media noche de la comisi\u00f3n del hecho o desde el momento en que se cometi\u00f3 el delito, o ces\u00f3 su consumaci\u00f3n. Arts. 29-1), 30 C\u00f3digo de Procedimiento Penal.<br \/>En casos de ni\u00f1as, ni\u00f1os y adolescentes el t\u00e9rmino de la prescripci\u00f3n comenzar\u00e1 a correr cuatro a\u00f1os (4) despu\u00e9s de que la v\u00edctima haya alcanzado la mayor\u00eda de edad. Art. 30 del C\u00f3digo de Procedimiento Penal.<\/span><\/p><\/td><\/tr><tr><td valign=\"middle\"><p><span style=\"color: #676767; font-family: Ubuntu; font-size: medium;\">Duraci\u00f3n del proceso<\/span><\/p><\/td><td valign=\"middle\"><p><span style=\"color: #676767; font-family: Ubuntu; font-size: medium;\">M\u00e1ximo de tres a\u00f1os.<\/span><\/p><\/td><\/tr><tr><td valign=\"middle\"><p><span style=\"color: #676767; font-family: Ubuntu; font-size: medium;\">Recursos<\/span><\/p><\/td><td valign=\"middle\"><p><span style=\"color: #676767; font-family: Ubuntu; font-size: medium;\"><b>Recurso de Apelaci\u00f3n Restringida: <\/b><\/span><\/p><p><span style=\"color: #676767; font-family: Ubuntu; font-size: medium;\">La sentencia emitida puede ser apelada siempre que se haya realizado la reserva de la misma en la substanciaci\u00f3n del juicio, en el t\u00e9rmino de 15 d\u00edas. Arts. 407-415 en relaci\u00f3n al Art. 130 del C\u00f3digo de Procedimiento Penal. <\/span><\/p><p><span style=\"color: #676767; font-family: Ubuntu; font-size: medium;\"><b>Recurso de Casaci\u00f3n: <\/b><\/span><\/p><p><span style=\"color: #676767; font-family: Ubuntu; font-size: medium;\">El Auto de Vista puede ser recurrido cuando existen Autos de Vista contradictorios sobre una situaci\u00f3n similar: en relaci\u00f3n al sentido jur\u00eddico, la aplicaci\u00f3n de las normas y su alcance, se debe invocar el precedente contradictorio en el t\u00e9rmino de 5 d\u00edas de notificado con el Auto de Vista. Arts. 416-420 en relaci\u00f3n al Art. 130 del C\u00f3digo de Procedimiento Penal.<\/span><\/p><\/td><\/tr><tr><td valign=\"middle\"><p><span style=\"color: #676767; font-family: Ubuntu; font-size: medium;\">Base legal<\/span><\/p><\/td><td valign=\"middle\"><ul><li><span style=\"color: #676767; font-family: Ubuntu; font-size: medium;\">Arts. 15-I), II), V) Constituci\u00f3n Pol\u00edtica del Estado. <\/span><\/li><li><span style=\"color: #676767; font-family: Ubuntu; font-size: medium;\">Art. 322 C\u00f3digo Penal. <\/span><\/li><li><span style=\"color: #676767; font-family: Ubuntu; font-size: medium;\">Arts. 16, 17, 19, 29-3),30, 36, 277- 371, 373, -374, 382-388, 393, 393 bis, 393 ter, 393 quater, 393 quinquer, 393 sexter del C\u00f3digo de Procedimiento Penal. <\/span><\/li><li><span style=\"color: #676767; font-family: Ubuntu; font-size: medium;\">Ley Integral Contra Trata y Tr\u00e1fico de Personas. Ley No 263 <br \/>Arts. 145-I) II), 147-I),148-I), II), III) -a), b), c) y d) del C\u00f3digo Ni\u00f1a, Ni\u00f1o y Adolescente. Ley N\u00b0 548 <br \/>Ley No 1173, Ley de Abreviaci\u00f3n Procesal Penal y Fortalecimiento de la Lucha Integral contra la Violencia a <br \/>Ni\u00f1as, Ni\u00f1os, Adolescentes y Mujeres. <\/span><\/li><li><span style=\"color: #676767; font-family: Ubuntu; font-size: medium;\">Art. 4 Declaraci\u00f3n Universal de Derechos Humanos. <\/span><\/li><li><span style=\"color: #676767; font-family: Ubuntu; font-size: medium;\">Arts. 5-1), 6, 19 Convenci\u00f3n sobre Derechos Humanos. Pacto de San Jos\u00e9 de Costa Rica. Ley 1430. <\/span><\/li><li><span style=\"color: #676767; font-family: Ubuntu; font-size: medium;\">Convenci\u00f3n Interamericana sobre Tr\u00e1fico Internacional de Menores. M\u00e9xico D.F. 18 de marzo 1994. Ley No 1725 de noviembre de 1996.<\/span><\/li><li><span style=\"color: #676767; font-family: Ubuntu; font-size: medium;\">Arts. 7, 8, 9, 11,35 Convenci\u00f3n de los Derechos del Ni\u00f1o. Ley No 1152.<\/span><\/li><\/ul><\/td><\/tr><tr><td valign=\"middle\"><p><span style=\"color: #676767; font-family: Ubuntu; font-size: medium;\">Recomendaciones a tomar en cuenta por la\/el abogada(o)<\/span><\/p><\/td><td valign=\"middle\"><ol><li><span style=\"color: #676767; font-family: Ubuntu; font-size: medium;\">Deben observarse las previsiones establecidas por la Ley No 263 Ley Integral Contra Trata y Tr\u00e1fico de Personas y las medidas preventivas establecidas en el art\u00edculo 149 del C\u00f3digo Ni\u00f1o, Ni\u00f1a y Adolescente. <\/span><\/li><li><span style=\"color: #676767; font-family: Ubuntu; font-size: medium;\">En caso de delitos en contra ni\u00f1as, ni\u00f1os, adolescentes y mujeres vinculados a distintas formas de violencia se aplicar\u00e1 el procedimiento previsto en T\u00edtulo VI \u201cProcedimiento Especial para casos de Violencia contra Ni\u00f1as, Ni\u00f1os, Adolescentes o Mujeres \u201c(Art. 393 septier al 393 duoter del C\u00f3digo de Procedimiento Penal) y procedimiento de establecido por la Ley No 348 en sus Arts. 86 al 100. <\/span><\/li><li><span style=\"color: #676767; font-family: Ubuntu; font-size: medium;\">Las notificaciones ser\u00e1n realizadas atrav\u00e9s de la Oficina Gestora de Procesos mediante el Buz\u00f3n de Notificaciones de Ciudadan\u00eda Digital, excepto las notificaciones que deben ser realizadas de manera personal. En caso no existir la tecnolog\u00eda las notificaciones ser\u00e1n realizadas en el domicilio procesal se\u00f1alado por las partes. <\/span><\/li><li><span style=\"color: #676767; font-family: Ubuntu; font-size: medium;\">En caso de flagrancia observar lo dispuesto por los Arts. 393, 393 Bis, 393 Ter, 393 quater, 393 quinquer, 393 sexter C\u00f3digo de Procedimiento Penal. <\/span><\/li><li><span style=\"color: #676767; font-family: Ubuntu; font-size: medium;\">Junto con la denuncia y\/o querella, se tiene que adjuntar toda la prueba que se pueda obtener o indicar d\u00f3nde puede ser habida. Adem\u00e1s, el informe psicol\u00f3gico. <\/span><\/li><li><span style=\"color: #676767; font-family: Ubuntu; font-size: medium;\">A tiempo de plantear la denuncia se debe solicitar las medidas de protecci\u00f3n establecidas por el Art. 35 Ley No 348 y las medidas de protecci\u00f3n especiales establecidas por los Arts. 389 al 389 quinquies del C\u00f3digo de Procedimiento Penal, que correspondan al caso. <\/span><\/li><li><span style=\"color: #676767; font-family: Ubuntu; font-size: medium;\">Se debe tomar en cuenta que las medidas de protecci\u00f3n especiales podr\u00e1n ser dispuestas, ratificadas o modificadas por los tribunales y jueces competentes en cualquier etapa del proceso penal. <\/span><\/li><li><span style=\"color: #676767; font-family: Ubuntu; font-size: medium;\">Las medidas de protecci\u00f3n especiales podr\u00e1n ser dispuestas por la o el fiscal, funcionaria\/o policial o cualquier otra autoridad prevista para la atenci\u00f3n a mujeres en situaci\u00f3n de violencia, tomando en cuenta lo establecido por los Arts. 389 ter, 389 quarter, 389 quinquies.<\/span><\/li><li><span style=\"color: #676767; font-family: Ubuntu; font-size: medium;\">Expl\u00edcitamente se proh\u00edbe la revictimizaci\u00f3n en todas las etapas del proceso penal, Art. 393 octer.<\/span><\/li><li><span style=\"color: #676767; font-family: Ubuntu; font-size: medium;\">En caso de violencia f\u00edsica o sexual contra mujeres cuya pena privativa de libertad sea igual o mayor a cuatro (4) a\u00f1os, la v\u00edctima podr\u00e1 solicitar el divorcio o desvinculaci\u00f3n conyugal por ruptura del proyecto de vida en com\u00fan, asimismo podr\u00e1 solicitar la asistencia familiar y la guarda de los hijos, en estos dos \u00faltimos casos su modificaci\u00f3n ser\u00e1 tramitada en la jurisdicci\u00f3n competente. Art. 393 deciter.<\/span><\/li><li><span style=\"color: #676767; font-family: Ubuntu; font-size: medium;\">La v\u00edctima de agresi\u00f3n sexual debe acudir de forma inmediata al Ministerio P\u00fablico y\/ o Fuerza Especial de Lucha Contra la Violencia sin realizar ning\u00fan tipo de limpieza en su cuerpo. La v\u00edctima no debe cambiarse las prendas de vestir que utilizaba a momento de cometerse el delito.<\/span><\/li><li><span style=\"color: #676767; font-family: Ubuntu; font-size: medium;\">Las agresiones f\u00edsicas y sexuales en casos de ni\u00f1as, ni\u00f1os, adolescentes y mujeres, y recolecci\u00f3n de evidencias deber\u00e1n ser certificadas por cualquier profesional de la salud perteneciente a instituci\u00f3n p\u00fablica. En caso de violencia sexual el personal de servicios p\u00fablicos podr\u00e1 recolectar las evidencias y enviarlas al IDIF o IITCUP (Instituto de Investigaciones T\u00e9cnico Cient\u00edfico de la Universidad Policial). Art. 393 noveter del C\u00f3digo de Procedimiento Penal. <\/span><\/li><li><span style=\"color: #676767; font-family: Ubuntu; font-size: medium;\">La\/el psic\u00f3loga\/o del servicio deber\u00e1 sugerir a la abogada\/o, los puntos generales a solicitar en pericia. De acuerdo al caso los puntos podr\u00e1n ampliarse o restringirse: <\/span><\/li><\/ol><ul><li style=\"list-style-type: none;\"><ul><li><span style=\"color: #676767; font-family: Ubuntu; font-size: medium;\">V\u00edctima: <\/span><ul><li><span style=\"color: #676767; font-family: Ubuntu; font-size: medium;\">Determinar la credibilidad del testimonio sobre el hecho denunciado. <\/span><\/li><li><span style=\"color: #676767; font-family: Ubuntu; font-size: medium;\">Establecer la existencia de consecuencias psicol\u00f3gicas producto de la violencia. <\/span><\/li><li><span style=\"color: #676767; font-family: Ubuntu; font-size: medium;\">Establecer la relaci\u00f3n causal entre la violencia y el da\u00f1o psicol\u00f3gico. <\/span><\/li><li><span style=\"color: #676767; font-family: Ubuntu; font-size: medium;\">Establecer presencia de lesiones y secuelas psicol\u00f3gicas presentes y futuras. <\/span><\/li><li><span style=\"color: #676767; font-family: Ubuntu; font-size: medium;\">Caracterizar la vulnerabilidad y personalidad de la v\u00edctima. <\/span><\/li><li><span style=\"color: #676767; font-family: Ubuntu; font-size: medium;\">Determinar si a partir de la violencia se mantienen o cronifican rasgos de la personalidad de la v\u00edctima. <\/span><\/li><\/ul><\/li><li><span style=\"color: #676767; font-family: Ubuntu; font-size: medium;\">Agresor: <\/span><ul><li><span style=\"color: #676767; font-family: Ubuntu; font-size: medium;\">Determinar caracter\u00edsticas de personalidad y si habr\u00eda presencia de psicopatolog\u00eda. <\/span><\/li><li><span style=\"color: #676767; font-family: Ubuntu; font-size: medium;\">Determinar el nivel de riesgo de acuerdo al hecho denunciado. <\/span><\/li><\/ul><\/li><\/ul><\/li><\/ul><ol start=\"14\"><li><span style=\"color: #676767; font-family: Ubuntu; font-size: medium;\">En la obtenci\u00f3n de la prueba se debe tomar en cuenta los requisitos de forma y fondo establecidos por el C\u00f3digo de Procedimiento Penal para su ofrecimiento, introducci\u00f3n y producci\u00f3n en juicio oral, conforme establecen los Arts. 13, 171 del C\u00f3digo de Procedimiento Penal y el Art. 8-2) Pacto de San Jos\u00e9 de Costa Rica. <\/span><\/li><li><span style=\"color: #676767; font-family: Ubuntu; font-size: medium;\">Se debe observar toda la prueba presentada por la parte contraria y objetarla en la v\u00eda incidental, siempre y cuando no cumpla los requisitos legales. <\/span><\/li><li><span style=\"color: #676767; font-family: Ubuntu; font-size: medium;\">Dentro del procedimiento penal, la v\u00edctima puede ser testigo, para ello debe tener informaci\u00f3n de lo que esto representa y tener un apoyo psicol\u00f3gico que permita establecer y valorar la pertinencia o no de su participaci\u00f3n dentro del juicio oral.<\/span><\/li><\/ol><\/td><\/tr><\/tbody><\/table><\/div>\n\t\t\t\t<\/div>\n\t\t\t\t<\/div>\n\t\t\t\t\t\t<\/div>\n\t\t\t\t\t<\/div>\n\t\t<\/div>\n\t\t\t\t\t\t\t\t<\/div>\n\t\t\t\t\t<\/div>\n\t\t<\/section>\n\t\t\t\t<section class=\"elementor-section elementor-top-section elementor-element elementor-element-9b8973b elementor-section-boxed elementor-section-height-default elementor-section-height-default\" data-id=\"9b8973b\" data-element_type=\"section\">\n\t\t\t\t\t\t<div class=\"elementor-container elementor-column-gap-default\">\n\t\t\t\t\t\t\t<div class=\"elementor-row\">\n\t\t\t\t\t<div class=\"elementor-column elementor-col-100 elementor-top-column elementor-element elementor-element-9ae695c\" data-id=\"9ae695c\" data-element_type=\"column\">\n\t\t\t<div class=\"elementor-column-wrap elementor-element-populated\">\n\t\t\t\t\t\t\t<div class=\"elementor-widget-wrap\">\n\t\t\t\t\t\t<div class=\"elementor-element elementor-element-77d6d0e elementor-widget elementor-widget-text-editor\" data-id=\"77d6d0e\" data-element_type=\"widget\" data-widget_type=\"text-editor.default\">\n\t\t\t\t<div class=\"elementor-widget-container\">\n\t\t\t\t\t<div class=\"elementor-text-editor elementor-clearfix\"><table cellspacing=\"0\" cellpadding=\"0\"><tbody><tr><td colspan=\"2\" valign=\"middle\"><h5 style=\"text-align: center;\"><span style=\"color: #43358b; font-family: Ubuntu; font-size: medium;\"><b>Violencia pol\u00edtica contra mujeres <\/b><\/span><\/h5><\/td><\/tr><tr><td valign=\"middle\"><p><span style=\"color: #676767; font-family: Ubuntu; font-size: medium;\">Tipo penal<\/span><\/p><\/td><td valign=\"middle\"><p><span style=\"color: #676767; font-family: Ubuntu; font-size: medium;\">\u201cQuien o quienes realicen actos y\/o agresiones f\u00edsicas y psicol\u00f3gicas contra mujeres candidatas, electas, designadas o en ejercicio de la funci\u00f3n pol\u00edtico-p\u00fablica y\/o en contra de sus familiares, para acortar, suspender e impedir el ejercicio de su mandato o su funci\u00f3n, ser\u00e1 sancionado con pena privativa de libertad de tres (3) a ocho (8) a\u00f1os. <\/span><\/p><p><span style=\"color: #676767; font-family: Ubuntu; font-size: medium;\">En caso de actos o agresiones sexuales contra mujeres candidatas, electas, designadas o en el ejercicio de la funci\u00f3n pol\u00edtico-p\u00fablica, se sancionar\u00e1 conforme dispone este C\u00f3digo Penal\u201d <b>Art. 148 Ter del C\u00f3digo Penal<\/b>.<\/span><\/p><\/td><\/tr><tr><td valign=\"middle\"><p><span style=\"color: #676767; font-family: Ubuntu; font-size: medium;\">Tipo de acci\u00f3n<\/span><\/p><\/td><td valign=\"middle\"><p><span style=\"color: #676767; font-family: Ubuntu; font-size: medium;\">Es de acci\u00f3n p\u00fablica.<\/span><\/p><\/td><\/tr><tr><td valign=\"middle\"><p><span style=\"color: #676767; font-family: Ubuntu; font-size: medium;\">Sujetos facultados para ejercer la acci\u00f3n<\/span><\/p><\/td><td valign=\"middle\"><p><span style=\"color: #676767; font-family: Ubuntu; font-size: medium;\">La v\u00edctima y el Ministerio P\u00fablico.<\/span><\/p><\/td><\/tr><tr><td valign=\"middle\"><p><span style=\"color: #676767; font-family: Ubuntu; font-size: medium;\">Competencia<\/span><\/p><\/td><td valign=\"middle\"><p><span style=\"color: #676767; font-family: Ubuntu; font-size: medium;\">Es competente el Juzgado de Instrucci\u00f3n en Materia de Violencia contra las Mujeres y el Juzgado de Sentencia en Materia de Violencia contra las Mujeres Art. 72, 72 bis de la Ley No 025 Ley del \u00d3rgano Judicial, en relaci\u00f3n al Art. 53 del C\u00f3digo de Procedimiento Penal.<\/span><\/p><\/td><\/tr><tr><td valign=\"top\"><p><span style=\"color: #676767; font-family: Ubuntu; font-size: medium;\">Prescripci\u00f3n de la acci\u00f3n<\/span><\/p><\/td><td valign=\"top\"><p><span style=\"color: #676767; font-family: Ubuntu; font-size: medium;\">Prescribe a los ocho a\u00f1os t\u00e9rmino que corre a partir de la media noche de la comisi\u00f3n del hecho o desde el momento en que se cometi\u00f3 el delito, o ces\u00f3 su consumaci\u00f3n. Arts. 29-1), 30 C\u00f3digo de Procedimiento Penal. <\/span><\/p><\/td><\/tr><tr><td valign=\"middle\"><p><span style=\"color: #676767; font-family: Ubuntu; font-size: medium;\">Duraci\u00f3n del proceso<\/span><\/p><\/td><td valign=\"middle\"><p><span style=\"color: #676767; font-family: Ubuntu; font-size: medium;\">M\u00e1ximo de tres a\u00f1os.<\/span><\/p><\/td><\/tr><tr><td valign=\"middle\"><p><span style=\"color: #676767; font-family: Ubuntu; font-size: medium;\">Recursos<\/span><\/p><\/td><td valign=\"middle\"><p><span style=\"color: #676767; font-family: Ubuntu; font-size: medium;\"><b>Recurso de Apelaci\u00f3n Restringida: <\/b><\/span><\/p><p><span style=\"color: #676767; font-family: Ubuntu; font-size: medium;\">La sentencia emitida puede ser apelada siempre que se haya realizado la reserva de la misma en la substanciaci\u00f3n del juicio, en el t\u00e9rmino de 15 d\u00edas. Arts. 407-415 en relaci\u00f3n al Art. 130 del C\u00f3digo de Procedimiento Penal. <\/span><\/p><p><span style=\"color: #676767; font-family: Ubuntu; font-size: medium;\"><b>Recurso de Casaci\u00f3n:<\/b><\/span><\/p><p><span style=\"color: #676767; font-family: Ubuntu; font-size: medium;\">El Auto de Vista puede ser recurrido cuando existen Autos de Vista contradictorios sobre una situaci\u00f3n similar: en relaci\u00f3n al sentido jur\u00eddico, la aplicaci\u00f3n de las normas y su alcance, se debe invocar el precedente contradictorio en el t\u00e9rmino de 5 d\u00edas de notificado con el Auto de Vista. Arts. 416-420 en relaci\u00f3n al Art. 130 del C\u00f3digo de Procedimiento Penal.<\/span><\/p><\/td><\/tr><tr><td valign=\"middle\"><p><span style=\"color: #676767; font-family: Ubuntu; font-size: medium;\">Base legal<\/span><\/p><\/td><td valign=\"middle\"><ul><li><span style=\"color: #676767; font-family: Ubuntu; font-size: medium;\">Arts. 15-I) y 26 Constituci\u00f3n Pol\u00edtica del Estado. <\/span><\/li><li><span style=\"color: #676767; font-family: Ubuntu; font-size: medium;\">Art. Art. 148 Ter del C\u00f3digo Penal. <\/span><\/li><li><span style=\"color: #676767; font-family: Ubuntu; font-size: medium;\">Arts. 16, 17, 19, 29-3),30, 36,277- 371, 373-374, 382-388, 393, 393 bis, 393 ter, 393 quater, 393 quinquer, 393 sexter del C\u00f3digo de Procedimiento Penal. <\/span><\/li><li><span style=\"color: #676767; font-family: Ubuntu; font-size: medium;\">Ley Contra el Acoso y Violencia Pol\u00edtica hacia las Mujeres. Ley No 243. <\/span><\/li><li><span style=\"color: #676767; font-family: Ubuntu; font-size: medium;\">Ley 2117 de 11 de septiembre de 2000 ratifica Convenci\u00f3n sobre los Derechos Pol\u00edticos de las Mujeres. <\/span><\/li><li><span style=\"color: #676767; font-family: Ubuntu; font-size: medium;\">Ley No 1173, Ley de Abreviaci\u00f3n Procesal Penal y Fortalecimiento de la Lucha Integral contra la Violencia a Ni\u00f1as, Ni\u00f1os, Adolescentes y Mujeres.<\/span><\/li><li><span style=\"color: #676767; font-family: Ubuntu; font-size: medium;\">Ley 1100. de 15 de septiembre de 1989 que ratifica la Convenci\u00f3n sobre todas las formas de Discriminaci\u00f3n contra la Mujer Art\u00edculos 7 y 8. <\/span><\/li><li><span style=\"color: #676767; font-family: Ubuntu; font-size: medium;\">Art. 4 Declaraci\u00f3n Universal de Derechos Humanos. <\/span><\/li><li><span style=\"color: #676767; font-family: Ubuntu; font-size: medium;\">Arts. 5-1), 6, 19 Convenci\u00f3n sobre Derechos Humanos. Pacto de San Jos\u00e9 de Costa Rica. Ley No 1430.<\/span><\/li><\/ul><\/td><\/tr><tr><td valign=\"middle\"><p><span style=\"color: #676767; font-family: Ubuntu; font-size: medium;\">Recomendaciones a tomar en cuenta por la\/el abogada(o)<\/span><\/p><\/td><td valign=\"middle\"><ol><li><span style=\"color: #676767; font-family: Ubuntu; font-size: medium;\">Deben observarse las previsiones establecidas por la Ley No 243 Ley Contra el Acoso y Violencia Pol\u00edtica hacia las Mujeres. <\/span><\/li><li><span style=\"color: #676767; font-family: Ubuntu; font-size: medium;\">En este tipo penal est\u00e1 prohibida la conciliaci\u00f3n por el Art. 23 de la Ley Contra el Acoso y Violencia Pol\u00edtica hacia las Mujeres. <\/span><\/li><li><span style=\"color: #676767; font-family: Ubuntu; font-size: medium;\">En caso de delitos en contra de mujeres vinculados a distintas formas de violencia se aplicar\u00e1 el procedimiento previsto en T\u00edtulo VI \u201cProcedimiento Especial para casos de Violencia contra Ni\u00f1as, Ni\u00f1os, Adolescentes o Mujeres \u201c(Art. 393 septier al 393 duoter del C\u00f3digo de Procedimiento Penal) y procedimiento de establecido por la Ley No 348 en sus Arts. 86 al 100. <\/span><\/li><li><span style=\"color: #676767; font-family: Ubuntu; font-size: medium;\">En caso de flagrancia observar lo dispuesto por los Arts. 393, 393 Bis, 393 Ter, 393 quater, 393 quinquer, 393 sexter C\u00f3digo de Procedimiento Penal. <\/span><\/li><li><span style=\"color: #676767; font-family: Ubuntu; font-size: medium;\">Las notificaciones ser\u00e1n realizadas a trav\u00e9s de la Oficina Gestora de Procesos mediante el Buz\u00f3n deNotificaciones de Ciudadan\u00eda Digital, excepto las notificaciones que deben ser realizadas de manera personal. En caso no existir la tecnolog\u00eda las notificaciones ser\u00e1n realizadas en el domicilio procesal se\u00f1alado por las partes. <\/span><\/li><li><span style=\"color: #676767; font-family: Ubuntu; font-size: medium;\">Junto con la denuncia y\/o querella, se tiene que adjuntar toda la prueba que se pueda obtener o indicar d\u00f3nde puede ser habida. Adem\u00e1s, el informe psicol\u00f3gico. <\/span><\/li><li><span style=\"color: #676767; font-family: Ubuntu; font-size: medium;\">A tiempo de plantear la denuncia se debe solicitar las medidas de protecci\u00f3n establecidas por el Art. 35 Ley No 348 y las medidas de protecci\u00f3n especiales establecidas por los Arts. 389 al 389 quinquies del C\u00f3digo de Procedimiento Penal, que correspondan al caso. <\/span><\/li><li><span style=\"color: #676767; font-family: Ubuntu; font-size: medium;\">Se debe tomar en cuenta que las medidas de protecci\u00f3n especiales podr\u00e1n ser dispuestas, ratificadas o modificadas por los tribunales y jueces competentes en cualquier etapa del proceso penal. <\/span><\/li><li><span style=\"color: #676767; font-family: Ubuntu; font-size: medium;\">Las medidas de protecci\u00f3n especiales podr\u00e1n ser dispuestas por la o el fiscal, funcionaria\/o policial o cualquier otra autoridad prevista para la atenci\u00f3n a mujeres en situaci\u00f3n de violencia, tomando en cuenta lo establecido por los Arts. 389 ter, 389 quarter, 389 quinquies. <\/span><\/li><li><span style=\"color: #676767; font-family: Ubuntu; font-size: medium;\">Expl\u00edcitamente se proh\u00edbe la revictimizaci\u00f3n en todas las etapas del proceso penal, Art. 393 octer. <\/span><\/li><li><span style=\"color: #676767; font-family: Ubuntu; font-size: medium;\">En la obtenci\u00f3n de la prueba se debe tomar en cuenta los requisitos de forma y fondo establecidos por el C\u00f3digo de Procedimiento Penal para su ofrecimiento, introducci\u00f3n y producci\u00f3n en juicio oral, conforme establecen los Arts. 13, 171 del C\u00f3digo de Procedimiento Penal y el Art. 8-2) Pacto de San Jos\u00e9 de Costa Rica.<\/span><\/li><li><span style=\"color: #676767; font-family: Ubuntu; font-size: medium;\">Se debe observar toda la prueba presentada por la parte contraria y objetarla en la v\u00eda incidental, siempre y cuando no cumpla los requisitos legales.<\/span><\/li><li><span style=\"color: #676767; font-family: Ubuntu; font-size: medium;\">Dentro del procedimiento penal, la v\u00edctima puede ser testigo, para ello debe tener informaci\u00f3n de lo que esto representa y tener un apoyo psicol\u00f3gico que permita establecer y valorar la pertinencia o no de su participaci\u00f3n dentro del juicio oral.<\/span><\/li><\/ol><\/td><\/tr><\/tbody><\/table><\/div>\n\t\t\t\t<\/div>\n\t\t\t\t<\/div>\n\t\t\t\t\t\t<\/div>\n\t\t\t\t\t<\/div>\n\t\t<\/div>\n\t\t\t\t\t\t\t\t<\/div>\n\t\t\t\t\t<\/div>\n\t\t<\/section>\n\t\t\t\t<section class=\"elementor-section elementor-top-section elementor-element elementor-element-dda2637 elementor-section-boxed elementor-section-height-default elementor-section-height-default\" data-id=\"dda2637\" data-element_type=\"section\">\n\t\t\t\t\t\t<div class=\"elementor-container elementor-column-gap-default\">\n\t\t\t\t\t\t\t<div class=\"elementor-row\">\n\t\t\t\t\t<div class=\"elementor-column elementor-col-100 elementor-top-column elementor-element elementor-element-c7fb2a1\" data-id=\"c7fb2a1\" data-element_type=\"column\">\n\t\t\t<div class=\"elementor-column-wrap elementor-element-populated\">\n\t\t\t\t\t\t\t<div class=\"elementor-widget-wrap\">\n\t\t\t\t\t\t<div class=\"elementor-element elementor-element-dd56918 elementor-widget elementor-widget-text-editor\" data-id=\"dd56918\" data-element_type=\"widget\" data-widget_type=\"text-editor.default\">\n\t\t\t\t<div class=\"elementor-widget-container\">\n\t\t\t\t\t<div class=\"elementor-text-editor elementor-clearfix\"><table cellspacing=\"0\" cellpadding=\"0\"><tbody><tr><td colspan=\"2\" valign=\"middle\"><h5 style=\"text-align: center;\"><span style=\"color: #43358b; font-family: Ubuntu; font-size: medium;\"><b>Procedimiento de reparaci\u00f3n del da\u00f1o <\/b><\/span><\/h5><\/td><\/tr><tr><td valign=\"middle\"><p><span style=\"color: #676767; font-family: Ubuntu; font-size: medium;\">Definici\u00f3n<\/span><\/p><\/td><td valign=\"middle\"><p><span style=\"color: #676767; font-family: Ubuntu; font-size: medium;\">Ejecutoriada la sentencia de condena o la que imponga una medida de seguridad por inimputabilidad o semiimputabilidad, el querellante o el fiscal podr\u00e1n solicitar al juez de sentencia que ordene la reparaci\u00f3n del da\u00f1o causado o la indemnizaci\u00f3n correspondiente. La v\u00edctima que no haya intervenido en el proceso podr\u00e1 optar por esta v\u00eda, dentro de los tres (3) meses de informada de la sentencia firme.<\/span><\/p><\/td><\/tr><tr><td valign=\"middle\"><p><span style=\"color: #676767; font-family: Ubuntu; font-size: medium;\">Tipo de acci\u00f3n<\/span><\/p><\/td><td valign=\"middle\"><p><span style=\"color: #676767; font-family: Ubuntu; font-size: medium;\">Es de acci\u00f3n privada.<\/span><\/p><\/td><\/tr><tr><td valign=\"middle\"><p><span style=\"color: #676767; font-family: Ubuntu; font-size: medium;\">Sujetos facultados para ejercer la acci\u00f3n<\/span><\/p><\/td><td valign=\"middle\"><p><span style=\"color: #676767; font-family: Ubuntu; font-size: medium;\">La v\u00edctima, querellante y el Ministerio P\u00fablico.<\/span><\/p><\/td><\/tr><tr><td valign=\"middle\"><p><span style=\"color: #676767; font-family: Ubuntu; font-size: medium;\">Competencia<\/span><\/p><\/td><td valign=\"middle\"><p><span style=\"color: #676767; font-family: Ubuntu; font-size: medium;\">Es competente el Juez de Sentencia en Materia Penal o en Materia de Violencia hacia las Mujeres en relaci\u00f3n al Art. 382 del C\u00f3digo de Procedimiento Penal.<\/span><\/p><\/td><\/tr><tr><td valign=\"middle\"><p><span style=\"color: #676767; font-family: Ubuntu; font-size: medium;\">Caducidad de la acci\u00f3n<\/span><\/p><\/td><td valign=\"middle\"><p><span style=\"color: #676767; font-family: Ubuntu; font-size: medium;\">La acci\u00f3n para demandar la reparaci\u00f3n o indemnizaci\u00f3n del da\u00f1o, por medio de este procedimiento especial, caducar\u00e1 a los dos (2) a\u00f1os de ejecutoriada la sentencia de condena o la que impone la medida de seguridad. Art. 388.<\/span><\/p><\/td><\/tr><tr><td valign=\"middle\"><p><span style=\"color: #676767; font-family: Ubuntu; font-size: medium;\">Duraci\u00f3n del proceso<\/span><\/p><\/td><td valign=\"middle\"><p><span style=\"color: #676767; font-family: Ubuntu; font-size: medium;\">Indeterminado.<\/span><\/p><\/td><\/tr><tr><td valign=\"middle\"><p><span style=\"color: #676767; font-family: Ubuntu; font-size: medium;\">Recursos<\/span><\/p><\/td><td valign=\"middle\"><p><span style=\"color: #676767; font-family: Ubuntu; font-size: medium;\"><b>Recurso de Apelaci\u00f3n Incidental: <\/b><\/span><\/p><p><span style=\"color: #676767; font-family: Ubuntu; font-size: medium;\">La resoluci\u00f3n ser\u00e1 apelable en efecto devolutivo, sin recurso ulterior, en el t\u00e9rmino de 3 d\u00edas. Arts. 403-406 en relaci\u00f3n al Art. 130 del C\u00f3digo de Procedimiento Penal.<\/span><\/p><p><span style=\"color: #676767; font-family: Ubuntu; font-size: medium;\"><b>Recurso de Casaci\u00f3n:<\/b><\/span><\/p><p><span style=\"color: #676767; font-family: Ubuntu; font-size: medium;\">La demanda para la reparaci\u00f3n no admite recurso de casaci\u00f3n.<\/span><\/p><\/td><\/tr><tr><td valign=\"middle\"><p><span style=\"color: #676767; font-family: Ubuntu; font-size: medium;\">Base legal<\/span><\/p><\/td><td valign=\"middle\"><ul><li><b><\/b><span style=\"color: #676767; font-family: Ubuntu; font-size: medium;\">Arts. 63-I) Constituci\u00f3n Pol\u00edtica del Estado. <\/span><\/li><li><b><\/b><span style=\"color: #676767; font-family: Ubuntu; font-size: medium;\">Art. 240 C\u00f3digo Penal. <\/span><\/li><li><b><\/b><span style=\"color: #676767; font-family: Ubuntu; font-size: medium;\">Arts. 16, 17, 19, 29-3), 30, 36, 277-371, 382, 383, 384, 385, 386 y 387 del C\u00f3digo de Procedimiento Penal. <\/span><\/li><li><b><\/b><span style=\"color: #676767; font-family: Ubuntu; font-size: medium;\">Arts. 45-8), 98 de la Ley N\u00b0 348, Ley Integral para Garantizar a las Mujeres una Vida Libre de Violencia. Ley No 348.<\/span><\/li><li><b><\/b><span style=\"color: #676767; font-family: Ubuntu; font-size: medium;\">Arts. 1, 2, 3, 4 Convenci\u00f3n Interamericana para Prevenir, Sancionar y Erradicar la Violencia contra la Mujer <\/span><\/li><\/ul><p><span style=\"color: #676767; font-family: Ubuntu; font-size: medium;\">\u201cConvenci\u00f3n de Bel\u00e9m do Par\u00e1\u201d, Ley No 1599.<\/span><\/p><\/td><\/tr><tr><td valign=\"middle\"><p><span style=\"color: #676767; font-family: Ubuntu; font-size: medium;\">Recomendaciones a tomar en cuenta por la\/el abogada(o)<\/span><\/p><\/td><td valign=\"middle\"><ol><li><span style=\"color: #676767; font-family: Ubuntu; font-size: medium;\">Junto con la demanda se deber\u00e1n adjuntar todos los respaldos pertinentes para acreditar los gastos realizados.<\/span><\/li><li><span style=\"color: #676767; font-family: Ubuntu; font-size: medium;\">Se deber\u00e1 adjuntar a la demanda copia simple de la sentencia que impone condena o medida de seguridad.<\/span><\/li><li><span style=\"color: #676767; font-family: Ubuntu; font-size: medium;\">Ante la existencia de defectos formales, el juez dispondr\u00e1 a correcci\u00f3n de los mismos en el plazo m\u00e1ximo de cinco (5) d\u00edas. Bajo advertencia de desestimar a demanda.<\/span><\/li><li><span style=\"color: #676767; font-family: Ubuntu; font-size: medium;\">La desestimaci\u00f3n de la demanda, no impide la ampliaci\u00f3n de la acci\u00f3n la v\u00eda resarcitoria civil.<\/span><\/li><li><span style=\"color: #676767; font-family: Ubuntu; font-size: medium;\">Admitida la demanda el Juez se\u00f1alar\u00e1 audiencia en el plazo de cinco d\u00edas (5) a partir de su notificaci\u00f3n.<\/span><\/li><li><span style=\"color: #676767; font-family: Ubuntu; font-size: medium;\">En caso de ser necesaria la realizaci\u00f3n de diligencias previas, se deber\u00e1n dirigir ante el Juez de Sentencia en materia Penal.<\/span><\/li><li><span style=\"color: #676767; font-family: Ubuntu; font-size: medium;\">De haberse realizado recomendaciones por parte del m\u00e9dico forense o cualquier profesional de la salud se adjuntar\u00e1n proformas que consignen las acciones necesarias.<\/span><\/li><li><span style=\"color: #676767; font-family: Ubuntu; font-size: medium;\">Debe tenerse en cuenta que la incomparecencia a la audiencia se\u00f1alada por el Juez de sentencia, ser\u00e1 entendida como desistimiento de la demanda.<\/span><\/li><li><span style=\"color: #676767; font-family: Ubuntu; font-size: medium;\">En caso de que la v\u00edctima no se haya constituido en querellante o no haya sido parte del proceso, deber\u00e1 demandar dentro de los 3 despu\u00e9s de haberse enterado de la existencia de la sentencia condenatoria.<\/span><\/li><li><span style=\"color: #676767; font-family: Ubuntu; font-size: medium;\">El plazo de caducidad para interponer demanda de reparaci\u00f3n de da\u00f1os es de 2 a\u00f1os desde la declaratoria de ejecutor\u00eda de la sentencia.<\/span><\/li><li><span style=\"color: #676767; font-family: Ubuntu; font-size: medium;\">Ante la sentencia, s\u00f3lo procede el recurso de apelaci\u00f3n incidental en el efecto devolutivo.<\/span><\/li><\/ol><\/td><\/tr><\/tbody><\/table><\/div>\n\t\t\t\t<\/div>\n\t\t\t\t<\/div>\n\t\t\t\t\t\t<\/div>\n\t\t\t\t\t<\/div>\n\t\t<\/div>\n\t\t\t\t\t\t\t\t<\/div>\n\t\t\t\t\t<\/div>\n\t\t<\/section>\n\t\t\t\t<section class=\"elementor-section elementor-top-section elementor-element elementor-element-3b808a7 elementor-section-boxed elementor-section-height-default elementor-section-height-default\" data-id=\"3b808a7\" data-element_type=\"section\">\n\t\t\t\t\t\t<div class=\"elementor-container elementor-column-gap-default\">\n\t\t\t\t\t\t\t<div class=\"elementor-row\">\n\t\t\t\t\t<div class=\"elementor-column elementor-col-100 elementor-top-column elementor-element elementor-element-96b0eae\" data-id=\"96b0eae\" data-element_type=\"column\">\n\t\t\t<div class=\"elementor-column-wrap elementor-element-populated\">\n\t\t\t\t\t\t\t<div class=\"elementor-widget-wrap\">\n\t\t\t\t\t\t<div class=\"elementor-element elementor-element-460569d elementor-widget elementor-widget-text-editor\" data-id=\"460569d\" data-element_type=\"widget\" data-widget_type=\"text-editor.default\">\n\t\t\t\t<div class=\"elementor-widget-container\">\n\t\t\t\t\t<div class=\"elementor-text-editor elementor-clearfix\"><p><img loading=\"lazy\" decoding=\"async\" class=\"alignnone size-full wp-image-4536\" src=\"http:\/\/alvi.centrojuanaazurduy.org\/wp-content\/uploads\/2021\/06\/13.png\" alt=\"\" width=\"3462\" height=\"2546\" \/><\/p><p><img loading=\"lazy\" decoding=\"async\" class=\"alignnone size-full wp-image-4537\" src=\"http:\/\/alvi.centrojuanaazurduy.org\/wp-content\/uploads\/2021\/06\/14.png\" alt=\"\" width=\"3540\" height=\"2588\" \/><\/p><p><img loading=\"lazy\" decoding=\"async\" class=\"alignnone size-full wp-image-4538\" src=\"http:\/\/alvi.centrojuanaazurduy.org\/wp-content\/uploads\/2021\/06\/15.png\" alt=\"\" width=\"3574\" height=\"2508\" \/><\/p><p><img loading=\"lazy\" decoding=\"async\" class=\"alignnone size-full wp-image-4539\" src=\"http:\/\/alvi.centrojuanaazurduy.org\/wp-content\/uploads\/2021\/06\/16.png\" alt=\"\" width=\"2486\" height=\"3268\" \/><\/p><p><img loading=\"lazy\" decoding=\"async\" class=\"alignnone size-full wp-image-4540\" src=\"http:\/\/alvi.centrojuanaazurduy.org\/wp-content\/uploads\/2021\/06\/17.png\" alt=\"\" width=\"3512\" height=\"2292\" \/><\/p><p><img loading=\"lazy\" decoding=\"async\" class=\"alignnone size-full wp-image-4541\" src=\"http:\/\/alvi.centrojuanaazurduy.org\/wp-content\/uploads\/2021\/06\/18.png\" alt=\"\" width=\"2328\" height=\"2128\" \/><\/p><p><img loading=\"lazy\" decoding=\"async\" class=\"alignnone size-full wp-image-4542\" src=\"http:\/\/alvi.centrojuanaazurduy.org\/wp-content\/uploads\/2021\/06\/19.png\" alt=\"\" width=\"3468\" height=\"2266\" \/><\/p><p><img loading=\"lazy\" decoding=\"async\" class=\"alignnone size-full wp-image-4543\" src=\"http:\/\/alvi.centrojuanaazurduy.org\/wp-content\/uploads\/2021\/06\/20.png\" alt=\"\" width=\"3684\" height=\"2480\" \/><\/p><p><img loading=\"lazy\" decoding=\"async\" class=\"alignnone size-full wp-image-4544\" src=\"http:\/\/alvi.centrojuanaazurduy.org\/wp-content\/uploads\/2021\/06\/21.png\" alt=\"\" width=\"3386\" height=\"2278\" \/><\/p><p><img loading=\"lazy\" decoding=\"async\" class=\"alignnone size-full wp-image-4545\" src=\"http:\/\/alvi.centrojuanaazurduy.org\/wp-content\/uploads\/2021\/06\/22.png\" alt=\"\" width=\"3398\" height=\"2478\" \/><\/p><p><img loading=\"lazy\" decoding=\"async\" class=\"alignnone size-full wp-image-4546\" src=\"http:\/\/alvi.centrojuanaazurduy.org\/wp-content\/uploads\/2021\/06\/23.png\" alt=\"\" width=\"3896\" height=\"2064\" \/><\/p><p><img loading=\"lazy\" decoding=\"async\" class=\"alignnone size-full wp-image-4547\" src=\"http:\/\/alvi.centrojuanaazurduy.org\/wp-content\/uploads\/2021\/06\/24.png\" alt=\"\" width=\"3544\" height=\"2590\" \/><\/p><p><img loading=\"lazy\" decoding=\"async\" class=\"alignnone size-full wp-image-4548\" src=\"http:\/\/alvi.centrojuanaazurduy.org\/wp-content\/uploads\/2021\/06\/25.png\" alt=\"\" width=\"3652\" height=\"2504\" \/><\/p><p><img loading=\"lazy\" decoding=\"async\" class=\"alignnone size-full wp-image-4549\" src=\"http:\/\/alvi.centrojuanaazurduy.org\/wp-content\/uploads\/2021\/06\/26.png\" alt=\"\" width=\"3178\" height=\"1642\" \/><\/p><p>\u00a0<\/p><\/div>\n\t\t\t\t<\/div>\n\t\t\t\t<\/div>\n\t\t\t\t\t\t<\/div>\n\t\t\t\t\t<\/div>\n\t\t<\/div>\n\t\t\t\t\t\t\t\t<\/div>\n\t\t\t\t\t<\/div>\n\t\t<\/section>\n\t\t\t\t<section class=\"elementor-section elementor-top-section elementor-element elementor-element-949656d elementor-section-boxed elementor-section-height-default elementor-section-height-default\" data-id=\"949656d\" data-element_type=\"section\">\n\t\t\t\t\t\t<div class=\"elementor-container elementor-column-gap-default\">\n\t\t\t\t\t\t\t<div class=\"elementor-row\">\n\t\t\t\t\t<div class=\"elementor-column elementor-col-100 elementor-top-column elementor-element elementor-element-c9dbaba\" data-id=\"c9dbaba\" data-element_type=\"column\">\n\t\t\t<div class=\"elementor-column-wrap elementor-element-populated\">\n\t\t\t\t\t\t\t<div class=\"elementor-widget-wrap\">\n\t\t\t\t\t\t<div class=\"elementor-element elementor-element-338102d elementor-widget elementor-widget-heading\" data-id=\"338102d\" data-element_type=\"widget\" data-widget_type=\"heading.default\">\n\t\t\t\t<div class=\"elementor-widget-container\">\n\t\t\t<h3 class=\"elementor-heading-title elementor-size-default\">5.2.2. Derecho de las familias<\/h3>\t\t<\/div>\n\t\t\t\t<\/div>\n\t\t\t\t\t\t<\/div>\n\t\t\t\t\t<\/div>\n\t\t<\/div>\n\t\t\t\t\t\t\t\t<\/div>\n\t\t\t\t\t<\/div>\n\t\t<\/section>\n\t\t\t\t<section class=\"elementor-section elementor-top-section elementor-element elementor-element-7ef6e7d elementor-section-boxed elementor-section-height-default elementor-section-height-default\" data-id=\"7ef6e7d\" data-element_type=\"section\">\n\t\t\t\t\t\t<div class=\"elementor-container elementor-column-gap-default\">\n\t\t\t\t\t\t\t<div class=\"elementor-row\">\n\t\t\t\t\t<div class=\"elementor-column elementor-col-100 elementor-top-column elementor-element elementor-element-19153d8\" data-id=\"19153d8\" data-element_type=\"column\">\n\t\t\t<div class=\"elementor-column-wrap elementor-element-populated\">\n\t\t\t\t\t\t\t<div class=\"elementor-widget-wrap\">\n\t\t\t\t\t\t<div class=\"elementor-element elementor-element-d35cff6 elementor-widget elementor-widget-text-editor\" data-id=\"d35cff6\" data-element_type=\"widget\" data-widget_type=\"text-editor.default\">\n\t\t\t\t<div class=\"elementor-widget-container\">\n\t\t\t\t\t<div class=\"elementor-text-editor elementor-clearfix\"><div title=\"Page 31\"><table cellspacing=\"0\" cellpadding=\"0\"><tbody><tr><td colspan=\"2\" valign=\"middle\"><h5 style=\"text-align: center;\"><span style=\"color: #43358b; font-family: Ubuntu; font-size: medium;\"><b>Asistencia familiar cuando existe acuerdo <\/b><\/span><\/h5><\/td><\/tr><tr><td valign=\"middle\"><p><span style=\"color: #676767; font-family: Ubuntu; font-size: medium;\">Definici\u00f3n<\/span><\/p><\/td><td valign=\"middle\"><p><span style=\"color: #676767; font-family: Ubuntu; font-size: medium;\">Es la ayuda y cooperaci\u00f3n que en el \u00e1mbito de la comunidad familiar deben prestarse entre s\u00ed quienes la constituyen en raz\u00f3n de sus v\u00ednculos jur\u00eddicos y naturales, y comprende los recursos que garantizan lo indispensable para la alimentaci\u00f3n, salud, educaci\u00f3n, vivienda, recreaci\u00f3n y vestimenta.<\/span><\/p><\/td><\/tr><tr><td valign=\"middle\"><p><span style=\"color: #676767; font-family: Ubuntu; font-size: medium;\">Sujetos facultados para ejercer la acci\u00f3n<\/span><\/p><\/td><td valign=\"middle\"><p><span style=\"color: #676767; font-family: Ubuntu; font-size: medium;\"><b>Son beneficiarios: <\/b>La\/el c\u00f3nyuge, los padres, las\/os hermanas\/os, los abuelos, las\/los hijas\/os, las\/los nietas\/os, la\/el adoptante, la\/el adoptado. Excepcionalmente nueras, yernos, suegras\/os, \u00e9stos tambi\u00e9n se constituyen en <b>obligados<\/b>.<\/span><\/p><\/td><\/tr><tr><td valign=\"middle\"><p><span style=\"color: #676767; font-family: Ubuntu; font-size: medium;\">Prescripci\u00f3n de la acci\u00f3n <\/span><\/p><\/td><td valign=\"middle\"><p><span style=\"color: #676767; font-family: Ubuntu; font-size: medium;\">No corresponde.<\/span><\/p><\/td><\/tr><tr><td valign=\"middle\"><p><span style=\"color: #676767; font-family: Ubuntu; font-size: medium;\">Competencia y tipo de proceso<\/span><\/p><\/td><td valign=\"middle\"><p><span style=\"color: #676767; font-family: Ubuntu; font-size: medium;\">Es competente para conocer este proceso el Juez P\u00fablico en Materia Familiar, Art. 222 y 223 del C\u00f3digo de las Familias y del Proceso Familiar, Ley No 603.<\/span><\/p><\/td><\/tr><tr><td valign=\"middle\"><p><span style=\"color: #676767; font-family: Ubuntu; font-size: medium;\">Es un proceso<\/span><\/p><\/td><td valign=\"middle\"><p><span style=\"color: #676767; font-family: Ubuntu; font-size: medium;\">Por la naturaleza del \u00f3rgano que interviene: <b>Judicial <\/b><\/span><\/p><p><span style=\"color: #676767; font-family: Ubuntu; font-size: medium;\">Por su contenido: <b>Voluntario<\/b><\/span><\/p><p><span style=\"color: #676767; font-family: Ubuntu; font-size: medium;\">Por su finalidad: <b>De conocimiento<\/b><\/span><\/p><p><span style=\"color: #676767; font-family: Ubuntu; font-size: medium;\">Por su estructura: <b>Resoluci\u00f3n Inmediata<\/b><\/span><\/p><\/td><\/tr><tr><td valign=\"middle\"><p><span style=\"color: #676767; font-family: Ubuntu; font-size: medium;\">Duraci\u00f3n del proceso<\/span><\/p><\/td><td valign=\"middle\"><p><span style=\"color: #676767; font-family: Ubuntu; font-size: medium;\">Los plazos legales est\u00e1n establecidos en los. Arts. 445,448 de la Ley No 603.<\/span><\/p><\/td><\/tr><tr><td valign=\"middle\"><p><span style=\"color: #676767; font-family: Ubuntu; font-size: medium;\">Recursos<\/span><\/p><\/td><td valign=\"middle\"><p><span style=\"color: #676767; font-family: Ubuntu; font-size: medium;\">No admite recurso. <\/span><\/p><\/td><\/tr><tr><td valign=\"middle\"><p><span style=\"color: #676767; font-family: Ubuntu; font-size: medium;\">Base legal<\/span><\/p><\/td><td valign=\"middle\"><ul><li><b><\/b><span style=\"color: #676767; font-family: Ubuntu; font-size: medium;\">Art. 58, 59, 60 y 62 de la Constituci\u00f3n Pol\u00edtica del Estado. <\/span><\/li><li><b><\/b><span style=\"color: #676767; font-family: Ubuntu; font-size: medium;\">Art. 8, 11, 12, 17 y 41 del C\u00f3digo Ni\u00f1a, Ni\u00f1o y Adolescente, Ley No 548. <\/span><\/li><li><b><\/b><span style=\"color: #676767; font-family: Ubuntu; font-size: medium;\">Arts. 109-127, 445-449 del C\u00f3digo de las Familias y del Proceso Familiar, Ley No 603. <\/span><\/li><li><b><\/b><span style=\"color: #676767; font-family: Ubuntu; font-size: medium;\">Art. 6 de la Convenci\u00f3n sobre los Derechos del Ni\u00f1o, Ley No 1152.<\/span><\/li><\/ul><\/td><\/tr><tr><td valign=\"middle\"><p><span style=\"color: #676767; font-family: Ubuntu; font-size: medium;\">Recomendaciones a tomar en cuenta por la\/el abogada(o)<\/span><\/p><\/td><td valign=\"middle\"><p><span style=\"color: #676767; font-family: Ubuntu; font-size: medium;\">1. Este tr\u00e1mite procede cuando existe un acuerdo sobre la asistencia familiar establecido mediante documento p\u00fablico o documento privado reconocido ante Notario de Fe P\u00fablica o ante un conciliador judicial. <\/span><\/p><p><span style=\"color: #676767; font-family: Ubuntu; font-size: medium;\">2. Se debe tomar en cuenta que ninguna asistencia familiar puede ser menor al 20% del salario m\u00ednimo nacional. Cuando el Gobierno decrete un incremento al salario m\u00ednimo vital, la autoridad judicial debe de oficio, efectuar el reajuste de la asistencia fijada. <\/span><\/p><p><span style=\"color: #676767; font-family: Ubuntu; font-size: medium;\">3. El acuerdo deber\u00e1 consignar las generales de ley de las partes, el nombre de las o los beneficiarios, el monto mensual de asistencia familiar, la fecha desde la que se computar\u00e1 el pago de la misma, el derecho de visita, el lugar y forma de pago de la asistencia familiar y la conformidad de las partes. <\/span><\/p><p><span style=\"color: #676767; font-family: Ubuntu; font-size: medium;\">4. En la demanda deben consignarse todos los requisitos exigidos en el Art. 259del C\u00f3digo de las Familias y del Proceso Familiar y adjuntarse toda la prueba documental que acredite la pretensi\u00f3n (documento p\u00fablico, documento privado reconocido de otorgaci\u00f3n de asistencia familiar y certificados nacimiento que acrediten la relaci\u00f3n de parentesco o certificado de matrimonio). <\/span><\/p><p><span style=\"color: #676767; font-family: Ubuntu; font-size: medium;\">5. Admitida la demanda con el cumplimiento de los requisitos formales y adjuntando los t\u00edtulos o documentos en que se funde la pretensi\u00f3n, la autoridad judicial valorar\u00e1 la pretensi\u00f3n y dispondr\u00e1 la citaci\u00f3n, cuando corresponda. De no presentarse oposici\u00f3n a la pretensi\u00f3n, la autoridad judicial emitir\u00e1 Resoluci\u00f3n. <\/span><\/p><p><span style=\"color: #676767; font-family: Ubuntu; font-size: medium;\">6. En caso de existir oposici\u00f3n, la autoridad judicial podr\u00e1 considerar la necesidad de una audiencia, la misma que ser\u00e1 fijada en el t\u00e9rmino de tres 3 d\u00edas y emitir\u00e1 auto definitivo en el plazo de cinco d\u00edas. <\/span><\/p><p><span style=\"color: #676767; font-family: Ubuntu; font-size: medium;\">7. La parte obligada tendr\u00e1 el plazo de 5 d\u00edas para oponer las excepciones previstas en el Art. 252 del C\u00f3digo de las Familias y del Proceso Familiar, excepto la excepci\u00f3n de prescripci\u00f3n. <\/span><\/p><p><span style=\"color: #676767; font-family: Ubuntu; font-size: medium;\">8. Cuando exista acuerdo sobre asistencia familiar celebrado entre las partes y si no contare con reconocimiento de firma y r\u00fabrica, se podr\u00e1 solicitar a la autoridad judicial intimaci\u00f3n a la parte requerida para que cumpla la obligaci\u00f3n asistencial. El intimado al reconocer su firma y r\u00fabrica, una vez citado tiene el plazo de cinco d\u00edas para presentar oposici\u00f3n, si se opone el proceso se someter\u00e1 al r\u00e9gimen extraordinario. <\/span><\/p><p><span style=\"color: #676767; font-family: Ubuntu; font-size: medium;\">9. De no existir oposici\u00f3n la autoridad judicial emitir\u00e1 resoluci\u00f3n inmediata en relaci\u00f3n a la obligaci\u00f3n de asistencia familiar. <\/span><\/p><p><span style=\"color: #676767; font-family: Ubuntu; font-size: medium;\">10. El subsidio prenatal y el subsidio de lactancia, que reciben los trabajadores asalariados como un beneficio, debe ser entregado en su totalidad al o la beneficiario\/ria o a quien tenga la guarda de la ni\u00f1a o el ni\u00f1o, la autoridad judicial ordenar\u00e1 la entrega correspondiente. <\/span><\/p><p><span style=\"color: #676767; font-family: Ubuntu; font-size: medium;\">11. La asistencia familiar en especie puede otorgarse adem\u00e1s de la asistencia monetaria, debiendo consignarse que en caso de incumplimiento la misma deber\u00e1 ser monetizada en un monto que debe ser acordado previamente por las partes. <\/span><\/p><p><span style=\"color: #676767; font-family: Ubuntu; font-size: medium;\">12. Cuando la o el beneficiario solicite el pago de los gastos extraordinarios relacionados a necesidades emergentes imperativas o ineludible, podr\u00e1n ser pagados por la o el obligado en proporci\u00f3n a sus posibilidades por acuerdo de partes o determinaci\u00f3n judicial. <\/span><\/p><p><span style=\"color: #676767; font-family: Ubuntu; font-size: medium;\">13. El acuerdo no tiene calidad de cosa juzgada o fallo definitivo, no causa estado por ello puede ser modificado de acuerdo a las necesidades del beneficiario y a la capacidad econ\u00f3mica del obligado, interponiendo una demanda de reajuste, rebaja o cesaci\u00f3n de asistencia familiar. <\/span><\/p><p><span style=\"color: #676767; font-family: Ubuntu; font-size: medium;\">14. La asistencia familiar corre a partir de la fecha de suscripci\u00f3n del acuerdo y no se retrotrae al momento del nacimiento de la hija o el hijo. <\/span><\/p><p><span style=\"color: #676767; font-family: Ubuntu; font-size: medium;\">15. La fijaci\u00f3n de asistencia familiar no garantiza el cumplimiento de la obligaci\u00f3n por parte del demandado, pero faculta a exigir su cumplimiento a trav\u00e9s del Mandamiento de apremio.<\/span><\/p><p><span style=\"color: #676767; font-family: Ubuntu; font-size: medium;\">16. La asistencia familiar a favor de las hijas o de los hijos menores e incapaces es irrenunciable e intransferible.<\/span><\/p><p><span style=\"color: #676767; font-family: Ubuntu; font-size: medium;\">17. Se debe explicar a la usuaria que una vez que se ejecuta el mandamiento de apremio, el obligado puede salir de la c\u00e1rcel cumplidos seis meses sin pagar lo adeudado, bajo juramento de cumplir con su obligaci\u00f3n devengada y no puede ser detenido dentro de los seis meses siguientes.<\/span><\/p><p><span style=\"color: #676767; font-family: Ubuntu; font-size: medium;\">18. Ambos c\u00f3nyuges en el mismo documento podr\u00e1n acordar el derecho y el deber de visita en las condiciones que contribuyan al desarrollo integral de las y los hijos.<\/span><\/p><p><span style=\"color: #676767; font-family: Ubuntu; font-size: medium;\">19. Las pensiones devengadas se pueden exigir a trav\u00e9s de liquidaci\u00f3n de pensiones, que deben ser tramitadas de acuerdo a lo establecido por el Art. 415 C\u00f3digo de las Familias y del Proceso Familiar.<\/span><\/p><\/td><\/tr><\/tbody><\/table><\/div><\/div>\n\t\t\t\t<\/div>\n\t\t\t\t<\/div>\n\t\t\t\t\t\t<\/div>\n\t\t\t\t\t<\/div>\n\t\t<\/div>\n\t\t\t\t\t\t\t\t<\/div>\n\t\t\t\t\t<\/div>\n\t\t<\/section>\n\t\t\t\t<section class=\"elementor-section elementor-top-section elementor-element elementor-element-7aa0b43 elementor-section-boxed elementor-section-height-default elementor-section-height-default\" data-id=\"7aa0b43\" data-element_type=\"section\">\n\t\t\t\t\t\t<div class=\"elementor-container elementor-column-gap-default\">\n\t\t\t\t\t\t\t<div class=\"elementor-row\">\n\t\t\t\t\t<div class=\"elementor-column elementor-col-100 elementor-top-column elementor-element elementor-element-ff2e846\" data-id=\"ff2e846\" data-element_type=\"column\">\n\t\t\t<div class=\"elementor-column-wrap elementor-element-populated\">\n\t\t\t\t\t\t\t<div class=\"elementor-widget-wrap\">\n\t\t\t\t\t\t<div class=\"elementor-element elementor-element-71f2a5e elementor-widget elementor-widget-text-editor\" data-id=\"71f2a5e\" data-element_type=\"widget\" data-widget_type=\"text-editor.default\">\n\t\t\t\t<div class=\"elementor-widget-container\">\n\t\t\t\t\t<div class=\"elementor-text-editor elementor-clearfix\"><div class=\"page\" title=\"Page 31\"><div class=\"section\"><div class=\"layoutArea\"><div class=\"column\"><table cellspacing=\"0\" cellpadding=\"0\"><tbody><tr><td colspan=\"2\" valign=\"middle\"><h5 style=\"text-align: center;\"><span style=\"color: #676767; font-family: Ubuntu; font-size: medium;\"><b><span style=\"color: #43358b;\">Asistencia familiar contenciosa<\/span> <\/b><\/span><\/h5><\/td><\/tr><tr><td valign=\"middle\"><p><span style=\"color: #676767; font-family: Ubuntu; font-size: medium;\">Definici\u00f3n<\/span><\/p><\/td><td valign=\"middle\"><p><span style=\"color: #676767; font-family: Ubuntu; font-size: medium;\">Es la ayuda y cooperaci\u00f3n que en el \u00e1mbito de la comunidad familiar deben prestarse entre s\u00ed quienes la constituyen en raz\u00f3n de sus v\u00ednculos jur\u00eddicos y naturales, y comprende los recursos que garantizan lo indispensable para la alimentaci\u00f3n, salud, educaci\u00f3n, vivienda, recreaci\u00f3n y vestimenta.<\/span><\/p><\/td><\/tr><tr><td valign=\"middle\"><p><span style=\"color: #676767; font-family: Ubuntu; font-size: medium;\">Sujetos facultados para ejercer la acci\u00f3n<\/span><\/p><\/td><td valign=\"middle\"><p><span style=\"color: #676767; font-family: Ubuntu; font-size: medium;\"><b>Son beneficiarios: <\/b>La\/el c\u00f3nyuge, los padres, las\/os hermanas\/os, los abuelos, las\/los hijas\/os, las\/los nietas\/os, la\/el adoptante, la\/el adoptado. Excepcionalmente nueras, yernos, suegras\/os, \u00e9stos tambi\u00e9n se constituyen en <b>obligados<\/b>.<\/span><\/p><\/td><\/tr><tr><td valign=\"top\"><p><span style=\"color: #676767; font-family: Ubuntu; font-size: medium;\">Prescripci\u00f3n de la acci\u00f3n <\/span><\/p><\/td><td valign=\"top\"><p><span style=\"color: #676767; font-family: Ubuntu; font-size: medium;\">No corresponde.<\/span><\/p><\/td><\/tr><tr><td valign=\"middle\"><p><span style=\"color: #676767; font-family: Ubuntu; font-size: medium;\">Competencia y tipo de proceso<\/span><\/p><\/td><td valign=\"middle\"><p><span style=\"color: #676767; font-family: Ubuntu; font-size: medium;\">Es competente para conocer este proceso el Juez P\u00fablico en Materia Familiar, Art. 222 y 223 del C\u00f3digo de las Familias y del Proceso Familiar, Ley No 603.<\/span><\/p><\/td><\/tr><tr><td valign=\"middle\"><p><span style=\"color: #676767; font-family: Ubuntu; font-size: medium;\">Es un proceso<\/span><\/p><\/td><td valign=\"middle\"><p><span style=\"color: #676767; font-family: Ubuntu; font-size: medium;\">Por la naturaleza del \u00f3rgano que interviene: <b>Judicial <\/b><\/span><\/p><p><span style=\"color: #676767; font-family: Ubuntu; font-size: medium;\">Por su contenido<b>: Contencioso<\/b><\/span><\/p><p><span style=\"color: #676767; font-family: Ubuntu; font-size: medium;\">Por su finalidad: <b>De conocimiento<\/b><\/span><\/p><p><span style=\"color: #676767; font-family: Ubuntu; font-size: medium;\">Por su estructura: <b>Extraordinario Familiar<\/b><\/span><\/p><\/td><\/tr><tr><td valign=\"middle\"><p><span style=\"color: #676767; font-family: Ubuntu; font-size: medium;\">Duraci\u00f3n del proceso<\/span><\/p><\/td><td valign=\"middle\"><p><span style=\"color: #676767; font-family: Ubuntu; font-size: medium;\">Los plazos legales est\u00e1n establecidos en los. Arts. 435-441 de la Ley No 603.<\/span><\/p><\/td><\/tr><tr><td valign=\"middle\"><p><span style=\"color: #676767; font-family: Ubuntu; font-size: medium;\">Recursos<\/span><\/p><\/td><td valign=\"middle\"><p><span style=\"color: #676767; font-family: Ubuntu; font-size: medium;\">Emitida la sentencia, las partes en la misma audiencia o en su defecto en las 24 hrs. siguientes a su notificaci\u00f3n pueden pedir explicaci\u00f3n y enmienda, Art. 362 y 363 del C\u00f3digo de las Familias y del Procedimiento Familiar. <\/span><\/p><p><span style=\"color: #676767; font-family: Ubuntu; font-size: medium;\"><b>RECURSO DE APELACI\u00d3N<\/b><\/span><\/p><p><span style=\"color: #676767; font-family: Ubuntu; font-size: medium;\">La sentencia emitida puede ser apelada en el efecto suspensivo en el t\u00e9rmino de 5 d\u00edas, computables al d\u00eda siguiente h\u00e1bil de su notificaci\u00f3n Art. 443 del C\u00f3digo de las Familias y del Proceso Familiar.<\/span><\/p><\/td><\/tr><tr><td valign=\"middle\"><p><span style=\"color: #676767; font-family: Ubuntu; font-size: medium;\">Base legal<\/span><\/p><\/td><td valign=\"middle\"><ul><li><b><\/b><span style=\"color: #676767; font-family: Ubuntu; font-size: medium;\">Art. 58, 59, 60, 62 y 64 I de la Constituci\u00f3n Pol\u00edtica del Estado. <\/span><\/li><li><b><\/b><span style=\"color: #676767; font-family: Ubuntu; font-size: medium;\">Arts. 16-I), 17-I), 18-I) y 115 C\u00f3digo Ni\u00f1a, Ni\u00f1o y Adolescente, Ley N\u00b0 548. <\/span><\/li><li><b><\/b><span style=\"color: #676767; font-family: Ubuntu; font-size: medium;\">Arts. 109-127, 434-444 del C\u00f3digo de las Familias y del Proceso Familiar, Ley No 603. <\/span><\/li><li><b><\/b><span style=\"color: #676767; font-family: Ubuntu; font-size: medium;\">Art. 6 de la Convenci\u00f3n sobre los Derechos del Ni\u00f1o, Ley No 1152.<\/span><\/li><\/ul><\/td><\/tr><tr><td valign=\"middle\"><p><span style=\"color: #676767; font-family: Ubuntu; font-size: medium;\">Recomendaciones a tomar en cuenta por la\/el abogada(o)<\/span><\/p><\/td><td valign=\"middle\"><p><span style=\"color: #676767; font-family: Ubuntu; font-size: medium;\">1. En la demanda se deben consignar todos los requisitos exigidos en el Art. 259 del C\u00f3digo de las Familias y del Proceso Familiar. <\/span><\/p><p><span style=\"color: #676767; font-family: Ubuntu; font-size: medium;\">2. A la demanda deber\u00e1 adjuntarse toda la prueba documental, testifical (al ofrecer la deber\u00e1 hacer constar el objeto de la declaraci\u00f3n del testigo), pericial o la que fuere conveniente para la pretensi\u00f3n de la demandante. En caso de que sea pertinente se podr\u00e1 solicitar las medidas cautelares y provisionales que el caso amerite. <\/span><\/p><p><span style=\"color: #676767; font-family: Ubuntu; font-size: medium;\">3. La demanda podr\u00e1 ser modificada o ampliada por una sola vez hasta antes de la contestaci\u00f3n, en ese caso el plazo para la contestaci\u00f3n correr\u00e1 a partir de la citaci\u00f3n al demandado con la modificaci\u00f3n o ampliaci\u00f3n. <\/span><\/p><p><span style=\"color: #676767; font-family: Ubuntu; font-size: medium;\">4. La autoridad judicial admitida la demanda, decidir\u00e1 sobre la adopci\u00f3n de medidas cautelares y provisionales de conformidad a lo establecido en el Art. 271-291 del C\u00f3digo de las Familias y del Proceso Familiar disponiendo se cite a la parte demandada para que conteste en el plazo de cinco d\u00edas. <\/span><\/p><p><span style=\"color: #676767; font-family: Ubuntu; font-size: medium;\">5. En caso de que la contestaci\u00f3n admita y acepte todas las pretensiones de la demanda, la autoridad judicial pronunciar\u00e1 sentencia en el acto. <\/span><\/p><p><span style=\"color: #676767; font-family: Ubuntu; font-size: medium;\">6. Se podr\u00e1 oponer las excepciones previstas en el Art. 252 del C\u00f3digo de las Familias y del Proceso Familiar tiempo de contestar la demanda y adjuntando la prueba correspondiente. <\/span><\/p><p><span style=\"color: #676767; font-family: Ubuntu; font-size: medium;\">7. Si con la contestaci\u00f3n se hubieren planteado excepciones, estas ser\u00e1n puestas a conocimiento de la parte demandante para que se pronuncie en el plazo de tres d\u00edas. Con o sin respuesta se resolver\u00e1n las mismas en los siguientes tres d\u00edas. <\/span><\/p><p><span style=\"color: #676767; font-family: Ubuntu; font-size: medium;\">8. Con o sin respuesta de la parte demandada, la autoridad judicial fijar\u00e1 fecha y hora de audiencia, que tendr\u00e1 lugar en el plazo de 10 d\u00edas, siempre que existan puntos controvertidos. En dicha audiencia se cumplir\u00e1n las actuaciones establecidas en el Art. 440 del C\u00f3digo de las Familias y del Proceso Familiar. <\/span><\/p><p><span style=\"color: #676767; font-family: Ubuntu; font-size: medium;\">9. En caso de que el demandado no responda la demanda, el Juez le designar\u00e1 un defensor de oficio Art. 266 del C\u00f3digo de las Familias y del Proceso Familiar. <\/span><\/p><p><span style=\"color: #676767; font-family: Ubuntu; font-size: medium;\">10. Durante el periodo entre la fijaci\u00f3n de audiencia hasta la fecha de su instalaci\u00f3n, se podr\u00e1 producir prueba pericial, inspecci\u00f3n judicial, testifical y tambi\u00e9n podr\u00e1n ofrecerse otras pruebas de reciente obtenci\u00f3n. <\/span><\/p><p><span style=\"color: #676767; font-family: Ubuntu; font-size: medium;\">11. En la audiencia de juicio la autoridad judicial emitir\u00e1 sentencia, la que podr\u00e1 ser notificada a las partes en la misma audiencia o en el plazo de 3 d\u00edas, cuando s\u00f3lo dicte la resolutiva de este fallo. <\/span><\/p><p><span style=\"color: #676767; font-family: Ubuntu; font-size: medium;\">12. La sentencia podr\u00e1 ser apelada en el efecto suspensivo en el plazo de 5 d\u00edas. <\/span><\/p><p><span style=\"color: #676767; font-family: Ubuntu; font-size: medium;\">13. Si la sentencia no fuere apelada en el plazo establecido, la autoridad judicial de oficio o a petici\u00f3n de parte declarar\u00e1 ejecutoriada la misma.<\/span><\/p><p><span style=\"color: #676767; font-family: Ubuntu; font-size: medium;\">14. La asistencia familiar se otorga hasta que la o el beneficiario cumpla los veinticinco (25) a\u00f1os y se evidencie que est\u00e1 obteniendo un oficio. <\/span><\/p><p><span style=\"color: #676767; font-family: Ubuntu; font-size: medium;\">15. La asistencia familiar garantiza tambi\u00e9n la recreaci\u00f3n cuando se trata de ni\u00f1as, ni\u00f1os y adolescentes, en el caso de adultos mayores hasta el final de su vida. <\/span><\/p><p><span style=\"color: #676767; font-family: Ubuntu; font-size: medium;\">16. La asistencia familiar para personas con discapacidad se otorgar\u00e1 en tanto dure la misma y no cuente con recursos. <\/span><\/p><p><span style=\"color: #676767; font-family: Ubuntu; font-size: medium;\">17. La asistencia familiar se otorgar\u00e1 a la madre, durante el periodo de embarazo, hasta el momento del nacimiento y ser\u00e1 transferida a la hija o hijo nacido. Para acreditar el embarazo y obtener el beneficio de la asistencia familiar deber\u00e1 presentar pruebas en las que se pueden presentar los controles de salud realizados en los seguros p\u00fablicos o de salud, estudios de laboratorio, prueba testifical. <\/span><\/p><p><span style=\"color: #676767; font-family: Ubuntu; font-size: medium;\">18. El subsidio familiar como beneficio debe ser entregado en su totalidad a la beneficiaria\/o, representada por quien tenga su guarda, a trav\u00e9s de disposici\u00f3n judicial.<\/span><\/p><p><span style=\"color: #676767; font-family: Ubuntu; font-size: medium;\">19. Los gastos extraordinarios relacionados a necesidades ineludibles de los\/las beneficiarios\/as, deben ser cubiertos por el obligado en proporci\u00f3n a sus posibilidades por acuerdo de partes o determinaci\u00f3n judicial. <\/span><\/p><p><span style=\"color: #676767; font-family: Ubuntu; font-size: medium;\">20. Se presume que los padres tienen condiciones de salud f\u00edsica y mental para cubrir la asistencia familiar, mientras no demuestren lo contrario.<\/span><\/p><p><span style=\"color: #676767; font-family: Ubuntu; font-size: medium;\">21. La reducci\u00f3n o incumplimiento de asistencia familiar a favor de las y de los hijos, no puede ser demandada con el argumento que el padre o madre que tiene la guarda establezca una relaci\u00f3n de pareja, tampoco por el orden de los apellidos consignados en el certificado de nacimiento.<\/span><\/p><p><span style=\"color: #676767; font-family: Ubuntu; font-size: medium;\">22. Se debe explicar a la usuaria que la asistencia familiar se fija en relaci\u00f3n a la posibilidad econ\u00f3mica del demandado y a las necesidades del beneficiario, ambas situaciones deben ser demostradas durante el proceso. <\/span><\/p><p><span style=\"color: #676767; font-family: Ubuntu; font-size: medium;\">23. Se debe tomar en cuenta que ninguna asistencia familiar puede ser menor al 20% del salario m\u00ednimo nacional. Cuando el Gobierno decrete un incremento al salario m\u00ednimo vital, la autoridad judicial debe de oficio, efectuar el reajuste de la asistencia fijada.<\/span><\/p><p><span style=\"color: #676767; font-family: Ubuntu; font-size: medium;\">24. El fallo emitido en el proceso no tiene calidad de cosa juzgada, no causa estado por ello puede ser modificado de acuerdo a las necesidades del beneficiario y a la capacidad econ\u00f3mica del obligado, interponiendo una demanda de reajuste, rebaja o cesaci\u00f3n de asistencia Familiar.<\/span><\/p><p><span style=\"color: #676767; font-family: Ubuntu; font-size: medium;\">25. La asistencia familiar corre a partir de la citaci\u00f3n con la demanda al obligado y no se retrotrae al momento del nacimiento de la hija o el hijo.<\/span><\/p><p><span style=\"color: #676767; font-family: Ubuntu; font-size: medium;\">26. La fijaci\u00f3n de asistencia familiar no garantiza el cumplimiento de la obligaci\u00f3n por parte del demandado, pero faculta a exigir su cumplimiento a trav\u00e9s del mandamiento de apremio. <\/span><\/p><p><span style=\"color: #676767; font-family: Ubuntu; font-size: medium;\">27. La asistencia familiar a favor de las hijas o de los hijos menores e incapaces es irrenunciable e intransferible. <\/span><\/p><p><span style=\"color: #676767; font-family: Ubuntu; font-size: medium;\">28. En caso de ser los hijos menores de edad, a favor de quienes se solicita la asistencia familiar, no es necesario probar el estado de necesidad.<\/span><\/p><p><span style=\"color: #676767; font-family: Ubuntu; font-size: medium;\">29. Se debe explicar a la usuaria que una vez que se ejecuta el mandamiento de apremio, el obligado puede salir de la c\u00e1rcel cumplidos seis meses sin pagar lo adeudado, bajo juramento de cumplir con su obligaci\u00f3n devengada y no puede ser detenido dentro de los seis meses siguientes.<\/span><\/p><p><span style=\"color: #676767; font-family: Ubuntu; font-size: medium;\">30. La madre o el padre que no ha obtenido la guarda tiene el derecho y el deber de visita en las condiciones que fije la autoridad judicial y el de contribuir al desarrollo Integral de las y los hijos.<\/span><\/p><p><span style=\"color: #676767; font-family: Ubuntu; font-size: medium;\">31. No es necesaria la presencia del demandado para iniciar la acci\u00f3n, la citaci\u00f3n se la puede realizar por comisi\u00f3n o edictos; tampoco es necesaria la presencia de la demandante pues puede efectuarse a trav\u00e9s de un apoderado.<\/span><\/p><p><span style=\"color: #676767; font-family: Ubuntu; font-size: medium;\">32. Las pensiones devengadas se pueden exigir a trav\u00e9s de liquidaci\u00f3n de pensiones, que deben ser tramitadas de acuerdo a lo establecido por el Art. 415 del C\u00f3digo de las Familias y del Proceso Familiar. <\/span><\/p><\/td><\/tr><\/tbody><\/table><\/div><\/div><\/div><\/div><\/div>\n\t\t\t\t<\/div>\n\t\t\t\t<\/div>\n\t\t\t\t\t\t<\/div>\n\t\t\t\t\t<\/div>\n\t\t<\/div>\n\t\t\t\t\t\t\t\t<\/div>\n\t\t\t\t\t<\/div>\n\t\t<\/section>\n\t\t\t\t<section class=\"elementor-section elementor-top-section elementor-element elementor-element-d21d6ed elementor-section-boxed elementor-section-height-default elementor-section-height-default\" data-id=\"d21d6ed\" data-element_type=\"section\">\n\t\t\t\t\t\t<div class=\"elementor-container elementor-column-gap-default\">\n\t\t\t\t\t\t\t<div class=\"elementor-row\">\n\t\t\t\t\t<div class=\"elementor-column elementor-col-100 elementor-top-column elementor-element elementor-element-c107e7b\" data-id=\"c107e7b\" data-element_type=\"column\">\n\t\t\t<div class=\"elementor-column-wrap elementor-element-populated\">\n\t\t\t\t\t\t\t<div class=\"elementor-widget-wrap\">\n\t\t\t\t\t\t<div class=\"elementor-element elementor-element-4c49d8b elementor-widget elementor-widget-text-editor\" data-id=\"4c49d8b\" data-element_type=\"widget\" data-widget_type=\"text-editor.default\">\n\t\t\t\t<div class=\"elementor-widget-container\">\n\t\t\t\t\t<div class=\"elementor-text-editor elementor-clearfix\"><div class=\"page\" title=\"Page 31\"><div class=\"section\"><div class=\"layoutArea\"><div class=\"column\"><table cellspacing=\"0\" cellpadding=\"0\"><tbody><tr><td colspan=\"2\" valign=\"middle\"><h5 style=\"text-align: center;\"><span style=\"color: #43358b; font-family: Ubuntu; font-size: medium;\"><b>Comprobaci\u00f3n de matrimonio o de uni\u00f3n libre <\/b><\/span><\/h5><\/td><\/tr><tr><td valign=\"middle\"><p><span style=\"color: #676767; font-family: Ubuntu; font-size: medium;\">Definici\u00f3n<\/span><\/p><\/td><td valign=\"middle\"><p><span style=\"color: #676767; font-family: Ubuntu; font-size: medium;\">La uni\u00f3n conyugal libre o de hecho se constituye cuando el var\u00f3n y la mujer voluntariamente constituyen una familia y hacen vida en com\u00fan en forma estable y singular.<br \/>Se pretende a trav\u00e9s de este procedimiento que el \u00f3rgano jurisdiccional declare y reconozca la existencia de la uni\u00f3n entre dos personas para que surta efectos jur\u00eddicos tanto personales como patrimoniales similares a los del matrimonio conforme prev\u00e9 la ley.<\/span><\/p><\/td><\/tr><tr><td valign=\"middle\"><p><span style=\"color: #676767; font-family: Ubuntu; font-size: medium;\">Sujetos facultados para ejercer la acci\u00f3n<\/span><\/p><\/td><td valign=\"middle\"><p><span style=\"color: #676767; font-family: Ubuntu; font-size: medium;\">Cualquiera de los c\u00f3nyuges, sus descendientes o ascendientes en primer grado.<\/span><\/p><\/td><\/tr><tr><td valign=\"top\"><p><span style=\"color: #676767; font-family: Ubuntu; font-size: medium;\">Prescripci\u00f3n de la acci\u00f3n <\/span><\/p><\/td><td valign=\"top\"><p><span style=\"color: #676767; font-family: Ubuntu; font-size: medium;\">Imprescriptible<\/span><\/p><\/td><\/tr><tr><td valign=\"middle\"><p><span style=\"color: #676767; font-family: Ubuntu; font-size: medium;\">Competencia y tipo de proceso<\/span><\/p><\/td><td valign=\"middle\"><p><span style=\"color: #676767; font-family: Ubuntu; font-size: medium;\">En es competente para conocer este proceso el Juez P\u00fablico en Materia Familiar, Art. 222 y 223 del C\u00f3digo de las Familias y del Proceso Familiar, Ley No 603.<\/span><\/p><\/td><\/tr><tr><td valign=\"middle\"><p><span style=\"color: #676767; font-family: Ubuntu; font-size: medium;\">Es un proceso<\/span><\/p><\/td><td valign=\"middle\"><p><span style=\"color: #676767; font-family: Ubuntu; font-size: medium;\">Por la naturaleza del \u00f3rgano que interviene: <b>Judicial <\/b><\/span><\/p><p><span style=\"color: #676767; font-family: Ubuntu; font-size: medium;\">Por su contenido: <b>Contencioso<\/b><\/span><\/p><p><span style=\"color: #676767; font-family: Ubuntu; font-size: medium;\">Por su finalidad: <b>De conocimiento<\/b><\/span><\/p><p><span style=\"color: #676767; font-family: Ubuntu; font-size: medium;\">Por su estructura: <b>Extraordinario Familiar<\/b><\/span><\/p><\/td><\/tr><tr><td valign=\"middle\"><p><span style=\"color: #676767; font-family: Ubuntu; font-size: medium;\">Duraci\u00f3n del proceso<\/span><\/p><\/td><td valign=\"middle\"><p><span style=\"color: #676767; font-family: Ubuntu; font-size: medium;\">Los plazos legales est\u00e1n establecidos en los. Arts. 435-441 de la Ley No 603.<\/span><\/p><\/td><\/tr><tr><td valign=\"middle\"><p><span style=\"color: #676767; font-family: Ubuntu; font-size: medium;\">Recursos<\/span><\/p><\/td><td valign=\"middle\"><p><span style=\"color: #676767; font-family: Ubuntu; font-size: medium;\">Emitida la sentencia, las partes en la misma audiencia o en su defecto en las 24 hrs. siguientes a su notificaci\u00f3n pueden pedir explicaci\u00f3n y enmienda Art. 362 y 363 del C\u00f3digo de las Familias y del Procedimiento Familiar. <\/span><\/p><p><span style=\"color: #676767; font-family: Ubuntu; font-size: medium;\"><b>RECURSO DE APELACI\u00d3N<\/b><\/span><\/p><p><span style=\"color: #676767; font-family: Ubuntu; font-size: medium;\">La sentencia es apelada en el efecto suspensivo en el t\u00e9rmino de 5 d\u00edas, computables al d\u00eda siguiente h\u00e1bil de su notificaci\u00f3n Art. 443 del C\u00f3digo de las Familias y del Proceso Familiar.<\/span><\/p><\/td><\/tr><tr><td valign=\"middle\"><p><span style=\"color: #676767; font-family: Ubuntu; font-size: medium;\">Base legal<\/span><\/p><\/td><td valign=\"middle\"><ul><li><b><\/b><span style=\"color: #676767; font-family: Ubuntu; font-size: medium;\">Arts. 62, 63 y 64 de la Constituci\u00f3n Pol\u00edtica del Estado. <\/span><\/li><li><b><\/b><span style=\"color: #676767; font-family: Ubuntu; font-size: medium;\">Arts. 160-167, 434-444 del C\u00f3digo de las Familias y del Proceso Familiar, Ley No 603. <\/span><\/li><li><b><\/b><span style=\"color: #676767; font-family: Ubuntu; font-size: medium;\">Art. 23 -4) Pacto Internacional de Derechos Civiles y Pol\u00edticos. <\/span><\/li><li><b><\/b><span style=\"color: #676767; font-family: Ubuntu; font-size: medium;\">Art. 16 Convenci\u00f3n sobre la Eliminaci\u00f3n de todas las formas de Discriminaci\u00f3n contra la Mujer, Ley N\u00b0 1100.<\/span><\/li><\/ul><\/td><\/tr><tr><td valign=\"middle\"><p><span style=\"color: #676767; font-family: Ubuntu; font-size: medium;\">Recomendaciones a tomar en cuenta por la\/el abogada(o)<\/span><\/p><\/td><td valign=\"middle\"><p><span style=\"color: #676767; font-family: Ubuntu; font-size: medium;\">1. Procede la acci\u00f3n en caso de uni\u00f3n libre no registrada.<\/span><\/p><p><span style=\"color: #676767; font-family: Ubuntu; font-size: medium;\">2. En la demanda se deben consignar todos los requisitos exigidos en el Art. 259 del C\u00f3digo de las Familias y del Proceso Familiar.<\/span><\/p><p><span style=\"color: #676767; font-family: Ubuntu; font-size: medium;\">3. A la demanda deber\u00e1 adjuntarse toda la prueba documental, testifical (al ofrecer la deber\u00e1 hacer constar el objeto de la declaraci\u00f3n del testigo), pericial o la que fuere conveniente para acreditar la existencia de la uni\u00f3n libre.<\/span><\/p><p><span style=\"color: #676767; font-family: Ubuntu; font-size: medium;\">4. La demanda podr\u00e1 ser modificada o ampliada por una sola vez hasta antes de la contestaci\u00f3n, en ese caso el plazo para la contestaci\u00f3n correr\u00e1 a partir de la citaci\u00f3n al demandado con la modificaci\u00f3n o ampliaci\u00f3n.<\/span><\/p><p><span style=\"color: #676767; font-family: Ubuntu; font-size: medium;\">5. La autoridad judicial admitida la demanda, ordenar\u00e1 se cite a la parte demandada para que conteste en el plazo de cinco d\u00edas.<\/span><\/p><p><span style=\"color: #676767; font-family: Ubuntu; font-size: medium;\">6. En caso de que la contestaci\u00f3n admita y acepte todas las pretensiones de la demanda, la autoridad judicial pronunciar\u00e1 sentencia en el acto.<\/span><\/p><p><span style=\"color: #676767; font-family: Ubuntu; font-size: medium;\">7. Se podr\u00e1 oponer las excepciones previstas en el Art. 252 C\u00f3digo de las Familias y del Proceso Familiar a tiempo de contestar la demanda y adjuntando la prueba correspondiente.<\/span><\/p><p><span style=\"color: #676767; font-family: Ubuntu; font-size: medium;\">8. Si con la contestaci\u00f3n se hubieren planteado excepciones, estas ser\u00e1n puestas a conocimiento de la parte demandante para que se pronuncie en el plazo de tres d\u00edas. Con o sin respuesta se resolver\u00e1n las mismas en los siguientes tres d\u00edas.<\/span><\/p><p><span style=\"color: #676767; font-family: Ubuntu; font-size: medium;\">9. Con o sin respuesta de la parte demandada, la autoridad judicial fijar\u00e1 fecha y hora de audiencia, que tendr\u00e1 lugar en el plazo de 10 d\u00edas, siempre que existan puntos controvertidos. En dicha audiencia se cumplir\u00e1n las actuaciones establecidas en el Art. 440 del C\u00f3digo de las Familias y del Proceso Familiar.<\/span><\/p><p><span style=\"color: #676767; font-family: Ubuntu; font-size: medium;\">10. En caso de que el demandado no responda la demanda, el Juez le designar\u00e1 un defensor de oficio. Art. 266 del C\u00f3digo de las Familias y del Proceso Familiar.<\/span><\/p><p><span style=\"color: #676767; font-family: Ubuntu; font-size: medium;\">11. Durante el periodo entre la resoluci\u00f3n de fijaci\u00f3n de audiencia hasta la fecha de su instalaci\u00f3n, se podr\u00e1 producir prueba pericial, inspecci\u00f3n judicial, testifical y tambi\u00e9n podr\u00e1n ofrecerse otras pruebas de reciente obtenci\u00f3n.<\/span><\/p><p><span style=\"color: #676767; font-family: Ubuntu; font-size: medium;\">12. Durante la audiencia de juicio, la autoridad judicial emitir\u00e1 sentencia, que puede notificarse en la misma audiencia o dentro de 3 d\u00edas.<\/span><\/p><p><span style=\"color: #676767; font-family: Ubuntu; font-size: medium;\">13. La sentencia podr\u00e1 ser apelada en el efecto suspensivo en el plazo de 5 d\u00edas.<\/span><\/p><p><span style=\"color: #676767; font-family: Ubuntu; font-size: medium;\">14. Si la sentencia no fuere apelada en el plazo establecido, la autoridad judicial de oficio o a petici\u00f3n de parte declarar\u00e1 ejecutoriada la misma. <\/span><\/p><p><span style=\"color: #676767; font-family: Ubuntu; font-size: medium;\">15. El matrimonio surte efectos jur\u00eddicos personales y patrimoniales desde su celebraci\u00f3n. <\/span><\/p><p><span style=\"color: #676767; font-family: Ubuntu; font-size: medium;\">16. El matrimonio que no sea registrado, no perjudicar\u00e1 los derechos adquiridos de buena fe por terceras personas.<\/span><\/p><p><span style=\"color: #676767; font-family: Ubuntu; font-size: medium;\">17. El trato conyugal se demostrar\u00e1 a trav\u00e9s de la vida en com\u00fan y que los c\u00f3nyuges sean reconocidos por la familia y la sociedad y subsana los defectos formales de la celebraci\u00f3n del matrimonio.<\/span><\/p><p><span style=\"color: #676767; font-family: Ubuntu; font-size: medium;\">18. El trato conyugal, la estabilidad y la singularidad se presumen, salvo prueba en contario, y se apoyan en un proyecto de vida en com\u00fan.<\/span><\/p><p><span style=\"color: #676767; font-family: Ubuntu; font-size: medium;\">19. En caso de p\u00e9rdida o destrucci\u00f3n del registro, el matrimonio puede acreditarse por cualquier otro medio de prueba, incluyendo el trato conyugal.<\/span><\/p><p><span style=\"color: #676767; font-family: Ubuntu; font-size: medium;\">20. Se puede acudir a la v\u00eda administrativa, Servicio de Registro C\u00edvico (SERECI), cuando existan indicios de que por dolo o culpa de la o del oficial de registro c\u00edvico o que por causa de fuerza mayor no registr\u00f3 la partida de inscripci\u00f3n del matrimonio.<\/span><\/p><p><span style=\"color: #676767; font-family: Ubuntu; font-size: medium;\">21. En caso de uni\u00f3n libre los c\u00f3nyuges de mutuo acuerdo, podr\u00e1n acudir al registro c\u00edvico o ante la autoridad ind\u00edgena originaria campesina seg\u00fan sus usos y costumbres, para registrar su uni\u00f3n.<\/span><\/p><p><span style=\"color: #676767; font-family: Ubuntu; font-size: medium;\">22. Tambi\u00e9n uno de los c\u00f3nyuges podr\u00e1 solicitar el registro unilateral ante el Oficial de Registro C\u00edvico, quien publicar\u00e1 en el portal de la web del SERECI y notificar\u00e1 en forma personal al otro c\u00f3nyuge de la uni\u00f3n, para que, en el plazo de treinta d\u00edas, se presente a aceptar o negar el registro. Si no compareciere o compareciendo negare la uni\u00f3n, se proceder\u00e1 al archivo de los antecedentes. <\/span><\/p><p><span style=\"color: #676767; font-family: Ubuntu; font-size: medium;\">23. En cuyo caso la parte interesada deber\u00e1 realizar el procedimiento del presente protocolo. <\/span><\/p><p><span style=\"color: #676767; font-family: Ubuntu; font-size: medium;\">24. La comprobaci\u00f3n judicial de la uni\u00f3n libre surte sus efectos desde la fecha se\u00f1alada por la autoridad judicial. <\/span><\/p><\/td><\/tr><\/tbody><\/table><\/div><\/div><\/div><\/div><\/div>\n\t\t\t\t<\/div>\n\t\t\t\t<\/div>\n\t\t\t\t\t\t<\/div>\n\t\t\t\t\t<\/div>\n\t\t<\/div>\n\t\t\t\t\t\t\t\t<\/div>\n\t\t\t\t\t<\/div>\n\t\t<\/section>\n\t\t\t\t<section class=\"elementor-section elementor-top-section elementor-element elementor-element-7a93524 elementor-section-boxed elementor-section-height-default elementor-section-height-default\" data-id=\"7a93524\" data-element_type=\"section\">\n\t\t\t\t\t\t<div class=\"elementor-container elementor-column-gap-default\">\n\t\t\t\t\t\t\t<div class=\"elementor-row\">\n\t\t\t\t\t<div class=\"elementor-column elementor-col-100 elementor-top-column elementor-element elementor-element-2c081e8\" data-id=\"2c081e8\" data-element_type=\"column\">\n\t\t\t<div class=\"elementor-column-wrap elementor-element-populated\">\n\t\t\t\t\t\t\t<div class=\"elementor-widget-wrap\">\n\t\t\t\t\t\t<div class=\"elementor-element elementor-element-2bb243b elementor-widget elementor-widget-text-editor\" data-id=\"2bb243b\" data-element_type=\"widget\" data-widget_type=\"text-editor.default\">\n\t\t\t\t<div class=\"elementor-widget-container\">\n\t\t\t\t\t<div class=\"elementor-text-editor elementor-clearfix\"><div class=\"page\" title=\"Page 31\"><div class=\"section\"><div class=\"layoutArea\"><div class=\"column\"><table cellspacing=\"0\" cellpadding=\"0\"><tbody><tr><td colspan=\"2\" valign=\"middle\"><h5 style=\"text-align: center;\"><span style=\"color: #43358b; font-family: Ubuntu; font-size: medium;\"><b>Oposici\u00f3n al matrimonio <\/b><\/span><\/h5><\/td><\/tr><tr><td valign=\"middle\"><p><span style=\"color: #676767; font-family: Ubuntu; font-size: medium;\">Definici\u00f3n <\/span><\/p><\/td><td valign=\"middle\"><p><span style=\"color: #676767; font-family: Ubuntu; font-size: medium;\">La oposici\u00f3n al matrimonio puede realizarse alegando impedimento o el incumplimiento de alguna condici\u00f3n habilitante, establecida por ley. <\/span><\/p><\/td><\/tr><tr><td valign=\"middle\"><p><span style=\"color: #676767; font-family: Ubuntu; font-size: medium;\">Sujetos facultados para ejercer la acci\u00f3n<\/span><\/p><\/td><td valign=\"middle\"><ul><li style=\"list-style-type: none;\"><ul><li><span style=\"color: #676767; font-family: Ubuntu; font-size: medium;\">Las o los parientes ascendientes, descendientes o colaterales hasta el cuarto grado, de uno u otro de los futuros c\u00f3nyuges. <\/span><\/li><li><span style=\"color: #676767; font-family: Ubuntu; font-size: medium;\">La o el tutor respecto a la o el futuro c\u00f3nyuge que se halla bajo su tutela. <\/span><\/li><li><span style=\"color: #676767; font-family: Ubuntu; font-size: medium;\">La o el c\u00f3nyuge respecto a la o el otro que quiere constituir nuevo v\u00ednculo sin estar disuelto el anterior matrimonio o uni\u00f3n libre.<\/span><\/li><li><span style=\"color: #676767; font-family: Ubuntu; font-size: medium;\">La autoridad de la naci\u00f3n o pueblo ind\u00edgena originario campesino al que pertenezcan la o el futuro c\u00f3nyuge o ambos.<\/span><\/li><li><span style=\"color: #676767; font-family: Ubuntu; font-size: medium;\">Las entidades p\u00fablicas o privadas encargadas de la protecci\u00f3n de personas en situaci\u00f3n de vulnerabilidad, como ni\u00f1as ni\u00f1os y adolescentes.<\/span><\/li><li><span style=\"color: #676767; font-family: Ubuntu; font-size: medium;\">Toda persona que conozca impedimento por delito, a trav\u00e9s del Ministerio P\u00fablico. (Art. 153 C\u00f3digo de las Familias y del Proceso Familiar)<\/span><\/li><\/ul><\/li><\/ul><\/td><\/tr><tr><td valign=\"middle\"><p><span style=\"color: #676767; font-family: Ubuntu; font-size: medium;\">Forma de la oposici\u00f3n<\/span><\/p><\/td><td valign=\"middle\"><p><span style=\"color: #676767; font-family: Ubuntu; font-size: medium;\">Debe realizarse ante el Servicio de Registro C\u00edvico que intervine, de forma verbal o escrita, debiendo consignar el nombre, apellido y datos personales de la o del que la realiza, el parentesco o condici\u00f3n de la o del opositor respecto de los futuros c\u00f3nyuges, el impedimento o prohibici\u00f3n en que se funda y los documentos que prueben la existencia del impedimento.<\/span><\/p><\/td><\/tr><tr><td valign=\"middle\"><p><span style=\"color: #676767; font-family: Ubuntu; font-size: medium;\">Causales<\/span><\/p><\/td><td valign=\"middle\"><ul><li style=\"list-style-type: none;\"><ul><li><span style=\"color: #676767; font-family: Ubuntu; font-size: medium;\">Cuando no exista consentimiento (Art. 138 C\u00f3digo de las Familias y del Proceso Familiar, Ley No 603). <\/span><\/li><li><span style=\"color: #676767; font-family: Ubuntu; font-size: medium;\">Cuando sea menor de 18 a\u00f1os; en caso de haber cumplido 16 a\u00f1os no cuente con la autorizaci\u00f3n de los padres o dispensa judicial (Art. 139 C\u00f3digo de las Familias y del Proceso Familiar, Ley No 603). <\/span><\/li><li><span style=\"color: #676767; font-family: Ubuntu; font-size: medium;\">Cuando no tenga libertad de estado (Art. 140 C\u00f3digo de las Familias y del Proceso Familiar, Ley No 603). <\/span><\/li><li><span style=\"color: #676767; font-family: Ubuntu; font-size: medium;\">\u00a0Cuando sea interdicto (Art. 142 C\u00f3digo de las Familias y del Proceso Familiar) <\/span><\/li><li><span style=\"color: #676767; font-family: Ubuntu; font-size: medium;\">Cuando exista parentesco consangu\u00edneo y\/o adoptivo. (Art. 143 y 144 C\u00f3digo de las Familias y del Proceso Familiar, Ley No 603). <\/span><\/li><li><span style=\"color: #676767; font-family: Ubuntu; font-size: medium;\">Cuando exista impedimento por delito (Art. 145 C\u00f3digo de las Familias y del Proceso Familiar, Ley No 603). <\/span><\/li><li><span style=\"color: #676767; font-family: Ubuntu; font-size: medium;\">Cuando exista v\u00ednculo por tutela (Art. 146 C\u00f3digo de las Familias y del Proceso Familiar, Ley No 603).<\/span><\/li><\/ul><\/li><\/ul><\/td><\/tr><tr><td valign=\"top\"><p><span style=\"color: #676767; font-family: Ubuntu; font-size: medium;\">Prescripci\u00f3n de la acci\u00f3n <\/span><\/p><\/td><td valign=\"top\"><p><span style=\"color: #676767; font-family: Ubuntu; font-size: medium;\">Imprescriptible. <\/span><\/p><\/td><\/tr><tr><td valign=\"middle\"><p><span style=\"color: #676767; font-family: Ubuntu; font-size: medium;\">Competencia y tipo de proceso<\/span><\/p><\/td><td valign=\"middle\"><p><span style=\"color: #676767; font-family: Ubuntu; font-size: medium;\">Es competente para conocer este proceso el Juez P\u00fablico en Materia Familiar, Art. 222 y 223 del C\u00f3digo de las Familias y del Proceso Familiar, Ley No 603.<\/span><\/p><\/td><\/tr><tr><td valign=\"middle\"><p><span style=\"color: #676767; font-family: Ubuntu; font-size: medium;\">Es un proceso<\/span><\/p><\/td><td valign=\"middle\"><p><span style=\"color: #676767; font-family: Ubuntu; font-size: medium;\">Por la naturaleza del \u00f3rgano que interviene: <b>Judicial <\/b><\/span><\/p><p><span style=\"color: #676767; font-family: Ubuntu; font-size: medium;\">Por su contenido: <b>Contencioso<\/b><\/span><\/p><p><span style=\"color: #676767; font-family: Ubuntu; font-size: medium;\">Por su finalidad: <b>De conocimiento<\/b><\/span><\/p><p><span style=\"color: #676767; font-family: Ubuntu; font-size: medium;\">Por su estructura: <b>Extraordinario Familiar<\/b><\/span><\/p><\/td><\/tr><tr><td valign=\"middle\"><p><span style=\"color: #676767; font-family: Ubuntu; font-size: medium;\">Duraci\u00f3n del proceso<\/span><\/p><\/td><td valign=\"middle\"><p><span style=\"color: #676767; font-family: Ubuntu; font-size: medium;\">Los plazos legales est\u00e1n establecidos en los. Arts. 435-441 de la Ley No 603.<\/span><\/p><\/td><\/tr><tr><td valign=\"middle\"><p><span style=\"color: #676767; font-family: Ubuntu; font-size: medium;\">Recursos<\/span><\/p><\/td><td valign=\"middle\"><p><span style=\"color: #676767; font-family: Ubuntu; font-size: medium;\"><b>RECURSOS <\/b><\/span><\/p><p><span style=\"color: #676767; font-family: Ubuntu; font-size: medium;\">Emitida la sentencia, las partes en la misma audiencia o en su defecto en las 24 hrs. siguientes a su notificaci\u00f3n pueden pedir explicaci\u00f3n y enmienda Art. 362 y 363 del C\u00f3digo de las Familias y del Procedimiento Familiar. <\/span><\/p><p><span style=\"color: #676767; font-family: Ubuntu; font-size: medium;\"><b>RECURSO DE APELACI\u00d3N<\/b><\/span><\/p><p><span style=\"color: #676767; font-family: Ubuntu; font-size: medium;\">La sentencia es apelada en el efecto suspensivo en el t\u00e9rmino de 5 d\u00edas, computables al d\u00eda siguiente h\u00e1bil de su notificaci\u00f3n Art. 443 del C\u00f3digo de las Familias y del Proceso Familiar.<\/span><\/p><\/td><\/tr><tr><td valign=\"middle\"><p><span style=\"color: #676767; font-family: Ubuntu; font-size: medium;\">Base legal<\/span><\/p><\/td><td valign=\"middle\"><ul><li><b><\/b><span style=\"color: #676767; font-family: Ubuntu; font-size: medium;\">Arts. 62, 63 y 64 de la Constituci\u00f3n Pol\u00edtica del Estado. <\/span><\/li><li><b><\/b><span style=\"color: #676767; font-family: Ubuntu; font-size: medium;\">Arts. 153-156, 434-444 del C\u00f3digo de las Familias y del Proceso Familiar Ley No 603. <\/span><\/li><li><b><\/b><span style=\"color: #676767; font-family: Ubuntu; font-size: medium;\">Art. 23-4) Pacto Internacional de Derechos Civiles y Pol\u00edticos. <\/span><\/li><li><b><\/b><span style=\"color: #676767; font-family: Ubuntu; font-size: medium;\">Art. 16 Convenci\u00f3n sobre la Eliminaci\u00f3n de Todas las Formas de Discriminaci\u00f3n contra la Mujer, Ley N\u00b0 1100.<\/span><\/li><\/ul><\/td><\/tr><tr><td valign=\"middle\"><p><span style=\"color: #676767; font-family: Ubuntu; font-size: medium;\">Recomendaciones a tomar en cuenta por la\/el abogada(o)<\/span><\/p><\/td><td valign=\"middle\"><p><span style=\"color: #676767; font-family: Ubuntu; font-size: medium;\">1. La o el Oficial de Registro C\u00edvico remitir\u00e1 la oposici\u00f3n al Juzgado P\u00fablico correspondiente para que la resuelva, con citaci\u00f3n y emplazamiento de los futuros c\u00f3nyuges. <\/span><\/p><p><span style=\"color: #676767; font-family: Ubuntu; font-size: medium;\">2. En la demanda se deben consignar todos los requisitos exigidos en el Art. 259 del C\u00f3digo de las Familias y del Proceso Familiar. <\/span><\/p><p><span style=\"color: #676767; font-family: Ubuntu; font-size: medium;\">3. A la demanda deber\u00e1 adjuntarse toda la prueba documental, testifical (al ofrecerla deber\u00e1 hacer constar el objeto de la declaraci\u00f3n del testigo), pericial o la que fuere conveniente para la pretensi\u00f3n de la demandante. En caso de que sea pertinente se podr\u00e1 solicitar las medidas cautelares y provisionales que el caso amerite. <\/span><\/p><p><span style=\"color: #676767; font-family: Ubuntu; font-size: medium;\">4. La demanda podr\u00e1 ser modificada o ampliada por una sola vez hasta antes de la contestaci\u00f3n, en ese caso el plazo para la contestaci\u00f3n correr\u00e1 a partir de la citaci\u00f3n al demandado con la modificaci\u00f3n o ampliaci\u00f3n. <\/span><\/p><p><span style=\"color: #676767; font-family: Ubuntu; font-size: medium;\">5. La autoridad judicial admitida la demanda, ordenar\u00e1 se cite a la parte demandada para que conteste en el plazo de cinco d\u00edas. <\/span><\/p><p><span style=\"color: #676767; font-family: Ubuntu; font-size: medium;\">6. En caso de que la contestaci\u00f3n admita y acepte todas las pretensiones de la demanda, la autoridad judicial pronunciar\u00e1 sentencia en el acto. <\/span><\/p><p><span style=\"color: #676767; font-family: Ubuntu; font-size: medium;\">7. Se podr\u00e1 oponer las excepciones previstas en el Art. 252 C\u00f3digo de las Familias y del Proceso Familiar a tiempo de contestar la demanda y adjuntando la prueba correspondiente. <\/span><\/p><p><span style=\"color: #676767; font-family: Ubuntu; font-size: medium;\">8. Si con la contestaci\u00f3n se hubieren planteado excepciones, \u00e9stas ser\u00e1n puestas a conocimiento de la parte demandante para que se pronuncie en el plazo de tres d\u00edas. Con o sin respuesta se resolver\u00e1n las mismas en los siguientes tres d\u00edas. <\/span><\/p><p><span style=\"color: #676767; font-family: Ubuntu; font-size: medium;\">9. Con o sin respuesta de la parte demandada, la autoridad judicial fijar\u00e1 fecha y hora de audiencia, que tendr\u00e1 lugar en el plazo de 10 d\u00edas, siempre que existan puntos controvertidos. En dicha audiencia se cumplir\u00e1n las actuaciones establecidas en el Art. 440 del C\u00f3digo de las Familias y del Proceso Familiar. <\/span><\/p><p><span style=\"color: #676767; font-family: Ubuntu; font-size: medium;\">10. En caso de que el demandado no responda la demanda, el Juez le designar\u00e1 un defensor de oficio, Art. 266 C\u00f3digo de las Familias y del Proceso Familiar. <\/span><\/p><p><span style=\"color: #676767; font-family: Ubuntu; font-size: medium;\">11. Durante el periodo entre la resoluci\u00f3n de fijaci\u00f3n de audiencia hasta la fecha de su instalaci\u00f3n, se podr\u00e1 producir prueba pericial, inspecci\u00f3n judicial, testifical y tambi\u00e9n podr\u00e1n ofrecerse otras pruebas de reciente obtenci\u00f3n. <\/span><\/p><p><span style=\"color: #676767; font-family: Ubuntu; font-size: medium;\">12. Durante la audiencia de juicio, la autoridad judicial emitir\u00e1 sentencia puede notificarse en la misma audiencia o dentro de 3 d\u00edas. <\/span><\/p><p><span style=\"color: #676767; font-family: Ubuntu; font-size: medium;\">13. La sentencia podr\u00e1 ser apelada en el efecto suspensivo en el plazo de 5 d\u00edas. <\/span><\/p><p><span style=\"color: #676767; font-family: Ubuntu; font-size: medium;\">14. Si la sentencia no fuere apelada en el plazo establecido, la autoridad judicial de oficio o a petici\u00f3n de parte declarar\u00e1 ejecutoriada la misma.<\/span><\/p><p><span style=\"color: #676767; font-family: Ubuntu; font-size: medium;\">15. La oposici\u00f3n deducida por persona autorizada y por causa legalmente establecida, suspende la celebraci\u00f3n del matrimonio hasta que la oposici\u00f3n sea resuelta.<\/span><\/p><p><span style=\"color: #676767; font-family: Ubuntu; font-size: medium;\">16. La persona cuya oposici\u00f3n es rechazada, puede ser obligada al resarcimiento del da\u00f1o que haya causado.<\/span><\/p><\/td><\/tr><\/tbody><\/table><\/div><\/div><\/div><\/div><\/div>\n\t\t\t\t<\/div>\n\t\t\t\t<\/div>\n\t\t\t\t\t\t<\/div>\n\t\t\t\t\t<\/div>\n\t\t<\/div>\n\t\t\t\t\t\t\t\t<\/div>\n\t\t\t\t\t<\/div>\n\t\t<\/section>\n\t\t\t\t<section class=\"elementor-section elementor-top-section elementor-element elementor-element-9f72ddd elementor-section-boxed elementor-section-height-default elementor-section-height-default\" data-id=\"9f72ddd\" data-element_type=\"section\">\n\t\t\t\t\t\t<div class=\"elementor-container elementor-column-gap-default\">\n\t\t\t\t\t\t\t<div class=\"elementor-row\">\n\t\t\t\t\t<div class=\"elementor-column elementor-col-100 elementor-top-column elementor-element elementor-element-c8f9b41\" data-id=\"c8f9b41\" data-element_type=\"column\">\n\t\t\t<div class=\"elementor-column-wrap elementor-element-populated\">\n\t\t\t\t\t\t\t<div class=\"elementor-widget-wrap\">\n\t\t\t\t\t\t<div class=\"elementor-element elementor-element-d2b6150 elementor-widget elementor-widget-text-editor\" data-id=\"d2b6150\" data-element_type=\"widget\" data-widget_type=\"text-editor.default\">\n\t\t\t\t<div class=\"elementor-widget-container\">\n\t\t\t\t\t<div class=\"elementor-text-editor elementor-clearfix\"><div class=\"page\" title=\"Page 31\"><div class=\"section\"><div class=\"layoutArea\"><div class=\"column\"><table cellspacing=\"0\" cellpadding=\"0\"><tbody><tr><td colspan=\"2\" valign=\"middle\"><h5 style=\"text-align: center;\"><span style=\"color: #43358b; font-family: Ubuntu; font-size: medium;\"><b>Declaraci\u00f3n de interdicci\u00f3n <\/b><\/span><\/h5><\/td><\/tr><tr><td valign=\"middle\"><p><span style=\"color: #676767; font-family: Ubuntu; font-size: medium;\">Definici\u00f3n<\/span><\/p><\/td><td valign=\"middle\"><p><span style=\"color: #676767; font-family: Ubuntu; font-size: medium;\">La interdicci\u00f3n es la declaraci\u00f3n judicial a trav\u00e9s de la cual se establece que una persona por s\u00ed misma no tiene capacidad de obrar por discapacidad mental o ps\u00edquica que le impide el cuidado de su persona y la administraci\u00f3n de sus bienes.<\/span><\/p><\/td><\/tr><tr><td valign=\"middle\"><p><span style=\"color: #676767; font-family: Ubuntu; font-size: medium;\">Sujetos facultados para ejercer la acci\u00f3n<\/span><\/p><\/td><td valign=\"middle\"><ul><li><span style=\"color: #676767; font-family: Ubuntu; font-size: medium;\">La o el c\u00f3nyuge, aun cuando est\u00e9 divorciado\/a o disuelto el v\u00ednculo de uni\u00f3n libre. <\/span><\/li><li><span style=\"color: #676767; font-family: Ubuntu; font-size: medium;\">Una o un pariente en cualquier grado de parentesco. <\/span><\/li><li><span style=\"color: #676767; font-family: Ubuntu; font-size: medium;\">Personas colectivas que tengan como finalidad la asistencia social.<\/span><\/li><\/ul><\/td><\/tr><tr><td valign=\"middle\"><p><span style=\"color: #676767; font-family: Ubuntu; font-size: medium;\">Prescripci\u00f3n de la acci\u00f3n <\/span><\/p><\/td><td valign=\"middle\"><p><span style=\"color: #676767; font-family: Ubuntu; font-size: medium;\">Imprescriptible.<\/span><\/p><\/td><\/tr><tr><td valign=\"middle\"><p><span style=\"color: #676767; font-family: Ubuntu; font-size: medium;\">Competencia y tipo de proceso<\/span><\/p><\/td><td valign=\"middle\"><p><span style=\"color: #676767; font-family: Ubuntu; font-size: medium;\">Es competente para conocer este proceso el Juez P\u00fablico en Materia Familiar, Art. 222 y 223 del C\u00f3digo de las Familias y del Proceso Familiar, Ley No 603.<\/span><\/p><\/td><\/tr><tr><td valign=\"middle\"><p><span style=\"color: #676767; font-family: Ubuntu; font-size: medium;\">Es un proceso<\/span><\/p><\/td><td valign=\"middle\"><p><span style=\"color: #676767; font-family: Ubuntu; font-size: medium;\">Por la naturaleza del \u00f3rgano que interviene: <b>Judicial <\/b><\/span><\/p><p><span style=\"color: #676767; font-family: Ubuntu; font-size: medium;\">Por su contenido: <b>Contencioso<\/b><\/span><\/p><p><span style=\"color: #676767; font-family: Ubuntu; font-size: medium;\">Por su finalidad: <b>De conocimiento<\/b><\/span><\/p><p><span style=\"color: #676767; font-family: Ubuntu; font-size: medium;\">Por su estructura: <b>Extraordinario Familiar<\/b><\/span><\/p><\/td><\/tr><tr><td valign=\"middle\"><p><span style=\"color: #676767; font-family: Ubuntu; font-size: medium;\">Duraci\u00f3n del proceso<\/span><\/p><\/td><td valign=\"middle\"><p><span style=\"color: #676767; font-family: Ubuntu; font-size: medium;\">Los plazos legales est\u00e1n establecidos en los. Arts. 435-441 de la Ley No 603.<\/span><\/p><\/td><\/tr><tr><td valign=\"middle\"><p><span style=\"color: #676767; font-family: Ubuntu; font-size: medium;\">Recursos<\/span><\/p><\/td><td valign=\"middle\"><p><span style=\"color: #676767; font-family: Ubuntu; font-size: medium;\">Emitida la sentencia, las partes en la misma audiencia o en su defecto en las 24 hrs. siguientes a su notificaci\u00f3n pueden pedir explicaci\u00f3n y enmienda Art. 362 y 363 del C\u00f3digo de las Familias y del Procedimiento Familiar. <\/span><\/p><p><span style=\"color: #676767; font-family: Ubuntu; font-size: medium;\"><b>RECURSO DE APELACI\u00d3N<\/b><\/span><\/p><p><span style=\"color: #676767; font-family: Ubuntu; font-size: medium;\">La sentencia es apelada en el efecto suspensivo en el t\u00e9rmino de 5 d\u00edas, computables al d\u00eda siguiente h\u00e1bil de su notificaci\u00f3n, Art. 443 del C\u00f3digo de las Familias y del Proceso Familiar.<\/span><\/p><\/td><\/tr><tr><td valign=\"middle\"><p><span style=\"color: #676767; font-family: Ubuntu; font-size: medium;\">Base legal<\/span><\/p><\/td><td valign=\"middle\"><ul><li><b><\/b><span style=\"color: #676767; font-family: Ubuntu; font-size: medium;\">Arts. 70-1) de la Constituci\u00f3n Pol\u00edtica del Estado. <\/span><\/li><li><b><\/b><span style=\"color: #676767; font-family: Ubuntu; font-size: medium;\">Arts. 57-63; 434-444 del C\u00f3digo de las Familias y del Proceso Familiar, Ley No 603.<\/span><\/li><\/ul><\/td><\/tr><tr><td valign=\"middle\"><p><span style=\"color: #676767; font-family: Ubuntu; font-size: medium;\">Recomendaciones a tomar en cuenta por la\/el abogada(o)<\/span><\/p><\/td><td valign=\"middle\"><p><span style=\"color: #676767; font-family: Ubuntu; font-size: medium;\">1. El estado de interdicci\u00f3n se declara judicialmente basado en prueba pericial, y su objetivo el nombramient\u00f3 de un tutor o tutora, para que represente y proteja los intereses de la persona que ha perdido su capacidad de obrar. <\/span><\/p><p><span style=\"color: #676767; font-family: Ubuntu; font-size: medium;\">2. La interdicci\u00f3n puede revocarse cuando se determina pericialmente que ha cesado la causa que la determin\u00f3. <\/span><\/p><p><span style=\"color: #676767; font-family: Ubuntu; font-size: medium;\">3. Se debe tener autorizaci\u00f3n judicial, a efectos de habilitar a la o el tutor para la enajenaci\u00f3n, hipoteca o actos de administraci\u00f3n extraordinaria de bienes que pertenecen a la persona tutelada, debiendo comprobarse su necesidad y utilidad respecto a los intereses de \u00e9sta.<\/span><\/p><p><span style=\"color: #676767; font-family: Ubuntu; font-size: medium;\">4. Mientras se designe tutora o tutor, la autoridad judicial puede nombrar una tutora o un tutor interino o poner a la persona y a los bienes al cuidado de una entidad p\u00fablica de protecci\u00f3n o asistencia social, debiendo limitarse el tutor o tutora interina a los actos de mera protecci\u00f3n de la persona interdicta y de simple conservaci\u00f3n de sus bienes. <\/span><\/p><p><span style=\"color: #676767; font-family: Ubuntu; font-size: medium;\">5. En la demanda se deben consignar todos los requisitos exigidos en el Art. 259 del C\u00f3digo de las Familias y del Proceso Familiar. <\/span><\/p><p><span style=\"color: #676767; font-family: Ubuntu; font-size: medium;\">6. A la demanda deber\u00e1 adjuntarse toda la prueba documental (incluyendo el informe psicol\u00f3gico), testifical, pericial o la que fuere conveniente para la pretensi\u00f3n de la demandante. En caso de que sea pertinente se podr\u00e1 solicitar las medidas cautelares y provisionales que el caso amerite. <\/span><\/p><p><span style=\"color: #676767; font-family: Ubuntu; font-size: medium;\">7. La demanda podr\u00e1 ser modificada o ampliada por una sola vez hasta antes de la contestaci\u00f3n, en ese caso el plazo para la contestaci\u00f3n correr\u00e1 a partir de la citaci\u00f3n al demandado con la modificaci\u00f3n o ampliaci\u00f3n. <\/span><\/p><p><span style=\"color: #676767; font-family: Ubuntu; font-size: medium;\">8. La autoridad judicial admitida la demanda, ordenar\u00e1 se cite a la parte demandada para que conteste en el plazo de cinco d\u00edas. <\/span><\/p><p><span style=\"color: #676767; font-family: Ubuntu; font-size: medium;\">9. En caso de que la contestaci\u00f3n admita y acepte todas las pretensiones de la demanda, la autoridad judicial pronunciar\u00e1 sentencia en el acto. <\/span><\/p><p><span style=\"color: #676767; font-family: Ubuntu; font-size: medium;\">10. Se podr\u00e1 oponer las excepciones previstas en el Art. 252 C\u00f3digo de las Familias y del Proceso Familiar a tiempo de contestar la demanda y adjuntando la prueba correspondiente.<\/span><\/p><p><span style=\"color: #676767; font-family: Ubuntu; font-size: medium;\">11. Si con la contestaci\u00f3n se hubieren planteado excepciones, estas ser\u00e1n puestas a conocimiento de la parte demandante para que se pronuncie en el plazo de tres d\u00edas. Con o sin respuesta se resolver\u00e1n las mismas en los siguientes tres d\u00edas. <\/span><\/p><p><span style=\"color: #676767; font-family: Ubuntu; font-size: medium;\">12. Con o sin respuesta de la parte demandada, la autoridad judicial fijar\u00e1 fecha y hora de audiencia, que tendr\u00e1 lugar en el plazo de 10 d\u00edas, siempre que existan puntos controvertidos. En dicha audiencia se cumplir\u00e1n las actuaciones establecidas en el Art. 440 del C\u00f3digo de las Familias y del Proceso Familiar. <\/span><\/p><p><span style=\"color: #676767; font-family: Ubuntu; font-size: medium;\">13. En caso de que el demandado no responda la demanda, el Juez le designar\u00e1 un defensor de oficio, Art. 266 C\u00f3digo de las Familias y del Proceso Familiar. <\/span><\/p><p><span style=\"color: #676767; font-family: Ubuntu; font-size: medium;\">14. Durante el periodo entre la resoluci\u00f3n de fijaci\u00f3n de audiencia hasta la fecha de su instalaci\u00f3n, se podr\u00e1 producir prueba pericial, inspecci\u00f3n judicial, testifical y tambi\u00e9n podr\u00e1n ofrecerse otras pruebas de reciente obtenci\u00f3n. <\/span><\/p><p><span style=\"color: #676767; font-family: Ubuntu; font-size: medium;\">15. Durante la audiencia de juicio, la autoridad judicial emitir\u00e1 sentencia que puede notificarse en la misma audiencia o dentro de 3 d\u00edas. <\/span><\/p><p><span style=\"color: #676767; font-family: Ubuntu; font-size: medium;\">16. La sentencia podr\u00e1 ser apelada en el efecto suspensivo en el plazo de 5 d\u00edas. <\/span><\/p><p><span style=\"color: #676767; font-family: Ubuntu; font-size: medium;\">17. Si la sentencia no fuere apelada en el plazo establecido, la autoridad judicial de oficio o a petici\u00f3n de parte declarar\u00e1 ejecutoriada la misma. <\/span><\/p><\/td><\/tr><\/tbody><\/table><\/div><\/div><\/div><\/div><\/div>\n\t\t\t\t<\/div>\n\t\t\t\t<\/div>\n\t\t\t\t\t\t<\/div>\n\t\t\t\t\t<\/div>\n\t\t<\/div>\n\t\t\t\t\t\t\t\t<\/div>\n\t\t\t\t\t<\/div>\n\t\t<\/section>\n\t\t\t\t<section class=\"elementor-section elementor-top-section elementor-element elementor-element-4edeed0 elementor-section-boxed elementor-section-height-default elementor-section-height-default\" data-id=\"4edeed0\" data-element_type=\"section\">\n\t\t\t\t\t\t<div class=\"elementor-container elementor-column-gap-default\">\n\t\t\t\t\t\t\t<div class=\"elementor-row\">\n\t\t\t\t\t<div class=\"elementor-column elementor-col-100 elementor-top-column elementor-element elementor-element-c3c4b92\" data-id=\"c3c4b92\" data-element_type=\"column\">\n\t\t\t<div class=\"elementor-column-wrap elementor-element-populated\">\n\t\t\t\t\t\t\t<div class=\"elementor-widget-wrap\">\n\t\t\t\t\t\t<div class=\"elementor-element elementor-element-b6fe407 elementor-widget elementor-widget-text-editor\" data-id=\"b6fe407\" data-element_type=\"widget\" data-widget_type=\"text-editor.default\">\n\t\t\t\t<div class=\"elementor-widget-container\">\n\t\t\t\t\t<div class=\"elementor-text-editor elementor-clearfix\"><div class=\"page\" title=\"Page 31\">\n<div class=\"section\">\n<div class=\"layoutArea\">\n<div class=\"column\">\n<table cellspacing=\"0\" cellpadding=\"0\">\n<tbody>\n<tr>\n<td colspan=\"2\" valign=\"middle\">\n<h5 style=\"text-align: center;\"><span style=\"color: #43358b; font-family: Ubuntu; font-size: medium;\"><b>Declaraci\u00f3n judicial de filiaci\u00f3n <\/b><\/span><\/h5>\n<\/td>\n<\/tr>\n<tr>\n<td valign=\"middle\">\n<p><span style=\"color: #676767; font-family: Ubuntu; font-size: medium;\">Definici\u00f3n<\/span><\/p>\n<\/td>\n<td valign=\"middle\">\n<p><span style=\"color: #676767; font-family: Ubuntu; font-size: medium;\">La persona mayor de edad que no cuente con filiaci\u00f3n materna o paterna, debidamente establecida, podr\u00e1 demandar la filiaci\u00f3n ante la autoridad judicial en materia familiar Art. 16-I) C\u00f3digo de las Familias y del Proceso Familiar Ley No 603.<\/span><\/p>\n<\/td>\n<\/tr>\n<tr>\n<td valign=\"middle\">\n<p><span style=\"color: #676767; font-family: Ubuntu; font-size: medium;\">Sujetos facultados para ejercer la acci\u00f3n<\/span><\/p>\n<\/td>\n<td valign=\"middle\">\n<ul>\n<li><span style=\"color: #676767; font-family: Ubuntu; font-size: medium;\">El hijo o su representante legal. <\/span><\/li>\n<li><span style=\"color: #676767; font-family: Ubuntu; font-size: medium;\">Sus descendientes. <\/span><\/li>\n<li><span style=\"color: #676767; font-family: Ubuntu; font-size: medium;\">La o el hijo p\u00f3stumo podr\u00e1 dirigir su acci\u00f3n contra los herederos de quienes considera su madre o su padre.<\/span><\/li>\n<\/ul>\n<\/td>\n<\/tr>\n<tr>\n<td valign=\"middle\">\n<p><span style=\"color: #676767; font-family: Ubuntu; font-size: medium;\">Prescripci\u00f3n de la acci\u00f3n <\/span><\/p>\n<\/td>\n<td valign=\"middle\">\n<p><span style=\"color: #676767; font-family: Ubuntu; font-size: medium;\">Imprescriptible.<\/span><\/p>\n<\/td>\n<\/tr>\n<tr>\n<td valign=\"middle\">\n<p><span style=\"color: #676767; font-family: Ubuntu; font-size: medium;\">Competencia y tipo de proceso<\/span><\/p>\n<\/td>\n<td valign=\"middle\">\n<p><span style=\"color: #676767; font-family: Ubuntu; font-size: medium;\">Es competente para conocer este proceso el Juez P\u00fablico en Materia Familiar, Art. 222 y 223 del C\u00f3digo de las Familias y del Proceso Familiar, Ley No 603.<\/span><\/p>\n<\/td>\n<\/tr>\n<tr>\n<td valign=\"middle\">\n<p><span style=\"color: #676767; font-family: Ubuntu; font-size: medium;\">Es un proceso<\/span><\/p>\n<\/td>\n<td valign=\"middle\">\n<p><span style=\"color: #676767; font-family: Ubuntu; font-size: medium;\">Por la naturaleza del \u00f3rgano que interviene: <b>Judicial <\/b><\/span><\/p>\n<p><span style=\"color: #676767; font-family: Ubuntu; font-size: medium;\">Por su contenido: <b>Contencioso<\/b><\/span><\/p>\n<p><span style=\"color: #676767; font-family: Ubuntu; font-size: medium;\">Por su finalidad: <b>De conocimiento<\/b><\/span><\/p>\n<p><span style=\"color: #676767; font-family: Ubuntu; font-size: medium;\">Por su estructura: <b>Extraordinario Familiar<\/b><\/span><\/p>\n<\/td>\n<\/tr>\n<tr>\n<td valign=\"middle\">\n<p><span style=\"color: #676767; font-family: Ubuntu; font-size: medium;\">Duraci\u00f3n del proceso<\/span><\/p>\n<\/td>\n<td valign=\"middle\">\n<p><span style=\"color: #676767; font-family: Ubuntu; font-size: medium;\">Los plazos legales est\u00e1n establecidos en los. Arts. 435-441 de la Ley No 603.<\/span><\/p>\n<\/td>\n<\/tr>\n<tr>\n<td valign=\"middle\">\n<p><span style=\"color: #676767; font-family: Ubuntu; font-size: medium;\">Recursos<\/span><\/p>\n<\/td>\n<td valign=\"middle\">\n<p><span style=\"color: #676767; font-family: Ubuntu; font-size: medium;\">Emitida la sentencia, las partes en la misma audiencia o en su defecto en las 24 hrs. siguientes a su notificaci\u00f3n pueden pedir explicaci\u00f3n y enmienda, Art. 362 y 363 del C\u00f3digo de las Familias y del Procedimiento Familiar. <\/span><\/p>\n<p><span style=\"color: #676767; font-family: Ubuntu; font-size: medium;\"><b>RECURSO DE APELACI\u00d3N<\/b><\/span><\/p>\n<p><span style=\"color: #676767; font-family: Ubuntu; font-size: medium;\">La sentencia es apelada en el efecto suspensivo en el t\u00e9rmino de 5 d\u00edas, computables al d\u00eda siguiente h\u00e1bil de su notificaci\u00f3n, Art. 443 del C\u00f3digo de las Familias y del Proceso Familiar.<\/span><\/p>\n<\/td>\n<\/tr>\n<tr>\n<td valign=\"middle\">\n<p><span style=\"color: #676767; font-family: Ubuntu; font-size: medium;\">Base legal<\/span><\/p>\n<\/td>\n<td valign=\"middle\">\n<ul>\n<li><b><\/b><span style=\"color: #676767; font-family: Ubuntu; font-size: medium;\">Art. 65 de la Constituci\u00f3n Pol\u00edtica del Estado. <\/span><\/li>\n<li><b><\/b><span style=\"color: #676767; font-family: Ubuntu; font-size: medium;\">Arts. 16, 434-444 del C\u00f3digo de las Familias y del Proceso Familiar, Ley No 603. <\/span><\/li>\n<li><b><\/b><span style=\"color: #676767; font-family: Ubuntu; font-size: medium;\">Arts. 8, 11, 12, 38, 109, 111 del C\u00f3digo Ni\u00f1a, Ni\u00f1o y Adolescente, Ley No 548 <\/span><\/li>\n<li><b><\/b><span style=\"color: #676767; font-family: Ubuntu; font-size: medium;\">Art. 16-d) f) Convenci\u00f3n sobre la Eliminaci\u00f3n de Todas las Formas de Discriminaci\u00f3n contra la Mujer, Ley N\u00b0 <br>1100..<\/span><\/li>\n<\/ul>\n<\/td>\n<\/tr>\n<tr>\n<td valign=\"middle\">\n<p><span style=\"color: #676767; font-family: Ubuntu; font-size: medium;\">Recomendaciones a tomar en cuenta por la\/el abogada(o)<\/span><\/p>\n<\/td>\n<td valign=\"middle\">\n<p><span style=\"color: #676767; font-family: Ubuntu; font-size: medium;\">1. El hijo mayor de edad \u00fanicamente podr\u00e1 ser registrado con la filiaci\u00f3n paterna o materna con su consentimiento. <\/span><\/p>\n<p><span style=\"color: #676767; font-family: Ubuntu; font-size: medium;\">2. Si la o el hijo mayor de edad ha fallecido, su filiaci\u00f3n podr\u00e1 ser reclamada \u00fanicamente con el consentimiento de sus parientes hasta el cuarto grado de consanguinidad o de adopci\u00f3n. <\/span><\/p>\n<p><span style=\"color: #676767; font-family: Ubuntu; font-size: medium;\">3. La filiaci\u00f3n judicial, se prueba mediante pericia cient\u00edfica biol\u00f3gica, siendo el resultado de esta el medio de prueba determinante para la filiaci\u00f3n materna o paterna.<\/span><\/p>\n<p><span style=\"color: #676767; font-family: Ubuntu; font-size: medium;\">4. Si el demandado, sin justo motivo se niegue a someterse a la prueba, se presumir\u00e1 por cierto lo afirmado por la parte demandante. <\/span><\/p>\n<p><span style=\"color: #676767; font-family: Ubuntu; font-size: medium;\">5. La carga de la prueba estar\u00e1 bajo responsabilidad de quien niegue la filiaci\u00f3n. <\/span><\/p>\n<p><span style=\"color: #676767; font-family: Ubuntu; font-size: medium;\">6. Si la demanda es improbada por no haberse demostrado la filiaci\u00f3n, los gastos emergentes de proceso ser\u00e1n cubiertos por la parte demandante.<\/span><\/p>\n<p><span style=\"color: #676767; font-family: Ubuntu; font-size: medium;\">7. En caso de desconocimiento del paradero del pretendido padre o madre, puede tambi\u00e9n ser citado a trav\u00e9s de edictos, de conformidad a lo previsto en los Arts. 308-310 C\u00f3digo de las Familias y del Proceso Familiar.<\/span><\/p>\n<p><span style=\"color: #676767; font-family: Ubuntu; font-size: medium;\">8. En la demanda se deben consignar todos los requisitos exigidos en el Art. 259 del C\u00f3digo de las Familias y del Proceso Familiar.<\/span><\/p>\n<p><span style=\"color: #676767; font-family: Ubuntu; font-size: medium;\">9. A la demanda deber\u00e1 adjuntarse toda la prueba documental, testifical (al ofrecer la deber\u00e1 hacer constar el objeto de la declaraci\u00f3n del testigo), pericial o la que fuere conveniente para la pretensi\u00f3n de la demandante. En caso de que sea pertinente se podr\u00e1 solicitar las medidas cautelares y provisionales que el caso amerite. <\/span><\/p>\n<p><span style=\"color: #676767; font-family: Ubuntu; font-size: medium;\">10. La demanda podr\u00e1 ser modificada o ampliada por una sola vez hasta antes de la contestaci\u00f3n, en ese caso el plazo para la contestaci\u00f3n correr\u00e1 a partir de la citaci\u00f3n al demandado con la modificaci\u00f3n o ampliaci\u00f3n.<\/span><\/p>\n<p><span style=\"color: #676767; font-family: Ubuntu; font-size: medium;\">11. La autoridad judicial admitida la demanda, ordenar\u00e1 se cite a la parte demandada para que conteste en el plazo de cinco d\u00edas.<\/span><\/p>\n<p><span style=\"color: #676767; font-family: Ubuntu; font-size: medium;\">12. En caso de que la contestaci\u00f3n admita y acepte todas las pretensiones de la demanda, la autoridad judicial pronunciar\u00e1 sentencia en el acto.<\/span><\/p>\n<p><span style=\"color: #676767; font-family: Ubuntu; font-size: medium;\">13. Se podr\u00e1 oponer las excepciones previstas en el Art. 252 Ley C\u00f3digo de las Familias y del Proceso Familiar a tiempo de contestar la demanda y adjuntando la prueba correspondiente.<\/span><\/p>\n<p><span style=\"color: #676767; font-family: Ubuntu; font-size: medium;\">14. Si con la contestaci\u00f3n se hubieren planteado excepciones, estas ser\u00e1n puestas a conocimiento de la parte demandante para que se pronuncie en el plazo de tres d\u00edas. Con o sin respuesta se resolver\u00e1n las mismas en los siguientes tres d\u00edas.<\/span><\/p>\n<p><span style=\"color: #676767; font-family: Ubuntu; font-size: medium;\">15. Con o sin respuesta de la parte demandada, la autoridad judicial fijar\u00e1 fecha y hora de audiencia, que tendr\u00e1 lugar en el plazo de 10 d\u00edas, siempre que existan puntos controvertidos. En dicha audiencia se cumplir\u00e1n las actuaciones establecidas en el Art. 440 del C\u00f3digo de las Familias y del Proceso Familiar.<\/span><\/p>\n<p><span style=\"color: #676767; font-family: Ubuntu; font-size: medium;\">16. En caso de que el demandado no responda la demanda, el juez le designar\u00e1 un defensor de oficio, Art. 266 C\u00f3digo de las Familias y del Proceso Familiar.<\/span><\/p>\n<p><span style=\"color: #676767; font-family: Ubuntu; font-size: medium;\">17. Durante el periodo entre la resoluci\u00f3n de fijaci\u00f3n de audiencia hasta la fecha de su instalaci\u00f3n, se podr\u00e1 producir prueba pericial, inspecci\u00f3n judicial, testifical y tambi\u00e9n podr\u00e1n ofrecerse otras pruebas de reciente obtenci\u00f3n.<\/span><\/p>\n<p><span style=\"color: #676767; font-family: Ubuntu; font-size: medium;\">18. Durante la audiencia de juicio, la autoridad judicial emitir\u00e1 sentencia que puede notificarse en la misma audiencia o dentro de 3 d\u00edas. <\/span><\/p>\n<p><span style=\"color: #676767; font-family: Ubuntu; font-size: medium;\">19. La sentencia podr\u00e1 ser apelada en el efecto suspensivo en el plazo de 5 d\u00edas. <\/span><\/p>\n<p><span style=\"color: #676767; font-family: Ubuntu; font-size: medium;\">20. Si la sentencia no fuere apelada en el plazo establecido, la autoridad judicial de oficio o a petici\u00f3n de parte declarar\u00e1 ejecutoriada la misma. <\/span><\/p>\n<\/td>\n<\/tr>\n<\/tbody>\n<\/table>\n<\/div>\n<\/div>\n<\/div>\n<\/div><\/div>\n\t\t\t\t<\/div>\n\t\t\t\t<\/div>\n\t\t\t\t\t\t<\/div>\n\t\t\t\t\t<\/div>\n\t\t<\/div>\n\t\t\t\t\t\t\t\t<\/div>\n\t\t\t\t\t<\/div>\n\t\t<\/section>\n\t\t\t\t<section class=\"elementor-section elementor-top-section elementor-element elementor-element-601a345 elementor-section-boxed elementor-section-height-default elementor-section-height-default\" data-id=\"601a345\" data-element_type=\"section\">\n\t\t\t\t\t\t<div class=\"elementor-container elementor-column-gap-default\">\n\t\t\t\t\t\t\t<div class=\"elementor-row\">\n\t\t\t\t\t<div class=\"elementor-column elementor-col-100 elementor-top-column elementor-element elementor-element-bcac284\" data-id=\"bcac284\" data-element_type=\"column\">\n\t\t\t<div class=\"elementor-column-wrap elementor-element-populated\">\n\t\t\t\t\t\t\t<div class=\"elementor-widget-wrap\">\n\t\t\t\t\t\t<div class=\"elementor-element elementor-element-ca476c2 elementor-widget elementor-widget-text-editor\" data-id=\"ca476c2\" data-element_type=\"widget\" data-widget_type=\"text-editor.default\">\n\t\t\t\t<div class=\"elementor-widget-container\">\n\t\t\t\t\t<div class=\"elementor-text-editor elementor-clearfix\"><div class=\"page\" title=\"Page 31\">\n<div class=\"section\">\n<div class=\"layoutArea\">\n<div class=\"column\">\n<table cellspacing=\"0\" cellpadding=\"0\">\n<tbody>\n<tr>\n<td colspan=\"2\" valign=\"middle\">\n<h5 style=\"text-align: center;\"><span style=\"color: #43358b; font-family: Ubuntu; font-size: medium;\"><b>Determinaci\u00f3n de bienes propios cuando exista desacuerdo sobre su calidad <\/b><\/span><\/h5>\n<\/td>\n<\/tr>\n<tr>\n<td valign=\"middle\">\n<p><span style=\"color: #676767; font-family: Ubuntu; font-size: medium;\">Definici\u00f3n<\/span><\/p>\n<\/td>\n<td valign=\"middle\">\n<p><span style=\"color: #676767; font-family: Ubuntu; font-size: medium;\">\u201cLos bienes propios pueden ser obtenidos:<\/span><\/p>\n<ol>\n<li style=\"list-style-type: none;\">\n<ol>\n<li><span style=\"color: #676767; font-family: Ubuntu; font-size: medium;\"><b>Por modo directo<\/b>, que se constituyen en los bienes que cada uno tiene antes de la constituci\u00f3n del matrimonio o la uni\u00f3n libre y los que reciben cualquiera de ellos durante el matrimonio o uni\u00f3n libre, por herencia, legado o donaci\u00f3n (Art. 179 del C\u00f3digo de las Familias y del Proceso Familiar, Ley No 603).<\/span><\/li>\n<li><span style=\"color: #676767; font-family: Ubuntu; font-size: medium;\"><b>Con causa de adquisici\u00f3n anterior al matrimonio o uni\u00f3n libre, <\/b>son los que se adquieren durante el matrimonio o uni\u00f3n libre, aunque sea por t\u00edtulo oneroso, cuando la causa de adquisici\u00f3n es anterior a la uni\u00f3n siendo estos los adquiridos por efecto de una condici\u00f3n suspensiva o resolutoria cumplida durante el matrimonio, si el t\u00edtulo es de fecha anterior a \u00e9ste; los enajenados antes de constituida la uni\u00f3n o recobrados durante \u00e9sta por una acci\u00f3n de nulidad y otra causa que deja sin efecto la enajenaci\u00f3n; los adquiridos por t\u00edtulo anulable antes de la uni\u00f3n y confirmados durante \u00e9sta; los adquiridos por usucapi\u00f3n durante la uni\u00f3n cuando la posesi\u00f3n comenz\u00f3 con anterioridad a \u00e9sta y las donaciones remuneratorias hechas durante la uni\u00f3n por servicios anteriores a la misma. (Art. 180 del C\u00f3digo de las Familias y del Proceso Familiar, Ley No 603).<\/span><\/li>\n<li><span style=\"color: #676767; font-family: Ubuntu; font-size: medium;\"><b>Donados o dejados en testamento, <\/b>de los bienes donados o dejados en testamento conjuntamente a ambos c\u00f3nyuges , pertenecen por mitad a cada uno de \u00e9stos, salvo que la o el donante o la o el testador establezca otra proporci\u00f3n; es v\u00e1lida la cl\u00e1usula por la cual se dispone que si uno de los donatarios no puede o no quiere aceptar la donaci\u00f3n, su parte acrezca a la del otro; si las donaciones son onerosas, se deduce de la parte de cada c\u00f3nyuge el importe de las cargas que hayan sido abonadas por la comunidad de ganancial (Art. 181 del C\u00f3digo de las Familias y del Proceso Familiar, Ley No 603).<\/span><\/li>\n<li><span style=\"color: #676767; font-family: Ubuntu; font-size: medium;\"><b>Por sustituci\u00f3n, <\/b>que se constituyen en los bienes adquiridos con dinero propio o por permuta con otro bien propio; el cr\u00e9dito por el precio de venta, por el saldo de una permuta o de la partici\u00f3n de un bien propio, que se aplica a la satisfacci\u00f3n del as necesidades comunes, los resarcimientos e indemnizaciones por da\u00f1os o p\u00e9rdida de una bien propio (Art. 182 C\u00f3digo de las Familias y del Proceso Familiar, Ley No 603). <\/span><\/li>\n<li><span style=\"color: #676767; font-family: Ubuntu; font-size: medium;\"><b>Personales, <\/b>son bienes propios las rentas de invalidez, vejez y similares; los beneficios del seguro personal contratado por la o \u00e9l c\u00f3nyuge en provecho suyo o del otro, deducidas las primas pagadas durante la uni\u00f3n; los resarcimientos por da\u00f1os personales de uno de los c\u00f3nyuges (Art. 183 C\u00f3digo de las Familias y del Proceso Familiar, Ley No 603). <\/span><\/li>\n<li><span style=\"color: #676767; font-family: Ubuntu; font-size: medium;\"><b>Por acrecimiento, <\/b>son los t\u00edtulos o valores de regal\u00edas por revalorizaci\u00f3n de capitales o inversi\u00f3n de reservas que corresponde a t\u00edtulos o valores mobiliarios propios y se dan sin desembolsos, los t\u00edtulos o valores adquiridos en virtud de un derecho de suscripci\u00f3n, correspondientes a un t\u00edtulo o valor propio, salvo compensaci\u00f3n a la comunidad ganancial, si se pagan con fondos comunes, la superval\u00eda e incrementos semejantes que experimentan los bienes propios, sin provenir de mejoras\u201d (Art. 184 C\u00f3digo de las Familias y del Proceso Familiar, Ley No 603).<\/span><\/li>\n<\/ol>\n<\/li>\n<\/ol>\n<\/td>\n<\/tr>\n<tr>\n<td valign=\"middle\">\n<p><span style=\"color: #676767; font-family: Ubuntu; font-size: medium;\">Sujetos facultados para ejercer la acci\u00f3n<\/span><\/p>\n<\/td>\n<td valign=\"middle\">\n<p><span style=\"color: #676767; font-family: Ubuntu; font-size: medium;\">Cualquiera de los c\u00f3nyuges.<\/span><\/p>\n<\/td>\n<\/tr>\n<tr>\n<td valign=\"middle\">\n<p><span style=\"color: #676767; font-family: Ubuntu; font-size: medium;\">Prescripci\u00f3n de la acci\u00f3n<\/span><\/p>\n<\/td>\n<td valign=\"middle\">\n<p><span style=\"color: #676767; font-family: Ubuntu; font-size: medium;\">Imprescriptible.<\/span><\/p>\n<\/td>\n<\/tr>\n<tr>\n<td valign=\"middle\">\n<p><span style=\"color: #676767; font-family: Ubuntu; font-size: medium;\">Competencia y tipo de proceso <\/span><\/p>\n<\/td>\n<td valign=\"middle\">\n<p><span style=\"color: #676767; font-family: Ubuntu; font-size: medium;\">Es competente para conocer este proceso el Juez P\u00fablico en Materia Familiar, Art. 222 y 223 del C\u00f3digo de las Familias y del Proceso Familiar, Ley No 603. <\/span><\/p>\n<\/td>\n<\/tr>\n<tr>\n<td valign=\"middle\">\n<p><span style=\"color: #676767; font-family: Ubuntu; font-size: medium;\">Es un proceso <\/span><\/p>\n<\/td>\n<td valign=\"middle\">\n<p><span style=\"color: #676767; font-family: Ubuntu; font-size: medium;\">Por la naturaleza del \u00f3rgano que interviene: <b>Judicial <\/b><\/span><\/p>\n<p><span style=\"color: #676767; font-family: Ubuntu; font-size: medium;\">Por su contenido: <b>Contencioso<\/b><\/span><\/p>\n<p><span style=\"color: #676767; font-family: Ubuntu; font-size: medium;\">Por su finalidad: <b>De conocimiento<\/b><\/span><\/p>\n<p><span style=\"color: #676767; font-family: Ubuntu; font-size: medium;\">Por su estructura: <b>Ordinario Familiar <\/b><\/span><\/p>\n<\/td>\n<\/tr>\n<tr>\n<td valign=\"middle\">\n<p><span style=\"color: #676767; font-family: Ubuntu; font-size: medium;\">Duraci\u00f3n del proceso <\/span><\/p>\n<\/td>\n<td valign=\"middle\">\n<p><span style=\"color: #676767; font-family: Ubuntu; font-size: medium;\">Los plazos legales est\u00e1n establecidos en los Arts. 422-430 de la Ley No 603. <\/span><\/p>\n<\/td>\n<\/tr>\n<tr>\n<td valign=\"middle\">\n<p><span style=\"color: #676767; font-family: Ubuntu; font-size: medium;\">Recursos<\/span><\/p>\n<\/td>\n<td valign=\"middle\">\n<p><span style=\"color: #676767; font-family: Ubuntu; font-size: medium;\">Emitida la sentencia, las partes en la misma audiencia o en su defecto en las 24 hrs. siguientes a su notificaci\u00f3n pueden pedir explicaci\u00f3n y enmienda, Art. 362 y 363 del C\u00f3digo de las Familias y del Procedimiento Familiar. <\/span><\/p>\n<p><span style=\"color: #676767; font-family: Ubuntu; font-size: medium;\"><b>RECURSO DE APELACI\u00d3N<\/b><\/span><\/p>\n<p><span style=\"color: #676767; font-family: Ubuntu; font-size: medium;\">La sentencia emitida puede ser apelada en el efecto suspensivo en el t\u00e9rmino de 10 d\u00edas, computables al d\u00eda siguiente h\u00e1bil de su notificaci\u00f3n, Art. 431 del C\u00f3digo de las Familias y del Proceso Familiar. <\/span><\/p>\n<p><span style=\"color: #676767; font-family: Ubuntu; font-size: medium;\"><b>RECURSO DE CASACI\u00d3N <\/b><\/span><\/p>\n<p><span style=\"color: #676767; font-family: Ubuntu; font-size: medium;\">El Auto de Vista puede ser recurrido en el t\u00e9rmino de 10 d\u00edas, computables a partir del d\u00eda siguiente h\u00e1bil de su notificaci\u00f3n Art. 432 del C\u00f3digo de las Familias y del Proceso Familiar.<\/span><\/p>\n<\/td>\n<\/tr>\n<tr>\n<td valign=\"middle\">\n<p><span style=\"color: #676767; font-family: Ubuntu; font-size: medium;\">Base legal<\/span><\/p>\n<\/td>\n<td valign=\"middle\">\n<ul>\n<li><b><\/b><span style=\"color: #676767; font-family: Ubuntu; font-size: medium;\">Art. 62, 63 y 64 de la Constituci\u00f3n Pol\u00edtica del Estado. <\/span><\/li>\n<li><b><\/b><span style=\"color: #676767; font-family: Ubuntu; font-size: medium;\">Arts. 178-186 del C\u00f3digo de las Familias y del Proceso, Familiar, Ley No 603. <\/span><\/li>\n<li><b><\/b><span style=\"color: #676767; font-family: Ubuntu; font-size: medium;\">Art. 23-4) Pacto Internacional de Derechos Civiles y Pol\u00edticos. <\/span><\/li>\n<li><b><\/b><span style=\"color: #676767; font-family: Ubuntu; font-size: medium;\">Art. 16 Convenci\u00f3n sobre la Eliminaci\u00f3n de todas las formas de Discriminaci\u00f3n contra la Mujer, Ley N\u00b0 1100..<\/span><\/li>\n<\/ul>\n<\/td>\n<\/tr>\n<tr>\n<td valign=\"middle\">\n<p><span style=\"color: #676767; font-family: Ubuntu; font-size: medium;\">Recomendaciones a tomar en cuenta por la\/el abogada(o)<\/span><\/p>\n<\/td>\n<td valign=\"middle\">\n<p><span style=\"color: #676767; font-family: Ubuntu; font-size: medium;\">1. Cada uno de los c\u00f3nyuges tiene la libre administraci\u00f3n y disposici\u00f3n de sus bienes propios y no puede disponerlos en forma gratuita, salvo que se tratare de anticipo de leg\u00edtima. <\/span><\/p>\n<p><span style=\"color: #676767; font-family: Ubuntu; font-size: medium;\">2. El objeto de este proceso es determinar la calidad de los bienes como propios de uno de los c\u00f3nyuges, en caso de existir controversia. <\/span><\/p>\n<p><span style=\"color: #676767; font-family: Ubuntu; font-size: medium;\">3. En caso de desconocimiento del paradero del demandado, puede tambi\u00e9n ser citado a trav\u00e9s de edictos, de conformidad a lo previsto en los Arts. 308-310 del C\u00f3digo de las Familias y del Proceso Familiar. <\/span><\/p>\n<p><span style=\"color: #676767; font-family: Ubuntu; font-size: medium;\">4. En la de<\/span><span style=\"color: rgb(103, 103, 103); font-family: Ubuntu; font-size: medium; font-style: inherit; font-weight: inherit;\">manda se deben consignar todos los requisitos exigidos en el Art.259 del C\u00f3digo de las Familias y del Proceso Familiar.<\/span><\/p>\n<p><span style=\"color: #676767; font-family: Ubuntu; font-size: medium;\">5. A la demanda deber\u00e1 adjuntarse toda la prueba documental, testifical (al ofrecerla deber\u00e1 hacer constar el objeto de la declaraci\u00f3n del testigo), pericial o la que fuere conveniente para la pretensi\u00f3n de la demandante, es decir acreditar objetivamente la propiedad ganancial del bien. En caso de que sea pertinente se podr\u00e1 solicitar las medidas cautelares y provisionales que el caso amerite.<\/span><\/p>\n<p><span style=\"color: #676767; font-family: Ubuntu; font-size: medium;\">6. La demanda podr\u00e1 ser modificada o ampliada por una sola vez hasta antes de la contestaci\u00f3n, en ese caso el plazo para la contestaci\u00f3n correr\u00e1 a partir de la citaci\u00f3n al demandado con la modificaci\u00f3n o ampliaci\u00f3n. <\/span><\/p>\n<p><span style=\"color: #676767; font-family: Ubuntu; font-size: medium;\">7. La autoridad judicial admitida la demanda, decidir\u00e1 sobre la adopci\u00f3n de medidas cautelares y provisionales de conformidad a lo establecido en los Arts. 271-291 del C\u00f3digo de las Familias y del Proceso Familiar y ordenar\u00e1 se cite a la parte demandada para que conteste en el plazo de diez d\u00edas. <\/span><\/p>\n<p><span style=\"color: #676767; font-family: Ubuntu; font-size: medium;\">8. En caso de que el demandado no responda la demanda, el juez declarar\u00e1 su rebeld\u00eda. Art. 269-I) del C\u00f3digo de las Familias y del Proceso Familiar. <\/span><\/p>\n<p><span style=\"color: #676767; font-family: Ubuntu; font-size: medium;\">9. Cuando se declare la rebeld\u00eda, las pretensiones no se toman como ciertas, sino que deben ser probadas y valoradas por la autoridad jurisdiccional. <\/span><\/p>\n<p><span style=\"color: #676767; font-family: Ubuntu; font-size: medium;\">10. Se podr\u00e1 oponer las excepciones previstas en el Art. 252 del C\u00f3digo de las Familias y del Proceso Familiar a tiempo de contestar la demanda y adjuntando la prueba correspondiente. <\/span><\/p>\n<p><span style=\"color: #676767; font-family: Ubuntu; font-size: medium;\">11. Si la parte demandada no contesta en el plazo de 10 d\u00edas, podr\u00e1 hacerlo en la audiencia preliminar, no pudiendo oponer excepciones ni deducir demanda reconvencional, pudiendo apersonarse en cualquier etapa del proceso. <\/span><\/p>\n<p><span style=\"color: #676767; font-family: Ubuntu; font-size: medium;\">12. Si la parte demandada se allana y acepta todas las pretensiones de la demanda, la autoridad judicial pronunciar\u00e1 sentencia. <\/span><\/p>\n<p><span style=\"color: #676767; font-family: Ubuntu; font-size: medium;\">13. Con o sin respuesta de la parte demandada, la autoridad judicial fijar\u00e1 fecha y hora para la realizaci\u00f3n de la audiencia preliminar, que tendr\u00e1 lugar en un plazo perentorio de 15 d\u00edas. <\/span><\/p>\n<p><span style=\"color: #676767; font-family: Ubuntu; font-size: medium;\">14. Concluida la audiencia preliminar la autoridad judicial fijar\u00e1 fecha y hora para la realizaci\u00f3n de la audiencia complementaria, dentro de los d\u00edas quince d\u00edas siguientes y dictar\u00e1 sentencia. <\/span><\/p>\n<\/td>\n<\/tr>\n<\/tbody>\n<\/table>\n<\/div>\n<\/div>\n<\/div>\n<\/div><\/div>\n\t\t\t\t<\/div>\n\t\t\t\t<\/div>\n\t\t\t\t\t\t<\/div>\n\t\t\t\t\t<\/div>\n\t\t<\/div>\n\t\t\t\t\t\t\t\t<\/div>\n\t\t\t\t\t<\/div>\n\t\t<\/section>\n\t\t\t\t<section class=\"elementor-section elementor-top-section elementor-element elementor-element-8c2d857 elementor-section-boxed elementor-section-height-default elementor-section-height-default\" data-id=\"8c2d857\" data-element_type=\"section\">\n\t\t\t\t\t\t<div class=\"elementor-container elementor-column-gap-default\">\n\t\t\t\t\t\t\t<div class=\"elementor-row\">\n\t\t\t\t\t<div class=\"elementor-column elementor-col-100 elementor-top-column elementor-element elementor-element-226ff2a\" data-id=\"226ff2a\" data-element_type=\"column\">\n\t\t\t<div class=\"elementor-column-wrap elementor-element-populated\">\n\t\t\t\t\t\t\t<div class=\"elementor-widget-wrap\">\n\t\t\t\t\t\t<div class=\"elementor-element elementor-element-151c5d7 elementor-widget elementor-widget-text-editor\" data-id=\"151c5d7\" data-element_type=\"widget\" data-widget_type=\"text-editor.default\">\n\t\t\t\t<div class=\"elementor-widget-container\">\n\t\t\t\t\t<div class=\"elementor-text-editor elementor-clearfix\"><div class=\"page\" title=\"Page 31\"><div class=\"section\"><div class=\"layoutArea\"><div class=\"column\"><table cellspacing=\"0\" cellpadding=\"0\"><tbody><tr><td colspan=\"2\" valign=\"middle\"><h5 style=\"text-align: center;\"><span style=\"color: #43358b; font-family: Ubuntu; font-size: medium;\"><b>Divisi\u00f3n y partici\u00f3n de bienes gananciales cuando no se lo tramita en ejecuci\u00f3n de proceso de divorcio <\/b><\/span><\/h5><\/td><\/tr><tr><td valign=\"middle\"><p><span style=\"color: #676767; font-family: Ubuntu; font-size: medium;\">Definici\u00f3n<\/span><\/p><\/td><td valign=\"middle\"><p><span style=\"color: #676767; font-family: Ubuntu; font-size: medium;\">Los bienes comunes pueden ser obtenidos:<\/span><\/p><p><span style=\"color: #676767; font-family: Ubuntu; font-size: medium;\"><b>\u2022 Por modo directo<\/b>, los adquiridos con el trabajo o industria de cualquiera de los c\u00f3nyuges; los frutos de los bienes comunes y de los propios de cada c\u00f3nyuge; los productos de juegos de loter\u00eda o azar, siempre que no se trate de los que provienen de sorteo o retenci\u00f3n de valores o t\u00edtulos pertenecientes a uno solo de los c\u00f3nyuges; los que se obtengan por concesi\u00f3n o adjudicaci\u00f3n del Estado (Art. 188 del C\u00f3digo de las Familias y del Proceso Familiar, Ley No 603). <\/span><\/p><p><span style=\"color: #676767; font-family: Ubuntu; font-size: medium;\"><b>\u2022 Por sustituci\u00f3n, <\/b>los adquiridos durante la uni\u00f3n a costa del fondo com\u00fan, aunque la adquisici\u00f3n se haga a nombre de uno solo de los c\u00f3nyuges; los aumentos de valor por mejoras \u00fatiles hechas en los bienes propios con fondos comunes o por la industria de la o el c\u00f3nyuge; los inmuebles construidos a costa del fondo com\u00fan sobre suelo propio de uno de los c\u00f3nyuges, descontando el valor del suelo que le pertenece (Art. 189 del C\u00f3digo de las Familias y del Proceso Familiar, Ley No 603).<\/span><\/p><\/td><\/tr><tr><td valign=\"middle\"><p><span style=\"color: #676767; font-family: Ubuntu; font-size: medium;\">Sujetos facultados para ejercer la acci\u00f3n<\/span><\/p><\/td><td valign=\"middle\"><p><span style=\"color: #676767; font-family: Ubuntu; font-size: medium;\">La o el c\u00f3nyuge.<\/span><\/p><\/td><\/tr><tr><td valign=\"top\"><p><span style=\"color: #676767; font-family: Ubuntu; font-size: medium;\">Prescripci\u00f3n de la acci\u00f3n <\/span><\/p><\/td><td valign=\"top\"><p><span style=\"color: #676767; font-family: Ubuntu; font-size: medium;\">Imprescriptible.<\/span><\/p><\/td><\/tr><tr><td valign=\"middle\"><p><span style=\"color: #676767; font-family: Ubuntu; font-size: medium;\">Competencia y tipo de proceso<\/span><\/p><\/td><td valign=\"middle\"><p><span style=\"color: #676767; font-family: Ubuntu; font-size: medium;\">Es competente para conocer este proceso el Juez P\u00fablico en Materia Familiar, Art. 222 y 223 del C\u00f3digo de las Familias y del Proceso Familiar, Ley No 603.<\/span><\/p><\/td><\/tr><tr><td valign=\"middle\"><p><span style=\"color: #676767; font-family: Ubuntu; font-size: medium;\">Es un proceso<\/span><\/p><\/td><td valign=\"middle\"><p><span style=\"color: #676767; font-family: Ubuntu; font-size: medium;\">Por la naturaleza del \u00f3rgano que interviene: <b>Judicial <\/b><\/span><\/p><p><span style=\"color: #676767; font-family: Ubuntu; font-size: medium;\">Por su contenido: <b>Contencioso<\/b><\/span><\/p><p><span style=\"color: #676767; font-family: Ubuntu; font-size: medium;\">Por su finalidad: <b>De conocimiento<\/b><\/span><\/p><p><span style=\"color: #676767; font-family: Ubuntu; font-size: medium;\">Por su estructura: <b>Ordinario Familiar<\/b><\/span><\/p><\/td><\/tr><tr><td valign=\"middle\"><p><span style=\"color: #676767; font-family: Ubuntu; font-size: medium;\">Duraci\u00f3n del proceso<\/span><\/p><\/td><td valign=\"middle\"><p><span style=\"color: #676767; font-family: Ubuntu; font-size: medium;\">Los plazos legales est\u00e1n establecidos en los. Arts. 422-430 de la Ley No 603.<\/span><\/p><\/td><\/tr><tr><td valign=\"middle\"><p><span style=\"color: #676767; font-family: Ubuntu; font-size: medium;\">Recursos<\/span><\/p><\/td><td valign=\"middle\"><p><span style=\"color: #676767; font-family: Ubuntu; font-size: medium;\">Emitida la sentencia, las partes en la misma audiencia o en su defecto en las 24 hrs. siguientes a su notificaci\u00f3n pueden pedir explicaci\u00f3n y enmienda, Art. 362 y 363 del C\u00f3digo de las Familias y del Procedimiento Familiar. <\/span><\/p><p><span style=\"color: #676767; font-family: Ubuntu; font-size: medium;\"><b>RECURSO DE APELACI\u00d3N<\/b><\/span><\/p><p><span style=\"color: #676767; font-family: Ubuntu; font-size: medium;\">La sentencia emitida puede ser apelada en el efecto suspensivo en el t\u00e9rmino de 10 d\u00edas, computables al d\u00eda siguiente h\u00e1bil de su notificaci\u00f3n, Art. 431 del C\u00f3digo de las Familias y del Proceso Familiar. <\/span><\/p><p><span style=\"color: #676767; font-family: Ubuntu; font-size: medium;\"><b>RECURSO DE CASACI\u00d3N <\/b><\/span><\/p><p><span style=\"color: #676767; font-family: Ubuntu; font-size: medium;\">El Auto de Vista puede ser recurrido en el t\u00e9rmino de 10 d\u00edas, computables a partir del d\u00eda siguiente h\u00e1bil de su notificaci\u00f3n, Art. 432 del C\u00f3digo de las Familias y del Proceso Familiar.<\/span><\/p><\/td><\/tr><tr><td valign=\"middle\"><p><span style=\"color: #676767; font-family: Ubuntu; font-size: medium;\">Base legal<\/span><\/p><\/td><td valign=\"middle\"><ul><li><b><\/b><span style=\"color: #676767; font-family: Ubuntu; font-size: medium;\">Art. 62, 63 y 64 de la Constituci\u00f3n Pol\u00edtica del Estado. <\/span><\/li><li><b><\/b><span style=\"color: #676767; font-family: Ubuntu; font-size: medium;\">Arts. 187-192 del C\u00f3digo de las Familias y del Proceso Familiar, Ley No 603. <\/span><\/li><li><b><\/b><span style=\"color: #676767; font-family: Ubuntu; font-size: medium;\">Art. 23-4) Pacto Internacional de Derechos Civiles y Pol\u00edticos. <\/span><\/li><li><b><\/b><span style=\"color: #676767; font-family: Ubuntu; font-size: medium;\">Art. 16-h) Convenci\u00f3n sobre la Eliminaci\u00f3n de Todas las Formas de Discriminaci\u00f3n contra la Mujer, Ley N\u00b0 1100..<\/span><\/li><\/ul><\/td><\/tr><tr><td valign=\"middle\"><p><span style=\"color: #676767; font-family: Ubuntu; font-size: medium;\">Recomendaciones a tomar en cuenta por la\/el abogada(o)<\/span><\/p><\/td><td valign=\"middle\"><p><span style=\"color: #676767; font-family: Ubuntu; font-size: medium;\">1. Los bienes se presumen comunes, salvo que se pruebe que son propios de la o el c\u00f3nyuge.<br \/><\/span><\/p><p><span style=\"color: #676767; font-family: Ubuntu; font-size: medium;\">2. El reconocimiento que haga uno de los c\u00f3nyuges a favor de la o del otro, sobre el car\u00e1cter propio de ciertos bienes surte efecto entre ellos, sin afectar a terceros.<\/span><\/p><p><span style=\"color: #676767; font-family: Ubuntu; font-size: medium;\">3. Los bienes comunes se administran por ambos c\u00f3nyuges.<\/span><\/p><p><span style=\"color: #676767; font-family: Ubuntu; font-size: medium;\">4. Los actos de administraci\u00f3n que realice uno de los c\u00f3nyuges, que se justifiquen para cubrir las cargas de la comunidad ganancial, se presume que cuentan con el consentimiento del otro mientras no se demuestre lo contrario y surten efectos para ambos.<\/span><\/p><p><span style=\"color: #676767; font-family: Ubuntu; font-size: medium;\">5. Si los actos realizados no se justifican en beneficio de la comunidad ganancial y no cuentan con la aprobaci\u00f3n del otro c\u00f3nyuge, s\u00f3lo obligan personalmente a la o el c\u00f3nyuge que los realiz\u00f3.<\/span><\/p><p><span style=\"color: #676767; font-family: Ubuntu; font-size: medium;\">6. En caso de ausencia, incapacidad o impedimento de uno de los c\u00f3nyuges la administraci\u00f3n corresponde al otro.<\/span><\/p><p><span style=\"color: #676767; font-family: Ubuntu; font-size: medium;\">7. Para disponer de los bienes comunes es indispensable el consentimiento expreso del otro, cuando no sea posible debe obtenerse la autorizaci\u00f3n judicial respectiva.<\/span><\/p><p><span style=\"color: #676767; font-family: Ubuntu; font-size: medium;\">8. En caso de desconocimiento del paradero del demandado, puede tambi\u00e9n ser citado a trav\u00e9s de edictos, de conformidad a lo previsto en los Arts. 308-310 del C\u00f3digo de las Familias y del Proceso Familiar.<\/span><\/p><p><span style=\"color: #676767; font-family: Ubuntu; font-size: medium;\">9. En la demanda se deben consignar todos los requisitos exigidos en el Art. 259 del C\u00f3digo de las Familias y del Proceso Familiar.<\/span><\/p><p><span style=\"color: #676767; font-family: Ubuntu; font-size: medium;\">10. A la demanda deber\u00e1 adjuntarse toda la prueba documental, testifical (al ofrecerla deber\u00e1 hacer constar el objeto de la declaraci\u00f3n del testigo), pericial o la que fuere conveniente para la pretensi\u00f3n de la demandante. En caso de que sea pertinente se podr\u00e1 solicitar las medidas cautelares y provisionales que el caso amerite. <\/span><\/p><p><span style=\"color: #676767; font-family: Ubuntu; font-size: medium;\">11. La demanda podr\u00e1 ser modificada o ampliada por una sola vez hasta antes de la contestaci\u00f3n, en ese caso el plazo para la contestaci\u00f3n correr\u00e1 a partir de la citaci\u00f3n al demandado con la modificaci\u00f3n o ampliaci\u00f3n.<\/span><\/p><p><span style=\"color: #676767; font-family: Ubuntu; font-size: medium;\">12. La autoridad judicial admitida la demanda, decidir\u00e1 sobre la adopci\u00f3n de medidas cautelares y provisionales de conformidad a lo establecido en los Arts. 271-291 del C\u00f3digo de las Familias y del Proceso Familiar y ordenar\u00e1 se cite a la parte demandada para que conteste en el plazo de diez d\u00edas.<\/span><\/p><p><span style=\"color: #676767; font-family: Ubuntu; font-size: medium;\">13. En caso de que el demandado no responda la demanda, el juez declarar\u00e1 su rebeld\u00eda Art. 269-I) del C\u00f3digo de las Familias y del Proceso Familiar.<\/span><\/p><p><span style=\"color: #676767; font-family: Ubuntu; font-size: medium;\">14. Cuando se declare la rebeld\u00eda, las pretensiones no se toman como ciertas, sino que deben ser probadas y valoradas por la autoridad jurisdiccional.<\/span><\/p><p><span style=\"color: #676767; font-family: Ubuntu; font-size: medium;\">15. Se podr\u00e1 oponer las excepciones previstas en el Art. 252 C\u00f3digo de las Familias y del Proceso Familiar a tiempo de contestar la demanda y adjuntando la prueba correspondiente.<\/span><\/p><p><span style=\"color: #676767; font-family: Ubuntu; font-size: medium;\">16. Si la parte demandada no contesta en el plazo de 10 d\u00edas, podr\u00e1 hacerlo en la audiencia preliminar, no pudiendo oponer excepciones ni deducir demanda reconvencional, pudiendo apersonarse en cualquier etapa del proceso.<\/span><\/p><p><span style=\"color: #676767; font-family: Ubuntu; font-size: medium;\">17. Si la parte demandada se allana y acepta todas las pretensiones de la demanda, la autoridad judicial pronunciar\u00e1 sentencia.<\/span><\/p><p><span style=\"color: #676767; font-family: Ubuntu; font-size: medium;\">18. Con o sin respuesta de la parte demandada, la autoridad judicial fijar\u00e1 fecha y hora para la realizaci\u00f3n de la audiencia preliminar, que tendr\u00e1 lugar en un plazo perentorio de 15 d\u00edas.<\/span><\/p><p><span style=\"color: #676767; font-family: Ubuntu; font-size: medium;\">19. Concluida la audiencia preliminar la autoridad judicial fijar\u00e1 fecha y hora para la realizaci\u00f3n de la audiencia complementaria, dentro de los 15 d\u00edas siguientes y dictar\u00e1 sentencia.<\/span><\/p><p><span style=\"color: #676767; font-family: Ubuntu; font-size: medium;\">20. Los actos de disposici\u00f3n de uno de los c\u00f3nyuges respecto a los bienes comunes, pueden anularse a demanda de la o el otro c\u00f3nyuge, salvo que \u00e9sta o \u00e9ste prefiera reivindicar a t\u00edtulo exclusivo la parte que le corresponda en el bien dispuesto.<\/span><\/p><p><span style=\"color: #676767; font-family: Ubuntu; font-size: medium;\">21. No es necesaria la presencia del demandado para iniciar la acci\u00f3n, la citaci\u00f3n se la puede realizar por comisi\u00f3n o edictos; tampoco es necesaria la presencia de la demandante pues otorgar un poder para que la represente en el proceso.<\/span><\/p><p><span style=\"color: #676767; font-family: Ubuntu; font-size: medium;\">22. La demanda es iniciada para la divisi\u00f3n de bienes gananciales luego de haber concluido el proceso de divorcio o desvinculaci\u00f3n de la uni\u00f3n libre.<\/span><\/p><\/td><\/tr><\/tbody><\/table><\/div><\/div><\/div><\/div><\/div>\n\t\t\t\t<\/div>\n\t\t\t\t<\/div>\n\t\t\t\t\t\t<\/div>\n\t\t\t\t\t<\/div>\n\t\t<\/div>\n\t\t\t\t\t\t\t\t<\/div>\n\t\t\t\t\t<\/div>\n\t\t<\/section>\n\t\t\t\t<section class=\"elementor-section elementor-top-section elementor-element elementor-element-47efabd elementor-section-boxed elementor-section-height-default elementor-section-height-default\" data-id=\"47efabd\" data-element_type=\"section\">\n\t\t\t\t\t\t<div class=\"elementor-container elementor-column-gap-default\">\n\t\t\t\t\t\t\t<div class=\"elementor-row\">\n\t\t\t\t\t<div class=\"elementor-column elementor-col-100 elementor-top-column elementor-element elementor-element-cc2d546\" data-id=\"cc2d546\" data-element_type=\"column\">\n\t\t\t<div class=\"elementor-column-wrap elementor-element-populated\">\n\t\t\t\t\t\t\t<div class=\"elementor-widget-wrap\">\n\t\t\t\t\t\t<div class=\"elementor-element elementor-element-d4ca28b elementor-widget elementor-widget-text-editor\" data-id=\"d4ca28b\" data-element_type=\"widget\" data-widget_type=\"text-editor.default\">\n\t\t\t\t<div class=\"elementor-widget-container\">\n\t\t\t\t\t<div class=\"elementor-text-editor elementor-clearfix\"><div class=\"page\" title=\"Page 31\"><div class=\"section\"><div class=\"layoutArea\"><div class=\"column\"><table cellspacing=\"0\" cellpadding=\"0\"><tbody><tr><td colspan=\"2\" valign=\"middle\"><h5 style=\"text-align: center;\"><span style=\"color: #43358b; font-family: Ubuntu; font-size: medium;\"><b>Divorcio\/ Desvinculaci\u00f3n de la uni\u00f3n libre <\/b><\/span><\/h5><\/td><\/tr><tr><td valign=\"middle\"><p><span style=\"color: #676767; font-family: Ubuntu; font-size: medium;\">Definici\u00f3n <\/span><\/p><\/td><td valign=\"middle\"><p><span style=\"color: #676767; font-family: Ubuntu; font-size: medium;\">El divorcio o la desvinculaci\u00f3n de la uni\u00f3n libre, es la disoluci\u00f3n del v\u00ednculo jur\u00eddico existente entre los c\u00f3nyuges o convivientes por resoluci\u00f3n de autoridad competente. <\/span><\/p><\/td><\/tr><tr><td valign=\"middle\"><p><span style=\"color: #676767; font-family: Ubuntu; font-size: medium;\">Sujetos facultados para ejercer la acci\u00f3n<\/span><\/p><\/td><td valign=\"middle\"><p><span style=\"color: #676767; font-family: Ubuntu; font-size: medium;\">Por la o el c\u00f3nyuge o por ambos, por s\u00ed o por medio de un representante legal.<\/span><\/p><\/td><\/tr><tr><td valign=\"top\"><p><span style=\"color: #676767; font-family: Ubuntu; font-size: medium;\">Extinci\u00f3n de la acci\u00f3n <\/span><\/p><\/td><td valign=\"top\"><p><span style=\"color: #676767; font-family: Ubuntu; font-size: medium;\">Se produce por la reconciliaci\u00f3n de los c\u00f3nyuges y procede hasta antes de que se ejecutor\u00ede la sentencia. <\/span><\/p><\/td><\/tr><tr><td valign=\"middle\"><p><span style=\"color: #676767; font-family: Ubuntu; font-size: medium;\">Competencia y tipo de proceso<\/span><\/p><\/td><td valign=\"middle\"><p><span style=\"color: #676767; font-family: Ubuntu; font-size: medium;\">Es competente para conocer este proceso el Juez P\u00fablico en Materia Familiar, Art. 222 y 223 del C\u00f3digo de las Familias y del Proceso Familiar, Ley No 603..<\/span><\/p><\/td><\/tr><tr><td valign=\"middle\"><p><span style=\"color: #676767; font-family: Ubuntu; font-size: medium;\">Es un proceso<\/span><\/p><\/td><td valign=\"middle\"><p><span style=\"color: #676767; font-family: Ubuntu; font-size: medium;\">Por la naturaleza del \u00f3rgano que interviene: <b>Judicial<\/b><\/span><\/p><p><span style=\"color: #676767; font-family: Ubuntu; font-size: medium;\">Por su contenido: <b>Contencioso en relaci\u00f3n a los efectos personales y patrimoniales <\/b><\/span><\/p><p><span style=\"color: #676767; font-family: Ubuntu; font-size: medium;\">Por su finalidad: <b>De conocimiento<\/b><\/span><\/p><p><span style=\"color: #676767; font-family: Ubuntu; font-size: medium;\">Por su estructura: <b>Extraordinario Familiar<\/b><\/span><\/p><\/td><\/tr><tr><td valign=\"middle\"><p><span style=\"color: #676767; font-family: Ubuntu; font-size: medium;\">Duraci\u00f3n del proceso<\/span><\/p><\/td><td valign=\"middle\"><p><span style=\"color: #676767; font-family: Ubuntu; font-size: medium;\">Los plazos legales est\u00e1n establecidos en los Arts. 435-441 de la Ley No 603<\/span><\/p><\/td><\/tr><tr><td valign=\"middle\"><p><span style=\"color: #676767; font-family: Ubuntu; font-size: medium;\">Recursos<\/span><\/p><\/td><td valign=\"middle\"><p><span style=\"color: #676767; font-family: Ubuntu; font-size: medium;\"><b>RECURSOS <\/b><\/span><\/p><p><span style=\"color: #676767; font-family: Ubuntu; font-size: medium;\">Emitida la sentencia, las partes en la misma audiencia o en su defecto en las 24 hrs. siguientes a su notificaci\u00f3n pueden pedir explicaci\u00f3n y enmienda, Art. 362 y 363 del C\u00f3digo de las Familias y del Procedimiento Familiar. <\/span><\/p><p><span style=\"color: #676767; font-family: Ubuntu; font-size: medium;\"><b>RECURSO DE APELACI\u00d3N<\/b><\/span><\/p><p><span style=\"color: #676767; font-family: Ubuntu; font-size: medium;\">La sentencia es apelada en el efecto suspensivo en el t\u00e9rmino de 5 d\u00edas, computables al d\u00eda siguiente h\u00e1bil de su notificaci\u00f3n, Art. 443 del C\u00f3digo de las Familias y del Proceso Familiar.<\/span><\/p><\/td><\/tr><tr><td valign=\"middle\"><p><span style=\"color: #676767; font-family: Ubuntu; font-size: medium;\">Base legal<\/span><\/p><\/td><td valign=\"middle\"><ul><li><b><\/b><span style=\"color: #676767; font-family: Ubuntu; font-size: medium;\">Art. 62 y 63 de la Constituci\u00f3n Pol\u00edtica del Estado. <\/span><\/li><li><b><\/b><span style=\"color: #676767; font-family: Ubuntu; font-size: medium;\">Arts. 164-167, 205, 207-218, 434-444 del C\u00f3digo de las Familias y del Proceso Familiar, Ley No 603. <\/span><\/li><li><b><\/b><span style=\"color: #676767; font-family: Ubuntu; font-size: medium;\">Arts. 94, 95, 96 Ley del Notariado Plurinacional Ley No 483. <\/span><\/li><li><b><\/b><span style=\"color: #676767; font-family: Ubuntu; font-size: medium;\">Art. 23-4) Pacto Internacional de Derechos Civiles y Pol\u00edticos. <\/span><\/li><li><b><\/b><span style=\"color: #676767; font-family: Ubuntu; font-size: medium;\">Art. 16 c), d), f), h) Convenci\u00f3n sobre la Eliminaci\u00f3n de todas las formas de Discriminaci\u00f3n contra la Mujer, Ley N\u00b0 1100.<\/span><\/li><li><b><\/b><span style=\"color: #676767; font-family: Ubuntu; font-size: medium;\">Art. 4-f) Convenci\u00f3n Interamericana para Prevenir, Sancionar y Erradicar la Violencia contra la Mujer \u201dConvenci\u00f3n de Bel\u00e9m do Par\u00e1\u201d. Ley No 1599.<\/span><\/li><\/ul><\/td><\/tr><tr><td valign=\"middle\"><p><span style=\"color: #676767; font-family: Ubuntu; font-size: medium;\">Recomendaciones a tomar en cuenta por la\/el abogada(o)<\/span><\/p><\/td><td valign=\"middle\"><p><span style=\"color: #676767; font-family: Ubuntu; font-size: medium;\">1. La acci\u00f3n de divorcio o la desvinculaci\u00f3n de la uni\u00f3n libre proceden en la v\u00eda judicial por ruptura del proyecto de vida en com\u00fan, por acuerdo de partes o voluntad de una de ellas, tambi\u00e9n procede en la v\u00eda notarial por mutuo acuerdo, Art. 205 del C\u00f3digo de las Familias y del Procedimiento Familiar. <\/span><\/p><p><span style=\"color: #676767; font-family: Ubuntu; font-size: medium;\">2. La demanda puede ser presentada con o sin acuerdo regulador del divorcio. <\/span><\/p><p><span style=\"color: #676767; font-family: Ubuntu; font-size: medium;\">3. En el caso de la uni\u00f3n libre previamente debe demostrarse su existencia, ya sea a trav\u00e9s de un proceso judicial de acuerdo al Art. 166 del C\u00f3digo de las Familias y del Proceso Familiar, Ley No 603.<\/span><\/p><p><span style=\"color: #676767; font-family: Ubuntu; font-size: medium;\">4. Tambi\u00e9n es posible el registro voluntario unilateral de la uni\u00f3n conyugal libre, para lo cual la usuaria debe presentar ante el Registro C\u00edvico la solicitud, la misma que ser\u00e1 publicada por el Registro C\u00edvico en su portal web y notificar\u00e1 en forma personal al otro quien deber\u00e1 aceptar o negar la misma, si el notificado no comparece o compareciendo negare la uni\u00f3n la el oficial de Registro C\u00edvico en el plazo de dos d\u00edas proceder\u00e1 al archivo de los antecedentes, salvando los derechos de la parte interesada.<\/span><\/p><p><span style=\"color: #676767; font-family: Ubuntu; font-size: medium;\"><b>I. PROCEDIMIENTO DE DIVORCIO CON ACUERDO REGULADOR<\/b><\/span><\/p><p><span style=\"color: #676767; font-family: Ubuntu; font-size: medium;\">&#8211; El acuerdo regulador de divorcio o desvinculaci\u00f3n de uni\u00f3n libre, debe estar debidamente reconocido en sus firmas y r\u00fabricas y contener los siguientes aspectos:<\/span><\/p><p><span style=\"color: #676767; font-family: Ubuntu; font-size: medium;\">&#8211; La manifestaci\u00f3n de la voluntad de ambos c\u00f3nyuges sobre divorcio o desvinculaci\u00f3n por ruptura del proyecto de vida en com\u00fan, es decir expresar la voluntad de ambas partes de desvinculaci\u00f3n.<\/span><\/p><p><span style=\"color: #676767; font-family: Ubuntu; font-size: medium;\">&#8211; La asistencia familiar para las y los hijos y en caso de acordar que la misma sea en parte en especie, en caso de incumplimiento la misma debe monetizarse y fijarse de com\u00fan acuerdo el monto. <\/span><\/p><p><span style=\"color: #676767; font-family: Ubuntu; font-size: medium;\">&#8211; La guarda y tutela de las y los hijos y r\u00e9gimen de visitas.<\/span><\/p><ul><li><span style=\"color: #676767; font-family: Ubuntu; font-size: medium;\">La divisi\u00f3n y partici\u00f3n de bienes gananciales. <\/span><\/li><li><span style=\"color: #676767; font-family: Ubuntu; font-size: medium;\">En la demanda se deben consignar todos los requisitos exigidos en el Art. 259 del C\u00f3digo de las Familias y del Proceso Familiar.<\/span><\/li><\/ul><p><span style=\"color: #676767; font-family: Ubuntu; font-size: medium;\">&#8211; A la demanda deber\u00e1 adjuntarse toda la prueba documental, es decir el acuerdo regulador, el certificado de matrimonio y\/o la constancia de inscripci\u00f3n de la uni\u00f3n libre (si existiere) y el certificado de nacimiento de las y los hijos.<\/span><\/p><p><span style=\"color: #676767; font-family: Ubuntu; font-size: medium;\">&#8211; Tambi\u00e9n se puede poner presente que la divisi\u00f3n de gananciales ser\u00e1 tramitada en ejecuci\u00f3n de sentencia, aplicando el procedimiento ordinario. <\/span><\/p><ul><li><span style=\"color: #676767; font-family: Ubuntu; font-size: medium;\">Citada la parte demandada tiene el plazo de cinco d\u00edas para contestar la misma. <\/span><\/li><li><span style=\"color: #676767; font-family: Ubuntu; font-size: medium;\">Con o sin contestaci\u00f3n la autoridad judicial emplazar\u00e1 a las partes para que comparezcan en el plazo de tres meses.<\/span><\/li><\/ul><p><span style=\"color: #676767; font-family: Ubuntu; font-size: medium;\">&#8211; En caso de que la contestaci\u00f3n admita y acepte todas las pretensiones de la demanda y con la renuncia expresa de ambas partes al termino de tres meses establecido en el Art. 210-VI) del C\u00f3digo de las Familias y del Procedimiento Familiar, la autoridad judicial se\u00f1alar\u00e1 audiencia en el t\u00e9rmino de 10 d\u00edas en la que pronunciar\u00e1 sentencia, homologando el acuerdo regulador. <\/span><\/p><p><span style=\"color: #676767; font-family: Ubuntu; font-size: medium;\">&#8211; Si no existe renuncia expresa de ambos, al t\u00e9rmino de tres meses establecido en el art. 210-II) del C\u00f3digo de las Familias y del Procedimiento Familiar, aun existiendo acuerdo regulador la audiencia se fijar\u00e1 dentro del plazo de tres meses. <\/span><\/p><p><span style=\"color: #676767; font-family: Ubuntu; font-size: medium;\"><b>II. PROCEDIMIENTO DE DIVORCIO SIN ACUERDO REGULADOR<\/b><\/span><\/p><p><span style=\"color: #676767; font-family: Ubuntu; font-size: medium;\">&#8211; En la demanda se deben consignar todos los requisitos exigidos en el Art. 259 del C\u00f3digo de las Familias y del Proceso Familiar.<\/span><\/p><p><span style=\"color: #676767; font-family: Ubuntu; font-size: medium;\">&#8211; A la demanda deber\u00e1 adjuntarse toda la prueba documental, testifical (al ofrecerla deber\u00e1 hacer constar el objeto de la declaraci\u00f3n del testigo), pericial o la que fuere conveniente para la pretensi\u00f3n de la demandante. En caso de que sea pertinente se podr\u00e1 solicitar las medidas cautelares y provisionales que el caso amerite. Espec\u00edficamente en el caso de la desvinculaci\u00f3n de uni\u00f3n libre adem\u00e1s se debe plantear la comprobaci\u00f3n de uni\u00f3n conyugal libre cuando no est\u00e9 registrada. <\/span><\/p><p><span style=\"color: #676767; font-family: Ubuntu; font-size: medium;\">&#8211; En caso de no contar con respaldo de la titularidad de los bienes u obligaciones, se debe manifestar en forma expresa que la divisi\u00f3n de \u00e9stos se sujete al proceso ordinario que establece la Ley No 603. <\/span><\/p><p><span style=\"color: #676767; font-family: Ubuntu; font-size: medium;\">&#8211; La demanda podr\u00e1 ser modificada o ampliada por una sola vez hasta antes de la contestaci\u00f3n, en ese caso el plazo para la contestaci\u00f3n correr\u00e1 a partir de la citaci\u00f3n al demandado con la modificaci\u00f3n o ampliaci\u00f3n. <\/span><\/p><p><span style=\"color: #676767; font-family: Ubuntu; font-size: medium;\">&#8211; La autoridad judicial admitida la demanda, decidir\u00e1 sobre la adopci\u00f3n de medidas cautelares y provisionales de conformidad a lo establecido en los Arts. 271-291 del C\u00f3digo de las Familias y del Proceso Familiar y ordenar\u00e1 se cite a la parte demandada para que conteste en el plazo de cinco d\u00edas. <\/span><\/p><p><span style=\"color: #676767; font-family: Ubuntu; font-size: medium;\">&#8211; En caso de que el demandado no responda la demanda, el juez le designar\u00e1 un defensor de oficio, Art. 266 del C\u00f3digo de las Familias y del Procedimiento Familiar. <\/span><\/p><p><span style=\"color: #676767; font-family: Ubuntu; font-size: medium;\">&#8211; Con o sin contestaci\u00f3n la autoridad judicial emplazar\u00e1 a las partes para que comparezcan en el plazo de tres meses. <\/span><\/p><p><span style=\"color: #676767; font-family: Ubuntu; font-size: medium;\">&#8211; En caso de que la contestaci\u00f3n admita y acepte todas las pretensiones de la demanda y con la renuncia expresa de ambas partes al t\u00e9rmino de tres meses establecido en el Art. 210-VI) del C\u00f3digo de las Familias y del Proceso Familiar, la autoridad judicial se\u00f1alar\u00e1 audiencia en el t\u00e9rmino de 10 d\u00edas en la que pronunciar\u00e1 sentencia. <\/span><\/p><p><span style=\"color: #676767; font-family: Ubuntu; font-size: medium;\">&#8211; Si no existe renuncia expresa de ambos, al t\u00e9rmino de tres meses establecido en el Art. 210-II) del C\u00f3digo de las Familias y del Proceso Familiar, la audiencia se fijar\u00e1 dentro del plazo de tres meses. <\/span><\/p><p><span style=\"color: #676767; font-family: Ubuntu; font-size: medium;\">&#8211; Si la respuesta a la demanda es contradictoria en relaci\u00f3n a los efectos del divorcio (guarda, asistencia familiar y divisi\u00f3n de bienes) se podr\u00e1 oponer las excepciones previstas en el Art. 252 C\u00f3digo de las Familias y del Proceso Familiar a tiempo de contestar la demanda y adjuntando la prueba correspondiente. <\/span><\/p><p><span style=\"color: #676767; font-family: Ubuntu; font-size: medium;\">&#8211; Si con la contestaci\u00f3n se hubieren planteado excepciones, estas ser\u00e1n puestas a conocimiento de la parte demandante para que se pronuncie en el plazo de tres d\u00edas. Con o sin respuesta se resolver\u00e1n las mismas en los siguientes tres d\u00edas. <\/span><\/p><ul><li><span style=\"color: #676767; font-family: Ubuntu; font-size: medium;\">Con o sin contestaci\u00f3n la autoridad judicial fijar\u00e1 fecha y hora de audiencia en el plazo de tres meses. <\/span><\/li><li><span style=\"color: #676767; font-family: Ubuntu; font-size: medium;\">Durante el periodo entre la fijaci\u00f3n de la audiencia hasta la fecha de su celebraci\u00f3n, se podr\u00e1 producir prueba pericial, inspecci\u00f3n judicial, testifical y tambi\u00e9n podr\u00e1n ofrecerse otras pruebas de reciente obtenci\u00f3n.<\/span><\/li><\/ul><p><span style=\"color: #676767; font-family: Ubuntu; font-size: medium;\">&#8211; Durante la audiencia de juicio, la autoridad judicial emitir\u00e1 sentencia que puede notificarse en la misma audiencia o dentro de 3 d\u00edas. <\/span><\/p><p><span style=\"color: #676767; font-family: Ubuntu; font-size: medium;\">&#8211; Si la sentencia no fuere apelada en el plazo establecido, la autoridad judicial de oficio o a petici\u00f3n de parte declarar\u00e1 ejecutoriada la misma. <\/span><\/p><p><span style=\"color: #676767; font-family: Ubuntu; font-size: medium;\">&#8211; La autoridad judicial determinar\u00e1 la situaci\u00f3n de las y los hijos, teniendo en cuenta el mejor cuidado e inter\u00e9s moral y material de estos. <\/span><\/p><p><span style=\"color: #676767; font-family: Ubuntu; font-size: medium;\">&#8211; Si uno de los c\u00f3nyuges no tiene medios suficientes por estar en situaci\u00f3n de salud grave o muy grave, la autoridad judicial le fijar\u00e1 la asistencia familiar conforme las previsiones contenidas en el Art. 215 del C\u00f3digo de Familias y del Proceso Familiar. <\/span><\/p><p><span style=\"color: #676767; font-family: Ubuntu; font-size: medium;\">&#8211; La madre o el padre que no ha obtenido la guarda tiene el derecho y el deber de visita en las condiciones que fije la autoridad judicial y el de contribuir al desarrollo Integral de las y los hijos. <\/span><\/p><p><span style=\"color: #676767; font-family: Ubuntu; font-size: medium;\">&#8211; Por acuerdo voluntario de ambos padres que viven separados, podr\u00e1n determinar la guarda compartida que asegure una adecuada, estable y continua crianza de los hijos comunes. <\/span><\/p><ul><li><span style=\"color: #676767; font-family: Ubuntu; font-size: medium;\">Declarada la desvinculaci\u00f3n, se pierde el acceso al seguro social de corto plazo, renta de viudez, a heredar. <\/span><\/li><li><span style=\"color: #676767; font-family: Ubuntu; font-size: medium;\">\u00a0Respecto de la guarda de las o los hijos, se debe manifestar de forma expresa la imposibilidad de establecer una guarda compartida en el memorial de demanda, adjuntando prueba que acredite ese extremo.<\/span><\/li><\/ul><p><span style=\"color: #676767; font-family: Ubuntu; font-size: medium;\">&#8211; Se debe hacer conocer a la usuaria que el divorcio opera por simple voluntad de las partes, siendo los \u00fanicos hechos controvertidos los de guarda, asistencia familiar y divisi\u00f3n de bienes los sujetos a prueba. <\/span><\/p><\/td><\/tr><\/tbody><\/table><\/div><\/div><\/div><\/div><\/div>\n\t\t\t\t<\/div>\n\t\t\t\t<\/div>\n\t\t\t\t\t\t<\/div>\n\t\t\t\t\t<\/div>\n\t\t<\/div>\n\t\t\t\t\t\t\t\t<\/div>\n\t\t\t\t\t<\/div>\n\t\t<\/section>\n\t\t\t\t<section class=\"elementor-section elementor-top-section elementor-element elementor-element-0df0585 elementor-section-boxed elementor-section-height-default elementor-section-height-default\" data-id=\"0df0585\" data-element_type=\"section\">\n\t\t\t\t\t\t<div class=\"elementor-container elementor-column-gap-default\">\n\t\t\t\t\t\t\t<div class=\"elementor-row\">\n\t\t\t\t\t<div class=\"elementor-column elementor-col-100 elementor-top-column elementor-element elementor-element-192f65c\" data-id=\"192f65c\" data-element_type=\"column\">\n\t\t\t<div class=\"elementor-column-wrap elementor-element-populated\">\n\t\t\t\t\t\t\t<div class=\"elementor-widget-wrap\">\n\t\t\t\t\t\t<div class=\"elementor-element elementor-element-1de6061 elementor-widget elementor-widget-text-editor\" data-id=\"1de6061\" data-element_type=\"widget\" data-widget_type=\"text-editor.default\">\n\t\t\t\t<div class=\"elementor-widget-container\">\n\t\t\t\t\t<div class=\"elementor-text-editor elementor-clearfix\"><div class=\"page\" title=\"Page 31\"><div class=\"section\"><div class=\"layoutArea\"><div class=\"column\"><table cellspacing=\"0\" cellpadding=\"0\"><tbody><tr><td colspan=\"2\" valign=\"middle\"><h5 style=\"text-align: center;\"><span style=\"color: #43358b; font-family: Ubuntu; font-size: medium;\"><b>Divorcio Notarial <\/b><\/span><\/h5><\/td><\/tr><tr><td valign=\"top\"><p><span style=\"color: #676767; font-family: Ubuntu; font-size: medium;\">Definici\u00f3n <\/span><\/p><\/td><td valign=\"top\"><p><span style=\"color: #676767; font-family: Ubuntu; font-size: medium;\">El divorcio o la desvinculaci\u00f3n de la uni\u00f3n libre, es la disoluci\u00f3n del v\u00ednculo jur\u00eddico existente entre los c\u00f3nyuges o convivientes por resoluci\u00f3n de autoridad competente. <\/span><\/p><\/td><\/tr><tr><td valign=\"middle\"><p><span style=\"color: #676767; font-family: Ubuntu; font-size: medium;\">Sujetos facultados para ejercer la acci\u00f3n<\/span><\/p><\/td><td valign=\"middle\"><p><span style=\"color: #676767; font-family: Ubuntu; font-size: medium;\">Por ambos c\u00f3nyuges en forma conjunta, por s\u00ed o por medio de un representante legal.<\/span><\/p><\/td><\/tr><tr><td valign=\"middle\"><p><span style=\"color: #676767; font-family: Ubuntu; font-size: medium;\">Extinci\u00f3n de la acci\u00f3n y \/o caducidad<\/span><\/p><\/td><td valign=\"middle\"><p><span style=\"color: #676767; font-family: Ubuntu; font-size: medium;\">La extinci\u00f3n de la acci\u00f3n se produce por la reconciliaci\u00f3n de los c\u00f3nyuges.<br \/>Caduca la acci\u00f3n si transcurridos seis meses de la presentaci\u00f3n de la solicitud los c\u00f3nyuges no se presentan a ratificar su decisi\u00f3n de divorciarse.<\/span><\/p><\/td><\/tr><tr><td valign=\"middle\"><p><span style=\"color: #676767; font-family: Ubuntu; font-size: medium;\">Competencia y tipo de proceso<\/span><\/p><\/td><td valign=\"middle\"><p><span style=\"color: #676767; font-family: Ubuntu; font-size: medium;\">Es competente para conocer este tr\u00e1mite el o la notario\/a del domicilio de los c\u00f3nyuges.<\/span><\/p><\/td><\/tr><tr><td valign=\"middle\"><p><span style=\"color: #676767; font-family: Ubuntu; font-size: medium;\">Es un proceso<\/span><\/p><\/td><td valign=\"middle\"><p><span style=\"color: #676767; font-family: Ubuntu; font-size: medium;\">Por la naturaleza del \u00f3rgano que interviene: <b>Administrativa <\/b><\/span><\/p><p><span style=\"color: #676767; font-family: Ubuntu; font-size: medium;\">Por su contenido: <b>Voluntario<\/b><\/span><\/p><p><span style=\"color: #676767; font-family: Ubuntu; font-size: medium;\">Por su finalidad: <b>De conocimiento<\/b><\/span><\/p><p><span style=\"color: #676767; font-family: Ubuntu; font-size: medium;\">Por su estructura: <b>Voluntario Notarial<\/b><\/span><\/p><\/td><\/tr><tr><td valign=\"middle\"><p><span style=\"color: #676767; font-family: Ubuntu; font-size: medium;\">Duraci\u00f3n del proceso<\/span><\/p><\/td><td valign=\"middle\"><p><span style=\"color: #676767; font-family: Ubuntu; font-size: medium;\">Los plazos legales est\u00e1n establecidos en los. Art. 96 de la Ley del Notariado Plurinacional, Ley No 483.<\/span><\/p><\/td><\/tr><tr><td valign=\"top\"><p><span style=\"color: #676767; font-family: Ubuntu; font-size: medium;\">Recursos <\/span><\/p><\/td><td valign=\"top\"><p><span style=\"color: #676767; font-family: Ubuntu; font-size: medium;\">No admite. <\/span><\/p><\/td><\/tr><tr><td valign=\"middle\"><p><span style=\"color: #676767; font-family: Ubuntu; font-size: medium;\">Base legal<\/span><\/p><\/td><td valign=\"middle\"><ul><li><b><\/b><span style=\"color: #676767; font-family: Ubuntu; font-size: medium;\">Art. 62 y 63 de la Constituci\u00f3n Pol\u00edtica del Estado. <\/span><\/li><li><b><\/b><span style=\"color: #676767; font-family: Ubuntu; font-size: medium;\">Arts. 94, 95, 96 Ley del Notariado Plurinacional Ley No 483. <\/span><\/li><li><b><\/b><span style=\"color: #676767; font-family: Ubuntu; font-size: medium;\">Arts. 98, 99, 100, 101 Reglamento de la Ley del Notariado Plurinacional D.S. No 2189. <\/span><\/li><li><b><\/b><span style=\"color: #676767; font-family: Ubuntu; font-size: medium;\">Art. 206 C\u00f3digo de las Familias y el Proceso Familiar, Ley No 603. <\/span><\/li><li><b><\/b><span style=\"color: #676767; font-family: Ubuntu; font-size: medium;\">Art. 23 -4) Pacto Internacional de Derechos Civiles y Pol\u00edticos. <\/span><\/li><li><b><\/b><span style=\"color: #676767; font-family: Ubuntu; font-size: medium;\">Art. 16 c), d), f), h) Convenci\u00f3n sobre la Eliminaci\u00f3n de todas las formas de Discriminaci\u00f3n contra la Mujer, Ley N\u00b0 1100.<\/span><\/li><li><b><\/b><span style=\"color: #676767; font-family: Ubuntu; font-size: medium;\">Art. 4\u2013f) Convenci\u00f3n Interamericana para Prevenir, Sancionar y Erradicar la Violencia contra la Mujer \u201dConvenci\u00f3n de Bel\u00e9m do Par\u00e1\u201d. Ley No 1599.<\/span><\/li><\/ul><\/td><\/tr><tr><td valign=\"middle\"><p><span style=\"color: #676767; font-family: Ubuntu; font-size: medium;\">Recomendaciones a tomar en cuenta por la\/el abogada(o)<\/span><\/p><\/td><td valign=\"middle\"><p><span style=\"color: #676767; font-family: Ubuntu; font-size: medium;\">1. El divorcio notarial s\u00f3lo procede cuando se cumplen los siguientes supuestos: <\/span><\/p><ol><li style=\"list-style-type: none;\"><ol><li><span style=\"color: #676767; font-family: Ubuntu; font-size: medium;\">Consentimiento y acuerdo sobre la desvinculaci\u00f3n matrimonial.<\/span><\/li><li><span style=\"color: #676767; font-family: Ubuntu; font-size: medium;\">No existan hijos o \u00e9stos sean mayores de 25 a\u00f1os.<\/span><\/li><li><span style=\"color: #676767; font-family: Ubuntu; font-size: medium;\">No existan bienes comunes sujetos a registro. <\/span><\/li><li><span style=\"color: #676767; font-family: Ubuntu; font-size: medium;\">Ninguno de los c\u00f3nyuges pretenda una asistencia familiar.<\/span><\/li><\/ol><\/li><\/ol><p><span style=\"color: #676767; font-family: Ubuntu; font-size: medium;\">2. La petici\u00f3n debe ser presentada en forma conjunta por los c\u00f3nyuges ante el notario\/a, adjuntando un acuerdo y el certificado de matrimonio. <\/span><\/p><p><span style=\"color: #676767; font-family: Ubuntu; font-size: medium;\">3. El\/la notario\/a procede al registro de la solicitud de divorcio notarial, dando fe del acto jur\u00eddico voluntario. <\/span><\/p><p><span style=\"color: #676767; font-family: Ubuntu; font-size: medium;\">4. Los c\u00f3nyuges deben presentarse despu\u00e9s de tres meses, ratificando su decisi\u00f3n. El\/la notario\/a protocolizar\u00e1 el acuerdo y su ratificaci\u00f3n, y remitir\u00e1 testimonio al Servicio de Registro C\u00edvico, para la cancelaci\u00f3n de la partida de matrimonio.<\/span><\/p><\/td><\/tr><\/tbody><\/table><\/div><\/div><\/div><\/div><\/div>\n\t\t\t\t<\/div>\n\t\t\t\t<\/div>\n\t\t\t\t\t\t<\/div>\n\t\t\t\t\t<\/div>\n\t\t<\/div>\n\t\t\t\t\t\t\t\t<\/div>\n\t\t\t\t\t<\/div>\n\t\t<\/section>\n\t\t\t\t<section class=\"elementor-section elementor-top-section elementor-element elementor-element-ea6783c elementor-section-boxed elementor-section-height-default elementor-section-height-default\" data-id=\"ea6783c\" data-element_type=\"section\">\n\t\t\t\t\t\t<div class=\"elementor-container elementor-column-gap-default\">\n\t\t\t\t\t\t\t<div class=\"elementor-row\">\n\t\t\t\t\t<div class=\"elementor-column elementor-col-100 elementor-top-column elementor-element elementor-element-ae3ff4a\" data-id=\"ae3ff4a\" data-element_type=\"column\">\n\t\t\t<div class=\"elementor-column-wrap elementor-element-populated\">\n\t\t\t\t\t\t\t<div class=\"elementor-widget-wrap\">\n\t\t\t\t\t\t<div class=\"elementor-element elementor-element-1f9b3ab elementor-widget elementor-widget-text-editor\" data-id=\"1f9b3ab\" data-element_type=\"widget\" data-widget_type=\"text-editor.default\">\n\t\t\t\t<div class=\"elementor-widget-container\">\n\t\t\t\t\t<div class=\"elementor-text-editor elementor-clearfix\"><div class=\"page\" title=\"Page 31\"><div class=\"section\"><div class=\"layoutArea\"><div class=\"column\"><table cellspacing=\"0\" cellpadding=\"0\"><tbody><tr><td colspan=\"2\" valign=\"middle\"><h5 style=\"text-align: center;\"><span style=\"color: #43358b; font-family: Ubuntu; font-size: medium;\"><b>Impugnaci\u00f3n de filiaci\u00f3n <\/b><\/span><\/h5><\/td><\/tr><tr><td valign=\"top\"><p><span style=\"color: #676767; font-family: Ubuntu; font-size: medium;\">Definici\u00f3n<\/span><\/p><\/td><td valign=\"top\"><p><span style=\"color: #676767; font-family: Ubuntu; font-size: medium;\">Es la acci\u00f3n judicial por la que se impugna la filiaci\u00f3n, cuando esta no corresponda o afecte al interesado. <\/span><\/p><\/td><\/tr><tr><td valign=\"middle\"><p><span style=\"color: #676767; font-family: Ubuntu; font-size: medium;\">Sujetos facultados para ejercer la acci\u00f3n<\/span><\/p><\/td><td valign=\"middle\"><ul><li><b><\/b><span style=\"color: #676767; font-family: Ubuntu; font-size: medium;\">Por la o el hijo. <\/span><\/li><li><b><\/b><span style=\"color: #676767; font-family: Ubuntu; font-size: medium;\">Por intermedio de sus parientes hasta el cuarto grado de consanguinidad o segundo de afinidad. <\/span><\/li><li><b><\/b><span style=\"color: #676767; font-family: Ubuntu; font-size: medium;\">Por la Defensor\u00eda de la Ni\u00f1ez y Adolescencia.<\/span><\/li><\/ul><\/td><\/tr><tr><td valign=\"middle\"><p><span style=\"color: #676767; font-family: Ubuntu; font-size: medium;\">Extinci\u00f3n de la acci\u00f3n <\/span><\/p><\/td><td valign=\"middle\"><p><span style=\"color: #676767; font-family: Ubuntu; font-size: medium;\">Imprescriptible.<\/span><\/p><\/td><\/tr><tr><td valign=\"middle\"><p><span style=\"color: #676767; font-family: Ubuntu; font-size: medium;\">Competencia y tipo de proceso<\/span><\/p><\/td><td valign=\"middle\"><p><span style=\"color: #676767; font-family: Ubuntu; font-size: medium;\">En es competente para conocer este proceso el Juez P\u00fablico en Materia Familiar, Art. 222 y 223 del C\u00f3digo de las Familias y del Proceso Familiar, Ley No 603.<\/span><\/p><\/td><\/tr><tr><td valign=\"middle\"><p><span style=\"color: #676767; font-family: Ubuntu; font-size: medium;\">Es un proceso<\/span><\/p><\/td><td valign=\"middle\"><p><span style=\"color: #676767; font-family: Ubuntu; font-size: medium;\">Por la naturaleza del \u00f3rgano que interviene: <b>Judicial <\/b><\/span><\/p><p><span style=\"color: #676767; font-family: Ubuntu; font-size: medium;\">Por su contenido: <b>Contencioso<\/b><\/span><\/p><p><span style=\"color: #676767; font-family: Ubuntu; font-size: medium;\">Por su finalidad: <b>De conocimiento<\/b><\/span><\/p><p><span style=\"color: #676767; font-family: Ubuntu; font-size: medium;\">Por su estructura: <b>Extraordinario Familiar<\/b><\/span><\/p><\/td><\/tr><tr><td valign=\"middle\"><p><span style=\"color: #676767; font-family: Ubuntu; font-size: medium;\">Duraci\u00f3n del proceso<\/span><\/p><\/td><td valign=\"middle\"><p><span style=\"color: #676767; font-family: Ubuntu; font-size: medium;\">Los plazos legales est\u00e1n establecidos en los Arts. 435-441 de la Ley No 603.<\/span><\/p><\/td><\/tr><tr><td valign=\"middle\"><p><span style=\"color: #676767; font-family: Ubuntu; font-size: medium;\">Recursos<\/span><\/p><\/td><td valign=\"middle\"><p><span style=\"color: #676767; font-family: Ubuntu; font-size: medium;\">Emitida la sentencia, las partes en la misma audiencia o en su defecto en las 24 hrs. siguientes a su notificaci\u00f3n pueden pedir explicaci\u00f3n y enmienda, Art. 362 y 363 del C\u00f3digo de las Familias y del Procedimiento Familiar. <\/span><\/p><p><span style=\"color: #676767; font-family: Ubuntu; font-size: medium;\"><b>RECURSO DE APELACI\u00d3N<\/b><\/span><\/p><p><span style=\"color: #676767; font-family: Ubuntu; font-size: medium;\">La sentencia es apelada en el efecto suspensivo en el t\u00e9rmino de 5 d\u00edas, computables al d\u00eda siguiente h\u00e1bil de su notificaci\u00f3n, Art. 443 del C\u00f3digo de las Familias y del Proceso Familiar.<\/span><\/p><\/td><\/tr><tr><td valign=\"middle\"><p><span style=\"color: #676767; font-family: Ubuntu; font-size: medium;\">Base legal<\/span><\/p><\/td><td valign=\"middle\"><ul><li><b><\/b><span style=\"color: #676767; font-family: Ubuntu; font-size: medium;\">Arts. 65 de la Constituci\u00f3n Pol\u00edtica del Estado. <\/span><\/li><li><b><\/b><span style=\"color: #676767; font-family: Ubuntu; font-size: medium;\">Arts. 20-23, 27, 30, 434-444 del C\u00f3digo de las Familias y del Proceso Familiar, Ley No 603. <\/span><\/li><li><b><\/b><span style=\"color: #676767; font-family: Ubuntu; font-size: medium;\">Arts. 109-I) y 111-I) C\u00f3digo Ni\u00f1a, Ni\u00f1o y Adolescente, Ley N\u00b0 548. <\/span><\/li><li><b><\/b><span style=\"color: #676767; font-family: Ubuntu; font-size: medium;\">Arts. 7, 8, 18, Convenci\u00f3n sobre los Derechos del Ni\u00f1o, Ley No 1152.<\/span><\/li><\/ul><\/td><\/tr><tr><td valign=\"middle\"><p><span style=\"color: #676767; font-family: Ubuntu; font-size: medium;\">Recomendaciones a tomar en cuenta por la\/el abogada(o)<\/span><\/p><\/td><td valign=\"middle\"><p><span style=\"color: #676767; font-family: Ubuntu; font-size: medium;\">1. Este proceso procede en caso de: suposici\u00f3n o simulaci\u00f3n de embarazo o alumbramiento, substracci\u00f3n o sustituci\u00f3n de la o el hijo, cuando exista acusaci\u00f3n ante la autoridad competente de ser o haber sido v\u00edctima de delitos contra la libertad sexual por parte de la madre o el padre, cuando provenga de una acusaci\u00f3n ante la autoridad competente, por delitos contra la libertad sexual a la madre de la hija o el hijo que impugna la filiaci\u00f3n (Art. 21-I) C\u00f3digo de las Familias y del Proceso Familiar. <\/span><\/p><p><span style=\"color: #676767; font-family: Ubuntu; font-size: medium;\">2. La acci\u00f3n de impugnaci\u00f3n de filiaci\u00f3n extingue todo efecto jur\u00eddico personal (asistencia Familiar) y patrimonial (heredar) entre el demandado y demandante. <\/span><\/p><p><span style=\"color: #676767; font-family: Ubuntu; font-size: medium;\">3. Sin embargo, el demandado puede optar por continuar con el apellido que lleva ya que la acci\u00f3n no afecta el derecho a la identidad del que goza la persona. <\/span><\/p><p><span style=\"color: #676767; font-family: Ubuntu; font-size: medium;\">4. Quien pretende el establecimiento de una nueva filiaci\u00f3n, deber\u00e1 accionar contra la persona respecto a quien niega su filiaci\u00f3n y tambi\u00e9n respecto a la persona a quien la atribuye, si corresponde. <\/span><\/p><p><span style=\"color: #676767; font-family: Ubuntu; font-size: medium;\">5. La resoluci\u00f3n que declara probada la demanda, dispondr\u00e1 el nuevo registro de filiaci\u00f3n ante el Servicio de Registro C\u00edvico. <\/span><\/p><p><span style=\"color: #676767; font-family: Ubuntu; font-size: medium;\">6. La acci\u00f3n de impugnaci\u00f3n, se prueba mediante pericia cient\u00edfica biol\u00f3gica.<\/span><\/p><p><span style=\"color: #676767; font-family: Ubuntu; font-size: medium;\">7. En caso de desconocimiento del paradero del demandado, puede tambi\u00e9n ser citado a trav\u00e9s de edictos, de conformidad a lo previsto en los Arts. 308-310 C\u00f3digo de las Familias y del Proceso Familiar. <\/span><\/p><p><span style=\"color: #676767; font-family: Ubuntu; font-size: medium;\">8. En la demanda se deben consignar todos los requisitos exigidos en el Art. 259 del C\u00f3digo de las Familias y del Proceso Familiar. <\/span><\/p><p><span style=\"color: #676767; font-family: Ubuntu; font-size: medium;\">9. A la demanda deber\u00e1 adjuntarse toda la prueba documental, testifical (al ofrecerla deber\u00e1 hacer constar el objeto de la declaraci\u00f3n del testigo), pericial o la que fuere conveniente para la pretensi\u00f3n de la demandante. En caso de que sea pertinente se podr\u00e1 solicitar las medidas cautelares y provisionales que el caso amerite. <\/span><\/p><p><span style=\"color: #676767; font-family: Ubuntu; font-size: medium;\">10. La demanda podr\u00e1 ser modificada o ampliada por una sola vez hasta antes de la contestaci\u00f3n, en ese caso el plazo para la contestaci\u00f3n correr\u00e1 a partir de la citaci\u00f3n al demandado con la modificaci\u00f3n o ampliaci\u00f3n. <\/span><\/p><p><span style=\"color: #676767; font-family: Ubuntu; font-size: medium;\">11. La autoridad judicial admitida la demanda, ordenar\u00e1 se cite a la parte demandada para que conteste en el plazo de cinco d\u00edas. <\/span><\/p><p><span style=\"color: #676767; font-family: Ubuntu; font-size: medium;\">12. En caso de que la contestaci\u00f3n admita y acepte todas las pretensiones de la demanda, la autoridad judicial pronunciar\u00e1 sentencia en el acto. <\/span><\/p><p><span style=\"color: #676767; font-family: Ubuntu; font-size: medium;\">13. Se podr\u00e1 oponer las excepciones previstas en el Art. 252 a tiempo de contestar la demanda y adjuntando la prueba correspondiente. <\/span><\/p><p><span style=\"color: #676767; font-family: Ubuntu; font-size: medium;\">14. Si con la contestaci\u00f3n se hubieren planteado excepciones, estas ser\u00e1n puestas a conocimiento de la parte demandante para que se pronuncie en el plazo de tres d\u00edas. Con o sin respuesta se resolver\u00e1n las mismas en los siguientes tres d\u00edas. <\/span><\/p><p><span style=\"color: #676767; font-family: Ubuntu; font-size: medium;\">15. Con o sin respuesta de la parte demandada, la autoridad judicial fijara fecha y hora de audiencia, que tendr\u00e1 lugar en el plazo de 10 d\u00edas, siempre que existan puntos controvertidos. En dicha audiencia se cumplir\u00e1n las actuaciones establecidas en el Art. 440 del C\u00f3digo de las Familias y del Proceso Familiar. <\/span><\/p><p><span style=\"color: #676767; font-family: Ubuntu; font-size: medium;\">16. En caso de que el demandado no responda la demanda, el juez le designar\u00e1 un defensor de oficio, Art. 266 del C\u00f3digo de las Familias y del Proceso Familiar. <\/span><\/p><p><span style=\"color: #676767; font-family: Ubuntu; font-size: medium;\">17. Durante el periodo entre la resoluci\u00f3n de fijaci\u00f3n de audiencia hasta la fecha de su instalaci\u00f3n, se podr\u00e1 producir prueba pericial, inspecci\u00f3n judicial, testifical y tambi\u00e9n podr\u00e1n ofrecerse otras pruebas de reciente obtenci\u00f3n. <\/span><\/p><p><span style=\"color: #676767; font-family: Ubuntu; font-size: medium;\">18. Durante la audiencia de juicio, la autoridad judicial emitir\u00e1 sentencia que puede notificarse en la misma audiencia o dentro de 3 d\u00edas. <\/span><\/p><p><span style=\"color: #676767; font-family: Ubuntu; font-size: medium;\">19. La sentencia podr\u00e1 ser apelada en el efecto suspensivo en el plazo de 5 d\u00edas. <\/span><\/p><p><span style=\"color: #676767; font-family: Ubuntu; font-size: medium;\">20. Si la sentencia no fuere apelada en el plazo establecido, la autoridad judicial de oficio o a petici\u00f3n de parte declarar\u00e1 ejecutoriada la misma. <\/span><\/p><\/td><\/tr><\/tbody><\/table><\/div><\/div><\/div><\/div><\/div>\n\t\t\t\t<\/div>\n\t\t\t\t<\/div>\n\t\t\t\t\t\t<\/div>\n\t\t\t\t\t<\/div>\n\t\t<\/div>\n\t\t\t\t\t\t\t\t<\/div>\n\t\t\t\t\t<\/div>\n\t\t<\/section>\n\t\t\t\t<section class=\"elementor-section elementor-top-section elementor-element elementor-element-5da5414 elementor-section-boxed elementor-section-height-default elementor-section-height-default\" data-id=\"5da5414\" data-element_type=\"section\">\n\t\t\t\t\t\t<div class=\"elementor-container elementor-column-gap-default\">\n\t\t\t\t\t\t\t<div class=\"elementor-row\">\n\t\t\t\t\t<div class=\"elementor-column elementor-col-100 elementor-top-column elementor-element elementor-element-6e88c1a\" data-id=\"6e88c1a\" data-element_type=\"column\">\n\t\t\t<div class=\"elementor-column-wrap elementor-element-populated\">\n\t\t\t\t\t\t\t<div class=\"elementor-widget-wrap\">\n\t\t\t\t\t\t<div class=\"elementor-element elementor-element-6390c0a elementor-widget elementor-widget-text-editor\" data-id=\"6390c0a\" data-element_type=\"widget\" data-widget_type=\"text-editor.default\">\n\t\t\t\t<div class=\"elementor-widget-container\">\n\t\t\t\t\t<div class=\"elementor-text-editor elementor-clearfix\"><div class=\"page\" title=\"Page 31\"><div class=\"section\"><div class=\"layoutArea\"><div class=\"column\"><table cellspacing=\"0\" cellpadding=\"0\"><tbody><tr><td colspan=\"2\" valign=\"middle\"><h5 style=\"text-align: center;\"><span style=\"color: #43358b; font-family: Ubuntu; font-size: medium;\"><b>Negaci\u00f3n de maternidad o de paternidad <\/b><\/span><\/h5><\/td><\/tr><tr><td valign=\"middle\"><p><span style=\"color: #676767; font-family: Ubuntu; font-size: medium;\">Definici\u00f3n<\/span><\/p><\/td><td valign=\"middle\"><p><span style=\"color: #676767; font-family: Ubuntu; font-size: medium;\">La negaci\u00f3n de maternidad o paternidad, se puede demandar por quien figure en el registro como padre o madre y no lo es biol\u00f3gicamente, en el plazo m\u00e1ximo de 6 meses desde que se ha tomado conocimiento de su registro. Quien registr\u00f3 una filiaci\u00f3n err\u00f3nea, tambi\u00e9n puede demandar la negaci\u00f3n de maternidad o paternidad en el plazo de cinco a\u00f1os, plazo que se computar\u00e1 desde que se realiz\u00f3 la inscripci\u00f3n en el Servicio de Registro C\u00edvico.<\/span><\/p><\/td><\/tr><tr><td valign=\"middle\"><p><span style=\"color: #676767; font-family: Ubuntu; font-size: medium;\">Sujetos facultados para ejercer la acci\u00f3n<\/span><\/p><\/td><td valign=\"middle\"><p><span style=\"color: #676767; font-family: Ubuntu; font-size: medium;\">El padre o madre que figure en el registro.<\/span><\/p><\/td><\/tr><tr><td valign=\"top\"><p><span style=\"color: #676767; font-family: Ubuntu; font-size: medium;\">Prescripci\u00f3n de la acci\u00f3n <\/span><\/p><\/td><td valign=\"top\"><p><span style=\"color: #676767; font-family: Ubuntu; font-size: medium;\">Se encuentra establecido en el Art. 18 Ley No 603.<\/span><\/p><\/td><\/tr><tr><td valign=\"middle\"><p><span style=\"color: #676767; font-family: Ubuntu; font-size: medium;\">Competencia y tipo de proceso<\/span><\/p><\/td><td valign=\"middle\"><p><span style=\"color: #676767; font-family: Ubuntu; font-size: medium;\">Es competente para conocer este proceso el Juez P\u00fablico en Materia Familiar Art. 222 y 223 del C\u00f3digo de las Familias y del Proceso Familiar, Ley No 603.<\/span><\/p><\/td><\/tr><tr><td valign=\"middle\"><p><span style=\"color: #676767; font-family: Ubuntu; font-size: medium;\">Es un proceso<\/span><\/p><\/td><td valign=\"middle\"><p><span style=\"color: #676767; font-family: Ubuntu; font-size: medium;\">Por la naturaleza del \u00f3rgano que interviene: <b>Judicial <\/b><\/span><\/p><p><span style=\"color: #676767; font-family: Ubuntu; font-size: medium;\">Por su contenido: <b>Contencioso<\/b><\/span><\/p><p><span style=\"color: #676767; font-family: Ubuntu; font-size: medium;\">Por su finalidad: <b>De conocimiento<\/b><\/span><\/p><p><span style=\"color: #676767; font-family: Ubuntu; font-size: medium;\">Por su estructura: <b>Extraordinario Familiar<\/b><\/span><\/p><\/td><\/tr><tr><td valign=\"middle\"><p><span style=\"color: #676767; font-family: Ubuntu; font-size: medium;\">Duraci\u00f3n del proceso<\/span><\/p><\/td><td valign=\"middle\"><p><span style=\"color: #676767; font-family: Ubuntu; font-size: medium;\">Los plazos legales est\u00e1n establecidos en los Arts. 435-441 de la Ley No 603.<\/span><\/p><\/td><\/tr><tr><td valign=\"middle\"><p><span style=\"color: #676767; font-family: Ubuntu; font-size: medium;\">Recursos<\/span><\/p><\/td><td valign=\"middle\"><p><span style=\"color: #676767; font-family: Ubuntu; font-size: medium;\">Emitida la sentencia, las partes en la misma audiencia o en su defecto en las 24 hrs. siguientes a su notificaci\u00f3n pueden pedir explicaci\u00f3n y enmienda, Art. 362 y 363 del C\u00f3digo de las Familias y del Procedimiento Familiar. RecuRso de ApelAci\u00f3n<br \/>La sentencia es apelada en el efecto suspensivo en el t\u00e9rmino de 5 d\u00edas, computables al d\u00eda siguiente h\u00e1bil de su notificaci\u00f3n, Art. 443 del C\u00f3digo de las Familias y del Proceso Familiar.<\/span><\/p><\/td><\/tr><tr><td valign=\"middle\"><p><span style=\"color: #676767; font-family: Ubuntu; font-size: medium;\">Base legal<\/span><\/p><\/td><td valign=\"middle\"><ul><li><b><\/b><span style=\"color: #676767; font-family: Ubuntu; font-size: medium;\">Arts. 65 de la Constituci\u00f3n Pol\u00edtica del Estado. <\/span><\/li><li><b><\/b><span style=\"color: #676767; font-family: Ubuntu; font-size: medium;\">Arts. 18-19, 434-444 del C\u00f3digo de las Familias y del Proceso Familiar. <\/span><\/li><li><b><\/b><span style=\"color: #676767; font-family: Ubuntu; font-size: medium;\">Arts. 109 y 111 C\u00f3digo Ni\u00f1a, Ni\u00f1o y Adolescente, Ley N\u00b0 548. <\/span><\/li><li><b><\/b><span style=\"color: #676767; font-family: Ubuntu; font-size: medium;\">Arts. 7, 8, 18, Convenci\u00f3n sobre los Derechos del Ni\u00f1o, Ley No 1152.<\/span><\/li><\/ul><\/td><\/tr><tr><td valign=\"middle\"><p><span style=\"color: #676767; font-family: Ubuntu; font-size: medium;\">Recomendaciones a tomar en cuenta por la\/el abogada(o)<\/span><\/p><\/td><td valign=\"middle\"><p><span style=\"color: #676767; font-family: Ubuntu; font-size: medium;\">1. No es aplicable la acci\u00f3n de negaci\u00f3n de maternidad o paternidad en los casos en que se haya recurrido a t\u00e9cnicas de reproducci\u00f3n con consentimiento. <\/span><\/p><p><span style=\"color: #676767; font-family: Ubuntu; font-size: medium;\">2. La acci\u00f3n de negaci\u00f3n de maternidad o de paternidad, extingue todo efecto jur\u00eddico personal (asistencia familiar) y patrimonial (heredar) entre el demandado y demandante. <\/span><\/p><p><span style=\"color: #676767; font-family: Ubuntu; font-size: medium;\">3. Sin embargo, el demandado puede optar por continuar con el apellido que lleva ya que la acci\u00f3n no afecta el derecho a la identidad del que goza la persona. <\/span><\/p><p><span style=\"color: #676767; font-family: Ubuntu; font-size: medium;\">4. La acci\u00f3n de negaci\u00f3n de maternidad o de paternidad, se prueban mediante pericia cient\u00edfica biol\u00f3gica. <\/span><\/p><p><span style=\"color: #676767; font-family: Ubuntu; font-size: medium;\">5. Si el demandado, sin justo motivo se niegue a someterse a la prueba, se presumir\u00e1 por cierto lo afirmado por la parte demandante.<\/span><\/p><p><span style=\"color: #676767; font-family: Ubuntu; font-size: medium;\">6. La prueba en contrario estar\u00e1 a cargo de quien niegue la filiaci\u00f3n. En caso de probarse la no filiaci\u00f3n, los gastos incurridos corresponder\u00e1n a quien haya indicado la filiaci\u00f3n.<\/span><\/p><p><span style=\"color: #676767; font-family: Ubuntu; font-size: medium;\">7. En caso de desconocimiento del paradero del demandado, puede tambi\u00e9n ser citado a trav\u00e9s de edictos, de conformidad a lo previsto en los art\u00edculos 308-310 del C\u00f3digo de las Familias y del Proceso Familiar.<\/span><\/p><p><span style=\"color: #676767; font-family: Ubuntu; font-size: medium;\">8. En la demanda se deben consignar todos los requisitos exigidos en el Art. 259 del C\u00f3digo de las Familias y del Proceso Familiar.<\/span><\/p><p><span style=\"color: #676767; font-family: Ubuntu; font-size: medium;\">9. A la demanda deber\u00e1 adjuntarse toda la prueba documental, testifical (al ofrecerla deber\u00e1 hacer constar el objeto de la declaraci\u00f3n del testigo), pericial o la que fuere conveniente para la pretensi\u00f3n de la demandante. En caso de que sea pertinente se podr\u00e1 solicitar las medidas cautelares y provisionales que el caso amerite. <\/span><\/p><p><span style=\"color: #676767; font-family: Ubuntu; font-size: medium;\">10. La demanda podr\u00e1 ser modificada o ampliada por una sola vez hasta antes de la contestaci\u00f3n, en ese caso el plazo para la contestaci\u00f3n correr\u00e1 a partir de la citaci\u00f3n al demandado con la modificaci\u00f3n o ampliaci\u00f3n.<\/span><\/p><p><span style=\"color: #676767; font-family: Ubuntu; font-size: medium;\">11. La autoridad judicial admitida la demanda, ordenar\u00e1 se cite a la parte demandada para que conteste en el plazo de cinco d\u00edas.<\/span><\/p><p><span style=\"color: #676767; font-family: Ubuntu; font-size: medium;\">12. En caso de que la contestaci\u00f3n admita y acepte todas las pretensiones de la demanda, la autoridad judicial pronunciar\u00e1 sentencia en el acto.<\/span><\/p><p><span style=\"color: #676767; font-family: Ubuntu; font-size: medium;\">13. Se podr\u00e1 oponer las excepciones previstas en el Art. 252 del C\u00f3digo de las Familias y del Proceso Familiar, a tiempo de contestar la demanda y adjuntando la prueba correspondiente.<\/span><\/p><p><span style=\"color: #676767; font-family: Ubuntu; font-size: medium;\">14. Si con la contestaci\u00f3n se hubieren planteado excepciones, estas ser\u00e1n puestas a conocimiento de la parte demandante para que se pronuncie en el plazo de tres d\u00edas. Con o sin respuesta se resolver\u00e1n las mismas en los siguientes tres d\u00edas.<\/span><\/p><p><span style=\"color: #676767; font-family: Ubuntu; font-size: medium;\">15. Con o sin respuesta de la parte demandada, la autoridad judicial fijar\u00e1 fecha y hora de audiencia, que tendr\u00e1 lugar en el plazo de 10 d\u00edas, siempre que existan puntos controvertidos. En dicha audiencia se cumplir\u00e1n las actuaciones establecidas en el Art. 440 del C\u00f3digo de las Familias y del Proceso Familiar.<\/span><\/p><p><span style=\"color: #676767; font-family: Ubuntu; font-size: medium;\">16. En caso de que el demandado no responda la demanda, el juez le designar\u00e1 un defensor de oficio. Art. 266 C\u00f3digo de las Familias y del Proceso Familiar.<\/span><\/p><p><span style=\"color: #676767; font-family: Ubuntu; font-size: medium;\">17. Durante el periodo entre la resoluci\u00f3n de fijaci\u00f3n de audiencia hasta la fecha de su instalaci\u00f3n, se podr\u00e1 producir prueba pericial, testifical y tambi\u00e9n podr\u00e1n ofrecerse otras pruebas de reciente obtenci\u00f3n.<\/span><\/p><p><span style=\"color: #676767; font-family: Ubuntu; font-size: medium;\">18. Durante la audiencia de juicio, la autoridad judicial emitir\u00e1 sentencia que puede notificarse en la misma audiencia o dentro de 3 d\u00edas. <\/span><\/p><p><span style=\"color: #676767; font-family: Ubuntu; font-size: medium;\">19. La sentencia podr\u00e1 ser apelada en el efecto suspensivo en el plazo de 5 d\u00edas. <\/span><\/p><p><span style=\"color: #676767; font-family: Ubuntu; font-size: medium;\">20. Si la sentencia no fuere apelada en el plazo establecido, la autoridad judicial de oficio o a petici\u00f3n de parte declarar\u00e1 ejecutoriada la misma.<\/span><\/p><\/td><\/tr><\/tbody><\/table><\/div><\/div><\/div><\/div><\/div>\n\t\t\t\t<\/div>\n\t\t\t\t<\/div>\n\t\t\t\t\t\t<\/div>\n\t\t\t\t\t<\/div>\n\t\t<\/div>\n\t\t\t\t\t\t\t\t<\/div>\n\t\t\t\t\t<\/div>\n\t\t<\/section>\n\t\t\t\t<section class=\"elementor-section elementor-top-section elementor-element elementor-element-c630376 elementor-section-boxed elementor-section-height-default elementor-section-height-default\" data-id=\"c630376\" data-element_type=\"section\">\n\t\t\t\t\t\t<div class=\"elementor-container elementor-column-gap-default\">\n\t\t\t\t\t\t\t<div class=\"elementor-row\">\n\t\t\t\t\t<div class=\"elementor-column elementor-col-100 elementor-top-column elementor-element elementor-element-bcf4e2d\" data-id=\"bcf4e2d\" data-element_type=\"column\">\n\t\t\t<div class=\"elementor-column-wrap elementor-element-populated\">\n\t\t\t\t\t\t\t<div class=\"elementor-widget-wrap\">\n\t\t\t\t\t\t<div class=\"elementor-element elementor-element-159178d elementor-widget elementor-widget-text-editor\" data-id=\"159178d\" data-element_type=\"widget\" data-widget_type=\"text-editor.default\">\n\t\t\t\t<div class=\"elementor-widget-container\">\n\t\t\t\t\t<div class=\"elementor-text-editor elementor-clearfix\"><div class=\"page\" title=\"Page 31\"><div class=\"section\"><div class=\"layoutArea\"><div class=\"column\"><table cellspacing=\"0\" cellpadding=\"0\"><tbody><tr><td colspan=\"2\" valign=\"middle\"><h5 style=\"text-align: center;\"><span style=\"color: #43358b; font-family: Ubuntu; font-size: medium;\"><b>Nulidad de matrimonio o de uni\u00f3n libre <\/b><\/span><\/h5><\/td><\/tr><tr><td valign=\"middle\"><p><span style=\"color: #676767; font-family: Ubuntu; font-size: medium;\">Definici\u00f3n<\/span><\/p><\/td><td valign=\"middle\"><p><span style=\"color: #676767; font-family: Ubuntu; font-size: medium;\"><b>\u201c<\/b>El matrimonio o la uni\u00f3n libre puede ser declarado nulo cuando concurren los siguientes aspectos: <\/span><\/p><ol><li style=\"list-style-type: none;\"><ol><li><span style=\"color: #676767; font-family: Ubuntu; font-size: medium;\">Si no ha sido celebrado por la o el Oficial del Registro.<\/span><\/li><li><span style=\"color: #676767; font-family: Ubuntu; font-size: medium;\">Si no fue realizado entre una mujer y un hombre.<\/span><\/li><li><span style=\"color: #676767; font-family: Ubuntu; font-size: medium;\">Si se incurre en bigamia o m\u00faltiples uniones libres. <\/span><\/li><li><span style=\"color: #676767; font-family: Ubuntu; font-size: medium;\">Por haberse constituido por personas con impedimento establecido en este C\u00f3digo. <\/span><\/li><li><span style=\"color: #676767; font-family: Ubuntu; font-size: medium;\">Por error, dolo o violencia en el consentimiento.<\/span><\/li><li><span style=\"color: #676767; font-family: Ubuntu; font-size: medium;\">Por ausencia de consentimiento. <\/span><\/li><\/ol><\/li><\/ol><p><span style=\"color: #676767; font-family: Ubuntu; font-size: medium;\">II.- Son aplicables las causas de nulidad a la uni\u00f3n libre, excepto el inciso a) del par\u00e1grafo anterior del presente Art\u00edculo.\u201d (Art. 168 del C\u00f3digo de Las Familias y del Proceso Familiar, Ley No 603)<\/span><\/p><\/td><\/tr><tr><td valign=\"middle\"><p><span style=\"color: #676767; font-family: Ubuntu; font-size: medium;\">Sujetos facultados para ejercer la acci\u00f3n<\/span><\/p><\/td><td valign=\"middle\"><p><span style=\"color: #676767; font-family: Ubuntu; font-size: medium;\">Por la o el c\u00f3nyuge, los familiares de la persona declarada interdicta y las instituciones p\u00fablicas de protecci\u00f3n a la familia y la ni\u00f1ez y adolescencia.<\/span><\/p><\/td><\/tr><tr><td valign=\"middle\"><p><span style=\"color: #676767; font-family: Ubuntu; font-size: medium;\">Preclusi\u00f3n<\/span><\/p><\/td><td valign=\"middle\"><p><span style=\"color: #676767; font-family: Ubuntu; font-size: medium;\">Despu\u00e9s de transcurrido un (1) a\u00f1o de convivencia, no se puede plantear la acci\u00f3n de nulidad salvo cuando el matrimonio se hubiera celebrado en ausencia del consentimiento de una de las partes, caso en el que se podr\u00e1 demandar la nulidad del matrimonio sin plazo alguno.<\/span><\/p><\/td><\/tr><tr><td valign=\"middle\"><p><span style=\"color: #676767; font-family: Ubuntu; font-size: medium;\">Competencia y tipo de proceso<\/span><\/p><\/td><td valign=\"middle\"><p><span style=\"color: #676767; font-family: Ubuntu; font-size: medium;\">En es competente para conocer este proceso el Juez P\u00fablico en Materia Familiar Art. 222 y 223 del C\u00f3digo de las Familias y del Proceso Familiar, Ley No 603.<\/span><\/p><\/td><\/tr><tr><td valign=\"middle\"><p><span style=\"color: #676767; font-family: Ubuntu; font-size: medium;\">Es un proceso<\/span><\/p><\/td><td valign=\"middle\"><p><span style=\"color: #676767; font-family: Ubuntu; font-size: medium;\">Por la naturaleza del \u00f3rgano que interviene: <b>Judicial <\/b><\/span><\/p><p><span style=\"color: #676767; font-family: Ubuntu; font-size: medium;\">Por su contenido: <b>Contencioso<\/b><\/span><\/p><p><span style=\"color: #676767; font-family: Ubuntu; font-size: medium;\">Por su finalidad: <b>De conocimiento<\/b><\/span><\/p><p><span style=\"color: #676767; font-family: Ubuntu; font-size: medium;\">Por su estructura: <b>Ordinario Familiar<\/b><\/span><\/p><\/td><\/tr><tr><td valign=\"middle\"><p><span style=\"color: #676767; font-family: Ubuntu; font-size: medium;\">Duraci\u00f3n del proceso<\/span><\/p><\/td><td valign=\"middle\"><p><span style=\"color: #676767; font-family: Ubuntu; font-size: medium;\">Los plazos legales est\u00e1n establecidos en los Arts. 422-430 de la Ley No 603.<\/span><\/p><\/td><\/tr><tr><td valign=\"middle\"><p><span style=\"color: #676767; font-family: Ubuntu; font-size: medium;\">Recursos<\/span><\/p><\/td><td valign=\"middle\"><p><span style=\"color: #676767; font-family: Ubuntu; font-size: medium;\">Emitida la sentencia, las partes en la misma audiencia o en su defecto en las 24 hrs. siguientes a su notificaci\u00f3n pueden pedir explicaci\u00f3n y enmienda, Art. 362 y 363 del C\u00f3digo de las Familias y del Procedimiento Familiar. <\/span><\/p><p><span style=\"color: #676767; font-family: Ubuntu; font-size: medium;\"><b>RECURSO DE APELACI\u00d3N<\/b><\/span><\/p><p><span style=\"color: #676767; font-family: Ubuntu; font-size: medium;\">La sentencia emitida puede ser apelada en el efecto suspensivo en el t\u00e9rmino de 10 d\u00edas, computables al d\u00eda siguiente h\u00e1bil de su notificaci\u00f3n, Art. 431 del C\u00f3digo de las Familias y del Proceso Familiar. <\/span><\/p><p><span style=\"color: #676767; font-family: Ubuntu; font-size: medium;\"><b>RECURSO DE CASACI\u00d3N<\/b><\/span><\/p><p><span style=\"color: #676767; font-family: Ubuntu; font-size: medium;\">El Auto de Vista puede ser recurrido en el t\u00e9rmino de 10 d\u00edas, computables a partir del d\u00eda siguiente h\u00e1bil de su notificaci\u00f3n. Art. 432 del C\u00f3digo de las Familias y del Proceso Familiar. <\/span><\/p><\/td><\/tr><tr><td valign=\"middle\"><p><span style=\"color: #676767; font-family: Ubuntu; font-size: medium;\">Base legal<\/span><\/p><\/td><td valign=\"middle\"><ul><li><b><\/b><span style=\"color: #676767; font-family: Ubuntu; font-size: medium;\">Art. 62, 63 y 64 de la Constituci\u00f3n Pol\u00edtica del Estado. <\/span><\/li><li><b><\/b><span style=\"color: #676767; font-family: Ubuntu; font-size: medium;\">Arts. 168-172, 422-433 del C\u00f3digo de las Familias y del Proceso Familiar. <\/span><\/li><li><b><\/b><span style=\"color: #676767; font-family: Ubuntu; font-size: medium;\">Art. 23-3) Pacto Internacional de Derechos Civiles y Pol\u00edticos. <\/span><\/li><li><b><\/b><span style=\"color: #676767; font-family: Ubuntu; font-size: medium;\">Art. 16 Convenci\u00f3n sobre la Eliminaci\u00f3n de todas las formas de Discriminaci\u00f3n contra la Mujer, Ley N\u00b0 1100.<\/span><\/li><\/ul><\/td><\/tr><tr><td valign=\"middle\"><p><span style=\"color: #676767; font-family: Ubuntu; font-size: medium;\">Recomendaciones a tomar en cuenta por la\/el abogada(o)<\/span><\/p><\/td><td valign=\"middle\"><p><span style=\"color: #676767; font-family: Ubuntu; font-size: medium;\">1. La acci\u00f3n de declaraci\u00f3n de nulidad de matrimonio y\/o uni\u00f3n libre no surte efectos con relaci\u00f3n a las obligaciones que se tienen para con los hijos. En caso de los bienes estos no beneficiar\u00e1n a la o al causante de la nulidad o quien act\u00fae de mala fe y la persona que resulte culpable de la nulidad del matrimonio o de la uni\u00f3n libre, ser\u00e1 responsable por los da\u00f1os materiales que haya sufrido la o el c\u00f3nyuge de buena fe. <\/span><\/p><p><span style=\"color: #676767; font-family: Ubuntu; font-size: medium;\">2. En caso de desconocimiento del paradero del demandado, puede tambi\u00e9n ser citado a trav\u00e9s de edictos, de conformidad a lo previsto en los Arts. 308 &#8211; 310 del C\u00f3digo de las Familias y del Proceso Familiar. <\/span><\/p><p><span style=\"color: #676767; font-family: Ubuntu; font-size: medium;\">3. En la demanda se deben consignar todos los requisitos exigidos en el Art. 259 del C\u00f3digo de las Familias y del Proceso Familiar. <\/span><\/p><p><span style=\"color: #676767; font-family: Ubuntu; font-size: medium;\">4. A la demanda deber\u00e1 adjuntarse toda la prueba documental, testifical (al ofrecerla deber\u00e1 hacer constar el objeto de la declaraci\u00f3n del testigo), pericial o la que fuere conveniente para la pretensi\u00f3n de la demandante. En caso de que sea pertinente se podr\u00e1 solicitar las medidas cautelares y provisionales que el caso amerite. <\/span><\/p><p><span style=\"color: #676767; font-family: Ubuntu; font-size: medium;\">5. La demanda podr\u00e1 ser modificada o ampliada por una sola vez hasta antes de la contestaci\u00f3n, en ese caso el plazo para la contestaci\u00f3n correr\u00e1 a partir de la citaci\u00f3n al demandado con la modificaci\u00f3n o ampliaci\u00f3n. <\/span><\/p><p><span style=\"color: #676767; font-family: Ubuntu; font-size: medium;\">6. La autoridad judicial admitida la demanda, decidir\u00e1 sobre la adopci\u00f3n de medidas cautelares y provisionales de conformidad a lo establecido en el Art. 271-291 del C\u00f3digo de las Familias y del Proceso Familiar y ordenar\u00e1 se cite a la parte demandada para que conteste en el plazo de diez d\u00edas.<\/span><\/p><p><span style=\"color: #676767; font-family: Ubuntu; font-size: medium;\">7. En caso de que el demandado no responda la demanda, el juez declarar\u00e1 su rebeld\u00eda, Art. 269-I del C\u00f3digo de las Familias y del Proceso Familiar. <\/span><\/p><p><span style=\"color: #676767; font-family: Ubuntu; font-size: medium;\">8. Cuando se declare la rebeld\u00eda, las pretensiones no se toman como ciertas, sino que deben ser probadas y valoradas por la autoridad jurisdiccional. <\/span><\/p><p><span style=\"color: #676767; font-family: Ubuntu; font-size: medium;\">9. Se podr\u00e1 oponer las excepciones previstas en el Art. 252 del C\u00f3digo de las Familias y del Proceso Familiar, a tiempo de contestar la demanda y adjuntando la prueba correspondiente. <\/span><\/p><p><span style=\"color: #676767; font-family: Ubuntu; font-size: medium;\">10. Si la parte demandada no contesta en el plazo de 10 d\u00edas, podr\u00e1 hacerlo en la audiencia preliminar, no pudiendo oponer excepciones ni deducir demanda reconvencional, pudiendo apersonarse en cualquier etapa del proceso. <\/span><\/p><p><span style=\"color: #676767; font-family: Ubuntu; font-size: medium;\">11. Si la parte demandada se allana y acepta todas las pretensiones de la demanda, la autoridad judicial pronunciar\u00e1 sentencia. <\/span><\/p><p><span style=\"color: #676767; font-family: Ubuntu; font-size: medium;\">12. Con o sin respuesta de la parte demandada, la autoridad judicial fijar\u00e1 fecha y hora para la realizaci\u00f3n de la audiencia preliminar, que tendr\u00e1 lugar en un plazo perentorio de 15 d\u00edas. <\/span><\/p><p><span style=\"color: #676767; font-family: Ubuntu; font-size: medium;\">13. Concluida la audiencia preliminar la autoridad judicial fijar\u00e1 fecha y hora para la realizaci\u00f3n de la audiencia complementaria, dentro de los15 d\u00edas siguientes y dictar\u00e1 sentencia. <\/span><\/p><\/td><\/tr><\/tbody><\/table><\/div><\/div><\/div><\/div><\/div>\n\t\t\t\t<\/div>\n\t\t\t\t<\/div>\n\t\t\t\t\t\t<\/div>\n\t\t\t\t\t<\/div>\n\t\t<\/div>\n\t\t\t\t\t\t\t\t<\/div>\n\t\t\t\t\t<\/div>\n\t\t<\/section>\n\t\t\t\t<section class=\"elementor-section elementor-top-section elementor-element elementor-element-e4c42ab elementor-section-boxed elementor-section-height-default elementor-section-height-default\" data-id=\"e4c42ab\" data-element_type=\"section\">\n\t\t\t\t\t\t<div class=\"elementor-container elementor-column-gap-default\">\n\t\t\t\t\t\t\t<div class=\"elementor-row\">\n\t\t\t\t\t<div class=\"elementor-column elementor-col-100 elementor-top-column elementor-element elementor-element-20facad\" data-id=\"20facad\" data-element_type=\"column\">\n\t\t\t<div class=\"elementor-column-wrap elementor-element-populated\">\n\t\t\t\t\t\t\t<div class=\"elementor-widget-wrap\">\n\t\t\t\t\t\t<div class=\"elementor-element elementor-element-bb1b0ef elementor-widget elementor-widget-text-editor\" data-id=\"bb1b0ef\" data-element_type=\"widget\" data-widget_type=\"text-editor.default\">\n\t\t\t\t<div class=\"elementor-widget-container\">\n\t\t\t\t\t<div class=\"elementor-text-editor elementor-clearfix\"><div class=\"page\" title=\"Page 31\"><div class=\"section\"><div class=\"layoutArea\"><div class=\"column\"><table cellspacing=\"0\" cellpadding=\"0\"><tbody><tr><td colspan=\"2\" valign=\"middle\"><h5 style=\"text-align: center;\"><span style=\"font-family: Ubuntu; font-size: medium; color: #43358b;\"><b>Suspensi\u00f3n, extinci\u00f3n o restituci\u00f3n de la autoridad de la madre, del padre en casos emergentes de desvinculaci\u00f3n conyugal <\/b><\/span><\/h5><\/td><\/tr><tr><td valign=\"middle\"><p><span style=\"color: #676767; font-family: Ubuntu; font-size: medium;\">Definici\u00f3n<\/span><\/p><\/td><td valign=\"middle\"><p><span style=\"color: #676767; font-family: Ubuntu; font-size: medium;\">I.- La suspensi\u00f3n de la autoridad de la madre, del padre o de ambos, es la determinaci\u00f3n judicial de restricci\u00f3n temporal del ejercicio de su autoridad, cuando se vulneren los derechos de sus hijas e hijos que no hayan alcanzado los dieciocho (18) a\u00f1os de edad. <\/span><\/p><p><span style=\"color: #676767; font-family: Ubuntu; font-size: medium;\">II.- La suspensi\u00f3n de la autoridad podr\u00e1 ser:<\/span><\/p><p><span style=\"color: #676767; font-family: Ubuntu; font-size: medium;\">a) Parcial, por la cual se limita el ejercicio de la autoridad materna o paterna para ciertos actos, sin la necesidad de la separaci\u00f3n de sus hijas e hijos; y<br \/>b) Total, por la cual se suspende totalmente el ejercicio de la autoridad materna o paterna. <\/span><\/p><p><span style=\"color: #676767; font-family: Ubuntu; font-size: medium;\">III.- La madre o el padre cuya autoridad se haya suspendido, deber\u00e1 continuar asumiendo sus obligaciones de manutenci\u00f3n (Art. 42 C\u00f3digo Ni\u00f1a, Ni\u00f1o y Adolescente, Ley N\u00b0 548).<br \/>El ejercicio total de la autoridad podr\u00e1 ser restituido cuando hayan desaparecido las causales de la suspensi\u00f3n parcial o cuando la madre, el padre, o ambos, demuestren condiciones y aptitud para ejercerla, ante la misma autoridad judicial que la hubiere suspendido (Art. 46 C\u00f3digo Ni\u00f1a, Ni\u00f1o y Adolescente, Ley N\u00b0 548). <\/span><\/p><p><span style=\"color: #676767; font-family: Ubuntu; font-size: medium;\">La extinci\u00f3n de la autoridad se aplica por las siguientes causales:<\/span><\/p><p><span style=\"color: #676767; font-family: Ubuntu; font-size: medium;\">a) Muerte del \u00faltimo progenitor;<br \/>b) Acci\u00f3n u omisi\u00f3n negligente que ponga en riesgo la seguridad, bienestar, integridad o vida de sus hijas o hijos, debidamente comprobado por autoridad competente,<br \/>c) Renuncia de la autoridad por consentimiento justificado para fines de adopci\u00f3n;<br \/>d) Interdicci\u00f3n permanente, declarada judicialmente;<br \/>e) Sentencia condenatoria ejecutoriada con una pena privativa de libertad entre siete (7) a treinta (30) a\u00f1os por la comisi\u00f3n de delitos contra ni\u00f1as, ni\u00f1os, adolescente, de infanticidio o de feminicidio.<br \/>f) Incumplimiento reiterado de medidas impuestas a padres, madres o ambos, establecidas para la suspensi\u00f3n de la autoridad;<br \/>g) Conducta delictiva reincidente; y abandono de la hija o hijo debidamente comprobado (Art. 47 C\u00f3digo Ni\u00f1a, Ni\u00f1o y Adolescente, Ley N\u00b0 548).<\/span><\/p><\/td><\/tr><tr><td valign=\"middle\"><p><span style=\"color: #676767; font-family: Ubuntu; font-size: medium;\">Sujetos facultados para ejercer la acci\u00f3n<\/span><\/p><\/td><td valign=\"middle\"><p><span style=\"color: #676767; font-family: Ubuntu; font-size: medium;\">Los familiares dentro del segundo grado de consanguinidad o afinidad, la Defensor\u00eda de la Ni\u00f1ez y Adolescencia de la residencia del ni\u00f1o(a) o adolescente.<\/span><\/p><\/td><\/tr><tr><td valign=\"top\"><p><span style=\"color: #676767; font-family: Ubuntu; font-size: medium;\">Prescripci\u00f3n<\/span><\/p><\/td><td valign=\"top\"><p><span style=\"color: #676767; font-family: Ubuntu; font-size: medium;\">No corresponde. <\/span><\/p><\/td><\/tr><tr><td valign=\"middle\"><p><span style=\"color: #676767; font-family: Ubuntu; font-size: medium;\">Competencia y tipo de proceso<\/span><\/p><\/td><td valign=\"middle\"><p><span style=\"color: #676767; font-family: Ubuntu; font-size: medium;\">Es competente para conocer este proceso el Juez P\u00fablico en Materia Familiar Art. 222 y 223 del C\u00f3digo de las Familias y del Proceso Familiar, Ley No 603.<\/span><\/p><\/td><\/tr><tr><td valign=\"middle\"><p><span style=\"color: #676767; font-family: Ubuntu; font-size: medium;\">Es un proceso<\/span><\/p><\/td><td valign=\"middle\"><p><span style=\"color: #676767; font-family: Ubuntu; font-size: medium;\">Por la naturaleza del \u00f3rgano que interviene: <b>Judicial <\/b><\/span><\/p><p><span style=\"color: #676767; font-family: Ubuntu; font-size: medium;\">Por su contenido: <b>Contencioso<\/b><\/span><\/p><p><span style=\"color: #676767; font-family: Ubuntu; font-size: medium;\">Por su finalidad: <b>De conocimiento<\/b><\/span><\/p><p><span style=\"color: #676767; font-family: Ubuntu; font-size: medium;\">Por su estructura: <b>Extraordinario<\/b><\/span><\/p><\/td><\/tr><tr><td valign=\"middle\"><p><span style=\"color: #676767; font-family: Ubuntu; font-size: medium;\">Duraci\u00f3n del proceso<\/span><\/p><\/td><td valign=\"middle\"><p><span style=\"color: #676767; font-family: Ubuntu; font-size: medium;\">Los plazos legales est\u00e1n establecidos en los. Arts. 435-441 de la Ley No 603.<\/span><\/p><\/td><\/tr><tr><td valign=\"middle\"><p><span style=\"color: #676767; font-family: Ubuntu; font-size: medium;\">Recursos<\/span><\/p><\/td><td valign=\"middle\"><p><span style=\"color: #676767; font-family: Ubuntu; font-size: medium;\">Emitida la sentencia, las partes en la misma audiencia o en su defecto en las 24 hrs. siguientes a su notificaci\u00f3n pueden pedir explicaci\u00f3n y enmienda, Art. 362 y 363 del C\u00f3digo de las Familias y del Procedimiento Familiar. <\/span><\/p><p><span style=\"color: #676767; font-family: Ubuntu; font-size: medium;\"><b>RECURSO DE APELACI\u00d3N<\/b><\/span><\/p><p><span style=\"color: #676767; font-family: Ubuntu; font-size: medium;\">La sentencia es apelada en el efecto suspensivo en el t\u00e9rmino de 5 d\u00edas, computables al d\u00eda siguiente h\u00e1bil de su notificaci\u00f3n. Art. 443 del C\u00f3digo de las Familias y del Proceso Familiar.<\/span><\/p><\/td><\/tr><tr><td valign=\"middle\"><p><span style=\"color: #676767; font-family: Ubuntu; font-size: medium;\">Base legal<\/span><\/p><\/td><td valign=\"middle\"><ul><li><b><\/b><span style=\"color: #676767; font-family: Ubuntu; font-size: medium;\">Arts. 58, 59 I-IV y 61 de la Constituci\u00f3n Pol\u00edtica del Estado. <\/span><\/li><li><b><\/b><span style=\"color: #676767; font-family: Ubuntu; font-size: medium;\">Arts. 8, 11, 35, 37, 42-47 del C\u00f3digo Ni\u00f1a, Ni\u00f1o y Adolescente, Ley N\u00b0 548. <\/span><\/li><li><b><\/b><span style=\"color: #676767; font-family: Ubuntu; font-size: medium;\">Arts. 38\u2013II, 41, 434-441 del C\u00f3digo de las Familias y del Proceso Familiar. <\/span><\/li><li><b><\/b><span style=\"color: #676767; font-family: Ubuntu; font-size: medium;\">Arts. 18-1), 27-2), 9-1) 2) Convenci\u00f3n Internacional Derechos del Ni\u00f1o, Ley N\u00b0 1152.<\/span><\/li><\/ul><\/td><\/tr><tr><td valign=\"middle\"><p><span style=\"color: #676767; font-family: Ubuntu; font-size: medium;\">Recomendaciones a tomar en cuenta por la abogada(o)<\/span><\/p><\/td><td valign=\"middle\"><p><span style=\"color: #676767; font-family: Ubuntu; font-size: medium;\">1. Las causales para demandar la suspensi\u00f3n parcial son:<\/span><\/p><p><span style=\"color: #676767; font-family: Ubuntu; font-size: medium;\">a) Falta, negligencia o incumplimiento injustificado de deberes, teniendo los medios para hacerlo,<br \/>b) Acci\u00f3n u omisi\u00f3n debidamente comprobada que ponga en riesgo la seguridad, integridad y bienestar de sus hijas o hijos, a\u00fan sea a t\u00edtulo de mediad disciplinaria Art. 43 C\u00f3digo Ni\u00f1a, Ni\u00f1o y Adolescente. <\/span><\/p><p><span style=\"color: #676767; font-family: Ubuntu; font-size: medium;\">2. Las causales para demandar la suspensi\u00f3n total son: <\/span><\/p><p><span style=\"color: #676767; font-family: Ubuntu; font-size: medium;\">a) Interdicci\u00f3n temporal declarada judicialmente,<br \/>b) Enfermedad o accidente, u otras causas no voluntarias, que impidan el ejercicio de la autoridad materna o paterna;<br \/>c) Problemas con el consumo de alcohol o drogas que pongan en peligro la integridad f\u00edsica o ps\u00edquica de sus hijas o hijos;<br \/>d) Ser condenados como autores, c\u00f3mplices o instigadores en delitos contra sus hijas o hijos, excepto en los delitos que sean causales para la extinci\u00f3n de la autoridad;<br \/>e) Acci\u00f3n u omisi\u00f3n que exponga a sus hijas o hijos a situaciones atentatorias contra su seguridad, dignidad o integridad; y<br \/>f) Ser condenados como autores intelectuales de delitos cometidos por sus hijas o hijos, excepto de los delitos que sean causales para la extinci\u00f3n de la autoridad.<\/span><\/p><p><span style=\"color: #676767; font-family: Ubuntu; font-size: medium;\">3. Entre la fecha del se\u00f1alamiento de audiencia y el d\u00eda de la audiencia, la jueza o el juez, dispondr\u00e1 que la ni\u00f1a, ni\u00f1o o adolescente sea escuchado con apoyo del personal especializado.<\/span><\/p><p><span style=\"color: #676767; font-family: Ubuntu; font-size: medium;\">4. La autoridad judicial de oficio podr\u00e1 disponer cualquier prueba que considere necesaria para formar mejor convicci\u00f3n.<\/span><\/p><p><span style=\"color: #676767; font-family: Ubuntu; font-size: medium;\">5. En caso de desconocimiento del paradero del demandado, puede tambi\u00e9n ser citado a trav\u00e9s de edictos, de conformidad a lo previsto en los Art. 308-310 del C\u00f3digo de las Familias y del Proceso Familiar.<\/span><\/p><p><span style=\"color: #676767; font-family: Ubuntu; font-size: medium;\">6. En la demanda se deben consignar todos los requisitos exigidos en el Art. 259 del C\u00f3digo de las Familias y del Proceso Familiar.<\/span><\/p><p><span style=\"color: #676767; font-family: Ubuntu; font-size: medium;\">7. A la demanda deber\u00e1 adjuntarse toda la prueba documental, testifical (al ofrecerla deber\u00e1 hacer constar el objeto de la declaraci\u00f3n del testigo), pericial o la que fuere conveniente para la pretensi\u00f3n de la demandante. En caso de que sea pertinente se podr\u00e1 solicitar las medidas cautelares y provisionales que el caso amerite. <\/span><\/p><p><span style=\"color: #676767; font-family: Ubuntu; font-size: medium;\">8. La demanda podr\u00e1 ser modificada o ampliada por una sola vez hasta antes de la contestaci\u00f3n, en ese caso el plazo para la contestaci\u00f3n correr\u00e1 a partir de la citaci\u00f3n al demandado con la modificaci\u00f3n o ampliaci\u00f3n.<\/span><\/p><p><span style=\"color: #676767; font-family: Ubuntu; font-size: medium;\">9. La autoridad judicial admitida la demanda, ordenar\u00e1 se cite a la parte demandada para que conteste en el plazo de cinco d\u00edas.<\/span><\/p><p><span style=\"color: #676767; font-family: Ubuntu; font-size: medium;\">10. En caso de que la contestaci\u00f3n admita y acepte todas las pretensiones de la demanda, la autoridad judicial pronunciar\u00e1 sentencia en el acto.<\/span><\/p><p><span style=\"color: #676767; font-family: Ubuntu; font-size: medium;\">11. Se podr\u00e1 oponer las excepciones previstas en el Art. 252 C\u00f3digo de las Familias y del Proceso Familiar a tiempo de contestar la demanda y adjuntando la prueba correspondiente.<\/span><\/p><p><span style=\"color: #676767; font-family: Ubuntu; font-size: medium;\">12. Si con la contestaci\u00f3n se hubieren planteado excepciones, estas ser\u00e1n puestas a conocimiento de la parte demandante para que se pronuncie en el plazo de tres d\u00edas. Con o sin respuesta se resolver\u00e1n las mismas en los siguientes tres d\u00edas.<\/span><\/p><p><span style=\"color: #676767; font-family: Ubuntu; font-size: medium;\">13. Con o sin respuesta de la parte demandada, la autoridad judicial fijar\u00e1 fecha y hora de audiencia, que tendr\u00e1 lugar en el plazo de 10 d\u00edas, siempre que existan puntos controvertidos. En dicha audiencia se cumplir\u00e1n las actuaciones establecidas en el art\u00edculo 440 del C\u00f3digo de las Familias y del Proceso Familiar.<\/span><\/p><p><span style=\"color: #676767; font-family: Ubuntu; font-size: medium;\">14. En caso de que el demandado no responda la demanda, el juez le designar\u00e1 un defensor de oficio, Art. 266 C\u00f3digo de las Familias y del Proceso Familiar. <\/span><\/p><p><span style=\"color: #676767; font-family: Ubuntu; font-size: medium;\">15. Durante el periodo entre la resoluci\u00f3n de fijaci\u00f3n de audiencia hasta la fecha de su instalaci\u00f3n, se podr\u00e1 producir prueba pericial, inspecci\u00f3n judicial, testifical y tambi\u00e9n podr\u00e1n ofrecerse otras pruebas de reciente obtenci\u00f3n. <\/span><\/p><p><span style=\"color: #676767; font-family: Ubuntu; font-size: medium;\">16. Durante la audiencia de juicio, la autoridad judicial emitir\u00e1 sentencia que puede notificarse en la misma audiencia o dentro de 3 d\u00edas. <\/span><\/p><p><span style=\"color: #676767; font-family: Ubuntu; font-size: medium;\">17. La sentencia podr\u00e1 ser apelada en el efecto suspensivo en el plazo de 5 d\u00edas. <\/span><\/p><p><span style=\"color: #676767; font-family: Ubuntu; font-size: medium;\">18. Si la sentencia no fuere apelada en el plazo establecido, la autoridad judicial de oficio o a petici\u00f3n de parte declarar\u00e1 ejecutoriada la misma. <\/span><\/p><\/td><\/tr><\/tbody><\/table><\/div><\/div><\/div><\/div><\/div>\n\t\t\t\t<\/div>\n\t\t\t\t<\/div>\n\t\t\t\t\t\t<\/div>\n\t\t\t\t\t<\/div>\n\t\t<\/div>\n\t\t\t\t\t\t\t\t<\/div>\n\t\t\t\t\t<\/div>\n\t\t<\/section>\n\t\t\t\t<section class=\"elementor-section elementor-top-section elementor-element elementor-element-4659885 elementor-section-boxed elementor-section-height-default elementor-section-height-default\" data-id=\"4659885\" data-element_type=\"section\">\n\t\t\t\t\t\t<div class=\"elementor-container elementor-column-gap-default\">\n\t\t\t\t\t\t\t<div class=\"elementor-row\">\n\t\t\t\t\t<div class=\"elementor-column elementor-col-100 elementor-top-column elementor-element elementor-element-767c97c\" data-id=\"767c97c\" data-element_type=\"column\">\n\t\t\t<div class=\"elementor-column-wrap elementor-element-populated\">\n\t\t\t\t\t\t\t<div class=\"elementor-widget-wrap\">\n\t\t\t\t\t\t<div class=\"elementor-element elementor-element-e73717a elementor-widget elementor-widget-text-editor\" data-id=\"e73717a\" data-element_type=\"widget\" data-widget_type=\"text-editor.default\">\n\t\t\t\t<div class=\"elementor-widget-container\">\n\t\t\t\t\t<div class=\"elementor-text-editor elementor-clearfix\"><div class=\"page\" title=\"Page 31\"><div class=\"section\"><div class=\"layoutArea\"><div class=\"column\"><table cellspacing=\"0\" cellpadding=\"0\"><tbody><tr><td colspan=\"2\" valign=\"middle\"><h5 style=\"text-align: center;\"><span style=\"color: #43358b; font-family: Ubuntu; font-size: medium;\"><b>Guarda en desvinculaci\u00f3n familiar <\/b><\/span><\/h5><\/td><\/tr><tr><td valign=\"middle\"><p><span style=\"color: #676767; font-family: Ubuntu; font-size: medium;\">Definici\u00f3n<\/span><\/p><\/td><td valign=\"middle\"><p><span style=\"color: #676767; font-family: Ubuntu; font-size: medium;\"><b>GUARDA <\/b><\/span><\/p><p><span style=\"color: #676767; font-family: Ubuntu; font-size: medium;\">\u201cLa guarda es una instituci\u00f3n jur\u00eddica que tiene por objeto el cuidado, protecci\u00f3n, atenci\u00f3n y asistencia Integral a la ni\u00f1a, ni\u00f1o o adolescente con car\u00e1cter provisional. Es otorgada mediante Resoluci\u00f3n Judicial a la madre o al padre, en caso de divorcio o separaci\u00f3n de las uniones conyugales libres, o a terceras personas, sin afectar la autoridad materna o paterna\u201d Art. 57 del C\u00f3digo Ni\u00f1a, Ni\u00f1o y Adolescente, Ley N\u00b0 548. <\/span><\/p><p><span style=\"color: #676767; font-family: Ubuntu; font-size: medium;\"><b>GUARDA COMPARTIDA <\/b><\/span><\/p><p><span style=\"color: #676767; font-family: Ubuntu; font-size: medium;\">I. La guarda compartida es un r\u00e9gimen de vida que procura estimular la corresponsabilidad de ambos padres que viven separados, en la crianza y educaci\u00f3n de las y los hijos comunes, mediante un acuerdo voluntario que asegure su adecuada estabilidad y continuidad. <\/span><\/p><p><span style=\"color: #676767; font-family: Ubuntu; font-size: medium;\">II. El acuerdo establecer\u00e1 la frecuencia con la que cada progenitor mantendr\u00e1 una relaci\u00f3n directa y regular con los hijos o hijas y el sistema de asistencia familiar, bajo la supervisi\u00f3n del equipo interdisciplinario de la Defensor\u00eda de la Ni\u00f1ez y Adolescencia. <\/span><\/p><p><span style=\"color: #676767; font-family: Ubuntu; font-size: medium;\">III. La Defensor\u00eda de la Ni\u00f1ez y Adolescencia de oficio, la madre, el padre o ambos podr\u00e1 solicitar el cese de la guarda compartida cuando la situaci\u00f3n no garantice la estabilidad y continuidad para la integridad de las hijas o hijos, en cuyo caso la autoridad judicial tomar\u00e1 las medidas necesarias para la protecci\u00f3n de las hijas e hijos\u201d. Art. 217 del C\u00f3digo de las Familias y del Proceso Familiar, Ley No 603.<\/span><\/p><\/td><\/tr><tr><td valign=\"middle\"><p><span style=\"color: #676767; font-family: Ubuntu; font-size: medium;\">Sujetos facultados para ejercer la acci\u00f3n<\/span><\/p><\/td><td valign=\"middle\"><p><span style=\"color: #676767; font-family: Ubuntu; font-size: medium;\">El padre o la madre.<\/span><\/p><\/td><\/tr><tr><td valign=\"top\"><p><span style=\"color: #676767; font-family: Ubuntu; font-size: medium;\">Prescripci\u00f3n<\/span><\/p><\/td><td valign=\"top\"><p><span style=\"color: #676767; font-family: Ubuntu; font-size: medium;\">La acci\u00f3n prescribe con la mayor\u00eda de edad del hijo. <\/span><\/p><\/td><\/tr><tr><td valign=\"middle\"><p><span style=\"color: #676767; font-family: Ubuntu; font-size: medium;\">Competencia y tipo de proceso<\/span><\/p><\/td><td valign=\"middle\"><p><span style=\"color: #676767; font-family: Ubuntu; font-size: medium;\">Es competente para conocer este proceso el Juez P\u00fablico en Materia Familiar Art. 222 y 223 del C\u00f3digo de las Familias y del Proceso Familiar, Ley No 603.<\/span><\/p><\/td><\/tr><tr><td valign=\"middle\"><p><span style=\"color: #676767; font-family: Ubuntu; font-size: medium;\">Es un proceso<\/span><\/p><\/td><td valign=\"middle\"><p><span style=\"color: #676767; font-family: Ubuntu; font-size: medium;\">Por la naturaleza del \u00f3rgano que interviene: <b>Judicial <\/b><\/span><\/p><p><span style=\"color: #676767; font-family: Ubuntu; font-size: medium;\">Por su contenido: <b>Contencioso<\/b><\/span><\/p><p><span style=\"color: #676767; font-family: Ubuntu; font-size: medium;\">Por su finalidad: <b>De conocimiento<\/b><\/span><\/p><p><span style=\"color: #676767; font-family: Ubuntu; font-size: medium;\">Por su estructura: <b>Extraordinario<\/b><\/span><\/p><\/td><\/tr><tr><td valign=\"middle\"><p><span style=\"color: #676767; font-family: Ubuntu; font-size: medium;\">Duraci\u00f3n del proceso<\/span><\/p><\/td><td valign=\"middle\"><p><span style=\"color: #676767; font-family: Ubuntu; font-size: medium;\">Los plazos legales est\u00e1n establecidos en los. Arts. 435-441 de la Ley No 603.<\/span><\/p><\/td><\/tr><tr><td valign=\"middle\"><p><span style=\"color: #676767; font-family: Ubuntu; font-size: medium;\">Recursos<\/span><\/p><\/td><td valign=\"middle\"><p><span style=\"color: #676767; font-family: Ubuntu; font-size: medium;\">Emitida la sentencia, las partes en la misma audiencia o en su defecto en las 24 hrs. siguientes a su notificaci\u00f3n pueden pedir explicaci\u00f3n y enmienda, Art. 362 y 363 del C\u00f3digo de las Familias y del Procedimiento Familiar. <\/span><\/p><p><span style=\"color: #676767; font-family: Ubuntu; font-size: medium;\"><b>RECURSO DE APELACI\u00d3N<\/b><\/span><\/p><p><span style=\"color: #676767; font-family: Ubuntu; font-size: medium;\">La sentencia es apelada en el efecto suspensivo en el t\u00e9rmino de 5 d\u00edas, computables al d\u00eda siguiente h\u00e1bil de su notificaci\u00f3n. Art. 443 del C\u00f3digo de las Familias y del Proceso Familiar.<\/span><\/p><\/td><\/tr><tr><td valign=\"middle\"><p><span style=\"color: #676767; font-family: Ubuntu; font-size: medium;\">Base legal<\/span><\/p><\/td><td valign=\"middle\"><ul><li><b><\/b><span style=\"color: #676767; font-family: Ubuntu; font-size: medium;\">Art. 58,59 y 60 de la Constituci\u00f3n Pol\u00edtica del Estado. <\/span><\/li><li><b><\/b><span style=\"color: #676767; font-family: Ubuntu; font-size: medium;\">Arts. 37-41, 217, 434-441 del C\u00f3digo de las Familias y del Proceso Familiar, Ley No 603. <\/span><\/li><li><b><\/b><span style=\"color: #676767; font-family: Ubuntu; font-size: medium;\">Art. 23-4) Pacto Internacional de Derechos Civiles y Pol\u00edticos. <\/span><\/li><li><b><\/b><span style=\"color: #676767; font-family: Ubuntu; font-size: medium;\">Art. 16 -d) f) Convenci\u00f3n sobre la Eliminaci\u00f3n de Todas las Formas de Discriminaci\u00f3n contra la Mujer, Ley N\u00b0 1100. <\/span><\/li><li><b><\/b><span style=\"color: #676767; font-family: Ubuntu; font-size: medium;\">Arts. 57 y 58 a) del C\u00f3digo Ni\u00f1a, Ni\u00f1o y Adolescente, Ley No 548. <\/span><\/li><li><b><\/b><span style=\"color: #676767; font-family: Ubuntu; font-size: medium;\">Arts. 3, 9-1 y 3) Convenci\u00f3n sobre los Derechos del Ni\u00f1o. Ley N\u00b0 1152.<\/span><\/li><\/ul><\/td><\/tr><tr><td valign=\"middle\"><p><span style=\"color: #676767; font-family: Ubuntu; font-size: medium;\">Recomendaciones a tomar en cuenta por la\/el abogada(o)<\/span><\/p><\/td><td valign=\"middle\"><p><span style=\"color: #676767; font-family: Ubuntu; font-size: medium;\">1. La guarda es una figura jur\u00eddica que no causa estado, es decir que puede ser modificada en cualquier tiempo. <\/span><\/p><p><span style=\"color: #676767; font-family: Ubuntu; font-size: medium;\">2. En caso de establecerse una guarda compartida, se debe tener en que esta figura solo opera en caso de existir un acuerdo voluntario de los padres, quienes deben sostener una relaci\u00f3n de respeto y educaci\u00f3n que les permita compartir las responsabilidades materiales y afectivas de las hijas o hijos, de manera que no afecte el normal desarrollo y no les cause conflictos.<\/span><\/p><p><span style=\"color: #676767; font-family: Ubuntu; font-size: medium;\">3. La guarda compartida no puede ser dispuesta por la autoridad judicial de oficio, debiendo necesariamente existir un acuerdo voluntario de los padres.<\/span><\/p><p><span style=\"color: #676767; font-family: Ubuntu; font-size: medium;\">4. Entre la fecha del se\u00f1alamiento de audiencia y el d\u00eda de la audiencia, la Jueza o el Juez, dispondr\u00e1 que la ni\u00f1a, ni\u00f1o o adolescente sea escuchado con apoyo del personal especializado.<\/span><\/p><p><span style=\"color: #676767; font-family: Ubuntu; font-size: medium;\">5. La autoridad judicial de oficio podr\u00e1 disponer cualquier prueba que considere necesaria para formar mejor convicci\u00f3n.<\/span><\/p><p><span style=\"color: #676767; font-family: Ubuntu; font-size: medium;\">6. En caso de desconocimiento del paradero del demandado, puede tambi\u00e9n ser citado a trav\u00e9s de edictos, de conformidad a lo previsto en los Art. 308-310 del C\u00f3digo de las Familias y del Proceso Familiar.<\/span><\/p><p><span style=\"color: #676767; font-family: Ubuntu; font-size: medium;\">7. En la demanda se deben consignar todos los requisitos exigidos en el Art. 259 del C\u00f3digo de las Familias y del Proceso Familiar.<\/span><\/p><p><span style=\"color: #676767; font-family: Ubuntu; font-size: medium;\">8. A la demanda deber\u00e1 adjuntarse toda la prueba documental, testifical (al ofrecerla deber\u00e1 hacer constar el objeto de la declaraci\u00f3n del testigo), pericial o la que fuere conveniente para la pretensi\u00f3n de la demandante. En caso de que sea pertinente se podr\u00e1 solicitar las medidas cautelares y provisionales que el caso amerite. <\/span><\/p><p><span style=\"color: #676767; font-family: Ubuntu; font-size: medium;\">9. La demanda podr\u00e1 ser modificada o ampliada por una sola vez hasta antes de la contestaci\u00f3n, en ese caso el plazo para la contestaci\u00f3n correr\u00e1 a partir de la citaci\u00f3n al demandado con la modificaci\u00f3n o ampliaci\u00f3n.<\/span><\/p><p><span style=\"color: #676767; font-family: Ubuntu; font-size: medium;\">10. La autoridad judicial admitida la demanda, ordenar\u00e1 se cite a la parte demandada para que conteste en el plazo de cinco d\u00edas.<\/span><\/p><p><span style=\"color: #676767; font-family: Ubuntu; font-size: medium;\">11. En caso de que la contestaci\u00f3n admita y acepte todas las pretensiones de la demanda, la autoridad judicial pronunciar\u00e1 sentencia en el acto.<\/span><\/p><p><span style=\"color: #676767; font-family: Ubuntu; font-size: medium;\">12. Se podr\u00e1 oponer las excepciones previstas en el Art. 252 del C\u00f3digo de las Familias y del Proceso Familiar, a tiempo de contestar la demanda y adjuntando la prueba correspondiente.<\/span><\/p><p><span style=\"color: #676767; font-family: Ubuntu; font-size: medium;\">13. Si con la contestaci\u00f3n se hubieren planteado excepciones, estas ser\u00e1n puestas a conocimiento de la parte demandante para que se pronuncie en el plazo de tres d\u00edas. Con o sin respuesta se resolver\u00e1n las mismas en los siguientes tres d\u00edas.<\/span><\/p><p><span style=\"color: #676767; font-family: Ubuntu; font-size: medium;\">14. Con o sin respuesta de la parte demandada, la autoridad judicial fijar\u00e1 fecha y hora de audiencia, que tendr\u00e1 lugar en el plazo de 10 d\u00edas, siempre que existan puntos controvertidos. En dicha audiencia se cumplir\u00e1n las actuaciones establecidas en el Art. 440 del C\u00f3digo de las Familias y del Proceso Familiar.<\/span><\/p><p><span style=\"color: #676767; font-family: Ubuntu; font-size: medium;\">15. En caso de que el demandado no responda la demanda, el Juez le designar\u00e1 un defensor de oficio, Art. 266 del C\u00f3digo de las Familias y del Proceso Familiar.<\/span><\/p><p><span style=\"color: #676767; font-family: Ubuntu; font-size: medium;\">16. Durante el periodo entre la resoluci\u00f3n de fijaci\u00f3n de audiencia hasta la fecha de su instalaci\u00f3n, se podr\u00e1 producir prueba pericial, inspecci\u00f3n judicial, testifical y tambi\u00e9n podr\u00e1n ofrecerse otras pruebas de reciente obtenci\u00f3n.<\/span><\/p><p><span style=\"color: #676767; font-family: Ubuntu; font-size: medium;\">17. Durante la audiencia de juicio, la autoridad judicial emitir\u00e1 sentencia que puede notificarse en la misma audiencia o dentro de 3 d\u00edas.<\/span><\/p><p><span style=\"color: #676767; font-family: Ubuntu; font-size: medium;\">18. La sentencia podr\u00e1 ser apelada en el efecto suspensivo en el plazo de 5 d\u00edas.<\/span><\/p><p><span style=\"color: #676767; font-family: Ubuntu; font-size: medium;\">19. Si la sentencia no fuere apelada en el plazo establecido, la autoridad judicial de oficio o a petici\u00f3n de parte declarar\u00e1 ejecutoriada la misma.<\/span><\/p><\/td><\/tr><\/tbody><\/table><\/div><\/div><\/div><\/div><\/div>\n\t\t\t\t<\/div>\n\t\t\t\t<\/div>\n\t\t\t\t\t\t<\/div>\n\t\t\t\t\t<\/div>\n\t\t<\/div>\n\t\t\t\t\t\t\t\t<\/div>\n\t\t\t\t\t<\/div>\n\t\t<\/section>\n\t\t\t\t<section class=\"elementor-section elementor-top-section elementor-element elementor-element-2f03cc2 elementor-section-boxed elementor-section-height-default elementor-section-height-default\" data-id=\"2f03cc2\" data-element_type=\"section\">\n\t\t\t\t\t\t<div class=\"elementor-container elementor-column-gap-default\">\n\t\t\t\t\t\t\t<div class=\"elementor-row\">\n\t\t\t\t\t<div class=\"elementor-column elementor-col-100 elementor-top-column elementor-element elementor-element-7d0d551\" data-id=\"7d0d551\" data-element_type=\"column\">\n\t\t\t<div class=\"elementor-column-wrap elementor-element-populated\">\n\t\t\t\t\t\t\t<div class=\"elementor-widget-wrap\">\n\t\t\t\t\t\t<div class=\"elementor-element elementor-element-d1e0370 elementor-widget elementor-widget-text-editor\" data-id=\"d1e0370\" data-element_type=\"widget\" data-widget_type=\"text-editor.default\">\n\t\t\t\t<div class=\"elementor-widget-container\">\n\t\t\t\t\t<div class=\"elementor-text-editor elementor-clearfix\"><div class=\"page\" title=\"Page 31\"><div class=\"section\"><div class=\"layoutArea\"><div class=\"column\"><p><img loading=\"lazy\" decoding=\"async\" class=\"alignnone size-full wp-image-4550\" src=\"http:\/\/alvi.centrojuanaazurduy.org\/wp-content\/uploads\/2021\/06\/27.png\" alt=\"\" width=\"3562\" height=\"2642\" \/><\/p><p><img loading=\"lazy\" decoding=\"async\" class=\"alignnone size-full wp-image-4551\" src=\"http:\/\/alvi.centrojuanaazurduy.org\/wp-content\/uploads\/2021\/06\/28.png\" alt=\"\" width=\"2934\" height=\"2164\" \/><\/p><p><img loading=\"lazy\" decoding=\"async\" class=\"alignnone size-full wp-image-4552\" src=\"http:\/\/alvi.centrojuanaazurduy.org\/wp-content\/uploads\/2021\/06\/29.png\" alt=\"\" width=\"3360\" height=\"2444\" \/><\/p><p><img loading=\"lazy\" decoding=\"async\" class=\"alignnone size-full wp-image-4553\" src=\"http:\/\/alvi.centrojuanaazurduy.org\/wp-content\/uploads\/2021\/06\/30.png\" alt=\"\" width=\"3496\" height=\"2500\" \/><\/p><p>\u00a0<\/p><\/div><\/div><\/div><\/div><\/div>\n\t\t\t\t<\/div>\n\t\t\t\t<\/div>\n\t\t\t\t\t\t<\/div>\n\t\t\t\t\t<\/div>\n\t\t<\/div>\n\t\t\t\t\t\t\t\t<\/div>\n\t\t\t\t\t<\/div>\n\t\t<\/section>\n\t\t\t\t<section class=\"elementor-section elementor-top-section elementor-element elementor-element-739a6f6 elementor-section-boxed elementor-section-height-default elementor-section-height-default\" data-id=\"739a6f6\" data-element_type=\"section\">\n\t\t\t\t\t\t<div class=\"elementor-container elementor-column-gap-default\">\n\t\t\t\t\t\t\t<div class=\"elementor-row\">\n\t\t\t\t\t<div class=\"elementor-column elementor-col-100 elementor-top-column elementor-element elementor-element-b083ceb\" data-id=\"b083ceb\" data-element_type=\"column\">\n\t\t\t<div class=\"elementor-column-wrap elementor-element-populated\">\n\t\t\t\t\t\t\t<div class=\"elementor-widget-wrap\">\n\t\t\t\t\t\t<div class=\"elementor-element elementor-element-d67bda2 elementor-widget elementor-widget-heading\" data-id=\"d67bda2\" data-element_type=\"widget\" data-widget_type=\"heading.default\">\n\t\t\t\t<div class=\"elementor-widget-container\">\n\t\t\t<h3 class=\"elementor-heading-title elementor-size-default\">5.2.3. Derecho laboral<\/h3>\t\t<\/div>\n\t\t\t\t<\/div>\n\t\t\t\t\t\t<\/div>\n\t\t\t\t\t<\/div>\n\t\t<\/div>\n\t\t\t\t\t\t\t\t<\/div>\n\t\t\t\t\t<\/div>\n\t\t<\/section>\n\t\t\t\t<section class=\"elementor-section elementor-top-section elementor-element elementor-element-c79eb40 elementor-section-boxed elementor-section-height-default elementor-section-height-default\" data-id=\"c79eb40\" data-element_type=\"section\">\n\t\t\t\t\t\t<div class=\"elementor-container elementor-column-gap-default\">\n\t\t\t\t\t\t\t<div class=\"elementor-row\">\n\t\t\t\t\t<div class=\"elementor-column elementor-col-100 elementor-top-column elementor-element elementor-element-e56bf26\" data-id=\"e56bf26\" data-element_type=\"column\">\n\t\t\t<div class=\"elementor-column-wrap elementor-element-populated\">\n\t\t\t\t\t\t\t<div class=\"elementor-widget-wrap\">\n\t\t\t\t\t\t<div class=\"elementor-element elementor-element-6ee3009 elementor-widget elementor-widget-text-editor\" data-id=\"6ee3009\" data-element_type=\"widget\" data-widget_type=\"text-editor.default\">\n\t\t\t\t<div class=\"elementor-widget-container\">\n\t\t\t\t\t<div class=\"elementor-text-editor elementor-clearfix\"><div class=\"page\" title=\"Page 31\">\n<div class=\"section\">\n<div class=\"layoutArea\">\n<div class=\"column\">\n<table cellspacing=\"0\" cellpadding=\"0\">\n<tbody>\n<tr>\n<td colspan=\"2\" valign=\"middle\">\n<h5 style=\"text-align: center;\"><span style=\"color: #43358b; font-family: Ubuntu; font-size: medium;\"><b>Adeudo de salarios <\/b><\/span><\/h5>\n<\/td>\n<\/tr>\n<tr>\n<td valign=\"middle\">\n<p><span style=\"color: #676767; font-family: Ubuntu; font-size: medium;\">Definici\u00f3n<\/span><\/p>\n<\/td>\n<td valign=\"middle\">\n<p><span style=\"color: #676767; font-family: Ubuntu; font-size: medium;\">El salario o remuneraci\u00f3n es la contraprestaci\u00f3n que recibe el (la) empleado (a) u obrero(a) en pago de su trabajo. Arts. 52,58, 59 y 65 Ley General del Trabajo. Debe ser cancelado(a) en efectivo, en moneda de curso legal y de forma mensual o quincenal. El Ministerio de Trabajo peri\u00f3dicamente establece el Salario M\u00ednimo Nacional. La falta de cancelaci\u00f3n del salario faculta al trabajador a iniciar el proceso social.<\/span><\/p>\n<\/td>\n<\/tr>\n<tr>\n<td valign=\"middle\">\n<p><span style=\"color: #676767; font-family: Ubuntu; font-size: medium;\">Sujetos facultados para ejercer la acci\u00f3n<\/span><\/p>\n<\/td>\n<td valign=\"middle\">\n<p><span style=\"color: #676767; font-family: Ubuntu; font-size: medium;\">Todos los trabajadores en relaci\u00f3n de dependencia del sector privado, de las instituciones p\u00fablicas, con exclusi\u00f3n de trabajadores agr\u00edcolas, funcionarios p\u00fablicos y dependientes de fuerzas armadas.<br>Los adolescentes mayores de 14 a\u00f1os y los interdictos, por sus representantes legales, tutores o curadores y a falta de \u00e9stos por las autoridades de la Ni\u00f1ez y Adolescencia que sean competentes y en su caso el juez designa tutor ad-litem.<\/span><\/p>\n<\/td>\n<\/tr>\n<tr>\n<td valign=\"top\">\n<p><span style=\"color: #676767; font-family: Ubuntu; font-size: medium;\">Prescripci\u00f3n<\/span><\/p>\n<\/td>\n<td valign=\"top\">\n<p><span style=\"color: #676767; font-family: Ubuntu; font-size: medium;\">El ejercicio de la acci\u00f3n judicial no prescribe. <\/span><\/p>\n<\/td>\n<\/tr>\n<tr>\n<td valign=\"middle\">\n<p><span style=\"color: #676767; font-family: Ubuntu; font-size: medium;\">Competencia y tipo de proceso<\/span><\/p>\n<\/td>\n<td valign=\"middle\">\n<p><span style=\"color: #676767; font-family: Ubuntu; font-size: medium;\">Es competente para conocer este proceso a elecci\u00f3n del demandante el Juzgado P\u00fablico en Materia de Trabajo y Seguridad Social. Art. 73 Ley 025 del \u00d3rgano Judicial. En provincia el Juez P\u00fablico Mixtos. <\/span><\/p>\n<ul>\n<li><span style=\"color: #676767; font-family: Ubuntu; font-size: medium;\">Del lugar donde hubiera prestado sus servicios el trabajador. <\/span><\/li>\n<li><span style=\"color: #676767; font-family: Ubuntu; font-size: medium;\">Del lugar de la celebraci\u00f3n contrato. <\/span><\/li>\n<li><span style=\"color: #676767; font-family: Ubuntu; font-size: medium;\">Del domicilio del demandado. Art. 42 Ley General del Trabajo.<\/span><\/li>\n<\/ul>\n<\/td>\n<\/tr>\n<tr>\n<td valign=\"middle\">\n<p><span style=\"color: #676767; font-family: Ubuntu; font-size: medium;\">Es un proceso<\/span><\/p>\n<\/td>\n<td valign=\"middle\">\n<p><span style=\"color: #676767; font-family: Ubuntu; font-size: medium;\">Por la naturaleza del \u00f3rgano que interviene: <b>Judicial <\/b><\/span><\/p>\n<p><span style=\"color: #676767; font-family: Ubuntu; font-size: medium;\">Por su contenido: <b>Contencioso<\/b><\/span><\/p>\n<p><span style=\"color: #676767; font-family: Ubuntu; font-size: medium;\">Por su finalidad: <b>De conocimiento<\/b><\/span><\/p>\n<p><span style=\"color: #676767; font-family: Ubuntu; font-size: medium;\">Por su estructura: <b>Sumario<\/b><\/span><\/p>\n<\/td>\n<\/tr>\n<tr>\n<td valign=\"middle\">\n<p><span style=\"color: #676767; font-family: Ubuntu; font-size: medium;\">Duraci\u00f3n del proceso<\/span><\/p>\n<\/td>\n<td valign=\"middle\">\n<p><span style=\"color: #676767; font-family: Ubuntu; font-size: medium;\"><b>1<\/b><\/span><span style=\"color: #676767; font-family: Ubuntu; font-size: medium;\"><b>a <\/b><\/span><span style=\"color: #676767; font-family: Ubuntu; font-size: medium;\"><b>Instancia: <\/b>30 d\u00edas aproximadamente. <\/span><\/p>\n<p><span style=\"color: #676767; font-family: Ubuntu; font-size: medium;\"><b>2<\/b><\/span><span style=\"color: #676767; font-family: Ubuntu; font-size: medium;\"><b>a <\/b><\/span><span style=\"color: #676767; font-family: Ubuntu; font-size: medium;\"><b>Instancia: <\/b>20 d\u00edas aproximadamente. <\/span><\/p>\n<p><span style=\"color: #676767; font-family: Ubuntu; font-size: medium;\"><b>Nulidad: <\/b>30 d\u00edas aproximadamente.<\/span><\/p>\n<\/td>\n<\/tr>\n<tr>\n<td valign=\"middle\">\n<p><span style=\"color: #676767; font-family: Ubuntu; font-size: medium;\">Recursos<\/span><\/p>\n<\/td>\n<td valign=\"middle\">\n<p><span style=\"color: #676767; font-family: Ubuntu; font-size: medium;\"><b>RECURSO DE APELACI\u00d3N <\/b><\/span><\/p>\n<p><span style=\"color: #676767; font-family: Ubuntu; font-size: medium;\">La sentencia es apelada en efecto suspensivo, debe interponerse en el t\u00e9rmino perentorio de 5 d\u00edas. Art. 205 &#8211; 209 C\u00f3digo Procesal del Trabajo.<\/span><\/p>\n<p><span style=\"color: #676767; font-family: Ubuntu; font-size: medium;\"><b>RECURSO DE NULIDAD<\/b><\/span><\/p>\n<p><span style=\"color: #676767; font-family: Ubuntu; font-size: medium;\">Deber\u00e1 ser interpuesto en el t\u00e9rmino perentorio de 8 d\u00edas acompa\u00f1ando dep\u00f3sito judicial por el monto condenatorio, adem\u00e1s de los dep\u00f3sitos de Ley, Arts. 210 &#8211; 212 C\u00f3digo Procesal del Trabajo.<\/span><\/p>\n<\/td>\n<\/tr>\n<tr>\n<td valign=\"middle\">\n<p><span style=\"color: #676767; font-family: Ubuntu; font-size: medium;\">Base legal<\/span><\/p>\n<\/td>\n<td valign=\"middle\">\n<ul>\n<li><b><\/b><span style=\"color: #676767; font-family: Ubuntu; font-size: medium;\">Art. 46, 48 y 50 Constituci\u00f3n Pol\u00edtica del Estado. <\/span><\/li>\n<li><b><\/b><span style=\"color: #676767; font-family: Ubuntu; font-size: medium;\">Cap\u00edtulo IV Arts. 52-55 Ley General del Trabajo. <\/span><\/li>\n<li><b><\/b><span style=\"color: #676767; font-family: Ubuntu; font-size: medium;\">Arts. 39-47 Decreto Reglamentario de 23 de agosto de 1943. <\/span><\/li>\n<li><b><\/b><span style=\"color: #676767; font-family: Ubuntu; font-size: medium;\">Art. 23-1), 2), 3) Declaraci\u00f3n Universal de Derechos Humanos. <\/span><\/li>\n<li><b><\/b><span style=\"color: #676767; font-family: Ubuntu; font-size: medium;\">Arts. 6 y 7 Pacto Internacional de Derechos Econ\u00f3micos, Sociales y Culturales. <\/span><\/li>\n<li><b><\/b><span style=\"color: #676767; font-family: Ubuntu; font-size: medium;\">Art. 5-e). Convenci\u00f3n Internacional sobre la Eliminaci\u00f3n de todas las formas de Discriminaci\u00f3n Racial ratificada por Bolivia mediante D.S. N\u00b0 009345 de 13 de agosto de 1970.&nbsp;<\/span><\/li><li><span style=\"color: #676767; font-family: Ubuntu; font-size: medium;\">Ley N\u00b0 2450, Ley de Regulaci\u00f3n del Trabajo Asalariado del Hogar.<\/span><\/li>\n<\/ul>\n<\/td>\n<\/tr>\n<tr>\n<td valign=\"middle\">\n<p><span style=\"color: #676767; font-family: Ubuntu; font-size: medium;\">Recomendaciones a tomar en cuenta por la\/el abogada(o)<\/span><\/p>\n<\/td>\n<td valign=\"middle\">\n<p><span style=\"color: #676767; font-family: Ubuntu; font-size: medium;\">1. Como estrategia el abogado(a) patrocinante deber\u00e1 acudir previamente a la Jefatura Departamental del Trabajo, instancia que por Ley est\u00e1 facultada a conocer en la v\u00eda conciliatoria asuntos concernientes a infracciones de leyes sociales. <\/span><\/p>\n<p><span style=\"color: #676767; font-family: Ubuntu; font-size: medium;\">2. En el caso de lograr un acuerdo en esta instancia se puede solicitar directamente su homologaci\u00f3n ante el Juez de Trabajo y Seguridad Social. <\/span><\/p>\n<p><span style=\"color: #676767; font-family: Ubuntu; font-size: medium;\">3. Si el salario que percibe la usuaria es inferior al m\u00ednimo nacional al plantear la demanda se debe tomar como base para c\u00e1lculo el que establece la Ley, es decir el m\u00ednimo nacional, solicitando el reintegro del salario adeudado m\u00e1s la multa respectiva, Art. 165 del Decreto Reglamentario de la Ley General del Trabajo. <\/span><\/p>\n<p><span style=\"color: #676767; font-family: Ubuntu; font-size: medium;\">4. Cuando el salario m\u00ednimo nacional es incrementado, se debe pedir el pago con car\u00e1cter retroactivo. <\/span><\/p>\n<p><span style=\"color: #676767; font-family: Ubuntu; font-size: medium;\">5. Si bien en materia laboral rige el principio de la inversi\u00f3n de la prueba, es necesario ofrecer y producir toda la prueba que acredite fundamentalmente la existencia y continuidad de la relaci\u00f3n laboral.<\/span><\/p>\n<p><span style=\"color: #676767; font-family: Ubuntu; font-size: medium;\">6. La autoridad judicial ejerce funci\u00f3n activa en el proceso, es decir que puede de oficio ordenar toda la producci\u00f3n de prueba que considere necesaria.<\/span><\/p>\n<p><span style=\"color: #676767; font-family: Ubuntu; font-size: medium;\">7. No se admite reconvenci\u00f3n en estos procesos excepto cuando el demandante fuera el empleador. <\/span><\/p>\n<p><span style=\"color: #676767; font-family: Ubuntu; font-size: medium;\">8. No procede la excepci\u00f3n de Litis pendencia en consecuencia, las acciones penales, civiles u otras incoadas en contra del trabajador no suspenden ni afectan la instancia laboral. <\/span><\/p>\n<p><span style=\"color: #676767; font-family: Ubuntu; font-size: medium;\">9. El desistimiento y la transacci\u00f3n no causan estado. <\/span><\/p>\n<p><span style=\"color: #676767; font-family: Ubuntu; font-size: medium;\">10. No procede la perenci\u00f3n de instancia. <\/span><\/p>\n<p><span style=\"color: #676767; font-family: Ubuntu; font-size: medium;\">11.El juez tiene la facultad de ordenar se cancelen pretensiones distintas a las solicitadas e incluso condenar al pago de sumas mayores siempre y cuando en el proceso se establezca que \u00e9stas son mayores a las solicitadas. <\/span><\/p>\n<\/td>\n<\/tr>\n<\/tbody>\n<\/table>\n<\/div>\n<\/div>\n<\/div>\n<\/div><\/div>\n\t\t\t\t<\/div>\n\t\t\t\t<\/div>\n\t\t\t\t\t\t<\/div>\n\t\t\t\t\t<\/div>\n\t\t<\/div>\n\t\t\t\t\t\t\t\t<\/div>\n\t\t\t\t\t<\/div>\n\t\t<\/section>\n\t\t\t\t<section class=\"elementor-section elementor-top-section elementor-element elementor-element-393a90c elementor-section-boxed elementor-section-height-default elementor-section-height-default\" data-id=\"393a90c\" data-element_type=\"section\">\n\t\t\t\t\t\t<div class=\"elementor-container elementor-column-gap-default\">\n\t\t\t\t\t\t\t<div class=\"elementor-row\">\n\t\t\t\t\t<div class=\"elementor-column elementor-col-100 elementor-top-column elementor-element elementor-element-04075c1\" data-id=\"04075c1\" data-element_type=\"column\">\n\t\t\t<div class=\"elementor-column-wrap elementor-element-populated\">\n\t\t\t\t\t\t\t<div class=\"elementor-widget-wrap\">\n\t\t\t\t\t\t<div class=\"elementor-element elementor-element-2815dc2 elementor-widget elementor-widget-text-editor\" data-id=\"2815dc2\" data-element_type=\"widget\" data-widget_type=\"text-editor.default\">\n\t\t\t\t<div class=\"elementor-widget-container\">\n\t\t\t\t\t<div class=\"elementor-text-editor elementor-clearfix\"><div class=\"page\" title=\"Page 31\"><div class=\"section\"><div class=\"layoutArea\"><div class=\"column\"><table cellspacing=\"0\" cellpadding=\"0\"><tbody><tr><td colspan=\"2\" valign=\"middle\"><h5 style=\"text-align: center;\"><span style=\"color: #43358b; font-family: Ubuntu; font-size: medium;\"><b>Beneficios sociales <\/b><\/span><\/h5><\/td><\/tr><tr><td valign=\"middle\"><p><span style=\"color: #676767; font-family: Ubuntu; font-size: medium;\">Definici\u00f3n<\/span><\/p><\/td><td valign=\"middle\"><p><span style=\"color: #676767; font-family: Ubuntu; font-size: medium;\">Bajo esta denominaci\u00f3n se han englobado indistintamente derechos y beneficios sociales propiamente dichos. Los primeros son logros o reivindicaciones adquiridas en m\u00e9rito a las acciones desarrolladas por los trabajadores y los segundos responden a su naturaleza o concesiones que la ley reconoce a la\/el trabajadora\/or.<\/span><\/p><p><span style=\"color: #676767; font-family: Ubuntu; font-size: medium;\"><b>Bonos: <\/b><\/span><\/p><p><span style=\"color: #676767; font-family: Ubuntu; font-size: medium;\">Con la promulgaci\u00f3n del D.S. 21060 se consolidaron todos los bonos al b\u00e1sico excepto los siguientes: <\/span><\/p><ul><li><span style=\"color: #676767; font-family: Ubuntu; font-size: medium;\"><b>Bono de antig\u00fcedad: <\/b><\/span><\/li><\/ul><p><span style=\"color: #676767; font-family: Ubuntu; font-size: medium;\">De acuerdo a la escala siguiente: <\/span><\/p><ul><li style=\"list-style-type: none;\"><ul><li style=\"list-style-type: none;\"><ul><li style=\"list-style-type: none;\"><ul><li><span style=\"color: #676767; font-family: Ubuntu; font-size: medium;\">2 a 4 a\u00f1os 5%<\/span><\/li><li><span style=\"color: #676767; font-family: Ubuntu; font-size: medium;\">5 a 7 a\u00f1os 11%<\/span><\/li><li><span style=\"color: #676767; font-family: Ubuntu; font-size: medium;\">8 a 10 a\u00f1os 18% <\/span><\/li><li><span style=\"color: #676767; font-family: Ubuntu; font-size: medium;\">11 a 14 a\u00f1os 26% <\/span><\/li><li><span style=\"color: #676767; font-family: Ubuntu; font-size: medium;\">15 a 19 a\u00f1os 34% <\/span><\/li><li><span style=\"color: #676767; font-family: Ubuntu; font-size: medium;\">20 a 24 a\u00f1os 42% <\/span><\/li><li><span style=\"color: #676767; font-family: Ubuntu; font-size: medium;\">25 a m\u00e1s 50% <\/span><\/li><\/ul><\/li><\/ul><\/li><\/ul><\/li><li><span style=\"color: #676767; font-family: Ubuntu; font-size: medium;\"><b>Bono de producci\u00f3n: <\/b><\/span><\/li><\/ul><p><span style=\"color: #676767; font-family: Ubuntu; font-size: medium;\">Relacionado con una meta productiva. <\/span><\/p><ul><li><span style=\"color: #676767; font-family: Ubuntu; font-size: medium;\"><b>Prima anual: <\/b><\/span><\/li><\/ul><p><span style=\"color: #676767; font-family: Ubuntu; font-size: medium;\">Para empleados y obreros que hubieran trabajado m\u00e1s de tres meses en empresas que hubieran obtenido utilidades al finalizar el a\u00f1o, equivalente al sueldo de un mes. <\/span><\/p><ul><li><span style=\"color: #676767; font-family: Ubuntu; font-size: medium;\"><b>Vacaci\u00f3n: <\/b><\/span><\/li><\/ul><p><span style=\"color: #676767; font-family: Ubuntu; font-size: medium;\">Es el descanso anual que la ley reconoce a favor del trabajador de acuerdo a la escala siguiente: <\/span><\/p><ul><li style=\"list-style-type: none;\"><ul><li style=\"list-style-type: none;\"><ul><li><span style=\"color: #676767; font-family: Ubuntu; font-size: medium;\">1 a 4 a\u00f1os: 15 d\u00edas vacaci\u00f3n.<\/span><\/li><li><span style=\"color: #676767; font-family: Ubuntu; font-size: medium;\">5 a 9 a\u00f1os: 20 d\u00edas vacaci\u00f3n.<\/span><\/li><li><span style=\"color: #676767; font-family: Ubuntu; font-size: medium;\">10 a\u00f1os adelante: 30 d\u00edas vacaci\u00f3n. <\/span><\/li><\/ul><\/li><\/ul><\/li><\/ul><p><span style=\"color: #676767; font-family: Ubuntu; font-size: medium;\">Pago de un sueldo o salario por cada a\u00f1o de trabajo o por duod\u00e9cimas en forma proporcional a los meses trabajados.<br \/>Se puede convenir el pago de la indemnizaci\u00f3n de forma anual o bien por quinquenios consolidados (5 a\u00f1os de trabajo continuo). <\/span><\/p><ul><li><span style=\"color: #676767; font-family: Ubuntu; font-size: medium;\"><b>Indemnizaci\u00f3n por falta de preaviso o desahucio: <\/b><\/span><\/li><\/ul><p><span style=\"color: #676767; font-family: Ubuntu; font-size: medium;\">Es el pago de 3 sueldos por omitir el empleador el preaviso de Ley. <\/span><\/p><\/td><\/tr><tr><td valign=\"middle\"><p><span style=\"color: #676767; font-family: Ubuntu; font-size: medium;\">Sujetos facultados para ejercer la acci\u00f3n<\/span><\/p><\/td><td valign=\"middle\"><p><span style=\"color: #676767; font-family: Ubuntu; font-size: medium;\">Todos los trabajadores en relaci\u00f3n de dependencia del sector privado.<\/span><\/p><\/td><\/tr><tr><td valign=\"top\"><p><span style=\"color: #676767; font-family: Ubuntu; font-size: medium;\">Prescripci\u00f3n<\/span><\/p><\/td><td valign=\"top\"><p><span style=\"color: #676767; font-family: Ubuntu; font-size: medium;\">El ejercicio de la acci\u00f3n no prescribe. <\/span><\/p><\/td><\/tr><tr><td valign=\"middle\"><p><span style=\"color: #676767; font-family: Ubuntu; font-size: medium;\">Competencia y tipo de proceso<\/span><\/p><\/td><td valign=\"middle\"><p><span style=\"color: #676767; font-family: Ubuntu; font-size: medium;\">Juzgado P\u00fablico en Materia de Trabajo y Seguridad Social. Art. 73 Ley 025 del \u00d3rgano Judicial. En provincia el Juzgado P\u00fablico Mixto.<\/span><\/p><ul><li><span style=\"color: #676767; font-family: Ubuntu; font-size: medium;\">Del lugar donde hubiera prestado sus servicios el trabajador,<\/span><\/li><li><span style=\"color: #676767; font-family: Ubuntu; font-size: medium;\">Del lugar de la celebraci\u00f3n contrato, <\/span><\/li><li><span style=\"color: #676767; font-family: Ubuntu; font-size: medium;\">Del domicilio del demandado. Art. 42 Ley General del Trabajo.<\/span><\/li><\/ul><\/td><\/tr><tr><td valign=\"middle\"><p><span style=\"color: #676767; font-family: Ubuntu; font-size: medium;\">Es un proceso<\/span><\/p><\/td><td valign=\"middle\"><p><span style=\"color: #676767; font-family: Ubuntu; font-size: medium;\">Por la naturaleza del \u00f3rgano que interviene: <b>Judicial <\/b><\/span><\/p><p><span style=\"color: #676767; font-family: Ubuntu; font-size: medium;\">Por su contenido: <b>Contencioso<\/b><\/span><\/p><p><span style=\"color: #676767; font-family: Ubuntu; font-size: medium;\">Por su finalidad: <b>De conocimiento<\/b><\/span><\/p><p><span style=\"color: #676767; font-family: Ubuntu; font-size: medium;\">Por su estructura: <b>Sumario<\/b><\/span><\/p><\/td><\/tr><tr><td valign=\"middle\"><p><span style=\"color: #676767; font-family: Ubuntu; font-size: medium;\">Duraci\u00f3n del proceso<\/span><\/p><\/td><td valign=\"middle\"><p><span style=\"color: #676767; font-family: Ubuntu; font-size: medium;\"><b>1a Instancia: <\/b>30 d\u00edas aproximadamente. <\/span><\/p><p><span style=\"color: #676767; font-family: Ubuntu; font-size: medium;\"><b>2a Instancia: <\/b>20 d\u00edas aproximadamente. <\/span><\/p><p><span style=\"color: #676767; font-family: Ubuntu; font-size: medium;\"><b>Nulidad: <\/b>30 d\u00edas aproximadamente.<\/span><\/p><\/td><\/tr><tr><td valign=\"middle\"><p><span style=\"color: #676767; font-family: Ubuntu; font-size: medium;\">Recursos<\/span><\/p><\/td><td valign=\"middle\"><p><span style=\"color: #676767; font-family: Ubuntu; font-size: medium;\"><b>Recurso de apelaci\u00f3n: <\/b><\/span><\/p><p><span style=\"color: #676767; font-family: Ubuntu; font-size: medium;\">La sentencia es apelada en efecto suspensivo, debe interponerse en el t\u00e9rmino perentorio de 5 d\u00edas. Arts. 205 &#8211; 209 C\u00f3digo Procesal del Trabajo.<\/span><\/p><p><span style=\"color: #676767; font-family: Ubuntu; font-size: medium;\"><b>Recurso de nulidad:<\/b><\/span><\/p><p><span style=\"color: #676767; font-family: Ubuntu; font-size: medium;\">Deber\u00e1 ser interpuesto en el t\u00e9rmino perentorio de 8 d\u00edas acompa\u00f1ando dep\u00f3sito judicial por el monto condenatorio, adem\u00e1s de los dep\u00f3sitos de Ley, Arts. 210 &#8211; 212 C\u00f3digo Procesal del Trabajo.<\/span><\/p><\/td><\/tr><tr><td valign=\"middle\"><p><span style=\"color: #676767; font-family: Ubuntu; font-size: medium;\">Base legal<\/span><\/p><\/td><td valign=\"middle\"><p><span style=\"color: #676767; font-family: Ubuntu; font-size: medium;\"><b>Base legal:<\/b><\/span><\/p><ul><li><span style=\"color: #676767; font-family: Ubuntu; font-size: medium;\">Arts. 46, 47, 48 y 50 Constituci\u00f3n Pol\u00edtica del Estado.<\/span><\/li><li><span style=\"color: #676767; font-family: Ubuntu; font-size: medium;\">Art. 33 Decreto Reglamentario del 23 de agosto de 1943.<\/span><\/li><li><span style=\"color: #676767; font-family: Ubuntu; font-size: medium;\">Ley de 18 de diciembre de 1942 y Ley de 23 de noviembre de 1944. Indemnizaci\u00f3n por antig\u00fcedad y desahucio.<\/span><\/li><li><span style=\"color: #676767; font-family: Ubuntu; font-size: medium;\">Ley de 9 de noviembre de 1940 y D.S. de 19 de abril 1949.<\/span><\/li><li><span style=\"color: #676767; font-family: Ubuntu; font-size: medium;\">Sueldo indemnizable D.S. 10\/11\/ 1986.<\/span><\/li><li><span style=\"color: #676767; font-family: Ubuntu; font-size: medium;\">D.S. 7\/12\/1988 Beneficios Sociales, Ley de 21 de diciembre de 1948.<\/span><\/li><li><span style=\"color: #676767; font-family: Ubuntu; font-size: medium;\">Ley No 2450, Ley de Regulaci\u00f3n del Trabajo Asalariado del Hogar.<\/span><\/li><\/ul><\/td><\/tr><tr><td valign=\"middle\"><p><span style=\"color: #676767; font-family: Ubuntu; font-size: medium;\">Recomendaciones a tomar en cuenta por la\/el abogada\/o<\/span><\/p><\/td><td valign=\"middle\"><p><span style=\"color: #676767; font-family: Ubuntu; font-size: medium;\">1. Como estrategia la\/el abogada\/o deber\u00e1 acudir previamente a la Oficina Departamental del Trabajo, instancia que por Ley est\u00e1 facultada a conocer en la v\u00eda conciliatoria los asuntos concernientes a vulneraci\u00f3n de leyes laborales. <\/span><\/p><p><span style=\"color: #676767; font-family: Ubuntu; font-size: medium;\">2. En el caso de lograr un acuerdo en esta instancia se puede solicitar directamente su homologaci\u00f3n ante el Juez de Trabajo y Seguridad Social. <\/span><\/p><p><span style=\"color: #676767; font-family: Ubuntu; font-size: medium;\">3. Si el salario que percibe la usuaria es inferior al m\u00ednimo nacional, al plantear la demanda se debe tomar como base para c\u00e1lculo el que establece la Ley es decir el m\u00ednimo nacional, solicitando el reintegro del salario adeudado m\u00e1s la multa respectiva. Art. 165 del Decreto Reglamentario de la Ley General del Trabajo. <\/span><\/p><p><span style=\"color: #676767; font-family: Ubuntu; font-size: medium;\">4. Si bien en materia laboral rige el principio de la inversi\u00f3n de la prueba, es necesario ofrecer y producir toda la prueba que acredite fundamentalmente la existencia y continuidad de la relaci\u00f3n laboral. <\/span><\/p><p><span style=\"color: #676767; font-family: Ubuntu; font-size: medium;\">5. La autoridad judicial ejerce funci\u00f3n activa en el proceso, es decir que puede de oficio ordenar toda la producci\u00f3n de prueba que considere necesaria. <\/span><\/p><p><span style=\"color: #676767; font-family: Ubuntu; font-size: medium;\">6. No se admite reconvenci\u00f3n en estos procesos, excepto cuando el demandante fuera el empleador.<\/span><\/p><p><span style=\"color: #676767; font-family: Ubuntu; font-size: medium;\">7. No procede la excepci\u00f3n de Litis pendencia en consecuencia, las acciones penales, civiles u otras incoadas en contra del trabajador no suspenden ni afectan la instancia laboral. <\/span><\/p><p><span style=\"color: #676767; font-family: Ubuntu; font-size: medium;\">8. El desistimiento y la transacci\u00f3n no causan estado. <\/span><\/p><p><span style=\"color: #676767; font-family: Ubuntu; font-size: medium;\">9. No procede la perenci\u00f3n de instancia. <\/span><\/p><p><span style=\"color: #676767; font-family: Ubuntu; font-size: medium;\">10. El juez tiene la facultad de ordenar se cancelen pretensiones distintas a las solicitadas e incluso condenar al pago de sumas mayores siempre y cuando en el proceso se establezca que \u00e9stas son mayores a las solicitadas. <\/span><\/p><p><span style=\"color: #676767; font-family: Ubuntu; font-size: medium;\">11. Cuando hay pago parcial por indemnizaci\u00f3n anual, este constituye un pago por adelantado y el c\u00e1lculo para la indemnizaci\u00f3n se realiza con el promedio de los tres \u00faltimos salarios. <\/span><\/p><p><span style=\"color: #676767; font-family: Ubuntu; font-size: medium;\">12. S\u00f3lo se consolida el pago de indemnizaci\u00f3n en el caso de los quinquenios. <\/span><\/p><p><span style=\"color: #676767; font-family: Ubuntu; font-size: medium;\">13. En casos de despido que vulnere el derecho a la inamovilidad por razones de maternidad (embarazo, hasta que el hijo cumpla en primer a\u00f1o), se debe tender a la restituci\u00f3n laboral, por la v\u00eda laboral o constitucional. <\/span><\/p><p><span style=\"color: #676767; font-family: Ubuntu; font-size: medium;\">14. Si el incumplimiento laboral se denuncia despu\u00e9s de que el hijo a cumplido 1 a\u00f1o, el derecho no prescribe, pudiendo demandarse la restituci\u00f3n al trabajo o el pago de lo adeudado (salario, beneficios social y subsidios de maternidad).<\/span><\/p><\/td><\/tr><\/tbody><\/table><\/div><\/div><\/div><\/div><\/div>\n\t\t\t\t<\/div>\n\t\t\t\t<\/div>\n\t\t\t\t\t\t<\/div>\n\t\t\t\t\t<\/div>\n\t\t<\/div>\n\t\t\t\t\t\t\t\t<\/div>\n\t\t\t\t\t<\/div>\n\t\t<\/section>\n\t\t\t\t<section class=\"elementor-section elementor-top-section elementor-element elementor-element-5012989 elementor-section-boxed elementor-section-height-default elementor-section-height-default\" data-id=\"5012989\" data-element_type=\"section\">\n\t\t\t\t\t\t<div class=\"elementor-container elementor-column-gap-default\">\n\t\t\t\t\t\t\t<div class=\"elementor-row\">\n\t\t\t\t\t<div class=\"elementor-column elementor-col-100 elementor-top-column elementor-element elementor-element-a4cb658\" data-id=\"a4cb658\" data-element_type=\"column\">\n\t\t\t<div class=\"elementor-column-wrap elementor-element-populated\">\n\t\t\t\t\t\t\t<div class=\"elementor-widget-wrap\">\n\t\t\t\t\t\t<div class=\"elementor-element elementor-element-54a9794 elementor-widget elementor-widget-text-editor\" data-id=\"54a9794\" data-element_type=\"widget\" data-widget_type=\"text-editor.default\">\n\t\t\t\t<div class=\"elementor-widget-container\">\n\t\t\t\t\t<div class=\"elementor-text-editor elementor-clearfix\"><div class=\"page\" title=\"Page 31\"><div class=\"section\"><div class=\"layoutArea\"><div class=\"column\"><p><img loading=\"lazy\" decoding=\"async\" class=\"alignnone size-full wp-image-4554\" src=\"http:\/\/alvi.centrojuanaazurduy.org\/wp-content\/uploads\/2021\/06\/31.png\" alt=\"\" width=\"3636\" height=\"2496\" \/><\/p><\/div><\/div><\/div><\/div><\/div>\n\t\t\t\t<\/div>\n\t\t\t\t<\/div>\n\t\t\t\t\t\t<\/div>\n\t\t\t\t\t<\/div>\n\t\t<\/div>\n\t\t\t\t\t\t\t\t<\/div>\n\t\t\t\t\t<\/div>\n\t\t<\/section>\n\t\t\t\t\t\t<\/div>\n\t\t\t\t\t\t<\/div>\n\t\t\t\t\t<\/div>\n\t\t","protected":false},"excerpt":{"rendered":"<p>5.2. Protocolos de atenci\u00f3n jur\u00eddica 5.2.1. Derecho penal Abandono de familia Tipo penal \u201cEl que sin justa causa no cumpliere las obligaciones de sustento, habitacio\u0301n, vestido, educacio\u0301n y asistencia inherentes a la autoridad de los padres, tutela o condicio\u0301n de co\u0301nyuge o conviviente, o abandonare el domicilio familiar o se substrajere al cumplimiento de las &hellip;<\/p>\n<p class=\"read-more\"> <a class=\"\" href=\"https:\/\/alvi.centrojuanaazurduy.org\/index.php\/5-2-protocolos-de-atencion-juridica\/\"> <span class=\"screen-reader-text\">5.2. Protocolos de atenci\u00f3n jur\u00eddica<\/span> Leer m\u00e1s &raquo;<\/a><\/p>\n","protected":false},"author":1,"featured_media":0,"comment_status":"closed","ping_status":"closed","sticky":false,"template":"","format":"standard","meta":{"footnotes":""},"categories":[4],"tags":[],"class_list":["post-5036","post","type-post","status-publish","format-standard","hentry","category-gavvi"],"_links":{"self":[{"href":"https:\/\/alvi.centrojuanaazurduy.org\/index.php\/wp-json\/wp\/v2\/posts\/5036","targetHints":{"allow":["GET"]}}],"collection":[{"href":"https:\/\/alvi.centrojuanaazurduy.org\/index.php\/wp-json\/wp\/v2\/posts"}],"about":[{"href":"https:\/\/alvi.centrojuanaazurduy.org\/index.php\/wp-json\/wp\/v2\/types\/post"}],"author":[{"embeddable":true,"href":"https:\/\/alvi.centrojuanaazurduy.org\/index.php\/wp-json\/wp\/v2\/users\/1"}],"replies":[{"embeddable":true,"href":"https:\/\/alvi.centrojuanaazurduy.org\/index.php\/wp-json\/wp\/v2\/comments?post=5036"}],"version-history":[{"count":29,"href":"https:\/\/alvi.centrojuanaazurduy.org\/index.php\/wp-json\/wp\/v2\/posts\/5036\/revisions"}],"predecessor-version":[{"id":5174,"href":"https:\/\/alvi.centrojuanaazurduy.org\/index.php\/wp-json\/wp\/v2\/posts\/5036\/revisions\/5174"}],"wp:attachment":[{"href":"https:\/\/alvi.centrojuanaazurduy.org\/index.php\/wp-json\/wp\/v2\/media?parent=5036"}],"wp:term":[{"taxonomy":"category","embeddable":true,"href":"https:\/\/alvi.centrojuanaazurduy.org\/index.php\/wp-json\/wp\/v2\/categories?post=5036"},{"taxonomy":"post_tag","embeddable":true,"href":"https:\/\/alvi.centrojuanaazurduy.org\/index.php\/wp-json\/wp\/v2\/tags?post=5036"}],"curies":[{"name":"wp","href":"https:\/\/api.w.org\/{rel}","templated":true}]}}