{"id":456,"date":"2020-11-23T22:12:44","date_gmt":"2020-11-24T02:12:44","guid":{"rendered":"http:\/\/gavvi.monstruoestudio.com\/?p=456"},"modified":"2021-06-02T15:41:26","modified_gmt":"2021-06-02T19:41:26","slug":"capitulo-vi-financiamiento-y-administracion","status":"publish","type":"post","link":"https:\/\/alvi.centrojuanaazurduy.org\/index.php\/capitulo-vi-financiamiento-y-administracion\/","title":{"rendered":"Cap\u00edtulo VI : FINANCIAMIENTO Y ADMINISTRACI\u00d3N"},"content":{"rendered":"\t\t<div data-elementor-type=\"wp-post\" data-elementor-id=\"456\" class=\"elementor elementor-456\" data-elementor-settings=\"[]\">\n\t\t\t\t\t\t<div class=\"elementor-inner\">\n\t\t\t\t\t\t\t<div class=\"elementor-section-wrap\">\n\t\t\t\t\t\t\t<section class=\"elementor-section elementor-top-section elementor-element elementor-element-f31731b elementor-section-boxed elementor-section-height-default elementor-section-height-default\" data-id=\"f31731b\" data-element_type=\"section\">\n\t\t\t\t\t\t<div class=\"elementor-container elementor-column-gap-default\">\n\t\t\t\t\t\t\t<div class=\"elementor-row\">\n\t\t\t\t\t<div class=\"elementor-column elementor-col-100 elementor-top-column elementor-element elementor-element-00b923e\" data-id=\"00b923e\" data-element_type=\"column\">\n\t\t\t<div class=\"elementor-column-wrap elementor-element-populated\">\n\t\t\t\t\t\t\t<div class=\"elementor-widget-wrap\">\n\t\t\t\t\t\t<div class=\"elementor-element elementor-element-ea5191b elementor-widget elementor-widget-theme-post-title elementor-page-title elementor-widget-heading\" data-id=\"ea5191b\" data-element_type=\"widget\" data-widget_type=\"theme-post-title.default\">\n\t\t\t\t<div class=\"elementor-widget-container\">\n\t\t\t<h1 class=\"elementor-heading-title elementor-size-default\">Cap\u00edtulo VI : FINANCIAMIENTO Y ADMINISTRACI\u00d3N<\/h1>\t\t<\/div>\n\t\t\t\t<\/div>\n\t\t\t\t\t\t<\/div>\n\t\t\t\t\t<\/div>\n\t\t<\/div>\n\t\t\t\t\t\t\t\t<\/div>\n\t\t\t\t\t<\/div>\n\t\t<\/section>\n\t\t\t\t<section class=\"elementor-section elementor-top-section elementor-element elementor-element-4fdd44f elementor-section-boxed elementor-section-height-default elementor-section-height-default\" data-id=\"4fdd44f\" data-element_type=\"section\">\n\t\t\t\t\t\t<div class=\"elementor-container elementor-column-gap-default\">\n\t\t\t\t\t\t\t<div class=\"elementor-row\">\n\t\t\t\t\t<div class=\"elementor-column elementor-col-100 elementor-top-column elementor-element elementor-element-9041ae1\" data-id=\"9041ae1\" data-element_type=\"column\">\n\t\t\t<div class=\"elementor-column-wrap elementor-element-populated\">\n\t\t\t\t\t\t\t<div class=\"elementor-widget-wrap\">\n\t\t\t\t\t\t<div class=\"elementor-element elementor-element-c100aed elementor-widget elementor-widget-heading\" data-id=\"c100aed\" data-element_type=\"widget\" data-widget_type=\"heading.default\">\n\t\t\t\t<div class=\"elementor-widget-container\">\n\t\t\t<h2 class=\"elementor-heading-title elementor-size-default\">6.1. Implementaci\u00f3n y financiamiento <\/h2>\t\t<\/div>\n\t\t\t\t<\/div>\n\t\t\t\t\t\t<\/div>\n\t\t\t\t\t<\/div>\n\t\t<\/div>\n\t\t\t\t\t\t\t\t<\/div>\n\t\t\t\t\t<\/div>\n\t\t<\/section>\n\t\t\t\t<section class=\"elementor-section elementor-top-section elementor-element elementor-element-90fe476 elementor-section-boxed elementor-section-height-default elementor-section-height-default\" data-id=\"90fe476\" data-element_type=\"section\">\n\t\t\t\t\t\t<div class=\"elementor-container elementor-column-gap-default\">\n\t\t\t\t\t\t\t<div class=\"elementor-row\">\n\t\t\t\t\t<div class=\"elementor-column elementor-col-100 elementor-top-column elementor-element elementor-element-502c2c7\" data-id=\"502c2c7\" data-element_type=\"column\">\n\t\t\t<div class=\"elementor-column-wrap elementor-element-populated\">\n\t\t\t\t\t\t\t<div class=\"elementor-widget-wrap\">\n\t\t\t\t\t\t<div class=\"elementor-element elementor-element-298c8e6 elementor-widget elementor-widget-text-editor\" data-id=\"298c8e6\" data-element_type=\"widget\" data-widget_type=\"text-editor.default\">\n\t\t\t\t<div class=\"elementor-widget-container\">\n\t\t\t\t\t<div class=\"elementor-text-editor elementor-clearfix\"><div><p class=\"Predeterminado\"><span lang=\"ES-TRAD\">La implementaci\u00f3n de las Casas de Acogida y los Refugios Temporales es b<\/span><span lang=\"PT\">\u00e1<\/span><span lang=\"ES-TRAD\">sicamente una obligaci\u00f3n de los Gobierno Aut\u00f3nomos Departamentales. El Decreto Supremo 2145 que reglamenta la Ley 348 establece que, los Gobiernos Aut\u00f3nomos Departamentales deben destinar, para la construcci\u00f3n y equipamiento de las casas de acogida y refugios temporales el 30% de sus recursos del IDH de seguridad ciudadana la gesti\u00f3n 2015; y el 10% del total de sus recursos del IDH de seguridad ciudadana para su mantenimiento y atenci\u00f3n desde la gesti\u00f3<\/span><span lang=\"PT\">n 2016. <\/span><\/p><\/div><div><p class=\"Predeterminado\"><span lang=\"ES-TRAD\">Adicionalmente y con otras fuentes de recursos, los Gobiernos Aut\u00f3nomos Departamentales y Municipales, pueden implementar, equipar, mantener y atender Casas de Acogida y Refugios Temporales, seg<\/span><span lang=\"PT\">\u00fa<\/span><span lang=\"ES-TRAD\">n sus necesidades y sostenibilidad financiera. <\/span><\/p><\/div><\/div>\n\t\t\t\t<\/div>\n\t\t\t\t<\/div>\n\t\t\t\t\t\t<\/div>\n\t\t\t\t\t<\/div>\n\t\t<\/div>\n\t\t\t\t\t\t\t\t<\/div>\n\t\t\t\t\t<\/div>\n\t\t<\/section>\n\t\t\t\t<section class=\"elementor-section elementor-top-section elementor-element elementor-element-04ff70b elementor-section-boxed elementor-section-height-default elementor-section-height-default\" data-id=\"04ff70b\" data-element_type=\"section\">\n\t\t\t\t\t\t<div class=\"elementor-container elementor-column-gap-default\">\n\t\t\t\t\t\t\t<div class=\"elementor-row\">\n\t\t\t\t\t<div class=\"elementor-column elementor-col-100 elementor-top-column elementor-element elementor-element-237df40\" data-id=\"237df40\" data-element_type=\"column\">\n\t\t\t<div class=\"elementor-column-wrap elementor-element-populated\">\n\t\t\t\t\t\t\t<div class=\"elementor-widget-wrap\">\n\t\t\t\t\t\t<div class=\"elementor-element elementor-element-1fb0a02 elementor-widget elementor-widget-heading\" data-id=\"1fb0a02\" data-element_type=\"widget\" data-widget_type=\"heading.default\">\n\t\t\t\t<div class=\"elementor-widget-container\">\n\t\t\t<h2 class=\"elementor-heading-title elementor-size-default\">6.2. Administraci\u00f3n <span style=\"color: var( --e-global-color-primary ); font-size: 2rem; font-weight: 600;\"><\/span><br><\/h2>\t\t<\/div>\n\t\t\t\t<\/div>\n\t\t\t\t\t\t<\/div>\n\t\t\t\t\t<\/div>\n\t\t<\/div>\n\t\t\t\t\t\t\t\t<\/div>\n\t\t\t\t\t<\/div>\n\t\t<\/section>\n\t\t\t\t<section class=\"elementor-section elementor-top-section elementor-element elementor-element-a9ffc87 elementor-section-boxed elementor-section-height-default elementor-section-height-default\" data-id=\"a9ffc87\" data-element_type=\"section\">\n\t\t\t\t\t\t<div class=\"elementor-container elementor-column-gap-default\">\n\t\t\t\t\t\t\t<div class=\"elementor-row\">\n\t\t\t\t\t<div class=\"elementor-column elementor-col-100 elementor-top-column elementor-element elementor-element-20705c6\" data-id=\"20705c6\" data-element_type=\"column\">\n\t\t\t<div class=\"elementor-column-wrap elementor-element-populated\">\n\t\t\t\t\t\t\t<div class=\"elementor-widget-wrap\">\n\t\t\t\t\t\t<div class=\"elementor-element elementor-element-c5ae00f elementor-widget elementor-widget-text-editor\" data-id=\"c5ae00f\" data-element_type=\"widget\" data-widget_type=\"text-editor.default\">\n\t\t\t\t<div class=\"elementor-widget-container\">\n\t\t\t\t\t<div class=\"elementor-text-editor elementor-clearfix\"><div>\n<p class=\"Predeterminado\"><span lang=\"ES-TRAD\">La administraci\u00f3n de la Casa de Acogida o el Refugio Temporal estar<\/span><span lang=\"PT\">\u00e1 <\/span><span lang=\"ES-TRAD\">a cargo de personal de la Entidad Territorial Aut\u00f3noma que la hubiera creado, aunque puede estar a cargo de otra de acuerdo a los convenios que pueden suscribir en el marco de su autonom<\/span><span lang=\"PT\">\u00ed<\/span><span lang=\"ES-TRAD\">a. Por ejemplo una Casa de Acogida podr<\/span><span lang=\"PT\">\u00ed<\/span><span lang=\"ES-TRAD\">a ser implementada por la Gobernaci\u00f3n y administrada por personal delegado por determinado Gobierno Aut\u00f3<\/span><span lang=\"PT\">nomo Municipal. <\/span><\/p>\n<\/div><\/div>\n\t\t\t\t<\/div>\n\t\t\t\t<\/div>\n\t\t\t\t\t\t<\/div>\n\t\t\t\t\t<\/div>\n\t\t<\/div>\n\t\t\t\t\t\t\t\t<\/div>\n\t\t\t\t\t<\/div>\n\t\t<\/section>\n\t\t\t\t\t\t<\/div>\n\t\t\t\t\t\t<\/div>\n\t\t\t\t\t<\/div>\n\t\t","protected":false},"excerpt":{"rendered":"<p>6.1. Implementaci\u00f3n y financiamiento La implementaci\u00f3n de las Casas de Acogida y los Refugios Temporales es b\u00e1sicamente una obligaci\u00f3n de los Gobierno Aut\u00f3nomos Departamentales. El Decreto Supremo 2145 que reglamenta la Ley 348 establece que, los Gobiernos Aut\u00f3nomos Departamentales deben destinar, para la construcci\u00f3n y equipamiento de las casas de acogida y refugios temporales el &hellip;<\/p>\n<p class=\"read-more\"> <a class=\"\" href=\"https:\/\/alvi.centrojuanaazurduy.org\/index.php\/capitulo-vi-financiamiento-y-administracion\/\"> <span class=\"screen-reader-text\">Cap\u00edtulo VI : FINANCIAMIENTO Y ADMINISTRACI\u00d3N<\/span> Leer m\u00e1s &raquo;<\/a><\/p>\n","protected":false},"author":1,"featured_media":0,"comment_status":"closed","ping_status":"closed","sticky":false,"template":"","format":"standard","meta":{"footnotes":""},"categories":[2],"tags":[],"class_list":["post-456","post","type-post","status-publish","format-standard","hentry","category-casas-de-acogida"],"_links":{"self":[{"href":"https:\/\/alvi.centrojuanaazurduy.org\/index.php\/wp-json\/wp\/v2\/posts\/456","targetHints":{"allow":["GET"]}}],"collection":[{"href":"https:\/\/alvi.centrojuanaazurduy.org\/index.php\/wp-json\/wp\/v2\/posts"}],"about":[{"href":"https:\/\/alvi.centrojuanaazurduy.org\/index.php\/wp-json\/wp\/v2\/types\/post"}],"author":[{"embeddable":true,"href":"https:\/\/alvi.centrojuanaazurduy.org\/index.php\/wp-json\/wp\/v2\/users\/1"}],"replies":[{"embeddable":true,"href":"https:\/\/alvi.centrojuanaazurduy.org\/index.php\/wp-json\/wp\/v2\/comments?post=456"}],"version-history":[{"count":3,"href":"https:\/\/alvi.centrojuanaazurduy.org\/index.php\/wp-json\/wp\/v2\/posts\/456\/revisions"}],"predecessor-version":[{"id":4631,"href":"https:\/\/alvi.centrojuanaazurduy.org\/index.php\/wp-json\/wp\/v2\/posts\/456\/revisions\/4631"}],"wp:attachment":[{"href":"https:\/\/alvi.centrojuanaazurduy.org\/index.php\/wp-json\/wp\/v2\/media?parent=456"}],"wp:term":[{"taxonomy":"category","embeddable":true,"href":"https:\/\/alvi.centrojuanaazurduy.org\/index.php\/wp-json\/wp\/v2\/categories?post=456"},{"taxonomy":"post_tag","embeddable":true,"href":"https:\/\/alvi.centrojuanaazurduy.org\/index.php\/wp-json\/wp\/v2\/tags?post=456"}],"curies":[{"name":"wp","href":"https:\/\/api.w.org\/{rel}","templated":true}]}}