{"id":414,"date":"2020-11-23T21:43:40","date_gmt":"2020-11-24T01:43:40","guid":{"rendered":"http:\/\/gavvi.monstruoestudio.com\/?p=414"},"modified":"2021-06-02T15:37:29","modified_gmt":"2021-06-02T19:37:29","slug":"capitulo-iv-servicios-de-las-casas-de-acogida","status":"publish","type":"post","link":"https:\/\/alvi.centrojuanaazurduy.org\/index.php\/capitulo-iv-servicios-de-las-casas-de-acogida\/","title":{"rendered":"Cap\u00edtulo IV : SERVICIOS DE LAS CASAS DE ACOGIDA"},"content":{"rendered":"\t\t<div data-elementor-type=\"wp-post\" data-elementor-id=\"414\" class=\"elementor elementor-414\" data-elementor-settings=\"[]\">\n\t\t\t\t\t\t<div class=\"elementor-inner\">\n\t\t\t\t\t\t\t<div class=\"elementor-section-wrap\">\n\t\t\t\t\t\t\t<section class=\"elementor-section elementor-top-section elementor-element elementor-element-7306c19 elementor-section-boxed elementor-section-height-default elementor-section-height-default\" data-id=\"7306c19\" data-element_type=\"section\">\n\t\t\t\t\t\t<div class=\"elementor-container elementor-column-gap-default\">\n\t\t\t\t\t\t\t<div class=\"elementor-row\">\n\t\t\t\t\t<div class=\"elementor-column elementor-col-100 elementor-top-column elementor-element elementor-element-6f4aa2b\" data-id=\"6f4aa2b\" data-element_type=\"column\">\n\t\t\t<div class=\"elementor-column-wrap elementor-element-populated\">\n\t\t\t\t\t\t\t<div class=\"elementor-widget-wrap\">\n\t\t\t\t\t\t<div class=\"elementor-element elementor-element-18b44bf elementor-widget elementor-widget-theme-post-title elementor-page-title elementor-widget-heading\" data-id=\"18b44bf\" data-element_type=\"widget\" data-widget_type=\"theme-post-title.default\">\n\t\t\t\t<div class=\"elementor-widget-container\">\n\t\t\t<h1 class=\"elementor-heading-title elementor-size-default\">Cap\u00edtulo IV : SERVICIOS DE LAS CASAS DE ACOGIDA<\/h1>\t\t<\/div>\n\t\t\t\t<\/div>\n\t\t\t\t\t\t<\/div>\n\t\t\t\t\t<\/div>\n\t\t<\/div>\n\t\t\t\t\t\t\t\t<\/div>\n\t\t\t\t\t<\/div>\n\t\t<\/section>\n\t\t\t\t<section class=\"elementor-section elementor-top-section elementor-element elementor-element-3285753 elementor-section-boxed elementor-section-height-default elementor-section-height-default\" data-id=\"3285753\" data-element_type=\"section\">\n\t\t\t\t\t\t<div class=\"elementor-container elementor-column-gap-default\">\n\t\t\t\t\t\t\t<div class=\"elementor-row\">\n\t\t\t\t\t<div class=\"elementor-column elementor-col-100 elementor-top-column elementor-element elementor-element-12bea93\" data-id=\"12bea93\" data-element_type=\"column\">\n\t\t\t<div class=\"elementor-column-wrap elementor-element-populated\">\n\t\t\t\t\t\t\t<div class=\"elementor-widget-wrap\">\n\t\t\t\t\t\t<div class=\"elementor-element elementor-element-ddf81b7 elementor-widget elementor-widget-text-editor\" data-id=\"ddf81b7\" data-element_type=\"widget\" data-widget_type=\"text-editor.default\">\n\t\t\t\t<div class=\"elementor-widget-container\">\n\t\t\t\t\t<div class=\"elementor-text-editor elementor-clearfix\"><div><p class=\"Predeterminado\"><span lang=\"ES-TRAD\">Las Casas de Acogida como parte de la protecci\u00f3n que otorgan, prestan los siguientes servicios: hospedaje y alimentaci\u00f3n, atenci\u00f3<\/span><span lang=\"IT\">n psicol<\/span><span lang=\"ES-TRAD\">\u00f3gica y social, apoyo en reinserci\u00f3n laboral, atenci\u00f3n legal y en salud. <\/span><\/p><\/div><\/div>\n\t\t\t\t<\/div>\n\t\t\t\t<\/div>\n\t\t\t\t\t\t<\/div>\n\t\t\t\t\t<\/div>\n\t\t<\/div>\n\t\t\t\t\t\t\t\t<\/div>\n\t\t\t\t\t<\/div>\n\t\t<\/section>\n\t\t\t\t<section class=\"elementor-section elementor-top-section elementor-element elementor-element-bed098b elementor-section-boxed elementor-section-height-default elementor-section-height-default\" data-id=\"bed098b\" data-element_type=\"section\">\n\t\t\t\t\t\t<div class=\"elementor-container elementor-column-gap-default\">\n\t\t\t\t\t\t\t<div class=\"elementor-row\">\n\t\t\t\t\t<div class=\"elementor-column elementor-col-100 elementor-top-column elementor-element elementor-element-8b620b6\" data-id=\"8b620b6\" data-element_type=\"column\">\n\t\t\t<div class=\"elementor-column-wrap elementor-element-populated\">\n\t\t\t\t\t\t\t<div class=\"elementor-widget-wrap\">\n\t\t\t\t\t\t<div class=\"elementor-element elementor-element-cbf9d0b elementor-widget elementor-widget-heading\" data-id=\"cbf9d0b\" data-element_type=\"widget\" data-widget_type=\"heading.default\">\n\t\t\t\t<div class=\"elementor-widget-container\">\n\t\t\t<h2 class=\"elementor-heading-title elementor-size-default\">4.1. Atenci\u00f3n psicol\u00f3gica y social <\/h2>\t\t<\/div>\n\t\t\t\t<\/div>\n\t\t\t\t\t\t<\/div>\n\t\t\t\t\t<\/div>\n\t\t<\/div>\n\t\t\t\t\t\t\t\t<\/div>\n\t\t\t\t\t<\/div>\n\t\t<\/section>\n\t\t\t\t<section class=\"elementor-section elementor-top-section elementor-element elementor-element-12a75d2 elementor-section-boxed elementor-section-height-default elementor-section-height-default\" data-id=\"12a75d2\" data-element_type=\"section\">\n\t\t\t\t\t\t<div class=\"elementor-container elementor-column-gap-default\">\n\t\t\t\t\t\t\t<div class=\"elementor-row\">\n\t\t\t\t\t<div class=\"elementor-column elementor-col-100 elementor-top-column elementor-element elementor-element-a01960b\" data-id=\"a01960b\" data-element_type=\"column\">\n\t\t\t<div class=\"elementor-column-wrap elementor-element-populated\">\n\t\t\t\t\t\t\t<div class=\"elementor-widget-wrap\">\n\t\t\t\t\t\t<div class=\"elementor-element elementor-element-215314a elementor-widget elementor-widget-text-editor\" data-id=\"215314a\" data-element_type=\"widget\" data-widget_type=\"text-editor.default\">\n\t\t\t\t<div class=\"elementor-widget-container\">\n\t\t\t\t\t<div class=\"elementor-text-editor elementor-clearfix\"><p>La Casa de Acogida debe elaborar un programa de atenci\u00f3n psicol\u00f3gica dirigida a tratar el estr\u00e9s pos-traum\u00e1tico en coordinaci\u00f3n con la atenci\u00f3n m\u00e9dica.<\/p><p>La atenci\u00f3n psicol\u00f3gica debe ser individual y grupal. Se tendr\u00e1n grupos de apoyo seg\u00fan la edad, incluyendo las ni\u00f1as, ni\u00f1os menores de 18 a\u00f1os. Para garantizar la atenci\u00f3n especializada se debe brindar servicios de psicolog\u00eda infantil, en coordinaci\u00f3n con las DNAs.<\/p><p>Adicionalmente se debe:<\/p><ul><li>Asegurar la continuidad del proceso escolar de las hijas e hijos de las mujeres acogidas en el programa. <br \/><br \/><\/li><li>Proteger la fuente de trabajo de las mujeres que se encuentren trabajando antes de ingresar al programa. <br \/><br \/><\/li><\/ul><p>Asegurar que las mujeres que desarrollan actividades econ\u00f3micas por cuenta propia, contin\u00faen con sus actividades desde la Casa de Acogida.<\/p><\/div>\n\t\t\t\t<\/div>\n\t\t\t\t<\/div>\n\t\t\t\t\t\t<\/div>\n\t\t\t\t\t<\/div>\n\t\t<\/div>\n\t\t\t\t\t\t\t\t<\/div>\n\t\t\t\t\t<\/div>\n\t\t<\/section>\n\t\t\t\t<section class=\"elementor-section elementor-top-section elementor-element elementor-element-3534bbb elementor-section-boxed elementor-section-height-default elementor-section-height-default\" data-id=\"3534bbb\" data-element_type=\"section\">\n\t\t\t\t\t\t<div class=\"elementor-container elementor-column-gap-default\">\n\t\t\t\t\t\t\t<div class=\"elementor-row\">\n\t\t\t\t\t<div class=\"elementor-column elementor-col-100 elementor-top-column elementor-element elementor-element-3900669\" data-id=\"3900669\" data-element_type=\"column\">\n\t\t\t<div class=\"elementor-column-wrap elementor-element-populated\">\n\t\t\t\t\t\t\t<div class=\"elementor-widget-wrap\">\n\t\t\t\t\t\t<div class=\"elementor-element elementor-element-e17f8bc elementor-widget elementor-widget-heading\" data-id=\"e17f8bc\" data-element_type=\"widget\" data-widget_type=\"heading.default\">\n\t\t\t\t<div class=\"elementor-widget-container\">\n\t\t\t<h2 class=\"elementor-heading-title elementor-size-default\">4.2. Reinserci\u00f3n laboral <\/h2>\t\t<\/div>\n\t\t\t\t<\/div>\n\t\t\t\t\t\t<\/div>\n\t\t\t\t\t<\/div>\n\t\t<\/div>\n\t\t\t\t\t\t\t\t<\/div>\n\t\t\t\t\t<\/div>\n\t\t<\/section>\n\t\t\t\t<section class=\"elementor-section elementor-top-section elementor-element elementor-element-334783b elementor-section-boxed elementor-section-height-default elementor-section-height-default\" data-id=\"334783b\" data-element_type=\"section\">\n\t\t\t\t\t\t<div class=\"elementor-container elementor-column-gap-default\">\n\t\t\t\t\t\t\t<div class=\"elementor-row\">\n\t\t\t\t\t<div class=\"elementor-column elementor-col-100 elementor-top-column elementor-element elementor-element-1d5edfe\" data-id=\"1d5edfe\" data-element_type=\"column\">\n\t\t\t<div class=\"elementor-column-wrap elementor-element-populated\">\n\t\t\t\t\t\t\t<div class=\"elementor-widget-wrap\">\n\t\t\t\t\t\t<div class=\"elementor-element elementor-element-ceec43b elementor-widget elementor-widget-text-editor\" data-id=\"ceec43b\" data-element_type=\"widget\" data-widget_type=\"text-editor.default\">\n\t\t\t\t<div class=\"elementor-widget-container\">\n\t\t\t\t\t<div class=\"elementor-text-editor elementor-clearfix\"><p>Se debe elaborar un programa que genere oportunidades para que la mujer v\u00edctima de VRG que no tiene trabajo o que lo perdi\u00f3 producto del proceso de violencia, pueda lograr una nueva colocaci\u00f3n laboral o habilidades para buscar una.<\/p><p>El personal que desarrollar\u00e1 estas actividades podr\u00e1 estar conformado por una red de personas voluntarias y dirigido por la trabajadora social. Se debe promover que la mujer v\u00edctima de VRG logre autonom\u00eda econ\u00f3mica como una forma para lograr su autonom\u00eda.<\/p><p>La Responsable de la Casa de Acogida debe realizar las gestiones necesarias para implementar este programa, como la suscripci\u00f3n de convenios interinstitucionales, alianzas con actores locales y otros.<\/p><p>El programa que se desarrolle debe atender a las caracter\u00edsticas y posibilidades locales. Entre otros se sugieren los siguientes alcances:<\/p><ul><li>Alfabetizaci\u00f3n para las mujeres que no saben leer y escribir.<\/li><li>Apoyo en elaboraci\u00f3n de presupuestos, costos y administraci\u00f3n para iniciativas productivas.<\/li><li>Orientaci\u00f3n en la b\u00fasqueda de mercados internos y externos para la comercializaci\u00f3n de productos que puedan elaborar.<\/li><li>Capacitaci\u00f3n en el desarrollo de habilidades, t\u00e9cnicas y conocimientos para el desempe\u00f1o de una actividad laboral o productiva.<\/li><\/ul><\/div>\n\t\t\t\t<\/div>\n\t\t\t\t<\/div>\n\t\t\t\t\t\t<\/div>\n\t\t\t\t\t<\/div>\n\t\t<\/div>\n\t\t\t\t\t\t\t\t<\/div>\n\t\t\t\t\t<\/div>\n\t\t<\/section>\n\t\t\t\t<section class=\"elementor-section elementor-top-section elementor-element elementor-element-9f0feb5 elementor-section-boxed elementor-section-height-default elementor-section-height-default\" data-id=\"9f0feb5\" data-element_type=\"section\">\n\t\t\t\t\t\t<div class=\"elementor-container elementor-column-gap-default\">\n\t\t\t\t\t\t\t<div class=\"elementor-row\">\n\t\t\t\t\t<div class=\"elementor-column elementor-col-100 elementor-top-column elementor-element elementor-element-5c8bc52\" data-id=\"5c8bc52\" data-element_type=\"column\">\n\t\t\t<div class=\"elementor-column-wrap elementor-element-populated\">\n\t\t\t\t\t\t\t<div class=\"elementor-widget-wrap\">\n\t\t\t\t\t\t<div class=\"elementor-element elementor-element-7a1ce20 elementor-widget elementor-widget-heading\" data-id=\"7a1ce20\" data-element_type=\"widget\" data-widget_type=\"heading.default\">\n\t\t\t\t<div class=\"elementor-widget-container\">\n\t\t\t<h2 class=\"elementor-heading-title elementor-size-default\">4.3. Atenci\u00f3n legal <\/h2>\t\t<\/div>\n\t\t\t\t<\/div>\n\t\t\t\t\t\t<\/div>\n\t\t\t\t\t<\/div>\n\t\t<\/div>\n\t\t\t\t\t\t\t\t<\/div>\n\t\t\t\t\t<\/div>\n\t\t<\/section>\n\t\t\t\t<section class=\"elementor-section elementor-top-section elementor-element elementor-element-a8cdf5e elementor-section-boxed elementor-section-height-default elementor-section-height-default\" data-id=\"a8cdf5e\" data-element_type=\"section\">\n\t\t\t\t\t\t<div class=\"elementor-container elementor-column-gap-default\">\n\t\t\t\t\t\t\t<div class=\"elementor-row\">\n\t\t\t\t\t<div class=\"elementor-column elementor-col-100 elementor-top-column elementor-element elementor-element-c69681c\" data-id=\"c69681c\" data-element_type=\"column\">\n\t\t\t<div class=\"elementor-column-wrap elementor-element-populated\">\n\t\t\t\t\t\t\t<div class=\"elementor-widget-wrap\">\n\t\t\t\t\t\t<div class=\"elementor-element elementor-element-acc2a8d elementor-widget elementor-widget-text-editor\" data-id=\"acc2a8d\" data-element_type=\"widget\" data-widget_type=\"text-editor.default\">\n\t\t\t\t<div class=\"elementor-widget-container\">\n\t\t\t\t\t<div class=\"elementor-text-editor elementor-clearfix\"><div>\n<p class=\"Predeterminado\"><span lang=\"ES-TRAD\">La Casa de Acogida debe prestar servicios legales de orientaci\u00f3n a la v<\/span><span lang=\"PT\">\u00ed<\/span><span lang=\"ES-TRAD\">ctima de VRG, en relaci\u00f3n a su situaci\u00f3n personal, familiar y patrimonial, y de definirlo ella, proseguir el proceso contra su agresor, e iniciar y proseguir procesos de asistencia familiar e investigaci\u00f3n de paternidad.<\/span><\/p>\n<p class=\"Predeterminado\"><span lang=\"ES-TRAD\">Este servicio puede ser brindado por personal de la Casa de Acogida, si los tiene, o por profesionales de los SLIMs, el SEPDAVI, el SIJPLU u otras instituciones, en base a acuerdos que se tengan suscritos. <\/span><\/p>\n<\/div>\n<div>\n<p class=\"Predeterminado\"><span lang=\"ES-TRAD\">Se debe lograr que las mujeres v<\/span><span lang=\"PT\">\u00ed<\/span><span lang=\"ES-TRAD\">ctimas de VRG en las casas de acogida est<\/span><span lang=\"FR\">\u00e9<\/span><span lang=\"ES-TRAD\">n informadas de su situaci\u00f3n legal y tengan seguridad sobre el desarrollo de su proceso jur<\/span><span lang=\"PT\">\u00ed<\/span><span lang=\"ES-TRAD\">dico y su participaci\u00f3<\/span><span lang=\"NL\">n en <\/span><span lang=\"FR\">\u00e9<\/span><span lang=\"PT\">l. <\/span><\/p>\n<\/div><\/div>\n\t\t\t\t<\/div>\n\t\t\t\t<\/div>\n\t\t\t\t\t\t<\/div>\n\t\t\t\t\t<\/div>\n\t\t<\/div>\n\t\t\t\t\t\t\t\t<\/div>\n\t\t\t\t\t<\/div>\n\t\t<\/section>\n\t\t\t\t<section class=\"elementor-section elementor-top-section elementor-element elementor-element-ad4bea6 elementor-section-boxed elementor-section-height-default elementor-section-height-default\" data-id=\"ad4bea6\" data-element_type=\"section\">\n\t\t\t\t\t\t<div class=\"elementor-container elementor-column-gap-default\">\n\t\t\t\t\t\t\t<div class=\"elementor-row\">\n\t\t\t\t\t<div class=\"elementor-column elementor-col-100 elementor-top-column elementor-element elementor-element-482b672\" data-id=\"482b672\" data-element_type=\"column\">\n\t\t\t<div class=\"elementor-column-wrap elementor-element-populated\">\n\t\t\t\t\t\t\t<div class=\"elementor-widget-wrap\">\n\t\t\t\t\t\t<div class=\"elementor-element elementor-element-d4344e8 elementor-widget elementor-widget-heading\" data-id=\"d4344e8\" data-element_type=\"widget\" data-widget_type=\"heading.default\">\n\t\t\t\t<div class=\"elementor-widget-container\">\n\t\t\t<h2 class=\"elementor-heading-title elementor-size-default\">4.4. Atenci\u00f3n en salud <\/h2>\t\t<\/div>\n\t\t\t\t<\/div>\n\t\t\t\t\t\t<\/div>\n\t\t\t\t\t<\/div>\n\t\t<\/div>\n\t\t\t\t\t\t\t\t<\/div>\n\t\t\t\t\t<\/div>\n\t\t<\/section>\n\t\t\t\t<section class=\"elementor-section elementor-top-section elementor-element elementor-element-8fff44b elementor-section-boxed elementor-section-height-default elementor-section-height-default\" data-id=\"8fff44b\" data-element_type=\"section\">\n\t\t\t\t\t\t<div class=\"elementor-container elementor-column-gap-default\">\n\t\t\t\t\t\t\t<div class=\"elementor-row\">\n\t\t\t\t\t<div class=\"elementor-column elementor-col-100 elementor-top-column elementor-element elementor-element-1d40b65\" data-id=\"1d40b65\" data-element_type=\"column\">\n\t\t\t<div class=\"elementor-column-wrap elementor-element-populated\">\n\t\t\t\t\t\t\t<div class=\"elementor-widget-wrap\">\n\t\t\t\t\t\t<div class=\"elementor-element elementor-element-657074f elementor-widget elementor-widget-text-editor\" data-id=\"657074f\" data-element_type=\"widget\" data-widget_type=\"text-editor.default\">\n\t\t\t\t<div class=\"elementor-widget-container\">\n\t\t\t\t\t<div class=\"elementor-text-editor elementor-clearfix\"><div><p class=\"Predeterminado\"><span lang=\"ES-TRAD\">La atenci\u00f3n en salud ser<\/span><span lang=\"PT\">\u00e1 <\/span><span lang=\"ES-TRAD\">prestada en coordinaci\u00f3n con los establecimientos de salud p<\/span><span lang=\"PT\">\u00fa<\/span><span lang=\"ES-TRAD\">blicos o instituciones con las que se tengan acuerdos. <\/span><\/p><\/div><div><p class=\"Predeterminado\"><span lang=\"ES-TRAD\">La Responsable de la Casa debe resguardar que la atenci\u00f3n de salud sea \u00f3ptima y que se lleven los expedientes de control necesarios, en los que consten la atenci\u00f3<\/span><span lang=\"PT\">n prestada. <\/span><\/p><\/div><\/div>\n\t\t\t\t<\/div>\n\t\t\t\t<\/div>\n\t\t\t\t\t\t<\/div>\n\t\t\t\t\t<\/div>\n\t\t<\/div>\n\t\t\t\t\t\t\t\t<\/div>\n\t\t\t\t\t<\/div>\n\t\t<\/section>\n\t\t\t\t\t\t<\/div>\n\t\t\t\t\t\t<\/div>\n\t\t\t\t\t<\/div>\n\t\t","protected":false},"excerpt":{"rendered":"<p>Las Casas de Acogida como parte de la protecci\u00f3n que otorgan, prestan los siguientes servicios: hospedaje y alimentaci\u00f3n, atenci\u00f3n psicol\u00f3gica y social, apoyo en reinserci\u00f3n laboral, atenci\u00f3n legal y en salud. 4.1. Atenci\u00f3n psicol\u00f3gica y social La Casa de Acogida debe elaborar un programa de atenci\u00f3n psicol\u00f3gica dirigida a tratar el estr\u00e9s pos-traum\u00e1tico en coordinaci\u00f3n &hellip;<\/p>\n<p class=\"read-more\"> <a class=\"\" href=\"https:\/\/alvi.centrojuanaazurduy.org\/index.php\/capitulo-iv-servicios-de-las-casas-de-acogida\/\"> <span class=\"screen-reader-text\">Cap\u00edtulo IV : SERVICIOS DE LAS CASAS DE ACOGIDA<\/span> Leer m\u00e1s &raquo;<\/a><\/p>\n","protected":false},"author":1,"featured_media":0,"comment_status":"closed","ping_status":"closed","sticky":false,"template":"","format":"standard","meta":{"footnotes":""},"categories":[2],"tags":[],"class_list":["post-414","post","type-post","status-publish","format-standard","hentry","category-casas-de-acogida"],"_links":{"self":[{"href":"https:\/\/alvi.centrojuanaazurduy.org\/index.php\/wp-json\/wp\/v2\/posts\/414","targetHints":{"allow":["GET"]}}],"collection":[{"href":"https:\/\/alvi.centrojuanaazurduy.org\/index.php\/wp-json\/wp\/v2\/posts"}],"about":[{"href":"https:\/\/alvi.centrojuanaazurduy.org\/index.php\/wp-json\/wp\/v2\/types\/post"}],"author":[{"embeddable":true,"href":"https:\/\/alvi.centrojuanaazurduy.org\/index.php\/wp-json\/wp\/v2\/users\/1"}],"replies":[{"embeddable":true,"href":"https:\/\/alvi.centrojuanaazurduy.org\/index.php\/wp-json\/wp\/v2\/comments?post=414"}],"version-history":[{"count":6,"href":"https:\/\/alvi.centrojuanaazurduy.org\/index.php\/wp-json\/wp\/v2\/posts\/414\/revisions"}],"predecessor-version":[{"id":4622,"href":"https:\/\/alvi.centrojuanaazurduy.org\/index.php\/wp-json\/wp\/v2\/posts\/414\/revisions\/4622"}],"wp:attachment":[{"href":"https:\/\/alvi.centrojuanaazurduy.org\/index.php\/wp-json\/wp\/v2\/media?parent=414"}],"wp:term":[{"taxonomy":"category","embeddable":true,"href":"https:\/\/alvi.centrojuanaazurduy.org\/index.php\/wp-json\/wp\/v2\/categories?post=414"},{"taxonomy":"post_tag","embeddable":true,"href":"https:\/\/alvi.centrojuanaazurduy.org\/index.php\/wp-json\/wp\/v2\/tags?post=414"}],"curies":[{"name":"wp","href":"https:\/\/api.w.org\/{rel}","templated":true}]}}