{"id":393,"date":"2020-11-23T21:13:03","date_gmt":"2020-11-24T01:13:03","guid":{"rendered":"http:\/\/gavvi.monstruoestudio.com\/?p=393"},"modified":"2021-06-02T15:35:25","modified_gmt":"2021-06-02T19:35:25","slug":"capitulo-iii-casa-de-acogida-y-casa-comunitaria","status":"publish","type":"post","link":"https:\/\/alvi.centrojuanaazurduy.org\/index.php\/capitulo-iii-casa-de-acogida-y-casa-comunitaria\/","title":{"rendered":"Cap\u00edtulo III : CASA DE ACOGIDA Y CASA COMUNITARIA"},"content":{"rendered":"\t\t<div data-elementor-type=\"wp-post\" data-elementor-id=\"393\" class=\"elementor elementor-393\" data-elementor-settings=\"[]\">\n\t\t\t\t\t\t<div class=\"elementor-inner\">\n\t\t\t\t\t\t\t<div class=\"elementor-section-wrap\">\n\t\t\t\t\t\t\t<section class=\"elementor-section elementor-top-section elementor-element elementor-element-68f9723 elementor-section-boxed elementor-section-height-default elementor-section-height-default\" data-id=\"68f9723\" data-element_type=\"section\">\n\t\t\t\t\t\t<div class=\"elementor-container elementor-column-gap-default\">\n\t\t\t\t\t\t\t<div class=\"elementor-row\">\n\t\t\t\t\t<div class=\"elementor-column elementor-col-100 elementor-top-column elementor-element elementor-element-fe4b90d\" data-id=\"fe4b90d\" data-element_type=\"column\">\n\t\t\t<div class=\"elementor-column-wrap elementor-element-populated\">\n\t\t\t\t\t\t\t<div class=\"elementor-widget-wrap\">\n\t\t\t\t\t\t<div class=\"elementor-element elementor-element-7211c83 elementor-widget elementor-widget-theme-post-title elementor-page-title elementor-widget-heading\" data-id=\"7211c83\" data-element_type=\"widget\" data-widget_type=\"theme-post-title.default\">\n\t\t\t\t<div class=\"elementor-widget-container\">\n\t\t\t<h1 class=\"elementor-heading-title elementor-size-default\">Cap\u00edtulo III : CASA DE ACOGIDA Y CASA COMUNITARIA<\/h1>\t\t<\/div>\n\t\t\t\t<\/div>\n\t\t\t\t\t\t<\/div>\n\t\t\t\t\t<\/div>\n\t\t<\/div>\n\t\t\t\t\t\t\t\t<\/div>\n\t\t\t\t\t<\/div>\n\t\t<\/section>\n\t\t\t\t<section class=\"elementor-section elementor-top-section elementor-element elementor-element-7ae2098 elementor-section-boxed elementor-section-height-default elementor-section-height-default\" data-id=\"7ae2098\" data-element_type=\"section\">\n\t\t\t\t\t\t<div class=\"elementor-container elementor-column-gap-default\">\n\t\t\t\t\t\t\t<div class=\"elementor-row\">\n\t\t\t\t\t<div class=\"elementor-column elementor-col-100 elementor-top-column elementor-element elementor-element-1152658\" data-id=\"1152658\" data-element_type=\"column\">\n\t\t\t<div class=\"elementor-column-wrap elementor-element-populated\">\n\t\t\t\t\t\t\t<div class=\"elementor-widget-wrap\">\n\t\t\t\t\t\t<div class=\"elementor-element elementor-element-f259883 elementor-widget elementor-widget-heading\" data-id=\"f259883\" data-element_type=\"widget\" data-widget_type=\"heading.default\">\n\t\t\t\t<div class=\"elementor-widget-container\">\n\t\t\t<h2 class=\"elementor-heading-title elementor-size-default\">3.1. \u00bfQu\u00e9 es una Casa de Acogida? <\/h2>\t\t<\/div>\n\t\t\t\t<\/div>\n\t\t\t\t\t\t<\/div>\n\t\t\t\t\t<\/div>\n\t\t<\/div>\n\t\t\t\t\t\t\t\t<\/div>\n\t\t\t\t\t<\/div>\n\t\t<\/section>\n\t\t\t\t<section class=\"elementor-section elementor-top-section elementor-element elementor-element-5edad7f elementor-section-boxed elementor-section-height-default elementor-section-height-default\" data-id=\"5edad7f\" data-element_type=\"section\">\n\t\t\t\t\t\t<div class=\"elementor-container elementor-column-gap-default\">\n\t\t\t\t\t\t\t<div class=\"elementor-row\">\n\t\t\t\t\t<div class=\"elementor-column elementor-col-100 elementor-top-column elementor-element elementor-element-39ba830\" data-id=\"39ba830\" data-element_type=\"column\">\n\t\t\t<div class=\"elementor-column-wrap elementor-element-populated\">\n\t\t\t\t\t\t\t<div class=\"elementor-widget-wrap\">\n\t\t\t\t\t\t<div class=\"elementor-element elementor-element-eb68737 elementor-widget elementor-widget-text-editor\" data-id=\"eb68737\" data-element_type=\"widget\" data-widget_type=\"text-editor.default\">\n\t\t\t\t<div class=\"elementor-widget-container\">\n\t\t\t\t\t<div class=\"elementor-text-editor elementor-clearfix\"><div>\n<p class=\"Predeterminado\"><span lang=\"ES-TRAD\">La Casa de Acogida es el espacio para albergar a mujeres en situaci\u00f3n de alto riesgo de sufrir violencia extrema o vital, cuando dejan su hogar para protegerse o son echadas de \u00e9l por el marido, pareja, concubino o sus familiares. La Casa de Acogida permite brindar protecci\u00f3n a la v<\/span><span lang=\"PT\">\u00ed<\/span><span lang=\"ES-TRAD\">ctima alej<\/span><span lang=\"PT\">\u00e1<\/span><span lang=\"ES-TRAD\">ndola de su agresor. <\/span><\/p>\n<\/div>\n<div>\n<p class=\"Predeterminado\">\n<\/p><\/div><\/div>\n\t\t\t\t<\/div>\n\t\t\t\t<\/div>\n\t\t\t\t\t\t<\/div>\n\t\t\t\t\t<\/div>\n\t\t<\/div>\n\t\t\t\t\t\t\t\t<\/div>\n\t\t\t\t\t<\/div>\n\t\t<\/section>\n\t\t\t\t<section class=\"elementor-section elementor-top-section elementor-element elementor-element-cf6aa3d elementor-section-boxed elementor-section-height-default elementor-section-height-default\" data-id=\"cf6aa3d\" data-element_type=\"section\">\n\t\t\t\t\t\t<div class=\"elementor-container elementor-column-gap-default\">\n\t\t\t\t\t\t\t<div class=\"elementor-row\">\n\t\t\t\t\t<div class=\"elementor-column elementor-col-100 elementor-top-column elementor-element elementor-element-50d2ced\" data-id=\"50d2ced\" data-element_type=\"column\">\n\t\t\t<div class=\"elementor-column-wrap elementor-element-populated\">\n\t\t\t\t\t\t\t<div class=\"elementor-widget-wrap\">\n\t\t\t\t\t\t<div class=\"elementor-element elementor-element-c76043d elementor-widget elementor-widget-heading\" data-id=\"c76043d\" data-element_type=\"widget\" data-widget_type=\"heading.default\">\n\t\t\t\t<div class=\"elementor-widget-container\">\n\t\t\t<h2 class=\"elementor-heading-title elementor-size-default\">3.2. \u00bfQu\u00e9 instancias pueden derivar a la v\u00edctima de VRG a una Casa de Acogida? <\/h2>\t\t<\/div>\n\t\t\t\t<\/div>\n\t\t\t\t\t\t<\/div>\n\t\t\t\t\t<\/div>\n\t\t<\/div>\n\t\t\t\t\t\t\t\t<\/div>\n\t\t\t\t\t<\/div>\n\t\t<\/section>\n\t\t\t\t<section class=\"elementor-section elementor-top-section elementor-element elementor-element-d358321 elementor-section-boxed elementor-section-height-default elementor-section-height-default\" data-id=\"d358321\" data-element_type=\"section\">\n\t\t\t\t\t\t<div class=\"elementor-container elementor-column-gap-default\">\n\t\t\t\t\t\t\t<div class=\"elementor-row\">\n\t\t\t\t\t<div class=\"elementor-column elementor-col-100 elementor-top-column elementor-element elementor-element-d78f7a4\" data-id=\"d78f7a4\" data-element_type=\"column\">\n\t\t\t<div class=\"elementor-column-wrap elementor-element-populated\">\n\t\t\t\t\t\t\t<div class=\"elementor-widget-wrap\">\n\t\t\t\t\t\t<div class=\"elementor-element elementor-element-1eb4930 elementor-widget elementor-widget-text-editor\" data-id=\"1eb4930\" data-element_type=\"widget\" data-widget_type=\"text-editor.default\">\n\t\t\t\t<div class=\"elementor-widget-container\">\n\t\t\t\t\t<div class=\"elementor-text-editor elementor-clearfix\"><div><p class=\"Predeterminado\"><span lang=\"ES-TRAD\">El SLIM, la FELCV o la instituci\u00f3n promotora de la denuncia a la que recurri<\/span><span lang=\"PT\">\u00f3 <\/span><span lang=\"ES-TRAD\">la mujer v<\/span><span lang=\"PT\">\u00ed<\/span><span lang=\"ES-TRAD\">ctima de VRG, cuando exista riesgo que la violencia continu<\/span><span lang=\"FR\">\u00e9 <\/span><span lang=\"ES-TRAD\">o se agrave, la v<\/span><span lang=\"PT\">\u00ed<\/span><span lang=\"ES-TRAD\">ctima no cuente con una red familiar ni social que la apoye y no exista otra forma de garantizar su protecci\u00f3n y seguridad. <\/span><\/p><\/div><div><p class=\"Predeterminado\"><span lang=\"ES-TRAD\">El SLIM, la FELCV o la instituci\u00f3n promotora de la denuncia es quien debe valorar el riesgo y remitir a la v<\/span><span lang=\"PT\">\u00ed<\/span><span lang=\"ES-TRAD\">ctima de VRG a la Casa de Acogida cuando lo considere necesario. <\/span><\/p><\/div><div><p class=\"Predeterminado\"><span lang=\"ES-TRAD\">La derivaci\u00f3n se realiza mediante una nota escrita solicitando la protecci\u00f3n y adjuntando su valoraci\u00f3<\/span><span lang=\"PT\">n. <\/span><\/p><\/div><\/div>\n\t\t\t\t<\/div>\n\t\t\t\t<\/div>\n\t\t\t\t\t\t<\/div>\n\t\t\t\t\t<\/div>\n\t\t<\/div>\n\t\t\t\t\t\t\t\t<\/div>\n\t\t\t\t\t<\/div>\n\t\t<\/section>\n\t\t\t\t<section class=\"elementor-section elementor-top-section elementor-element elementor-element-2eed76e elementor-section-boxed elementor-section-height-default elementor-section-height-default\" data-id=\"2eed76e\" data-element_type=\"section\">\n\t\t\t\t\t\t<div class=\"elementor-container elementor-column-gap-default\">\n\t\t\t\t\t\t\t<div class=\"elementor-row\">\n\t\t\t\t\t<div class=\"elementor-column elementor-col-100 elementor-top-column elementor-element elementor-element-bab38d4\" data-id=\"bab38d4\" data-element_type=\"column\">\n\t\t\t<div class=\"elementor-column-wrap elementor-element-populated\">\n\t\t\t\t\t\t\t<div class=\"elementor-widget-wrap\">\n\t\t\t\t\t\t<div class=\"elementor-element elementor-element-055d246 elementor-widget elementor-widget-heading\" data-id=\"055d246\" data-element_type=\"widget\" data-widget_type=\"heading.default\">\n\t\t\t\t<div class=\"elementor-widget-container\">\n\t\t\t<h2 class=\"elementor-heading-title elementor-size-default\">3.3. \u00bfQu\u00e9 personas son beneficiaras del servicio de la Casa de Acogida? <\/h2>\t\t<\/div>\n\t\t\t\t<\/div>\n\t\t\t\t\t\t<\/div>\n\t\t\t\t\t<\/div>\n\t\t<\/div>\n\t\t\t\t\t\t\t\t<\/div>\n\t\t\t\t\t<\/div>\n\t\t<\/section>\n\t\t\t\t<section class=\"elementor-section elementor-top-section elementor-element elementor-element-5b80790 elementor-section-boxed elementor-section-height-default elementor-section-height-default\" data-id=\"5b80790\" data-element_type=\"section\">\n\t\t\t\t\t\t<div class=\"elementor-container elementor-column-gap-default\">\n\t\t\t\t\t\t\t<div class=\"elementor-row\">\n\t\t\t\t\t<div class=\"elementor-column elementor-col-100 elementor-top-column elementor-element elementor-element-bacc56e\" data-id=\"bacc56e\" data-element_type=\"column\">\n\t\t\t<div class=\"elementor-column-wrap elementor-element-populated\">\n\t\t\t\t\t\t\t<div class=\"elementor-widget-wrap\">\n\t\t\t\t\t\t<div class=\"elementor-element elementor-element-5254cd4 elementor-widget elementor-widget-text-editor\" data-id=\"5254cd4\" data-element_type=\"widget\" data-widget_type=\"text-editor.default\">\n\t\t\t\t<div class=\"elementor-widget-container\">\n\t\t\t\t\t<div class=\"elementor-text-editor elementor-clearfix\"><p>La Casa de Acogida brindan atenci\u00f3n a:<\/p><ul><li>Mujeres adultas y adolescentes desde los 16 a\u00f1os que atraviesan por hechos de violencia.<\/li><li>Mujeres adultas y adolescentes que atravesaron por hechos de violencia y que requieran atenci\u00f3n terap\u00e9utica externa y no necesariamente una acogida temporal.<\/li><li>A sus hijos e hijas hasta los 18 a\u00f1os.<\/li><li>Excepcionalmente a sus hijos e hijas mayores de 18 a\u00f1os hasta los 21 a\u00f1os, s\u00f3lo si est\u00e1n bajo su dependencia y estudiando.<\/li><\/ul><p>Los ni\u00f1os y ni\u00f1as que acompa\u00f1en a sus madres en la situaci\u00f3n de acogida quedan bajo su responsabilidad. <br \/>Si la madre en situaci\u00f3n de acogida abandona a sus hijos, la responsable de la Casa de Acogida deber\u00e1 inmediatamente tramitar su traslado a un hogar especializado en coordinaci\u00f3n con la DNA.<\/p><\/div>\n\t\t\t\t<\/div>\n\t\t\t\t<\/div>\n\t\t\t\t\t\t<\/div>\n\t\t\t\t\t<\/div>\n\t\t<\/div>\n\t\t\t\t\t\t\t\t<\/div>\n\t\t\t\t\t<\/div>\n\t\t<\/section>\n\t\t\t\t<section class=\"elementor-section elementor-top-section elementor-element elementor-element-221e590 elementor-section-boxed elementor-section-height-default elementor-section-height-default\" data-id=\"221e590\" data-element_type=\"section\">\n\t\t\t\t\t\t<div class=\"elementor-container elementor-column-gap-default\">\n\t\t\t\t\t\t\t<div class=\"elementor-row\">\n\t\t\t\t\t<div class=\"elementor-column elementor-col-100 elementor-top-column elementor-element elementor-element-cb6d899\" data-id=\"cb6d899\" data-element_type=\"column\">\n\t\t\t<div class=\"elementor-column-wrap elementor-element-populated\">\n\t\t\t\t\t\t\t<div class=\"elementor-widget-wrap\">\n\t\t\t\t\t\t<div class=\"elementor-element elementor-element-27ff679 elementor-widget elementor-widget-heading\" data-id=\"27ff679\" data-element_type=\"widget\" data-widget_type=\"heading.default\">\n\t\t\t\t<div class=\"elementor-widget-container\">\n\t\t\t<h2 class=\"elementor-heading-title elementor-size-default\">3.4. \u00bfQu\u00e9 personas no pueden ser beneficiarias de las casa de acogida? <\/h2>\t\t<\/div>\n\t\t\t\t<\/div>\n\t\t\t\t\t\t<\/div>\n\t\t\t\t\t<\/div>\n\t\t<\/div>\n\t\t\t\t\t\t\t\t<\/div>\n\t\t\t\t\t<\/div>\n\t\t<\/section>\n\t\t\t\t<section class=\"elementor-section elementor-top-section elementor-element elementor-element-7c2ba5e elementor-section-boxed elementor-section-height-default elementor-section-height-default\" data-id=\"7c2ba5e\" data-element_type=\"section\">\n\t\t\t\t\t\t<div class=\"elementor-container elementor-column-gap-default\">\n\t\t\t\t\t\t\t<div class=\"elementor-row\">\n\t\t\t\t\t<div class=\"elementor-column elementor-col-100 elementor-top-column elementor-element elementor-element-2b5a3bc\" data-id=\"2b5a3bc\" data-element_type=\"column\">\n\t\t\t<div class=\"elementor-column-wrap elementor-element-populated\">\n\t\t\t\t\t\t\t<div class=\"elementor-widget-wrap\">\n\t\t\t\t\t\t<div class=\"elementor-element elementor-element-fa23e76 elementor-widget elementor-widget-text-editor\" data-id=\"fa23e76\" data-element_type=\"widget\" data-widget_type=\"text-editor.default\">\n\t\t\t\t<div class=\"elementor-widget-container\">\n\t\t\t\t\t<div class=\"elementor-text-editor elementor-clearfix\"><div><p class=\"Predeterminado\"><span lang=\"ES-TRAD\">La Casa de Acogida no puede brindar albergue a: <\/span><\/p><\/div><div><ul><li class=\"Predeterminado\"><span lang=\"ES-TRAD\">Mujeres con discapacidad extrema o grave que demande una atenci\u00f3n exclusiva por sus limitaciones. La evaluaci\u00f3n de la discapacidad depender<\/span><span lang=\"PT\">\u00e1 <\/span><span lang=\"ES-TRAD\">del personal especializado de la instancia promotora de la denuncia. <\/span><\/li><\/ul><\/div><div><ul><li class=\"Predeterminado\"><span lang=\"ES-TRAD\">Mujeres en situaci\u00f3n de calle con antecedentes de drogas o consumo de sustancias psicoadictivas u otras que no respondan a el funcionamiento del programa. <\/span><\/li><\/ul><\/div><\/div>\n\t\t\t\t<\/div>\n\t\t\t\t<\/div>\n\t\t\t\t\t\t<\/div>\n\t\t\t\t\t<\/div>\n\t\t<\/div>\n\t\t\t\t\t\t\t\t<\/div>\n\t\t\t\t\t<\/div>\n\t\t<\/section>\n\t\t\t\t<section class=\"elementor-section elementor-top-section elementor-element elementor-element-d07bbc0 elementor-section-boxed elementor-section-height-default elementor-section-height-default\" data-id=\"d07bbc0\" data-element_type=\"section\">\n\t\t\t\t\t\t<div class=\"elementor-container elementor-column-gap-default\">\n\t\t\t\t\t\t\t<div class=\"elementor-row\">\n\t\t\t\t\t<div class=\"elementor-column elementor-col-100 elementor-top-column elementor-element elementor-element-bf2a09d\" data-id=\"bf2a09d\" data-element_type=\"column\">\n\t\t\t<div class=\"elementor-column-wrap elementor-element-populated\">\n\t\t\t\t\t\t\t<div class=\"elementor-widget-wrap\">\n\t\t\t\t\t\t<div class=\"elementor-element elementor-element-35ffbc8 elementor-widget elementor-widget-heading\" data-id=\"35ffbc8\" data-element_type=\"widget\" data-widget_type=\"heading.default\">\n\t\t\t\t<div class=\"elementor-widget-container\">\n\t\t\t<h2 class=\"elementor-heading-title elementor-size-default\">3.5. Ingreso <\/h2>\t\t<\/div>\n\t\t\t\t<\/div>\n\t\t\t\t\t\t<\/div>\n\t\t\t\t\t<\/div>\n\t\t<\/div>\n\t\t\t\t\t\t\t\t<\/div>\n\t\t\t\t\t<\/div>\n\t\t<\/section>\n\t\t\t\t<section class=\"elementor-section elementor-top-section elementor-element elementor-element-9e52d38 elementor-section-boxed elementor-section-height-default elementor-section-height-default\" data-id=\"9e52d38\" data-element_type=\"section\">\n\t\t\t\t\t\t<div class=\"elementor-container elementor-column-gap-default\">\n\t\t\t\t\t\t\t<div class=\"elementor-row\">\n\t\t\t\t\t<div class=\"elementor-column elementor-col-100 elementor-top-column elementor-element elementor-element-f783ee4\" data-id=\"f783ee4\" data-element_type=\"column\">\n\t\t\t<div class=\"elementor-column-wrap elementor-element-populated\">\n\t\t\t\t\t\t\t<div class=\"elementor-widget-wrap\">\n\t\t\t\t\t\t<div class=\"elementor-element elementor-element-9dee555 elementor-widget elementor-widget-text-editor\" data-id=\"9dee555\" data-element_type=\"widget\" data-widget_type=\"text-editor.default\">\n\t\t\t\t<div class=\"elementor-widget-container\">\n\t\t\t\t\t<div class=\"elementor-text-editor elementor-clearfix\"><div><p class=\"Predeterminado\"><span lang=\"ES-TRAD\">Toda v<\/span><span lang=\"PT\">\u00ed<\/span><span lang=\"ES-TRAD\">ctima de VRG que acepta ir a una Casa de Acogida antes de ingresar debe conocer y aceptar las reglas de convivencia, el alcance del programa de acogida, las actividades que se desarrollan con las mujeres y con las ni\u00f1as y ni\u00f1os en ese lugar, comprometi<\/span><span lang=\"FR\">\u00e9<\/span><span lang=\"ES-TRAD\">ndose a cumplirlas y participar de ellas. <\/span><\/p><\/div><div><p class=\"Predeterminado\"><span lang=\"ES-TRAD\">Tambi<\/span><span lang=\"FR\">\u00e9<\/span><span lang=\"ES-TRAD\">n debe comprometerse a mantener la confidencialidad del lugar, no divulgando su ubicaci\u00f3<\/span><span lang=\"PT\">n. <\/span><\/p><\/div><div><p class=\"Predeterminado\"><span lang=\"ES-TRAD\">Para su ingreso la v<\/span><span lang=\"PT\">\u00ed<\/span><span lang=\"ES-TRAD\">ctima de VRG debe firmar un acuerdo de ingreso voluntario, que exprese su conformidad. <\/span><\/p><\/div><div><p class=\"Predeterminado\"><span lang=\"ES-TRAD\">Ingresada la v<\/span><span lang=\"PT\">\u00ed<\/span><span lang=\"ES-TRAD\">ctima de VRG, la Responsable de la Casa de Acogida debe informar al SLIM o la instancia promotora de la denuncia que la remiti\u00f3, y ella a su vez debe informar esta situaci\u00f3n al Fiscal y Juez que conozcan de la denuncia. <\/span><\/p><\/div><div><p class=\"Predeterminado\"><span lang=\"ES-TRAD\">El Juez del proceso penal debe ratificar la necesidad del ingreso de la v<\/span><span lang=\"PT\">\u00ed<\/span><span lang=\"ES-TRAD\">ctima a la Casa de acogida. <\/span><\/p><\/div><\/div>\n\t\t\t\t<\/div>\n\t\t\t\t<\/div>\n\t\t\t\t\t\t<\/div>\n\t\t\t\t\t<\/div>\n\t\t<\/div>\n\t\t\t\t\t\t\t\t<\/div>\n\t\t\t\t\t<\/div>\n\t\t<\/section>\n\t\t\t\t<section class=\"elementor-section elementor-top-section elementor-element elementor-element-be200ca elementor-section-boxed elementor-section-height-default elementor-section-height-default\" data-id=\"be200ca\" data-element_type=\"section\">\n\t\t\t\t\t\t<div class=\"elementor-container elementor-column-gap-default\">\n\t\t\t\t\t\t\t<div class=\"elementor-row\">\n\t\t\t\t\t<div class=\"elementor-column elementor-col-100 elementor-top-column elementor-element elementor-element-edb2ffb\" data-id=\"edb2ffb\" data-element_type=\"column\">\n\t\t\t<div class=\"elementor-column-wrap elementor-element-populated\">\n\t\t\t\t\t\t\t<div class=\"elementor-widget-wrap\">\n\t\t\t\t\t\t<div class=\"elementor-element elementor-element-758ce12 elementor-widget elementor-widget-heading\" data-id=\"758ce12\" data-element_type=\"widget\" data-widget_type=\"heading.default\">\n\t\t\t\t<div class=\"elementor-widget-container\">\n\t\t\t<h2 class=\"elementor-heading-title elementor-size-default\">3.6. Procedimiento a la llegada de la usuaria <\/h2>\t\t<\/div>\n\t\t\t\t<\/div>\n\t\t\t\t\t\t<\/div>\n\t\t\t\t\t<\/div>\n\t\t<\/div>\n\t\t\t\t\t\t\t\t<\/div>\n\t\t\t\t\t<\/div>\n\t\t<\/section>\n\t\t\t\t<section class=\"elementor-section elementor-top-section elementor-element elementor-element-07e9de0 elementor-section-boxed elementor-section-height-default elementor-section-height-default\" data-id=\"07e9de0\" data-element_type=\"section\">\n\t\t\t\t\t\t<div class=\"elementor-container elementor-column-gap-default\">\n\t\t\t\t\t\t\t<div class=\"elementor-row\">\n\t\t\t\t\t<div class=\"elementor-column elementor-col-100 elementor-top-column elementor-element elementor-element-34329a9\" data-id=\"34329a9\" data-element_type=\"column\">\n\t\t\t<div class=\"elementor-column-wrap elementor-element-populated\">\n\t\t\t\t\t\t\t<div class=\"elementor-widget-wrap\">\n\t\t\t\t\t\t<div class=\"elementor-element elementor-element-2750bfd elementor-widget elementor-widget-text-editor\" data-id=\"2750bfd\" data-element_type=\"widget\" data-widget_type=\"text-editor.default\">\n\t\t\t\t<div class=\"elementor-widget-container\">\n\t\t\t\t\t<div class=\"elementor-text-editor elementor-clearfix\"><p>La primera acogida a la usuaria es brindada por el personal t\u00e9cnico capacitado, quienes deber\u00e1n:<\/p><ul><li>Dar informaci\u00f3n sobre los servicios que se ofrecen.<\/li><li>Recepci\u00f3n de valoraci\u00f3n y formulario de la entidad que la remiti\u00f3.<\/li><li>Realizar un inventario de las pertenec\u00edas de la v\u00edctima que tengan un significativo valor econ\u00f3mico<\/li><li>Explicar de forma clara y sencilla las normas de convivencia, derechos <br \/>y deberes.<\/li><li>Mostrar la habitaci\u00f3n y ba\u00f1o que usar\u00e1 con sus hijos\/as.<\/li><li>Realizar el historial de salud de la usuaria y sus hijas\/os.<\/li><li>Indicar los pasos a seguir con la \/el psic\u00f3loga\/o y del \u00e1rea social y el \u00e1rea legal para continuar el proceso de acompa\u00f1amiento legal. Se tomar\u00e1n como ejemplos \u00fatiles los protocolos elaborados para el \u00e1rea social, psicol\u00f3gica y legal de los SLIMs.<\/li><\/ul><\/div>\n\t\t\t\t<\/div>\n\t\t\t\t<\/div>\n\t\t\t\t\t\t<\/div>\n\t\t\t\t\t<\/div>\n\t\t<\/div>\n\t\t\t\t\t\t\t\t<\/div>\n\t\t\t\t\t<\/div>\n\t\t<\/section>\n\t\t\t\t<section class=\"elementor-section elementor-top-section elementor-element elementor-element-c9e3c8d elementor-section-boxed elementor-section-height-default elementor-section-height-default\" data-id=\"c9e3c8d\" data-element_type=\"section\">\n\t\t\t\t\t\t<div class=\"elementor-container elementor-column-gap-default\">\n\t\t\t\t\t\t\t<div class=\"elementor-row\">\n\t\t\t\t\t<div class=\"elementor-column elementor-col-100 elementor-top-column elementor-element elementor-element-b577ffa\" data-id=\"b577ffa\" data-element_type=\"column\">\n\t\t\t<div class=\"elementor-column-wrap elementor-element-populated\">\n\t\t\t\t\t\t\t<div class=\"elementor-widget-wrap\">\n\t\t\t\t\t\t<div class=\"elementor-element elementor-element-439391c elementor-widget elementor-widget-heading\" data-id=\"439391c\" data-element_type=\"widget\" data-widget_type=\"heading.default\">\n\t\t\t\t<div class=\"elementor-widget-container\">\n\t\t\t<h2 class=\"elementor-heading-title elementor-size-default\">3.7. Etapa de valoraci\u00f3n <\/h2>\t\t<\/div>\n\t\t\t\t<\/div>\n\t\t\t\t\t\t<\/div>\n\t\t\t\t\t<\/div>\n\t\t<\/div>\n\t\t\t\t\t\t\t\t<\/div>\n\t\t\t\t\t<\/div>\n\t\t<\/section>\n\t\t\t\t<section class=\"elementor-section elementor-top-section elementor-element elementor-element-259e32c elementor-section-boxed elementor-section-height-default elementor-section-height-default\" data-id=\"259e32c\" data-element_type=\"section\">\n\t\t\t\t\t\t<div class=\"elementor-container elementor-column-gap-default\">\n\t\t\t\t\t\t\t<div class=\"elementor-row\">\n\t\t\t\t\t<div class=\"elementor-column elementor-col-100 elementor-top-column elementor-element elementor-element-1547454\" data-id=\"1547454\" data-element_type=\"column\">\n\t\t\t<div class=\"elementor-column-wrap elementor-element-populated\">\n\t\t\t\t\t\t\t<div class=\"elementor-widget-wrap\">\n\t\t\t\t\t\t<div class=\"elementor-element elementor-element-106fd3e elementor-widget elementor-widget-text-editor\" data-id=\"106fd3e\" data-element_type=\"widget\" data-widget_type=\"text-editor.default\">\n\t\t\t\t<div class=\"elementor-widget-container\">\n\t\t\t\t\t<div class=\"elementor-text-editor elementor-clearfix\"><div><p class=\"Predeterminado\"><span lang=\"ES-TRAD\">La valoraci\u00f3n es fundamental y se da a partir de la acci\u00f3n de las instituciones protectoras. <\/span><span lang=\"PT\"><br \/><\/span><span lang=\"ES-TRAD\">La instituci\u00f3n promotora de la denuncia que solicita la acogida, debe acompa\u00f1ar a la solicitud de ingreso de la v<\/span><span lang=\"PT\">\u00ed<\/span><span lang=\"ES-TRAD\">ctima de VRG su valoraci\u00f3n, que debe contener m<\/span><span lang=\"PT\">\u00ed<\/span><span lang=\"IT\">nimamente: <\/span><\/p><p><span style=\"font-size: 16px;\">&#8211; Historia de la Violencia (copia de la denuncia).<\/span><\/p><\/div><div><p class=\"Predeterminado\"><span lang=\"RU\">&#8211; <\/span><span lang=\"PT\">\u00a0<\/span><span lang=\"ES-TRAD\">Antecedentes educativos y ocupacionales de la v<\/span><span lang=\"PT\">\u00ed<\/span><span lang=\"ES-TRAD\">ctima y sus dependientes. <\/span><\/p><p><span lang=\"RU\" style=\"font-size: 16px;\">&#8211; <\/span><span lang=\"PT\" style=\"font-size: 16px;\">\u00a0<\/span><span lang=\"DE\" style=\"font-size: 16px;\">Informe m<\/span><span lang=\"FR\" style=\"font-size: 16px;\">\u00e9<\/span><span lang=\"PT\" style=\"font-size: 16px;\">dico.<\/span><\/p><\/div><div><p><span lang=\"RU\" style=\"font-size: 16px;\">&#8211; <\/span><span lang=\"PT\" style=\"font-size: 16px;\">\u00a0<\/span><span lang=\"IT\" style=\"font-size: 16px;\">Informe psicol<\/span><span lang=\"ES-TRAD\" style=\"font-size: 16px;\">\u00f3<\/span><span lang=\"IT\" style=\"font-size: 16px;\">gico.<\/span><\/p><\/div><div><p><span lang=\"RU\" style=\"font-size: 16px;\">&#8211; <\/span><span lang=\"PT\" style=\"font-size: 16px;\">\u00a0Informe social.<\/span><\/p><\/div><div><span lang=\"ES-TRAD\">Las entidades del <\/span>\u00e1<span lang=\"ES-TRAD\">rea pueden acordar el uso de formularios, notas est<\/span>\u00e1<span lang=\"ES-TRAD\">ndar u otros documentos, que necesariamente deben contener los datos se\u00f1alados. Los profesionales de la Casa de Acogida deben evitar someter a la v<\/span>\u00ed<span lang=\"ES-TRAD\">ctima a un interrogatorio reiterativo.<\/span><\/div><\/div>\n\t\t\t\t<\/div>\n\t\t\t\t<\/div>\n\t\t\t\t\t\t<\/div>\n\t\t\t\t\t<\/div>\n\t\t<\/div>\n\t\t\t\t\t\t\t\t<\/div>\n\t\t\t\t\t<\/div>\n\t\t<\/section>\n\t\t\t\t<section class=\"elementor-section elementor-top-section elementor-element elementor-element-3721915 elementor-section-boxed elementor-section-height-default elementor-section-height-default\" data-id=\"3721915\" data-element_type=\"section\">\n\t\t\t\t\t\t<div class=\"elementor-container elementor-column-gap-default\">\n\t\t\t\t\t\t\t<div class=\"elementor-row\">\n\t\t\t\t\t<div class=\"elementor-column elementor-col-100 elementor-top-column elementor-element elementor-element-7977a03\" data-id=\"7977a03\" data-element_type=\"column\">\n\t\t\t<div class=\"elementor-column-wrap elementor-element-populated\">\n\t\t\t\t\t\t\t<div class=\"elementor-widget-wrap\">\n\t\t\t\t\t\t<div class=\"elementor-element elementor-element-8875e8a elementor-widget elementor-widget-heading\" data-id=\"8875e8a\" data-element_type=\"widget\" data-widget_type=\"heading.default\">\n\t\t\t\t<div class=\"elementor-widget-container\">\n\t\t\t<h2 class=\"elementor-heading-title elementor-size-default\">3.8. Contenci\u00f3n <\/h2>\t\t<\/div>\n\t\t\t\t<\/div>\n\t\t\t\t\t\t<\/div>\n\t\t\t\t\t<\/div>\n\t\t<\/div>\n\t\t\t\t\t\t\t\t<\/div>\n\t\t\t\t\t<\/div>\n\t\t<\/section>\n\t\t\t\t<section class=\"elementor-section elementor-top-section elementor-element elementor-element-f2a9bb4 elementor-section-boxed elementor-section-height-default elementor-section-height-default\" data-id=\"f2a9bb4\" data-element_type=\"section\">\n\t\t\t\t\t\t<div class=\"elementor-container elementor-column-gap-default\">\n\t\t\t\t\t\t\t<div class=\"elementor-row\">\n\t\t\t\t\t<div class=\"elementor-column elementor-col-100 elementor-top-column elementor-element elementor-element-6eefa3f\" data-id=\"6eefa3f\" data-element_type=\"column\">\n\t\t\t<div class=\"elementor-column-wrap elementor-element-populated\">\n\t\t\t\t\t\t\t<div class=\"elementor-widget-wrap\">\n\t\t\t\t\t\t<div class=\"elementor-element elementor-element-9359807 elementor-widget elementor-widget-text-editor\" data-id=\"9359807\" data-element_type=\"widget\" data-widget_type=\"text-editor.default\">\n\t\t\t\t<div class=\"elementor-widget-container\">\n\t\t\t\t\t<div class=\"elementor-text-editor elementor-clearfix\"><div><div><p class=\"Predeterminado\"><span class=\"Ninguno\"><span lang=\"PT\">La contenci\u00f3n es la acci\u00f3n dirigida a disminuir los niveles de ansiedad y angustia de las personas afectadas a trav\u00e9s de establecer v\u00ednculos, interacci\u00f3n, espacio privado, de empat\u00eda, de escucha, de respeto, de confidencialidad y de seguridad. <\/span><\/span><\/p><\/div><div><p class=\"Predeterminado\"><span class=\"Ninguno\"><span lang=\"PT\">En esta acci\u00f3n se debe promover la escucha activa, la toma de decisiones informada y propiciar un espacio de descanso y tiempo para la reflexi\u00f3n. <\/span><\/span><\/p><\/div><div><p class=\"Predeterminado\"><span class=\"Ninguno\"><span lang=\"PT\">La contenci\u00f3n es una pr\u00e1ctica que debe ser manejada por profesionales. <\/span><\/span><\/p><\/div><div><span class=\"Ninguno\">En esta acci\u00f3n es importante el manejo multidisciplinario e inter generacional porque tambi\u00e9n debe implicar a las\/os hijas\/os de la mujer v\u00edctima de VRG, procurando que obtengan los mismos beneficios: tiempo para la escucha, la toma de decisiones, el descanso y la reflexi\u00f3n.<\/span><\/div><\/div><\/div>\n\t\t\t\t<\/div>\n\t\t\t\t<\/div>\n\t\t\t\t\t\t<\/div>\n\t\t\t\t\t<\/div>\n\t\t<\/div>\n\t\t\t\t\t\t\t\t<\/div>\n\t\t\t\t\t<\/div>\n\t\t<\/section>\n\t\t\t\t<section class=\"elementor-section elementor-top-section elementor-element elementor-element-46b8be6 elementor-section-boxed elementor-section-height-default elementor-section-height-default\" data-id=\"46b8be6\" data-element_type=\"section\">\n\t\t\t\t\t\t<div class=\"elementor-container elementor-column-gap-default\">\n\t\t\t\t\t\t\t<div class=\"elementor-row\">\n\t\t\t\t\t<div class=\"elementor-column elementor-col-100 elementor-top-column elementor-element elementor-element-3aad079\" data-id=\"3aad079\" data-element_type=\"column\">\n\t\t\t<div class=\"elementor-column-wrap elementor-element-populated\">\n\t\t\t\t\t\t\t<div class=\"elementor-widget-wrap\">\n\t\t\t\t\t\t<div class=\"elementor-element elementor-element-51469ac elementor-widget elementor-widget-heading\" data-id=\"51469ac\" data-element_type=\"widget\" data-widget_type=\"heading.default\">\n\t\t\t\t<div class=\"elementor-widget-container\">\n\t\t\t<h2 class=\"elementor-heading-title elementor-size-default\">\n3.9. \u00bfCu\u00e1nto tiempo dura la acogida? \n<\/h2>\t\t<\/div>\n\t\t\t\t<\/div>\n\t\t\t\t\t\t<\/div>\n\t\t\t\t\t<\/div>\n\t\t<\/div>\n\t\t\t\t\t\t\t\t<\/div>\n\t\t\t\t\t<\/div>\n\t\t<\/section>\n\t\t\t\t<section class=\"elementor-section elementor-top-section elementor-element elementor-element-db1dc60 elementor-section-boxed elementor-section-height-default elementor-section-height-default\" data-id=\"db1dc60\" data-element_type=\"section\">\n\t\t\t\t\t\t<div class=\"elementor-container elementor-column-gap-default\">\n\t\t\t\t\t\t\t<div class=\"elementor-row\">\n\t\t\t\t\t<div class=\"elementor-column elementor-col-100 elementor-top-column elementor-element elementor-element-defec18\" data-id=\"defec18\" data-element_type=\"column\">\n\t\t\t<div class=\"elementor-column-wrap elementor-element-populated\">\n\t\t\t\t\t\t\t<div class=\"elementor-widget-wrap\">\n\t\t\t\t\t\t<div class=\"elementor-element elementor-element-e185526 elementor-widget elementor-widget-text-editor\" data-id=\"e185526\" data-element_type=\"widget\" data-widget_type=\"text-editor.default\">\n\t\t\t\t<div class=\"elementor-widget-container\">\n\t\t\t\t\t<div class=\"elementor-text-editor elementor-clearfix\"><div><div><p class=\"Predeterminado\"><span class=\"Ninguno\"><span lang=\"PT\">La permanencia en la Casa de Acogida puede prologarse m\u00e1ximo por tres (3) meses; sin embargo, en caso de que al t\u00e9rmino de ese per\u00edodo persista la causa del peligro, la Responsable de la Casa de Acogida, previa evaluaci\u00f3n con su equipo multidisciplinario, puede determinar o acceder a la renovaci\u00f3n del periodo de permanencia de la v\u00edctima de VRG por otro per\u00edodo hasta el l\u00edmite m\u00e1ximo de tres (3) meses.<\/span><\/span><\/p><\/div><\/div><\/div>\n\t\t\t\t<\/div>\n\t\t\t\t<\/div>\n\t\t\t\t\t\t<\/div>\n\t\t\t\t\t<\/div>\n\t\t<\/div>\n\t\t\t\t\t\t\t\t<\/div>\n\t\t\t\t\t<\/div>\n\t\t<\/section>\n\t\t\t\t<section class=\"elementor-section elementor-top-section elementor-element elementor-element-9e03b0a elementor-section-boxed elementor-section-height-default elementor-section-height-default\" data-id=\"9e03b0a\" data-element_type=\"section\">\n\t\t\t\t\t\t<div class=\"elementor-container elementor-column-gap-default\">\n\t\t\t\t\t\t\t<div class=\"elementor-row\">\n\t\t\t\t\t<div class=\"elementor-column elementor-col-100 elementor-top-column elementor-element elementor-element-9e9b9c7\" data-id=\"9e9b9c7\" data-element_type=\"column\">\n\t\t\t<div class=\"elementor-column-wrap elementor-element-populated\">\n\t\t\t\t\t\t\t<div class=\"elementor-widget-wrap\">\n\t\t\t\t\t\t<div class=\"elementor-element elementor-element-eb7e398 elementor-widget elementor-widget-heading\" data-id=\"eb7e398\" data-element_type=\"widget\" data-widget_type=\"heading.default\">\n\t\t\t\t<div class=\"elementor-widget-container\">\n\t\t\t<h2 class=\"elementor-heading-title elementor-size-default\">3.10. \u00bfCu\u00e1ndo concluye el servicio? <\/h2>\t\t<\/div>\n\t\t\t\t<\/div>\n\t\t\t\t\t\t<\/div>\n\t\t\t\t\t<\/div>\n\t\t<\/div>\n\t\t\t\t\t\t\t\t<\/div>\n\t\t\t\t\t<\/div>\n\t\t<\/section>\n\t\t\t\t<section class=\"elementor-section elementor-top-section elementor-element elementor-element-32d5018 elementor-section-boxed elementor-section-height-default elementor-section-height-default\" data-id=\"32d5018\" data-element_type=\"section\">\n\t\t\t\t\t\t<div class=\"elementor-container elementor-column-gap-default\">\n\t\t\t\t\t\t\t<div class=\"elementor-row\">\n\t\t\t\t\t<div class=\"elementor-column elementor-col-100 elementor-top-column elementor-element elementor-element-37393e9\" data-id=\"37393e9\" data-element_type=\"column\">\n\t\t\t<div class=\"elementor-column-wrap elementor-element-populated\">\n\t\t\t\t\t\t\t<div class=\"elementor-widget-wrap\">\n\t\t\t\t\t\t<div class=\"elementor-element elementor-element-3899e6c elementor-widget elementor-widget-text-editor\" data-id=\"3899e6c\" data-element_type=\"widget\" data-widget_type=\"text-editor.default\">\n\t\t\t\t<div class=\"elementor-widget-container\">\n\t\t\t\t\t<div class=\"elementor-text-editor elementor-clearfix\"><div><p class=\"Predeterminado\"><span lang=\"PT\">La permanencia en las Casas de Acogida es temporal y voluntaria, y concluye por: <\/span><\/p><\/div><div><ul><li class=\"Predeterminado\"><span lang=\"PT\">Decisi\u00f3n de la usuaria, cuando ella decide salir de la Casa Acogida dejando su protecci\u00f3n. <\/span><\/li><\/ul><\/div><div><ul><li class=\"Predeterminado\"><span style=\"font-size: 16px;\">La desaparici\u00f3n de las causas de riesgo que dieron origen a su ingreso.<\/span><\/li><\/ul><\/div><div><ul><li class=\"Predeterminado\"><span lang=\"PT\">Por el cumplimiento del plazo de acogida y cuando la v\u00edctima de VRG haya establecido un plan de vida.<\/span><\/li><\/ul><\/div><p>A la conclusi\u00f3n del periodo de acogida la Responsable de la Casa emitir\u00e1 un informe que ser\u00e1 remitido al SLIM o la instituci\u00f3n promotora de la denuncia, para que a su vez la remita al Juez y Fiscal que conozcan del caso para su valoraci\u00f3n en las medidas de reparaci\u00f3n del da\u00f1o civil.<\/p><\/div>\n\t\t\t\t<\/div>\n\t\t\t\t<\/div>\n\t\t\t\t\t\t<\/div>\n\t\t\t\t\t<\/div>\n\t\t<\/div>\n\t\t\t\t\t\t\t\t<\/div>\n\t\t\t\t\t<\/div>\n\t\t<\/section>\n\t\t\t\t<section class=\"elementor-section elementor-top-section elementor-element elementor-element-c11e19a elementor-section-boxed elementor-section-height-default elementor-section-height-default\" data-id=\"c11e19a\" data-element_type=\"section\">\n\t\t\t\t\t\t<div class=\"elementor-container elementor-column-gap-default\">\n\t\t\t\t\t\t\t<div class=\"elementor-row\">\n\t\t\t\t\t<div class=\"elementor-column elementor-col-100 elementor-top-column elementor-element elementor-element-40e4deb\" data-id=\"40e4deb\" data-element_type=\"column\">\n\t\t\t<div class=\"elementor-column-wrap elementor-element-populated\">\n\t\t\t\t\t\t\t<div class=\"elementor-widget-wrap\">\n\t\t\t\t\t\t<div class=\"elementor-element elementor-element-9de4a8a elementor-widget elementor-widget-heading\" data-id=\"9de4a8a\" data-element_type=\"widget\" data-widget_type=\"heading.default\">\n\t\t\t\t<div class=\"elementor-widget-container\">\n\t\t\t<h2 class=\"elementor-heading-title elementor-size-default\">3.11. Seguimiento posterior <\/h2>\t\t<\/div>\n\t\t\t\t<\/div>\n\t\t\t\t\t\t<\/div>\n\t\t\t\t\t<\/div>\n\t\t<\/div>\n\t\t\t\t\t\t\t\t<\/div>\n\t\t\t\t\t<\/div>\n\t\t<\/section>\n\t\t\t\t<section class=\"elementor-section elementor-top-section elementor-element elementor-element-f0a22b6 elementor-section-boxed elementor-section-height-default elementor-section-height-default\" data-id=\"f0a22b6\" data-element_type=\"section\">\n\t\t\t\t\t\t<div class=\"elementor-container elementor-column-gap-default\">\n\t\t\t\t\t\t\t<div class=\"elementor-row\">\n\t\t\t\t\t<div class=\"elementor-column elementor-col-100 elementor-top-column elementor-element elementor-element-8b6ff0d\" data-id=\"8b6ff0d\" data-element_type=\"column\">\n\t\t\t<div class=\"elementor-column-wrap elementor-element-populated\">\n\t\t\t\t\t\t\t<div class=\"elementor-widget-wrap\">\n\t\t\t\t\t\t<div class=\"elementor-element elementor-element-3ccc6ca elementor-widget elementor-widget-text-editor\" data-id=\"3ccc6ca\" data-element_type=\"widget\" data-widget_type=\"text-editor.default\">\n\t\t\t\t<div class=\"elementor-widget-container\">\n\t\t\t\t\t<div class=\"elementor-text-editor elementor-clearfix\"><div><p class=\"Predeterminado\"><span lang=\"ES-TRAD\">Despu<\/span><span lang=\"FR\">\u00e9<\/span><span lang=\"ES-TRAD\">s de su egreso, el equipo multidisciplinario de la Casa de Acogida realizar<\/span><span lang=\"PT\">\u00e1<\/span><span lang=\"ES-TRAD\">n seguimiento a las v<\/span><span lang=\"PT\">\u00ed<\/span><span lang=\"ES-TRAD\">ctimas de VRG a las que prestaron acogida mediante llamadas telef\u00f3<\/span><span lang=\"PT\">nicas peri<\/span><span lang=\"ES-TRAD\">\u00f3dicas: semanales durante el primer mes, quincenales el segundo y tercer mes, y, mensuales durante los seis (6) meses siguientes. <\/span><span lang=\"PT\"><br \/><\/span><span lang=\"ES-TRAD\">Todas las llamadas se registran en el formulario de seguimiento telef\u00f3<\/span><span lang=\"IT\">nico.<\/span><\/p><\/div><\/div>\n\t\t\t\t<\/div>\n\t\t\t\t<\/div>\n\t\t\t\t\t\t<\/div>\n\t\t\t\t\t<\/div>\n\t\t<\/div>\n\t\t\t\t\t\t\t\t<\/div>\n\t\t\t\t\t<\/div>\n\t\t<\/section>\n\t\t\t\t<section class=\"elementor-section elementor-top-section elementor-element elementor-element-e956c12 elementor-section-boxed elementor-section-height-default elementor-section-height-default\" data-id=\"e956c12\" data-element_type=\"section\">\n\t\t\t\t\t\t<div class=\"elementor-container elementor-column-gap-default\">\n\t\t\t\t\t\t\t<div class=\"elementor-row\">\n\t\t\t\t\t<div class=\"elementor-column elementor-col-100 elementor-top-column elementor-element elementor-element-ee889bb\" data-id=\"ee889bb\" data-element_type=\"column\">\n\t\t\t<div class=\"elementor-column-wrap elementor-element-populated\">\n\t\t\t\t\t\t\t<div class=\"elementor-widget-wrap\">\n\t\t\t\t\t\t<div class=\"elementor-element elementor-element-603432f elementor-widget elementor-widget-heading\" data-id=\"603432f\" data-element_type=\"widget\" data-widget_type=\"heading.default\">\n\t\t\t\t<div class=\"elementor-widget-container\">\n\t\t\t<h2 class=\"elementor-heading-title elementor-size-default\">3.12. Casa Comunitaria <\/h2>\t\t<\/div>\n\t\t\t\t<\/div>\n\t\t\t\t\t\t<\/div>\n\t\t\t\t\t<\/div>\n\t\t<\/div>\n\t\t\t\t\t\t\t\t<\/div>\n\t\t\t\t\t<\/div>\n\t\t<\/section>\n\t\t\t\t<section class=\"elementor-section elementor-top-section elementor-element elementor-element-0c1d61d elementor-section-boxed elementor-section-height-default elementor-section-height-default\" data-id=\"0c1d61d\" data-element_type=\"section\">\n\t\t\t\t\t\t<div class=\"elementor-container elementor-column-gap-default\">\n\t\t\t\t\t\t\t<div class=\"elementor-row\">\n\t\t\t\t\t<div class=\"elementor-column elementor-col-100 elementor-top-column elementor-element elementor-element-cfa4eaf\" data-id=\"cfa4eaf\" data-element_type=\"column\">\n\t\t\t<div class=\"elementor-column-wrap elementor-element-populated\">\n\t\t\t\t\t\t\t<div class=\"elementor-widget-wrap\">\n\t\t\t\t\t\t<div class=\"elementor-element elementor-element-7bf14a1 elementor-widget elementor-widget-text-editor\" data-id=\"7bf14a1\" data-element_type=\"widget\" data-widget_type=\"text-editor.default\">\n\t\t\t\t<div class=\"elementor-widget-container\">\n\t\t\t\t\t<div class=\"elementor-text-editor elementor-clearfix\"><div><p class=\"Predeterminado\"><span lang=\"ES-TRAD\">En el <\/span><span lang=\"PT\">\u00e1<\/span><span lang=\"ES-TRAD\">rea rural las mujeres organizadas pueden definir y pedir al Gobierno Aut\u00f3nomo Municipal les dote de la infraestructura para una Casa Comunitaria.<\/span><\/p><p class=\"Predeterminado\"><span style=\"font-size: 16px;\">La Casa Comunitaria realizara tareas de orientaci\u00f3n, prevenci\u00f3n, detecci\u00f3n de casos de violencia y al igual que las Casas de Acogida son espacios para albergar a mujeres en situaci\u00f3n de violencia para alejarlas de sus agresores, cuando ellas han abandonado su casa para protegerse o han sido echadas de sus hogares por su pareja, marido, concubino o familiares de\u00a0<\/span><span lang=\"FR\" style=\"font-size: 16px;\">\u00e9<\/span><span lang=\"IT\" style=\"font-size: 16px;\">ste<\/span><\/p><\/div><\/div>\n\t\t\t\t<\/div>\n\t\t\t\t<\/div>\n\t\t\t\t\t\t<\/div>\n\t\t\t\t\t<\/div>\n\t\t<\/div>\n\t\t\t\t\t\t\t\t<\/div>\n\t\t\t\t\t<\/div>\n\t\t<\/section>\n\t\t\t\t\t\t<\/div>\n\t\t\t\t\t\t<\/div>\n\t\t\t\t\t<\/div>\n\t\t","protected":false},"excerpt":{"rendered":"<p>3.1. \u00bfQu\u00e9 es una Casa de Acogida? La Casa de Acogida es el espacio para albergar a mujeres en situaci\u00f3n de alto riesgo de sufrir violencia extrema o vital, cuando dejan su hogar para protegerse o son echadas de \u00e9l por el marido, pareja, concubino o sus familiares. La Casa de Acogida permite brindar protecci\u00f3n &hellip;<\/p>\n<p class=\"read-more\"> <a class=\"\" href=\"https:\/\/alvi.centrojuanaazurduy.org\/index.php\/capitulo-iii-casa-de-acogida-y-casa-comunitaria\/\"> <span class=\"screen-reader-text\">Cap\u00edtulo III : CASA DE ACOGIDA Y CASA COMUNITARIA<\/span> Leer m\u00e1s &raquo;<\/a><\/p>\n","protected":false},"author":1,"featured_media":0,"comment_status":"closed","ping_status":"closed","sticky":false,"template":"","format":"standard","meta":{"footnotes":""},"categories":[2],"tags":[],"class_list":["post-393","post","type-post","status-publish","format-standard","hentry","category-casas-de-acogida"],"_links":{"self":[{"href":"https:\/\/alvi.centrojuanaazurduy.org\/index.php\/wp-json\/wp\/v2\/posts\/393","targetHints":{"allow":["GET"]}}],"collection":[{"href":"https:\/\/alvi.centrojuanaazurduy.org\/index.php\/wp-json\/wp\/v2\/posts"}],"about":[{"href":"https:\/\/alvi.centrojuanaazurduy.org\/index.php\/wp-json\/wp\/v2\/types\/post"}],"author":[{"embeddable":true,"href":"https:\/\/alvi.centrojuanaazurduy.org\/index.php\/wp-json\/wp\/v2\/users\/1"}],"replies":[{"embeddable":true,"href":"https:\/\/alvi.centrojuanaazurduy.org\/index.php\/wp-json\/wp\/v2\/comments?post=393"}],"version-history":[{"count":9,"href":"https:\/\/alvi.centrojuanaazurduy.org\/index.php\/wp-json\/wp\/v2\/posts\/393\/revisions"}],"predecessor-version":[{"id":4619,"href":"https:\/\/alvi.centrojuanaazurduy.org\/index.php\/wp-json\/wp\/v2\/posts\/393\/revisions\/4619"}],"wp:attachment":[{"href":"https:\/\/alvi.centrojuanaazurduy.org\/index.php\/wp-json\/wp\/v2\/media?parent=393"}],"wp:term":[{"taxonomy":"category","embeddable":true,"href":"https:\/\/alvi.centrojuanaazurduy.org\/index.php\/wp-json\/wp\/v2\/categories?post=393"},{"taxonomy":"post_tag","embeddable":true,"href":"https:\/\/alvi.centrojuanaazurduy.org\/index.php\/wp-json\/wp\/v2\/tags?post=393"}],"curies":[{"name":"wp","href":"https:\/\/api.w.org\/{rel}","templated":true}]}}