{"id":388,"date":"2020-11-23T17:27:29","date_gmt":"2020-11-23T21:27:29","guid":{"rendered":"http:\/\/gavvi.monstruoestudio.com\/?p=388"},"modified":"2020-11-23T17:27:29","modified_gmt":"2020-11-23T21:27:29","slug":"capitulo-ii-refugio-temporal","status":"publish","type":"post","link":"https:\/\/alvi.centrojuanaazurduy.org\/index.php\/capitulo-ii-refugio-temporal\/","title":{"rendered":"Cap\u00edtulo II : REFUGIO TEMPORAL"},"content":{"rendered":"\t\t<div data-elementor-type=\"wp-post\" data-elementor-id=\"388\" class=\"elementor elementor-388\" data-elementor-settings=\"[]\">\n\t\t\t\t\t\t<div class=\"elementor-inner\">\n\t\t\t\t\t\t\t<div class=\"elementor-section-wrap\">\n\t\t\t\t\t\t\t<section class=\"elementor-section elementor-top-section elementor-element elementor-element-404cbbc elementor-section-boxed elementor-section-height-default elementor-section-height-default\" data-id=\"404cbbc\" data-element_type=\"section\">\n\t\t\t\t\t\t<div class=\"elementor-container elementor-column-gap-default\">\n\t\t\t\t\t\t\t<div class=\"elementor-row\">\n\t\t\t\t\t<div class=\"elementor-column elementor-col-100 elementor-top-column elementor-element elementor-element-83a9435\" data-id=\"83a9435\" data-element_type=\"column\">\n\t\t\t<div class=\"elementor-column-wrap elementor-element-populated\">\n\t\t\t\t\t\t\t<div class=\"elementor-widget-wrap\">\n\t\t\t\t\t\t<div class=\"elementor-element elementor-element-5155aef elementor-widget elementor-widget-theme-post-title elementor-page-title elementor-widget-heading\" data-id=\"5155aef\" data-element_type=\"widget\" data-widget_type=\"theme-post-title.default\">\n\t\t\t\t<div class=\"elementor-widget-container\">\n\t\t\t<h1 class=\"elementor-heading-title elementor-size-default\">Cap\u00edtulo II : REFUGIO TEMPORAL<\/h1>\t\t<\/div>\n\t\t\t\t<\/div>\n\t\t\t\t\t\t<\/div>\n\t\t\t\t\t<\/div>\n\t\t<\/div>\n\t\t\t\t\t\t\t\t<\/div>\n\t\t\t\t\t<\/div>\n\t\t<\/section>\n\t\t\t\t<section class=\"elementor-section elementor-top-section elementor-element elementor-element-35a398c elementor-section-boxed elementor-section-height-default elementor-section-height-default\" data-id=\"35a398c\" data-element_type=\"section\">\n\t\t\t\t\t\t<div class=\"elementor-container elementor-column-gap-default\">\n\t\t\t\t\t\t\t<div class=\"elementor-row\">\n\t\t\t\t\t<div class=\"elementor-column elementor-col-100 elementor-top-column elementor-element elementor-element-6046832\" data-id=\"6046832\" data-element_type=\"column\">\n\t\t\t<div class=\"elementor-column-wrap elementor-element-populated\">\n\t\t\t\t\t\t\t<div class=\"elementor-widget-wrap\">\n\t\t\t\t\t\t<div class=\"elementor-element elementor-element-a45c7c3 elementor-widget elementor-widget-heading\" data-id=\"a45c7c3\" data-element_type=\"widget\" data-widget_type=\"heading.default\">\n\t\t\t\t<div class=\"elementor-widget-container\">\n\t\t\t<h2 class=\"elementor-heading-title elementor-size-default\">2.1. \u00bfQu\u00e9 es un Refugio Temporal? <\/h2>\t\t<\/div>\n\t\t\t\t<\/div>\n\t\t\t\t\t\t<\/div>\n\t\t\t\t\t<\/div>\n\t\t<\/div>\n\t\t\t\t\t\t\t\t<\/div>\n\t\t\t\t\t<\/div>\n\t\t<\/section>\n\t\t\t\t<section class=\"elementor-section elementor-top-section elementor-element elementor-element-be172f5 elementor-section-boxed elementor-section-height-default elementor-section-height-default\" data-id=\"be172f5\" data-element_type=\"section\">\n\t\t\t\t\t\t<div class=\"elementor-container elementor-column-gap-default\">\n\t\t\t\t\t\t\t<div class=\"elementor-row\">\n\t\t\t\t\t<div class=\"elementor-column elementor-col-100 elementor-top-column elementor-element elementor-element-53fc234\" data-id=\"53fc234\" data-element_type=\"column\">\n\t\t\t<div class=\"elementor-column-wrap elementor-element-populated\">\n\t\t\t\t\t\t\t<div class=\"elementor-widget-wrap\">\n\t\t\t\t\t\t<div class=\"elementor-element elementor-element-24818d9 elementor-widget elementor-widget-text-editor\" data-id=\"24818d9\" data-element_type=\"widget\" data-widget_type=\"text-editor.default\">\n\t\t\t\t<div class=\"elementor-widget-container\">\n\t\t\t\t\t<div class=\"elementor-text-editor elementor-clearfix\"><div><p class=\"Predeterminado\"><span lang=\"ES-TRAD\">Los refugios temporales son espacios que podr<\/span><span lang=\"PT\">\u00e1<\/span><span lang=\"ES-TRAD\">n recibir a mujeres en situaci\u00f3n de violencia que necesiten permanencia transitoria por la violencia de que son v<\/span><span lang=\"PT\">\u00ed<\/span><span lang=\"ES-TRAD\">ctimas, por un tiempo m<\/span><span lang=\"PT\">\u00e1ximo de 24 horas. <\/span><\/p><\/div><div><p class=\"Predeterminado\"><span lang=\"ES-TRAD\">Se recurre al Refugio Temporal porque la agresi\u00f3n sucede en altas horas de la noche o se dan otros factores que imposibilita que la mujer v<\/span><span lang=\"PT\">\u00ed<\/span><span lang=\"ES-TRAD\">ctima de violencia pueda acceder al domicilio de familiares o amistades que puedan brindarle apoyo. <\/span><\/p><\/div><div><p class=\"Predeterminado\"><span lang=\"ES-TRAD\">Los Refugios Temporales son espacios de protecci\u00f3n y emergencia para evitar que continu<\/span><span lang=\"FR\">\u00e9 <\/span><span lang=\"ES-TRAD\">la violencia o se incremente generando incluso delitos m<\/span><span lang=\"PT\">\u00e1<\/span><span lang=\"ES-TRAD\">s graves, como el feminicidio. <\/span><\/p><\/div><\/div>\n\t\t\t\t<\/div>\n\t\t\t\t<\/div>\n\t\t\t\t\t\t<\/div>\n\t\t\t\t\t<\/div>\n\t\t<\/div>\n\t\t\t\t\t\t\t\t<\/div>\n\t\t\t\t\t<\/div>\n\t\t<\/section>\n\t\t\t\t<section class=\"elementor-section elementor-top-section elementor-element elementor-element-f266b2f elementor-section-boxed elementor-section-height-default elementor-section-height-default\" data-id=\"f266b2f\" data-element_type=\"section\">\n\t\t\t\t\t\t<div class=\"elementor-container elementor-column-gap-default\">\n\t\t\t\t\t\t\t<div class=\"elementor-row\">\n\t\t\t\t\t<div class=\"elementor-column elementor-col-100 elementor-top-column elementor-element elementor-element-e39a4b2\" data-id=\"e39a4b2\" data-element_type=\"column\">\n\t\t\t<div class=\"elementor-column-wrap elementor-element-populated\">\n\t\t\t\t\t\t\t<div class=\"elementor-widget-wrap\">\n\t\t\t\t\t\t<div class=\"elementor-element elementor-element-6a2e833 elementor-widget elementor-widget-heading\" data-id=\"6a2e833\" data-element_type=\"widget\" data-widget_type=\"heading.default\">\n\t\t\t\t<div class=\"elementor-widget-container\">\n\t\t\t<h2 class=\"elementor-heading-title elementor-size-default\">2.2. \u00bfQu\u00e9 instancias pueden derivar a la v\u00edctima de VRG a un Refugio Temporal? <\/h2>\t\t<\/div>\n\t\t\t\t<\/div>\n\t\t\t\t\t\t<\/div>\n\t\t\t\t\t<\/div>\n\t\t<\/div>\n\t\t\t\t\t\t\t\t<\/div>\n\t\t\t\t\t<\/div>\n\t\t<\/section>\n\t\t\t\t<section class=\"elementor-section elementor-top-section elementor-element elementor-element-afb26a3 elementor-section-boxed elementor-section-height-default elementor-section-height-default\" data-id=\"afb26a3\" data-element_type=\"section\">\n\t\t\t\t\t\t<div class=\"elementor-container elementor-column-gap-default\">\n\t\t\t\t\t\t\t<div class=\"elementor-row\">\n\t\t\t\t\t<div class=\"elementor-column elementor-col-100 elementor-top-column elementor-element elementor-element-8eaa3e1\" data-id=\"8eaa3e1\" data-element_type=\"column\">\n\t\t\t<div class=\"elementor-column-wrap elementor-element-populated\">\n\t\t\t\t\t\t\t<div class=\"elementor-widget-wrap\">\n\t\t\t\t\t\t<div class=\"elementor-element elementor-element-ba4a742 elementor-widget elementor-widget-text-editor\" data-id=\"ba4a742\" data-element_type=\"widget\" data-widget_type=\"text-editor.default\">\n\t\t\t\t<div class=\"elementor-widget-container\">\n\t\t\t\t\t<div class=\"elementor-text-editor elementor-clearfix\"><div><p class=\"Predeterminado\"><span lang=\"ES-TRAD\">El SLIM, la FELCV u otra instituci\u00f3n promotora de la denuncia a la que acuda la mujer v<\/span><span lang=\"PT\">\u00ed<\/span><span lang=\"ES-TRAD\">ctima de violencia. La instituci\u00f3n debe valorar el riesgo y ofrecer el Refugio Temporal, lo solicite o no la v<\/span><span lang=\"PT\">\u00edctima.<\/span><\/p><\/div><div><p class=\"Predeterminado\"><span lang=\"ES-TRAD\">El refugio otorgado a la mujer en situaci\u00f3n de violencia alcanza a sus hijas\/ os y otras personas bajo su dependencia que se encuentren en condici\u00f3n de riesgo. <\/span><\/p><\/div><\/div>\n\t\t\t\t<\/div>\n\t\t\t\t<\/div>\n\t\t\t\t\t\t<\/div>\n\t\t\t\t\t<\/div>\n\t\t<\/div>\n\t\t\t\t\t\t\t\t<\/div>\n\t\t\t\t\t<\/div>\n\t\t<\/section>\n\t\t\t\t<section class=\"elementor-section elementor-top-section elementor-element elementor-element-325ebcd elementor-section-boxed elementor-section-height-default elementor-section-height-default\" data-id=\"325ebcd\" data-element_type=\"section\">\n\t\t\t\t\t\t<div class=\"elementor-container elementor-column-gap-default\">\n\t\t\t\t\t\t\t<div class=\"elementor-row\">\n\t\t\t\t\t<div class=\"elementor-column elementor-col-100 elementor-top-column elementor-element elementor-element-70fcb75\" data-id=\"70fcb75\" data-element_type=\"column\">\n\t\t\t<div class=\"elementor-column-wrap elementor-element-populated\">\n\t\t\t\t\t\t\t<div class=\"elementor-widget-wrap\">\n\t\t\t\t\t\t<div class=\"elementor-element elementor-element-9b33d68 elementor-widget elementor-widget-heading\" data-id=\"9b33d68\" data-element_type=\"widget\" data-widget_type=\"heading.default\">\n\t\t\t\t<div class=\"elementor-widget-container\">\n\t\t\t<h2 class=\"elementor-heading-title elementor-size-default\">2.3. \u00bfCu\u00e1les son las instituciones que tienen la obligaci\u00f3n de dar Refugio Temporal? <\/h2>\t\t<\/div>\n\t\t\t\t<\/div>\n\t\t\t\t\t\t<\/div>\n\t\t\t\t\t<\/div>\n\t\t<\/div>\n\t\t\t\t\t\t\t\t<\/div>\n\t\t\t\t\t<\/div>\n\t\t<\/section>\n\t\t\t\t<section class=\"elementor-section elementor-top-section elementor-element elementor-element-c181201 elementor-section-boxed elementor-section-height-default elementor-section-height-default\" data-id=\"c181201\" data-element_type=\"section\">\n\t\t\t\t\t\t<div class=\"elementor-container elementor-column-gap-default\">\n\t\t\t\t\t\t\t<div class=\"elementor-row\">\n\t\t\t\t\t<div class=\"elementor-column elementor-col-100 elementor-top-column elementor-element elementor-element-17e0a2a\" data-id=\"17e0a2a\" data-element_type=\"column\">\n\t\t\t<div class=\"elementor-column-wrap elementor-element-populated\">\n\t\t\t\t\t\t\t<div class=\"elementor-widget-wrap\">\n\t\t\t\t\t\t<div class=\"elementor-element elementor-element-e174470 elementor-widget elementor-widget-text-editor\" data-id=\"e174470\" data-element_type=\"widget\" data-widget_type=\"text-editor.default\">\n\t\t\t\t<div class=\"elementor-widget-container\">\n\t\t\t\t\t<div class=\"elementor-text-editor elementor-clearfix\"><div><p class=\"Predeterminado\"><span lang=\"ES-TRAD\">Los SLIMs, la FELCV, las DNAs, y el SEPDAVI deben tener espacios habilitados como Refugios Temporales para acoger a v<\/span><span lang=\"PT\">\u00ed<\/span><span lang=\"ES-TRAD\">ctimas de VRG, sean propios de la instituci\u00f3n o tener la coordinaci\u00f3n para derivar a la v<\/span><span lang=\"PT\">\u00ed<\/span><span lang=\"ES-TRAD\">ctima a una entidad que lo tenga. <\/span><\/p><\/div><\/div>\n\t\t\t\t<\/div>\n\t\t\t\t<\/div>\n\t\t\t\t\t\t<\/div>\n\t\t\t\t\t<\/div>\n\t\t<\/div>\n\t\t\t\t\t\t\t\t<\/div>\n\t\t\t\t\t<\/div>\n\t\t<\/section>\n\t\t\t\t<section class=\"elementor-section elementor-top-section elementor-element elementor-element-bbb5c92 elementor-section-boxed elementor-section-height-default elementor-section-height-default\" data-id=\"bbb5c92\" data-element_type=\"section\">\n\t\t\t\t\t\t<div class=\"elementor-container elementor-column-gap-default\">\n\t\t\t\t\t\t\t<div class=\"elementor-row\">\n\t\t\t\t\t<div class=\"elementor-column elementor-col-100 elementor-top-column elementor-element elementor-element-7252e70\" data-id=\"7252e70\" data-element_type=\"column\">\n\t\t\t<div class=\"elementor-column-wrap elementor-element-populated\">\n\t\t\t\t\t\t\t<div class=\"elementor-widget-wrap\">\n\t\t\t\t\t\t<div class=\"elementor-element elementor-element-48117d7 elementor-widget elementor-widget-heading\" data-id=\"48117d7\" data-element_type=\"widget\" data-widget_type=\"heading.default\">\n\t\t\t\t<div class=\"elementor-widget-container\">\n\t\t\t<h2 class=\"elementor-heading-title elementor-size-default\">2.4. \u00bfCu\u00e1ndo abandona la v\u00edctima de VRG el Refugio Temporal? <\/h2>\t\t<\/div>\n\t\t\t\t<\/div>\n\t\t\t\t\t\t<\/div>\n\t\t\t\t\t<\/div>\n\t\t<\/div>\n\t\t\t\t\t\t\t\t<\/div>\n\t\t\t\t\t<\/div>\n\t\t<\/section>\n\t\t\t\t<section class=\"elementor-section elementor-top-section elementor-element elementor-element-914b99c elementor-section-boxed elementor-section-height-default elementor-section-height-default\" data-id=\"914b99c\" data-element_type=\"section\">\n\t\t\t\t\t\t<div class=\"elementor-container elementor-column-gap-default\">\n\t\t\t\t\t\t\t<div class=\"elementor-row\">\n\t\t\t\t\t<div class=\"elementor-column elementor-col-100 elementor-top-column elementor-element elementor-element-232d6c5\" data-id=\"232d6c5\" data-element_type=\"column\">\n\t\t\t<div class=\"elementor-column-wrap elementor-element-populated\">\n\t\t\t\t\t\t\t<div class=\"elementor-widget-wrap\">\n\t\t\t\t\t\t<div class=\"elementor-element elementor-element-1c9d0ba elementor-widget elementor-widget-text-editor\" data-id=\"1c9d0ba\" data-element_type=\"widget\" data-widget_type=\"text-editor.default\">\n\t\t\t\t<div class=\"elementor-widget-container\">\n\t\t\t\t\t<div class=\"elementor-text-editor elementor-clearfix\"><div><p class=\"Predeterminado\"><span lang=\"ES-TRAD\">Una vez contactada su familia o amistades, o cuando se traslade a una Casa de Acogida, si se verifican las condiciones para esta otra modalidad de protecci\u00f3<\/span><span lang=\"PT\">n. <\/span><\/p><\/div><\/div>\n\t\t\t\t<\/div>\n\t\t\t\t<\/div>\n\t\t\t\t\t\t<\/div>\n\t\t\t\t\t<\/div>\n\t\t<\/div>\n\t\t\t\t\t\t\t\t<\/div>\n\t\t\t\t\t<\/div>\n\t\t<\/section>\n\t\t\t\t\t\t<\/div>\n\t\t\t\t\t\t<\/div>\n\t\t\t\t\t<\/div>\n\t\t","protected":false},"excerpt":{"rendered":"<p>2.1. \u00bfQu\u00e9 es un Refugio Temporal? Los refugios temporales son espacios que podr\u00e1n recibir a mujeres en situaci\u00f3n de violencia que necesiten permanencia transitoria por la violencia de que son v\u00edctimas, por un tiempo m\u00e1ximo de 24 horas. Se recurre al Refugio Temporal porque la agresi\u00f3n sucede en altas horas de la noche o se &hellip;<\/p>\n<p class=\"read-more\"> <a class=\"\" href=\"https:\/\/alvi.centrojuanaazurduy.org\/index.php\/capitulo-ii-refugio-temporal\/\"> <span class=\"screen-reader-text\">Cap\u00edtulo II : REFUGIO TEMPORAL<\/span> Leer m\u00e1s &raquo;<\/a><\/p>\n","protected":false},"author":1,"featured_media":0,"comment_status":"closed","ping_status":"closed","sticky":false,"template":"","format":"standard","meta":{"footnotes":""},"categories":[2],"tags":[],"class_list":["post-388","post","type-post","status-publish","format-standard","hentry","category-casas-de-acogida"],"_links":{"self":[{"href":"https:\/\/alvi.centrojuanaazurduy.org\/index.php\/wp-json\/wp\/v2\/posts\/388","targetHints":{"allow":["GET"]}}],"collection":[{"href":"https:\/\/alvi.centrojuanaazurduy.org\/index.php\/wp-json\/wp\/v2\/posts"}],"about":[{"href":"https:\/\/alvi.centrojuanaazurduy.org\/index.php\/wp-json\/wp\/v2\/types\/post"}],"author":[{"embeddable":true,"href":"https:\/\/alvi.centrojuanaazurduy.org\/index.php\/wp-json\/wp\/v2\/users\/1"}],"replies":[{"embeddable":true,"href":"https:\/\/alvi.centrojuanaazurduy.org\/index.php\/wp-json\/wp\/v2\/comments?post=388"}],"version-history":[{"count":0,"href":"https:\/\/alvi.centrojuanaazurduy.org\/index.php\/wp-json\/wp\/v2\/posts\/388\/revisions"}],"wp:attachment":[{"href":"https:\/\/alvi.centrojuanaazurduy.org\/index.php\/wp-json\/wp\/v2\/media?parent=388"}],"wp:term":[{"taxonomy":"category","embeddable":true,"href":"https:\/\/alvi.centrojuanaazurduy.org\/index.php\/wp-json\/wp\/v2\/categories?post=388"},{"taxonomy":"post_tag","embeddable":true,"href":"https:\/\/alvi.centrojuanaazurduy.org\/index.php\/wp-json\/wp\/v2\/tags?post=388"}],"curies":[{"name":"wp","href":"https:\/\/api.w.org\/{rel}","templated":true}]}}