{"id":3879,"date":"2021-01-09T19:30:59","date_gmt":"2021-01-09T23:30:59","guid":{"rendered":"http:\/\/gavvi.monstruoestudio.com\/?p=3879"},"modified":"2021-05-30T21:17:45","modified_gmt":"2021-05-31T01:17:45","slug":"3-3-tercera-fase-reparacion-integral","status":"publish","type":"post","link":"https:\/\/alvi.centrojuanaazurduy.org\/index.php\/3-3-tercera-fase-reparacion-integral\/","title":{"rendered":"3.3. TERCERA FASE: REPARACI\u00d3N INTEGRAL"},"content":{"rendered":"\t\t<div data-elementor-type=\"wp-post\" data-elementor-id=\"3879\" class=\"elementor elementor-3879\" data-elementor-settings=\"[]\">\n\t\t\t\t\t\t<div class=\"elementor-inner\">\n\t\t\t\t\t\t\t<div class=\"elementor-section-wrap\">\n\t\t\t\t\t\t\t<section class=\"elementor-section elementor-top-section elementor-element elementor-element-df7c79f elementor-section-boxed elementor-section-height-default elementor-section-height-default\" data-id=\"df7c79f\" data-element_type=\"section\">\n\t\t\t\t\t\t<div class=\"elementor-container elementor-column-gap-default\">\n\t\t\t\t\t\t\t<div class=\"elementor-row\">\n\t\t\t\t\t<div class=\"elementor-column elementor-col-100 elementor-top-column elementor-element elementor-element-b1e4fe4\" data-id=\"b1e4fe4\" data-element_type=\"column\">\n\t\t\t<div class=\"elementor-column-wrap elementor-element-populated\">\n\t\t\t\t\t\t\t<div class=\"elementor-widget-wrap\">\n\t\t\t\t\t\t<div class=\"elementor-element elementor-element-f470893 elementor-widget elementor-widget-theme-post-title elementor-page-title elementor-widget-heading\" data-id=\"f470893\" data-element_type=\"widget\" data-widget_type=\"theme-post-title.default\">\n\t\t\t\t<div class=\"elementor-widget-container\">\n\t\t\t<h1 class=\"elementor-heading-title elementor-size-default\">3.3. TERCERA FASE: REPARACI\u00d3N INTEGRAL<\/h1>\t\t<\/div>\n\t\t\t\t<\/div>\n\t\t\t\t\t\t<\/div>\n\t\t\t\t\t<\/div>\n\t\t<\/div>\n\t\t\t\t\t\t\t\t<\/div>\n\t\t\t\t\t<\/div>\n\t\t<\/section>\n\t\t\t\t<section class=\"elementor-section elementor-top-section elementor-element elementor-element-bb1abfa elementor-section-boxed elementor-section-height-default elementor-section-height-default\" data-id=\"bb1abfa\" data-element_type=\"section\">\n\t\t\t\t\t\t<div class=\"elementor-container elementor-column-gap-default\">\n\t\t\t\t\t\t\t<div class=\"elementor-row\">\n\t\t\t\t\t<div class=\"elementor-column elementor-col-100 elementor-top-column elementor-element elementor-element-4c3bae9\" data-id=\"4c3bae9\" data-element_type=\"column\">\n\t\t\t<div class=\"elementor-column-wrap elementor-element-populated\">\n\t\t\t\t\t\t\t<div class=\"elementor-widget-wrap\">\n\t\t\t\t\t\t<div class=\"elementor-element elementor-element-975edcc elementor-widget elementor-widget-text-editor\" data-id=\"975edcc\" data-element_type=\"widget\" data-widget_type=\"text-editor.default\">\n\t\t\t\t<div class=\"elementor-widget-container\">\n\t\t\t\t\t<div class=\"elementor-text-editor elementor-clearfix\"><div class=\"page\" title=\"Page 250\"><div class=\"section\"><div class=\"layoutArea\"><div class=\"column\"><p>El derecho a la reparacio\u0301n, en el caso boliviano, esta\u0301 constitucionalmente reconocido en el art\u00edculo 113.I, que establece las medidas tendientes a mitigar los dan\u0303os ocasionados por la vulneracio\u0301n de derechos cuando sen\u0303ala que: \u201cLa vulneracio\u0301n de los derechos concede a las vi\u0301ctimas el derecho a la indemnizacio\u0301n, reparacio\u0301n y resarcimiento de dan\u0303os y perjuicios en forma oportuna\u201d. En tal sentido, el texto constitucional establece que, como consecuencia de la vulneracio\u0301n de derechos, deriva uno nuevo que le corresponde a la vi\u0301ctima, el derecho a la reparacio\u0301n.<\/p><p>El Co\u0301digo Nin\u0303a, Nin\u0303o y Adolescente, en su art\u00edculo 157 para\u0301grafo I establece que las nin\u0303as, nin\u0303os y adolescentes, tienen el derecho a solicitar la proteccio\u0301n y restitucio\u0301n de sus derechos, a trave\u0301s de procedimientos a\u0301giles y oportunos, y que la preeminencia de los derechos de la nin\u0303a, nin\u0303o y adolescente, implica tambie\u0301n, la garant\u00eda del Estado de procurar la restitucio\u0301n y restauracio\u0301n del derecho a su integridad f\u00edsica, psicolo\u0301gica y sexual.<\/p><p>Una vez ejecutoriada la sentencia de acuerdo a las atribuciones que determina la Ley No. 1173 a los juzgados y tribunales de sentencia, la autoridad jurisdiccional debera\u0301 disponer de oficio la reparacio\u0301n integral del dan\u0303o; en caso de no haberse dispuesto, la vi\u0301ctima tiene el derecho de solicitarla.<\/p><p>La reparacio\u0301n es una obligacio\u0301n internacional que implica diversas medidas, tales como la indemnizacio\u0301n monetaria, la prestacio\u0301n de servicios juri\u0301dicos, sociales y de salud, incluidos servicios de la salud sexual, reproductiva y mental para una recuperacio\u0301n completa, y la satisfaccio\u0301n y garant\u00edas de no repeticio\u0301n, tales reparaciones deben ser adecuadas, atribuidas con prontitud, holi\u0301sticas y proporcionales a la gravedad del dan\u0303o sufrido<a class=\"tooltips\" title=\"De conformidad con la Recomendaci\u00f3n General n\u00fam. 28, la Recomendaci\u00f3n General n\u00fam. 30 y la Recomendaci\u00f3n General n\u00fam. 33 del Comit\u00e9 para la Eliminaci\u00f3n de la Discriminaci\u00f3n contra la Mujer. Disponibles en: https:\/\/www.ohchr.org\/SP\/HRBodies\/CEDAW\/Pages\/Recommenda- tions.aspx\"><sup>110<\/sup><\/a>.<\/p><p>La reparacio\u0301n integral de acuerdo a la jurisprudencia de la Corte IDH y la desarrollada por el Tribunal Constitucional Plurinacional implica:<\/p><div class=\"page\" title=\"Page 250\"><div class=\"section\"><div class=\"layoutArea\"><div class=\"column\"><p style=\"padding-left: 40px;\">1) La restitucio\u0301n; esta medida resulta ser la que deberi\u0301a devolver a la vi\u0301ctima a una situacio\u0301n ide\u0301ntica a la que se encontraba antes de sufrir alguna vulneracio\u0301n a sus derechos;<\/p><div class=\"page\" title=\"Page 251\"><div class=\"section\"><div class=\"layoutArea\"><div class=\"column\"><p style=\"padding-left: 40px;\">2) La indemnizacio\u0301n; esta medida de reparacio\u0301n es una de las ma\u0301s comunes, se refiere a una compensacio\u0301n econo\u0301mica tanto por los dan\u0303os materiales como por los inmateriales que haya sufrido la vi\u0301ctima, como consecuencia de la vulneracio\u0301n sufrida;<\/p><p style=\"padding-left: 40px;\">3) La rehabilitacio\u0301n; en casos en los que sea necesaria una atencio\u0301n adecuada a los padecimientos f\u00edsicos y psicolo\u0301gicos sufridos por las vi\u0301ctimas, por ende, las medidas de reparacio\u0301n sera\u0301n destinadas a los dan\u0303os inmateriales, principalmente a los morales y f\u00edsicos que vaya a sufrir la vi\u0301ctima como consecuencia de la violencia sufrida.<\/p><p style=\"padding-left: 40px;\">4) La satisfaccio\u0301n; esta medida tiende a generar en la vi\u0301ctima un sentimiento de reconocimiento positivo como consecuencia de los dan\u0303os que pudiere haber sufrido por la violacio\u0301n de sus derechos humanos.<\/p><p style=\"padding-left: 40px;\">5) La garant\u00eda de no repeticio\u0301n; esta medida, principalmente, esta\u0301 dirigida a mitigar los dan\u0303os colectivos, prevenir nuevos hechos o similares.<\/p><div class=\"page\" title=\"Page 251\"><div class=\"section\"><div class=\"layoutArea\"><div class=\"column\"><p>Si bien la o el juzgador es quien en definitiva determina las medidas de reparacio\u0301n, ella tomara\u0301 en cuenta las opiniones de las Instancias Promotoras de Denuncia y las que desarrollan la investigacio\u0301n, incluyendo a especialistas si fuera necesario para establecer claramente el dan\u0303o material e inmaterial causado por los hechos de violencia.<\/p><p>La Instancia Promotora de Denuncia, a partir del a\u0301rea de legal, psicologi\u0301a y social, o en su caso, la organizacio\u0301n de la sociedad civil debe apoyar la tramitacio\u0301n de la reparacio\u0301n integral del dan\u0303o ocasionado a la vi\u0301ctima y brindarle acompan\u0303amiento y seguimiento. Es importante contar con el informe socioecono\u0301mico y psicolo\u0301gico para respaldar la solicitud de reparacio\u0301n integral del dan\u0303o.<\/p><p><strong>Resarcimiento a la vi\u0301ctima por parte del agresor:<\/strong><\/p><p>En aplicacio\u0301n del art\u00edculo 98 de la Ley No. 348, ejecutoriada la sentencia, la autoridad judicial procedera\u0301 a la calificacio\u0301n y reparacio\u0301n del dan\u0303o civil; en su defecto, en aplicacio\u0301n del art\u00edculo 382 del C.P.P. la o el Fiscal de Materia podra\u0301 solicitar a la autoridad jurisdiccional competente que ordene la reparacio\u0301n del dan\u0303o causado o la indemnizacio\u0301n correspondiente. En caso que la vi\u0301ctima no se haya constituido en querellante, e\u0301sta podra\u0301 solicitar la reparacio\u0301n del dan\u0303o a trave\u0301s del Instancias promotoras de Denuncia.<\/p><p>Para el resarcimiento del dan\u0303o ocasionado a la vi\u0301ctima por parte del agresor, se debera\u0301 considerar toda disminucio\u0301n, afectacio\u0301n y menoscabo, a su estado f\u00edsico,<\/p><div class=\"page\" title=\"Page 252\"><div class=\"section\"><div class=\"layoutArea\"><div class=\"column\"><p>psicolo\u0301gico, material y\/o patrimonial como consecuencia de la violencia o del hecho delictivo cometido contra su persona; en consecuencia, debera\u0301 contar con el informe socioecono\u0301mico considerando para ello los gastos realizados emergentes del delito.<\/p><p><strong>a) Gastos<\/strong><\/p><p>Dan\u0303o primario: Comprende los gastos efectuados en la recuperacio\u0301n y tratamientos aplicados para la misma; referidos principalmente a la asistencia me\u0301dica, psicolo\u0301gica y otros en los que se hayan incurrido para el tratamiento o asesoramiento de la vi\u0301ctima durante todo el proceso penal. A efectos de determinar el dan\u0303o econo\u0301mico debera\u0301n considerarse todos aquellos elementos que permitan demostrar los gastos incurridos por la vi\u0301ctima como ser; facturas, recibos, recetas y otros.<\/p><p>Lucro cesante y dan\u0303o emergente: La vi\u0301ctima, a trave\u0301s de los agentes promotores de la denuncia, podra\u0301 solicitar el resarcimiento del dan\u0303o surgido a consecuencia del hecho, asi\u0301 como la indemnizacio\u0301n por las pe\u0301rdidas de beneficios mientras la vi\u0301ctima se encontraba inhabilitada por su propia recuperacio\u0301n y el periodo de duracio\u0301n del proceso penal, asi\u0301 como la incapacidad sobreviniente al hecho.<\/p><p>Dan\u0303o secundario: Gastos producidos durante el proceso judicial (perdida del an\u0303o escolar, o pe\u0301rdida de otros estudios en institutos, cambio de unidad educativa, costos).<\/p><p><strong>b) Dan\u0303o moral y social<\/strong><\/p><p>Dan\u0303o terciario: Se debera\u0301 realizar un informe del dan\u0303o social. En esta valoracio\u0301n se tiene que ver co\u0301mo la vi\u0301ctima ha sido perjudicada\/o, comparando la situacio\u0301n anterior y actual de la vi\u0301ctima; co\u0301mo el desarrollo del proceso penal ha trastornado su desarrollo educativo, su relacionamiento familiar y su situacio\u0301n personal. Un Ejemplo claro es co\u0301mo la vi\u0301ctima ha sufrido estigmatizacio\u0301n por sus pares en la unidad educativa o provocada por los medios de comunicacio\u0301n, razo\u0301n por la cual la familia decide cambiarla\/o de unidad educativa, cambiarse de vivienda, etc.<\/p><p><strong>c) Aspectos necesarios para cuantificar los dan\u0303os<\/strong><\/p><p>Se requerira\u0301 una valoracio\u0301n psicolo\u0301gica que pueda determinar: La repercusio\u0301n y consecuencias del hecho en todas las a\u0301reas de la vida de la vi\u0301ctima, asi\u0301 como determinar el tipo y consecuente periodo de tratamiento aproximado. Tambie\u0301n se solicitara\u0301 una pericia social para la valoracio\u0301n del dan\u0303o de la vi\u0301ctima y su entorno.<\/p><div class=\"page\" title=\"Page 253\"><div class=\"section\"><div class=\"layoutArea\"><div class=\"column\"><p><strong>Reparacio\u0301n en caso de salidas alternativas<\/strong><\/p><p>Para la viabilidad de las salidas alternativas, la o el Fiscal de Materia debera\u0301 exigir:<\/p><ul><li><p>En la suspensio\u0301n condicional del proceso, la reparacio\u0301n integral del dan\u0303o y garantizar el cumplimiento de la derivacio\u0301n terape\u0301utica y dema\u0301s condiciones y reglas que establece el CPP.<\/p><\/li><li><p><span style=\"font-size: 16px;\">En los casos de aplicacio\u0301n excepcional de la conciliacio\u0301n, de igual manera debe consignarse la reparacio\u0301n del dan\u0303o integral a la vi\u0301ctima en el acuerdo conciliatorio y co\u0301mo se alcanzara\u0301 e\u0301ste y los plazos. Esta determinacio\u0301n no rige para nin\u0303as, nin\u0303os y adolescentes, en los cuales esta\u0301 prohibida toda forma de conciliacio\u0301n.<\/span><\/p><\/li><\/ul><p><strong>Restitucio\u0301n<\/strong><\/p><p>Desde el enfoque terape\u0301utico, se entendera\u0301 como reparacio\u0301n integral del dan\u0303o al proceso concluido de las etapas o sesiones que la vi\u0301ctima recibio\u0301 durante el proceso penal o despue\u0301s del mismo. En algunas entidades se marcara\u0301 una ruta clara para llegar a la restitucio\u0301n psicoemocional bajo los enfoques psicoterape\u0301uticos que gui\u0301en las intervenciones o que proponga el equipo de profesionales de las instituciones establecidas para este trabajo. Se reconoce, bajo los criterios psicolo\u0301gicos, que la violencia, en especial sexual, deja huellas significativas, por esta razo\u0301n cada institucio\u0301n abordara\u0301 el trabajo psicoterape\u0301utico con la vi\u0301ctima y con su entorno familiar, para que el efecto de reelaboracio\u0301n de la situacio\u0301n vivida, la eleccio\u0301n de nuevas habilidades sociales o fortalecimiento de las mismas, apoyen de gran manera a su relacionamiento cotidiano con todo su entorno durante su vida.<\/p><p>La restitucio\u0301n del dan\u0303o integral representa entonces la culminacio\u0301n del proceso legal con una sentencia condenatoria y con todo un camino psicolo\u0301gico terape\u0301utico recorrido por la vi\u0301ctima.<\/p><p><strong>Reincorporacio\u0301n de la vi\u0301ctima<\/strong><\/p><p>Trata\u0301ndose de nin\u0303as, nin\u0303os y adolescentes el objetivo de la reincorporacio\u0301n de la vi\u0301ctima a todos los espacios de su entorno familiar y social, es para fortalecer su autonomi\u0301a a partir de condiciones ba\u0301sicas necesarias que haya logrado en las sesiones que el\/la terapeuta haya previsto. Se buscara\u0301 la reincorporacio\u0301n psicoafectiva en los primeros espacios donde la vi\u0301ctima se desarrolla o vive (familia, unidad educativa y otros). La reinsercio\u0301n a su cotidianidad debera\u0301 contemplar el respeto, dignidad, equidad, confianza y comprensio\u0301n de la vi\u0301ctima para su autoafirmacio\u0301n personal en sus dimensiones social, cognitiva, vocacional, sexual y espiritual.<\/p><\/div><\/div><\/div><\/div><\/div><\/div><\/div><\/div><\/div><\/div><\/div><\/div><\/div><\/div><\/div><\/div><\/div><\/div><\/div><\/div><\/div><\/div><\/div><\/div><\/div>\n\t\t\t\t<\/div>\n\t\t\t\t<\/div>\n\t\t\t\t\t\t<\/div>\n\t\t\t\t\t<\/div>\n\t\t<\/div>\n\t\t\t\t\t\t\t\t<\/div>\n\t\t\t\t\t<\/div>\n\t\t<\/section>\n\t\t\t\t\t\t<\/div>\n\t\t\t\t\t\t<\/div>\n\t\t\t\t\t<\/div>\n\t\t","protected":false},"excerpt":{"rendered":"<p>El derecho a la reparacio\u0301n, en el caso boliviano, esta\u0301 constitucionalmente reconocido en el art\u00edculo 113.I, que establece las medidas tendientes a mitigar los dan\u0303os ocasionados por la vulneracio\u0301n de derechos cuando sen\u0303ala que: \u201cLa vulneracio\u0301n de los derechos concede a las vi\u0301ctimas el derecho a la indemnizacio\u0301n, reparacio\u0301n y resarcimiento de dan\u0303os y perjuicios &hellip;<\/p>\n<p class=\"read-more\"> <a class=\"\" href=\"https:\/\/alvi.centrojuanaazurduy.org\/index.php\/3-3-tercera-fase-reparacion-integral\/\"> <span class=\"screen-reader-text\">3.3. TERCERA FASE: REPARACI\u00d3N INTEGRAL<\/span> Leer m\u00e1s &raquo;<\/a><\/p>\n","protected":false},"author":1,"featured_media":0,"comment_status":"closed","ping_status":"closed","sticky":false,"template":"","format":"standard","meta":{"footnotes":""},"categories":[9],"tags":[],"class_list":["post-3879","post","type-post","status-publish","format-standard","hentry","category-protocolo-sepmud"],"_links":{"self":[{"href":"https:\/\/alvi.centrojuanaazurduy.org\/index.php\/wp-json\/wp\/v2\/posts\/3879","targetHints":{"allow":["GET"]}}],"collection":[{"href":"https:\/\/alvi.centrojuanaazurduy.org\/index.php\/wp-json\/wp\/v2\/posts"}],"about":[{"href":"https:\/\/alvi.centrojuanaazurduy.org\/index.php\/wp-json\/wp\/v2\/types\/post"}],"author":[{"embeddable":true,"href":"https:\/\/alvi.centrojuanaazurduy.org\/index.php\/wp-json\/wp\/v2\/users\/1"}],"replies":[{"embeddable":true,"href":"https:\/\/alvi.centrojuanaazurduy.org\/index.php\/wp-json\/wp\/v2\/comments?post=3879"}],"version-history":[{"count":3,"href":"https:\/\/alvi.centrojuanaazurduy.org\/index.php\/wp-json\/wp\/v2\/posts\/3879\/revisions"}],"predecessor-version":[{"id":4125,"href":"https:\/\/alvi.centrojuanaazurduy.org\/index.php\/wp-json\/wp\/v2\/posts\/3879\/revisions\/4125"}],"wp:attachment":[{"href":"https:\/\/alvi.centrojuanaazurduy.org\/index.php\/wp-json\/wp\/v2\/media?parent=3879"}],"wp:term":[{"taxonomy":"category","embeddable":true,"href":"https:\/\/alvi.centrojuanaazurduy.org\/index.php\/wp-json\/wp\/v2\/categories?post=3879"},{"taxonomy":"post_tag","embeddable":true,"href":"https:\/\/alvi.centrojuanaazurduy.org\/index.php\/wp-json\/wp\/v2\/tags?post=3879"}],"curies":[{"name":"wp","href":"https:\/\/api.w.org\/{rel}","templated":true}]}}