{"id":3873,"date":"2021-01-09T19:27:39","date_gmt":"2021-01-09T23:27:39","guid":{"rendered":"http:\/\/gavvi.monstruoestudio.com\/?p=3873"},"modified":"2021-06-05T08:55:45","modified_gmt":"2021-06-05T12:55:45","slug":"3-2-segunda-fase-procesamiento-de-la-denuncia-de-violencia","status":"publish","type":"post","link":"https:\/\/alvi.centrojuanaazurduy.org\/index.php\/3-2-segunda-fase-procesamiento-de-la-denuncia-de-violencia\/","title":{"rendered":"3.2. SEGUNDA FASE: PROCESAMIENTO DE LA DENUNCIA DE VIOLENCIA"},"content":{"rendered":"\t\t<div data-elementor-type=\"wp-post\" data-elementor-id=\"3873\" class=\"elementor elementor-3873\" data-elementor-settings=\"[]\">\n\t\t\t\t\t\t<div class=\"elementor-inner\">\n\t\t\t\t\t\t\t<div class=\"elementor-section-wrap\">\n\t\t\t\t\t\t\t<section class=\"elementor-section elementor-top-section elementor-element elementor-element-34798ed elementor-section-boxed elementor-section-height-default elementor-section-height-default\" data-id=\"34798ed\" data-element_type=\"section\">\n\t\t\t\t\t\t<div class=\"elementor-container elementor-column-gap-default\">\n\t\t\t\t\t\t\t<div class=\"elementor-row\">\n\t\t\t\t\t<div class=\"elementor-column elementor-col-100 elementor-top-column elementor-element elementor-element-33b11ae\" data-id=\"33b11ae\" data-element_type=\"column\">\n\t\t\t<div class=\"elementor-column-wrap elementor-element-populated\">\n\t\t\t\t\t\t\t<div class=\"elementor-widget-wrap\">\n\t\t\t\t\t\t<div class=\"elementor-element elementor-element-266ac64 elementor-widget elementor-widget-theme-post-title elementor-page-title elementor-widget-heading\" data-id=\"266ac64\" data-element_type=\"widget\" data-widget_type=\"theme-post-title.default\">\n\t\t\t\t<div class=\"elementor-widget-container\">\n\t\t\t<h1 class=\"elementor-heading-title elementor-size-default\">3.2. SEGUNDA FASE: PROCESAMIENTO DE LA DENUNCIA DE VIOLENCIA<\/h1>\t\t<\/div>\n\t\t\t\t<\/div>\n\t\t\t\t\t\t<\/div>\n\t\t\t\t\t<\/div>\n\t\t<\/div>\n\t\t\t\t\t\t\t\t<\/div>\n\t\t\t\t\t<\/div>\n\t\t<\/section>\n\t\t\t\t<section class=\"elementor-section elementor-top-section elementor-element elementor-element-68a216f elementor-section-boxed elementor-section-height-default elementor-section-height-default\" data-id=\"68a216f\" data-element_type=\"section\">\n\t\t\t\t\t\t<div class=\"elementor-container elementor-column-gap-default\">\n\t\t\t\t\t\t\t<div class=\"elementor-row\">\n\t\t\t\t\t<div class=\"elementor-column elementor-col-100 elementor-top-column elementor-element elementor-element-0c90fb6\" data-id=\"0c90fb6\" data-element_type=\"column\">\n\t\t\t<div class=\"elementor-column-wrap elementor-element-populated\">\n\t\t\t\t\t\t\t<div class=\"elementor-widget-wrap\">\n\t\t\t\t\t\t<div class=\"elementor-element elementor-element-76c2f82 elementor-widget elementor-widget-text-editor\" data-id=\"76c2f82\" data-element_type=\"widget\" data-widget_type=\"text-editor.default\">\n\t\t\t\t<div class=\"elementor-widget-container\">\n\t\t\t\t\t<div class=\"elementor-text-editor elementor-clearfix\"><div class=\"page\" title=\"Page 157\">\n<div class=\"section\">\n<div class=\"layoutArea\">\n<div class=\"column\">\n\nTodo hecho de violencia contra ni\u00f1as, ni\u00f1os, adolescentes y mujeres podr\u00e1 ser denunciado por la v\u00edctima o cualquier persona que conozca del hecho delictivo.\n<div class=\"page\" title=\"Page 157\">\n<div class=\"section\">\n<div class=\"layoutArea\">\n<div class=\"column\">\n\n<span style=\"color: #43358b;\"><strong>\u00bfCu\u00e1les son las instancias receptoras de denuncia?<\/strong><\/span>\n<div class=\"page\" title=\"Page 157\">\n<div class=\"section\">\n<div class=\"layoutArea\">\n<div class=\"column\">\n<div class=\"page\" title=\"Page 158\">\n<div class=\"section\">\n<div class=\"layoutArea\">\n<div class=\"column\">Las \u00fanicas instancias encargadas de recepcionar la denuncia, para su posterior investigaci\u00f3n son:<\/div>\n<ul>\n \t<li>El Ministerio P\u00fablico del lugar donde se produjo el hecho o si no tuviera presencia, el m\u00e1s pr\u00f3ximo.<\/li>\n \t<li>La Polic\u00eda Boliviana a trav\u00e9s de la Fuerza Especial de Lucha contra la Violencia (FELCV) u otros funcionarios policiales donde no exista presencia de este organismo.<\/li>\n<\/ul>\nEstas instancias son las encargadas de recepcionar la denuncia, sea verbal o escrita, ejecutar la investigaci\u00f3n y procesamiento de la misma conforme las previsiones del C\u00f3digo de Procedimiento Penal (CPP). La denuncia v\u00eda una Instancia Promotora debe ser presentada al Ministerio P\u00fablico.\nLa calificaci\u00f3n jur\u00eddica de los hechos que pueda utilizar la v\u00edctima en sus declaraciones tiene que ser valorada tomando en cuenta el significado com\u00fanmente dado a las palabras utilizadas, el cual no necesariamente corresponde a su definici\u00f3n jur\u00eddica<a class=\"tooltips\" title=\"Corte IDH, Caso J. vs. Per\u00fa. Excepci\u00f3n preliminar, fondo, reparaciones y costas. Sentencia del 27\nde noviembre 2013, p\u00e1rr. 324.\"><sup>83<\/sup><\/a>.\n\n<\/div>\n<\/div>\n<\/div>\n<\/div>\n<\/div>\n<\/div>\n<\/div>\n<\/div>\n<\/div>\n<\/div>\n<\/div>\n<\/div>\n<\/div>\n<\/div>\n<\/div><\/div>\n\t\t\t\t<\/div>\n\t\t\t\t<\/div>\n\t\t\t\t\t\t<\/div>\n\t\t\t\t\t<\/div>\n\t\t<\/div>\n\t\t\t\t\t\t\t\t<\/div>\n\t\t\t\t\t<\/div>\n\t\t<\/section>\n\t\t\t\t<section class=\"elementor-section elementor-top-section elementor-element elementor-element-1acb89d elementor-section-boxed elementor-section-height-default elementor-section-height-default\" data-id=\"1acb89d\" data-element_type=\"section\" data-settings=\"{&quot;background_background&quot;:&quot;classic&quot;}\">\n\t\t\t\t\t\t<div class=\"elementor-container elementor-column-gap-default\">\n\t\t\t\t\t\t\t<div class=\"elementor-row\">\n\t\t\t\t\t<div class=\"elementor-column elementor-col-100 elementor-top-column elementor-element elementor-element-62b9801\" data-id=\"62b9801\" data-element_type=\"column\">\n\t\t\t<div class=\"elementor-column-wrap elementor-element-populated\">\n\t\t\t\t\t\t\t<div class=\"elementor-widget-wrap\">\n\t\t\t\t\t\t<div class=\"elementor-element elementor-element-13eccad elementor-widget elementor-widget-text-editor\" data-id=\"13eccad\" data-element_type=\"widget\" data-widget_type=\"text-editor.default\">\n\t\t\t\t<div class=\"elementor-widget-container\">\n\t\t\t\t\t<div class=\"elementor-text-editor elementor-clearfix\"><div class=\"page\" title=\"Page 15\"><div class=\"section\"><div class=\"layoutArea\"><div class=\"column\"><div class=\"page\" title=\"Page 24\"><div class=\"section\"><div class=\"layoutArea\"><div class=\"column\"><div class=\"page\" title=\"Page 24\"><div class=\"section\"><div class=\"layoutArea\"><div class=\"column\"><div class=\"page\" title=\"Page 169\"><div class=\"section\"><div class=\"layoutArea\"><div class=\"column\"><p style=\"text-align: center;\">EN LOS LUGARES DONDE NO EXISTAN DEPENDENCIAS DEL MINISTERIO<br \/>P\u00daBLICO, FELCV, DNA, SLIM U OTRA INSTITUCI\u00d3N, FRENTE A LA COMISI\u00d3N<br \/>DE UN HECHO DELICTIVO, LA DENUNCIA DEBER\u00c1 REALIZARSE EN LA POLIC\u00cdA<br \/>O ANTE UN EFECTIVO POLICIAL QUE SE ENCUENTRE EN LA POBLACI\u00d3N O<br \/>COMUNIDAD; EN AUSENCIA DE \u00c9STE, TENDR\u00c1 QUE REALIZARSE ANTE UNA<br \/>AUTORIDAD ADMINISTRATIVA, DIRIGENTE COMUNAL Y\/O AUTORIDAD<br \/>IND\u00cdGENA ORIGINARIO CAMPESINA, Y \u00c9STOS INMEDIATAMENTE DEBER\u00c1N<br \/>DAR A CONOCER DEL HECHO AL FISCAL DE MATERIA M\u00c1S PR\u00d3XIMO.<\/p><\/div><\/div><\/div><\/div><\/div><\/div><\/div><\/div><\/div><\/div><\/div><\/div><\/div><\/div><\/div><\/div><\/div>\n\t\t\t\t<\/div>\n\t\t\t\t<\/div>\n\t\t\t\t\t\t<\/div>\n\t\t\t\t\t<\/div>\n\t\t<\/div>\n\t\t\t\t\t\t\t\t<\/div>\n\t\t\t\t\t<\/div>\n\t\t<\/section>\n\t\t\t\t<section class=\"elementor-section elementor-top-section elementor-element elementor-element-7121166 elementor-section-boxed elementor-section-height-default elementor-section-height-default\" data-id=\"7121166\" data-element_type=\"section\">\n\t\t\t\t\t\t<div class=\"elementor-container elementor-column-gap-default\">\n\t\t\t\t\t\t\t<div class=\"elementor-row\">\n\t\t\t\t\t<div class=\"elementor-column elementor-col-100 elementor-top-column elementor-element elementor-element-353ffc2\" data-id=\"353ffc2\" data-element_type=\"column\">\n\t\t\t<div class=\"elementor-column-wrap elementor-element-populated\">\n\t\t\t\t\t\t\t<div class=\"elementor-widget-wrap\">\n\t\t\t\t\t\t<div class=\"elementor-element elementor-element-9b4263b elementor-widget elementor-widget-text-editor\" data-id=\"9b4263b\" data-element_type=\"widget\" data-widget_type=\"text-editor.default\">\n\t\t\t\t<div class=\"elementor-widget-container\">\n\t\t\t\t\t<div class=\"elementor-text-editor elementor-clearfix\"><div class=\"page\" title=\"Page 158\"><div class=\"section\"><div class=\"layoutArea\"><div class=\"column\"><div class=\"page\" title=\"Page 170\"><div class=\"section\"><div class=\"layoutArea\"><div class=\"column\"><p>En ning\u00fan caso podr\u00e1 sugerirse a la v\u00edctima no presentar la denuncia o desistir de continuar con el proceso BAJO RESPONSABILIDAD POR EL DELITO DE INCUMPLIMIENTO DE DEBERES ART\u00cdCULOS 154 y 154 BIS, LEY No. 348.<\/p><p>La denuncia no puede dejar de ser recepcionada bajo el justificativo de que el domicilio de la v\u00edctima o el hecho de violencia se haya cometido en otra zona o distrito distinto al lugar donde se presenta la denuncia, debiendo registrarse en el formulario \u00fanico, realizar las diligencias preliminares, imponer en los casos necesarios las medidas de protecci\u00f3n de car\u00e1cter urgente previa valoraci\u00f3n de riesgo y luego derivar el caso a la oficina que corresponda.<\/p><\/div><\/div><\/div><\/div><\/div><\/div><\/div><\/div><\/div>\n\t\t\t\t<\/div>\n\t\t\t\t<\/div>\n\t\t\t\t\t\t<\/div>\n\t\t\t\t\t<\/div>\n\t\t<\/div>\n\t\t\t\t\t\t\t\t<\/div>\n\t\t\t\t\t<\/div>\n\t\t<\/section>\n\t\t\t\t<section class=\"elementor-section elementor-top-section elementor-element elementor-element-38c2ed4 elementor-section-boxed elementor-section-height-default elementor-section-height-default\" data-id=\"38c2ed4\" data-element_type=\"section\">\n\t\t\t\t\t\t<div class=\"elementor-container elementor-column-gap-default\">\n\t\t\t\t\t\t\t<div class=\"elementor-row\">\n\t\t\t\t\t<div class=\"elementor-column elementor-col-100 elementor-top-column elementor-element elementor-element-d888231\" data-id=\"d888231\" data-element_type=\"column\">\n\t\t\t<div class=\"elementor-column-wrap elementor-element-populated\">\n\t\t\t\t\t\t\t<div class=\"elementor-widget-wrap\">\n\t\t\t\t\t\t<div class=\"elementor-element elementor-element-2abaa39 elementor-widget elementor-widget-heading\" data-id=\"2abaa39\" data-element_type=\"widget\" data-widget_type=\"heading.default\">\n\t\t\t\t<div class=\"elementor-widget-container\">\n\t\t\t<h2 class=\"elementor-heading-title elementor-size-default\">3.2.1 RECEPCI\u00d3N DE LA DENUNCIA EN LA POLIC\u00cdA<\/h2>\t\t<\/div>\n\t\t\t\t<\/div>\n\t\t\t\t\t\t<\/div>\n\t\t\t\t\t<\/div>\n\t\t<\/div>\n\t\t\t\t\t\t\t\t<\/div>\n\t\t\t\t\t<\/div>\n\t\t<\/section>\n\t\t\t\t<section class=\"elementor-section elementor-top-section elementor-element elementor-element-64eb474 elementor-section-boxed elementor-section-height-default elementor-section-height-default\" data-id=\"64eb474\" data-element_type=\"section\">\n\t\t\t\t\t\t<div class=\"elementor-container elementor-column-gap-default\">\n\t\t\t\t\t\t\t<div class=\"elementor-row\">\n\t\t\t\t\t<div class=\"elementor-column elementor-col-100 elementor-top-column elementor-element elementor-element-c8812e8\" data-id=\"c8812e8\" data-element_type=\"column\">\n\t\t\t<div class=\"elementor-column-wrap elementor-element-populated\">\n\t\t\t\t\t\t\t<div class=\"elementor-widget-wrap\">\n\t\t\t\t\t\t<div class=\"elementor-element elementor-element-c3c900d elementor-widget elementor-widget-text-editor\" data-id=\"c3c900d\" data-element_type=\"widget\" data-widget_type=\"text-editor.default\">\n\t\t\t\t<div class=\"elementor-widget-container\">\n\t\t\t\t\t<div class=\"elementor-text-editor elementor-clearfix\"><div title=\"Page 158\"><div><div><div><div title=\"Page 170\"><div><div><div><p>La Polic\u00eda Boliviana puede tener conocimiento del caso a trav\u00e9s de tres v\u00edas:<\/p><ul><li>Presentaci\u00f3n directa de la denuncia por parte de la v\u00edctima.<\/li><li>Derivaci\u00f3n por instituciones p\u00fablicas (Instancias Promotoras de la Denuncia), privadas o denuncia de personas particulares.<\/li><li>Intervenci\u00f3n policial preventiva o acci\u00f3n directa del primer efectivo policial que tuvo conocimiento del hecho.<\/li><\/ul><\/div><\/div><\/div><\/div><\/div><\/div><\/div><\/div><\/div>\n\t\t\t\t<\/div>\n\t\t\t\t<\/div>\n\t\t\t\t\t\t<\/div>\n\t\t\t\t\t<\/div>\n\t\t<\/div>\n\t\t\t\t\t\t\t\t<\/div>\n\t\t\t\t\t<\/div>\n\t\t<\/section>\n\t\t\t\t<section class=\"elementor-section elementor-top-section elementor-element elementor-element-757150e elementor-section-boxed elementor-section-height-default elementor-section-height-default\" data-id=\"757150e\" data-element_type=\"section\">\n\t\t\t\t\t\t<div class=\"elementor-container elementor-column-gap-default\">\n\t\t\t\t\t\t\t<div class=\"elementor-row\">\n\t\t\t\t\t<div class=\"elementor-column elementor-col-100 elementor-top-column elementor-element elementor-element-d528552\" data-id=\"d528552\" data-element_type=\"column\">\n\t\t\t<div class=\"elementor-column-wrap elementor-element-populated\">\n\t\t\t\t\t\t\t<div class=\"elementor-widget-wrap\">\n\t\t\t\t\t\t<div class=\"elementor-element elementor-element-ab9d2c1 elementor-widget elementor-widget-text-editor\" data-id=\"ab9d2c1\" data-element_type=\"widget\" data-widget_type=\"text-editor.default\">\n\t\t\t\t<div class=\"elementor-widget-container\">\n\t\t\t\t\t<div class=\"elementor-text-editor elementor-clearfix\"><div class=\"page\" title=\"Page 158\"><div class=\"section\"><div class=\"layoutArea\"><div class=\"column\"><div class=\"page\" title=\"Page 170\"><div class=\"section\"><div class=\"layoutArea\"><div class=\"column\"><p>La Polic\u00eda Boliviana suele ser la primera instituci\u00f3n a la que acuden las v\u00edctimas, realizando un papel fundamental en la recepci\u00f3n de la denuncia, en la valoraci\u00f3n del riesgo, disposici\u00f3n de medidas de protecci\u00f3n urgentes y las primeras actuaciones, as\u00ed como las investigaciones bajo la direcci\u00f3n funcional del Ministerio P\u00fablico.<\/p><\/div><\/div><\/div><\/div><\/div><\/div><\/div><\/div><\/div>\n\t\t\t\t<\/div>\n\t\t\t\t<\/div>\n\t\t\t\t\t\t<\/div>\n\t\t\t\t\t<\/div>\n\t\t<\/div>\n\t\t\t\t\t\t\t\t<\/div>\n\t\t\t\t\t<\/div>\n\t\t<\/section>\n\t\t\t\t<section class=\"elementor-section elementor-top-section elementor-element elementor-element-b23451e elementor-section-boxed elementor-section-height-default elementor-section-height-default\" data-id=\"b23451e\" data-element_type=\"section\" data-settings=\"{&quot;background_background&quot;:&quot;classic&quot;}\">\n\t\t\t\t\t\t<div class=\"elementor-container elementor-column-gap-default\">\n\t\t\t\t\t\t\t<div class=\"elementor-row\">\n\t\t\t\t\t<div class=\"elementor-column elementor-col-100 elementor-top-column elementor-element elementor-element-09f628a\" data-id=\"09f628a\" data-element_type=\"column\">\n\t\t\t<div class=\"elementor-column-wrap elementor-element-populated\">\n\t\t\t\t\t\t\t<div class=\"elementor-widget-wrap\">\n\t\t\t\t\t\t<div class=\"elementor-element elementor-element-59ff5dc elementor-widget elementor-widget-text-editor\" data-id=\"59ff5dc\" data-element_type=\"widget\" data-widget_type=\"text-editor.default\">\n\t\t\t\t<div class=\"elementor-widget-container\">\n\t\t\t\t\t<div class=\"elementor-text-editor elementor-clearfix\"><div class=\"page\" title=\"Page 15\"><div class=\"section\"><div class=\"layoutArea\"><div class=\"column\"><div class=\"page\" title=\"Page 24\"><div class=\"section\"><div class=\"layoutArea\"><div class=\"column\"><div class=\"page\" title=\"Page 24\"><div class=\"section\"><div class=\"layoutArea\"><div class=\"column\"><div class=\"page\" title=\"Page 169\"><div class=\"section\"><div class=\"layoutArea\"><div class=\"column\"><p style=\"text-align: center;\">LA POLIC\u00cdA BOLIVIANA DEBER\u00c1 REGIRSE EN SUS ACTUACIONES AL<br \/>MOMENTO DE LA RECEPCI\u00d3N DE LA DENUNCIA BAJO EL PRINCIPIO DE<br \/>INFORMALIDAD PREVISTO EN EL ART. 4 N\u00daM. 11 DE LA LEY No. 348, EL DE<br \/>DESFORMALIZACI\u00d3N DEL ART. 193 B) DE LA LEY No. 548 Y EL ART. 285 DEL<br \/>C\u00d3DIGO DE PROCEDIMIENTO PENAL<\/p><\/div><\/div><\/div><\/div><\/div><\/div><\/div><\/div><\/div><\/div><\/div><\/div><\/div><\/div><\/div><\/div><\/div>\n\t\t\t\t<\/div>\n\t\t\t\t<\/div>\n\t\t\t\t\t\t<\/div>\n\t\t\t\t\t<\/div>\n\t\t<\/div>\n\t\t\t\t\t\t\t\t<\/div>\n\t\t\t\t\t<\/div>\n\t\t<\/section>\n\t\t\t\t<section class=\"elementor-section elementor-top-section elementor-element elementor-element-5de810b elementor-section-boxed elementor-section-height-default elementor-section-height-default\" data-id=\"5de810b\" data-element_type=\"section\">\n\t\t\t\t\t\t<div class=\"elementor-container elementor-column-gap-default\">\n\t\t\t\t\t\t\t<div class=\"elementor-row\">\n\t\t\t\t\t<div class=\"elementor-column elementor-col-100 elementor-top-column elementor-element elementor-element-697b2ad\" data-id=\"697b2ad\" data-element_type=\"column\">\n\t\t\t<div class=\"elementor-column-wrap elementor-element-populated\">\n\t\t\t\t\t\t\t<div class=\"elementor-widget-wrap\">\n\t\t\t\t\t\t<div class=\"elementor-element elementor-element-53b03cc elementor-widget elementor-widget-text-editor\" data-id=\"53b03cc\" data-element_type=\"widget\" data-widget_type=\"text-editor.default\">\n\t\t\t\t<div class=\"elementor-widget-container\">\n\t\t\t\t\t<div class=\"elementor-text-editor elementor-clearfix\"><div class=\"page\" title=\"Page 158\"><div class=\"section\"><div class=\"layoutArea\"><div class=\"column\"><div class=\"page\" title=\"Page 170\"><div class=\"section\"><div class=\"layoutArea\"><div class=\"column\"><p><strong>A. RECEPCI\u00d3N DE DENUNCIAS DIRECTAS Y POR DERIVACI\u00d3N<\/strong><\/p><p>El personal policial debe actuar con la debida diligencia a la hora de recibir una denuncia, atendiendo a las especificidades propias de la cuesti\u00f3n que es puesta a su conocimiento para que la respuesta que se brinde sea eficaz.<\/p><\/div><\/div><\/div><\/div><\/div><\/div><\/div><\/div><\/div>\n\t\t\t\t<\/div>\n\t\t\t\t<\/div>\n\t\t\t\t\t\t<\/div>\n\t\t\t\t\t<\/div>\n\t\t<\/div>\n\t\t\t\t\t\t\t\t<\/div>\n\t\t\t\t\t<\/div>\n\t\t<\/section>\n\t\t\t\t<section class=\"elementor-section elementor-top-section elementor-element elementor-element-312da09 elementor-section-boxed elementor-section-height-default elementor-section-height-default\" data-id=\"312da09\" data-element_type=\"section\">\n\t\t\t\t\t\t<div class=\"elementor-container elementor-column-gap-default\">\n\t\t\t\t\t\t\t<div class=\"elementor-row\">\n\t\t\t\t\t<div class=\"elementor-column elementor-col-100 elementor-top-column elementor-element elementor-element-b900324\" data-id=\"b900324\" data-element_type=\"column\">\n\t\t\t<div class=\"elementor-column-wrap elementor-element-populated\">\n\t\t\t\t\t\t\t<div class=\"elementor-widget-wrap\">\n\t\t\t\t\t\t<div class=\"elementor-element elementor-element-f71a14f elementor-widget elementor-widget-text-editor\" data-id=\"f71a14f\" data-element_type=\"widget\" data-widget_type=\"text-editor.default\">\n\t\t\t\t<div class=\"elementor-widget-container\">\n\t\t\t\t\t<div class=\"elementor-text-editor elementor-clearfix\"><div title=\"Page 158\">\n<div title=\"Page 170\">\n<div title=\"Page 170\">\n<div title=\"Page 170\">\n<div title=\"Page 170\">\n<div title=\"Page 171\">\n<div title=\"Page 171\">\n\nLa recepci\u00f3n de la denuncia deber\u00e1 tomar en cuenta las siguientes directrices:\n<table cellspacing=\"0\" cellpadding=\"0\">\n<tbody>\n<tr>\n<td valign=\"middle\"><span style=\"color: #000000; font-family: Ubuntu; font-size: xx-large;\"><b>1<\/b><\/span><\/td>\n<td valign=\"middle\"><strong>Registro obligatorio<\/strong>\n\nLa autoridad policial recepcionar\u00e1 la denuncia en el Formulario \u00danico de Denuncia de acuerdo a lo dispuesto en la Ley No. 1173, en el sistema de registro de denuncias.Cuando no se tenga acceso al sistema inform\u00e1tico la denuncia deber\u00e1 ser llenada en el Formulario \u00danico de Denuncia (Ver Anexo 1) de forma digital o f\u00edsica y puesta en conocimiento del Ministerio P\u00fablico inmediatamente y m\u00e1ximo dentro del plazo de 8 horas, en caso de existir personas arrestadas o aprehendidas, tal situaci\u00f3n debe hacerse constar tambi\u00e9n y remitirse al Ministerio P\u00fablico. (Art. 227 CPP).En el llenado de la denuncia debe incluirse toda la informaci\u00f3n posible solicitada en los campos abiertos, en especial el relato de los hechos debe recoger informaci\u00f3n sobre \u00bfCU\u00c1NDO? (elementos de tiempo, fecha del hecho), \u00bfD\u00d3NDE? (elementos de localizaci\u00f3n, lugar del hecho), \u00bfQUI\u00c9N HIZO? (protagonista, denunciado), \u00bfQU\u00c9 HIZO? (conducta, agresiones) \u00bfA QUI\u00c9N SE LO HIZO? (v\u00edctima), \u00bfC\u00d3MO LO HIZO? (circunstancias de modo, instrumentos, etc., descripci\u00f3n de la conducta) y \u00bfCU\u00c1L FUE EL RESULTADO? (resultados del hecho, da\u00f1o, lesiones) sin que ello implique efectuar, necesariamente, un interrogatorio exhaustivo a la v\u00edctima, respetando el formato del Formulario \u00danico de Denuncia. Deben describirse los hechos utilizando los t\u00e9rminos empleados por la denunciante.\n\nUna de las expresiones m\u00e1s extendidas de la violencia de g\u00e9nero es la violencia dom\u00e9stica por lo que en estos casos, debe comprenderse que si bien se est\u00e1 denunciando un hecho puntual constitutivo de un delito, dicho suceso transcurre en el marco de una relaci\u00f3n afectiva y\/o de intimidad, presente o pasada, generalmente en el \u00e1mbito de una esfera privada, donde la presencia de testigos es nula o escasa y en las que incluso, a veces, seg\u00fan el tipo de delito la evidencia f\u00edsica no siempre estar\u00e1 presente. Es por esta raz\u00f3n que el tipo de v\u00ednculo y el contexto, son de vital importancia pues ella m\u00e1s adelante contribuir\u00e1n a generar en la autoridad jurisdiccional convicci\u00f3n sobre la veracidad del relato de la v\u00edctima.\n<p style=\"text-align: center;\"><strong>EL EFECTIVO POLICIAL NO DEBER\u00c1 EXIGIR A LA<\/strong>\n<strong>V\u00cdCTIMA LA PRESENTACI\u00d3N DE CERTIFICADOS<\/strong>\n<strong>M\u00c9DICOS, INFORMES PSICOL\u00d3GICOS O CUALQUIER<\/strong>\n<strong>OTRA FORMALIDAD PARA RECIBIR LA DENUNCIA.<\/strong>\n<strong>(ART. 86, NUMERAL 9<\/strong>\n<strong>Y ART. 92 DE LA LEY No. 348, ART. 285 DE LA LEY No.<\/strong>\n<strong>1173 Y ART. 193 INC. B. DE LA LEY No. 548).<\/strong><\/p>\nUna vez que el caso sea de conocimiento de la FELCV (Plataforma de Atenci\u00f3n) y el hecho constituya delito, deber\u00e1 realizarse la valoraci\u00f3n de riesgo y en su caso disponer las medidas de protecci\u00f3n especial de car\u00e1cter urgente que correspondan, luego se asignar\u00e1 de FORMA INMEDIATA y por orden correlativo de la denuncia, a una investigadora o investigador asignado al caso.<\/td>\n<\/tr>\n<tr>\n<td valign=\"middle\"><span style=\"color: #000000; font-family: Ubuntu; font-size: xx-large;\"><b>2<\/b><\/span><\/td>\n<td valign=\"middle\"><strong>Proporcionar int\u00e9rpretes<\/strong>\n\nSe deber\u00e1 tener identificado al personal que hable idiomas distintos al espa\u00f1ol, en caso de requerirlo la v\u00edctima adem\u00e1s de contar con una lista de int\u00e9rpretes e instituciones que puedan brindar este apoyo.<\/td>\n<\/tr>\n<tr>\n<td valign=\"middle\"><span style=\"color: #000000; font-family: Ubuntu; font-size: xx-large;\"><b>3<\/b><\/span><\/td>\n<td valign=\"middle\"><strong>Apoyo para personas con discapacidad<\/strong>\n\nSi la v\u00edctima presentase alguna discapacidad deber\u00e1n tomarse en cuenta las directrices de este Protocolo para el primer contacto de las Instituciones Promotoras de la Denuncia, debiendo tomar en cuenta las circunstancias de la v\u00edctima seg\u00fan su tipo de discapacidad no pudiendo dejar de recibir su denuncia. Podr\u00e1 solicitarse apoyo a UMADIS incluido int\u00e9rpretes de lengua de se\u00f1as.<\/td>\n<\/tr>\n<tr>\n<td valign=\"middle\"><span style=\"color: #000000; font-family: Ubuntu; font-size: xx-large;\"><b>4<\/b><\/span><\/td>\n<td valign=\"middle\">En caso de que la v\u00edctima o testigo sea ni\u00f1a, ni\u00f1o o adolescentes se requerir\u00e1 la presencia de su madre, padre, familiar, tutor\/a, guardador\/a salvo que \u00e9stos fueren sindicados o c\u00f3mplices probables, autores o part\u00edcipes del hecho. En todos los casos se requerir\u00e1 la intervenci\u00f3n de la DNA.<\/td>\n<\/tr>\n<tr>\n<td valign=\"middle\"><span style=\"color: #000000; font-family: Ubuntu; font-size: xx-large;\"><b>5<\/b><\/span><\/td>\n<td valign=\"middle\"><strong>Priorizar los servicios de salud y contenci\u00f3n<\/strong>\n\nDebe tomarse en cuenta, los lineamientos previstos en este Protocolo para los casos de violencia f\u00edsica y sexual que requieran atenci\u00f3n inmediata o se encuentren en estado de crisis. En caso de que la persona requiera atenci\u00f3n m\u00e9dica, deber\u00e1 ser acompa\u00f1ada o referida, si se encuentra con una persona de su confianza, a un servicio de salud. El equipo interdisciplinario debe hacerse cargo de la contenci\u00f3n cuando la v\u00edctima se encuentre en estado de crisis, de no contarse con el mismo se debe aplicar las recomendaciones descritas en este Protocolo para estos casos.\n\nTambi\u00e9n debe extenderse la ayuda psicol\u00f3gica a las ni\u00f1as, ni\u00f1os y adolescentes que hayan sido testigos de situaciones de violencia o que est\u00e9n en cualquier otra situaci\u00f3n de riesgo relacionada con este hecho. Para ello, se derivar\u00e1 lo antes posible a los servicios de ayuda psicol\u00f3gica disponibles, en este caso a la DNA, en el marco de la Ley No. 548 C\u00f3digo Ni\u00f1a, Ni\u00f1o y Adolescente.\n<p style=\"text-align: center;\"><strong>El o la servidora p\u00fablica policial por ning\u00fan motivo<\/strong>\n<strong>negar\u00e1 el auxilio y apoyo a la v\u00edctima, alegando falta<\/strong>\n<strong>de competencia por no ser parte de la FELCV, bajo<\/strong>\n<strong>responsabilidad penal.<\/strong><\/p>\n<\/td>\n<\/tr>\n<tr>\n<td valign=\"middle\"><span style=\"color: #000000; font-family: Ubuntu; font-size: xx-large;\"><b>6<\/b><\/span><\/td>\n<td valign=\"middle\"><strong>No ingnorar las denuncias por amenazas<\/strong>\n\nMuchas veces se relativizan las amenazas cuando no existe una agresi\u00f3n f\u00edsica actual de por medio, ello es un grave error y conducta injustificable, menos puede exigirse previamente una valoraci\u00f3n psicol\u00f3gica para atender el caso pues si bien las amenazas constituyen una expresi\u00f3n de esta forma de violencia, para efectos investigativos podr\u00e1 requerirse que la v\u00edctima sea entrevistada por un\/a profesional psic\u00f3logo, la prioridad al recibir la denuncia es EVITAR QUE LA AMENAZA SE MATERIALICE<a class=\"tooltips\" title=\"Debe recordarse que de acuerdo a la Recomendaci\u00f3n General No. 35 del Comit\u00e9 para la Eliminaci\u00f3n de la Discriminaci\u00f3n de la Mujer la violencia en raz\u00f3n de g\u00e9nero contra las mujeres \u201cadopta m\u00faltiples formas, a saber: actos u omisiones destinados a causar o provocar la muerte o un da\u00f1o o sufrimiento f\u00edsico, sexual, psicol\u00f3gico o econ\u00f3mico para las mujeres, amenazas de tales actos, acoso, coacci\u00f3n y privaci\u00f3n arbitraria de la libertad\u201d.\"><sup>84<\/sup><\/a>.\n\nSi no se recepciona la denuncia y se disponen las medidas de protecci\u00f3n especial de car\u00e1cter urgente, de forma\noportunamente y, se difiere para despu\u00e9s del informe psicol\u00f3gico se estar\u00e1 dejando en desprotecci\u00f3n a la v\u00edctima y la violencia resultante de la falta de una oportuna protecci\u00f3n, ser\u00e1 responsabilidad de la Polic\u00eda<a class=\"tooltips\" title=\"Revisar los est\u00e1ndares internacionales sobre protecci\u00f3n reforzada de los \u00f3rganos de supervisi\u00f3n de los tratados de la ONU en el marco normativo.\"><sup>85<\/sup><\/a>.<\/td>\n<\/tr>\n<tr>\n<td valign=\"middle\"><span style=\"color: #000000; font-family: Ubuntu; font-size: xx-large;\"><b>7<\/b><\/span><\/td>\n<td valign=\"middle\"><strong>No revictimizar<\/strong>\n\nEl personal policial no debe incurrir en las conductas revictimizantes descritas en el marco conceptual de este Protocolo (primer parte). Adem\u00e1s, deber\u00e1 observar las directrices establecidas en sus protocolos espec\u00edficos (Ver lista en el Anexo 8).\n\nDeber\u00e1:\n<ul>\n \t<li>Brindar a las v\u00edctimas apoyo, trato digno y respetuoso acorde a su situaci\u00f3n, precautelando por su integridad f\u00edsica y emocional.<\/li>\n \t<li>Reducir en la medida de lo posible los tiempos de espera, otorg\u00e1ndole las mayores facilidades para presentar la denuncia, as\u00ed como un trato preferente a ni\u00f1as, ni\u00f1os y adolescentes.<\/li>\n \t<li>Dispensarle una atenci\u00f3n personalizada debiendo ser atendida en lo posible, por polic\u00edas con formaci\u00f3n espec\u00edfica y actualizada, propendiendo a contar en cada dependencia con un m\u00ednimo de personal capacitado.<\/li>\n \t<li>Evitar que durante el tiempo de su permanencia en dependencias policiales comparta espacio f\u00edsico con otros comparecientes y en especial con el posible agresor, dado que su presencia, adem\u00e1s de suponer un riesgo de nuevos ataques verbales o f\u00edsicos, puede ser una oportunidad para ejercer intimidaci\u00f3n o amenazas, representando un elemento de inquietud y temor que en nada facilitar\u00e1 la presentaci\u00f3n de la denuncia o una declaraci\u00f3n adecuada.<\/li>\n \t<li>Procurar en lo posible, sea recibida en un lugar c\u00f3modo y seguro, manteniendo cierta privacidad y generando un espacio de confianza, donde la v\u00edctima pueda sentirse contenida, y que no comparta espacios con otras personas que tambi\u00e9n est\u00e1n en situaci\u00f3n de violencia.<\/li>\n \t<li>Evitar actuaciones o comentarios que la disuadan de presentar la denuncia.<\/li>\n \t<li>No cuestionar ni poner en duda la palabra de la v\u00edctima ni prejuzgarla por su apariencia, forma de vestir, etc.<\/li>\n \t<li>Tener una actitud receptiva y emp\u00e1tica hacia la v\u00edctima, sin que sean minimizados los hechos relatados, ni\njuzgadas las acciones y registrando la mayor cantidad de informaci\u00f3n aunque, en apariencia, mucha de ella resulte intrascendente.<\/li>\n \t<li>No recriminarle si habiendo existido anteriores situaciones de violencia dom\u00e9stica no las denunci\u00f3 o habi\u00e9ndolo hecho, las dej\u00f3 sin efecto.<\/li>\n \t<li>Evitar realizar m\u00e1s de una entrevistas o toma de declaraci\u00f3n por lo que deben ser lo m\u00e1s completas posibles.<\/li>\n \t<li>Cumplir con los principios con la obligaci\u00f3n de mantener reserva y resguardar la identidad de la ni\u00f1a, ni\u00f1o,\nadolescente y mujer v\u00edctima de violencia.<\/li>\n<\/ul>\n<\/td>\n<\/tr>\n<\/tbody>\n<\/table>\n<\/div>\n<\/div>\n<\/div>\n<\/div>\n<\/div>\n<\/div>\n<\/div><\/div>\n\t\t\t\t<\/div>\n\t\t\t\t<\/div>\n\t\t\t\t\t\t<\/div>\n\t\t\t\t\t<\/div>\n\t\t<\/div>\n\t\t\t\t\t\t\t\t<\/div>\n\t\t\t\t\t<\/div>\n\t\t<\/section>\n\t\t\t\t<section class=\"elementor-section elementor-top-section elementor-element elementor-element-a81de52 elementor-section-boxed elementor-section-height-default elementor-section-height-default\" data-id=\"a81de52\" data-element_type=\"section\">\n\t\t\t\t\t\t<div class=\"elementor-container elementor-column-gap-default\">\n\t\t\t\t\t\t\t<div class=\"elementor-row\">\n\t\t\t\t\t<div class=\"elementor-column elementor-col-100 elementor-top-column elementor-element elementor-element-80730fd\" data-id=\"80730fd\" data-element_type=\"column\">\n\t\t\t<div class=\"elementor-column-wrap elementor-element-populated\">\n\t\t\t\t\t\t\t<div class=\"elementor-widget-wrap\">\n\t\t\t\t\t\t<div class=\"elementor-element elementor-element-7cbf6ea elementor-widget elementor-widget-text-editor\" data-id=\"7cbf6ea\" data-element_type=\"widget\" data-widget_type=\"text-editor.default\">\n\t\t\t\t<div class=\"elementor-widget-container\">\n\t\t\t\t\t<div class=\"elementor-text-editor elementor-clearfix\"><div class=\"page\" title=\"Page 158\">\n<div class=\"section\">\n<div class=\"layoutArea\">\n<div class=\"column\">\n<div class=\"page\" title=\"Page 170\">\n<div class=\"section\">\n<div class=\"layoutArea\">\n<div class=\"column\">\n\n<strong>B. INTERVENCI\u00d3N POLICIAL PREVENTIVA<\/strong>\n\nCuando la Polic\u00eda tiene noticia fehaciente de la comisi\u00f3n de un hecho supuestamente delictivo e interviene a trav\u00e9s de sus \u00f3rganos de prevenci\u00f3n policial, los que tienen la obligaci\u00f3n de realizar el primer paso procedimental se denomina policialmente \u201cAcci\u00f3n Directa\u201d y legalmente \u201cIntervenci\u00f3n Policial Preventiva\u201d, la cual debe ser plasmada en el Informe de Intervenci\u00f3n Policial Preventiva o de Acci\u00f3n Directa, debiendo seguirse los procedimiento previstos en la \u201cGu\u00eda de Acci\u00f3n Directa de la FELCV\u201d<a class=\"tooltips\" title=\"Disponible en: https:\/\/www.comunidad.org.bo\/assets\/archivos\/publicacion\/39ae558376204bc83b- 3578dee8b02e9c.pdf\"><sup>86<\/sup><\/a> (Ver lista en el Anexo 8).\n\n<\/div>\n<\/div>\n<\/div>\n<\/div>\n<\/div>\n<\/div>\n<\/div>\n<\/div><\/div>\n\t\t\t\t<\/div>\n\t\t\t\t<\/div>\n\t\t\t\t\t\t<\/div>\n\t\t\t\t\t<\/div>\n\t\t<\/div>\n\t\t\t\t\t\t\t\t<\/div>\n\t\t\t\t\t<\/div>\n\t\t<\/section>\n\t\t\t\t<section class=\"elementor-section elementor-top-section elementor-element elementor-element-f6c899b elementor-section-boxed elementor-section-height-default elementor-section-height-default\" data-id=\"f6c899b\" data-element_type=\"section\" data-settings=\"{&quot;background_background&quot;:&quot;classic&quot;}\">\n\t\t\t\t\t\t<div class=\"elementor-container elementor-column-gap-default\">\n\t\t\t\t\t\t\t<div class=\"elementor-row\">\n\t\t\t\t\t<div class=\"elementor-column elementor-col-100 elementor-top-column elementor-element elementor-element-6732bc6\" data-id=\"6732bc6\" data-element_type=\"column\">\n\t\t\t<div class=\"elementor-column-wrap elementor-element-populated\">\n\t\t\t\t\t\t\t<div class=\"elementor-widget-wrap\">\n\t\t\t\t\t\t<div class=\"elementor-element elementor-element-d4f6568 elementor-widget elementor-widget-text-editor\" data-id=\"d4f6568\" data-element_type=\"widget\" data-widget_type=\"text-editor.default\">\n\t\t\t\t<div class=\"elementor-widget-container\">\n\t\t\t\t\t<div class=\"elementor-text-editor elementor-clearfix\"><p><span style=\"font-size: 16px;\">Esta accio\u0301n policial debe ser efectuada por todo\/a servidor\/a policial que se anoticia, recibe la solicitud de intervencio\u0301n o es enviado por la central y que llega primero al lugar del hecho, este de servicio o descanso, de uniforme o de civil, sin distincio\u0301n de grado y lugar de trabajo.<\/span><\/p><div class=\"page\" title=\"Page 202\"><div class=\"section\"><div class=\"layoutArea\"><div class=\"column\"><p>La finalidad de la intervencio\u0301n policial de accio\u0301n directa, en los casos de violencia es de:<\/p><p>a) Prevenir la comisio\u0301n de delitos de violencia y una vez consumados, coadyuvar en la investigacio\u0301n;<\/p><p>b) Auxiliar a la vi\u0301ctima y otras involucradas (hijos\/as, familiares);<\/p><p>c) Conservar el lugar del hecho; e,<\/p><p>d) Identificar y arrestar al posible autor, parti\u0301cipes o posibles testigos del hecho. Todo esto hasta el arribo del personal especializado de acuerdo a la naturaleza del hecho, el que debera\u0301 ser convocado por quien llega al lugar de los hechos, para la intervencio\u0301n policial preventiva (accio\u0301n directa).<\/p><p>Recomendaciones para las actuaciones con vi\u0301ctimas.<\/p><ul><li>Dar contencio\u0301n emocional a la vi\u0301ctima. En caso de nin\u0303as, nin\u0303os y\/o adolescentes, incluso, solicitar el apoyo de personal especializado.<\/li><li>La entrevista a la vi\u0301ctima debe realizarla un\/a solo\/a polici\u0301a.<\/li><li>Preguntar a la vi\u0301ctima sobre lo sucedido en un lugar donde se sienta con libertad para contar su versio\u0301n de lo sucedido.<\/li><li>Mantener la objetividad sin dejarse llevar por lasapariencias y prejuicios.<\/li><li>En todo momento los\/as polici\u0301as deben dirigirse a la vi\u0301ctima de violencia con una actitud de ma\u0301ximo respeto y comprensio\u0301n a su situacio\u0301n personal y\/o a los hechos expuestos, manteniendo al agresor alejado de la misma, y atendie\u0301ndola de forma que e\u0301sta se sienta segura y protegida, evitando cualquier trato que pueda culpabilizarla por lo ocurrido.<\/li><li>Otorgar valor a las palabras de la vi\u0301ctima, sin emitir juicios de valor, generar un clima de seguridad y un vi\u0301nculo de confianza, que posibilite avanzar en el abordaje de la situacio\u0301n.<\/li><li>Hacer constar en el Formulario de Intervencio\u0301n Policial Preventiva o Accio\u0301n Directa todos los datos precisos de identificacio\u0301n de la vi\u0301ctima, asi\u0301 como de las lesiones que se aprecien.<\/li><li>En la medida de lo posible se intentara\u0301 tomar la denuncia de la vi\u0301ctima u otra persona denunciante en las dependencias policiales, para lo que se ofrecera\u0301 el acompan\u0303amiento oportuno y traslado si fuera necesario, despue\u0301s de efectuadas las diligencias.<\/li><li>Informar a la vi\u0301ctima que en caso de no hacerlo se presentara\u0301 denuncia de oficio si los\/as polici\u0301as han presenciado los hechos, que constituyen delito.<\/li><li>Informar sobre los recursos y servicios sociales existentes de atencio\u0301n inmediata a vi\u0301ctimas de violencia. La informacio\u0301n es indispensable para que la vi\u0301ctima pueda tomar decisiones en ese momento o en cualquier otro para salir de la situacio\u0301n de violencia por lo que requiere contar con un directorio actualizado.<\/li><\/ul><div class=\"page\" title=\"Page 203\"><div class=\"section\"><div class=\"layoutArea\"><div class=\"column\"><p><strong>C. Disposicio\u0301n de medidas de proteccio\u0301n de cara\u0301cter urgente por parte de la polici\u0301a<\/strong><\/p><p>La valoracio\u0301n del riesgo, es una herramienta crucial para ayudar a la Polici\u0301a a determinar la existencia de riesgo para la vi\u0301ctima de sufrir ma\u0301s violencia en el futuro, y asi\u0301 asegurar que reciba la proteccio\u0301n adecuada mediante la disposicio\u0301n de medidas de proteccio\u0301n que respondan a sus circunstancias particulares. La valoracio\u0301n de riesgo tambie\u0301n servira\u0301 para desarrollar con la vi\u0301ctima, recomendaciones para preservar su seguridad y la de sus hijos e hijas.<\/p><\/div><\/div><\/div><\/div><\/div><\/div><\/div><\/div><\/div>\n\t\t\t\t<\/div>\n\t\t\t\t<\/div>\n\t\t\t\t\t\t<\/div>\n\t\t\t\t\t<\/div>\n\t\t<\/div>\n\t\t\t\t\t\t\t\t<\/div>\n\t\t\t\t\t<\/div>\n\t\t<\/section>\n\t\t\t\t<section class=\"elementor-section elementor-top-section elementor-element elementor-element-7660082 elementor-section-boxed elementor-section-height-default elementor-section-height-default\" data-id=\"7660082\" data-element_type=\"section\">\n\t\t\t\t\t\t<div class=\"elementor-container elementor-column-gap-default\">\n\t\t\t\t\t\t\t<div class=\"elementor-row\">\n\t\t\t\t\t<div class=\"elementor-column elementor-col-100 elementor-top-column elementor-element elementor-element-3b8445b\" data-id=\"3b8445b\" data-element_type=\"column\">\n\t\t\t<div class=\"elementor-column-wrap elementor-element-populated\">\n\t\t\t\t\t\t\t<div class=\"elementor-widget-wrap\">\n\t\t\t\t\t\t<div class=\"elementor-element elementor-element-8ef6618 elementor-widget elementor-widget-text-editor\" data-id=\"8ef6618\" data-element_type=\"widget\" data-widget_type=\"text-editor.default\">\n\t\t\t\t<div class=\"elementor-widget-container\">\n\t\t\t\t\t<div class=\"elementor-text-editor elementor-clearfix\"><div class=\"page\" title=\"Page 158\"><div class=\"section\"><div class=\"layoutArea\"><div class=\"column\"><div class=\"page\" title=\"Page 170\"><div class=\"section\"><div class=\"layoutArea\"><div class=\"column\"><div class=\"page\" title=\"Page 204\"><div class=\"section\"><div class=\"layoutArea\"><div class=\"column\"><p>El procedimiento a seguirse para la valoracio\u0301n de riesgo e imposicio\u0301n de medidas de proteccio\u0301n es el mismo que fue descrito para las Instituciones Promotoras de Denuncia. Adicionalmente, la o el polici\u0301a debera\u0301:<\/p><\/div><\/div><\/div><\/div><\/div><\/div><\/div><\/div><\/div><\/div><\/div><\/div><\/div>\n\t\t\t\t<\/div>\n\t\t\t\t<\/div>\n\t\t\t\t\t\t<\/div>\n\t\t\t\t\t<\/div>\n\t\t<\/div>\n\t\t\t\t\t\t\t\t<\/div>\n\t\t\t\t\t<\/div>\n\t\t<\/section>\n\t\t\t\t<section class=\"elementor-section elementor-top-section elementor-element elementor-element-b202067 elementor-section-boxed elementor-section-height-default elementor-section-height-default\" data-id=\"b202067\" data-element_type=\"section\">\n\t\t\t\t\t\t<div class=\"elementor-container elementor-column-gap-default\">\n\t\t\t\t\t\t\t<div class=\"elementor-row\">\n\t\t\t\t\t<div class=\"elementor-column elementor-col-100 elementor-top-column elementor-element elementor-element-b2c5a08\" data-id=\"b2c5a08\" data-element_type=\"column\">\n\t\t\t<div class=\"elementor-column-wrap elementor-element-populated\">\n\t\t\t\t\t\t\t<div class=\"elementor-widget-wrap\">\n\t\t\t\t\t\t<div class=\"elementor-element elementor-element-0f8ce41 elementor-widget elementor-widget-text-editor\" data-id=\"0f8ce41\" data-element_type=\"widget\" data-widget_type=\"text-editor.default\">\n\t\t\t\t<div class=\"elementor-widget-container\">\n\t\t\t\t\t<div class=\"elementor-text-editor elementor-clearfix\"><table cellspacing=\"0\" cellpadding=\"0\">\n<tbody>\n<tr>\n<td valign=\"middle\"><span style=\"color: #000000; font-family: Ubuntu; font-size: xx-large;\"><b>1<\/b><\/span><\/td>\n<td valign=\"middle\">\n<p align=\"justify\"><span style=\"color: #000000; font-family: Ubuntu; font-size: small;\"><b><i>Realizar la valoraci\u00f3n de riesgo en el sistema Adela Zamudio<span class=\"Apple-converted-space\">\u00a0<\/span><\/i><\/b><\/span><\/p>\n<p align=\"justify\"><span style=\"color: #000000; font-family: Ubuntu; font-size: small;\">Registrada la denuncia debe realizarse la valoraci\u00f3n de la situaci\u00f3n de riesgo de la v\u00edctima, y en caso de ser necesario imponerse las medidas de protecci\u00f3n especial de car\u00e1cter urgente previstas en la Ley No. 1173. Para ello como se ha se\u00f1alado trat\u00e1ndose de violencia contra las mujeres en relaciones de (ex)pareja (c\u00f3nyuges, convivientes, novios, enamorados, etc.) la valoraci\u00f3n debe realizarse llen\u00e1ndose el <b>FORMULARIO DE VALORACI\u00d3N DE RIESGO EN RELACIONES DE PAREJA <\/b>que en el caso de la FELCV est\u00e1 disponible en el \u201cSistema Adela Zamudio\u201d. Tambi\u00e9n podr\u00e1n llenar el formulario f\u00edsico quienes no tienen acceso a este sistema para lo cual, deber\u00e1 imprimirse el mismo. En caso de no contar con ninguno de estos dos recursos, realizar\u00e1 las preguntas del formulario y registrar\u00e1 los aspectos que considere que evidencian la situaci\u00f3n de riesgo a efecto de incluirlos en el informe de inicio de denuncia.<span class=\"Apple-converted-space\">\u00a0<\/span><\/span><\/p>\n<p align=\"justify\"><span style=\"color: #000000; font-family: Ubuntu; font-size: small;\">Si no pudiera accederse por ning\u00fan medio al contenido del formulario, valorar\u00e1 el riesgo tomando en cuenta m\u00ednimamente: <b>La relaci\u00f3n v\u00edctima \u2013 agresor, la situaci\u00f3n de vulnerabilidad de la v\u00edctima, la cohabitaci\u00f3n con el denunciado, la existencia de hechos de violencia anteriores, tipos de violencia ejercida, la existencia de amenazas contra la vida o la integridad, el incremento de la frecuencia y gravedad de las mismas, existencia de antecedentes penales del denunciado, la conducta violenta cuando se consume alcohol o drogas y la percepci\u00f3n de situaci\u00f3n de riesgo de la v\u00edctima, <\/b>para ello, igual que en el caso anterior registrar\u00e1 los aspectos que considere que evidencian la situaci\u00f3n de riesgo a efecto de incluirlos en el informe de inicio de denuncia.<span class=\"Apple-converted-space\">\u00a0<\/span><\/span><\/p>\n<p align=\"justify\"><span style=\"color: #000000; font-family: Ubuntu; font-size: small;\">Trat\u00e1ndose <b>de hechos de violencia flagrantes contra mujeres o en aquellos casos en los que la gravedad de los hechos o de las amenazas contra la vida o la integridad de la v\u00edctima o en los que la situaci\u00f3n de vulnerabilidad de la v\u00edctima fuesen evidentes, se impondr\u00e1n las medidas de protecci\u00f3n especial que correspondan por su car\u00e1cter de urgencia, excepcionalmente, sin necesidad de llenar el formulario de valoraci\u00f3n de riesgo, con mayor raz\u00f3n si la v\u00edctima compartiese domicilio con el denunciado, las medidas deben imponerse y ejecutarse de manera inmediata por la polic\u00eda.<span class=\"Apple-converted-space\">\u00a0<\/span><\/b><\/span><\/p>\n<p align=\"justify\"><span style=\"color: #000000; font-family: Ubuntu; font-size: small;\">En casos de denuncias por amenazas debe recordarse que una de las funciones de la Polic\u00eda es la prevenci\u00f3n de los hechos de violencia, por lo que para valorar el riesgo en los casos de amenazas debe tomarse en cuenta, entre otros factores, los siguientes: <b>la existencia de hechos de violencia anteriores, la gravedad de la amenaza, la situaci\u00f3n de vulnerabilidad de la v\u00edctima, el acceso a armas u otros medios con los que cuente el agresor y su acceso a la v\u00edctima, en especial si cohabitan para disponer las medidas de protecci\u00f3n especial con car\u00e1cter de urgencia, en especial las de alejamiento del posible agresor.<span class=\"Apple-converted-space\">\u00a0<\/span><\/b><\/span><\/p>\n<\/td>\n<\/tr>\n<tr>\n<td valign=\"middle\"><span style=\"color: #000000; font-family: Ubuntu; font-size: xx-large;\"><b>2<\/b><\/span><\/td>\n<td valign=\"middle\">\n<p align=\"justify\"><span style=\"color: #000000; font-family: Ubuntu; font-size: small;\"><b><i>Diponer las medidas de protecci\u00f3n urgentes<span class=\"Apple-converted-space\">\u00a0<\/span><\/i><\/b><\/span><\/p>\n<p align=\"justify\"><span style=\"color: #000000; font-family: Ubuntu; font-size: small;\">La decisi\u00f3n de la disposici\u00f3n de medidas de protecci\u00f3n especiales dispuestas se realizar\u00e1, trat\u00e1ndose de NNA, empleando el Formulario de Constancia de Disposici\u00f3n y Notificaci\u00f3n de Medidas de Protecci\u00f3n para Ni\u00f1as, Ni\u00f1os y Adolescentes \u2013 Urgentes (Anexo 3), en cuyo caso una copia deber\u00e1 ser entregada a su representante legal, en el caso de las mujeres se llenar\u00e1 el Formulario de Constancia de Disposici\u00f3n y Notificaci\u00f3n de Medidas de Protecci\u00f3n para Mujeres \u2013 Urgentes (Anexo 4) o el Formulario de Constancia de Disposici\u00f3n y Notificaci\u00f3n de Medidas de Protecci\u00f3n para Mujeres V\u00edctimas de Acoso o Violencia Pol\u00edtica\u2013 Urgentes (<b><i>Anexo 5), con cuya copia se notificar\u00e1 a la v\u00edctima. Estos form<\/i><\/b>ularios est\u00e1n disponibles en el Sistema Adela Zamudio (on line y offline) en casos de no acceder al sistema se llenar\u00e1 el formulario en f\u00edsico.<span class=\"Apple-converted-space\">\u00a0<\/span><\/span><\/p>\n<\/td>\n<\/tr>\n<tr>\n<td valign=\"middle\"><span style=\"color: #000000; font-family: Ubuntu; font-size: xx-large;\"><b>3<\/b><\/span><\/td>\n<td valign=\"middle\">\n<p align=\"justify\"><span style=\"color: #000000; font-family: Ubuntu; font-size: small;\"><b><i>Informar al ministerio p\u00fablico y notificar al denunciado<span class=\"Apple-converted-space\">\u00a0<\/span><\/i><\/b><\/span><\/p>\n<p align=\"justify\"><span style=\"color: #000000; font-family: Ubuntu; font-size: small;\">Debe informar inmediatamente, al Ministerio P\u00fablico, juntamente con la denuncia, mediante el sistema inform\u00e1tico o en forma f\u00edsica cuando no se tenga acceso a \u00e9ste y proceder con la notificaci\u00f3n personal al denunciado entreg\u00e1ndole copia del Formulario de Constancia de Disposici\u00f3n y Notificaci\u00f3n de Medidas de Protecci\u00f3n Urgentes advirti\u00e9ndole las consecuencias en caso de incumplimiento. La notificaci\u00f3n no incluir\u00e1 copia del formulario de valoraci\u00f3n de riesgo.<span class=\"Apple-converted-space\">\u00a0<\/span><\/span><\/p>\n<\/td>\n<\/tr>\n<tr>\n<td valign=\"middle\"><span style=\"color: #000000; font-family: Ubuntu; font-size: xx-large;\"><b>4<\/b><\/span><\/td>\n<td valign=\"middle\">\n<p align=\"justify\"><span style=\"color: #000000; font-family: Ubuntu; font-size: small;\"><b><i>Ejecutar las medidas de protecci\u00f3n<span class=\"Apple-converted-space\">\u00a0<\/span><\/i><\/b><\/span><\/p>\n<p align=\"justify\"><span style=\"color: #000000; font-family: Ubuntu; font-size: small;\">Ejecutar, inmediatamente, las medidas de protecci\u00f3n especial de car\u00e1cter urgente que hubieran dispuesto la Polic\u00eda, el Ministerio P\u00fablico o una Instancia Promotora de la Denuncia.<span class=\"Apple-converted-space\">\u00a0<\/span><\/span><\/p>\n<\/td>\n<\/tr>\n<tr>\n<td valign=\"middle\"><span style=\"color: #000000; font-family: Ubuntu; font-size: xx-large;\"><b>5<\/b><\/span><\/td>\n<td valign=\"middle\">\n<p align=\"justify\"><span style=\"color: #000000; font-family: Ubuntu; font-size: small;\"><b><i>Realizar el seguimiento<span class=\"Apple-converted-space\">\u00a0<\/span><\/i><\/b><\/span><\/p>\n<p align=\"justify\"><span style=\"color: #000000; font-family: Ubuntu; font-size: small;\">Realizar el seguimiento a la situaci\u00f3n de la v\u00edctima por setenta y dos (72) horas, con el fin de garantizar la eficacia de la protecci\u00f3n brindada a la v\u00edctima en situaci\u00f3n de violencia y las otras personas que estuvieran en riesgo, a trav\u00e9s de visitas al domicilio de la v\u00edctima o mediante comunicaciones telef\u00f3nicas. Los resultados de este seguimiento deben reportarse en el informe preliminar; en caso de tener conocimiento del incumplimiento de las medidas de protecci\u00f3n se debe comunicar esta situaci\u00f3n de inmediato al Ministerio P\u00fablico para que act\u00fae conforme dispone la Ley No. 1173.<span class=\"Apple-converted-space\">\u00a0<\/span><\/span><\/p>\n<p align=\"justify\"><span style=\"color: #000000; font-family: Ubuntu; font-size: small;\">Trat\u00e1ndose de ni\u00f1as, ni\u00f1os y adolescentes es importante que las instituciones que tienen contacto permanente con la v\u00edctima, como las unidades educativas, puedan apoyar en el cumplimiento de las medidas de protecci\u00f3n por lo que tambi\u00e9n deber\u00e1n ser informadas.<span class=\"Apple-converted-space\">\u00a0<\/span><\/span><\/p>\n<p align=\"justify\"><span style=\"color: #000000; font-family: Ubuntu; font-size: small;\">El seguimiento posterior a las 72 horas se realizar\u00e1 en coordinaci\u00f3n con las Instituciones Promotoras de Denuncia, la periodicidad se sujetar\u00e1 a la previa determinaci\u00f3n del riesgo.<span class=\"Apple-converted-space\">\u00a0<\/span><\/span><\/p>\n<p align=\"justify\"><span style=\"color: #000000; font-family: Ubuntu; font-size: small;\">Cuando la v\u00edctima solicite el auxilio policial deber\u00e1 procederse de inmediato a la intervenci\u00f3n, en particular cuando se hayan dipuesto medidas de protecci\u00f3n el pedido de auxilio deber\u00e1 ser tratado como un caso de emergencia<\/span><span style=\"color: #000000; font-family: Ubuntu; font-size: small;\"><a class=\"tooltips\" title=\"Seg\u00fan se\u00f1ala el Comit\u00e9 para la Eliminaci\u00f3n de la Discriminaci\u00f3n contra la Mujer en su dictamen dentro del Caso \u015eahide Goekce Vs Austria, descrito en el marco normativo.\"><sup>87<\/sup><\/a><\/span><span style=\"color: #000000; font-family: Ubuntu; font-size: small;\">.<span class=\"Apple-converted-space\">\u00a0<\/span><\/span><\/p>\n<\/td>\n<\/tr>\n<tr>\n<td valign=\"middle\"><span style=\"color: #000000; font-family: Ubuntu; font-size: xx-large;\"><b>6<\/b><\/span><\/td>\n<td valign=\"middle\">\n<p align=\"justify\"><span style=\"color: #000000; font-family: Ubuntu; font-size: small;\"><b><i>Elaborar planes de seguridad con la v\u00edctima<span class=\"Apple-converted-space\">\u00a0<\/span><\/i><\/b><\/span><\/p>\n<p align=\"justify\"><span style=\"color: #000000; font-family: Ubuntu; font-size: small;\">Estimar el riesgo es necesario para adecuar no solo las medidas de protecci\u00f3n especial que se dispondr\u00e1n para resguardar la integridad f\u00edsica y ps\u00edquica de la v\u00edctima, sino tambi\u00e9n para construir con la v\u00edctima medidas de autoprotecci\u00f3n.<span class=\"Apple-converted-space\">\u00a0<\/span><\/span><\/p>\n<p align=\"justify\"><span style=\"color: #000000; font-family: Ubuntu; font-size: small;\">Por tanto, independientemente, de la imposici\u00f3n de medidas de protecci\u00f3n, se debe realizar recomendaciones a la v\u00edctima para su seguridad de manera que est\u00e9 preparada y act\u00fae con rapidez ante una nueva posible agresi\u00f3n, tales como:<span class=\"Apple-converted-space\">\u00a0<\/span><\/span><\/p>\n\n<ul>\n \t<li><span style=\"color: #000000; font-family: Ubuntu; font-size: small;\">Identificar salidas de escape de la casa.<\/span><\/li>\n \t<li><span style=\"color: #000000; font-family: Ubuntu; font-size: small;\">Reunir y mantener en un lugar seguro o con alguna persona de confianza, objetos, prendas y documentaci\u00f3n personal importante (incluida la de hijas e hijos as\u00ed como aquella que se relacione con agresiones anteriores), duplicado de las llaves del domicilio y veh\u00edculo; dinero y medicamentos si se requiere.<span class=\"Apple-converted-space\">\u00a0<\/span><\/span><\/li>\n \t<li><span style=\"color: #000000; font-family: Ubuntu; font-size: small;\">Si tienen una cuenta bancaria compartida, considere la posibilidad de retirar el dinero que le corresponda.<span class=\"Apple-converted-space\">\u00a0<\/span><\/span><\/li>\n \t<li><span style=\"color: #000000; font-family: Ubuntu; font-size: small;\">Hable anticipadamente con quien la pueda ayudar.<span class=\"Apple-converted-space\">\u00a0<\/span><\/span><\/li>\n \t<li><span style=\"color: #000000; font-family: Ubuntu; font-size: small;\">Establezca una se\u00f1al con sus hijos y vecinos, que les permita identificar que en ese momento se encuentra en riesgo latente y que se requiere pedir ayuda.<span class=\"Apple-converted-space\">\u00a0<\/span><\/span><\/li>\n \t<li><span style=\"color: #000000; font-family: Ubuntu; font-size: small;\">Re\u00fana todos los n\u00fameros telef\u00f3nicos importantes, incluyendo del o la polic\u00eda.<span class=\"Apple-converted-space\">\u00a0<\/span><\/span><\/li>\n \t<li><span style=\"color: #000000; font-family: Ubuntu; font-size: small;\">Hable con sus hijos\/as mayores sobre la situaci\u00f3n.<span class=\"Apple-converted-space\">\u00a0<\/span><\/span><\/li>\n \t<li><span style=\"color: #000000; font-family: Ubuntu; font-size: small;\">Si trabaja, informe la situaci\u00f3n a su jefe y al personal de seguridad del centro laboral.<span class=\"Apple-converted-space\">\u00a0<\/span><\/span><\/li>\n \t<li><span style=\"color: #000000; font-family: Ubuntu; font-size: small;\">Utilice v\u00edas diferentes para llegar, ingresar o salir del centro de trabajo.<span class=\"Apple-converted-space\">\u00a0<\/span><\/span><\/li>\n \t<li><span style=\"color: #000000; font-family: Ubuntu; font-size: small;\">Procure ser acompa\u00f1ada por otras personas en sus recorridos.<span class=\"Apple-converted-space\">\u00a0<\/span><\/span><\/li>\n \t<li><span style=\"color: #000000; font-family: Ubuntu; font-size: small;\">Evite encontrarse sola en lugares poco concurridos.<span class=\"Apple-converted-space\">\u00a0<\/span><\/span><\/li>\n \t<li><span style=\"color: #000000; font-family: Ubuntu; font-size: small;\">No acuda a los lugares que acostumbra (servicios, recreativos, religiosos, entre otros), c\u00e1mbielos por opciones que no conozca su agresor.<span class=\"Apple-converted-space\">\u00a0<\/span><\/span><\/li>\n \t<li><span style=\"color: #000000; font-family: Ubuntu; font-size: small;\">Comunique a los dem\u00e1s a donde ir\u00e1.<span class=\"Apple-converted-space\">\u00a0<\/span><\/span><\/li>\n \t<li><span style=\"color: #000000; font-family: Ubuntu; font-size: small;\">Tenga cerca su celular para poder hacer uso del bot\u00f3n de p\u00e1nico en caso de que se le haya asignado.<\/span><\/li>\n<\/ul>\n<\/td>\n<\/tr>\n<\/tbody>\n<\/table><\/div>\n\t\t\t\t<\/div>\n\t\t\t\t<\/div>\n\t\t\t\t\t\t<\/div>\n\t\t\t\t\t<\/div>\n\t\t<\/div>\n\t\t\t\t\t\t\t\t<\/div>\n\t\t\t\t\t<\/div>\n\t\t<\/section>\n\t\t\t\t<section class=\"elementor-section elementor-top-section elementor-element elementor-element-3353816 elementor-section-boxed elementor-section-height-default elementor-section-height-default\" data-id=\"3353816\" data-element_type=\"section\">\n\t\t\t\t\t\t<div class=\"elementor-container elementor-column-gap-default\">\n\t\t\t\t\t\t\t<div class=\"elementor-row\">\n\t\t\t\t\t<div class=\"elementor-column elementor-col-100 elementor-top-column elementor-element elementor-element-c6a5b2f\" data-id=\"c6a5b2f\" data-element_type=\"column\">\n\t\t\t<div class=\"elementor-column-wrap elementor-element-populated\">\n\t\t\t\t\t\t\t<div class=\"elementor-widget-wrap\">\n\t\t\t\t\t\t<div class=\"elementor-element elementor-element-3bde619 elementor-widget elementor-widget-text-editor\" data-id=\"3bde619\" data-element_type=\"widget\" data-widget_type=\"text-editor.default\">\n\t\t\t\t<div class=\"elementor-widget-container\">\n\t\t\t\t\t<div class=\"elementor-text-editor elementor-clearfix\"><div class=\"page\" title=\"Page 208\"><div class=\"section\"><div class=\"layoutArea\"><div class=\"column\"><p>Las precauciones enumeradas no son u\u0301nicas ni limitativas, tienen que servir de orientacio\u0301n en la determinacio\u0301n de las que puedan resultar ma\u0301s u\u0301tiles para la mujer y su familia, en cada caso. Se procurara\u0301 entregar estas recomendaciones por escrito.<\/p><\/div><\/div><\/div><\/div><\/div>\n\t\t\t\t<\/div>\n\t\t\t\t<\/div>\n\t\t\t\t\t\t<\/div>\n\t\t\t\t\t<\/div>\n\t\t<\/div>\n\t\t\t\t\t\t\t\t<\/div>\n\t\t\t\t\t<\/div>\n\t\t<\/section>\n\t\t\t\t<section class=\"elementor-section elementor-top-section elementor-element elementor-element-0352fec elementor-section-boxed elementor-section-height-default elementor-section-height-default\" data-id=\"0352fec\" data-element_type=\"section\">\n\t\t\t\t\t\t<div class=\"elementor-container elementor-column-gap-default\">\n\t\t\t\t\t\t\t<div class=\"elementor-row\">\n\t\t\t\t\t<div class=\"elementor-column elementor-col-100 elementor-top-column elementor-element elementor-element-1fb9e85\" data-id=\"1fb9e85\" data-element_type=\"column\">\n\t\t\t<div class=\"elementor-column-wrap elementor-element-populated\">\n\t\t\t\t\t\t\t<div class=\"elementor-widget-wrap\">\n\t\t\t\t\t\t<div class=\"elementor-element elementor-element-76c546d elementor-widget elementor-widget-heading\" data-id=\"76c546d\" data-element_type=\"widget\" data-widget_type=\"heading.default\">\n\t\t\t\t<div class=\"elementor-widget-container\">\n\t\t\t<h2 class=\"elementor-heading-title elementor-size-default\">3.2.2 RECEPCI\u00d3N DE LA DENUNCIA EN EL MINISTERIO P\u00daBLICO<\/h2>\t\t<\/div>\n\t\t\t\t<\/div>\n\t\t\t\t\t\t<\/div>\n\t\t\t\t\t<\/div>\n\t\t<\/div>\n\t\t\t\t\t\t\t\t<\/div>\n\t\t\t\t\t<\/div>\n\t\t<\/section>\n\t\t\t\t<section class=\"elementor-section elementor-top-section elementor-element elementor-element-445132c elementor-section-boxed elementor-section-height-default elementor-section-height-default\" data-id=\"445132c\" data-element_type=\"section\">\n\t\t\t\t\t\t<div class=\"elementor-container elementor-column-gap-default\">\n\t\t\t\t\t\t\t<div class=\"elementor-row\">\n\t\t\t\t\t<div class=\"elementor-column elementor-col-100 elementor-top-column elementor-element elementor-element-ae10b76\" data-id=\"ae10b76\" data-element_type=\"column\">\n\t\t\t<div class=\"elementor-column-wrap elementor-element-populated\">\n\t\t\t\t\t\t\t<div class=\"elementor-widget-wrap\">\n\t\t\t\t\t\t<div class=\"elementor-element elementor-element-b47592b elementor-widget elementor-widget-text-editor\" data-id=\"b47592b\" data-element_type=\"widget\" data-widget_type=\"text-editor.default\">\n\t\t\t\t<div class=\"elementor-widget-container\">\n\t\t\t\t\t<div class=\"elementor-text-editor elementor-clearfix\"><div class=\"page\" title=\"Page 208\"><div class=\"section\"><div class=\"layoutArea\"><div class=\"column\"><table cellspacing=\"0\" cellpadding=\"0\"><tbody><tr><td valign=\"middle\"><p><span style=\"color: #000000; font-family: Ubuntu; font-size: xx-large;\"><b>1<\/b><\/span><\/p><\/td><td valign=\"middle\"><p align=\"justify\"><span style=\"color: #000000; font-family: Ubuntu; font-size: small;\"><b><i>Atenci\u00f3n de acuerdo al estado f\u00edsico y psicol\u00f3gico de la v\u00edctima<span class=\"Apple-converted-space\">\u00a0<\/span><\/i><\/b><\/span><\/p><p align=\"justify\"><span style=\"color: #000000; font-family: Ubuntu; font-size: small;\">El Ministerio P\u00fablico recibe la noticia sobre la probable comisi\u00f3n de un hecho il\u00edcito a trav\u00e9s de:<span class=\"Apple-converted-space\">\u00a0<\/span><\/span><\/p><ol><li><span style=\"color: #000000; font-family: Ubuntu; font-size: small;\">Denuncia verbal o escrita, o querella.<span class=\"Apple-converted-space\">\u00a0<\/span><\/span><\/li><li><span style=\"color: #000000; font-family: Ubuntu; font-size: small;\">FELCV u otras instancias policiales.<span class=\"Apple-converted-space\">\u00a0<\/span><\/span><\/li><li><span style=\"color: #000000; font-family: Ubuntu; font-size: small;\">Instancias Promotoras de la Denuncia.<span class=\"Apple-converted-space\">\u00a0<\/span><\/span><\/li><li><span style=\"color: #000000; font-family: Ubuntu; font-size: small;\">Instituciones p\u00fablicas o privadas.<span class=\"Apple-converted-space\">\u00a0<\/span><\/span><\/li><\/ol><p align=\"justify\"><span style=\"color: #000000; font-family: Ubuntu; font-size: small;\">Tomando en cuenta las circunstancias en las que puede presentarse la v\u00edctima al Ministerio P\u00fablico:<span class=\"Apple-converted-space\">\u00a0<\/span><\/span><\/p><p align=\"justify\"><span style=\"color: #000000; font-family: Ubuntu; font-size: small;\"><b><i>La v\u00edctima se encuentra en estado de crisis con necesidad urgente de intervenci\u00f3n psicol\u00f3gica<span class=\"Apple-converted-space\">\u00a0<\/span><\/i><\/b><\/span><\/p><ul><li><span style=\"color: #000000; font-family: Ubuntu; font-size: small;\">a) La o el Fiscal de Materia convocar\u00e1 a la Unidad de Protecci\u00f3n a V\u00edctimas y Testigos (UPAVT) o Instancia Promotora de Denuncia para la atenci\u00f3n inmediata de la v\u00edctima.<\/span><\/li><li><span style=\"color: #000000; font-family: Ubuntu; font-size: small;\">b) La UPAVT u otra Instancia Promotora (SLIM, DNA, SIJPLU, SEPDAVI), realizar\u00e1 la contenci\u00f3n en crisis a efecto de estabilizar a la v\u00edctima para que pueda interponer su denuncia, de manera inmediata y oportuna.<span class=\"Apple-converted-space\">\u00a0<\/span><\/span><\/li><li><span style=\"color: #000000; font-family: Ubuntu; font-size: small;\">c) Seguidamente, en la Plataforma de Atenci\u00f3n Integral al P\u00fablico y Orientaci\u00f3n al P\u00fablico o el Fiscal de turno registrar\u00e1 el caso en el FORMULARIO \u00daNICO DE DENUNCIA en el sistema inform\u00e1tico.<span class=\"Apple-converted-space\">\u00a0<\/span><\/span><\/li><li><span style=\"color: #000000; font-family: Ubuntu; font-size: small;\">d) Se le informar\u00e1 sobre el derecho a estar acompa\u00f1ada de una persona de su confianza.<span class=\"Apple-converted-space\">\u00a0<\/span><\/span><\/li><li><span style=\"color: #000000; font-family: Ubuntu; font-size: small;\">e) En caso de que la v\u00edctima sea ni\u00f1a, ni\u00f1o o adolescente se requerir\u00e1 la presencia de su madre, padre, familiar de confianza, tutor\/a, guardador\/a salvo que \u00e9ste fuera sindicado o c\u00f3mplice probable, autor o part\u00edcipe del hecho. En todos los casos se requerir\u00e1 la intervenci\u00f3n de la DNA.<span class=\"Apple-converted-space\">\u00a0<\/span><\/span><\/li><li><span style=\"color: #000000; font-family: Ubuntu; font-size: small;\">f) Si la v\u00edctima hablase un idioma diferente al espa\u00f1ol o lengua de se\u00f1as la o el Fiscal de Materia requerir\u00e1 la presencia de un\/a int\u00e9rprete.<span class=\"Apple-converted-space\">\u00a0<\/span><\/span><\/li><li><span style=\"color: #000000; font-family: Ubuntu; font-size: small;\">g) Concluida la recepci\u00f3n de la denuncia, la o el Fiscal de Materia requerir\u00e1 al personal de la UPAVT o Instancia Promotora de Denuncia, el apoyo interinstitucional para la atenci\u00f3n prioritaria de la v\u00edctima.<span class=\"Apple-converted-space\">\u00a0<\/span><\/span><\/li><li><span style=\"color: #000000; font-family: Ubuntu; font-size: small;\">h) La o el Fiscal de Materia deber\u00e1 informar a la v\u00edctima en lenguaje claro y sencillo sobre sus derechos, garant\u00edas, medidas de protecci\u00f3n y ex\u00e1menes o pruebas que fueran pertinentes al caso y la importancia de su participaci\u00f3n durante todo el proceso.<span class=\"Apple-converted-space\">\u00a0<\/span><\/span><\/li><li><span style=\"color: #000000; font-family: Ubuntu; font-size: small;\">i) La o el Fiscal de Materia, dispondr\u00e1 la realizaci\u00f3n de actos de investigaci\u00f3n posibles emitiendo los requerimientos correspondientes.<span class=\"Apple-converted-space\">\u00a0<\/span><\/span><\/li><\/ul><p align=\"justify\"><span style=\"color: #000000; font-family: Ubuntu; font-size: small;\"><b><i>V\u00edctima que no se encuentra con lesiones o en estado de crisis<span class=\"Apple-converted-space\">\u00a0<\/span><\/i><\/b><\/span><\/p><p align=\"justify\"><span style=\"color: #000000; font-family: Ubuntu; font-size: small;\">En estos casos se proceder\u00e1 a la recepci\u00f3n de la denuncia y se continuar\u00e1 con las actuaciones descritas en el punto anterior.<span class=\"Apple-converted-space\">\u00a0<\/span><\/span><\/p><p style=\"text-align: center;\" align=\"justify\"><span style=\"color: #43358b; font-family: Ubuntu; font-size: small;\"><b>PARA LA ADMISI\u00d3N DE LA DENUNCIA, DE CUALQUIER HECHO DE VIOLENCIA NO SE REQUERIR\u00c1 VALORACI\u00d3N M\u00c9DICA NI PSICOL\u00d3GICA PREVIAS, NO PUDIENDO SER MOTIVO DE DESESTIMACI\u00d3N SU NO PRESENTACI\u00d3N.<span class=\"Apple-converted-space\">\u00a0<\/span><\/b><\/span><\/p><\/td><\/tr><tr><td valign=\"middle\"><p><span style=\"color: #000000; font-family: Ubuntu; font-size: xx-large;\"><b>2<\/b><\/span><\/p><\/td><td valign=\"middle\"><p align=\"justify\"><span style=\"color: #000000; font-family: Ubuntu; font-size: small;\"><b><i>Denuncia acompa\u00f1ada por medidas de protecci\u00f3n<span class=\"Apple-converted-space\">\u00a0<\/span><\/i><\/b><\/span><\/p><p align=\"justify\"><span style=\"color: #000000; font-family: Ubuntu; font-size: small;\">Si la denuncia por un delito de violencia fuese remitida por la FELCV, otra instancia policial o una Instancia Promotora de Denuncia al Ministerio P\u00fablico habi\u00e9ndose dispuesto medidas de protecci\u00f3n especial de car\u00e1cter urgente que den cuenta de la situaci\u00f3n de riesgo para la vida o la integridad de la v\u00edctima, deber\u00e1 ponerse en conocimiento de la autoridad judicial dentro de las 24 horas de haber sido dispuestas para el control de legalidad respectivo.<span class=\"Apple-converted-space\">\u00a0<\/span><\/span><\/p><p align=\"justify\"><span style=\"color: #000000; font-family: Ubuntu; font-size: small;\">Si la denuncia ingresa directamente al Ministerio P\u00fablico, ser\u00e1 \u00e9ste el responsable de realizar la valoraci\u00f3n de riesgo y si corresponde disponer las medidas de protecci\u00f3n especial de car\u00e1cter urgente, debiendo poner en conocimiento de la autoridad jurisdiccional la imposici\u00f3n de las mismas dentro de las 24 horas siguientes, a los fines del control de legalidad.<span class=\"Apple-converted-space\">\u00a0<\/span><\/span><\/p><p align=\"justify\"><span style=\"color: #000000; font-family: Ubuntu; font-size: small;\">El deber de las y los fiscales de otorgar protecci\u00f3n a las v\u00edctimas de violencia no es potestativo sino u deber que se desprende de la gravedad y circunstancias del propio caso, ello porque por la posici\u00f3n de garantes respecto a las v\u00edctimas, por ello mismo, la adopci\u00f3n de medidas preventivas y de protecci\u00f3n, deben ser de oficio, en este sentido, la falta de adopci\u00f3n de medidas preventivas y de celeridad en la investigaci\u00f3n de casos de violencia en raz\u00f3n de g\u00e9nero y en relaci\u00f3n a ni\u00f1as, ni\u00f1os y adolescentes no solo puede pesar en el \u00e9xito de la investigaci\u00f3n sino provoca desconfianza y descr\u00e9dito en la justicia, pudiendo incluso significar un mensaje inequ\u00edvoco a los agresores de continuar la escalada de violencia (SCP. 033\/2013).<span class=\"Apple-converted-space\">\u00a0<\/span><\/span><\/p><p align=\"justify\"><span style=\"color: #000000; font-family: Ubuntu; font-size: small;\">En ambos casos, se comunicar\u00e1 al mismo tiempo el informe de inicio de investigaci\u00f3n, o en su defecto la desestimaci\u00f3n,<span class=\"Apple-converted-space\">\u00a0<\/span><\/span><\/p><p align=\"justify\"><span style=\"color: #000000; font-family: Ubuntu; font-size: small;\">\u00fanicamente a fines de que la autoridad jurisdiccional efect\u00fae el control de legalidad sobre las medidas de protecci\u00f3n especiales de car\u00e1cter urgente que hubieran sido dispuestas.<span class=\"Apple-converted-space\">\u00a0<\/span><\/span><\/p><p align=\"justify\"><span style=\"color: #000000; font-family: Ubuntu; font-size: small;\">Las medidas de protecci\u00f3n especial son independientes y tienen finalidad distinta que las medidas cautelares personales previstas en el CPP, puede disponerse una o varias de ellas seg\u00fan demande la situaci\u00f3n, son de cumplimiento obligatorio e inmediato desde el momento en que son dispuestas pudiendo recurrirse a la fuerza p\u00fablica para su cumplimiento.<span class=\"Apple-converted-space\">\u00a0<\/span><\/span><\/p><p align=\"justify\"><span style=\"color: #000000; font-family: Ubuntu; font-size: small;\">Tal como se\u00f1ala la Ley No. 1173 las medidas de protecci\u00f3n durar\u00e1n en tanto subsistan los motivos que fundaron su aplicaci\u00f3n independientemente de la etapa del proceso, por lo que tambi\u00e9n se entiende que seg\u00fan las necesidades sobrevinientes podr\u00e1n ser modificadas.<span class=\"Apple-converted-space\">\u00a0<\/span><\/span><\/p><p align=\"justify\"><span style=\"color: #000000; font-family: Ubuntu; font-size: small;\">En caso de incumplimiento de las medidas de protecci\u00f3n especial de oficio o a solicitud del fiscal, la v\u00edctima, representante legal, querellante o la INSTANCIA PROMOTORAS DE LA DENUNCIA (SLIM y DNA), la autoridad jurisdiccional, en audiencia, deber\u00e1 disponer las medidas previstas en la Ley No. 1173 para el caso concreto.<span class=\"Apple-converted-space\">\u00a0<\/span><\/span><\/p><\/td><\/tr><tr><td valign=\"middle\"><p><span style=\"color: #000000; font-family: Ubuntu; font-size: xx-large;\"><b>3<\/b><\/span><\/p><\/td><td valign=\"middle\"><p align=\"justify\"><span style=\"color: #000000; font-family: Ubuntu; font-size: small;\"><b><i>Desestimaci\u00f3n de la denuncia<span class=\"Apple-converted-space\">\u00a0<\/span><\/i><\/b><\/span><\/p><p align=\"justify\"><span style=\"color: #000000; font-family: Ubuntu; font-size: small;\">El o la Fiscal de Materia analizar\u00e1 la denuncia para la apertura del proceso y el inicio de la investigaci\u00f3n cuando corresponda o en su defecto, cuando el hecho no constituya delito o sea de acci\u00f3n privada se aplicar\u00e1 el art\u00edculo 55 de la Ley No. 260, respecto a la desestimaci\u00f3n. Asimismo, cuando no exista relaci\u00f3n f\u00e1ctica clara o no existan los elementos necesarios para tomar una decisi\u00f3n, en aplicaci\u00f3n del par\u00e1grafo II del art\u00edculo citado se otorgar\u00e1 el plazo de 24 horas para subsanar la denuncia.<span class=\"Apple-converted-space\">\u00a0<\/span><\/span><\/p><p align=\"justify\"><span style=\"color: #000000; font-family: Ubuntu; font-size: small;\">A este efecto se deber\u00e1 tener en cuenta el principio de informalidad, establecido en el art\u00edculo 4 num.11 de la Ley No.348, que a la letra dice: <i>\u201cEn todos los niveles de la<span class=\"Apple-converted-space\">\u00a0<\/span><\/i><\/span><\/p><p align=\"justify\"><span style=\"color: #000000; font-family: Ubuntu; font-size: small;\"><i>administraci\u00f3n p\u00fablica destinada a prevenir, atender, detectar, procesar y sancionar cualquier forma de violencia hacia las mujeres, no se exigir\u00e1 el cumplimiento de requisitos formales o materiales que entorpezcan el proceso de restablecimiento de los derechos vulnerados y la sanci\u00f3n a los responsables\u201d<\/i>.<span class=\"Apple-converted-space\">\u00a0<\/span><\/span><\/p><p align=\"justify\"><span style=\"color: #000000; font-family: Ubuntu; font-size: small;\">As\u00ed tambi\u00e9n se observar\u00e1 lo se\u00f1alado en el art\u00edculo 86 num.9 de la Ley No. 348 que establece: <i>\u201cAccesibilidad. La falta de requisitos formales o materiales en el procedimiento no deber\u00e1 retrasar, entorpecer ni impedir la restituci\u00f3n de los derechos vulnerados y la sanci\u00f3n a los responsables\u201d<\/i>.<span class=\"Apple-converted-space\">\u00a0<\/span><\/span><\/p><p align=\"justify\"><span style=\"color: #000000; font-family: Ubuntu; font-size: small;\">De igual manera, de conformidad al art\u00edculo 193 inc. b) de la Ley No. 548 se debe flexibilizar el procedimiento, evitando toda ritualidad o formalidad en el acceso a la justicia para ni\u00f1as, ni\u00f1os y adolescentes.<span class=\"Apple-converted-space\">\u00a0<\/span><\/span><\/p><p align=\"justify\"><span style=\"color: #000000; font-family: Ubuntu; font-size: small;\"><i>Finalmente, se deber\u00e1 considerar las previsiones del art\u00edculo 285 del C\u00f3digo de Procedimiento Penal cuando se\u00f1ala: \u201cTrat\u00e1ndose de denuncias verbales por delitos de violencia contra ni\u00f1as, ni\u00f1os, adolescentes y mujeres, se recibir\u00e1 la denuncia sin mayores exigencias formales\u201d.<span class=\"Apple-converted-space\">\u00a0<\/span><\/i><\/span><\/p><p align=\"justify\"><span style=\"color: #000000; font-family: Ubuntu; font-size: small;\"><i>En todas las actuaciones a realizar deben tenerse presente los principios rectores y los enfoques adoptados en el presente protocolo.<span class=\"Apple-converted-space\">\u00a0<\/span><\/i><\/span><\/p><p style=\"text-align: center;\" align=\"justify\"><span style=\"color: #43358b; font-family: Ubuntu; font-size: small;\"><b>EL MINISTERIO P\u00daBLICO DEBE PROPORCIONAR A LA V\u00cdCTIMA INFORMACI\u00d3N EN TODO MOMENTO, SOBRE EL ESTADO Y AVANCE DE SU PROCESO AS\u00cd COMO SOBRE LAS FUNCIONES Y EL ROL QUE TIENE EL MINISTERIO P\u00daBLICO Y OTRAS INSTANCIAS QUE INTERVIENEN EN LA INVESTIGACI\u00d3N.<\/b><\/span><\/p><\/td><\/tr><\/tbody><\/table><\/div><\/div><\/div><\/div><\/div>\n\t\t\t\t<\/div>\n\t\t\t\t<\/div>\n\t\t\t\t\t\t<\/div>\n\t\t\t\t\t<\/div>\n\t\t<\/div>\n\t\t\t\t\t\t\t\t<\/div>\n\t\t\t\t\t<\/div>\n\t\t<\/section>\n\t\t\t\t<section class=\"elementor-section elementor-top-section elementor-element elementor-element-f36c2b8 elementor-section-boxed elementor-section-height-default elementor-section-height-default\" data-id=\"f36c2b8\" data-element_type=\"section\">\n\t\t\t\t\t\t<div class=\"elementor-container elementor-column-gap-default\">\n\t\t\t\t\t\t\t<div class=\"elementor-row\">\n\t\t\t\t\t<div class=\"elementor-column elementor-col-100 elementor-top-column elementor-element elementor-element-ff2bff3\" data-id=\"ff2bff3\" data-element_type=\"column\">\n\t\t\t<div class=\"elementor-column-wrap elementor-element-populated\">\n\t\t\t\t\t\t\t<div class=\"elementor-widget-wrap\">\n\t\t\t\t\t\t<div class=\"elementor-element elementor-element-3c4bc06 elementor-widget elementor-widget-heading\" data-id=\"3c4bc06\" data-element_type=\"widget\" data-widget_type=\"heading.default\">\n\t\t\t\t<div class=\"elementor-widget-container\">\n\t\t\t<h2 class=\"elementor-heading-title elementor-size-default\">3.2.3 INICIO DE INVESTIGACIONES E INVESTIGACI\u00d3N PRELIMINAR<\/h2>\t\t<\/div>\n\t\t\t\t<\/div>\n\t\t\t\t\t\t<\/div>\n\t\t\t\t\t<\/div>\n\t\t<\/div>\n\t\t\t\t\t\t\t\t<\/div>\n\t\t\t\t\t<\/div>\n\t\t<\/section>\n\t\t\t\t<section class=\"elementor-section elementor-top-section elementor-element elementor-element-1c09114 elementor-section-boxed elementor-section-height-default elementor-section-height-default\" data-id=\"1c09114\" data-element_type=\"section\">\n\t\t\t\t\t\t<div class=\"elementor-container elementor-column-gap-default\">\n\t\t\t\t\t\t\t<div class=\"elementor-row\">\n\t\t\t\t\t<div class=\"elementor-column elementor-col-100 elementor-top-column elementor-element elementor-element-8b9f013\" data-id=\"8b9f013\" data-element_type=\"column\">\n\t\t\t<div class=\"elementor-column-wrap elementor-element-populated\">\n\t\t\t\t\t\t\t<div class=\"elementor-widget-wrap\">\n\t\t\t\t\t\t<div class=\"elementor-element elementor-element-51c9d98 elementor-widget elementor-widget-text-editor\" data-id=\"51c9d98\" data-element_type=\"widget\" data-widget_type=\"text-editor.default\">\n\t\t\t\t<div class=\"elementor-widget-container\">\n\t\t\t\t\t<div class=\"elementor-text-editor elementor-clearfix\"><div class=\"page\" title=\"Page 208\">\n<div class=\"section\">\n<div class=\"layoutArea\">\n<div class=\"column\">\n<div class=\"page\" title=\"Page 212\">\n<div class=\"section\">\n<div class=\"layoutArea\">\n<div class=\"column\">\n\nLa o el Fiscal Analista de la Plataforma de Atencio\u0301n Integral al Pu\u0301blico o el Fiscal de turno, al recibir una denuncia, o informacio\u0301n fehaciente sobre la comisio\u0301n de un delito, apertura el proceso penal e informara\u0301 al\/la Juez\/a de la Instruccio\u0301n, vi\u0301a <span style=\"font-size: 16px;\">sistema informa\u0301tico, el inicio de las investigaciones dentro de las 24 horas y se realizara\u0301n las siguientes actuaciones de primera instancia:<\/span>\n<div class=\"page\" title=\"Page 213\">\n<div class=\"section\">\n<div class=\"layoutArea\">\n<div class=\"column\">\n<ul>\n \t<li>Se efectuara\u0301 la valoracio\u0301n de riesgo para determinar la necesidad de disponer medidas de proteccio\u0301n especial de cara\u0301cter urgente, las que tambie\u0301n podra\u0301n disponerse en consideracio\u0301n a la gravedad del hecho, las circunstancias en las que se encuentra la vi\u0301ctima y la situacio\u0301n de vulnerabilidad. Si la valoracio\u0301n de riesgo ya hubiese sido realizada por la FELCV o una Instancia Promotora de la Denuncia no debera\u0301 volver a realizarse.<\/li>\n \t<li>Se debera\u0301 evaluar las circunstancias de la vi\u0301ctima y el tipo de violencia denunciada para la calificacio\u0301n del tipo penal.<\/li>\n \t<li>Se requerira\u0301, vi\u0301a sistema informa\u0301tico la designacio\u0301n de un\/a investigador\/a policial, impartiendo las directrices de la investigacio\u0301n para el desarrollo de sus labores investigativas de conformidad al art\u00edculo 295 del C.P.P. incluidos los respectivos requerimientos fiscales.<\/li>\n \t<li>Se dara\u0301 a conocer a la autoridad jurisdiccional competente el inicio de investigaciones y sometera\u0301 al control jurisdiccional las medidas de proteccio\u0301n especial de cara\u0301cter urgente que se hayan dispuesto a favor de la vi\u0301ctima.<\/li>\n \t<li>En caso de violencia sexual se solicitara\u0301 el anticipo de prueba y el acompan\u0303amiento de una psico\u0301loga de la DNA o SLIM.<\/li>\n<\/ul>\nEn caso de que concurran ante un\/a mismo\/a fiscal de turno, dos personas con denuncias reci\u0301procas se tomara\u0301n las medidas de proteccio\u0301n necesarias previo un ana\u0301lisis integral del problema considerando la vulnerabilidad de la vi\u0301ctima y la presencia de nin\u0303as, nin\u0303os y adolescentes priorizando su intere\u0301s superior. (SCP 0725\/2018-S2).\n<div class=\"page\" title=\"Page 213\">\n<div class=\"section\">\n<div class=\"layoutArea\">\n<div class=\"column\">\n<p style=\"text-align: center;\"><span style=\"color: #43358b;\">La derivacio\u0301n de denuncias por delitos de violencia a instancias administrativas para la suscripcio\u0301n de garanti\u0301as NO ES ADMISIBLE por ser revictimizante y desnaturalizar la proteccio\u0301n que debe brindar el Estado a la vi\u0301ctima. (SCP 0394\/2018-S2)<a class=\"tooltips\" title=\"Ver la SCP 0394\/2018-S2 en la jurisprudencia nacional descrita en la primera parte de este Protocolo.\"><sup>88<\/sup><\/a>.<\/span><\/p>\n\n<\/div>\n<\/div>\n<\/div>\n<\/div>\n<\/div>\n<\/div>\n<\/div>\n<\/div>\n<\/div>\n<\/div>\n<\/div>\n<\/div>\n<\/div>\n<\/div>\n<\/div>\n<\/div><\/div>\n\t\t\t\t<\/div>\n\t\t\t\t<\/div>\n\t\t\t\t\t\t<\/div>\n\t\t\t\t\t<\/div>\n\t\t<\/div>\n\t\t\t\t\t\t\t\t<\/div>\n\t\t\t\t\t<\/div>\n\t\t<\/section>\n\t\t\t\t<section class=\"elementor-section elementor-top-section elementor-element elementor-element-844a931 elementor-section-boxed elementor-section-height-default elementor-section-height-default\" data-id=\"844a931\" data-element_type=\"section\">\n\t\t\t\t\t\t<div class=\"elementor-container elementor-column-gap-default\">\n\t\t\t\t\t\t\t<div class=\"elementor-row\">\n\t\t\t\t\t<div class=\"elementor-column elementor-col-100 elementor-top-column elementor-element elementor-element-b2142e9\" data-id=\"b2142e9\" data-element_type=\"column\">\n\t\t\t<div class=\"elementor-column-wrap elementor-element-populated\">\n\t\t\t\t\t\t\t<div class=\"elementor-widget-wrap\">\n\t\t\t\t\t\t<div class=\"elementor-element elementor-element-a2c1932 elementor-widget elementor-widget-text-editor\" data-id=\"a2c1932\" data-element_type=\"widget\" data-widget_type=\"text-editor.default\">\n\t\t\t\t<div class=\"elementor-widget-container\">\n\t\t\t\t\t<div class=\"elementor-text-editor elementor-clearfix\"><div class=\"page\" title=\"Page 208\"><div class=\"section\"><div class=\"layoutArea\"><div class=\"column\"><table cellspacing=\"0\" cellpadding=\"0\"><tbody><tr><td valign=\"middle\"><p><span style=\"color: #000000; font-family: Ubuntu; font-size: xx-large;\"><b>1<\/b><\/span><\/p><\/td><td valign=\"middle\"><p align=\"justify\"><span style=\"color: #000000; font-family: Ubuntu; font-size: small;\"><b><i>Actos preliminares de la investigaci\u00f3n<span class=\"Apple-converted-space\">\u00a0<\/span><\/i><\/b><\/span><\/p><p align=\"justify\"><span style=\"color: #000000; font-family: Ubuntu; font-size: small;\">De conformidad a lo dispuesto en el art\u00edculo del 297 del C\u00f3digo de Procedimiento Penal, el Ministerio P\u00fablico ejerce la direcci\u00f3n funcional de la investigaci\u00f3n de los delitos respetando los derechos de la v\u00edctima y evitando su revictimizaci\u00f3n.<span class=\"Apple-converted-space\">\u00a0<\/span><\/span><\/p><p align=\"justify\"><span style=\"color: #000000; font-family: Ubuntu; font-size: small;\">En este marco, las notificaciones que deba realizar el Ministerio P\u00fablico se procesar\u00e1n de acuerdo a lo establecido en el art\u00edculo 58 de la Ley Org\u00e1nica del Ministerio P\u00fablico y lo dispuesto en los art\u00edculos 160 al 165 del C\u00f3digo de Procedimiento Penal, modificados por el art\u00edculo 9 de la Ley No. 1173. En ning\u00fan caso se solicitar\u00e1 a la v\u00edctima realizar notificaciones o citaciones.<span class=\"Apple-converted-space\">\u00a0<\/span><\/span><\/p><p align=\"justify\"><span style=\"color: #000000; font-family: Ubuntu; font-size: small;\">De acuerdo a lo dispuesto en el art\u00edculo 94 de la Ley No. 348, la o el investigador\/a deber\u00e1 remitir el informe preliminar en el plazo de 8 d\u00edas de recibido el requerimiento de direcci\u00f3n funcional, adjuntando los elementos de prueba recolectados en la investigaci\u00f3n hasta ese momento, para que la o el Fiscal de Materia una vez recibidas las actuaciones policiales, analice su contenido y emita la Resoluci\u00f3n Fiscal que corresponda de acuerdo a lo establecido en el art\u00edculo 301 CPP. El informe deber\u00e1 elaborarse siguiendo las directrices descritas en la \u201cGu\u00eda Pr\u00e1ctica para la Realizaci\u00f3n de Entrevistas y Elaboraci\u00f3n de Informes Policiales\u201d de la FELCV. (Ver lista en el Anexo 8).<span class=\"Apple-converted-space\">\u00a0<\/span><\/span><\/p><\/td><\/tr><tr><td valign=\"middle\"><p><span style=\"color: #000000; font-family: Ubuntu; font-size: xx-large;\"><b>2<\/b><\/span><\/p><\/td><td valign=\"middle\"><p align=\"justify\"><span style=\"color: #000000; font-family: Ubuntu; font-size: small;\"><b><i>Requerimientos de atenci\u00f3n integral para la v\u00edctima<span class=\"Apple-converted-space\">\u00a0<\/span><\/i><\/b><\/span><\/p><ol><li><i><\/i><span style=\"color: #000000; font-family: Ubuntu; font-size: small;\"><i>En caso que la v\u00edctima no cuente con patrocinio legal ni otros servicios de atenci\u00f3n integral, el o la Fiscal de Materia requerir\u00e1 a la Instancia Promotora de Denuncia u otras organizaciones especializadas proporcione a la v\u00edctima la atenci\u00f3n multidisciplinaria.<span class=\"Apple-converted-space\">\u00a0<\/span><\/i><\/span><\/li><li><i><\/i><span style=\"color: #000000; font-family: Ubuntu; font-size: small;\"><i>La o el Fiscal de Materia, en caso que la v\u00edctima sea persona menor de edad y no cuente con familia de origen o ampliada para su cuidado y protecci\u00f3n, velar\u00e1 por el inter\u00e9s superior de la ni\u00f1a, ni\u00f1o y adolescente y dispondr\u00e1 con la DNA el acogimiento circunstancial del mismo en un centro de acogida, siendo la DNA la responsable de regularizar su acogimiento circunstancial ante la autoridad jurisdiccional competente.<span class=\"Apple-converted-space\">\u00a0<\/span><\/i><\/span><\/li><li><i><\/i><span style=\"color: #000000; font-family: Ubuntu; font-size: small;\"><i>Es fundamental tener en cuenta que la recuperaci\u00f3n terap\u00e9utica de la v\u00edctima es transversal desde el inicio de la investigaci\u00f3n y concluye con la estabilizaci\u00f3n psico-emocional de la v\u00edctima, por lo tanto, no debe esperarse a la conclusi\u00f3n del proceso para disponer esta medida; en caso de que la v\u00edctima no est\u00e9 recibiendo este apoyo, ser\u00e1 necesario que sea derivada para su atenci\u00f3n en la DNA, SLIM, CEPAT, organizaciones de la sociedad civil u otros servicios disponibles.<span class=\"Apple-converted-space\">\u00a0<\/span><\/i><\/span><\/li><\/ol><ol start=\"4\"><li><i><\/i><span style=\"color: #000000; font-family: Ubuntu; font-size: small;\"><i>La o el Fiscal de Materia, en caso que la v\u00edctima sea mujer adulta mayor, puede disponer en coordinaci\u00f3n con la Instancia Promotora de Denuncia el acogimiento de la misma en un centro de acogida, para precautelar su integridad f\u00edsica y psicol\u00f3gica.<span class=\"Apple-converted-space\">\u00a0<\/span><\/i><\/span><\/li><li><i><\/i><span style=\"color: #000000; font-family: Ubuntu; font-size: small;\"><i>La o el Fiscal de Materia, en caso que la v\u00edctima sea persona extranjera, en cumplimiento de la Convenci\u00f3n de Viena sobre Relaciones Consulares, debe informar a la persona sobre su derecho a recibir asistencia consular, debiendo en ese efecto, comunicar su situaci\u00f3n procesal a la representaci\u00f3n diplom\u00e1tica o consular acreditada en el Estado Plurinacional de Bolivia.<span class=\"Apple-converted-space\">\u00a0<\/span><\/i><\/span><\/li><\/ol><\/td><\/tr><tr><td valign=\"middle\"><p><span style=\"color: #000000; font-family: Ubuntu; font-size: xx-large;\"><b>3<\/b><\/span><\/p><\/td><td valign=\"middle\"><p align=\"justify\"><span style=\"color: #000000; font-family: Ubuntu; font-size: small;\"><b><i>Atenci\u00f3n integral durante las diligencias investigativas<span class=\"Apple-converted-space\">\u00a0<\/span><\/i><\/b><\/span><\/p><p align=\"justify\"><span style=\"color: #000000; font-family: Ubuntu; font-size: small;\">Las funciones de contenci\u00f3n, preparaci\u00f3n, y acompa\u00f1amiento deben ser llevadas de forma continua y transversal durante todo el proceso.<span class=\"Apple-converted-space\">\u00a0<\/span><\/span><\/p><p align=\"justify\"><span style=\"color: #000000; font-family: Ubuntu; font-size: small;\">Las Instancias Promotoras de Denuncia, la Unidad de Protecci\u00f3n a V\u00edctimas y Testigos del Ministerio P\u00fablico y\/o las organizaciones de la sociedad civil, deben de manera activa acompa\u00f1ar a la v\u00edctima, en todos los actos procesales requeridos por el Ministerio P\u00fablico o la autoridad jurisdiccional, ofreci\u00e9ndole seguridad y confianza para sobrellevar la situaci\u00f3n atravesada, constituy\u00e9ndose como un medio de protecci\u00f3n a la misma y su entorno familiar.<span class=\"Apple-converted-space\">\u00a0<\/span><\/span><\/p><p align=\"justify\"><span style=\"color: #000000; font-family: Ubuntu; font-size: small;\">Asimismo, y de acuerdo a sus competencias, estas instancias deben efectuar el seguimiento que consiste en la verificaci\u00f3n de la situaci\u00f3n de la v\u00edctima y \/o su entorno familiar, respecto a:<span class=\"Apple-converted-space\">\u00a0<\/span><\/span><\/p><ul><li><span style=\"color: #000000; font-family: Ubuntu; font-size: small;\">La efectiva aplicaci\u00f3n de las medidas de protecci\u00f3n y la identificaci\u00f3n de nuevas medidas que se consideren necesarias o urgentes por las circunstancias del caso, informando al Ministerio P\u00fablico.<span class=\"Apple-converted-space\">\u00a0<\/span><\/span><\/li><li><span style=\"color: #000000; font-family: Ubuntu; font-size: small;\">Asistencia a las terapias psicol\u00f3gicas.<\/span><\/li><li><span style=\"color: #000000; font-family: Ubuntu; font-size: small;\">Estado de salud y continuidad de tratamiento m\u00e9dico, si corresponde.<\/span><\/li><li><span style=\"color: #000000; font-family: Ubuntu; font-size: small;\">Advertir sobre la posibilidad de abandono del proceso penal y en su caso informar, previa entrevista con la v\u00edctima sobre las causas del abandono, de igual manera, si se presentar\u00e1 un desistimiento o pedido de retiro de denuncia, aunque ellas no tendr\u00e1n efectos sobre el deber de perseguir de oficio estos delitos debe establecerse las razones que las origina. Debe tenerse pesente que aunque la v\u00edctima realice estos pedidos, ello no debe interpretarse como expresi\u00f3n de que el hecho de violencia no haya ocurrido.<span class=\"Apple-converted-space\">\u00a0<\/span><\/span><\/li><li><span style=\"color: #000000; font-family: Ubuntu; font-size: small;\">Evaluar la situaci\u00f3n de la v\u00edctima ante la posible conciliaci\u00f3n en el proceso penal.<span class=\"Apple-converted-space\">\u00a0<\/span><\/span><\/li><li><span style=\"color: #000000; font-family: Ubuntu; font-size: small;\">Continuidad del asesoramiento o patrocinio legal. <\/span><span style=\"color: #000000; font-family: Kailasa; font-size: small;\">\u0f5f<\/span><span style=\"color: #000000; font-family: Ubuntu; font-size: small;\">Verificaci\u00f3n del cambio de domicilio y o fuente laboral.<\/span><\/li><li><span style=\"color: #000000; font-family: Ubuntu; font-size: small;\">El acogimiento en un centro especializado.<span class=\"Apple-converted-space\">\u00a0<\/span><\/span><\/li><\/ul><\/td><\/tr><\/tbody><\/table><\/div><\/div><\/div><\/div><\/div>\n\t\t\t\t<\/div>\n\t\t\t\t<\/div>\n\t\t\t\t\t\t<\/div>\n\t\t\t\t\t<\/div>\n\t\t<\/div>\n\t\t\t\t\t\t\t\t<\/div>\n\t\t\t\t\t<\/div>\n\t\t<\/section>\n\t\t\t\t<section class=\"elementor-section elementor-top-section elementor-element elementor-element-213741f elementor-section-boxed elementor-section-height-default elementor-section-height-default\" data-id=\"213741f\" data-element_type=\"section\">\n\t\t\t\t\t\t<div class=\"elementor-container elementor-column-gap-default\">\n\t\t\t\t\t\t\t<div class=\"elementor-row\">\n\t\t\t\t\t<div class=\"elementor-column elementor-col-100 elementor-top-column elementor-element elementor-element-ded74f6\" data-id=\"ded74f6\" data-element_type=\"column\">\n\t\t\t<div class=\"elementor-column-wrap elementor-element-populated\">\n\t\t\t\t\t\t\t<div class=\"elementor-widget-wrap\">\n\t\t\t\t\t\t<div class=\"elementor-element elementor-element-05568ff elementor-widget elementor-widget-text-editor\" data-id=\"05568ff\" data-element_type=\"widget\" data-widget_type=\"text-editor.default\">\n\t\t\t\t<div class=\"elementor-widget-container\">\n\t\t\t\t\t<div class=\"elementor-text-editor elementor-clearfix\"><div class=\"page\" title=\"Page 208\"><div class=\"section\"><div class=\"layoutArea\"><div class=\"column\"><div class=\"page\" title=\"Page 216\"><div class=\"section\"><div class=\"layoutArea\"><div class=\"column\"><p>El acompan\u0303amiento y seguimiento a la vi\u0301ctima deben realizarse en los siguientes actuados procesales:<\/p><p><span style=\"color: #43358b;\"><strong>\u2022 Valoracio\u0301n me\u0301dica a realizarse por el o la Me\u0301dico Forense o en el sistema de salud<\/strong><\/span><\/p><p>El acompan\u0303amiento y preparacio\u0301n de la vi\u0301ctima por parte de la Instancia Promotora de la Denuncia u organizacio\u0301n de la sociedad civil que brinde este apoyo, es fundamental para una o\u0301ptima valoracio\u0301n me\u0301dica, para lo cual, se debera\u0301n realizar las acciones descritas para el caso de vi\u0301ctimas que refieren o se observa presentan un dan\u0303o fi\u0301sico severo o agresio\u0301n sexual reciente y\/o se encuentra comprometida su vida.<\/p><div class=\"page\" title=\"Page 217\"><div class=\"section\"><div class=\"layoutArea\"><div class=\"column\"><p><span style=\"color: #43358b;\"><strong>\u2022 Entrevista Informativa<\/strong><\/span><\/p><p>La entrevista informativa prestada por la vi\u0301ctima, debe precautelar los derechos de la misma como ser: el derecho a la intimidad y la reduccio\u0301n de niveles de revictimizacio\u0301n; se recomienda procurar realizarla en Ca\u0301mara Gesell o un medio ana\u0301logo, como se explica en la Gui\u0301a de Uso de la Ca\u0301mara.<\/p><p>El anticipo de prueba al ser un mecanismo para evitar la revictimizacio\u0301n, es especialmente aplicable cuando se trate de vi\u0301ctimas de violencia sexual<a class=\"tooltips\" title=\"Ver la sentencia de las Corte IDH en el Caso V.R.P., V.P.C. y otros Vs. Nicaragua en la parte de normativa internacional.\"><sup>89<\/sup><\/a>, procura\u0301ndose realizar en todos los casos en Ca\u0301mara Gesell.<\/p><p>En consideracio\u0301n a la disposicio\u0301n abierta del Art. 35 de la Ley No. 348 sobre el tipo de medidas de proteccio\u0301n a las vi\u0301ctimas de violencia el uso de la Ca\u0301mara Gesell puede ser entendida como una medida de proteccio\u0301n<a class=\"tooltips\" title=\"Fiscal\u00eda General del Estado. 2012. Gu\u00eda del uso de C\u00e1mara Gesell. Sucre, Bolivia. Recuperado en: https:\/\/www.comunidad.org.bo\/assets\/archivos\/herramienta\/a8ef800edc2fe1919545c7b72b41f5e9.pdf\"><sup>90<\/sup><\/a> de acuerdo a las siguientes consideraciones:<\/p><ul><li>Se precautela la integridad de la vi\u0301ctima como persona.<\/li><li>Se garantiza la privacidad y el resguardo de la vi\u0301ctima durante laentrevista.<\/li><li>Se evita la duplicidad o variedad de entrevistas y declaraciones quedebe emitir la vi\u0301ctima.<\/li><li>Se resguarda a la vi\u0301ctima de un posible contacto con el o los sospechosos.<\/li><\/ul><p><strong><span style=\"color: #43358b;\">\u2022 Reconocimiento de personas<\/span><\/strong><\/p><p>Las Instancias Promotoras de Denuncia, el personal de la Unidad de Proteccio\u0301n a Vi\u0301ctimas y Testigos del Ministerio Pu\u0301blico o de las organizaciones de la sociedad civil deben:<\/p><ul><li>Brindar a la vi\u0301ctima informacio\u0301n respecto al procedimiento en el cual debera\u0301 participar y la importancia de la misma.<\/li><li>De ser necesario aplicar te\u0301cnicas de relajacio\u0301n y respiracio\u0301n para disminuir la ansiedad de la vi\u0301ctima.<\/li><li>Asegurarse que por ningu\u0301n motivo la vi\u0301ctima sea expuesta o sometida a un encuentro directo con el agresor; para lo cual puede utilizarse la ca\u0301mara Gesell o medio ana\u0301logo conforme se explica en la Gui\u0301a de Uso de la Ca\u0301mara Gesell de la Fiscali\u0301a General del Estado.<\/li><li>Coordinar y garantizar que la vi\u0301ctima llegue con la debida anticipacio\u0301n al acto investigativo, y a la conclusio\u0301n de este acto se resguardara\u0301 a la misma hasta que abandone el lugar.<\/li><li>Concluido el acto de reconocimiento de persona, la o el investigador\/a debera\u0301 elaborar el acta correspondiente de conformidad al arti\u0301culo 219 de CPP.<\/li><\/ul><p>En ausencia de Instancias Promotoras de Denuncia u organizaciones de la sociedad civil, el Ministerio Pu\u0301blico y\/o la Polici\u0301a debe resguardar a la vi\u0301ctima en el desarrollo de las actividades propias de la investigacio\u0301n.<\/p><p><span style=\"color: #43358b;\"><strong>\u2022 Conclusio\u0301n de la etapa preliminar<\/strong><\/span><\/p><p>La etapa preliminar concluira\u0301 de acuerdo al arti\u0301culo 301 del CPP con el requerimiento fiscal de complementacio\u0301n de diligencias, la imputacio\u0301n formal, el rechazo de la denuncia o salidas alternativas, el que debera\u0301 ser notificado a las partes.<\/p><p>La Instancia Promotora de Denuncia o la organizacio\u0301n de la sociedad civil que brinda el patrocinio legal a la vi\u0301ctima, debera\u0301 explicarle de forma clara los efectos legales del requerimiento y las acciones posibles en caso de no estar de acuerdo con el rechazo o la aplicacio\u0301n de una salida alternativa. Sin perjuicio de que la\/el Fiscal de Materia, en el marco de la debida diligencia deba brindar esta informacio\u0301n a la vi\u0301ctima.<\/p><\/div><\/div><\/div><\/div><\/div><\/div><\/div><\/div><\/div><\/div><\/div><\/div><\/div>\n\t\t\t\t<\/div>\n\t\t\t\t<\/div>\n\t\t\t\t\t\t<\/div>\n\t\t\t\t\t<\/div>\n\t\t<\/div>\n\t\t\t\t\t\t\t\t<\/div>\n\t\t\t\t\t<\/div>\n\t\t<\/section>\n\t\t\t\t<section class=\"elementor-section elementor-top-section elementor-element elementor-element-a78ec03 elementor-section-boxed elementor-section-height-default elementor-section-height-default\" data-id=\"a78ec03\" data-element_type=\"section\">\n\t\t\t\t\t\t<div class=\"elementor-container elementor-column-gap-default\">\n\t\t\t\t\t\t\t<div class=\"elementor-row\">\n\t\t\t\t\t<div class=\"elementor-column elementor-col-100 elementor-top-column elementor-element elementor-element-b7e1035\" data-id=\"b7e1035\" data-element_type=\"column\">\n\t\t\t<div class=\"elementor-column-wrap elementor-element-populated\">\n\t\t\t\t\t\t\t<div class=\"elementor-widget-wrap\">\n\t\t\t\t\t\t<div class=\"elementor-element elementor-element-9456690 elementor-widget elementor-widget-text-editor\" data-id=\"9456690\" data-element_type=\"widget\" data-widget_type=\"text-editor.default\">\n\t\t\t\t<div class=\"elementor-widget-container\">\n\t\t\t\t\t<div class=\"elementor-text-editor elementor-clearfix\"><div class=\"page\" title=\"Page 208\"><div class=\"section\"><div class=\"layoutArea\"><div class=\"column\"><div class=\"page\" title=\"Page 218\"><div class=\"section\"><div class=\"layoutArea\"><div class=\"column\"><p><strong><span style=\"color: #43358b;\">Reglas para la suspensio\u0301n condicional del proceso<\/span><\/strong><\/p><ol><li>Segu\u0301n lo dispuesto por la Ley No. 1173 que modifica los arti\u0301culos 23 y 24 del Co\u0301digo de Procedimiento Penal, la suspensio\u0301n condicional del proceso no sera\u0301 procedente cuando se trate de delitos contra la libertad sexual cuyas vi\u0301ctimas sean nin\u0303as, nin\u0303os o adolescentes, cuando el delito tenga un ma\u0301ximo legal superior a los seis (6) an\u0303os de privacio\u0301n de libertad, cuando el imputado sea reincidente o se le hubiera aplicado alguna salida alternativa por delito doloso. En este caso tampoco procedera\u0301n los criterios de oportunidad.<\/li><li>En los casos que sea procedente legalmente la suspensio\u0301n condicional del proceso, el imputado debe haber cumplido satisfactoriamente las medidas de proteccio\u0301n impuestas durante el proceso en favor de la vi\u0301ctima, por lo que la o el Fiscal de Materia solicitara\u0301 informe a la Instancia Promotora de la Denuncia al respecto, debiendo informar a la vi\u0301ctima sobre la necesidad de comunicar al Ministerio Pu\u0301blico y\/o a la autoridad jurisdiccional sobre el incumplimiento de las medidas (Art. 23 CPP modificado por la Ley No. 1173).<\/li><li>Esta suspensio\u0301n procedera\u0301 en la etapa preparatoria cuando haya reparado el dan\u0303o ocasionado, firmado un acuerdo con la vi\u0301ctima en ese sentido o afianzado suficientemente esa reparacio\u0301n. Excepcionalmente, podra\u0301 ser planteada durante el juicio, siempre y cuando se haya reparado integralmente el dan\u0303o causado a la vi\u0301ctima y no exista de parte de e\u0301sta ningu\u0301n reclamo pendiente (Art. 23 CPP modificado por la Ley No. 1173).<\/li><li>La o el Fiscal de Materia debe tener presente que, en los procesos por delitos de violencia una suspensio\u0301n condicional, puede poner en mayor riesgo a la vi\u0301ctima e incrementar su vulnerabilidad por lo que plantear esta salida alternativa no es un ejercicio meca\u0301nico de aplicacio\u0301n de la ley debe tomarse en consideracio\u0301n las circunstancias del delito, la existencia de violencia habitual, el dan\u0303o provocado a la vi\u0301ctima, entre otros factores todos analizados a la luz del deber de proteccio\u0301n reforzada.<\/li><li>La o el Fiscal de Materia adema\u0301s solicitara\u0301 a la Instancia Promotora de la Denuncia informe psicolo\u0301gico tanto del imputado como de la vi\u0301ctima, si este hubiese cumplido con el tratamiento psicolo\u0301gico en caso de haberse determinado.<\/li><\/ol><p><span style=\"color: #43358b;\"><strong>Reglas sobre la conciliacio\u0301n<\/strong><\/span><\/p><ol><li>Respecto a la conciliacio\u0301n, en aplicacio\u0301n del principio del intere\u0301s superior del nin\u0303o, en los casos de violencia con vi\u0301ctimas NNA esta\u0301 prohibida toda forma de conciliacio\u0301n o transaccio\u0301n (Art. 157 de la Ley No. 548), por lo que aun cuando la vi\u0301ctima, sus familiares o representantes lo soliciten no podra\u0301 darse curso a las mismas debiendo explicarse las razones legales.<\/li><li>De conformidad al Art. 23 de la Ley No. 243, Ley Contra el Acoso y la Violencia Poli\u0301tica Hacia las Mujeres estos delitos no son conciliables.<\/li><li>En casos de violencia contra las mujeres, la Ley No. 348 en su arti\u0301culo 46 prohi\u0301be esta salida alternativa, en cualquier hecho de violencia contra las mujeres, que comprometa su vida e integridad sexual.<\/li><\/ol><div class=\"page\" title=\"Page 220\"><div class=\"section\"><div class=\"layoutArea\"><div class=\"column\"><p style=\"padding-left: 40px;\">A saber los siguientes<a class=\"tooltips\" title=\"Ministerio de Justicia y Fiscal\u00eda General del Estado, 2014.Protocolo y ruta critica interinstitucionales para la atenci\u00f3n y protecci\u00f3n a las v\u00edctimas, en el marco de la Ley No.348. Bolivia. Recuperado en: https:\/\/www.comunidad.org.bo\/assets\/archivos\/herramienta\/f0da117d5444b7fcf32a3196ca9324b1.pdf\"><sup>92<\/sup><\/a>:<\/p><ul><li style=\"list-style-type: none;\"><ul><li>Feminicidio (Art. 252 bis Co\u0301digo Penal)<\/li><li>Homicidio por emocio\u0301n violenta (Art. 254 Co\u0301digo Penal)<\/li><li>Homicidio suicidio (Art. 256 Co\u0301digo Penal)<\/li><li>Aborto Forzado (Art. 267 bis Co\u0301digo Penal)<\/li><li>Lesiones gravi\u0301simas (Art. 270 Co\u0301digo Penal)<\/li><li>Violencia Familiar o Dome\u0301stica (Art. 272 bis Co\u0301digo Penal) de acuerdo a la valoracio\u0301n de riesgo en sus elementos configurativos de agresio\u0301n fi\u0301sica.<\/li><li>Violacio\u0301n (Art. 308 Co\u0301digo Penal)<\/li><li>Abuso sexual (Art. 312 Co\u0301digo Penal)<\/li><li>Acoso sexual (Art. 312 quater Co\u0301digo Penal)<\/li><li>Actos sexuales abusivos (Art. 312 Bis Co\u0301digo penal)<\/li><li>Padecimientos sexuales (Art. 313 Ter. Co\u0301digo Penal)<\/li><li>Incumplimiento de deberes de proteccio\u0301n a mujeres en situacio\u0301n de violencia (Art. 154 bis Co\u0301digo Penal).<\/li><\/ul><\/li><\/ul><ol start=\"4\"><li>Ninguna institucio\u0301n receptora de denuncias ni su personal, podra\u0301 promover la conciliacio\u0301n ni suscripcio\u0301n de ningu\u0301n tipo de acuerdo entre la mujer y su agresor, bajo responsabilidad. No se reconoce la conciliacio\u0301n bajo presio\u0301n a la vi\u0301ctima o para evitar carga procesal, bajo responsabilidad funcionaria. (Art. 46 de la Ley No. 348)<\/li><li>La regla establecida en el Art. 326 del CPP (modificado por la Ley No. 1173) de promover la conciliacio\u0301n no se aplica a los casos de violencia contra las mujeres en virtud a la prohibicio\u0301n expresa establecida en el Art. 46 parr. I de la Ley No. 348 (ley especial), tal como sen\u0303ala el Arti\u0301culo 327 del CPP (modificado por la Ley No. 1173) la conciliacio\u0301n solo sera\u0301 promovida siempre que ella sea previsible de acuerdo a normativa especial y vigente.<\/li><li>Otros criterios a tomar en cuenta sobre la conciliacio\u0301n son los establecidos en el Art. 64 de la Ley No. 260 modificado por la Ley No. 1173, el que dispone la promocio\u0301n de la conciliacio\u0301n por parte de la o el fiscal de oficio o a pedido de las partes, desde el primer momento, cuando se trate de delitos patrimoniales o culposos, exceptuando los casos en los que el hecho tenga por resultado la muerte, exista un intere\u0301s pu\u0301blico gravemente comprometido, vulneren derechos constitucionales, y\/o se trate de reincidentes o delincuentes habituales. Es de comprender que si estos criterios son valederos trata\u0301ndose de delitos patrimoniales, que incluiri\u0301a los delitos de violencia econo\u0301mica patrimonial, con mayor razo\u0301n debera\u0301n ser orientadores en otros casos de violencia. Se entendera\u0301 por \u201cintere\u0301s pu\u0301blico\u201d una afectacio\u0301n a derechos y a\u0301mbitos protectivos considerados superiores o primordiales.<\/li><li>Excepcionalmente, la conciliacio\u0301n podra\u0301 ser promovida u\u0301nicamente por la vi\u0301ctima, en los casos no prohibidos por el Art. 46 parr. I de la Ley No, 348<a class=\"tooltips\" title=\"El apartado IV no se refiere a los casos prohibidos por el apartado I (hecho de violencia que hubiera comprometido la vida e integridad sexual de la mujer), sino a los hechos de violencia que no tienen esta caracter\u00edstica, y que por tanto son conciliables pero con una condici\u00f3n: que sea promovida por la v\u00edctima, por una sola vez y no se admite en casos de reincidencia.\"><sup>93<\/sup><\/a>, solo por u\u0301nica vez y no siendo posible admitirla en casos de reincidencia. A la luz del Art. 64 de la Ley No. 260 deberi\u0301a considerarse tambie\u0301n la habitualidad de la violencia o violencia reiterada y no solo la reincidencia a efecto de no admitir la conciliacio\u0301n cuando la denuncia refiera la existencia de hechos de violencia anteriores.<\/li><li>Las causas por delitos de violencia no se remitira\u0301n, obligatoriamente a ningu\u0301n tipo de procedimiento alternativo de arreglo de controversias, como la conciliacio\u0301n o mediacio\u0301n, bajo responsabilidad por incumplimiento de deberes de proteccio\u0301n.<div class=\"section\">\u00a0<\/div><div class=\"section\"><div class=\"layoutArea\"><div class=\"column\">\u00a0<\/div><\/div><\/div><\/li><\/ol><\/div><\/div><\/div><\/div><\/div><\/div><\/div><\/div><\/div><\/div><\/div><\/div><\/div>\n\t\t\t\t<\/div>\n\t\t\t\t<\/div>\n\t\t\t\t\t\t<\/div>\n\t\t\t\t\t<\/div>\n\t\t<\/div>\n\t\t\t\t\t\t\t\t<\/div>\n\t\t\t\t\t<\/div>\n\t\t<\/section>\n\t\t\t\t<section class=\"elementor-section elementor-top-section elementor-element elementor-element-86f1a1f elementor-section-boxed elementor-section-height-default elementor-section-height-default\" data-id=\"86f1a1f\" data-element_type=\"section\" data-settings=\"{&quot;background_background&quot;:&quot;classic&quot;}\">\n\t\t\t\t\t\t<div class=\"elementor-container elementor-column-gap-default\">\n\t\t\t\t\t\t\t<div class=\"elementor-row\">\n\t\t\t\t\t<div class=\"elementor-column elementor-col-100 elementor-top-column elementor-element elementor-element-c567cd8\" data-id=\"c567cd8\" data-element_type=\"column\">\n\t\t\t<div class=\"elementor-column-wrap elementor-element-populated\">\n\t\t\t\t\t\t\t<div class=\"elementor-widget-wrap\">\n\t\t\t\t\t\t<div class=\"elementor-element elementor-element-85b0278 elementor-widget elementor-widget-text-editor\" data-id=\"85b0278\" data-element_type=\"widget\" data-widget_type=\"text-editor.default\">\n\t\t\t\t<div class=\"elementor-widget-container\">\n\t\t\t\t\t<div class=\"elementor-text-editor elementor-clearfix\"><div class=\"page\" title=\"Page 15\"><div class=\"section\"><div class=\"layoutArea\"><div class=\"column\"><div class=\"page\" title=\"Page 24\"><div class=\"section\"><div class=\"layoutArea\"><div class=\"column\"><div class=\"page\" title=\"Page 24\"><div class=\"section\"><div class=\"layoutArea\"><div class=\"column\"><div class=\"page\" title=\"Page 169\"><div class=\"section\"><div class=\"layoutArea\"><div class=\"column\"><div class=\"page\" title=\"Page 221\"><div class=\"section\"><div class=\"layoutArea\"><div class=\"column\"><p style=\"text-align: center;\">La promocio\u0301n de la conciliacio\u0301n en casos de violencia contra las mujeres no es admisible legalmente y contradice los esta\u0301ndares internacionales de derechos humanos que forman parte del bloque de constitucionalidad.<br \/>Debe tenerse en cuenta que en los casos de violencia, en especial familiar o dome\u0301stica, se producen en el marco de relaciones de poder que pone a la vi\u0301ctima en una situacio\u0301n de vulnerabilidad y desigualdad frente a su agresor.<\/p><\/div><\/div><\/div><\/div><\/div><\/div><\/div><\/div><\/div><\/div><\/div><\/div><\/div><\/div><\/div><\/div><\/div><\/div><\/div><\/div><\/div>\n\t\t\t\t<\/div>\n\t\t\t\t<\/div>\n\t\t\t\t\t\t<\/div>\n\t\t\t\t\t<\/div>\n\t\t<\/div>\n\t\t\t\t\t\t\t\t<\/div>\n\t\t\t\t\t<\/div>\n\t\t<\/section>\n\t\t\t\t<section class=\"elementor-section elementor-top-section elementor-element elementor-element-1670e3e elementor-section-boxed elementor-section-height-default elementor-section-height-default\" data-id=\"1670e3e\" data-element_type=\"section\">\n\t\t\t\t\t\t<div class=\"elementor-container elementor-column-gap-default\">\n\t\t\t\t\t\t\t<div class=\"elementor-row\">\n\t\t\t\t\t<div class=\"elementor-column elementor-col-100 elementor-top-column elementor-element elementor-element-48087f0\" data-id=\"48087f0\" data-element_type=\"column\">\n\t\t\t<div class=\"elementor-column-wrap elementor-element-populated\">\n\t\t\t\t\t\t\t<div class=\"elementor-widget-wrap\">\n\t\t\t\t\t\t<div class=\"elementor-element elementor-element-c39e313 elementor-widget elementor-widget-text-editor\" data-id=\"c39e313\" data-element_type=\"widget\" data-widget_type=\"text-editor.default\">\n\t\t\t\t<div class=\"elementor-widget-container\">\n\t\t\t\t\t<div class=\"elementor-text-editor elementor-clearfix\"><div class=\"page\" title=\"Page 208\"><div class=\"section\"><div class=\"layoutArea\"><div class=\"column\"><div class=\"page\" title=\"Page 222\"><div class=\"section\"><div class=\"layoutArea\"><div class=\"column\"><p>Para admitir, excepcionalmente, la conciliacio\u0301n se debera\u0301n observar las siguientes reglas94:<\/p><ol><li><p>En aplicacio\u0301n del principio de informalidad dispuesto en la Ley No. 348, las solicitudes de conciliacio\u0301n de la vi\u0301ctima podra\u0301n recibirse por escrito o de forma oral, en este u\u0301ltimo caso se levantara\u0301 un acta de la solicitud efectuada por la vi\u0301ctima que debera\u0301 ser suscrita por ella, debiendo informarle sobre los efectos de la misma. Los acuerdos transaccionales u otros similares que fuesen presentados por la vi\u0301ctima sera\u0301n tenidos solo como solicitudes para iniciar la conciliacio\u0301n.<\/p><\/li><li><p>El procedimiento de conciliacio\u0301n debera\u0301 realizarse por personal especializado en el Ministerio Pu\u0301blico o a requerimiento por un centro de conciliacio\u0301n con profesionales especialmente capacitados para comprender e intervenir debidamente en los casos de violencia por razo\u0301n de ge\u0301nero contra la mujer, garantizando la proteccio\u0301n adecuada de los derechos de las mujeres y sus hijos e hijas y que dichas intervenciones se realicen sin una fijacio\u0301n de estereotipos ni revictimizacio\u0301n de las mujeres.<\/p><\/li><li><p>Se debera\u0301 exigir un informe del perfil psicolo\u0301gico del agresor y las recomendaciones terape\u0301uticas. En caso que se recomiende una terapia se desestimara\u0301 esta salida alternativa, pudiendo optarse por la suspensio\u0301n condicional del proceso, debiendo establecerse entre las condiciones el tratamiento psicolo\u0301gico que deba cumplir el sindicado; con la obligatoriedad de informe de evolucio\u0301n psicolo\u0301gica de las instituciones tratantes y el cumplimiento de medidas de proteccio\u0301n, segu\u0301n dispone el Art. 23 CPP modificado por la Ley No. 1173.<\/p><\/li><li><p>A efecto de dar curso a la conciliacio\u0301n, el o la Fiscal de Materia requerira\u0301 a la Instancia Promotora de Denuncia, informe con relacio\u0301n al cumplimiento de las medidas de proteccio\u0301n, la actual situacio\u0301n de la vi\u0301ctima y si los hechos de violencia contra la vi\u0301ctima y o su entorno familiar han cesado.<\/p><\/li><li><p>En aplicacio\u0301n del para\u0301grafo 3 del arti\u0301culo 46 de la Ley No. 348, con la finalidad de verificar si la vi\u0301ctima no ha sido presionada para la suscripcio\u0301n de acuerdos conciliatorios presentados al o la Fiscal, se requerira\u0301 a la Instancia Promotora el informe correspondiente.<\/p><\/li><li><p>En el caso de vi\u0301ctimas, cuya lengua materna sea diferente al espan\u0303ol, o que sean procedentes de pueblos indi\u0301genas originarios o que tuvieran alguna discapacidad en el lenguaje, necesariamente, debera\u0301 nombrarse traductor y\/o inte\u0301rprete a trave\u0301s del cual se explicara\u0301 a la vi\u0301ctima las consecuencias y efectos de la conciliacio\u0301n solicitada, salvo en el caso que la o el Fiscal de Materia conozca el idioma o lengua materna de la vi\u0301ctima o lengua de sen\u0303as, quien apoyara\u0301 el proceso conciliatorio y el contenido del Acta de Conciliacio\u0301n.<\/p><\/li><li><p>El o la Fiscal de Materia debera\u0301 imponer las medidas de proteccio\u0301n que sean necesarias a fin de preservar la integridad fi\u0301sica, psicolo\u0301gica y sexual de la vi\u0301ctima. Debe tomarse en cuenta que el Art. 46 apartado II de la Ley No. 348 menciona la adopcio\u0301n de medidas de seguridad, pero estas medidas de acuerdo al CPP tienen por objeto rehabilitar al delincuente y readaptarlo para la vida en sociedad; en cambio las medidas de proteccio\u0301n buscan la preservacio\u0301n de la integridad fi\u0301sica, psicolo\u0301gica y sexual de las mujeres en situacio\u0301n de violencia, tal como lo sen\u0303ala expresamente el Art. 35 de la Ley No.348. Por lo que se entendera\u0301 que son las medidas de proteccio\u0301n las que deben disponerse en aplicacio\u0301n de los Arts. 389 Bis. y 389 quater del CPP modificado por la Ley No. 1173.<\/p><\/li><li><p>La extincio\u0301n procedera\u0301 solo una vez que haya sido verificado el cumplido el Acuerdo Conciliatorio, en caso de su incumplimiento la o el Fiscal, el querellante o la vi\u0301ctima podra\u0301n solicitar la reanudacio\u0301n del proceso. (Art. 327 num. 5 y 6 del CPP modificado por la Ley No. 1173).<\/p><\/li><li><p>El Acuerdo Conciliatorio debe contemplar las medidas de reparacio\u0301n del dan\u0303o provocado a la vi\u0301ctima.<\/p><\/li><li><p><span style=\"font-size: 16px;\">El convocar a una audiencia para acordar el requerimiento conclusivo, de ninguna manera puede constituirse en un medio para buscar una conciliacio\u0301n en instancia fiscal. El o la funcionario\/a que convoque o presione a la vi\u0301ctima para promover la conciliacio\u0301n estara\u0301 sujeto a responsabilidad funcional.<\/span><\/p><div class=\"page\" title=\"Page 223\"><div class=\"section\"><div class=\"layoutArea\"><div class=\"column\">\u00a0<\/div><\/div><\/div><\/div><\/li><\/ol><\/div><\/div><\/div><\/div><\/div><\/div><\/div><\/div><\/div>\n\t\t\t\t<\/div>\n\t\t\t\t<\/div>\n\t\t\t\t\t\t<\/div>\n\t\t\t\t\t<\/div>\n\t\t<\/div>\n\t\t\t\t\t\t\t\t<\/div>\n\t\t\t\t\t<\/div>\n\t\t<\/section>\n\t\t\t\t<section class=\"elementor-section elementor-top-section elementor-element elementor-element-8ae3e91 elementor-section-boxed elementor-section-height-default elementor-section-height-default\" data-id=\"8ae3e91\" data-element_type=\"section\">\n\t\t\t\t\t\t<div class=\"elementor-container elementor-column-gap-default\">\n\t\t\t\t\t\t\t<div class=\"elementor-row\">\n\t\t\t\t\t<div class=\"elementor-column elementor-col-100 elementor-top-column elementor-element elementor-element-5cdfdb2\" data-id=\"5cdfdb2\" data-element_type=\"column\">\n\t\t\t<div class=\"elementor-column-wrap elementor-element-populated\">\n\t\t\t\t\t\t\t<div class=\"elementor-widget-wrap\">\n\t\t\t\t\t\t<div class=\"elementor-element elementor-element-0082802 elementor-widget elementor-widget-text-editor\" data-id=\"0082802\" data-element_type=\"widget\" data-widget_type=\"text-editor.default\">\n\t\t\t\t<div class=\"elementor-widget-container\">\n\t\t\t\t\t<div class=\"elementor-text-editor elementor-clearfix\"><div class=\"page\" title=\"Page 208\"><div class=\"section\"><div class=\"layoutArea\"><div class=\"column\"><div class=\"page\" title=\"Page 224\"><div class=\"section\"><div class=\"layoutArea\"><div class=\"column\"><p><span style=\"color: #43358b;\"><strong>Reglas sobre los criterios de oportunidad<\/strong><\/span><\/p><ol><li>En general, el Ministerio Pu\u0301blico esta\u0301 facultado para aplicar los criterios de oportunidad reglada<a class=\"tooltips\" title=\"Los criterios de oportunidad tienen su fundamento doctrinal directamente en el principio de oportunidad, que es la contrapartida del principio de legalidad procesal, llamado tambi\u00e9n de dis- ponibilidad de la acci\u00f3n penal, que permite al Ministerio P\u00fablico elegir en qu\u00e9 casos impulsar\u00e1 la actividad represiva y persecutora del Estado y en qu\u00e9 casos no lo har\u00e1, porque no est\u00e1 en condicio- nes de hacerlo o porque existen mejores opciones para resolver el conflicto.\"><sup>95<\/sup><\/a> en aquellos casos, que, existiendo antecedentes para su investigacio\u0301n y juzgamiento, decide cerrarlos por alguna de las siguientes razones: 1. La escasa relevancia social (insignificancia del hecho) o su gravedad mi\u0301nima en comparacio\u0301n a otros casos (delitos de bagatela); 2. La carencia de sentido de la imposicio\u0301n de una sancio\u0301n frente a la pena natural que ha sufrido el imputado como consecuencia del hecho; 3. La saturacio\u0301n de la pena por sanciones ya impuestas por otros delitos; 4. La previsibilidad de la aplicacio\u0301n del perdo\u0301n judicial en el supuesto de que el caso fuese a juicio; y 5) La aplicacio\u0301n previsible de penas en el extranjero (Art. 21 CPP).<\/li><\/ol><p style=\"padding-left: 40px;\">En relacio\u0301n a los casos de violencia debera\u0301n considerarse los siguientes criterios:<\/p><p style=\"padding-left: 40px;\"><strong>Causal 1:<\/strong> No resulta admisible considerar estos delitos de escasa relevancia social ya que la violencia en razo\u0301n de ge\u0301nero contra las mujeres estari\u0301a siendo relativizada y seria contraria al objeto de la Ley No. 348 (Art.2) y a la declaracio\u0301n en su Art. 3 donde el Estado boliviano, asume \u201ccomo prioridad\u201d la erradicacio\u0301n de la violencia hacia las mujeres, por constituirse en una de las formas ma\u0301s extremas de discriminacio\u0301n de ge\u0301nero<a class=\"tooltips\" title=\"Comunidad de Derechos Humanos. 2014. Gu\u00eda de Preguntas frecuentes sobre la Ley Integral para Garantizar a las Mujeres una Vida Libre de Violencia. La Paz, Bolivia.\"><sup>96<\/sup><\/a>, asi\u0301 como un incumplimiento al esta\u0301ndar de la debida diligencia.<\/p><p style=\"padding-left: 40px;\"><strong style=\"font-size: 16px;\">Causal 2:<\/strong><span style=\"font-size: 16px;\"> Trata\u0301ndose de una pena natural, debe sopesarse que ello no implique dejar en la impunidad el delito ni dejar sin reparacio\u0301n los dan\u0303os directos causados a la vi\u0301ctima, tanto f\u00edsicos como psicolo\u0301gicos.<\/span><\/p><p style=\"padding-left: 40px;\"><strong style=\"font-size: 16px;\">Causal 3 y 5:<\/strong><span style=\"font-size: 16px;\"> Debe tomarse en cuenta que doctrinalmente, un caso es menos importante respecto a otros casos de acuerdo a los criterios y decisiones de poli\u0301tica criminal preestablecidos y no se vincula necesariamente con la gravedad del hecho o a la pena. En este contexto, la poli\u0301tica estari\u0301a determinada por el Art. 15 de la CPE, el Art. 3 de la Ley No. 348 y la primaci\u0301a constitucional del intere\u0301s superior del nin\u0303o en relacio\u0301n a delitos que afecten a nin\u0303as, nin\u0303os y adolescentes.<\/span><\/p><p style=\"padding-left: 40px;\"><strong style=\"font-size: 16px;\">Causal 4:<\/strong><span style=\"font-size: 16px;\"> En los casos de violencia en razo\u0301n de ge\u0301nero contra las mujeres el TCP en la SCP 0721\/2018-S2 ha establecido que no es aplicable el perdo\u0301n judicial debiendo imponerse las sanciones alternativas previstas en la Ley No. 348 a fin de no dejar en la impunidad ningu\u0301n hecho de violencia, por lo que no podri\u0301a aplicarse este presupuesto.<\/span><\/p><ol start=\"2\"><li>Considera\u0301ndose que, aunque la Ley No. 348 no contiene una prohibicio\u0301n expresa, como en el caso de la conciliacio\u0301n, deben quedar fuera de la aplicacio\u0301n de los criterios de oportunidad reglada, aquellos delitos que contienen hechos de violencia que comprometan o afecten el derecho a la vida y a la integridad sexual de las mujeres en situacio\u0301n de violencia, bajo el entendido que de ninguna manera estos delitos podri\u0301an considerarse de escasa relevancia social<a class=\"tooltips\" title=\"Comunidad de Derechos Humanos. 2014. Gu\u00eda de Preguntas frecuentes sobre la Ley Integral para Garantizar a las Mujeres una Vida Libre de Violencia. La Paz, Bolivia.\"><sup>97<\/sup><\/a>, tanto trata\u0301ndose de los delitos consumados como en grado de tentativa.<\/li><li>En ningu\u0301n delito de violencia contra nin\u0303as, nin\u0303os y adolescentes resultari\u0301an aplicables, pues como establece el Art. 157 del CNNA la preeminencia de los derechos de la nin\u0303a, nin\u0303o y adolescente, implica tambie\u0301n, la garanti\u0301a del Estado de procurar la restitucio\u0301n y restauracio\u0301n del derecho a su integridad fi\u0301sica, psicolo\u0301gica y sexual prohibie\u0301ndose toda forma de conciliacio\u0301n o transaccio\u0301n en casos de nin\u0303as, nin\u0303os o adolescentes vi\u0301ctimas de violencia.<\/li><li>Se considera que los criterios de oportunidad podra\u0301n aplicarse en los delitos de violencia patrimonial (Art. 250 ter. CP) y sustraccio\u0301n de utilidades de actividades econo\u0301micas familiares (Art. 250 quater CP),siempre que se haya reparado el dan\u0303o<a class=\"tooltips\" title=\"Revisar la Sentencia de la Corte IDH en el Caso Gonz\u00e1les Vs. M\u00e9xico.\"><sup>98<\/sup><\/a>.<\/li><\/ol><\/div><\/div><\/div><\/div><\/div><\/div><\/div><\/div><\/div>\n\t\t\t\t<\/div>\n\t\t\t\t<\/div>\n\t\t\t\t\t\t<\/div>\n\t\t\t\t\t<\/div>\n\t\t<\/div>\n\t\t\t\t\t\t\t\t<\/div>\n\t\t\t\t\t<\/div>\n\t\t<\/section>\n\t\t\t\t<section class=\"elementor-section elementor-top-section elementor-element elementor-element-b330880 elementor-section-boxed elementor-section-height-default elementor-section-height-default\" data-id=\"b330880\" data-element_type=\"section\">\n\t\t\t\t\t\t<div class=\"elementor-container elementor-column-gap-default\">\n\t\t\t\t\t\t\t<div class=\"elementor-row\">\n\t\t\t\t\t<div class=\"elementor-column elementor-col-100 elementor-top-column elementor-element elementor-element-bade097\" data-id=\"bade097\" data-element_type=\"column\">\n\t\t\t<div class=\"elementor-column-wrap elementor-element-populated\">\n\t\t\t\t\t\t\t<div class=\"elementor-widget-wrap\">\n\t\t\t\t\t\t<div class=\"elementor-element elementor-element-a5a83f5 elementor-widget elementor-widget-text-editor\" data-id=\"a5a83f5\" data-element_type=\"widget\" data-widget_type=\"text-editor.default\">\n\t\t\t\t<div class=\"elementor-widget-container\">\n\t\t\t\t\t<div class=\"elementor-text-editor elementor-clearfix\"><div class=\"page\" title=\"Page 208\"><div class=\"section\"><div class=\"layoutArea\"><div class=\"column\"><div class=\"page\" title=\"Page 226\"><div class=\"section\"><div class=\"layoutArea\"><div class=\"column\"><p><span style=\"color: #43358b;\"><strong>Reglas aplicables para los rechazos<\/strong><\/span><\/p><p>El rechazo de la denuncia debera\u0301 fundarse u\u0301nicamente en las causas previstas en el Art. 304 CPP no pudiendo atribuirse la misma al abandono por parte de la vi\u0301ctima o por no haber coadyuvado en la investigacio\u0301n<a class=\"tooltips\" title=\"De conformidad a la.\"><sup>99<\/sup><\/a>, debiendo demostrarse que se realizaron de oficio todas las actividades investigativas pertinentes y adecuadas, conforme al esta\u0301ndar de la debida diligencia.<\/p><p>En consecuencia, se tendra\u0301 presente que las figuras de abandono y desistimiento con efectos en la accio\u0301n penal relativos a su extincio\u0301n, corresponden solo a los delitos de accio\u0301n privada de conformidad a los Arts. 376 y 380 del CPP. En los dema\u0301s delitos el abandono y desistimiento solo tiene efectos respecto a la querella, conforme el Art. 292 del CPP, teniendo en cuenta que, al ser los delitos de violencia perseguibles de oficio corresponde al Ministerio Pu\u0301blico la carga de la prueba, siendo esta\u0301 una garant\u00eda para la vi\u0301ctima por la que no se les exigira\u0301 que coadyuve en la investigacio\u0301n y en caso de un eventual desistimiento de denuncia, persiste la obligacio\u0301n de continuar con la accio\u0301n penal siendo que la exigencia de su presencia puede resultar revictimizante. (SCP 0017\/2019-S2).<\/p><p><strong>EL O LA FISCAL NO PODRA\u0301 FUNDAMENTAR SUS RESOLUCIONES EN EL ABANDONO DEL PROCESO POR PARTE DE LA VI\u0301CTIMA O POR NO COADYUVAR EN LAS INVESTIGACIONES, NI BUSCAR SU ADECUACIO\u0301N A OTRAS FIGURAS JURI\u0301DICAS, EN ESPECIAL TRATA\u0301NDOSE DE NIN\u0303AS, NIN\u0303OS Y ADOLESCENTES, DEBIENDO CUMPLIR CON SU OBLIGACIO\u0301N DE EJERCER LA PERSECUCIO\u0301N PENAL DE OFICIO.<\/strong><\/p><\/div><\/div><\/div><\/div><\/div><\/div><\/div><\/div><\/div>\n\t\t\t\t<\/div>\n\t\t\t\t<\/div>\n\t\t\t\t\t\t<\/div>\n\t\t\t\t\t<\/div>\n\t\t<\/div>\n\t\t\t\t\t\t\t\t<\/div>\n\t\t\t\t\t<\/div>\n\t\t<\/section>\n\t\t\t\t<section class=\"elementor-section elementor-top-section elementor-element elementor-element-5803375 elementor-section-boxed elementor-section-height-default elementor-section-height-default\" data-id=\"5803375\" data-element_type=\"section\">\n\t\t\t\t\t\t<div class=\"elementor-container elementor-column-gap-default\">\n\t\t\t\t\t\t\t<div class=\"elementor-row\">\n\t\t\t\t\t<div class=\"elementor-column elementor-col-100 elementor-top-column elementor-element elementor-element-b457fc9\" data-id=\"b457fc9\" data-element_type=\"column\">\n\t\t\t<div class=\"elementor-column-wrap elementor-element-populated\">\n\t\t\t\t\t\t\t<div class=\"elementor-widget-wrap\">\n\t\t\t\t\t\t<div class=\"elementor-element elementor-element-4c15034 elementor-widget elementor-widget-heading\" data-id=\"4c15034\" data-element_type=\"widget\" data-widget_type=\"heading.default\">\n\t\t\t\t<div class=\"elementor-widget-container\">\n\t\t\t<h2 class=\"elementor-heading-title elementor-size-default\">3.2.4 ETAPA PREPARATORIA DE LA INVESTIGACI\u00d3N<\/h2>\t\t<\/div>\n\t\t\t\t<\/div>\n\t\t\t\t\t\t<\/div>\n\t\t\t\t\t<\/div>\n\t\t<\/div>\n\t\t\t\t\t\t\t\t<\/div>\n\t\t\t\t\t<\/div>\n\t\t<\/section>\n\t\t\t\t<section class=\"elementor-section elementor-top-section elementor-element elementor-element-345639f elementor-section-boxed elementor-section-height-default elementor-section-height-default\" data-id=\"345639f\" data-element_type=\"section\">\n\t\t\t\t\t\t<div class=\"elementor-container elementor-column-gap-default\">\n\t\t\t\t\t\t\t<div class=\"elementor-row\">\n\t\t\t\t\t<div class=\"elementor-column elementor-col-100 elementor-top-column elementor-element elementor-element-847862a\" data-id=\"847862a\" data-element_type=\"column\">\n\t\t\t<div class=\"elementor-column-wrap elementor-element-populated\">\n\t\t\t\t\t\t\t<div class=\"elementor-widget-wrap\">\n\t\t\t\t\t\t<div class=\"elementor-element elementor-element-975d7c4 elementor-widget elementor-widget-text-editor\" data-id=\"975d7c4\" data-element_type=\"widget\" data-widget_type=\"text-editor.default\">\n\t\t\t\t<div class=\"elementor-widget-container\">\n\t\t\t\t\t<div class=\"elementor-text-editor elementor-clearfix\"><div class=\"page\" title=\"Page 208\">\n<div class=\"section\">\n<div class=\"layoutArea\">\n<div class=\"column\">\n<table cellspacing=\"0\" cellpadding=\"0\">\n<tbody>\n<tr>\n<td valign=\"middle\"><span style=\"color: #000000; font-family: Ubuntu; font-size: xx-large;\"><b>1<\/b><\/span><\/td>\n<td valign=\"middle\">\n<p align=\"justify\"><span style=\"color: #000000; font-family: Ubuntu; font-size: small;\"><b><i>Actuaciones investigativas<span class=\"Apple-converted-space\">\u00a0<\/span><\/i><\/b><\/span><\/p>\n<p align=\"justify\"><span style=\"color: #000000; font-family: Ubuntu; font-size: small;\">El Ministerio P\u00fablico como director funcional de la investigaci\u00f3n con apoyo de la Polic\u00eda realizar\u00e1 todas las actividades investigativas de acuerdo al caso cumpliendo con los est\u00e1ndares de la debida diligencia. Deber\u00e1n observarse las actuaciones m\u00ednimas previstas en los manuales de actuaci\u00f3n del Ministerio P\u00fablico y la FELCV.<span class=\"Apple-converted-space\">\u00a0<\/span><\/span><\/p>\n<p align=\"justify\"><span style=\"color: #000000; font-family: Ubuntu; font-size: small;\">La obligaci\u00f3n de investigar en los casos de violencia debe cumplirse diligentemente para evitar la impunidad y con ciertas especificidades; resulta particularmente importante que la investigaci\u00f3n sea realizada con vigor e imparcialidad y que se desarrolle de modo oportuno. Esto significa que debe iniciarse de manera inmediata, para asegurar la mayor eficiencia en la producci\u00f3n y la preservaci\u00f3n de la prueba para impedir la p\u00e9rdida que pueden resultar fundamentales para la determinaci\u00f3n de responsabilidades, deben realizarse en un plazo razonable y deben ser propositivas, por lo que se observar\u00e1n las siguientes directrices<\/span><span style=\"color: #000000; font-family: Ubuntu; font-size: small;\"><a class=\"tooltips\" title=\"Ver la sentencia de la Corte IDH en el Caso Gonz\u00e1les Vs. M\u00e9xico en el marco normativo internacional.\"><sup>100<\/sup><\/a><\/span><span style=\"color: #000000; font-family: Ubuntu; font-size: small;\">:<span class=\"Apple-converted-space\">\u00a0<\/span><\/span><\/p>\n\n<ol>\n \t<li><i><\/i><span style=\"color: #000000; font-family: Ubuntu; font-size: small;\"><i>Una vez que se tenga conocimiento del hecho, debe iniciarse de oficio y sin dilaci\u00f3n, una investigaci\u00f3n seria, imparcial y efectiva por todos los medios legales disponibles, y orientada a la determinaci\u00f3n de la verdad y a la persecuci\u00f3n, captura, enjuiciamiento y eventual sanci\u00f3n del o los autores de los hechos.<span class=\"Apple-converted-space\">\u00a0<\/span><\/i><\/span><\/li>\n \t<li><i><\/i><span style=\"color: #000000; font-family: Ubuntu; font-size: small;\"><i>Se debe documentar y coordinar todos los actos investigativos y manejar diligentemente la prueba, tomando muestras suficientes, realizando estudios para determinar la posible autor\u00eda del hecho, asegurando todos los indicios y evidencias, investigando de forma inmediata el lugar, los hechos y garantizando la correcta cadena de custodia.<span class=\"Apple-converted-space\">\u00a0<\/span><\/i><\/span><\/li>\n<\/ol>\n<\/td>\n<\/tr>\n<tr>\n<td valign=\"middle\"><span style=\"color: #000000; font-family: Ubuntu; font-size: xx-large;\"><b>2<\/b><\/span><\/td>\n<td valign=\"middle\">\n<p align=\"justify\"><span style=\"color: #000000; font-family: Ubuntu; font-size: small;\"><b><i>Acompa\u00f1amiento y seguimiento a la v\u00edctima en la etapa preparatoria de la investigaci\u00f3n<span class=\"Apple-converted-space\">\u00a0<\/span><\/i><\/b><\/span><\/p>\n<p align=\"justify\"><span style=\"color: #000000; font-family: Ubuntu; font-size: small;\">Las Instancias Promotoras de la Denuncia deben tener presente que el objetivo principal del seguimiento, consiste en la verificaci\u00f3n de la situaci\u00f3n de la v\u00edctima y o dependientes, por lo que al igual que en la etapa preliminar deben verificar:<span class=\"Apple-converted-space\">\u00a0<\/span><\/span><\/p>\n\n<ul>\n \t<li><span style=\"color: #000000; font-family: Ubuntu; font-size: small;\">La efectiva aplicaci\u00f3n de las medidas de protecci\u00f3n y la identificaci\u00f3n de nuevas medidas,<span class=\"Apple-converted-space\">\u00a0<\/span><\/span><\/li>\n \t<li><span style=\"color: #000000; font-family: Ubuntu; font-size: small;\">La asistencia a las terapias psicol\u00f3gicas tanto de la v\u00edctima como del imputado;<span class=\"Apple-converted-space\">\u00a0<\/span><\/span><\/li>\n \t<li><span style=\"color: #000000; font-family: Ubuntu; font-size: small;\">El estado de salud y continuidad de tratamiento m\u00e9dico, si corresponde;<span class=\"Apple-converted-space\">\u00a0<\/span><\/span><\/li>\n \t<li><span style=\"color: #000000; font-family: Ubuntu; font-size: small;\">El cambio de domicilio y o fuente laboral;<span class=\"Apple-converted-space\">\u00a0<\/span><\/span><\/li>\n \t<li><span style=\"color: #000000; font-family: Ubuntu; font-size: small;\">Situaci\u00f3n en caso de haber ingresado a una casa de acogida;<span class=\"Apple-converted-space\">\u00a0<\/span><\/span><\/li>\n \t<li><span style=\"color: #000000; font-family: Ubuntu; font-size: small;\">Posibles causas del abandono, solicitudes de desistimiento o pedidos de retiro de la denuncia ya aunque al tratarse de delitos de acci\u00f3n p\u00fablica la persecuci\u00f3n penal continuar\u00e1, es necesario conocer las razones que originan estas decisiones.<span class=\"Apple-converted-space\">\u00a0<\/span><\/span><\/li>\n<\/ul>\n<p align=\"justify\"><span style=\"color: #000000; font-family: Ubuntu; font-size: small;\">En caso de requerir la UPAVT, la Instancia Promotora de Denuncia o el acompa\u00f1amiento de organizaciones de la sociedad civil deber\u00e1n realizar las siguientes acciones, en especial trat\u00e1ndose de la audiencia de medidas cautelares, pericias, inspecci\u00f3n t\u00e9cnica ocular y otras:<span class=\"Apple-converted-space\">\u00a0<\/span><\/span><\/p>\n\n<ul>\n \t<li><span style=\"color: #000000; font-family: Ubuntu; font-size: small;\">Informar a la v\u00edctima respecto al procedimiento a realizarse, su intervenci\u00f3n en la misma y cu\u00e1l la finalidad de su participaci\u00f3n.<span class=\"Apple-converted-space\">\u00a0<\/span><\/span><\/li>\n \t<li><span style=\"color: #000000; font-family: Ubuntu; font-size: small;\">Preparaci\u00f3n de la v\u00edctima por medio de estrategias de afrontamiento ante un posible encuentro con su agresor.<span class=\"Apple-converted-space\">\u00a0<\/span><\/span><\/li>\n \t<li><span style=\"color: #000000; font-family: Ubuntu; font-size: small;\">En caso de ser necesario, deber\u00e1 adoptar t\u00e9cnicas de caracterizaci\u00f3n para salvaguardar la identidad de la v\u00edctima al ingreso y salida de estrados judiciales (Ver Anexo 7).<span class=\"Apple-converted-space\">\u00a0<\/span><\/span><\/li>\n \t<li><span style=\"color: #000000; font-family: Ubuntu; font-size: small;\">La presencia de ni\u00f1as, ni\u00f1os y adolescente v\u00edctima o testigo en audiencia cautelar NO es necesaria; sin embargo, cuando sea inevitable, se tomar\u00e1n todas las medidas pertinentes para evitar el contacto con el agresor y la revictimizaci\u00f3n, siendo imprescindible el acompa\u00f1amiento psicol\u00f3gico.<span class=\"Apple-converted-space\">\u00a0<\/span><\/span><\/li>\n<\/ul>\n<\/td>\n<\/tr>\n<tr>\n<td valign=\"middle\"><span style=\"color: #000000; font-family: Ubuntu; font-size: xx-large;\"><b>3<\/b><\/span><\/td>\n<td valign=\"middle\">\n<p align=\"justify\"><span style=\"color: #000000; font-family: Ubuntu; font-size: small;\"><b><i>Actuaciones judiciales durante la etapa preliminar y preparatoria<span class=\"Apple-converted-space\">\u00a0<\/span><\/i><\/b><\/span><\/p>\n<p align=\"justify\"><span style=\"color: #000000; font-family: Ubuntu; font-size: small;\"><b>Buen trato y no revictimizaci\u00f3n<span class=\"Apple-converted-space\">\u00a0<\/span><\/b><\/span><\/p>\n<p align=\"justify\"><span style=\"color: #000000; font-family: Ubuntu; font-size: small;\">En relaci\u00f3n con la actuaci\u00f3n de los Juzgados de Instrucci\u00f3n, debe asegurarse que las pr\u00e1cticas habituales cotidianas, especialmente, en relaci\u00f3n con la comunicaci\u00f3n, informaci\u00f3n y atenci\u00f3n a las v\u00edctimas, se realice garantizando sus derechos y respetando su dignidad en consideraci\u00f3n a su situaci\u00f3n, por lo que la autoridad jurisdiccional y el personal de apoyo deben cuidar no incurrir en mal trato o conductas revictimizantes o discriminatorias.<span class=\"Apple-converted-space\">\u00a0<\/span><\/span><\/p>\n<p align=\"justify\"><span style=\"color: #000000; font-family: Ubuntu; font-size: small;\">En especial trat\u00e1ndose de las ni\u00f1as, ni\u00f1os y adolescentes gozan de los derechos a un trato digno y compasivo: \u201cLos ni\u00f1os\/as v\u00edctimas y testigos deber\u00edan ser tratados con tacto y sensibilidad a lo largo de todo el proceso de justicia, tomando en consideraci\u00f3n su situaci\u00f3n personal, su necesidad inmediata, edad, sexo, impedimento f\u00edsico, nivel de madurez y respetando plenamente su integridad f\u00edsica, mental y moral\u201d<\/span><span style=\"color: #000000; font-family: Ubuntu; font-size: small;\"><a class=\"tooltips\" title=\"ONU. 2005. Directrices de las Naciones Unidas sobre la justicia en asuntos concernientes a los ni\u00f1os v\u00edctimas y testigos de delitos.\"><sup>101<\/sup><\/a><\/span><span style=\"color: #000000; font-family: Ubuntu; font-size: small;\">.<span class=\"Apple-converted-space\">\u00a0<\/span><\/span><\/p>\n<p align=\"justify\"><span style=\"color: #000000; font-family: Ubuntu; font-size: small;\">En ese sentido deben observarse las siguientes reglas:<span class=\"Apple-converted-space\">\u00a0<\/span><\/span><\/p>\n\n<ul>\n \t<li><span style=\"color: #000000; font-family: Ubuntu; font-size: small;\">La jueza, el juez o fiscal dispondr\u00e1 que los testimonios o declaraciones que deba prestar la v\u00edctima, sean realizados por una sola vez y con car\u00e1cter privado, con el auxilio de familiares o peritos especializados, utilizando medios especiales y tecnol\u00f3gicos apropiados para garantizar que la declaraci\u00f3n sea v\u00e1lida en todas las etapas del proceso, en el marco del respeto a las condiciones inherentes al declarante o evitar su revictimizaci\u00f3n, cobrando especial importancia el anticipo de prueba. (Art. 393 octer del CPP modificado por la Ley No. 1173).<span class=\"Apple-converted-space\">\u00a0<\/span><\/span><\/li>\n \t<li><span style=\"color: #000000; font-family: Ubuntu; font-size: small;\">Cuando deba realizarse diferentes pruebas periciales a la v\u00edctima, se concentrar\u00e1 la actividad de los peritos ordenando que act\u00faen conjunta e interdisciplinariamente observando con rigor las reglas especiales de protecci\u00f3n, preservando la salud y la intimidad de la v\u00edctima y evitar su revictimizaci\u00f3n. Al acto podr\u00e1 asistir una persona de confianza de la persona examinada. (Art. 393 octer del CPP modificado por la Ley No. 1173).<span class=\"Apple-converted-space\">\u00a0<\/span><\/span><\/li>\n<\/ul>\n<p align=\"justify\"><span style=\"color: #000000; font-family: Ubuntu; font-size: small;\"><b>Soluci\u00f3n integral<span class=\"Apple-converted-space\">\u00a0<\/span><\/b><\/span><\/p>\n<p align=\"justify\"><span style=\"color: #000000; font-family: Ubuntu; font-size: small;\">Como parte de la soluci\u00f3n integral de los casos de violencia, adem\u00e1s de todo lo relacionado con la investigaci\u00f3n, sanci\u00f3n y reparaci\u00f3n del delito cometido, es posible que dentro del mismo proceso la v\u00edctima solicite al juez o jueza, resuelva de manera provisional o definitiva otros temas que tienen que ver con tu v\u00ednculo con el agresor o el sustento para tus hijos e hijas, su cuidado y otros temas que necesitas sean resueltos prontamente, para ello se tomar\u00e1 en cuenta que:<span class=\"Apple-converted-space\">\u00a0<\/span><\/span><\/p>\n\n<ul>\n \t<li><span style=\"color: #000000; font-family: Ubuntu; font-size: small;\">En esta etapa o cualquier otra del proceso por delitos de violencia f\u00edsica o sexual contra las mujeres con pena igual o superior a cuatro (4) a\u00f1os, la v\u00edctima o su representante podr\u00e1 solicitar a la autoridad jurisdiccional el divorcio o desvinculaci\u00f3n de la uni\u00f3n libre por ruptura del proyecto de vida en com\u00fan, con el \u00fanico efecto de la disoluci\u00f3n del v\u00ednculo conyugal o de uni\u00f3n libre de hecho, para que resuelva conforme establece el procedimiento previsto en la Ley No. 603 de 19 de noviembre de 2014, \u201cC\u00f3digo de las Familias y del Proceso Familiar\u201d. (Art\u00edculo 393 deciter del CPP modificado por la Ley No. 1173).<span class=\"Apple-converted-space\">\u00a0<\/span><\/span><\/li>\n \t<li><span style=\"color: #000000; font-family: Ubuntu; font-size: small;\">Tambi\u00e9n podr\u00e1 resolver la asistencia familiar, la guarda y la custodia de los hijos o hijas hasta tanto sea planteada y resuelta por la v\u00eda familiar. Posteriores modificaciones a la asistencia familiar, guarda y custodia, ser\u00e1n tramitadas en la jurisdicci\u00f3n correspondiente. (Art\u00edculo 393 deciter del CPP modificado por la Ley No. 1173).<span class=\"Apple-converted-space\">\u00a0<\/span><\/span><\/li>\n<\/ul>\n<p align=\"justify\"><span style=\"color: #000000; font-family: Ubuntu; font-size: small;\"><b>Disposici\u00f3n de medidas de protecci\u00f3n y control de legalidad<span class=\"Apple-converted-space\">\u00a0<\/span><\/b><\/span><\/p>\n<p align=\"justify\"><span style=\"color: #000000; font-family: Ubuntu; font-size: small;\">Respecto a las medidas de protecci\u00f3n debe observarse las siguientes directrices:<span class=\"Apple-converted-space\">\u00a0<\/span><\/span><\/p>\n\n<ul>\n \t<li><span style=\"color: #000000; font-family: Ubuntu; font-size: small;\">Es competencia jurisdiccional disponer, ratificar, modificar o revocar las medidas de protecci\u00f3n en favor de la v\u00edctima precautelando su vida e integridad. (Arts. 52 y 54 del CPPP modificado por la Ley No. 1173).<span class=\"Apple-converted-space\">\u00a0<\/span><\/span><\/li>\n \t<li><span style=\"color: #000000; font-family: Ubuntu; font-size: small;\">La jueza o el juez atendiendo a las circunstancias del caso, en conocimiento de que las medidas de protecci\u00f3n hayan sido dispuestas anteriormente por la Instancia Promotora de Denuncia, la Polic\u00eda o el Ministerio P\u00fablico con car\u00e1cter de urgencia podr\u00e1 resolver la cuesti\u00f3n en audiencia p\u00fablica cuando necesite escuchar a las partes siguiendo el procedimiento para la aplicaci\u00f3n de medidas cautelares, cuidando siempre de no incurrir en actos de revictimizaci\u00f3n ni propiciar el encuentro o careo entre las partes. Tambi\u00e9n podr\u00e1 resolverlas sin audiencia, en cuyo caso dictar\u00e1 la resoluci\u00f3n dentro de las setenta y dos (72) horas siguientes de su comunicaci\u00f3n, basado en la denuncia, la valoraci\u00f3n de riesgo realizada por la Instancia Promotora o Receptora de la denuncia, informes y otros que considere necesarios para su fundamentaci\u00f3n. (Art. 389 ter. del CPP modificado por la Ley No. 1173).\nA efecto de definir la ratificaci\u00f3n, modificaci\u00f3n o revocatoria de las medidas de protecci\u00f3n, la autoridad judicial deber\u00e1 aplicar el principio de protecci\u00f3n reforzada hacia las v\u00edctimas de violencia. Trat\u00e1ndose de ni\u00f1as, ni\u00f1os y adolescentes aplicar\u00e1 el principio de inter\u00e9s superior previsto en el C\u00f3digo Ni\u00f1a, Ni\u00f1o y Adolescente, por el cual su situaci\u00f3n de vulnerabilidad debe anteponerse a cualquier otro criterio.<span class=\"Apple-converted-space\">\u00a0<\/span><\/span><\/li>\n \t<li><span style=\"color: #000000; font-family: Ubuntu; font-size: small;\">Para determinar la idoneidad de las medidas deber\u00e1 aplicar los principios de proporcionalidad, necesidad y razonabilidad de las mismas basado en la valoraci\u00f3n de riesgo.<span class=\"Apple-converted-space\">\u00a0<\/span><\/span><\/li>\n \t<li><span style=\"color: #000000; font-family: Ubuntu; font-size: small;\">La ratificaci\u00f3n, modificaci\u00f3n o revocatoria deber\u00e1 ser notificada al procesado de manera personal, a la v\u00edctima, Fiscal y a la Polic\u00eda.<span class=\"Apple-converted-space\">\u00a0<\/span><\/span><\/li>\n \t<li><span style=\"color: #000000; font-family: Ubuntu; font-size: small;\">En los dem\u00e1s casos la autoridad judicial podr\u00e1 DISPONER las medidas de protecci\u00f3n especial previstas en la Ley No. 1173 y otras previstas en el C\u00f3digo Ni\u00f1a, Ni\u00f1o y Adolescente y la Ley No. 348, de oficio o a pedido de parte, de la v\u00edctima o de su representante, sin necesidad de que se constituya en querellante, incluso podr\u00e1 disponerse otras medidas de protecci\u00f3n no mencionadas y que a su criterio sean las adecuadas para garantizar la vida<\/span><span style=\"color: #000000; font-family: Ubuntu; font-size: small;\"><a class=\"tooltips\" title=\"Al referirnos al derecho a la vida debe tenerse presente los est\u00e1ndares constitucionales e internacionales sobre su contenido, que no se reducen a la existencia biol\u00f3gica. La Corte IDH establece que en raz\u00f3n del car\u00e1cter fundamental del derecho a la vida, no son admisibles enfoques restrictivos del mismo. En esencia, el derecho fundamental a la vida comprende, no solo el derecho de todo ser humano de no ser privado de la vida arbitrariamente, sino tambi\u00e9n el derecho a que no se le impida el acceso a las condiciones que le garanticen una existencia digna.\"><sup>102<\/sup><\/a> <\/span><span style=\"color: #000000; font-family: Ubuntu; font-size: small;\">e integridad de la v\u00edctima, tal como prev\u00e9 el num. 19 del Art. 35 de la Ley No. 348 y la SCP 033\/2013.<span class=\"Apple-converted-space\">\u00a0<\/span><\/span><\/li>\n \t<li><span style=\"color: #000000; font-family: Ubuntu; font-size: small;\">Debe tomarse en cuenta que el cat\u00e1logo de medidas de protecci\u00f3n previsto en estas leyes no es restrictivo, as\u00ed la Ley No. 348 establece que deben adoptarse todas las que garanticen la integridad de las mujeres que se encuentran en situaci\u00f3n de violencia. De igual manera, en relaci\u00f3n a ni\u00f1as, ni\u00f1os y adolescentes en aplicaci\u00f3n del principio de inter\u00e9s superior, la autoridad judicial podr\u00e1 disponer cualquier medida que resulte la m\u00e1s id\u00f3nea para proteger la vida e integridad de la v\u00edctima.<span class=\"Apple-converted-space\">\u00a0<\/span><\/span><\/li>\n \t<li><span style=\"color: #000000; font-family: Ubuntu; font-size: small;\">Toda decisi\u00f3n siempre deber\u00e1 compulsar dos principios esenciales, que son: i) el principio de primac\u00eda de protecci\u00f3n del derecho a la vida; y, ii) El principio de duda favorable de la protecci\u00f3n exhaustiva del derecho a la vida. (SCP 033\/2013).<span class=\"Apple-converted-space\">\u00a0<\/span><\/span><\/li>\n \t<li><span style=\"color: #000000; font-family: Ubuntu; font-size: small;\">En los casos de acoso y violencia pol\u00edtica contra las mujeres podr\u00e1 tomarse como referencia, tambi\u00e9n las medidas de protecci\u00f3n descritas en el Reglamento de la Ley No. 243 y cualquier otra que la autoridad judicial considere pertinente seg\u00fan la naturaleza del hecho y los factores de riesgo identificados.<span class=\"Apple-converted-space\">\u00a0<\/span><\/span><\/li>\n \t<li><span style=\"color: #000000; font-family: Ubuntu; font-size: small;\">Si la autoridad jurisdiccional opta por disponer las medidas de protecci\u00f3n de oficio, tomar\u00e1 en consideraci\u00f3n la valoraci\u00f3n de riesgo realizada durante la recepci\u00f3n de la denuncia, los antecedentes y circunstancias del caso, as\u00ed como los hechos sobrevinientes posteriores a la denuncia, pudiendo convocar a una audiencia o no. En caso de no contarse con la valoraci\u00f3n de riesgo instruir\u00e1 que ella sea practicada por una Instancia Promotora o Receptora de la Denuncia.<span class=\"Apple-converted-space\">\u00a0<\/span><\/span><\/li>\n \t<li><span style=\"color: #000000; font-family: Ubuntu; font-size: small;\">Si a consecuencia de un delito de feminicidio cometido por el c\u00f3nyuge o conviviente, quedaran hijas e hijos menores de edad hu\u00e9rfanos, \u00e9stos ser\u00e1n puestos de inmediato bajo custodia de los abuelos u otro familiar cercano por l\u00ednea materna, con el acompa\u00f1amiento de la Defensor\u00eda de la Ni\u00f1ez y Adolescencia, en tanto se establezca la guarda legal, debiendo acceder toda la familia al sistema de protecci\u00f3n de v\u00edctimas y testigos del Ministerio P\u00fablico y al sistema de atenci\u00f3n que esta Ley prev\u00e9. (Art. 26 de la Ley No. 348). La jueza, el juez o tribunal podr\u00e1 adem\u00e1s prohibir al imputado comunicarse, intimidar o molestar por cualquier medio, por s\u00ed o mediante terceras personas, a la familia de la v\u00edctima (Art. 389 Bis. III. CP).\n<\/span><\/li>\n<\/ul>\n<p align=\"justify\"><span style=\"color: #000000; font-family: Ubuntu; font-size: small;\"><b>Salidas alternativas<span class=\"Apple-converted-space\">\u00a0<\/span><\/b><\/span><\/p>\n\n<ul>\n \t<li><span style=\"color: #000000; font-family: Ubuntu; font-size: small;\">En relaci\u00f3n a la suspensi\u00f3n condicional del proceso deben tomarse en cuenta las reglas descritas en relaci\u00f3n a las consideraciones aplicables a las y los Fiscales de Materia en relaci\u00f3n a la valoraci\u00f3n sobre la pertinencia de su aplicaci\u00f3n a cada caso. De igual manera cuando se trate de solicitudes de conciliaci\u00f3n.<span class=\"Apple-converted-space\">\u00a0<\/span><\/span><\/li>\n<\/ul>\n<p align=\"justify\"><span style=\"color: #000000; font-family: Ubuntu; font-size: small;\">Al resolver la suspensi\u00f3n condicional del proceso, la o el juez fijar\u00e1 un per\u00edodo de prueba, que no podr\u00e1 ser inferior a un (1) a\u00f1o ni superior a tres (3) y en ning\u00fan caso exceder\u00e1 el m\u00e1ximo de la pena prevista; determinar\u00e1 las condiciones y reglas que deber\u00e1 cumplir el imputado en ese plazo de acuerdo con la naturaleza del hecho entre ellas, trat\u00e1ndose de casos de violencia no puede omitirse el cumplir con las medidas de protecci\u00f3n especial que se dispongan en favor de la v\u00edctima, el incumplimiento de ellas o de cualquier otra instrucci\u00f3n dar\u00e1 lugar a reactivar la causa. (Art. 24 CPP modificado por la Ley No. 1173).<span class=\"Apple-converted-space\">\u00a0<\/span><\/span><\/p>\n\n<ul>\n \t<li><span style=\"color: #000000; font-family: Ubuntu; font-size: small;\">Con relaci\u00f3n a la conciliaci\u00f3n adem\u00e1s de aplicar las reglas para su admisi\u00f3n excepcional indicadas anteriormente, en caso de que el imputado interponga la excepci\u00f3n de extinci\u00f3n de la acci\u00f3n por conciliaci\u00f3n, no ser\u00eda posible admitirla, en virtud a que el juez o la jueza deber\u00e1 aceptar la conciliaci\u00f3n previamente, y como contralor de la legalidad deber\u00e1 verificar la existencia de la voluntad de la v\u00edctima y las condiciones esgrimidas anteriormente en este Protocolo.<span class=\"Apple-converted-space\">\u00a0<\/span><\/span><\/li>\n<\/ul>\n<p align=\"justify\"><span style=\"color: #000000; font-family: Ubuntu; font-size: small;\"><b>Participaci\u00f3n de la v\u00edctima<span class=\"Apple-converted-space\">\u00a0<\/span><\/b><\/span><\/p>\n<p align=\"justify\"><span style=\"color: #000000; font-family: Ubuntu; font-size: small;\">La participaci\u00f3n y opini\u00f3n de la v\u00edctima en todas las decisiones que adopte la autoridad jurisdiccional deben ser garantizadas.<span class=\"Apple-converted-space\">\u00a0<\/span><\/span><\/p>\n<p align=\"justify\"><span style=\"color: #000000; font-family: Ubuntu; font-size: small;\">En particular con relaci\u00f3n a la participaci\u00f3n de ni\u00f1as, ni\u00f1os o adolescentes conforme establece la Ley No. 548 se le debe garantizar participar en todo proceso en el que sean parte debiendo ser o\u00eddos por la autoridad judicial, que siempre tomar\u00e1 en cuenta su edad y las caracter\u00edsticas en su etapa de desarrollo (Art. 195).<span class=\"Apple-converted-space\">\u00a0<\/span><\/span><\/p>\n<p align=\"justify\"><span style=\"color: #000000; font-family: Ubuntu; font-size: small;\">Para ello, deber\u00e1 seguirse los siguientes lineamientos de actuaci\u00f3n:<span class=\"Apple-converted-space\">\u00a0<\/span><\/span><\/p>\n<p align=\"justify\"><span style=\"color: #000000; font-family: Ubuntu; font-size: small;\"><i>a) Se garantizar\u00e1 que las medidas adoptadas sean proporcionales a la necesidad de la ni\u00f1a, ni\u00f1o y adolescente, considerando su desarrollo f\u00edsico, mental, emocional, espiritual, moral y social.<span class=\"Apple-converted-space\">\u00a0<\/span><\/i><\/span><\/p>\n<p align=\"justify\"><span style=\"color: #000000; font-family: Ubuntu; font-size: small;\"><i>b) Se asegurar\u00e1 que las etapas procesales se desarrollen de acuerdo a las caracter\u00edsticas y necesidades de la ni\u00f1a, ni\u00f1o y adolescente.<span class=\"Apple-converted-space\">\u00a0<\/span><\/i><\/span><\/p>\n<p align=\"justify\"><span style=\"color: #000000; font-family: Ubuntu; font-size: small;\"><i>c) Se tomar\u00e1n las medidas necesarias para facilitar el desenvolvimiento natural de la ni\u00f1a, ni\u00f1o o adolescente durante su declaraci\u00f3n o testificaci\u00f3n, para este efecto la autoridad judicial debe permitir que est\u00e9 acompa\u00f1ado de personal de asistencia y de los familiares apropiados, siempre que estos \u00faltimos no tengan intereses contrarios durante el proceso.<span class=\"Apple-converted-space\">\u00a0<\/span><\/i><\/span><\/p>\n<p align=\"justify\"><span style=\"color: #000000; font-family: Ubuntu; font-size: small;\"><i>d) Se hablar\u00e1 con un lenguaje claro y sencillo, sin usar tecnicismos, todo de acuerdo al desarrollo y car\u00e1cter de la ni\u00f1a, ni\u00f1o o adolescente, en toda actuaci\u00f3n procesal que participe, m\u00e1s a\u00fan cuando sea su testimonio.<span class=\"Apple-converted-space\">\u00a0<\/span><\/i><\/span><\/p>\n<p align=\"justify\"><span style=\"color: #000000; font-family: Ubuntu; font-size: small;\"><i>e) Todas las preguntas que se le quieran plantear a la ni\u00f1a, ni\u00f1o o adolescente ser\u00e1n revisadas y aprobadas por la autoridad judicial, previo informe del Equipo Profesional Interdisciplinario.<span class=\"Apple-converted-space\">\u00a0<\/span><\/i><\/span><\/p>\n<p align=\"justify\"><span style=\"color: #000000; font-family: Ubuntu; font-size: small;\"><i>f) Las salas de los juzgados contar\u00e1n con los elementos materiales especiales y necesarios para que la ni\u00f1a, ni\u00f1o y adolescente pueda sentirse c\u00f3moda\/do durante la diligencia en que participa.<span class=\"Apple-converted-space\">\u00a0<\/span><\/i><\/span><\/p>\n<p align=\"justify\"><span style=\"color: #000000; font-family: Ubuntu; font-size: small;\"><i>g) Durante la participaci\u00f3n de la ni\u00f1a, ni\u00f1o o adolescente se retirar\u00e1n de los juzgados todos los elementos visuales o auditivos que puedan perturbarla\/lo.<span class=\"Apple-converted-space\">\u00a0<\/span><\/i><\/span><\/p>\n<p align=\"justify\"><span style=\"color: #000000; font-family: Ubuntu; font-size: small;\"><i>h) Durante el ingreso al juzgado, la autoridad judicial adoptar\u00e1 las medidas necesarias para que \u00e9ste ingrese desapercibida\/do, ya sea utilizando entradas especiales u otras medidas que vea conveniente.<span class=\"Apple-converted-space\">\u00a0<\/span><\/i><\/span><\/p>\n<p align=\"justify\"><span style=\"color: #000000; font-family: Ubuntu; font-size: small;\"><i>i) En lo posible se habilitar\u00e1n salas especiales de espera para ni\u00f1os, ni\u00f1as y adolescentes, para evitar cualquier contacto con terceras personas y el denunciado durante el proceso.<span class=\"Apple-converted-space\">\u00a0<\/span><\/i><\/span><\/p>\n<\/td>\n<\/tr>\n<tr>\n<td valign=\"middle\"><span style=\"color: #000000; font-family: Ubuntu; font-size: xx-large;\"><b>4<\/b><\/span><\/td>\n<td valign=\"middle\">\n<p align=\"justify\"><span style=\"color: #000000; font-family: Ubuntu; font-size: small;\"><b><i>Conclusi\u00f3n de la etapa preparatoria<span class=\"Apple-converted-space\">\u00a0<\/span><\/i><\/b><\/span><\/p>\n<p align=\"justify\"><span style=\"color: #000000; font-family: Ubuntu; font-size: small;\">De conformidad al art\u00edculo 323 del C\u00f3digo de Procedimiento Penal, la o el Fiscal de Materia a la conclusi\u00f3n de la etapa preparatoria pronunciar\u00e1 el requerimiento conclusivo correspondiente.<span class=\"Apple-converted-space\">\u00a0<\/span><\/span><\/p>\n<p align=\"justify\"><span style=\"color: #000000; font-family: Ubuntu; font-size: small;\">Las formas de requerimiento conclusivo pueden ser:<span class=\"Apple-converted-space\">\u00a0<\/span><\/span><\/p>\n\n<ol>\n \t<li><b><i><\/i><\/b><span style=\"color: #000000; font-family: Ubuntu; font-size: small;\"><b><i>Acusaci\u00f3n<\/i><\/b><\/span><\/li>\n \t<li><b><i><\/i><\/b><span style=\"color: #000000; font-family: Ubuntu; font-size: small;\"><b><i>Salidas alternativas<span class=\"Apple-converted-space\">\u00a0<\/span><\/i><\/b><\/span><\/li>\n \t<li><b><i><\/i><\/b><span style=\"color: #000000; font-family: Ubuntu; font-size: small;\"><b><i>Sobreseimiento<span class=\"Apple-converted-space\">\u00a0<\/span><\/i><\/b><\/span><\/li>\n<\/ol>\n<p align=\"justify\"><span style=\"color: #000000; font-family: Ubuntu; font-size: small;\">La Instituci\u00f3n Promotora de Denuncia o la organizaci\u00f3n de la sociedad civil que brinda servicios a la v\u00edctima, deber\u00e1 explicar a la v\u00edctima los efectos jur\u00eddicos del requerimiento conclusivo. En caso de haberse requerido el sobreseimiento puede ser impugnado dentro de los cinco d\u00edas siguientes a su notificaci\u00f3n brind\u00e1ndole la asistencia legal en caso de que la v\u00edctima desee presentarla. Sin perjuicio de que la\/el Fiscal de Materia, en el marco de la debida diligencia deba brindar esta informaci\u00f3n a la v\u00edctima.<span class=\"Apple-converted-space\">\u00a0<\/span><\/span><\/p>\n<p align=\"justify\"><span style=\"color: #000000; font-family: Ubuntu; font-size: small;\">Presentada la acusaci\u00f3n ante la autoridad jurisdiccional competente, dependiendo del delito, pasar\u00e1 a conocimiento del Tribunal de Sentencia o Juzgado de Sentencia, para dar inicio a la apertura de juicio oral.<span class=\"Apple-converted-space\">\u00a0<\/span><\/span><\/p>\n<p align=\"justify\"><span style=\"color: #000000; font-family: Ubuntu; font-size: small;\"><b>EL CUMPLIMIENTO O NO DE LAS MEDIDAS DE PROTECCI\u00d3N DEBER\u00c1 SER CONSIDERADAS DURANTE EL PROCESO PARA TODA DETERMINACI\u00d3N A TOMAR.<span class=\"Apple-converted-space\">\u00a0<\/span><\/b><\/span><\/p>\n<\/td>\n<\/tr>\n<\/tbody>\n<\/table>\n<\/div>\n<\/div>\n<\/div>\n<\/div><\/div>\n\t\t\t\t<\/div>\n\t\t\t\t<\/div>\n\t\t\t\t\t\t<\/div>\n\t\t\t\t\t<\/div>\n\t\t<\/div>\n\t\t\t\t\t\t\t\t<\/div>\n\t\t\t\t\t<\/div>\n\t\t<\/section>\n\t\t\t\t<section class=\"elementor-section elementor-top-section elementor-element elementor-element-99aa0c3 elementor-section-boxed elementor-section-height-default elementor-section-height-default\" data-id=\"99aa0c3\" data-element_type=\"section\">\n\t\t\t\t\t\t<div class=\"elementor-container elementor-column-gap-default\">\n\t\t\t\t\t\t\t<div class=\"elementor-row\">\n\t\t\t\t\t<div class=\"elementor-column elementor-col-100 elementor-top-column elementor-element elementor-element-5477cd7\" data-id=\"5477cd7\" data-element_type=\"column\">\n\t\t\t<div class=\"elementor-column-wrap elementor-element-populated\">\n\t\t\t\t\t\t\t<div class=\"elementor-widget-wrap\">\n\t\t\t\t\t\t<div class=\"elementor-element elementor-element-af7400c elementor-widget elementor-widget-heading\" data-id=\"af7400c\" data-element_type=\"widget\" data-widget_type=\"heading.default\">\n\t\t\t\t<div class=\"elementor-widget-container\">\n\t\t\t<h2 class=\"elementor-heading-title elementor-size-default\">3.2.5 JUICIO ORAL<\/h2>\t\t<\/div>\n\t\t\t\t<\/div>\n\t\t\t\t\t\t<\/div>\n\t\t\t\t\t<\/div>\n\t\t<\/div>\n\t\t\t\t\t\t\t\t<\/div>\n\t\t\t\t\t<\/div>\n\t\t<\/section>\n\t\t\t\t<section class=\"elementor-section elementor-top-section elementor-element elementor-element-b6bafeb elementor-section-boxed elementor-section-height-default elementor-section-height-default\" data-id=\"b6bafeb\" data-element_type=\"section\">\n\t\t\t\t\t\t<div class=\"elementor-container elementor-column-gap-default\">\n\t\t\t\t\t\t\t<div class=\"elementor-row\">\n\t\t\t\t\t<div class=\"elementor-column elementor-col-100 elementor-top-column elementor-element elementor-element-c6670be\" data-id=\"c6670be\" data-element_type=\"column\">\n\t\t\t<div class=\"elementor-column-wrap elementor-element-populated\">\n\t\t\t\t\t\t\t<div class=\"elementor-widget-wrap\">\n\t\t\t\t\t\t<div class=\"elementor-element elementor-element-50040a4 elementor-widget elementor-widget-text-editor\" data-id=\"50040a4\" data-element_type=\"widget\" data-widget_type=\"text-editor.default\">\n\t\t\t\t<div class=\"elementor-widget-container\">\n\t\t\t\t\t<div class=\"elementor-text-editor elementor-clearfix\"><div class=\"page\" title=\"Page 208\">\n<div class=\"section\">\n<div class=\"layoutArea\">\n<div class=\"column\">\n<table cellspacing=\"0\" cellpadding=\"0\">\n<tbody>\n<tr>\n<td valign=\"middle\"><span style=\"color: #000000; font-family: Ubuntu; font-size: xx-large;\"><b>1<\/b><\/span><\/td>\n<td valign=\"middle\">\n<p align=\"justify\"><span style=\"color: #000000; font-family: Ubuntu; font-size: small;\"><b><i>Atenci\u00f3n integral en el juicio oral<span class=\"Apple-converted-space\">\u00a0<\/span><\/i><\/b><\/span><\/p>\n<p align=\"justify\"><span style=\"color: #000000; font-family: Ubuntu; font-size: small;\">Al igual que en las anteriores actuaciones, el personal interdisciplinario de las Instancias Promotoras de Denuncia y\/o de la sociedad civil, deben continuar brindando la asistencia necesaria a la v\u00edctima y\/ entorno familiar, para la prosecuci\u00f3n del proceso penal.<span class=\"Apple-converted-space\">\u00a0<\/span><\/span><\/p>\n<p align=\"justify\"><span style=\"color: #000000; font-family: Ubuntu; font-size: small;\">Durante el periodo del juicio oral el o la trabajadora social es un nexo para ubicar a la v\u00edctima y de esa manera coordinar con<span class=\"Apple-converted-space\">\u00a0<\/span><\/span><\/p>\n<p align=\"justify\"><span style=\"color: #000000; font-family: Ubuntu; font-size: small;\">el \u00e1rea de psicolog\u00eda para su preparaci\u00f3n y comparecencia ante estrados judiciales, actividad que se realizar\u00e1 en estrecha coordinaci\u00f3n con la o el Fiscal de Materia, siempre y cuando sea estrictamente necesario y no se hubiese desarrollado un anticipo jurisdiccional de prueba.<span class=\"Apple-converted-space\">\u00a0<\/span><\/span><\/p>\n<p align=\"justify\"><span style=\"color: #000000; font-family: Ubuntu; font-size: small;\">As\u00ed tambi\u00e9n, a convocatoria de la autoridad competente se presentar\u00e1n en audiencia de juicio en calidad de testigo, para la defensa de informes psicol\u00f3gicos y sociales, elaborados con relaci\u00f3n a la v\u00edctima y\/o su entorno.<span class=\"Apple-converted-space\">\u00a0<\/span><\/span><\/p>\n<p align=\"justify\"><span style=\"color: #000000; font-family: Ubuntu; font-size: small;\">Debe extremarse el cuidado para evitar un contacto directo de la v\u00edctima con el agresor, procurando que por ning\u00fan motivo la v\u00edctima sea expuesta a estar sola con el agresor o que se encuentre en cualesquiera de las dependencias del tribunal, precautelando su integridad al ingreso antes y despu\u00e9s de las celebraciones de audiencias y al momento de abandonar los estrados judiciales; en consecuencia, cuando la v\u00edctima lo precise, se le caracterizar\u00e1 para su participaci\u00f3n en este actuado (Ver Anexo 7).<span class=\"Apple-converted-space\">\u00a0<\/span><\/span><\/p>\n<p align=\"justify\"><span style=\"color: #000000; font-family: Ubuntu; font-size: small;\">En todas las audiencias del juicio oral, la o el abogado\/a de la Instancia Promotora de Denuncia o la organizaci\u00f3n de la sociedad civil, deber\u00e1 participar activamente en las audiencias del juicio oral, para asumir defensa y coadyuvar con el Ministerio P\u00fablico en todo cuanto se requiera.<span class=\"Apple-converted-space\">\u00a0<\/span><\/span><\/p>\n<p align=\"justify\"><span style=\"color: #000000; font-family: Ubuntu; font-size: small;\">Trat\u00e1ndose de una v\u00edctima ni\u00f1a, ni\u00f1o o adolescente ella estar\u00e1 representada por sus familiares y\/o tutores, guardadores, DNA, pero en ning\u00fan caso ser\u00e1 obligada a enfrentarse al agresor.<span class=\"Apple-converted-space\">\u00a0<\/span><\/span><\/p>\n<p align=\"justify\"><span style=\"color: #000000; font-family: Ubuntu; font-size: small;\">El acompa\u00f1amiento debe efectivizarse a trav\u00e9s de la preparaci\u00f3n a la v\u00edctima, con t\u00e9cnicas de afrontamiento a la situaci\u00f3n a la cual ser\u00e1 expuesta, si ameritar\u00eda contar con la presencia de la ni\u00f1a, ni\u00f1o y adolescente en el Juicio Oral. El personal multidisciplinario de la DNA deber\u00e1 evaluar los requerimientos y necesidades especiales de la v\u00edctima, para reunir su declaraci\u00f3n.<span class=\"Apple-converted-space\">\u00a0<\/span><\/span><\/p>\n<p align=\"justify\"><span style=\"color: #000000; font-family: Ubuntu; font-size: small;\">Para la participaci\u00f3n, declaraci\u00f3n o testimonio de NNA se tomar\u00e1 en cuenta las directrices detalladas anteriormente en este Protocolo (3.2.4).<span class=\"Apple-converted-space\">\u00a0<\/span><\/span><\/p>\n<\/td>\n<\/tr>\n<tr>\n<td valign=\"middle\"><span style=\"color: #000000; font-family: Ubuntu; font-size: xx-large;\"><b>2<\/b><\/span><\/td>\n<td valign=\"middle\">\n<p align=\"justify\"><span style=\"color: #000000; font-family: Ubuntu; font-size: small;\"><b><i>Directrices para juzgar con perspectiva de g\u00e9nero y generacional<span class=\"Apple-converted-space\">\u00a0<\/span><\/i><\/b><\/span><\/p>\n<p align=\"justify\"><span style=\"color: #000000; font-family: Ubuntu; font-size: small;\">La Constituci\u00f3n Pol\u00edtica del Estado, adem\u00e1s de contener un amplio cat\u00e1logo de derechos fundamentales, consagra el bloque de constitucionalidad y establece criterios constitucionalizados de interpretaci\u00f3n de derechos humanos, que deben ser aplicados por las autoridades jurisdiccionales, lo que da cuenta de su preponderancia en nuestro sistema constitucional.<span class=\"Apple-converted-space\">\u00a0<\/span><\/span><\/p>\n<p align=\"justify\"><span style=\"color: #000000; font-family: Ubuntu; font-size: small;\">Quienes imparten justicia tienen en sus manos la responsabilidad de hacer realidad el derecho a la igualdad, que todas las ciudadanas y ciudadanos tienen. Para ello deben evitar que en el proceso de interpretaci\u00f3n y aplicaci\u00f3n del Derecho intervengan concepciones prejuiciadas de c\u00f3mo son y c\u00f3mo deben comportarse las personas por pertenecer a un sexo o g\u00e9nero determinado, por su orientaci\u00f3n sexual e identidad de g\u00e9nero o por su edad en especial trat\u00e1ndose de ni\u00f1as, ni\u00f1os y adolescentes.<span class=\"Apple-converted-space\">\u00a0<\/span><\/span><\/p>\n<p align=\"justify\"><span style=\"color: #000000; font-family: Ubuntu; font-size: small;\">Las y los jueces del \u00d3rgano Judicial, en el marco del Acuerdo No.193\/2016 del Consejo de la Magistratura, deben aplicar obligatoriamente el PROTOCOLO PARA JUZGAR CON PERSPECTIVA DE G\u00e9nero. (Ver lista en el Anexo 8).<span class=\"Apple-converted-space\">\u00a0<\/span><\/span><\/p>\n<p align=\"justify\"><span style=\"color: #000000; font-family: Ubuntu; font-size: small;\">El citado Protocolo, aprobado tambi\u00e9n por el Tribunal Supremo de Justicia y Tribunal Agroambiental, plantea los siguientes 4 pasos para el proceso argumentativo desarrollado para incorporar la perspectiva de g\u00e9nero, no obstante es aplicable en todo proceso que involucre a poblaci\u00f3n vulnerable:<span class=\"Apple-converted-space\">\u00a0<\/span><\/span><\/p>\n<p align=\"justify\"><span style=\"color: #43358b; font-family: Ubuntu; font-size: small;\"><b>Primer paso: Determinaci\u00f3n de la existencia de personas pertenecientes a poblaciones o grupos de atenci\u00f3n prioritaria, identificaci\u00f3n del problema jur\u00eddico, y an\u00e1lisis del contexto.<span class=\"Apple-converted-space\">\u00a0<\/span><\/b><\/span><\/p>\n<p align=\"justify\"><span style=\"color: #000000; font-family: Ubuntu; font-size: small;\">Debe identificarse a las personas que intervienen en el proceso para determinar si pertenecen a poblaciones o grupos de atenci\u00f3n prioritaria. Cabe se\u00f1alar que en los aspectos vinculados a cuestiones procesales tambi\u00e9n es aplicable la perspectiva de g\u00e9nero y la protecci\u00f3n reforzada a personas de poblaciones o grupos hist\u00f3ricamente subordinados. Luego se debe analizar el contexto del conflicto, con la finalidad de identificar relaciones asim\u00e9tricas de poder, que generen desigualdad, discriminaci\u00f3n y violencia.<span class=\"Apple-converted-space\">\u00a0<\/span><\/span><\/p>\n<p align=\"justify\"><span style=\"color: #000000; font-family: Ubuntu; font-size: small;\">Es tambi\u00e9n necesario realizar una apropiada identificaci\u00f3n y construcci\u00f3n del problema jur\u00eddico que se va a resolver, en un caso concreto pueden identificarse: a) Uno o varios problemas jur\u00eddicos materiales, vinculados al fondo del conflicto que se pretende resolver; b) Problemas jur\u00eddicos subordinados, y c) Problemas jur\u00eddicos procesales que est\u00e1n referidos a cuestiones incidentales. Ellos podr\u00e1n ser resueltos en la misma Sentencia.<span class=\"Apple-converted-space\">\u00a0<\/span><\/span><\/p>\n<p align=\"justify\"><span style=\"color: #43358b; font-family: Ubuntu; font-size: small;\"><b>Segundo Paso: Identificaci\u00f3n de la norma o normas jur\u00eddicas aplicables y an\u00e1lisis.<span class=\"Apple-converted-space\">\u00a0<\/span><\/b><\/span><\/p>\n<p align=\"justify\"><span style=\"color: #000000; font-family: Ubuntu; font-size: small;\">Determinar el derecho aplicable al caso concreto e identificar posibles problemas que pueden surgir vinculados para tal determinaci\u00f3n. Analizar la normativa interna o la jurisprudencia aplicable al caso y su contraste con la Constituci\u00f3n y las normas del bloque de constitucionalidad, para as\u00ed ejercer el control de constitucionalidad y de convencionalidad. De igual manera, debe analizar si la norma aplicable pasa el test de igualdad y no discriminaci\u00f3n denominado tambi\u00e9n, en la jurisprudencia comparada, test de razonabilidad. No obstante, debe tomarse en cuenta que no toda diferencia de tratamiento es discriminatoria; dado que existen diferencias que son razonables y objetivas, lo que no acontece con las discriminaciones que son diferencias arbitrarias.<span class=\"Apple-converted-space\">\u00a0<\/span><\/span><\/p>\n<p align=\"justify\"><span style=\"color: #000000; font-family: Ubuntu; font-size: small;\">Considerar si es necesario efectuar una ponderaci\u00f3n ante la existencia de normas-principios (principios, valores, derechos o garant\u00edas) contrapuestos y si debe considerarse la discriminaci\u00f3n estructural e interseccional que podr\u00eda presentarse en el caso concreto.<span class=\"Apple-converted-space\">\u00a0<\/span><\/span><\/p>\n<p align=\"justify\"><span style=\"color: #43358b; font-family: Ubuntu; font-size: small;\"><b>Tercer Paso: Determinaci\u00f3n de los hechos.<span class=\"Apple-converted-space\">\u00a0<\/span><\/b><\/span><\/p>\n<p align=\"justify\"><span style=\"color: #000000; font-family: Ubuntu; font-size: small;\">Puede significar resolver si un hecho, efectivamente, ha tenido lugar y su calificaci\u00f3n jur\u00eddica, tema que se vincula inmediatamente a la prueba y su valoraci\u00f3n.<span class=\"Apple-converted-space\">\u00a0<\/span><\/span><\/p>\n<p align=\"justify\"><span style=\"color: #000000; font-family: Ubuntu; font-size: small;\">Analizar y valorar la prueba, incluida su admisi\u00f3n y producci\u00f3n, de acuerdo a los principios constitucionales y a los est\u00e1ndares internacionales. La valoraci\u00f3n de la prueba debe ser en base al principio de verdad material buscando la verdad de los hechos, por encima de mecanismos formales o procesales (SCP 1662\/2012) y el sistema de la sana cr\u00edtica, por el que intervienen en la apreciaci\u00f3n de la prueba, las reglas de la l\u00f3gica y la experiencia del juzgador o juzgadora y, en ese sentido, la actuaci\u00f3n del juez o jueza no es discrecional o arbitraria; prima la razonabilidad de la valoraci\u00f3n de la prueba siendo posible su an\u00e1lisis a trav\u00e9s de la justicia constitucional cuando se haya omitido arbitrariamente valorar la prueba. (SC 129\/2004-R).<span class=\"Apple-converted-space\">\u00a0<\/span><\/span><\/p>\n<p align=\"justify\"><span style=\"color: #000000; font-family: Ubuntu; font-size: small;\">Analizar la existencia de estereotipos y relaciones de subordinaci\u00f3n o desigualdad estructural y determinaci\u00f3n si ello influye en la valoraci\u00f3n de las pruebas, en especial respecto al comportamiento de las partes y si \u00e9ste obedece a estereotipos.<span class=\"Apple-converted-space\">\u00a0<\/span><\/span><\/p>\n<p align=\"justify\"><span style=\"color: #000000; font-family: Ubuntu; font-size: small;\">Es importante considerar la prueba en su conjunto evitando la fragmentaci\u00f3n de la misma. En palabras de la Corte IDH \u201clas evidencias deben ser apreciadas en su integralidad, es decir, teniendo en cuenta sus relaciones mutuas, y la forma como se prestan soporte unas a otras o dejan de hacerlo\u201d, considerando adem\u00e1s el contexto en el que ocurri\u00f3 el hecho de violencia.<span class=\"Apple-converted-space\">\u00a0<\/span><\/span><\/p>\n<p align=\"justify\"><span style=\"color: #43358b; font-family: Ubuntu; font-size: small;\"><b>Cuarto Paso: Decisi\u00f3n.<span class=\"Apple-converted-space\">\u00a0<\/span><\/b><\/span><\/p>\n<p align=\"justify\"><span style=\"color: #000000; font-family: Ubuntu; font-size: small;\">Pronunciar la decisi\u00f3n de la resoluci\u00f3n, efectuando una definici\u00f3n precisa de la forma en que se resuelve el caso, declarando probada o improbada la demanda, fundado o infundado el recurso, concediendo o denegando la tutela, etc., dependiendo del tipo de resoluci\u00f3n, de la materia o de la instancia.<span class=\"Apple-converted-space\">\u00a0<\/span><\/span><\/p>\n<p align=\"justify\"><span style=\"color: #000000; font-family: Ubuntu; font-size: small;\">En el marco de una interpretaci\u00f3n previsora y consecuencialista, deber\u00e1 analizar el impacto de su resoluci\u00f3n y si la misma es valiosa desde la perspectiva de g\u00e9nero y de los derechos humanos, lo que pasa por analizar si con dicha resoluci\u00f3n se promueve la eliminaci\u00f3n de estereotipos y es valiosa en el marco de la igualdad y no discriminaci\u00f3n; pero deber\u00e1 existir un pronunciamiento expreso sobre las medidas de reparaci\u00f3n que pueden efectuarse.<span class=\"Apple-converted-space\">\u00a0<\/span><\/span><\/p>\n<p align=\"justify\"><span style=\"color: #000000; font-family: Ubuntu; font-size: small;\">Resolver cada una de las pretensiones de las partes, disponiendo la aplicaci\u00f3n concreta de la consecuencia jur\u00eddica prevista en la disposici\u00f3n legal, pero adem\u00e1s, constat\u00e1ndose la existencia de discriminaci\u00f3n y lesi\u00f3n al derecho a la igualdad.<span class=\"Apple-converted-space\">\u00a0<\/span><\/span><\/p>\n<\/td>\n<\/tr>\n<tr>\n<td valign=\"middle\"><span style=\"color: #000000; font-family: Ubuntu; font-size: xx-large;\"><b>3<\/b><\/span><\/td>\n<td valign=\"middle\">\n<p align=\"justify\"><span style=\"color: #000000; font-family: Ubuntu; font-size: small;\"><b><i>Sesgos de g\u00e9nero frecuentes<span class=\"Apple-converted-space\">\u00a0<\/span><\/i><\/b><\/span><\/p>\n<p align=\"justify\"><span style=\"color: #000000; font-family: Ubuntu; font-size: small;\">Como se establece en el punto anterior la valoraci\u00f3n de las pruebas y decisiones judiciales deben estar libre de sesgos de g\u00e9nero.<span class=\"Apple-converted-space\">\u00a0<\/span><\/span><\/p>\n<p align=\"justify\"><span style=\"color: #000000; font-family: Ubuntu; font-size: small;\">Algunos de ellos se pueden constatar cuando solo se considera sancionable la violencia f\u00edsica y no as\u00ed otro tipo de violencias, se minimiza la gravedad de la violencia f\u00edsica en funci\u00f3n a los d\u00edas de impedimento, no se da credibilidad al testimonio de la v\u00edctima por falta de testigos, se considera que la violencia est\u00e1 justificada o fue provocada por la conducta de la v\u00edctima, se<span class=\"Apple-converted-space\">\u00a0<\/span><\/span><span style=\"color: #000000; font-family: Ubuntu; font-size: small;\">descalifica el testimonio de la v\u00edctima por su comportamiento anterior o posterior al hecho, se considera que no existi\u00f3 el delito de violaci\u00f3n porque la v\u00edctima no opuso resistencia o se presuma su consentimiento por existir una relaci\u00f3n previa con el agresor.<span class=\"Apple-converted-space\">\u00a0<\/span><\/span><\/p>\n<p align=\"justify\"><span style=\"color: #000000; font-family: Ubuntu; font-size: small;\">Es importante prestar especial atenci\u00f3n a las siguientes situaciones:<span class=\"Apple-converted-space\">\u00a0<\/span><\/span><\/p>\n<p align=\"justify\"><span style=\"color: #43358b; font-family: Ubuntu; font-size: small;\"><b>Retraso en la denuncia<span class=\"Apple-converted-space\">\u00a0<\/span><\/b><\/span><\/p>\n<p align=\"justify\"><span style=\"color: #000000; font-family: Ubuntu; font-size: small;\">El retraso en denunciar y ser valorada por una o un m\u00e9dico o psic\u00f3logo, no debe ser una raz\u00f3n para cuestionar la credibilidad de la v\u00edctima, sin embargo sucede muchas veces pues esta demora conlleva la duda acerca de la credibilidad de la v\u00edctima, sin tomar en cuenta que la denuncia implica supuestos con unas connotaciones especiales en donde generalmente, y en muchos casos, la denuncia se dirige contra quien es su (ex)pareja y el padre de sus hijos, que, adem\u00e1s, posiblemente hasta puede ser quien brinda el sustento econ\u00f3mico, lo que conlleva a que las v\u00edctimas de violencia en raz\u00f3n de g\u00e9nero valoren todas estas circunstancias a la hora de decidirse sobre si denuncian, o no. Y ello, no se les puede volver en su contra cuando tardan en denunciar, porque hasta se sienten estigmatizadas por hacerlo, y, en muchos casos, hasta culpables, obviando que son v\u00edctimas, esperando la conducta de la v\u00edctima ideal.<span class=\"Apple-converted-space\">\u00a0<\/span><\/span><\/p>\n<p align=\"justify\"><span style=\"color: #000000; font-family: Ubuntu; font-size: small;\">Adem\u00e1s del retraso en la denuncia, el que hayan sido terceros los denunciantes, se haya actuado de oficio o existan antecedentes de que la v\u00edctima haya querido retirar o desistir la denuncia, muchas veces lleva a las autoridades a asumir que el hecho no haya ocurrido. Este tipo de presunci\u00f3n y conclusi\u00f3n desconoce los motivos m\u00faltiples que pueden llevar a una v\u00edctima de violencia a no denunciar el delito del que ha sido v\u00edctima, incluyendo la desconfianza en el sistema de administraci\u00f3n de justicia, la posible estigmatizaci\u00f3n por parte de su familia y comunidad y el temor a represalias de parte del agresor hacia ella o su familia.<span class=\"Apple-converted-space\">\u00a0<\/span><\/span><\/p>\n<p align=\"justify\"><span style=\"color: #000000; font-family: Ubuntu; font-size: small;\">Esta situaci\u00f3n trat\u00e1ndose de las ni\u00f1as, ni\u00f1os y adolescentes, es mucho m\u00e1s cr\u00edtica pues su vulnerabilidad hace que, adem\u00e1s del v\u00ednculo afectivo con su agresor, com\u00fan en la mayor\u00eda de los casos, se ejerza coacci\u00f3n y amenazas sobre ellos, en especial en los casos de agresi\u00f3n sexual donde las denuncias suelen ser con posterioridad incluso de a\u00f1os.<span class=\"Apple-converted-space\">\u00a0<\/span><\/span><\/p>\n<p align=\"justify\"><span style=\"color: #43358b; font-family: Ubuntu; font-size: small;\"><b>Perfil y conducta de la v\u00edctima<span class=\"Apple-converted-space\">\u00a0<\/span><\/b><\/span><\/p>\n<p align=\"justify\"><span style=\"color: #000000; font-family: Ubuntu; font-size: small;\">En muchos casos la veracidad de la declaraci\u00f3n de la v\u00edctima se ve cuestionada y disminuida por la aplicaci\u00f3n de estereotipos originados en la estructura social de g\u00e9nero. Algunos de esos estereotipos se relacionan con: la exigencia de un perfil determinado de la v\u00edctima, la edad de la v\u00edctima a\u00f1ade o resta credibilidad a la acusaci\u00f3n, recuperarse del trauma de las agresiones (sean f\u00edsicas, verbales, econ\u00f3micas, sexuales, estructurales o ps\u00edquicas, siendo el objetivo de todas ellas el sometimiento al control por parte del agresor) o haber iniciado una nueva relaci\u00f3n de pareja tambi\u00e9n disminuye la veracidad de la declaraci\u00f3n de la v\u00edctima-testigo; y otros presupuestos que, no son ni requieren ser corroborados, careciendo consecuentemente del rigor y la imparcialidad con que debe decir la causa una autoridad judicial.<span class=\"Apple-converted-space\">\u00a0<\/span><\/span><\/p>\n<p align=\"justify\"><span style=\"color: #000000; font-family: Ubuntu; font-size: small;\">Es usual que en juicio, sobre todo en delitos sexuales, la defensa pretenda afectar la credibilidad de la v\u00edctima a partir de afectar su \u201chonra\u201d, concepto absolutamente patriarcal y colonial pero que persiste y que busca influir en la valoraci\u00f3n de su testimonio en juicio, incluyo de forma irrespetuosa, conducta que no debe ser permita por la autoridad judicial lo que de ninguna manera podr\u00e1 interpretarse como restricciones a la libertad probatoria.<span class=\"Apple-converted-space\">\u00a0<\/span><\/span><\/p>\n<p align=\"justify\"><span style=\"color: #000000; font-family: Ubuntu; font-size: small;\">Seg\u00fan determinadas pautas internacionales en materia de violencia en raz\u00f3n de g\u00e9nero contra la mujer y violencia sexual, las pruebas relativas a los antecedentes sexuales de la v\u00edctima son en principio inadmisibles, por lo que la apertura de l\u00edneas de investigaci\u00f3n y las \u201cpruebas\u201d sobre el comportamiento social o sexual previo de las v\u00edctimas en casos de violencia de g\u00e9nero no es m\u00e1s que la manifestaci\u00f3n de pol\u00edticas o actitudes basadas en estereotipos de g\u00e9nero<\/span><span style=\"color: #000000; font-family: Ubuntu; font-size: small;\"><a class=\"tooltips\" title=\"Ver sentencia de la Corte IDH en el Caso Veliz Franco y Otros Vs. Guatemala.\"><sup>103<\/sup><\/a><\/span><span style=\"color: #000000; font-family: Ubuntu; font-size: small;\">.<span class=\"Apple-converted-space\">\u00a0<\/span><\/span><\/p>\n<p align=\"justify\"><span style=\"color: #43358b; font-family: Ubuntu; font-size: small;\"><b>Testimonio \u00fanico<span class=\"Apple-converted-space\">\u00a0<\/span><\/b><\/span><\/p>\n<p align=\"justify\"><span style=\"color: #000000; font-family: Ubuntu; font-size: small;\">Se debe recordar con relaci\u00f3n a los casos de violencia sexual, como ha se\u00f1alado la Corte IDH que este es un tipo particular de agresi\u00f3n que, en general, se caracteriza por producirse en ausencia de otras personas m\u00e1s all\u00e1 de la v\u00edctima y el agresor o los agresores. Dada la naturaleza de esta forma de violencia, no se puede esperar la existencia de pruebas gr\u00e1ficas o documentales y, por ello, la declaraci\u00f3n de la v\u00edctima constituye una prueba fundamental sobre el hecho<\/span><span style=\"color: #000000; font-family: Ubuntu; font-size: small;\"><a class=\"tooltips\" title=\"Ver sentencia de la Corte IDH en el Caso Rosendo Cant\u00fa y otra Vs. M\u00e9xico.\"><sup>104<\/sup><\/a><\/span><span style=\"color: #000000; font-family: Ubuntu; font-size: small;\">.<span class=\"Apple-converted-space\">\u00a0<\/span><\/span><\/p>\n<p align=\"justify\"><span style=\"color: #43358b; font-family: Ubuntu; font-size: small;\"><b>Motivaci\u00f3n de la v\u00edctima<span class=\"Apple-converted-space\">\u00a0<\/span><\/b><\/span><\/p>\n<p align=\"justify\"><span style=\"color: #000000; font-family: Ubuntu; font-size: small;\">Cuando una relaci\u00f3n de pareja se rompe es muy dif\u00edcil que las relaciones entre estas dos personas sean buenas m\u00e1s a\u00fan si ha existido violencia pero no debiera implicar poner en duda la declaraci\u00f3n de la v\u00edctima basada en un supuesto resentimiento, deseo de venganza o intereses espurios, lo relevante en el juicio son los hechos y la necesidad de determinar si existi\u00f3 o no violencia.<span class=\"Apple-converted-space\">\u00a0<\/span><\/span><\/p>\n<p align=\"justify\"><span style=\"color: #43358b; font-family: Ubuntu; font-size: small;\"><b>Justificativos del agresor<span class=\"Apple-converted-space\">\u00a0<\/span><\/b><\/span><\/p>\n<p align=\"justify\"><span style=\"color: #000000; font-family: Ubuntu; font-size: small;\">Muchas veces los hechos de violencia se relativizan y no se investigan adecuada y oportunamente ni son sancionados conforme una correcta valoraci\u00f3n de las pruebas, tom\u00e1ndose en consideraci\u00f3n los m\u00f3viles de g\u00e9nero que utiliza el agresor para justificar sus actos<\/span><span style=\"color: #000000; font-family: Ubuntu; font-size: small;\"><a class=\"tooltips\" title=\"Bay\u00e1 M. 2015. Feminicidio en Bolivia. Acceso a la Justicia y Desafios del Estado en Bolivia. Alianza por la Solidaridad. La Paz, Bolivia.\"><sup>105<\/sup><\/a> <\/span><span style=\"color: #000000; font-family: Ubuntu; font-size: small;\">y que no podr\u00edan considerarse atenuantes de ninguna manera, ellos son:<span class=\"Apple-converted-space\">\u00a0<\/span><\/span><\/p>\n<p align=\"justify\"><span style=\"color: #000000; font-family: Ubuntu; font-size: small;\"><i>a) La \u201cdivisi\u00f3n sexual del trabajo\u201d, al no cumplir la mujer la funci\u00f3n o roles de g\u00e9nero en el hogar por lo que la v\u00edctima es objeto de castigos.<span class=\"Apple-converted-space\">\u00a0<\/span><\/i><\/span><\/p>\n<p align=\"justify\"><span style=\"color: #000000; font-family: Ubuntu; font-size: small;\"><i>b) La \u201cno subordinaci\u00f3n de la mujer\u201d al no obedecer a su pareja y que busca doblegar su voluntad y autonom\u00eda hasta el punto de quitarle la vida.<span class=\"Apple-converted-space\">\u00a0<\/span><\/i><\/span><\/p>\n<p align=\"justify\"><span style=\"color: #000000; font-family: Ubuntu; font-size: small;\"><i>c) El \u201chonor mancillado\u201d en los casos de infidelidad en los que la agresi\u00f3n se justifica con el ejercicio de la violencia como forma de salvar p\u00fablicamente la ofensa.<span class=\"Apple-converted-space\">\u00a0<\/span><\/i><\/span><\/p>\n<p align=\"justify\"><span style=\"color: #000000; font-family: Ubuntu; font-size: small;\"><i>d) La \u201cvenganza o resentimiento\u201d por parte del agresor, ante la denuncia realizada por la v\u00edctima, por el rechazo frente al acoso sexual o por haber ganado un proceso judicial en contra del mismo.<span class=\"Apple-converted-space\">\u00a0<\/span><\/i><\/span><\/p>\n<p align=\"justify\"><span style=\"color: #000000; font-family: Ubuntu; font-size: small;\"><i>e) El \u201csentimiento de rechazo\u201d, cuando las v\u00edctimas se niegan a entablar, reiniciar o continuar una relaci\u00f3n afectiva, sentimental o \u00edntima; o a satisfacer sexualmente al agresor.<span class=\"Apple-converted-space\">\u00a0<\/span><\/i><\/span><\/p>\n<p align=\"justify\"><span style=\"color: #000000; font-family: Ubuntu; font-size: small;\"><i>f) El \u201csentido de propiedad\u201d, ante la p\u00e9rdida del control sobre la libertad y autonom\u00eda de la mujer y ante la posibilidad de que establezca una nueva relaci\u00f3n con otra pareja se ejerce la violencia y que se vincula muchas veces a los celos.<span class=\"Apple-converted-space\">\u00a0<\/span><\/i><\/span><\/p>\n<p align=\"justify\"><span style=\"color: #43358b; font-family: Ubuntu; font-size: small;\"><b>Argumentos que refuerzan los sesgos de g\u00e9nero<span class=\"Apple-converted-space\">\u00a0<\/span><\/b><\/span><\/p>\n<p align=\"justify\"><span style=\"color: #000000; font-family: Ubuntu; font-size: small;\">Las juezas y jueces deben tener cuidado con no incluir en sus resoluciones y sentencias criterios que respondan de forma expresa o t\u00e1cita a sesgos de g\u00e9nero<\/span><span style=\"color: #000000; font-family: Ubuntu; font-size: small;\"><a class=\"tooltips\" title=\"Alianza Libres sin Violencia y Comunidad de Derechos Humanos. 2018. Formulario de evaluaci\u00f3n de sentencias\"><sup>106<\/sup><\/a> <\/span><span style=\"color: #000000; font-family: Ubuntu; font-size: small;\">y que refuercen estos presupuestos con declaraciones o argumentos que no podr\u00edan ser empleados por una autoridad judicial, tales como:<span class=\"Apple-converted-space\">\u00a0<\/span><\/span><\/p>\n<p align=\"justify\"><span style=\"color: #000000; font-family: Ubuntu; font-size: small;\"><i>a. El androcentrismo (aceptaci\u00f3n de la dominaci\u00f3n masculina como natural).<span class=\"Apple-converted-space\">\u00a0<\/span><\/i><\/span><\/p>\n<p align=\"justify\"><span style=\"color: #000000; font-family: Ubuntu; font-size: small;\"><i>b. La sobrespec\u00edficaci\u00f3n (presenta como espec\u00edfico de un sexo, ciertas necesidades, actitudes e intereses que en realidad son de ambos).<span class=\"Apple-converted-space\">\u00a0<\/span><\/i><\/span><\/p>\n<p align=\"justify\"><span style=\"color: #000000; font-family: Ubuntu; font-size: small;\"><i>c. La sobregeneralizaci\u00f3n (analiza la conducta del sexo masculino y presenta los resultados como v\u00e1lidos para ambos sexos).<span class=\"Apple-converted-space\">\u00a0<\/span><\/i><\/span><\/p>\n<p align=\"justify\"><span style=\"color: #000000; font-family: Ubuntu; font-size: small;\"><i>d. El doble par\u00e1metro (una misma conducta, una situaci\u00f3n id\u00e9ntica y\/o caracter\u00edsticas humanas, son valoradas o evaluadas con distintos par\u00e1metros o distintos instrumentos para uno y otro sexo).<span class=\"Apple-converted-space\">\u00a0<\/span><\/i><\/span><\/p>\n<p align=\"justify\"><span style=\"color: #000000; font-family: Ubuntu; font-size: small;\"><i>e. El deber ser de cada sexo (considera que hay conductas o caracter\u00edsticas humanas que son m\u00e1s apropiadas para un sexo que para el otro).<span class=\"Apple-converted-space\">\u00a0<\/span><\/i><\/span><\/p>\n<p align=\"justify\"><span style=\"color: #000000; font-family: Ubuntu; font-size: small;\"><i>g. Dicotomismo sexual (tratar a mujeres y hombres como si fueran absolutamente diferentes).<span class=\"Apple-converted-space\">\u00a0<\/span><\/i><\/span><\/p>\n<p align=\"justify\"><span style=\"color: #000000; font-family: Ubuntu; font-size: small;\"><i>h. Familismo (identificaci\u00f3n de la mujer con la familia, como si su papel dentro del n\u00facleo familiar fuera lo que determina su existencia y por ende sus necesidades, anteponer a la vida e integridad la supuesta unidad familiar como un valor supremo en un contexto de violencia).<span class=\"Apple-converted-space\">\u00a0<\/span><\/i><\/span><\/p>\n<p align=\"justify\"><span style=\"color: #43358b; font-family: Ubuntu; font-size: small;\"><b>Decisiones con sesgos de g\u00e9nero amparados en la sana cr\u00edtica<span class=\"Apple-converted-space\">\u00a0<\/span><\/b><\/span><\/p>\n<p align=\"justify\"><span style=\"color: #000000; font-family: Ubuntu; font-size: small;\">Los sesgos de g\u00e9nero, en especial en la valoraci\u00f3n de la prueba muchas veces se encubren bajo el argumento de la sana cr\u00edtica o libre convicci\u00f3n que rige en materia penal. Sin embargo, debe tenerse en cuenta que la autoridad jurisdiccional en la apreciaci\u00f3n de todos los medios de prueba, tiene libertad de convencimiento, empero, como se ha mencionado no es discrecional, est\u00e1 limitada por las reglas de la l\u00f3gica psicol\u00f3gica y experiencia com\u00fan, as\u00ed como la obligaci\u00f3n de motivar las razones de su convencimiento, adem\u00e1s, y esto es fundamental, es indispensable que las autoridades judiciales presten atenci\u00f3n a los principios constitucionales que sustentan la prueba, como es el principio de verdad material, que se encuentra previsto en el art. 180 de la CPE; en virtud al cual, debe encontrar la paz social, la aplicaci\u00f3n de la justicia y el respeto a los derechos humanos, buscando la verdad de los hechos, por encima de mecanismos formales o procesales, con la finalidad que<span class=\"Apple-converted-space\">\u00a0<\/span><\/span><\/p>\n<p align=\"justify\"><span style=\"color: #000000; font-family: Ubuntu; font-size: small;\">las partes accedan a una justicia material, eficaz y eficiente, procurando que el derecho sustantivo prevalezca sobre el formal (SCP 1662\/2012).<span class=\"Apple-converted-space\">\u00a0<\/span><\/span><\/p>\n<p align=\"justify\"><span style=\"color: #000000; font-family: Ubuntu; font-size: small;\">Debe tomarse en cuenta adem\u00e1s que la justicia constitucional puede revisar la valoraci\u00f3n de la prueba<\/span><span style=\"color: #000000; font-family: Ubuntu; font-size: small;\"><a class=\"tooltips\" title=\"Este entendimiento tambi\u00e9n fue asumido en las Sentencias Constitucionales Plurinacionales 0238\/2018-S2, 0014\/2018-S2 y 0025\/2018-S2.\"><sup>107<\/sup><\/a> <\/span><span style=\"color: #000000; font-family: Ubuntu; font-size: small;\">cuando:<span class=\"Apple-converted-space\">\u00a0<\/span><\/span><\/p>\n<p align=\"justify\"><span style=\"color: #000000; font-family: Ubuntu; font-size: small;\"><b>i) Las autoridades se apartaron de los marcos legales de razonabilidad y equidad;<span class=\"Apple-converted-space\">\u00a0<\/span><\/b><\/span><\/p>\n<p align=\"justify\"><span style=\"color: #000000; font-family: Ubuntu; font-size: small;\"><b>ii) Omitieron de manera arbitraria la consideraci\u00f3n de las pruebas, ya sea parcial o totalmente; y,<span class=\"Apple-converted-space\">\u00a0<\/span><\/b><\/span><\/p>\n<p align=\"justify\"><span style=\"color: #000000; font-family: Ubuntu; font-size: small;\"><b>iii) Basaron su decisi\u00f3n en una prueba inexistente o que refleje un hecho diferente al utilizado en la argumentaci\u00f3n.<span class=\"Apple-converted-space\">\u00a0<\/span><\/b><\/span><\/p>\n<\/td>\n<\/tr>\n<tr>\n<td valign=\"middle\"><span style=\"color: #000000; font-family: Ubuntu; font-size: xx-large;\"><b>4<\/b><\/span><\/td>\n<td valign=\"middle\">\n<p align=\"justify\"><span style=\"color: #000000; font-family: Ubuntu; font-size: small;\"><b><i>La prescripci\u00f3n<span class=\"Apple-converted-space\">\u00a0<\/span><\/i><\/b><\/span><\/p>\n<p align=\"justify\"><span style=\"color: #000000; font-family: Ubuntu; font-size: small;\">El tratamiento de la prescripci\u00f3n no se exclusiva de esta etapa, por lo que las reglas desarrolladas a continuaci\u00f3n deben tomarse en cuenta tambi\u00e9n en las otras si es que fuese planteada.<span class=\"Apple-converted-space\">\u00a0<\/span><\/span><\/p>\n<p align=\"justify\"><span style=\"color: #000000; font-family: Ubuntu; font-size: small;\">De acuerdo al Art. 101 del CPP modificado por la Ley No. 1173 la acci\u00f3n penal prescribe en: a) En ocho a\u00f1os, para los delitos que tengan se\u00f1alada una pena privativa de libertad de seis o m\u00e1s de seis a\u00f1os; b) En cinco a\u00f1os, para los que tengan se\u00f1aladas penas privativas de libertad menores de seis y mayores de dos a\u00f1os; y c) En tres a\u00f1os, para los dem\u00e1s delitos. En los delitos sancionados con penas indeterminadas, el juez tomar\u00e1 siempre en cuenta el m\u00e1ximum de la pena se\u00f1alada.<span class=\"Apple-converted-space\">\u00a0<\/span><\/span><\/p>\n<p align=\"justify\"><span style=\"color: #000000; font-family: Ubuntu; font-size: small;\">En los delitos de violaci\u00f3n, abuso y explotaci\u00f3n sexual, de los cuales las v\u00edctimas hayan sido personas menores de catorce a\u00f1os de edad, excepcionalmente, no prescribe la acci\u00f3n<span class=\"Apple-converted-space\">\u00a0<\/span><\/span><\/p>\n<p align=\"justify\"><span style=\"color: #000000; font-family: Ubuntu; font-size: small;\">hasta cuatro a\u00f1os despu\u00e9s que la v\u00edctima haya alcanzado la mayor\u00eda de edad.<span class=\"Apple-converted-space\">\u00a0<\/span><\/span><\/p>\n<p align=\"justify\"><span style=\"color: #000000; font-family: Ubuntu; font-size: small;\">No obstante, el Comit\u00e9 para la Eliminaci\u00f3n de la Discriminaci\u00f3n Contra la Mujer ha establecido<\/span><span style=\"color: #000000; font-family: Ubuntu; font-size: small;\"><a class=\"tooltips\" title=\"Comit\u00e9 CEDAW, Recomendaci\u00f3n General n\u00fam. 33, sobre el acceso de las mujeres a la justicia, CEDAW\/C\/GC\/33, 03\/08\/2015, p\u00e1rr. 51.\"><sup>108<\/sup><\/a> <\/span><span style=\"color: #000000; font-family: Ubuntu; font-size: small;\">que los Estados deben: \u201cb) Garantizar que la prescripci\u00f3n se ajuste a los intereses de las v\u00edctimas\u201d. Este aspecto debe ser analizado en relaci\u00f3n a lo descrito en el punto sobre los factores que influyen en la demora de la denuncia.<span class=\"Apple-converted-space\">\u00a0<\/span><\/span><\/p>\n<\/td>\n<\/tr>\n<tr>\n<td valign=\"middle\"><span style=\"color: #000000; font-family: Ubuntu; font-size: xx-large;\"><b>5<\/b><\/span><\/td>\n<td valign=\"middle\">\n<p align=\"justify\"><span style=\"color: #000000; font-family: Ubuntu; font-size: small;\"><b><i>Imposici\u00f3n de sanciones alternativas<span class=\"Apple-converted-space\">\u00a0<\/span><\/i><\/b><\/span><\/p>\n<p align=\"justify\"><span style=\"color: #000000; font-family: Ubuntu; font-size: small;\">La Ley No. 348, a partir del art\u00edculo 76, establece las sanciones alternativas, siempre y cuando el autor no sea reincidente y la autoridad judicial aplique una sanci\u00f3n alternativa junto a otras, cuando sea necesario para proteger a la mujer, hijos e hijas o el n\u00facleo familiar en situaci\u00f3n de violencia.<span class=\"Apple-converted-space\">\u00a0<\/span><\/span><\/p>\n<p align=\"justify\"><span style=\"color: #000000; font-family: Ubuntu; font-size: small;\">Respecto a la multa la Ley determina como sanci\u00f3n alternativa o accesoria que no sustituye la reparaci\u00f3n a la mujer por el da\u00f1o causado.<span class=\"Apple-converted-space\">\u00a0<\/span><\/span><\/p>\n<\/td>\n<\/tr>\n<tr>\n<td valign=\"middle\"><span style=\"color: #000000; font-family: Ubuntu; font-size: xx-large;\"><b>6<\/b><\/span><\/td>\n<td valign=\"middle\">\n<p align=\"justify\"><span style=\"color: #000000; font-family: Ubuntu; font-size: small;\"><b><i>Inaplicabilidad de la suspensi\u00f3n condicional de la pena y del perd\u00f3n judicial de la pena<span class=\"Apple-converted-space\">\u00a0<\/span><\/i><\/b><\/span><\/p>\n<p align=\"justify\"><span style=\"color: #000000; font-family: Ubuntu; font-size: small;\">La Ley No. 348 no contempla la posibilidad de otorgar al agresor la suspensi\u00f3n condicional de la pena ni el perd\u00f3n judicial de la pena; m\u00e1s bien, establece que cuando la pena impuesta no sea mayor a tres a\u00f1os, \u201c<b>ser\u00e1 remplazada por una sanci\u00f3n alternativa\u201d. <\/b>La Ley No. 348 estableci\u00f3 la sanciones alternativas como una opci\u00f3n frente a la prisi\u00f3n pero con el fin de que ning\u00fan caso quede en la impunidad, por eso estableci\u00f3 los mismos presupuestos en relaci\u00f3n al m\u00e1ximo de la pena para su aplicaci\u00f3n a fin de que los hechos de violencia no dejasen de ser sancionados (Arts. 77 al 82).<span class=\"Apple-converted-space\">\u00a0<\/span><\/span><\/p>\n<p align=\"justify\"><span style=\"color: #000000; font-family: Ubuntu; font-size: small;\">Tal como se se\u00f1ala en el Estudio Poner fin a la violencia contra la mujer (ONU, \u201cla impunidad de la violencia contra la mujer agrava los efectos de dicha violencia como mecanismo de control de los hombres sobre las mujeres. Cuando el Estado no responsabiliza a los autores de actos de violencia y la sociedad tolera expresa o t\u00e1citamente a dicha violencia, la impunidad no solo alienta nuevos abusos, sino que tambi\u00e9n transmite el mensaje de que la violencia masculina contra la mujer es aceptable o normal. El resultado de esa impunidad no consiste \u00fanicamente en la denegaci\u00f3n de justicia a las distintas v\u00edctimas\/sobrevivientes, sino tambi\u00e9n en el refuerzo de las relaciones de g\u00e9nero reinantes y asimismo reproduce las desigualdades que afectan a las dem\u00e1s mujeres y ni\u00f1as\u201d<\/span><span style=\"color: #000000; font-family: Ubuntu; font-size: small;\"><a class=\"tooltips\" title=\"Citado por la Comunidad de Derechos Humanos en la Gu\u00eda de preguntas frecuentes sobre la Ley Integral para Garantizar a las Mujeres una Vida Libre de Violencia. 2014.\"><sup>109<\/sup><\/a><\/span><span style=\"color: #000000; font-family: Ubuntu; font-size: small;\">.<span class=\"Apple-converted-space\">\u00a0<\/span><\/span><\/p>\n<p align=\"justify\"><span style=\"color: #000000; font-family: Ubuntu; font-size: small;\">Este razonamiento ha sido adoptado por el Tribunal Constitucional Plurinacional al establecer que <i>\u201cla obligaci\u00f3n de sancionar a los culpables por delitos de violencia debe ser cumplida indefectiblemente, no existiendo posibilidad de perdonar el cumplimiento de la pena o suspender de modo condicional su cumplimiento; pues lo contrario, implicar\u00eda incumplir con las obligaciones internacionales del Estado; m\u00e1s a\u00fan, cuando al nivel interno existe una norma que expresamente prev\u00e9 la aplicaci\u00f3n de sanciones alternativas a la privaci\u00f3n de libertad <\/i><b>cuando la pena impuesta no sea mayor a tres a\u00f1os<\/b><i>; sanciones que de acuerdo a la Ley No. 348, deben ir acompa\u00f1adas de las medidas de seguridad necesarias para proteger a la mujer que se encuentra en situaci\u00f3n de violencia, a sus hijas e hijos o su n\u00facleo familiar; medida que cumple con el objeto y la finalidad de la Ley No. 348, que es erradicar la violencia y no permitir la impunidad<\/i>\u201d. (SCP 0721\/2018-S2).<span class=\"Apple-converted-space\">\u00a0<\/span><\/span><\/p>\n<\/td>\n<\/tr>\n<\/tbody>\n<\/table>\n<\/div>\n<\/div>\n<\/div>\n<\/div><\/div>\n\t\t\t\t<\/div>\n\t\t\t\t<\/div>\n\t\t\t\t\t\t<\/div>\n\t\t\t\t\t<\/div>\n\t\t<\/div>\n\t\t\t\t\t\t\t\t<\/div>\n\t\t\t\t\t<\/div>\n\t\t<\/section>\n\t\t\t\t<section class=\"elementor-section elementor-top-section elementor-element elementor-element-3988ddc elementor-section-boxed elementor-section-height-default elementor-section-height-default\" data-id=\"3988ddc\" data-element_type=\"section\">\n\t\t\t\t\t\t<div class=\"elementor-container elementor-column-gap-default\">\n\t\t\t\t\t\t\t<div class=\"elementor-row\">\n\t\t\t\t\t<div class=\"elementor-column elementor-col-100 elementor-top-column elementor-element elementor-element-963528b\" data-id=\"963528b\" data-element_type=\"column\">\n\t\t\t<div class=\"elementor-column-wrap elementor-element-populated\">\n\t\t\t\t\t\t\t<div class=\"elementor-widget-wrap\">\n\t\t\t\t\t\t<div class=\"elementor-element elementor-element-72cea5b elementor-widget elementor-widget-text-editor\" data-id=\"72cea5b\" data-element_type=\"widget\" data-widget_type=\"text-editor.default\">\n\t\t\t\t<div class=\"elementor-widget-container\">\n\t\t\t\t\t<div class=\"elementor-text-editor elementor-clearfix\"><div class=\"page\" title=\"Page 208\"><div class=\"section\"><div class=\"layoutArea\"><div class=\"column\"><p>Las precauciones enumeradas no son u\u0301nicas ni limitativas, tienen que servir de orientacio\u0301n en la determinacio\u0301n de las que puedan resultar ma\u0301s u\u0301tiles para la mujer y su familia, en cada caso. Se procurara\u0301 entregar estas recomendaciones por escrito.<\/p><\/div><\/div><\/div><\/div><\/div>\n\t\t\t\t<\/div>\n\t\t\t\t<\/div>\n\t\t\t\t\t\t<\/div>\n\t\t\t\t\t<\/div>\n\t\t<\/div>\n\t\t\t\t\t\t\t\t<\/div>\n\t\t\t\t\t<\/div>\n\t\t<\/section>\n\t\t\t\t\t\t<\/div>\n\t\t\t\t\t\t<\/div>\n\t\t\t\t\t<\/div>\n\t\t","protected":false},"excerpt":{"rendered":"<p>Todo hecho de violencia contra ni\u00f1as, ni\u00f1os, adolescentes y mujeres podr\u00e1 ser denunciado por la v\u00edctima o cualquier persona que conozca del hecho delictivo. \u00bfCu\u00e1les son las instancias receptoras de denuncia? Las \u00fanicas instancias encargadas de recepcionar la denuncia, para su posterior investigaci\u00f3n son: El Ministerio P\u00fablico del lugar donde se produjo el hecho o &hellip;<\/p>\n<p class=\"read-more\"> <a class=\"\" href=\"https:\/\/alvi.centrojuanaazurduy.org\/index.php\/3-2-segunda-fase-procesamiento-de-la-denuncia-de-violencia\/\"> <span class=\"screen-reader-text\">3.2. SEGUNDA FASE: PROCESAMIENTO DE LA DENUNCIA DE VIOLENCIA<\/span> Leer m\u00e1s &raquo;<\/a><\/p>\n","protected":false},"author":1,"featured_media":0,"comment_status":"closed","ping_status":"closed","sticky":false,"template":"","format":"standard","meta":{"footnotes":""},"categories":[9],"tags":[],"class_list":["post-3873","post","type-post","status-publish","format-standard","hentry","category-protocolo-sepmud"],"_links":{"self":[{"href":"https:\/\/alvi.centrojuanaazurduy.org\/index.php\/wp-json\/wp\/v2\/posts\/3873","targetHints":{"allow":["GET"]}}],"collection":[{"href":"https:\/\/alvi.centrojuanaazurduy.org\/index.php\/wp-json\/wp\/v2\/posts"}],"about":[{"href":"https:\/\/alvi.centrojuanaazurduy.org\/index.php\/wp-json\/wp\/v2\/types\/post"}],"author":[{"embeddable":true,"href":"https:\/\/alvi.centrojuanaazurduy.org\/index.php\/wp-json\/wp\/v2\/users\/1"}],"replies":[{"embeddable":true,"href":"https:\/\/alvi.centrojuanaazurduy.org\/index.php\/wp-json\/wp\/v2\/comments?post=3873"}],"version-history":[{"count":84,"href":"https:\/\/alvi.centrojuanaazurduy.org\/index.php\/wp-json\/wp\/v2\/posts\/3873\/revisions"}],"predecessor-version":[{"id":5030,"href":"https:\/\/alvi.centrojuanaazurduy.org\/index.php\/wp-json\/wp\/v2\/posts\/3873\/revisions\/5030"}],"wp:attachment":[{"href":"https:\/\/alvi.centrojuanaazurduy.org\/index.php\/wp-json\/wp\/v2\/media?parent=3873"}],"wp:term":[{"taxonomy":"category","embeddable":true,"href":"https:\/\/alvi.centrojuanaazurduy.org\/index.php\/wp-json\/wp\/v2\/categories?post=3873"},{"taxonomy":"post_tag","embeddable":true,"href":"https:\/\/alvi.centrojuanaazurduy.org\/index.php\/wp-json\/wp\/v2\/tags?post=3873"}],"curies":[{"name":"wp","href":"https:\/\/api.w.org\/{rel}","templated":true}]}}