{"id":3868,"date":"2021-01-09T19:24:49","date_gmt":"2021-01-09T23:24:49","guid":{"rendered":"http:\/\/gavvi.monstruoestudio.com\/?p=3868"},"modified":"2021-06-04T15:55:54","modified_gmt":"2021-06-04T19:55:54","slug":"3-1-primera-fase-referencia-y-promocion-de-la-denuncia","status":"publish","type":"post","link":"https:\/\/alvi.centrojuanaazurduy.org\/index.php\/3-1-primera-fase-referencia-y-promocion-de-la-denuncia\/","title":{"rendered":"3.1. PRIMERA FASE: REFERENCIA Y PROMOCI\u00d3N DE LA DENUNCIA"},"content":{"rendered":"\t\t<div data-elementor-type=\"wp-post\" data-elementor-id=\"3868\" class=\"elementor elementor-3868\" data-elementor-settings=\"[]\">\n\t\t\t\t\t\t<div class=\"elementor-inner\">\n\t\t\t\t\t\t\t<div class=\"elementor-section-wrap\">\n\t\t\t\t\t\t\t<section class=\"elementor-section elementor-top-section elementor-element elementor-element-ad079b2 elementor-section-boxed elementor-section-height-default elementor-section-height-default\" data-id=\"ad079b2\" data-element_type=\"section\">\n\t\t\t\t\t\t<div class=\"elementor-container elementor-column-gap-default\">\n\t\t\t\t\t\t\t<div class=\"elementor-row\">\n\t\t\t\t\t<div class=\"elementor-column elementor-col-100 elementor-top-column elementor-element elementor-element-ca93cb5\" data-id=\"ca93cb5\" data-element_type=\"column\">\n\t\t\t<div class=\"elementor-column-wrap elementor-element-populated\">\n\t\t\t\t\t\t\t<div class=\"elementor-widget-wrap\">\n\t\t\t\t\t\t<div class=\"elementor-element elementor-element-3733d8a elementor-widget elementor-widget-theme-post-title elementor-page-title elementor-widget-heading\" data-id=\"3733d8a\" data-element_type=\"widget\" data-widget_type=\"theme-post-title.default\">\n\t\t\t\t<div class=\"elementor-widget-container\">\n\t\t\t<h1 class=\"elementor-heading-title elementor-size-default\">3.1. PRIMERA FASE: REFERENCIA Y PROMOCI\u00d3N DE LA DENUNCIA<\/h1>\t\t<\/div>\n\t\t\t\t<\/div>\n\t\t\t\t\t\t<\/div>\n\t\t\t\t\t<\/div>\n\t\t<\/div>\n\t\t\t\t\t\t\t\t<\/div>\n\t\t\t\t\t<\/div>\n\t\t<\/section>\n\t\t\t\t<section class=\"elementor-section elementor-top-section elementor-element elementor-element-ae53211 elementor-section-boxed elementor-section-height-default elementor-section-height-default\" data-id=\"ae53211\" data-element_type=\"section\">\n\t\t\t\t\t\t<div class=\"elementor-container elementor-column-gap-default\">\n\t\t\t\t\t\t\t<div class=\"elementor-row\">\n\t\t\t\t\t<div class=\"elementor-column elementor-col-100 elementor-top-column elementor-element elementor-element-a56cd9c\" data-id=\"a56cd9c\" data-element_type=\"column\">\n\t\t\t<div class=\"elementor-column-wrap elementor-element-populated\">\n\t\t\t\t\t\t\t<div class=\"elementor-widget-wrap\">\n\t\t\t\t\t\t<div class=\"elementor-element elementor-element-b0f7257 elementor-widget elementor-widget-text-editor\" data-id=\"b0f7257\" data-element_type=\"widget\" data-widget_type=\"text-editor.default\">\n\t\t\t\t<div class=\"elementor-widget-container\">\n\t\t\t\t\t<div class=\"elementor-text-editor elementor-clearfix\"><div class=\"page\" title=\"Page 157\"><div class=\"section\"><div class=\"layoutArea\"><div class=\"column\"><p>La primera fase consiste en brindar atencio\u0301n en el primer contacto, auxilio y proteccio\u0301n interdisciplinaria (legal, psicolo\u0301gica, social, me\u0301dica, etc.) a la vi\u0301ctima directa (persona directamente afectada por el delito), asi\u0301 como a las vi\u0301ctimas indirectas (familiares cercanos), que se encuentren afectadas por una situacio\u0301n de violencia y la promocio\u0301n de la denuncia.<\/p><p>La atencio\u0301n a vi\u0301ctimas consiste en una serie de acciones relacionadas entre si\u0301, que se desarrollan secuencial o paralelamente, de manera integral y tiene por objetivo, contener los efectos de la victimizacio\u0301n, a trave\u0301s de: i) la atencio\u0301n oportuna de sus necesidades juri\u0301dicas, me\u0301dicas, psicolo\u0301gicas, sociales u otras, buscando su restablecimiento, ofrecie\u0301ndole seguridad, confianza y proteccio\u0301n; ii) la promocio\u0301n de la denuncia y iii) el acompan\u0303amiento y seguimiento efectivo a la vi\u0301ctima.<\/p><p>En consecuencia, debe tomarse en cuenta que la atencio\u0301n a vi\u0301ctimas, en especial de las Instancias Promotoras de la Denuncia no se agota en esta fase, pues debe brindarse durante todas las etapas del proceso y momentos que e\u0301sta requiera.<\/p><div class=\"page\" title=\"Page 157\"><div class=\"section\"><div class=\"layoutArea\"><div class=\"column\"><p><span style=\"color: #43358b;\"><strong>\u00bfQuie\u0301nes intervienen?<\/strong><\/span><\/p><p>En el marco legal vigente, se distinguen tres instancias intervinientes:<\/p><ol><li><p>Instituciones que deben referir\/denunciar casos de violencia.<\/p><\/li><li><p>Instancias Promotoras de Denuncia, que deben brindar la atencio\u0301n en el primer contacto, presentar la denuncia y realizar el acompan\u0303amiento.<\/p><\/li><\/ol><div class=\"page\" title=\"Page 157\"><div class=\"section\"><div class=\"layoutArea\"><div class=\"column\"><p>Instituciones que deben referir\/denunciar casos de violencia<\/p><ul><li><p><strong>Servicios de Salud:<\/strong> realizan la atencio\u0301n de emergencia y refieren el caso al Ministerio Pu\u0301blico. El servicio de salud convoca a las instancias pertinentes para brindar auxilio, atencio\u0301n y proteccio\u0301n a la vi\u0301ctima de violencia.<\/p><\/li><li><p><strong>Direcciones Departamentales de Educacio\u0301n:<\/strong> conocido el hecho lo denuncian al Ministerio Pu\u0301blico.<\/p><\/li><li><p><strong>Tribunal Supremo Electoral y Tribunales Departamentales Electorales: <\/strong>conocido el hecho remiten antecedentes al Ministerio Pu\u0301blico en casos de acoso y violencia poli\u0301tica contra las mujeres.<\/p><\/li><li><p><strong>Defensori\u0301a del Pueblo:<\/strong> ante un hecho de violencia pone el mismo en conocimiento del Ministerio Pu\u0301blico.<\/p><\/li><li><p><strong style=\"font-size: 16px;\">Instancias de procesamiento administrativo o disciplinario:<\/strong><span style=\"font-size: 16px;\"> en conocimiento de delitos de violencia deben remitir antecedentes al Ministerio Pu\u0301blico.<\/span><\/p><\/li><\/ul><div class=\"page\" title=\"Page 158\"><div class=\"section\"><div class=\"layoutArea\"><div class=\"column\"><p><span style=\"color: #43358b;\"><strong>Instancias promotoras de denuncia<\/strong><\/span><\/p><p>A fin de promover la denuncia, la vi\u0301ctima directa o indirecta podra\u0301 acudir a las siguientes instituciones:<\/p><ul><li><p>Defensori\u0301as de la Nin\u0303ez y Adolescencia (DNA), cuando la persona agredida tenga hasta los 18 an\u0303os cumplidos.<\/p><\/li><li><p>Servicios Legales Integrales Municipales (SLIM), cuando la persona agredida sea mujer mayor de 18 an\u0303os.<\/p><\/li><li><p>Servicios Integrados de Justicia Plurinacional (SIJPLU), cuando la persona agredida es vi\u0301ctima de violencia.<\/p><\/li><li><p>Servicio Plurinacional de Defensa de la Vi\u0301ctima (SEPDAVI), cuando la persona agredida es vi\u0301ctima de violencia, de escasos recursos econo\u0301micos y que no cuente con patrocinio legal particular.<\/p><\/li><li><p>Autoridades Indi\u0301gena Originario Campesinas, cuando la persona agredida es vi\u0301ctima de violencia dentro de su jurisdiccio\u0301n.<\/p><p>\u00a0<\/p><\/li><\/ul><p>Si bien la Ley No. 348 no incluye entre las Instancias Promotoras de Denuncia a las organizaciones de la sociedad civil y promotoras comunitarias al no tratarse de instituciones pu\u0301blicas, debe tomarse en cuenta que varias de ellas brindan apoyo psico-socio-legal a la vi\u0301ctima de violencia nin\u0303as, nin\u0303os, adolescentes y mujeres, por lo que, es indispensable establecer mecanismos de coordinacio\u0301n con ellas.<\/p><p>Por su parte, la Ley No. 1173 ampli\u0301a los niveles de participacio\u0301n de la sociedad civil especializada, la cual a solicitud expresa de la vi\u0301ctima podra\u0301 apersonarse ante la Polici\u0301a Boliviana, Ministerio Pu\u0301blico o la autoridad judicial competente y coadyuvar en los actos procesales, en resguardo de los derechos de la vi\u0301ctima y del cumplimiento de la debida diligencia en los procesos penales por delitos de violencia, pudiendo participar en audiencias, incluso si e\u0301stas fueran declaradas en reserva y brindar cualquier tipo de apoyo a las vi\u0301ctimas.<\/p><\/div><\/div><\/div><\/div><\/div><\/div><\/div><\/div><\/div><\/div><\/div><\/div><\/div><\/div><\/div><\/div><\/div>\n\t\t\t\t<\/div>\n\t\t\t\t<\/div>\n\t\t\t\t\t\t<\/div>\n\t\t\t\t\t<\/div>\n\t\t<\/div>\n\t\t\t\t\t\t\t\t<\/div>\n\t\t\t\t\t<\/div>\n\t\t<\/section>\n\t\t\t\t<section class=\"elementor-section elementor-top-section elementor-element elementor-element-527c447 elementor-section-boxed elementor-section-height-default elementor-section-height-default\" data-id=\"527c447\" data-element_type=\"section\" data-settings=\"{&quot;background_background&quot;:&quot;classic&quot;}\">\n\t\t\t\t\t\t<div class=\"elementor-container elementor-column-gap-default\">\n\t\t\t\t\t\t\t<div class=\"elementor-row\">\n\t\t\t\t\t<div class=\"elementor-column elementor-col-100 elementor-top-column elementor-element elementor-element-eae46f3\" data-id=\"eae46f3\" data-element_type=\"column\">\n\t\t\t<div class=\"elementor-column-wrap elementor-element-populated\">\n\t\t\t\t\t\t\t<div class=\"elementor-widget-wrap\">\n\t\t\t\t\t\t<div class=\"elementor-element elementor-element-cb8396e elementor-widget elementor-widget-text-editor\" data-id=\"cb8396e\" data-element_type=\"widget\" data-widget_type=\"text-editor.default\">\n\t\t\t\t<div class=\"elementor-widget-container\">\n\t\t\t\t\t<div class=\"elementor-text-editor elementor-clearfix\"><div class=\"page\" title=\"Page 158\"><div class=\"section\"><div class=\"layoutArea\"><div class=\"column\"><p><strong>Primer contacto con la vi\u0301ctima<\/strong><\/p><\/div><\/div><\/div><\/div><\/div>\n\t\t\t\t<\/div>\n\t\t\t\t<\/div>\n\t\t\t\t\t\t<\/div>\n\t\t\t\t\t<\/div>\n\t\t<\/div>\n\t\t\t\t\t\t\t\t<\/div>\n\t\t\t\t\t<\/div>\n\t\t<\/section>\n\t\t\t\t<section class=\"elementor-section elementor-top-section elementor-element elementor-element-1481b9d elementor-section-boxed elementor-section-height-default elementor-section-height-default\" data-id=\"1481b9d\" data-element_type=\"section\">\n\t\t\t\t\t\t<div class=\"elementor-container elementor-column-gap-default\">\n\t\t\t\t\t\t\t<div class=\"elementor-row\">\n\t\t\t\t\t<div class=\"elementor-column elementor-col-100 elementor-top-column elementor-element elementor-element-6046d88\" data-id=\"6046d88\" data-element_type=\"column\">\n\t\t\t<div class=\"elementor-column-wrap elementor-element-populated\">\n\t\t\t\t\t\t\t<div class=\"elementor-widget-wrap\">\n\t\t\t\t\t\t<div class=\"elementor-element elementor-element-1abb6ad elementor-widget elementor-widget-text-editor\" data-id=\"1abb6ad\" data-element_type=\"widget\" data-widget_type=\"text-editor.default\">\n\t\t\t\t<div class=\"elementor-widget-container\">\n\t\t\t\t\t<div class=\"elementor-text-editor elementor-clearfix\"><div class=\"page\" title=\"Page 158\"><div class=\"section\"><div class=\"layoutArea\"><div class=\"column\"><p>De manera general, toda instancia que tuviera el primer contacto con la vi\u0301ctima debera\u0301 enmarcar sus acciones en la previsio\u0301n de lo establecido en el marco legal vigente, brindando apoyo, trato digno, sensible y respetuoso, acorde a su situacio\u0301n, facilitando al ma\u0301ximo, las gestiones que deban realizar, priorizando sus necesidades ma\u0301s apremiantes y sin incurrir en actos de revictimizacio\u0301n.<\/p><\/div><\/div><\/div><\/div><\/div>\n\t\t\t\t<\/div>\n\t\t\t\t<\/div>\n\t\t\t\t\t\t<\/div>\n\t\t\t\t\t<\/div>\n\t\t<\/div>\n\t\t\t\t\t\t\t\t<\/div>\n\t\t\t\t\t<\/div>\n\t\t<\/section>\n\t\t\t\t<section class=\"elementor-section elementor-top-section elementor-element elementor-element-ee7e4d5 elementor-section-boxed elementor-section-height-default elementor-section-height-default\" data-id=\"ee7e4d5\" data-element_type=\"section\">\n\t\t\t\t\t\t<div class=\"elementor-container elementor-column-gap-default\">\n\t\t\t\t\t\t\t<div class=\"elementor-row\">\n\t\t\t\t\t<div class=\"elementor-column elementor-col-100 elementor-top-column elementor-element elementor-element-142240b\" data-id=\"142240b\" data-element_type=\"column\">\n\t\t\t<div class=\"elementor-column-wrap elementor-element-populated\">\n\t\t\t\t\t\t\t<div class=\"elementor-widget-wrap\">\n\t\t\t\t\t\t<div class=\"elementor-element elementor-element-3cebb58 elementor-widget elementor-widget-heading\" data-id=\"3cebb58\" data-element_type=\"widget\" data-widget_type=\"heading.default\">\n\t\t\t\t<div class=\"elementor-widget-container\">\n\t\t\t<h2 class=\"elementor-heading-title elementor-size-default\">3.1.1 FUNCIONES DE LAS INSTITUCIONES QUE DEBEN REFERIR\/ DENUNCIAR HECHOS DE VIOLENCIA F\u00cdSICA, PSICOL\u00d3GICA O SEXUAL<\/h2>\t\t<\/div>\n\t\t\t\t<\/div>\n\t\t\t\t\t\t<\/div>\n\t\t\t\t\t<\/div>\n\t\t<\/div>\n\t\t\t\t\t\t\t\t<\/div>\n\t\t\t\t\t<\/div>\n\t\t<\/section>\n\t\t\t\t<section class=\"elementor-section elementor-top-section elementor-element elementor-element-87bb19b elementor-section-boxed elementor-section-height-default elementor-section-height-default\" data-id=\"87bb19b\" data-element_type=\"section\" data-settings=\"{&quot;background_background&quot;:&quot;classic&quot;}\">\n\t\t\t\t\t\t<div class=\"elementor-container elementor-column-gap-default\">\n\t\t\t\t\t\t\t<div class=\"elementor-row\">\n\t\t\t\t\t<div class=\"elementor-column elementor-col-100 elementor-top-column elementor-element elementor-element-79f58b3\" data-id=\"79f58b3\" data-element_type=\"column\">\n\t\t\t<div class=\"elementor-column-wrap elementor-element-populated\">\n\t\t\t\t\t\t\t<div class=\"elementor-widget-wrap\">\n\t\t\t\t\t\t<div class=\"elementor-element elementor-element-6339133 elementor-widget elementor-widget-text-editor\" data-id=\"6339133\" data-element_type=\"widget\" data-widget_type=\"text-editor.default\">\n\t\t\t\t<div class=\"elementor-widget-container\">\n\t\t\t\t\t<div class=\"elementor-text-editor elementor-clearfix\"><div class=\"page\" title=\"Page 158\"><div class=\"section\"><div class=\"layoutArea\"><div class=\"column\"><div class=\"page\" title=\"Page 159\"><div class=\"section\"><div class=\"layoutArea\"><div class=\"column\"><p><strong>Unidades educativas fiscales, privadas y de convenio<\/strong><\/p><\/div><\/div><\/div><\/div><\/div><\/div><\/div><\/div><\/div>\n\t\t\t\t<\/div>\n\t\t\t\t<\/div>\n\t\t\t\t\t\t<\/div>\n\t\t\t\t\t<\/div>\n\t\t<\/div>\n\t\t\t\t\t\t\t\t<\/div>\n\t\t\t\t\t<\/div>\n\t\t<\/section>\n\t\t\t\t<section class=\"elementor-section elementor-top-section elementor-element elementor-element-f0ac4f5 elementor-section-boxed elementor-section-height-default elementor-section-height-default\" data-id=\"f0ac4f5\" data-element_type=\"section\">\n\t\t\t\t\t\t<div class=\"elementor-container elementor-column-gap-default\">\n\t\t\t\t\t\t\t<div class=\"elementor-row\">\n\t\t\t\t\t<div class=\"elementor-column elementor-col-100 elementor-top-column elementor-element elementor-element-afdc9cc\" data-id=\"afdc9cc\" data-element_type=\"column\">\n\t\t\t<div class=\"elementor-column-wrap elementor-element-populated\">\n\t\t\t\t\t\t\t<div class=\"elementor-widget-wrap\">\n\t\t\t\t\t\t<div class=\"elementor-element elementor-element-dc6a2b0 elementor-widget elementor-widget-text-editor\" data-id=\"dc6a2b0\" data-element_type=\"widget\" data-widget_type=\"text-editor.default\">\n\t\t\t\t<div class=\"elementor-widget-container\">\n\t\t\t\t\t<div class=\"elementor-text-editor elementor-clearfix\"><div class=\"page\" title=\"Page 158\"><div class=\"section\"><div class=\"layoutArea\"><div class=\"column\"><div class=\"page\" title=\"Page 159\"><div class=\"section\"><div class=\"layoutArea\"><div class=\"column\"><p>Ante un hecho de violencia en unidades educativas fiscales, privadas y de convenio debe aplicarse el \u201cProtocolo de Prevencio\u0301n y Actuacio\u0301n y Denuncia por casos de Violencia Fi\u0301sica, Psicolo\u0301gica y Sexual en las Unidades Educativas\u201d, en el que se encuentran las directrices para la deteccio\u0301n, atencio\u0301n, contencio\u0301n, denuncia y proteccio\u0301n. (Ver lista en el Anexo 8), segu\u0301n el cual deben seguirse las siguientes directrices<\/p><table cellspacing=\"0\" cellpadding=\"0\"><tbody><tr><td valign=\"middle\"><p><span style=\"color: #000000; font-family: Ubuntu; font-size: xx-large;\"><b>1<\/b><\/span><\/p><\/td><td valign=\"middle\"><p><span style=\"color: #000000; font-family: Ubuntu; font-size: small;\">El personal docente, administrativo o de apoyo profesional, habiendo detectado hechos de violencia contra la vida, la integridad f\u00edsica, psicol\u00f3gica y\/o sexual de ni\u00f1as, ni\u00f1os y adolescentes estudiantes, deben reportarlo inmediatamente a la autoridad del establecimiento para su comunicaci\u00f3n al Director o Directora Distrital, de lo contrario, ser\u00e1 pasible a sanciones legales conforme establece la Ley No. 348 (Art. 19. III) debiendo solicitar la intervenci\u00f3n de la DNA para que brinden el apoyo integral a la v\u00edctima.<span class=\"Apple-converted-space\">\u00a0<\/span><\/span><\/p><\/td><\/tr><tr><td valign=\"middle\"><p><span style=\"color: #000000; font-family: Ubuntu; font-size: xx-large;\"><b>2<\/b><\/span><\/p><\/td><td valign=\"middle\"><p><span style=\"color: #000000; font-family: Ubuntu; font-size: small;\">La o el Director Distrital deber\u00e1 poner en conocimiento de la o el Director Departamental, quien a trav\u00e9s de los\/as Abogados\/ as Defensores\/as deber\u00e1 presentar la denuncia ante el Ministerio P\u00fablico y\/o querellarse en todos aquellos procesos seguidos en contra de directoras\/directores, maestras\/ maestros o personal administrativo del Sistema Educativo Plurinacional que hubiesen sido sindicados de la comisi\u00f3n de estos delitos, debiendo proseguir las acciones penales hasta su conclusi\u00f3n.<span class=\"Apple-converted-space\">\u00a0<\/span><\/span><\/p><\/td><\/tr><tr><td valign=\"middle\"><p><span style=\"color: #000000; font-family: Ubuntu; font-size: xx-large;\"><b>3<\/b><\/span><\/p><\/td><td valign=\"middle\"><p><span style=\"color: #000000; font-family: Ubuntu; font-size: small;\">La o el director, docente o administrativo que fuera imputado formalmente por la comisi\u00f3n de delitos de agresi\u00f3n y violencia sexual en contra de las ni\u00f1as, ni\u00f1os y adolescentes estudiantes, ser\u00e1 suspendido de sus funciones sin goce de haberes, mientras dure el proceso penal correspondiente, como medida de seguridad y protecci\u00f3n del estudiante. Asimismo, aquellos que cuenten con Resoluci\u00f3n Sancionatoria o Sentencia Condenatoria Ejecutoriada ser\u00e1n destituidos y se incluir\u00e1 en su Registro Docente Administrativo. (Decreto Supremo No. 1320, Resoluci\u00f3n Ministerial 148\/2014).<\/span><\/p><\/td><\/tr><tr><td valign=\"middle\"><p><span style=\"color: #000000; font-family: Ubuntu; font-size: xx-large;\"><b>4<\/b><\/span><\/p><\/td><td valign=\"middle\"><p><span style=\"color: #000000; font-family: Ubuntu; font-size: small;\">Las y los Directores Distritales de Educaci\u00f3n de manera simult\u00e1nea tienen la obligaci\u00f3n de iniciar procesos administrativos en el marco del Reglamento de Faltas y Sanciones vigente. (Decreto Supremo No. 813, Resoluci\u00f3n Suprema No. 212414).<span class=\"Apple-converted-space\">\u00a0<\/span><\/span><\/p><\/td><\/tr><\/tbody><\/table><\/div><div class=\"page\" title=\"Page 160\"><div class=\"section\"><div class=\"layoutArea\"><div class=\"column\"><p>En caso de ausencia de estas instancias de denuncia en el municipio se podra\u0301 acudir a las autoridades ma\u0301s cercanas o recurrir a las autoridades administrativas, comunales o indi\u0301gena originario campesinas para que el hecho sea puesto en conocimiento de las autoridades fiscales o policiales ma\u0301s cercanas.<\/p><\/div><\/div><\/div><\/div><\/div><\/div><\/div><\/div><\/div><\/div><\/div><\/div>\n\t\t\t\t<\/div>\n\t\t\t\t<\/div>\n\t\t\t\t\t\t<\/div>\n\t\t\t\t\t<\/div>\n\t\t<\/div>\n\t\t\t\t\t\t\t\t<\/div>\n\t\t\t\t\t<\/div>\n\t\t<\/section>\n\t\t\t\t<section class=\"elementor-section elementor-top-section elementor-element elementor-element-d40b339 elementor-section-boxed elementor-section-height-default elementor-section-height-default\" data-id=\"d40b339\" data-element_type=\"section\" data-settings=\"{&quot;background_background&quot;:&quot;classic&quot;}\">\n\t\t\t\t\t\t<div class=\"elementor-container elementor-column-gap-default\">\n\t\t\t\t\t\t\t<div class=\"elementor-row\">\n\t\t\t\t\t<div class=\"elementor-column elementor-col-100 elementor-top-column elementor-element elementor-element-1578795\" data-id=\"1578795\" data-element_type=\"column\">\n\t\t\t<div class=\"elementor-column-wrap elementor-element-populated\">\n\t\t\t\t\t\t\t<div class=\"elementor-widget-wrap\">\n\t\t\t\t\t\t<div class=\"elementor-element elementor-element-072f438 elementor-widget elementor-widget-text-editor\" data-id=\"072f438\" data-element_type=\"widget\" data-widget_type=\"text-editor.default\">\n\t\t\t\t<div class=\"elementor-widget-container\">\n\t\t\t\t\t<div class=\"elementor-text-editor elementor-clearfix\"><div class=\"page\" title=\"Page 158\"><div class=\"section\"><div class=\"layoutArea\"><div class=\"column\"><div class=\"page\" title=\"Page 159\"><div class=\"section\"><div class=\"layoutArea\"><div class=\"column\"><p><strong>Sistema de salud<\/strong><\/p><\/div><\/div><\/div><\/div><\/div><\/div><\/div><\/div><\/div>\n\t\t\t\t<\/div>\n\t\t\t\t<\/div>\n\t\t\t\t\t\t<\/div>\n\t\t\t\t\t<\/div>\n\t\t<\/div>\n\t\t\t\t\t\t\t\t<\/div>\n\t\t\t\t\t<\/div>\n\t\t<\/section>\n\t\t\t\t<section class=\"elementor-section elementor-top-section elementor-element elementor-element-0bab261 elementor-section-boxed elementor-section-height-default elementor-section-height-default\" data-id=\"0bab261\" data-element_type=\"section\">\n\t\t\t\t\t\t<div class=\"elementor-container elementor-column-gap-default\">\n\t\t\t\t\t\t\t<div class=\"elementor-row\">\n\t\t\t\t\t<div class=\"elementor-column elementor-col-100 elementor-top-column elementor-element elementor-element-d09c1bb\" data-id=\"d09c1bb\" data-element_type=\"column\">\n\t\t\t<div class=\"elementor-column-wrap elementor-element-populated\">\n\t\t\t\t\t\t\t<div class=\"elementor-widget-wrap\">\n\t\t\t\t\t\t<div class=\"elementor-element elementor-element-471a4d3 elementor-widget elementor-widget-text-editor\" data-id=\"471a4d3\" data-element_type=\"widget\" data-widget_type=\"text-editor.default\">\n\t\t\t\t<div class=\"elementor-widget-container\">\n\t\t\t\t\t<div class=\"elementor-text-editor elementor-clearfix\"><div class=\"page\" title=\"Page 158\"><div class=\"section\"><div class=\"layoutArea\"><div class=\"column\"><div class=\"page\" title=\"Page 159\"><div class=\"section\"><div class=\"layoutArea\"><div class=\"column\"><div class=\"page\" title=\"Page 160\"><div class=\"section\"><div class=\"layoutArea\"><div class=\"column\"><p>De acuerdo a la Ley No. 348 (Art. 20.4) el Sistema de Salud Pu\u0301blico, seguro social a corto plazo y privado, debe responder con atencio\u0301n me\u0301dica y psicolo\u0301gica de emergencia, tratamiento inmediato para el restablecimiento de la salud fi\u0301sica y emocional de las mujeres que se encuentran en situacio\u0301n de riesgo y\/o violencia; en la prestacio\u0301n de salud gratuita para la atencio\u0301n de mujeres vi\u0301ctimas de violencia al momento de la implementacio\u0301n del Seguro Universal de Salud, quedando prohibida la negacio\u0301n de atencio\u0301n. A continuacio\u0301n las directrices generales de actuacio\u0301n:<\/p><table cellspacing=\"0\" cellpadding=\"0\"><tbody><tr><td valign=\"middle\"><p><span style=\"color: #000000; font-family: Ubuntu; font-size: xx-large;\"><b>1<\/b><\/span><\/p><\/td><td valign=\"middle\"><p><span style=\"color: #000000; font-family: Ubuntu; font-size: small;\">Cuando una v\u00edctima acuda directamente a un servicio del sistema de salud p\u00fablico o del seguro social a corto plazo, sin que se haya presentado la denuncia previamente, para ser atendida por haber sufrido una agresi\u00f3n f\u00edsica o sexual, el personal respectivo deber\u00e1 proceder a la atenci\u00f3n de la v\u00edctima de acuerdo a las normas de salud sin necesidad de ninguna formalidad. (Ver lista en el Anexo 8).<span class=\"Apple-converted-space\">\u00a0<\/span><\/span><\/p><\/td><\/tr><tr><td valign=\"middle\"><p><span style=\"color: #000000; font-family: Ubuntu; font-size: xx-large;\"><b>2<\/b><\/span><\/p><\/td><td valign=\"middle\"><p><span style=\"color: #000000; font-family: Ubuntu; font-size: small;\">Posteriormente, deber\u00e1n derivar a la v\u00edctima al Ministerio P\u00fablico, en su ausencia a la Polic\u00eda o a los servicios de atenci\u00f3n integral (SLIM, DNA, SIJPLU, SEPDAVI) existentes o a los m\u00e1s cercanos al lugar.<span class=\"Apple-converted-space\">\u00a0<\/span><\/span><\/p><\/td><\/tr><tr><td valign=\"middle\"><p><span style=\"color: #000000; font-family: Ubuntu; font-size: xx-large;\"><b>3<\/b><\/span><\/p><\/td><td valign=\"middle\"><p><span style=\"color: #000000; font-family: Ubuntu; font-size: small;\">Tambi\u00e9n es posible que una v\u00edctima llegue al servicio de salud despu\u00e9s de haber presentado la denuncia, mediante la referencia de una instituci\u00f3n promotora o receptora de la denuncia, en cuyo caso se proceder\u00e1 de la misma manera.<span class=\"Apple-converted-space\">\u00a0<\/span><\/span><\/p><\/td><\/tr><tr><td valign=\"middle\"><p><span style=\"color: #000000; font-family: Ubuntu; font-size: xx-large;\"><b>4<\/b><\/span><\/p><\/td><td valign=\"middle\"><p><span style=\"color: #000000; font-family: Ubuntu; font-size: small;\">En ambos casos, la o el profesional en salud <b>NO SOLICITAR\u00c1 REQUERIMIENTO FISCAL NI ORDEN JUDICIAL NI OTRO DOCUMENTO PARA BRINDAR ATENCI\u00d3N A LA V\u00cdCTIMA y EMITIR\u00c1 DE FORMA OBLIGATORIA E INMEDIATA EL CERTIFICADO M\u00c9DICO \u00daNICO DE VIOLENCIA (Art. 393 noveter del CPP)<\/b>.<span class=\"Apple-converted-space\">\u00a0<\/span><\/span><\/p><\/td><\/tr><tr><td valign=\"middle\"><p><span style=\"color: #000000; font-family: Ubuntu; font-size: xx-large;\"><b>5<\/b><\/span><\/p><\/td><td valign=\"middle\"><p><span style=\"color: #000000; font-family: Ubuntu; font-size: small;\">En caso de que la v\u00edctima de violencia acuda a un servicio de salud privado, requiriendo atenci\u00f3n de emergencia, se le deber\u00e1 brindar el mismo, anteponiendo la necesidad de salvaguardar la vida, integridad y salud de la v\u00edctima, sin perjuicio de que luego sea derivada a un servicio de salud p\u00fablico o seguro social a corto plazo, seg\u00fan corresponda, para su respectiva valoraci\u00f3n y certificaci\u00f3n.<span class=\"Apple-converted-space\">\u00a0<\/span><\/span><\/p><\/td><\/tr><\/tbody><\/table><\/div><\/div><\/div><\/div><\/div><\/div><\/div><\/div><\/div><\/div><\/div><\/div><\/div>\n\t\t\t\t<\/div>\n\t\t\t\t<\/div>\n\t\t\t\t\t\t<\/div>\n\t\t\t\t\t<\/div>\n\t\t<\/div>\n\t\t\t\t\t\t\t\t<\/div>\n\t\t\t\t\t<\/div>\n\t\t<\/section>\n\t\t\t\t<section class=\"elementor-section elementor-top-section elementor-element elementor-element-35de657 elementor-section-boxed elementor-section-height-default elementor-section-height-default\" data-id=\"35de657\" data-element_type=\"section\">\n\t\t\t\t\t\t<div class=\"elementor-container elementor-column-gap-default\">\n\t\t\t\t\t\t\t<div class=\"elementor-row\">\n\t\t\t\t\t<div class=\"elementor-column elementor-col-100 elementor-top-column elementor-element elementor-element-27b1761\" data-id=\"27b1761\" data-element_type=\"column\">\n\t\t\t<div class=\"elementor-column-wrap elementor-element-populated\">\n\t\t\t\t\t\t\t<div class=\"elementor-widget-wrap\">\n\t\t\t\t\t\t<div class=\"elementor-element elementor-element-f712dbc elementor-widget elementor-widget-text-editor\" data-id=\"f712dbc\" data-element_type=\"widget\" data-widget_type=\"text-editor.default\">\n\t\t\t\t<div class=\"elementor-widget-container\">\n\t\t\t\t\t<div class=\"elementor-text-editor elementor-clearfix\"><div class=\"page\" title=\"Page 157\">\n<div class=\"section\">\n<div class=\"layoutArea\">\n<div class=\"column\">\n\n<span style=\"color: #43358b;\"><strong>\u00bf<span style=\"font-size: 16px;\">Atencio\u0301n de casos de violencia f\u00edsica en el sistema de salud<\/span>?<\/strong><\/span>\n<div class=\"page\" title=\"Page 157\">\n<div class=\"section\">\n<div class=\"layoutArea\">\n<div class=\"column\">\n<div class=\"page\" title=\"Page 157\">\n<div class=\"section\">\n<div class=\"layoutArea\">\n<div class=\"column\">\n<div class=\"page\" title=\"Page 158\">\n<div class=\"section\">\n<div class=\"layoutArea\">\n<div class=\"column\">\n<div class=\"page\" title=\"Page 161\">\n<div class=\"section\">\n<div class=\"layoutArea\">\n<div class=\"column\">\n\nLa valoracio\u0301n me\u0301dica en casos de violencia fi\u0301sica constituye una sucesio\u0301n de procedimientos en la atencio\u0301n que debe brindarse a las vi\u0301ctimas para establecer el perfil lesionolo\u0301gico corporal emergente de la agresio\u0301n fi\u0301sica y otros aspectos me\u0301dicos relacionados con el hecho. Todo procedimiento debe realizarse respetando la dignidad de la vi\u0301ctima y de acuerdo al Protocolo de Atencio\u0301n vigente para servicios de salud, que sen\u0303ala en li\u0301neas generales las siguientes actuaciones:\n<table cellspacing=\"0\" cellpadding=\"0\">\n<tbody>\n<tr>\n<td valign=\"middle\"><span style=\"color: #000000; font-family: Ubuntu; font-size: xx-large;\"><b>1<\/b><\/span><\/td>\n<td valign=\"middle\"><span style=\"color: #000000; font-family: Ubuntu; font-size: small;\">Debe procederse a la identificaci\u00f3n de la v\u00edctima mediante su documento de identidad, en caso de que no cuente con \u00e9l, debe registrarse este aspecto y tomar sus impresiones dactilares. E<b>N NUNG\u00daN CASO PODR\u00c1 DEJAR DE REALIZARSE LA VALORACI\u00d3N POR FALTA DEL DOCUMENTO DE IDENTIDAD.<span class=\"Apple-converted-space\">\u00a0<\/span><\/b><\/span><\/td>\n<\/tr>\n<tr>\n<td valign=\"middle\"><span style=\"color: #000000; font-family: Ubuntu; font-size: xx-large;\"><b>2<\/b><\/span><\/td>\n<td valign=\"middle\"><span style=\"color: #000000; font-family: Ubuntu; font-size: small;\">Se debe explicar a la v\u00edctima las actuaciones que se van a realizar y la utilidad de cada procedimiento, as\u00ed como su importancia para la investigaci\u00f3n y las consecuencias posibles en caso de no efectuarse, tambi\u00e9n deber\u00e1 inform\u00e1rsele que es necesario contar con su consentimiento, el cual deber\u00e1 ser firmado por ella. En caso de no estar de acuerdo con la valoraci\u00f3n, se deber\u00e1 hacer constar que la v\u00edctima no prest\u00f3 su consentimiento.<span class=\"Apple-converted-space\">\u00a0<\/span><\/span><\/td>\n<\/tr>\n<tr>\n<td valign=\"middle\"><span style=\"color: #000000; font-family: Ubuntu; font-size: xx-large;\"><b>3<\/b><\/span><\/td>\n<td valign=\"middle\"><span style=\"color: #000000; font-family: Ubuntu; font-size: small;\">Trat\u00e1ndose de ni\u00f1as, ni\u00f1os o adolescentes se requerir\u00e1 el consentimiento informado firmado por la madre, padre, otro familiar de confianza, tutor\/a o guardador\/a, en su ausencia puede ser el personal de la DNA, vel\u00e1ndose siempre por el inter\u00e9s superior de la ni\u00f1a, ni\u00f1o o adolescente y debiendo tomarse en cuenta la opini\u00f3n de la v\u00edctima de acuerdo a su edad, grado de madurez y nivel de comprensi\u00f3n<\/span><span style=\"color: #000000; font-family: Ubuntu; font-size: small;\"><a class=\"tooltips\" title=\"El art\u00edculo 12 de la Convenci\u00f3n sobre los Derechos del Ni\u00f1o establece el derecho del ni\u00f1o a expresar su opini\u00f3n libremente en \u201ctodos los asuntos que afectan al ni\u00f1o\u201d y a que se tengan debidamente en cuenta esas opiniones, teniendo en cuenta su edad y grado de madurez. Este criterio es recogido tambi\u00e9n en el Caso V.R.P., V.P.C. y otros Vs. Nicaragua en la jurisprudencia de la Corte IDH en la primera parte de este Protocolo.\"><sup>74<\/sup><\/a><\/span><span style=\"color: #000000; font-family: Ubuntu; font-size: small;\">.<span class=\"Apple-converted-space\">\u00a0<\/span><\/span><\/td>\n<\/tr>\n<tr>\n<td valign=\"middle\"><span style=\"color: #000000; font-family: Ubuntu; font-size: xx-large;\"><b>4<\/b><\/span><\/td>\n<td valign=\"middle\"><span style=\"color: #000000; font-family: Ubuntu; font-size: small;\">Trat\u00e1ndose de v\u00edctimas mayores de edad que presenten alg\u00fan grado de discapacidad que les impida comprender o dar su consentimiento libre e informado, se solicitar\u00e1 \u00e9ste a la madre, padre, otro familiar de confianza, tutor\/a o guardador\/a, en su ausencia puede ser el personal de la FELCV o cualquier instancia promotora.<span class=\"Apple-converted-space\">\u00a0<\/span><\/span><\/td>\n<\/tr>\n<tr>\n<td valign=\"middle\"><span style=\"color: #000000; font-family: Ubuntu; font-size: xx-large;\"><b>5<\/b><\/span><\/td>\n<td valign=\"middle\"><span style=\"color: #000000; font-family: Ubuntu; font-size: small;\">Es indispensable crear un clima de confianza y empat\u00eda, aplicando la escucha activa en todo momento, no debe incurrir en conductas revictimizantes como prejuzgar a la v\u00edctima, interrumpir su relato, cuestionar su vida \u00edntima o sexual, sobre exponerla o de cualquier forma afectar su intimidad o seguridad.<span class=\"Apple-converted-space\">\u00a0<\/span><\/span><\/td>\n<\/tr>\n<tr>\n<td valign=\"middle\"><span style=\"color: #000000; font-family: Ubuntu; font-size: xx-large;\"><b>6<\/b><\/span><\/td>\n<td valign=\"middle\"><span style=\"color: #000000; font-family: Ubuntu; font-size: small;\">En caso que la v\u00edctima no comprenda el idioma espa\u00f1ol deber\u00e1 procurase contar con un\/a int\u00e9rprete, de igual manera proporcionar asistencia individualizada para v\u00edctimas analfabetas y cuando use lengua de se\u00f1as, a fin de garantizar la plena comprensi\u00f3n de los procesos judiciales y cuasi judiciales<\/span><span style=\"color: #000000; font-family: Ubuntu; font-size: small;\"><a class=\"tooltips\" title=\"CEDAW. 2015. Recomendaci\u00f3n General 33. Recuperada en:\"><sup>75<\/sup><\/a><\/span><span style=\"color: #000000; font-family: Ubuntu; font-size: small;\">.<span class=\"Apple-converted-space\">\u00a0<\/span><\/span><\/td>\n<\/tr>\n<tr>\n<td valign=\"middle\"><span style=\"color: #000000; font-family: Ubuntu; font-size: xx-large;\"><b>7<\/b><\/span><\/td>\n<td valign=\"middle\"><span style=\"color: #000000; font-family: Ubuntu; font-size: small;\">Debe realizarse en un consultorio del servicio de salud bien iluminado y con ventilaci\u00f3n, adem\u00e1s de contar con los elementos b\u00e1sicos y dar privacidad a la v\u00edctima pudiendo ser acompa\u00f1ada por una persona de su confianza.<span class=\"Apple-converted-space\">\u00a0<\/span><\/span><\/td>\n<\/tr>\n<tr>\n<td valign=\"middle\"><span style=\"color: #000000; font-family: Ubuntu; font-size: xx-large;\"><b>8<\/b><\/span><\/td>\n<td valign=\"middle\"><span style=\"color: #000000; font-family: Ubuntu; font-size: small;\">Si la persona se encuentra en estado de crisis emocional que no permita realizar la valoraci\u00f3n, debe solicitarse apoyo psicol\u00f3gico; si no se cuenta con \u00e9ste, aplicar los procedimientos recomendados en este Protocolo.<span class=\"Apple-converted-space\">\u00a0<\/span><\/span><\/td>\n<\/tr>\n<tr>\n<td valign=\"middle\"><span style=\"color: #000000; font-family: Ubuntu; font-size: xx-large;\"><b>9<\/b><\/span><\/td>\n<td valign=\"middle\"><span style=\"color: #000000; font-family: Ubuntu; font-size: small;\">El examen m\u00e9dico se debe realizar previo consentimiento informado <\/span><span style=\"color: #000000; font-family: Ubuntu; font-size: small;\"><a class=\"tooltips\" title=\"Ver Caso I.V Vs. Bolivia en el marco normativo de este Protocolo.\"><sup>76<\/sup><\/a> <\/span><span style=\"color: #000000; font-family: Ubuntu; font-size: small;\">y de acuerdo al Protocolo de Atenci\u00f3n para Servicios de Salud (Ver lista del Anexo 8) y en el caso de hallazgos de lesiones estar\u00e1 centrado en establecer los siguientes aspectos:<span class=\"Apple-converted-space\">\u00a0<\/span><\/span>\n\n<span style=\"color: #000000; font-family: Ubuntu; font-size: small;\">a. Estudio y clasificaci\u00f3n o tipificaci\u00f3n de la lesi\u00f3n.\nb. Toma de fotograf\u00edas con testigo m\u00e9trico.\nc. Determinaci\u00f3n de los d\u00edas de incapacidad en funci\u00f3n de los Par\u00e1metros de Incapacidad M\u00e9dica.<span class=\"Apple-converted-space\">\u00a0<\/span><\/span><\/td>\n<\/tr>\n<tr>\n<td valign=\"middle\"><span style=\"color: #000000; font-family: Ubuntu; font-size: xx-large;\"><b>10<\/b><\/span><\/td>\n<td valign=\"middle\"><span style=\"color: #000000; font-family: Ubuntu; font-size: small;\">Al finalizar debe explicarse a la v\u00edctima o persona de su confianza la conclusi\u00f3n del examen, posibles interconsultas que requiera, seg\u00fan el caso y entregarle el Certificado M\u00e9dico \u00danico de Violencia. Sin perjuicio de ello, se podr\u00e1 entregar una copia del certificado a la instancia promotora, a la FELCV o al Ministerio P\u00fablico.<span class=\"Apple-converted-space\">\u00a0<\/span><\/span><\/td>\n<\/tr>\n<tr>\n<td valign=\"middle\"><span style=\"color: #000000; font-family: Ubuntu; font-size: xx-large;\"><b>11<\/b><\/span><\/td>\n<td valign=\"middle\"><span style=\"color: #000000; font-family: Ubuntu; font-size: small;\">Trat\u00e1ndose de ni\u00f1as, ni\u00f1os y adolescentes ser\u00e1n informados de acuerdo a su edad, grado de madurez y nivel de comprensi\u00f3n, de igual manera a la madre, padre, otro familiar de su confianza, tutor\/a o guardador\/a, en su ausencia puede ser el personal de la DNA.<span class=\"Apple-converted-space\">\u00a0<\/span><\/span><\/td>\n<\/tr>\n<tr>\n<td valign=\"middle\"><span style=\"color: #000000; font-family: Ubuntu; font-size: xx-large;\"><b>12<\/b><\/span><\/td>\n<td valign=\"middle\"><span style=\"color: #000000; font-family: Ubuntu; font-size: small;\">El Certificado M\u00e9dico \u00danico de Violencia, a trav\u00e9s de la interoperabilidad de sistemas, deber\u00e1 ser enviado de forma digital en el momento al Ministerio P\u00fablico y sin perjuicio alguno, se entregar\u00e1 un ejemplar a la v\u00edctima, de forma obligatoria y gratuita y sin necesidad de requerimiento fiscal.<span class=\"Apple-converted-space\">\u00a0<\/span><\/span><\/td>\n<\/tr>\n<tr>\n<td valign=\"middle\"><span style=\"color: #000000; font-family: Ubuntu; font-size: xx-large;\"><b>13<\/b><\/span><\/td>\n<td valign=\"middle\"><span style=\"color: #000000; font-family: Ubuntu; font-size: small;\">Las evidencias y muestras colectadas deben estar adecuadamente fijadas, embaladas y rotuladas antes de su entrega, adem\u00e1s de contar con el acta de toma de muestras y cadena de custodia, de acuerdo al Protocolo de Cadena de Custodia (Ver Lista del Anexo 8).<span class=\"Apple-converted-space\">\u00a0<\/span><\/span><\/td>\n<\/tr>\n<\/tbody>\n<\/table>\n<\/div>\n<\/div>\n<\/div>\n<\/div>\n<\/div>\n<\/div>\n<\/div>\n<\/div>\n<\/div>\n<\/div>\n<\/div>\n<\/div>\n<\/div>\n<\/div>\n<\/div>\n<\/div>\n<\/div>\n<\/div>\n<\/div>\n<\/div><\/div>\n\t\t\t\t<\/div>\n\t\t\t\t<\/div>\n\t\t\t\t\t\t<\/div>\n\t\t\t\t\t<\/div>\n\t\t<\/div>\n\t\t\t\t\t\t\t\t<\/div>\n\t\t\t\t\t<\/div>\n\t\t<\/section>\n\t\t\t\t<section class=\"elementor-section elementor-top-section elementor-element elementor-element-0690efa elementor-section-boxed elementor-section-height-default elementor-section-height-default\" data-id=\"0690efa\" data-element_type=\"section\">\n\t\t\t\t\t\t<div class=\"elementor-container elementor-column-gap-default\">\n\t\t\t\t\t\t\t<div class=\"elementor-row\">\n\t\t\t\t\t<div class=\"elementor-column elementor-col-100 elementor-top-column elementor-element elementor-element-572a0cf\" data-id=\"572a0cf\" data-element_type=\"column\">\n\t\t\t<div class=\"elementor-column-wrap elementor-element-populated\">\n\t\t\t\t\t\t\t<div class=\"elementor-widget-wrap\">\n\t\t\t\t\t\t<div class=\"elementor-element elementor-element-f7c44b4 elementor-widget elementor-widget-text-editor\" data-id=\"f7c44b4\" data-element_type=\"widget\" data-widget_type=\"text-editor.default\">\n\t\t\t\t<div class=\"elementor-widget-container\">\n\t\t\t\t\t<div class=\"elementor-text-editor elementor-clearfix\"><div class=\"page\" title=\"Page 157\"><div class=\"section\"><div class=\"layoutArea\"><div class=\"column\"><div class=\"page\" title=\"Page 164\"><div class=\"section\"><div class=\"layoutArea\"><div class=\"column\"><p><span style=\"color: #43358b;\"><strong>Atencio\u0301n me\u0301dica de casos de violencia sexual en el sistema de salud<\/strong><\/span><\/p><\/div><\/div><\/div><\/div><div class=\"page\" title=\"Page 157\"><div class=\"section\"><div class=\"layoutArea\"><div class=\"column\"><div class=\"page\" title=\"Page 157\"><div class=\"section\"><div class=\"layoutArea\"><div class=\"column\"><div class=\"page\" title=\"Page 158\"><div class=\"section\"><div class=\"layoutArea\"><div class=\"column\"><div class=\"page\" title=\"Page 161\"><div class=\"section\"><div class=\"layoutArea\"><div class=\"column\"><table cellspacing=\"0\" cellpadding=\"0\"><tbody><tr><td valign=\"middle\"><p><span style=\"color: #000000; font-family: Ubuntu; font-size: xx-large;\"><b>1<\/b><\/span><\/p><\/td><td valign=\"middle\"><p><span style=\"color: #000000; font-family: Ubuntu; font-size: small;\"><b><i>Atenci\u00f3n m\u00e9dica de emergencia<span class=\"Apple-converted-space\">\u00a0<\/span><\/i><\/b><\/span><\/p><p><span style=\"color: #000000; font-family: Ubuntu; font-size: small;\">Se brindar\u00e1 la atenci\u00f3n m\u00e9dica correspondiente, para atender las necesidades de la v\u00edctima, clasific\u00e1ndose como EMERGENCIA todos los casos de violencia sexual, priorizando la atenci\u00f3n por el personal m\u00e9dico, dentro o fuera de los establecimientos de salud. La atenci\u00f3n debe ser inmediata a efecto de la colecta de muestras biol\u00f3gicas.<span class=\"Apple-converted-space\">\u00a0<\/span><\/span><\/p><\/td><\/tr><tr><td valign=\"middle\"><p><span style=\"color: #000000; font-family: Ubuntu; font-size: xx-large;\"><b>2<\/b><\/span><\/p><\/td><td valign=\"middle\"><p><span style=\"color: #000000; font-family: Ubuntu; font-size: small;\"><b><i>Contenci\u00f3n emocional<span class=\"Apple-converted-space\">\u00a0<\/span><\/i><\/b><\/span><\/p><p><span style=\"color: #000000; font-family: Ubuntu; font-size: small;\">El personal de salud que entre en contacto con la v\u00edctima podr\u00e1 proporcionar contenci\u00f3n emocional tanto a ella como a su familia, cuando se encuentre en estado de crisis. La contenci\u00f3n constituye tambi\u00e9n un momento de ESCUCHA, para que la v\u00edctima hable o exprese lo que siente o piensa, las personas que est\u00e1n en ese momento brindando contenci\u00f3n NO pueden juzgar, ni culpabilizar a la v\u00edctima por lo sucedido, se debe tener mucho respeto, paciencia y responsabilidad con lo que se escucha, en el marco de la confidencialidad.<span class=\"Apple-converted-space\">\u00a0<\/span><\/span><\/p><\/td><\/tr><tr><td valign=\"middle\"><p><span style=\"color: #000000; font-family: Ubuntu; font-size: xx-large;\"><b>3<\/b><\/span><\/p><\/td><td valign=\"middle\"><p><span style=\"color: #000000; font-family: Ubuntu; font-size: small;\"><b><i>Procedimiento de atenci\u00f3n<span class=\"Apple-converted-space\">\u00a0<\/span><\/i><\/b><\/span><\/p><p><span style=\"color: #000000; font-family: Ubuntu; font-size: small;\">La valoraci\u00f3n m\u00e9dica de los delitos sexuales constituye una sucesi\u00f3n de procedimientos en la atenci\u00f3n que debe brindarse a las personas que han sido v\u00edctimas, precautelando la dignidad y privacidad de la v\u00edctima en todo momento.<span class=\"Apple-converted-space\">\u00a0<\/span><\/span><\/p><p><span style=\"color: #000000; font-family: Ubuntu; font-size: small;\">Para tal efecto, la o el profesional en salud informar\u00e1 de manera emp\u00e1tica y amigable a la v\u00edctima los procedimientos m\u00e9dicos a realizarse y contar\u00e1 con el consentimiento informado de la v\u00edctima previa valoraci\u00f3n m\u00e9dica, el que deber\u00e1 ser firmado por ella o su representante cuando se trate de ni\u00f1a, ni\u00f1o o adolescente.<span class=\"Apple-converted-space\">\u00a0<\/span><\/span><\/p><p><span style=\"color: #000000; font-family: Ubuntu; font-size: small;\">Se recomendar\u00e1 que se procure que la v\u00edctima pueda escoger el sexo de la o el profesional de salud que realizar\u00e1 la valoraci\u00f3n. Durante la atenci\u00f3n m\u00e9dica la v\u00edctima tiene derecho a ser acompa\u00f1ada por una persona de su confianza, si as\u00ed lo desea. En caso de que la v\u00edctima sea menor de edad, deber\u00e1 ser acompa\u00f1ada en todo momento por personal de la Defensor\u00eda de Ni\u00f1ez y Adolescencia u otro calificado para tal efecto.<span class=\"Apple-converted-space\">\u00a0<\/span><\/span><\/p><p><span style=\"color: #000000; font-family: Ubuntu; font-size: small;\"><b>TODOS LOS PROCEDIMIENTOS DEBEN REALIZARSE SIN NECESIDAD DE REQUERIMIENTO FISCAL<span class=\"Apple-converted-space\">\u00a0<\/span><\/b><\/span><\/p><p><span style=\"color: #000000; font-family: Ubuntu; font-size: small;\">Procedimientos generales:<span class=\"Apple-converted-space\">\u00a0<\/span><\/span><\/p><ul><li><span style=\"color: #000000; font-family: Ubuntu; font-size: small;\">a) \u00a0Anamnesis<span class=\"Apple-converted-space\">\u00a0<\/span><\/span><\/li><li><span style=\"color: #000000; font-family: Ubuntu; font-size: small;\">b) \u00a0Examen f\u00edsico general<span class=\"Apple-converted-space\">\u00a0<\/span><\/span><\/li><li><span style=\"color: #000000; font-family: Ubuntu; font-size: small;\">c) \u00a0Examen f\u00edsico segmentario<span class=\"Apple-converted-space\">\u00a0<\/span><\/span><\/li><li><span style=\"color: #000000; font-family: Ubuntu; font-size: small;\">d) \u00a0Examen para genital<span class=\"Apple-converted-space\">\u00a0<\/span><\/span><\/li><li><span style=\"color: #000000; font-family: Ubuntu; font-size: small;\">e) \u00a0Examen genital<span class=\"Apple-converted-space\">\u00a0<\/span><\/span><\/li><li><span style=\"color: #000000; font-family: Ubuntu; font-size: small;\">f) \u00a0Examen anal<span class=\"Apple-converted-space\">\u00a0<\/span><\/span><\/li><li><span style=\"color: #000000; font-family: Ubuntu; font-size: small;\">g) \u00a0Colecci\u00f3n de evidencias y muestras <br \/><\/span><\/li><\/ul><p><span style=\"color: #000000; font-family: Ubuntu; font-size: small;\">Si el hecho ocurri\u00f3 dentro de las 72 horas, el procedimiento a seguir ser\u00e1 el siguiente:<span class=\"Apple-converted-space\">\u00a0<\/span><\/span><\/p><ul><li><span style=\"color: #000000; font-family: Ubuntu; font-size: small;\">Realizar la colecci\u00f3n de evidencia y las muestras (biol\u00f3gicas y no biol\u00f3gicas).<span class=\"Apple-converted-space\">\u00a0<\/span><\/span><\/li><li><span style=\"color: #000000; font-family: Ubuntu; font-size: small;\">Realizar pruebas de laboratorio: Test de embarazo, prueba r\u00e1pida para VIH.<span class=\"Apple-converted-space\">\u00a0<\/span><\/span><\/li><li><span style=\"color: #000000; font-family: Ubuntu; font-size: small;\">Realizar pruebas de gabinete si el caso lo amerita.<span class=\"Apple-converted-space\">\u00a0<\/span><\/span><\/li><li><span style=\"color: #000000; font-family: Ubuntu; font-size: small;\">Proceder a la prevenci\u00f3n de ITS\/VIH y Hepatitis B (profilaxis post exposici\u00f3n).<span class=\"Apple-converted-space\">\u00a0<\/span><\/span><\/li><li><span style=\"color: #000000; font-family: Ubuntu; font-size: small;\">Realizar el tratamiento de traumatismos extragenitales, paragenitales y genitales.<span class=\"Apple-converted-space\">\u00a0<\/span><\/span><\/li><li><span style=\"color: #000000; font-family: Ubuntu; font-size: small;\">Realizar anticoncepci\u00f3n de emergencia.<span class=\"Apple-converted-space\">\u00a0<\/span><\/span><\/li><li><span style=\"color: #000000; font-family: Ubuntu; font-size: small;\">La o el profesional en salud deber\u00e1 <b>REALIZAR EL LLENADO DEL CERTIFICADO M\u00c9DICO \u00daNICO DE VIOLENCIA.<span class=\"Apple-converted-space\">\u00a0<\/span><\/b><\/span><\/li><\/ul><p><span style=\"color: #000000; font-family: Ubuntu; font-size: small;\"><br \/>Debe asegurarse la protecci\u00f3n f\u00edsica y emocional de la v\u00edctima, resguard\u00e1ndola de todo aquello que pudiese ponerla en peligro. Para ello, el personal de salud podr\u00e1 efectuar una valoraci\u00f3n de los riesgos y recomendar a la DNA, SLIM, Polic\u00eda Boliviana (FELCV), Ministerio P\u00fablico u otra autoridad competente la necesidad de disponer medidas de protecci\u00f3n a favor de la v\u00edctima. <br \/>Bajo ninguna circunstancia, los argumentos de la v\u00edctima deben ser cuestionados; por lo tanto, la o el profesional de salud estrictamente deber\u00e1 realizar preguntas abiertas, evitando juicios de valor, estereotipos, estigmatizaci\u00f3n o cualquier otra forma de violencia o discriminaci\u00f3n.<span class=\"Apple-converted-space\">\u00a0<\/span><\/span><\/p><p><span style=\"color: #000000; font-family: Ubuntu; font-size: small;\"><b>Si el hecho ocurri\u00f3 despu\u00e9s de las 72 horas, el procedimiento a seguir ser\u00e1 el siguiente:<span class=\"Apple-converted-space\">\u00a0<\/span><\/b><\/span><\/p><ul><li><span style=\"color: #000000; font-family: Ubuntu; font-size: small;\">Realizar los laboratorios para VIH (conformar estado serol\u00f3gico), prueba r\u00e1pida y repetir a los tres meses.<span class=\"Apple-converted-space\">\u00a0<\/span><\/span><\/li><li><span style=\"color: #000000; font-family: Ubuntu; font-size: small;\">Realizar el tratamiento de VIH, seg\u00fan norma del programa VIH.<span class=\"Apple-converted-space\">\u00a0<\/span><\/span><\/li><li><span style=\"color: #000000; font-family: Ubuntu; font-size: small;\">Realizar la colecci\u00f3n de muestras y evidencias m\u00e9dico legales.<span class=\"Apple-converted-space\">\u00a0<\/span><\/span><\/li><li><span style=\"color: #000000; font-family: Ubuntu; font-size: small;\">Realizar prueba de embarazo cualitativa y en lo posible cuantitativa.<span class=\"Apple-converted-space\">\u00a0<\/span><\/span><\/li><\/ul><p><span style=\"color: #000000; font-family: Ubuntu; font-size: small;\">En caso de establecerse positiva la prueba de embarazo, tambi\u00e9n deber\u00e1 informarse a la v\u00edctima sobre su derecho a recurrir al ILE, conforme a las normas de salud. <br \/><\/span><\/p><ul><li><span style=\"color: #000000; font-family: Ubuntu; font-size: small;\"> Despu\u00e9s de haber realizado el examen f\u00edsico, se anotar\u00e1 de manera clara y legible los diagn\u00f3sticos. <br \/><\/span><ul><li><span style=\"color: #000000; font-family: Ubuntu; font-size: small;\">El Certificado M\u00e9dico \u00danico de Violencia debe ser llenado \u00edntegramente, cuando sea llenado a mano debe hacerse de manera clara, legible y sin tachaduras.<span class=\"Apple-converted-space\">\u00a0<\/span><\/span><\/li><li><span style=\"color: #000000; font-family: Ubuntu; font-size: small;\">La colecta y embalado de las muestras y\/o evidencias deben estar de acuerdo a los protocolos espec\u00edficos consensuados entre el IDIF y el Ministerio de Salud.<span class=\"Apple-converted-space\">\u00a0<\/span><\/span><\/li><li><span style=\"color: #000000; font-family: Ubuntu; font-size: small;\">Es importante cuidar el acta de toma muestras, conservar las muestras o evidencias y mantener la cadena de custodia. <br \/><\/span><\/li><\/ul><\/li><\/ul><p><span style=\"color: #000000; font-family: Ubuntu; font-size: small;\"><b>El Certificado M\u00e9dico \u00danico de Violencia, a trav\u00e9s de la interoperabilidad de sistemas, deber\u00e1 ser enviado de manera digital inmediatamente al Ministerio P\u00fablico y adem\u00e1s se entregar\u00e1 un ejemplar a la v\u00edctima de forma obligatoria, gratuita y sin necesidad de requerimiento fiscal.<\/b><br \/><\/span><\/p><p><span style=\"color: #000000; font-family: Ubuntu; font-size: small;\">Las evidencias y muestras colectadas deben estar adecuadamente fijadas, embaladas, rotuladas y deben ser resguardadas hasta su entrega al Ministerio P\u00fablico, adem\u00e1s de tener el acta de toma de muestras y cadena de custodia, de acuerdo al Protocolo de Cadena de Custodia (Ver lista del Anexo 8).<span class=\"Apple-converted-space\">\u00a0<\/span><\/span><\/p><p><span style=\"color: #000000; font-family: Ubuntu; font-size: small;\">Es indispensable que el servicio de salud cuente siempre con los insumos y medicamentos necesarios para la atenci\u00f3n a v\u00edctimas de violencia y los procedimientos para profilaxis de ITS, VIH, Hepatitis B, anticoncepci\u00f3n de emergencia e interrupci\u00f3n legal del embarazo (ILE).<span class=\"Apple-converted-space\">\u00a0<\/span><\/span><\/p><\/td><\/tr><tr><td valign=\"middle\"><p><span style=\"color: #000000; font-family: Ubuntu; font-size: xx-large;\"><b>4<\/b><\/span><\/p><\/td><td valign=\"middle\"><p><span style=\"color: #000000; font-family: Ubuntu; font-size: small;\"><b><i>Cadena de custodia<span class=\"Apple-converted-space\">\u00a0<\/span><\/i><\/b><\/span><\/p><p><span style=\"color: #000000; font-family: Ubuntu; font-size: small;\">En todos los formularios debe aparecer un apartado dedicado a la cadena de custodia donde debe constar: Servicio de Salud y direcci\u00f3n; nombre o identificaci\u00f3n y firma de la\/s persona\/s responsables del recojo de la caja de evidencias; lugar, fecha y hora del recojo; y condiciones de almacenaje de las muestras hasta su env\u00edo al laboratorio.<span class=\"Apple-converted-space\">\u00a0<\/span><\/span><\/p><p><span style=\"color: #000000; font-family: Ubuntu; font-size: small;\">El responsable de recoger y transportar la caja de evidencias es el Ministerio P\u00fablico o la Polic\u00eda Boliviana, para la entrega al IDIF.<span class=\"Apple-converted-space\">\u00a0<\/span><\/span><\/p><\/td><\/tr><tr><td valign=\"middle\"><p><span style=\"color: #000000; font-family: Ubuntu; font-size: xx-large;\"><b>5<\/b><\/span><\/p><\/td><td valign=\"middle\"><p><span style=\"color: #000000; font-family: Ubuntu; font-size: small;\"><b><i>Interrupci\u00f3n legal del embarazo (ILE)<span class=\"Apple-converted-space\">\u00a0<\/span><\/i><\/b><\/span><\/p><p><span style=\"color: #000000; font-family: Ubuntu; font-size: small;\">De acuerdo a la Ley No. 1173 en caso de violencia sexual, especialmente trat\u00e1ndose de la circunstancia contemplada en el inciso k) del art\u00edculo 310 del C\u00f3digo Penal, relativa a una v\u00edctima de violaci\u00f3n que queda embarazada a consecuencia de este delito, el personal de salud aplicar\u00e1 las normas y protocolos vigentes de atenci\u00f3n integral a v\u00edctimas de violencia sexual del Ministerio de Salud (Ver lista en el Anexo 8).<span class=\"Apple-converted-space\">\u00a0<\/span><\/span><\/p><p><span style=\"color: #000000; font-family: Ubuntu; font-size: small;\">De conformidad al procedimiento establecido por el Ministerio de Salud, a sola presentaci\u00f3n de copia simple de la denuncia y previo consentimiento informado de la v\u00edctima, los servicios de salud p\u00fablicos o privados deber\u00e1n proceder a la ILE cuando la mujer, la ni\u00f1a o adolescente v\u00edctima de violaci\u00f3n sexual as\u00ed lo solicite. (Ver SCP2006\/2014).<\/span><\/p><p><span style=\"color: #000000; font-family: Ubuntu; font-size: small;\">El procedimiento debe cumplirse de forma obligatoria con respeto y confidencialidad en todos los servicios del sistema de salud p\u00fablicos, seguros a corto plazo, privados y organizaciones no gubernamentales dentro del Estado Plurinacional de Bolivia.<span class=\"Apple-converted-space\">\u00a0<\/span><\/span><\/p><p><span style=\"color: #000000; font-family: Ubuntu; font-size: small;\">En caso de que la v\u00edctima sea ni\u00f1a o adolescente, de igual manera deber\u00e1 ser atendida con la sola presentaci\u00f3n de la copia simple de la denuncia de violaci\u00f3n, pudiendo o no, ser acompa\u00f1ada por una persona mayor, debiendo ser atendida en aplicaci\u00f3n del principio del inter\u00e9s superior del ni\u00f1o. En caso de no estar acompa\u00f1ada o que la madre y\/o padre no est\u00e9n de acuerdo con la decisi\u00f3n que ella hubiere tomado, se podr\u00e1 solicitar la intervenci\u00f3n de la DNA para asistir o acompa\u00f1ar a la ni\u00f1a o adolescente durante y despu\u00e9s del procedimiento.<span class=\"Apple-converted-space\">\u00a0<\/span><\/span><\/p><p><span style=\"color: #000000; font-family: Ubuntu; font-size: small;\">Si la v\u00edctima est\u00e1 imposibilitada de dar su consentimiento, deber\u00e1 ser atendida con la sola presentaci\u00f3n de la copia simple de la denuncia de violaci\u00f3n a solicitud de la madre, padre, otro familiar de confianza, tutor\/a o guardador\/a, o en ausencia de ellos, el personal de la DNA, la FELCV o cualquier instancia promotora.<span class=\"Apple-converted-space\">\u00a0<\/span><\/span><\/p><\/td><\/tr><\/tbody><\/table><\/div><\/div><\/div><\/div><\/div><\/div><\/div><\/div><\/div><\/div><\/div><\/div><\/div><\/div><\/div><\/div><\/div><\/div><\/div><\/div><\/div>\n\t\t\t\t<\/div>\n\t\t\t\t<\/div>\n\t\t\t\t\t\t<\/div>\n\t\t\t\t\t<\/div>\n\t\t<\/div>\n\t\t\t\t\t\t\t\t<\/div>\n\t\t\t\t\t<\/div>\n\t\t<\/section>\n\t\t\t\t<section class=\"elementor-section elementor-top-section elementor-element elementor-element-2fea523 elementor-section-boxed elementor-section-height-default elementor-section-height-default\" data-id=\"2fea523\" data-element_type=\"section\" data-settings=\"{&quot;background_background&quot;:&quot;classic&quot;}\">\n\t\t\t\t\t\t<div class=\"elementor-container elementor-column-gap-default\">\n\t\t\t\t\t\t\t<div class=\"elementor-row\">\n\t\t\t\t\t<div class=\"elementor-column elementor-col-100 elementor-top-column elementor-element elementor-element-7e6f986\" data-id=\"7e6f986\" data-element_type=\"column\">\n\t\t\t<div class=\"elementor-column-wrap elementor-element-populated\">\n\t\t\t\t\t\t\t<div class=\"elementor-widget-wrap\">\n\t\t\t\t\t\t<div class=\"elementor-element elementor-element-0c3f56b elementor-widget elementor-widget-text-editor\" data-id=\"0c3f56b\" data-element_type=\"widget\" data-widget_type=\"text-editor.default\">\n\t\t\t\t<div class=\"elementor-widget-container\">\n\t\t\t\t\t<div class=\"elementor-text-editor elementor-clearfix\"><div class=\"page\" title=\"Page 15\"><div class=\"section\"><div class=\"layoutArea\"><div class=\"column\"><div class=\"page\" title=\"Page 24\"><div class=\"section\"><div class=\"layoutArea\"><div class=\"column\"><div class=\"page\" title=\"Page 24\"><div class=\"section\"><div class=\"layoutArea\"><div class=\"column\"><div class=\"page\" title=\"Page 169\"><div class=\"section\"><div class=\"layoutArea\"><div class=\"column\"><p><strong>Recomendaciones:<\/strong><\/p><ul><li><p>El personal de salud, que realice la ILE, segu\u0301n procedimientos normados, debe tener el cuidado en recolectar las muestras de restos corio\u0301nicos o fetales, debiendo garantizar su preservacio\u0301n hasta su entrega al Ministerio Pu\u0301blico para la prueba de ADN a realizarse en el IDIF.<\/p><\/li><li><p>Es importante que el personal de salud realice las acciones necesarias para preservar los restos extrai\u0301dos de la ILE como parte de la evidencia en el juicio seguido al violador, conforme el Protocolo de Cadena de Custodia.<\/p><\/li><li><p>Las atenciones de ILE, deben ser anotadas en el cuaderno de registro de ILE en el apartado diferenciado de las hemorragias de la primera mitad del embarazo y me\u0301todos anticonceptivos post aborto.<\/p><\/li><\/ul><\/div><\/div><\/div><\/div><\/div><\/div><\/div><\/div><\/div><\/div><\/div><\/div><\/div><\/div><\/div><\/div><\/div>\n\t\t\t\t<\/div>\n\t\t\t\t<\/div>\n\t\t\t\t\t\t<\/div>\n\t\t\t\t\t<\/div>\n\t\t<\/div>\n\t\t\t\t\t\t\t\t<\/div>\n\t\t\t\t\t<\/div>\n\t\t<\/section>\n\t\t\t\t<section class=\"elementor-section elementor-top-section elementor-element elementor-element-42e3674 elementor-section-boxed elementor-section-height-default elementor-section-height-default\" data-id=\"42e3674\" data-element_type=\"section\">\n\t\t\t\t\t\t<div class=\"elementor-container elementor-column-gap-default\">\n\t\t\t\t\t\t\t<div class=\"elementor-row\">\n\t\t\t\t\t<div class=\"elementor-column elementor-col-100 elementor-top-column elementor-element elementor-element-8ea8706\" data-id=\"8ea8706\" data-element_type=\"column\">\n\t\t\t<div class=\"elementor-column-wrap elementor-element-populated\">\n\t\t\t\t\t\t\t<div class=\"elementor-widget-wrap\">\n\t\t\t\t\t\t<div class=\"elementor-element elementor-element-7352e57 elementor-widget elementor-widget-text-editor\" data-id=\"7352e57\" data-element_type=\"widget\" data-widget_type=\"text-editor.default\">\n\t\t\t\t<div class=\"elementor-widget-container\">\n\t\t\t\t\t<div class=\"elementor-text-editor elementor-clearfix\"><\/div>\n\t\t\t\t<\/div>\n\t\t\t\t<\/div>\n\t\t\t\t\t\t<\/div>\n\t\t\t\t\t<\/div>\n\t\t<\/div>\n\t\t\t\t\t\t\t\t<\/div>\n\t\t\t\t\t<\/div>\n\t\t<\/section>\n\t\t\t\t<section class=\"elementor-section elementor-top-section elementor-element elementor-element-f4d0114 elementor-section-boxed elementor-section-height-default elementor-section-height-default\" data-id=\"f4d0114\" data-element_type=\"section\" data-settings=\"{&quot;background_background&quot;:&quot;classic&quot;}\">\n\t\t\t\t\t\t<div class=\"elementor-container elementor-column-gap-default\">\n\t\t\t\t\t\t\t<div class=\"elementor-row\">\n\t\t\t\t\t<div class=\"elementor-column elementor-col-100 elementor-top-column elementor-element elementor-element-2a07090\" data-id=\"2a07090\" data-element_type=\"column\">\n\t\t\t<div class=\"elementor-column-wrap elementor-element-populated\">\n\t\t\t\t\t\t\t<div class=\"elementor-widget-wrap\">\n\t\t\t\t\t\t<div class=\"elementor-element elementor-element-81803eb elementor-widget elementor-widget-text-editor\" data-id=\"81803eb\" data-element_type=\"widget\" data-widget_type=\"text-editor.default\">\n\t\t\t\t<div class=\"elementor-widget-container\">\n\t\t\t\t\t<div class=\"elementor-text-editor elementor-clearfix\"><div class=\"page\" title=\"Page 158\"><div class=\"section\"><div class=\"layoutArea\"><div class=\"column\"><div class=\"page\" title=\"Page 170\"><div class=\"section\"><div class=\"layoutArea\"><div class=\"column\"><p><strong>Tribunal Supremo Electoral y Tribunales Departamentales<\/strong><\/p><\/div><\/div><\/div><\/div><\/div><\/div><\/div><\/div><\/div>\n\t\t\t\t<\/div>\n\t\t\t\t<\/div>\n\t\t\t\t\t\t<\/div>\n\t\t\t\t\t<\/div>\n\t\t<\/div>\n\t\t\t\t\t\t\t\t<\/div>\n\t\t\t\t\t<\/div>\n\t\t<\/section>\n\t\t\t\t<section class=\"elementor-section elementor-top-section elementor-element elementor-element-b17d8b5 elementor-section-boxed elementor-section-height-default elementor-section-height-default\" data-id=\"b17d8b5\" data-element_type=\"section\">\n\t\t\t\t\t\t<div class=\"elementor-container elementor-column-gap-default\">\n\t\t\t\t\t\t\t<div class=\"elementor-row\">\n\t\t\t\t\t<div class=\"elementor-column elementor-col-100 elementor-top-column elementor-element elementor-element-76e460b\" data-id=\"76e460b\" data-element_type=\"column\">\n\t\t\t<div class=\"elementor-column-wrap elementor-element-populated\">\n\t\t\t\t\t\t\t<div class=\"elementor-widget-wrap\">\n\t\t\t\t\t\t<div class=\"elementor-element elementor-element-1aba8db elementor-widget elementor-widget-text-editor\" data-id=\"1aba8db\" data-element_type=\"widget\" data-widget_type=\"text-editor.default\">\n\t\t\t\t<div class=\"elementor-widget-container\">\n\t\t\t\t\t<div class=\"elementor-text-editor elementor-clearfix\"><div class=\"page\" title=\"Page 158\"><div class=\"section\"><div class=\"layoutArea\"><div class=\"column\"><div class=\"page\" title=\"Page 170\"><div class=\"section\"><div class=\"layoutArea\"><div class=\"column\"><p>Cuando el Tribunal Supremo Electoral o los Tribunales Departamentales tengan conocimiento de la existencia de un hecho de acoso o violencia poli\u0301tica hacia una mujer autoridad, candidata, electa o en ejercicio de la funcio\u0301n poli\u0301tico pu\u0301blica, se remitira\u0301 por instruccio\u0301n de Sala Plena los antecedentes a conocimiento del Ministerio Pu\u0301blico.<\/p><p>Estos casos pueden ser conocidos al presentarse una renuncia durante el proceso de verificacio\u0301n de la voluntariedad del acto o por la denuncia presentada por la vi\u0301ctima por actos de acoso y violencia poli\u0301tica, procedie\u0301ndose en ambos casos de acuerdo al Reglamento para el Tra\u0301mite de Recepcio\u0301n de Renuncias y Denuncias por Acoso y Violencia Poli\u0301tica de Mujeres Candidatas, Electas o en Funcio\u0301n Poli\u0301tico Pu\u0301blica, aprobado mediante Resolucio\u0301n 158\/2017 del O\u0301rgano Electoral Plurinacional.<\/p><\/div><\/div><\/div><\/div><\/div><\/div><\/div><\/div><\/div>\n\t\t\t\t<\/div>\n\t\t\t\t<\/div>\n\t\t\t\t\t\t<\/div>\n\t\t\t\t\t<\/div>\n\t\t<\/div>\n\t\t\t\t\t\t\t\t<\/div>\n\t\t\t\t\t<\/div>\n\t\t<\/section>\n\t\t\t\t<section class=\"elementor-section elementor-top-section elementor-element elementor-element-423e0d9 elementor-section-boxed elementor-section-height-default elementor-section-height-default\" data-id=\"423e0d9\" data-element_type=\"section\" data-settings=\"{&quot;background_background&quot;:&quot;classic&quot;}\">\n\t\t\t\t\t\t<div class=\"elementor-container elementor-column-gap-default\">\n\t\t\t\t\t\t\t<div class=\"elementor-row\">\n\t\t\t\t\t<div class=\"elementor-column elementor-col-100 elementor-top-column elementor-element elementor-element-e380d5d\" data-id=\"e380d5d\" data-element_type=\"column\">\n\t\t\t<div class=\"elementor-column-wrap elementor-element-populated\">\n\t\t\t\t\t\t\t<div class=\"elementor-widget-wrap\">\n\t\t\t\t\t\t<div class=\"elementor-element elementor-element-f32fd2a elementor-widget elementor-widget-text-editor\" data-id=\"f32fd2a\" data-element_type=\"widget\" data-widget_type=\"text-editor.default\">\n\t\t\t\t<div class=\"elementor-widget-container\">\n\t\t\t\t\t<div class=\"elementor-text-editor elementor-clearfix\"><div class=\"page\" title=\"Page 158\"><div class=\"section\"><div class=\"layoutArea\"><div class=\"column\"><div class=\"page\" title=\"Page 170\"><div class=\"section\"><div class=\"layoutArea\"><div class=\"column\"><div class=\"page\" title=\"Page 170\"><div class=\"section\"><div class=\"layoutArea\"><div class=\"column\"><p><strong>Mecanismo de prevencio\u0301n y atencio\u0301n inmediata de defensa de los derechos de las mujeres en situacio\u0301n de acoso y\/o violencia poli\u0301tica<\/strong><\/p><\/div><\/div><\/div><\/div><\/div><\/div><\/div><\/div><\/div><\/div><\/div><\/div><\/div>\n\t\t\t\t<\/div>\n\t\t\t\t<\/div>\n\t\t\t\t\t\t<\/div>\n\t\t\t\t\t<\/div>\n\t\t<\/div>\n\t\t\t\t\t\t\t\t<\/div>\n\t\t\t\t\t<\/div>\n\t\t<\/section>\n\t\t\t\t<section class=\"elementor-section elementor-top-section elementor-element elementor-element-920a3c5 elementor-section-boxed elementor-section-height-default elementor-section-height-default\" data-id=\"920a3c5\" data-element_type=\"section\">\n\t\t\t\t\t\t<div class=\"elementor-container elementor-column-gap-default\">\n\t\t\t\t\t\t\t<div class=\"elementor-row\">\n\t\t\t\t\t<div class=\"elementor-column elementor-col-100 elementor-top-column elementor-element elementor-element-e2ac1e6\" data-id=\"e2ac1e6\" data-element_type=\"column\">\n\t\t\t<div class=\"elementor-column-wrap elementor-element-populated\">\n\t\t\t\t\t\t\t<div class=\"elementor-widget-wrap\">\n\t\t\t\t\t\t<div class=\"elementor-element elementor-element-246540a elementor-widget elementor-widget-text-editor\" data-id=\"246540a\" data-element_type=\"widget\" data-widget_type=\"text-editor.default\">\n\t\t\t\t<div class=\"elementor-widget-container\">\n\t\t\t\t\t<div class=\"elementor-text-editor elementor-clearfix\"><div class=\"page\" title=\"Page 158\"><div class=\"section\"><div class=\"layoutArea\"><div class=\"column\"><div class=\"page\" title=\"Page 170\"><div class=\"section\"><div class=\"layoutArea\"><div class=\"column\"><div class=\"page\" title=\"Page 170\"><div class=\"section\"><div class=\"layoutArea\"><div class=\"column\"><p>Ante el conocimiento de un hecho de acoso o violencia poli\u0301tica contra las mujeres que constituya delito debera\u0301 a trave\u0301s de los servicios dependientes del Ministerio de Justicia y Transparencia Institucional (SIJPLU o SEPDAVI) presentar la denuncia ante el Ministerio Pu\u0301blico.<\/p><\/div><\/div><\/div><\/div><\/div><\/div><\/div><\/div><\/div><\/div><\/div><\/div><\/div>\n\t\t\t\t<\/div>\n\t\t\t\t<\/div>\n\t\t\t\t\t\t<\/div>\n\t\t\t\t\t<\/div>\n\t\t<\/div>\n\t\t\t\t\t\t\t\t<\/div>\n\t\t\t\t\t<\/div>\n\t\t<\/section>\n\t\t\t\t<section class=\"elementor-section elementor-top-section elementor-element elementor-element-48f76b4 elementor-section-boxed elementor-section-height-default elementor-section-height-default\" data-id=\"48f76b4\" data-element_type=\"section\" data-settings=\"{&quot;background_background&quot;:&quot;classic&quot;}\">\n\t\t\t\t\t\t<div class=\"elementor-container elementor-column-gap-default\">\n\t\t\t\t\t\t\t<div class=\"elementor-row\">\n\t\t\t\t\t<div class=\"elementor-column elementor-col-100 elementor-top-column elementor-element elementor-element-162b257\" data-id=\"162b257\" data-element_type=\"column\">\n\t\t\t<div class=\"elementor-column-wrap elementor-element-populated\">\n\t\t\t\t\t\t\t<div class=\"elementor-widget-wrap\">\n\t\t\t\t\t\t<div class=\"elementor-element elementor-element-025eeeb elementor-widget elementor-widget-text-editor\" data-id=\"025eeeb\" data-element_type=\"widget\" data-widget_type=\"text-editor.default\">\n\t\t\t\t<div class=\"elementor-widget-container\">\n\t\t\t\t\t<div class=\"elementor-text-editor elementor-clearfix\"><div class=\"page\" title=\"Page 158\"><div class=\"section\"><div class=\"layoutArea\"><div class=\"column\"><div class=\"page\" title=\"Page 170\"><div class=\"section\"><div class=\"layoutArea\"><div class=\"column\"><div class=\"page\" title=\"Page 170\"><div class=\"section\"><div class=\"layoutArea\"><div class=\"column\"><div class=\"page\" title=\"Page 170\"><div class=\"section\"><div class=\"layoutArea\"><div class=\"column\"><p><strong>Defensori\u0301a del Pueblo<\/strong><\/p><\/div><\/div><\/div><\/div><\/div><\/div><\/div><\/div><\/div><\/div><\/div><\/div><\/div><\/div><\/div><\/div><\/div>\n\t\t\t\t<\/div>\n\t\t\t\t<\/div>\n\t\t\t\t\t\t<\/div>\n\t\t\t\t\t<\/div>\n\t\t<\/div>\n\t\t\t\t\t\t\t\t<\/div>\n\t\t\t\t\t<\/div>\n\t\t<\/section>\n\t\t\t\t<section class=\"elementor-section elementor-top-section elementor-element elementor-element-0032752 elementor-section-boxed elementor-section-height-default elementor-section-height-default\" data-id=\"0032752\" data-element_type=\"section\">\n\t\t\t\t\t\t<div class=\"elementor-container elementor-column-gap-default\">\n\t\t\t\t\t\t\t<div class=\"elementor-row\">\n\t\t\t\t\t<div class=\"elementor-column elementor-col-100 elementor-top-column elementor-element elementor-element-6fcb526\" data-id=\"6fcb526\" data-element_type=\"column\">\n\t\t\t<div class=\"elementor-column-wrap elementor-element-populated\">\n\t\t\t\t\t\t\t<div class=\"elementor-widget-wrap\">\n\t\t\t\t\t\t<div class=\"elementor-element elementor-element-e9bafd0 elementor-widget elementor-widget-text-editor\" data-id=\"e9bafd0\" data-element_type=\"widget\" data-widget_type=\"text-editor.default\">\n\t\t\t\t<div class=\"elementor-widget-container\">\n\t\t\t\t\t<div class=\"elementor-text-editor elementor-clearfix\"><div class=\"page\" title=\"Page 158\"><div class=\"section\"><div class=\"layoutArea\"><div class=\"column\"><div class=\"page\" title=\"Page 170\"><div class=\"section\"><div class=\"layoutArea\"><div class=\"column\"><div class=\"page\" title=\"Page 170\"><div class=\"section\"><div class=\"layoutArea\"><div class=\"column\"><div class=\"page\" title=\"Page 170\"><div class=\"section\"><div class=\"layoutArea\"><div class=\"column\"><p>Conocido un hecho de violencia, la vi\u0301ctima recibira\u0301 orientacio\u0301n legal y sera\u0301 referida al Ministerio Pu\u0301blico para la presentacio\u0301n de su denuncia. Trata\u0301ndose de nin\u0303as, nin\u0303os y adolescentes se solicitara\u0301 el acompan\u0303amiento de la DNA.<\/p><p>La Defensori\u0301a del Pueblo puede intervenir si recibe una denuncia por vulneracio\u0301n de derechos en cualquiera de las instituciones de atencio\u0301n y proteccio\u0301n a las vi\u0301ctimas procedie\u0301ndose a abrir una investigacio\u0301n de acuerdo al procedimiento que establece la Ley No. 870, a cuya conclusio\u0301n y comprobada la vulneracio\u0301n de derechos podra\u0301 emitir una resolucio\u0301n fundamentada que contenga, segu\u0301n el caso, recomendaciones, recordatorios, sugerencias o correctivos y censura pu\u0301blica.<\/p><\/div><\/div><\/div><\/div><\/div><\/div><\/div><\/div><\/div><\/div><\/div><\/div><\/div><\/div><\/div><\/div><\/div>\n\t\t\t\t<\/div>\n\t\t\t\t<\/div>\n\t\t\t\t\t\t<\/div>\n\t\t\t\t\t<\/div>\n\t\t<\/div>\n\t\t\t\t\t\t\t\t<\/div>\n\t\t\t\t\t<\/div>\n\t\t<\/section>\n\t\t\t\t<section class=\"elementor-section elementor-top-section elementor-element elementor-element-06adffd elementor-section-boxed elementor-section-height-default elementor-section-height-default\" data-id=\"06adffd\" data-element_type=\"section\" data-settings=\"{&quot;background_background&quot;:&quot;classic&quot;}\">\n\t\t\t\t\t\t<div class=\"elementor-container elementor-column-gap-default\">\n\t\t\t\t\t\t\t<div class=\"elementor-row\">\n\t\t\t\t\t<div class=\"elementor-column elementor-col-100 elementor-top-column elementor-element elementor-element-59a2320\" data-id=\"59a2320\" data-element_type=\"column\">\n\t\t\t<div class=\"elementor-column-wrap elementor-element-populated\">\n\t\t\t\t\t\t\t<div class=\"elementor-widget-wrap\">\n\t\t\t\t\t\t<div class=\"elementor-element elementor-element-97954f9 elementor-widget elementor-widget-text-editor\" data-id=\"97954f9\" data-element_type=\"widget\" data-widget_type=\"text-editor.default\">\n\t\t\t\t<div class=\"elementor-widget-container\">\n\t\t\t\t\t<div class=\"elementor-text-editor elementor-clearfix\"><div class=\"page\" title=\"Page 158\"><div class=\"section\"><div class=\"layoutArea\"><div class=\"column\"><div class=\"page\" title=\"Page 170\"><div class=\"section\"><div class=\"layoutArea\"><div class=\"column\"><div class=\"page\" title=\"Page 170\"><div class=\"section\"><div class=\"layoutArea\"><div class=\"column\"><div class=\"page\" title=\"Page 170\"><div class=\"section\"><div class=\"layoutArea\"><div class=\"column\"><div class=\"page\" title=\"Page 170\"><div class=\"section\"><div class=\"layoutArea\"><div class=\"column\"><p><strong>Instituciones administrativas y disciplinarias<\/strong><\/p><\/div><\/div><\/div><\/div><\/div><\/div><\/div><\/div><\/div><\/div><\/div><\/div><\/div><\/div><\/div><\/div><\/div><\/div><\/div><\/div><\/div>\n\t\t\t\t<\/div>\n\t\t\t\t<\/div>\n\t\t\t\t\t\t<\/div>\n\t\t\t\t\t<\/div>\n\t\t<\/div>\n\t\t\t\t\t\t\t\t<\/div>\n\t\t\t\t\t<\/div>\n\t\t<\/section>\n\t\t\t\t<section class=\"elementor-section elementor-top-section elementor-element elementor-element-f0e3b8f elementor-section-boxed elementor-section-height-default elementor-section-height-default\" data-id=\"f0e3b8f\" data-element_type=\"section\">\n\t\t\t\t\t\t<div class=\"elementor-container elementor-column-gap-default\">\n\t\t\t\t\t\t\t<div class=\"elementor-row\">\n\t\t\t\t\t<div class=\"elementor-column elementor-col-100 elementor-top-column elementor-element elementor-element-61b0d1f\" data-id=\"61b0d1f\" data-element_type=\"column\">\n\t\t\t<div class=\"elementor-column-wrap elementor-element-populated\">\n\t\t\t\t\t\t\t<div class=\"elementor-widget-wrap\">\n\t\t\t\t\t\t<div class=\"elementor-element elementor-element-fc19d0d elementor-widget elementor-widget-text-editor\" data-id=\"fc19d0d\" data-element_type=\"widget\" data-widget_type=\"text-editor.default\">\n\t\t\t\t<div class=\"elementor-widget-container\">\n\t\t\t\t\t<div class=\"elementor-text-editor elementor-clearfix\"><div class=\"page\" title=\"Page 158\"><div class=\"section\"><div class=\"layoutArea\"><div class=\"column\"><div class=\"page\" title=\"Page 170\"><div class=\"section\"><div class=\"layoutArea\"><div class=\"column\"><div class=\"page\" title=\"Page 170\"><div class=\"section\"><div class=\"layoutArea\"><div class=\"column\"><div class=\"page\" title=\"Page 170\"><div class=\"section\"><div class=\"layoutArea\"><div class=\"column\"><div class=\"page\" title=\"Page 170\"><div class=\"section\"><div class=\"layoutArea\"><div class=\"column\"><p>Toda institucio\u0301n que en el marco de un proceso administrativo o disciplinario tenga conocimiento de un hecho de violencia, que constituya delito debe remitir antecedentes al Ministerio Pu\u0301blico.<\/p><\/div><\/div><\/div><\/div><\/div><\/div><\/div><\/div><\/div><\/div><\/div><\/div><\/div><\/div><\/div><\/div><\/div><\/div><\/div><\/div><\/div>\n\t\t\t\t<\/div>\n\t\t\t\t<\/div>\n\t\t\t\t\t\t<\/div>\n\t\t\t\t\t<\/div>\n\t\t<\/div>\n\t\t\t\t\t\t\t\t<\/div>\n\t\t\t\t\t<\/div>\n\t\t<\/section>\n\t\t\t\t<section class=\"elementor-section elementor-top-section elementor-element elementor-element-b3d7270 elementor-section-boxed elementor-section-height-default elementor-section-height-default\" data-id=\"b3d7270\" data-element_type=\"section\">\n\t\t\t\t\t\t<div class=\"elementor-container elementor-column-gap-default\">\n\t\t\t\t\t\t\t<div class=\"elementor-row\">\n\t\t\t\t\t<div class=\"elementor-column elementor-col-100 elementor-top-column elementor-element elementor-element-2fed1b7\" data-id=\"2fed1b7\" data-element_type=\"column\">\n\t\t\t<div class=\"elementor-column-wrap elementor-element-populated\">\n\t\t\t\t\t\t\t<div class=\"elementor-widget-wrap\">\n\t\t\t\t\t\t<div class=\"elementor-element elementor-element-bdf2ae4 elementor-widget elementor-widget-text-editor\" data-id=\"bdf2ae4\" data-element_type=\"widget\" data-widget_type=\"text-editor.default\">\n\t\t\t\t<div class=\"elementor-widget-container\">\n\t\t\t\t\t<div class=\"elementor-text-editor elementor-clearfix\"><div class=\"page\" title=\"Page 158\"><div class=\"section\"><div class=\"layoutArea\"><div class=\"column\"><div class=\"page\" title=\"Page 170\"><div class=\"section\"><div class=\"layoutArea\"><div class=\"column\"><div class=\"page\" title=\"Page 170\"><div class=\"section\"><div class=\"layoutArea\"><div class=\"column\"><div class=\"page\" title=\"Page 170\"><div class=\"section\"><div class=\"layoutArea\"><div class=\"column\"><div class=\"page\" title=\"Page 170\"><div class=\"section\"><div class=\"layoutArea\"><div class=\"column\"><p><span style=\"font-family: Ubuntu; font-size: small; color: #43358b;\">Si una mujer v\u00edctima acudiese a una instituci\u00f3n que no sea una Instancia Promotora de Denuncia, \u00e9sta tiene la obligaci\u00f3n de informar, referir o derivar donde le brinden la atenci\u00f3n requerida, tal como establece el art\u00edculo 20 en su numeral 6 de la Ley No. 348<span class=\"Apple-converted-space\">\u00a0<\/span><\/span><\/p><p><span style=\"font-family: Ubuntu; font-size: small; color: #43358b;\">Si se tratase de una v\u00edctima que sea ni\u00f1a, ni\u00f1o o adolescente, toda persona particular o servidora o servidor p\u00fablico tiene la obligaci\u00f3n de denunciar ante la autoridad competente, tal cual refiere el art\u00edculo 155 del C\u00f3digo Ni\u00f1a, Ni\u00f1o y Adolescente.<span class=\"Apple-converted-space\">\u00a0<\/span><\/span><\/p><\/div><\/div><\/div><\/div><\/div><\/div><\/div><\/div><\/div><\/div><\/div><\/div><\/div><\/div><\/div><\/div><\/div><\/div><\/div><\/div><\/div>\n\t\t\t\t<\/div>\n\t\t\t\t<\/div>\n\t\t\t\t\t\t<\/div>\n\t\t\t\t\t<\/div>\n\t\t<\/div>\n\t\t\t\t\t\t\t\t<\/div>\n\t\t\t\t\t<\/div>\n\t\t<\/section>\n\t\t\t\t<section class=\"elementor-section elementor-top-section elementor-element elementor-element-9b73fcf elementor-section-boxed elementor-section-height-default elementor-section-height-default\" data-id=\"9b73fcf\" data-element_type=\"section\">\n\t\t\t\t\t\t<div class=\"elementor-container elementor-column-gap-default\">\n\t\t\t\t\t\t\t<div class=\"elementor-row\">\n\t\t\t\t\t<div class=\"elementor-column elementor-col-100 elementor-top-column elementor-element elementor-element-555ec3e\" data-id=\"555ec3e\" data-element_type=\"column\">\n\t\t\t<div class=\"elementor-column-wrap elementor-element-populated\">\n\t\t\t\t\t\t\t<div class=\"elementor-widget-wrap\">\n\t\t\t\t\t\t<div class=\"elementor-element elementor-element-ba0f4ee elementor-widget elementor-widget-heading\" data-id=\"ba0f4ee\" data-element_type=\"widget\" data-widget_type=\"heading.default\">\n\t\t\t\t<div class=\"elementor-widget-container\">\n\t\t\t<h2 class=\"elementor-heading-title elementor-size-default\">3.1.2 FUNCIONES DE INSTITUCIONES PROMOTORAS DE LA DENUNCIA EN EL PRIMER CONTACTO<\/h2>\t\t<\/div>\n\t\t\t\t<\/div>\n\t\t\t\t\t\t<\/div>\n\t\t\t\t\t<\/div>\n\t\t<\/div>\n\t\t\t\t\t\t\t\t<\/div>\n\t\t\t\t\t<\/div>\n\t\t<\/section>\n\t\t\t\t<section class=\"elementor-section elementor-top-section elementor-element elementor-element-018bf3f elementor-section-boxed elementor-section-height-default elementor-section-height-default\" data-id=\"018bf3f\" data-element_type=\"section\">\n\t\t\t\t\t\t<div class=\"elementor-container elementor-column-gap-default\">\n\t\t\t\t\t\t\t<div class=\"elementor-row\">\n\t\t\t\t\t<div class=\"elementor-column elementor-col-100 elementor-top-column elementor-element elementor-element-ac68afd\" data-id=\"ac68afd\" data-element_type=\"column\">\n\t\t\t<div class=\"elementor-column-wrap elementor-element-populated\">\n\t\t\t\t\t\t\t<div class=\"elementor-widget-wrap\">\n\t\t\t\t\t\t<div class=\"elementor-element elementor-element-91b85e7 elementor-widget elementor-widget-text-editor\" data-id=\"91b85e7\" data-element_type=\"widget\" data-widget_type=\"text-editor.default\">\n\t\t\t\t<div class=\"elementor-widget-container\">\n\t\t\t\t\t<div class=\"elementor-text-editor elementor-clearfix\"><div class=\"page\" title=\"Page 158\"><div class=\"section\"><div class=\"layoutArea\"><div class=\"column\"><div class=\"page\" title=\"Page 170\"><div class=\"section\"><div class=\"layoutArea\"><div class=\"column\"><div class=\"page\" title=\"Page 170\"><div class=\"section\"><div class=\"layoutArea\"><div class=\"column\"><div class=\"page\" title=\"Page 170\"><div class=\"section\"><div class=\"layoutArea\"><div class=\"column\"><div class=\"page\" title=\"Page 170\"><div class=\"section\"><div class=\"layoutArea\"><div class=\"column\"><div class=\"page\" title=\"Page 171\"><div class=\"section\"><div class=\"layoutArea\"><div class=\"column\"><p>Segu\u0301n lo dispuesto en el marco legal vigente, las denominadas \u201cInstancias Promotoras de Denuncia\u201d, deben cumplir funciones integrales vinculadas entre si\u0301, para atender las necesidades de asistencia y proteccio\u0301n, en las a\u0301reas legal, psicolo\u0301gica, social, de salud, etc., de las vi\u0301ctimas o personas que se encuentren en situacio\u0301n de violencia generando en este primer contacto confianza y empati\u0301a con la vi\u0301ctima.<\/p><\/div><\/div><\/div><\/div><\/div><\/div><\/div><\/div><\/div><\/div><\/div><\/div><\/div><\/div><\/div><\/div><\/div><\/div><\/div><\/div><\/div><\/div><\/div><\/div><\/div>\n\t\t\t\t<\/div>\n\t\t\t\t<\/div>\n\t\t\t\t\t\t<\/div>\n\t\t\t\t\t<\/div>\n\t\t<\/div>\n\t\t\t\t\t\t\t\t<\/div>\n\t\t\t\t\t<\/div>\n\t\t<\/section>\n\t\t\t\t<section class=\"elementor-section elementor-top-section elementor-element elementor-element-7666eff elementor-section-boxed elementor-section-height-default elementor-section-height-default\" data-id=\"7666eff\" data-element_type=\"section\">\n\t\t\t\t\t\t<div class=\"elementor-container elementor-column-gap-default\">\n\t\t\t\t\t\t\t<div class=\"elementor-row\">\n\t\t\t\t\t<div class=\"elementor-column elementor-col-100 elementor-top-column elementor-element elementor-element-878647d\" data-id=\"878647d\" data-element_type=\"column\">\n\t\t\t<div class=\"elementor-column-wrap elementor-element-populated\">\n\t\t\t\t\t\t\t<div class=\"elementor-widget-wrap\">\n\t\t\t\t\t\t<div class=\"elementor-element elementor-element-67174d2 elementor-widget elementor-widget-text-editor\" data-id=\"67174d2\" data-element_type=\"widget\" data-widget_type=\"text-editor.default\">\n\t\t\t\t<div class=\"elementor-widget-container\">\n\t\t\t\t\t<div class=\"elementor-text-editor elementor-clearfix\"><p><span style=\"color: #43358b; font-family: Ubuntu; font-size: small;\">LAS INSTANCIAS PROMOTORAS DE DENUNCIA NO PUEDEN REALIZAR ACTUACIONES INVESTIGATIVAS PROPIAS DE LA PERSECUCI\u00d3N PENAL QUE SON DE COMPETENCIA DE LA POLIC\u00cdA Y EL MINISTERIO P\u00daBLICO.<span class=\"Apple-converted-space\">\u00a0<\/span><\/span><\/p><p><span style=\"color: #43358b; font-family: Ubuntu; font-size: small;\">NO TIENEN FACULTAD LEGAL DE PROMOVER O REALIZAR LA CONCILIACI\u00d3N SOBRE EL DELITO, BAJO RESPONSABILIDAD POR INCUMPLIMIENTO DE DEBERES DE ACUERDO A LOS ARTS. 154 Y 154 BIS. DEL C\u00d3DIGO PENAL.<span class=\"Apple-converted-space\">\u00a0<\/span><\/span><\/p><\/div>\n\t\t\t\t<\/div>\n\t\t\t\t<\/div>\n\t\t\t\t\t\t<\/div>\n\t\t\t\t\t<\/div>\n\t\t<\/div>\n\t\t\t\t\t\t\t\t<\/div>\n\t\t\t\t\t<\/div>\n\t\t<\/section>\n\t\t\t\t<section class=\"elementor-section elementor-top-section elementor-element elementor-element-a9f4da1 elementor-section-boxed elementor-section-height-default elementor-section-height-default\" data-id=\"a9f4da1\" data-element_type=\"section\">\n\t\t\t\t\t\t<div class=\"elementor-container elementor-column-gap-default\">\n\t\t\t\t\t\t\t<div class=\"elementor-row\">\n\t\t\t\t\t<div class=\"elementor-column elementor-col-100 elementor-top-column elementor-element elementor-element-ccb2173\" data-id=\"ccb2173\" data-element_type=\"column\">\n\t\t\t<div class=\"elementor-column-wrap elementor-element-populated\">\n\t\t\t\t\t\t\t<div class=\"elementor-widget-wrap\">\n\t\t\t\t\t\t<div class=\"elementor-element elementor-element-8af2a44 elementor-widget elementor-widget-text-editor\" data-id=\"8af2a44\" data-element_type=\"widget\" data-widget_type=\"text-editor.default\">\n\t\t\t\t<div class=\"elementor-widget-container\">\n\t\t\t\t\t<div class=\"elementor-text-editor elementor-clearfix\"><div class=\"page\" title=\"Page 158\"><div class=\"section\"><div class=\"layoutArea\"><div class=\"column\"><div class=\"page\" title=\"Page 170\"><div class=\"section\"><div class=\"layoutArea\"><div class=\"column\"><div class=\"page\" title=\"Page 170\"><div class=\"section\"><div class=\"layoutArea\"><div class=\"column\"><div class=\"page\" title=\"Page 170\"><div class=\"section\"><div class=\"layoutArea\"><div class=\"column\"><div class=\"page\" title=\"Page 170\"><div class=\"section\"><div class=\"layoutArea\"><div class=\"column\"><div class=\"page\" title=\"Page 171\"><div class=\"section\"><div class=\"layoutArea\"><div class=\"column\"><div class=\"page\" title=\"Page 171\"><div class=\"section\"><div class=\"layoutArea\"><div class=\"column\"><p>Debe tomarse en cuenta las funciones y atribuciones detalladas en el marco competencial en la Segunda Parte del presente Protocolo, por el cual las Instancias Promotoras de Denuncia, en el primer contacto debera\u0301n cumplir con las siguientes tareas:<\/p><table cellspacing=\"0\" cellpadding=\"0\"><tbody><tr><td valign=\"middle\"><p><span style=\"color: #000000; font-family: Ubuntu; font-size: xx-large;\"><b>1<\/b><\/span><\/p><\/td><td valign=\"middle\"><p><span style=\"color: #000000; font-family: Ubuntu; font-size: small;\"><b><i>Identificarse<span class=\"Apple-converted-space\">\u00a0<\/span><\/i><\/b><\/span><\/p><p><span style=\"color: #000000; font-family: Ubuntu; font-size: small;\">Identificar si la v\u00edctima requiere atenci\u00f3n m\u00e9dica o contenci\u00f3n en crisis previamente a la recepci\u00f3n de la denuncia, en cuyo <b><i>caso se seguir\u00e1 el procedimiento descrito para estos casos.<span class=\"Apple-converted-space\">\u00a0<\/span><\/i><\/b><\/span><\/p><\/td><\/tr><tr><td valign=\"middle\"><p><span style=\"color: #000000; font-family: Ubuntu; font-size: xx-large;\"><b>2<\/b><\/span><\/p><\/td><td valign=\"middle\"><p><span style=\"color: #000000; font-family: Ubuntu; font-size: small;\"><b><i>Priorizar a poblaci\u00f3n vulnerables<span class=\"Apple-converted-space\">\u00a0<\/span><\/i><\/b><\/span><\/p><p><span style=\"color: #000000; font-family: Ubuntu; font-size: small;\">Priorizar la atenci\u00f3n a v\u00edctimas ni\u00f1as, ni\u00f1os y adolescente, v\u00edctimas de violaci\u00f3n, mujeres embarazadas, adultas mayores o con alg\u00fan tipo de discapacidad.<span class=\"Apple-converted-space\">\u00a0<\/span><\/span><\/p><\/td><\/tr><tr><td valign=\"middle\"><p><span style=\"color: #000000; font-family: Ubuntu; font-size: xx-large;\"><b>3<\/b><\/span><\/p><\/td><td valign=\"middle\"><p><span style=\"color: #000000; font-family: Ubuntu; font-size: small;\"><b><i>Informar sobre el servicio, derechos y garant\u00edas<span class=\"Apple-converted-space\">\u00a0<\/span><\/i><\/b><\/span><\/p><p><span style=\"color: #000000; font-family: Ubuntu; font-size: small;\">Presentarse a la v\u00edctima, explicar las caracter\u00edsticas del servicio, informarle en lenguaje claro y sencillo, sobre sus derechos, garant\u00edas, medidas de protecci\u00f3n y acciones legales pertinentes, en funci\u00f3n al estado f\u00edsico y emocional en el que se encuentre; adem\u00e1s, se le informar\u00e1 sobre los riesgos que representa mantenerse en la situaci\u00f3n de violencia, para ella y su entorno familiar. Trat\u00e1ndose de ni\u00f1as, ni\u00f1os o adolescentes esta informaci\u00f3n deber\u00e1 brindarse conforme a su edad, grado de madurez y nivel de comprensi\u00f3n, tambi\u00e9n deber\u00e1 informarse a su madre, padre, familiar, tutor\/a, guardador\/a precautelando el inter\u00e9s superior de la ni\u00f1a, ni\u00f1o y adolescente.<span class=\"Apple-converted-space\">\u00a0<\/span><\/span><\/p><\/td><\/tr><tr><td valign=\"middle\"><p><span style=\"color: #000000; font-family: Ubuntu; font-size: xx-large;\"><b>4<\/b><\/span><\/p><\/td><td valign=\"middle\"><p><span style=\"color: #000000; font-family: Ubuntu; font-size: small;\"><b><i>Registrar el caso<span class=\"Apple-converted-space\">\u00a0<\/span><\/i><\/b><\/span><\/p><p><span style=\"color: #000000; font-family: Ubuntu; font-size: small;\">Registrar en el RUV (Registro \u00danico de Violencia) los casos conocidos por hechos de violencia contra mujeres.<br \/>Registrar en el SINNA (Sistema de Informaci\u00f3n de Ni\u00f1a, Ni\u00f1o y Adolescente) los casos conocidos por hechos de violencia contra ni\u00f1as, ni\u00f1os y adolescentes.<span class=\"Apple-converted-space\">\u00a0<\/span><\/span><\/p><p><span style=\"color: #000000; font-family: Ubuntu; font-size: small;\">En caso de no contar con acceso virtual llenar un formulario f\u00edsico.<span class=\"Apple-converted-space\">\u00a0<\/span><\/span><\/p><\/td><\/tr><tr><td valign=\"middle\"><p><span style=\"color: #000000; font-family: Ubuntu; font-size: xx-large;\"><b>5<\/b><\/span><\/p><\/td><td valign=\"middle\"><p><span style=\"color: #000000; font-family: Ubuntu; font-size: small;\"><b><i>Valorar el riesgo y disponer medidas de protecci\u00f3n<span class=\"Apple-converted-space\">\u00a0<\/span><\/i><\/b><\/span><\/p><p><span style=\"color: #000000; font-family: Ubuntu; font-size: small;\">Disponer, en los casos de urgencia o habi\u00e9ndose establecido la situaci\u00f3n de riesgo de la v\u00edctima, las medidas de protecci\u00f3n especial y comunicar a la autoridad competente de acuerdo al procedimiento que se describe en este Protocolo.<span class=\"Apple-converted-space\">\u00a0<\/span><\/span><\/p><\/td><\/tr><tr><td valign=\"middle\"><p><span style=\"color: #000000; font-family: Ubuntu; font-size: xx-large;\"><b>6<\/b><\/span><\/p><\/td><td valign=\"middle\"><p><span style=\"color: #000000; font-family: Ubuntu; font-size: small;\"><b><i>Informar sobre otros servicios disponibles<span class=\"Apple-converted-space\">\u00a0<\/span><\/i><\/b><\/span><\/p><p><span style=\"color: #000000; font-family: Ubuntu; font-size: small;\">Brindar informaci\u00f3n actualizada y precisa sobre los servicios gubernamentales y no gubernamentales disponibles para su atenci\u00f3n y tratamiento; para el efecto la Instancia Promotora de Denuncia deber\u00e1 contar con un directorio actualizado.<span class=\"Apple-converted-space\">\u00a0<\/span><\/span><\/p><\/td><\/tr><tr><td valign=\"middle\"><p><span style=\"color: #000000; font-family: Ubuntu; font-size: xx-large;\"><b>7<\/b><\/span><\/p><\/td><td valign=\"middle\"><p><span style=\"color: #000000; font-family: Ubuntu; font-size: small;\"><b><i>Absolver consultas<span class=\"Apple-converted-space\">\u00a0<\/span><\/i><\/b><\/span><\/p><p><span style=\"color: #000000; font-family: Ubuntu; font-size: small;\">Absolver toda consulta, o duda que la v\u00edctima o sus familiares, tutores\/as, guardares\/as o personas de confianza requieran.<span class=\"Apple-converted-space\">\u00a0<\/span><\/span><\/p><\/td><\/tr><tr><td valign=\"middle\"><p><span style=\"color: #000000; font-family: Ubuntu; font-size: xx-large;\"><b>8<\/b><\/span><\/p><\/td><td valign=\"middle\"><p><span style=\"color: #000000; font-family: Ubuntu; font-size: small;\"><b><i>Brindar nformacion procesal<span class=\"Apple-converted-space\">\u00a0<\/span><\/i><\/b><\/span><\/p><p><span style=\"color: #000000; font-family: Ubuntu; font-size: small;\">Informar y preparar a la v\u00edctima y a la persona que ella solicite sobre los actos investigativos previsibles de acuerdo a la naturaleza del delito y asesorarla sobre la importancia y la forma de preservar los indicios y su participaci\u00f3n.<span class=\"Apple-converted-space\">\u00a0<\/span><\/span><\/p><\/td><\/tr><tr><td valign=\"middle\"><p><span style=\"color: #000000; font-family: Ubuntu; font-size: xx-large;\"><b>9<\/b><\/span><\/p><\/td><td valign=\"middle\"><p><span style=\"color: #000000; font-family: Ubuntu; font-size: small;\"><b><i>Promover la participaci\u00f3n<span class=\"Apple-converted-space\">\u00a0<\/span><\/i><\/b><\/span><\/p><p><span style=\"color: #000000; font-family: Ubuntu; font-size: small;\">Orientar y sensibilizar a la v\u00edctima y sus familiares, tutores\/ as, guardadores\/as seg\u00fan el caso; sobre la importancia de su participaci\u00f3n en el proceso, en funci\u00f3n a su estado f\u00edsico y psicol\u00f3gico. Se les informar\u00e1 que, de acuerdo a las competencias de las instituciones, recibir\u00e1n acompa\u00f1amiento legal y psicosocial de manera continua hasta la conclusi\u00f3n del proceso y reparaci\u00f3n del da\u00f1o.<span class=\"Apple-converted-space\">\u00a0<\/span><\/span><\/p><\/td><\/tr><tr><td valign=\"middle\"><p><span style=\"color: #000000; font-family: Ubuntu; font-size: xx-large;\"><b>10<\/b><\/span><\/p><\/td><td valign=\"middle\"><p><span style=\"color: #000000; font-family: Ubuntu; font-size: small;\"><b><i>Coordinar servicios espec\u00edficos<span class=\"Apple-converted-space\">\u00a0<\/span><\/i><\/b><\/span><\/p><p><span style=\"color: #000000; font-family: Ubuntu; font-size: small;\">Coordinar con las instituciones que no son promotoras de denuncias (Instancia T\u00e9cnica Departamental de Pol\u00edtica Social, CEPAT, CODEPEDIS, UMADIS, Servicio Municipal del Adulto Mayor, Representaciones Consulares, instituciones de la sociedad civil y promotoras de las denuncias) para la atenci\u00f3n que la v\u00edctima requiera.<span class=\"Apple-converted-space\">\u00a0<\/span><\/span><\/p><\/td><\/tr><tr><td valign=\"middle\"><p><span style=\"color: #000000; font-family: Ubuntu; font-size: xx-large;\"><b>11<\/b><\/span><\/p><\/td><td valign=\"middle\"><p><span style=\"color: #000000; font-family: Ubuntu; font-size: small;\"><b><i>Presentar denuncia<span class=\"Apple-converted-space\">\u00a0<\/span><\/i><\/b><\/span><\/p><p><span style=\"color: #000000; font-family: Ubuntu; font-size: small;\">Interponer la denuncia por delitos de violencia directamente ANTE EL MINISTERIO P\u00daBLICO para evitar la revictimizaci\u00f3n por derivarla a otras instancias.<span class=\"Apple-converted-space\">\u00a0<\/span><\/span><\/p><\/td><\/tr><\/tbody><\/table><\/div><\/div><\/div><\/div><\/div><\/div><\/div><\/div><\/div><\/div><\/div><\/div><\/div><\/div><\/div><\/div><\/div><\/div><\/div><\/div><\/div><\/div><\/div><\/div><\/div><\/div><\/div><\/div><\/div>\n\t\t\t\t<\/div>\n\t\t\t\t<\/div>\n\t\t\t\t\t\t<\/div>\n\t\t\t\t\t<\/div>\n\t\t<\/div>\n\t\t\t\t\t\t\t\t<\/div>\n\t\t\t\t\t<\/div>\n\t\t<\/section>\n\t\t\t\t<section class=\"elementor-section elementor-top-section elementor-element elementor-element-26add03 elementor-section-boxed elementor-section-height-default elementor-section-height-default\" data-id=\"26add03\" data-element_type=\"section\">\n\t\t\t\t\t\t<div class=\"elementor-container elementor-column-gap-default\">\n\t\t\t\t\t\t\t<div class=\"elementor-row\">\n\t\t\t\t\t<div class=\"elementor-column elementor-col-100 elementor-top-column elementor-element elementor-element-d0d2056\" data-id=\"d0d2056\" data-element_type=\"column\">\n\t\t\t<div class=\"elementor-column-wrap elementor-element-populated\">\n\t\t\t\t\t\t\t<div class=\"elementor-widget-wrap\">\n\t\t\t\t\t\t<div class=\"elementor-element elementor-element-0e5685f elementor-widget elementor-widget-text-editor\" data-id=\"0e5685f\" data-element_type=\"widget\" data-widget_type=\"text-editor.default\">\n\t\t\t\t<div class=\"elementor-widget-container\">\n\t\t\t\t\t<div class=\"elementor-text-editor elementor-clearfix\"><span style=\"color: #43358b; font-family: Ubuntu; font-size: small;\">Cumplir con la obligaci\u00f3n de mantener reserva y resguardar la identidad de la ni\u00f1a, ni\u00f1o, adolescente y mujer v\u00edctima de violencia y de restringir el acceso a la documentaci\u00f3n sobre los mismos, salvo autorizaci\u00f3n expresa de la autoridad competente.<span class=\"Apple-converted-space\">\u00a0<\/span><\/span><\/div>\n\t\t\t\t<\/div>\n\t\t\t\t<\/div>\n\t\t\t\t\t\t<\/div>\n\t\t\t\t\t<\/div>\n\t\t<\/div>\n\t\t\t\t\t\t\t\t<\/div>\n\t\t\t\t\t<\/div>\n\t\t<\/section>\n\t\t\t\t<section class=\"elementor-section elementor-top-section elementor-element elementor-element-a935cdf elementor-section-boxed elementor-section-height-default elementor-section-height-default\" data-id=\"a935cdf\" data-element_type=\"section\">\n\t\t\t\t\t\t<div class=\"elementor-container elementor-column-gap-default\">\n\t\t\t\t\t\t\t<div class=\"elementor-row\">\n\t\t\t\t\t<div class=\"elementor-column elementor-col-100 elementor-top-column elementor-element elementor-element-7453fec\" data-id=\"7453fec\" data-element_type=\"column\">\n\t\t\t<div class=\"elementor-column-wrap elementor-element-populated\">\n\t\t\t\t\t\t\t<div class=\"elementor-widget-wrap\">\n\t\t\t\t\t\t<div class=\"elementor-element elementor-element-39adbbc elementor-widget elementor-widget-text-editor\" data-id=\"39adbbc\" data-element_type=\"widget\" data-widget_type=\"text-editor.default\">\n\t\t\t\t<div class=\"elementor-widget-container\">\n\t\t\t\t\t<div class=\"elementor-text-editor elementor-clearfix\"><div class=\"page\" title=\"Page 157\"><div class=\"section\"><div class=\"layoutArea\"><div class=\"column\"><p><span style=\"color: #43358b;\"><strong>\u00bf<span style=\"font-size: 16px;\">Cu\u00e1les son las acciones a seguirse en casos en los que las v\u00edctimas requieren atenci\u00f3n m\u00e9dica o contenci\u00f3n emocional<\/span>?<\/strong><\/span><\/p><div class=\"page\" title=\"Page 157\"><div class=\"section\"><div class=\"layoutArea\"><div class=\"column\"><div class=\"page\" title=\"Page 157\"><div class=\"section\"><div class=\"layoutArea\"><div class=\"column\"><div class=\"page\" title=\"Page 158\"><div class=\"section\"><div class=\"layoutArea\"><div class=\"column\"><div class=\"page\" title=\"Page 161\"><div class=\"section\"><div class=\"layoutArea\"><div class=\"column\"><div class=\"page\" title=\"Page 175\"><div class=\"section\"><div class=\"layoutArea\"><div class=\"column\"><p>Para una efectiva, adecuada y oportuna atencio\u0301n es preciso identificar las circunstancias en las que se encuentra la vi\u0301ctima, lo que determinara\u0301 el tipo de respuesta, siendo las situaciones ma\u0301s frecuentes las que se describen a continuacio\u0301n:<\/p><table cellspacing=\"0\" cellpadding=\"0\"><tbody><tr><td valign=\"middle\"><p><span style=\"color: #000000; font-family: Ubuntu; font-size: small;\">La v\u00edctima se encuentra en estado de crisis, con o sin lesiones, con necesidad urgente de intervenci\u00f3n psicol\u00f3gica.<span class=\"Apple-converted-space\">\u00a0<\/span><\/span><\/p><\/td><td valign=\"middle\"><ul><li><span style=\"color: #000000; font-family: Ubuntu; font-size: small;\">Llanto, gritos, desesperaci\u00f3n, aflicci\u00f3n, irritabilidad, nerviosismo, agresividad.<span class=\"Apple-converted-space\">\u00a0<\/span><\/span><\/li><li><span style=\"color: #000000; font-family: Ubuntu; font-size: small;\">Temor hacia su agresor y\/o familiares.<span class=\"Apple-converted-space\">\u00a0<\/span><\/span><\/li><li><span style=\"color: #000000; font-family: Ubuntu; font-size: small;\">Indecisi\u00f3n, confusi\u00f3n e impotencia ante su situaci\u00f3n de violencia.<span class=\"Apple-converted-space\">\u00a0<\/span><\/span><\/li><li><span style=\"color: #000000; font-family: Ubuntu; font-size: small;\">Culpabilizaci\u00f3n y verg\u00fcenza.<span class=\"Apple-converted-space\">\u00a0<\/span><\/span><\/li><li><span style=\"color: #000000; font-family: Ubuntu; font-size: small;\">Incapacidad de reacci\u00f3n y sensaci\u00f3n de estar paralizada y sin salida ante su situaci\u00f3n de violencia.<span class=\"Apple-converted-space\">\u00a0<\/span><\/span><\/li><li><span style=\"color: #000000; font-family: Ubuntu; font-size: small;\">Agitaci\u00f3n y temblor descontrolado, mareos, n\u00e1useas, estado de shock, falta de aire, sensaci\u00f3n de ahogo.<span class=\"Apple-converted-space\">\u00a0<\/span><\/span><\/li><li><span style=\"color: #000000; font-family: Ubuntu; font-size: small;\">Imposibilidad para hablar y organizar sus ideas.<span class=\"Apple-converted-space\">\u00a0<\/span><\/span><\/li><li><span style=\"color: #000000; font-family: Ubuntu; font-size: small;\">La v\u00edctima ha verbalizado su intenci\u00f3n de quitarse la vida.<span class=\"Apple-converted-space\">\u00a0<\/span><\/span><\/li><\/ul><\/td><\/tr><tr><td valign=\"middle\"><p><span style=\"color: #000000; font-family: Ubuntu; font-size: small;\">La v\u00edctima se presenta sin lesiones visibles con capacidad para expresar lo sucedido y puede movilizarse por s\u00ed misma.<span class=\"Apple-converted-space\">\u00a0<\/span><\/span><\/p><\/td><td valign=\"middle\"><ul><li><span style=\"color: #000000; font-family: Ubuntu; font-size: small;\">No presenta da\u00f1o f\u00edsico visible.<span class=\"Apple-converted-space\">\u00a0<\/span><\/span><\/li><li><span style=\"color: #000000; font-family: Ubuntu; font-size: small;\">No presenta afectaci\u00f3n emocional visible al momento de presentar la denuncia.<span class=\"Apple-converted-space\">\u00a0<\/span><\/span><\/li><li><span style=\"color: #000000; font-family: Ubuntu; font-size: small;\">Se encuentra en posibilidades de relatar lo sucedido sin dificultades.<span class=\"Apple-converted-space\">\u00a0<\/span><\/span><\/li><li><span style=\"color: #000000; font-family: Ubuntu; font-size: small;\">Tiene la capacidad de movilizarse por s\u00ed misma.<span class=\"Apple-converted-space\">\u00a0<\/span><\/span><\/li><\/ul><\/td><\/tr><tr><td valign=\"middle\"><p><span style=\"color: #000000; font-family: Ubuntu; font-size: small;\">La v\u00edctima refiere o se observa<br \/>un da\u00f1o f\u00edsico severo o agresi\u00f3n sexual reciente y\/o se encuentra comprometida su vida.<span class=\"Apple-converted-space\">\u00a0<\/span><\/span><\/p><\/td><td valign=\"middle\"><ul><li><span style=\"color: #000000; font-family: Ubuntu; font-size: small;\">Dificultad o incapacidad f\u00edsica para movilizarse.<span class=\"Apple-converted-space\">\u00a0<\/span><\/span><\/li><li><span style=\"color: #000000; font-family: Ubuntu; font-size: small;\">Presenta lesiones f\u00edsicas visibles.<span class=\"Apple-converted-space\">\u00a0<\/span><\/span><\/li><li><span style=\"color: #000000; font-family: Ubuntu; font-size: small;\">La vida de la v\u00edctima corre peligro a causa de la agresi\u00f3n f\u00edsica.<span class=\"Apple-converted-space\">\u00a0<\/span><\/span><\/li><li><span style=\"color: #000000; font-family: Ubuntu; font-size: small;\">Se encuentra en riesgo la vida de uno de los miembros del entorno familiar.<span class=\"Apple-converted-space\">\u00a0<\/span><\/span><\/li><li><span style=\"color: #000000; font-family: Ubuntu; font-size: small;\">Presenta signos de haber sufrido una agresi\u00f3n sexual o refiere haberlo sido.<span class=\"Apple-converted-space\">\u00a0<\/span><\/span><\/li><li><span style=\"color: #000000; font-family: Ubuntu; font-size: small;\">La v\u00edctima se encuentra embarazada.<span class=\"Apple-converted-space\">\u00a0<\/span><\/span><\/li><li><span style=\"color: #000000; font-family: Ubuntu; font-size: small;\">La v\u00edctima se presenta, acompa\u00f1ada o se conoce que est\u00e1 con sus hijos\/as menores de edad.<span class=\"Apple-converted-space\">\u00a0<\/span><\/span><\/li><li><span style=\"color: #000000; font-family: Ubuntu; font-size: small;\">La v\u00edctima presenta signos de haber intentado quitarse la vida.<span class=\"Apple-converted-space\">\u00a0<\/span><\/span><\/li><\/ul><\/td><\/tr><\/tbody><\/table><\/div><\/div><\/div><\/div><\/div><\/div><\/div><\/div><\/div><\/div><\/div><\/div><\/div><\/div><\/div><\/div><\/div><\/div><\/div><\/div><\/div><\/div><\/div><\/div><\/div>\n\t\t\t\t<\/div>\n\t\t\t\t<\/div>\n\t\t\t\t\t\t<\/div>\n\t\t\t\t\t<\/div>\n\t\t<\/div>\n\t\t\t\t\t\t\t\t<\/div>\n\t\t\t\t\t<\/div>\n\t\t<\/section>\n\t\t\t\t<section class=\"elementor-section elementor-top-section elementor-element elementor-element-2f68e7b elementor-section-boxed elementor-section-height-default elementor-section-height-default\" data-id=\"2f68e7b\" data-element_type=\"section\">\n\t\t\t\t\t\t<div class=\"elementor-container elementor-column-gap-default\">\n\t\t\t\t\t\t\t<div class=\"elementor-row\">\n\t\t\t\t\t<div class=\"elementor-column elementor-col-100 elementor-top-column elementor-element elementor-element-7efc85c\" data-id=\"7efc85c\" data-element_type=\"column\">\n\t\t\t<div class=\"elementor-column-wrap elementor-element-populated\">\n\t\t\t\t\t\t\t<div class=\"elementor-widget-wrap\">\n\t\t\t\t\t\t<div class=\"elementor-element elementor-element-906cd98 elementor-widget elementor-widget-text-editor\" data-id=\"906cd98\" data-element_type=\"widget\" data-widget_type=\"text-editor.default\">\n\t\t\t\t<div class=\"elementor-widget-container\">\n\t\t\t\t\t<div class=\"elementor-text-editor elementor-clearfix\"><div class=\"page\" title=\"Page 157\"><div class=\"section\"><div class=\"layoutArea\"><div class=\"column\"><p><span style=\"color: #43358b;\"><strong><span style=\"font-size: 16px;\">LINEAMIENTOS PARA CASOS EN LOS QUE SE OBSERVA QUE LA V\u00cdCTIMA PRESENTA O INDICA TENER UN DA\u00d1O F\u00cdSICO SEVERO, AGRESI\u00d3N SEXUAL Y\/O SE ENCUENTRA COMPROMETIDA SU VIDA<\/span><\/strong><\/span><\/p><div class=\"page\" title=\"Page 157\"><div class=\"section\"><div class=\"layoutArea\"><div class=\"column\"><div class=\"page\" title=\"Page 157\"><div class=\"section\"><div class=\"layoutArea\"><div class=\"column\"><div class=\"page\" title=\"Page 158\"><div class=\"section\"><div class=\"layoutArea\"><div class=\"column\"><div class=\"page\" title=\"Page 161\"><div class=\"section\"><div class=\"layoutArea\"><div class=\"column\"><div class=\"page\" title=\"Page 175\"><div class=\"section\"><div class=\"layoutArea\"><div class=\"column\"><div class=\"page\" title=\"Page 176\"><div class=\"section\"><div class=\"layoutArea\"><div class=\"column\"><p>Con la finalidad de precautelar la integridad fi\u0301sica y emocional de la vi\u0301ctima y su entorno familiar, se establecen dos li\u0301neas de accio\u0301n:<\/p><p><strong>Con relacio\u0301n a la vi\u0301ctima<\/strong><\/p><table cellspacing=\"0\" cellpadding=\"0\"><tbody><tr><td valign=\"middle\"><p><span style=\"color: #000000; font-family: Ubuntu; font-size: xx-large;\"><b>1<\/b><\/span><\/p><\/td><td valign=\"middle\"><p><span style=\"color: #000000; font-family: Ubuntu; font-size: small;\"><b><i>Establecer el estado de la v\u00edctima<span class=\"Apple-converted-space\">\u00a0<\/span><\/i><\/b><\/span><\/p><p><span style=\"color: #000000; font-family: Ubuntu; font-size: small;\">La primera acci\u00f3n a realizar por las Instancias Promotoras de Denuncia, es observar y preguntar a la v\u00edctima sobre su estado f\u00edsico y tomar atenci\u00f3n de las molestias o dolores que podr\u00eda presentar; priorizando su atenci\u00f3n m\u00e9dica, para tal efecto deber\u00e1 ser acompa\u00f1ada inmediatamente, a un servicio de salud, para que reciba la asistencia m\u00e9dica necesaria de acuerdo a los procedimientos establecidos.<span class=\"Apple-converted-space\">\u00a0<\/span><\/span><\/p><\/td><\/tr><tr><td valign=\"middle\"><p><span style=\"color: #000000; font-family: Ubuntu; font-size: xx-large;\"><b>2<\/b><\/span><\/p><\/td><td valign=\"middle\"><p><span style=\"color: #000000; font-family: Ubuntu; font-size: small;\"><b><i>Valoraci\u00f3n m\u00e9dica<span class=\"Apple-converted-space\">\u00a0<\/span><\/i><\/b><\/span><\/p><p><span style=\"color: #000000; font-family: Ubuntu; font-size: small;\">La Instancia Promotora de Denuncia en relaci\u00f3n a la valoraci\u00f3n m\u00e9dica debe precautelar que se respeten los derechos de la v\u00edctima, en especial, a un trato respetuoso, la utilizaci\u00f3n del consentimiento informado y la entrega del Certificado M\u00e9dico \u00danico de Violencia.<span class=\"Apple-converted-space\">\u00a0<\/span><\/span><\/p><p><span style=\"color: #000000; font-family: Ubuntu; font-size: small;\">Sus tareas son:<span class=\"Apple-converted-space\">\u00a0<\/span><\/span><\/p><ul><li><span style=\"color: #000000; font-family: Ubuntu; font-size: small;\">Explicar a la v\u00edctima la finalidad del examen a ser realizado y la importancia del mismo para el proceso penal, en t\u00e9rminos claros y sencillos.<span class=\"Apple-converted-space\">\u00a0<\/span><\/span><\/li><li><span style=\"color: #000000; font-family: Ubuntu; font-size: small;\">Informarle en compa\u00f1\u00eda de la o el m\u00e9dico, los procedimientos que se aplicar\u00e1n para su revisi\u00f3n, de igual manera, recordarle que no debe sentirse pre- juzgada o culpable.<span class=\"Apple-converted-space\">\u00a0<\/span><\/span><\/li><li><span style=\"color: #000000; font-family: Ubuntu; font-size: small;\">Recordarle que, durante la evaluaci\u00f3n m\u00e9dica, la o el funcionario\/a de la Instancia Promotora de Denuncia la acompa\u00f1ar\u00e1, si lo desea, en la revisi\u00f3n m\u00e9dica, la que debe realizarse de acuerdo a los procedimientos establecidos.<span class=\"Apple-converted-space\">\u00a0<\/span><\/span><\/li><li><span style=\"color: #000000; font-family: Ubuntu; font-size: small;\">En casos de violencia sexual debe precautelar adem\u00e1s de lo ya indicado, que la v\u00edctima reciba la profilaxis de ITS, VIH, Hepatitis B, anticoncepci\u00f3n de emergencia. Se le informar\u00e1 de su derecho a la interrupci\u00f3n legal del embarazo.<span class=\"Apple-converted-space\">\u00a0<\/span><\/span><\/li><\/ul><\/td><\/tr><tr><td valign=\"middle\"><p><span style=\"color: #000000; font-family: Ubuntu; font-size: xx-large;\"><b>3<\/b><\/span><\/p><\/td><td valign=\"middle\"><p><span style=\"color: #000000; font-family: Ubuntu; font-size: small;\"><b><i>Presentaci\u00f3n de la denuncia<span class=\"Apple-converted-space\">\u00a0<\/span><\/i><\/b><\/span><\/p><p><span style=\"color: #000000; font-family: Ubuntu; font-size: small;\">Una vez atendida la v\u00edctima y asegurada su integridad f\u00edsica y emocional se presentar\u00e1 la denuncia al Ministerio P\u00fablico. Tambi\u00e9n es posible que este acompa\u00f1amiento sea requerido por la o el Fiscal de Materia en caso de no haberse realizado la atenci\u00f3n m\u00e9dica previamente.<span class=\"Apple-converted-space\">\u00a0<\/span><\/span><\/p><\/td><\/tr><tr><td valign=\"middle\"><p><span style=\"color: #000000; font-family: Ubuntu; font-size: xx-large;\"><b>4<\/b><\/span><\/p><\/td><td valign=\"middle\"><p><span style=\"color: #000000; font-family: Ubuntu; font-size: small;\"><b><i>Apoyo terap\u00e9utico<span class=\"Apple-converted-space\">\u00a0<\/span><\/i><\/b><\/span><\/p><p><span style=\"color: #000000; font-family: Ubuntu; font-size: small;\">En estos casos es fundamental brindar el apoyo terap\u00e9utico que deber\u00e1 realizarse por la Instituci\u00f3n Promotora de la Denuncia o coordinarse con instituciones p\u00fablicas o de la sociedad civil que brinden este servicio. Trat\u00e1ndose de ni\u00f1as, ni\u00f1os y adolescentes es posible recurrir a los Centros Especializados de Prevenci\u00f3n y Atenci\u00f3n Terap\u00e9utica.<span class=\"Apple-converted-space\">\u00a0<\/span><\/span><\/p><\/td><\/tr><tr><td valign=\"middle\"><p><span style=\"color: #000000; font-family: Ubuntu; font-size: xx-large;\"><b>5<\/b><\/span><\/p><\/td><td valign=\"middle\"><p><span style=\"color: #000000; font-family: Ubuntu; font-size: small;\"><b><i>Valoraci\u00f3n de riesgo<span class=\"Apple-converted-space\">\u00a0<\/span><\/i><\/b><\/span><\/p><p><span style=\"color: #000000; font-family: Ubuntu; font-size: small;\">El personal t\u00e9cnico de la Instituci\u00f3n Promotora de Denuncia tomar\u00e1 en cuenta estos elementos para efectuar una valoraci\u00f3n inicial de riesgos de la v\u00edctima a fin de disponer las medidas de protecci\u00f3n especial que corresponda conforme se establece m\u00e1s adelante.<span class=\"Apple-converted-space\">\u00a0<\/span><\/span><\/p><\/td><\/tr><\/tbody><\/table><p><strong>Con relacio\u0301n al hecho<\/strong><\/p><table cellspacing=\"0\" cellpadding=\"0\"><tbody><tr><td valign=\"middle\"><p><span style=\"color: #000000; font-family: Ubuntu; font-size: xx-large;\"><b>1<\/b><\/span><\/p><\/td><td valign=\"middle\"><p><span style=\"color: #000000; font-family: Ubuntu; font-size: small;\"><b><i>Presentar denuncia<span class=\"Apple-converted-space\">\u00a0<\/span><\/i><\/b><\/span><\/p><p><span style=\"color: #000000; font-family: Ubuntu; font-size: small;\">Para casos de agresi\u00f3n f\u00edsica y sexual de forma paralela y mientras la v\u00edctima se encuentra recibiendo la atenci\u00f3n m\u00e9dica o psicol\u00f3gica; el o la abogado\/a de la Instancia Promotora de Denuncia, denunciar\u00e1 el hecho ante el Ministerio P\u00fablico, de forma verbal o por escrito debiendo describir los siguientes elementos:<span class=\"Apple-converted-space\">\u00a0<\/span><\/span><\/p><ol><li><i><\/i><span style=\"color: #000000; font-family: Ubuntu; font-size: small;\"><i>Datos de identificaci\u00f3n de la o las v\u00edctimas.<span class=\"Apple-converted-space\">\u00a0<\/span><\/i><\/span><\/li><li><i><\/i><span style=\"color: #000000; font-family: Ubuntu; font-size: small;\"><i>Domicilio real y procesal de la v\u00edctima.<span class=\"Apple-converted-space\">\u00a0<\/span><\/i><\/span><\/li><li><i><\/i><span style=\"color: #000000; font-family: Ubuntu; font-size: small;\"><i>Datos de identificaci\u00f3n del denunciado, en caso de conocerlo.<span class=\"Apple-converted-space\">\u00a0<\/span><\/i><\/span><\/li><li><i><\/i><span style=\"color: #000000; font-family: Ubuntu; font-size: small;\"><i>La relaci\u00f3n circunstanciada del hecho que deber\u00e1 contener informaci\u00f3n sobre \u00bfCu\u00e1ndo? (elementos de tiempo, fecha del hecho), \u00bfD\u00f3nde? (elementos de localizaci\u00f3n, lugar del hecho), \u00bfQui\u00e9n hizo? (protagonista del hecho, denunciado\/a), \u00bfQu\u00e9 hizo? (conducta, actos en los que incurri\u00f3) \u00bfA qui\u00e9n se lo hizo? (v\u00edctima), \u00bfC\u00f3mo lo hizo?, (circunstancias de modo, instrumentos, etc.) \u00bfCu\u00e1l fue el resultado?, (resultado del hecho, da\u00f1o o lesiones provocadas).<span class=\"Apple-converted-space\">\u00a0<\/span><\/i><\/span><\/li><li><i><\/i><span style=\"color: #000000; font-family: Ubuntu; font-size: small;\"><i>Circunstancias y condiciones de la o las v\u00edctimas.<span class=\"Apple-converted-space\">\u00a0<\/span><\/i><\/span><\/li><li><i><\/i><span style=\"color: #000000; font-family: Ubuntu; font-size: small;\"><i>Indicaci\u00f3n del servicio de salud donde se encuentre la o las v\u00edctimas.<span class=\"Apple-converted-space\">\u00a0<\/span><\/i><\/span><\/li><li><i><\/i><span style=\"color: #000000; font-family: Ubuntu; font-size: small;\"><i>Medidas de protecci\u00f3n dispuestas, en caso que se hubiera determinado la urgencia o se hubiese establecido situaci\u00f3n de riesgo para la v\u00edctima.<span class=\"Apple-converted-space\">\u00a0<\/span><\/i><\/span><\/li><\/ol><\/td><\/tr><tr><td valign=\"middle\"><p><span style=\"color: #000000; font-family: Ubuntu; font-size: xx-large;\"><b>2<\/b><\/span><\/p><\/td><td valign=\"middle\"><p><span style=\"color: #000000; font-family: Ubuntu; font-size: small;\"><b><i>Asesoramiento a la v\u00edctima<span class=\"Apple-converted-space\">\u00a0<\/span><\/i><\/b><\/span><\/p><p><span style=\"color: #000000; font-family: Ubuntu; font-size: small;\">Se debe asesorar a la v\u00edctima y\/o familiares sobre la importancia y la forma de preservar las pruebas. Si el hecho ocurri\u00f3 dentro de las 72 horas debe aconsejarse a la v\u00edctima o a su familia que \u00e9sta no se ba\u00f1e, ni que se la lave o bote su ropa. Debe cuidarse que el lugar de los hechos quede intacto para la recolecci\u00f3n de indicios.<span class=\"Apple-converted-space\">\u00a0<\/span><\/span><\/p><\/td><\/tr><\/tbody><\/table><p>\u00a0<\/p><\/div><\/div><\/div><\/div><\/div><\/div><\/div><\/div><\/div><\/div><\/div><\/div><\/div><\/div><\/div><\/div><\/div><\/div><\/div><\/div><\/div><\/div><\/div><\/div><\/div><\/div><\/div><\/div><\/div>\n\t\t\t\t<\/div>\n\t\t\t\t<\/div>\n\t\t\t\t\t\t<\/div>\n\t\t\t\t\t<\/div>\n\t\t<\/div>\n\t\t\t\t\t\t\t\t<\/div>\n\t\t\t\t\t<\/div>\n\t\t<\/section>\n\t\t\t\t<section class=\"elementor-section elementor-top-section elementor-element elementor-element-e26993c elementor-section-boxed elementor-section-height-default elementor-section-height-default\" data-id=\"e26993c\" data-element_type=\"section\">\n\t\t\t\t\t\t<div class=\"elementor-container elementor-column-gap-default\">\n\t\t\t\t\t\t\t<div class=\"elementor-row\">\n\t\t\t\t\t<div class=\"elementor-column elementor-col-100 elementor-top-column elementor-element elementor-element-3c3c5ee\" data-id=\"3c3c5ee\" data-element_type=\"column\">\n\t\t\t<div class=\"elementor-column-wrap elementor-element-populated\">\n\t\t\t\t\t\t\t<div class=\"elementor-widget-wrap\">\n\t\t\t\t\t\t<div class=\"elementor-element elementor-element-b9c1c6c elementor-widget elementor-widget-text-editor\" data-id=\"b9c1c6c\" data-element_type=\"widget\" data-widget_type=\"text-editor.default\">\n\t\t\t\t<div class=\"elementor-widget-container\">\n\t\t\t\t\t<div class=\"elementor-text-editor elementor-clearfix\"><div class=\"page\" title=\"Page 157\"><div class=\"section\"><div class=\"layoutArea\"><div class=\"column\"><p><span style=\"color: #43358b;\"><strong><span style=\"font-size: 16px;\">LINEAMIENTOS PARA CASOS EN LOS QUE LA V\u00cdCTIMA SE ENCUENTRA EN ESTADO DE CRISIS CON NECESIDAD URGENTE DE INTERVENCI\u00d3N PSICOL\u00d3GICA<\/span><\/strong><\/span><\/p><div class=\"page\" title=\"Page 157\"><div class=\"section\"><div class=\"layoutArea\"><div class=\"column\"><div class=\"page\" title=\"Page 157\"><div class=\"section\"><div class=\"layoutArea\"><div class=\"column\"><div class=\"page\" title=\"Page 158\"><div class=\"section\"><div class=\"layoutArea\"><div class=\"column\"><div class=\"page\" title=\"Page 161\"><div class=\"section\"><div class=\"layoutArea\"><div class=\"column\"><div class=\"page\" title=\"Page 175\"><div class=\"section\"><div class=\"layoutArea\"><div class=\"column\"><div class=\"page\" title=\"Page 176\"><div class=\"section\"><div class=\"layoutArea\"><div class=\"column\"><div class=\"page\" title=\"Page 179\"><div class=\"section\"><div class=\"layoutArea\"><div class=\"column\"><p><strong>\u00bfQue\u0301 es el estado de crisis?<\/strong><\/p><p>El estado de crisis es una reaccio\u0301n conductual, emocional y cognitiva de una persona ante un evento precipitante, que se constituye en un estado temporal de trastorno, desorganizacio\u0301n y necesidad de ayuda.<\/p><p>Quien experimenta una crisis indica no saber que\u0301 hacer, se encuentra como paralizada e incluso sorprendida, porque no logra afrontar la situacio\u0301n, se percibe a merced de las circunstancias, posiblemente, experimentando emociones que no conoci\u0301a y percibiendo una gran necesidad de ayuda. La crisis se experimenta de manera diversa segu\u0301n el hecho, la edad, el sexo, condicio\u0301n de discapacidad y otros aspectos socioculturales; es decir, genera impactos diferenciales y por ello debe abordarse tomando en cuenta las caracteri\u0301sticas particulares de la vi\u0301ctima.<\/p><p><strong>\u00bfCua\u0301l es el procedimiento en estados de crisis?<\/strong><\/p><p>La Instancia Promotora de Denuncia, intervendra\u0301 en el primer contacto de la siguiente manera:<\/p><\/div><\/div><\/div><\/div><\/div><div><table cellspacing=\"0\" cellpadding=\"0\"><tbody><tr><td valign=\"middle\"><p><span style=\"color: #000000; font-family: Ubuntu; font-size: xx-large;\"><b>1<\/b><\/span><\/p><\/td><td valign=\"middle\"><p><span style=\"color: #000000; font-family: Ubuntu; font-size: small;\"><b><i>Contenci\u00f3n<span class=\"Apple-converted-space\">\u00a0<\/span><\/i><\/b><\/span><\/p><p><span style=\"color: #000000; font-family: Ubuntu; font-size: small;\">Realizar\u00e1 con prioridad la intervenci\u00f3n en crisis, para estabilizar a la v\u00edctima propiciando la escucha activa y contenci\u00f3n emocional.<span class=\"Apple-converted-space\">\u00a0<\/span><\/span><\/p><\/td><\/tr><tr><td valign=\"middle\"><p><span style=\"color: #000000; font-family: Ubuntu; font-size: xx-large;\"><b>2<\/b><\/span><\/p><\/td><td valign=\"middle\"><p><span style=\"color: #000000; font-family: Ubuntu; font-size: small;\"><b><i>Elaboraci\u00f3n de informe<span class=\"Apple-converted-space\">\u00a0<\/span><\/i><\/b><\/span><\/p><p><span style=\"color: #000000; font-family: Ubuntu; font-size: small;\">Elaborar\u00e1 un informe breve sobre la intervenci\u00f3n efectuada describiendo \u00fanicamente el estado en el que se recibi\u00f3 a la v\u00edctima, incluyendo las recomendaciones urgentes de intervenci\u00f3n inmediata que se requiera. Informe que deber\u00e1 ser adjuntado a la denuncia. (Ver Anexo 6).<span class=\"Apple-converted-space\">\u00a0<\/span><\/span><\/p><\/td><\/tr><tr><td valign=\"middle\"><p><span style=\"color: #000000; font-family: Ubuntu; font-size: xx-large;\"><b>3<\/b><\/span><\/p><\/td><td valign=\"middle\"><p><span style=\"color: #000000; font-family: Ubuntu; font-size: small;\"><b><i>Derivaci\u00f3n a otros servicios<span class=\"Apple-converted-space\">\u00a0<\/span><\/i><\/b><\/span><\/p><p><span style=\"color: #000000; font-family: Ubuntu; font-size: small;\">Derivar\u00e1 seg\u00fan las necesidades de la v\u00edctima, en coordinaci\u00f3n interinstitucional, a un servicio especializado para su protecci\u00f3n, recuperaci\u00f3n y\/o tratamiento.<span class=\"Apple-converted-space\">\u00a0<\/span><\/span><\/p><\/td><\/tr><\/tbody><\/table><\/div><\/div><\/div><\/div><\/div><\/div><\/div><\/div><\/div><\/div><\/div><\/div><\/div><\/div><\/div><\/div><\/div><\/div><\/div><\/div><\/div><\/div><\/div><\/div><\/div><\/div><\/div><\/div><\/div>\n\t\t\t\t<\/div>\n\t\t\t\t<\/div>\n\t\t\t\t\t\t<\/div>\n\t\t\t\t\t<\/div>\n\t\t<\/div>\n\t\t\t\t\t\t\t\t<\/div>\n\t\t\t\t\t<\/div>\n\t\t<\/section>\n\t\t\t\t<section class=\"elementor-section elementor-top-section elementor-element elementor-element-3aebc09 elementor-section-boxed elementor-section-height-default elementor-section-height-default\" data-id=\"3aebc09\" data-element_type=\"section\">\n\t\t\t\t\t\t<div class=\"elementor-container elementor-column-gap-default\">\n\t\t\t\t\t\t\t<div class=\"elementor-row\">\n\t\t\t\t\t<div class=\"elementor-column elementor-col-100 elementor-top-column elementor-element elementor-element-330f3ef\" data-id=\"330f3ef\" data-element_type=\"column\">\n\t\t\t<div class=\"elementor-column-wrap elementor-element-populated\">\n\t\t\t\t\t\t\t<div class=\"elementor-widget-wrap\">\n\t\t\t\t\t\t<div class=\"elementor-element elementor-element-eaa491c elementor-widget elementor-widget-text-editor\" data-id=\"eaa491c\" data-element_type=\"widget\" data-widget_type=\"text-editor.default\">\n\t\t\t\t<div class=\"elementor-widget-container\">\n\t\t\t\t\t<div class=\"elementor-text-editor elementor-clearfix\"><span style=\"color: #43358b; font-family: Ubuntu; font-size: small;\">La contenci\u00f3n tiene la \u00fanica finalidad de superar moment\u00e1neamente el estado emocional presentado por la v\u00edctima, posteriormente se aplicar\u00e1 la intervenci\u00f3n psicoterap\u00e9utica necesaria.<span class=\"Apple-converted-space\">\u00a0<\/span><\/span><\/div>\n\t\t\t\t<\/div>\n\t\t\t\t<\/div>\n\t\t\t\t\t\t<\/div>\n\t\t\t\t\t<\/div>\n\t\t<\/div>\n\t\t\t\t\t\t\t\t<\/div>\n\t\t\t\t\t<\/div>\n\t\t<\/section>\n\t\t\t\t<section class=\"elementor-section elementor-top-section elementor-element elementor-element-dd883cc elementor-section-boxed elementor-section-height-default elementor-section-height-default\" data-id=\"dd883cc\" data-element_type=\"section\">\n\t\t\t\t\t\t<div class=\"elementor-container elementor-column-gap-default\">\n\t\t\t\t\t\t\t<div class=\"elementor-row\">\n\t\t\t\t\t<div class=\"elementor-column elementor-col-100 elementor-top-column elementor-element elementor-element-a5441c5\" data-id=\"a5441c5\" data-element_type=\"column\">\n\t\t\t<div class=\"elementor-column-wrap elementor-element-populated\">\n\t\t\t\t\t\t\t<div class=\"elementor-widget-wrap\">\n\t\t\t\t\t\t<div class=\"elementor-element elementor-element-d1a57d5 elementor-widget elementor-widget-text-editor\" data-id=\"d1a57d5\" data-element_type=\"widget\" data-widget_type=\"text-editor.default\">\n\t\t\t\t<div class=\"elementor-widget-container\">\n\t\t\t\t\t<div class=\"elementor-text-editor elementor-clearfix\"><div class=\"page\" title=\"Page 180\"><div class=\"section\"><div class=\"layoutArea\"><div class=\"column\"><p><strong>\u00bfQuie\u0301n puede realizar la intervencio\u0301n en crisis?<\/strong><\/p><p>Si bien el o la profesional psico\u0301loga esta\u0301 preparado para la atencio\u0301n de una persona que se encuentra en estado de crisis, ante su ausencia, cualquier profesional del equipo interdisciplinario podra\u0301 realizar la contencio\u0301n a la persona para estabilizarla.<\/p><p>La contencio\u0301n tiene la u\u0301nica finalidad de superar momenta\u0301neamente la intensidad del estado emocional presentado por la vi\u0301ctima, a fin de que ella pueda interponer su denuncia y relatar los hechos ante el Ministerio Pu\u0301blico.<\/p><p><strong>\u00bfCo\u0301mo intervenir ante un estado de crisis?<\/strong><\/p><p>Esta intervencio\u0301n se debe realizar considerando los siguientes pasos:<\/p><ul><li>Reducir rasgos de estados de ansiedad: A trave\u0301s de la utilizacio\u0301n de las diversas te\u0301cnicas cognitivo-conductuales de relajacio\u0301n y respiracio\u0301n que son u\u0301tiles en el manejo de Trastornos de Ansiedad. (Ejemplo: brindar un vaso de agua, pedir a la vi\u0301ctima que realice inhalaciones y exhalaciones de manera lenta, y otras).<\/li><li>Establecer empat\u00eda con la vi\u0301ctima: Consiste en proporcionar apoyo y brindar una comprensio\u0301n empa\u0301tica de la situacio\u0301n de la vi\u0301ctima y de su estado emocional, supone la aceptacio\u0301n incondicional de su relato sin emitir juicios de valor, respetando a la vi\u0301ctima por encima de su comportamiento, aunque este no se considere va\u0301lido o correcto.<\/li><li>Escucha activa: Consiste en escuchar hechos y sentimientos con atencio\u0301n, intere\u0301s y motivacio\u0301n. La escucha activa facilitara\u0301 a la vi\u0301ctima verbalizar sus sentimientos y dudas e ir avanzando en el proceso de estabilizacio\u0301n emocional de la nin\u0303a, nin\u0303o o adolescente, como de conocimiento de informacio\u0301n respecto al hecho, que el o ella pueda manifestar. Esto permite dar apoyo emocional a la vi\u0301ctima, a trave\u0301s de la atencio\u0301n plena de todo lo expresado, sin interrupciones, respetando sus ideas y sus silencios. De igual manera debe haber una atencio\u0301n detallista de su aspecto f\u00edsico, lenguaje corporal, tono de voz, manifestaciones de dolor, nerviosismo y preocupacio\u0301n, asumiendo una actitud confiable, comprensiva e interesada.<\/li><li>Examinar las dimensiones del problema: El objetivo es reducir las situaciones que pongan en riesgo la vida de la vi\u0301ctima (Ej. ideas suicidas).<\/li><li>Ordenamiento del grado de las necesidades: Jerarquizar los problemas que deban tratarse inmediatamente.<\/li><li>Exploracio\u0301n de posibles soluciones inmediatas: Identificar soluciones para necesidades inmediatas y establecer enlaces sociales adecuados (familiares, amigos\/as, vecinos, entre otros).<\/li><li>Ayuda a tomar una accio\u0301n concreta: Facilitar la toma de decisiones, establecer metas especi\u0301ficas de corto plazo, mantener una actitud facilitadora o adoptar una actitud directiva.<\/li><\/ul><div class=\"page\" title=\"Page 181\"><div class=\"section\"><div class=\"layoutArea\"><div class=\"column\">\u00a0<\/div><\/div><\/div><\/div><\/div><\/div><\/div><\/div><\/div>\n\t\t\t\t<\/div>\n\t\t\t\t<\/div>\n\t\t\t\t\t\t<\/div>\n\t\t\t\t\t<\/div>\n\t\t<\/div>\n\t\t\t\t\t\t\t\t<\/div>\n\t\t\t\t\t<\/div>\n\t\t<\/section>\n\t\t\t\t<section class=\"elementor-section elementor-top-section elementor-element elementor-element-c77387f elementor-section-boxed elementor-section-height-default elementor-section-height-default\" data-id=\"c77387f\" data-element_type=\"section\">\n\t\t\t\t\t\t<div class=\"elementor-container elementor-column-gap-default\">\n\t\t\t\t\t\t\t<div class=\"elementor-row\">\n\t\t\t\t\t<div class=\"elementor-column elementor-col-100 elementor-top-column elementor-element elementor-element-c297bc5\" data-id=\"c297bc5\" data-element_type=\"column\">\n\t\t\t<div class=\"elementor-column-wrap elementor-element-populated\">\n\t\t\t\t\t\t\t<div class=\"elementor-widget-wrap\">\n\t\t\t\t\t\t<div class=\"elementor-element elementor-element-dd055c0 elementor-widget elementor-widget-text-editor\" data-id=\"dd055c0\" data-element_type=\"widget\" data-widget_type=\"text-editor.default\">\n\t\t\t\t<div class=\"elementor-widget-container\">\n\t\t\t\t\t<div class=\"elementor-text-editor elementor-clearfix\"><div class=\"page\" title=\"Page 157\"><div class=\"section\"><div class=\"layoutArea\"><div class=\"column\"><p><span style=\"color: #43358b;\"><strong><span style=\"font-size: 16px;\">ACCIONES A REALIZAR CUANDO LA V\u00cdCTIMA SE PRESENTA SIN LESIONES VISIBLES CON CAPACIDAD PARA EXPRESAR LO SUCEDIDO Y PUEDE MOVILIZARSE POR S\u00cd MISMA<\/span><\/strong><\/span><\/p><div class=\"page\" title=\"Page 157\"><div class=\"section\"><div class=\"layoutArea\"><div class=\"column\"><div class=\"page\" title=\"Page 157\"><div class=\"section\"><div class=\"layoutArea\"><div class=\"column\"><div class=\"page\" title=\"Page 158\"><div class=\"section\"><div class=\"layoutArea\"><div class=\"column\"><div class=\"page\" title=\"Page 161\"><div class=\"section\"><div class=\"layoutArea\"><div class=\"column\"><div class=\"page\" title=\"Page 175\"><div class=\"section\"><div class=\"layoutArea\"><div class=\"column\"><div class=\"page\" title=\"Page 176\"><div class=\"section\"><div class=\"layoutArea\"><div class=\"column\"><div class=\"page\" title=\"Page 179\"><div class=\"section\"><div class=\"layoutArea\"><div class=\"column\"><span style=\"font-size: 16px;\">La Instancia Promotora de Denuncia, realizara\u0301:<\/span><\/div><div><table cellspacing=\"0\" cellpadding=\"0\"><tbody><tr><td valign=\"middle\"><p><span style=\"color: #000000; font-family: Ubuntu; font-size: xx-large;\"><b>1<\/b><\/span><\/p><\/td><td valign=\"middle\"><p><span style=\"color: #000000; font-family: Ubuntu; font-size: small;\"><b><i>Registro<span class=\"Apple-converted-space\">\u00a0<\/span><\/i><\/b><\/span><\/p><p><span style=\"color: #000000; font-family: Ubuntu; font-size: small;\">El registro de los hechos de violencia referidos por la v\u00edctima en el formulario correspondiente a cada instituci\u00f3n.<span class=\"Apple-converted-space\">\u00a0<\/span><\/span><\/p><\/td><\/tr><tr><td valign=\"middle\"><p><span style=\"color: #000000; font-family: Ubuntu; font-size: xx-large;\"><b>2<\/b><\/span><\/p><\/td><td valign=\"middle\"><p><span style=\"color: #000000; font-family: Ubuntu; font-size: small;\"><b><i>Presentaci\u00f3n denuncia<span class=\"Apple-converted-space\">\u00a0<\/span><\/i><\/b><\/span><\/p><p><span style=\"color: #000000; font-family: Ubuntu; font-size: small;\">La presentaci\u00f3n inmediata de la denuncia verbal o escrita al Ministerio P\u00fablico, adjuntando los informes elaborados por el equipo interdisciplinario e indicios si es que se contase con ellos.<span class=\"Apple-converted-space\">\u00a0<\/span><\/span><\/p><\/td><\/tr><\/tbody><\/table><\/div><\/div><\/div><\/div><\/div><\/div><\/div><\/div><\/div><\/div><\/div><\/div><\/div><\/div><\/div><\/div><\/div><\/div><\/div><\/div><\/div><\/div><\/div><\/div><\/div><\/div><\/div><\/div><\/div><\/div><\/div><\/div><\/div>\n\t\t\t\t<\/div>\n\t\t\t\t<\/div>\n\t\t\t\t\t\t<\/div>\n\t\t\t\t\t<\/div>\n\t\t<\/div>\n\t\t\t\t\t\t\t\t<\/div>\n\t\t\t\t\t<\/div>\n\t\t<\/section>\n\t\t\t\t<section class=\"elementor-section elementor-top-section elementor-element elementor-element-6924670 elementor-section-boxed elementor-section-height-default elementor-section-height-default\" data-id=\"6924670\" data-element_type=\"section\">\n\t\t\t\t\t\t<div class=\"elementor-container elementor-column-gap-default\">\n\t\t\t\t\t\t\t<div class=\"elementor-row\">\n\t\t\t\t\t<div class=\"elementor-column elementor-col-100 elementor-top-column elementor-element elementor-element-b4b9b01\" data-id=\"b4b9b01\" data-element_type=\"column\">\n\t\t\t<div class=\"elementor-column-wrap elementor-element-populated\">\n\t\t\t\t\t\t\t<div class=\"elementor-widget-wrap\">\n\t\t\t\t\t\t<div class=\"elementor-element elementor-element-7e7ced4 elementor-widget elementor-widget-text-editor\" data-id=\"7e7ced4\" data-element_type=\"widget\" data-widget_type=\"text-editor.default\">\n\t\t\t\t<div class=\"elementor-widget-container\">\n\t\t\t\t\t<div class=\"elementor-text-editor elementor-clearfix\"><p><span style=\"color: #43358b; font-family: Ubuntu; font-size: small;\"> Las instancias promotoras de denuncia, una vez conocido<br \/>el hecho delictivo, deber\u00e1n presentar inmediatamente la denuncia al ministerio p\u00fablico y cumplir diligentemente con la funciones que la ley establece.<br \/>En los lugares donde no exista fiscal de materia, se presentar\u00e1 al o la fiscal m\u00e1s pr\u00f3ximo.<span class=\"Apple-converted-space\">\u00a0<\/span><\/span><\/p><\/div>\n\t\t\t\t<\/div>\n\t\t\t\t<\/div>\n\t\t\t\t\t\t<\/div>\n\t\t\t\t\t<\/div>\n\t\t<\/div>\n\t\t\t\t\t\t\t\t<\/div>\n\t\t\t\t\t<\/div>\n\t\t<\/section>\n\t\t\t\t<section class=\"elementor-section elementor-top-section elementor-element elementor-element-28fc12c elementor-section-boxed elementor-section-height-default elementor-section-height-default\" data-id=\"28fc12c\" data-element_type=\"section\">\n\t\t\t\t\t\t<div class=\"elementor-container elementor-column-gap-default\">\n\t\t\t\t\t\t\t<div class=\"elementor-row\">\n\t\t\t\t\t<div class=\"elementor-column elementor-col-100 elementor-top-column elementor-element elementor-element-a8f74d3\" data-id=\"a8f74d3\" data-element_type=\"column\">\n\t\t\t<div class=\"elementor-column-wrap elementor-element-populated\">\n\t\t\t\t\t\t\t<div class=\"elementor-widget-wrap\">\n\t\t\t\t\t\t<div class=\"elementor-element elementor-element-45aaed8 elementor-widget elementor-widget-text-editor\" data-id=\"45aaed8\" data-element_type=\"widget\" data-widget_type=\"text-editor.default\">\n\t\t\t\t<div class=\"elementor-widget-container\">\n\t\t\t\t\t<div class=\"elementor-text-editor elementor-clearfix\"><div class=\"page\" title=\"Page 157\">\n<div class=\"section\">\n<div class=\"layoutArea\">\n<div class=\"column\">\n<p><span style=\"color: #43358b;\"><strong><span style=\"font-size: 16px;\">LINEAMIENTOS PARA OTRAS SITUACIONES ESPEC\u00cdFICAS<\/span><\/strong><\/span><\/p>\n<div class=\"page\" title=\"Page 157\">\n<div class=\"section\">\n<div class=\"layoutArea\">\n<div class=\"column\">\n<div class=\"page\" title=\"Page 157\">\n<div class=\"section\">\n<div class=\"layoutArea\">\n<div class=\"column\">\n<div class=\"page\" title=\"Page 158\">\n<div class=\"section\">\n<div class=\"layoutArea\">\n<div class=\"column\">\n<div class=\"page\" title=\"Page 161\">\n<div class=\"section\">\n<div class=\"layoutArea\">\n<div class=\"column\">\n<div class=\"page\" title=\"Page 175\">\n<div class=\"section\">\n<div class=\"layoutArea\">\n<div class=\"column\">\n<div class=\"page\" title=\"Page 176\">\n<div class=\"section\">\n<div class=\"layoutArea\">\n<div class=\"page\" title=\"Page 182\">\n<div class=\"section\">\n<div class=\"layoutArea\">\n<div class=\"column\">\n<ul>\n<li><strong>Mujeres acompan\u0303adas con NNA&nbsp;<\/strong><\/li>\n<\/ul>\n<p style=\"padding-left: 40px;\">Si hubiese nin\u0303as, nin\u0303os y adolescentes que dependieran de la vi\u0301ctima de violencia y por las circunstancias de los hechos, e\u0301sta no pudiera hacerse cargo de los mismos, se requerira\u0301 la presencia de la DNA y debera\u0301 localizar a la familia ampliada o gestionar el refugio circunstancial en una casa de acogida, para hacerse cargo de ellos o ellas durante las primeras diligencias, al objeto de que provisionalmente, se de\u0301 una respuesta a la necesidad, debiendo informarse al Ministerio Pu\u0301blico. De igual manera, se procedera\u0301 en caso de otras personas cuidado- dependientes de la vi\u0301ctima.<\/p>\n<ul>\n<li><strong>Personas con discapacidad&nbsp;<\/strong><\/li>\n<\/ul>\n<p style=\"padding-left: 40px;\">Cuando se trate de vi\u0301ctimas con cualquier tipo de discapacidad se entendera\u0301 que son personas que requieren atencio\u0301n prioritaria, en caso de ser necesario podra\u0301 solicitarse el apoyo de UMADIS, pues es posible que en algunos casos se requiera personal capacitado para su atencio\u0301n, en especial cuando se trate de vi\u0301ctimas con discapacidad intelectual u otra que lo haga necesario, como por ejemplo cuando se trate de una persona con discapacidad auditiva. En especial adema\u0301s de brindar una atencio\u0301n con respeto a la dignidad inherente debe garantizarse el respeto a la autonomi\u0301a individual, incluida la libertad de tomar las propias decisiones, y la independencia de las personas con discapacidad.<\/p>\n<p style=\"padding-left: 40px;\">Por otra parte, se deben realizar adaptaciones necesarias a los procedimientos y recursos institucionales para responder a las diferentes formas de discapacidad. Asi\u0301 tambie\u0301n se debe procurar que los ambientes y espacios sean accesibles<a class=\"tooltips\" title=\"De acuerdo a la Convenci\u00f3n sobre los Derechos de las Personas con Discapacidad a fin de que las personas con discapacidad puedan vivir en forma independiente y participar plenamente en todos los aspectos de la vida, los Estados Partes adoptar\u00e1n medidas pertinentes para asegurar el acceso de las personas con discapacidad, en igualdad de condiciones con las dem\u00e1s, al entorno f\u00edsico, el transporte, la informaci\u00f3n y las comunicaciones, incluidos los sistemas y las tecnolog\u00edas de la informaci\u00f3n y las comunicaciones, y a otros servicios e instalaciones abiertos al p\u00fablico o de uso p\u00fablico, tanto en zonas urbanas como rurales.\"><sup>78<\/sup><\/a> y preferentemente respondan al disen\u0303o universal<a class=\"tooltips\" title=\"Se entender\u00e1 el dise\u00f1o de productos, entornos, programas y servicios que puedan utilizar todas las personas, en la mayor medida posible, sin necesidad de adaptaci\u00f3n ni dise\u00f1o especializado. El \u201cdise\u00f1o universal\u201d no excluir\u00e1 las ayudas t\u00e9cnicas para grupos particulares de personas con discapacidad, cuando se necesiten.\"><sup>79<\/sup><\/a>.<\/p>\n<div class=\"page\" title=\"Page 183\">\n<div class=\"section\">\n<div class=\"layoutArea\">\n<div class=\"column\">\n<p style=\"padding-left: 40px;\">Para efectos de la valoracio\u0301n de riesgo debe tomarse en cuenta la situacio\u0301n de vulnerabilidad de las personas con discapacidad de sufrir nuevos hechos de violencia y las posibles barreras que le impidan solicitar auxilio.<\/p>\n<ul>\n<li><strong>Personas adultas mayores<\/strong>\n<p>Cuando la vi\u0301ctima sea una persona mayor de 60 an\u0303os se podra\u0301 pedir el apoyo del Servicio Municipal del Adulto Mayor a fin de realizar una intervencio\u0301n integral.<\/p>\n<\/li>\n<li><strong>Persona LGBTIQ+<\/strong>\n<p>En caso de que se trate de una vi\u0301ctima nin\u0303a, nin\u0303o, adolescente o mujer LGBTIQ+ sera\u0301 importante tomar en cuenta los lineamientos de actuacio\u0301n establecidos en la \u201cGui\u0301a de Atencio\u0301n a Personas LGBTIQ+ dirigida a Servidoras y Servidores de Justicia para Procesos no Discriminatorios\u201d<a class=\"tooltips\" title=\"Disponible en: https:\/\/www.comunidad.org.bo\/assets\/archivos\/publicacion\/e2fa9b2edb7b- 66705d6e410cdd8a4c83.pdf\"><sup>80<\/sup><\/a> (Ver lista en el Anexo 8), en especial asegurando que el trato que se les brinde, en general, sea el mismo respecto de cualquier otra persona, sin que esto implique desconocer un trato diferenciado cuando sea requerido para proteger sus derechos.<\/p>\n<p>Es importante, incorporar en todas las instancias de registro, manuales o informa\u0301ticos, no solo el sexo de las personas sino el ge\u0301nero de e\u0301stas y su identificacio\u0301n como persona LGBTIQ+. Tanto la orientacio\u0301n sexual como la identidad de ge\u0301nero constituyen elementos i\u0301ntimos de cada persona, por lo tanto, deben ser respetados bajo el principio de confidencialidad. Las denuncias y querellas de violencia entre parejas del mismo sexo, deben considerarse en esos te\u0301rminos y no ignorar este contexto.<\/p>\n<p>En relacio\u0301n a las personas transge\u0301nero y transexuales, cuando su documento de identificacio\u0301n no concuerde con la identidad de ge\u0301nero asumida por ella externamente, se le pedira\u0301 respetuosamente que indique la identidad de ge\u0301nero que elije para que tambie\u0301n sea registrada. Debe tomarse en cuenta que las mujeres y hombres transge\u0301nero y transexuales, en la mayori\u0301a de los casos utilizan nombres conforme a su identidad de ge\u0301nero, debiendo respetarse su identificacio\u0301n social sin que esto afecte su identificacio\u0301n legal en los registros correspondientes.<\/p>\n<\/li>\n<\/ul>\n<div class=\"page\" title=\"Page 184\">\n<div class=\"section\">\n<div class=\"layoutArea\">\n<div class=\"column\">\n<p style=\"padding-left: 40px;\">En otros casos la persona transge\u0301nero y transexuales puede haber procedido al cambio de nombre, dato del sexo e imagen a trave\u0301s de la vi\u0301a administrativa en el Servicio de Registro Ci\u0301vico, previsto en la Ley No. 807 de Identidad de Ge\u0301nero, por lo que con mayor razo\u0301n debera\u0301 ser tratada e identificada conforme los datos que figuren en su ce\u0301dula de identidad. En relacio\u0301n a la identidad de ge\u0301nero de los nin\u0303os, nin\u0303as y adolescentes, se recomienda que se aplique en todo el momento del proceso, el derecho de los nin\u0303os y nin\u0303as a ser escuchados y el principio del intere\u0301s superior del nin\u0303o.<\/p>\n<ul>\n<li><strong>Personas extranjeras<\/strong><\/li>\n<\/ul>\n<p style=\"padding-left: 40px;\">Finalmente, otro caso a tomar en cuenta es el de vi\u0301ctimas de nacionalidad distinta a la boliviana, en cuyo caso quien conozca del caso debera\u0301 comunicar esta situacio\u0301n al Ministerio Pu\u0301blico.<\/p>\n<p><span style=\"color: #43358b;\"><strong><span style=\"font-size: 16px;\">LINEAMIENTOS PARA <\/span><span style=\"font-size: 16px;\">LA VALORACIO\u0301N DE RIESGO Y LA DISPOSICIO\u0301N DE MEDIDAS DE PROTECCIO\u0301N URGENTE<\/span><\/strong><\/span><\/p>\n<div class=\"page\" title=\"Page 157\">\n<div class=\"section\">\n<div class=\"layoutArea\">\n<div class=\"column\">\n<div class=\"page\" title=\"Page 157\">\n<div class=\"section\">\n<div class=\"layoutArea\">\n<div class=\"column\">\n<div class=\"page\" title=\"Page 158\">\n<div class=\"section\">\n<div class=\"layoutArea\">\n<div class=\"column\">\n<div class=\"page\" title=\"Page 161\">\n<div class=\"section\">\n<div class=\"layoutArea\">\n<div class=\"column\">\n<div class=\"page\" title=\"Page 175\">\n<div class=\"section\">\n<div class=\"layoutArea\">\n<div class=\"column\">\n<div class=\"page\" title=\"Page 176\">\n<div class=\"section\">\n<div class=\"layoutArea\">\n<div class=\"page\" title=\"Page 182\">\n<div class=\"section\">\n<div class=\"layoutArea\">\n<div class=\"column\">\n<div class=\"page\" title=\"Page 184\">\n<div class=\"section\">\n<div class=\"layoutArea\">\n<div class=\"column\">\n<p>Cuando la vi\u0301ctima se encuentre en situacio\u0301n de riesgo y las circunstancias del caso exijan la inmediata proteccio\u0301n a su vida e integridad, la o el fiscal, la servidora o el servidor policial o cualquier otra autoridad responsable de la atencio\u0301n a mujeres en situacio\u0301n de violencia y de la defensa de los derechos de la nin\u0303ez y adolescencia (SLIM y DNA), que tomen conocimiento del hecho podra\u0301n disponer las medidas de proteccio\u0301n especial, de cara\u0301cter urgente, conforme al arti\u0301culo 389 Ter. del Co\u0301digo de Procedimiento Penal, modificado por la Ley No. 1173.<\/p>\n<p>Las medidas de proteccio\u0301n a favor de nin\u0303as, nin\u0303os y adolescentes que puede disponerse conforme el arti\u0301culo 393 Ter. incorporado al CPP por la Ley No. 1173, son las previstas en los siguientes numerales:<\/p>\n<ol>\n<li>\n<p>Salida o desocupacio\u0301n del domicilio donde habita la vi\u0301ctima, independientemente de la titularidad del bien inmueble;<\/p>\n<\/li>\n<li>\n<p>Prohibicio\u0301n de ingreso al domicilio de la vi\u0301ctima, aunque se trate del domicilio familiar;<\/p>\n<\/li>\n<li>\n<p>Prohibicio\u0301n de comunicarse directa o indirectamente y por cualquier medio con la vi\u0301ctima;<\/p>\n<\/li>\n<li>\n<p>Prohibicio\u0301n de intimidar por cualquier medio o a trave\u0301s de terceras personas a la vi\u0301ctima, asi\u0301 como a cualquier integrante de su familia;<\/p>\n<\/li>\n<\/ol>\n<ol start=\"7\">\n<li>\n<p>Devolucio\u0301n inmediata de objetos y documentos personales de la vi\u0301ctima;<\/p>\n<\/li>\n<li>\n<p>Prohibicio\u0301n de acercarse, en el radio de distancia que determine la jueza o el juez, al lugar de residencia, trabajo, estudio, esparcimiento o a los lugares de habitual concurrencia de la vi\u0301ctima;<\/p>\n<\/li>\n<li>\n<p>Prohibicio\u0301n de transitar por los lugares de recorrido frecuente de la vi\u0301ctima;<\/p>\n<\/li>\n<li>\n<p><span style=\"font-size: 16px;\">Prohibicio\u0301n de concurrir o frecuentar lugares de custodia, albergue, estudio <\/span><span style=\"font-size: 16px;\">o esparcimiento a los que concurra la vi\u0301ctima.<\/span><\/p>\n<\/li>\n<\/ol>\n<div class=\"page\" title=\"Page 185\">\n<div class=\"section\">\n<div class=\"layoutArea\">\n<div class=\"column\">\n<p>Debe tomarse en cuenta tambie\u0301n que la Ley No. 548 contempla la posibilidad del acogimiento circunstancial como medida excepcional y provisional, efectuada en situaciones de extrema urgencia o necesidad en favor de una nin\u0303a, nin\u0303o y adolescente, <strong>cuando no exista otro medio para la proteccio\u0301n inmediata de sus derechos y garanti\u0301as vulnerados o amenazados que pudiera ser dispuesto por la DNA<\/strong>, debiendo poner esta situacio\u0301n en conocimiento de la autoridad judicial en materia de Nin\u0303ez y Adolescencia o autoridad judicial de turno, dentro de las veinticuatro (24) horas de conocido el hecho.<\/p>\n<p>Trata\u0301ndose de medidas previstas en favor de las Mujeres, puede disponerse conforme el arti\u0301culo 393 Ter. incorporado al CPP por la Ley No. 1173, las siguientes medidas de proteccio\u0301n:<\/p>\n<ol>\n<li>Ordenar la salida, desocupacio\u0301n, restriccio\u0301n al agresor del domicilio conyugal o donde habite la mujer en situacio\u0301n de violencia, independientemente de la acreditacio\u0301n de propiedad o posesio\u0301n del inmueble, y ordenar que el agresor se someta a una terapia psicolo\u0301gica en un servicio de rehabilitacio\u0301n;<\/li>\n<li>Prohibir al agresor acercarse, concurrir o ingresar al domicilio, lugar de trabajo o de estudios, domicilio de las y los ascendientes o descendientes, o a cualquier otro espacio que frecuente la mujer que se encuentra en situacio\u0301n de violencia;<\/li>\n<li>Prohibir al agresor comunicarse, intimidar o molestar por cualquier medio o a trave\u0301s de terceras personas, a la mujer que se encuentra en situacio\u0301n de violencia, asi\u0301 como a cualquier integrante de su familia;<\/li>\n<li>Prohibir acciones de intimidacio\u0301n, amenazas o coaccio\u0301n a los testigos de los hechos de violencia;<\/li>\n<li>Realizar el inventario de los bienes muebles e inmuebles de propiedad comu\u0301n o de posesio\u0301n legi\u0301tima;<\/li>\n<li>Disponer la entrega inmediata de objetos y documentos personales de la mujer y de sus hijas e hijos o dependientes;<\/li>\n<li>La retencio\u0301n de documentos de propiedad de bienes muebles o inmuebles, mientras se decide la reparacio\u0301n del dan\u0303o;<\/li>\n<li>Restringir, en caso de acoso sexual, todo contacto del agresor con la mujer, sin que se vean afectados los derechos laborales de la mujer;<\/li>\n<li>Prohibicio\u0301n de transitar por los lugares de recorrido frecuente de la vi\u0301ctima.<\/li>\n<\/ol>\n<\/div>\n<\/div>\n<\/div>\n<\/div>\n<\/div>\n<\/div>\n<\/div>\n<\/div>\n<\/div>\n<\/div>\n<\/div>\n<\/div>\n<\/div>\n<\/div>\n<\/div>\n<\/div>\n<\/div>\n<\/div>\n<\/div>\n<\/div>\n<\/div>\n<\/div>\n<\/div>\n<\/div>\n<\/div>\n<\/div>\n<\/div>\n<\/div>\n<\/div>\n<\/div>\n<\/div>\n<\/div>\n<\/div>\n<\/div>\n<\/div>\n<\/div>\n<\/div>\n<\/div>\n<\/div>\n<\/div>\n<\/div>\n<\/div>\n<\/div>\n<\/div>\n<\/div>\n<\/div>\n<\/div>\n<\/div>\n<\/div>\n<\/div>\n<\/div>\n<\/div>\n<\/div>\n<\/div>\n<\/div>\n<\/div>\n<\/div>\n<\/div>\n<\/div>\n<\/div>\n<\/div>\n<\/div>\n<\/div>\n<\/div>\n<\/div>\n<\/div>\n<\/div>\n<\/div>\n<\/div>\n<\/div>\n<\/div>\n<\/div>\n<\/div>\n<\/div><\/div>\n\t\t\t\t<\/div>\n\t\t\t\t<\/div>\n\t\t\t\t\t\t<\/div>\n\t\t\t\t\t<\/div>\n\t\t<\/div>\n\t\t\t\t\t\t\t\t<\/div>\n\t\t\t\t\t<\/div>\n\t\t<\/section>\n\t\t\t\t<section class=\"elementor-section elementor-top-section elementor-element elementor-element-da0748c elementor-section-boxed elementor-section-height-default elementor-section-height-default\" data-id=\"da0748c\" data-element_type=\"section\">\n\t\t\t\t\t\t<div class=\"elementor-container elementor-column-gap-default\">\n\t\t\t\t\t\t\t<div class=\"elementor-row\">\n\t\t\t\t\t<div class=\"elementor-column elementor-col-100 elementor-top-column elementor-element elementor-element-f20899c\" data-id=\"f20899c\" data-element_type=\"column\">\n\t\t\t<div class=\"elementor-column-wrap elementor-element-populated\">\n\t\t\t\t\t\t\t<div class=\"elementor-widget-wrap\">\n\t\t\t\t\t\t<div class=\"elementor-element elementor-element-ec22078 elementor-widget elementor-widget-text-editor\" data-id=\"ec22078\" data-element_type=\"widget\" data-widget_type=\"text-editor.default\">\n\t\t\t\t<div class=\"elementor-widget-container\">\n\t\t\t\t\t<div class=\"elementor-text-editor elementor-clearfix\"><span style=\"color: #43358b; font-family: Ubuntu; font-size: small;\">  De conformidad a la Ley No. 348 (Art. 25 y 26) puede solicitarse el ingreso de la v\u00edctima en una Casa de Acogida o Refugio Temporal pero debe tenerse presente que el hecho de salir del domicilio tiene que ser, siempre, el \u00faltimo y m\u00e1s extremo recurso. Por el contrario, la medida de protecci\u00f3n que debe constituir la regla en supuestos de riesgo para la v\u00edctima, debe ser que el agresor sea quien abandone la vivienda familiar, independientemente, de la acreditaci\u00f3n de propiedad o posesi\u00f3n del bien inmueble.<span class=\"Apple-converted-space\">\u00a0<\/span><\/span><\/div>\n\t\t\t\t<\/div>\n\t\t\t\t<\/div>\n\t\t\t\t\t\t<\/div>\n\t\t\t\t\t<\/div>\n\t\t<\/div>\n\t\t\t\t\t\t\t\t<\/div>\n\t\t\t\t\t<\/div>\n\t\t<\/section>\n\t\t\t\t<section class=\"elementor-section elementor-top-section elementor-element elementor-element-cb2c79c elementor-section-boxed elementor-section-height-default elementor-section-height-default\" data-id=\"cb2c79c\" data-element_type=\"section\">\n\t\t\t\t\t\t<div class=\"elementor-container elementor-column-gap-default\">\n\t\t\t\t\t\t\t<div class=\"elementor-row\">\n\t\t\t\t\t<div class=\"elementor-column elementor-col-100 elementor-top-column elementor-element elementor-element-8238571\" data-id=\"8238571\" data-element_type=\"column\">\n\t\t\t<div class=\"elementor-column-wrap elementor-element-populated\">\n\t\t\t\t\t\t\t<div class=\"elementor-widget-wrap\">\n\t\t\t\t\t\t<div class=\"elementor-element elementor-element-5e619e2 elementor-widget elementor-widget-text-editor\" data-id=\"5e619e2\" data-element_type=\"widget\" data-widget_type=\"text-editor.default\">\n\t\t\t\t<div class=\"elementor-widget-container\">\n\t\t\t\t\t<div class=\"elementor-text-editor elementor-clearfix\"><div class=\"page\" title=\"Page 157\">\n<div class=\"section\">\n<div class=\"layoutArea\">\n<div class=\"column\">\n<div class=\"page\" title=\"Page 186\">\n<div class=\"section\">\n<div class=\"layoutArea\">\n<div class=\"column\">\n\nEl procedimiento a seguirse para disponer las medidas de proteccio\u0301n de cara\u0301cter urgente cuando se tiene conocimiento del hecho en una Instancia Promotora de la Denuncia es el siguiente:\n<table cellspacing=\"0\" cellpadding=\"0\">\n<tbody>\n<tr>\n<td valign=\"middle\"><span style=\"color: #000000; font-family: Ubuntu; font-size: xx-large;\"><b>1<\/b><\/span><\/td>\n<td valign=\"middle\"><span style=\"color: #000000; font-family: Ubuntu; font-size: small;\"><b><i>Valoraci\u00f3n de riesgo de acuerdo al caso<span class=\"Apple-converted-space\">\u00a0<\/span><\/i><\/b><\/span>\n\n<span style=\"color: #000000; font-family: Ubuntu; font-size: small;\">Una vez recepcionado un caso por hechos de violencia con identidad penal, y siempre que la v\u00edctima no requiera previamente atenci\u00f3n m\u00e9dica inmediata o contenci\u00f3n en estado de crisis, deber\u00e1 realizarse la valoraci\u00f3n de la situaci\u00f3n de riesgo de la v\u00edctima, y en caso de ser necesario imponerse las medidas de protecci\u00f3n especial de car\u00e1cter urgente previstas en la Ley No. 1173 a favor de la misma. De lo contrario, ser\u00e1 una vez atendida la emergencia de salud y contenida emocionalmente, que deber\u00e1 procederse a la respectiva valoraci\u00f3n.<span class=\"Apple-converted-space\">\u00a0<\/span><\/span>\n\n<span style=\"color: #000000; font-family: Ubuntu; font-size: small;\">Para ello, la v\u00edctima deber\u00e1 sentirse c\u00f3moda y entender el prop\u00f3sito de la valoraci\u00f3n de riesgo, se explicar\u00e1 la finalidad de las preguntas sobre los hechos vividos y los antecedentes, lo cual es importante para ganar su confianza y que la v\u00edctima comparta la informaci\u00f3n solicitada.<span class=\"Apple-converted-space\">\u00a0<\/span><\/span>\n\n<span style=\"color: #000000; font-family: Ubuntu; font-size: small;\">Estimar el riesgo es necesario para adecuar no solo las medidas de protecci\u00f3n y de seguridad que se dispondr\u00e1n para resguardar<span class=\"Apple-converted-space\">\u00a0<\/span><\/span>\n\n<span style=\"color: #000000; font-family: Ubuntu; font-size: small;\">su integridad f\u00edsica y ps\u00edquica sino tambi\u00e9n para construir con la v\u00edctima medidas de autoprotecci\u00f3n y una estrategia de acompa\u00f1amiento y asistencia desde el primer momento.<\/span>\n\n<span style=\"color: #000000; font-family: Ubuntu; font-size: small;\">Debido a que la determinaci\u00f3n del nivel de riesgo permitir\u00e1 adoptar medidas tendientes a lograr una mejor protecci\u00f3n a la v\u00edctima, su celeridad resulta de vital importancia. En consecuencia, cualquier demora podr\u00eda poner a la v\u00edctima en una nueva situaci\u00f3n de peligro, hacer reaparecer el temor o debilitar aquella decisi\u00f3n de haber realizado la denuncia.<span class=\"Apple-converted-space\">\u00a0<\/span><\/span>\n\n<span style=\"color: #000000; font-family: Ubuntu; font-size: small;\">La forma de realizaci\u00f3n de la valoraci\u00f3n depender\u00e1 del tipo de violencia y la edad de la v\u00edctima, debiendo observarse los siguientes lineamientos:<span class=\"Apple-converted-space\">\u00a0<\/span><\/span>\n\n<span style=\"color: #000000; font-family: Ubuntu; font-size: small;\"><b>Casos de violencia en relaciones de (ex)pareja<span class=\"Apple-converted-space\">\u00a0<\/span><\/b><\/span>\n\n<span style=\"color: #000000; font-family: Ubuntu; font-size: small;\"><b><i>Llenado de formulario<span class=\"Apple-converted-space\">\u00a0<\/span><\/i><\/b><\/span>\n\n<span style=\"color: #000000; font-family: Ubuntu; font-size: small;\">Trat\u00e1ndose de violencia contra las mujeres en relaciones de (ex)pareja (c\u00f3nyuges, convivientes, novios, enamorados, etc.) la valoraci\u00f3n debe realizarse llen\u00e1ndose el Formulario de Valoraci\u00f3n de Riesgo en Relaciones de Pareja conforme al instructivo (Ver Anexo 2).<span class=\"Apple-converted-space\">\u00a0<\/span><\/span>\n\n<span style=\"color: #000000; font-family: Ubuntu; font-size: small;\">En caso de contarse con el formulario se valorar\u00e1 el riesgo tomando en cuenta m\u00ednimamente las siguientes circunstancias: <b>LA RELACI\u00d3N V\u00cdCTIMA \u2013 AGRESOR, LA SITUACI\u00d3N DE VULNERABILIDAD DE LA V\u00cdCTIMA, LA COHABITACI\u00d3N CON EL DENUNCIADO, LA EXISTENCIA DE VIOLENCIA ANTERIOR, TIPOS DE VIOLENCIA EJERCIDA, LA EXISTENCIA DE AMENAZAS CONTRA LA VIDA O LA INTEGRIDAD, EL INCREMENTO DE LA FRECUENCIA Y GRAVEDAD DE LAS MISMAS, LA EXISTENCIA DE ANTECEDENTES PENALES DEL DENUNCIADO, LA CONDUCTA VIOLENTA CUANDO SE CONSUME ALCOHOL O DROGAS Y LA PERCEPCI\u00d3N DE SITUACI\u00d3N DE RIESGO DE LA V\u00cdCTIMA <\/b>para disponer las medidas de protecci\u00f3n especial de car\u00e1cter urgentes.<span class=\"Apple-converted-space\">\u00a0<\/span><\/span>\n\n<span style=\"color: #000000; font-family: Ubuntu; font-size: small;\">Debe tomarse en cuenta que \u00e9sta valoraci\u00f3n de riesgo tiene car\u00e1cter inicial a afecto de determinar la necesidad de imponer medidas de protecci\u00f3n urgentes, lo que no quiere decir que esta situaci\u00f3n sea est\u00e1tica es posible que en una caso donde inicialmente no se determine la existencia de riesgo o \u00e9ste sea leve m\u00e1s adelante el riesgo pueda incrementarse o peor a\u00fan se produzcan nuevos hechos de violencia, por ello la importancia del seguimiento y acompa\u00f1amiento a la v\u00edctima durante todo el proceso.<span class=\"Apple-converted-space\">\u00a0<\/span><\/span>\n\n<span style=\"color: #000000; font-family: Ubuntu; font-size: small;\"><b><i>Excepciones al uso del formulario<span class=\"Apple-converted-space\">\u00a0<\/span><\/i><\/b><\/span>\n\n<span style=\"color: #000000; font-family: Ubuntu; font-size: small;\">Trat\u00e1ndose de hechos de violencia flagrantes contra mujeres o en aquellos casos en los que la gravedad de los hechos o de las amenazas contra la vida o la integridad de la v\u00edctima o en los que la situaci\u00f3n de vulnerabilidad de la v\u00edctima fuesen determinantes, se impondr\u00e1n las medidas de protecci\u00f3n especial que correspondan por su car\u00e1cter de urgencia, excepcionalmente, sin necesidad de llenar el formulario de valoraci\u00f3n de riesgo. Con mayor raz\u00f3n si la v\u00edctima compartiese domicilio con el denunciado.<span class=\"Apple-converted-space\">\u00a0<\/span><\/span>\n\n<span style=\"color: #000000; font-family: Ubuntu; font-size: small;\"><b>Casos en los que el denunciado no es la (ex) pareja<span class=\"Apple-converted-space\">\u00a0<\/span><\/b><\/span>\n\n<span style=\"color: #000000; font-family: Ubuntu; font-size: small;\">Debe tomarse en cuenta que \u00e9sta valoraci\u00f3n de riesgo tiene car\u00e1cter inicial a afecto de determinar la necesidad de imponer medidas de protecci\u00f3n urgentes, lo que no quiere decir que esta situaci\u00f3n sea est\u00e1tica es posible que en una caso donde inicialmente no se determine la existencia de riesgo o \u00e9ste sea leve m\u00e1s adelante el riesgo pueda incrementarse o peor a\u00fan se produzcan nuevos hechos de violencia, por ello la importancia del seguimiento y acompa\u00f1amiento a la v\u00edctima durante todo el proceso.<span class=\"Apple-converted-space\">\u00a0<\/span><\/span>\n\n<span style=\"color: #000000; font-family: Ubuntu; font-size: small;\"><b><i>Excepciones al uso del formulario<span class=\"Apple-converted-space\">\u00a0<\/span><\/i><\/b><\/span>\n\n<span style=\"color: #000000; font-family: Ubuntu; font-size: small;\">Trat\u00e1ndose de hechos de violencia flagrantes contra mujeres o en aquellos casos en los que la gravedad de los hechos o de las amenazas contra la vida o la integridad de la v\u00edctima o en los que la situaci\u00f3n de vulnerabilidad de la v\u00edctima fuesen determinantes, se impondr\u00e1n las medidas de protecci\u00f3n especial que correspondan por su car\u00e1cter de urgencia, excepcionalmente, sin necesidad de llenar el formulario de valoraci\u00f3n de riesgo. Con mayor raz\u00f3n si la v\u00edctima compartiese domicilio con el denunciado.<span class=\"Apple-converted-space\">\u00a0<\/span><\/span>\n\n<span style=\"color: #000000; font-family: Ubuntu; font-size: small;\"><b>Trat\u00e1ndose de otras formas de violencia, en las que no se aplica el formu<\/b>lario de valoraci\u00f3n de riego, por no tratarse de relaciones de pareja y siempre que la v\u00edctima requiera protecci\u00f3n inmediata, por tratarse de un hecho flagrante o considerarse que existe riesgo para su vida o integridad, se impondr\u00e1n las medidas que correspondan con el \u00fanico fin de prevenir un nuevo hecho de violencia.<span class=\"Apple-converted-space\">\u00a0<\/span><\/span>\n\n<span style=\"color: #000000; font-family: Ubuntu; font-size: small;\">Para lo cual, quien atienda a la v\u00edctima tomar\u00e1 en cuenta la relaci\u00f3n v\u00edctima \u2013 agresor, la situaci\u00f3n de vulnerabilidad de la v\u00edctima, los antecedentes de violencia previa, la existencia de amenazas contra la vida o la integridad y el incremento de la frecuencia y gravedad de las mismas, la existencia de flagrancia y de antecedentes penales del denunciado, entre otros. Estos casos podr\u00e1n darse en el \u00e1mbito familiar, laboral, educativo, etc.<span class=\"Apple-converted-space\">\u00a0<\/span><\/span>\n\n<span style=\"color: #000000; font-family: Ubuntu; font-size: small;\"><b>Casos en los que la v\u00edctima sea ni\u00f1a, ni\u00f1o o adolescente<span class=\"Apple-converted-space\">\u00a0<\/span><\/b><\/span>\n\n<span style=\"color: #000000; font-family: Ubuntu; font-size: small;\">Si la v\u00edctima se tratase de una ni\u00f1a, ni\u00f1o o adolescente, su situaci\u00f3n de vulnerabilidad<\/span><span style=\"color: #000000; font-family: Ubuntu; font-size: small;\"><a class=\"tooltips\" title=\"Ver el Caso V.R.P., V.P.C. y otros Vs. Nicaragua en la jurisprudencia de la Corte IDH en la primera parte de este Protocolo y la Observaci\u00f3n General No.13 del Comit\u00e9 de los Derechos del Ni\u00f1o que ha se\u00f1alado que \u201ca nivel universal, se consideran vulnerables todos los ni\u00f1os hasta los 18 a\u00f1os de edad, porque no ha concluido a\u00fan su crecimiento y desarrollo neurol\u00f3gico, psicol\u00f3gico, social y f\u00edsico\u201d.\"><sup>81<\/sup><\/a> <\/span><span style=\"color: #000000; font-family: Ubuntu; font-size: small;\">es constante, por lo que, en aplicaci\u00f3n del principio de protecci\u00f3n reforzada siempre deber\u00e1n disponerse las medidas de protecci\u00f3n especial de car\u00e1cter urgente pertinentes al caso cuando el posible agresor sea de su entorno familiar o social, debiendo primar el inter\u00e9s superior del ni\u00f1o por encima de cualquier otra circunstancia.<span class=\"Apple-converted-space\">\u00a0<\/span><\/span>\n\n<span style=\"color: #000000; font-family: Ubuntu; font-size: small;\">Es importante que las instituciones que tienen contacto permanente con la v\u00edctima, como las unidades educativas, puedan apoyar en el cumplimiento de las medidas de protecci\u00f3n por lo que tambi\u00e9n deber\u00e1n ser informadas al respecto.<span class=\"Apple-converted-space\">\u00a0<\/span><\/span><\/td>\n<\/tr>\n<tr>\n<td valign=\"middle\"><span style=\"color: #000000; font-family: Ubuntu; font-size: xx-large;\"><b>2<\/b><\/span><\/td>\n<td valign=\"middle\"><span style=\"color: #000000; font-family: Ubuntu; font-size: small;\"><b><i>Disposici\u00f3n de las medidas de protecci\u00f3n especial pertinentes al caso\n<\/i><\/b>Una vez determinada la existencia de riesgo y el grado de la misma, se deber\u00e1 disponer las medidas de protecci\u00f3n especial que se consideren pertinentes al caso, explicando cada una de ellas a la v\u00edctima.<span class=\"Apple-converted-space\">\u00a0<\/span><\/span>\n\n<span style=\"color: #000000; font-family: Ubuntu; font-size: small;\">Las medidas de protecci\u00f3n a disponerse deben ser las adecuadas e id\u00f3neas para proteger a la v\u00edctima. Si el denunciado fuese un familiar de la v\u00edctima (padre, hermanos, t\u00edos, primos) ser\u00e1 importante conocer si ambos viven en el mismo domicilio para ordenar la salida del denunciado (num.1 Art. 393 ter. CPP), o si m\u00e1s bien corresponden las medidas de alejamiento y prohibiciones de contacto y otras previstas en los n\u00fam. 4, 5, 6, y 14 del Art. 393 ter CPP.<span class=\"Apple-converted-space\">\u00a0<\/span><\/span>\n\n<span style=\"color: #000000; font-family: Ubuntu; font-size: small;\">Mientras que, si se tratase de casos en los que el posible agresor es un compa\u00f1ero de trabajo como en la violencia pol\u00edtica o laboral, o trat\u00e1ndose de un compa\u00f1ero de estudios, las medidas de alejamiento y prohibiciones previstas en los n\u00fam. 4, 5, 6, 12 y 14 del Art. 393 ter., ser\u00edan las m\u00e1s adecuadas:<span class=\"Apple-converted-space\">\u00a0<\/span><\/span>\n<ol start=\"4\">\n \t<li><i><\/i><span style=\"color: #000000; font-family: Ubuntu; font-size: small;\"><i>Prohibir al agresor acercarse, concurrir o ingresar al domicilio, lugar de trabajo o de estudios, domicilio de las y los ascendientes o descendientes, o a cualquier otro espacio que frecuente la mujer que se encuentra en situaci\u00f3n de violencia;<span class=\"Apple-converted-space\">\u00a0<\/span><\/i><\/span><\/li>\n \t<li><i><\/i><span style=\"color: #000000; font-family: Ubuntu; font-size: small;\"><i>Prohibir al agresor comunicarse, intimidar o molestar por cualquier medio o a trav\u00e9s de terceras personas, a la mujer que se encuentra en situaci\u00f3n de violencia, as\u00ed como a cualquier integrante de su familia;<span class=\"Apple-converted-space\">\u00a0<\/span><\/i><\/span><\/li>\n \t<li><i><\/i><span style=\"color: #000000; font-family: Ubuntu; font-size: small;\"><i>Prohibir acciones de intimidaci\u00f3n, amenazas o coacci\u00f3n a los testigos de los hechos de violencia;<span class=\"Apple-converted-space\">\u00a0<\/span><\/i><\/span><\/li>\n \t<li><i><\/i><span style=\"color: #000000; font-family: Ubuntu; font-size: small;\"><i>Restringir, en caso de acoso sexual, todo contacto del agresor con la mujer, sin que se vean afectados los derechos laborales de la mujer;<span class=\"Apple-converted-space\">\u00a0<\/span><\/i><\/span><\/li>\n \t<li><i><\/i><span style=\"color: #000000; font-family: Ubuntu; font-size: small;\"><i>Prohibici\u00f3n de transitar por los lugares de recorrido frecuente de la v\u00edctima.<span class=\"Apple-converted-space\">\u00a0<\/span><\/i><\/span><\/li>\n<\/ol>\n<span style=\"color: #000000; font-family: Ubuntu; font-size: small;\">No obstante, en cada caso deber\u00e1 analizarse la pertinencia de las medidas, siendo la regla aplicable que sean las id\u00f3neas para garantizar los derechos a la vida y la integridad de la v\u00edctima y sus dependientes en aplicaci\u00f3n del deber de protecci\u00f3n reforzada a la v\u00edctima, considerando que esa obligaci\u00f3n est\u00e1 por encima de cualquier otro aspecto y derecho (SCP 033\/2013) y que se desprende del deber de actuar con la debida diligencia.<span class=\"Apple-converted-space\">\u00a0<\/span><\/span>\n\n<span style=\"color: #000000; font-family: Ubuntu; font-size: small;\">La decisi\u00f3n de la disposici\u00f3n de medidas de protecci\u00f3n especiales dispuestas se realizar\u00e1, trat\u00e1ndose de NNA, empleando el Formulario de Constancia de Disposici\u00f3n y Notificaci\u00f3n de Medidas de Protecci\u00f3n para Ni\u00f1as, Ni\u00f1os y Adolescentes \u2013 Urgentes (Anexo 3), en cuyo caso una copia deber\u00e1 ser entregada a su representante legal, en el caso de las mujeres se llenar\u00e1 el Formulario de Constancia de Disposici\u00f3n y Notificaci\u00f3n de Medidas de Protecci\u00f3n para Mujeres \u2013 Urgentes (Anexo 4) o el Formulario de Constancia de Disposici\u00f3n y Notificaci\u00f3n de Medidas de Protecci\u00f3n para Mujeres V\u00edctimas de Acoso o Violencia Pol\u00edtica\u2013 Urgentes (Anexo 5), cuya copia ser\u00e1 entregada a la v\u00edctima.<span class=\"Apple-converted-space\">\u00a0<\/span><\/span><\/td>\n<\/tr>\n<tr>\n<td valign=\"middle\"><span style=\"color: #000000; font-family: Ubuntu; font-size: xx-large;\"><b>3<\/b><\/span><\/td>\n<td valign=\"middle\"><span style=\"color: #000000; font-family: Ubuntu; font-size: small;\"><b><i>Notificaci\u00f3n al denunciado<span class=\"Apple-converted-space\">\u00a0<\/span><\/i><\/b><\/span>\n\n<span style=\"color: #000000; font-family: Ubuntu; font-size: small;\">Las medidas de protecci\u00f3n especial en todos los casos (ni\u00f1as, ni\u00f1os, adolescentes y mujeres) deber\u00e1n ser comunicadas al denunciado de violencia personalmente, debiendo entregarle copia del formulario de imposici\u00f3n de las medidas advirti\u00e9ndole las consecuencias en caso de incumplimiento, la notificaci\u00f3n no incluir\u00e1 copia del formulario de valoraci\u00f3n de riesgo. Al efecto, se utilizar\u00e1 el Formulario de Constancia de Disposici\u00f3n y Notificaci\u00f3n de Medidas de Protecci\u00f3n para Ni\u00f1as, Ni\u00f1os y Adolescentes \u2013 Urgentes, el Formulario de Constancia de Disposici\u00f3n y Notificaci\u00f3n de Medidas de Protecci\u00f3n para Mujeres \u2013 Urgentes, o el Formulario de Constancia de Disposici\u00f3n y Notificaci\u00f3n de Medidas de Protecci\u00f3n para Mujeres V\u00edctimas de Acoso o Violencia Pol\u00edtica\u2013 Urgentes, seg\u00fan corresponda.<span class=\"Apple-converted-space\">\u00a0<\/span><\/span><\/td>\n<\/tr>\n<tr>\n<td valign=\"middle\"><span style=\"color: #000000; font-family: Ubuntu; font-size: xx-large;\"><b>4<\/b><\/span><\/td>\n<td valign=\"middle\"><span style=\"color: #000000; font-family: Ubuntu; font-size: small;\"><b><i>Cumplimiento inmediato<span class=\"Apple-converted-space\">\u00a0<\/span><\/i><\/b><\/span>\n\n<span style=\"color: #000000; font-family: Ubuntu; font-size: small;\">Las medidas de protecci\u00f3n especial una vez dispuestas deben cumplirse inmediatamente, independientemente, del control de legalidad y continuar\u00e1n vigentes mientras sean necesarias salvo que la autoridad jurisdiccional las revoque o modifique, para ello se recurrida a la Polic\u00eda Boliviana a efecto de su ejecuci\u00f3n, no siendo necesario requerimiento fiscal.<span class=\"Apple-converted-space\">\u00a0<\/span><\/span>\n\n<span style=\"color: #000000; font-family: Ubuntu; font-size: small;\">CON MAYOR RAZ\u00d3N SI LA V\u00cdCTIMA COMPARTIESE DOMICILIO CON EL DENUNCIADO, LAS MEDIDAS DEBEN IMPONERSE\nY EJECUTARSE DE MANERA INMEDIATA POR PARTE DE LA POLIC\u00cdA.<span class=\"Apple-converted-space\">\u00a0<\/span><\/span><\/td>\n<\/tr>\n<tr>\n<td valign=\"middle\"><span style=\"color: #000000; font-family: Ubuntu; font-size: xx-large;\"><b>5<\/b><\/span><\/td>\n<td valign=\"middle\"><span style=\"color: #000000; font-family: Ubuntu; font-size: small;\"><b><i>Comunicaci\u00f3n al Ministerio P\u00fablico<span class=\"Apple-converted-space\">\u00a0<\/span><\/i><\/b><\/span>\n\n<span style=\"color: #000000; font-family: Ubuntu; font-size: small;\">Dispuestas las medidas de protecci\u00f3n, inmediatamente, deber\u00e1n ser presentadas al Ministerio P\u00fablico, juntamente con la denuncia v\u00eda sistema inform\u00e1tico o en forma f\u00edsica cuando no se tenga acceso a \u00e9ste.<span class=\"Apple-converted-space\">\u00a0<\/span><\/span>\n\n<span style=\"color: #000000; font-family: Ubuntu; font-size: small;\">El Ministerio P\u00fablico, analizada que sea la denuncia, dispondr\u00e1 el inicio de la investigaci\u00f3n o su desestimaci\u00f3n conforme el art\u00edculo 55 par\u00e1grafo II de la Ley No. 260. A momento de efectuar el an\u00e1lisis de la denuncia se tomar\u00e1 en cuenta el principio de informalidad previsto en el art\u00edculo 4 n\u00fam. 11 de la Ley No. 348, el de desformalizaci\u00f3n previsto en el art\u00edculo 193 b) del C\u00f3digo Ni\u00f1a, Ni\u00f1os, Adolescente y finalmente el art\u00edculo 285 del C\u00f3digo de Procedimiento Penal modificado por la Ley No. 1173.<span class=\"Apple-converted-space\">\u00a0<\/span><\/span>\n\n<span style=\"color: #000000; font-family: Ubuntu; font-size: small;\">Dentro de las veinticuatro (24) horas siguientes de impuestas las medidas de protecci\u00f3n especial de car\u00e1cter urgente, la o el fiscal comunicar\u00e1, v\u00eda sistema inform\u00e1tico o en forma f\u00edsica cuando no se tenga acceso a \u00e9ste, a la jueza o juez las medidas que hubiesen sido dispuestas a objeto del control de legalidad; a su vez se comunicar\u00e1 el inicio de la investigaci\u00f3n, o en su caso, la desestimaci\u00f3n.<span class=\"Apple-converted-space\">\u00a0<\/span><\/span>\n\n<span style=\"color: #000000; font-family: Ubuntu; font-size: small;\">En caso de subsanarse una denuncia que hubiera sido inicialmente desestimada, y que contar\u00e1 con medidas de protecci\u00f3n especial de car\u00e1cter urgente, dispuestas por autoridad administrativa (DNA, SLIM y\/o Polic\u00eda Boliviana), el Ministerio P\u00fablico informar\u00e1 a la autoridad jurisdiccional esta circunstancia a los efectos de su consideraci\u00f3n.<span class=\"Apple-converted-space\">\u00a0<\/span><\/span>\n\n<span style=\"color: #000000; font-family: Ubuntu; font-size: small;\">En los casos en los que realizada la valoraci\u00f3n de riesgo se considere que ella no requiere una medida urgente, deber\u00e1 igualmente adjuntarse a la denuncia el formulario de valoraci\u00f3n de riesgo para que la autoridad judicial disponga las medidas que correspondan de oficio o a pedido de parte, de la v\u00edctima o de su representante.<span class=\"Apple-converted-space\">\u00a0<\/span><\/span><\/td>\n<\/tr>\n<tr>\n<td valign=\"middle\"><span style=\"color: #000000; font-family: Ubuntu; font-size: xx-large;\"><b>6<\/b><\/span><\/td>\n<td valign=\"middle\"><span style=\"color: #000000; font-family: Ubuntu; font-size: small;\"><b><i>Control de legalidad<span class=\"Apple-converted-space\">\u00a0<\/span><\/i><\/b><\/span>\n\n<span style=\"color: #000000; font-family: Ubuntu; font-size: small;\">La jueza o el juez, atendiendo a las circunstancias del caso, podr\u00e1 resolver la cuesti\u00f3n en audiencia p\u00fablica siguiendo el procedimiento para la aplicaci\u00f3n de medidas cautelares, o podr\u00e1 resolverla sin audiencia sobre la base de los antecedentes,<span class=\"Apple-converted-space\">\u00a0<\/span><\/span>\n\n<span style=\"color: #000000; font-family: Ubuntu; font-size: small;\">en cuyo caso dictar\u00e1 la resoluci\u00f3n dentro de las setenta y dos (72) horas siguientes a la comunicaci\u00f3n y su consiguiente ratificaci\u00f3n, modificaci\u00f3n o revocatoria de las medidas adoptadas.<span class=\"Apple-converted-space\">\u00a0<\/span><\/span><\/td>\n<\/tr>\n<tr>\n<td valign=\"middle\"><span style=\"color: #000000; font-family: Ubuntu; font-size: xx-large;\"><b>7<\/b><\/span><\/td>\n<td valign=\"middle\"><span style=\"color: #000000; font-family: Ubuntu; font-size: small;\"><b><i>Seguimiento y acciones en caso de incumplimiento<span class=\"Apple-converted-space\">\u00a0<\/span><\/i><\/b><\/span>\n\n<span style=\"color: #000000; font-family: Ubuntu; font-size: small;\">La Instituci\u00f3n Promotora de Denuncia debe realizar el seguimiento a la situaci\u00f3n de la v\u00edctima. La permanencia de una medida est\u00e1 sujeta a la situaci\u00f3n de riesgo en la que se encuentra la v\u00edctima o sus familiares. Por tales motivos, es importante el seguimiento peri\u00f3dico que se hace del caso para evaluar si ese nivel de riesgo se ha visto modificado, empeorando la situaci\u00f3n o viceversa. Ese seguimiento estar\u00e1 a cargo del equipo interdisciplinario, el que tendr\u00e1 contacto habitual con la v\u00edctima y mantendr\u00e1 un conocimiento sobre la situaci\u00f3n actual. En este sentido, la valoraci\u00f3n del riesgo es un proceso continuo que exige la realizaci\u00f3n de una nueva apreciaci\u00f3n cada vez que se tiene conocimiento de datos nuevos que permitan identificar otros indicadores o desechar algunos tenidos en cuenta con anterioridad<\/span><span style=\"color: #000000; font-family: Ubuntu; font-size: small;\"><a class=\"tooltips\" title=\"Echebur\u00faa E, Fern\u00e1ndez-Montalvo J.y De Corral P. 2009. Medidas policiales de protecci\u00f3n a las v\u00edctimas de violencia de g\u00e9nero. Espa\u00f1a.\"><sup>82<\/sup><\/a><\/span><span style=\"color: #000000; font-family: Ubuntu; font-size: small;\">.<span class=\"Apple-converted-space\">\u00a0<\/span><\/span>\n\n<span style=\"color: #000000; font-family: Ubuntu; font-size: small;\">En caso de tener conocimiento del incumplimiento de las medidas de protecci\u00f3n deber\u00e1 solicitar auxilio inmediato a la Polic\u00eda Boliviana, instancia que a su vez deber\u00e1 intervenir para proteger a la v\u00edctima, sin ser excusable esta obligaci\u00f3n por no ser miembro de la FELCV. Asimismo, deber\u00e1 informar de inmediato al Ministerio P\u00fablico del presunto incumplimiento para que esta instancia solicite a la autoridad jurisdiccional la determinaci\u00f3n de las medidas que corresponda en el marco de la Ley No. 1173.<span class=\"Apple-converted-space\">\u00a0<\/span><\/span>\n\n<span style=\"color: #000000; font-family: Ubuntu; font-size: small;\">El incumplimiento de las medidas de protecci\u00f3n especial no conlleva, necesariamente, un nuevo hecho de violencia, basta con que la restricci\u00f3n impuesta haya sido inobservada por el denunciado para que se informe inmediatamente al Ministerio<span class=\"Apple-converted-space\">\u00a0<\/span><\/span>\n\n<span style=\"color: #000000; font-family: Ubuntu; font-size: small;\">P\u00fablico. En estos casos, y siempre que no se hubiese dispuesto anteriormente, podr\u00e1 ordenarse que el posible autor, independientemente de las medidas que se asuman ante el incumplimiento, tambi\u00e9n se someta a terapia psicol\u00f3gica.<span class=\"Apple-converted-space\">\u00a0<\/span><\/span><\/td>\n<\/tr>\n<tr>\n<td valign=\"middle\"><span style=\"color: #000000; font-family: Ubuntu; font-size: xx-large;\"><b>8<\/b><\/span><\/td>\n<td valign=\"middle\"><span style=\"color: #000000; font-family: Ubuntu; font-size: small;\"><b><i>Situaciones de urgencia posteriores a la denuncia<span class=\"Apple-converted-space\">\u00a0<\/span><\/i><\/b><\/span>\n\n<span style=\"color: #000000; font-family: Ubuntu; font-size: small;\">Si luego de haberse presentado una denuncia, se produjere una situaci\u00f3n que requiera la disposici\u00f3n de medidas de protecci\u00f3n especial, ellas deber\u00e1n ser solicitadas directamente a la autoridad jurisdiccional que estuviera conociendo el caso. Ello no excluye la posibilidad de solicitar auxilio inmediato a la Polic\u00eda Boliviano en caso de una amenaza inminente.<span class=\"Apple-converted-space\">\u00a0<\/span><\/span><\/td>\n<\/tr>\n<\/tbody>\n<\/table>\n<\/div>\n<\/div>\n<\/div>\n<\/div>\n<\/div>\n<\/div>\n<\/div>\n<\/div><\/div>\n\t\t\t\t<\/div>\n\t\t\t\t<\/div>\n\t\t\t\t\t\t<\/div>\n\t\t\t\t\t<\/div>\n\t\t<\/div>\n\t\t\t\t\t\t\t\t<\/div>\n\t\t\t\t\t<\/div>\n\t\t<\/section>\n\t\t\t\t\t\t<\/div>\n\t\t\t\t\t\t<\/div>\n\t\t\t\t\t<\/div>\n\t\t","protected":false},"excerpt":{"rendered":"<p>La primera fase consiste en brindar atencio\u0301n en el primer contacto, auxilio y proteccio\u0301n interdisciplinaria (legal, psicolo\u0301gica, social, me\u0301dica, etc.) a la vi\u0301ctima directa (persona directamente afectada por el delito), asi\u0301 como a las vi\u0301ctimas indirectas (familiares cercanos), que se encuentren afectadas por una situacio\u0301n de violencia y la promocio\u0301n de la denuncia. La atencio\u0301n &hellip;<\/p>\n<p class=\"read-more\"> <a class=\"\" href=\"https:\/\/alvi.centrojuanaazurduy.org\/index.php\/3-1-primera-fase-referencia-y-promocion-de-la-denuncia\/\"> <span class=\"screen-reader-text\">3.1. PRIMERA FASE: REFERENCIA Y PROMOCI\u00d3N DE LA DENUNCIA<\/span> Leer m\u00e1s &raquo;<\/a><\/p>\n","protected":false},"author":1,"featured_media":0,"comment_status":"closed","ping_status":"closed","sticky":false,"template":"","format":"standard","meta":{"footnotes":""},"categories":[9],"tags":[],"class_list":["post-3868","post","type-post","status-publish","format-standard","hentry","category-protocolo-sepmud"],"_links":{"self":[{"href":"https:\/\/alvi.centrojuanaazurduy.org\/index.php\/wp-json\/wp\/v2\/posts\/3868","targetHints":{"allow":["GET"]}}],"collection":[{"href":"https:\/\/alvi.centrojuanaazurduy.org\/index.php\/wp-json\/wp\/v2\/posts"}],"about":[{"href":"https:\/\/alvi.centrojuanaazurduy.org\/index.php\/wp-json\/wp\/v2\/types\/post"}],"author":[{"embeddable":true,"href":"https:\/\/alvi.centrojuanaazurduy.org\/index.php\/wp-json\/wp\/v2\/users\/1"}],"replies":[{"embeddable":true,"href":"https:\/\/alvi.centrojuanaazurduy.org\/index.php\/wp-json\/wp\/v2\/comments?post=3868"}],"version-history":[{"count":25,"href":"https:\/\/alvi.centrojuanaazurduy.org\/index.php\/wp-json\/wp\/v2\/posts\/3868\/revisions"}],"predecessor-version":[{"id":4964,"href":"https:\/\/alvi.centrojuanaazurduy.org\/index.php\/wp-json\/wp\/v2\/posts\/3868\/revisions\/4964"}],"wp:attachment":[{"href":"https:\/\/alvi.centrojuanaazurduy.org\/index.php\/wp-json\/wp\/v2\/media?parent=3868"}],"wp:term":[{"taxonomy":"category","embeddable":true,"href":"https:\/\/alvi.centrojuanaazurduy.org\/index.php\/wp-json\/wp\/v2\/categories?post=3868"},{"taxonomy":"post_tag","embeddable":true,"href":"https:\/\/alvi.centrojuanaazurduy.org\/index.php\/wp-json\/wp\/v2\/tags?post=3868"}],"curies":[{"name":"wp","href":"https:\/\/api.w.org\/{rel}","templated":true}]}}