{"id":3863,"date":"2021-01-09T19:23:22","date_gmt":"2021-01-09T23:23:22","guid":{"rendered":"http:\/\/gavvi.monstruoestudio.com\/?p=3863"},"modified":"2021-05-30T16:26:24","modified_gmt":"2021-05-30T20:26:24","slug":"iii-tercera-parte-procedimiento-de-atencion-proteccion-y-reparacion-a-victimas-de-acuerdo-a-la-ruta-critica-interinstitucional","status":"publish","type":"post","link":"https:\/\/alvi.centrojuanaazurduy.org\/index.php\/iii-tercera-parte-procedimiento-de-atencion-proteccion-y-reparacion-a-victimas-de-acuerdo-a-la-ruta-critica-interinstitucional\/","title":{"rendered":"III. TERCERA PARTE: PROCEDIMIENTO DE ATENCI\u00d3N, PROTECCI\u00d3N Y REPARACI\u00d3N A V\u00cdCTIMAS DE ACUERDO A LA RUTA CR\u00cdTICA INTERINSTITUCIONAL"},"content":{"rendered":"\t\t<div data-elementor-type=\"wp-post\" data-elementor-id=\"3863\" class=\"elementor elementor-3863\" data-elementor-settings=\"[]\">\n\t\t\t\t\t\t<div class=\"elementor-inner\">\n\t\t\t\t\t\t\t<div class=\"elementor-section-wrap\">\n\t\t\t\t\t\t\t<section class=\"elementor-section elementor-top-section elementor-element elementor-element-c95d47c elementor-section-boxed elementor-section-height-default elementor-section-height-default\" data-id=\"c95d47c\" data-element_type=\"section\">\n\t\t\t\t\t\t<div class=\"elementor-container elementor-column-gap-default\">\n\t\t\t\t\t\t\t<div class=\"elementor-row\">\n\t\t\t\t\t<div class=\"elementor-column elementor-col-100 elementor-top-column elementor-element elementor-element-0fb8add\" data-id=\"0fb8add\" data-element_type=\"column\">\n\t\t\t<div class=\"elementor-column-wrap elementor-element-populated\">\n\t\t\t\t\t\t\t<div class=\"elementor-widget-wrap\">\n\t\t\t\t\t\t<div class=\"elementor-element elementor-element-1c63ebb elementor-widget elementor-widget-theme-post-title elementor-page-title elementor-widget-heading\" data-id=\"1c63ebb\" data-element_type=\"widget\" data-widget_type=\"theme-post-title.default\">\n\t\t\t\t<div class=\"elementor-widget-container\">\n\t\t\t<h1 class=\"elementor-heading-title elementor-size-default\">III. TERCERA PARTE: PROCEDIMIENTO DE ATENCI\u00d3N, PROTECCI\u00d3N Y REPARACI\u00d3N A V\u00cdCTIMAS DE ACUERDO A LA RUTA CR\u00cdTICA INTERINSTITUCIONAL<\/h1>\t\t<\/div>\n\t\t\t\t<\/div>\n\t\t\t\t\t\t<\/div>\n\t\t\t\t\t<\/div>\n\t\t<\/div>\n\t\t\t\t\t\t\t\t<\/div>\n\t\t\t\t\t<\/div>\n\t\t<\/section>\n\t\t\t\t<section class=\"elementor-section elementor-top-section elementor-element elementor-element-9fe67a8 elementor-section-boxed elementor-section-height-default elementor-section-height-default\" data-id=\"9fe67a8\" data-element_type=\"section\">\n\t\t\t\t\t\t<div class=\"elementor-container elementor-column-gap-default\">\n\t\t\t\t\t\t\t<div class=\"elementor-row\">\n\t\t\t\t\t<div class=\"elementor-column elementor-col-100 elementor-top-column elementor-element elementor-element-c7324be\" data-id=\"c7324be\" data-element_type=\"column\">\n\t\t\t<div class=\"elementor-column-wrap elementor-element-populated\">\n\t\t\t\t\t\t\t<div class=\"elementor-widget-wrap\">\n\t\t\t\t\t\t<div class=\"elementor-element elementor-element-120f3e9 elementor-widget elementor-widget-text-editor\" data-id=\"120f3e9\" data-element_type=\"widget\" data-widget_type=\"text-editor.default\">\n\t\t\t\t<div class=\"elementor-widget-container\">\n\t\t\t\t\t<div class=\"elementor-text-editor elementor-clearfix\"><p>E<span style=\"font-size: 16px;\">l personal de atencio\u0301n, auxilio, proteccio\u0301n, investigacio\u0301n y sancio\u0301n en casos <\/span><span style=\"font-size: 16px;\">de violencia debe contar con los conocimientos necesarios para garantizar a las vi\u0301ctimas un trato respetuoso, digno y eficaz. La especialidad contempla tanto <\/span><span style=\"font-size: 16px;\">competencias te\u0301cnicas como aptitudes libres de sesgos de ge\u0301nero, generacionales y cualquier otra forma de discriminacio\u0301n, que se expresan en no culpabilizar a la vi\u0301ctima por los hechos de violencia, no desalentarla para continuar con la denuncia y el proceso, no promover la conciliacio\u0301n, tipificar adecuadamente el delito, realizar las investigaciones pertinentes y oportunas, elaborar adecuadamente los informes de la polici\u0301a y de las instituciones de atencio\u0301n, fundamentar adecuadamente las resoluciones fiscales y judiciales, debiendo las sentencias corresponder a hechos probados y aplicar esta\u0301ndares internacionales de derechos humanos en su argumentacio\u0301n garantizando siempre una reparacio\u0301n integral para la vi\u0301ctima.<\/span><\/p><div class=\"page\" title=\"Page 155\"><div class=\"section\"><div class=\"layoutArea\"><div class=\"column\"><p>El sistema de justicia adaptado para las nin\u0303as, nin\u0303os y adolescentes requiere que exista una justicia accesible y apropiada a cada uno de ellos, que tome en consideracio\u0301n el principio del intere\u0301s superior como una garanti\u0301a constitucional, asi\u0301 tambie\u0301n su derecho a la participacio\u0301n con base en sus capacidades en constante evolucio\u0301n, conforme a su edad, grado de madurez y nivel de comprensio\u0301n, sin discriminacio\u0301n alguna.<\/p><div class=\"page\" title=\"Page 155\"><div class=\"section\"><div class=\"layoutArea\"><div class=\"column\"><p>En definitiva, tal y como lo ha sostenido la Corte IDH, si bien el debido proceso y sus correlativas garanti\u0301as son aplicables a todas las personas, en el caso de las nin\u0303as, nin\u0303os y adolescentes, el ejercicio de aque\u0301llos supone, por las condiciones especiales en las que se encuentran, la adopcio\u0301n de ciertas medidas especi\u0301ficas con el propo\u0301sito de asegurar un acceso a la justicia en condiciones de igualdad, garantizar un efectivo debido proceso y velar porque el intere\u0301s superior se instituya en una consideracio\u0301n primordial en todas las decisiones administrativas o judiciales que se adopten.<\/p><div class=\"page\" title=\"Page 156\"><div class=\"section\"><div class=\"layoutArea\"><div class=\"column\"><p>En relacio\u0301n a la violencia contra las mujeres en razo\u0301n de ge\u0301nero, debe ser una prioridad para el sistema de justicia garantizar el acceso a un servicio eficaz y eficiente, sin estereotipos de ge\u0301nero y basado en los esta\u0301ndares de la debida diligencia, con la finalidad de combatir la impunidad que facilita y promueve la repeticio\u0301n de los hechos de violencia en general, favorece su perpetuacio\u0301n y aceptacio\u0301n social, e incrementa el sentimiento y la sensacio\u0301n de inseguridad de las mujeres; el sistema de justicia debe enviar el mensaje que la violencia contra las mujeres no puede ser tolerada ni aceptada.<\/p><\/div><\/div><\/div><\/div><\/div><\/div><\/div><\/div><\/div><\/div><\/div><\/div><\/div>\n\t\t\t\t<\/div>\n\t\t\t\t<\/div>\n\t\t\t\t\t\t<\/div>\n\t\t\t\t\t<\/div>\n\t\t<\/div>\n\t\t\t\t\t\t\t\t<\/div>\n\t\t\t\t\t<\/div>\n\t\t<\/section>\n\t\t\t\t\t\t<\/div>\n\t\t\t\t\t\t<\/div>\n\t\t\t\t\t<\/div>\n\t\t","protected":false},"excerpt":{"rendered":"<p>El personal de atencio\u0301n, auxilio, proteccio\u0301n, investigacio\u0301n y sancio\u0301n en casos de violencia debe contar con los conocimientos necesarios para garantizar a las vi\u0301ctimas un trato respetuoso, digno y eficaz. La especialidad contempla tanto competencias te\u0301cnicas como aptitudes libres de sesgos de ge\u0301nero, generacionales y cualquier otra forma de discriminacio\u0301n, que se expresan en no &hellip;<\/p>\n<p class=\"read-more\"> <a class=\"\" href=\"https:\/\/alvi.centrojuanaazurduy.org\/index.php\/iii-tercera-parte-procedimiento-de-atencion-proteccion-y-reparacion-a-victimas-de-acuerdo-a-la-ruta-critica-interinstitucional\/\"> <span class=\"screen-reader-text\">III. TERCERA PARTE: PROCEDIMIENTO DE ATENCI\u00d3N, PROTECCI\u00d3N Y REPARACI\u00d3N A V\u00cdCTIMAS DE ACUERDO A LA RUTA CR\u00cdTICA INTERINSTITUCIONAL<\/span> Leer m\u00e1s &raquo;<\/a><\/p>\n","protected":false},"author":1,"featured_media":0,"comment_status":"closed","ping_status":"closed","sticky":false,"template":"","format":"standard","meta":{"footnotes":""},"categories":[9],"tags":[],"class_list":["post-3863","post","type-post","status-publish","format-standard","hentry","category-protocolo-sepmud"],"_links":{"self":[{"href":"https:\/\/alvi.centrojuanaazurduy.org\/index.php\/wp-json\/wp\/v2\/posts\/3863","targetHints":{"allow":["GET"]}}],"collection":[{"href":"https:\/\/alvi.centrojuanaazurduy.org\/index.php\/wp-json\/wp\/v2\/posts"}],"about":[{"href":"https:\/\/alvi.centrojuanaazurduy.org\/index.php\/wp-json\/wp\/v2\/types\/post"}],"author":[{"embeddable":true,"href":"https:\/\/alvi.centrojuanaazurduy.org\/index.php\/wp-json\/wp\/v2\/users\/1"}],"replies":[{"embeddable":true,"href":"https:\/\/alvi.centrojuanaazurduy.org\/index.php\/wp-json\/wp\/v2\/comments?post=3863"}],"version-history":[{"count":3,"href":"https:\/\/alvi.centrojuanaazurduy.org\/index.php\/wp-json\/wp\/v2\/posts\/3863\/revisions"}],"predecessor-version":[{"id":4097,"href":"https:\/\/alvi.centrojuanaazurduy.org\/index.php\/wp-json\/wp\/v2\/posts\/3863\/revisions\/4097"}],"wp:attachment":[{"href":"https:\/\/alvi.centrojuanaazurduy.org\/index.php\/wp-json\/wp\/v2\/media?parent=3863"}],"wp:term":[{"taxonomy":"category","embeddable":true,"href":"https:\/\/alvi.centrojuanaazurduy.org\/index.php\/wp-json\/wp\/v2\/categories?post=3863"},{"taxonomy":"post_tag","embeddable":true,"href":"https:\/\/alvi.centrojuanaazurduy.org\/index.php\/wp-json\/wp\/v2\/tags?post=3863"}],"curies":[{"name":"wp","href":"https:\/\/api.w.org\/{rel}","templated":true}]}}