{"id":3858,"date":"2021-01-09T19:21:13","date_gmt":"2021-01-09T23:21:13","guid":{"rendered":"http:\/\/gavvi.monstruoestudio.com\/?p=3858"},"modified":"2021-06-04T15:46:15","modified_gmt":"2021-06-04T19:46:15","slug":"2-14-instituciones-de-la-sociedad-civil","status":"publish","type":"post","link":"https:\/\/alvi.centrojuanaazurduy.org\/index.php\/2-14-instituciones-de-la-sociedad-civil\/","title":{"rendered":"2.14. INSTITUCIONES DE LA SOCIEDAD CIVIL"},"content":{"rendered":"\t\t<div data-elementor-type=\"wp-post\" data-elementor-id=\"3858\" class=\"elementor elementor-3858\" data-elementor-settings=\"[]\">\n\t\t\t\t\t\t<div class=\"elementor-inner\">\n\t\t\t\t\t\t\t<div class=\"elementor-section-wrap\">\n\t\t\t\t\t\t\t<section class=\"elementor-section elementor-top-section elementor-element elementor-element-c85b413 elementor-section-boxed elementor-section-height-default elementor-section-height-default\" data-id=\"c85b413\" data-element_type=\"section\">\n\t\t\t\t\t\t<div class=\"elementor-container elementor-column-gap-default\">\n\t\t\t\t\t\t\t<div class=\"elementor-row\">\n\t\t\t\t\t<div class=\"elementor-column elementor-col-100 elementor-top-column elementor-element elementor-element-9b52e4f\" data-id=\"9b52e4f\" data-element_type=\"column\">\n\t\t\t<div class=\"elementor-column-wrap elementor-element-populated\">\n\t\t\t\t\t\t\t<div class=\"elementor-widget-wrap\">\n\t\t\t\t\t\t<div class=\"elementor-element elementor-element-70c34c4 elementor-widget elementor-widget-theme-post-title elementor-page-title elementor-widget-heading\" data-id=\"70c34c4\" data-element_type=\"widget\" data-widget_type=\"theme-post-title.default\">\n\t\t\t\t<div class=\"elementor-widget-container\">\n\t\t\t<h1 class=\"elementor-heading-title elementor-size-default\">2.14. INSTITUCIONES DE LA SOCIEDAD CIVIL<\/h1>\t\t<\/div>\n\t\t\t\t<\/div>\n\t\t\t\t\t\t<\/div>\n\t\t\t\t\t<\/div>\n\t\t<\/div>\n\t\t\t\t\t\t\t\t<\/div>\n\t\t\t\t\t<\/div>\n\t\t<\/section>\n\t\t\t\t<section class=\"elementor-section elementor-top-section elementor-element elementor-element-6616472 elementor-section-boxed elementor-section-height-default elementor-section-height-default\" data-id=\"6616472\" data-element_type=\"section\">\n\t\t\t\t\t\t<div class=\"elementor-container elementor-column-gap-default\">\n\t\t\t\t\t\t\t<div class=\"elementor-row\">\n\t\t\t\t\t<div class=\"elementor-column elementor-col-100 elementor-top-column elementor-element elementor-element-50b6bd0\" data-id=\"50b6bd0\" data-element_type=\"column\">\n\t\t\t<div class=\"elementor-column-wrap elementor-element-populated\">\n\t\t\t\t\t\t\t<div class=\"elementor-widget-wrap\">\n\t\t\t\t\t\t<div class=\"elementor-element elementor-element-21a06e2 elementor-widget elementor-widget-text-editor\" data-id=\"21a06e2\" data-element_type=\"widget\" data-widget_type=\"text-editor.default\">\n\t\t\t\t<div class=\"elementor-widget-container\">\n\t\t\t\t\t<div class=\"elementor-text-editor elementor-clearfix\"><div class=\"page\" title=\"Page 150\">\n<div class=\"section\">\n<div class=\"layoutArea\">\n<div class=\"column\">\n<p>La Ley No. 348 y la Ley No. 1173 contemplan la participacio\u0301n de personas y organizaciones de la sociedad civil que pueden brindar servicios a las vi\u0301ctimas, asesora la labor de las instituciones y coadyuvar en el seguimiento al cumplimiento de las leyes que protegen a nin\u0303as, nin\u0303os, adolescentes y mujeres.<\/p>\n<table cellspacing=\"0\" cellpadding=\"0\">\n<tbody>\n<tr>\n<td valign=\"middle\">\n<p align=\"center\"><span style=\"color: #43358b; font-family: Ubuntu; font-size: small;\"><b>Funciones<\/b><\/span><\/p>\n<\/td>\n<td valign=\"middle\">\n<p align=\"center\"><span style=\"color: #43358b; font-family: Ubuntu; font-size: small;\"><b>Descripci\u00f3n<\/b><\/span><\/p>\n<\/td>\n<\/tr>\n<tr>\n<td valign=\"middle\">\n<p><span style=\"color: #000000; font-family: Ubuntu; font-size: small;\"><b>Tercero coadyuvante<span class=\"Apple-converted-space\">&nbsp;<\/span><\/b><\/span><\/p>\n<\/td>\n<td valign=\"middle\">\n<p><span style=\"color: #000000; font-family: Ubuntu; font-size: small;\">Dentro de un proceso penal personas individuales o jur\u00eddicas con reconocida experiencia o competencia sobre la cuesti\u00f3n debatida puedan dar opiniones especializadas en procesos por delitos de violencia. Su participaci\u00f3n puede ser planteada de oficio, la o el fiscal, por la mujer en situaci\u00f3n de violencia o solicitada por el o la experta.<span class=\"Apple-converted-space\">&nbsp;<\/span><\/span><\/p>\n<\/td>\n<\/tr>\n<tr>\n<td valign=\"middle\">\n<p><span style=\"color: #000000; font-family: Ubuntu; font-size: small;\"><b>Asesoramiento especializado (Ley No. 348, art. 63<\/b>)<span class=\"Apple-converted-space\">&nbsp;<\/span><\/span><\/p>\n<\/td>\n<td valign=\"middle\">\n<p><span style=\"color: #000000; font-family: Ubuntu; font-size: small;\">En cada Departamento el Ministerio P\u00fablico contar\u00e1 con al menos un equipo de asesoras y asesores profesionales especializados para la investigaci\u00f3n de casos de violencia hacia las mujeres, para lo cual podr\u00e1n tambi\u00e9n solicitar la colaboraci\u00f3n de organismos e instituciones de derechos humanos y de mujeres.<span class=\"Apple-converted-space\">&nbsp;<\/span><\/span><\/p>\n<\/td>\n<\/tr>\n<tr>\n<td valign=\"middle\">\n<p><span style=\"color: #000000; font-family: Ubuntu; font-size: small;\"><b>Participaci\u00f3n e intervenci\u00f3n en el proceso (Ley No. 1173, art.15 que modifica el art. 393 duoter en el C\u00f3digo Penal)<span class=\"Apple-converted-space\">&nbsp;<\/span><\/b><\/span><\/p>\n<\/td>\n<td valign=\"middle\">\n<p><span style=\"color: #000000; font-family: Ubuntu; font-size: small;\">A solicitud expresa de la v\u00edctima, las organizaciones de la sociedad civil especializadas en atenci\u00f3n y asesoramiento a casos de violencia a ni\u00f1as, ni\u00f1os, adolescentes o mujeres, podr\u00e1n apersonarse ante la Polic\u00eda Boliviana, Ministerio P\u00fablico o la autoridad judicial competente, participando e interviniendo en condici\u00f3n de coadyuvante en los actos procesales, en resguardo de los derechos de la v\u00edctima y del cumplimiento de la debida diligencia en los procesos penales por delitos de violencia, pudiendo participar en audiencias, incluso si \u00e9stas fueran declaradas en reserva y brindar cualquier tipo de apoyo a las v\u00edctimas.<span class=\"Apple-converted-space\">&nbsp;<\/span><\/span><\/p>\n<\/td>\n<\/tr>\n<tr>\n<td valign=\"middle\">\n<p><span style=\"color: #000000; font-family: Ubuntu; font-size: small;\"><b>Participaci\u00f3n y control social (Ley No. 348, art. 15)<\/b>.<span class=\"Apple-converted-space\">&nbsp;<\/span><\/span><\/p>\n<\/td>\n<td valign=\"middle\">\n<p><span style=\"color: #000000; font-family: Ubuntu; font-size: small;\">Las organizaciones sociales y de mujeres de la sociedad civil, ejercer\u00e1n la participaci\u00f3n y control social en el marco de la Ley correspondiente, participando en el dise\u00f1o, evaluaci\u00f3n y gesti\u00f3n de las pol\u00edticas p\u00fablicas de prevenci\u00f3n, atenci\u00f3n y protecci\u00f3n a las mujeres y la calidad de los servicios especializados, p\u00fablicos y a los privados que presten servicios b\u00e1sicos o que administren recursos fiscales en todos los niveles del Estado.<\/span><\/p>\n<\/td>\n<\/tr>\n<\/tbody>\n<\/table>\n<\/div>\n<\/div>\n<\/div>\n<\/div><\/div>\n\t\t\t\t<\/div>\n\t\t\t\t<\/div>\n\t\t\t\t\t\t<\/div>\n\t\t\t\t\t<\/div>\n\t\t<\/div>\n\t\t\t\t\t\t\t\t<\/div>\n\t\t\t\t\t<\/div>\n\t\t<\/section>\n\t\t\t\t<section class=\"elementor-section elementor-top-section elementor-element elementor-element-a38984e elementor-section-boxed elementor-section-height-default elementor-section-height-default\" data-id=\"a38984e\" data-element_type=\"section\">\n\t\t\t\t\t\t<div class=\"elementor-container elementor-column-gap-default\">\n\t\t\t\t\t\t\t<div class=\"elementor-row\">\n\t\t\t\t\t<div class=\"elementor-column elementor-col-100 elementor-top-column elementor-element elementor-element-0af168b\" data-id=\"0af168b\" data-element_type=\"column\">\n\t\t\t<div class=\"elementor-column-wrap elementor-element-populated\">\n\t\t\t\t\t\t\t<div class=\"elementor-widget-wrap\">\n\t\t\t\t\t\t<div class=\"elementor-element elementor-element-9148e87 elementor-widget elementor-widget-text-editor\" data-id=\"9148e87\" data-element_type=\"widget\" data-widget_type=\"text-editor.default\">\n\t\t\t\t<div class=\"elementor-widget-container\">\n\t\t\t\t\t<div class=\"elementor-text-editor elementor-clearfix\"><div class=\"page\" title=\"Page 150\"><div class=\"section\"><div class=\"layoutArea\"><div class=\"column\"><div class=\"page\" title=\"Page 151\"><div class=\"section\"><div class=\"layoutArea\"><div class=\"column\"><p>La Ley No. 348 tambie\u0301n contempla la actuacio\u0301n de mujeres organizadas en el a\u0301rea rural y la actuacio\u0301n de las promotoras comunitarias tanto en estas zonas como en las ciudades.<\/p><table cellspacing=\"0\" cellpadding=\"0\"><tbody><tr><td valign=\"middle\"><p align=\"center\"><span style=\"color: #43358b; font-family: Ubuntu; font-size: small;\"><b>Mujeres rurales y urbanas<span class=\"Apple-converted-space\">\u00a0<\/span><\/b><\/span><\/p><\/td><td valign=\"middle\"><p align=\"center\"><span style=\"color: #43358b; font-family: Ubuntu; font-size: small;\"><b>Descripci\u00f3n<\/b><\/span><\/p><\/td><\/tr><tr><td valign=\"middle\"><p><span style=\"color: #000000; font-family: Ubuntu; font-size: small;\"><b>Mujeres organizadas en zonas rurales (Ley No. 348, art. 30).<span class=\"Apple-converted-space\">\u00a0<\/span><\/b><\/span><\/p><\/td><td valign=\"middle\"><p><span style=\"color: #000000; font-family: Ubuntu; font-size: small;\">En el \u00e1rea rural, las mujeres organizadas podr\u00e1n definir la creaci\u00f3n de Casas Comunitarias de la Mujer, para lo cual el Gobierno Aut\u00f3nomo Municipal dotar\u00e1 de la infraestructura necesaria. Las que est\u00e1n articuladas a la red de promotoras comunitarias en las distintas comunidades que atender\u00e1n y realizar\u00e1n las tareas de orientaci\u00f3n, prevenci\u00f3n y detecci\u00f3n de casos de violencia, podr\u00e1n suscribir convenios con autoridades p\u00fablicas o instituciones privadas.<span class=\"Apple-converted-space\">\u00a0<\/span><\/span><\/p><\/td><\/tr><tr><td valign=\"middle\"><p><span style=\"color: #000000; font-family: Ubuntu; font-size: small;\"><b>Promotoras Comunitarias (Ley No. 348, art. 29).<span class=\"Apple-converted-space\">\u00a0<\/span><\/b><\/span><\/p><\/td><td valign=\"middle\"><p><span style=\"color: #000000; font-family: Ubuntu; font-size: small;\">Las mujeres que hubieran superado su situaci\u00f3n de violencia, o aquellas que deseen asumir este compromiso, se podr\u00e1n constituir voluntariamente en redes promotoras de apoyo a mujeres que todav\u00eda se encuentran en tal situaci\u00f3n, generando grupos de solidaridad y protecci\u00f3n articulados a los servicios p\u00fablicos de atenci\u00f3n. La Entidad Territorial Aut\u00f3noma brindar\u00e1 a las promotoras capacitaci\u00f3n en resoluci\u00f3n pac\u00edfica de conflictos, nociones de psicolog\u00eda, consejer\u00eda y cualquier otro tema de inter\u00e9s para este fin.<span class=\"Apple-converted-space\">\u00a0<\/span><\/span><\/p><\/td><\/tr><\/tbody><\/table><\/div><\/div><\/div><\/div><\/div><\/div><\/div><\/div><\/div>\n\t\t\t\t<\/div>\n\t\t\t\t<\/div>\n\t\t\t\t\t\t<\/div>\n\t\t\t\t\t<\/div>\n\t\t<\/div>\n\t\t\t\t\t\t\t\t<\/div>\n\t\t\t\t\t<\/div>\n\t\t<\/section>\n\t\t\t\t\t\t<\/div>\n\t\t\t\t\t\t<\/div>\n\t\t\t\t\t<\/div>\n\t\t","protected":false},"excerpt":{"rendered":"<p>La Ley No. 348 y la Ley No. 1173 contemplan la participacio\u0301n de personas y organizaciones de la sociedad civil que pueden brindar servicios a las vi\u0301ctimas, asesora la labor de las instituciones y coadyuvar en el seguimiento al cumplimiento de las leyes que protegen a nin\u0303as, nin\u0303os, adolescentes y mujeres. Funciones Descripci\u00f3n Tercero coadyuvante&nbsp; &hellip;<\/p>\n<p class=\"read-more\"> <a class=\"\" href=\"https:\/\/alvi.centrojuanaazurduy.org\/index.php\/2-14-instituciones-de-la-sociedad-civil\/\"> <span class=\"screen-reader-text\">2.14. INSTITUCIONES DE LA SOCIEDAD CIVIL<\/span> Leer m\u00e1s &raquo;<\/a><\/p>\n","protected":false},"author":1,"featured_media":0,"comment_status":"closed","ping_status":"closed","sticky":false,"template":"","format":"standard","meta":{"footnotes":""},"categories":[9],"tags":[],"class_list":["post-3858","post","type-post","status-publish","format-standard","hentry","category-protocolo-sepmud"],"_links":{"self":[{"href":"https:\/\/alvi.centrojuanaazurduy.org\/index.php\/wp-json\/wp\/v2\/posts\/3858","targetHints":{"allow":["GET"]}}],"collection":[{"href":"https:\/\/alvi.centrojuanaazurduy.org\/index.php\/wp-json\/wp\/v2\/posts"}],"about":[{"href":"https:\/\/alvi.centrojuanaazurduy.org\/index.php\/wp-json\/wp\/v2\/types\/post"}],"author":[{"embeddable":true,"href":"https:\/\/alvi.centrojuanaazurduy.org\/index.php\/wp-json\/wp\/v2\/users\/1"}],"replies":[{"embeddable":true,"href":"https:\/\/alvi.centrojuanaazurduy.org\/index.php\/wp-json\/wp\/v2\/comments?post=3858"}],"version-history":[{"count":9,"href":"https:\/\/alvi.centrojuanaazurduy.org\/index.php\/wp-json\/wp\/v2\/posts\/3858\/revisions"}],"predecessor-version":[{"id":4916,"href":"https:\/\/alvi.centrojuanaazurduy.org\/index.php\/wp-json\/wp\/v2\/posts\/3858\/revisions\/4916"}],"wp:attachment":[{"href":"https:\/\/alvi.centrojuanaazurduy.org\/index.php\/wp-json\/wp\/v2\/media?parent=3858"}],"wp:term":[{"taxonomy":"category","embeddable":true,"href":"https:\/\/alvi.centrojuanaazurduy.org\/index.php\/wp-json\/wp\/v2\/categories?post=3858"},{"taxonomy":"post_tag","embeddable":true,"href":"https:\/\/alvi.centrojuanaazurduy.org\/index.php\/wp-json\/wp\/v2\/tags?post=3858"}],"curies":[{"name":"wp","href":"https:\/\/api.w.org\/{rel}","templated":true}]}}