{"id":383,"date":"2020-11-23T17:17:18","date_gmt":"2020-11-23T21:17:18","guid":{"rendered":"http:\/\/gavvi.monstruoestudio.com\/?p=383"},"modified":"2021-06-02T15:31:06","modified_gmt":"2021-06-02T19:31:06","slug":"capitulo-i-reglas-generales","status":"publish","type":"post","link":"https:\/\/alvi.centrojuanaazurduy.org\/index.php\/capitulo-i-reglas-generales\/","title":{"rendered":"Cap\u00edtulo I : REGLAS GENERALES"},"content":{"rendered":"\t\t<div data-elementor-type=\"wp-post\" data-elementor-id=\"383\" class=\"elementor elementor-383\" data-elementor-settings=\"[]\">\n\t\t\t\t\t\t<div class=\"elementor-inner\">\n\t\t\t\t\t\t\t<div class=\"elementor-section-wrap\">\n\t\t\t\t\t\t\t<section class=\"elementor-section elementor-top-section elementor-element elementor-element-82649f9 elementor-section-boxed elementor-section-height-default elementor-section-height-default\" data-id=\"82649f9\" data-element_type=\"section\">\n\t\t\t\t\t\t<div class=\"elementor-container elementor-column-gap-default\">\n\t\t\t\t\t\t\t<div class=\"elementor-row\">\n\t\t\t\t\t<div class=\"elementor-column elementor-col-100 elementor-top-column elementor-element elementor-element-ed0d210\" data-id=\"ed0d210\" data-element_type=\"column\">\n\t\t\t<div class=\"elementor-column-wrap elementor-element-populated\">\n\t\t\t\t\t\t\t<div class=\"elementor-widget-wrap\">\n\t\t\t\t\t\t<div class=\"elementor-element elementor-element-80f5696 elementor-widget elementor-widget-theme-post-title elementor-page-title elementor-widget-heading\" data-id=\"80f5696\" data-element_type=\"widget\" data-widget_type=\"theme-post-title.default\">\n\t\t\t\t<div class=\"elementor-widget-container\">\n\t\t\t<h1 class=\"elementor-heading-title elementor-size-default\">Cap\u00edtulo I : REGLAS GENERALES<\/h1>\t\t<\/div>\n\t\t\t\t<\/div>\n\t\t\t\t\t\t<\/div>\n\t\t\t\t\t<\/div>\n\t\t<\/div>\n\t\t\t\t\t\t\t\t<\/div>\n\t\t\t\t\t<\/div>\n\t\t<\/section>\n\t\t\t\t<section class=\"elementor-section elementor-top-section elementor-element elementor-element-84c9a48 elementor-section-boxed elementor-section-height-default elementor-section-height-default\" data-id=\"84c9a48\" data-element_type=\"section\">\n\t\t\t\t\t\t<div class=\"elementor-container elementor-column-gap-default\">\n\t\t\t\t\t\t\t<div class=\"elementor-row\">\n\t\t\t\t\t<div class=\"elementor-column elementor-col-100 elementor-top-column elementor-element elementor-element-33f9bdd\" data-id=\"33f9bdd\" data-element_type=\"column\">\n\t\t\t<div class=\"elementor-column-wrap elementor-element-populated\">\n\t\t\t\t\t\t\t<div class=\"elementor-widget-wrap\">\n\t\t\t\t\t\t<div class=\"elementor-element elementor-element-6f95267 elementor-widget elementor-widget-heading\" data-id=\"6f95267\" data-element_type=\"widget\" data-widget_type=\"heading.default\">\n\t\t\t\t<div class=\"elementor-widget-container\">\n\t\t\t<h2 class=\"elementor-heading-title elementor-size-default\">1.1. \u00bfQu\u00e9 son las Casas de Acogida y los Refugios Temporales? <\/h2>\t\t<\/div>\n\t\t\t\t<\/div>\n\t\t\t\t\t\t<\/div>\n\t\t\t\t\t<\/div>\n\t\t<\/div>\n\t\t\t\t\t\t\t\t<\/div>\n\t\t\t\t\t<\/div>\n\t\t<\/section>\n\t\t\t\t<section class=\"elementor-section elementor-top-section elementor-element elementor-element-ce4c499 elementor-section-boxed elementor-section-height-default elementor-section-height-default\" data-id=\"ce4c499\" data-element_type=\"section\">\n\t\t\t\t\t\t<div class=\"elementor-container elementor-column-gap-default\">\n\t\t\t\t\t\t\t<div class=\"elementor-row\">\n\t\t\t\t\t<div class=\"elementor-column elementor-col-100 elementor-top-column elementor-element elementor-element-276582d\" data-id=\"276582d\" data-element_type=\"column\">\n\t\t\t<div class=\"elementor-column-wrap elementor-element-populated\">\n\t\t\t\t\t\t\t<div class=\"elementor-widget-wrap\">\n\t\t\t\t\t\t<div class=\"elementor-element elementor-element-14ba5a3 elementor-widget elementor-widget-text-editor\" data-id=\"14ba5a3\" data-element_type=\"widget\" data-widget_type=\"text-editor.default\">\n\t\t\t\t<div class=\"elementor-widget-container\">\n\t\t\t\t\t<div class=\"elementor-text-editor elementor-clearfix\"><div><p class=\"Predeterminado\"><span lang=\"ES-TRAD\">Las Casas de Acogida y los Refugios Temporales son espacios que sirven de albergue seguro de manera temporal a las mujeres, ni\u00f1as y ni\u00f1<\/span><span lang=\"PT\">os menores v\u00ed<\/span><span lang=\"ES-TRAD\">ctimas de violencia contra la mujer. <\/span><\/p><\/div><div><p class=\"Predeterminado\"><span lang=\"PT\">Est\u00e1<\/span><span lang=\"ES-TRAD\">n al servicio de las mujeres, que no cuentan con una red familiar ni social que les pueda brindar apoyo en el momento de peligro o amenaza de agresi\u00f3n o incluso de muerte. <\/span><\/p><\/div><div><p class=\"Predeterminado\"><span lang=\"ES-TRAD\">El ingreso a ellas es voluntario y las mujeres que ingresan pueden dejarlas en el momento que lo definan. <\/span><\/p><\/div><\/div>\n\t\t\t\t<\/div>\n\t\t\t\t<\/div>\n\t\t\t\t\t\t<\/div>\n\t\t\t\t\t<\/div>\n\t\t<\/div>\n\t\t\t\t\t\t\t\t<\/div>\n\t\t\t\t\t<\/div>\n\t\t<\/section>\n\t\t\t\t<section class=\"elementor-section elementor-top-section elementor-element elementor-element-dbe1c93 elementor-section-boxed elementor-section-height-default elementor-section-height-default\" data-id=\"dbe1c93\" data-element_type=\"section\">\n\t\t\t\t\t\t<div class=\"elementor-container elementor-column-gap-default\">\n\t\t\t\t\t\t\t<div class=\"elementor-row\">\n\t\t\t\t\t<div class=\"elementor-column elementor-col-100 elementor-top-column elementor-element elementor-element-5b09989\" data-id=\"5b09989\" data-element_type=\"column\">\n\t\t\t<div class=\"elementor-column-wrap elementor-element-populated\">\n\t\t\t\t\t\t\t<div class=\"elementor-widget-wrap\">\n\t\t\t\t\t\t<div class=\"elementor-element elementor-element-a7e58bf elementor-widget elementor-widget-heading\" data-id=\"a7e58bf\" data-element_type=\"widget\" data-widget_type=\"heading.default\">\n\t\t\t\t<div class=\"elementor-widget-container\">\n\t\t\t<h2 class=\"elementor-heading-title elementor-size-default\">1.2. \u00bfCu\u00e1l es la finalidad? <\/h2>\t\t<\/div>\n\t\t\t\t<\/div>\n\t\t\t\t\t\t<\/div>\n\t\t\t\t\t<\/div>\n\t\t<\/div>\n\t\t\t\t\t\t\t\t<\/div>\n\t\t\t\t\t<\/div>\n\t\t<\/section>\n\t\t\t\t<section class=\"elementor-section elementor-top-section elementor-element elementor-element-876633b elementor-section-boxed elementor-section-height-default elementor-section-height-default\" data-id=\"876633b\" data-element_type=\"section\">\n\t\t\t\t\t\t<div class=\"elementor-container elementor-column-gap-default\">\n\t\t\t\t\t\t\t<div class=\"elementor-row\">\n\t\t\t\t\t<div class=\"elementor-column elementor-col-100 elementor-top-column elementor-element elementor-element-da28835\" data-id=\"da28835\" data-element_type=\"column\">\n\t\t\t<div class=\"elementor-column-wrap elementor-element-populated\">\n\t\t\t\t\t\t\t<div class=\"elementor-widget-wrap\">\n\t\t\t\t\t\t<div class=\"elementor-element elementor-element-781fee8 elementor-widget elementor-widget-text-editor\" data-id=\"781fee8\" data-element_type=\"widget\" data-widget_type=\"text-editor.default\">\n\t\t\t\t<div class=\"elementor-widget-container\">\n\t\t\t\t\t<div class=\"elementor-text-editor elementor-clearfix\"><div><p class=\"Predeterminado\"><span lang=\"ES-TRAD\">El objetivo de las Casas de Acogida y los Refugios Temporales es proteger a las mujeres y los menores de edad que est<\/span><span lang=\"FR\">\u00e9<\/span><span lang=\"ES-TRAD\">n a su cargo, de las agresiones f<\/span><span lang=\"PT\">\u00edsicas, psicol<\/span><span lang=\"ES-TRAD\">\u00f3gicas o sexuales o intentos de feminicidios de sus agresores. <\/span><\/p><\/div><\/div>\n\t\t\t\t<\/div>\n\t\t\t\t<\/div>\n\t\t\t\t\t\t<\/div>\n\t\t\t\t\t<\/div>\n\t\t<\/div>\n\t\t\t\t\t\t\t\t<\/div>\n\t\t\t\t\t<\/div>\n\t\t<\/section>\n\t\t\t\t<section class=\"elementor-section elementor-top-section elementor-element elementor-element-4834cfa elementor-section-boxed elementor-section-height-default elementor-section-height-default\" data-id=\"4834cfa\" data-element_type=\"section\">\n\t\t\t\t\t\t<div class=\"elementor-container elementor-column-gap-default\">\n\t\t\t\t\t\t\t<div class=\"elementor-row\">\n\t\t\t\t\t<div class=\"elementor-column elementor-col-100 elementor-top-column elementor-element elementor-element-7ccbaae\" data-id=\"7ccbaae\" data-element_type=\"column\">\n\t\t\t<div class=\"elementor-column-wrap elementor-element-populated\">\n\t\t\t\t\t\t\t<div class=\"elementor-widget-wrap\">\n\t\t\t\t\t\t<div class=\"elementor-element elementor-element-69374bc elementor-widget elementor-widget-heading\" data-id=\"69374bc\" data-element_type=\"widget\" data-widget_type=\"heading.default\">\n\t\t\t\t<div class=\"elementor-widget-container\">\n\t\t\t<h2 class=\"elementor-heading-title elementor-size-default\">1.3. \u00bfCu\u00e1l es el alcance del servicio? <\/h2>\t\t<\/div>\n\t\t\t\t<\/div>\n\t\t\t\t\t\t<\/div>\n\t\t\t\t\t<\/div>\n\t\t<\/div>\n\t\t\t\t\t\t\t\t<\/div>\n\t\t\t\t\t<\/div>\n\t\t<\/section>\n\t\t\t\t<section class=\"elementor-section elementor-top-section elementor-element elementor-element-35f0d1f elementor-section-boxed elementor-section-height-default elementor-section-height-default\" data-id=\"35f0d1f\" data-element_type=\"section\">\n\t\t\t\t\t\t<div class=\"elementor-container elementor-column-gap-default\">\n\t\t\t\t\t\t\t<div class=\"elementor-row\">\n\t\t\t\t\t<div class=\"elementor-column elementor-col-100 elementor-top-column elementor-element elementor-element-f5f44c8\" data-id=\"f5f44c8\" data-element_type=\"column\">\n\t\t\t<div class=\"elementor-column-wrap elementor-element-populated\">\n\t\t\t\t\t\t\t<div class=\"elementor-widget-wrap\">\n\t\t\t\t\t\t<div class=\"elementor-element elementor-element-c4d1150 elementor-widget elementor-widget-text-editor\" data-id=\"c4d1150\" data-element_type=\"widget\" data-widget_type=\"text-editor.default\">\n\t\t\t\t<div class=\"elementor-widget-container\">\n\t\t\t\t\t<div class=\"elementor-text-editor elementor-clearfix\"><p>La Casa de Acogida y el refugio temporal deben ofrecer a la v\u00edctima y\/o sobreviviente de la violencia:<\/p><ul><li>Una atenci\u00f3n integral, psicol\u00f3gica, legal, social y de salud.<\/li><li>Un lugar que les permita a las mujeres recobrar su autonom\u00eda para elaborar un plan de vida libre de violencia.<\/li><li>Una atenci\u00f3n orientada a su recuperaci\u00f3n y la de sus hijas e hijos menores, a partir de programas que les encaminen a tomar decisiones.<\/li><li>Resguardo de la violencia extrema que puede llegar a feminicidio o suicidio.<\/li><li style=\"font-size: 15px;\"><span style=\"color: var( --e-global-color-text );\">Brindarle herramientas para su autodeterminaci\u00f3n y emancipaci\u00f3n.<\/span><\/li><\/ul><\/div>\n\t\t\t\t<\/div>\n\t\t\t\t<\/div>\n\t\t\t\t\t\t<\/div>\n\t\t\t\t\t<\/div>\n\t\t<\/div>\n\t\t\t\t\t\t\t\t<\/div>\n\t\t\t\t\t<\/div>\n\t\t<\/section>\n\t\t\t\t<section class=\"elementor-section elementor-top-section elementor-element elementor-element-315df17 elementor-section-boxed elementor-section-height-default elementor-section-height-default\" data-id=\"315df17\" data-element_type=\"section\">\n\t\t\t\t\t\t<div class=\"elementor-container elementor-column-gap-default\">\n\t\t\t\t\t\t\t<div class=\"elementor-row\">\n\t\t\t\t\t<div class=\"elementor-column elementor-col-100 elementor-top-column elementor-element elementor-element-d492e5e\" data-id=\"d492e5e\" data-element_type=\"column\">\n\t\t\t<div class=\"elementor-column-wrap elementor-element-populated\">\n\t\t\t\t\t\t\t<div class=\"elementor-widget-wrap\">\n\t\t\t\t\t\t<div class=\"elementor-element elementor-element-8b3e482 elementor-widget elementor-widget-heading\" data-id=\"8b3e482\" data-element_type=\"widget\" data-widget_type=\"heading.default\">\n\t\t\t\t<div class=\"elementor-widget-container\">\n\t\t\t<h2 class=\"elementor-heading-title elementor-size-default\">1.4. \u00bfCu\u00e1nto cuesta ingresar? <\/h2>\t\t<\/div>\n\t\t\t\t<\/div>\n\t\t\t\t\t\t<\/div>\n\t\t\t\t\t<\/div>\n\t\t<\/div>\n\t\t\t\t\t\t\t\t<\/div>\n\t\t\t\t\t<\/div>\n\t\t<\/section>\n\t\t\t\t<section class=\"elementor-section elementor-top-section elementor-element elementor-element-297c104 elementor-section-boxed elementor-section-height-default elementor-section-height-default\" data-id=\"297c104\" data-element_type=\"section\">\n\t\t\t\t\t\t<div class=\"elementor-container elementor-column-gap-default\">\n\t\t\t\t\t\t\t<div class=\"elementor-row\">\n\t\t\t\t\t<div class=\"elementor-column elementor-col-100 elementor-top-column elementor-element elementor-element-4f711c2\" data-id=\"4f711c2\" data-element_type=\"column\">\n\t\t\t<div class=\"elementor-column-wrap elementor-element-populated\">\n\t\t\t\t\t\t\t<div class=\"elementor-widget-wrap\">\n\t\t\t\t\t\t<div class=\"elementor-element elementor-element-8c06c96 elementor-widget elementor-widget-text-editor\" data-id=\"8c06c96\" data-element_type=\"widget\" data-widget_type=\"text-editor.default\">\n\t\t\t\t<div class=\"elementor-widget-container\">\n\t\t\t\t\t<div class=\"elementor-text-editor elementor-clearfix\"><div><span lang=\"ES-TRAD\">Todos los servicios prestados en las Casas de Acogida y los Refugios Temporales son gratuitos. <\/span><\/div><div>\u00a0<\/div><div>\u00a0<\/div><\/div>\n\t\t\t\t<\/div>\n\t\t\t\t<\/div>\n\t\t\t\t\t\t<\/div>\n\t\t\t\t\t<\/div>\n\t\t<\/div>\n\t\t\t\t\t\t\t\t<\/div>\n\t\t\t\t\t<\/div>\n\t\t<\/section>\n\t\t\t\t<section class=\"elementor-section elementor-top-section elementor-element elementor-element-b21d256 elementor-section-boxed elementor-section-height-default elementor-section-height-default\" data-id=\"b21d256\" data-element_type=\"section\">\n\t\t\t\t\t\t<div class=\"elementor-container elementor-column-gap-default\">\n\t\t\t\t\t\t\t<div class=\"elementor-row\">\n\t\t\t\t\t<div class=\"elementor-column elementor-col-100 elementor-top-column elementor-element elementor-element-ad1c0c1\" data-id=\"ad1c0c1\" data-element_type=\"column\">\n\t\t\t<div class=\"elementor-column-wrap elementor-element-populated\">\n\t\t\t\t\t\t\t<div class=\"elementor-widget-wrap\">\n\t\t\t\t\t\t<div class=\"elementor-element elementor-element-0ebfbb9 elementor-widget elementor-widget-heading\" data-id=\"0ebfbb9\" data-element_type=\"widget\" data-widget_type=\"heading.default\">\n\t\t\t\t<div class=\"elementor-widget-container\">\n\t\t\t<h2 class=\"elementor-heading-title elementor-size-default\">1.5. \u00bfEn qu\u00e9 consiste la confidencialidad de la ubicaci\u00f3n de la Casa de Acogida o Refugio Temporal? <\/h2>\t\t<\/div>\n\t\t\t\t<\/div>\n\t\t\t\t\t\t<\/div>\n\t\t\t\t\t<\/div>\n\t\t<\/div>\n\t\t\t\t\t\t\t\t<\/div>\n\t\t\t\t\t<\/div>\n\t\t<\/section>\n\t\t\t\t<section class=\"elementor-section elementor-top-section elementor-element elementor-element-51806d3 elementor-section-boxed elementor-section-height-default elementor-section-height-default\" data-id=\"51806d3\" data-element_type=\"section\">\n\t\t\t\t\t\t<div class=\"elementor-container elementor-column-gap-default\">\n\t\t\t\t\t\t\t<div class=\"elementor-row\">\n\t\t\t\t\t<div class=\"elementor-column elementor-col-100 elementor-top-column elementor-element elementor-element-34d96cc\" data-id=\"34d96cc\" data-element_type=\"column\">\n\t\t\t<div class=\"elementor-column-wrap elementor-element-populated\">\n\t\t\t\t\t\t\t<div class=\"elementor-widget-wrap\">\n\t\t\t\t\t\t<div class=\"elementor-element elementor-element-182624b elementor-widget elementor-widget-text-editor\" data-id=\"182624b\" data-element_type=\"widget\" data-widget_type=\"text-editor.default\">\n\t\t\t\t<div class=\"elementor-widget-container\">\n\t\t\t\t\t<div class=\"elementor-text-editor elementor-clearfix\"><div><p class=\"Predeterminado\"><span lang=\"ES-TRAD\">La ubicaci\u00f3n de las Casas de Acogida y los Refugios Temporales no deben ser de conocimiento p<\/span><span lang=\"PT\">\u00fa<\/span><span lang=\"ES-TRAD\">blico y est<\/span><span lang=\"PT\">\u00e1<\/span><span lang=\"ES-TRAD\">n sujetos a confidencialidad. Las mujeres sobrevivientes de violencia extrema ser<\/span><span lang=\"PT\">\u00e1<\/span><span lang=\"ES-TRAD\">n remitidas a ellas a trav<\/span><span lang=\"FR\">\u00e9<\/span><span lang=\"ES-TRAD\">s de las instituciones prestatarias de servicios establecidas en la Ley 348. <\/span><span lang=\"PT\"><br \/><\/span><span lang=\"PT\">S<\/span><span lang=\"ES-TRAD\">\u00f3lo deben conocer su ubicaci\u00f3n los funcionarios necesarios, las mujeres acogidas y las personas autorizadas por decisi\u00f3<\/span><span lang=\"PT\">n judicial. <\/span><span lang=\"PT\"><br \/><\/span><span lang=\"ES-TRAD\">Las usuarias al ingresar a la Casa de Acogida o Refugio Temporal deben comprometerse a mantener en secreto su ubicaci\u00f3n en todo momento, mientras permanezcan en ella y cuando la dejen. Para ello deben firmar el acuerdo de ingreso voluntario que establece todo lo relativo a su estad<\/span><span lang=\"PT\">\u00ed<\/span><span lang=\"ES-TRAD\">a y la confidencialidad del lugar de la Casa de Acogida o Refugio Temporal. <\/span><\/p><\/div><div><p class=\"Predeterminado\"><span lang=\"ES-TRAD\">El personal que trabaja en la Casa de Acogida o Refugio debe comprometerse, desde su contrataci\u00f3<\/span><span lang=\"PT\">n, a no divulgar la direcci<\/span><span lang=\"ES-TRAD\">\u00f3n del lugar donde trabaja y el tipo de labor que desempe\u00f1<\/span><span lang=\"IT\">a. <\/span><\/p><\/div><div><p class=\"Predeterminado\"><span lang=\"PT\">La Administraci<\/span><span lang=\"ES-TRAD\">\u00f3n, por condiciones de seguridad, est<\/span><span lang=\"PT\">\u00e1 <\/span><span lang=\"ES-TRAD\">en la obligaci\u00f3n de mantener en el anonimato la ubicaci\u00f3n de la casa y no permitir acceso directo a ella. <\/span><\/p><\/div><\/div>\n\t\t\t\t<\/div>\n\t\t\t\t<\/div>\n\t\t\t\t\t\t<\/div>\n\t\t\t\t\t<\/div>\n\t\t<\/div>\n\t\t\t\t\t\t\t\t<\/div>\n\t\t\t\t\t<\/div>\n\t\t<\/section>\n\t\t\t\t<section class=\"elementor-section elementor-top-section elementor-element elementor-element-2efba33 elementor-section-boxed elementor-section-height-default elementor-section-height-default\" data-id=\"2efba33\" data-element_type=\"section\">\n\t\t\t\t\t\t<div class=\"elementor-container elementor-column-gap-default\">\n\t\t\t\t\t\t\t<div class=\"elementor-row\">\n\t\t\t\t\t<div class=\"elementor-column elementor-col-100 elementor-top-column elementor-element elementor-element-069b3f7\" data-id=\"069b3f7\" data-element_type=\"column\">\n\t\t\t<div class=\"elementor-column-wrap elementor-element-populated\">\n\t\t\t\t\t\t\t<div class=\"elementor-widget-wrap\">\n\t\t\t\t\t\t<div class=\"elementor-element elementor-element-6f04b15 elementor-widget elementor-widget-heading\" data-id=\"6f04b15\" data-element_type=\"widget\" data-widget_type=\"heading.default\">\n\t\t\t\t<div class=\"elementor-widget-container\">\n\t\t\t<h2 class=\"elementor-heading-title elementor-size-default\">1.6. \u00bfQu\u00e9 seguridad deben tener las Casas de Acogida y los Refugios Temporales? <\/h2>\t\t<\/div>\n\t\t\t\t<\/div>\n\t\t\t\t\t\t<\/div>\n\t\t\t\t\t<\/div>\n\t\t<\/div>\n\t\t\t\t\t\t\t\t<\/div>\n\t\t\t\t\t<\/div>\n\t\t<\/section>\n\t\t\t\t<section class=\"elementor-section elementor-top-section elementor-element elementor-element-71b1b03 elementor-section-boxed elementor-section-height-default elementor-section-height-default\" data-id=\"71b1b03\" data-element_type=\"section\">\n\t\t\t\t\t\t<div class=\"elementor-container elementor-column-gap-default\">\n\t\t\t\t\t\t\t<div class=\"elementor-row\">\n\t\t\t\t\t<div class=\"elementor-column elementor-col-100 elementor-top-column elementor-element elementor-element-b4131e4\" data-id=\"b4131e4\" data-element_type=\"column\">\n\t\t\t<div class=\"elementor-column-wrap elementor-element-populated\">\n\t\t\t\t\t\t\t<div class=\"elementor-widget-wrap\">\n\t\t\t\t\t\t<div class=\"elementor-element elementor-element-2c6f8f2 elementor-widget elementor-widget-text-editor\" data-id=\"2c6f8f2\" data-element_type=\"widget\" data-widget_type=\"text-editor.default\">\n\t\t\t\t<div class=\"elementor-widget-container\">\n\t\t\t\t\t<div class=\"elementor-text-editor elementor-clearfix\"><div><p class=\"Predeterminado\"><span lang=\"ES-TRAD\">Las Casas de Acogida y Refugios Temporales deben mantener un sistema de seguridad que resguarde de forma efectiva a las mujeres, sus hijas\/os y los\/as trabajadores de estas instancias, de las posibles acciones de sus agresores. <\/span><\/p><\/div><div><p class=\"Predeterminado\"><span lang=\"ES-TRAD\">Para este fin se puede definir un sistema de alerta policial o inclusive la presencia permanente de personal policial. <\/span><\/p><\/div><div><p class=\"Predeterminado\"><span lang=\"ES-TRAD\">Los tel<\/span><span lang=\"FR\">\u00e9<\/span><span lang=\"ES-TRAD\">fonos de los Refugios Temporales y las Casas de Acogida deben ser privados y no deben ser difundidos. <\/span><\/p><\/div><\/div>\n\t\t\t\t<\/div>\n\t\t\t\t<\/div>\n\t\t\t\t\t\t<\/div>\n\t\t\t\t\t<\/div>\n\t\t<\/div>\n\t\t\t\t\t\t\t\t<\/div>\n\t\t\t\t\t<\/div>\n\t\t<\/section>\n\t\t\t\t\t\t<\/div>\n\t\t\t\t\t\t<\/div>\n\t\t\t\t\t<\/div>\n\t\t","protected":false},"excerpt":{"rendered":"<p>1.1. \u00bfQu\u00e9 son las Casas de Acogida y los Refugios Temporales? Las Casas de Acogida y los Refugios Temporales son espacios que sirven de albergue seguro de manera temporal a las mujeres, ni\u00f1as y ni\u00f1os menores v\u00edctimas de violencia contra la mujer. Est\u00e1n al servicio de las mujeres, que no cuentan con una red familiar &hellip;<\/p>\n<p class=\"read-more\"> <a class=\"\" href=\"https:\/\/alvi.centrojuanaazurduy.org\/index.php\/capitulo-i-reglas-generales\/\"> <span class=\"screen-reader-text\">Cap\u00edtulo I : REGLAS GENERALES<\/span> Leer m\u00e1s &raquo;<\/a><\/p>\n","protected":false},"author":1,"featured_media":0,"comment_status":"closed","ping_status":"closed","sticky":false,"template":"","format":"standard","meta":{"footnotes":""},"categories":[2],"tags":[],"class_list":["post-383","post","type-post","status-publish","format-standard","hentry","category-casas-de-acogida"],"_links":{"self":[{"href":"https:\/\/alvi.centrojuanaazurduy.org\/index.php\/wp-json\/wp\/v2\/posts\/383","targetHints":{"allow":["GET"]}}],"collection":[{"href":"https:\/\/alvi.centrojuanaazurduy.org\/index.php\/wp-json\/wp\/v2\/posts"}],"about":[{"href":"https:\/\/alvi.centrojuanaazurduy.org\/index.php\/wp-json\/wp\/v2\/types\/post"}],"author":[{"embeddable":true,"href":"https:\/\/alvi.centrojuanaazurduy.org\/index.php\/wp-json\/wp\/v2\/users\/1"}],"replies":[{"embeddable":true,"href":"https:\/\/alvi.centrojuanaazurduy.org\/index.php\/wp-json\/wp\/v2\/comments?post=383"}],"version-history":[{"count":12,"href":"https:\/\/alvi.centrojuanaazurduy.org\/index.php\/wp-json\/wp\/v2\/posts\/383\/revisions"}],"predecessor-version":[{"id":4613,"href":"https:\/\/alvi.centrojuanaazurduy.org\/index.php\/wp-json\/wp\/v2\/posts\/383\/revisions\/4613"}],"wp:attachment":[{"href":"https:\/\/alvi.centrojuanaazurduy.org\/index.php\/wp-json\/wp\/v2\/media?parent=383"}],"wp:term":[{"taxonomy":"category","embeddable":true,"href":"https:\/\/alvi.centrojuanaazurduy.org\/index.php\/wp-json\/wp\/v2\/categories?post=383"},{"taxonomy":"post_tag","embeddable":true,"href":"https:\/\/alvi.centrojuanaazurduy.org\/index.php\/wp-json\/wp\/v2\/tags?post=383"}],"curies":[{"name":"wp","href":"https:\/\/api.w.org\/{rel}","templated":true}]}}