{"id":3828,"date":"2021-01-09T19:12:50","date_gmt":"2021-01-09T23:12:50","guid":{"rendered":"http:\/\/gavvi.monstruoestudio.com\/?p=3828"},"modified":"2021-05-30T15:45:59","modified_gmt":"2021-05-30T19:45:59","slug":"2-8-sistema-educativo","status":"publish","type":"post","link":"https:\/\/alvi.centrojuanaazurduy.org\/index.php\/2-8-sistema-educativo\/","title":{"rendered":"2.8. SISTEMA EDUCATIVO"},"content":{"rendered":"\t\t<div data-elementor-type=\"wp-post\" data-elementor-id=\"3828\" class=\"elementor elementor-3828\" data-elementor-settings=\"[]\">\n\t\t\t\t\t\t<div class=\"elementor-inner\">\n\t\t\t\t\t\t\t<div class=\"elementor-section-wrap\">\n\t\t\t\t\t\t\t<section class=\"elementor-section elementor-top-section elementor-element elementor-element-42dde46 elementor-section-boxed elementor-section-height-default elementor-section-height-default\" data-id=\"42dde46\" data-element_type=\"section\">\n\t\t\t\t\t\t<div class=\"elementor-container elementor-column-gap-default\">\n\t\t\t\t\t\t\t<div class=\"elementor-row\">\n\t\t\t\t\t<div class=\"elementor-column elementor-col-100 elementor-top-column elementor-element elementor-element-3b1b350\" data-id=\"3b1b350\" data-element_type=\"column\">\n\t\t\t<div class=\"elementor-column-wrap elementor-element-populated\">\n\t\t\t\t\t\t\t<div class=\"elementor-widget-wrap\">\n\t\t\t\t\t\t<div class=\"elementor-element elementor-element-8ecad5e elementor-widget elementor-widget-theme-post-title elementor-page-title elementor-widget-heading\" data-id=\"8ecad5e\" data-element_type=\"widget\" data-widget_type=\"theme-post-title.default\">\n\t\t\t\t<div class=\"elementor-widget-container\">\n\t\t\t<h1 class=\"elementor-heading-title elementor-size-default\">2.8. SISTEMA EDUCATIVO<\/h1>\t\t<\/div>\n\t\t\t\t<\/div>\n\t\t\t\t\t\t<\/div>\n\t\t\t\t\t<\/div>\n\t\t<\/div>\n\t\t\t\t\t\t\t\t<\/div>\n\t\t\t\t\t<\/div>\n\t\t<\/section>\n\t\t\t\t<section class=\"elementor-section elementor-top-section elementor-element elementor-element-67a65c8 elementor-section-boxed elementor-section-height-default elementor-section-height-default\" data-id=\"67a65c8\" data-element_type=\"section\">\n\t\t\t\t\t\t<div class=\"elementor-container elementor-column-gap-default\">\n\t\t\t\t\t\t\t<div class=\"elementor-row\">\n\t\t\t\t\t<div class=\"elementor-column elementor-col-100 elementor-top-column elementor-element elementor-element-1d0627e\" data-id=\"1d0627e\" data-element_type=\"column\">\n\t\t\t<div class=\"elementor-column-wrap elementor-element-populated\">\n\t\t\t\t\t\t\t<div class=\"elementor-widget-wrap\">\n\t\t\t\t\t\t<div class=\"elementor-element elementor-element-829431f elementor-widget elementor-widget-text-editor\" data-id=\"829431f\" data-element_type=\"widget\" data-widget_type=\"text-editor.default\">\n\t\t\t\t<div class=\"elementor-widget-container\">\n\t\t\t\t\t<div class=\"elementor-text-editor elementor-clearfix\"><div class=\"page\" title=\"Page 145\"><div class=\"section\"><div class=\"layoutArea\"><div class=\"column\"><p>El Ministerio de Educacio\u0301n tiene atribuciones y funciones especi\u0301ficas relacionadas con las vi\u0301ctimas de violencia en el Sistema Educativo.<\/p><table cellspacing=\"0\" cellpadding=\"0\"><tbody><tr><td valign=\"middle\"><p align=\"center\"><span style=\"color: #43358b; font-family: Ubuntu; font-size: small;\"><b>Responsables<\/b><\/span><\/p><\/td><td valign=\"middle\"><p align=\"center\"><span style=\"color: #43358b; font-family: Ubuntu; font-size: small;\"><b>Principales atribuciones y funciones<span class=\"Apple-converted-space\">\u00a0<\/span><\/b><\/span><\/p><\/td><\/tr><tr><td valign=\"middle\"><p><span style=\"color: #000000; font-family: Ubuntu; font-size: small;\"><b>Sistema Educativo (Ley No. 548, art. 150 y 152)<span class=\"Apple-converted-space\">\u00a0<\/span><\/b><\/span><\/p><\/td><td valign=\"middle\"><p><span style=\"color: #000000; font-family: Ubuntu; font-size: small;\">La Comunidad Educativa a fin de prevenir, detener y eliminar la violencia, agresi\u00f3n y\/o acoso en las unidades educativas y\/o centros pueden adoptar las siguientes medidas:<span class=\"Apple-converted-space\">\u00a0<\/span><\/span><\/p><ul><li><span style=\"color: #000000; font-family: Ubuntu; font-size: small;\">Romper la cultura del silencio y del miedo denunciando conductas y actos de cualquier tipo de violencia;<span class=\"Apple-converted-space\">\u00a0<\/span><\/span><\/li><li><span style=\"color: #000000; font-family: Ubuntu; font-size: small;\">Elaborar un Plan de Convivencia pac\u00edfica y arm\u00f3nica, acorde a la realidad de cada unidad educativa y\/o centro;<span class=\"Apple-converted-space\">\u00a0<\/span><\/span><\/li><li><span style=\"color: #000000; font-family: Ubuntu; font-size: small;\">Difundir y promover normas contra la violencia agresi\u00f3n y\/o acoso en las unidades educativas y\/o centros; y<span class=\"Apple-converted-space\">\u00a0<\/span><\/span><\/li><li><span style=\"color: #000000; font-family: Ubuntu; font-size: small;\">Denunciar los casos que se consideren graves y las denuncias falsas.<span class=\"Apple-converted-space\">\u00a0<\/span><\/span><\/li><\/ul><\/td><\/tr><tr><td valign=\"middle\"><p><span style=\"color: #000000; font-family: Ubuntu; font-size: small;\"><b>Ministerio de Educaci\u00f3n (Ley No. 348, art. 19<\/b>).<span class=\"Apple-converted-space\">\u00a0<\/span><\/span><\/p><\/td><td valign=\"middle\"><ul><li><span style=\"color: #000000; font-family: Ubuntu; font-size: small;\">Incorporar estrategias y programas de prevenci\u00f3n e intervenci\u00f3n integral contra la violencia hacia las mujeres en las pol\u00edticas p\u00fablicas de educaci\u00f3n.<span class=\"Apple-converted-space\">\u00a0<\/span><\/span><\/li><li><span style=\"color: #000000; font-family: Ubuntu; font-size: small;\">Crear en las unidades educativas un centro de atenci\u00f3n psicol\u00f3gica, con especialidad obligatoria en violencia, en convenio con universidades p\u00fablicas o privadas para la atenci\u00f3n psicol\u00f3gica de las y los estudiantes que viven en familias en situaci\u00f3n de violencia.<span class=\"Apple-converted-space\">\u00a0<\/span><\/span><\/li><li><span style=\"color: #000000; font-family: Ubuntu; font-size: small;\">Garantizar el traspaso inmediato a las unidades educativas que correspondan, de las hijas o hijos de mujeres en situaci\u00f3n de violencia, si se produce un cambio de domicilio.<span class=\"Apple-converted-space\">\u00a0<\/span><\/span><\/li><li><span style=\"color: #000000; font-family: Ubuntu; font-size: small;\">Formular y ejecutar una pol\u00edtica de prevenci\u00f3n del acoso sexual en el sistema educativo.<span class=\"Apple-converted-space\">\u00a0<\/span><\/span><\/li><\/ul><\/td><\/tr><tr><td valign=\"middle\"><p><span style=\"color: #000000; font-family: Ubuntu; font-size: small;\"><b>Unidades Educativas (Ley No. 348, art. 19<\/b>).<span class=\"Apple-converted-space\">\u00a0<\/span><\/span><\/p><\/td><td valign=\"middle\"><p><span style=\"color: #000000; font-family: Ubuntu; font-size: small;\">El personal docente, administrativo o de apoyo, profesional que, habiendo detectado una situaci\u00f3n de violencia no la hubiere reportado, ser\u00e1 pasible a las acciones legales que correspondan.<span class=\"Apple-converted-space\">\u00a0<\/span><\/span><\/p><\/td><\/tr><tr><td valign=\"middle\"><p><span style=\"color: #000000; font-family: Ubuntu; font-size: small;\"><b>Universidades y centros de formaci\u00f3n superior p\u00fablicos (Ley No. 348, art. 24).<span class=\"Apple-converted-space\">\u00a0<\/span><\/b><\/span><\/p><\/td><td valign=\"middle\"><p><span style=\"color: #000000; font-family: Ubuntu; font-size: small;\">Crear programas y servicios gratuitos destinados a la prevenci\u00f3n de la violencia hacia las mujeres, la atenci\u00f3n y rehabilitaci\u00f3n de mujeres en situaci\u00f3n de violencia, asesor\u00eda profesional especializada e integral. Las universidades y centros de formaci\u00f3n incluir\u00e1n programas acad\u00e9micos adecuados para lograr estos prop\u00f3sitos.<span class=\"Apple-converted-space\">\u00a0<\/span><\/span><\/p><\/td><\/tr><tr><td valign=\"middle\"><p><span style=\"color: #000000; font-family: Ubuntu; font-size: small;\"><b>Directores Departamentales de Educaci\u00f3n y el Ministerio de Educaci\u00f3n (Decreto Supremo No. 1302 y 1320<\/b>)<span class=\"Apple-converted-space\">\u00a0<\/span><\/span><\/p><\/td><td valign=\"middle\"><p><span style=\"color: #000000; font-family: Ubuntu; font-size: small;\">Tienen la obligaci\u00f3n de denunciar y coadyuvar en la acci\u00f3n penal correspondiente hasta su conclusi\u00f3n, ante el Ministerio P\u00fablico de su Jurisdicci\u00f3n o autoridad competente, en contra de directores, docentes o administrativos del Sistema Educativo Plurinacional, que hubiesen sido sindicados de la comisi\u00f3n de delitos que atenten contra la vida, la integridad f\u00edsica, psicol\u00f3gica y\/o sexual de las ni\u00f1as, ni\u00f1os y adolescentes estudiantes.<span class=\"Apple-converted-space\">\u00a0<\/span><\/span><\/p><\/td><\/tr><\/tbody><\/table><\/div><\/div><\/div><\/div><\/div>\n\t\t\t\t<\/div>\n\t\t\t\t<\/div>\n\t\t\t\t\t\t<\/div>\n\t\t\t\t\t<\/div>\n\t\t<\/div>\n\t\t\t\t\t\t\t\t<\/div>\n\t\t\t\t\t<\/div>\n\t\t<\/section>\n\t\t\t\t\t\t<\/div>\n\t\t\t\t\t\t<\/div>\n\t\t\t\t\t<\/div>\n\t\t","protected":false},"excerpt":{"rendered":"<p>El Ministerio de Educacio\u0301n tiene atribuciones y funciones especi\u0301ficas relacionadas con las vi\u0301ctimas de violencia en el Sistema Educativo. Responsables Principales atribuciones y funciones\u00a0 Sistema Educativo (Ley No. 548, art. 150 y 152)\u00a0 La Comunidad Educativa a fin de prevenir, detener y eliminar la violencia, agresi\u00f3n y\/o acoso en las unidades educativas y\/o centros pueden &hellip;<\/p>\n<p class=\"read-more\"> <a class=\"\" href=\"https:\/\/alvi.centrojuanaazurduy.org\/index.php\/2-8-sistema-educativo\/\"> <span class=\"screen-reader-text\">2.8. SISTEMA EDUCATIVO<\/span> Leer m\u00e1s &raquo;<\/a><\/p>\n","protected":false},"author":1,"featured_media":0,"comment_status":"closed","ping_status":"closed","sticky":false,"template":"","format":"standard","meta":{"footnotes":""},"categories":[9],"tags":[],"class_list":["post-3828","post","type-post","status-publish","format-standard","hentry","category-protocolo-sepmud"],"_links":{"self":[{"href":"https:\/\/alvi.centrojuanaazurduy.org\/index.php\/wp-json\/wp\/v2\/posts\/3828","targetHints":{"allow":["GET"]}}],"collection":[{"href":"https:\/\/alvi.centrojuanaazurduy.org\/index.php\/wp-json\/wp\/v2\/posts"}],"about":[{"href":"https:\/\/alvi.centrojuanaazurduy.org\/index.php\/wp-json\/wp\/v2\/types\/post"}],"author":[{"embeddable":true,"href":"https:\/\/alvi.centrojuanaazurduy.org\/index.php\/wp-json\/wp\/v2\/users\/1"}],"replies":[{"embeddable":true,"href":"https:\/\/alvi.centrojuanaazurduy.org\/index.php\/wp-json\/wp\/v2\/comments?post=3828"}],"version-history":[{"count":3,"href":"https:\/\/alvi.centrojuanaazurduy.org\/index.php\/wp-json\/wp\/v2\/posts\/3828\/revisions"}],"predecessor-version":[{"id":4073,"href":"https:\/\/alvi.centrojuanaazurduy.org\/index.php\/wp-json\/wp\/v2\/posts\/3828\/revisions\/4073"}],"wp:attachment":[{"href":"https:\/\/alvi.centrojuanaazurduy.org\/index.php\/wp-json\/wp\/v2\/media?parent=3828"}],"wp:term":[{"taxonomy":"category","embeddable":true,"href":"https:\/\/alvi.centrojuanaazurduy.org\/index.php\/wp-json\/wp\/v2\/categories?post=3828"},{"taxonomy":"post_tag","embeddable":true,"href":"https:\/\/alvi.centrojuanaazurduy.org\/index.php\/wp-json\/wp\/v2\/tags?post=3828"}],"curies":[{"name":"wp","href":"https:\/\/api.w.org\/{rel}","templated":true}]}}