{"id":3823,"date":"2021-01-09T19:11:22","date_gmt":"2021-01-09T23:11:22","guid":{"rendered":"http:\/\/gavvi.monstruoestudio.com\/?p=3823"},"modified":"2021-05-30T15:32:43","modified_gmt":"2021-05-30T19:32:43","slug":"2-7-servicios-departamentales","status":"publish","type":"post","link":"https:\/\/alvi.centrojuanaazurduy.org\/index.php\/2-7-servicios-departamentales\/","title":{"rendered":"2.7. SERVICIOS DEPARTAMENTALES"},"content":{"rendered":"\t\t<div data-elementor-type=\"wp-post\" data-elementor-id=\"3823\" class=\"elementor elementor-3823\" data-elementor-settings=\"[]\">\n\t\t\t\t\t\t<div class=\"elementor-inner\">\n\t\t\t\t\t\t\t<div class=\"elementor-section-wrap\">\n\t\t\t\t\t\t\t<section class=\"elementor-section elementor-top-section elementor-element elementor-element-761a92a elementor-section-boxed elementor-section-height-default elementor-section-height-default\" data-id=\"761a92a\" data-element_type=\"section\">\n\t\t\t\t\t\t<div class=\"elementor-container elementor-column-gap-default\">\n\t\t\t\t\t\t\t<div class=\"elementor-row\">\n\t\t\t\t\t<div class=\"elementor-column elementor-col-100 elementor-top-column elementor-element elementor-element-2ee855b\" data-id=\"2ee855b\" data-element_type=\"column\">\n\t\t\t<div class=\"elementor-column-wrap elementor-element-populated\">\n\t\t\t\t\t\t\t<div class=\"elementor-widget-wrap\">\n\t\t\t\t\t\t<div class=\"elementor-element elementor-element-1525c49 elementor-widget elementor-widget-theme-post-title elementor-page-title elementor-widget-heading\" data-id=\"1525c49\" data-element_type=\"widget\" data-widget_type=\"theme-post-title.default\">\n\t\t\t\t<div class=\"elementor-widget-container\">\n\t\t\t<h1 class=\"elementor-heading-title elementor-size-default\">2.7. SERVICIOS DEPARTAMENTALES<\/h1>\t\t<\/div>\n\t\t\t\t<\/div>\n\t\t\t\t\t\t<\/div>\n\t\t\t\t\t<\/div>\n\t\t<\/div>\n\t\t\t\t\t\t\t\t<\/div>\n\t\t\t\t\t<\/div>\n\t\t<\/section>\n\t\t\t\t<section class=\"elementor-section elementor-top-section elementor-element elementor-element-376094f elementor-section-boxed elementor-section-height-default elementor-section-height-default\" data-id=\"376094f\" data-element_type=\"section\">\n\t\t\t\t\t\t<div class=\"elementor-container elementor-column-gap-default\">\n\t\t\t\t\t\t\t<div class=\"elementor-row\">\n\t\t\t\t\t<div class=\"elementor-column elementor-col-100 elementor-top-column elementor-element elementor-element-4fb4903\" data-id=\"4fb4903\" data-element_type=\"column\">\n\t\t\t<div class=\"elementor-column-wrap elementor-element-populated\">\n\t\t\t\t\t\t\t<div class=\"elementor-widget-wrap\">\n\t\t\t\t\t\t<div class=\"elementor-element elementor-element-ac88c1a elementor-widget elementor-widget-text-editor\" data-id=\"ac88c1a\" data-element_type=\"widget\" data-widget_type=\"text-editor.default\">\n\t\t\t\t<div class=\"elementor-widget-container\">\n\t\t\t\t\t<div class=\"elementor-text-editor elementor-clearfix\"><div class=\"page\" title=\"Page 144\"><div class=\"section\"><div class=\"layoutArea\"><div class=\"column\"><p>Los Gobiernos Departamentales deben contar con servicios de atencio\u0301n a vi\u0301ctimas de violencia, descritos en la Ley No. 348 y la Ley No. 548.<\/p><table cellspacing=\"0\" cellpadding=\"0\"><tbody><tr><td valign=\"middle\"><p align=\"center\"><span style=\"color: #43358b; font-family: Ubuntu; font-size: small;\"><b>Servicios disponibles<\/b><\/span><\/p><\/td><td valign=\"middle\"><p align=\"center\"><span style=\"color: #43358b; font-family: Ubuntu; font-size: small;\"><b>Principales funciones<span class=\"Apple-converted-space\">\u00a0<\/span><\/b><\/span><\/p><\/td><\/tr><tr><td valign=\"middle\"><p><span style=\"color: #000000; font-family: Ubuntu; font-size: small;\"><b>Instancia T\u00e9cnica Departamental de Pol\u00edtica Social (Ley No. 548, art. 183<\/b>)<span class=\"Apple-converted-space\">\u00a0<\/span><\/span><\/p><\/td><td valign=\"middle\"><ul><li><span style=\"color: #000000; font-family: Ubuntu; font-size: small;\">Brindar servicios de orientaci\u00f3n y apoyo socio-familiar y educativo.<span class=\"Apple-converted-space\">\u00a0<\/span><\/span><\/li><li><span style=\"color: #000000; font-family: Ubuntu; font-size: small;\">Brindar servicios de atenci\u00f3n jur\u00eddica y psico-social.<\/span><\/li><li><span style=\"color: #000000; font-family: Ubuntu; font-size: small;\">Desarrollar programas de acogimiento temporal.<\/span><\/li><li><span style=\"color: #000000; font-family: Ubuntu; font-size: small;\">Ejecutar programas de familia sustituta, bajo la modalidad de guarda, tutela y adopci\u00f3n nacional.<span class=\"Apple-converted-space\">\u00a0<\/span><\/span><\/li><\/ul><\/td><\/tr><tr><td valign=\"middle\"><p><span style=\"color: #000000; font-family: Ubuntu; font-size: small;\"><b>Centro Especializado de Prevenci\u00f3n y Atenci\u00f3n Terap\u00e9utica (CEPAT<\/b>)<span class=\"Apple-converted-space\">\u00a0<\/span><\/span><\/p><\/td><td valign=\"middle\"><ul><li><span style=\"color: #000000; font-family: Ubuntu; font-size: small;\">Es un servicio dependiente de la Instancia T\u00e9cnica Departamental de Pol\u00edticas Sociales.<span class=\"Apple-converted-space\">\u00a0<\/span><\/span><\/li><li><span style=\"color: #000000; font-family: Ubuntu; font-size: small;\">Se enfoca en la prevenci\u00f3n y atenci\u00f3n terap\u00e9utica especializada ni\u00f1as, ni\u00f1os y adolescentes en situaci\u00f3n de violencia sexual, a trav\u00e9s de intervenciones con enfoque sist\u00e9mico para coadyuvar en la recuperaci\u00f3n psicosocial de ni\u00f1as, ni\u00f1os y adolescentes y tratar las secuelas de la violencia sexual.<span class=\"Apple-converted-space\">\u00a0<\/span><\/span><\/li><li><span style=\"color: #000000; font-family: Ubuntu; font-size: small;\">Se caracteriza por ser un servicio ambulatorio alternativo al servicio residente para ni\u00f1as, ni\u00f1os y adolescentes y sus familias, fortaleciendo los v\u00ednculos afectivos y familiares.<span class=\"Apple-converted-space\">\u00a0<\/span><\/span><\/li><\/ul><\/td><\/tr><tr><td valign=\"middle\"><p><span style=\"color: #000000; font-family: Ubuntu; font-size: small;\"><b>Casas de Acogida y Refugio Temporal (Ley No. 348, art. 25 y 26)<span class=\"Apple-converted-space\">\u00a0<\/span><\/b><\/span><\/p><\/td><td valign=\"middle\"><ul><li><span style=\"color: #000000; font-family: Ubuntu; font-size: small;\">Deben acoger, proteger y atender de forma gratuita, a mujeres en situaci\u00f3n de violencia, a sus hijas e hijos y cualquier familiar que se encuentre bajo su dependencia y est\u00e9 en riesgo.<span class=\"Apple-converted-space\">\u00a0<\/span><\/span><\/li><li><span style=\"color: #000000; font-family: Ubuntu; font-size: small;\">Estimular y promover el empoderamiento de las mujeres en situaci\u00f3n de violencia, facilitando su acceso a la educaci\u00f3n, capacitaci\u00f3n laboral y trabajo.<span class=\"Apple-converted-space\">\u00a0<\/span><\/span><\/li><li><span style=\"color: #000000; font-family: Ubuntu; font-size: small;\">Coordinar con los servicios de atenci\u00f3n y los centros de salud p\u00fablica y privada, la atenci\u00f3n m\u00e9dica de las mujeres y sus familiares en situaci\u00f3n de violencia.<span class=\"Apple-converted-space\">\u00a0<\/span><\/span><\/li><li><span style=\"color: #000000; font-family: Ubuntu; font-size: small;\">Proporcionar a las mujeres la atenci\u00f3n interdisciplinaria necesaria para su recuperaci\u00f3n f\u00edsica y psicol\u00f3gica, que les permita participar, de manera gradual, en la vida p\u00fablica, social y privado.<span class=\"Apple-converted-space\">\u00a0<\/span><\/span><\/li><li><span style=\"color: #000000; font-family: Ubuntu; font-size: small;\">Dar informaci\u00f3n a las mujeres sobre los procedimientos legales, las instituciones que prestan los servicios interdisciplinarios gratuitos que requieran para su restablecimiento y cualquier tema de su inter\u00e9s, vinculado a su situaci\u00f3n.<span class=\"Apple-converted-space\">\u00a0<\/span><\/span><\/li><\/ul><\/td><\/tr><\/tbody><\/table><\/div><\/div><div class=\"page\" title=\"Page 144\"><div class=\"section\"><div class=\"layoutArea\"><div class=\"column\"><p>En su funcionamiento deben enmarcarse en la GUI\u0301A DE GESTIO\u0301N DE CASAS DE ACOGIDA Y REFUGIO TEMPORAL aprobada mediante Resolucio\u0301n Ministerial No. 024\/2016, de 22 de febrero de 2016 (Ver lista en el Anexo 8).<\/p><\/div><\/div><\/div><\/div><\/div><\/div><\/div>\n\t\t\t\t<\/div>\n\t\t\t\t<\/div>\n\t\t\t\t\t\t<\/div>\n\t\t\t\t\t<\/div>\n\t\t<\/div>\n\t\t\t\t\t\t\t\t<\/div>\n\t\t\t\t\t<\/div>\n\t\t<\/section>\n\t\t\t\t\t\t<\/div>\n\t\t\t\t\t\t<\/div>\n\t\t\t\t\t<\/div>\n\t\t","protected":false},"excerpt":{"rendered":"<p>Los Gobiernos Departamentales deben contar con servicios de atencio\u0301n a vi\u0301ctimas de violencia, descritos en la Ley No. 348 y la Ley No. 548. Servicios disponibles Principales funciones\u00a0 Instancia T\u00e9cnica Departamental de Pol\u00edtica Social (Ley No. 548, art. 183)\u00a0 Brindar servicios de orientaci\u00f3n y apoyo socio-familiar y educativo.\u00a0 Brindar servicios de atenci\u00f3n jur\u00eddica y psico-social. &hellip;<\/p>\n<p class=\"read-more\"> <a class=\"\" href=\"https:\/\/alvi.centrojuanaazurduy.org\/index.php\/2-7-servicios-departamentales\/\"> <span class=\"screen-reader-text\">2.7. SERVICIOS DEPARTAMENTALES<\/span> Leer m\u00e1s &raquo;<\/a><\/p>\n","protected":false},"author":1,"featured_media":0,"comment_status":"closed","ping_status":"closed","sticky":false,"template":"","format":"standard","meta":{"footnotes":""},"categories":[9],"tags":[],"class_list":["post-3823","post","type-post","status-publish","format-standard","hentry","category-protocolo-sepmud"],"_links":{"self":[{"href":"https:\/\/alvi.centrojuanaazurduy.org\/index.php\/wp-json\/wp\/v2\/posts\/3823","targetHints":{"allow":["GET"]}}],"collection":[{"href":"https:\/\/alvi.centrojuanaazurduy.org\/index.php\/wp-json\/wp\/v2\/posts"}],"about":[{"href":"https:\/\/alvi.centrojuanaazurduy.org\/index.php\/wp-json\/wp\/v2\/types\/post"}],"author":[{"embeddable":true,"href":"https:\/\/alvi.centrojuanaazurduy.org\/index.php\/wp-json\/wp\/v2\/users\/1"}],"replies":[{"embeddable":true,"href":"https:\/\/alvi.centrojuanaazurduy.org\/index.php\/wp-json\/wp\/v2\/comments?post=3823"}],"version-history":[{"count":3,"href":"https:\/\/alvi.centrojuanaazurduy.org\/index.php\/wp-json\/wp\/v2\/posts\/3823\/revisions"}],"predecessor-version":[{"id":4069,"href":"https:\/\/alvi.centrojuanaazurduy.org\/index.php\/wp-json\/wp\/v2\/posts\/3823\/revisions\/4069"}],"wp:attachment":[{"href":"https:\/\/alvi.centrojuanaazurduy.org\/index.php\/wp-json\/wp\/v2\/media?parent=3823"}],"wp:term":[{"taxonomy":"category","embeddable":true,"href":"https:\/\/alvi.centrojuanaazurduy.org\/index.php\/wp-json\/wp\/v2\/categories?post=3823"},{"taxonomy":"post_tag","embeddable":true,"href":"https:\/\/alvi.centrojuanaazurduy.org\/index.php\/wp-json\/wp\/v2\/tags?post=3823"}],"curies":[{"name":"wp","href":"https:\/\/api.w.org\/{rel}","templated":true}]}}