{"id":3813,"date":"2021-01-09T19:06:51","date_gmt":"2021-01-09T23:06:51","guid":{"rendered":"http:\/\/gavvi.monstruoestudio.com\/?p=3813"},"modified":"2021-05-30T14:02:48","modified_gmt":"2021-05-30T18:02:48","slug":"2-5-servicios-de-atencion-y-promocion-de-denuncias-del-ministerio-de-justicia-y-transparencia-institucional","status":"publish","type":"post","link":"https:\/\/alvi.centrojuanaazurduy.org\/index.php\/2-5-servicios-de-atencion-y-promocion-de-denuncias-del-ministerio-de-justicia-y-transparencia-institucional\/","title":{"rendered":"2.5. SERVICIOS DE ATENCI\u00d3N Y PROMOCI\u00d3N DE DENUNCIAS DEL MINISTERIO DE JUSTICIA Y TRANSPARENCIA INSTITUCIONAL"},"content":{"rendered":"\t\t<div data-elementor-type=\"wp-post\" data-elementor-id=\"3813\" class=\"elementor elementor-3813\" data-elementor-settings=\"[]\">\n\t\t\t\t\t\t<div class=\"elementor-inner\">\n\t\t\t\t\t\t\t<div class=\"elementor-section-wrap\">\n\t\t\t\t\t\t\t<section class=\"elementor-section elementor-top-section elementor-element elementor-element-8c86456 elementor-section-boxed elementor-section-height-default elementor-section-height-default\" data-id=\"8c86456\" data-element_type=\"section\">\n\t\t\t\t\t\t<div class=\"elementor-container elementor-column-gap-default\">\n\t\t\t\t\t\t\t<div class=\"elementor-row\">\n\t\t\t\t\t<div class=\"elementor-column elementor-col-100 elementor-top-column elementor-element elementor-element-73fa1fb\" data-id=\"73fa1fb\" data-element_type=\"column\">\n\t\t\t<div class=\"elementor-column-wrap elementor-element-populated\">\n\t\t\t\t\t\t\t<div class=\"elementor-widget-wrap\">\n\t\t\t\t\t\t<div class=\"elementor-element elementor-element-9678c0d elementor-widget elementor-widget-theme-post-title elementor-page-title elementor-widget-heading\" data-id=\"9678c0d\" data-element_type=\"widget\" data-widget_type=\"theme-post-title.default\">\n\t\t\t\t<div class=\"elementor-widget-container\">\n\t\t\t<h1 class=\"elementor-heading-title elementor-size-default\">2.5. SERVICIOS DE ATENCI\u00d3N Y PROMOCI\u00d3N DE DENUNCIAS DEL MINISTERIO DE JUSTICIA Y TRANSPARENCIA INSTITUCIONAL<\/h1>\t\t<\/div>\n\t\t\t\t<\/div>\n\t\t\t\t\t\t<\/div>\n\t\t\t\t\t<\/div>\n\t\t<\/div>\n\t\t\t\t\t\t\t\t<\/div>\n\t\t\t\t\t<\/div>\n\t\t<\/section>\n\t\t\t\t<section class=\"elementor-section elementor-top-section elementor-element elementor-element-b1bbfff elementor-section-boxed elementor-section-height-default elementor-section-height-default\" data-id=\"b1bbfff\" data-element_type=\"section\">\n\t\t\t\t\t\t<div class=\"elementor-container elementor-column-gap-default\">\n\t\t\t\t\t\t\t<div class=\"elementor-row\">\n\t\t\t\t\t<div class=\"elementor-column elementor-col-100 elementor-top-column elementor-element elementor-element-eecef1a\" data-id=\"eecef1a\" data-element_type=\"column\">\n\t\t\t<div class=\"elementor-column-wrap elementor-element-populated\">\n\t\t\t\t\t\t\t<div class=\"elementor-widget-wrap\">\n\t\t\t\t\t\t<div class=\"elementor-element elementor-element-85384fb elementor-widget elementor-widget-text-editor\" data-id=\"85384fb\" data-element_type=\"widget\" data-widget_type=\"text-editor.default\">\n\t\t\t\t<div class=\"elementor-widget-container\">\n\t\t\t\t\t<div class=\"elementor-text-editor elementor-clearfix\"><div class=\"page\" title=\"Page 140\"><div class=\"section\"><div class=\"layoutArea\"><div class=\"column\"><p>El Ministerio de Justicia y Transparencia Institucional cuenta con Instituciones Promotoras de la Denuncia, estableciendo sus funciones especi\u0301ficas en casos de violencia.<\/p><table cellspacing=\"0\" cellpadding=\"0\"><tbody><tr><td valign=\"middle\"><p align=\"center\"><span style=\"color: #43358b; font-family: Ubuntu; font-size: small;\"><b>Servicios disponibles<\/b><\/span><\/p><\/td><td valign=\"middle\"><p align=\"center\"><span style=\"color: #43358b; font-family: Ubuntu; font-size: small;\"><b>Principales funciones<span class=\"Apple-converted-space\">\u00a0<\/span><\/b><\/span><\/p><\/td><\/tr><tr><td valign=\"middle\"><p><span style=\"color: #000000; font-family: Ubuntu; font-size: small;\"><b>Servicios Integrados de Justicia Plurinacional &#8211; SIJPLU<br \/>(Ley No. 348, Art. 48)<span class=\"Apple-converted-space\">\u00a0<\/span><\/b><\/span><\/p><\/td><td valign=\"middle\"><p><span style=\"color: #000000; font-family: Ubuntu; font-size: small;\">Recibir denuncias y brindar orientaci\u00f3n y patrocinio legal gratuito, en distintas materias (penal, civil, familiar) as\u00ed como apoyo psicol\u00f3gico y social y deber\u00e1n aplicar un enfoque de derechos humanos a mujeres en situaci\u00f3n de violencia.<span class=\"Apple-converted-space\">\u00a0<\/span><\/span><\/p><\/td><\/tr><tr><td valign=\"middle\"><p><span style=\"color: #000000; font-family: Ubuntu; font-size: small;\"><b>Servicio Plurinacional de Asistencia a la V\u00edctima \u2013SEPDAV I- (Ley No.464, art. 3 y Ley No. 348, art. 49).<span class=\"Apple-converted-space\">\u00a0<\/span><\/b><\/span><\/p><\/td><td valign=\"middle\"><p><span style=\"color: #000000; font-family: Ubuntu; font-size: small;\">Es su funci\u00f3n general garantizar el acceso a la justicia a la persona de escasos recursos econ\u00f3micos que sea v\u00edctima de un delito, brind\u00e1ndole el patrocinio legal, asistencia social y psicol\u00f3gica durante los actos iniciales y el proceso penal hasta la ejecuci\u00f3n de la sentencia, promoviendo la reparaci\u00f3n del da\u00f1o y evitando fundamentalmente la revictimizaci\u00f3n.<span class=\"Apple-converted-space\">\u00a0<\/span><\/span><\/p><p><span style=\"color: #000000; font-family: Ubuntu; font-size: small;\">En casos de violencia apoyar\u00e1 a mujeres en situaci\u00f3n de violencia carentes de recursos econ\u00f3micos, mediante patrocinio legal gratuito y apoyo psicol\u00f3gico para garantizar su acceso a la administraci\u00f3n de justicia y la sanci\u00f3n a los agresores. Para el cumplimiento de esta finalidad, este servicio ejercer\u00e1 sus funciones en atenci\u00f3n a lograr la soluci\u00f3n m\u00e1s favorable para la v\u00edctima.<span class=\"Apple-converted-space\">\u00a0<\/span><\/span><\/p><\/td><\/tr><\/tbody><\/table><\/div><\/div><\/div><\/div><\/div>\n\t\t\t\t<\/div>\n\t\t\t\t<\/div>\n\t\t\t\t\t\t<\/div>\n\t\t\t\t\t<\/div>\n\t\t<\/div>\n\t\t\t\t\t\t\t\t<\/div>\n\t\t\t\t\t<\/div>\n\t\t<\/section>\n\t\t\t\t<section class=\"elementor-section elementor-top-section elementor-element elementor-element-5cc00fd elementor-section-boxed elementor-section-height-default elementor-section-height-default\" data-id=\"5cc00fd\" data-element_type=\"section\">\n\t\t\t\t\t\t<div class=\"elementor-container elementor-column-gap-default\">\n\t\t\t\t\t\t\t<div class=\"elementor-row\">\n\t\t\t\t\t<div class=\"elementor-column elementor-col-100 elementor-top-column elementor-element elementor-element-97b473f\" data-id=\"97b473f\" data-element_type=\"column\">\n\t\t\t<div class=\"elementor-column-wrap elementor-element-populated\">\n\t\t\t\t\t\t\t<div class=\"elementor-widget-wrap\">\n\t\t\t\t\t\t<div class=\"elementor-element elementor-element-235769d elementor-widget elementor-widget-text-editor\" data-id=\"235769d\" data-element_type=\"widget\" data-widget_type=\"text-editor.default\">\n\t\t\t\t<div class=\"elementor-widget-container\">\n\t\t\t\t\t<div class=\"elementor-text-editor elementor-clearfix\"><div class=\"page\" title=\"Page 140\"><div class=\"section\"><div class=\"layoutArea\"><div class=\"column\"><div class=\"page\" title=\"Page 140\"><div class=\"section\"><div class=\"layoutArea\"><div class=\"column\"><ul><li><span style=\"color: #43358b;\"><strong>MECANISMO DE PREVENCIO\u0301N Y ATENCIO\u0301N INMEDIATA EN CASOS DE ACOSO Y VIOLENCIA POLI\u0301TICA<\/strong><\/span><\/li><\/ul><p>El Decreto Supremo No. 2935, Reglamento a la Ley No. 243, contra el Acoso y Violencia Poli\u0301tica hacia las Mujeres (art. 5) crea este mecanismo para la coordinacio\u0301n, atencio\u0301n y articulacio\u0301n de acciones en casos que requieran su intervencio\u0301n.<\/p><table cellspacing=\"0\" cellpadding=\"0\"><tbody><tr><td valign=\"middle\"><p align=\"center\"><span style=\"color: #43358b; font-family: Ubuntu; font-size: small;\"><b>Responsables<\/b><\/span><\/p><\/td><td valign=\"middle\"><p align=\"center\"><span style=\"color: #43358b; font-family: Ubuntu; font-size: small;\"><b>Principales funciones<span class=\"Apple-converted-space\">\u00a0<\/span><\/b><\/span><\/p><\/td><\/tr><tr><td valign=\"middle\"><p><span style=\"color: #000000; font-family: Ubuntu; font-size: small;\"><b>Representantes nombrados por la M\u00e1xima Autoridad Ejecutiva del Ministerio de Justicia y Transparencia Institucional, Ministerio de Gobierno, Polic\u00eda Boliviana, Ministerio de Autonom\u00edas, \u00d3rgano Electoral Plurinacional, Ministerio P\u00fablico y Defensor\u00eda del Pueblo y organizaciones representativas de autoridades electas a nivel nacional y de las entidades territoriales aut\u00f3nomas.<span class=\"Apple-converted-space\">\u00a0<\/span><\/b><\/span><\/p><\/td><td valign=\"middle\"><p><span style=\"color: #000000; font-family: Ubuntu; font-size: small;\">Activado ante casos de acoso o violencia pol\u00edtica hacia las mujeres de notoria gravedad y\/o riesgo que pongan en peligro inminente la vida o la integridad f\u00edsica de la afectada y que requieran acciones inmediatas, a trav\u00e9s de:<span class=\"Apple-converted-space\">\u00a0<\/span><\/span><\/p><p><span style=\"color: #000000; font-family: Ubuntu; font-size: small;\">a) La intervenci\u00f3n en situaciones de conflicto que pudieran derivar o agravar la situaci\u00f3n de acoso y violencia pol\u00edtica, en el marco de sus atribuciones;<span class=\"Apple-converted-space\">\u00a0<\/span><\/span><\/p><p><span style=\"color: #000000; font-family: Ubuntu; font-size: small;\">b) La intervenci\u00f3n de la fuerza p\u00fablica en los casos que requieran auxilio inmediato.<span class=\"Apple-converted-space\">\u00a0<\/span><\/span><\/p><\/td><\/tr><\/tbody><\/table><div class=\"page\" title=\"Page 141\"><div class=\"section\"><div class=\"layoutArea\"><div class=\"column\"><ul><li><span style=\"color: #43358b;\"><strong>SISTEMA INTEGRAL PLURINACIONAL DE PREVENCIO\u0301N, ATENCIO\u0301N, SANCIO\u0301N Y ERRADICACIO\u0301N DE LA VIOLENCIA EN RAZO\u0301N DE GE\u0301NERO (SIPPASE-VRG)<\/strong><\/span><\/li><\/ul><p>El SIPPASE dependiente de la Direccio\u0301n General de Prevencio\u0301n y Eliminacio\u0301n de toda Forma de Violencia en Razo\u0301n de Ge\u0301nero y Generacional fue creado mediante la Ley No. 348 (art. 11) que reorganiza todo el sistema de atencio\u0301n integral a las mujeres en situacio\u0301n de violencia y la informacio\u0301n de los servicios pu\u0301blicos y privados, que se inscribira\u0301 en un registro u\u0301nico sobre la violencia en razo\u0301n de ge\u0301nero. La informacio\u0301n de datos que este sistema genere sera\u0301 de cara\u0301cter reservado.<\/p><\/div><\/div><\/div><\/div><\/div><\/div><\/div><\/div><\/div><\/div><\/div><\/div><\/div>\n\t\t\t\t<\/div>\n\t\t\t\t<\/div>\n\t\t\t\t\t\t<\/div>\n\t\t\t\t\t<\/div>\n\t\t<\/div>\n\t\t\t\t\t\t\t\t<\/div>\n\t\t\t\t\t<\/div>\n\t\t<\/section>\n\t\t\t\t\t\t<\/div>\n\t\t\t\t\t\t<\/div>\n\t\t\t\t\t<\/div>\n\t\t","protected":false},"excerpt":{"rendered":"<p>El Ministerio de Justicia y Transparencia Institucional cuenta con Instituciones Promotoras de la Denuncia, estableciendo sus funciones especi\u0301ficas en casos de violencia. Servicios disponibles Principales funciones\u00a0 Servicios Integrados de Justicia Plurinacional &#8211; SIJPLU(Ley No. 348, Art. 48)\u00a0 Recibir denuncias y brindar orientaci\u00f3n y patrocinio legal gratuito, en distintas materias (penal, civil, familiar) as\u00ed como apoyo &hellip;<\/p>\n<p class=\"read-more\"> <a class=\"\" href=\"https:\/\/alvi.centrojuanaazurduy.org\/index.php\/2-5-servicios-de-atencion-y-promocion-de-denuncias-del-ministerio-de-justicia-y-transparencia-institucional\/\"> <span class=\"screen-reader-text\">2.5. SERVICIOS DE ATENCI\u00d3N Y PROMOCI\u00d3N DE DENUNCIAS DEL MINISTERIO DE JUSTICIA Y TRANSPARENCIA INSTITUCIONAL<\/span> Leer m\u00e1s &raquo;<\/a><\/p>\n","protected":false},"author":1,"featured_media":0,"comment_status":"closed","ping_status":"closed","sticky":false,"template":"","format":"standard","meta":{"footnotes":""},"categories":[9],"tags":[],"class_list":["post-3813","post","type-post","status-publish","format-standard","hentry","category-protocolo-sepmud"],"_links":{"self":[{"href":"https:\/\/alvi.centrojuanaazurduy.org\/index.php\/wp-json\/wp\/v2\/posts\/3813","targetHints":{"allow":["GET"]}}],"collection":[{"href":"https:\/\/alvi.centrojuanaazurduy.org\/index.php\/wp-json\/wp\/v2\/posts"}],"about":[{"href":"https:\/\/alvi.centrojuanaazurduy.org\/index.php\/wp-json\/wp\/v2\/types\/post"}],"author":[{"embeddable":true,"href":"https:\/\/alvi.centrojuanaazurduy.org\/index.php\/wp-json\/wp\/v2\/users\/1"}],"replies":[{"embeddable":true,"href":"https:\/\/alvi.centrojuanaazurduy.org\/index.php\/wp-json\/wp\/v2\/comments?post=3813"}],"version-history":[{"count":3,"href":"https:\/\/alvi.centrojuanaazurduy.org\/index.php\/wp-json\/wp\/v2\/posts\/3813\/revisions"}],"predecessor-version":[{"id":4061,"href":"https:\/\/alvi.centrojuanaazurduy.org\/index.php\/wp-json\/wp\/v2\/posts\/3813\/revisions\/4061"}],"wp:attachment":[{"href":"https:\/\/alvi.centrojuanaazurduy.org\/index.php\/wp-json\/wp\/v2\/media?parent=3813"}],"wp:term":[{"taxonomy":"category","embeddable":true,"href":"https:\/\/alvi.centrojuanaazurduy.org\/index.php\/wp-json\/wp\/v2\/categories?post=3813"},{"taxonomy":"post_tag","embeddable":true,"href":"https:\/\/alvi.centrojuanaazurduy.org\/index.php\/wp-json\/wp\/v2\/tags?post=3813"}],"curies":[{"name":"wp","href":"https:\/\/api.w.org\/{rel}","templated":true}]}}