{"id":3802,"date":"2021-01-09T18:53:06","date_gmt":"2021-01-09T22:53:06","guid":{"rendered":"http:\/\/gavvi.monstruoestudio.com\/?p=3802"},"modified":"2021-05-30T13:45:13","modified_gmt":"2021-05-30T17:45:13","slug":"2-3-policia-boliviana","status":"publish","type":"post","link":"https:\/\/alvi.centrojuanaazurduy.org\/index.php\/2-3-policia-boliviana\/","title":{"rendered":"2.3. POLIC\u00cdA BOLIVIANA"},"content":{"rendered":"\t\t<div data-elementor-type=\"wp-post\" data-elementor-id=\"3802\" class=\"elementor elementor-3802\" data-elementor-settings=\"[]\">\n\t\t\t\t\t\t<div class=\"elementor-inner\">\n\t\t\t\t\t\t\t<div class=\"elementor-section-wrap\">\n\t\t\t\t\t\t\t<section class=\"elementor-section elementor-top-section elementor-element elementor-element-bb2a975 elementor-section-boxed elementor-section-height-default elementor-section-height-default\" data-id=\"bb2a975\" data-element_type=\"section\">\n\t\t\t\t\t\t<div class=\"elementor-container elementor-column-gap-default\">\n\t\t\t\t\t\t\t<div class=\"elementor-row\">\n\t\t\t\t\t<div class=\"elementor-column elementor-col-100 elementor-top-column elementor-element elementor-element-3a6a153\" data-id=\"3a6a153\" data-element_type=\"column\">\n\t\t\t<div class=\"elementor-column-wrap elementor-element-populated\">\n\t\t\t\t\t\t\t<div class=\"elementor-widget-wrap\">\n\t\t\t\t\t\t<div class=\"elementor-element elementor-element-ad6b4c5 elementor-widget elementor-widget-theme-post-title elementor-page-title elementor-widget-heading\" data-id=\"ad6b4c5\" data-element_type=\"widget\" data-widget_type=\"theme-post-title.default\">\n\t\t\t\t<div class=\"elementor-widget-container\">\n\t\t\t<h1 class=\"elementor-heading-title elementor-size-default\">2.3. POLIC\u00cdA BOLIVIANA<\/h1>\t\t<\/div>\n\t\t\t\t<\/div>\n\t\t\t\t\t\t<\/div>\n\t\t\t\t\t<\/div>\n\t\t<\/div>\n\t\t\t\t\t\t\t\t<\/div>\n\t\t\t\t\t<\/div>\n\t\t<\/section>\n\t\t\t\t<section class=\"elementor-section elementor-top-section elementor-element elementor-element-c118b0f elementor-section-boxed elementor-section-height-default elementor-section-height-default\" data-id=\"c118b0f\" data-element_type=\"section\">\n\t\t\t\t\t\t<div class=\"elementor-container elementor-column-gap-default\">\n\t\t\t\t\t\t\t<div class=\"elementor-row\">\n\t\t\t\t\t<div class=\"elementor-column elementor-col-100 elementor-top-column elementor-element elementor-element-84f1f2a\" data-id=\"84f1f2a\" data-element_type=\"column\">\n\t\t\t<div class=\"elementor-column-wrap elementor-element-populated\">\n\t\t\t\t\t\t\t<div class=\"elementor-widget-wrap\">\n\t\t\t\t\t\t<div class=\"elementor-element elementor-element-84c2f78 elementor-widget elementor-widget-text-editor\" data-id=\"84c2f78\" data-element_type=\"widget\" data-widget_type=\"text-editor.default\">\n\t\t\t\t<div class=\"elementor-widget-container\">\n\t\t\t\t\t<div class=\"elementor-text-editor elementor-clearfix\"><div class=\"page\" title=\"Page 127\"><div class=\"section\"><div class=\"layoutArea\"><div class=\"column\"><div class=\"page\" title=\"Page 135\"><div class=\"section\"><div class=\"layoutArea\"><div class=\"column\"><p>La Constitucio\u0301n Poli\u0301tica del Estado determina (art. 251) que la Polici\u0301a Boliviana tiene la misio\u0301n especi\u0301fica de la defensa de la sociedad, la conservacio\u0301n del orden pu\u0301blico y el cumplimiento de las Leyes en todo el territorio boliviano. Ejercera\u0301 la funcio\u0301n policial de manera integral, indivisible y bajo mando u\u0301nico, en conformidad con la Ley Orga\u0301nica de la Polici\u0301a Boliviana y las dema\u0301s Leyes del Estado.<\/p><p>La Ley No. 348 (art. 53) crea la Fuerza Especial de Lucha Contra la Violencia, como organismo especializado de la Polici\u0301a Boliviana encargado de la prevencio\u0301n, auxilio e investigacio\u0301n, identificacio\u0301n y aprehensio\u0301n de los presuntos responsables de hechos de violencia hacia las mujeres y la familia, bajo la direccio\u0301n funcional del Ministerio Pu\u0301blico, en coordinacio\u0301n con entidades pu\u0301blicas y privadas. Su estructura, organizacio\u0301n y procedimientos sera\u0301n establecidos de acuerdo a reglamento y contara\u0301n con cuatro niveles de actuacio\u0301n, sin perjuicio de ello, se determinan las medidas de actuacio\u0301n que debe cumplir la FELCV. La Ley No. 1173, \u201cLey de Abreviacio\u0301n Procesal Penal y de Fortalecimiento de la Lucha Integral contra la Violencia a Nin\u0303as, Nin\u0303os, Adolescentes y Mujeres\u201d ampli\u0301a las funciones de la FELCV en materia de proteccio\u0301n a las vi\u0301ctimas.<\/p><\/div><\/div><\/div><\/div><\/div><\/div><\/div><\/div><\/div>\n\t\t\t\t<\/div>\n\t\t\t\t<\/div>\n\t\t\t\t\t\t<\/div>\n\t\t\t\t\t<\/div>\n\t\t<\/div>\n\t\t\t\t\t\t\t\t<\/div>\n\t\t\t\t\t<\/div>\n\t\t<\/section>\n\t\t\t\t<section class=\"elementor-section elementor-top-section elementor-element elementor-element-6d5e729 elementor-section-boxed elementor-section-height-default elementor-section-height-default\" data-id=\"6d5e729\" data-element_type=\"section\">\n\t\t\t\t\t\t<div class=\"elementor-container elementor-column-gap-default\">\n\t\t\t\t\t\t\t<div class=\"elementor-row\">\n\t\t\t\t\t<div class=\"elementor-column elementor-col-100 elementor-top-column elementor-element elementor-element-49c0e10\" data-id=\"49c0e10\" data-element_type=\"column\">\n\t\t\t<div class=\"elementor-column-wrap elementor-element-populated\">\n\t\t\t\t\t\t\t<div class=\"elementor-widget-wrap\">\n\t\t\t\t\t\t<div class=\"elementor-element elementor-element-0eabce5 elementor-widget elementor-widget-text-editor\" data-id=\"0eabce5\" data-element_type=\"widget\" data-widget_type=\"text-editor.default\">\n\t\t\t\t<div class=\"elementor-widget-container\">\n\t\t\t\t\t<div class=\"elementor-text-editor elementor-clearfix\"><div class=\"page\" title=\"Page 127\"><div class=\"section\"><div class=\"layoutArea\"><div class=\"column\"><div class=\"page\" title=\"Page 135\"><div class=\"section\"><div class=\"layoutArea\"><div class=\"column\"><table cellspacing=\"0\" cellpadding=\"0\"><tbody><tr><td valign=\"middle\"><p align=\"center\"><span style=\"color: #43358b; font-family: Ubuntu; font-size: small;\"><b>Niveles de actuaci\u00f3n de la FELCV<span class=\"Apple-converted-space\">\u00a0<\/span><\/b><\/span><\/p><\/td><td valign=\"middle\"><p align=\"center\"><span style=\"color: #43358b; font-family: Ubuntu; font-size: small;\"><b>Principales atribuciones y funciones en casos de violencia<span class=\"Apple-converted-space\">\u00a0<\/span><\/b><\/span><\/p><\/td><\/tr><tr><td valign=\"middle\"><p><span style=\"color: #000000; font-family: Ubuntu; font-size: small;\"><b>Plataforma de Atenci\u00f3n y Recepci\u00f3n de Denuncias (Ley No. 348, art. 54).<span class=\"Apple-converted-space\">\u00a0<\/span><\/b><\/span><\/p><\/td><td valign=\"middle\"><ul><li><span style=\"color: #000000; font-family: Ubuntu; font-size: small;\">Recibir denuncias de mujeres en situaci\u00f3n de violencia o de terceros que conozcan el hecho.<\/span><\/li><li><span style=\"color: #000000; font-family: Ubuntu; font-size: small;\">Practicar las diligencias orientadas a la individualizaci\u00f3n de los autores y part\u00edcipes, asegurar su comparecencia, aprehenderlos de inmediato en caso de delito flagrante y ponerlos a disposici\u00f3n del Ministerio P\u00fablico, en el plazo m\u00e1ximo de ocho (8) horas.<\/span><\/li><li><span style=\"color: #000000; font-family: Ubuntu; font-size: small;\">Reunir y asegurar todo elemento de prueba.<span class=\"Apple-converted-space\">\u00a0<\/span><\/span><\/li><li><span style=\"color: #000000; font-family: Ubuntu; font-size: small;\">Orientar a las v\u00edctimas sobre los recursos que la Ley les confiere y los servicios de atenci\u00f3n y protecci\u00f3n existentes a su disposici\u00f3n.<span class=\"Apple-converted-space\">\u00a0<\/span><\/span><\/li><li><span style=\"color: #000000; font-family: Ubuntu; font-size: small;\">Conducir a la persona agredida a los servicios de salud, promoviendo su atenci\u00f3n inmediata.<span class=\"Apple-converted-space\">\u00a0<\/span><\/span><\/li><\/ul><\/td><\/tr><tr><td valign=\"middle\"><p><span style=\"color: #000000; font-family: Ubuntu; font-size: small;\"><b>Plataforma de Atenci\u00f3n y Recepci\u00f3n de Denuncias (Ley No. 348, art. 54).<span class=\"Apple-converted-space\">\u00a0<\/span><\/b><\/span><\/p><\/td><td valign=\"middle\"><ul><li><span style=\"color: #010104; font-family: Ubuntu; font-size: small;\">Si la mujer en situaci\u00f3n de violencia lo solicita, acompa\u00f1arla y asistirla mientras retira sus pertenencias personales de su domicilio u otro lugar, evit\u00e1ndola retenci\u00f3n de cualquier efecto o documentos personales y llevarla donde ella indique o a una casa de acogida o refugio temporal.<span class=\"Apple-converted-space\">\u00a0<\/span><\/span><\/li><li><span style=\"color: #010104; font-family: Ubuntu; font-size: small;\">Hacer seguimiento a la mujer por setenta y dos (72) horas, con el fin de garantizar la eficacia de la protecci\u00f3n brindada a la mujer en situaci\u00f3n de violencia y las otras personas que estuvieran en riesgo.<span class=\"Apple-converted-space\">\u00a0<\/span><\/span><\/li><\/ul><\/td><\/tr><tr><td valign=\"middle\"><p><span style=\"color: #000000; font-family: Ubuntu; font-size: small;\"><b>Unidades M\u00f3viles (Ley No. 348, art. 55).<span class=\"Apple-converted-space\">\u00a0<\/span><\/b><\/span><\/p><\/td><td valign=\"middle\"><ul><li><span style=\"color: #010104; font-family: Ubuntu; font-size: small;\">Contar con equipo y personal especializado para la recepci\u00f3n de denuncias y el auxilio inmediato, en coordinaci\u00f3n con las y los Fiscales de Materia, en el lugar donde se suscite el hecho, priorizando su acci\u00f3n en el \u00e1rea rural.<span class=\"Apple-converted-space\">\u00a0<\/span><\/span><\/li><\/ul><\/td><\/tr><tr><td valign=\"middle\"><p><span style=\"color: #000000; font-family: Ubuntu; font-size: small;\"><b>Servicios Desconcentrados (Ley No. 348, art. 56)<\/b>.<span class=\"Apple-converted-space\">\u00a0<\/span><\/span><\/p><\/td><td valign=\"middle\"><ul><li><span style=\"color: #010104; font-family: Ubuntu; font-size: small;\">En las Estaciones Policiales Integrales o lugares donde la Polic\u00eda Boliviana preste servicios, tendr\u00e1 personal especializado para atender denuncias de violencia, diligencias investigativas y otros bajo la direcci\u00f3n del Ministerio P\u00fablico.<span class=\"Apple-converted-space\">\u00a0<\/span><\/span><\/li><\/ul><\/td><\/tr><tr><td valign=\"middle\"><p><span style=\"color: #000000; font-family: Ubuntu; font-size: small;\"><b>Divisi\u00f3n de Delitos de Violencia (Ley No. 348, art. 57).<span class=\"Apple-converted-space\">\u00a0<\/span><\/b><\/span><\/p><\/td><td valign=\"middle\"><ul><li><span style=\"color: #010104; font-family: Ubuntu; font-size: small;\">Coordinar y ejecutar procedimientos operativos legales en vigencia y la investigaci\u00f3n de delitos contra la vida, contra la integridad corporal y la salud, contra la libertad sexual, de violencia econ\u00f3mica y patrimonial, y otros que constituyan violencias contra las mujeres.<span class=\"Apple-converted-space\">\u00a0<\/span><\/span><\/li><li><span style=\"color: #010104; font-family: Ubuntu; font-size: small;\">Recibir las diligencias realizadas en intervenci\u00f3n policial preventiva, denuncias y querellas, a trav\u00e9s de la plataforma de atenci\u00f3n y recepci\u00f3n de denuncias, actos que tendr\u00e1n calidad de prueba.<span class=\"Apple-converted-space\">\u00a0<\/span><\/span><\/li><\/ul><\/td><\/tr><tr><td valign=\"middle\"><p><span style=\"color: #000000; font-family: Ubuntu; font-size: small;\"><b>Medidas de Actuaci\u00f3n (Ley No. 348, art. 58 y Ley No. 1173 que modifica el art. 389 ter. del CPP).<span class=\"Apple-converted-space\">\u00a0<\/span><\/b><\/span><\/p><\/td><td valign=\"middle\"><p><span style=\"color: #000000; font-family: Ubuntu; font-size: small;\">La FELCV adoptar\u00e1, entre las principales, las siguientes medidas de actuaci\u00f3n:<span class=\"Apple-converted-space\">\u00a0<\/span><\/span><\/p><ol><li><span style=\"color: #000000; font-family: Ubuntu; font-size: small;\">Asistir, orientar y evaluar la atenci\u00f3n y protecci\u00f3n que deber\u00e1 prestarse a las mujeres en situaci\u00f3n de violencia, a trav\u00e9s de un equipo multidisciplinario.<span class=\"Apple-converted-space\">\u00a0<\/span><\/span><\/li><li><span style=\"color: #000000; font-family: Ubuntu; font-size: small;\">Respetar y proteger la dignidad, la intimidad y los derechos de las mujeres en situaci\u00f3n de violencia.<span class=\"Apple-converted-space\">\u00a0<\/span><\/span><\/li><li><span style=\"color: #000000; font-family: Ubuntu; font-size: small;\">Evitar el contacto, careo o cualquier tipo de proximidad de la mujer con su agresor.<span class=\"Apple-converted-space\">\u00a0<\/span><\/span><\/li><li><span style=\"color: #000000; font-family: Ubuntu; font-size: small;\">Realizar acciones de coordinaci\u00f3n con todas las instancias del sistema integral de atenci\u00f3n a mujeres en situaci\u00f3n de violencia<span class=\"Apple-converted-space\">\u00a0<\/span><\/span><\/li><li><span style=\"color: #000000; font-family: Ubuntu; font-size: small;\">Evitar toda acci\u00f3n que implique revictimizaci\u00f3n, bajo responsabilidad.<span class=\"Apple-converted-space\">\u00a0<\/span><\/span><\/li><li><span style=\"color: #000000; font-family: Ubuntu; font-size: small;\">Organizar y dise\u00f1ar campa\u00f1as de prevenci\u00f3n y orientaci\u00f3n a la ciudadan\u00eda, a trav\u00e9s de las organizaciones de la sociedad civil con el fin de disminuir los \u00edndices de violencia contra las mujeres.<span class=\"Apple-converted-space\">\u00a0<\/span><\/span><\/li><\/ol><\/td><\/tr><tr><td valign=\"middle\"><p><span style=\"color: #000000; font-family: Ubuntu; font-size: small;\"><b>Protecci\u00f3n a las denunciantes (Ley No. 1173 que modifica el art. 389 ter. del CPP).<span class=\"Apple-converted-space\">\u00a0<\/span><\/b><\/span><\/p><\/td><td valign=\"middle\"><p><span style=\"color: #010104; font-family: Ubuntu; font-size: small;\">En caso de urgencia o habi\u00e9ndose establecido la situaci\u00f3n de riesgo en la que se encuentra la v\u00edctima y cuando las circunstancias del caso exijan la inmediata protecci\u00f3n a la integridad de la v\u00edctima la polic\u00eda podr\u00e1 disponer las medidas de protecci\u00f3n indicadas en la Ley No. 1173.<span class=\"Apple-converted-space\">\u00a0<\/span><\/span><\/p><\/td><\/tr><\/tbody><\/table><\/div><\/div><\/div><\/div><\/div><\/div><\/div><\/div><\/div>\n\t\t\t\t<\/div>\n\t\t\t\t<\/div>\n\t\t\t\t\t\t<\/div>\n\t\t\t\t\t<\/div>\n\t\t<\/div>\n\t\t\t\t\t\t\t\t<\/div>\n\t\t\t\t\t<\/div>\n\t\t<\/section>\n\t\t\t\t<section class=\"elementor-section elementor-top-section elementor-element elementor-element-26f9acd elementor-section-boxed elementor-section-height-default elementor-section-height-default\" data-id=\"26f9acd\" data-element_type=\"section\">\n\t\t\t\t\t\t<div class=\"elementor-container elementor-column-gap-default\">\n\t\t\t\t\t\t\t<div class=\"elementor-row\">\n\t\t\t\t\t<div class=\"elementor-column elementor-col-100 elementor-top-column elementor-element elementor-element-6af8d41\" data-id=\"6af8d41\" data-element_type=\"column\">\n\t\t\t<div class=\"elementor-column-wrap elementor-element-populated\">\n\t\t\t\t\t\t\t<div class=\"elementor-widget-wrap\">\n\t\t\t\t\t\t<div class=\"elementor-element elementor-element-0a1a3e8 elementor-widget elementor-widget-text-editor\" data-id=\"0a1a3e8\" data-element_type=\"widget\" data-widget_type=\"text-editor.default\">\n\t\t\t\t<div class=\"elementor-widget-container\">\n\t\t\t\t\t<div class=\"elementor-text-editor elementor-clearfix\"><div class=\"page\" title=\"Page 127\"><div class=\"section\"><div class=\"layoutArea\"><div class=\"column\"><div class=\"page\" title=\"Page 135\"><div class=\"section\"><div class=\"layoutArea\"><div class=\"column\"><div class=\"page\" title=\"Page 137\"><div class=\"section\"><div class=\"layoutArea\"><div class=\"column\"><p>Por otro lado, los Decretos Supremos No. 2145 y 3834, en el marco de la Ley No. 260 determinan y ratifican la naturaleza exclusiva y permanente de las y los servidores policiales designados a la FELCV para el cumplimento de funciones investigativas.<\/p><p>La Fuerza Especial de Lucha Contra el Crimen (FELCC) es creada mediante la Resolucio\u0301n Ministerial No. 4141 del 20 de abril del 2006, es el organismo especializado de la Polici\u0301a Boliviana, encargado de la prevencio\u0301n e investigacio\u0301n de delitos, bu\u0301squeda, estudio, recoleccio\u0301n y custodia de evidencias, identificacio\u0301n y aprehensio\u0301n de los presuntos responsables, respetando los derechos humanos y en cumplimiento de las normas legales vigentes. Es competente para la atencio\u0301n de algunos delitos que impliquen hechos de violencia, tales como el infanticidio o en ausencia de la FELCV es posible que el Ministerio Pu\u0301blico asigne la investigacio\u0301n de delitos de violencia contra las mujeres y la familia.<\/p><table cellspacing=\"0\" cellpadding=\"0\"><tbody><tr><td valign=\"middle\"><p align=\"center\"><span style=\"color: #43358b; font-family: Ubuntu; font-size: small;\"><b>Niveles de atenci\u00f3n<span class=\"Apple-converted-space\">\u00a0<\/span><\/b><\/span><\/p><\/td><td valign=\"middle\"><p align=\"center\"><span style=\"color: #43358b; font-family: Ubuntu; font-size: small;\"><b>Principales funciones<span class=\"Apple-converted-space\">\u00a0<\/span><\/b><\/span><\/p><\/td><\/tr><tr><td valign=\"middle\"><p><span style=\"color: #000000; font-family: Ubuntu; font-size: small;\"><b>Divisi\u00f3n de Plataforma de Atenci\u00f3n al P\u00fablico<span class=\"Apple-converted-space\">\u00a0<\/span><\/b><\/span><\/p><\/td><td valign=\"middle\"><p><span style=\"color: #000000; font-family: Ubuntu; font-size: small;\">Brindar atenci\u00f3n al p\u00fablico, con informaci\u00f3n oportuna, recepci\u00f3n de denuncias, querellas, an\u00e1lisis y asignaci\u00f3n de casos a las Divisiones Investigativas<span class=\"Apple-converted-space\">\u00a0<\/span><\/span><\/p><\/td><\/tr><tr><td valign=\"middle\"><p><span style=\"color: #000000; font-family: Ubuntu; font-size: small;\"><b>Divisi\u00f3n Menores y Familia<span class=\"Apple-converted-space\">\u00a0<\/span><\/b><\/span><\/p><\/td><td valign=\"middle\"><p><span style=\"color: #000000; font-family: Ubuntu; font-size: small;\">Organizar, coordinar, ejecutar procedimientos operativos legales en vigencia, investigando delitos tipificados en el C\u00f3digo Penal.<span class=\"Apple-converted-space\">\u00a0<\/span><\/span><\/p><\/td><\/tr><\/tbody><\/table><\/div><\/div><\/div><\/div><\/div><\/div><\/div><\/div><\/div><\/div><\/div><\/div><\/div>\n\t\t\t\t<\/div>\n\t\t\t\t<\/div>\n\t\t\t\t\t\t<\/div>\n\t\t\t\t\t<\/div>\n\t\t<\/div>\n\t\t\t\t\t\t\t\t<\/div>\n\t\t\t\t\t<\/div>\n\t\t<\/section>\n\t\t\t\t\t\t<\/div>\n\t\t\t\t\t\t<\/div>\n\t\t\t\t\t<\/div>\n\t\t","protected":false},"excerpt":{"rendered":"<p>La Constitucio\u0301n Poli\u0301tica del Estado determina (art. 251) que la Polici\u0301a Boliviana tiene la misio\u0301n especi\u0301fica de la defensa de la sociedad, la conservacio\u0301n del orden pu\u0301blico y el cumplimiento de las Leyes en todo el territorio boliviano. Ejercera\u0301 la funcio\u0301n policial de manera integral, indivisible y bajo mando u\u0301nico, en conformidad con la Ley &hellip;<\/p>\n<p class=\"read-more\"> <a class=\"\" href=\"https:\/\/alvi.centrojuanaazurduy.org\/index.php\/2-3-policia-boliviana\/\"> <span class=\"screen-reader-text\">2.3. POLIC\u00cdA BOLIVIANA<\/span> Leer m\u00e1s &raquo;<\/a><\/p>\n","protected":false},"author":1,"featured_media":0,"comment_status":"closed","ping_status":"closed","sticky":false,"template":"","format":"standard","meta":{"footnotes":""},"categories":[9],"tags":[],"class_list":["post-3802","post","type-post","status-publish","format-standard","hentry","category-protocolo-sepmud"],"_links":{"self":[{"href":"https:\/\/alvi.centrojuanaazurduy.org\/index.php\/wp-json\/wp\/v2\/posts\/3802","targetHints":{"allow":["GET"]}}],"collection":[{"href":"https:\/\/alvi.centrojuanaazurduy.org\/index.php\/wp-json\/wp\/v2\/posts"}],"about":[{"href":"https:\/\/alvi.centrojuanaazurduy.org\/index.php\/wp-json\/wp\/v2\/types\/post"}],"author":[{"embeddable":true,"href":"https:\/\/alvi.centrojuanaazurduy.org\/index.php\/wp-json\/wp\/v2\/users\/1"}],"replies":[{"embeddable":true,"href":"https:\/\/alvi.centrojuanaazurduy.org\/index.php\/wp-json\/wp\/v2\/comments?post=3802"}],"version-history":[{"count":4,"href":"https:\/\/alvi.centrojuanaazurduy.org\/index.php\/wp-json\/wp\/v2\/posts\/3802\/revisions"}],"predecessor-version":[{"id":4053,"href":"https:\/\/alvi.centrojuanaazurduy.org\/index.php\/wp-json\/wp\/v2\/posts\/3802\/revisions\/4053"}],"wp:attachment":[{"href":"https:\/\/alvi.centrojuanaazurduy.org\/index.php\/wp-json\/wp\/v2\/media?parent=3802"}],"wp:term":[{"taxonomy":"category","embeddable":true,"href":"https:\/\/alvi.centrojuanaazurduy.org\/index.php\/wp-json\/wp\/v2\/categories?post=3802"},{"taxonomy":"post_tag","embeddable":true,"href":"https:\/\/alvi.centrojuanaazurduy.org\/index.php\/wp-json\/wp\/v2\/tags?post=3802"}],"curies":[{"name":"wp","href":"https:\/\/api.w.org\/{rel}","templated":true}]}}