{"id":3797,"date":"2021-01-09T18:30:47","date_gmt":"2021-01-09T22:30:47","guid":{"rendered":"http:\/\/gavvi.monstruoestudio.com\/?p=3797"},"modified":"2021-05-30T13:08:05","modified_gmt":"2021-05-30T17:08:05","slug":"2-2-ministerio-publico","status":"publish","type":"post","link":"https:\/\/alvi.centrojuanaazurduy.org\/index.php\/2-2-ministerio-publico\/","title":{"rendered":"2.2. MINISTERIO P\u00daBLICO"},"content":{"rendered":"\t\t<div data-elementor-type=\"wp-post\" data-elementor-id=\"3797\" class=\"elementor elementor-3797\" data-elementor-settings=\"[]\">\n\t\t\t\t\t\t<div class=\"elementor-inner\">\n\t\t\t\t\t\t\t<div class=\"elementor-section-wrap\">\n\t\t\t\t\t\t\t<section class=\"elementor-section elementor-top-section elementor-element elementor-element-000f64c elementor-section-boxed elementor-section-height-default elementor-section-height-default\" data-id=\"000f64c\" data-element_type=\"section\">\n\t\t\t\t\t\t<div class=\"elementor-container elementor-column-gap-default\">\n\t\t\t\t\t\t\t<div class=\"elementor-row\">\n\t\t\t\t\t<div class=\"elementor-column elementor-col-100 elementor-top-column elementor-element elementor-element-e4c13b0\" data-id=\"e4c13b0\" data-element_type=\"column\">\n\t\t\t<div class=\"elementor-column-wrap elementor-element-populated\">\n\t\t\t\t\t\t\t<div class=\"elementor-widget-wrap\">\n\t\t\t\t\t\t<div class=\"elementor-element elementor-element-e4097a0 elementor-widget elementor-widget-theme-post-title elementor-page-title elementor-widget-heading\" data-id=\"e4097a0\" data-element_type=\"widget\" data-widget_type=\"theme-post-title.default\">\n\t\t\t\t<div class=\"elementor-widget-container\">\n\t\t\t<h1 class=\"elementor-heading-title elementor-size-default\">2.2. MINISTERIO P\u00daBLICO<\/h1>\t\t<\/div>\n\t\t\t\t<\/div>\n\t\t\t\t\t\t<\/div>\n\t\t\t\t\t<\/div>\n\t\t<\/div>\n\t\t\t\t\t\t\t\t<\/div>\n\t\t\t\t\t<\/div>\n\t\t<\/section>\n\t\t\t\t<section class=\"elementor-section elementor-top-section elementor-element elementor-element-93eb6bb elementor-section-boxed elementor-section-height-default elementor-section-height-default\" data-id=\"93eb6bb\" data-element_type=\"section\">\n\t\t\t\t\t\t<div class=\"elementor-container elementor-column-gap-default\">\n\t\t\t\t\t\t\t<div class=\"elementor-row\">\n\t\t\t\t\t<div class=\"elementor-column elementor-col-100 elementor-top-column elementor-element elementor-element-917985c\" data-id=\"917985c\" data-element_type=\"column\">\n\t\t\t<div class=\"elementor-column-wrap elementor-element-populated\">\n\t\t\t\t\t\t\t<div class=\"elementor-widget-wrap\">\n\t\t\t\t\t\t<div class=\"elementor-element elementor-element-3002586 elementor-widget elementor-widget-text-editor\" data-id=\"3002586\" data-element_type=\"widget\" data-widget_type=\"text-editor.default\">\n\t\t\t\t<div class=\"elementor-widget-container\">\n\t\t\t\t\t<div class=\"elementor-text-editor elementor-clearfix\"><div class=\"page\" title=\"Page 130\"><div class=\"section\"><div class=\"layoutArea\"><div class=\"column\"><p>La Constitucio\u0301n Poli\u0301tica del Estado (art. 225) establece que el Ministerio Pu\u0301blico tiene la finalidad de defender la legalidad y los intereses generales de la sociedad, a trave\u0301s del ejercicio de la accio\u0301n penal pu\u0301blica en los te\u0301rminos establecidos en la Constitucio\u0301n Poli\u0301tica del Estado, las Convenciones y Tratados Internacionales vigentes y las leyes.<\/p><p>La Ley Orga\u0301nica del Ministerio Pu\u0301blico (Ley No. 260, art. 2) sen\u0303ala que la institucio\u0301n representa a la sociedad ante los o\u0301rganos jurisdiccionales para velar por el respeto de los derechos y las garanti\u0301as constitucionales.<\/p><p>Por su parte la Ley No. 348, \u201cLey Integral para Garantizar a las Mujeres una Vida Libre de Violencia\u201d, establece (art. 61) que el Ministerio Pu\u0301blico adema\u0301s de las atribuciones comunes que establece la Ley Orga\u0301nica del Ministerio Pu\u0301blico, las y los Fiscales de Materia ejercera\u0301n la accio\u0301n penal pu\u0301blica en casos de violencia hacia las mujeres.<\/p><\/div><\/div><\/div><\/div><\/div>\n\t\t\t\t<\/div>\n\t\t\t\t<\/div>\n\t\t\t\t\t\t<\/div>\n\t\t\t\t\t<\/div>\n\t\t<\/div>\n\t\t\t\t\t\t\t\t<\/div>\n\t\t\t\t\t<\/div>\n\t\t<\/section>\n\t\t\t\t<section class=\"elementor-section elementor-top-section elementor-element elementor-element-82bb99a elementor-section-boxed elementor-section-height-default elementor-section-height-default\" data-id=\"82bb99a\" data-element_type=\"section\">\n\t\t\t\t\t\t<div class=\"elementor-container elementor-column-gap-default\">\n\t\t\t\t\t\t\t<div class=\"elementor-row\">\n\t\t\t\t\t<div class=\"elementor-column elementor-col-100 elementor-top-column elementor-element elementor-element-528bfd6\" data-id=\"528bfd6\" data-element_type=\"column\">\n\t\t\t<div class=\"elementor-column-wrap elementor-element-populated\">\n\t\t\t\t\t\t\t<div class=\"elementor-widget-wrap\">\n\t\t\t\t\t\t<div class=\"elementor-element elementor-element-607bbd6 elementor-widget elementor-widget-text-editor\" data-id=\"607bbd6\" data-element_type=\"widget\" data-widget_type=\"text-editor.default\">\n\t\t\t\t<div class=\"elementor-widget-container\">\n\t\t\t\t\t<div class=\"elementor-text-editor elementor-clearfix\"><div class=\"page\" title=\"Page 130\"><div class=\"section\"><div class=\"layoutArea\"><div class=\"column\"><table cellspacing=\"0\" cellpadding=\"0\"><tbody><tr><td valign=\"middle\"><p align=\"center\"><span style=\"color: #43358b; font-family: Ubuntu; font-size: small;\"><b>Funcionarios\/as del Ministerio P\u00fablico<span class=\"Apple-converted-space\">\u00a0<\/span><\/b><\/span><\/p><\/td><td valign=\"middle\"><p align=\"center\"><span style=\"color: #43358b; font-family: Ubuntu; font-size: small;\"><b>Principales funciones en relaci\u00f3n a v\u00edctimas y hechos de violencia<\/b><\/span><\/p><\/td><\/tr><tr><td valign=\"middle\"><p><span style=\"color: #000000; font-family: Ubuntu; font-size: small;\"><b>Fiscales de Materia (Ley No. 260, art. 40 y C\u00f3digo Procedimiento Penal art. 389 ter., ambos modificados por la Ley No. 1173).<span class=\"Apple-converted-space\">\u00a0<\/span><\/b><\/span><\/p><\/td><td valign=\"middle\"><p><span style=\"color: #000000; font-family: Ubuntu; font-size: small;\">Las y los fiscales de materia, entre otras, cumplen las siguientes funciones:<span class=\"Apple-converted-space\">\u00a0<\/span><\/span><\/p><ul><li><span style=\"color: #000000; font-family: Ubuntu; font-size: small;\">Ejercer la acci\u00f3n penal p\u00fablica en las diferentes etapas del proceso penal, la direcci\u00f3n funcional de la investigaci\u00f3n y de la actuaci\u00f3n policial, en los casos que les sean asignados en la investigaci\u00f3n.<span class=\"Apple-converted-space\">\u00a0<\/span><\/span><\/li><li><span style=\"color: #000000; font-family: Ubuntu; font-size: small;\">Atender las solicitudes de las v\u00edctimas e informarles acerca de sus derechos, asegur\u00e1ndose de que sean asistidas por una abogada o abogado particular o estatal; y en su caso se le nombre una traductora o un traductor o int\u00e9rprete, cuando as\u00ed lo solicite;<span class=\"Apple-converted-space\">\u00a0<\/span><\/span><\/li><li><span style=\"color: #000000; font-family: Ubuntu; font-size: small;\">Requerir las medidas para que la v\u00edctima reciba atenci\u00f3n m\u00e9dica y psicol\u00f3gica de urgencia, evitar su revictimizaci\u00f3n, y que se ponga en peligro su integridad f\u00edsica y psicol\u00f3gica, as\u00ed como las medidas conducentes para que se haga extensiva a testigos y personas afectadas por el hecho delictivo;<span class=\"Apple-converted-space\">\u00a0<\/span><\/span><\/li><li><span style=\"color: #000000; font-family: Ubuntu; font-size: small;\">Derivar, cuando corresponda, a las v\u00edctimas directas e indirectas a las instituciones de protecci\u00f3n a las v\u00edctimas y testigos;<span class=\"Apple-converted-space\">\u00a0<\/span><\/span><\/li><li><span style=\"color: #000000; font-family: Ubuntu; font-size: small;\">Asegurarse que todos los indicios y elementos de prueba recolectados sean debidamente resguardados dentro de la cadena de custodia, en particular los recolectados de la v\u00edctima;<span class=\"Apple-converted-space\">\u00a0<\/span><\/span><\/li><li><span style=\"color: #000000; font-family: Ubuntu; font-size: small;\">Resolver de manera fundamentada la imputaci\u00f3n formal, el rechazo, el sobreseimiento, acusaci\u00f3n formal en los plazos que establece la Ley;<span class=\"Apple-converted-space\">\u00a0<\/span><\/span><\/li><li><span style=\"color: #000000; font-family: Ubuntu; font-size: small;\">Requerir fundadamente la adopci\u00f3n de medidas cautelares de car\u00e1cter personal y real.<span class=\"Apple-converted-space\">\u00a0<\/span><\/span><\/li><li><span style=\"color: #000000; font-family: Ubuntu; font-size: small;\">Adoptar las medidas de protecci\u00f3n que sean necesarias, a fin de garantizar a la mujer en situaci\u00f3n de violencia la m\u00e1xima protecci\u00f3n y seguridad, as\u00ed como a sus hijas, hijos, pedir a la autoridad jurisdiccional su homologaci\u00f3n y las medidas cautelares previstas por Ley, cuando el hecho constituya delito. <br \/>Recolectar las pruebas necesarias, como responsable de la investigaci\u00f3n de delitos de violencia en raz\u00f3n de g\u00e9nero, sin someter a la mujer a pruebas m\u00e9dicas, interrogatorios, reconstrucciones o peritajes que no sean imprescindibles, debiendo recurrir a m\u00e9todos de investigaci\u00f3n alternativa, cient\u00edfica y con apoyo de la tecnolog\u00eda, a fin de averiguar la verdad.<span class=\"Apple-converted-space\">\u00a0<\/span><\/span><\/li><li><span style=\"color: #000000; font-family: Ubuntu; font-size: small;\">En caso de urgencia o habi\u00e9ndose establecido la situaci\u00f3n de riesgo en la que se encuentra la v\u00edctima de violencia y cuando las circunstancias del caso exijan la inmediata protecci\u00f3n a su integridad las y los fiscales podr\u00e1n disponer las medidas de protecci\u00f3n indicadas en esta ley.<span class=\"Apple-converted-space\">\u00a0<\/span><\/span><\/li><\/ul><\/td><\/tr><tr><td valign=\"middle\"><p><span style=\"color: #000000; font-family: Ubuntu; font-size: small;\"><b>Asistentes fiscales (Ley No. 260, art. 42)<span class=\"Apple-converted-space\">\u00a0<\/span><\/b><\/span><\/p><\/td><td valign=\"middle\"><ul><li><span style=\"color: #000000; font-family: Ubuntu; font-size: small;\">Asistir a las y los Fiscales en el cumplimiento de sus funciones.<span class=\"Apple-converted-space\">\u00a0<\/span><\/span><\/li><li><span style=\"color: #000000; font-family: Ubuntu; font-size: small;\">Actuar siempre bajo la supervisi\u00f3n y responsabilidad del superior jer\u00e1rquico a quien asistan, sin perjuicio de la responsabilidad que corresponda a cada servidora o servidor por sus propios actos.<span class=\"Apple-converted-space\">\u00a0<\/span><\/span><\/li><li><span style=\"color: #000000; font-family: Ubuntu; font-size: small;\">Realizar las actuaciones que les delegue su superior jer\u00e1rquico, de conformidad a instructivos emanados de la Fiscal\u00eda General del Estado. Aquellos que cuenten con capacitaci\u00f3n y formaci\u00f3n en litigaci\u00f3n oral, podr\u00e1n intervenir en las audiencias \u00fanicamente durante la etapa preparatoria.<span class=\"Apple-converted-space\">\u00a0<\/span><\/span><\/li><\/ul><\/td><\/tr><tr><td valign=\"middle\"><p><span style=\"color: #000000; font-family: Ubuntu; font-size: small;\"><b>Direcci\u00f3n de Protecci\u00f3n a las V\u00edctimas, Testigos y Miembros del Ministerio P\u00fablico (Ley No. 260, art. 88 y Ley No. 458, art. 7)<span class=\"Apple-converted-space\">\u00a0<\/span><\/b><\/span><\/p><\/td><td valign=\"middle\"><p><span style=\"color: #000000; font-family: Ubuntu; font-size: small;\">Encargada de promover la protecci\u00f3n y asistencia a las v\u00edctimas de delitos, testigos, personas que colaboran con la persecuci\u00f3n penal y servidoras y servidores del Ministerio P\u00fablico.<span class=\"Apple-converted-space\">\u00a0<\/span><\/span><\/p><p><span style=\"color: #000000; font-family: Ubuntu; font-size: small;\">Algunas de las medidas que pueden disponer son las siguientes:<span class=\"Apple-converted-space\">\u00a0<\/span><\/span><\/p><ol><li><span style=\"color: #000000; font-family: Ubuntu; font-size: small;\">Preservaci\u00f3n de la identidad y la confidencialidad de los datos personales.<span class=\"Apple-converted-space\">\u00a0<\/span><\/span><\/li><li><span style=\"color: #000000; font-family: Ubuntu; font-size: small;\">Preservaci\u00f3n de sus derechos laborales.<span class=\"Apple-converted-space\">\u00a0<\/span><\/span><\/li><li><span style=\"color: #000000; font-family: Ubuntu; font-size: small;\">Protecci\u00f3n policial para el traslado a fin de cumplir diligencias administrativas y\/o judiciales.<span class=\"Apple-converted-space\">\u00a0<\/span><\/span><\/li><li><span style=\"color: #000000; font-family: Ubuntu; font-size: small;\">Custodia policial en el domicilio de la persona.<span class=\"Apple-converted-space\">\u00a0<\/span><\/span><\/li><li><span style=\"color: #000000; font-family: Ubuntu; font-size: small;\">Uso de sistemas tecnol\u00f3gicos que impidan que la identidad de la persona sea conocida.<span class=\"Apple-converted-space\">\u00a0<\/span><\/span><\/li><li><span style=\"color: #000000; font-family: Ubuntu; font-size: small;\">M\u00e9todos de distorsi\u00f3n del aspecto f\u00edsico o de la voz.<span class=\"Apple-converted-space\">\u00a0<\/span><\/span><\/li><li><span style=\"color: #000000; font-family: Ubuntu; font-size: small;\">Alojamiento temporal en albergues destinados a protecci\u00f3n de v\u00edctimas y testigos; cuya ubicaci\u00f3n debe ser reservada y con custodia policial.<span class=\"Apple-converted-space\">\u00a0<\/span><\/span><\/li><li><span style=\"color: #000000; font-family: Ubuntu; font-size: small;\">Atenci\u00f3n psicol\u00f3gica.<span class=\"Apple-converted-space\">\u00a0<\/span><\/span><\/li><\/ol><\/td><\/tr><tr><td valign=\"middle\"><p><span style=\"color: #000000; font-family: Ubuntu; font-size: small;\"><b>Unidad de Protecci\u00f3n a V\u00edctimas y Testigos \u2013 UPAVT<span class=\"Apple-converted-space\">\u00a0<\/span><\/b><\/span><\/p><\/td><td valign=\"middle\"><p><span style=\"color: #000000; font-family: Ubuntu; font-size: small;\">Las UPAVT son parte de la estructura organizacional de las Fiscal\u00edas Departamentales. Su finalidad es brindar protecci\u00f3n y asistencia a v\u00edctimas, testigos y miembros del Ministerio P\u00fablico, as\u00ed como el apoyo a la persecuci\u00f3n penal en cada Fiscal\u00eda Departamental. La Unidad cumple con las siguientes funciones:<span class=\"Apple-converted-space\">\u00a0<\/span><\/span><\/p><ul><li><span style=\"color: #000000; font-family: Ubuntu; font-size: small;\">Apoyo t\u00e9cnico al Fiscal en la investigaci\u00f3n.<span class=\"Apple-converted-space\">\u00a0<\/span><\/span><\/li><li><span style=\"color: #000000; font-family: Ubuntu; font-size: small;\">Asesorar a los Fiscales de Materia y otros funcionarios del Ministerio P\u00fablico, en todos los temas relativos a la protecci\u00f3n y asistencia a v\u00edctimas y testigos.<span class=\"Apple-converted-space\">\u00a0<\/span><\/span><\/li><li><span style=\"color: #000000; font-family: Ubuntu; font-size: small;\">El uso correcto de las herramientas tecnol\u00f3gicas destinadas al servicio de la unidad.<span class=\"Apple-converted-space\">\u00a0<\/span><\/span><\/li><li><span style=\"color: #000000; font-family: Ubuntu; font-size: small;\">Recomendar al Fiscal de Materia, por medio de un informe, la pertinencia de las medidas de protecci\u00f3n por otorgar en caso de ser requerido.<span class=\"Apple-converted-space\">\u00a0<\/span><\/span><\/li><li><span style=\"color: #000000; font-family: Ubuntu; font-size: small;\">Llevar un registro confidencial de las identidades protegidas bajo custodia y con estrictas medidas de seguridad.<span class=\"Apple-converted-space\">\u00a0<\/span><\/span><\/li><li><span style=\"color: #000000; font-family: Ubuntu; font-size: small;\">Tener actualizados los sistemas inform\u00e1ticos.<span class=\"Apple-converted-space\">\u00a0<\/span><\/span><\/li><li><span style=\"color: #000000; font-family: Ubuntu; font-size: small;\">Realizar informes de identificaci\u00f3n de factores de riesgo y necesidades de protecci\u00f3n.<span class=\"Apple-converted-space\">\u00a0<\/span><\/span><\/li><li><span style=\"color: #000000; font-family: Ubuntu; font-size: small;\">Realizar la gesti\u00f3n y el seguimiento de las medidas de protecci\u00f3n emanadas desde la Direcci\u00f3n de Protecci\u00f3n a las V\u00edctimas, Testigos y Miembros del Ministerio P\u00fablico.<span class=\"Apple-converted-space\">\u00a0<\/span><\/span><\/li><li><span style=\"color: #000000; font-family: Ubuntu; font-size: small;\">Otras que sean encomendadas expresamente por la o el Director de la DPVTMMP.<span class=\"Apple-converted-space\">\u00a0<\/span><\/span><\/li><\/ul><\/td><\/tr><tr><td valign=\"middle\"><p><span style=\"color: #000000; font-family: Ubuntu; font-size: small;\"><b>Unidad de Protecci\u00f3n a V\u00edctimas y Testigos \u2013 UPAVT<span class=\"Apple-converted-space\">\u00a0<\/span><\/b><\/span><\/p><\/td><td valign=\"middle\"><p><span style=\"color: #000000; font-family: Ubuntu; font-size: small;\">Est\u00e1 integrada por las \u00e1reas de Psicolog\u00eda y Trabajo Social las que deben prestar atenci\u00f3n a las v\u00edctimas y cumplen las siguientes funciones:<span class=\"Apple-converted-space\">\u00a0<\/span><\/span><\/p><p><span style=\"color: #000000; font-family: Ubuntu; font-size: small;\">\u00c1rea de Psicolog\u00eda de la UPAVT:<span class=\"Apple-converted-space\">\u00a0<\/span><\/span><\/p><ul><li><span style=\"color: #000000; font-family: Ubuntu; font-size: small;\">Contenci\u00f3n en crisis.<span class=\"Apple-converted-space\">\u00a0<\/span><\/span><\/li><li><span style=\"color: #000000; font-family: Ubuntu; font-size: small;\">Entrevista psicol\u00f3gica informativa.<span class=\"Apple-converted-space\">\u00a0<\/span><\/span><\/li><li><span style=\"color: #000000; font-family: Ubuntu; font-size: small;\">Entrevista psicol\u00f3gica en anticipo de prueba.<span class=\"Apple-converted-space\">\u00a0<\/span><\/span><\/li><li><span style=\"color: #000000; font-family: Ubuntu; font-size: small;\">Entrevista estructurada en Juicio Oral.<span class=\"Apple-converted-space\">\u00a0<\/span><\/span><\/li><li><span style=\"color: #000000; font-family: Ubuntu; font-size: small;\">Evaluaci\u00f3n psicol\u00f3gica actual del usuario, del estado cognitivo conductual y emocional con relaci\u00f3n al hecho denunciado.<span class=\"Apple-converted-space\">\u00a0<\/span><\/span><\/li><li><span style=\"color: #000000; font-family: Ubuntu; font-size: small;\">Preparaci\u00f3n psicol\u00f3gica del usuario para participar en actos investigativos, en audiencia y en juicio oral.<span class=\"Apple-converted-space\">\u00a0<\/span><\/span><\/li><li><span style=\"color: #000000; font-family: Ubuntu; font-size: small;\">Acompa\u00f1amiento psicol\u00f3gico.<span class=\"Apple-converted-space\">\u00a0<\/span><\/span><\/li><li><span style=\"color: #000000; font-family: Ubuntu; font-size: small;\">Identificaci\u00f3n de factores de riesgo y necesidades de protecci\u00f3n, para medidas de protecci\u00f3n.<span class=\"Apple-converted-space\">\u00a0<\/span><\/span><\/li><li><span style=\"color: #000000; font-family: Ubuntu; font-size: small;\">Coadyuvar con la caracterizaci\u00f3n de la v\u00edctima y\/o testigo para preservar su identidad, en resguardo de su seguridad.<span class=\"Apple-converted-space\">\u00a0<\/span><\/span><\/li><li><span style=\"color: #000000; font-family: Ubuntu; font-size: small;\">Gesti\u00f3n y seguimiento al cumplimiento de las medidas de protecci\u00f3n emanadas desde la DPVTMMP.<span class=\"Apple-converted-space\">\u00a0<\/span><\/span><\/li><li><span style=\"color: #000000; font-family: Ubuntu; font-size: small;\">Participaci\u00f3n como testigo en el juicio oral.<span class=\"Apple-converted-space\">\u00a0<\/span><\/span><\/li><li><span style=\"color: #000000; font-family: Ubuntu; font-size: small;\">Brindar informaci\u00f3n a la v\u00edctima y\/o testigo.<span class=\"Apple-converted-space\">\u00a0<\/span><\/span><\/li><li><span style=\"color: #000000; font-family: Ubuntu; font-size: small;\">Asesorar a los Fiscales y otros funcionarios del Ministerio P\u00fablico en todos los temas relativos a la protecci\u00f3n y asistencia a v\u00edctimas y testigos.<span class=\"Apple-converted-space\">\u00a0<\/span><\/span><\/li><li><span style=\"color: #000000; font-family: Ubuntu; font-size: small;\">Responsable de la C\u00e1mara Gesell.<span class=\"Apple-converted-space\">\u00a0<\/span><\/span><\/li><li><span style=\"color: #000000; font-family: Ubuntu; font-size: small;\">Actualizar el documento de redes de derivaci\u00f3n para la protecci\u00f3n integral a la v\u00edctima, en el primer trimestre y reportar a la DPVTMMP.<span class=\"Apple-converted-space\">\u00a0<\/span><\/span><\/li><li><span style=\"color: #000000; font-family: Ubuntu; font-size: small;\">Cualquier otra funci\u00f3n encomendada por la o el Director de la Direcci\u00f3n de Protecci\u00f3n a las V\u00edctimas, Testigos y Miembros el Ministerio P\u00fablico.<span class=\"Apple-converted-space\">\u00a0<\/span><\/span><\/li><\/ul><p><span style=\"color: #000000; font-family: Ubuntu; font-size: small;\">\u00c1rea de Trabajo Social de la UPAVT<b>:<span class=\"Apple-converted-space\">\u00a0<\/span><\/b><\/span><\/p><ul><li><span style=\"color: #000000; font-family: Ubuntu; font-size: small;\">Evaluaci\u00f3n social.<span class=\"Apple-converted-space\">\u00a0<\/span><\/span><\/li><li><span style=\"color: #000000; font-family: Ubuntu; font-size: small;\">Evaluaci\u00f3n socio-econ\u00f3mica.<span class=\"Apple-converted-space\">\u00a0<\/span><\/span><\/li><li><span style=\"color: #000000; font-family: Ubuntu; font-size: small;\">Orientaci\u00f3n social.<span class=\"Apple-converted-space\">\u00a0<\/span><\/span><\/li><li><span style=\"color: #000000; font-family: Ubuntu; font-size: small;\">Identificaci\u00f3n de necesidades de protecci\u00f3n y factores de riesgo, para medidas de protecci\u00f3n.<span class=\"Apple-converted-space\">\u00a0<\/span><\/span><\/li><li><span style=\"color: #000000; font-family: Ubuntu; font-size: small;\">Coadyuvar con la caracterizaci\u00f3n de la v\u00edctima y\/o testigos para preservar su identidad en resguardo de su seguridad.<span class=\"Apple-converted-space\">\u00a0<\/span><\/span><\/li><li><span style=\"color: #000000; font-family: Ubuntu; font-size: small;\">Gesti\u00f3n y Seguimiento al cumplimiento de medidas de protecci\u00f3n emanadas desde la DPVTMMP.<span class=\"Apple-converted-space\">\u00a0<\/span><\/span><\/li><li><span style=\"color: #000000; font-family: Ubuntu; font-size: small;\">Acompa\u00f1amiento en casos de vulnerabilidad.<span class=\"Apple-converted-space\">\u00a0<\/span><\/span><\/li><li><span style=\"color: #000000; font-family: Ubuntu; font-size: small;\">Participaci\u00f3n como testigo en juicio oral.<span class=\"Apple-converted-space\">\u00a0<\/span><\/span><\/li><li><span style=\"color: #000000; font-family: Ubuntu; font-size: small;\">Asesoramiento a los Fiscales y otros funcionarios del Ministerio P\u00fablico en todos los temas relativos a la protecci\u00f3n y asistencia a v\u00edctimas y testigos.<span class=\"Apple-converted-space\">\u00a0<\/span><\/span><\/li><li><span style=\"color: #000000; font-family: Ubuntu; font-size: small;\">Coordinaci\u00f3n interinstitucional para gestionar la atenci\u00f3n de necesidades inmediatas.<span class=\"Apple-converted-space\">\u00a0<\/span><\/span><\/li><li><span style=\"color: #000000; font-family: Ubuntu; font-size: small;\">Actualizar el documento de redes de derivaci\u00f3n para la protecci\u00f3n integral a la v\u00edctima, en el primer trimestre y reportar a la DPVTMMP.<span class=\"Apple-converted-space\">\u00a0<\/span><\/span><\/li><li><span style=\"color: #000000; font-family: Ubuntu; font-size: small;\">Cualquier otra funci\u00f3n encomendada por la o el Director de la Direcci\u00f3n de Protecci\u00f3n a las <\/span><span style=\"color: #010104; font-family: Ubuntu; font-size: small;\">V\u00edctimas, Testigos y Miembros del Ministerio P\u00fablico.<span class=\"Apple-converted-space\">\u00a0<\/span><\/span><\/li><\/ul><\/td><\/tr><\/tbody><\/table><\/div><\/div><\/div><\/div><\/div>\n\t\t\t\t<\/div>\n\t\t\t\t<\/div>\n\t\t\t\t\t\t<\/div>\n\t\t\t\t\t<\/div>\n\t\t<\/div>\n\t\t\t\t\t\t\t\t<\/div>\n\t\t\t\t\t<\/div>\n\t\t<\/section>\n\t\t\t\t\t\t<\/div>\n\t\t\t\t\t\t<\/div>\n\t\t\t\t\t<\/div>\n\t\t","protected":false},"excerpt":{"rendered":"<p>La Constitucio\u0301n Poli\u0301tica del Estado (art. 225) establece que el Ministerio Pu\u0301blico tiene la finalidad de defender la legalidad y los intereses generales de la sociedad, a trave\u0301s del ejercicio de la accio\u0301n penal pu\u0301blica en los te\u0301rminos establecidos en la Constitucio\u0301n Poli\u0301tica del Estado, las Convenciones y Tratados Internacionales vigentes y las leyes. La &hellip;<\/p>\n<p class=\"read-more\"> <a class=\"\" href=\"https:\/\/alvi.centrojuanaazurduy.org\/index.php\/2-2-ministerio-publico\/\"> <span class=\"screen-reader-text\">2.2. MINISTERIO P\u00daBLICO<\/span> Leer m\u00e1s &raquo;<\/a><\/p>\n","protected":false},"author":1,"featured_media":0,"comment_status":"closed","ping_status":"closed","sticky":false,"template":"","format":"standard","meta":{"footnotes":""},"categories":[9],"tags":[],"class_list":["post-3797","post","type-post","status-publish","format-standard","hentry","category-protocolo-sepmud"],"_links":{"self":[{"href":"https:\/\/alvi.centrojuanaazurduy.org\/index.php\/wp-json\/wp\/v2\/posts\/3797","targetHints":{"allow":["GET"]}}],"collection":[{"href":"https:\/\/alvi.centrojuanaazurduy.org\/index.php\/wp-json\/wp\/v2\/posts"}],"about":[{"href":"https:\/\/alvi.centrojuanaazurduy.org\/index.php\/wp-json\/wp\/v2\/types\/post"}],"author":[{"embeddable":true,"href":"https:\/\/alvi.centrojuanaazurduy.org\/index.php\/wp-json\/wp\/v2\/users\/1"}],"replies":[{"embeddable":true,"href":"https:\/\/alvi.centrojuanaazurduy.org\/index.php\/wp-json\/wp\/v2\/comments?post=3797"}],"version-history":[{"count":3,"href":"https:\/\/alvi.centrojuanaazurduy.org\/index.php\/wp-json\/wp\/v2\/posts\/3797\/revisions"}],"predecessor-version":[{"id":4048,"href":"https:\/\/alvi.centrojuanaazurduy.org\/index.php\/wp-json\/wp\/v2\/posts\/3797\/revisions\/4048"}],"wp:attachment":[{"href":"https:\/\/alvi.centrojuanaazurduy.org\/index.php\/wp-json\/wp\/v2\/media?parent=3797"}],"wp:term":[{"taxonomy":"category","embeddable":true,"href":"https:\/\/alvi.centrojuanaazurduy.org\/index.php\/wp-json\/wp\/v2\/categories?post=3797"},{"taxonomy":"post_tag","embeddable":true,"href":"https:\/\/alvi.centrojuanaazurduy.org\/index.php\/wp-json\/wp\/v2\/tags?post=3797"}],"curies":[{"name":"wp","href":"https:\/\/api.w.org\/{rel}","templated":true}]}}