{"id":377,"date":"2020-11-23T15:47:05","date_gmt":"2020-11-23T19:47:05","guid":{"rendered":"http:\/\/gavvi.monstruoestudio.com\/?p=377"},"modified":"2020-11-23T15:47:05","modified_gmt":"2020-11-23T19:47:05","slug":"presentacion","status":"publish","type":"post","link":"https:\/\/alvi.centrojuanaazurduy.org\/index.php\/presentacion\/","title":{"rendered":"Presentaci\u00f3n"},"content":{"rendered":"\t\t<div data-elementor-type=\"wp-post\" data-elementor-id=\"377\" class=\"elementor elementor-377\" data-elementor-settings=\"[]\">\n\t\t\t\t\t\t<div class=\"elementor-inner\">\n\t\t\t\t\t\t\t<div class=\"elementor-section-wrap\">\n\t\t\t\t\t\t\t<section class=\"elementor-section elementor-top-section elementor-element elementor-element-4241b1e elementor-section-boxed elementor-section-height-default elementor-section-height-default\" data-id=\"4241b1e\" data-element_type=\"section\">\n\t\t\t\t\t\t<div class=\"elementor-container elementor-column-gap-default\">\n\t\t\t\t\t\t\t<div class=\"elementor-row\">\n\t\t\t\t\t<div class=\"elementor-column elementor-col-100 elementor-top-column elementor-element elementor-element-2f7ba11\" data-id=\"2f7ba11\" data-element_type=\"column\">\n\t\t\t<div class=\"elementor-column-wrap elementor-element-populated\">\n\t\t\t\t\t\t\t<div class=\"elementor-widget-wrap\">\n\t\t\t\t\t\t<div class=\"elementor-element elementor-element-64918c3 elementor-widget elementor-widget-theme-post-title elementor-page-title elementor-widget-heading\" data-id=\"64918c3\" data-element_type=\"widget\" data-widget_type=\"theme-post-title.default\">\n\t\t\t\t<div class=\"elementor-widget-container\">\n\t\t\t<h1 class=\"elementor-heading-title elementor-size-default\">Presentaci\u00f3n<\/h1>\t\t<\/div>\n\t\t\t\t<\/div>\n\t\t\t\t\t\t<\/div>\n\t\t\t\t\t<\/div>\n\t\t<\/div>\n\t\t\t\t\t\t\t\t<\/div>\n\t\t\t\t\t<\/div>\n\t\t<\/section>\n\t\t\t\t<section class=\"elementor-section elementor-top-section elementor-element elementor-element-c84d1e8 elementor-section-boxed elementor-section-height-default elementor-section-height-default\" data-id=\"c84d1e8\" data-element_type=\"section\">\n\t\t\t\t\t\t<div class=\"elementor-container elementor-column-gap-default\">\n\t\t\t\t\t\t\t<div class=\"elementor-row\">\n\t\t\t\t\t<div class=\"elementor-column elementor-col-100 elementor-top-column elementor-element elementor-element-bd3438a\" data-id=\"bd3438a\" data-element_type=\"column\">\n\t\t\t<div class=\"elementor-column-wrap elementor-element-populated\">\n\t\t\t\t\t\t\t<div class=\"elementor-widget-wrap\">\n\t\t\t\t\t\t<div class=\"elementor-element elementor-element-af2ae89 elementor-widget elementor-widget-text-editor\" data-id=\"af2ae89\" data-element_type=\"widget\" data-widget_type=\"text-editor.default\">\n\t\t\t\t<div class=\"elementor-widget-container\">\n\t\t\t\t\t<div class=\"elementor-text-editor elementor-clearfix\"><p>La violencia en raz\u00f3n de g\u00e9nero, la agresi\u00f3n f\u00edsica, psicol\u00f3gica y de otras formas que se ejerce contra las mujeres por el hecho de serlo, y que puede llegar hasta la violencia asesina conocida en el pa\u00eds como feminicidio, no es un fen\u00f3meno nuevo, es m\u00e1s bien un mal hist\u00f3rico.<span class=\"Apple-converted-space\">\u00a0<\/span><\/p><p>La violencia en raz\u00f3n de g\u00e9nero afecta a todas las mujeres, de diversas formas y en distintos grados, desde temprana edad hasta la edad adulta, sin distinguir color, edad, orientaci\u00f3n sexual, identidad de g\u00e9nero, origen, ni discriminar por raza, cultura, educaci\u00f3n, trabajo, clase ni nacionalidad,.<span class=\"Apple-converted-space\">\u00a0<\/span><\/p><p>No es un fen\u00f3meno aislado que se vive s\u00f3lo en Bolivia, es un fen\u00f3meno generalizado que se sufre en casi todas las sociedades con sus particularidades y en diferentes magnitudes, y en Latinoam\u00e9rica y en nuestro pa\u00eds con proporciones alarmantes.<span class=\"Apple-converted-space\">\u00a0<\/span><\/p><p>Bolivia como parte de su proceso de reflexi\u00f3n y de acuerdo a compromisos internacionales, el 9 de marzo de 2013 promulg\u00f3 la Ley 348, Ley integral para garantizar a las mujeres una vida libre de violencia, y posteriormente el Decreto Supremo 2145, el 13 de octubre de 2014, que la reglamenta.<span class=\"Apple-converted-space\">\u00a0<\/span><\/p><p>La Ley define un procedimiento para que los hechos de violencia sean denunciados y se activen los mecanismos para que los agresores sean sancionados; pero esos procedimientos por un lado pueden demorarse y por otro exponer a la v\u00edctima a m\u00e1s riesgo. La realidad nos muestra que las v\u00edctimas de las agresiones, las sobrevivientes de intentos de feminicidio, se exponen a seguir sufriendo el ataque de sus agresores e incluso a mayores represalias. Por ello la Ley 348, entre los medios de protecci\u00f3n para las v\u00edctimas de VRG, establece la implementaci\u00f3n de Casas de Acogida y Refugios Temporales, como los espacios f\u00edsicos que permitan proteger a la v\u00edctima de su agresor ante el riesgo de que la agresi\u00f3n persista o incluso se incremente.<span class=\"Apple-converted-space\">\u00a0<\/span><\/p><p>La reparaci\u00f3n de los derechos vulnerados se inicia con la protecci\u00f3n de la dignidad e integridad f\u00edsica y psicol\u00f3gica de la v\u00edctima y culmina cuando ha logrado redimensionar los actos de violencia que ha vivido construy\u00e9ndose una autoconciencia, pr\u00e1cticas auto afirmativas, una condici\u00f3n individual auto determinada y finalmente \u2013 si as\u00ed lo eligiera \u2013 un rol social y pol\u00edtico en la prevenci\u00f3n de la violencia.<span class=\"Apple-converted-space\">\u00a0<\/span><\/p><p>Las Casas de Acogida y los Refugios Temporales son, en ese sentido, importantes medios de protecci\u00f3n de los derechos de las v\u00edctimas de VRG, protecci\u00f3n que se inicia al separar a la v\u00edctima del agresor y ofrecerle sus servicios resguardando su dignidad e integridad f\u00edsica y psicol\u00f3gica y en casos extremos hasta su vida.<span class=\"Apple-converted-space\">\u00a0<\/span><\/p><p>En esta Gu\u00eda se exponen lineamientos b\u00e1sicos para la gesti\u00f3n de las Casas de Acogida y los Refugios Temporales para que sean aplicadas en las Entidades Territoriales Aut\u00f3nomas que tienen la obligaci\u00f3n legal de implementarlas, o les sirvan de base para la emisi\u00f3n de sus propias normas.<span class=\"Apple-converted-space\">\u00a0<\/span><\/p><p>Esta gu\u00eda ha sido socializada en los 9 departamentos del pa\u00eds y considera los aportes de decenas de participantes de esos eventos, a quienes expresamos nuestro sentido agradecimiento<span class=\"Apple-converted-space\">\u00a0<\/span><\/p><\/div>\n\t\t\t\t<\/div>\n\t\t\t\t<\/div>\n\t\t\t\t\t\t<\/div>\n\t\t\t\t\t<\/div>\n\t\t<\/div>\n\t\t\t\t\t\t\t\t<\/div>\n\t\t\t\t\t<\/div>\n\t\t<\/section>\n\t\t\t\t\t\t<\/div>\n\t\t\t\t\t\t<\/div>\n\t\t\t\t\t<\/div>\n\t\t","protected":false},"excerpt":{"rendered":"<p>La violencia en raz\u00f3n de g\u00e9nero, la agresi\u00f3n f\u00edsica, psicol\u00f3gica y de otras formas que se ejerce contra las mujeres por el hecho de serlo, y que puede llegar hasta la violencia asesina conocida en el pa\u00eds como feminicidio, no es un fen\u00f3meno nuevo, es m\u00e1s bien un mal hist\u00f3rico.\u00a0 La violencia en raz\u00f3n de &hellip;<\/p>\n<p class=\"read-more\"> <a class=\"\" href=\"https:\/\/alvi.centrojuanaazurduy.org\/index.php\/presentacion\/\"> <span class=\"screen-reader-text\">Presentaci\u00f3n<\/span> Leer m\u00e1s &raquo;<\/a><\/p>\n","protected":false},"author":1,"featured_media":0,"comment_status":"closed","ping_status":"closed","sticky":false,"template":"","format":"standard","meta":{"footnotes":""},"categories":[2],"tags":[],"class_list":["post-377","post","type-post","status-publish","format-standard","hentry","category-casas-de-acogida"],"_links":{"self":[{"href":"https:\/\/alvi.centrojuanaazurduy.org\/index.php\/wp-json\/wp\/v2\/posts\/377","targetHints":{"allow":["GET"]}}],"collection":[{"href":"https:\/\/alvi.centrojuanaazurduy.org\/index.php\/wp-json\/wp\/v2\/posts"}],"about":[{"href":"https:\/\/alvi.centrojuanaazurduy.org\/index.php\/wp-json\/wp\/v2\/types\/post"}],"author":[{"embeddable":true,"href":"https:\/\/alvi.centrojuanaazurduy.org\/index.php\/wp-json\/wp\/v2\/users\/1"}],"replies":[{"embeddable":true,"href":"https:\/\/alvi.centrojuanaazurduy.org\/index.php\/wp-json\/wp\/v2\/comments?post=377"}],"version-history":[{"count":0,"href":"https:\/\/alvi.centrojuanaazurduy.org\/index.php\/wp-json\/wp\/v2\/posts\/377\/revisions"}],"wp:attachment":[{"href":"https:\/\/alvi.centrojuanaazurduy.org\/index.php\/wp-json\/wp\/v2\/media?parent=377"}],"wp:term":[{"taxonomy":"category","embeddable":true,"href":"https:\/\/alvi.centrojuanaazurduy.org\/index.php\/wp-json\/wp\/v2\/categories?post=377"},{"taxonomy":"post_tag","embeddable":true,"href":"https:\/\/alvi.centrojuanaazurduy.org\/index.php\/wp-json\/wp\/v2\/tags?post=377"}],"curies":[{"name":"wp","href":"https:\/\/api.w.org\/{rel}","templated":true}]}}