{"id":372,"date":"2020-11-23T15:26:54","date_gmt":"2020-11-23T19:26:54","guid":{"rendered":"http:\/\/gavvi.monstruoestudio.com\/?p=372"},"modified":"2020-11-23T15:26:54","modified_gmt":"2020-11-23T19:26:54","slug":"glosario-2","status":"publish","type":"post","link":"https:\/\/alvi.centrojuanaazurduy.org\/index.php\/glosario-2\/","title":{"rendered":"Glosario"},"content":{"rendered":"\t\t<div data-elementor-type=\"wp-post\" data-elementor-id=\"372\" class=\"elementor elementor-372\" data-elementor-settings=\"[]\">\n\t\t\t\t\t\t<div class=\"elementor-inner\">\n\t\t\t\t\t\t\t<div class=\"elementor-section-wrap\">\n\t\t\t\t\t\t\t<section class=\"elementor-section elementor-top-section elementor-element elementor-element-1699d92 elementor-section-boxed elementor-section-height-default elementor-section-height-default\" data-id=\"1699d92\" data-element_type=\"section\">\n\t\t\t\t\t\t<div class=\"elementor-container elementor-column-gap-default\">\n\t\t\t\t\t\t\t<div class=\"elementor-row\">\n\t\t\t\t\t<div class=\"elementor-column elementor-col-100 elementor-top-column elementor-element elementor-element-e9c219a\" data-id=\"e9c219a\" data-element_type=\"column\">\n\t\t\t<div class=\"elementor-column-wrap elementor-element-populated\">\n\t\t\t\t\t\t\t<div class=\"elementor-widget-wrap\">\n\t\t\t\t\t\t<div class=\"elementor-element elementor-element-2626990 elementor-widget elementor-widget-theme-post-title elementor-page-title elementor-widget-heading\" data-id=\"2626990\" data-element_type=\"widget\" data-widget_type=\"theme-post-title.default\">\n\t\t\t\t<div class=\"elementor-widget-container\">\n\t\t\t<h1 class=\"elementor-heading-title elementor-size-default\">Glosario<\/h1>\t\t<\/div>\n\t\t\t\t<\/div>\n\t\t\t\t\t\t<\/div>\n\t\t\t\t\t<\/div>\n\t\t<\/div>\n\t\t\t\t\t\t\t\t<\/div>\n\t\t\t\t\t<\/div>\n\t\t<\/section>\n\t\t\t\t<section class=\"elementor-section elementor-top-section elementor-element elementor-element-618ca9e elementor-section-boxed elementor-section-height-default elementor-section-height-default\" data-id=\"618ca9e\" data-element_type=\"section\">\n\t\t\t\t\t\t<div class=\"elementor-container elementor-column-gap-default\">\n\t\t\t\t\t\t\t<div class=\"elementor-row\">\n\t\t\t\t\t<div class=\"elementor-column elementor-col-100 elementor-top-column elementor-element elementor-element-02e69ad\" data-id=\"02e69ad\" data-element_type=\"column\">\n\t\t\t<div class=\"elementor-column-wrap elementor-element-populated\">\n\t\t\t\t\t\t\t<div class=\"elementor-widget-wrap\">\n\t\t\t\t\t\t<div class=\"elementor-element elementor-element-3f0b3e1 elementor-widget elementor-widget-text-editor\" data-id=\"3f0b3e1\" data-element_type=\"widget\" data-widget_type=\"text-editor.default\">\n\t\t\t\t<div class=\"elementor-widget-container\">\n\t\t\t\t\t<div class=\"elementor-text-editor elementor-clearfix\"><p><b>G\u00e9nero<span class=\"Apple-converted-space\">\u00a0<\/span><\/b><\/p><p>\u201cEs un conjunto de caracter\u00edsticas sociales y culturales de lo femenino y lo masculino. Trata de comportamientos, valores, actitudes y sentimientos que la sociedad considera como propios de los hombres o de las mujeres.\u201d (IIDH 2004: 74). Esta construcci\u00f3n societal en la mayor\u00eda de las culturas es inequitativa y desigual para un g\u00e9nero frente a otro, de ah\u00ed que se dice que el g\u00e9nero es el instrumento que evidencia la desigualdad social de una diferencia sexual. (Lamas Marta 2005).<span class=\"Apple-converted-space\">\u00a0<\/span><\/p><p><b>Violencia de G\u00e9nero<span class=\"Apple-converted-space\">\u00a0<\/span><\/b><\/p><p>Cualquier acci\u00f3n u omisi\u00f3n que, en raz\u00f3n del g\u00e9nero, cause a las mujeres y a otras identidades gen\u00e9ricas da\u00f1o o sufrimiento psicol\u00f3gico, f\u00edsico, patrimonial, econ\u00f3mico, sexual, o incluso, la muerte, tanto en el \u00e1mbito privado como en el p\u00fablico, que se expresa en amenazas, agravios, maltrato, lesiones y da\u00f1os asociados a la exclusi\u00f3n, subordinaci\u00f3n, discriminaci\u00f3n, explotaci\u00f3n y opresi\u00f3n de g\u00e9nero en cualquiera de sus formas.<span class=\"Apple-converted-space\">\u00a0<\/span><\/p><p><b>Violencia contra las Mujeres<span class=\"Apple-converted-space\">\u00a0<\/span><\/b><\/p><p>\u201cCualquier acci\u00f3n o conducta, basada en su g\u00e9nero, que cause muerte, da\u00f1o o sufrimiento f\u00edsico, sexual o psicol\u00f3gico a la mujer, tanto en el \u00e1mbito p\u00fablico como en el privado\u201d (Definici\u00f3n establecida en la Convenci\u00f3n, Interamericana para Prevenir, Sancionar y Erradicar la Violencia contra la Mujer, (\u201cConvenci\u00f3n de Bel\u00e9m do Par\u00e1\u201d).<span class=\"Apple-converted-space\">\u00a0<\/span><\/p><p><b>Delitos de violencia contra las mujeres<span class=\"Apple-converted-space\">\u00a0<\/span><\/b><\/p><p>Todos los delitos se\u00f1alados en la Ley No 348 que sean perpetrados contra una mujer independientemente de su edad o cualquier otra condici\u00f3n que fueran cometidos presuntamente por un agresor de sexo masculino en cualquier contexto.<span class=\"Apple-converted-space\">\u00a0<\/span><\/p><p><b>Delitos contra la familia<span class=\"Apple-converted-space\">\u00a0<\/span><\/b><\/p><p>Comprende el delito de violencia familiar dom\u00e9stica, independientemente del sexo o edad de la v\u00edctima o el agresor, y el delito de substracci\u00f3n de un menor o incapaz cuando sea cometido por cualquiera de los progenitores, as\u00ed como cuando estos delitos sean cometidos en concurso con otros delitos previstos en la Ley No 348.<span class=\"Apple-converted-space\">\u00a0<\/span><\/p><p><b>Situaci\u00f3n de Violencia<span class=\"Apple-converted-space\">\u00a0<\/span><\/b><\/p><p>Es el conjunto de circunstancias y condiciones de agresi\u00f3n en las que se encuentra una mujer en un momento determinado de su vida (Art. 6.2 de la Ley No 348).<span class=\"Apple-converted-space\">\u00a0<\/span><\/p><p><b>Situaci\u00f3n de vulnerabilidad<span class=\"Apple-converted-space\">\u00a0<\/span><\/b><\/p><p>Estado de desventaja, riesgo o fragilidad frente al agresor o agresora, por el que no se tiene capacidad para prevenir, resistir y sobreponerse a la violencia o tal capacidad est\u00e1 disminuida por distintos motivos.<span class=\"Apple-converted-space\">\u00a0<\/span><\/p><p><b>Agresor o Agresora<span class=\"Apple-converted-space\">\u00a0<\/span><\/b><\/p><p>Quien comete una acci\u00f3n u omisi\u00f3n que implique cualquier forma de violencia hacia la mujer u otra persona (Art. 6.6 de la Ley No 348).<span class=\"Apple-converted-space\">\u00a0<\/span><\/p><p><b>Prevenci\u00f3n<span class=\"Apple-converted-space\">\u00a0<\/span><\/b><\/p><p>Refiere al conjunto de actos conducentes a evitar hechos de violencia o que las agresiones contin\u00faen o se repitan.<span class=\"Apple-converted-space\">\u00a0<\/span><\/p><p><b>Detecci\u00f3n<span class=\"Apple-converted-space\">\u00a0<\/span><\/b><\/p><p>Significa \u201creconocer o identificar la existencia de una posible situaci\u00f3n de violencia contra la mujer\u201d. Debe ser lo m\u00e1s precoz posible y tiene que incluir aquellas situaciones donde existe violencia y tambi\u00e9n aquellas situaciones de riesgo en las que pueda llegar a producirse.<span class=\"Apple-converted-space\">\u00a0<\/span><\/p><\/div>\n\t\t\t\t<\/div>\n\t\t\t\t<\/div>\n\t\t\t\t\t\t<\/div>\n\t\t\t\t\t<\/div>\n\t\t<\/div>\n\t\t\t\t\t\t\t\t<\/div>\n\t\t\t\t\t<\/div>\n\t\t<\/section>\n\t\t\t\t\t\t<\/div>\n\t\t\t\t\t\t<\/div>\n\t\t\t\t\t<\/div>\n\t\t","protected":false},"excerpt":{"rendered":"<p>G\u00e9nero\u00a0 \u201cEs un conjunto de caracter\u00edsticas sociales y culturales de lo femenino y lo masculino. Trata de comportamientos, valores, actitudes y sentimientos que la sociedad considera como propios de los hombres o de las mujeres.\u201d (IIDH 2004: 74). Esta construcci\u00f3n societal en la mayor\u00eda de las culturas es inequitativa y desigual para un g\u00e9nero frente &hellip;<\/p>\n<p class=\"read-more\"> <a class=\"\" href=\"https:\/\/alvi.centrojuanaazurduy.org\/index.php\/glosario-2\/\"> <span class=\"screen-reader-text\">Glosario<\/span> Leer m\u00e1s &raquo;<\/a><\/p>\n","protected":false},"author":1,"featured_media":0,"comment_status":"closed","ping_status":"closed","sticky":false,"template":"","format":"standard","meta":{"footnotes":""},"categories":[2],"tags":[],"class_list":["post-372","post","type-post","status-publish","format-standard","hentry","category-casas-de-acogida"],"_links":{"self":[{"href":"https:\/\/alvi.centrojuanaazurduy.org\/index.php\/wp-json\/wp\/v2\/posts\/372","targetHints":{"allow":["GET"]}}],"collection":[{"href":"https:\/\/alvi.centrojuanaazurduy.org\/index.php\/wp-json\/wp\/v2\/posts"}],"about":[{"href":"https:\/\/alvi.centrojuanaazurduy.org\/index.php\/wp-json\/wp\/v2\/types\/post"}],"author":[{"embeddable":true,"href":"https:\/\/alvi.centrojuanaazurduy.org\/index.php\/wp-json\/wp\/v2\/users\/1"}],"replies":[{"embeddable":true,"href":"https:\/\/alvi.centrojuanaazurduy.org\/index.php\/wp-json\/wp\/v2\/comments?post=372"}],"version-history":[{"count":0,"href":"https:\/\/alvi.centrojuanaazurduy.org\/index.php\/wp-json\/wp\/v2\/posts\/372\/revisions"}],"wp:attachment":[{"href":"https:\/\/alvi.centrojuanaazurduy.org\/index.php\/wp-json\/wp\/v2\/media?parent=372"}],"wp:term":[{"taxonomy":"category","embeddable":true,"href":"https:\/\/alvi.centrojuanaazurduy.org\/index.php\/wp-json\/wp\/v2\/categories?post=372"},{"taxonomy":"post_tag","embeddable":true,"href":"https:\/\/alvi.centrojuanaazurduy.org\/index.php\/wp-json\/wp\/v2\/tags?post=372"}],"curies":[{"name":"wp","href":"https:\/\/api.w.org\/{rel}","templated":true}]}}