{"id":3546,"date":"2020-12-19T17:48:54","date_gmt":"2020-12-19T21:48:54","guid":{"rendered":"http:\/\/gavvi.monstruoestudio.com\/?p=3546"},"modified":"2021-06-04T15:25:38","modified_gmt":"2021-06-04T19:25:38","slug":"3-marco-conceptual","status":"publish","type":"post","link":"https:\/\/alvi.centrojuanaazurduy.org\/index.php\/3-marco-conceptual\/","title":{"rendered":"3. MARCO CONCEPTUAL"},"content":{"rendered":"\t\t<div data-elementor-type=\"wp-post\" data-elementor-id=\"3546\" class=\"elementor elementor-3546\" data-elementor-settings=\"[]\">\n\t\t\t\t\t\t<div class=\"elementor-inner\">\n\t\t\t\t\t\t\t<div class=\"elementor-section-wrap\">\n\t\t\t\t\t\t\t<section class=\"elementor-section elementor-top-section elementor-element elementor-element-7d3b6ce elementor-section-boxed elementor-section-height-default elementor-section-height-default\" data-id=\"7d3b6ce\" data-element_type=\"section\">\n\t\t\t\t\t\t<div class=\"elementor-container elementor-column-gap-default\">\n\t\t\t\t\t\t\t<div class=\"elementor-row\">\n\t\t\t\t\t<div class=\"elementor-column elementor-col-100 elementor-top-column elementor-element elementor-element-01bbc64\" data-id=\"01bbc64\" data-element_type=\"column\">\n\t\t\t<div class=\"elementor-column-wrap elementor-element-populated\">\n\t\t\t\t\t\t\t<div class=\"elementor-widget-wrap\">\n\t\t\t\t\t\t<div class=\"elementor-element elementor-element-a8eba5a elementor-widget elementor-widget-theme-post-title elementor-page-title elementor-widget-heading\" data-id=\"a8eba5a\" data-element_type=\"widget\" data-widget_type=\"theme-post-title.default\">\n\t\t\t\t<div class=\"elementor-widget-container\">\n\t\t\t<h1 class=\"elementor-heading-title elementor-size-default\">3. MARCO CONCEPTUAL<\/h1>\t\t<\/div>\n\t\t\t\t<\/div>\n\t\t\t\t\t\t<\/div>\n\t\t\t\t\t<\/div>\n\t\t<\/div>\n\t\t\t\t\t\t\t\t<\/div>\n\t\t\t\t\t<\/div>\n\t\t<\/section>\n\t\t\t\t<section class=\"elementor-section elementor-top-section elementor-element elementor-element-8eb6a83 elementor-section-boxed elementor-section-height-default elementor-section-height-default\" data-id=\"8eb6a83\" data-element_type=\"section\">\n\t\t\t\t\t\t<div class=\"elementor-container elementor-column-gap-default\">\n\t\t\t\t\t\t\t<div class=\"elementor-row\">\n\t\t\t\t\t<div class=\"elementor-column elementor-col-100 elementor-top-column elementor-element elementor-element-a37cd74\" data-id=\"a37cd74\" data-element_type=\"column\">\n\t\t\t<div class=\"elementor-column-wrap elementor-element-populated\">\n\t\t\t\t\t\t\t<div class=\"elementor-widget-wrap\">\n\t\t\t\t\t\t<div class=\"elementor-element elementor-element-506934f elementor-widget elementor-widget-text-editor\" data-id=\"506934f\" data-element_type=\"widget\" data-widget_type=\"text-editor.default\">\n\t\t\t\t<div class=\"elementor-widget-container\">\n\t\t\t\t\t<div class=\"elementor-text-editor elementor-clearfix\"><div class=\"page\" title=\"Page 15\"><div class=\"section\"><div class=\"layoutArea\"><div class=\"column\"><div class=\"page\" title=\"Page 24\"><div class=\"section\"><div class=\"layoutArea\"><div class=\"column\"><div class=\"page\" title=\"Page 24\"><div class=\"section\"><div class=\"layoutArea\"><div class=\"column\"><div class=\"page\" title=\"Page 24\"><div class=\"section\"><div class=\"layoutArea\"><div class=\"column\"><p>Para efectos de una mejor comprensi\u00f3n de los conceptos referidos a la atenci\u00f3n, protecci\u00f3n, sanci\u00f3n y reparaci\u00f3n en los casos de violencia contra ni\u00f1as, ni\u00f1os, adolescente y mujeres, y la consiguiente aplicaci\u00f3n efectiva de la presente herramienta, se utilizan diferentes t\u00e9rminos que son conceptualizados a continuaci\u00f3n:<\/p><\/div><\/div><\/div><\/div><\/div><\/div><\/div><\/div><\/div><\/div><\/div><\/div><\/div><\/div><\/div><\/div><\/div>\n\t\t\t\t<\/div>\n\t\t\t\t<\/div>\n\t\t\t\t\t\t<\/div>\n\t\t\t\t\t<\/div>\n\t\t<\/div>\n\t\t\t\t\t\t\t\t<\/div>\n\t\t\t\t\t<\/div>\n\t\t<\/section>\n\t\t\t\t<section class=\"elementor-section elementor-top-section elementor-element elementor-element-4d39616 elementor-section-boxed elementor-section-height-default elementor-section-height-default\" data-id=\"4d39616\" data-element_type=\"section\">\n\t\t\t\t\t\t<div class=\"elementor-container elementor-column-gap-default\">\n\t\t\t\t\t\t\t<div class=\"elementor-row\">\n\t\t\t\t\t<div class=\"elementor-column elementor-col-100 elementor-top-column elementor-element elementor-element-4a1cc75\" data-id=\"4a1cc75\" data-element_type=\"column\">\n\t\t\t<div class=\"elementor-column-wrap elementor-element-populated\">\n\t\t\t\t\t\t\t<div class=\"elementor-widget-wrap\">\n\t\t\t\t\t\t<div class=\"elementor-element elementor-element-a441ad4 elementor-widget elementor-widget-text-editor\" data-id=\"a441ad4\" data-element_type=\"widget\" data-widget_type=\"text-editor.default\">\n\t\t\t\t<div class=\"elementor-widget-container\">\n\t\t\t\t\t<div class=\"elementor-text-editor elementor-clearfix\"><div class=\"page\" title=\"Page 15\"><div class=\"section\"><div class=\"layoutArea\"><div class=\"column\"><div class=\"page\" title=\"Page 24\"><div class=\"section\"><div class=\"layoutArea\"><div class=\"column\"><div class=\"page\" title=\"Page 24\"><div class=\"section\"><div class=\"layoutArea\"><div class=\"column\"><div class=\"page\" title=\"Page 24\"><div class=\"section\"><div class=\"layoutArea\"><div class=\"column\"><p><b>Con relaci\u00f3n a la violencia en contra de ni\u00f1as, ni\u00f1os y adolescentes<\/b><\/p><p>La Observaci\u00f3n General No. 13 del Comit\u00e9 de Derechos del Ni\u00f1o se\u00f1ala que se entiende por violencia \u201ctoda forma de perjuicio o abuso f\u00edsico o mental, descuido o trato negligente, malos tratos o explotaci\u00f3n, incluido el abuso sexual\u201d seg\u00fan se define en el art\u00edculo 19, p\u00e1rrafo 1, de la Convenci\u00f3n de Derechos del Ni\u00f1o.<\/p><p>El C\u00f3digo Ni\u00f1a, Ni\u00f1o y Adolescente, Ley No. 548, en el art\u00edculo 147 se\u00f1ala que se constituye violencia, \u201cla acci\u00f3n u omisi\u00f3n, por cualquier medio que ocasione privaciones, lesiones, da\u00f1os, sufrimientos, perjuicios en la salud f\u00edsica, mental, afectiva, sexual, desarrollo deficiente e incluso la muerte de la ni\u00f1a, ni\u00f1o o adolescente\u201d.<\/p><\/div><\/div><\/div><\/div><\/div><\/div><\/div><\/div><\/div><\/div><\/div><\/div><\/div><\/div><\/div><\/div><\/div>\n\t\t\t\t<\/div>\n\t\t\t\t<\/div>\n\t\t\t\t\t\t<\/div>\n\t\t\t\t\t<\/div>\n\t\t<\/div>\n\t\t\t\t\t\t\t\t<\/div>\n\t\t\t\t\t<\/div>\n\t\t<\/section>\n\t\t\t\t<section class=\"elementor-section elementor-top-section elementor-element elementor-element-89a1b20 elementor-section-boxed elementor-section-height-default elementor-section-height-default\" data-id=\"89a1b20\" data-element_type=\"section\">\n\t\t\t\t\t\t<div class=\"elementor-container elementor-column-gap-default\">\n\t\t\t\t\t\t\t<div class=\"elementor-row\">\n\t\t\t\t\t<div class=\"elementor-column elementor-col-100 elementor-top-column elementor-element elementor-element-7a5071b\" data-id=\"7a5071b\" data-element_type=\"column\">\n\t\t\t<div class=\"elementor-column-wrap elementor-element-populated\">\n\t\t\t\t\t\t\t<div class=\"elementor-widget-wrap\">\n\t\t\t\t\t\t<div class=\"elementor-element elementor-element-9de1a8d elementor-widget elementor-widget-text-editor\" data-id=\"9de1a8d\" data-element_type=\"widget\" data-widget_type=\"text-editor.default\">\n\t\t\t\t<div class=\"elementor-widget-container\">\n\t\t\t\t\t<div class=\"elementor-text-editor elementor-clearfix\"><div class=\"page\" title=\"Page 15\">\n<div class=\"section\">\n<div class=\"layoutArea\">\n<div class=\"column\">\n<div class=\"page\" title=\"Page 24\">\n<div class=\"section\">\n<div class=\"layoutArea\">\n<div class=\"column\">\n<div class=\"page\" title=\"Page 24\">\n<div class=\"section\">\n<div class=\"layoutArea\">\n<div class=\"column\">\n<div class=\"page\" title=\"Page 24\">\n<div class=\"section\">\n<div class=\"layoutArea\">\n<div class=\"column\">\n\n<b>Con relaci\u00f3n a la violencia en raz\u00f3n de g\u00e9nero contra las mujeres<\/b>\n<ul>\n \t<li><b>Violencia en raz\u00f3n de g\u00e9nero contra las mujeres: <\/b>A nivel internacional, se reconoce que la violencia contra mujeres y ni\u00f1as en raz\u00f3n de g\u00e9nero tiene sus ra\u00edces en la desigualdad hist\u00f3rica y estructural que ha caracterizado las relaciones entre hombres y mujeres. La violencia por raz\u00f3n de g\u00e9nero es considerada por los organismos internacionales como una forma de discriminaci\u00f3n que viola y menoscaba gravemente o anula el goce de todos los derechos humanos y las libertades fundamentales de mujeres y ni\u00f1as. Se estima tambi\u00e9n que la violencia contra las mujeres y las ni\u00f1as se caracteriza por el uso y el abuso de poder y control en las esferas p\u00fablica y privada, y est\u00e1 intr\u00ednsecamente vinculada a los estereotipos de g\u00e9nero que son la causa subyacente de dicha violencia y la perpet\u00faan, as\u00ed como a otros factores que pueden aumentar la vulnerabilidad de las mujeres y ni\u00f1as a este tipo de violencia.<\/li>\n<\/ul>\nEn consecuencia, si bien la violencia es un problema social que afecta a todos\/as en las sociedades patriarcales, la violencia contra mujeres ejercida por hombres es frecuente por diversos motivos: cosificaci\u00f3n, posesi\u00f3n, celos, odio, placer, erotismo, etc. pero m\u00e1s all\u00e1 de estos m\u00f3viles, la violencia representa una expresi\u00f3n extrema de la fuerza patriarcal, una forma de manifestar la pol\u00edtica sexual y la dominaci\u00f3n masculina. Por tanto, no solo refiere a los m\u00f3viles del autor que ejerce la violencia sino como se\u00f1ala la CIDH est\u00e1 fundada en una cultura de violencia y discriminaci\u00f3n basada en el g\u00e9nero de las mujeres.\n\nSeg\u00fan la Convenci\u00f3n de Bel\u00e9m do Par\u00e1 debe entenderse por violencia contra la mujer cualquier acci\u00f3n o conducta, basada en su g\u00e9nero, que cause muerte, da\u00f1o o sufrimiento f\u00edsico, sexual o psicol\u00f3gico a la mujer, tanto en el \u00e1mbito p\u00fablico como en el privado.\n\nLa Ley No. 348 establece que la violencia es \u201ccualquier acci\u00f3n u omisi\u00f3n, abierta o encubierta, que cause la muerte, sufrimiento o da\u00f1o f\u00edsico, sexual o psicol\u00f3gico a una mujer, le genere perjuicio en su patrimonio, en su econom\u00eda, en su fuente laboral o en otro \u00e1mbito cualquiera, por el solo hecho de ser mujer\u201d. Esta definici\u00f3n puede ser analizada en cada uno de sus elementos caracter\u00edsticos<a class=\"tooltips\" title=\"Bay\u00e1 M. (2013). Acceso A La Justicia Para Mujeres en Situaci\u00f3n de Violencia. Comunidad de\nDerechos Humanos. La Paz, Bolivia.\"><sup>67<\/sup><\/a>:\n\n<\/div>\n<\/div>\n<\/div>\n<\/div>\n<\/div>\n<\/div>\n<\/div>\n<\/div>\n<\/div>\n<\/div>\n<\/div>\n<\/div>\n<\/div>\n<\/div>\n<\/div>\n<\/div><\/div>\n\t\t\t\t<\/div>\n\t\t\t\t<\/div>\n\t\t\t\t\t\t<\/div>\n\t\t\t\t\t<\/div>\n\t\t<\/div>\n\t\t\t\t\t\t\t\t<\/div>\n\t\t\t\t\t<\/div>\n\t\t<\/section>\n\t\t\t\t<section class=\"elementor-section elementor-top-section elementor-element elementor-element-7ba5b29 elementor-section-boxed elementor-section-height-default elementor-section-height-default\" data-id=\"7ba5b29\" data-element_type=\"section\">\n\t\t\t\t\t\t<div class=\"elementor-container elementor-column-gap-default\">\n\t\t\t\t\t\t\t<div class=\"elementor-row\">\n\t\t\t\t\t<div class=\"elementor-column elementor-col-100 elementor-top-column elementor-element elementor-element-74ca247\" data-id=\"74ca247\" data-element_type=\"column\">\n\t\t\t<div class=\"elementor-column-wrap elementor-element-populated\">\n\t\t\t\t\t\t\t<div class=\"elementor-widget-wrap\">\n\t\t\t\t\t\t<div class=\"elementor-element elementor-element-4303089 elementor-widget elementor-widget-text-editor\" data-id=\"4303089\" data-element_type=\"widget\" data-widget_type=\"text-editor.default\">\n\t\t\t\t<div class=\"elementor-widget-container\">\n\t\t\t\t\t<div class=\"elementor-text-editor elementor-clearfix\"><div class=\"page\" title=\"Page 15\"><div class=\"section\"><div class=\"layoutArea\"><div class=\"column\"><div class=\"page\" title=\"Page 24\"><div class=\"section\"><div class=\"layoutArea\"><div class=\"column\"><div class=\"page\" title=\"Page 24\"><div class=\"section\"><div class=\"layoutArea\"><div class=\"column\"><div class=\"page\" title=\"Page 24\"><div class=\"section\"><div class=\"layoutArea\"><div class=\"column\"><table cellspacing=\"0\" cellpadding=\"0\"><tbody><tr><td valign=\"top\"><p align=\"center\"><span style=\"color: #676767; font-family: Ubuntu; font-size: small;\"><b>Elementos caracter\u00edsticos <\/b><\/span><\/p><\/td><td valign=\"top\"><p align=\"center\"><span style=\"color: #676767; font-family: Ubuntu; font-size: small;\"><b>Descripci\u00f3n <\/b><\/span><\/p><\/td><\/tr><tr><td valign=\"top\"><p><span style=\"color: #676767; font-family: Ubuntu; font-size: small;\"><b>Cualquier acci\u00f3n <\/b><\/span><\/p><\/td><td valign=\"top\"><p><span style=\"color: #676767; font-family: Ubuntu; font-size: small;\">Implica un acto de violencia realizado por el agresor, tal como el golpear, humillar, ultrajar, etc. <\/span><\/p><\/td><\/tr><tr><td valign=\"top\"><p><span style=\"color: #676767; font-family: Ubuntu; font-size: small;\"><b>Cualquier omisi\u00f3n <\/b><\/span><\/p><\/td><td valign=\"top\"><p><span style=\"color: #676767; font-family: Ubuntu; font-size: small;\">Significa el dejar de hacer algo a lo que se est\u00e1 obligado que tiene una consecuencia negativa respecto a la v\u00edctima, tal como no denunciar el hecho de violencia o negar atenci\u00f3n m\u00e9dica <\/span><\/p><\/td><\/tr><tr><td valign=\"top\"><p><span style=\"color: #676767; font-family: Ubuntu; font-size: small;\"><b>Abierta <\/b><\/span><\/p><\/td><td valign=\"top\"><p><span style=\"color: #676767; font-family: Ubuntu; font-size: small;\">Es un comportamiento concreto deliberado de agresiones directas, visibles y evidentes contra la mujer. <\/span><\/p><\/td><\/tr><tr><td valign=\"top\"><p><span style=\"color: #676767; font-family: Ubuntu; font-size: small;\"><b>Encubierta <\/b><\/span><\/p><\/td><td valign=\"top\"><p><span style=\"color: #676767; font-family: Ubuntu; font-size: small;\">Se refiere a actitudes de invalidaci\u00f3n, cr\u00edticas, indirectas, juicios y descalificaci\u00f3n de la mujer o controles aparentemente para protegerla. <\/span><\/p><\/td><\/tr><tr><td valign=\"top\"><p><span style=\"color: #676767; font-family: Ubuntu; font-size: small;\"><b>Muerte, sufrimiento o da\u00f1o f\u00edsico <\/b><\/span><\/p><\/td><td valign=\"top\"><p><span style=\"color: #676767; font-family: Ubuntu; font-size: small;\">Las consecuencias pueden ser el quitar la vida a la mujer o producirle dolor o una lesi\u00f3n corporal o un da\u00f1o en la salud. <\/span><\/p><\/td><\/tr><tr><td valign=\"top\"><p><span style=\"color: #676767; font-family: Ubuntu; font-size: small;\"><b>Sufrimiento o da\u00f1o sexual <\/b><\/span><\/p><\/td><td valign=\"top\"><p><span style=\"color: #676767; font-family: Ubuntu; font-size: small;\">El acto produce un grave dolor o da\u00f1o f\u00edsico en los \u00f3rganos genitales u otras partes del cuerpo por actos sexuales. <\/span><\/p><\/td><\/tr><tr><td valign=\"top\"><p><span style=\"color: #676767; font-family: Ubuntu; font-size: small;\"><b>Sufrimiento o da\u00f1o psicol\u00f3gico <\/b><\/span><\/p><\/td><td valign=\"top\"><p><span style=\"color: #676767; font-family: Ubuntu; font-size: small;\">El acto produce una lesi\u00f3n psicol\u00f3gica o da\u00f1o emocional, baja autoestima, depresi\u00f3n, inestabilidad y desorientaci\u00f3n. <\/span><\/p><\/td><\/tr><tr><td valign=\"top\"><p><span style=\"color: #676767; font-family: Ubuntu; font-size: small;\"><b>Genere perjuicio en la econom\u00eda <\/b><\/span><\/p><\/td><td valign=\"top\"><p><span style=\"color: #676767; font-family: Ubuntu; font-size: small;\">Afecte injustamente sus ingresos econ\u00f3micos. <\/span><\/p><\/td><\/tr><tr><td valign=\"top\"><p><span style=\"color: #676767; font-family: Ubuntu; font-size: small;\"><b>Genere perjuicio <\/b><\/span><\/p><\/td><td valign=\"top\"><p><span style=\"color: #676767; font-family: Ubuntu; font-size: small;\">Ocasione alg\u00fan da\u00f1o o p\u00e9rdida de bienes o acciones que le pertenecen a la mujer <\/span><\/p><\/td><\/tr><tr><td valign=\"top\"><p><span style=\"color: #676767; font-family: Ubuntu; font-size: small;\"><b>Cualquier \u00e1mbito <\/b><\/span><\/p><\/td><td valign=\"top\"><p><span style=\"color: #676767; font-family: Ubuntu; font-size: small;\">La violencia puede ser ejercida en cualquier \u00e1mbito no solo el familiar, sino tambi\u00e9n en el p\u00fablico como el centro de trabajo, en la escuela, en los servicios de salud o cualquier otro <\/span><\/p><\/td><\/tr><tr><td valign=\"top\"><p><span style=\"color: #676767; font-family: Ubuntu; font-size: small;\"><b>Por el hecho de ser mujer <\/b><\/span><\/p><\/td><td valign=\"top\"><p><span style=\"color: #676767; font-family: Ubuntu; font-size: small;\">Las relaciones desiguales y asim\u00e9tricas entre hombres y mujeres ponen a \u00e9stas en una situaci\u00f3n de vulnerabilidad frente a los actos de violencia que no constituyen hechos naturales sino culturales que las sociedades han naturalizado y aceptado. Son relaciones de poder otorgadas por el sistema patriarcal a los hombres para controlar y someter a las mujeres. Por ello no se trata de una cuesti\u00f3n biol\u00f3gica sino social y cultural que considera las implicancias que tiene para las mujeres pertenecer al sexo femenino o tener identidad femenina en un sistema de dominaci\u00f3n en el que la violencia es utilizada como mecanismos de control, subordinaci\u00f3n y castigo hacia las mujeres. <\/span><\/p><\/td><\/tr><\/tbody><\/table><\/div><\/div><\/div><\/div><\/div><\/div><\/div><\/div><\/div><\/div><\/div><\/div><\/div><\/div><\/div><\/div><\/div>\n\t\t\t\t<\/div>\n\t\t\t\t<\/div>\n\t\t\t\t\t\t<\/div>\n\t\t\t\t\t<\/div>\n\t\t<\/div>\n\t\t\t\t\t\t\t\t<\/div>\n\t\t\t\t\t<\/div>\n\t\t<\/section>\n\t\t\t\t<section class=\"elementor-section elementor-top-section elementor-element elementor-element-1d392f2 elementor-section-boxed elementor-section-height-default elementor-section-height-default\" data-id=\"1d392f2\" data-element_type=\"section\">\n\t\t\t\t\t\t<div class=\"elementor-container elementor-column-gap-default\">\n\t\t\t\t\t\t\t<div class=\"elementor-row\">\n\t\t\t\t\t<div class=\"elementor-column elementor-col-100 elementor-top-column elementor-element elementor-element-4534e32\" data-id=\"4534e32\" data-element_type=\"column\">\n\t\t\t<div class=\"elementor-column-wrap elementor-element-populated\">\n\t\t\t\t\t\t\t<div class=\"elementor-widget-wrap\">\n\t\t\t\t\t\t<div class=\"elementor-element elementor-element-50da7e1 elementor-widget elementor-widget-text-editor\" data-id=\"50da7e1\" data-element_type=\"widget\" data-widget_type=\"text-editor.default\">\n\t\t\t\t<div class=\"elementor-widget-container\">\n\t\t\t\t\t<div class=\"elementor-text-editor elementor-clearfix\"><div class=\"page\" title=\"Page 15\"><div class=\"section\"><div class=\"layoutArea\"><div class=\"column\"><div class=\"page\" title=\"Page 24\"><div class=\"section\"><div class=\"layoutArea\"><div class=\"column\"><div class=\"page\" title=\"Page 24\"><div class=\"section\"><div class=\"layoutArea\"><div class=\"column\"><div class=\"page\" title=\"Page 24\"><div class=\"section\"><div class=\"layoutArea\"><div class=\"column\"><ul><li><strong>Tipos de violencia. Para efectos de la Ley No. 348 seg\u00fan el art\u00edculo 7 se<\/strong><br \/><strong>reconocen diferentes formas de violencia:<\/strong><\/li><\/ul><p style=\"padding-left: 40px;\"><b>1. Violencia F\u00edsica. <\/b>Es toda acci\u00f3n que ocasiona lesiones y\/o da\u00f1o corporal, interno, externo o ambos, temporal o permanente, que se manifiesta de forma inmediata o en el largo plazo, empleando o no fuerza f\u00edsica, armas o cualquier otro medio.<\/p><p style=\"padding-left: 40px;\"><b>2. Violencia Feminicida.<\/b> Es la acci\u00f3n de extrema violencia que viola el derecho fundamental a la vida y causa la muerte de la mujer por el hecho de serlo.<\/p><p style=\"padding-left: 40px;\"><b>3. Violencia Psicol\u00f3gica. <\/b>Es el conjunto de acciones sistem\u00e1ticas de desvalorizaci\u00f3n, intimidaci\u00f3n y control del comportamiento y decisiones de las mujeres, que tienen como consecuencia la disminuci\u00f3n de su autoestima, depresi\u00f3n, inestabilidad psicol\u00f3gica, desorientaci\u00f3n e incluso el suicidio.<\/p><p style=\"padding-left: 40px;\"><b>4. Violencia Medi\u00e1tica.<\/b> Es aquella producida por los medios masivos de comunicaci\u00f3n, a trav\u00e9s de publicaciones, difusi\u00f3n de mensajes e im\u00e1genes estereotipadas que promueven la sumisi\u00f3n y\/o explotaci\u00f3n de mujeres, que la injurian, difaman, discriminan, deshonran, humillan o que atentan contra su dignidad, su nombre y su imagen.<\/p><p style=\"padding-left: 40px;\"><b>5. Violencia Simb\u00f3lica y\/o Encubierta. <\/b>Son los mensajes, valores, s\u00edmbolos, \u00edconos, signos e imposiciones sociales, econ\u00f3micas, pol\u00edticas, culturales y de creencias religiosas que transmiten, reproducen y consolidan relaciones de dominaci\u00f3n, exclusi\u00f3n, desigualdad y discriminaci\u00f3n, naturalizando la subordinaci\u00f3n de las mujeres.<\/p><p style=\"padding-left: 40px;\"><b>6. Violencia Contra la Dignidad, la Honra y el Nombre.<\/b> Es toda expresi\u00f3n verbal o escrita de ofensa, insulto, difamaci\u00f3n, calumnia, amenaza u otras, tendenciosa o p\u00fablica, que desacredita, descalifica, desvaloriza, degrada o afecta el nombre, la dignidad, la honra y la reputaci\u00f3n de la mujer.<\/p><p style=\"padding-left: 40px;\"><b>7. Violencia Sexual.<\/b> Es toda conducta que ponga en riesgo la autodeterminaci\u00f3n sexual, tanto en el acto sexual como en toda forma de contacto o acceso carnal, genital o no genital, que amenace, vulnere o restrinja el derecho al ejercicio a una vida sexual libre segura, efectiva y plena, con autonom\u00eda y libertad sexual de la mujer.<\/p><p style=\"padding-left: 40px;\"><b>8. Violencia Contra los Derechos Reproductivos.<\/b> Es la acci\u00f3n u omisi\u00f3n que impide, limita o vulnera el derecho de las mujeres a la informaci\u00f3n, orientaci\u00f3n, atenci\u00f3n integral y tratamiento durante el embarazo o p\u00e9rdida, parto, puerperio y lactancia; a decidir libre y responsablemente el n\u00famero y espaciamiento de hijas e hijos; a ejercer su maternidad segura, y a elegir m\u00e9todos anticonceptivos seguros.<\/p><p style=\"padding-left: 40px;\"><b>9. Violencia en Servicios de Salud. <\/b>Es toda acci\u00f3n discriminadora, humillante y deshumanizada y que omite, niega o restringe el acceso a la atenci\u00f3n eficaz e inmediata y a la informaci\u00f3n oportuna por parte del personal de salud, poniendo en riesgo la vida y la salud de las mujeres<a class=\"tooltips\" title=\"Dentro de esta forma de violencia se sit\u00faa la violencia gineco obst\u00e9trica.\"><sup>68<\/sup><\/a>.<br \/><b><br \/>10. Violencia Patrimonial y Econ\u00f3mica.<\/b> Es toda acci\u00f3n u omisi\u00f3n que al afectar los bienes propios y\/o gananciales de la mujer, ocasiona da\u00f1o o menoscabo de su patrimonio, valores o recursos; controla o limita sus ingresos econ\u00f3micos y la disposici\u00f3n de los mismos, o la priva de los medios indispensables para vivir.<br \/><b><br \/>11. Violencia Laboral.<\/b> Es toda acci\u00f3n que se produce en cualquier \u00e1mbito de trabajo por parte de cualquier persona de superior, igual o inferior jerarqu\u00eda, que discrimina, humilla, amenaza o intimida a las mujeres; que obstaculiza o supedita su acceso al empleo, permanencia o ascenso y que vulnera el ejercicio de sus derechos.<br \/><b><br \/>12. Violencia en el Sistema Educativo Plurinacional.<\/b> Es todo acto de agresi\u00f3n f\u00edsica, psicol\u00f3gica o sexual cometido contra las mujeres en el sistema educativo regular, alternativo, especial y superior.<\/p><p style=\"padding-left: 40px;\"><b>13. Violencia en el Ejercicio Pol\u00edtico y de Liderazgo de la Mujer.<\/b> Enti\u00e9ndase lo establecido en el art\u00edculo 7 de la Ley No. 243, Contra el Acoso y la Violencia Pol\u00edtica hacia las Mujeres.<\/p><p style=\"padding-left: 80px;\"><b>a) Acoso Pol\u00edtico.<\/b> Se entiende por acoso pol\u00edtico al acto o conjunto de actos de presi\u00f3n, persecuci\u00f3n, hostigamiento o amenazas, cometidos por una persona o grupo de personas, directamente o a trav\u00e9s de terceros, en contra de mujeres candidatas, electas, designadas o en ejercicio de la funci\u00f3n pol\u00edtico-p\u00fablica o en contra de sus familiares, con el prop\u00f3sito de acortar, suspender, impedir o restringir las funciones inherentes a su cargo, para inducirla u obligarla a que realice, en contra de su voluntad, una acci\u00f3n o incurra en una omisi\u00f3n, en el cumplimiento de sus funciones o en el ejercicio de sus derechos.<br \/><b>b) Violencia Pol\u00edtica.<\/b> Se entiende por violencia pol\u00edtica a las acciones, conductas y\/o agresiones f\u00edsicas, psicol\u00f3gicas, sexuales cometidas por una persona o grupo de personas, directamente a trav\u00e9s de terceros, en contra de las mujeres candidatas, electas, designadas o en ejercicio de la funci\u00f3n pol\u00edtico-p\u00fablica, o en su cargo o para inducirla u obligarla a que realice, en contra de su voluntad, una acci\u00f3n o incurra en una omisi\u00f3n, en el cumplimiento de sus funciones o en el ejercicio de sus derechos.<\/p><p style=\"padding-left: 40px;\"><b>14. Violencia Institucional.<\/b> Es toda acci\u00f3n u omisi\u00f3n de servidoras o servidores p\u00fablicos o de personal de instituciones privadas, que implique una acci\u00f3n discriminatoria, prejuiciosa, humillante y deshumanizada que retarde, obstaculice, menoscabe o niegue a las mujeres el acceso y atenci\u00f3n al servicio requerido.<\/p><p style=\"padding-left: 40px;\"><b>15. Violencia en la Familia. <\/b>Es toda agresi\u00f3n f\u00edsica, psicol\u00f3gica o sexual cometida hacia la mujer por el c\u00f3nyuge o ex-c\u00f3nyuge, conviviente o ex-conviviente, o su familia, ascendientes, descendientes, hermanas, hermanos, parientes civiles o afines en l\u00ednea directa y colateral, tutores o encargados de la custodia o cuidado.<\/p><p style=\"padding-left: 40px;\"><b>16. Violencia Contra los Derechos y la Libertad Sexual. <\/b>Es toda acci\u00f3n u omisi\u00f3n, que impida o restrinja el ejercicio de los derechos de las mujeres a disfrutar de una vida sexual libre, segura, afectiva y plena o que vulnere su libertad de elecci\u00f3n sexual.<\/p><p style=\"padding-left: 40px;\"><b>17. Cualquier otra forma de violencia que da\u00f1e la dignidad, integridad, libertad o que viole los derechos de las mujeres.<\/b><\/p><\/div><\/div><\/div><\/div><\/div><\/div><\/div><\/div><\/div><\/div><\/div><\/div><\/div><\/div><\/div><\/div><\/div>\n\t\t\t\t<\/div>\n\t\t\t\t<\/div>\n\t\t\t\t\t\t<\/div>\n\t\t\t\t\t<\/div>\n\t\t<\/div>\n\t\t\t\t\t\t\t\t<\/div>\n\t\t\t\t\t<\/div>\n\t\t<\/section>\n\t\t\t\t<section class=\"elementor-section elementor-top-section elementor-element elementor-element-e19b3c8 elementor-section-boxed elementor-section-height-default elementor-section-height-default\" data-id=\"e19b3c8\" data-element_type=\"section\">\n\t\t\t\t\t\t<div class=\"elementor-container elementor-column-gap-default\">\n\t\t\t\t\t\t\t<div class=\"elementor-row\">\n\t\t\t\t\t<div class=\"elementor-column elementor-col-100 elementor-top-column elementor-element elementor-element-2919e73\" data-id=\"2919e73\" data-element_type=\"column\">\n\t\t\t<div class=\"elementor-column-wrap elementor-element-populated\">\n\t\t\t\t\t\t\t<div class=\"elementor-widget-wrap\">\n\t\t\t\t\t\t<div class=\"elementor-element elementor-element-6711435 elementor-widget elementor-widget-text-editor\" data-id=\"6711435\" data-element_type=\"widget\" data-widget_type=\"text-editor.default\">\n\t\t\t\t<div class=\"elementor-widget-container\">\n\t\t\t\t\t<div class=\"elementor-text-editor elementor-clearfix\"><div class=\"page\" title=\"Page 15\"><div class=\"section\"><div class=\"layoutArea\"><div class=\"column\"><div class=\"page\" title=\"Page 24\"><div class=\"section\"><div class=\"layoutArea\"><div class=\"column\"><div class=\"page\" title=\"Page 24\"><div class=\"section\"><div class=\"layoutArea\"><div class=\"column\"><div class=\"page\" title=\"Page 24\"><div class=\"section\"><div class=\"layoutArea\"><div class=\"column\"><ul><li><b>Delitos de violencia contra las mujeres.<\/b> La Ley No. 348 no crea una nueva clasificaci\u00f3n de delitos en el C\u00f3digo Penal, lo que hizo fue modificar algunos delitos, crear nuevas tipificaciones y derogar algunas figuras delictivas consideradas discriminatorias o atenuadas sobre presupuestos discriminatorios, en particular para las mujeres. Por tanto, cuando la Ley No. 348 se refiere a delitos de violencia contra las mujeres lo hace respecto a los delitos que derivan de las conductas descritas en las formas de violencia se\u00f1aladas en el Art. 7 de la Ley y a los delitos que ha modificado y creado en los Arts. 83, 84 y 85 cuando la v\u00edctima sea una mujer. \u201cEn consecuencia, debe tenerse en cuenta que los delitos de violencia contra las mujeres no son \u00fanicamente los delitos modificados o creados por la Ley No. 348 sino tambi\u00e9n otros que nacen de las formas de violencia descritos en la norma<a class=\"tooltips\" title=\"Bay\u00e1 M. (2015). Gu\u00eda de calificaci\u00f3n de hechos de violencia. FELCV \u2013 CDH. La Paz, Bolivia.\"><sup>69\u00a0<\/sup><\/a>(Ej. acoso y violencia pol\u00edtica hacia las mujeres, discriminaci\u00f3n, amenazas, coacci\u00f3n, injurias, calumnias, etc.), de ellos los delitos de acci\u00f3n p\u00fablica son los perseguibles de oficio\u201d<a class=\"tooltips\" title=\"Bay\u00e1 M. (2014). Preguntas frecuentes sobre la Ley Integral para Garantizar a las Mujeres una Vida Libre de Violencia. Comunidad de Derechos Humanos. La Paz, Bolivia.\"><sup>70<\/sup><\/a>.<\/li><\/ul><\/div><\/div><\/div><\/div><\/div><\/div><\/div><\/div><\/div><\/div><\/div><\/div><\/div><\/div><\/div><\/div><\/div>\n\t\t\t\t<\/div>\n\t\t\t\t<\/div>\n\t\t\t\t\t\t<\/div>\n\t\t\t\t\t<\/div>\n\t\t<\/div>\n\t\t\t\t\t\t\t\t<\/div>\n\t\t\t\t\t<\/div>\n\t\t<\/section>\n\t\t\t\t<section class=\"elementor-section elementor-top-section elementor-element elementor-element-d387579 elementor-section-boxed elementor-section-height-default elementor-section-height-default\" data-id=\"d387579\" data-element_type=\"section\">\n\t\t\t\t\t\t<div class=\"elementor-container elementor-column-gap-default\">\n\t\t\t\t\t\t\t<div class=\"elementor-row\">\n\t\t\t\t\t<div class=\"elementor-column elementor-col-100 elementor-top-column elementor-element elementor-element-af64bad\" data-id=\"af64bad\" data-element_type=\"column\">\n\t\t\t<div class=\"elementor-column-wrap elementor-element-populated\">\n\t\t\t\t\t\t\t<div class=\"elementor-widget-wrap\">\n\t\t\t\t\t\t<div class=\"elementor-element elementor-element-d3de76a elementor-widget elementor-widget-text-editor\" data-id=\"d3de76a\" data-element_type=\"widget\" data-widget_type=\"text-editor.default\">\n\t\t\t\t<div class=\"elementor-widget-container\">\n\t\t\t\t\t<div class=\"elementor-text-editor elementor-clearfix\"><div class=\"page\" title=\"Page 15\">\n<div class=\"section\">\n<div class=\"layoutArea\">\n<div class=\"column\">\n<div class=\"page\" title=\"Page 24\">\n<div class=\"section\">\n<div class=\"layoutArea\">\n<div class=\"column\">\n<div class=\"page\" title=\"Page 24\">\n<div class=\"section\">\n<div class=\"layoutArea\">\n<div class=\"column\">\n<div class=\"page\" title=\"Page 24\">\n<div class=\"section\">\n<div class=\"layoutArea\">\n<div class=\"column\">\n<ul>\n \t<li><b>Ciclo de la violencia:<\/b> Fue desarrollado en la teor\u00eda<a class=\"tooltips\" title=\"Fiscal\u00eda General del Estado (2019). La entrevista a v\u00edctimas y\/o testigos en las \u00e1reas de Psicolog\u00eda\ny Trabajo Social de la Unidad de Protecci\u00f3n a V\u00edctimas y Testigos (UPAVT). Sucre, Bolivia.\"><sup>71<\/sup><\/a> planteada en el a\u00f1o 1979 por Lenore Walker quien identific\u00f3 un ciclo en que se repet\u00edan los casos de violencia familiar o dom\u00e9stica. A partir de los testimonios y vivencias de las mujeres a las que trataba, observ\u00f3 que las mismas no eran agredidas de la misma manera todo el tiempo en su relaci\u00f3n de convivencia, sino que exist\u00edan fases para que se d\u00e9 la agresi\u00f3n, y cada una de estas fases ten\u00eda una duraci\u00f3n diferente y que se manifestaba de distintas maneras. Seg\u00fan Walker (1979), se\u00f1ala que se tienen tres fases: la acumulaci\u00f3n de tensi\u00f3n, el incidente de maltrato grave y la fase de luna de miel o arrepentimiento cari\u00f1oso.<\/li>\n<\/ul>\n<\/div>\n<\/div>\n<\/div>\n<\/div>\n<\/div>\n<\/div>\n<\/div>\n<\/div>\n<\/div>\n<\/div>\n<\/div>\n<\/div>\n<\/div>\n<\/div>\n<\/div>\n<\/div><\/div>\n\t\t\t\t<\/div>\n\t\t\t\t<\/div>\n\t\t\t\t\t\t<\/div>\n\t\t\t\t\t<\/div>\n\t\t<\/div>\n\t\t\t\t\t\t\t\t<\/div>\n\t\t\t\t\t<\/div>\n\t\t<\/section>\n\t\t\t\t<section class=\"elementor-section elementor-top-section elementor-element elementor-element-5fb0d5d elementor-section-boxed elementor-section-height-default elementor-section-height-default\" data-id=\"5fb0d5d\" data-element_type=\"section\">\n\t\t\t\t\t\t<div class=\"elementor-container elementor-column-gap-default\">\n\t\t\t\t\t\t\t<div class=\"elementor-row\">\n\t\t\t\t\t<div class=\"elementor-column elementor-col-100 elementor-top-column elementor-element elementor-element-e7fec5b\" data-id=\"e7fec5b\" data-element_type=\"column\">\n\t\t\t<div class=\"elementor-column-wrap elementor-element-populated\">\n\t\t\t\t\t\t\t<div class=\"elementor-widget-wrap\">\n\t\t\t\t\t\t<div class=\"elementor-element elementor-element-9fb5fc4 elementor-widget elementor-widget-text-editor\" data-id=\"9fb5fc4\" data-element_type=\"widget\" data-widget_type=\"text-editor.default\">\n\t\t\t\t<div class=\"elementor-widget-container\">\n\t\t\t\t\t<div class=\"elementor-text-editor elementor-clearfix\"><div class=\"page\" title=\"Page 15\"><div class=\"section\"><div class=\"layoutArea\"><div class=\"column\"><div class=\"page\" title=\"Page 24\"><div class=\"section\"><div class=\"layoutArea\"><div class=\"column\"><div class=\"page\" title=\"Page 24\"><div class=\"section\"><div class=\"layoutArea\"><div class=\"column\"><div class=\"page\" title=\"Page 24\"><div class=\"section\"><div class=\"layoutArea\"><div class=\"column\"><ul><li>Posteriormente, a los estudios realizados de Lenore Walker en el a\u00f1o 1979, estas tres fases fueron ampliadas por estudios posteriores, dando a conocer que entre las fases planteadas por Walker, se presentan dos m\u00e1s las cuales se detallan a continuaci\u00f3n:<\/li><\/ul><p style=\"padding-left: 80px;\"><b>&#8212; Fase I:<\/b> Fase de Inicio. Como hab\u00eda mencionado Walker se presenta una escalada gradual de tensi\u00f3n que se manifiesta en actos discretos que causan un incremento de la fricci\u00f3n, conductas desagradables y\/o abusos f\u00edsicos. El agresor expresa descontento, pero no de forma explosiva, sino m\u00e1s bien ejerce control sobre la v\u00edctima bajo signos de amor por ejemplo \u201chaz esto, es por tu bien\u201d \u201cno te pongas ropa provocativa\u201d, \u201cqu\u00e9date conmigo\u201d, mostrando m\u00e1s un papel protector, por lo que la mujer intenta sosegar al abusador haciendo lo necesario para complacerlo, tratando de calmarlo o que no se irrite m\u00e1s.<br \/><b>&#8212; Fase II:<\/b> Acumulaci\u00f3n de tensi\u00f3n. La tensi\u00f3n sigue en aumento, para evitar el peligro inminente la mujer permite el control, pero procura alejarse del agresor por temor a que explote inadvertidamente. El hombre est\u00e1 m\u00e1s agresivo sobre todo de palabra, al notarlo la mujer siente m\u00e1s miedo ante el peligro inminente.<br \/><b>&#8212; Fase III:<\/b> Explosi\u00f3n violenta. En esta fase, el incidente de maltrato grave se hace inevitable, sin necesidad de ninguna intervenci\u00f3n, se caracteriza por una descarga incontrolable de tensiones acumuladas, y se bombardea agresiones f\u00edsicas, verbales e incluso sexuales. En esta fase hay descontrol, puede romper objetos comunes o solo los de la mujer. En muchas ocasiones en esta fase puede intervenir la polic\u00eda ante el llamado de los\/as hijos\/as, de la propia mujer o de vecinos, pero la mujer al ver que el agresor se detiene la situaci\u00f3n cesa y puede volverse reconfortante.<br \/><b>&#8212; Fase IV: <\/b>Negaci\u00f3n. El agresor en muchas ocasiones niega que estos actos fueron realizados por voluntad propia, m\u00e1s al contrario culpabiliza que fueron realizados al no ser escuchado, o que la mujer lo llev\u00f3 a esto por no hacerle caso o por no cumplir lo que \u00e9l ped\u00eda, se\u00f1alando inclusive que fue por provocaci\u00f3n de la mujer, culpando al alcohol, al trabajo, los problemas econ\u00f3micos.<br \/><b>&#8212; Fase V:<\/b> Fase del arrepentimiento. Es una fase temporal, de aparente calma, arrepentimiento, con muestras de conductas de cari\u00f1o, de promesas e incluso regalos, muestra comportamiento de aparente cambio, se muestra cordial, amable y usualmente la mujer perdona la situaci\u00f3n vivenciada, teniendo la esperanza que la relaci\u00f3n va a mejorar, reforzando de manera positiva pero err\u00f3nea, ya que la mujer s\u00ed interpuso la denuncia, desiste del proceso.<\/p><\/div><\/div><\/div><\/div><\/div><\/div><\/div><\/div><\/div><\/div><\/div><\/div><\/div><\/div><\/div><\/div><\/div>\n\t\t\t\t<\/div>\n\t\t\t\t<\/div>\n\t\t\t\t\t\t<\/div>\n\t\t\t\t\t<\/div>\n\t\t<\/div>\n\t\t\t\t\t\t\t\t<\/div>\n\t\t\t\t\t<\/div>\n\t\t<\/section>\n\t\t\t\t<section class=\"elementor-section elementor-top-section elementor-element elementor-element-59bf0d1 elementor-section-boxed elementor-section-height-default elementor-section-height-default\" data-id=\"59bf0d1\" data-element_type=\"section\">\n\t\t\t\t\t\t<div class=\"elementor-container elementor-column-gap-default\">\n\t\t\t\t\t\t\t<div class=\"elementor-row\">\n\t\t\t\t\t<div class=\"elementor-column elementor-col-100 elementor-top-column elementor-element elementor-element-37d8a14\" data-id=\"37d8a14\" data-element_type=\"column\">\n\t\t\t<div class=\"elementor-column-wrap elementor-element-populated\">\n\t\t\t\t\t\t\t<div class=\"elementor-widget-wrap\">\n\t\t\t\t\t\t<div class=\"elementor-element elementor-element-79a16a2 elementor-widget elementor-widget-text-editor\" data-id=\"79a16a2\" data-element_type=\"widget\" data-widget_type=\"text-editor.default\">\n\t\t\t\t<div class=\"elementor-widget-container\">\n\t\t\t\t\t<div class=\"elementor-text-editor elementor-clearfix\"><div class=\"page\" title=\"Page 15\"><div class=\"section\"><div class=\"layoutArea\"><div class=\"column\"><div class=\"page\" title=\"Page 24\"><div class=\"section\"><div class=\"layoutArea\"><div class=\"column\"><div class=\"page\" title=\"Page 24\"><div class=\"section\"><div class=\"layoutArea\"><div class=\"column\"><div class=\"page\" title=\"Page 24\"><div class=\"section\"><div class=\"layoutArea\"><div class=\"column\"><ul><li><b>Amenazas. <\/b>Seg\u00fan la Organizaci\u00f3n Mundial de la Salud, la violencia es entendida como \u201cEl uso intencional de la fuerza o el poder f\u00edsico de hecho o como amenaza, contra uno mismo, otra persona o un grupo o comunidad, que cause o tenga muchas probabilidades de causar lesiones, muertes, da\u00f1o psicol\u00f3gico, trastornos del desarrollo o privaciones\u201d. La Recomendaci\u00f3n General No. 35 del Comit\u00e9 para la Eliminaci\u00f3n de la Discriminaci\u00f3n de la Mujer establece que la violencia en raz\u00f3n de g\u00e9nero contra las mujeres \u201cadopta m\u00faltiples formas, a saber: actos u omisiones destinados a causar o provocar la muerte o un da\u00f1o o sufrimiento f\u00edsico, sexual, psicol\u00f3gico o econ\u00f3mico para las mujeres, amenazas de tales actos, acoso, coacci\u00f3n y privaci\u00f3n arbitraria de la libertad\u201d.<\/li><\/ul><p style=\"padding-left: 40px;\">El marco relacional de la violencia al interior de la familia o en relaciones de (ex) pareja favorece que amenazas proferidas por el agresor hacia la v\u00edctima contengan, en s\u00ed mismas, suficiente entidad como para consider\u00e1rselas veraces y serias, siempre y cuando el contexto de violencia presente una relaci\u00f3n de abuso habitual. Si bien las amenazas pueden llegar a considerarse como manifestaci\u00f3n de la violencia psicol\u00f3gica su consideraci\u00f3n no puede restringirse a la verificaci\u00f3n de las consecuencias emocionales para tomarse en cuenta.<\/p><\/div><\/div><\/div><\/div><\/div><\/div><\/div><\/div><\/div><\/div><\/div><\/div><\/div><\/div><\/div><\/div><\/div>\n\t\t\t\t<\/div>\n\t\t\t\t<\/div>\n\t\t\t\t\t\t<\/div>\n\t\t\t\t\t<\/div>\n\t\t<\/div>\n\t\t\t\t\t\t\t\t<\/div>\n\t\t\t\t\t<\/div>\n\t\t<\/section>\n\t\t\t\t<section class=\"elementor-section elementor-top-section elementor-element elementor-element-1713766 elementor-section-boxed elementor-section-height-default elementor-section-height-default\" data-id=\"1713766\" data-element_type=\"section\">\n\t\t\t\t\t\t<div class=\"elementor-container elementor-column-gap-default\">\n\t\t\t\t\t\t\t<div class=\"elementor-row\">\n\t\t\t\t\t<div class=\"elementor-column elementor-col-100 elementor-top-column elementor-element elementor-element-b954c41\" data-id=\"b954c41\" data-element_type=\"column\">\n\t\t\t<div class=\"elementor-column-wrap elementor-element-populated\">\n\t\t\t\t\t\t\t<div class=\"elementor-widget-wrap\">\n\t\t\t\t\t\t<div class=\"elementor-element elementor-element-91a3d67 elementor-widget elementor-widget-text-editor\" data-id=\"91a3d67\" data-element_type=\"widget\" data-widget_type=\"text-editor.default\">\n\t\t\t\t<div class=\"elementor-widget-container\">\n\t\t\t\t\t<div class=\"elementor-text-editor elementor-clearfix\"><div class=\"page\" title=\"Page 15\"><div class=\"section\"><div class=\"layoutArea\"><div class=\"column\"><div class=\"page\" title=\"Page 24\"><div class=\"section\"><div class=\"layoutArea\"><div class=\"column\"><div class=\"page\" title=\"Page 24\"><div class=\"section\"><div class=\"layoutArea\"><div class=\"column\"><div class=\"page\" title=\"Page 24\"><div class=\"section\"><div class=\"layoutArea\"><div class=\"column\"><p><b>Con relaci\u00f3n a la v\u00edctima y grupos vulnerables<br \/><\/b>Con relaci\u00f3n a v\u00edctimas y grupos vulnerables se consideran definiciones importantes las contenidas en las Reglas de Brasilia respecto al Acceso a la Justicia de las Personas en Condiciones de Vulnerabilidad:<\/p><ul><li><b>V\u00edctima.<\/b> A efectos de las Reglas de Brasilia, sobre el Acceso a la Justicia de las Personas en Condici\u00f3n de Vulnerabilidad, se considera v\u00edctima toda persona f\u00edsica que ha sufrido un da\u00f1o ocasionado por una infracci\u00f3n penal, incluida tanto la lesi\u00f3n f\u00edsica o ps\u00edquica, como el sufrimiento moral y el perjuicio econ\u00f3mico. El t\u00e9rmino v\u00edctima tambi\u00e9n podr\u00e1 incluir, en su caso, a la familia inmediata o las personas que est\u00e1n a cargo de la v\u00edctima directa. Asimismo, el art\u00edculo 76 del C\u00f3digo de Procedimiento Penal modificado por la Ley No. 1173 considera como v\u00edctimas personales a las siguientes:<\/li><\/ul><p style=\"padding-left: 80px;\">1. Las personas directamente ofendidas por el delito.<\/p><p style=\"padding-left: 80px;\">2. Al c\u00f3nyuge o conviviente, a los parientes dentro del cuarto grado de<br \/>consanguinidad o segundo de afinidad, al hijo o padre adoptivo y al<br \/>heredero testamentario, en los delitos cuyo resultado sea la muerte<br \/>del ofendido.<\/p><ul><li><span style=\"font-size: 15px; color: var( --e-global-color-text );\"><b>Ni\u00f1as, ni\u00f1os y adolescentes v\u00edctimas y testigos. <\/b>Es toda persona menor de<\/span>18 a\u00f1os de edad que son v\u00edctimas o testigos de delitos, independiente de su rol en el delito o en la persecuci\u00f3n del posible delincuente o grupo de delincuentes.<\/li><li><b>Persona en situaci\u00f3n de vulnerabilidad.<\/b> Es toda aquella persona que, por raz\u00f3n de su edad, g\u00e9nero, estado f\u00edsico o mental, o por circunstancias sociales, econ\u00f3micas, \u00e9tnicas y\/o culturales, encuentran especiales dificultades para ejercitar con plenitud ante el sistema de justicia los derechos reconocidos por el ordenamiento jur\u00eddico. Podr\u00e1n constituir causas de vulnerabilidad, entre otras, las siguientes: la edad, la discapacidad, la pertenencia a comunidades ind\u00edgenas o minor\u00edas, la victimizaci\u00f3n, la migraci\u00f3n y el desplazamiento interno, la pobreza, el g\u00e9nero y la privaci\u00f3n de libertad. La concreta determinaci\u00f3n de las personas en condici\u00f3n de vulnerabilidad en cada pa\u00eds depender\u00e1 de sus caracter\u00edsticas espec\u00edficas o incluso su nivel de desarrollo social y econ\u00f3mico.<br \/><b>\u2022 Situaci\u00f3n de Violencia.<\/b> Es el conjunto de circunstancias y condiciones de agresi\u00f3n en las que se encuentra una mujer, en un momento determinado de su vida.<\/li><\/ul><\/div><\/div><\/div><\/div><\/div><\/div><\/div><\/div><\/div><\/div><\/div><\/div><\/div><\/div><\/div><\/div><\/div>\n\t\t\t\t<\/div>\n\t\t\t\t<\/div>\n\t\t\t\t\t\t<\/div>\n\t\t\t\t\t<\/div>\n\t\t<\/div>\n\t\t\t\t\t\t\t\t<\/div>\n\t\t\t\t\t<\/div>\n\t\t<\/section>\n\t\t\t\t<section class=\"elementor-section elementor-top-section elementor-element elementor-element-bf89abd elementor-section-boxed elementor-section-height-default elementor-section-height-default\" data-id=\"bf89abd\" data-element_type=\"section\">\n\t\t\t\t\t\t<div class=\"elementor-container elementor-column-gap-default\">\n\t\t\t\t\t\t\t<div class=\"elementor-row\">\n\t\t\t\t\t<div class=\"elementor-column elementor-col-100 elementor-top-column elementor-element elementor-element-74f982c\" data-id=\"74f982c\" data-element_type=\"column\">\n\t\t\t<div class=\"elementor-column-wrap elementor-element-populated\">\n\t\t\t\t\t\t\t<div class=\"elementor-widget-wrap\">\n\t\t\t\t\t\t<div class=\"elementor-element elementor-element-4c2a090 elementor-widget elementor-widget-text-editor\" data-id=\"4c2a090\" data-element_type=\"widget\" data-widget_type=\"text-editor.default\">\n\t\t\t\t<div class=\"elementor-widget-container\">\n\t\t\t\t\t<div class=\"elementor-text-editor elementor-clearfix\"><div class=\"page\" title=\"Page 15\"><div class=\"section\"><div class=\"layoutArea\"><div class=\"column\"><div class=\"page\" title=\"Page 24\"><div class=\"section\"><div class=\"layoutArea\"><div class=\"column\"><div class=\"page\" title=\"Page 24\"><div class=\"section\"><div class=\"layoutArea\"><div class=\"column\"><div class=\"page\" title=\"Page 24\"><div class=\"section\"><div class=\"layoutArea\"><div class=\"column\"><p><b>Con relaci\u00f3n a los derechos de las v\u00edctimas<\/b><\/p><p>De los est\u00e1ndares internacionales descritos, as\u00ed como de la jurisprudencia y la doctrina internacionales, se desprenden como est\u00e1ndares generales sobre el tratamiento de las v\u00edctimas por parte de los servicios de atenci\u00f3n, los siguientes:<\/p><p style=\"padding-left: 40px;\"><b>\u2022 Trato digno.<\/b> Todas las instancias de atenci\u00f3n y protecci\u00f3n a las v\u00edctimas deben respetar su dignidad y derechos en todas las etapas del proceso, garantiz\u00e1ndose su seguridad, privacidad, bienestar f\u00edsico y psicol\u00f3gico, as\u00ed como el de sus familias no debiendo ser objeto de malos tratos por parte del personal que las atienda.<\/p><p style=\"padding-left: 40px;\"><b>\u2022 Participaci\u00f3n.<\/b> Toda v\u00edctima tiene derecho a participar activamente en todas las etapas del proceso y a expresar libremente su criterio y opini\u00f3n sobre cualquier asunto y con sus propias palabras; tambi\u00e9n a contribuir y participar, especialmente en las decisiones que afecten su vida, incluyendo aquellas que se den dentro del proceso judicial y que esos puntos de vista sean tomados en cuenta. Para ello, la v\u00edctima debe ser informada de manera comprensible sobre para lo que debe recibir informaci\u00f3n relevante sobre su caso y sobre sus derechos y las actividades que debe realizar para ejercerlos a lo largo del proceso judicial, de modo que cuente con la informaci\u00f3n necesaria para la toma de las decisiones garantizando el efectivo acceso a la justicia.<\/p><p style=\"padding-left: 40px;\"><b>\u2022 Protecci\u00f3n y seguridad.<\/b> Las v\u00edctimas, sus familiares y testigos deben ser protegidas contra toda forma de intimidaci\u00f3n o represalia como consecuencia de sus denuncias, testimonios o participaci\u00f3n en procedimientos penales, antes, durante y despu\u00e9s del juicio. Deber\u00e1n adoptarse las medidas de protecci\u00f3n acorde a la especificidad de cada caso, el posible v\u00ednculo de la v\u00edctima con el agresor, la edad, sexo, cultura entre otras.<\/p><p style=\"padding-left: 40px;\"><b>\u2022 Privacidad y confidencialidad. <\/b>Las autoridades judiciales, servidoras y servidores p\u00fablicos, y el personal de instituciones privadas tienen la obligaci\u00f3n de mantener reserva y resguardar la identidad e imagen de la v\u00edctima, que se vea involucrada en cualquier tipo de proceso y de restringir el acceso a la documentaci\u00f3n sobre los mismos, salvo autorizaci\u00f3n expresa de la autoridad competente o de la v\u00edctima en el caso de las mujeres. Deben tambi\u00e9n protegerla de todas las formas de publicidad que pudiera afectar indebidamente su vida privada, su dignidad o exponerla a una revictimizaci\u00f3n o actos de intimidaci\u00f3n.<\/p><p style=\"padding-left: 40px;\"><b>\u2022 Derecho a un recurso efectivo.<\/b> Las v\u00edctimas y sus familiares tienen derecho a un recurso efectivo ante un tribunal competente, independiente e imparcial establecido por Ley, as\u00ed como a formular una denuncia penal, participar en los procedimientos penales y contar con la necesaria legitimidad procesal en los procedimientos penales.<\/p><p style=\"padding-left: 40px;\"><b>\u2022 Derecho a una investigaci\u00f3n eficaz. <\/b>Las v\u00edctimas y\/o sus familiares tienen derecho a una investigaci\u00f3n eficaz orientada a identificar a los responsables, as\u00ed como a su persecuci\u00f3n, captura y enjuiciamiento. Este derecho incluye que las v\u00edctimas puedan presentar, solicitar la pr\u00e1ctica e impugnar testimonios y pruebas, as\u00ed como a ser informadas de la investigaci\u00f3n y sus resultados, y a tener legitimaci\u00f3n procesal dentro del litigio.<\/p><p style=\"padding-left: 40px;\"><b>\u2022 Derecho al apoyo y asistencia.<\/b> Las v\u00edctimas y sus familiares tienen derecho a recibir el apoyo y la asistencia material, jur\u00eddica, m\u00e9dica, psicol\u00f3gica y social que sea necesaria, por conducto de los medios gubernamentales, comunitarios o sociales que los tengan disponibles. Estos servicios deber\u00e1n ser de f\u00e1cil acceso, competentes e id\u00f3neos, respetar la confidencialidad y ser pertinentes ling\u00fc\u00edstica y culturalmente.<\/p><p style=\"padding-left: 40px;\"><b>\u2022 Derecho a la reparaci\u00f3n y a conocer la verdad. <\/b>Las v\u00edctimas y sus familiares as\u00ed como toda otra persona que haya sufrido da\u00f1os y perjuicios como consecuencia del delito, tiene derecho a recibir reparaci\u00f3n. Reparaci\u00f3n es un t\u00e9rmino general que incluye diferentes formas de resarcimiento del da\u00f1o, entre ellas: la restituci\u00f3n, la indemnizaci\u00f3n, la rehabilitaci\u00f3n y la satisfacci\u00f3n, todas ellas pueden ser acumulativas seg\u00fan las especificidades del caso.<\/p><p style=\"padding-left: 40px;\"><b>\u2022 Derecho a la obtenci\u00f3n, en un plazo razonable, de una sentencia<\/b> que ordene la reparaci\u00f3n integral del da\u00f1o, material y moral, as\u00ed como que revele la verdad sobre el delito, los motivos y circunstancias en los que fue cometido y los perpetradores y su nivel de participaci\u00f3n. Derecho a impugnar la sentencia judicial ante un tribunal superior.<\/p><\/div><\/div><\/div><\/div><\/div><\/div><\/div><\/div><\/div><\/div><\/div><\/div><\/div><\/div><\/div><\/div><\/div>\n\t\t\t\t<\/div>\n\t\t\t\t<\/div>\n\t\t\t\t\t\t<\/div>\n\t\t\t\t\t<\/div>\n\t\t<\/div>\n\t\t\t\t\t\t\t\t<\/div>\n\t\t\t\t\t<\/div>\n\t\t<\/section>\n\t\t\t\t<section class=\"elementor-section elementor-top-section elementor-element elementor-element-9c5568b elementor-section-boxed elementor-section-height-default elementor-section-height-default\" data-id=\"9c5568b\" data-element_type=\"section\">\n\t\t\t\t\t\t<div class=\"elementor-container elementor-column-gap-default\">\n\t\t\t\t\t\t\t<div class=\"elementor-row\">\n\t\t\t\t\t<div class=\"elementor-column elementor-col-100 elementor-top-column elementor-element elementor-element-2a06469\" data-id=\"2a06469\" data-element_type=\"column\">\n\t\t\t<div class=\"elementor-column-wrap elementor-element-populated\">\n\t\t\t\t\t\t\t<div class=\"elementor-widget-wrap\">\n\t\t\t\t\t\t<div class=\"elementor-element elementor-element-57f545c elementor-widget elementor-widget-text-editor\" data-id=\"57f545c\" data-element_type=\"widget\" data-widget_type=\"text-editor.default\">\n\t\t\t\t<div class=\"elementor-widget-container\">\n\t\t\t\t\t<div class=\"elementor-text-editor elementor-clearfix\"><div class=\"page\" title=\"Page 15\"><div class=\"section\"><div class=\"layoutArea\"><div class=\"column\"><div class=\"page\" title=\"Page 24\"><div class=\"section\"><div class=\"layoutArea\"><div class=\"column\"><div class=\"page\" title=\"Page 24\"><div class=\"section\"><div class=\"layoutArea\"><div class=\"column\"><div class=\"page\" title=\"Page 24\"><div class=\"section\"><div class=\"layoutArea\"><div class=\"column\"><p><b>Con relaci\u00f3n a la discriminaci\u00f3n<\/b><\/p><p>Se discrimina cuando, con base en alguna distinci\u00f3n injustificada y arbitraria, relacionada con las caracter\u00edsticas de una persona o su pertenencia a alg\u00fan grupo espec\u00edfico, se realizan actos o conductas que niegan a las personas la igualdad de trato, produci\u00e9ndoles un da\u00f1o que puede traducirse en la anulaci\u00f3n o restricci\u00f3n del goce de sus derechos humanos.<\/p><p>La Ley No. 045 define la discriminaci\u00f3n como a \u201ctoda forma de distinci\u00f3n, exclusi\u00f3n, restricci\u00f3n o preferencia fundada en raz\u00f3n de sexo, color, edad, orientaci\u00f3n sexual e identidad de g\u00e9neros, origen, cultura, nacionalidad, ciudadan\u00eda, idioma, credo religioso, ideolog\u00eda, filiaci\u00f3n pol\u00edtica o filos\u00f3fica, estado civil, condici\u00f3n econ\u00f3mica, social o de salud, profesi\u00f3n, ocupaci\u00f3n u oficio, grado de instrucci\u00f3n, capacidades diferentes y\/o discapacidad f\u00edsica intelectual o sensorial, estado de embarazo, procedencia, apariencia f\u00edsica, vestimenta, apellido u otras que tengan por objetivo o resultado anular o menoscabar el reconocimiento, goce o ejercicio, en condiciones de igualdad, de derechos humanos y libertades fundamentales reconocidos por la Constituci\u00f3n Pol\u00edtica del Estado y el derecho internacional. No se considerar\u00e1 discriminaci\u00f3n a las medidas de acci\u00f3n afirmativa\u201d.<\/p><p>Algunas conductas basadas en la discriminaci\u00f3n o que se expresan a trav\u00e9s de ella de acuerdo a la Ley No. 045 son:<\/p><p style=\"padding-left: 80px;\"><b>&#8212; Misoginia.<\/b> Se entiende por misoginia cualquier conducta o comportamiento de odio manifiesto contra las mujeres o g\u00e9nero femenino, independientemente de la edad, origen y\/o grado de instrucci\u00f3n que logre o pretenda vulnerar directa o indirectamente los Derechos Humanos y los principios previsto en esta Ley.<\/p><p style=\"padding-left: 80px;\"><b>&#8212; Homofobia. <\/b>Se refiere a la aversi\u00f3n, odio, prejuicio o discriminaci\u00f3n contra hombres o mujeres homosexuales, tambi\u00e9n se incluye a las dem\u00e1s personas que integran a la diversidad sexual.<\/p><p style=\"padding-left: 80px;\"><b>&#8212; Transfobia. <\/b>Se entiende como la discriminaci\u00f3n hacia la transexualidad y las personas transexuales o transg\u00e9nero, basada en su identidad de g\u00e9nero.<\/p><p style=\"padding-left: 80px;\"><b>&#8212; Xenofobia. <\/b>Se entiende como el odio y rechazo al extranjero o extranjera, con manifestaciones que van desde el rechazo m\u00e1s o menos manifiesto, el desprecio y las amenazas, hasta las agresiones y diversas formas de violencia.<\/p><p>Respecto a la violencia contra ni\u00f1as, ni\u00f1as y adolescentes deben tomarse en cuenta las siguientes definiciones:<\/p><p style=\"padding-left: 40px;\"><b>\u2022 Adultocentrismo. <\/b>Destaca la superioridad de los adultos por sobre las generaciones j\u00f3venes y se\u00f1ala el acceso a ciertos privilegios por el solo hecho de ser adultos. Ser adulto es el modelo ideal de persona por el cual el sujeto puede integrarse, ser productivo y alcanzar el respeto de la sociedad.<\/p><p style=\"padding-left: 40px;\"><b>\u2022 Relaciones desiguales de poder entre las generaciones (entre adultos y ni\u00f1as, ni\u00f1os y adolescentes).<\/b> Las relaciones de poder entre los diferentes grupos de edad no son tradicionalmente igualitarias, est\u00e1n jerarquizadas. El adultocentrismo indica que existen relaciones de poder entre los diferentes grupos de edad que son asim\u00e9tricas en favor de los adultos, es decir, que estos se ubican en una posici\u00f3n de superioridad.<\/p><p>Con relaci\u00f3n a la discriminaci\u00f3n de g\u00e9nero debe tomarse en cuenta las siguientes definiciones:<\/p><p style=\"padding-left: 40px;\"><b>\u2022 Patriarcado: <\/b>Es la manifestaci\u00f3n y la institucionalizaci\u00f3n de dicho dominio sobre las mujeres y las hijas e hijos de \u00e9stas. Esto significa que son hombres los que detentan el poder en todas las instituciones de la sociedad, especialmente las regladas, aunque esto no implica que las mujeres carezcan de ning\u00fan poder o que est\u00e9n privadas totalmente de derechos, recursos e influencias. El patriarcado otorga un mayor acceso a los hombres que a las mujeres a los recursos de las estructuras de poder, tanto fuera como dentro de los hogares; en el \u00e1mbito p\u00fablico y en el privado.<\/p><p style=\"padding-left: 40px;\"><b>\u2022 Estereotipo de g\u00e9nero: <\/b>Es una imagen o idea com\u00fanmente aceptada en la que se atribuyen caracter\u00edsticas determinadas a cierto grupo o tipo de personas, que lleva a considerar a todos sus integrantes o a todas ellas como portadoras del mismo tipo de caracter\u00edsticas, sin que dicha atribuci\u00f3n obedezca a un an\u00e1lisis objetivo y concreto de las caracter\u00edsticas espec\u00edficas de la persona de que se trate. Se forma al atribuir caracter\u00edsticas generales a las y los integrantes de un grupo, con lo que no se concibe a las personas en funci\u00f3n de sus propias caracter\u00edsticas, sino de ideas generales, a veces exageradas y frecuentemente falsas, que giran en torno a la creencia de que todos los miembros del grupo son de una forma determinada.<\/p><p style=\"padding-left: 40px;\"><b>\u2022 Prejuicio de G\u00e9nero:<\/b> Se forma al juzgar a una persona con antelaci\u00f3n, es decir, prejuzgarla, emitir una opini\u00f3n o juicio \u2014generalmente desfavorable\u2014 sobre una persona a la que no se conoce, a partir de cualquier caracter\u00edstica o motivo superficial. Los prejuicios son una forma de juzgar lo distinto a nosotros sin conocerlo, considerando lo diferente como malo, err\u00f3neo, inaceptable o inadecuado.<\/p><p style=\"padding-left: 40px;\"><b>\u2022 Norma y rol de g\u00e9nero:<\/b> Las normas de g\u00e9nero son expectativas de la sociedad con respecto a actitudes y comportamientos aceptables para los hombres y para las mujeres, ya sea en la infancia, la juventud, la edad adulta, o las personas adultas mayores.<\/p><p style=\"padding-left: 40px;\"><b>\u2022 Relaciones desiguales de poder entre los g\u00e9neros: <\/b>La discriminaci\u00f3n contra la mujer, por el hecho de ser mujer se enmarca dentro de un sistema sociocultural de dominaci\u00f3n y subordinaci\u00f3n que se denomina patriarcado, sistema que se sustenta ideol\u00f3gicamente en preceptos androc\u00e9ntricos \u2013 mirada masculina del universo\u2013 que legitiman pr\u00e1cticas de discriminaci\u00f3n y de violencia, basada en los roles atribuidos como naturales y biol\u00f3gicos de unos y otros y en el discurso de superioridad de los masculino, sobre los femenino que busca, a su vez controlarlas y mantenerlas dentro del modelo que el patriarcado ha querido imponerles. Cuando se habla de una relaci\u00f3n de poder no, necesariamente, se hace referencia a una relaci\u00f3n pre existente al hecho violento entre v\u00edctima y agresor si no que \u00e9ste implica un hecho de ejercicio de poder que utiliza la violencia como instrumento de control, se manifiesta en conductas dirigidas a afectar, comprometer o limitar el libre desenvolvimiento de la personalidad de la mujer por razones de g\u00e9nero, como en los casos de violencia sexual por lo que ella puede ser ejercida por un desconocido.<\/p><p style=\"padding-left: 40px;\"><b>\u2022 Subordinaci\u00f3n de la mujer: <\/b>Sometimiento de la mujer al control y dependencia del var\u00f3n. P\u00e9rdida del control de la mujer sobre diversos aspectos de su vida tales como: sexualidad, su capacidad reproductiva, su capacidad de trabajo, entre otros aspectos. La subordinaci\u00f3n de la mujer se evidencia en:<\/p><p style=\"padding-left: 80px;\">a) Subordinaci\u00f3n econ\u00f3mica que se manifiesta como trabajo no remunerado, falta de acceso a capital y tecnolog\u00eda, desigualdades en materia salarial, discriminaci\u00f3n ocupacional;<\/p><p style=\"padding-left: 80px;\">b) Subordinaci\u00f3n pol\u00edtica que se manifiesta como aislamiento f\u00edsico en la unidad dom\u00e9stica, falta de poder econ\u00f3mico, estructura familiar dictatorial, bajo grado de participaci\u00f3n en organizaciones de masa, falta de representaci\u00f3n en instancias pol\u00edticas, dependencia en \u00f3rganos pol\u00edticos;<\/p><p style=\"padding-left: 80px;\">c) Subordinaci\u00f3n cultural que se experimenta en discriminaci\u00f3n educativa, desvalorizaci\u00f3n de la mujer, trato de la mujer como objeto sexual y unidimensional como madre, limitaciones para el control de la natalidad.<\/p><p style=\"padding-left: 40px;\"><span style=\"color: var( --e-global-color-text ); font-size: 15px;\"><b>\u2022 Sexismo: <\/b>Conjunto de actitudes, comportamientos y valores que se\u00a0<\/span><span style=\"font-size: 15px; color: var( --e-global-color-text );\">fundamentan, m\u00e1s o menos inconscientemente, en una concepci\u00f3n de las\u00a0<\/span><span style=\"font-size: 15px; color: var( --e-global-color-text );\">mujeres como seres inferiores o subordinados. El sexismo es una actitud\u00a0<\/span><span style=\"font-size: 15px; color: var( --e-global-color-text );\">derivada de la supremac\u00eda masculina, se basa en la hegemon\u00eda de los\u00a0<\/span><span style=\"font-size: 15px; color: var( --e-global-color-text );\">hombres y en todas aquellas creencias que la respaldan y la legitiman.<\/span><\/p><p style=\"padding-left: 40px;\"><span style=\"font-size: 15px; color: var( --e-global-color-text );\"><b>\u2022 Familismo:<\/b> Esta situaci\u00f3n es producto de las concepciones tradicionales,\u00a0<\/span><span style=\"font-size: 15px; color: var( --e-global-color-text );\">que ubican a la mujer como \u00fanica responsable del cuidado del hogar. De\u00a0<\/span><span style=\"font-size: 15px; color: var( --e-global-color-text );\">acuerdo a las costumbres predominantes en las sociedades tradicionales, el\u00a0<\/span><span style=\"font-size: 15px; color: var( --e-global-color-text );\">deber ser de la mujer era ser madre y dedicarse a la familia, el cumplimiento\u00a0<\/span><span style=\"font-size: 15px; color: var( --e-global-color-text );\">de estos roles suele utilizarse para justificar la violencia.<\/span><\/p><p>Algunos hechos de violencia contra ni\u00f1as, ni\u00f1os, adolescentes y mujeres est\u00e1n dirigidos contra ellos por orientaci\u00f3n sexual e identidad de g\u00e9nero, algunas definiciones relevantes al respecto son las siguientes:<\/p><p style=\"padding-left: 40px;\"><b>\u2022 Cr\u00edmenes de odio: <\/b>Los cr\u00edmenes de odio son aquellos actos criminales motivados por prejuicio basado en una caracter\u00edstica protegida, como raza, religi\u00f3n, etnicidad, origen nacional, orientaci\u00f3n sexual, g\u00e9nero,\u00a0<span style=\"font-size: 15px; color: var( --e-global-color-text );\">identidad de g\u00e9nero, discapacidad u otros estatus. Esta agresi\u00f3n tiene la\u00a0<\/span><span style=\"font-size: 15px; color: var( --e-global-color-text );\">intenci\u00f3n de causar da\u00f1os graves o muerte a la v\u00edctima, y est\u00e1 basada en el\u00a0<\/span><span style=\"font-size: 15px; color: var( --e-global-color-text );\">rechazo, desprecio, odio y\/o discriminaci\u00f3n hacia un colectivo de personas\u00a0<\/span><span style=\"font-size: 15px; color: var( --e-global-color-text );\">hist\u00f3ricamente vulneradas y\/o discriminadas, siendo en este caso nuestro\u00a0<\/span><span style=\"font-size: 15px; color: var( --e-global-color-text );\">objeto de relevamiento y observaci\u00f3n el colectivo de personas lesbianas,\u00a0<\/span><span style=\"font-size: 15px; color: var( --e-global-color-text );\">gay, bisexuales, transexuales e intersexuales (LGBTIQ+).<\/span><\/p><p style=\"padding-left: 40px;\"><span style=\"font-size: 15px; color: var( --e-global-color-text );\"><b>\u2022 Diversidad sexual y de g\u00e9nero:<\/b> Es un t\u00e9rmino que se utiliza com\u00fanmente\u00a0<\/span><span style=\"font-size: 15px; color: var( --e-global-color-text );\">para referirse a todas aquellas personas que escapan al binarismo sexual\u00a0<\/span><span style=\"font-size: 15px; color: var( --e-global-color-text );\">(hombre\/mujer) y a la heteronormatividad; refleja la diversidad en\u00a0<\/span><span style=\"font-size: 15px; color: var( --e-global-color-text );\">t\u00e9rminos afectivos a partir de otros tipos de orientaci\u00f3n sexual diferentes al\u00a0<\/span><span style=\"font-size: 15px; color: var( --e-global-color-text );\">heterosexual, y tambi\u00e9n identidades de g\u00e9nero diversas que a veces no se\u00a0<\/span><span style=\"font-size: 15px; color: var( --e-global-color-text );\">adec\u00faan a lo que generalmente consideramos como femenino o masculino.\u00a0<\/span><span style=\"font-size: 15px; color: var( --e-global-color-text );\">Cada ser humano expresa y vive su sexualidad de manera personal e <\/span><span style=\"font-size: 15px; color: var( --e-global-color-text );\">individual.<\/span><\/p><p style=\"padding-left: 40px;\"><span style=\"font-size: 15px; color: var( --e-global-color-text );\"><b>\u2022 Identidad de g\u00e9nero:<\/b> Es la vivencia interna y personal que cada uno tiene\u00a0<\/span><span style=\"font-size: 15px; color: var( --e-global-color-text );\">respecto a los roles de g\u00e9nero. La mayor\u00eda de las personas sienten que su\u00a0<\/span><span style=\"font-size: 15px; color: var( --e-global-color-text );\">identidad de g\u00e9nero se corresponde con su sexo de nacimiento; o sea que nacieron hombres y se perciben a s\u00ed mismos como tales o nacieron mujeres y se perciben a s\u00ed mismas como tales. Sin embargo, existen muchas otras personas que se identifican con el g\u00e9nero opuesto a su sexo de nacimiento. Este es el caso de personas transexuales y transg\u00e9nero, en las cuales la identidad de g\u00e9nero que asumen corresponde a su sexo psicol\u00f3gico y no a su sexo f\u00edsico, y desean ser respetados, nombrados y vistos seg\u00fan esa identidad de g\u00e9nero.<\/span><\/p><p style=\"padding-left: 40px;\"><span style=\"font-size: 15px; color: var( --e-global-color-text );\"><b>\u2022 Orientaci\u00f3n sexual: <\/b>Es la atracci\u00f3n emocional, f\u00edsica, sexual y afectiva que una persona siente por otra. Esta atracci\u00f3n puede dirigirse a personas del sexo opuesto, a personas del mismo sexo o a personas de ambos sexos. La orientaci\u00f3n sexual no es una elecci\u00f3n personal; es algo que surge espont\u00e1neamente en cada persona como parte de su personalidad y sexualidad, y por lo tanto no puede ser cambiada por decisi\u00f3n ni por imposici\u00f3n. La orientaci\u00f3n sexual es solo una parte de la vida personal de cada ser humano y no determina sus capacidades, habilidades, etc. y no deber\u00eda ser un factor relevante en el reconocimiento de sus derechos humanos.<br \/>Algunas otras definiciones importantes se encuentran desarrolladas en la Ley de Identidad de G\u00e9nero.<\/span><\/p><\/div><\/div><\/div><\/div><\/div><\/div><\/div><\/div><\/div><\/div><\/div><\/div><\/div><\/div><\/div><\/div><\/div>\n\t\t\t\t<\/div>\n\t\t\t\t<\/div>\n\t\t\t\t\t\t<\/div>\n\t\t\t\t\t<\/div>\n\t\t<\/div>\n\t\t\t\t\t\t\t\t<\/div>\n\t\t\t\t\t<\/div>\n\t\t<\/section>\n\t\t\t\t<section class=\"elementor-section elementor-top-section elementor-element elementor-element-eee332f elementor-section-boxed elementor-section-height-default elementor-section-height-default\" data-id=\"eee332f\" data-element_type=\"section\">\n\t\t\t\t\t\t<div class=\"elementor-container elementor-column-gap-default\">\n\t\t\t\t\t\t\t<div class=\"elementor-row\">\n\t\t\t\t\t<div class=\"elementor-column elementor-col-100 elementor-top-column elementor-element elementor-element-4b52b6c\" data-id=\"4b52b6c\" data-element_type=\"column\">\n\t\t\t<div class=\"elementor-column-wrap elementor-element-populated\">\n\t\t\t\t\t\t\t<div class=\"elementor-widget-wrap\">\n\t\t\t\t\t\t<div class=\"elementor-element elementor-element-ca7948c elementor-widget elementor-widget-text-editor\" data-id=\"ca7948c\" data-element_type=\"widget\" data-widget_type=\"text-editor.default\">\n\t\t\t\t<div class=\"elementor-widget-container\">\n\t\t\t\t\t<div class=\"elementor-text-editor elementor-clearfix\"><div class=\"page\" title=\"Page 15\"><div class=\"section\"><div class=\"layoutArea\"><div class=\"column\"><div class=\"page\" title=\"Page 24\"><div class=\"section\"><div class=\"layoutArea\"><div class=\"column\"><div class=\"page\" title=\"Page 24\"><div class=\"section\"><div class=\"layoutArea\"><div class=\"column\"><div class=\"page\" title=\"Page 24\"><div class=\"section\"><div class=\"layoutArea\"><div class=\"column\"><p><b>Con relaci\u00f3n a la no revictimizaci\u00f3n<\/b><\/p><p style=\"padding-left: 40px;\">\u2022 La revictimizaci\u00f3n es el conjunto de acciones u omisiones que generan en la v\u00edctima un recuerdo victimizante (recordar y revivir lo ocurrido en el momento del hecho delictivo) o que generen un da\u00f1o o un perjuicio adicional a los da\u00f1os derivados del momento de la comisi\u00f3n del delito. Es altamente ofensivo para la persona, pues se generan estados de ansiedad, estr\u00e9s o angustia que afectan a su vida cotidiana.<\/p><p>Las siguientes conductas son ejemplos de acciones revictimizantes que no debieran producirse durante la atenci\u00f3n a las v\u00edctimas de violencia:<\/p><p style=\"padding-left: 40px;\">\u2022 Brindarle una mala atenci\u00f3n o actuar negligentemente.<\/p><p style=\"padding-left: 40px;\">\u2022 No priorizar la atenci\u00f3n a v\u00edctimas, especialmente, vulnerables por su condici\u00f3n de edad, discapacidad, estado de salud, etc.<\/p><p style=\"padding-left: 40px;\">\u2022 Demorar injustificadamente la atenci\u00f3n a la v\u00edctima, negarle el servicio o derivarla a otra instancia indebidamente.<\/p><p style=\"padding-left: 40px;\">\u2022 Realizar m\u00e1s de una entrevista o m\u00e1s de una declaraci\u00f3n.<\/p><p style=\"padding-left: 40px;\">\u2022 Tomar fotograf\u00edas innecesarias o impertinentes de la v\u00edctima.<\/p><p style=\"padding-left: 40px;\">\u2022 Emplear una actitud (verbal, no verbal y de comportamiento) acusadora o culpabilizante hacia la v\u00edctima.<\/p><p style=\"padding-left: 40px;\">\u2022 Descalificar o restar cr\u00e9dito a su palabra, poniendo en duda su denuncia o declaraci\u00f3n.<\/p><p style=\"padding-left: 40px;\">\u2022 Minimizar los hechos sucedidos, anticipar presunciones sobre las circunstancias, causas y consecuencias de la violencia.<\/p><p style=\"padding-left: 40px;\">\u2022 Estigmatizar a la v\u00edctima de un delito.<\/p><p style=\"padding-left: 40px;\">\u2022 No aplicar la escucha activa, al no prestarle atenci\u00f3n o interrumpiendo innecesariamente su relato.<\/p><p style=\"padding-left: 40px;\">\u2022 Utilizar un vocabulario o lenguaje t\u00e9cnico con la v\u00edctima o esperar que ella lo utilice.<\/p><p style=\"padding-left: 40px;\">\u2022 No brindar la atenci\u00f3n integral y el acompa\u00f1amiento que requiera durante todo el proceso.<\/p><p style=\"padding-left: 40px;\">\u2022 Cuestionar o exponer la vida \u00edntima o sexual de la v\u00edctima.<\/p><p style=\"padding-left: 40px;\">\u2022 No brindar informaci\u00f3n adecuada a la v\u00edctima directa o indirecta.<\/p><p style=\"padding-left: 40px;\">\u2022 Solicitar a la v\u00edctima realizar notificaciones.<\/p><p style=\"padding-left: 40px;\">\u2022 Exponer a la v\u00edctima a la escena de los hechos innecesariamente, cuando no se toman los recaudos necesarios para evitar su sufrimiento.<\/p><p style=\"padding-left: 40px;\">\u2022 No tomar los recaudos necesarios para evitar el encuentro entre v\u00edctima y el agresor.<\/p><p style=\"padding-left: 40px;\">\u2022 Transferir a la v\u00edctima los costos de investigaciones u otras actuaciones.<\/p><p style=\"padding-left: 40px;\">\u2022 No respetar la reserva o confidencialidad sobre aspectos que hacen la privacidad o intimidad de la v\u00edctima probando su exposici\u00f3n p\u00fablica.<\/p><p style=\"padding-left: 40px;\">\u2022 Tomar decisiones a nombre de la v\u00edctima o ignorar sus decisiones,\u00a0<span style=\"font-size: 15px; color: var( --e-global-color-text );\">independientemente de su edad.<\/span><\/p><p style=\"padding-left: 40px;\"><span style=\"font-size: 15px; color: var( --e-global-color-text );\">\u2022 Incumplir, de cualquier manera, con el deber de debida diligencia.<\/span><\/p><\/div><\/div><\/div><\/div><\/div><\/div><\/div><\/div><\/div><\/div><\/div><\/div><\/div><\/div><\/div><\/div><\/div>\n\t\t\t\t<\/div>\n\t\t\t\t<\/div>\n\t\t\t\t\t\t<\/div>\n\t\t\t\t\t<\/div>\n\t\t<\/div>\n\t\t\t\t\t\t\t\t<\/div>\n\t\t\t\t\t<\/div>\n\t\t<\/section>\n\t\t\t\t<section class=\"elementor-section elementor-top-section elementor-element elementor-element-069edfc elementor-section-boxed elementor-section-height-default elementor-section-height-default\" data-id=\"069edfc\" data-element_type=\"section\">\n\t\t\t\t\t\t<div class=\"elementor-container elementor-column-gap-default\">\n\t\t\t\t\t\t\t<div class=\"elementor-row\">\n\t\t\t\t\t<div class=\"elementor-column elementor-col-100 elementor-top-column elementor-element elementor-element-b4e2946\" data-id=\"b4e2946\" data-element_type=\"column\">\n\t\t\t<div class=\"elementor-column-wrap elementor-element-populated\">\n\t\t\t\t\t\t\t<div class=\"elementor-widget-wrap\">\n\t\t\t\t\t\t<div class=\"elementor-element elementor-element-7f86b99 elementor-widget elementor-widget-text-editor\" data-id=\"7f86b99\" data-element_type=\"widget\" data-widget_type=\"text-editor.default\">\n\t\t\t\t<div class=\"elementor-widget-container\">\n\t\t\t\t\t<div class=\"elementor-text-editor elementor-clearfix\"><b>Con relaci\u00f3n a la atenci\u00f3n, protecci\u00f3n, sanci\u00f3n y reparaci\u00f3n del da\u00f1o<\/b>\n\nEn la atenci\u00f3n a v\u00edctimas se deber\u00e1 tener en cuenta los siguientes t\u00e9rminos:\n<p style=\"padding-left: 40px;\"><b>\u2022 Asistencia.<\/b> Refiere principalmente a escuchar a la v\u00edctima y reconocer las necesidades prioridades requeridas, de \u00e9sta o de su entorno. Este proceso en un primer momento, no implica someter a la v\u00edctima a un interrogatorio o valoraci\u00f3n.<\/p>\n<p style=\"padding-left: 40px;\"><b>\u2022 Atenci\u00f3n Integral.<\/b> Es la acci\u00f3n coordinada de proporcionar medios para la satisfacci\u00f3n de las necesidades prioritarias de salud, seguridad, bienestar, psicol\u00f3gicas y legal de las v\u00edctimas. La integralidad de la atenci\u00f3n brindada est\u00e1 concebida como un todo sist\u00e9mico, es decir que, no consiste en la mera suma de los servicios a los que las mujeres pueden acceder, sino que asegura que para cada v\u00edctima de violencia, se determinaran los servicios y apoyos necesarios en funci\u00f3n de su caso espec\u00edfico y se ofrecer\u00e1n en forma coordinada e integral.<\/p>\n<p style=\"padding-left: 40px;\"><b>\u2022 Atenci\u00f3n terap\u00e9utica. <\/b>La atenci\u00f3n especializada por un profesional en psicolog\u00eda incluye un plan de sesiones terap\u00e9uticas destinadas a superar el hecho violento y promover la resiliencia y la reintegraci\u00f3n a la vida cotidiana, reduciendo al mismo el impacto del hecho traum\u00e1tico. Esta intervenci\u00f3n trat\u00e1ndose de NNA debe abarcar tanto a v\u00edctima como a su familia.<\/p>\n<p style=\"padding-left: 40px;\"><b>\u2022 Protecci\u00f3n. <\/b>Consiste en adoptar medidas mediatas e inmediatas para resguardar la integridad f\u00edsica, psicol\u00f3gica y emocional de la v\u00edctima, testigos y su entorno.<\/p>\n<p style=\"padding-left: 40px;\"><b>\u2022 Intervenci\u00f3n en crisis.<\/b> La intervenci\u00f3n en crisis es el proceso de ayuda dirigida a auxiliar a una persona para soportar un suceso traum\u00e1tico, de modo que la probabilidad de debilitar los efectos se aminore.<\/p>\n<p style=\"padding-left: 40px;\"><b>\u2022 Acompa\u00f1amiento.<\/b> Es el apoyo que se debe otorgar a las v\u00edctimas de violencia desde el momento que tienen contacto con las instituciones; para garantizar que la misma no se encuentre sola y desorientada en las diferentes actuaciones procesales.<\/p>\n<p style=\"padding-left: 40px;\"><b>\u2022 Valoraci\u00f3n de riesgo.<\/b> La valoraci\u00f3n del riesgo de violencia es un proceso de reuni\u00f3n de informaci\u00f3n sobre los antecedentes de la violencia, la v\u00edctima y el agresor, dirigido a la toma de decisiones en materia de seguridad, en funci\u00f3n del riesgo de que se vuelva a producir un acto violento. Es decir, es un proceso que debe contemplar como fin \u00faltimo la gesti\u00f3n y la prevenci\u00f3n de la conducta violenta.<\/p>\n<p style=\"padding-left: 40px;\"><b>\u2022 Medidas de protecci\u00f3n<a class=\"tooltips\" title=\"Revisar los dict\u00e1menes en los casos Caso \u015eahide Goekce (fallecida) vs. Austria, Caso Fatma Yildirim (fallecida) vs. Austria. Tambi\u00e9n el Caso Jessica Lenahan (Gonzales) y otros Vs. Estados Unidos de la CIDH y la SCP 033\/2013.\"><sup>72<\/sup><\/a>.<\/b> Las medidas de protecci\u00f3n son mecanismos que buscan brindar apoyo y protecci\u00f3n a las v\u00edctimas de las agresiones e impedir la continuaci\u00f3n de \u00e9stas. Asimismo, buscan que la v\u00edctima se sienta tranquila y pueda gradualmente volver a su vida normal.<\/p>\n<p style=\"padding-left: 40px;\">De acuerdo a la Ley No. 348 (Art. 32) las medidas de protecci\u00f3n tienen por objeto interrumpir e impedir un hecho de violencia contra las mujeres, o garantizar, en caso de que \u00e9ste se haya consumado, que se realice la investigaci\u00f3n, procesamiento y sanci\u00f3n correspondiente. La Ley No. 548 (Art. 168) establece que las medidas de protecci\u00f3n son \u00f3rdenes de cumplimiento obligatorio, emanadas de la Jueza o Juez P\u00fablico en materia de Ni\u00f1ez y Adolescencia, frente a una amenaza o vulneraci\u00f3n de los derechos de ni\u00f1as, ni\u00f1os o adolescentes.<\/p>\n<p style=\"padding-left: 40px;\">Por su parte, la Ley No. 1173 (Art. 14) establece que las medidas de protecci\u00f3n son aquellas que tienen por fin evitar que el hecho produzca mayores consecuencias, que se cometan nuevos hechos de violencia, reducir la situaci\u00f3n de vulnerabilidad de la v\u00edctima y otorgarle el auxilio y protecci\u00f3n indispensable en resguardo de su integridad, ellas pueden ser dispuestas con car\u00e1cter de urgencia habi\u00e9ndose establecido la situaci\u00f3n de riesgo en la que se encuentra la v\u00edctima y cuando las circunstancias del caso exijan la inmediata protecci\u00f3n a su integridad.<\/p>\n<p style=\"padding-left: 40px;\"><b>\u2022 Reparaci\u00f3n integral del da\u00f1o<a class=\"tooltips\" title=\"Revisar en jurisprudencia la SCP 0019\/2018-S2 y el Caso campo Algodonero.\"><sup>73<\/sup><\/a>.<\/b> Consiste en satisfacer los intereses y necesidades de la v\u00edctima, reparar el perjuicio que se le haya causado a trav\u00e9s de la violencia e impedir que se le siga haciendo da\u00f1o en el futuro. Los procesos reparadores deben tomar en consideraci\u00f3n las caracter\u00edsticas y necesidades particulares de las v\u00edctimas y las condiciones de vulnerabilidad adicionales que les afecten.<\/p><\/div>\n\t\t\t\t<\/div>\n\t\t\t\t<\/div>\n\t\t\t\t\t\t<\/div>\n\t\t\t\t\t<\/div>\n\t\t<\/div>\n\t\t\t\t\t\t\t\t<\/div>\n\t\t\t\t\t<\/div>\n\t\t<\/section>\n\t\t\t\t<section class=\"elementor-section elementor-top-section elementor-element elementor-element-113a3f0 elementor-section-boxed elementor-section-height-default elementor-section-height-default\" data-id=\"113a3f0\" data-element_type=\"section\">\n\t\t\t\t\t\t<div class=\"elementor-container elementor-column-gap-default\">\n\t\t\t\t\t\t\t<div class=\"elementor-row\">\n\t\t\t\t\t<div class=\"elementor-column elementor-col-100 elementor-top-column elementor-element elementor-element-65d8e86\" data-id=\"65d8e86\" data-element_type=\"column\">\n\t\t\t<div class=\"elementor-column-wrap elementor-element-populated\">\n\t\t\t\t\t\t\t<div class=\"elementor-widget-wrap\">\n\t\t\t\t\t\t<div class=\"elementor-element elementor-element-34f47e8 elementor-widget elementor-widget-text-editor\" data-id=\"34f47e8\" data-element_type=\"widget\" data-widget_type=\"text-editor.default\">\n\t\t\t\t<div class=\"elementor-widget-container\">\n\t\t\t\t\t<div class=\"elementor-text-editor elementor-clearfix\"><p><b>Con relaci\u00f3n a la impunidad y el incumplimiento de deberes<\/b><\/p><p style=\"padding-left: 40px;\"><strong>\u2022 Impunidad.<\/strong> Se entiende la inexistencia de hecho o de derecho, de responsabilidad penal por parte de los autores de violaciones, as\u00ed como de responsabilidad civil, administrativa o disciplinaria, porque escapan a toda investigaci\u00f3n con miras a su inculpaci\u00f3n, detenci\u00f3n, procesamiento y, en caso de ser reconocidos culpables, condena a penas apropiadas, incluso a la indemnizaci\u00f3n del da\u00f1o causado a sus v\u00edctimas.<\/p><p style=\"padding-left: 40px;\"><strong>\u2022 Incumplimiento de deberes de protecci\u00f3n. <\/strong>La Ley No.348 ha incorporado en el C\u00f3digo Penal el delito de Incumplimiento de Deberes de Protecci\u00f3n a Mujeres en situaci\u00f3n de Violencia por el que la servidora o servidor p\u00fablico que mediante acci\u00f3n u omisi\u00f3n en ejercicio de una funci\u00f3n p\u00fablica propicie la impunidad u obstaculice la investigaci\u00f3n de delitos de violencia contra las mujeres, recibir\u00e1 sanci\u00f3n alternativa de trabajos comunitarios de noventa (90) d\u00edas a ciento veinte (120) d\u00edas e inhabilitaci\u00f3n de uno (1) a cuatro (4) a\u00f1os para el ejercicio de la funci\u00f3n p\u00fablica.<\/p><\/div>\n\t\t\t\t<\/div>\n\t\t\t\t<\/div>\n\t\t\t\t\t\t<\/div>\n\t\t\t\t\t<\/div>\n\t\t<\/div>\n\t\t\t\t\t\t\t\t<\/div>\n\t\t\t\t\t<\/div>\n\t\t<\/section>\n\t\t\t\t<section class=\"elementor-section elementor-top-section elementor-element elementor-element-1af1474 elementor-section-boxed elementor-section-height-default elementor-section-height-default\" data-id=\"1af1474\" data-element_type=\"section\">\n\t\t\t\t\t\t<div class=\"elementor-container elementor-column-gap-default\">\n\t\t\t\t\t\t\t<div class=\"elementor-row\">\n\t\t\t\t\t<div class=\"elementor-column elementor-col-100 elementor-top-column elementor-element elementor-element-21bc196\" data-id=\"21bc196\" data-element_type=\"column\">\n\t\t\t<div class=\"elementor-column-wrap elementor-element-populated\">\n\t\t\t\t\t\t\t<div class=\"elementor-widget-wrap\">\n\t\t\t\t\t\t<div class=\"elementor-element elementor-element-83ee917 elementor-widget elementor-widget-text-editor\" data-id=\"83ee917\" data-element_type=\"widget\" data-widget_type=\"text-editor.default\">\n\t\t\t\t<div class=\"elementor-widget-container\">\n\t\t\t\t\t<div class=\"elementor-text-editor elementor-clearfix\"><p><b>Con relaci\u00f3n a la impunidad y el incumplimiento de deberes<\/b><\/p><p style=\"padding-left: 40px;\"><strong>\u2022 Impunidad.<\/strong> Se entiende la inexistencia de hecho o de derecho, de responsabilidad penal por parte de los autores de violaciones, as\u00ed como de responsabilidad civil, administrativa o disciplinaria, porque escapan a toda investigaci\u00f3n con miras a su inculpaci\u00f3n, detenci\u00f3n, procesamiento y, en caso de ser reconocidos culpables, condena a penas apropiadas, incluso a la indemnizaci\u00f3n del da\u00f1o causado a sus v\u00edctimas.<\/p><p style=\"padding-left: 40px;\"><strong>\u2022 Incumplimiento de deberes de protecci\u00f3n. <\/strong>La Ley No.348 ha incorporado en el C\u00f3digo Penal el delito de Incumplimiento de Deberes de Protecci\u00f3n a Mujeres en situaci\u00f3n de Violencia por el que la servidora o servidor p\u00fablico que mediante acci\u00f3n u omisi\u00f3n en ejercicio de una funci\u00f3n p\u00fablica propicie la impunidad u obstaculice la investigaci\u00f3n de delitos de violencia contra las mujeres, recibir\u00e1 sanci\u00f3n alternativa de trabajos comunitarios de noventa (90) d\u00edas a ciento veinte (120) d\u00edas e inhabilitaci\u00f3n de uno (1) a cuatro (4) a\u00f1os para el ejercicio de la funci\u00f3n p\u00fablica.<\/p><\/div>\n\t\t\t\t<\/div>\n\t\t\t\t<\/div>\n\t\t\t\t\t\t<\/div>\n\t\t\t\t\t<\/div>\n\t\t<\/div>\n\t\t\t\t\t\t\t\t<\/div>\n\t\t\t\t\t<\/div>\n\t\t<\/section>\n\t\t\t\t<section class=\"elementor-section elementor-top-section elementor-element elementor-element-f3b9315 elementor-section-boxed elementor-section-height-default elementor-section-height-default\" data-id=\"f3b9315\" data-element_type=\"section\">\n\t\t\t\t\t\t<div class=\"elementor-container elementor-column-gap-default\">\n\t\t\t\t\t\t\t<div class=\"elementor-row\">\n\t\t\t\t\t<div class=\"elementor-column elementor-col-100 elementor-top-column elementor-element elementor-element-3374bab\" data-id=\"3374bab\" data-element_type=\"column\">\n\t\t\t<div class=\"elementor-column-wrap elementor-element-populated\">\n\t\t\t\t\t\t\t<div class=\"elementor-widget-wrap\">\n\t\t\t\t\t\t<div class=\"elementor-element elementor-element-e60da64 elementor-widget elementor-widget-text-editor\" data-id=\"e60da64\" data-element_type=\"widget\" data-widget_type=\"text-editor.default\">\n\t\t\t\t<div class=\"elementor-widget-container\">\n\t\t\t\t\t<div class=\"elementor-text-editor elementor-clearfix\"><p><b>Tomando los est\u00e1ndares internacionales de acceso a la justicia<\/b><\/p><p style=\"padding-left: 40px;\">Toda obstaculizaci\u00f3n a la labor de la justicia realizada por agentes del Estado o cuando medie su apoyo, tolerancia o aquiescencia, constituye una violaci\u00f3n del deber del Estado de garantizar los derechos humanos. En definitiva, la obstaculizaci\u00f3n a la labor de la justicia busca como resultado la impunidad, es decir, que la investigaci\u00f3n no d\u00e9 como resultado la sanci\u00f3n de los responsables y la consecuente reparaci\u00f3n de la v\u00edctima.<\/p><p style=\"padding-left: 40px;\">Comete obstaculizaci\u00f3n a la labor de la justicia la instituci\u00f3n del Estado o sus agentes que, efectuando actos positivos u omisiones, interfiere, retarda u obstruye el normal accionar de la administraci\u00f3n de justicia, el curso del proceso, la investigaci\u00f3n en cualquiera de sus etapas y el desempe\u00f1o de cualquiera de sus operadores. La obstaculizaci\u00f3n consiste en actos intencionales, directos o indirectos, que tengan por objeto o resultado alterar el curso normal de las actuaciones judiciales, tales como:<\/p><p style=\"padding-left: 80px;\"><b>a.<\/b> Retardo intencional en la sustanciaci\u00f3n procesal con perjuicio para alguna de las partes.<br \/><b>b.<\/b> Protecci\u00f3n indebida o encubrimiento por parte de agentes del Estado a quienes aparecen como responsables del hecho investigado.<br \/><b>c. <\/b>Ocultamiento de informaci\u00f3n o entrega de informaci\u00f3n err\u00f3nea relevante para el buen curso del proceso.<br \/><b>d.<\/b> Falsificaci\u00f3n o adulteraci\u00f3n de instrumentos probatorios.<br \/><b>e.<\/b> Alteraci\u00f3n maliciosa de informes periciales.<br \/><b>f.<\/b> Presiones o amenazas sobre testigos, familiares, funcionarios judiciales y policiales, entre otros; en definitiva, sobre cualquier persona vinculada al proceso que pueda hacer su aporte a la investigaci\u00f3n o terceras personas que influyan en los actores procesales.<br \/><b>g.<\/b> Negligencia en la actuaci\u00f3n de operadores de justicia de tal gravedad que haga presumir intenci\u00f3n de obstaculizar.<br \/><b>h.<\/b> Desacato de \u00f3rdenes emanadas de los tribunales o de la Fiscal\u00eda.<br \/><b>i.<\/b> Desobediencia, retardo u oposici\u00f3n a la resoluci\u00f3n judicial dictada.<br \/><b>j.<\/b> Falso testimonio de agentes estatales o auxiliares de la administraci\u00f3n<br \/>de justicia.<br \/><b>k. <\/b>Todo otro acto u omisi\u00f3n que perjudique, dificulte, obstaculice o<br \/>impida la investigaci\u00f3n judicial.<\/p><\/div>\n\t\t\t\t<\/div>\n\t\t\t\t<\/div>\n\t\t\t\t\t\t<\/div>\n\t\t\t\t\t<\/div>\n\t\t<\/div>\n\t\t\t\t\t\t\t\t<\/div>\n\t\t\t\t\t<\/div>\n\t\t<\/section>\n\t\t\t\t\t\t<\/div>\n\t\t\t\t\t\t<\/div>\n\t\t\t\t\t<\/div>\n\t\t","protected":false},"excerpt":{"rendered":"<p>Para efectos de una mejor comprensi\u00f3n de los conceptos referidos a la atenci\u00f3n, protecci\u00f3n, sanci\u00f3n y reparaci\u00f3n en los casos de violencia contra ni\u00f1as, ni\u00f1os, adolescente y mujeres, y la consiguiente aplicaci\u00f3n efectiva de la presente herramienta, se utilizan diferentes t\u00e9rminos que son conceptualizados a continuaci\u00f3n: Con relaci\u00f3n a la violencia en contra de ni\u00f1as, &hellip;<\/p>\n<p class=\"read-more\"> <a class=\"\" href=\"https:\/\/alvi.centrojuanaazurduy.org\/index.php\/3-marco-conceptual\/\"> <span class=\"screen-reader-text\">3. MARCO CONCEPTUAL<\/span> Leer m\u00e1s &raquo;<\/a><\/p>\n","protected":false},"author":1,"featured_media":0,"comment_status":"closed","ping_status":"closed","sticky":false,"template":"","format":"standard","meta":{"footnotes":""},"categories":[9],"tags":[],"class_list":["post-3546","post","type-post","status-publish","format-standard","hentry","category-protocolo-sepmud"],"_links":{"self":[{"href":"https:\/\/alvi.centrojuanaazurduy.org\/index.php\/wp-json\/wp\/v2\/posts\/3546","targetHints":{"allow":["GET"]}}],"collection":[{"href":"https:\/\/alvi.centrojuanaazurduy.org\/index.php\/wp-json\/wp\/v2\/posts"}],"about":[{"href":"https:\/\/alvi.centrojuanaazurduy.org\/index.php\/wp-json\/wp\/v2\/types\/post"}],"author":[{"embeddable":true,"href":"https:\/\/alvi.centrojuanaazurduy.org\/index.php\/wp-json\/wp\/v2\/users\/1"}],"replies":[{"embeddable":true,"href":"https:\/\/alvi.centrojuanaazurduy.org\/index.php\/wp-json\/wp\/v2\/comments?post=3546"}],"version-history":[{"count":12,"href":"https:\/\/alvi.centrojuanaazurduy.org\/index.php\/wp-json\/wp\/v2\/posts\/3546\/revisions"}],"predecessor-version":[{"id":4898,"href":"https:\/\/alvi.centrojuanaazurduy.org\/index.php\/wp-json\/wp\/v2\/posts\/3546\/revisions\/4898"}],"wp:attachment":[{"href":"https:\/\/alvi.centrojuanaazurduy.org\/index.php\/wp-json\/wp\/v2\/media?parent=3546"}],"wp:term":[{"taxonomy":"category","embeddable":true,"href":"https:\/\/alvi.centrojuanaazurduy.org\/index.php\/wp-json\/wp\/v2\/categories?post=3546"},{"taxonomy":"post_tag","embeddable":true,"href":"https:\/\/alvi.centrojuanaazurduy.org\/index.php\/wp-json\/wp\/v2\/tags?post=3546"}],"curies":[{"name":"wp","href":"https:\/\/api.w.org\/{rel}","templated":true}]}}