{"id":3317,"date":"2020-12-17T15:02:49","date_gmt":"2020-12-17T19:02:49","guid":{"rendered":"http:\/\/gavvi.monstruoestudio.com\/?p=3317"},"modified":"2021-06-04T15:21:37","modified_gmt":"2021-06-04T19:21:37","slug":"2-marco-normativo","status":"publish","type":"post","link":"https:\/\/alvi.centrojuanaazurduy.org\/index.php\/2-marco-normativo\/","title":{"rendered":"2. MARCO NORMATIVO"},"content":{"rendered":"\t\t<div data-elementor-type=\"wp-post\" data-elementor-id=\"3317\" class=\"elementor elementor-3317\" data-elementor-settings=\"[]\">\n\t\t\t\t\t\t<div class=\"elementor-inner\">\n\t\t\t\t\t\t\t<div class=\"elementor-section-wrap\">\n\t\t\t\t\t\t\t<section class=\"elementor-section elementor-top-section elementor-element elementor-element-7ab8211 elementor-section-boxed elementor-section-height-default elementor-section-height-default\" data-id=\"7ab8211\" data-element_type=\"section\">\n\t\t\t\t\t\t<div class=\"elementor-container elementor-column-gap-default\">\n\t\t\t\t\t\t\t<div class=\"elementor-row\">\n\t\t\t\t\t<div class=\"elementor-column elementor-col-100 elementor-top-column elementor-element elementor-element-4131b41\" data-id=\"4131b41\" data-element_type=\"column\">\n\t\t\t<div class=\"elementor-column-wrap elementor-element-populated\">\n\t\t\t\t\t\t\t<div class=\"elementor-widget-wrap\">\n\t\t\t\t\t\t<div class=\"elementor-element elementor-element-c29e87f elementor-widget elementor-widget-theme-post-title elementor-page-title elementor-widget-heading\" data-id=\"c29e87f\" data-element_type=\"widget\" data-widget_type=\"theme-post-title.default\">\n\t\t\t\t<div class=\"elementor-widget-container\">\n\t\t\t<h1 class=\"elementor-heading-title elementor-size-default\">2. MARCO NORMATIVO<\/h1>\t\t<\/div>\n\t\t\t\t<\/div>\n\t\t\t\t\t\t<\/div>\n\t\t\t\t\t<\/div>\n\t\t<\/div>\n\t\t\t\t\t\t\t\t<\/div>\n\t\t\t\t\t<\/div>\n\t\t<\/section>\n\t\t\t\t<section class=\"elementor-section elementor-top-section elementor-element elementor-element-fedfce5 elementor-section-boxed elementor-section-height-default elementor-section-height-default\" data-id=\"fedfce5\" data-element_type=\"section\">\n\t\t\t\t\t\t<div class=\"elementor-container elementor-column-gap-default\">\n\t\t\t\t\t\t\t<div class=\"elementor-row\">\n\t\t\t\t\t<div class=\"elementor-column elementor-col-100 elementor-top-column elementor-element elementor-element-f8e1b31\" data-id=\"f8e1b31\" data-element_type=\"column\">\n\t\t\t<div class=\"elementor-column-wrap elementor-element-populated\">\n\t\t\t\t\t\t\t<div class=\"elementor-widget-wrap\">\n\t\t\t\t\t\t<div class=\"elementor-element elementor-element-e55133c elementor-widget elementor-widget-heading\" data-id=\"e55133c\" data-element_type=\"widget\" data-widget_type=\"heading.default\">\n\t\t\t\t<div class=\"elementor-widget-container\">\n\t\t\t<h2 class=\"elementor-heading-title elementor-size-default\">2.1 MARCO NORMATIVO INTERNACIONAL<\/h2>\t\t<\/div>\n\t\t\t\t<\/div>\n\t\t\t\t\t\t<\/div>\n\t\t\t\t\t<\/div>\n\t\t<\/div>\n\t\t\t\t\t\t\t\t<\/div>\n\t\t\t\t\t<\/div>\n\t\t<\/section>\n\t\t\t\t<section class=\"elementor-section elementor-top-section elementor-element elementor-element-13ff4e4 elementor-section-boxed elementor-section-height-default elementor-section-height-default\" data-id=\"13ff4e4\" data-element_type=\"section\">\n\t\t\t\t\t\t<div class=\"elementor-container elementor-column-gap-default\">\n\t\t\t\t\t\t\t<div class=\"elementor-row\">\n\t\t\t\t\t<div class=\"elementor-column elementor-col-100 elementor-top-column elementor-element elementor-element-bd6e44f\" data-id=\"bd6e44f\" data-element_type=\"column\">\n\t\t\t<div class=\"elementor-column-wrap elementor-element-populated\">\n\t\t\t\t\t\t\t<div class=\"elementor-widget-wrap\">\n\t\t\t\t\t\t<div class=\"elementor-element elementor-element-d011acf elementor-widget elementor-widget-text-editor\" data-id=\"d011acf\" data-element_type=\"widget\" data-widget_type=\"text-editor.default\">\n\t\t\t\t<div class=\"elementor-widget-container\">\n\t\t\t\t\t<div class=\"elementor-text-editor elementor-clearfix\"><div class=\"page\" title=\"Page 15\"><div class=\"section\"><div class=\"layoutArea\"><div class=\"column\"><div class=\"page\" title=\"Page 24\"><div class=\"section\"><div class=\"layoutArea\"><div class=\"column\"><div class=\"page\" title=\"Page 24\"><div class=\"section\"><div class=\"layoutArea\"><div class=\"column\"><div class=\"page\" title=\"Page 24\"><div class=\"section\"><div class=\"layoutArea\"><div class=\"column\"><p><strong>Est\u00e1ndares internacionales de derechos humanos<\/strong><br \/>Los est\u00e1ndares internacionales son el conjunto de disposiciones provenientes de instrumentos internacionales de distinta naturaleza, fuente y nivel de obligatoriedad, dentro de los cuales se encuentran tratados internacionales de derechos humanos, declaraciones, reglas m\u00ednimas, principios, directrices, observaciones registradas por \u00f3rganos de tratados, recomendaciones de Relatores, Representantes Especiales y otros mandatos de protecci\u00f3n, jurisprudencia de \u00f3rganos jurisdiccionales y cuasi jurisdiccionales de los Sistemas Universal de la Organizaci\u00f3n de Naciones Unidas (ONU) y el Sistema Regional de Protecci\u00f3n de los Derechos Humanos de la Organizaci\u00f3n de Estados Americanos (OEA), que tienen por objeto la determinaci\u00f3n, interpretaci\u00f3n y\/o aplicaci\u00f3n de las obligaciones internacionales del Estado en materia de derechos humanos.<\/p><\/div><\/div><\/div><\/div><\/div><\/div><\/div><\/div><\/div><\/div><\/div><\/div><\/div><\/div><\/div><\/div><\/div>\n\t\t\t\t<\/div>\n\t\t\t\t<\/div>\n\t\t\t\t\t\t<\/div>\n\t\t\t\t\t<\/div>\n\t\t<\/div>\n\t\t\t\t\t\t\t\t<\/div>\n\t\t\t\t\t<\/div>\n\t\t<\/section>\n\t\t\t\t<section class=\"elementor-section elementor-top-section elementor-element elementor-element-76fdbf8 elementor-section-boxed elementor-section-height-default elementor-section-height-default\" data-id=\"76fdbf8\" data-element_type=\"section\">\n\t\t\t\t\t\t<div class=\"elementor-container elementor-column-gap-default\">\n\t\t\t\t\t\t\t<div class=\"elementor-row\">\n\t\t\t\t\t<div class=\"elementor-column elementor-col-100 elementor-top-column elementor-element elementor-element-09b976a\" data-id=\"09b976a\" data-element_type=\"column\">\n\t\t\t<div class=\"elementor-column-wrap elementor-element-populated\">\n\t\t\t\t\t\t\t<div class=\"elementor-widget-wrap\">\n\t\t\t\t\t\t<div class=\"elementor-element elementor-element-69c0282 elementor-widget elementor-widget-text-editor\" data-id=\"69c0282\" data-element_type=\"widget\" data-widget_type=\"text-editor.default\">\n\t\t\t\t<div class=\"elementor-widget-container\">\n\t\t\t\t\t<div class=\"elementor-text-editor elementor-clearfix\"><div class=\"page\" title=\"Page 64\"><table><tbody><tr><td><div class=\"layoutArea\"><div class=\"column\"><p style=\"text-align: center;\"><strong><span style=\"color: #43358b;\">\u00bfPOR QU\u00c9 SON IMPORTANTES LOS INSTRUMENTOS INTERNACIONALES DE<br \/>DERECHOS HUMANOS?<\/span><\/strong><\/p><\/div><\/div><\/td><\/tr><tr><td><p style=\"text-align: center;\">El derecho internacional de los derechos humanos establece las obligaciones de los Estados de respetar, proteger y realizar los derechos humanos.<br \/>La aplicaci\u00f3n y cumplimiento de los instrumentos internacionales de los derechos humanos, compete a toda servidora y servidor p\u00fablico, porque sus disposiciones son de aplicaci\u00f3n obligatoria.<\/p><\/td><\/tr><\/tbody><\/table><\/div><\/div>\n\t\t\t\t<\/div>\n\t\t\t\t<\/div>\n\t\t\t\t\t\t<\/div>\n\t\t\t\t\t<\/div>\n\t\t<\/div>\n\t\t\t\t\t\t\t\t<\/div>\n\t\t\t\t\t<\/div>\n\t\t<\/section>\n\t\t\t\t<section class=\"elementor-section elementor-top-section elementor-element elementor-element-7153c26 elementor-section-boxed elementor-section-height-default elementor-section-height-default\" data-id=\"7153c26\" data-element_type=\"section\">\n\t\t\t\t\t\t<div class=\"elementor-container elementor-column-gap-default\">\n\t\t\t\t\t\t\t<div class=\"elementor-row\">\n\t\t\t\t\t<div class=\"elementor-column elementor-col-100 elementor-top-column elementor-element elementor-element-0d8d145\" data-id=\"0d8d145\" data-element_type=\"column\">\n\t\t\t<div class=\"elementor-column-wrap elementor-element-populated\">\n\t\t\t\t\t\t\t<div class=\"elementor-widget-wrap\">\n\t\t\t\t\t\t<div class=\"elementor-element elementor-element-ea8ab12 elementor-widget elementor-widget-text-editor\" data-id=\"ea8ab12\" data-element_type=\"widget\" data-widget_type=\"text-editor.default\">\n\t\t\t\t<div class=\"elementor-widget-container\">\n\t\t\t\t\t<div class=\"elementor-text-editor elementor-clearfix\"><div class=\"page\" title=\"Page 15\"><div class=\"section\"><div class=\"layoutArea\"><div class=\"column\"><div class=\"page\" title=\"Page 24\"><div class=\"section\"><div class=\"layoutArea\"><div class=\"column\"><div class=\"page\" title=\"Page 24\"><div class=\"section\"><div class=\"layoutArea\"><div class=\"column\"><div class=\"page\" title=\"Page 24\"><div class=\"section\"><div class=\"layoutArea\"><div class=\"column\"><p>La Constituci\u00f3n Pol\u00edtica del Estado (CPE) dispone en el art\u00edculo 13. IV que: \u201c<b>Los tratados y convenios internacionales<\/b> ratificados por la Asamblea Legislativa Plurinacional, que reconocen los derechos humanos y que proh\u00edben su limitaci\u00f3n en los Estados de Excepci\u00f3n <b>prevalecen en el orden interno<\/b>. Los derechos y deberes consagrados en esta Constituci\u00f3n se interpretar\u00e1n de conformidad con los Tratados Internacionales de Derechos Humanos ratificados por Bolivia\u201d.<\/p><p>Por otra parte, el art\u00edculo 410. II se\u00f1ala: \u201cLa Constituci\u00f3n es la norma suprema del ordenamiento jur\u00eddico boliviano y goza de primac\u00eda frente a cualquier otra disposici\u00f3n normativa. <b>El bloque de constitucionalidad est\u00e1 integrado por los<\/b>\u00a0<strong>Tratados y Convenios Internacionales en materia de Derechos Humanos<\/strong> y las normas de Derecho Comunitario, ratificados por el pa\u00eds. (\u2026)\u201d.<\/p><p>El bloque de constitucionalidad es un conjunto normativo que contiene disposiciones, principios o valores materialmente constitucionales, aunque est\u00e9n fuera del texto de la Constituci\u00f3n. Consiste en asumir que existe un conjunto de normas que, sin estar consagradas expresamente en la Constituci\u00f3n son consideradas con rango constitucional y por lo tanto gozan de supremac\u00eda constitucional, lo que significa que deben ser aplicadas preferentemente por todas las personas, autoridades, jueces, juezas y tribunales, cobrando mayor relevancia en la labor jurisdiccional.<\/p><p>A partir del bloque de constitucionalidad, es posible la interpretaci\u00f3n de la propia CPE, aplicando los criterios de interpretaci\u00f3n de los derechos humanos, as\u00ed como de las disposiciones legales, las cuales deben ser conformes no solo con la<br \/>Constituci\u00f3n, sino a las normas contenidas en otros instrumentos que se integran a la Ley Fundamental, con la finalidad de proteger los derechos que formalmente no se encuentran previstos en ella.<\/p><p>As\u00ed tambi\u00e9n, el art\u00edculo 256 establece: \u201cLos tratados e instrumentos internacionales en materia de derechos humanos que hayan sido firmados, ratificados o a los que se hubiera adherido el Estado, que declaren derechos m\u00e1s favorables a los contenidos en la Constituci\u00f3n, se aplicar\u00e1n de manera preferente sobre \u00e9sta\u201d. Es decir que los tratados pueden ser aplicados incluso por encima de la CPE cuando brinden un mayor reconocimiento y una protecci\u00f3n m\u00e1s amplia de derechos que la que \u00e9sta ofrece. En consecuencia la norma aplicable ser\u00e1 la m\u00e1s favorable para la persona.<\/p><p>De acuerdo a la interpretaci\u00f3n del Tribunal Constitucional Plurinacional, el bloque de constitucionalidad est\u00e1 conformado no solamente por la Constituci\u00f3n como texto escrito; sino tambi\u00e9n por los tratados internacionales referentes a Derechos Humanos incluidas las decisiones, directrices y est\u00e1ndares que emanen tanto del Sistema Universal como Interamericano de Protecci\u00f3n de Derechos Humanos (SCP 110\/2010-R) debiendo aplicarse a los casos concretos el est\u00e1ndar constitucional m\u00e1s alto (SCP 2233\/2013).<\/p><p>Por otra parte, las directrices, principios y reglas del sistema interamericano y universal de protecci\u00f3n a derechos, son criterios interpretativos que deber\u00e1n ser utilizados en el \u00e1mbito interno para la interpretaci\u00f3n de derechos (SCP 0061 \/ 2010-R).<\/p><\/div><\/div><\/div><\/div><\/div><\/div><\/div><\/div><\/div><\/div><\/div><\/div><\/div><\/div><\/div><\/div><\/div>\n\t\t\t\t<\/div>\n\t\t\t\t<\/div>\n\t\t\t\t\t\t<\/div>\n\t\t\t\t\t<\/div>\n\t\t<\/div>\n\t\t\t\t\t\t\t\t<\/div>\n\t\t\t\t\t<\/div>\n\t\t<\/section>\n\t\t\t\t<section class=\"elementor-section elementor-top-section elementor-element elementor-element-9717644 elementor-section-boxed elementor-section-height-default elementor-section-height-default\" data-id=\"9717644\" data-element_type=\"section\">\n\t\t\t\t\t\t<div class=\"elementor-container elementor-column-gap-default\">\n\t\t\t\t\t\t\t<div class=\"elementor-row\">\n\t\t\t\t\t<div class=\"elementor-column elementor-col-100 elementor-top-column elementor-element elementor-element-7dd6884\" data-id=\"7dd6884\" data-element_type=\"column\">\n\t\t\t<div class=\"elementor-column-wrap elementor-element-populated\">\n\t\t\t\t\t\t\t<div class=\"elementor-widget-wrap\">\n\t\t\t\t\t\t<div class=\"elementor-element elementor-element-116e61f elementor-widget elementor-widget-text-editor\" data-id=\"116e61f\" data-element_type=\"widget\" data-widget_type=\"text-editor.default\">\n\t\t\t\t<div class=\"elementor-widget-container\">\n\t\t\t\t\t<div class=\"elementor-text-editor elementor-clearfix\"><div title=\"Page 15\"><div><div><div><div title=\"Page 24\"><div><div><div><p><span style=\"color: #43358b;\"><b>Principales instrumentos internacionales generales de protecci\u00f3n de\u00a0<\/b><\/span><b style=\"font-style: inherit; color: #43358b;\">los derechos humanos frente a la violencia<\/b><\/p><\/div><\/div><\/div><\/div><\/div><\/div><\/div><\/div><\/div>\n\t\t\t\t<\/div>\n\t\t\t\t<\/div>\n\t\t\t\t\t\t<\/div>\n\t\t\t\t\t<\/div>\n\t\t<\/div>\n\t\t\t\t\t\t\t\t<\/div>\n\t\t\t\t\t<\/div>\n\t\t<\/section>\n\t\t\t\t<section class=\"elementor-section elementor-top-section elementor-element elementor-element-fac6925 elementor-section-boxed elementor-section-height-default elementor-section-height-default\" data-id=\"fac6925\" data-element_type=\"section\">\n\t\t\t\t\t\t<div class=\"elementor-container elementor-column-gap-default\">\n\t\t\t\t\t\t\t<div class=\"elementor-row\">\n\t\t\t\t\t<div class=\"elementor-column elementor-col-100 elementor-top-column elementor-element elementor-element-9fc2754\" data-id=\"9fc2754\" data-element_type=\"column\">\n\t\t\t<div class=\"elementor-column-wrap elementor-element-populated\">\n\t\t\t\t\t\t\t<div class=\"elementor-widget-wrap\">\n\t\t\t\t\t\t<div class=\"elementor-element elementor-element-46dc144 elementor-widget elementor-widget-text-editor\" data-id=\"46dc144\" data-element_type=\"widget\" data-widget_type=\"text-editor.default\">\n\t\t\t\t<div class=\"elementor-widget-container\">\n\t\t\t\t\t<div class=\"elementor-text-editor elementor-clearfix\"><div class=\"page\" title=\"Page 15\"><div class=\"section\"><div class=\"layoutArea\"><div class=\"column\"><div class=\"page\" title=\"Page 24\"><div class=\"section\"><div class=\"layoutArea\"><div class=\"column\"><p>Los principales instrumentos internacionales vinculados a la defensa de los derechos de todas las personas frente a la violencia, sin distinci\u00f3n de edad, sexo, cultura u otra situaci\u00f3n, y su derecho a acceder a la justicia son:<\/p><ul><li><strong>Declaraci\u00f3n Universal de los Derechos Humanos (1948)<a class=\"tooltips\" title=\"Disponible en: https:\/\/www.ohchr.org\/EN\/UDHR\/Documents\/UDHR_Translations\/spn.pdf\"><sup>3<\/sup><\/a><\/strong><\/li><\/ul><p>Aprobada mediante Resoluci\u00f3n No. 217 A (III), de 10 de diciembre de 1948. Es el primer instrumento de reconocimiento de los derechos humanos, en el que se \u201cconsidera que la libertad, la justicia y la paz en el mundo tienen por base el reconocimiento de la dignidad intr\u00ednseca y de los derechos iguales e inalienables de todos los miembros de la familia humana\u201d, lo cual tiene profunda relaci\u00f3n con la atenci\u00f3n a las v\u00edctimas de violencia de cualquier tipo. Algunos de los derechos que reconoce son el derecho a la vida, a la libertad y a la seguridad (Art.3), derecho a igual protecci\u00f3n de la Ley (Art. 7) y el derecho a un recurso efectivo ante los tribunales nacionales competentes, que la ampare contra actos que violen sus derechos fundamentales reconocidos por la constituci\u00f3n o por la Ley (Art. 8).<\/p><ul><li><strong>Pacto Internacional de Derechos Civiles y Pol\u00edticos (1966)<a class=\"tooltips\" title=\"Disponible en: https:\/\/www.ohchr.org\/SP\/ProfessionalInterest\/Pages\/CCPR.aspx\"><sup>4<\/sup><\/a><\/strong><\/li><\/ul><p>Adoptado por la Asamblea General de las Naciones Unidas el 16 de diciembre de 1966 y ratificado por Bolivia mediante Ley No. 2119 de 11 de septiembre de 2000. En virtud del art\u00edculo 2, los Estados partes en el Pacto asumen la obligaci\u00f3n, respecto de toda persona en su territorio o bajo su jurisdicci\u00f3n, de respetar y garantizar los derechos humanos reconocidos. Esto implica que deben abstenerse de violar estos derechos (\u201crespetar\u201d), pero tambi\u00e9n adoptar medidas positivas para que los derechos sean efectivos (\u201cgarantizar\u201d). De acuerdo con el art\u00edculo 14, deben poner a disposici\u00f3n de toda persona v\u00edctima de una violaci\u00f3n de sus derechos un recurso imparcial y efectivo para su defensa. Entre los derechos reconocidos est\u00e1n el derecho a la vida (Art. 6), la libertad (Art. 9) y seguridad (Art. 9).<\/p><ul><li><b>Pacto Internacional de Derechos Econ\u00f3micos, Sociales y Culturales (1966)<a class=\"tooltips\" title=\"Disponible en: https:\/\/www.ohchr.org\/SP\/ProfessionalInterest\/Pages\/CESCR.aspx\"><sup>5<\/sup><\/a><\/b><\/li><\/ul><p>Adoptado por la Asamblea General en su Resoluci\u00f3n 2200 A (XXI) de 16 de diciembre de 1966 y ratificado por el Estado Boliviano mediante Ley No. 2119 de 11 de septiembre de 2000, el cual en su art\u00edculo 3, establece que los Estados Partes del Pacto deben asegurar igualmente a hombres y mujeres el gozar de todos los derechos econ\u00f3micos, sociales y culturales enunciados en el Pacto, los cuales podr\u00e1n verse afectados por actos de violencia que vulneren los derechos al trabajo, la salud y la educaci\u00f3n.<\/p><ul><li><strong>Convenci\u00f3n Americana sobre Derechos Humanos \u201cPacto de San Jos\u00e9 de Costa Rica\u201d (1969)<a class=\"tooltips\" title=\"Disponible en: http:\/\/www.oas.org\/dil\/esp\/tratados_B-32_Convencion_Americana_sobre_ Derechos_Humanos.htm\"><sup>6<\/sup><\/a><\/strong><\/li><\/ul><p>Adoptada en San Jos\u00e9 de Costa Rica el 22 de noviembre de 1969, vigente a\u00a0partir de 18 de julio de 1978 y ratificada por el Estado boliviano mediante Ley No. 1430 de 11 de febrero de 1993. Este instrumento establece en su\u00a0art\u00edculo 1. (Obligaci\u00f3n de Respetar los Derechos) Los Estados partes en esta Convenci\u00f3n se comprometen a respetar los derechos y libertades reconocidos en ella y a garantizar su libre y pleno ejercicio a toda persona que est\u00e9 sujeta a su jurisdicci\u00f3n, sin discriminaci\u00f3n alguna por motivos de (\u2026), sexo, (\u2026) o cualquier otra condici\u00f3n social. Asimismo, establece los siguientes derechos y garant\u00edas: derecho a la integridad personal (Art. 5), prohibici\u00f3n de esclavitud, servidumbre y trata de mujeres (Art.6), garant\u00edas judiciales (Art. 8), protecci\u00f3n de la honra y dignidad (Art. 11) y protecci\u00f3n judicial (Art. 25).<\/p><ul><li><strong>Declaraci\u00f3n y Programa de Acci\u00f3n de Viena (1993)<a class=\"tooltips\" title=\"Disponible en: https:\/\/www.ohchr.org\/EN\/ProfessionalInterest\/Pages\/Vienna.aspx\"><sup>7<\/sup><\/a><\/strong><\/li><\/ul><p>Adoptada por la Conferencia Mundial de Derechos Humanos el 25 de junio de 1993 realizada en la ciudad austriaca de Viena. En este documento se distingue, por primera vez, que \u201clos derechos humanos de la mujer y de la ni\u00f1a son parte inalienable, integrante e indivisible de los derechos humanos universales\u201d, hasta ese momento, se utilizaba el t\u00e9rmino gen\u00e9rico \u201clos derechos del hombre\u201d. El art\u00edculo 18 de esta Declaraci\u00f3n, establece que la erradicaci\u00f3n de todas las formas de discriminaci\u00f3n basadas en el sexo son objetivos prioritarios de la comunidad internacional. La violencia y todas las formas de acoso y explotaci\u00f3n sexual, en particular las derivadas de prejuicios culturales y de la trata internacional de personas son incompatibles con la dignidad y la val\u00eda de la persona humana y deben ser eliminadas. Esto puede lograrse con medidas legislativas y con actividades nacionales y cooperaci\u00f3n internacional en esferas tales como el desarrollo econ\u00f3mico y social, la educaci\u00f3n, la atenci\u00f3n a la maternidad y a la salud y el apoyo social.<\/p><ul><li><b>Estatuto de Roma (1998)<a class=\"tooltips\" title=\"Disponible en: https:\/\/www.ohchr.org\/SP\/ProfessionalInterest\/Pages\/InternationalCriminalCourt.aspx\"><sup>8<\/sup><\/a><\/b><\/li><\/ul><p>Ratificado por Bolivia por Ley No. 2398 de 24 de mayo de 2002. Crea la Corte Penal Internacional cuya competencia abarca los cr\u00edmenes m\u00e1s graves de trascendencia por la comunidad internacional en su conjunto, entre ellos los cr\u00edmenes de lesa humanidad referidos a actos que se comentan como parte de un ataque generalizado o sistem\u00e1tico contra una poblaci\u00f3n civil y con conocimiento de dicho ataque. En el art\u00edculo 7\u00ba en su inciso g) contempla como cr\u00edmenes de lesa humanidad entre otros a la violaci\u00f3n, esclavitud sexual, prostituci\u00f3n forzada, embarazo forzado, esterilizaci\u00f3n forzada o cualquier otra forma de violencia sexual de gravedad comparable: El inciso k) Otros actos inhumanos de car\u00e1cter similar que causen intencionalmente grandes sufrimientos o atenten gravemente contra la integridad f\u00edsica o la salud f\u00edsica o mental.<\/p><ul><li><strong>Declaraci\u00f3n sobre Orientaci\u00f3n Sexual e Identidad de G\u00e9nero de la ONU\u00a0<\/strong><strong>(2008)<a class=\"tooltips\" title=\"Disponible en: https:\/\/www.uv.mx\/uge\/files\/2014\/05\/Declaracion-Sobre-Ortientacion-Sexual-e- Identidad-de-G\u00e9nero-de-las-Naciones-Unidas.pdf\"><sup>9<\/sup><\/a><\/strong><\/li><\/ul><p>La declaraci\u00f3n presentada a la Asamblea General de la ONU el 18 de diciembre de 2008 condena la violencia, el acoso, la discriminaci\u00f3n, la exclusi\u00f3n, la estigmatizaci\u00f3n y el prejuicio basado en la orientaci\u00f3n sexual y la identidad de g\u00e9nero. Tambi\u00e9n condena los asesinatos y ejecuciones, las torturas, los arrestos arbitrarios y la privaci\u00f3n de derechos econ\u00f3micos, sociales y culturales por estos motivos.<\/p><\/div><\/div><\/div><\/div><\/div><\/div><\/div><\/div><\/div>\n\t\t\t\t<\/div>\n\t\t\t\t<\/div>\n\t\t\t\t\t\t<\/div>\n\t\t\t\t\t<\/div>\n\t\t<\/div>\n\t\t\t\t\t\t\t\t<\/div>\n\t\t\t\t\t<\/div>\n\t\t<\/section>\n\t\t\t\t<section class=\"elementor-section elementor-top-section elementor-element elementor-element-08ea68a elementor-section-boxed elementor-section-height-default elementor-section-height-default\" data-id=\"08ea68a\" data-element_type=\"section\">\n\t\t\t\t\t\t<div class=\"elementor-container elementor-column-gap-default\">\n\t\t\t\t\t\t\t<div class=\"elementor-row\">\n\t\t\t\t\t<div class=\"elementor-column elementor-col-100 elementor-top-column elementor-element elementor-element-3d071c7\" data-id=\"3d071c7\" data-element_type=\"column\">\n\t\t\t<div class=\"elementor-column-wrap elementor-element-populated\">\n\t\t\t\t\t\t\t<div class=\"elementor-widget-wrap\">\n\t\t\t\t\t\t<div class=\"elementor-element elementor-element-9d4fa75 elementor-widget elementor-widget-text-editor\" data-id=\"9d4fa75\" data-element_type=\"widget\" data-widget_type=\"text-editor.default\">\n\t\t\t\t<div class=\"elementor-widget-container\">\n\t\t\t\t\t<div class=\"elementor-text-editor elementor-clearfix\"><div title=\"Page 15\"><div><div><div><div title=\"Page 24\"><div><div><div><p><span style=\"color: #43358b;\"><b>Instrumentos internacionales espec\u00edficos de protecci\u00f3n de los derechos de mujeres frente a la violencia<\/b><\/span><\/p><\/div><\/div><\/div><\/div><\/div><\/div><\/div><\/div><\/div>\n\t\t\t\t<\/div>\n\t\t\t\t<\/div>\n\t\t\t\t\t\t<\/div>\n\t\t\t\t\t<\/div>\n\t\t<\/div>\n\t\t\t\t\t\t\t\t<\/div>\n\t\t\t\t\t<\/div>\n\t\t<\/section>\n\t\t\t\t<section class=\"elementor-section elementor-top-section elementor-element elementor-element-c5a2301 elementor-section-boxed elementor-section-height-default elementor-section-height-default\" data-id=\"c5a2301\" data-element_type=\"section\">\n\t\t\t\t\t\t<div class=\"elementor-container elementor-column-gap-default\">\n\t\t\t\t\t\t\t<div class=\"elementor-row\">\n\t\t\t\t\t<div class=\"elementor-column elementor-col-100 elementor-top-column elementor-element elementor-element-3423282\" data-id=\"3423282\" data-element_type=\"column\">\n\t\t\t<div class=\"elementor-column-wrap elementor-element-populated\">\n\t\t\t\t\t\t\t<div class=\"elementor-widget-wrap\">\n\t\t\t\t\t\t<div class=\"elementor-element elementor-element-23ebb1a elementor-widget elementor-widget-text-editor\" data-id=\"23ebb1a\" data-element_type=\"widget\" data-widget_type=\"text-editor.default\">\n\t\t\t\t<div class=\"elementor-widget-container\">\n\t\t\t\t\t<div class=\"elementor-text-editor elementor-clearfix\"><div title=\"Page 15\"><div><div><div><div title=\"Page 24\"><div><div><div><ul><li>La prevenci\u00f3n, asistencia, protecci\u00f3n, sanci\u00f3n y erradicaci\u00f3n de la violencia contra la mujer se encuentran amparadas en los siguientes instrumentos internacionales:<\/li><li><strong>Convenci\u00f3n de los Derechos Pol\u00edticos de la Mujer (1952)<a title=\"Disponible en: https:\/\/www.acnur.org\/fileadmin\/Documentos\/BDL\/2001\/0019. pdf?file=fileadmin\/Doc\"><sup>10<\/sup><\/a><\/strong><\/li><\/ul><p>Aprobada por la Asamblea General de la ONU durante el plenario general No 409, el 20 de diciembre de 1952, y fue adoptada el 31 de marzo de 1953. El prop\u00f3sito de la Convenci\u00f3n es codificar un est\u00e1ndar b\u00e1sico internacional para los derechos pol\u00edticos de las mujeres. El pre\u00e1mbulo de la Convenci\u00f3n reitera los principios establecidos en el art\u00edculo 21 de la Declaraci\u00f3n Universal de Derechos Humanos, donde se establece que todas las personas poseen el derecho de participar en el gobierno de su pa\u00eds, y de ser designadas en cargos p\u00fablicos. La Convenci\u00f3n fue la primera legislaci\u00f3n internacional en proteger el estatus de igualdad de la mujer para ejercer derechos pol\u00edticos.<\/p><ul><li><strong>Declaraci\u00f3n sobre la Eliminaci\u00f3n de la Discriminaci\u00f3n contra la Mujer (1967)<a title=\"Disponible en: https:\/\/www.ohchr.org\/sp\/professionalinterest\/pages\/violenceagainstwomen.aspx\"><sup>11<\/sup><\/a><\/strong><\/li><\/ul><p>Adoptada por la Asamblea General de la ONU el 7 de noviembre de 1967. Establece en el art\u00edculo 1 que: \u201cLa discriminaci\u00f3n contra la mujer, por cuanto niega o limita su igualdad de derechos con el hombre, es fundamentalmente injusta y constituye una ofensa a la dignidad humana\u201d. Es por ello que, deben adoptarse \u201ctodas las medidas apropiadas a fin de abolir las leyes, costumbres, reglamentos y pr\u00e1cticas existentes que constituyan una discriminaci\u00f3n en contra de la mujer\u201d. Esta declaraci\u00f3n fue un importante precursor de la Convenci\u00f3n jur\u00eddicamente vinculante llamada \u201cConvenci\u00f3n sobre la Eliminaci\u00f3n de todas formas de Discriminaci\u00f3n contra la Mujer\u201d.<\/p><ul><li><strong>Convenci\u00f3n sobre la Eliminaci\u00f3n de todas las Formas de Discriminaci\u00f3n\u00a0<\/strong><strong>contra la Mujer-CEDAW (1979)<a title=\"Disponible en: https:\/\/www.ohchr.org\/sp\/professionalinterest\/pages\/cedaw.aspx\"><sup>12<\/sup><\/a><\/strong><\/li><\/ul><p>Aprobada por la Asamblea General de la ONU el 18 de diciembre de 1979 y ratificada por el Estado boliviano por Ley No. 1100 de 15 septiembre de 1989, \u201cLey de Aprobaci\u00f3n de la Convenci\u00f3n Sobre la Eliminaci\u00f3n de todas las Formas de Discriminaci\u00f3n Contra La Mujer\u201d, la cual se\u00f1ala que \u201cla discriminaci\u00f3n contra la mujer es la distinci\u00f3n, exclusi\u00f3n o restricci\u00f3n<br \/>basada en el sexo, que tenga por objeto o por resultado menoscabar o anular el reconocimiento, goce o ejercicio de sus derechos humanos, independientemente de su estado civil, sobre la base de la igualdad del hombre y la mujer, y las libertades fundamentales en las esferas pol\u00edtica, econ\u00f3mica, social, cultural y civil\u201d. La Convenci\u00f3n compromete a los Estados<br \/>a adoptar medidas para eliminar la violencia contra la mujer. Bolivia ratific\u00f3 tambi\u00e9n el Protocolo Facultativo de la CEDAW por Ley No. 2103 de 20 de junio de 2000, que reafirma los compromisos asumidos para asegurar a las mujeres el disfrute pleno de todos sus derechos humanos.<\/p><ul><li><strong>Recomendaci\u00f3n General No. 35 sobre la Violencia por Raz\u00f3n de G\u00e9nero contra la Mujer, por la que se actualiza la Recomendaci\u00f3n General No. 19<a title=\"Disponible en: https:\/\/www.acnur.org\/fileadmin\/Documentos\/BDL\/2017\/11405.pdf\"><sup>13<\/sup><\/a><\/strong><\/li><\/ul><p>Aprobada por el Comit\u00e9 el 26 de julio de 2017. Se\u00f1ala que el concepto de \u201cviolencia contra la mujer\u201d, tal como se define en la recomendaci\u00f3n general n\u00fam. 19 y en otros instrumentos y documentos internacionales, hace hincapi\u00e9 en el hecho de que dicha violencia est\u00e1 basada en el g\u00e9nero. En consecuencia, en esta recomendaci\u00f3n, la expresi\u00f3n \u201cviolencia por raz\u00f3n de g\u00e9nero contra la mujer\u201d se utiliza como un t\u00e9rmino m\u00e1s preciso que pone de manifiesto las causas y los efectos relacionados con el g\u00e9nero de la violencia. La expresi\u00f3n refuerza a\u00fan m\u00e1s la noci\u00f3n de la violencia como problema social m\u00e1s que individual, que exige respuestas integrales, m\u00e1s all\u00e1 de aquellas relativas a sucesos concretos, autores, v\u00edctimas y supervivientes. El Comit\u00e9 considera que la violencia por raz\u00f3n de g\u00e9nero contra la mujer es uno de los medios sociales, pol\u00edticos y econ\u00f3micos fundamentales a trav\u00e9s de los cuales se perpet\u00faa la posici\u00f3n subordinada de la mujer con respecto al hombre y sus papeles estereotipados. En toda su labor, el Comit\u00e9 ha dejado claro que esa violencia constituye un grave obst\u00e1culo para el logro de la igualdad sustantiva entre mujeres y hombres y para el disfrute por parte de la mujer de sus derechos humanos y libertades fundamentales, consagrados en la Convenci\u00f3n.<\/p><p>La violencia por raz\u00f3n de g\u00e9nero afecta a las mujeres a lo largo de todo su ciclo de vida y, en consecuencia, incluye a las ni\u00f1as. Dicha violencia adopta m\u00faltiples formas, a saber: actos u omisiones destinados a causar o provocar la muerte o un da\u00f1o o sufrimiento f\u00edsico, sexual, psicol\u00f3gico o econ\u00f3mico para las mujeres, amenazas de tales actos, acoso, coacci\u00f3n y privaci\u00f3n arbitraria de la libertad. La violencia por raz\u00f3n de g\u00e9nero contra la mujer se ve afectada y a menudo agravada por factores culturales, econ\u00f3micos, ideol\u00f3gicos, tecnol\u00f3gicos, pol\u00edticos, religiosos, sociales y ambientales.<\/p><p>Recomienda que los Estados deben aprobar y aplicar medidas eficaces para proteger y ayudar a las mujeres denunciantes y a los testigos de la violencia por raz\u00f3n de g\u00e9nero antes, durante y despu\u00e9s de las acciones judiciales, con el fin de garantizar el acceso efectivo de las v\u00edctimas a las cortes y los tribunales y que las autoridades respondan adecuadamente a todos los casos de violencia por raz\u00f3n de g\u00e9nero contra la mujer, en particular mediante la aplicaci\u00f3n del derecho penal; velar porque la violencia por raz\u00f3n de g\u00e9nero contra la mujer no se remita obligatoriamente a ning\u00fan tipo de procedimiento alternativo de arreglo de controversias, como la mediaci\u00f3n y la conciliaci\u00f3n y proporcionar reparaciones efectivas a las v\u00edctimas y supervivientes de la violencia por raz\u00f3n de g\u00e9nero contra la mujer.<\/p><ul><li><strong>Declaraci\u00f3n sobre la Eliminaci\u00f3n de la Violencia contra la Mujer (1993)<a title=\"Disponible en: https:\/\/www.ohchr.org\/sp\/professionalinterest\/pages\/violenceagainstwomen. aspx\"><sup>14<\/sup><\/a><\/strong><\/li><\/ul><p>Emitida por la Asamblea General de la ONU en 1993. Define a la violencia contra las mujeres a \u201ctodo acto de violencia basado en la pertenencia al sexo femenino que tenga o pueda tener como resultado un da\u00f1o o sufrimiento f\u00edsico, sexual o sicol\u00f3gico para la mujer, as\u00ed como las amenazas de tales actos, la coacci\u00f3n o la privaci\u00f3n arbitraria de la libertad, tanto si se producen en la vida p\u00fablica como en la vida privada\u201d.<\/p><ul><li><strong>Convenci\u00f3n Interamericana para Prevenir, Sancionar y Erradicar la\u00a0<\/strong><strong>Violencia contra las Mujeres, Convenci\u00f3n de \u201cBel\u00e9m do Par\u00e1\u201d (1994)<a title=\"Disponible en: http:\/\/www.oas.org\/juridico\/spanish\/tratados\/a-61.html\"><sup>15<\/sup><\/a><\/strong><\/li><\/ul><p>Adoptada por la Asamblea General de la Organizaci\u00f3n de los Estados Americanos en su vig\u00e9simo cuarto periodo ordinario de sesiones del 9 de junio de 1994 y ratificada por el Estado Boliviano mediante Ley No. 1599 de 18 de agosto de 1994.<\/p><p>Establece por primera vez el derecho de las mujeres a vivir una vida libre y destaca a la violencia como una violaci\u00f3n de los derechos humanos y de las libertades fundamentales, una ofensa la dignidad humana y una manifestaci\u00f3n de las relaciones de poder hist\u00f3ricamente desiguales entre mujeres y hombres. Propone el desarrollo de mecanismos de protecci\u00f3n y defensa de los derechos de las mujeres como fundamentales para luchar contra el fen\u00f3meno de la violencia contra su integridad f\u00edsica, sexual y psicol\u00f3gica, tanto en el \u00e1mbito p\u00fablico como en el privado, y su reivindicaci\u00f3n dentro de la sociedad.<\/p><p>Este tratado interamericano de derechos humanos ha dado pauta para la adopci\u00f3n de leyes y pol\u00edticas sobre prevenci\u00f3n, erradicaci\u00f3n y sanci\u00f3n de la violencia contra las mujeres en los Estados Parte de la Convenci\u00f3n.\u00a0<span style=\"font-size: 15px; color: var( --e-global-color-text );\">Define a la violencia contra la mujer como \u201ccualquier acci\u00f3n o conducta basada en su g\u00e9nero, que cause muerte, da\u00f1o o sufrimiento f\u00edsico, sexual o psicol\u00f3gico a la mujer, tanto en el \u00e1mbito p\u00fablico como en el privado\u201d.\u00a0<\/span><span style=\"font-size: 15px; color: var( --e-global-color-text );\">Incluye la violencia f\u00edsica, sexual y psicol\u00f3gica que se produce dentro de la\u00a0<\/span><span style=\"font-size: 15px; color: var( --e-global-color-text );\">familia o unidad dom\u00e9stica o en cualquier otra relaci\u00f3n interpersonal; la\u00a0<\/span><span style=\"font-size: 15px; color: var( --e-global-color-text );\">que tenga lugar en la comunidad y sea perpetrada por cualquier persona y\u00a0<\/span><span style=\"font-size: 15px; color: var( --e-global-color-text );\">la violencia perpetrada o tolerada por el Estado o sus agentes, donde quiera\u00a0<\/span><span style=\"font-size: 15px; color: var( --e-global-color-text );\">que ocurra.<\/span><\/p><p><span style=\"font-size: 15px; color: var( --e-global-color-text );\">La Convenci\u00f3n de Bel\u00e9m do Par\u00e1 establece los compromisos que asume el\u00a0<\/span><span style=\"font-size: 15px; color: var( --e-global-color-text );\">Estado sobre el acceso a la justicia para las mujeres, el deber de respeto a\u00a0<\/span><span style=\"font-size: 15px; color: var( --e-global-color-text );\">sus derechos a la vida, a la integridad f\u00edsica, psicol\u00f3gica y moral; a la libertad\u00a0<\/span><span style=\"font-size: 15px; color: var( --e-global-color-text );\">y a la seguridad personal, el derecho de igualdad y protecci\u00f3n ante la Ley,\u00a0<\/span><span style=\"font-size: 15px; color: var( --e-global-color-text );\">a un recurso sencillo y r\u00e1pido en los tribunales competentes y que se la\u00a0<\/span><span style=\"font-size: 15px; color: var( --e-global-color-text );\">proteja ante actos que violen sus derechos.<\/span><\/p><ul><li><strong>Declaraci\u00f3n y Plataforma de Acci\u00f3n de Beijing (1995)<a title=\"Disponible en: http:\/\/www.unwomen.org\/es\/digital-library\/publications\/2015\/01\/beijingdeclaration\"><sup>16<\/sup><\/a><\/strong><\/li><\/ul><p>Aprobadas en la Cuarta Conferencia Mundial sobre la Mujer, Beijing, del 4 a 15 de septiembre de 1995. La Plataforma de Acci\u00f3n contempla 12 \u00e1mbitos cr\u00edticos que constituyen obst\u00e1culos para el adelanto de la mujer: la pobreza; la educaci\u00f3n y la capacitaci\u00f3n; la salud; la violencia contra la mujer; los conflictos armados; la econom\u00eda; el ejercicio del poder y la adopci\u00f3n de decisiones; los mecanismos institucionales para el adelanto de la mujer; los derechos humanos; los medios de difusi\u00f3n; el medio ambiente; y la ni\u00f1a. Para cada esfera de especial preocupaci\u00f3n se identificaron objetivos estrat\u00e9gicos, adem\u00e1s de una serie detallada de medidas relacionadas que los gobiernos y otras partes interesadas deben llevar a cabo a nivel nacional, regional e internacional.<\/p><p>Entre sus objetivos estrat\u00e9gicos en materia de violencia establece el adoptar medidas integradas para prevenir y eliminar la violencia contra la mujer; estudiar las causas y las consecuencias de la violencia contra la mujer y la eficacia de las medidas de prevenci\u00f3n y eliminar la trata de mujeres y prestar asistencia a las v\u00edctimas de la violencia derivada de la prostituci\u00f3n y la trata de mujeres.<\/p><ul><li><b>Protocolo Facultativo de la Convenci\u00f3n sobre la Eliminaci\u00f3n de Todas Formas de Discriminaci\u00f3n Contra la Mujer (1999)<a title=\"Disponible en: https:\/\/www.ohchr.org\/SP\/ProfessionalInterest\/Pages\/OPCEDAW.aspx\"><sup>17<\/sup><\/a><\/b><\/li><\/ul><p>Adoptado por la Asamblea General en su Resoluci\u00f3n A\/54\/4 del 6 de octubre de 1999 y ratificado por el Estado boliviano mediante Ley No. 2103 de 20 de junio de 2000, el cual en su art\u00edculo 1 establece que todo Estado Parte en el presente Protocolo reconoce la competencia del Comit\u00e9 para la Eliminaci\u00f3n de la Discriminaci\u00f3n contra la Mujer, para recibir y considerar las comunicaciones presentadas por personas o grupos de personas que se hallen bajo la jurisdicci\u00f3n de un Estado Parte y que aleguen ser v\u00edctimas de una violaci\u00f3n por parte de este Estado de cualquiera de los derechos enunciados en la Convenci\u00f3n, o en nombre de esas personas o grupos de personas.<\/p><ul><li><strong>Reglas de Bangkok para el tratamiento de las reclusas y medidas no privativas de libertad para las mujeres delincuentes (2011)<a title=\"Disponible en: https:\/\/www.unodc.org\/documents\/justice-and-prison-reform\/Bangkok_Rules_ ESP_24032015.pdf\"><sup>18<\/sup><\/a>.<\/strong><\/li><\/ul><p>Sancionadas por la Asamblea General de las Naciones Unidas el 21 de diciembre de 2010, comprende 70 reglas que tienen como objetivo instar a que responsables de pol\u00edticas, legisladores, operadores del sistema de justicia penal y personal penitenciario, elaboren sugerencias para mejorar las condiciones y atiendan las necesidades de las mujeres privadas de libertad.<\/p><p>Las reglas de Bangkok parten de la premisa que varones y mujeres no deben recibir un \u201cTrato igualitario\u201d sino por el contrario, debe asegurarse un \u201cTrato Diferente\u201d, bajo leyes y pol\u00edticas sensibles al g\u00e9nero de las personas.<\/p><ul><li><b>Recomendaci\u00f3n General No. 33 del Comit\u00e9 para la Eliminaci\u00f3n de la Discriminaci\u00f3n Contra la Mujer (2015)<a title=\"Disponible en: https:\/\/tbinternet.ohchr.org\/_layouts\/15\/treatybodyexternal\/Download.aspx? symbolno=CEDAW\/C\/GC\/33&amp;Lang=en\"><sup>19<\/sup><\/a><\/b><\/li><\/ul><p>Aprobada por el Comit\u00e9 en el 61\u00ba periodo de sesiones el 3 de agosto de 2015. En ella se reconoce que el derecho de acceso de las mujeres a la justicia es esencial para la realizaci\u00f3n de todos los derechos protegidos en virtud de la Convenci\u00f3n sobre la Eliminaci\u00f3n de Todas las Formas de Discriminaci\u00f3n contra la Mujer. Se la considera un elemento fundamental del estado de derecho y la buena gobernanza, junto con la independencia, la imparcialidad, la integridad y la credibilidad de la judicatura, la lucha contra la impunidad y la corrupci\u00f3n, y la participaci\u00f3n en pie de igualdad de la mujer en la judicatura y otros mecanismos de aplicaci\u00f3n de la Ley. El derecho de acceso a la justicia es pluridimensional. Abarca la justiciabilidad, la disponibilidad, el acceso, la buena calidad, el suministro de recursos jur\u00eddicos para las v\u00edctimas y la rendici\u00f3n de cuentas de los sistemas de justicia.<\/p><p><b><i>Instrumentos internacionales de protecci\u00f3n de los derechos de ni\u00f1as, ni\u00f1os y adolescentes frente a la violencia.<\/i><\/b><\/p><p>Los siguientes instrumentos garantizan la efectividad de los derechos fundamentales de ni\u00f1os, ni\u00f1as adolescentes y la protecci\u00f3n y asistencia de \u00e9stos contra la violencia:<\/p><ul><li><b>Convenci\u00f3n Internacional sobre los Derechos del Ni\u00f1o (1989)<a title=\"Disponible en: https:\/\/www.ohchr.org\/SP\/ProfessionalInterest\/Pages\/CRC.aspx\"><sup>20<\/sup><\/a><\/b><\/li><\/ul><p>Adoptada por la Asamblea General de Naciones Unidas el 20 de noviembre de 1989 y ratificada por el Estado boliviano mediante Ley No. 1152 de 14 mayo 1999; en el art\u00edculo 3 se introduce el principio del inter\u00e9s superior del ni\u00f1o, al se\u00f1alar que: \u201cEn todas las medidas concernientes a los ni\u00f1os que tomen las instituciones p\u00fablicas o privadas de bienestar social, los tribunales, las autoridades administrativas o los \u00f3rganos, una consideraci\u00f3n primordial a que se atender\u00e1 ser\u00e1 el inter\u00e9s superior del ni\u00f1o\u201d. Asimismo, respecto al tema de la violencia sexual, la Convenci\u00f3n se\u00f1ala, en su art\u00edculo 19, que: \u201clos Estados partes deben adoptar medidas legislativas, administrativas, sociales y educativas para proteger al ni\u00f1o contra toda forma de perjuicio o abuso sexual, y que estas medidas deben contemplar mecanismos eficaces para la atenci\u00f3n y tratamiento de estos casos\u201d.<\/p><p>El p\u00e1rrafo segundo de este art\u00edculo se\u00f1ala lo siguiente: \u201cEsas medidas de protecci\u00f3n deber\u00edan comprender, seg\u00fan corresponda, procedimientos eficaces para el establecimiento de programas sociales, con el objeto de proporcionar la asistencia necesaria al ni\u00f1o y a quienes cuidan de \u00e9l, as\u00ed como para otras formas de prevenci\u00f3n y para la identificaci\u00f3n, notificaci\u00f3n, remisi\u00f3n a una instituci\u00f3n, investigaci\u00f3n, tratamiento y observaci\u00f3n ulterior de los casos antes descritos de malos tratos al ni\u00f1o y, seg\u00fan corresponda, la intervenci\u00f3n judicial\u201d. De la misma forma los art\u00edculos 34, 36 y 39 establecen una protecci\u00f3n especial que debe otorgar a ni\u00f1as, ni\u00f1os y adolescentes v\u00edctimas de violencia sexual.<\/p><ul><li><b>Directrices sobre la Justicia en Asuntos Concernientes a los Ni\u00f1os V\u00edctimas y Testigos de Delitos (2005)<a title=\"Disponible en: https:\/\/www.un.org\/es\/events\/childrenday\/pdf\/E2005_20.pdf\"><sup>21<\/sup><\/a><\/b><\/li><\/ul><p>Aprobadas el 22 de julio de 2005 por el Consejo Econ\u00f3mico y Social de la ONU. Estas directrices fueron adoptadas para que las ni\u00f1as y ni\u00f1os que fueron damnificados o presenciaron un delito cometido contra otra persona gocen de protecci\u00f3n y de un trato justo cuando cuenten lo ocurrido ante un tribunal. Adopta como uno de sus principios el inter\u00e9s superior del ni\u00f1o.<\/p><p>Toda ni\u00f1a y ni\u00f1o tiene derecho a un trato digno y comprensivo, los ni\u00f1os v\u00edctimas y testigos de delitos deber\u00e1n ser tratados con tacto y sensibilidad a lo largo de todo el proceso de justicia, tomando en consideraci\u00f3n su situaci\u00f3n personal y necesidades inmediatas, su edad, sexo, impedimentos f\u00edsicos y nivel de madurez y respetando plenamente su integridad f\u00edsica, mental y moral; al derecho a la protecci\u00f3n ante la discriminaci\u00f3n y a ser informados desde el primer contacto con el sistema de justicia; a recibir una ayuda especial y con profesionales especializados por la forma en que han sido agredidos; a la plena participaci\u00f3n en el proceso de justicia a menos que ello no sea su inter\u00e9s superior; a ser o\u00eddo, expresar opiniones y preocupaciones; a ser protegido de sufrimientos durante el proceso de justicia; derecho a la seguridad y recibir protecci\u00f3n contra cualquier peligro antes, durante y despu\u00e9s del proceso de justicia; a la reparaci\u00f3n recibiendo preparaci\u00f3n para poder recuperarse de los da\u00f1os que se les ha ocasionado y a medidas preventivas, especiales, para asegurarse de que los ni\u00f1os v\u00edctimas y testigos reciban protecci\u00f3n para que nadie vuelva a hacerles da\u00f1o.<\/p><p>Estas directrices tambi\u00e9n se dirigen a las medidas que deben tomar las y los profesionales a momento de: idear formas de ayudar a los\/as ni\u00f1os\/as a fin de que les resulte m\u00e1s f\u00e1cil prestar testimonio o declarar; permanecer con los ni\u00f1os en todas las etapas del proceso de justicia, prest\u00e1ndoles apoyo y asistencia; asegurarse de que la participaci\u00f3n de un ni\u00f1o en las vistas o juicios se planifique con antelaci\u00f3n a fin de que \u00e9ste tenga tiempo para prepararse. A lo largo de todo el proceso, las y los profesionales que presten asistencia a los\/as ni\u00f1os\/as y con quienes \u00e9stos est\u00e9n en contacto, deben ser los mismos y deben adoptar medidas para asegurarse que el ni\u00f1o est\u00e1 a salvo y comunicar los peligros que se corren, si una ni\u00f1a o ni\u00f1o v\u00edctima o testigo de un delito, corre riesgo de intimidaci\u00f3n, amenazas o da\u00f1os.<\/p><p>Es posible que quien tenga que indemnizar a la v\u00edctima sea el agresor, sin embargo, este instrumento tambi\u00e9n prev\u00e9 que, los gobiernos desarrollen programas de ayuda a las v\u00edctimas de delitos.<\/p><p><b><i>Instrumentos internacionales espec\u00edficos de protecci\u00f3n de los derechos de las v\u00edctimas<\/i><\/b><\/p><p>Los derechos, garant\u00edas y protecci\u00f3n de personas v\u00edctimas de delitos o que se\u00a0 encuentren en situaci\u00f3n de violencia, se hallan amparados bajo Tratados, Acuerdos y Convenciones Internacionales ratificados por Bolivia, mismos que son:<\/p><ul><li><b>Declaraci\u00f3n sobre los Principios Fundamentales de Justicia para V\u00edctimas de Delitos y Abuso de Poder (1985)<a title=\"Disponible en: https:\/\/www.ohchr.org\/SP\/ProfessionalInterest\/Pages\/VictimsOfCrimeAndAbuseOfPower. aspx\"><sup>22<\/sup><\/a><\/b><\/li><\/ul><p>Adoptado por la Asamblea General de la Organizaci\u00f3n de las Naciones Unidas, en su Resoluci\u00f3n No. 40\/34 del 29 de noviembre de 1985, misma que contiene principios b\u00e1sicos sobre el concepto de v\u00edctimas, el acceso a la justicia, el trato justo, asistencia material, m\u00e9dica, psicol\u00f3gica y social que sea necesaria, al resarcimiento, indemnizaci\u00f3n y su asistencia.<\/p><ul><li><b>Principios de Yogyakarta (2006)<a title=\"Disponible en: http:\/\/www.observatoriolgbt.org.bo\/index.php\/normativa\"><sup>23<\/sup><\/a><\/b><\/li><\/ul><p>Los Principios de Yogyakarta trabajados por expertos\/as internacionales fueron presentados, como una carta global para los derechos LGBT, el 26 de marzo de 2007 ante el Consejo de Derechos Humanos de las Naciones Unidas. La carta contiene una serie de principios (29) sobre c\u00f3mo se aplican los est\u00e1ndares y legislaci\u00f3n internacionales de derechos humanos a las cuestiones de orientaci\u00f3n sexual e identidad de g\u00e9nero, hacen referencia al respeto de los derechos humanos y c\u00f3mo estos se aplican sin discriminaci\u00f3n ni distinci\u00f3n alguna a la poblaci\u00f3n con diversa orientaci\u00f3n sexual e identidad de g\u00e9nero, considerando el alto grado de discriminaci\u00f3n y vulneraci\u00f3n que atraviesa esta poblaci\u00f3n.<\/p><p>Establecen que toda persona, con independencia de su orientaci\u00f3n sexual o identidad de g\u00e9nero, tiene derecho a la seguridad personal y a la protecci\u00f3n del Estado frente a todo acto de violencia o da\u00f1o corporal que sea cometido por funcionarios p\u00fablicos o por cualquier individuo o grupo, debiendo asegurar que la perpetraci\u00f3n de tal violencia sea investigada vigorosamente y, en aquellos casos en que se encuentren pruebas apropiadas, se presenten cargos legales contra las personas responsables, se las lleve a juicio y se las castigue debidamente, y que a las v\u00edctimas se les brinden recursos y resarcimientos apropiados, incluyendo compensaci\u00f3n.<\/p><ul><li><b>Reglas de Brasilia sobre Acceso a la Justicia de las Personas en Condici\u00f3n de Vulnerabilidad (2008)<a class=\"tooltips\" title=\"Disponible en: https:\/\/www.acnur.org\/fileadmin\/Documentos\/BDL\/2009\/7037.pdf\"><sup>24<\/sup><\/a><\/b><\/li><\/ul><p>Aprobadas por la Cumbre Judicial Iberoamericana en su XIV Edici\u00f3n realizada del 4 a 6 de marzo de 2008, las y los beneficiarios de estas reglas son las personas en situaci\u00f3n de vulnerabilidad, entendidas \u00e9stas como aquellas que \u201cpor su raz\u00f3n de edad, g\u00e9nero, estado f\u00edsico o mental, o por circunstancias sociales, econ\u00f3micas, \u00e9tnicas y\/o culturales, encuentran especiales dificultades para ejercitar con plenitud, ante el sistema de justicia, los derechos reconocidos por el ordenamiento jur\u00eddico\u201d.<\/p><ul><li><b>Gu\u00edas de Santiago sobre Protecci\u00f3n de V\u00edctimas y Testigos (2008)<a class=\"tooltips\" title=\"Disponible en: https:\/\/www.mpfn.gob.pe\/Docs\/ucavit\/files\/guias_de_santiago_v\u00edctimas_y_ testigos.pdf\"><sup>25<\/sup><\/a><\/b><\/li><\/ul><p>Instrumento aprobado en la XVI Asamblea General Ordinaria de la Asociaci\u00f3n Ibero Americana de Ministerios P\u00fablicos (AIAMP) realizada el 9 y 10 de julio de 2008, sugiere que los Ministerios P\u00fablicos, seg\u00fan su propio marco legislativo sustantivo y procesal, as\u00ed como, el \u00e1mbito de las funciones que institucionalmente se les encomiendan, deben promover la creaci\u00f3n de mecanismos de atenci\u00f3n a las v\u00edctimas.<\/p><ul><li><b>Observaci\u00f3n General No.13 Derecho del Ni\u00f1o a no ser Objeto de Ninguna Forma de Violencia (2011)<a class=\"tooltips\" title=\"Disponible en: https:\/\/www2.ohchr.org\/english\/bodies\/crc\/docs\/CRC.C.GC.13_sp.doc\"><sup>26<\/sup><\/a><\/b><\/li><\/ul><p>Aprobada por el Comit\u00e9 de los Derechos del Ni\u00f1o el 18 de abril de 2011. En esta Observaci\u00f3n General se aborda el art\u00edculo 19 de la Convenci\u00f3n sobre los Derechos del Ni\u00f1o, debido a la alarmante magnitud e intensidad de la violencia ejercida contra las y los ni\u00f1os (menores de 18 a\u00f1os). Se considera preciso reforzar y ampliar masivamente las medidas destinadas a acabar con la violencia, para poner fin de manera efectiva, a esas pr\u00e1cticas que dificultan el desarrollo de las y los ni\u00f1os y la posible adopci\u00f3n por las sociedades de medios pac\u00edficos de soluci\u00f3n de conflictos.<\/p><p>Establece que la violencia contra las y los ni\u00f1os jam\u00e1s es justificable; que la atenci\u00f3n y protecci\u00f3n debe basarse en adoptar un paradigma basado en el respeto y la promoci\u00f3n de su dignidad humana y su integridad f\u00edsica y psicol\u00f3gica como titular de derechos; que en todos los procesos de toma de decisiones debe respetarse sistem\u00e1ticamente el derecho de la ni\u00f1a y el ni\u00f1o a ser escuchado y a que sus opiniones se tengan debidamente en cuenta, y su habilitaci\u00f3n y participaci\u00f3n deben ser elementos b\u00e1sicos de las estrategias y programas de atenci\u00f3n y protecci\u00f3n del ni\u00f1o; que debe respetarse el derecho del ni\u00f1o a que, en todas las cuestiones que le conciernan o afecten, se atienda a su inter\u00e9s superior como consideraci\u00f3n primordial, especialmente cuando sea v\u00edctima de actos de violencia, as\u00ed como en todas las medidas de prevenci\u00f3n.<\/p><p>Puntualiza que tanto los ni\u00f1os como las ni\u00f1as corren el riesgo de sufrir todas las formas de violencia, pero la violencia suele tener un componente de g\u00e9nero. Por ejemplo, las ni\u00f1as pueden sufrir m\u00e1s violencia sexual en el hogar que los ni\u00f1os, mientras que es m\u00e1s probable que estos sufran la violencia en el sistema de justicia penal.\u00a0<\/p><ul><li><b>Principios y Directrices de las Naciones Unidas sobre el Acceso a la Asistencia Jur\u00eddica en los Sistemas de Justicia Penal<\/b><\/li><\/ul><p>Adoptados por la Asamblea General de la ONU el 20 de noviembre de 2012. Se\u00f1ala que la asistencia jur\u00eddica es un elemento esencial de un sistema de justicia penal justo, humano y eficiente que se base en la primac\u00eda del derecho. La asistencia jur\u00eddica es el fundamento para el disfrute de otros derechos, como el derecho a un juicio justo y es una condici\u00f3n previa para el ejercicio de esos derechos, as\u00ed como una salvaguardia importante que asegura la equidad fundamental y la confianza p\u00fablica en el proceso de justicia penal. Establece que un sistema de asistencia jur\u00eddica eficaz puede reducir la reincidencia y el riesgo de una nueva victimizaci\u00f3n.<\/p><p>Tambi\u00e9n puede proteger y salvaguardar los derechos de las v\u00edctimas y los testigos en el proceso de justicia penal a quienes debe brindarse asistencia jur\u00eddica sin ning\u00fan tipo de discriminaci\u00f3n y establecer medidas de reparaci\u00f3n en caso de neg\u00e1rseles esta asistencia. Se deben adoptar medidas especiales para asegurar un acceso real a la asistencia jur\u00eddica a las mujeres, los ni\u00f1os y los grupos con necesidades especiales, tales como las personas de edad, las minor\u00edas, las personas con discapacidad, las personas con enfermedades mentales, las personas que viven con el VIH, personas que viven en zonas rurales, alejadas y social y econ\u00f3micamente desfavorecidas, entre otros.<\/p><\/div><\/div><\/div><\/div><\/div><\/div><\/div><\/div><\/div>\n\t\t\t\t<\/div>\n\t\t\t\t<\/div>\n\t\t\t\t\t\t<\/div>\n\t\t\t\t\t<\/div>\n\t\t<\/div>\n\t\t\t\t\t\t\t\t<\/div>\n\t\t\t\t\t<\/div>\n\t\t<\/section>\n\t\t\t\t<section class=\"elementor-section elementor-top-section elementor-element elementor-element-fad0f0b elementor-section-boxed elementor-section-height-default elementor-section-height-default\" data-id=\"fad0f0b\" data-element_type=\"section\">\n\t\t\t\t\t\t<div class=\"elementor-container elementor-column-gap-default\">\n\t\t\t\t\t\t\t<div class=\"elementor-row\">\n\t\t\t\t\t<div class=\"elementor-column elementor-col-100 elementor-top-column elementor-element elementor-element-724f6d6\" data-id=\"724f6d6\" data-element_type=\"column\">\n\t\t\t<div class=\"elementor-column-wrap elementor-element-populated\">\n\t\t\t\t\t\t\t<div class=\"elementor-widget-wrap\">\n\t\t\t\t\t\t<div class=\"elementor-element elementor-element-0f22570 elementor-widget elementor-widget-text-editor\" data-id=\"0f22570\" data-element_type=\"widget\" data-widget_type=\"text-editor.default\">\n\t\t\t\t<div class=\"elementor-widget-container\">\n\t\t\t\t\t<div class=\"elementor-text-editor elementor-clearfix\"><div title=\"Page 15\"><div><div><div><div title=\"Page 24\"><div><div><div><p><span style=\"color: #43358b;\"><b>Jurisprudencia de la Corte Interamericana de Derechos Humanos (Corte IDH) y la Comisi\u00f3n Interamericana de Derechos Humanos (CIDH)<\/b><\/span><\/p><\/div><\/div><\/div><\/div><\/div><\/div><\/div><\/div><\/div>\n\t\t\t\t<\/div>\n\t\t\t\t<\/div>\n\t\t\t\t\t\t<\/div>\n\t\t\t\t\t<\/div>\n\t\t<\/div>\n\t\t\t\t\t\t\t\t<\/div>\n\t\t\t\t\t<\/div>\n\t\t<\/section>\n\t\t\t\t<section class=\"elementor-section elementor-top-section elementor-element elementor-element-f15d399 elementor-section-boxed elementor-section-height-default elementor-section-height-default\" data-id=\"f15d399\" data-element_type=\"section\">\n\t\t\t\t\t\t<div class=\"elementor-container elementor-column-gap-default\">\n\t\t\t\t\t\t\t<div class=\"elementor-row\">\n\t\t\t\t\t<div class=\"elementor-column elementor-col-100 elementor-top-column elementor-element elementor-element-8fe9089\" data-id=\"8fe9089\" data-element_type=\"column\">\n\t\t\t<div class=\"elementor-column-wrap elementor-element-populated\">\n\t\t\t\t\t\t\t<div class=\"elementor-widget-wrap\">\n\t\t\t\t\t\t<div class=\"elementor-element elementor-element-8f9051e elementor-widget elementor-widget-text-editor\" data-id=\"8f9051e\" data-element_type=\"widget\" data-widget_type=\"text-editor.default\">\n\t\t\t\t<div class=\"elementor-widget-container\">\n\t\t\t\t\t<div class=\"elementor-text-editor elementor-clearfix\"><div title=\"Page 15\"><div><div><div><div title=\"Page 24\"><div><div><div><p>Los principales referentes de jurisprudencia con relaci\u00f3n a la protecci\u00f3n de los Derechos Humanos de las mujeres, son:<\/p><p><b>Est\u00e1ndares internacionales sobre consentimiento informado<\/b><\/p><ul><li><b>Caso IV Vs. Bolivia<a class=\"tooltips\" title=\"http:\/\/www.corteidh.or.cr\/docs\/casos\/articulos\/seriec_329_esp.pdf\"><sup>27<\/sup><\/a><\/b><\/li><\/ul><p style=\"padding-left: 80px;\">El Caso I.V. Vs. Bolivia se refiere a la violaci\u00f3n de derechos humanos de la se\u00f1ora I.V. por la intervenci\u00f3n quir\u00fargica a la que fue sometida en un hospital p\u00fablico el 01 de julio de 2000. Esta intervenci\u00f3n, consisti\u00f3 en una ligadura de las trompas de falopio, que fue efectuada sin que se tratara de una situaci\u00f3n de emergencia y sin el consentimiento informado de la se\u00f1ora I.V., quien sufri\u00f3 la p\u00e9rdida permanente y forzada de su funci\u00f3n reproductora, y habiendo iniciado las acciones administrativas y luego penales contra el responsable no logr\u00f3 una decisi\u00f3n judicial oportuna.<\/p><p style=\"padding-left: 80px;\">La Corte IDH determin\u00f3 en su sentencia que el Estado boliviano era responsable por la violaci\u00f3n de los derechos a la integridad personal, a la libertad personal, a la dignidad, a la vida privada y familiar, de acceso a la informaci\u00f3n, a fundar una familia, a las garant\u00edas judiciales y protecci\u00f3n judicial reconocidos en la Convenci\u00f3n Americana sobre Derechos Humanos; as\u00ed como por no cumplir con sus obligaciones de acceso a la justicia contendidas en la Convenci\u00f3n de Bel\u00e9m do Par\u00e1, en perjuicio de la se\u00f1ora I.V.<\/p><p style=\"padding-left: 80px;\">La Corte afirm\u00f3 que el consentimiento informado del paciente es una condici\u00f3n sine qua non para la pr\u00e1ctica m\u00e9dica, la cual se basa en el respeto a su autonom\u00eda y su libertad para tomar sus propias decisiones de acuerdo a su plan de existencia. En otras palabras, el consentimiento informado asegura el efecto \u00fatil de la norma que reconoce la autonom\u00eda como elemento indisoluble de la dignidad de la persona. En este marco, la Corte hizo referencia a la especial relaci\u00f3n entre el m\u00e9dico y el paciente, la cual est\u00e1 caracterizada por la asimetr\u00eda en el ejercicio del poder que el m\u00e9dico asume en raz\u00f3n de su conocimiento profesional especializado y del control de la informaci\u00f3n que conserva. Esta relaci\u00f3n de poder se encuentra gobernada por ciertos principios de la \u00e9tica m\u00e9dica, principalmente los principios de autonom\u00eda del paciente, beneficencia, no maleficencia y justicia.<\/p><p><b>Acuerdos sobre especializaci\u00f3n en violencia de g\u00e9nero<\/b><\/p><ul><li><strong>\u00a0Soluci\u00f3n Amistosa MZ Bolivia<a class=\"tooltips\" title=\"Disponible en: https:\/\/www.oas.org\/es\/cidh\/decisiones\/2014\/BOSA12350ES.pdf\"><sup>28<\/sup><\/a><\/strong><\/li><\/ul><p>Se origina entre la deficiente protecci\u00f3n a la v\u00edctima de violencia sexual identificada como MZ, quien dada la respuesta ineficaz del sistema boliviano dentro del proceso penal seguido contra su agresor, denuncia a Bolivia ante la Comisi\u00f3n Interamericana de Derechos Humanos de la Organizaci\u00f3n de Estados Americanos, en raz\u00f3n de la poca efectividad, los altos niveles de revictimizaci\u00f3n a los que fue sometida, y sobre todo por la falta de mecanismos especializados que faciliten a las v\u00edctimas de violencia sexual el acceso a la justicia.<\/p><p>El 11 de marzo de 2008, la CIDH y el Estado boliviano suscribieron un Acuerdo de Soluci\u00f3n Amistosa, en el cual Bolivia reconoce su responsabilidad por la ineficaz acci\u00f3n judicial, asumiendo compromisos puntuales que benefician a las mujeres bolivianas entre ellas: capacitaci\u00f3n de por lo menos el 15% del tiempo total de sus programas pedag\u00f3gicos dirigidos a jueces\/juezas est\u00e9 dedicado la promoci\u00f3n y protecci\u00f3n de los derechos humanos con enfoque de g\u00e9nero; publicidad la hojas de vida de candidaturas para fiscales y jueces en su p\u00e1ginas web; imprimir manuales y otros documentos sobre el tratamiento a v\u00edctimas de violencia sexual, como una campa\u00f1a de concienciaci\u00f3n de los derechos de las mujeres y de vigencia de los derechos de las mujeres y de vigencia de los tratados internacionales; crear una unidad especializada para la atenci\u00f3n a v\u00edctimas de violencia sexual, como tambi\u00e9n para la investigaci\u00f3n y el ejercicio de la acci\u00f3n penal p\u00fablica respecto a esos delitos; tambi\u00e9n una unidad especial para desarrollar los estudios cient\u00edficot\u00e9cnicos requeridos para la investigaci\u00f3n de los delitos a la libertad sexual.<\/p><p><b>Est\u00e1ndares sobre la debida diligencia en la investigaci\u00f3n<\/b><\/p><ul><li><b>Caso Gonz\u00e1les Vs. M\u00e9xico<a class=\"tooltips\" title=\"http:\/\/www.corteidh.or.cr\/docs\/casos\/articulos\/seriec_205_esp.pdf\"><sup>29<\/sup><\/a><\/b><\/li><\/ul><p>Dentro de este caso m\u00e1s conocido como \u201cCampo Algodonero\u201d, la Corte IDH encontr\u00f3 al Estado mexicano responsable de varias violaciones a la Convenci\u00f3n Americana sobre Derechos Humanos y la Convenci\u00f3n de Bel\u00e9m do Par\u00e1, en perjuicio de tres v\u00edctimas y sus familiares. Concretamente, la Corte IDH hall\u00f3 violaciones al deber general de garantizar los derechos humanos de las tres v\u00edctimas al no actuar con la debida diligencia requerida para proteger sus derechos a la vida, a la integridad personal, su libertad personal y su derecho a vivir libres de violencia, e investigar de forma adecuada y efectiva las desapariciones y homicidios.<\/p><p>A\u00a0partir de esta jurisprudencia se ha sentado las directrices b\u00e1sicas para la aplicaci\u00f3n del Principio de la Debida Diligencia en la investigaci\u00f3n efectiva de los casos de violencia contra la mujer, entendi\u00e9ndose que es deber del Estado la investigaci\u00f3n efectiva bajo una perspectiva de g\u00e9nero; debiendo remover todos los obst\u00e1culos, mecanismos de hecho y de derecho que mantienen la impunidad para lo cual deben utilizar todas las medidas a su alcance para diligenciar el proceso; asimismo, entre las directrices se tiene el deber de otorgar garant\u00edas de seguridad suficientes a v\u00edctimas, testigos y a familiares de las v\u00edctimas. El deber del Estado de actuar con la DEBIDA DILIGENCIA requiere de la actuaci\u00f3n pronta e inmediata de las autoridades policiales, fiscales y judiciales cuando el Estado tiene conocimiento de un contexto en el que las mujeres est\u00e1n siendo abusadas y violentadas. Por ello, es necesario que en aplicaci\u00f3n del Principio de la Debida Diligencia m\u00ednimamente se observe:<\/p><ol><li style=\"list-style-type: none;\"><ol><li>La declaraci\u00f3n de la v\u00edctima se realice en un ambiente c\u00f3modo y seguro, que le brinde privacidad y confianza.<\/li><li>La declaraci\u00f3n de la v\u00edctima se registre de forma tal que se evite o limite la necesidad de su repetici\u00f3n.<\/li><li>Se brinde atenci\u00f3n m\u00e9dica, sanitaria y psicol\u00f3gica a la v\u00edctima, tanto de emergencia como de forma continuada, si as\u00ed se requiere, mediante un protocolo de atenci\u00f3n cuyo objetivo sea reducir las consecuencias de la violaci\u00f3n.<\/li><li>Se realice inmediatamente un examen m\u00e9dico y psicol\u00f3gico completo y detallado por personal id\u00f3neo y capacitado, en lo posible del sexo que la v\u00edctima indique, ofreci\u00e9ndole que sea acompa\u00f1ada por alguien de su confianza, si as\u00ed lo desea.<\/li><li>El deber de investigar es una obligaci\u00f3n de medio y no de resultado, que debe ser asumida por el Estado como un deber jur\u00eddico propio y no como una simple formalidad condenada de antemano a ser infructuosa.<\/li><li>La obligaci\u00f3n del Estado de investigar debe cumplirse diligentemente para evitar la impunidad y que este tipo de hechos vuelvan a repetirse. En este sentido, la Corte recuerda que la impunidad fomenta la repetici\u00f3n de las violaciones de derechos humanos.<\/li><li>Una vez que las autoridades estatales tengan conocimiento del hecho, deben iniciar de oficio y sin dilaci\u00f3n, una investigaci\u00f3n seria, imparcial y efectiva por todos los medios legales disponibles y orientada a la determinaci\u00f3n de la verdad y a la persecuci\u00f3n, captura, enjuiciamiento y eventual castigo de todos los autores de los hechos, especialmente cuando est\u00e1n o puedan estar involucrados agentes estatales.<\/li><li>Se documenten y coordinen los actos investigativos y se maneje diligentemente la prueba, tomando muestras suficientes, realizando estudios para determinar la posible autor\u00eda del hecho, asegurando otras pruebas como la ropa de la v\u00edctima, investigando de forma inmediata el lugar, los hechos y garantizando la correcta cadena de custodia; y finalmente.<\/li><li>Se brinde acceso a asistencia jur\u00eddica gratuita a la v\u00edctima durante todas las etapas del proceso. (sic.)<\/li><\/ol><\/li><\/ol><\/div><\/div><\/div><\/div><\/div><\/div><\/div><\/div><\/div>\n\t\t\t\t<\/div>\n\t\t\t\t<\/div>\n\t\t\t\t\t\t<\/div>\n\t\t\t\t\t<\/div>\n\t\t<\/div>\n\t\t\t\t\t\t\t\t<\/div>\n\t\t\t\t\t<\/div>\n\t\t<\/section>\n\t\t\t\t<section class=\"elementor-section elementor-top-section elementor-element elementor-element-f33f5eb elementor-section-boxed elementor-section-height-default elementor-section-height-default\" data-id=\"f33f5eb\" data-element_type=\"section\">\n\t\t\t\t\t\t<div class=\"elementor-container elementor-column-gap-default\">\n\t\t\t\t\t\t\t<div class=\"elementor-row\">\n\t\t\t\t\t<div class=\"elementor-column elementor-col-100 elementor-top-column elementor-element elementor-element-ba78ade\" data-id=\"ba78ade\" data-element_type=\"column\">\n\t\t\t<div class=\"elementor-column-wrap elementor-element-populated\">\n\t\t\t\t\t\t\t<div class=\"elementor-widget-wrap\">\n\t\t\t\t\t\t<div class=\"elementor-element elementor-element-02db589 elementor-widget elementor-widget-text-editor\" data-id=\"02db589\" data-element_type=\"widget\" data-widget_type=\"text-editor.default\">\n\t\t\t\t<div class=\"elementor-widget-container\">\n\t\t\t\t\t<div class=\"elementor-text-editor elementor-clearfix\"><div class=\"page\" title=\"Page 15\"><div class=\"section\"><div class=\"layoutArea\"><div class=\"column\"><div class=\"page\" title=\"Page 24\"><div class=\"section\"><div class=\"layoutArea\"><div class=\"column\"><ul><li><b>Caso Vel\u00e1zquez Paiz y otros vs. Guatemala<a class=\"tooltips\" title=\"Disponible en: https:\/\/www.corteidh.or.cr\/docs\/casos\/articulos\/seriec_307_esp.pdf\"><sup>30<\/sup><\/a><\/b><\/li><\/ul><p>La investigaci\u00f3n penal ante la desaparici\u00f3n de Claudina Vel\u00e1squez, no inici\u00f3 a partir de las denuncias sino a partir del hallazgo de su cuerpo sin vida. Posteriormente, se produjeron diversas irregularidades en la investigaci\u00f3n a partir del hallazgo del cuerpo de la v\u00edctima y posteriores actuaciones de los funcionarios estatales, a saber: i) falta de un registro policial sobre el hallazgo del cuerpo; ii) falta de investigaci\u00f3n de los indicios de manipulaci\u00f3n del cad\u00e1ver; iii) incorrecto manejo de la escena del crimen; iv) irregularidades en la documentaci\u00f3n y preservaci\u00f3n de la evidencia; v) falta de recaudaci\u00f3n y preservaci\u00f3n de evidencia; vi) irregularidades respecto a la pr\u00e1ctica de la necropsia y su documentaci\u00f3n; vii) irregularidades y falta de determinaci\u00f3n de la hora de la muerte; viii) referencia a la v\u00edctima como \u201cXX\u201d en informes de investigaci\u00f3n elaborados con posterioridad a su identificaci\u00f3n, e ix) irregularidades en el reconocimiento m\u00e9dico forense y su informe respectivo. Al respecto, la Corte IDH estableci\u00f3 que las falencias de las primeras diligencias de la investigaci\u00f3n dif\u00edcilmente pod\u00edan ser subsanadas por las tard\u00edas e insuficientes diligencias probatorias que el Estado trat\u00f3 de impulsar y, adem\u00e1s, la p\u00e9rdida de evidencia devino en irreparable. En raz\u00f3n de todo lo anterior, la Corte estableci\u00f3 que se afect\u00f3 la debida diligencia y rigor en la investigaci\u00f3n.<\/p><p>La Corte IDH ha establecido que en casos de sospecha de homicidio por raz\u00f3n de g\u00e9nero, la obligaci\u00f3n estatal de investigar con la debida diligencia incluye el deber de ordenar de oficio los ex\u00e1menes y pericias correspondientes tendientes a verificar si el homicidio tuvo un m\u00f3vil sexual o si se produjo alg\u00fan tipo de violencia sexual. En este sentido, la investigaci\u00f3n sobre un supuesto homicidio por raz\u00f3n de g\u00e9nero no debe limitarse a la muerte de la v\u00edctima, sino que debe abarcar otras afectaciones espec\u00edficas contra la integridad personal, tales como torturas y actos de violencia sexual.<\/p><p>En una investigaci\u00f3n penal por violencia sexual es necesario que se documenten y coordinen los actos investigativos y se maneje diligentemente la prueba, tomando muestras suficientes, realizando estudios para determinar la posible autor\u00eda del hecho, asegurando otras pruebas como la ropa de la v\u00edctima, la investigaci\u00f3n inmediata del lugar de los hechos y garantizando la correcta cadena de custodia.<\/p><\/div><\/div><\/div><\/div><\/div><\/div><\/div><\/div><\/div>\n\t\t\t\t<\/div>\n\t\t\t\t<\/div>\n\t\t\t\t\t\t<\/div>\n\t\t\t\t\t<\/div>\n\t\t<\/div>\n\t\t\t\t\t\t\t\t<\/div>\n\t\t\t\t\t<\/div>\n\t\t<\/section>\n\t\t\t\t<section class=\"elementor-section elementor-top-section elementor-element elementor-element-4d3540a elementor-section-boxed elementor-section-height-default elementor-section-height-default\" data-id=\"4d3540a\" data-element_type=\"section\">\n\t\t\t\t\t\t<div class=\"elementor-container elementor-column-gap-default\">\n\t\t\t\t\t\t\t<div class=\"elementor-row\">\n\t\t\t\t\t<div class=\"elementor-column elementor-col-100 elementor-top-column elementor-element elementor-element-4284142\" data-id=\"4284142\" data-element_type=\"column\">\n\t\t\t<div class=\"elementor-column-wrap elementor-element-populated\">\n\t\t\t\t\t\t\t<div class=\"elementor-widget-wrap\">\n\t\t\t\t\t\t<div class=\"elementor-element elementor-element-53e1e8b elementor-widget elementor-widget-text-editor\" data-id=\"53e1e8b\" data-element_type=\"widget\" data-widget_type=\"text-editor.default\">\n\t\t\t\t<div class=\"elementor-widget-container\">\n\t\t\t\t\t<div class=\"elementor-text-editor elementor-clearfix\"><div class=\"page\" title=\"Page 15\"><div class=\"section\"><div class=\"layoutArea\"><div class=\"column\"><div class=\"page\" title=\"Page 24\"><div class=\"section\"><div class=\"layoutArea\"><div class=\"column\"><ul><li><b>Caso Fern\u00e1ndez Ortega y otros vs. M\u00e9xico<a class=\"tooltips\" title=\"Disponible en: http:\/\/corteidh.or.cr\/docs\/casos\/articulos\/seriec_224_esp.pdf\"><sup>31<\/sup><\/a>.<\/b><\/li><\/ul><p>El caso se refiere a la responsabilidad internacional del Estado por la violaci\u00f3n sexual cometida en perjuicio de In\u00e9s Fern\u00e1ndez Ortega por parte de agentes militares, as\u00ed como por la falta de investigaci\u00f3n y sanci\u00f3n de los responsables. Para la Corte IDH el sufrimiento padecido por la se\u00f1ora Fern\u00e1ndez Ortega, al ser obligada a mantener un acto sexual contra su voluntad, hecho adem\u00e1s que fue observado por otras dos personas, es de la mayor intensidad.<\/p><p>La Corte IDH consider\u00f3 probadas, entre otras, varias omisiones y fallas en la investigaci\u00f3n entre ellas el que inicialmente el Ministerio P\u00fablico no quiso recibir su denuncia, no se le provey\u00f3 un\/a int\u00e9rprete afectando la calidad de su declaraci\u00f3n la que no se realiz\u00f3 en condiciones m\u00ednimas de privacidad, no se realiz\u00f3 la diligencia de investigaci\u00f3n sobre la escena del crimen inmediatamente y recolecci\u00f3n de elementos como sus prendas de vestir, no se provey\u00f3 a la v\u00edctima de atenci\u00f3n m\u00e9dica y psicol\u00f3gica adecuada, y no se protegi\u00f3 la prueba pericial.<\/p><p>Establece que \u201cen una investigaci\u00f3n penal por violencia sexual es necesario que: i) la declaraci\u00f3n de la v\u00edctima se realice en un ambiente c\u00f3modo y seguro, que le brinde privacidad y confianza; ii) la declaraci\u00f3n de la v\u00edctima se registre de forma tal que se evite o limite la necesidad de su repetici\u00f3n; iii) se brinde atenci\u00f3n m\u00e9dica, sanitaria y psicol\u00f3gica a la v\u00edctima, tanto de emergencia como de forma continuada si as\u00ed se requiere, mediante un protocolo de atenci\u00f3n cuyo objetivo sea reducir las consecuencias de la violaci\u00f3n; iv) se realice inmediatamente un examen m\u00e9dico y psicol\u00f3gico completo y detallado por personal id\u00f3neo y capacitado, en lo posible del sexo que la v\u00edctima indique, ofreci\u00e9ndole que sea acompa\u00f1ada por alguien de su confianza si as\u00ed lo desea; v) se documenten y coordinen los actos investigativos y se maneje diligentemente la prueba, tomando muestras suficientes, realizando estudios para determinar la posible autor\u00eda del hecho, asegurando otras pruebas como la ropa de la v\u00edctima, investigando de forma inmediata el lugar de los hechos y garantizando la correcta cadena de custodia, y vi) se brinde acceso a asistencia jur\u00eddica gratuita a la v\u00edctima durante todas las etapas del proceso\u201d.<\/p><\/div><\/div><\/div><\/div><\/div><\/div><\/div><\/div><\/div>\n\t\t\t\t<\/div>\n\t\t\t\t<\/div>\n\t\t\t\t\t\t<\/div>\n\t\t\t\t\t<\/div>\n\t\t<\/div>\n\t\t\t\t\t\t\t\t<\/div>\n\t\t\t\t\t<\/div>\n\t\t<\/section>\n\t\t\t\t<section class=\"elementor-section elementor-top-section elementor-element elementor-element-785aadd elementor-section-boxed elementor-section-height-default elementor-section-height-default\" data-id=\"785aadd\" data-element_type=\"section\">\n\t\t\t\t\t\t<div class=\"elementor-container elementor-column-gap-default\">\n\t\t\t\t\t\t\t<div class=\"elementor-row\">\n\t\t\t\t\t<div class=\"elementor-column elementor-col-100 elementor-top-column elementor-element elementor-element-1eb4c6b\" data-id=\"1eb4c6b\" data-element_type=\"column\">\n\t\t\t<div class=\"elementor-column-wrap elementor-element-populated\">\n\t\t\t\t\t\t\t<div class=\"elementor-widget-wrap\">\n\t\t\t\t\t\t<div class=\"elementor-element elementor-element-beb6fdb elementor-widget elementor-widget-text-editor\" data-id=\"beb6fdb\" data-element_type=\"widget\" data-widget_type=\"text-editor.default\">\n\t\t\t\t<div class=\"elementor-widget-container\">\n\t\t\t\t\t<div class=\"elementor-text-editor elementor-clearfix\"><div class=\"page\" title=\"Page 15\"><div class=\"section\"><div class=\"layoutArea\"><div class=\"column\"><div class=\"page\" title=\"Page 24\"><div class=\"section\"><div class=\"layoutArea\"><div class=\"column\"><p><b>Est\u00e1ndares sobre el valor reforzado de la declaraci\u00f3n de la v\u00edctima<\/b><\/p><ul><li><b>Caso Rosendo Cant\u00fa y otra Vs. M\u00e9xico<a class=\"tooltips\" title=\"Disponible en: http:\/\/www.corteidh.or.cr\/docs\/casos\/articulos\/seriec_216_esp.pdf\"><sup>32<\/sup><\/a>.<\/b><\/li><\/ul><p>La se\u00f1ora Rosendo Cant\u00fa, mujer ind\u00edgena perteneciente a la comunidad ind\u00edgena Me\u00b4phaa, originaria de la comunidad de Caxitepec, estado de Guerrero (17 a\u00f1os de edad), junto con su hija Yenys Bernadino Rosendo, fue v\u00edctima de violaci\u00f3n sexual e interrogaciones con golpes violentos por parte de agentes militares. Atraves\u00f3 por muchas dificultades en busca de justicia, en primera instancia las autoridades se rehusaron a recibir su denuncia, no se le prest\u00f3 atenci\u00f3n m\u00e9dica para resguardar sus pruebas, ni tratamientos fisiol\u00f3gicos y psicol\u00f3gicos, por si fuera poco, la causa pas\u00f3 del fuero civil al militar y se puso en duda su declaraci\u00f3n.<\/p><p>La Corte IDH reconoci\u00f3 que la violaci\u00f3n sexual es una experiencia sumamente traum\u00e1tica que tiene severas consecuencias y causa gran da\u00f1o f\u00edsico y psicol\u00f3gico que deja a la v\u00edctima \u201chumillada f\u00edsica y emocionalmente\u201d.<\/p><p>Con relaci\u00f3n a las pruebas, la Corte se\u00f1ala que es evidente que la violaci\u00f3n sexual es un tipo particular de agresi\u00f3n que, en general, se caracteriza por producirse en ausencia de otras personas m\u00e1s all\u00e1 de la v\u00edctima y el agresor o los agresores. Dada la naturaleza de esta forma de violencia, no se puede esperar la existencia de pruebas gr\u00e1ficas o documentales y, por ello, la declaraci\u00f3n de la v\u00edctima constituye una prueba fundamental sobre el hecho. Tambi\u00e9n se establece que el Estado debe prestar especial atenci\u00f3n a las necesidades y a los derechos de los\/as ni\u00f1os\/as, en consideraci\u00f3n a su condici\u00f3n particular de vulnerabilidad. Indica tambi\u00e9n que para garantizar el acceso a la justicia de los miembros de comunidades ind\u00edgenas, \u201ces indispensable que los Estados otorguen una protecci\u00f3n efectiva que tome en cuenta sus particularidades propias, sus caracter\u00edsticas econ\u00f3micas y sociales, as\u00ed como su situaci\u00f3n de especial vulnerabilidad, su derecho consuetudinario, valores, usos y costumbres\u201d.<\/p><p>La obligaci\u00f3n de proteger el inter\u00e9s superior de los ni\u00f1os y ni\u00f1as durante cualquier procedimiento en el cual est\u00e9n involucrados puede implicar, lo siguiente:<\/p><p style=\"padding-left: 80px;\">\u201ci) suministrar la informaci\u00f3n e implementar los procedimientos adecuados adapt\u00e1ndolos a sus necesidades particulares, garantizando que cuenten con asistencia letrada y de otra \u00edndole en todo momento, de acuerdo con sus necesidades;<\/p><p style=\"padding-left: 80px;\">ii) asegurar especialmente en casos en los cuales ni\u00f1os o ni\u00f1as hayan sido v\u00edctimas de delitos como abusos sexuales u otras formas de maltrato, su derecho a ser escuchados se ejerza garantizando su plena protecci\u00f3n, vigilando que el personal est\u00e9 capacitado para atenderlos y que las salas de entrevistas representen un entorno seguro y no intimidatorio, hostil, insensible o inadecuado, y<\/p><p style=\"padding-left: 80px;\">iii) procurar que los ni\u00f1os y ni\u00f1as no sean interrogados en m\u00e1s\u00a0ocasiones que las necesarias para evitar, en la medida de lo posible, la revictimizaci\u00f3n o un impacto traum\u00e1tico en el ni\u00f1o\u201d.<\/p><\/div><\/div><\/div><\/div><\/div><\/div><\/div><\/div><\/div>\n\t\t\t\t<\/div>\n\t\t\t\t<\/div>\n\t\t\t\t\t\t<\/div>\n\t\t\t\t\t<\/div>\n\t\t<\/div>\n\t\t\t\t\t\t\t\t<\/div>\n\t\t\t\t\t<\/div>\n\t\t<\/section>\n\t\t\t\t<section class=\"elementor-section elementor-top-section elementor-element elementor-element-2f6c250 elementor-section-boxed elementor-section-height-default elementor-section-height-default\" data-id=\"2f6c250\" data-element_type=\"section\">\n\t\t\t\t\t\t<div class=\"elementor-container elementor-column-gap-default\">\n\t\t\t\t\t\t\t<div class=\"elementor-row\">\n\t\t\t\t\t<div class=\"elementor-column elementor-col-100 elementor-top-column elementor-element elementor-element-0f5ae39\" data-id=\"0f5ae39\" data-element_type=\"column\">\n\t\t\t<div class=\"elementor-column-wrap elementor-element-populated\">\n\t\t\t\t\t\t\t<div class=\"elementor-widget-wrap\">\n\t\t\t\t\t\t<div class=\"elementor-element elementor-element-6681c88 elementor-widget elementor-widget-text-editor\" data-id=\"6681c88\" data-element_type=\"widget\" data-widget_type=\"text-editor.default\">\n\t\t\t\t<div class=\"elementor-widget-container\">\n\t\t\t\t\t<div class=\"elementor-text-editor elementor-clearfix\"><div class=\"page\" title=\"Page 15\"><div class=\"section\"><div class=\"layoutArea\"><div class=\"column\"><div class=\"page\" title=\"Page 24\"><div class=\"section\"><div class=\"layoutArea\"><div class=\"column\"><p><b>Est\u00e1ndares sobre sobre reparaci\u00f3n integral<\/b><\/p><ul><li><b>Caso Gonz\u00e1lez y otras vs. M\u00e9xico (Campo Algodonero)<\/b><\/li><\/ul><p>La Corte IDH en esta sentencia recuerda que el concepto de \u2018reparaci\u00f3n integral\u2018 (restitutio in integrum) implica el restablecimiento de la situaci\u00f3n anterior y la eliminaci\u00f3n de los efectos que la violaci\u00f3n produjo, as\u00ed como una indemnizaci\u00f3n como compensaci\u00f3n por los da\u00f1os causados. Sin embargo, teniendo en cuenta la situaci\u00f3n de discriminaci\u00f3n estructural en la que se enmarcan los hechos ocurridos en el presente caso y que fue reconocida por el Estado [\u2026], las reparaciones deben tener una vocaci\u00f3n transformadora de dicha situaci\u00f3n, de tal forma que las mismas tengan un efecto no solo restitutivo sino tambi\u00e9n correctivo. En este sentido, no es admisible una restituci\u00f3n a la misma situaci\u00f3n estructural de violencia y discriminaci\u00f3n. Del mismo modo, la Corte recuerda que la naturaleza y monto de la reparaci\u00f3n ordenada dependen del da\u00f1o ocasionado en los planos tanto material como inmaterial. Las reparaciones no pueden implicar ni enriquecimiento ni empobrecimiento para la v\u00edctima o sus familiares, y deben guardar relaci\u00f3n directa con las violaciones declaradas. Una o m\u00e1s<br \/>medidas pueden reparar un da\u00f1o espec\u00edfico sin que \u00e9stas se consideren una doble reparaci\u00f3n.<\/p><\/div><\/div><\/div><\/div><\/div><\/div><\/div><\/div><\/div>\n\t\t\t\t<\/div>\n\t\t\t\t<\/div>\n\t\t\t\t\t\t<\/div>\n\t\t\t\t\t<\/div>\n\t\t<\/div>\n\t\t\t\t\t\t\t\t<\/div>\n\t\t\t\t\t<\/div>\n\t\t<\/section>\n\t\t\t\t<section class=\"elementor-section elementor-top-section elementor-element elementor-element-b43ee69 elementor-section-boxed elementor-section-height-default elementor-section-height-default\" data-id=\"b43ee69\" data-element_type=\"section\">\n\t\t\t\t\t\t<div class=\"elementor-container elementor-column-gap-default\">\n\t\t\t\t\t\t\t<div class=\"elementor-row\">\n\t\t\t\t\t<div class=\"elementor-column elementor-col-100 elementor-top-column elementor-element elementor-element-310b094\" data-id=\"310b094\" data-element_type=\"column\">\n\t\t\t<div class=\"elementor-column-wrap elementor-element-populated\">\n\t\t\t\t\t\t\t<div class=\"elementor-widget-wrap\">\n\t\t\t\t\t\t<div class=\"elementor-element elementor-element-cee9ee9 elementor-widget elementor-widget-text-editor\" data-id=\"cee9ee9\" data-element_type=\"widget\" data-widget_type=\"text-editor.default\">\n\t\t\t\t<div class=\"elementor-widget-container\">\n\t\t\t\t\t<div class=\"elementor-text-editor elementor-clearfix\"><div title=\"Page 15\"><div><div><div><div title=\"Page 24\"><div><div><div><p><span style=\"color: #43358b;\"><b>Jurisprudencia de \u00f3rganos de supervisi\u00f3n de los tratados de Naciones Unidas<\/b><\/span><\/p><\/div><\/div><\/div><\/div><\/div><\/div><\/div><\/div><\/div>\n\t\t\t\t<\/div>\n\t\t\t\t<\/div>\n\t\t\t\t\t\t<\/div>\n\t\t\t\t\t<\/div>\n\t\t<\/div>\n\t\t\t\t\t\t\t\t<\/div>\n\t\t\t\t\t<\/div>\n\t\t<\/section>\n\t\t\t\t<section class=\"elementor-section elementor-top-section elementor-element elementor-element-1a2a6cd elementor-section-boxed elementor-section-height-default elementor-section-height-default\" data-id=\"1a2a6cd\" data-element_type=\"section\">\n\t\t\t\t\t\t<div class=\"elementor-container elementor-column-gap-default\">\n\t\t\t\t\t\t\t<div class=\"elementor-row\">\n\t\t\t\t\t<div class=\"elementor-column elementor-col-100 elementor-top-column elementor-element elementor-element-1e23bc2\" data-id=\"1e23bc2\" data-element_type=\"column\">\n\t\t\t<div class=\"elementor-column-wrap elementor-element-populated\">\n\t\t\t\t\t\t\t<div class=\"elementor-widget-wrap\">\n\t\t\t\t\t\t<div class=\"elementor-element elementor-element-ac43f75 elementor-widget elementor-widget-text-editor\" data-id=\"ac43f75\" data-element_type=\"widget\" data-widget_type=\"text-editor.default\">\n\t\t\t\t<div class=\"elementor-widget-container\">\n\t\t\t\t\t<div class=\"elementor-text-editor elementor-clearfix\"><div class=\"page\" title=\"Page 15\"><div class=\"section\"><div class=\"layoutArea\"><div class=\"column\"><div class=\"page\" title=\"Page 24\"><div class=\"section\"><div class=\"layoutArea\"><div class=\"column\"><p><b>Est\u00e1ndares sobre la no revictimizaci\u00f3n, la protecci\u00f3n reforzada a ni\u00f1as, ni\u00f1os y adolescentes y el principio de autonom\u00eda progresiva<\/b><\/p><p><b>Caso V.R.P., V.P.C. y otros Vs. Nicaragua<a class=\"tooltips\" title=\"Disponible en: http:\/\/www.corteidh.or.cr\/docs\/casos\/articulos\/seriec_350_esp.pdf\"><sup>33<\/sup><\/a><\/b><\/p><p>El caso se relaciona con la violaci\u00f3n sexual contra la ni\u00f1a V.R.P, ejercida por su padre. Este hecho le ocasion\u00f3 severas secuelas f\u00edsicas y ps\u00edquicas. VPC, madre de la ni\u00f1a, denunci\u00f3 el delito en noviembre de 2001. A partir de esto se inici\u00f3 un proceso penal. La ni\u00f1a particip\u00f3 de distintas medidas de prueba; entre ellas, la recreaci\u00f3n de los hechos y evaluaciones m\u00e9dicas. Uno de estos ex\u00e1menes fue programado en presencia de muchas personas y debi\u00f3 ser suspendido por la resistencia de la ni\u00f1a a ser revisada debido al comportamiento del m\u00e9dico interviniente. VRP no recibi\u00f3 asistencia psicol\u00f3gica durante el tr\u00e1mite de la causa. En el marco del juicio \u2013resuelto por aplicaci\u00f3n del sistema de jurados\u2013 se sucedieron distintas irregularidades. Finalmente, el imputado fue declarado inocente. VPC present\u00f3 impugnaciones y quejas sobre las deficiencias del proceso y denunci\u00f3 episodios de amenazas e intimidaciones. Sin embargo, sus reclamos solo resultaron en demandas promovidas en su contra. La Corte IDH concluy\u00f3 que Nicaragua era responsable por la violaci\u00f3n de los derechos de V. R.P entre ellos el derecho de acceso a la justicia.<\/p><p>En este caso la Corte IDH estableci\u00f3 que las medidas especiales de protecci\u00f3n que el Estado debe adoptar se basan en el hecho de que las ni\u00f1as, ni\u00f1os y adolescentes se consideran m\u00e1s vulnerables a violaciones de derechos humanos, lo que adem\u00e1s estar\u00e1 determinado por distintos factores, como la edad, las condiciones particulares de cada uno, su grado de desarrollo y madurez y que en el caso de las ni\u00f1as, dicha vulnerabilidad a violaciones de derechos humanos puede verse enmarcada y potenciada, debido a factores de discriminaci\u00f3n hist\u00f3rica que han contribuido a que las mujeres y ni\u00f1as sufran mayores \u00edndices de violencia sexual, especialmente en la esfera familiar.<\/p><p>Subray\u00f3 que la actuaci\u00f3n estatal deber\u00e1 estar encaminada a la protecci\u00f3n reforzada de los derechos de ni\u00f1as, ni\u00f1os y adolescentes, a trav\u00e9s de la actuaci\u00f3n multidisciplinaria y coordinada de las agencias estatales de protecci\u00f3n y apoyo psicosocial, investigaci\u00f3n y juzgamiento, entre ellas el Ministerio P\u00fablico, las autoridades judiciales, los profesionales de salud, los servicios sociales y legales, la polic\u00eda nacional, entre otros, desde que el Estado conozca la violaci\u00f3n de sus derechos y de forma ininterrumpida, hasta que esos servicios dejen de ser necesarios, a fin de evitar que su participaci\u00f3n en el proceso penal les cause nuevos perjuicios y traumas adicionales, revictimiz\u00e1ndolos.<\/p><p>La Corte IDH tambi\u00e9n determin\u00f3 que la debida diligencia reforzada implica la adopci\u00f3n de medidas especiales y el desarrollo de un proceso adaptado a las ni\u00f1as, ni\u00f1os y adolescentes con miras a evitar su revictimizaci\u00f3n, y desarroll\u00f3, entre otros, los siguientes criterios:<\/p><p style=\"padding-left: 80px;\">\u201ci) el derecho a la informaci\u00f3n relativa al procedimiento, as\u00ed como los servicios de asistencia jur\u00eddica, de salud y dem\u00e1s medidas de protecci\u00f3n disponibles;<\/p><p style=\"padding-left: 80px;\">ii) la asistencia letrada, gratuita y proporcionada por el Estado, de un abogado especializado en ni\u00f1ez y adolescencia, con facultades de constituirse en calidad de parte procesal, oponerse a medidas judiciales, interponer recursos y realizar todo otro acto procesal tendiente a defender sus derechos en el proceso;<\/p><p style=\"padding-left: 80px;\">iii) el derecho a ser o\u00eddo, con las debidas garant\u00edas y dentro de un plazo razonable, que conlleva un criterio reforzado de celeridad;<\/p><p style=\"padding-left: 80px;\">iv) el derecho de la ni\u00f1a, ni\u00f1o o adolescente v\u00edctima a participar en el proceso penal, en funci\u00f3n de su edad y madurez, y siempre que no implique un perjuicio en su bienestar biopsico-social. Para ello, deben realizarse las diligencias estrictamente necesarias y evitarse la presencia e interacci\u00f3n de las ni\u00f1as, ni\u00f1os y adolescentes con su agresor;<\/p><p style=\"padding-left: 80px;\">v) generar las condiciones adecuadas para que las ni\u00f1as, ni\u00f1os y adolescentes puedan participar de forma efectiva en el proceso penal mediante las protecciones especiales y el acompa\u00f1amiento especializado;<\/p><p style=\"padding-left: 80px;\">vi) la entrevista deber\u00e1 llevarse a cabo por un psic\u00f3logo especializado o un profesional de disciplinas afines debidamente capacitado en la toma de este tipo de declaraciones de ni\u00f1as, ni\u00f1os y adolescentes. La Corte resalt\u00f3 que varios pa\u00edses han adoptado, como una buena pr\u00e1ctica, el uso de dispositivos especiales como la C\u00e1mara de Gesell o Circuitos Cerrados de Televisi\u00f3n (CCTV) que habilitan a las autoridades y las partes a seguir el desarrollo de la declaraci\u00f3n de la ni\u00f1a, ni\u00f1o o adolescente desde el exterior, a fin de minimizar cualquier efecto revictimizante;<\/p><p style=\"padding-left: 80px;\">vii) las salas de entrevistas otorgar\u00e1n un entorno seguro y no intimidatorio, hostil, insensible o inadecuado, que les brinde privacidad y confianza;<\/p><p style=\"padding-left: 80px;\">viii) el personal del servicio de justicia que intervenga deber\u00e1 estar capacitado en la tem\u00e1tica, y<\/p><p style=\"padding-left: 80px;\">ix) deber\u00e1 brindar asistencia inmediata y profesional, tanto m\u00e9dica como psicol\u00f3gica y\/o psiqui\u00e1trica, a cargo de un profesional espec\u00edficamente capacitado en la atenci\u00f3n de v\u00edctimas de este tipo de delitos y con perspectiva de g\u00e9nero\u201d.<\/p><p>Recuerda que los Estados tienen el deber de facilitar la posibilidad de que una ni\u00f1a, ni\u00f1o o adolescente v\u00edctima participe en todas y cada una de las diferentes etapas del proceso, evitar en todo momento la revictimizaci\u00f3n, brindar asistencia inmediata y profesional, tanto m\u00e9dica como psicol\u00f3gica y\/o psiqui\u00e1trica, asegurar el acompa\u00f1amiento por personal especializado, evitar sean sometidos a m\u00e1s de una evaluaci\u00f3n f\u00edsica -un peritaje ginecol\u00f3gico debe ser debidamente motivado- y contar con el consentimiento informado de la v\u00edctima, debiendo dar celeridad reforzada al proceso.<\/p><p>La Corte considera que \u201cuna interpretaci\u00f3n arm\u00f3nica e integral del derecho a ser o\u00eddo de ni\u00f1as, ni\u00f1os y adolescentes, junto con el principio de autonom\u00eda progresiva, conlleva a garantizar la asistencia jur\u00eddica de las ni\u00f1as, ni\u00f1os y adolescentes v\u00edctimas en los procesos penales. En este sentido, el acceso a la justicia no solo implica habilitar los mecanismos necesarios para que las ni\u00f1as, ni\u00f1os y adolescentes puedan denunciar, sino que incluye la posibilidad de que participen activamente en los procesos judiciales, con voz propia y asistencia letrada, en defensa de sus derechos, seg\u00fan la edad y grado de madurez. Para sortear los obst\u00e1culos en el acceso a la justicia, la asistencia letrada de un abogado especializado en ni\u00f1ez y adolescencia, con facultades de constituirse en calidad de parte procesal, oponerse a medidas judiciales, interponer recursos y realizar todo otro acto procesal tendiente a defender sus derechos en el proceso, debe ser gratuita y proporcionada por el Estado, independientemente de los recursos econ\u00f3micos de sus progenitores y de las opiniones de \u00e9stos \u00faltimos\u201d.<\/p><\/div><\/div><\/div><\/div><\/div><\/div><\/div><\/div><\/div>\n\t\t\t\t<\/div>\n\t\t\t\t<\/div>\n\t\t\t\t\t\t<\/div>\n\t\t\t\t\t<\/div>\n\t\t<\/div>\n\t\t\t\t\t\t\t\t<\/div>\n\t\t\t\t\t<\/div>\n\t\t<\/section>\n\t\t\t\t<section class=\"elementor-section elementor-top-section elementor-element elementor-element-742e6e4 elementor-section-boxed elementor-section-height-default elementor-section-height-default\" data-id=\"742e6e4\" data-element_type=\"section\">\n\t\t\t\t\t\t<div class=\"elementor-container elementor-column-gap-default\">\n\t\t\t\t\t\t\t<div class=\"elementor-row\">\n\t\t\t\t\t<div class=\"elementor-column elementor-col-100 elementor-top-column elementor-element elementor-element-a46603f\" data-id=\"a46603f\" data-element_type=\"column\">\n\t\t\t<div class=\"elementor-column-wrap elementor-element-populated\">\n\t\t\t\t\t\t\t<div class=\"elementor-widget-wrap\">\n\t\t\t\t\t\t<div class=\"elementor-element elementor-element-e745486 elementor-widget elementor-widget-text-editor\" data-id=\"e745486\" data-element_type=\"widget\" data-widget_type=\"text-editor.default\">\n\t\t\t\t<div class=\"elementor-widget-container\">\n\t\t\t\t\t<div class=\"elementor-text-editor elementor-clearfix\"><p><strong>Est\u00e1ndares sobre protecci\u00f3n reforzada a la mujer y los\/as hijos\/as<\/strong><\/p><ul><li><strong>Caso Jessica Lenahan (Gonzales) y otros Vs. Estados Unidos<a class=\"tooltips\" title=\"Disponible en:https:\/\/www.oas.org\/es\/cidh\/decisiones\/2011\/USPU12626ES.doc\"><sup>34<\/sup><\/a>.<\/strong><\/li><\/ul><p>En este caso la Comisi\u00f3n Interamericana de Derechos Humanos (CIDH) consider\u00f3 que el Estado no actu\u00f3 con la debida diligencia. Jessica Lenahan, una mujer de origen ind\u00edgena e hispano, se separ\u00f3 de su esposo Sim\u00f3n Gonz\u00e1lez ante los constantes actos de violencia en su contra, no obstante, al seguir las agresiones, los ingresos forzados al domicilio y otros actos que la pon\u00edan en una situaci\u00f3n de riesgo, solicit\u00f3 y obtuvo una orden de protecci\u00f3n para ella y sus hijas, medidas que su esposo no cumpli\u00f3 y pese a informar a la polic\u00eda, no se tom\u00f3 ninguna acci\u00f3n al respecto. Consigui\u00f3 tambi\u00e9n una restricci\u00f3n de contacto de Gonz\u00e1lez con sus hijas, sin embargo, una noche secuestr\u00f3 a las ni\u00f1as y pese a reiteradas llamadas a la Polic\u00eda, esta ignor\u00f3 la situaci\u00f3n. Diez horas despu\u00e9s, Sim\u00f3n Gonzales estacion\u00f3 su auto frente a la estaci\u00f3n de polic\u00eda y empez\u00f3 a disparar contra el edificio. La polic\u00eda respondi\u00f3 los disparos y dio muerte a Sim\u00f3n Gonzales. Posteriormente, hallaron los cuerpos de las ni\u00f1as en la parte trasera de la camioneta de Sim\u00f3n Gonzales, aparentemente asesinadas a tiros sin determinaci\u00f3n clara de la autor\u00eda.<\/p><p>La CIDH se\u00f1al\u00f3 que los Estados deben tener en cuenta que la violencia dom\u00e9stica es un problema que afecta desproporcionadamente a las mujeres, al ser ellas las v\u00edctimas m\u00e1s frecuentes. Las ni\u00f1as y los ni\u00f1os tambi\u00e9n son con frecuencia testigos, v\u00edctimas y ampliamente perjudicados por el fen\u00f3meno. Las \u00f3rdenes de protecci\u00f3n son vitales para garantizar la obligaci\u00f3n de la debida diligencia en los casos de violencia dom\u00e9stica y que a menudo son el \u00fanico recurso del cual disponen las mujeres v\u00edctimas y sus hijos e hijas para protegerse de un da\u00f1o inminente. Sin embargo, solo son efectivas si son implementadas con diligencia, por tanto, requiere que las autoridades encargadas de recibir las denuncias de personas desaparecidas tengan la capacidad de entender la gravedad del fen\u00f3meno de la violencia perpetrada contra ellas y de actuar de inmediato.<\/p><p>Se\u00f1ala que existe un amplio reconocimiento internacional del v\u00ednculo estrecho entre la violencia dom\u00e9stica y la violencia fatal contra las ni\u00f1as y ni\u00f1os perpetrada por los padres, debiendo estar la polic\u00eda capacitada al respecto. La CIDH observ\u00f3 que, cuando un Estado otorga una orden de protecci\u00f3n, ello tiene implicaciones de seguridad para la mujer que solicit\u00f3 dicha orden, para sus hijos e hijas, y sus familiares. Las \u00f3rdenes de protecci\u00f3n pueden agravar el problema de la violencia derivada de la separaci\u00f3n, dando lugar a represalias del agresor contra la mujer y sus hijos e hijas, problema que incrementa la necesidad de que las v\u00edctimas reciban protecci\u00f3n legal del Estado, luego que se imparte una orden de este tipo. La falla del Estado de actuar con debida diligencia para proteger a las mujeres de la violencia constituye una forma de discriminaci\u00f3n, y una negaci\u00f3n de su derecho a la igual protecci\u00f3n de la ley.<\/p><\/div>\n\t\t\t\t<\/div>\n\t\t\t\t<\/div>\n\t\t\t\t\t\t<\/div>\n\t\t\t\t\t<\/div>\n\t\t<\/div>\n\t\t\t\t\t\t\t\t<\/div>\n\t\t\t\t\t<\/div>\n\t\t<\/section>\n\t\t\t\t<section class=\"elementor-section elementor-top-section elementor-element elementor-element-1d73fc8 elementor-section-boxed elementor-section-height-default elementor-section-height-default\" data-id=\"1d73fc8\" data-element_type=\"section\">\n\t\t\t\t\t\t<div class=\"elementor-container elementor-column-gap-default\">\n\t\t\t\t\t\t\t<div class=\"elementor-row\">\n\t\t\t\t\t<div class=\"elementor-column elementor-col-100 elementor-top-column elementor-element elementor-element-237ba90\" data-id=\"237ba90\" data-element_type=\"column\">\n\t\t\t<div class=\"elementor-column-wrap elementor-element-populated\">\n\t\t\t\t\t\t\t<div class=\"elementor-widget-wrap\">\n\t\t\t\t\t\t<div class=\"elementor-element elementor-element-52a842d elementor-widget elementor-widget-text-editor\" data-id=\"52a842d\" data-element_type=\"widget\" data-widget_type=\"text-editor.default\">\n\t\t\t\t<div class=\"elementor-widget-container\">\n\t\t\t\t\t<div class=\"elementor-text-editor elementor-clearfix\"><p><strong>Est\u00e1ndares sobre estereotipos de g\u00e9nero<\/strong><\/p><ul><li><strong>Atala Riffo y Ni\u00f1as vs. Chile<a class=\"tooltips\" title=\"Disponible en: https:\/\/corteidh.or.cr\/docs\/casos\/articulos\/seriec_239_esp.pdf\"><sup>35<\/sup><\/a><\/strong><\/li><\/ul><p>La Corte IDH con esta sentencia resolvi\u00f3 el primer caso sobre discriminaci\u00f3n por motivos de orientaci\u00f3n sexual. Los hechos tienen como protagonista a la jueza chilena Karen \u00c1tala, quien opt\u00f3 por dar fin a su matrimonio y de mutuo acuerdo qued\u00f3 a cargo de sus tres hijas, decidiendo luego iniciar una vida en compa\u00f1\u00eda de su pareja del mismo sexo que se fue a vivir con ellas. El padre de las ni\u00f1as demand\u00f3 su custodia, por considerar que la orientaci\u00f3n sexual de su madre y la vida que llevaba pon\u00edan en peligro su desarrollo emocional y f\u00edsico, la que le fue concedida argumentando que las ni\u00f1as ten\u00edan derecho a vivir en una familia estructurada \u201cnormalmente\u201d y apreciada en el medio social, seg\u00fan el modelo tradicional.<\/p><p>La Corte IDH precis\u00f3 que para determinar aspectos sobre el inter\u00e9s superior del ni\u00f1o en los casos de custodia debe partirse de la evaluaci\u00f3n de los comportamientos parentales concretos, no siendo admisibles las consideraciones basadas en estereotipos por la orientaci\u00f3n sexual o el\u00a0impacto que estos presuntamente puedan tener en las ni\u00f1as y los ni\u00f1os concluyendo que la decisi\u00f3n de la Corte Suprema se bas\u00f3 en argumentos abstractos, estereotipados y discriminatorios por lo que el Estado incumpli\u00f3 sus obligaciones de respetar y garantizar los derechos de la jueza \u00c1tala y vulner\u00f3 su derecho de igualdad ante la ley.<\/p><\/div>\n\t\t\t\t<\/div>\n\t\t\t\t<\/div>\n\t\t\t\t\t\t<\/div>\n\t\t\t\t\t<\/div>\n\t\t<\/div>\n\t\t\t\t\t\t\t\t<\/div>\n\t\t\t\t\t<\/div>\n\t\t<\/section>\n\t\t\t\t<section class=\"elementor-section elementor-top-section elementor-element elementor-element-b77c2cc elementor-section-boxed elementor-section-height-default elementor-section-height-default\" data-id=\"b77c2cc\" data-element_type=\"section\">\n\t\t\t\t\t\t<div class=\"elementor-container elementor-column-gap-default\">\n\t\t\t\t\t\t\t<div class=\"elementor-row\">\n\t\t\t\t\t<div class=\"elementor-column elementor-col-100 elementor-top-column elementor-element elementor-element-9166614\" data-id=\"9166614\" data-element_type=\"column\">\n\t\t\t<div class=\"elementor-column-wrap elementor-element-populated\">\n\t\t\t\t\t\t\t<div class=\"elementor-widget-wrap\">\n\t\t\t\t\t\t<div class=\"elementor-element elementor-element-0535a84 elementor-widget elementor-widget-text-editor\" data-id=\"0535a84\" data-element_type=\"widget\" data-widget_type=\"text-editor.default\">\n\t\t\t\t<div class=\"elementor-widget-container\">\n\t\t\t\t\t<div class=\"elementor-text-editor elementor-clearfix\"><div title=\"Page 15\"><div><div><div><div title=\"Page 24\"><div><div><div><p><span style=\"color: #43358b;\"><b>Jurisprudencia de \u00f3rganos de los tratados de las Naciones Unidas sobre la protecci\u00f3n a v\u00edctimas de violencia\u00a0<\/b><\/span><\/p><\/div><\/div><\/div><\/div><\/div><\/div><\/div><\/div><\/div>\n\t\t\t\t<\/div>\n\t\t\t\t<\/div>\n\t\t\t\t\t\t<\/div>\n\t\t\t\t\t<\/div>\n\t\t<\/div>\n\t\t\t\t\t\t\t\t<\/div>\n\t\t\t\t\t<\/div>\n\t\t<\/section>\n\t\t\t\t<section class=\"elementor-section elementor-top-section elementor-element elementor-element-c15437e elementor-section-boxed elementor-section-height-default elementor-section-height-default\" data-id=\"c15437e\" data-element_type=\"section\">\n\t\t\t\t\t\t<div class=\"elementor-container elementor-column-gap-default\">\n\t\t\t\t\t\t\t<div class=\"elementor-row\">\n\t\t\t\t\t<div class=\"elementor-column elementor-col-100 elementor-top-column elementor-element elementor-element-e0c0a3b\" data-id=\"e0c0a3b\" data-element_type=\"column\">\n\t\t\t<div class=\"elementor-column-wrap elementor-element-populated\">\n\t\t\t\t\t\t\t<div class=\"elementor-widget-wrap\">\n\t\t\t\t\t\t<div class=\"elementor-element elementor-element-27ac560 elementor-widget elementor-widget-text-editor\" data-id=\"27ac560\" data-element_type=\"widget\" data-widget_type=\"text-editor.default\">\n\t\t\t\t<div class=\"elementor-widget-container\">\n\t\t\t\t\t<div class=\"elementor-text-editor elementor-clearfix\"><p><b>Est\u00e1ndares sobre protecci\u00f3n reforzada<\/b><\/p><ul><li><strong>Caso \u015eahide Goekce (fallecida) vs. Austria<a class=\"tooltips\" title=\"Disponible en: https:\/\/archivos.juridicas.unam.mx\/www\/bjv\/libros\/11\/5212\/27.pdf\"><sup>36<\/sup><\/a><\/strong><\/li><\/ul><p>En este caso conocido por el Comit\u00e9 para la Eliminaci\u00f3n de la Discriminaci\u00f3n contra la Mujer, \u015eahide Goekce fue v\u00edctima de violencia por parte de su esposo Mustafa Goekce, quien en un par de oportunidades intent\u00f3 estrangularla y reiteradamente la amenaz\u00f3 de muerte, ante lo que ella logr\u00f3 varias \u00f3rdenes de protecci\u00f3n en un periodo de tres a\u00f1os, sin que en ning\u00fan caso fuese sancionado; la primera vez porque \u015eahide no autoriz\u00f3 las acciones en contra de su esposo, y las siguientes porque las autoridades consideraron que las lesiones eran leves y a su criterio no exist\u00edan motivos suficientes, sin valorar las se\u00f1ales del intento de estrangulamiento y que en una ocasi\u00f3n la propia polic\u00eda inform\u00f3 a la fiscal\u00eda sobre un hecho flagrante. Ante el conocimiento de nuevas amenazas e informaci\u00f3n de que el agresor\u00a0 ten\u00eda un arma de fuego, pese a la prohibici\u00f3n de tenencia, la polic\u00eda no hizo nada. El 7 de diciembre de 2002, Mustafa Goekce dispar\u00f3 contra \u015eahide Goekce con una pistola en su domicilio delante de sus dos hijas. La polic\u00eda no acudi\u00f3 a la casa de la v\u00edctima pese a la llamada de auxilio antes del asesinato.<\/p><p>El Comit\u00e9 consider\u00f3 que, dada esta combinaci\u00f3n de factores, la polic\u00eda sab\u00eda o deb\u00eda haber sabido que \u015eahide Goekce corr\u00eda peligro grave; deb\u00eda haber tratado su \u00faltima llamada como una emergencia, en particular en raz\u00f3n de que Mustafa Goekce hab\u00eda demostrado que ten\u00eda posibilidades de ser un delincuente muy peligroso y violento. El Comit\u00e9 consider\u00f3 que, teniendo en cuenta los numerosos antecedentes de disturbios y golpes anteriores, por no responder inmediatamente a la llamada, la polic\u00eda es responsable de no haber actuado con la diligencia debida para proteger a \u015eahide Goekce.<\/p><p>Se\u00f1al\u00f3 que aunque el Estado Parte sostiene con raz\u00f3n que es necesario en cada caso determinar si la detenci\u00f3n constituir\u00eda una injerencia desproporcionada en los derechos b\u00e1sicos y las libertades fundamentales de un autor de actos de violencia dom\u00e9stica, como el derecho a la libertad de circulaci\u00f3n y a un juicio imparcial, los derechos del agresor no pueden estar por encima de los derechos humanos de las mujeres a la vida y a la integridad f\u00edsica y mental. En el presente caso, el Comit\u00e9 consider\u00f3 que el comportamiento (amenazas, intimidaci\u00f3n y golpes) de Mustafa Goekce transpon\u00eda un alto umbral de violencia del cual ten\u00eda conciencia el Fiscal y que, en consecuencia, el Fiscal no deb\u00eda haber denegado las solicitudes de la polic\u00eda de detener a Mustafa Goekce.<\/p><ul><li><b>Fatma Yildirim (fallecida) vs. Austria<a class=\"tooltips\" title=\"Disponible en: https:\/\/www.cejil.org\/sites\/default\/files\/legacy_files\/VII.%20Comit%C3%A9%20 para%20la%20Eliminaci%C3%B3n%20de%20la%20Discriminaci%C3%B3n%20contra%20la%20 Mujer_0.pdf\"><sup>37<\/sup><\/a><\/b><\/li><\/ul><p>En este caso el Comit\u00e9 para la Eliminaci\u00f3n de la Discriminaci\u00f3n contra la Mujer se\u00f1al\u00f3 que la innegable secuencia de acontecimientos que culminaron en el apu\u00f1alamiento mortal de Fatma Yildirim, en particular los esfuerzos continuos realizados por Irfan Yildirim, su agresor, para ponerse en contacto con ella y amenazarla de muerte por tel\u00e9fono y en persona, pese a una medida cautelar que le prohib\u00eda regresar a la vivienda de la pareja, sus inmediaciones y el lugar de trabajo de Fatma, as\u00ed como ponerse en contacto con ella, y las intervenciones peri\u00f3dicas de la polic\u00eda, revelaban una situaci\u00f3n extremadamente peligrosa para Fatma Yildirim de la que las autoridades austr\u00edacas ten\u00edan conocimiento o deber\u00edan haberlo tenido; teniendo en cuenta esa situaci\u00f3n, raz\u00f3n por la que el Fiscal no tendr\u00eda que haber negado los pedidos de la polic\u00eda de arrestar a Irfan Yildirim y ubicarlo en un lugar de detenci\u00f3n.<\/p><p>El Comit\u00e9 consider\u00f3 que el no haber detenido a Irfan Yildirim representa una violaci\u00f3n de la obligaci\u00f3n del Estado Parte de proceder con la debida diligencia para proteger a Fatma Yildirim. Si bien el Estado Parte sostuvo que, en ese momento, una orden de arresto parec\u00eda, desproporcionadamente invasiva, el Comit\u00e9 opin\u00f3, que los derechos del autor del delito no pueden dejar sin efecto los derechos humanos a la vida y a la integridad f\u00edsica y mental de la mujer.<\/p><\/div>\n\t\t\t\t<\/div>\n\t\t\t\t<\/div>\n\t\t\t\t\t\t<\/div>\n\t\t\t\t\t<\/div>\n\t\t<\/div>\n\t\t\t\t\t\t\t\t<\/div>\n\t\t\t\t\t<\/div>\n\t\t<\/section>\n\t\t\t\t<section class=\"elementor-section elementor-top-section elementor-element elementor-element-d434b1d elementor-section-boxed elementor-section-height-default elementor-section-height-default\" data-id=\"d434b1d\" data-element_type=\"section\">\n\t\t\t\t\t\t<div class=\"elementor-container elementor-column-gap-default\">\n\t\t\t\t\t\t\t<div class=\"elementor-row\">\n\t\t\t\t\t<div class=\"elementor-column elementor-col-100 elementor-top-column elementor-element elementor-element-beea809\" data-id=\"beea809\" data-element_type=\"column\">\n\t\t\t<div class=\"elementor-column-wrap elementor-element-populated\">\n\t\t\t\t\t\t\t<div class=\"elementor-widget-wrap\">\n\t\t\t\t\t\t<div class=\"elementor-element elementor-element-ab78838 elementor-widget elementor-widget-text-editor\" data-id=\"ab78838\" data-element_type=\"widget\" data-widget_type=\"text-editor.default\">\n\t\t\t\t<div class=\"elementor-widget-container\">\n\t\t\t\t\t<div class=\"elementor-text-editor elementor-clearfix\"><p><b>Est\u00e1ndares sobre estereotipos de g\u00e9nero<\/b><\/p><ul><li><b>Caso V.K. vs. Bulgaria<\/b><\/li><\/ul><p>V.K, una mujer nacional b\u00falgara, v\u00edctima de continuas y diferentes formas de violencia dom\u00e9stica por parte de su marido F.K., solicit\u00f3 una orden de protecci\u00f3n permanente contra su marido. Los tribunales b\u00falgaros negaron la solicitud argumentando que V.K no pudo probar que ella o sus hijos corr\u00edan un riesgo inminente de sufrir da\u00f1os contra su vida o salud. En este caso el Comit\u00e9 para la Eliminaci\u00f3n de la Discriminaci\u00f3n Contra la Mujer responsabiliz\u00f3 al Estado de Bulgaria por violar la CEDAW enviando con ello un mensaje a los Estados Parte de que deben rendir cuentas por la estereotipaci\u00f3n judicial que viole la CEDAW. Subray\u00f3 que la \u201cestereotipaci\u00f3n afecta el derecho de las mujeres a un juicio justo y que el poder judicial debe tener cuidado de no crear est\u00e1ndares inflexibles que se basen en nociones preconcebidas de lo que constituye violencia dom\u00e9stica o por raz\u00f3n de g\u00e9nero\u201d. Al respecto, el Comit\u00e9 destaca que los estereotipos afectan el derecho de la mujer a un proceso judicial imparcial y en sus recomendaciones, inst\u00f3 a que se brinde capacitaci\u00f3n obligatoria a los jueces sobre la Ley de Protecci\u00f3n contra la Violencia Dom\u00e9stica, incluyendo la \u201cdefinici\u00f3n de violencia dom\u00e9stica y sobre estereotipos de g\u00e9nero\u201d.<\/p><\/div>\n\t\t\t\t<\/div>\n\t\t\t\t<\/div>\n\t\t\t\t\t\t<\/div>\n\t\t\t\t\t<\/div>\n\t\t<\/div>\n\t\t\t\t\t\t\t\t<\/div>\n\t\t\t\t\t<\/div>\n\t\t<\/section>\n\t\t\t\t<section class=\"elementor-section elementor-top-section elementor-element elementor-element-c0c9fd6 elementor-section-boxed elementor-section-height-default elementor-section-height-default\" data-id=\"c0c9fd6\" data-element_type=\"section\">\n\t\t\t\t\t\t<div class=\"elementor-container elementor-column-gap-default\">\n\t\t\t\t\t\t\t<div class=\"elementor-row\">\n\t\t\t\t\t<div class=\"elementor-column elementor-col-100 elementor-top-column elementor-element elementor-element-f195f24\" data-id=\"f195f24\" data-element_type=\"column\">\n\t\t\t<div class=\"elementor-column-wrap elementor-element-populated\">\n\t\t\t\t\t\t\t<div class=\"elementor-widget-wrap\">\n\t\t\t\t\t\t<div class=\"elementor-element elementor-element-3fad841 elementor-widget elementor-widget-text-editor\" data-id=\"3fad841\" data-element_type=\"widget\" data-widget_type=\"text-editor.default\">\n\t\t\t\t<div class=\"elementor-widget-container\">\n\t\t\t\t\t<div class=\"elementor-text-editor elementor-clearfix\"><p><b>Est\u00e1ndares sobre la salud reproductiva de v\u00edctimas de violaci\u00f3n<\/b><\/p><ul><li><b>Caso L.C. Vs. Per\u00fa.<\/b><\/li><\/ul><p>En 2005, el Comit\u00e9 de Derechos Humanos de la ONU (el Comit\u00e9) se pronunci\u00f3 a favor de K.L., una joven de 17 a\u00f1os que fue obligada a llevar a t\u00e9rmino un embarazo con una malformaci\u00f3n fetal que era incompatible con la vida. En esa oportunidad el Comit\u00e9 estableci\u00f3 que la negaci\u00f3n del acceso al aborto legal violaba el derecho de K.L. a una vida libre de torturas, tratos crueles, inhumanos y degradantes. A su vez, el Comit\u00e9 recomend\u00f3 al Estado peruano adoptar las medidas que fuesen necesarias para evitar que se repitieran casos semejantes.<\/p><p>El dictamen del Comit\u00e9 para la Eliminaci\u00f3n de la Discriminaci\u00f3n contra la Mujer en el caso L.C. Vs. Per\u00fa se traduce en el reconocimiento de los derechos reproductivos de las mujeres. La decisi\u00f3n desarrolla un precedente determinante ya que:<\/p><p style=\"padding-left: 40px;\">1) Estableci\u00f3 que la prohibici\u00f3n o limitaci\u00f3n de los servicios de salud reproductiva est\u00e1n \u00edntimamente relacionados con la visi\u00f3n estereotipada de la funci\u00f3n reproductiva de la mujer. El Comit\u00e9 reconoci\u00f3 que el estereotipo que recae sobre la funci\u00f3n reproductiva de las mujeres, afecta y sobrepone negativamente los derechos del feto por encima de los derechos de la mujer.<\/p><p style=\"padding-left: 40px;\">2) Reconoci\u00f3 el deber que tienen los Estados de adoptar todas las medidas necesarias para garantizar que en los casos en que el aborto es legal, se garantice tales servicios.<\/p><p style=\"padding-left: 40px;\">3) Reconoci\u00f3 que el aborto terap\u00e9utico debe incluir una interpretaci\u00f3n amplia, en la que se incluya un componente exclusivo de salud mental;<\/p><p style=\"padding-left: 40px;\">4) Reconoci\u00f3 la necesidad de despenalizar el aborto en los casos de violencia sexual, con base en el argumento que limitar el aborto en estos casos, refuerza el estereotipo de g\u00e9nero seg\u00fan el cual las mujeres\u00a0son reconocidas como objetos sexuales y veh\u00edculos de reproducci\u00f3n a los cuales no se les reconoce de manera efectiva sus derechos.<\/p><p style=\"padding-left: 40px;\">5) Reconoci\u00f3 la obligaci\u00f3n de los Estados de garantizar el acceso a la salud de las mujeres sin ning\u00fan tipo de discriminaci\u00f3n con la finalidad de asegurar el acceso en condiciones de igualdad entre hombres y mujeres.<\/p><p style=\"padding-left: 40px;\">6) Reconoci\u00f3 la obligaci\u00f3n de protecci\u00f3n reforzada que recae sobre las ni\u00f1as, adolescentes y mujeres mayores, v\u00edctimas de violencia sexual.<\/p><p style=\"padding-left: 40px;\"><strong>iv) Caso L.N.P. Vs. Argentina<\/strong><\/p><p>El Comit\u00e9 de Derechos Humanos se pronunci\u00f3 frente a este caso, en el cual, la v\u00edctima de violaci\u00f3n aleg\u00f3 haber sufrido discriminaciones basadas en su condici\u00f3n de ni\u00f1a e ind\u00edgena, tanto durante el juicio como en sede policial y durante el examen m\u00e9dico a que fue sometida, siendo que el personal de la comisar\u00eda de polic\u00eda la mantuvo en espera durante varias horas, llorando y con restos de sangre en el vestido, y no se le tom\u00f3 denuncia alguna, limit\u00e1ndose finalmente a remitirla al puesto m\u00e9dico local. Una vez en el puesto m\u00e9dico, fue sometida a pruebas vejatorias, innecesarias para determinar la naturaleza de la agresi\u00f3n recibida, y tendientes a determinar su virginidad siendo que ella fue v\u00edctima de sexo oral y anal. A su vez, el tribunal que conoci\u00f3 del caso se bas\u00f3 en criterios discriminatorios y vejatorios, cuales son \u201cla presencia de una desfloraci\u00f3n de larga data\u201d de la v\u00edctima para concluir que no qued\u00f3 demostrada la falta de consentimiento de \u00e9sta al acto sexual.<\/p><p>La v\u00edctima sostuvo asimismo que se interrog\u00f3 a todos los testigos sobre si ella era prostituta. El Comit\u00e9 consider\u00f3 que todas las afirmaciones anteriores denotaron un tratamiento discriminatorio por las autoridades policiales, sanitarias y judiciales, tendientes a cuestionar la moral de la v\u00edctima. El Comit\u00e9 observ\u00f3, en particular, que la sentencia penal centra su an\u00e1lisis del caso en la vida sexual de la autora y en determinar si era o no \u201cprostituta\u201d. Asimismo, toma la falta de virginidad de la v\u00edctima como elemento principal para determinar su consentimiento al acto sexual. Con base a los hechos no refutados que tiene ante s\u00ed, el Comit\u00e9 concluye que los hechos ante s\u00ed ponen de manifiesto la existencia de discriminaci\u00f3n basada en la condici\u00f3n<br \/>de ni\u00f1a y la etnicidad de la v\u00edctima, en violaci\u00f3n del art\u00edculo 26 del Pacto.<\/p><\/div>\n\t\t\t\t<\/div>\n\t\t\t\t<\/div>\n\t\t\t\t\t\t<\/div>\n\t\t\t\t\t<\/div>\n\t\t<\/div>\n\t\t\t\t\t\t\t\t<\/div>\n\t\t\t\t\t<\/div>\n\t\t<\/section>\n\t\t\t\t<section class=\"elementor-section elementor-top-section elementor-element elementor-element-14d6fad elementor-section-boxed elementor-section-height-default elementor-section-height-default\" data-id=\"14d6fad\" data-element_type=\"section\">\n\t\t\t\t\t\t<div class=\"elementor-container elementor-column-gap-default\">\n\t\t\t\t\t\t\t<div class=\"elementor-row\">\n\t\t\t\t\t<div class=\"elementor-column elementor-col-100 elementor-top-column elementor-element elementor-element-121bb63\" data-id=\"121bb63\" data-element_type=\"column\">\n\t\t\t<div class=\"elementor-column-wrap elementor-element-populated\">\n\t\t\t\t\t\t\t<div class=\"elementor-widget-wrap\">\n\t\t\t\t\t\t<div class=\"elementor-element elementor-element-2a67465 elementor-widget elementor-widget-heading\" data-id=\"2a67465\" data-element_type=\"widget\" data-widget_type=\"heading.default\">\n\t\t\t\t<div class=\"elementor-widget-container\">\n\t\t\t<h2 class=\"elementor-heading-title elementor-size-default\">2.2 MARCO NORMATIVO NACIONAL<\/h2>\t\t<\/div>\n\t\t\t\t<\/div>\n\t\t\t\t\t\t<\/div>\n\t\t\t\t\t<\/div>\n\t\t<\/div>\n\t\t\t\t\t\t\t\t<\/div>\n\t\t\t\t\t<\/div>\n\t\t<\/section>\n\t\t\t\t<section class=\"elementor-section elementor-top-section elementor-element elementor-element-8ef5788 elementor-section-boxed elementor-section-height-default elementor-section-height-default\" data-id=\"8ef5788\" data-element_type=\"section\">\n\t\t\t\t\t\t<div class=\"elementor-container elementor-column-gap-default\">\n\t\t\t\t\t\t\t<div class=\"elementor-row\">\n\t\t\t\t\t<div class=\"elementor-column elementor-col-100 elementor-top-column elementor-element elementor-element-2a7f208\" data-id=\"2a7f208\" data-element_type=\"column\">\n\t\t\t<div class=\"elementor-column-wrap elementor-element-populated\">\n\t\t\t\t\t\t\t<div class=\"elementor-widget-wrap\">\n\t\t\t\t\t\t<div class=\"elementor-element elementor-element-3da9493 elementor-widget elementor-widget-text-editor\" data-id=\"3da9493\" data-element_type=\"widget\" data-widget_type=\"text-editor.default\">\n\t\t\t\t<div class=\"elementor-widget-container\">\n\t\t\t\t\t<div class=\"elementor-text-editor elementor-clearfix\"><p><b>LEGISLACI\u00d3N<\/b><\/p><p>El Estado Plurinacional de Bolivia ha adoptado medidas legislativas, fortaleciendo la protecci\u00f3n de los derechos de mujeres, ni\u00f1as, ni\u00f1os y adolescentes, que se reflejan en su norma suprema y la legislaci\u00f3n vigente, entre las que se mencionan:<\/p><ul><li><b>Constituci\u00f3n Pol\u00edtica del Estado<\/b><\/li><\/ul><p style=\"padding-left: 80px;\">Reconoce y garantiza los derechos fundamentales en el art\u00edculo 15, respecto a la dignidad humana y se\u00f1ala que \u201ctoda persona, en particular las mujeres, tienen derecho a no sufrir violencia f\u00edsica, sexual o psicol\u00f3gica, tanto en la familia como en la sociedad. El Estado adoptar\u00e1 las medidas necesarias para prevenir, eliminar y sancionar la violencia de g\u00e9nero y generacional, as\u00ed como toda acci\u00f3n u omisi\u00f3n que tenga por objeto degradar la condici\u00f3n humana, causar muerte, dolor y sufrimiento f\u00edsico, sexual o psicol\u00f3gico, tanto en el \u00e1mbito p\u00fablico como privado\u201d.<\/p><p style=\"padding-left: 80px;\">Como se observa, ahora las mujeres cuentan con derechos fundamentales expl\u00edcitos como los que protegen sus decisiones acerca de su fecundidad y sexualidad. La discriminaci\u00f3n relacionada con el sexo en cualquier campo, tal como el pol\u00edtico, econ\u00f3mico, social, educativo, cultural o civil, constituye un impedimento al reconocimiento, goce y ejercicio de los derechos humanos y de las libertades fundamentales de la mujer. Una meta importante es la interconexi\u00f3n de derechos individuales espec\u00edficos, con el derecho general a la salud, a la salud sexual y salud reproductiva.<\/p><p style=\"padding-left: 80px;\">El art\u00edculo 60 establece que \u201ces deber del Estado, la sociedad y la familia garantizar la prioridad del inter\u00e9s superior de la ni\u00f1a, ni\u00f1o y adolescente, que comprende la preeminencia de sus derechos, la primac\u00eda en recibir protecci\u00f3n y socorro en cualquier circunstancia, la prioridad en la atenci\u00f3n de los servicios p\u00fablicos y privados, y el acceso a una administraci\u00f3n de justicia pronta, oportuna y con asistencia de personal especializado\u201d; concordante con el art\u00edculo 61, \u201cse proh\u00edbe y sanciona toda forma de violencia contra las ni\u00f1as, ni\u00f1os y adolescentes, tanto en la familia como en la sociedad\u201d. Consiguientemente, en concordancia con el art\u00edculo 66 constitucional, prescribe que se garantiza a las mujeres y a los hombres el ejercicio de sus derechos sexuales y sus derechos reproductivos.<\/p><p>\u00a0<\/p><\/div>\n\t\t\t\t<\/div>\n\t\t\t\t<\/div>\n\t\t\t\t\t\t<\/div>\n\t\t\t\t\t<\/div>\n\t\t<\/div>\n\t\t\t\t\t\t\t\t<\/div>\n\t\t\t\t\t<\/div>\n\t\t<\/section>\n\t\t\t\t<section class=\"elementor-section elementor-top-section elementor-element elementor-element-da4bd72 elementor-section-boxed elementor-section-height-default elementor-section-height-default\" data-id=\"da4bd72\" data-element_type=\"section\">\n\t\t\t\t\t\t<div class=\"elementor-container elementor-column-gap-default\">\n\t\t\t\t\t\t\t<div class=\"elementor-row\">\n\t\t\t\t\t<div class=\"elementor-column elementor-col-100 elementor-top-column elementor-element elementor-element-a4cc62e\" data-id=\"a4cc62e\" data-element_type=\"column\">\n\t\t\t<div class=\"elementor-column-wrap elementor-element-populated\">\n\t\t\t\t\t\t\t<div class=\"elementor-widget-wrap\">\n\t\t\t\t\t\t<div class=\"elementor-element elementor-element-3d6dbe8 elementor-widget elementor-widget-text-editor\" data-id=\"3d6dbe8\" data-element_type=\"widget\" data-widget_type=\"text-editor.default\">\n\t\t\t\t<div class=\"elementor-widget-container\">\n\t\t\t\t\t<div class=\"elementor-text-editor elementor-clearfix\"><ul><li><b>C\u00f3digo Penal, de 10 de marzo de 1997, Ley No. 1768<\/b><\/li><\/ul><p>Es la normativa a trav\u00e9s de la cual se describen los hechos que constituyen delitos y establece las sanciones correspondientes a cada uno de ellos.<\/p><p>La Ley No. 348 modifica el C\u00f3digo Penal, creando nuevos tipos penales, modificando y derogando otros delitos relativos al ejercicio de diversas formas de violencia:<\/p><p><b>Nuevos tipos penales:<\/b><br \/>Feminicidio, (Art. 252 bis), Esterilizaci\u00f3n Forzada (Art. 271 bis.), Violencia Familiar o Dom\u00e9stica (Art. 272 bis), Actos Sexuales Abusivos (Art. 312 bis.), Padecimientos Sexuales (Art. 312 ter.), Acoso Sexual (Art. 312 quater.), Violencia Econ\u00f3mica (Art. 250 bis), Violencia Patrimonial (Art. 250 ter.), Sustracci\u00f3n de Utilidades de Actividades Econ\u00f3micas Familiares (Art. 250 quater.).<\/p><p><b>Tipos penales modificados:<\/b><br \/>Lesiones Grav\u00edsimas (Art. 270); Lesiones Graves y Leves (Art. 271); Violaci\u00f3n (Art. 308); Violaci\u00f3n de Infante, Ni\u00f1a, Ni\u00f1o o Adolescente (Art. 308 bis.); Agravante (Art. 310); Abuso Sexual (Art. 312); Rapto (Art. 313); Homicidio \u2013 Suicidio (Art. 256); Homicidio por Emoci\u00f3n Violenta (Art. 254); Substracci\u00f3n de un Menor o Incapaz (Art. 246).<\/p><p><b>Tipos penales derogados:<\/b><br \/>Violaci\u00f3n en Estado de Inconsciencia (Art. 308 ter.), Rapto Impropio (Art. 314), Rapto con Mira Profesional (Art. 315).<\/p><p><b>Otras leyes que crean y modifican tipos penales:<\/b><br \/>La Ley No. 054 de 08 de noviembre de 2010, Ley de Protecci\u00f3n Legal de Ni\u00f1as, Ni\u00f1os y Adolescentes modifica diferentes tipos penales, agravando las penas, cuando resultaren v\u00edctimas ni\u00f1os, ni\u00f1as y adolescentes, varios de ellos fueron posteriormente modificados por la Ley No. 348, Ley No.263 y Ley No. 1173 a excepci\u00f3n de los delitos de Homicidio en Ri\u00f1a a Consecuencia de Agresi\u00f3n (Art. 259); Lesi\u00f3n Seguida de Muerte (Art. 273); Lesiones Culposas (Art. 274); Abandono de Ni\u00f1as o Ni\u00f1os (Art. 278) y Abandono por Causa de Honor (Art. 279).<\/p><p>La Ley No. 243 de 28 de mayo de 2012, Ley Contra el Acoso y Violencia Pol\u00edtica hacia las Mujeres, tambi\u00e9n crea tipos penales que constituyen hechos de violencia: Acoso Pol\u00edtico contra Mujeres (Art. 148 bis.) y Violencia Pol\u00edtica contra Mujeres (Art. 148 ter.).<\/p><p>La Ley No. 548 de 17 de julio de 2014, C\u00f3digo Ni\u00f1a, Ni\u00f1o y Adolescente modifica el delito de Infanticidio (Art. 258).<\/p><p>La Ley No. 1173 de 08 de mayo de 2019, modifica las agravantes del delito de Violaci\u00f3n, Abuso Sexual y Violaci\u00f3n Infante, Ni\u00f1a, Ni\u00f1o y Adolescente (Art. 310) y el delito de Homicidio (Art. 251).<\/p><ul><li><b>C\u00f3digo de Procedimiento Penal, de 25 de marzo de 1999, Ley No. 1970<\/b><\/li><\/ul><p style=\"padding-left: 80px;\">El C\u00f3digo de Procedimiento Penal (CPP) es el instrumento normativo a trav\u00e9s del cual se establecen las garant\u00edas, principios y actuaciones procesales que forman parte del proceso penal.<\/p><p style=\"padding-left: 80px;\">Tanto la Ley No. 548 como la Ley No. 348 establecen principios procesales especiales en aras de garantizar el acceso a la justicia a ni\u00f1as, ni\u00f1os, adolescentes y mujeres en situaci\u00f3n de violencia.<\/p><ul><li><b>Ley del \u00d3rgano Judicial, de 24 de junio de 2010, Ley No. 025<a class=\"tooltips\" title=\"Disponible en: http:\/\/www.gacetaoficialdebolivia.gob.bo\/normas\/listadonor\/10\/page:20\"><sup>38<\/sup><\/a><\/b><\/li><\/ul><p style=\"padding-left: 80px;\">El objeto de esta Ley es regular la estructura, organizaci\u00f3n y funcionamiento del \u00d3rgano Judicial. Entre los principios que sustentan el \u00d3rgano Judicial est\u00e1n la plurinacionalidad, la independencia, la imparcialidad, la seguridad Jur\u00eddica, la publicidad, la idoneidad, la celeridad, la gratuidad, el pluralismo jur\u00eddico, la interculturalidad, la armon\u00eda social, el respeto a los derechos y la cultura de la paz. La Ley No. 348 modifica la Ley No. 025 estableciendo la creaci\u00f3n y competencias de los Juzgados de Instrucci\u00f3n y de Sentencia en Materia Contra la Violencia Hacia las Mujeres y los Tribunales de Sentencia\u00a0<span style=\"font-size: 15px; color: var( --e-global-color-text );\">en Materia Contra la Violencia Hacia las Mujeres.<\/span><\/p><ul><li><b>Ley Contra el Racismo y Toda Forma de Discriminaci\u00f3n, de 8 de octubre de\u00a02010, Ley No. 045<a class=\"tooltips\" title=\"Disponible en: http:\/\/www.noracismo.gob.bo\/archivos-pdf\/LEY_%20045_CONTRA_EL_ RACISMO_Y_TODA_FORMA_DE_DISCRIMINACION.pdf\"><sup>39<\/sup><\/a><\/b><\/li><\/ul><p style=\"padding-left: 80px;\">Esta Ley tiene por objeto establecer mecanismos y procedimientos para la prevenci\u00f3n y sanci\u00f3n de actos de racismo y toda forma de discriminaci\u00f3n en el marco de la Constituci\u00f3n Pol\u00edtica del Estado y Tratados Internacionales de Derechos Humanos. Establece sanciones por actos de racismo y discriminaci\u00f3n tanto por la v\u00eda administrativa como por la v\u00eda penal.<\/p><ul><li><b>Ley Marco de Autonom\u00edas y Descentralizaci\u00f3n \u201cAndr\u00e9s Ib\u00e1\u00f1ez\u201d, de 19 de julio de 2010, Ley No. 031<a class=\"tooltips\" title=\"Disponible en: http:\/\/www.gacetaoficialdebolivia.gob.bo\/normas\/listadonor\/10\/page:20\"><sup>40<\/sup><\/a><\/b><\/li><\/ul><p style=\"padding-left: 80px;\">Entre sus principios, establece la igualdad y equidad de g\u00e9nero garantizando el ejercicio pleno de las libertades y los derechos de mujeres y hombres, en el marco de las entidades territoriales aut\u00f3nomas.<\/p><p style=\"padding-left: 80px;\">Se reconoce la equidad de g\u00e9nero en la conformaci\u00f3n de los gobiernos de las entidades territoriales aut\u00f3nomas. Se dispone que, en el sistema de planificaci\u00f3n integral del Estado, se contemplen contenidos para dise\u00f1ar las estrategias m\u00e1s apropiadas para alcanzar los objetivos del desarrollo con equidad social y de g\u00e9nero e igualdad de oportunidades. Se plantean, como objetivos de las regiones, promover un desarrollo con equidad en la distribuci\u00f3n territorial de los recursos, un r\u00e9gimen de igualdad de g\u00e9nero, generacional y de personas en situaci\u00f3n de discapacidad en los Estatutos Departamentales y en las Cartas Org\u00e1nicas Municipales.<\/p><ul><li><b>Ley de Protecci\u00f3n Legal de Ni\u00f1as, Ni\u00f1os y Adolescentes, de 08 de noviembre de 2010, Ley No. 054<a class=\"tooltips\" title=\"Disponible en: http:\/\/www.gacetaoficialdebolivia.gob.bo\/normas\/listadonor\/10\/page:19\"><sup>41<\/sup><\/a><\/b><\/li><\/ul><p style=\"padding-left: 80px;\">Tiene como fundamento los art\u00edculos 60 y 61 de la CPE, en cuanto a la\u00a0funci\u00f3n primordial de proteger a la ni\u00f1ez y la adolescencia. El objeto de la Ley es \u201cproteger la vida, la integridad f\u00edsica, psicol\u00f3gica y sexual, la salud y seguridad de todas las ni\u00f1as, ni\u00f1os y adolescentes\u201d.<\/p><ul><li><b>Ley de Educaci\u00f3n Avelino Si\u00f1ani &#8211; Elizardo P\u00e9rez, de 20 de diciembre de 2010, Ley No. 070<a class=\"tooltips\" title=\"Disponible en: http:\/\/www.gacetaoficialdebolivia.gob.bo\/normas\/listadonor\/10\/page:19\"><sup>42<\/sup><\/a><\/b><\/li><\/ul><p style=\"padding-left: 80px;\">La educaci\u00f3n asume y promueve principios \u00e9tico-morales bajo el sustento de valores de equidad social y de g\u00e9nero. Entre los fines y objetivos de la educaci\u00f3n, se entiende que \u00e9sta promover\u00e1 una sociedad despatriarcalizada, cimentada en la equidad de g\u00e9nero, la no diferencia de roles, la no violencia y la vigencia plena de los derechos humanos. Se incluye la formaci\u00f3n de mujeres y hombres con identidad y conciencia de la diversidad sociocultural y ling\u00fc\u00edstica. Entre los objetivos de la educaci\u00f3n est\u00e1n el regular, complementar y articular la educaci\u00f3n human\u00edstica con la formaci\u00f3n hist\u00f3rica, c\u00edvica, derechos humanos, equidad de g\u00e9nero, derechos de la Madre Tierra y educaci\u00f3n en seguridad ciudadana.<\/p><p style=\"padding-left: 80px;\">La educaci\u00f3n es considerada promotora de la convivencia pac\u00edfica, contribuye a erradicar toda forma de violencia en el \u00e1mbito educativo, al\u00a0desarrollo de una sociedad sustentada en la cultura de paz, al buen trato y respeto a los derechos humanos individuales y colectivos de las personas y de los pueblos.<\/p><\/div>\n\t\t\t\t<\/div>\n\t\t\t\t<\/div>\n\t\t\t\t\t\t<\/div>\n\t\t\t\t\t<\/div>\n\t\t<\/div>\n\t\t\t\t\t\t\t\t<\/div>\n\t\t\t\t\t<\/div>\n\t\t<\/section>\n\t\t\t\t<section class=\"elementor-section elementor-top-section elementor-element elementor-element-5cc38df elementor-section-boxed elementor-section-height-default elementor-section-height-default\" data-id=\"5cc38df\" data-element_type=\"section\">\n\t\t\t\t\t\t<div class=\"elementor-container elementor-column-gap-default\">\n\t\t\t\t\t\t\t<div class=\"elementor-row\">\n\t\t\t\t\t<div class=\"elementor-column elementor-col-100 elementor-top-column elementor-element elementor-element-eb1ce87\" data-id=\"eb1ce87\" data-element_type=\"column\">\n\t\t\t<div class=\"elementor-column-wrap elementor-element-populated\">\n\t\t\t\t\t\t\t<div class=\"elementor-widget-wrap\">\n\t\t\t\t\t\t<div class=\"elementor-element elementor-element-a8d04e3 elementor-widget elementor-widget-text-editor\" data-id=\"a8d04e3\" data-element_type=\"widget\" data-widget_type=\"text-editor.default\">\n\t\t\t\t<div class=\"elementor-widget-container\">\n\t\t\t\t\t<div class=\"elementor-text-editor elementor-clearfix\"><ul><li><b>Ley de Deslinde Jurisdiccional, de 29 de diciembre de 2010, Ley No. 073<a class=\"tooltips\" title=\"Disponible en: http:\/\/www.gacetaoficialdebolivia.gob.bo\/normas\/listadonor\/10\/page:19\"><sup>43<\/sup><\/a><\/b><\/li><\/ul><p style=\"padding-left: 80px;\">La Ley No. 073 tiene por objeto regular los \u00e1mbitos de vigencia, entre la jurisdicci\u00f3n ind\u00edgena originaria campesina y las otras jurisdicciones reconocidas constitucionalmente; as\u00ed como determinar los mecanismos de coordinaci\u00f3n y cooperaci\u00f3n entre estas jurisdicciones, en el marco del pluralismo jur\u00eddico.<\/p><p style=\"padding-left: 80px;\">Esta Ley determina que la jurisdicci\u00f3n ind\u00edgena originaria campesina NO SE APLICAR\u00c1 a las siguientes materias: En materia penal, los delitos contra el derecho internacional, los delitos por cr\u00edmenes de lesa humanidad (\u2026\u2026). LOS DELITOS COMETIDOS EN CONTRA LA INTEGRIDAD CORPORAL DE NI\u00d1OS, NI\u00d1AS Y ADOLESCENTES, LOS DELITOS DE VIOLACI\u00d3N, ASESINATO U HOMICIDIO.<\/p><p style=\"padding-left: 80px;\">Complementariamente, la Ley No. 348 en su art\u00edculo 41 par\u00e1grafo II determina que todos los casos de violencia sexual, feminicidio y delitos an\u00e1logos deber\u00e1n ser derivados a la justicia ordinaria.<\/p><p style=\"padding-left: 80px;\">El C\u00f3digo Ni\u00f1a, Ni\u00f1o y Adolescente en el art\u00edculo 147 par\u00e1grafo II y III establece que la violencia contra NNA ser\u00e1 sancionada por la Jueza o el Juez Penal cuando est\u00e9 tipificada como delito; y que las otras formas de violencia que, no est\u00e9n tipificadas como delito, constituyen infracciones y ser\u00e1n sancionadas por la Jueza o Juez P\u00fablico de la Ni\u00f1ez y Adolescencia, tomando en cuenta la gravedad del hecho y la sana cr\u00edtica del\/la juzgador\/a. La Ley No. 243 contra el Acoso y Violencia Pol\u00edtica hacia las Mujeres establece las v\u00edas de denuncia de estos hechos y acciones legales posibles, ninguna de ellas contempla la justicia ind\u00edgena originaria campesina por lo que en conocimiento de estos hechos deben ser puestos en conocimiento de la jurisdicci\u00f3n ordinaria.<\/p><p style=\"padding-left: 80px;\">En consecuencia, todos los hechos sucedidos en un territorio ind\u00edgena originario campesino que impliquen violaci\u00f3n, asesinato y que vulneren la integridad de ni\u00f1as, ni\u00f1os, adolescentes y mujeres deben ser remitidos de manera inmediata a la jurisdicci\u00f3n ordinaria; en raz\u00f3n de que constituye una grave violaci\u00f3n a los Derechos Humanos.<\/p><\/div>\n\t\t\t\t<\/div>\n\t\t\t\t<\/div>\n\t\t\t\t\t\t<\/div>\n\t\t\t\t\t<\/div>\n\t\t<\/div>\n\t\t\t\t\t\t\t\t<\/div>\n\t\t\t\t\t<\/div>\n\t\t<\/section>\n\t\t\t\t<section class=\"elementor-section elementor-top-section elementor-element elementor-element-e103513 elementor-section-boxed elementor-section-height-default elementor-section-height-default\" data-id=\"e103513\" data-element_type=\"section\">\n\t\t\t\t\t\t<div class=\"elementor-container elementor-column-gap-default\">\n\t\t\t\t\t\t\t<div class=\"elementor-row\">\n\t\t\t\t\t<div class=\"elementor-column elementor-col-100 elementor-top-column elementor-element elementor-element-2111c53\" data-id=\"2111c53\" data-element_type=\"column\">\n\t\t\t<div class=\"elementor-column-wrap elementor-element-populated\">\n\t\t\t\t\t\t\t<div class=\"elementor-widget-wrap\">\n\t\t\t\t\t\t<div class=\"elementor-element elementor-element-054ca18 elementor-widget elementor-widget-text-editor\" data-id=\"054ca18\" data-element_type=\"widget\" data-widget_type=\"text-editor.default\">\n\t\t\t\t<div class=\"elementor-widget-container\">\n\t\t\t\t\t<div class=\"elementor-text-editor elementor-clearfix\"><ul><li><strong>Ley Org\u00e1nica del Ministerio P\u00fablico de 11 de Julio de 2012, Ley No. 260<a class=\"tooltips\" title=\"Disponible en: http:\/\/www.gacetaoficialdebolivia.gob.bo\/normas\/listadonor\/10\/page:17\"><sup>44<\/sup><\/a><\/strong><\/li><\/ul><p style=\"padding-left: 80px;\">La Ley No. 260 tiene por objeto regular la organizaci\u00f3n, atribuciones y funcionamiento del Ministerio P\u00fablico. De acuerdo al art\u00edculo 3, el Ministerio P\u00fablico \u201ctiene por finalidad defender la legalidad y los intereses generales de la sociedad, ejercer la acci\u00f3n penal p\u00fablica en interponer otras acciones, en el marco establecido por la Constituci\u00f3n Pol\u00edtica del Estado, los Tratados y Convenciones Internacionales en materia de Derechos Humanos y las Leyes\u201d.<\/p><p style=\"padding-left: 80px;\">El art\u00edculo 11 establece que el \u201cMinisterio P\u00fablico, en coordinaci\u00f3n con la Polic\u00eda Boliviana, \u00d3rganos del Estado e instituciones p\u00fablicas, proteger\u00e1 a las personas que por colaborar con la administraci\u00f3n de justicia corran peligro de sufrir alg\u00fan da\u00f1o. A tal efecto, dispondr\u00e1 de programas permanentes de protecci\u00f3n a testigos, denunciantes, peritos, v\u00edctimas y a sus propias servidoras o servidores. Esta protecci\u00f3n se brindar\u00e1, en especial, cuando se trate de delitos vinculados al crimen organizado, corrupci\u00f3n, narcotr\u00e1fico, en contra de ni\u00f1os, ni\u00f1as, adolescentes y mujeres, trata y tr\u00e1fico de personas y\/o violaci\u00f3n de derechos fundamentales\u201d.<\/p><\/div>\n\t\t\t\t<\/div>\n\t\t\t\t<\/div>\n\t\t\t\t\t\t<\/div>\n\t\t\t\t\t<\/div>\n\t\t<\/div>\n\t\t\t\t\t\t\t\t<\/div>\n\t\t\t\t\t<\/div>\n\t\t<\/section>\n\t\t\t\t<section class=\"elementor-section elementor-top-section elementor-element elementor-element-a7f153a elementor-section-boxed elementor-section-height-default elementor-section-height-default\" data-id=\"a7f153a\" data-element_type=\"section\">\n\t\t\t\t\t\t<div class=\"elementor-container elementor-column-gap-default\">\n\t\t\t\t\t\t\t<div class=\"elementor-row\">\n\t\t\t\t\t<div class=\"elementor-column elementor-col-100 elementor-top-column elementor-element elementor-element-b77af7c\" data-id=\"b77af7c\" data-element_type=\"column\">\n\t\t\t<div class=\"elementor-column-wrap elementor-element-populated\">\n\t\t\t\t\t\t\t<div class=\"elementor-widget-wrap\">\n\t\t\t\t\t\t<div class=\"elementor-element elementor-element-275efe6 elementor-widget elementor-widget-text-editor\" data-id=\"275efe6\" data-element_type=\"widget\" data-widget_type=\"text-editor.default\">\n\t\t\t\t<div class=\"elementor-widget-container\">\n\t\t\t\t\t<div class=\"elementor-text-editor elementor-clearfix\"><ul><li><strong>Ley Contra el Acoso y Violencia Pol\u00edtica Hacia las Mujeres, de 28 de mayo de 2012, Ley No. 243<a class=\"tooltips\" title=\"Disponible en: http:\/\/www.gacetaoficialdebolivia.gob.bo\/normas\/listadonor\/10\/page:17\"><sup>45<\/sup><\/a><\/strong><\/li><\/ul><p style=\"padding-left: 80px;\">La Ley No. 243 tiene por objeto establecer mecanismos de prevenci\u00f3n, atenci\u00f3n, sanci\u00f3n contra actos individuales o colectivos de acoso y\/o violencia pol\u00edtica contra las mujeres, para garantizar el ejercicio pleno de sus derechos pol\u00edticos. Define esas conductas, establece faltas por la v\u00eda administrativa y tipifica los delitos de acoso y violencia pol\u00edtica contra las mujeres.<\/p><\/div>\n\t\t\t\t<\/div>\n\t\t\t\t<\/div>\n\t\t\t\t\t\t<\/div>\n\t\t\t\t\t<\/div>\n\t\t<\/div>\n\t\t\t\t\t\t\t\t<\/div>\n\t\t\t\t\t<\/div>\n\t\t<\/section>\n\t\t\t\t<section class=\"elementor-section elementor-top-section elementor-element elementor-element-fc77a80 elementor-section-boxed elementor-section-height-default elementor-section-height-default\" data-id=\"fc77a80\" data-element_type=\"section\">\n\t\t\t\t\t\t<div class=\"elementor-container elementor-column-gap-default\">\n\t\t\t\t\t\t\t<div class=\"elementor-row\">\n\t\t\t\t\t<div class=\"elementor-column elementor-col-100 elementor-top-column elementor-element elementor-element-fbb6102\" data-id=\"fbb6102\" data-element_type=\"column\">\n\t\t\t<div class=\"elementor-column-wrap elementor-element-populated\">\n\t\t\t\t\t\t\t<div class=\"elementor-widget-wrap\">\n\t\t\t\t\t\t<div class=\"elementor-element elementor-element-041b6a0 elementor-widget elementor-widget-text-editor\" data-id=\"041b6a0\" data-element_type=\"widget\" data-widget_type=\"text-editor.default\">\n\t\t\t\t<div class=\"elementor-widget-container\">\n\t\t\t\t\t<div class=\"elementor-text-editor elementor-clearfix\"><ul><li><strong>Ley del Sistema Nacional de Seguridad Ciudadana \u201cPara una Vida Segura\u201d, de 31 de julio de 2012, Ley No. 26446<\/strong><\/li><\/ul><p style=\"padding-left: 80px;\">Tiene por objeto garantizar la seguridad ciudadana, promoviendo la paz y la tranquilidad social en el \u00e1mbito p\u00fablico y privado, procurando una mejor calidad de vida, con el prop\u00f3sito de alcanzar el Vivir Bien.<\/p><p style=\"padding-left: 80px;\">Esta norma establece que las pol\u00edticas, planes, programas y proyectos de seguridad ciudadana deber\u00e1n contemplar el enfoque de g\u00e9nero y generacional y las necesidades espec\u00edficas de protecci\u00f3n de mujeres, ni\u00f1os, ni\u00f1as, adolescentes y adultos mayores. Dispone tambi\u00e9n que la Polic\u00eda Boliviana, en forma conjunta con el Ministerio P\u00fablico y con las Brigadas de Protecci\u00f3n a la Familia (hoy Fuerza Especial de Lucha Contra la Violencia), realizar\u00e1n de forma permanente, patrullajes de seguridad ciudadana, para fortalecer las acciones de protecci\u00f3n a las mujeres y la familia.<\/p><\/div>\n\t\t\t\t<\/div>\n\t\t\t\t<\/div>\n\t\t\t\t\t\t<\/div>\n\t\t\t\t\t<\/div>\n\t\t<\/div>\n\t\t\t\t\t\t\t\t<\/div>\n\t\t\t\t\t<\/div>\n\t\t<\/section>\n\t\t\t\t<section class=\"elementor-section elementor-top-section elementor-element elementor-element-e25f589 elementor-section-boxed elementor-section-height-default elementor-section-height-default\" data-id=\"e25f589\" data-element_type=\"section\">\n\t\t\t\t\t\t<div class=\"elementor-container elementor-column-gap-default\">\n\t\t\t\t\t\t\t<div class=\"elementor-row\">\n\t\t\t\t\t<div class=\"elementor-column elementor-col-100 elementor-top-column elementor-element elementor-element-2237608\" data-id=\"2237608\" data-element_type=\"column\">\n\t\t\t<div class=\"elementor-column-wrap elementor-element-populated\">\n\t\t\t\t\t\t\t<div class=\"elementor-widget-wrap\">\n\t\t\t\t\t\t<div class=\"elementor-element elementor-element-c873121 elementor-widget elementor-widget-text-editor\" data-id=\"c873121\" data-element_type=\"widget\" data-widget_type=\"text-editor.default\">\n\t\t\t\t<div class=\"elementor-widget-container\">\n\t\t\t\t\t<div class=\"elementor-text-editor elementor-clearfix\"><ul>\n \t<li><strong>Ley del Sistema Nacional de Seguridad Ciudadana \u201cPara una Vida Segura\u201d, de 31 de julio de 2012, Ley No. 264<a class=\"tooltips\" title=\"Disponible en: http:\/\/www.gacetaoficialdebolivia.gob.bo\/normas\/listadonor\/10\/page:16\"><sup>46<\/sup><\/a><\/strong><\/li>\n<\/ul>\n<p style=\"padding-left: 80px;\">Tiene por objeto garantizar la seguridad ciudadana, promoviendo la paz y la tranquilidad social en el \u00e1mbito p\u00fablico y privado, procurando una mejor calidad de vida, con el prop\u00f3sito de alcanzar el Vivir Bien.<\/p>\n<p style=\"padding-left: 80px;\">Esta norma establece que las pol\u00edticas, planes, programas y proyectos de seguridad ciudadana deber\u00e1n contemplar el enfoque de g\u00e9nero y generacional y las necesidades espec\u00edficas de protecci\u00f3n de mujeres, ni\u00f1os, ni\u00f1as, adolescentes y adultos mayores. Dispone tambi\u00e9n que la Polic\u00eda Boliviana, en forma conjunta con el Ministerio P\u00fablico y con las Brigadas de Protecci\u00f3n a la Familia (hoy Fuerza Especial de Lucha Contra la Violencia), realizar\u00e1n de forma permanente, patrullajes de seguridad ciudadana, para fortalecer las acciones de protecci\u00f3n a las mujeres y la familia.<\/p><\/div>\n\t\t\t\t<\/div>\n\t\t\t\t<\/div>\n\t\t\t\t\t\t<\/div>\n\t\t\t\t\t<\/div>\n\t\t<\/div>\n\t\t\t\t\t\t\t\t<\/div>\n\t\t\t\t\t<\/div>\n\t\t<\/section>\n\t\t\t\t<section class=\"elementor-section elementor-top-section elementor-element elementor-element-637f371 elementor-section-boxed elementor-section-height-default elementor-section-height-default\" data-id=\"637f371\" data-element_type=\"section\">\n\t\t\t\t\t\t<div class=\"elementor-container elementor-column-gap-default\">\n\t\t\t\t\t\t\t<div class=\"elementor-row\">\n\t\t\t\t\t<div class=\"elementor-column elementor-col-100 elementor-top-column elementor-element elementor-element-27864ec\" data-id=\"27864ec\" data-element_type=\"column\">\n\t\t\t<div class=\"elementor-column-wrap elementor-element-populated\">\n\t\t\t\t\t\t\t<div class=\"elementor-widget-wrap\">\n\t\t\t\t\t\t<div class=\"elementor-element elementor-element-89b8719 elementor-widget elementor-widget-text-editor\" data-id=\"89b8719\" data-element_type=\"widget\" data-widget_type=\"text-editor.default\">\n\t\t\t\t<div class=\"elementor-widget-container\">\n\t\t\t\t\t<div class=\"elementor-text-editor elementor-clearfix\"><ul>\n \t<li><b>Ley Integral Contra la Trata y Tr\u00e1fico de Personas, de 31 de julio de 2012, Ley No. 263<a class=\"tooltips\" title=\"Disponible en: http:\/\/www.gacetaoficialdebolivia.gob.bo\/normas\/listadonor\/10\/page:16\"><sup>47<\/sup><\/a><\/b><\/li>\n<\/ul>\n<p style=\"padding-left: 80px;\">Tiene por objeto combatir la trata y tr\u00e1fico de personas y delitos conexos, garantizar los derechos fundamentales de las v\u00edctimas a trav\u00e9s de la consolidaci\u00f3n de medidas y mecanismos de prevenci\u00f3n, protecci\u00f3n, atenci\u00f3n, persecuci\u00f3n y sanci\u00f3n penal de estos delitos. Adem\u00e1s de las medidas dispuestas en la presente Ley, las mujeres, ni\u00f1os, ni\u00f1as y adolescentes v\u00edctimas o testigos, recibir\u00e1n cuidados y atenci\u00f3n especializados, adecuados e individualizados.<\/p>\n<p style=\"padding-left: 80px;\">La atenci\u00f3n y protecci\u00f3n a v\u00edctimas de delitos de trata y tr\u00e1fico de personas, debe realizarse de acuerdo al \u201cPROTOCOLO \u00daNICO DE ATENCI\u00d3N ESPECIALIZADA A V\u00cdCTIMAS DE TRATA Y TR\u00c1FICO DE PERSONAS Y RUTA DE INTERVENCI\u00d3N\u201d aprobado en el marco de la Ley No. 263.<\/p><\/div>\n\t\t\t\t<\/div>\n\t\t\t\t<\/div>\n\t\t\t\t\t\t<\/div>\n\t\t\t\t\t<\/div>\n\t\t<\/div>\n\t\t\t\t\t\t\t\t<\/div>\n\t\t\t\t\t<\/div>\n\t\t<\/section>\n\t\t\t\t<section class=\"elementor-section elementor-top-section elementor-element elementor-element-c9c42e2 elementor-section-boxed elementor-section-height-default elementor-section-height-default\" data-id=\"c9c42e2\" data-element_type=\"section\">\n\t\t\t\t\t\t<div class=\"elementor-container elementor-column-gap-default\">\n\t\t\t\t\t\t\t<div class=\"elementor-row\">\n\t\t\t\t\t<div class=\"elementor-column elementor-col-100 elementor-top-column elementor-element elementor-element-9698e18\" data-id=\"9698e18\" data-element_type=\"column\">\n\t\t\t<div class=\"elementor-column-wrap elementor-element-populated\">\n\t\t\t\t\t\t\t<div class=\"elementor-widget-wrap\">\n\t\t\t\t\t\t<div class=\"elementor-element elementor-element-d32d671 elementor-widget elementor-widget-text-editor\" data-id=\"d32d671\" data-element_type=\"widget\" data-widget_type=\"text-editor.default\">\n\t\t\t\t<div class=\"elementor-widget-container\">\n\t\t\t\t\t<div class=\"elementor-text-editor elementor-clearfix\"><ul>\n \t<li><b>Ley Integral para Garantizar a las Mujeres una Vida Libre de Violencia, de 09 de marzo de 2013, Ley No. 348<a class=\"tooltips\" title=\"Disponible en: https:\/\/www.comunicacion.gob.bo\/sites\/default\/files\/dale_vida_a_tus_derechos\/\narchivos\/LEY%20348%20ACTUALIZACION%202018%20WEB.pdf\"><sup>48<\/sup><\/a><\/b><\/li>\n<\/ul>\n<p style=\"padding-left: 80px;\">Su objeto es establecer mecanismos, medidas y pol\u00edticas integrales de prevenci\u00f3n, atenci\u00f3n, protecci\u00f3n y reparaci\u00f3n a las mujeres en situaci\u00f3n de violencia, as\u00ed como de persecuci\u00f3n y sanci\u00f3n a los agresores, con el fin de garantizar a las mujeres una vida digna y el ejercicio pleno de sus derechos para Vivir Bien.<\/p>\n<p style=\"padding-left: 80px;\">Se\u00f1ala que el Estado Plurinacional de Bolivia \u201casume como prioridad la erradicaci\u00f3n de la violencia contra las mujeres, por ser una de las formas m\u00e1s extremas de discriminaci\u00f3n en raz\u00f3n de g\u00e9nero\u201d y establece que el Ministerio de Justicia y Transparencia Institucional, en el marco de sus competencias y atribuciones, es el Ente Rector responsable de coordinaci\u00f3n, articulaci\u00f3n y vigilancia de la aplicaci\u00f3n efectiva y cumplimiento de la presente Ley. Se reconocen 16 tipos de violencia, crea varios tipos penales y modifica otros.<\/p>\n<p style=\"padding-left: 80px;\">Crea el Sistema Integral Plurinacional de Prevenci\u00f3n, Atenci\u00f3n, Sanci\u00f3n y Erradicaci\u00f3n de la Violencia por Raz\u00f3n de G\u00e9nero (SIPPASE-VRG) como el mecanismo que permitir\u00e1 coordinar el trabajo de las diferentes instancias para erradicar y sancionar la violencia en raz\u00f3n de g\u00e9nero.<\/p><\/div>\n\t\t\t\t<\/div>\n\t\t\t\t<\/div>\n\t\t\t\t\t\t<\/div>\n\t\t\t\t\t<\/div>\n\t\t<\/div>\n\t\t\t\t\t\t\t\t<\/div>\n\t\t\t\t\t<\/div>\n\t\t<\/section>\n\t\t\t\t<section class=\"elementor-section elementor-top-section elementor-element elementor-element-0865cf8 elementor-section-boxed elementor-section-height-default elementor-section-height-default\" data-id=\"0865cf8\" data-element_type=\"section\">\n\t\t\t\t\t\t<div class=\"elementor-container elementor-column-gap-default\">\n\t\t\t\t\t\t\t<div class=\"elementor-row\">\n\t\t\t\t\t<div class=\"elementor-column elementor-col-100 elementor-top-column elementor-element elementor-element-35d9fc4\" data-id=\"35d9fc4\" data-element_type=\"column\">\n\t\t\t<div class=\"elementor-column-wrap elementor-element-populated\">\n\t\t\t\t\t\t\t<div class=\"elementor-widget-wrap\">\n\t\t\t\t\t\t<div class=\"elementor-element elementor-element-dbc8a3c elementor-widget elementor-widget-text-editor\" data-id=\"dbc8a3c\" data-element_type=\"widget\" data-widget_type=\"text-editor.default\">\n\t\t\t\t<div class=\"elementor-widget-container\">\n\t\t\t\t\t<div class=\"elementor-text-editor elementor-clearfix\"><ul><li><b>C\u00f3digo Ni\u00f1a, Ni\u00f1o y Adolescente, de 17 de julio de 2014, Ley No. 548<a class=\"tooltips\" title=\"Disponible en: http:\/\/www.gacetaoficialdebolivia.gob.bo\/edicions\/view\/664NEC\"><sup>49<\/sup><\/a><\/b><\/li><\/ul><p style=\"padding-left: 80px;\">Garantiza a la ni\u00f1a, ni\u00f1o y adolescente (NNA) el ejercicio pleno y efectivo de sus derechos. El Estado asume esta garant\u00eda como funci\u00f3n primordial y en consecuencia establece el principio del inter\u00e9s superior de la NNA, entendido \u00e9ste como: \u201cToda situaci\u00f3n que favorezca el desarrollo integral de la ni\u00f1a, ni\u00f1o y adolescente en el goce de sus derechos y garant\u00edas. Para determinar el inter\u00e9s superior de las ni\u00f1as, ni\u00f1os y adolescentes en una situaci\u00f3n concreta, se debe apreciar su opini\u00f3n y de la madre, padre o ambos padres, guardadora o guardador, tutora o tutor; la necesidad de equilibrio entre sus derechos, garant\u00edas y deberes; su condici\u00f3n espec\u00edfica como persona en desarrollo, la necesidad de equilibrio y sus derechos y garant\u00edas, y los derechos de las dem\u00e1s personas\u201d.<\/p><p style=\"padding-left: 80px;\">Se establece que NNA tienen derecho a la integridad personal: f\u00edsica, psicol\u00f3gica y sexual, por lo tanto, no pueden ser sometidos a torturas ni otras penas o tratos crueles inhumanos. El Estado en todos sus niveles tiene la obligaci\u00f3n de proteger a todas las NNA contra cualquier forma de explotaci\u00f3n, maltrato, abuso o negligencia que afecten su integridad personal (Art. 145).<\/p><p style=\"padding-left: 80px;\">Especialmente en temas de violencia sexual, se determina que las juezas y los jueces en materia penal y el Ministerio P\u00fablico, que conozcan e investiguen delitos contra libertad sexual, cometidos contra ni\u00f1as, ni\u00f1os y adolescentes, tienen la obligaci\u00f3n de priorizarlos y agilizarlos conforme a ley, hasta su conclusi\u00f3n, bajo responsabilidad (Art. 149).<\/p><p style=\"padding-left: 80px;\">La protecci\u00f3n a la vida y a la integridad f\u00edsica y psicol\u00f3gica de los miembros de la comunidad educativa, implica la prevenci\u00f3n, atenci\u00f3n y sanci\u00f3n de la violencia ejercida en el Sistema Educativo del Estado Plurinacional de Bolivia, con la finalidad de consolidar la convivencia pac\u00edfica y arm\u00f3nica, la cultura de paz, tolerancia y justicia, en el marco del Vivir Bien, el buen trato, la solidaridad, el respeto, la intraculturalidad, la interculturalidad y la no discriminaci\u00f3n entre sus miembros (Art. 250).<\/p><p style=\"padding-left: 80px;\">El Sistema Educativo Plurinacional garantiza a la ni\u00f1a, ni\u00f1o o adolescente: Educaci\u00f3n sin violencia en contra de cualquier integrante de la comunidad educativa, preservando su integridad f\u00edsica, psicol\u00f3gica, sexual y\/o moral, promoviendo una convivencia pac\u00edfica, con igualdad y equidad de g\u00e9nero y generacional (Art. 116).<\/p><\/div>\n\t\t\t\t<\/div>\n\t\t\t\t<\/div>\n\t\t\t\t\t\t<\/div>\n\t\t\t\t\t<\/div>\n\t\t<\/div>\n\t\t\t\t\t\t\t\t<\/div>\n\t\t\t\t\t<\/div>\n\t\t<\/section>\n\t\t\t\t<section class=\"elementor-section elementor-top-section elementor-element elementor-element-2f1453d elementor-section-boxed elementor-section-height-default elementor-section-height-default\" data-id=\"2f1453d\" data-element_type=\"section\">\n\t\t\t\t\t\t<div class=\"elementor-container elementor-column-gap-default\">\n\t\t\t\t\t\t\t<div class=\"elementor-row\">\n\t\t\t\t\t<div class=\"elementor-column elementor-col-100 elementor-top-column elementor-element elementor-element-93dbddd\" data-id=\"93dbddd\" data-element_type=\"column\">\n\t\t\t<div class=\"elementor-column-wrap elementor-element-populated\">\n\t\t\t\t\t\t\t<div class=\"elementor-widget-wrap\">\n\t\t\t\t\t\t<div class=\"elementor-element elementor-element-dbf168c elementor-widget elementor-widget-text-editor\" data-id=\"dbf168c\" data-element_type=\"widget\" data-widget_type=\"text-editor.default\">\n\t\t\t\t<div class=\"elementor-widget-container\">\n\t\t\t\t\t<div class=\"elementor-text-editor elementor-clearfix\"><ul>\n \t<li><strong>Ley de Identidad de G\u00e9nero, de 21 de Mayo de 2016, Ley No. 807<a class=\"tooltips\" title=\"Disponible en: http:\/\/www.gacetaoficialdebolivia.gob.bo\/edicions\/view\/861NEC\"><sup>50<\/sup><\/a><\/strong><\/li>\n<\/ul>\n<p style=\"padding-left: 80px;\">Tiene por objeto establecer el procedimiento para el cambio de nombre propio, dato de sexo e imagen de personas transexuales y transg\u00e9nero en toda documentaci\u00f3n p\u00fablica y privada vinculada a su identidad, permiti\u00e9ndoles ejercer de forma plena el derecho a la identidad de g\u00e9nero. Define la identidad de g\u00e9nero como la vivencia individual del g\u00e9nero tal como cada persona la siente, la vive y la ejerce ante la sociedad, la cual puede corresponder o no al sexo asignado al momento del nacimiento. Incluye la vivencia personal del cuerpo que puede implicar la modificaci\u00f3n de la apariencia corporal libremente elegida, por medios m\u00e9dicos, quir\u00fargicos o de otra \u00edndole. Establece como distinci\u00f3n entre personas transexuales y transg\u00e9nero el haber optado por una intervenci\u00f3n m\u00e9dica en el primer caso mientras que las segundas no han recurrido a una intervenci\u00f3n m\u00e9dica de modificaci\u00f3n corporal.<\/p><\/div>\n\t\t\t\t<\/div>\n\t\t\t\t<\/div>\n\t\t\t\t\t\t<\/div>\n\t\t\t\t\t<\/div>\n\t\t<\/div>\n\t\t\t\t\t\t\t\t<\/div>\n\t\t\t\t\t<\/div>\n\t\t<\/section>\n\t\t\t\t<section class=\"elementor-section elementor-top-section elementor-element elementor-element-c40d169 elementor-section-boxed elementor-section-height-default elementor-section-height-default\" data-id=\"c40d169\" data-element_type=\"section\">\n\t\t\t\t\t\t<div class=\"elementor-container elementor-column-gap-default\">\n\t\t\t\t\t\t\t<div class=\"elementor-row\">\n\t\t\t\t\t<div class=\"elementor-column elementor-col-100 elementor-top-column elementor-element elementor-element-d4a8f51\" data-id=\"d4a8f51\" data-element_type=\"column\">\n\t\t\t<div class=\"elementor-column-wrap elementor-element-populated\">\n\t\t\t\t\t\t\t<div class=\"elementor-widget-wrap\">\n\t\t\t\t\t\t<div class=\"elementor-element elementor-element-9a89e51 elementor-widget elementor-widget-text-editor\" data-id=\"9a89e51\" data-element_type=\"widget\" data-widget_type=\"text-editor.default\">\n\t\t\t\t<div class=\"elementor-widget-container\">\n\t\t\t\t\t<div class=\"elementor-text-editor elementor-clearfix\"><ul><li><strong>Ley de Organizaciones Pol\u00edticas, de 1 de septiembre de 2018, Ley No. 1096<a class=\"tooltips\" title=\"Disponible en: https:\/\/www.oep.org.bo\/wp-content\/uploads\/2018\/09\/Ley_1096_Organizaciones_ Politicas.pdf\"><sup>51<\/sup><\/a><\/strong><\/li><\/ul><p style=\"padding-left: 80px;\">Regula la constituci\u00f3n, funcionamiento y democracia interna de las organizaciones pol\u00edticas, como parte del sistema de representaci\u00f3n pol\u00edtica y de la democracia intercultural y paritaria en el Estado Plurinacional de Bolivia. Establece la importancia de instaurar R\u00e9gimen de Despatriarcalizaci\u00f3n en los estatutos y normativa de las organizaciones pol\u00edticas que establecer\u00e1 acciones sobre prevenci\u00f3n y procedimientos, instancias competentes, sanciones y medidas de restituci\u00f3n de derechos en casos de acoso y violencia pol\u00edtica; acciones afirmativas en la conformaci\u00f3n de la estructura partidaria y los correspondientes mecanismos de seguimiento de las mismas; acciones para promover la igualdad de g\u00e9nero; mecanismos procedimiento o reglamentos internos para dar seguimiento a denuncias de acoso y violencia pol\u00edtica; y planes y programas para promover la paridad la igualdad de g\u00e9nero entre la militancia.<\/p><\/div>\n\t\t\t\t<\/div>\n\t\t\t\t<\/div>\n\t\t\t\t\t\t<\/div>\n\t\t\t\t\t<\/div>\n\t\t<\/div>\n\t\t\t\t\t\t\t\t<\/div>\n\t\t\t\t\t<\/div>\n\t\t<\/section>\n\t\t\t\t<section class=\"elementor-section elementor-top-section elementor-element elementor-element-34e66d6 elementor-section-boxed elementor-section-height-default elementor-section-height-default\" data-id=\"34e66d6\" data-element_type=\"section\">\n\t\t\t\t\t\t<div class=\"elementor-container elementor-column-gap-default\">\n\t\t\t\t\t\t\t<div class=\"elementor-row\">\n\t\t\t\t\t<div class=\"elementor-column elementor-col-100 elementor-top-column elementor-element elementor-element-9c66a5e\" data-id=\"9c66a5e\" data-element_type=\"column\">\n\t\t\t<div class=\"elementor-column-wrap elementor-element-populated\">\n\t\t\t\t\t\t\t<div class=\"elementor-widget-wrap\">\n\t\t\t\t\t\t<div class=\"elementor-element elementor-element-bb815a2 elementor-widget elementor-widget-text-editor\" data-id=\"bb815a2\" data-element_type=\"widget\" data-widget_type=\"text-editor.default\">\n\t\t\t\t<div class=\"elementor-widget-container\">\n\t\t\t\t\t<div class=\"elementor-text-editor elementor-clearfix\"><ul><li><strong>Ley No. 1152 de 20 de febrero de 2019, Ley modificatoria a la Ley No. 475, de 30 de diciembre de 2013, de prestaciones de servicios de salud integral\u00a0<\/strong><strong>del Estado Plurinacional de Bolivia, modificada por Ley No. 1069, de 28 de\u00a0<\/strong><strong>mayo de 2018<\/strong><\/li><\/ul><p style=\"padding-left: 80px;\">Tiene por objeto modificar la Ley No. 475 de 30 de diciembre de 2013, de Prestaciones de Servicios de Salud Integral del Estado Plurinacional de Bolivia, modificada por Ley No. 1069 de 28 de mayo de 2018, para ampliar la poblaci\u00f3n beneficiaria que no se encuentra cubierta por la Seguridad Social de Corto Plazo, con atenci\u00f3n gratuita de salud, en avance hacia un Sistema \u00danico de Salud, Universal y Gratuito.<\/p><\/div>\n\t\t\t\t<\/div>\n\t\t\t\t<\/div>\n\t\t\t\t\t\t<\/div>\n\t\t\t\t\t<\/div>\n\t\t<\/div>\n\t\t\t\t\t\t\t\t<\/div>\n\t\t\t\t\t<\/div>\n\t\t<\/section>\n\t\t\t\t<section class=\"elementor-section elementor-top-section elementor-element elementor-element-e31b7ef elementor-section-boxed elementor-section-height-default elementor-section-height-default\" data-id=\"e31b7ef\" data-element_type=\"section\">\n\t\t\t\t\t\t<div class=\"elementor-container elementor-column-gap-default\">\n\t\t\t\t\t\t\t<div class=\"elementor-row\">\n\t\t\t\t\t<div class=\"elementor-column elementor-col-100 elementor-top-column elementor-element elementor-element-9f119cb\" data-id=\"9f119cb\" data-element_type=\"column\">\n\t\t\t<div class=\"elementor-column-wrap elementor-element-populated\">\n\t\t\t\t\t\t\t<div class=\"elementor-widget-wrap\">\n\t\t\t\t\t\t<div class=\"elementor-element elementor-element-870a9ff elementor-widget elementor-widget-text-editor\" data-id=\"870a9ff\" data-element_type=\"widget\" data-widget_type=\"text-editor.default\">\n\t\t\t\t<div class=\"elementor-widget-container\">\n\t\t\t\t\t<div class=\"elementor-text-editor elementor-clearfix\"><ul><li><strong>Ley de Abreviaci\u00f3n Procesal Penal y de Fortalecimiento de la Lucha Integral contra la Violencia a Ni\u00f1a, Ni\u00f1os, Adolescentes y Mujeres, de 08 de mayo de 2019, Ley No. 1173<a class=\"tooltips\" title=\"Disponible en: file:\/\/\/C:\/Users\/Usuario\/Downloads\/sample%20(1).pdf\"><sup>52<\/sup><\/a><\/strong><\/li><\/ul><p style=\"padding-left: 80px;\">Tiene por objeto procurar la pronta y oportuna resoluci\u00f3n de los conflictos penales, adoptando al efecto, medidas indispensables para profundizar la oralidad, fortalecer la lucha contra la violencia a ni\u00f1as, ni\u00f1os, adolescentes y mujeres, evitar el retardo procesal y el abuso de la detenci\u00f3n preventiva y posibilitar la efectiva tutela judicial de las v\u00edctimas, mediante la modificaci\u00f3n de la Ley No. 1970 de 25 de marzo de 1999, \u201cC\u00f3digo de Procedimiento Penal\u201d, y disposiciones conexas. La Ley No. 1173 ha sido modificada mediante Ley No. 1226 de 18 de septiembre de 2019.<\/p><\/div>\n\t\t\t\t<\/div>\n\t\t\t\t<\/div>\n\t\t\t\t\t\t<\/div>\n\t\t\t\t\t<\/div>\n\t\t<\/div>\n\t\t\t\t\t\t\t\t<\/div>\n\t\t\t\t\t<\/div>\n\t\t<\/section>\n\t\t\t\t<section class=\"elementor-section elementor-top-section elementor-element elementor-element-815d97b elementor-section-boxed elementor-section-height-default elementor-section-height-default\" data-id=\"815d97b\" data-element_type=\"section\">\n\t\t\t\t\t\t<div class=\"elementor-container elementor-column-gap-default\">\n\t\t\t\t\t\t\t<div class=\"elementor-row\">\n\t\t\t\t\t<div class=\"elementor-column elementor-col-100 elementor-top-column elementor-element elementor-element-798810d\" data-id=\"798810d\" data-element_type=\"column\">\n\t\t\t<div class=\"elementor-column-wrap elementor-element-populated\">\n\t\t\t\t\t\t\t<div class=\"elementor-widget-wrap\">\n\t\t\t\t\t\t<div class=\"elementor-element elementor-element-44114f7 elementor-widget elementor-widget-text-editor\" data-id=\"44114f7\" data-element_type=\"widget\" data-widget_type=\"text-editor.default\">\n\t\t\t\t<div class=\"elementor-widget-container\">\n\t\t\t\t\t<div class=\"elementor-text-editor elementor-clearfix\"><ul><li><strong>Ley de Abreviaci\u00f3n Procesal Penal y de Fortalecimiento de la Lucha Integral contra la Violencia a Ni\u00f1a, Ni\u00f1os, Adolescentes y Mujeres, de 08 de mayo de 2019, Ley No. 1173<a class=\"tooltips\" title=\"Disponible en: file:\/\/\/C:\/Users\/Usuario\/Downloads\/sample%20(1).pdf\"><sup>52<\/sup><\/a><\/strong><\/li><\/ul><p style=\"padding-left: 80px;\">Tiene por objeto procurar la pronta y oportuna resoluci\u00f3n de los conflictos penales, adoptando al efecto, medidas indispensables para profundizar la oralidad, fortalecer la lucha contra la violencia a ni\u00f1as, ni\u00f1os, adolescentes y mujeres, evitar el retardo procesal y el abuso de la detenci\u00f3n preventiva y posibilitar la efectiva tutela judicial de las v\u00edctimas, mediante la modificaci\u00f3n de la Ley No. 1970 de 25 de marzo de 1999, \u201cC\u00f3digo de Procedimiento Penal\u201d, y disposiciones conexas. La Ley No. 1173 ha sido modificada mediante Ley No. 1226 de 18 de septiembre de 2019.<\/p><\/div>\n\t\t\t\t<\/div>\n\t\t\t\t<\/div>\n\t\t\t\t\t\t<\/div>\n\t\t\t\t\t<\/div>\n\t\t<\/div>\n\t\t\t\t\t\t\t\t<\/div>\n\t\t\t\t\t<\/div>\n\t\t<\/section>\n\t\t\t\t<section class=\"elementor-section elementor-top-section elementor-element elementor-element-2e7c30c elementor-section-boxed elementor-section-height-default elementor-section-height-default\" data-id=\"2e7c30c\" data-element_type=\"section\">\n\t\t\t\t\t\t<div class=\"elementor-container elementor-column-gap-default\">\n\t\t\t\t\t\t\t<div class=\"elementor-row\">\n\t\t\t\t\t<div class=\"elementor-column elementor-col-100 elementor-top-column elementor-element elementor-element-6581188\" data-id=\"6581188\" data-element_type=\"column\">\n\t\t\t<div class=\"elementor-column-wrap elementor-element-populated\">\n\t\t\t\t\t\t\t<div class=\"elementor-widget-wrap\">\n\t\t\t\t\t\t<div class=\"elementor-element elementor-element-ea65a54 elementor-widget elementor-widget-text-editor\" data-id=\"ea65a54\" data-element_type=\"widget\" data-widget_type=\"text-editor.default\">\n\t\t\t\t<div class=\"elementor-widget-container\">\n\t\t\t\t\t<div class=\"elementor-text-editor elementor-clearfix\"><ul>\n \t<li><b>Decreto Supremo No. 1302, de 1 de agosto de 2012<a class=\"tooltips\" title=\"Disponible en: http:\/\/www.gacetaoficialdebolivia.gob.bo\/normas\/busquedag1?data%5BGobierno%\n5D%5Bid_gobierno%5D=93&#038;data%5BTipoNorma%5D%5Bid_tipo_norma%5D=2&#038;q=1302&#038;s=0\"><sup>53<\/sup><\/a><\/b><\/li>\n<\/ul>\n<p style=\"padding-left: 80px;\">Tiene por objeto establecer mecanismos que coadyuven a la erradicaci\u00f3n de la violencia, maltrato y abuso que atente contra la vida e integridad f\u00edsica, psicol\u00f3gica y\/o sexual de ni\u00f1as, ni\u00f1os y adolescentes estudiantes, en el \u00e1mbito educativo. Establece el deber de denunciar y coadyuvar en la acci\u00f3n penal correspondiente hasta su conclusi\u00f3n, ante el Ministerio P\u00fablico de su jurisdicci\u00f3n o autoridad competente, en contra de directores, docentes o administrativos del Sistema Educativo Plurinacional, que hubiesen sido sindicados de la comisi\u00f3n de delitos que atenten contra la vida, la integridad f\u00edsica, psicol\u00f3gica y\/o sexual de las ni\u00f1as, ni\u00f1os y adolescentes estudiantes.<\/p><\/div>\n\t\t\t\t<\/div>\n\t\t\t\t<\/div>\n\t\t\t\t\t\t<\/div>\n\t\t\t\t\t<\/div>\n\t\t<\/div>\n\t\t\t\t\t\t\t\t<\/div>\n\t\t\t\t\t<\/div>\n\t\t<\/section>\n\t\t\t\t<section class=\"elementor-section elementor-top-section elementor-element elementor-element-e4c6397 elementor-section-boxed elementor-section-height-default elementor-section-height-default\" data-id=\"e4c6397\" data-element_type=\"section\">\n\t\t\t\t\t\t<div class=\"elementor-container elementor-column-gap-default\">\n\t\t\t\t\t\t\t<div class=\"elementor-row\">\n\t\t\t\t\t<div class=\"elementor-column elementor-col-100 elementor-top-column elementor-element elementor-element-7661366\" data-id=\"7661366\" data-element_type=\"column\">\n\t\t\t<div class=\"elementor-column-wrap elementor-element-populated\">\n\t\t\t\t\t\t\t<div class=\"elementor-widget-wrap\">\n\t\t\t\t\t\t<div class=\"elementor-element elementor-element-bdcc9c5 elementor-widget elementor-widget-text-editor\" data-id=\"bdcc9c5\" data-element_type=\"widget\" data-widget_type=\"text-editor.default\">\n\t\t\t\t<div class=\"elementor-widget-container\">\n\t\t\t\t\t<div class=\"elementor-text-editor elementor-clearfix\"><ul><li><b>Decreto Supremo No. 2145 de 14 de octubre de 2014<\/b><\/li><\/ul><p style=\"padding-left: 80px;\"><span style=\"font-size: 15px; color: var( --e-global-color-text );\">Este Decreto Supremo tiene por objeto reglamentar la Ley No. 348, de 9\u00a0<\/span><span style=\"font-size: 15px; color: var( --e-global-color-text );\">de marzo de 2013, Integral para Garantizar a las Mujeres una Vida Libre de\u00a0<\/span><span style=\"font-size: 15px; color: var( --e-global-color-text );\">Violencia, estableciendo mecanismos de prevenci\u00f3n, atenci\u00f3n, protecci\u00f3n,\u00a0<\/span><span style=\"font-size: 15px; color: var( --e-global-color-text );\">reparaci\u00f3n y recursos para su implementaci\u00f3n. Establece porcentajes\u00a0<\/span><span style=\"font-size: 15px; color: var( --e-global-color-text );\">m\u00ednimos del Impuesto a los Hidrocarburos que los Gobiernos Municipales\u00a0<\/span><span style=\"font-size: 15px; color: var( --e-global-color-text );\">y Departamentales deben utilizar para fortalecer la FELCV, SLIMs y Casas\u00a0<\/span><span style=\"font-size: 15px; color: var( --e-global-color-text );\">de Acogida y Refugio Temporal. Tambi\u00e9n dispone lineamientos para una\u00a0<\/span><span style=\"font-size: 15px; color: var( --e-global-color-text );\">atenci\u00f3n de calidez a las v\u00edctimas, el deber de brindarles informaci\u00f3n, evitar\u00a0<\/span><span style=\"font-size: 15px; color: var( --e-global-color-text );\">la revictimizaci\u00f3n en los ex\u00e1menes m\u00e9dicos y de dar seguimiento policial a\u00a0<\/span><span style=\"font-size: 15px; color: var( --e-global-color-text );\">su situaci\u00f3n luego de la denuncia.<\/span><\/p><p style=\"padding-left: 80px;\"><span style=\"font-size: 15px; color: var( --e-global-color-text );\">Dispone que todas las instituciones p\u00fablicas y privadas que reciban\u00a0<\/span><span style=\"font-size: 15px; color: var( --e-global-color-text );\">denuncias por faltas y contravenciones de violencia contra las mujeres\u00a0<\/span><span style=\"font-size: 15px; color: var( --e-global-color-text );\">reportar\u00e1n al Sistema Integral Plurinacional de Prevenci\u00f3n, Atenci\u00f3n,\u00a0<\/span><span style=\"font-size: 15px; color: var( --e-global-color-text );\">Sanci\u00f3n y Erradicaci\u00f3n de la Violencia en raz\u00f3n de G\u00e9nero \u2013 SIPPASE.<\/span><\/p><\/div>\n\t\t\t\t<\/div>\n\t\t\t\t<\/div>\n\t\t\t\t\t\t<\/div>\n\t\t\t\t\t<\/div>\n\t\t<\/div>\n\t\t\t\t\t\t\t\t<\/div>\n\t\t\t\t\t<\/div>\n\t\t<\/section>\n\t\t\t\t<section class=\"elementor-section elementor-top-section elementor-element elementor-element-b4c1414 elementor-section-boxed elementor-section-height-default elementor-section-height-default\" data-id=\"b4c1414\" data-element_type=\"section\">\n\t\t\t\t\t\t<div class=\"elementor-container elementor-column-gap-default\">\n\t\t\t\t\t\t\t<div class=\"elementor-row\">\n\t\t\t\t\t<div class=\"elementor-column elementor-col-100 elementor-top-column elementor-element elementor-element-5820449\" data-id=\"5820449\" data-element_type=\"column\">\n\t\t\t<div class=\"elementor-column-wrap elementor-element-populated\">\n\t\t\t\t\t\t\t<div class=\"elementor-widget-wrap\">\n\t\t\t\t\t\t<div class=\"elementor-element elementor-element-457fdf5 elementor-widget elementor-widget-text-editor\" data-id=\"457fdf5\" data-element_type=\"widget\" data-widget_type=\"text-editor.default\">\n\t\t\t\t<div class=\"elementor-widget-container\">\n\t\t\t\t\t<div class=\"elementor-text-editor elementor-clearfix\"><ul><li><strong>Decreto Supremo No. 2377, de 27 de mayo de 2015, Reglamento al C\u00f3digo Ni\u00f1a, Ni\u00f1o y Adolescente<\/strong><\/li><\/ul><p style=\"padding-left: 80px;\">El decreto describe la progresividad en el ejercicio de derechos y deberes al se\u00f1alar que las ni\u00f1as, ni\u00f1os y adolescentes ejercer\u00e1n sus derechos con plenitud y cumplir\u00e1n con los deberes emergentes en la familia, la sociedad y en el Estado de acuerdo al proceso de su desarrollo, correspondiendo al Estado asignar los recursos suficientes para garantizar el ejercicio paulatino de los mismos. Establece mecanismos de articulaci\u00f3n de planes y pol\u00edticas en los diferentes niveles del Estado y de implementaci\u00f3n de medios de protecci\u00f3n. Establece los deberes de brindar apoyo a la estabilidad emocional de esta poblaci\u00f3n, la referencia de casos de violencia en el \u00e1mbito educativo y de salud y la priorizaci\u00f3n en la investigaci\u00f3n de delitos.<\/p><\/div>\n\t\t\t\t<\/div>\n\t\t\t\t<\/div>\n\t\t\t\t\t\t<\/div>\n\t\t\t\t\t<\/div>\n\t\t<\/div>\n\t\t\t\t\t\t\t\t<\/div>\n\t\t\t\t\t<\/div>\n\t\t<\/section>\n\t\t\t\t<section class=\"elementor-section elementor-top-section elementor-element elementor-element-5115066 elementor-section-boxed elementor-section-height-default elementor-section-height-default\" data-id=\"5115066\" data-element_type=\"section\">\n\t\t\t\t\t\t<div class=\"elementor-container elementor-column-gap-default\">\n\t\t\t\t\t\t\t<div class=\"elementor-row\">\n\t\t\t\t\t<div class=\"elementor-column elementor-col-100 elementor-top-column elementor-element elementor-element-7134820\" data-id=\"7134820\" data-element_type=\"column\">\n\t\t\t<div class=\"elementor-column-wrap elementor-element-populated\">\n\t\t\t\t\t\t\t<div class=\"elementor-widget-wrap\">\n\t\t\t\t\t\t<div class=\"elementor-element elementor-element-0c3f0a5 elementor-widget elementor-widget-text-editor\" data-id=\"0c3f0a5\" data-element_type=\"widget\" data-widget_type=\"text-editor.default\">\n\t\t\t\t<div class=\"elementor-widget-container\">\n\t\t\t\t\t<div class=\"elementor-text-editor elementor-clearfix\"><ul><li><strong>Decreto Supremo No. 2610 de 25 de noviembre de 2015<\/strong><\/li><\/ul><p style=\"padding-left: 80px;\">El Decreto Supremo tiene por objeto modificar y complementar el Decreto Supremo No. 2145, de 14 de octubre de 2014, Reglamento de la Ley No. 348, de 9 de marzo de 2013, \u201cLey Integral para Garantizar a las Mujeres una Vida Libre de Violencia\u201d.<\/p><\/div>\n\t\t\t\t<\/div>\n\t\t\t\t<\/div>\n\t\t\t\t\t\t<\/div>\n\t\t\t\t\t<\/div>\n\t\t<\/div>\n\t\t\t\t\t\t\t\t<\/div>\n\t\t\t\t\t<\/div>\n\t\t<\/section>\n\t\t\t\t<section class=\"elementor-section elementor-top-section elementor-element elementor-element-d3e8a1c elementor-section-boxed elementor-section-height-default elementor-section-height-default\" data-id=\"d3e8a1c\" data-element_type=\"section\">\n\t\t\t\t\t\t<div class=\"elementor-container elementor-column-gap-default\">\n\t\t\t\t\t\t\t<div class=\"elementor-row\">\n\t\t\t\t\t<div class=\"elementor-column elementor-col-100 elementor-top-column elementor-element elementor-element-47e9595\" data-id=\"47e9595\" data-element_type=\"column\">\n\t\t\t<div class=\"elementor-column-wrap elementor-element-populated\">\n\t\t\t\t\t\t\t<div class=\"elementor-widget-wrap\">\n\t\t\t\t\t\t<div class=\"elementor-element elementor-element-f95704d elementor-widget elementor-widget-text-editor\" data-id=\"f95704d\" data-element_type=\"widget\" data-widget_type=\"text-editor.default\">\n\t\t\t\t<div class=\"elementor-widget-container\">\n\t\t\t\t\t<div class=\"elementor-text-editor elementor-clearfix\"><ul><li><strong>Decreto Supremo No. 2935 de 5 de octubre de 2016, Reglamento de la Ley No. 243<\/strong><\/li><\/ul><p style=\"padding-left: 80px;\">Tiene el objetivo de establecer estrategias, mecanismos y procedimientos para la implementaci\u00f3n de la Ley No. 243. Incluye importantes definiciones sobre las mujeres sujetas de protecci\u00f3n y las acciones contempladas en los tipos penales de acoso y violencia pol\u00edtica hacia las mujeres. Tambi\u00e9n establece el procedimiento a aplicarse trat\u00e1ndose de autoridades electas que son parte de \u00f3rganos deliberativos.<\/p><\/div>\n\t\t\t\t<\/div>\n\t\t\t\t<\/div>\n\t\t\t\t\t\t<\/div>\n\t\t\t\t\t<\/div>\n\t\t<\/div>\n\t\t\t\t\t\t\t\t<\/div>\n\t\t\t\t\t<\/div>\n\t\t<\/section>\n\t\t\t\t<section class=\"elementor-section elementor-top-section elementor-element elementor-element-bedf90c elementor-section-boxed elementor-section-height-default elementor-section-height-default\" data-id=\"bedf90c\" data-element_type=\"section\">\n\t\t\t\t\t\t<div class=\"elementor-container elementor-column-gap-default\">\n\t\t\t\t\t\t\t<div class=\"elementor-row\">\n\t\t\t\t\t<div class=\"elementor-column elementor-col-100 elementor-top-column elementor-element elementor-element-ef56e9f\" data-id=\"ef56e9f\" data-element_type=\"column\">\n\t\t\t<div class=\"elementor-column-wrap elementor-element-populated\">\n\t\t\t\t\t\t\t<div class=\"elementor-widget-wrap\">\n\t\t\t\t\t\t<div class=\"elementor-element elementor-element-bd2aa3d elementor-widget elementor-widget-text-editor\" data-id=\"bd2aa3d\" data-element_type=\"widget\" data-widget_type=\"text-editor.default\">\n\t\t\t\t<div class=\"elementor-widget-container\">\n\t\t\t\t\t<div class=\"elementor-text-editor elementor-clearfix\"><ul><li><strong>Resoluci\u00f3n 158\/2017 del \u00d3rgano Electoral Plurinacional que aprueba el Reglamento de renuncias y denuncias por acoso y violencia pol\u00edtica del 3 de mayo de 2017<\/strong><\/li><\/ul><p style=\"padding-left: 80px;\">Su objeto es establecer procedimientos para la recepci\u00f3n de renuncias de mujeres candidatas, electas, designadas o en ejercicio de funciones pol\u00edtico p\u00fablicas y denuncias por acoso y violencia pol\u00edtica en el marco de la Ley No. 243 debiendo derivarse al Ministerio P\u00fablico.<\/p><\/div>\n\t\t\t\t<\/div>\n\t\t\t\t<\/div>\n\t\t\t\t\t\t<\/div>\n\t\t\t\t\t<\/div>\n\t\t<\/div>\n\t\t\t\t\t\t\t\t<\/div>\n\t\t\t\t\t<\/div>\n\t\t<\/section>\n\t\t\t\t<section class=\"elementor-section elementor-top-section elementor-element elementor-element-1cdb42e elementor-section-boxed elementor-section-height-default elementor-section-height-default\" data-id=\"1cdb42e\" data-element_type=\"section\">\n\t\t\t\t\t\t<div class=\"elementor-container elementor-column-gap-default\">\n\t\t\t\t\t\t\t<div class=\"elementor-row\">\n\t\t\t\t\t<div class=\"elementor-column elementor-col-100 elementor-top-column elementor-element elementor-element-802dca9\" data-id=\"802dca9\" data-element_type=\"column\">\n\t\t\t<div class=\"elementor-column-wrap elementor-element-populated\">\n\t\t\t\t\t\t\t<div class=\"elementor-widget-wrap\">\n\t\t\t\t\t\t<div class=\"elementor-element elementor-element-ce7f0ea elementor-widget elementor-widget-text-editor\" data-id=\"ce7f0ea\" data-element_type=\"widget\" data-widget_type=\"text-editor.default\">\n\t\t\t\t<div class=\"elementor-widget-container\">\n\t\t\t\t\t<div class=\"elementor-text-editor elementor-clearfix\"><ul><li><strong>Decreto Supremo No. 3106 de 8 de marzo de 2017<\/strong><\/li><\/ul><p style=\"padding-left: 80px;\">Tiene por objeto establecer atribuciones a los Ministerios del \u00d3rgano\u00a0Ejecutivo del nivel nacional del Estado para la implementaci\u00f3n de la Pol\u00edtica P\u00fablica Integral para una Vida Digna de las Mujeres Bolivianas y se desarrolla en el marco de la Constituci\u00f3n Pol\u00edtica del Estado, la Ley No. 348 Integral Para Garantizar a las Mujeres una Vida Libre de Violencia, Ley No. 243 Contra el Acoso y Violencia Pol\u00edtica hacia las Mujeres, Ley No. 548 C\u00f3digo Ni\u00f1a, Ni\u00f1o y Adolescente, Ley No. 264 del Sistema Nacional de Seguridad Ciudadana \u201cPara una Vida Segura\u201d, Ley No. 070 de la Educaci\u00f3n \u201cAvelino Si\u00f1ani &#8211; Elizardo P\u00e9rez\u201d, Ley No. 026 del R\u00e9gimen Electoral, Ley No. 263 Ley Integral contra la Trata y Tr\u00e1fico de Personas, Ley No. 603 C\u00f3digo de las Familias y del Proceso Familiar.\u00a0<\/p><\/div>\n\t\t\t\t<\/div>\n\t\t\t\t<\/div>\n\t\t\t\t\t\t<\/div>\n\t\t\t\t\t<\/div>\n\t\t<\/div>\n\t\t\t\t\t\t\t\t<\/div>\n\t\t\t\t\t<\/div>\n\t\t<\/section>\n\t\t\t\t<section class=\"elementor-section elementor-top-section elementor-element elementor-element-33261f8 elementor-section-boxed elementor-section-height-default elementor-section-height-default\" data-id=\"33261f8\" data-element_type=\"section\">\n\t\t\t\t\t\t<div class=\"elementor-container elementor-column-gap-default\">\n\t\t\t\t\t\t\t<div class=\"elementor-row\">\n\t\t\t\t\t<div class=\"elementor-column elementor-col-100 elementor-top-column elementor-element elementor-element-95b0693\" data-id=\"95b0693\" data-element_type=\"column\">\n\t\t\t<div class=\"elementor-column-wrap elementor-element-populated\">\n\t\t\t\t\t\t\t<div class=\"elementor-widget-wrap\">\n\t\t\t\t\t\t<div class=\"elementor-element elementor-element-7b9747b elementor-widget elementor-widget-text-editor\" data-id=\"7b9747b\" data-element_type=\"widget\" data-widget_type=\"text-editor.default\">\n\t\t\t\t<div class=\"elementor-widget-container\">\n\t\t\t\t\t<div class=\"elementor-text-editor elementor-clearfix\"><ul><li><strong>Decreto Supremo No. 3774 de 16 de enero de 2019<\/strong><\/li><\/ul><p style=\"padding-left: 80px;\">Tiene por objeto crear el Servicio Plurinacional de la Mujer y de la Despatriarcalizaci\u00f3n \u201cAna Mar\u00eda Romero\u201d y conformar el Gabinete Especial de Lucha contra la Violencia hacia la Mujer y la Ni\u00f1ez. Esta instancia tiene por finalidad realizar seguimiento, monitoreo y evaluar el cumplimiento de las pol\u00edticas p\u00fablicas hacia la despatriarcalizaci\u00f3n a favor del ejercicio efectivo de los derechos de las mujeres; promover la erradicaci\u00f3n de todo tipo de violencia y formas de discriminaci\u00f3n contra la mujer.<\/p><ul><li><strong>Decreto Supremo No. 3834 de 13 de marzo de 2019 del \u201cSistema de Registro<\/strong><br \/><strong>y Alerta Inmediata \u2018Adela Zamudio\u2019 de la Fuerza Especial de Lucha Contra la<\/strong><br \/><strong>Violencia \u2013 FELCV<\/strong><\/li><\/ul><p style=\"padding-left: 80px;\">Crea el Sistema de Registro y Alerta Inmediata \u201cAdela Zamudio\u201d de la Fuerza Especial de Lucha Contra la Violencia \u2013 FELCV, promueve la especializaci\u00f3n y estabilidad del personal, el modelo integral de atenci\u00f3n en las Estaciones Policiales Integrales y Direcciones Departamentales de la FELCV concentrando servicios policiales y no policiales y las oficinas mancomunadas de la FELCV a trav\u00e9s de inversiones concurrentes.<\/p><ul><li><strong>Decreto Supremo No. 4012 de 14 de agosto de 2019<\/strong><\/li><\/ul><p style=\"padding-left: 80px;\">Tiene por objeto modificar el Art\u00edculo 13 del Decreto Supremo No. 2145 de 14 de octubre de 2014, que a la vez fue modificado por el Decreto Supremo 2610 de 25 de noviembre de 2015.<\/p><p style=\"padding-left: 80px;\">Se dispone que los Gobiernos Aut\u00f3nomos Departamentales utilizar\u00e1n al\u00a0menos el 15% del total de sus recursos del IDH de Seguridad Ciudadana en actividades de prevenci\u00f3n de violencia contra ni\u00f1as, ni\u00f1os, adolescentes y mujeres, construcci\u00f3n de casas de acogida y refugios temporales y su mantenimiento y atenci\u00f3n.<\/p><p style=\"padding-left: 80px;\">Asimismo, los gobiernos aut\u00f3nomos de municipios y de autonom\u00edas ind\u00edgena originario campesinas con menos a 15.000 habitantes, e igual o mayor a 15.000 habitantes, utilizar\u00e1n al menos el 15% y 20%, respectivamente, del total de sus recursos de IDH, para actividades de prevenci\u00f3n de violencia contra ni\u00f1as, ni\u00f1os, adolescentes y mujeres, financiamiento de infraestructura, equipamiento, provisi\u00f3n de personal y gastos de funcionamiento de los SLIMs.<\/p><p style=\"padding-left: 80px;\">Finalmente, se destinar\u00e1 como m\u00ednimo el 10% de recursos de seguridad ciudadana para el fortalecimiento de la FELCV.<\/p><\/div>\n\t\t\t\t<\/div>\n\t\t\t\t<\/div>\n\t\t\t\t\t\t<\/div>\n\t\t\t\t\t<\/div>\n\t\t<\/div>\n\t\t\t\t\t\t\t\t<\/div>\n\t\t\t\t\t<\/div>\n\t\t<\/section>\n\t\t\t\t<section class=\"elementor-section elementor-top-section elementor-element elementor-element-0441996 elementor-section-boxed elementor-section-height-default elementor-section-height-default\" data-id=\"0441996\" data-element_type=\"section\">\n\t\t\t\t\t\t<div class=\"elementor-container elementor-column-gap-default\">\n\t\t\t\t\t\t\t<div class=\"elementor-row\">\n\t\t\t\t\t<div class=\"elementor-column elementor-col-100 elementor-top-column elementor-element elementor-element-0e504f8\" data-id=\"0e504f8\" data-element_type=\"column\">\n\t\t\t<div class=\"elementor-column-wrap elementor-element-populated\">\n\t\t\t\t\t\t\t<div class=\"elementor-widget-wrap\">\n\t\t\t\t\t\t<div class=\"elementor-element elementor-element-e8a715c elementor-widget elementor-widget-text-editor\" data-id=\"e8a715c\" data-element_type=\"widget\" data-widget_type=\"text-editor.default\">\n\t\t\t\t<div class=\"elementor-widget-container\">\n\t\t\t\t\t<div class=\"elementor-text-editor elementor-clearfix\"><div title=\"Page 15\"><div><div><div><div title=\"Page 24\"><div><div><div><p><span style=\"color: #43358b;\"><b>JURISPRUDENCIA NACIONAL<\/b><\/span><\/p><\/div><\/div><\/div><\/div><\/div><\/div><\/div><\/div><\/div>\n\t\t\t\t<\/div>\n\t\t\t\t<\/div>\n\t\t\t\t\t\t<\/div>\n\t\t\t\t\t<\/div>\n\t\t<\/div>\n\t\t\t\t\t\t\t\t<\/div>\n\t\t\t\t\t<\/div>\n\t\t<\/section>\n\t\t\t\t<section class=\"elementor-section elementor-top-section elementor-element elementor-element-e4d65af elementor-section-boxed elementor-section-height-default elementor-section-height-default\" data-id=\"e4d65af\" data-element_type=\"section\">\n\t\t\t\t\t\t<div class=\"elementor-container elementor-column-gap-default\">\n\t\t\t\t\t\t\t<div class=\"elementor-row\">\n\t\t\t\t\t<div class=\"elementor-column elementor-col-100 elementor-top-column elementor-element elementor-element-75dfa5c\" data-id=\"75dfa5c\" data-element_type=\"column\">\n\t\t\t<div class=\"elementor-column-wrap elementor-element-populated\">\n\t\t\t\t\t\t\t<div class=\"elementor-widget-wrap\">\n\t\t\t\t\t\t<div class=\"elementor-element elementor-element-7f2e1dd elementor-widget elementor-widget-text-editor\" data-id=\"7f2e1dd\" data-element_type=\"widget\" data-widget_type=\"text-editor.default\">\n\t\t\t\t<div class=\"elementor-widget-container\">\n\t\t\t\t\t<div class=\"elementor-text-editor elementor-clearfix\"><p>A continuaci\u00f3n, algunos de los fallos m\u00e1s relevantes del Tribunal Constitucional Plurinacional, sobre aspectos abordados en este protocolo.<\/p><p><b>Igualdad sustantiva<\/b><\/p><p style=\"padding-left: 80px;\"><b>Sentencia Constitucional 0993\/2010-R de 23 de agosto de 2010<a class=\"tooltips\" title=\"Disponible en: file:\/\/\/E:\/OTROS\/SERVER%20DATA\/Descargas\/SENTENCIAS0993_2010-R.pdf\"><sup>54<\/sup><\/a>,<\/b> sobre las brechas entre la igualdad formal y la igualdad efectiva y la necesidad de adoptar medidas especiales a favor de las mujeres.<\/p><p style=\"padding-left: 80px;\">\u201c(\u2026) se debe entender que una cosa es la igualdad supuesta que existe en los textos, tales como el reconocimiento de la igualdad entre hombres y mujeres en el texto constitucional; sin embargo, de esa igualdad formal, existe una igualdad material, que no es efectiva, porque las mujeres, los ancianos, y los ni\u00f1os o ni\u00f1as, se encuentran materialmente en desventaja dentro de nuestra realidad social. As\u00ed pues, diremos que se entiende a la discriminaci\u00f3n positiva, como el conjunto de normas pol\u00edticas, sociales o econ\u00f3micas que se insertan dentro del ordenamiento jur\u00eddico, para as\u00ed, tratar de reparar injusticias, que son producto de la misma sociedad y de su naturaleza. De esta forma se trata de encontrar un equilibrio mediante un marco legislativo; esto significa \u201ctratar con desigualdad, en favor de un grupo que se encuentra en desventaja y por tanto en una situaci\u00f3n desigual y desfavorable\u201d.<\/p><\/div>\n\t\t\t\t<\/div>\n\t\t\t\t<\/div>\n\t\t\t\t\t\t<\/div>\n\t\t\t\t\t<\/div>\n\t\t<\/div>\n\t\t\t\t\t\t\t\t<\/div>\n\t\t\t\t\t<\/div>\n\t\t<\/section>\n\t\t\t\t<section class=\"elementor-section elementor-top-section elementor-element elementor-element-62565dd elementor-section-boxed elementor-section-height-default elementor-section-height-default\" data-id=\"62565dd\" data-element_type=\"section\">\n\t\t\t\t\t\t<div class=\"elementor-container elementor-column-gap-default\">\n\t\t\t\t\t\t\t<div class=\"elementor-row\">\n\t\t\t\t\t<div class=\"elementor-column elementor-col-100 elementor-top-column elementor-element elementor-element-57fe3d5\" data-id=\"57fe3d5\" data-element_type=\"column\">\n\t\t\t<div class=\"elementor-column-wrap elementor-element-populated\">\n\t\t\t\t\t\t\t<div class=\"elementor-widget-wrap\">\n\t\t\t\t\t\t<div class=\"elementor-element elementor-element-18707a5 elementor-widget elementor-widget-text-editor\" data-id=\"18707a5\" data-element_type=\"widget\" data-widget_type=\"text-editor.default\">\n\t\t\t\t<div class=\"elementor-widget-container\">\n\t\t\t\t\t<div class=\"elementor-text-editor elementor-clearfix\"><p><b>SCP 0385\/2018-S2 de 25 de julio de 2018<a class=\"tooltips\" title=\"Disponible en: file:\/\/\/C:\/Users\/Usuario\/Downloads\/SENTENCIA0385_2018-S2.pdf\"><sup>55<\/sup><\/a>,<\/b> introduce el enfoque interseccional como herramienta para analizar la discriminaci\u00f3n y violencia hacia las mujeres, comprendiendo sus desigualdades y necesidades en casos concretos:<\/p><p style=\"padding-left: 40px;\">\u201cEl enfoque interseccional se constituye en una herramienta \u00fatil para analizar las vulneraciones a los derechos, en especial a la igualdad, cuando se presentan m\u00faltiples factores de discriminaci\u00f3n, que se entrecruzan e influyen en el ejercicio y goce de los derechos de las personas. A partir de ello, es posible tener una mirada plural de la discriminaci\u00f3n y violencia hacia diversas categor\u00edas biol\u00f3gicas, sociales y culturales, como el sexo, el g\u00e9nero, la clase, la discapacidad, la orientaci\u00f3n sexual, la religi\u00f3n, la edad, la nacionalidad y otros ejes de identidad, que se interaccionan en m\u00faltiples y a menudo simult\u00e1neos niveles de discriminaci\u00f3n y violencia, comprendiendo las desigualdades y necesidades de esta poblaci\u00f3n en los casos concretos, las cuales pueden estar atravesadas por diversas identidades u otros factores que las coloquen en situaciones mayores de subordinaci\u00f3n, violencia o discriminaci\u00f3n (\u2026)<\/p><p style=\"padding-left: 40px;\">En ese sentido, corresponde se\u00f1alar que el Estado, conforme qued\u00f3 establecido en el referido Fundamento Jur\u00eddico III.3., tiene la obligaci\u00f3n de dar diligencia estricta a denuncias de violencia hacia las mujeres, lo que supone que las autoridades de la Polic\u00eda Boliviana, del Ministerio P\u00fablico y del \u00d3rgano Judicial, entre otros, tienen que actuar de manera inmediata, para esclarecer los hechos de violencia en raz\u00f3n de g\u00e9nero; deber que es reforzado, trat\u00e1ndose de personas con discapacidad; por ello, las y los funcionarios policiales, tienen la obligaci\u00f3n de actuar de manera inmediata en los casos de violencia hacia las mujeres con discapacidad, en el marco de los principios de atenci\u00f3n diferenciada13; seg\u00fan el cual, las mujeres deben recibir la atenci\u00f3n que sus necesidades y circunstancias espec\u00edficas demanden, con criterios diferenciales que aseguren el pleno ejercicio de sus derechos\u201d.<\/p><\/div>\n\t\t\t\t<\/div>\n\t\t\t\t<\/div>\n\t\t\t\t\t\t<\/div>\n\t\t\t\t\t<\/div>\n\t\t<\/div>\n\t\t\t\t\t\t\t\t<\/div>\n\t\t\t\t\t<\/div>\n\t\t<\/section>\n\t\t\t\t<section class=\"elementor-section elementor-top-section elementor-element elementor-element-c323d76 elementor-section-boxed elementor-section-height-default elementor-section-height-default\" data-id=\"c323d76\" data-element_type=\"section\">\n\t\t\t\t\t\t<div class=\"elementor-container elementor-column-gap-default\">\n\t\t\t\t\t\t\t<div class=\"elementor-row\">\n\t\t\t\t\t<div class=\"elementor-column elementor-col-100 elementor-top-column elementor-element elementor-element-c9dd4b0\" data-id=\"c9dd4b0\" data-element_type=\"column\">\n\t\t\t<div class=\"elementor-column-wrap elementor-element-populated\">\n\t\t\t\t\t\t\t<div class=\"elementor-widget-wrap\">\n\t\t\t\t\t\t<div class=\"elementor-element elementor-element-31364e7 elementor-widget elementor-widget-text-editor\" data-id=\"31364e7\" data-element_type=\"widget\" data-widget_type=\"text-editor.default\">\n\t\t\t\t<div class=\"elementor-widget-container\">\n\t\t\t\t\t<div class=\"elementor-text-editor elementor-clearfix\"><p><b>Protecci\u00f3n reforzada<\/b><\/p><p><b>Sentencia Constitucional 1015\/2004 R de 02 de julio de 2004<a class=\"tooltips\" title=\"Disponible en: file:\/\/\/E:\/OTROS\/SERVER%20DATA\/Descargas\/SENTENCIAS1015_2004-R.pdf\"><sup>56<\/sup><\/a><\/b>, sobre protecci\u00f3n especial para las v\u00edctimas de agresiones sexuales.<\/p><p style=\"padding-left: 40px;\">\u201cEl derecho a la dignidad humana y a la protecci\u00f3n de la honra, el derecho de no ser objeto de injerencia abusivas en la vida privada, el derecho a la integridad f\u00edsica, psicol\u00f3gica y moral; y el derecho a la protecci\u00f3n especial de la ni\u00f1ez, todos consagrados en la Convenci\u00f3n Americana en los art\u00edculos 5, 11 y 19. Es absolutamente razonable que la normativa nacional e internacional permita una protecci\u00f3n especial para las v\u00edctimas de agresiones sexuales pues la violaci\u00f3n es un crimen tan horrendo y grave como el asesinato, siendo sus consecuencias distintas a las de los otros cr\u00edmenes\u201d.<\/p><\/div>\n\t\t\t\t<\/div>\n\t\t\t\t<\/div>\n\t\t\t\t\t\t<\/div>\n\t\t\t\t\t<\/div>\n\t\t<\/div>\n\t\t\t\t\t\t\t\t<\/div>\n\t\t\t\t\t<\/div>\n\t\t<\/section>\n\t\t\t\t<section class=\"elementor-section elementor-top-section elementor-element elementor-element-aff7014 elementor-section-boxed elementor-section-height-default elementor-section-height-default\" data-id=\"aff7014\" data-element_type=\"section\">\n\t\t\t\t\t\t<div class=\"elementor-container elementor-column-gap-default\">\n\t\t\t\t\t\t\t<div class=\"elementor-row\">\n\t\t\t\t\t<div class=\"elementor-column elementor-col-100 elementor-top-column elementor-element elementor-element-3e3de55\" data-id=\"3e3de55\" data-element_type=\"column\">\n\t\t\t<div class=\"elementor-column-wrap elementor-element-populated\">\n\t\t\t\t\t\t\t<div class=\"elementor-widget-wrap\">\n\t\t\t\t\t\t<div class=\"elementor-element elementor-element-161f490 elementor-widget elementor-widget-text-editor\" data-id=\"161f490\" data-element_type=\"widget\" data-widget_type=\"text-editor.default\">\n\t\t\t\t<div class=\"elementor-widget-container\">\n\t\t\t\t\t<div class=\"elementor-text-editor elementor-clearfix\"><p><b>Sentencia Constitucional 033\/2013 de 4 de enero de 2013<a class=\"tooltips\" title=\"Disponible en: file:\/\/\/E:\/OTROS\/SERVER%20DATA\/Descargas\/SENTENCIA0033_2013.pdf\"><sup>57<\/sup><\/a><\/b>, sobre el deber de disponer medidas para proteger a las v\u00edctimas de violencia.<\/p>\n<p>En este caso la accionante manifest\u00f3 que pese a iniciar un proceso penal fue constantemente amenazada y agredida por la persona con quien mantuvo una relaci\u00f3n sentimental, solicitando a la fiscal medidas protectivas a su favor sin que exista al menos una resoluci\u00f3n debidamente fundamentada que resuelva dicha solicitud, ante lo que el Tribunal Constitucional, razon\u00f3 en el siguiente sentido:<\/p>\n<p style=\"padding-left: 40px;\">\u201cToda decisi\u00f3n administrativa, legislativa o judicial siempre deber\u00e1 compulsar dos principios esenciales, que son: i) el principio de primac\u00eda de protecci\u00f3n del derecho a la vida; y, ii) El principio de duda favorable de la protecci\u00f3n exhaustiva del derecho a la vida (\u2026)<\/p>\n<p style=\"padding-left: 40px;\">Sobre qu\u00e9 es lo que se protege en relaci\u00f3n al derecho a la vida, se le ha asignado tres concepciones distintas, que son: a) El derecho a permanecer con vida, interdicci\u00f3n de muerte arbitraria (obligaciones positivas y negativas del Estado); b) El derecho a vivir con dignidad o vivir bien (suma qama\u00f1a) (Obligaciones positivas del Estado); y, c) el derecho asistencial a recibir todo lo indispensablemente necesario para subsistir con dignidad (obligaciones positivas del Estado) (\u2026)<\/p>\n<p style=\"padding-left: 40px;\">De la generalidad conceptual desarrollada y en el marco de la tercera concepci\u00f3n glosada, las autoridades del Estado al resolver solicitudes en las que se encuentre en peligro el derecho a la vida, deben ser resueltas sobre la base de una exhaustividad anal\u00edtica &#8211; valorativa en miras a considerar que sobre cualquier otro aspecto prima la protecci\u00f3n de la vida del ser humano debi\u00e9ndose tener presente que dicha protecci\u00f3n no se agota con el compromiso de velar por la mera subsistencia de la persona, sino que involucra a todos los componentes imprescindibles para permitir el goce efectivo de una vida digna (\u2026)<\/p>\n<p style=\"padding-left: 40px;\">No resulta exigible a la accionante solicite garant\u00edas ante la polic\u00eda o inicie un nuevo proceso penal pues se entiende que un proceso penal debe ser suficiente para resguardar los derechos de las presuntas v\u00edctimas mientras el mismo se desarrolla, lo contrario har\u00eda del proceso una instancia de revictimizaci\u00f3n.<\/p>\n<p style=\"padding-left: 40px;\">(\u2026) si se considera que los delitos progresivos se componen de diferentes conductas que deben analizarse en su integridad, otro razonamiento provocar\u00eda el absurdo que por ejemplo en los delitos continuados el cajero que se lleve todos los d\u00edas un centavo de su trabajo deba ser juzgado por cada centavo lo que contrariar\u00eda el principio de celeridad, la unidad de la investigaci\u00f3n e impedir\u00eda el acceso a la justicia de la v\u00edctima al verse imposibilitada de efectuar el seguimiento a diversos casos que por su naturaleza merecen una sola investigaci\u00f3n. Por otra parte, debe recordarse que, el deber de los fiscales de otorgar protecci\u00f3n a las presuntas v\u00edctimas de un delito no es potestativo sino se desprende de la gravedad y circunstancias del propio caso, ello porque por la naturaleza de la noble labor que aceptaron desempe\u00f1ar se encuentran en posici\u00f3n de garantes respecto a las v\u00edctimas, por ello mismo, la adopci\u00f3n de medidas preventivas y de protecci\u00f3n, deben ser de oficio, en este sentido, la falta de adopci\u00f3n de medidas preventivas y de celeridad en la investigaci\u00f3n de casos de violencia en raz\u00f3n de g\u00e9nero no solo puede pesar en el \u00e9xito de la investigaci\u00f3n sino provoca desconfianza y descr\u00e9dito en la justicia, pudiendo incluso significar un mensaje inequ\u00edvoco a los agresores de continuar la escalada de violencia, (\u2026)\u201d.<\/p><\/div>\n\t\t\t\t<\/div>\n\t\t\t\t<\/div>\n\t\t\t\t\t\t<\/div>\n\t\t\t\t\t<\/div>\n\t\t<\/div>\n\t\t\t\t\t\t\t\t<\/div>\n\t\t\t\t\t<\/div>\n\t\t<\/section>\n\t\t\t\t<section class=\"elementor-section elementor-top-section elementor-element elementor-element-214c50d elementor-section-boxed elementor-section-height-default elementor-section-height-default\" data-id=\"214c50d\" data-element_type=\"section\">\n\t\t\t\t\t\t<div class=\"elementor-container elementor-column-gap-default\">\n\t\t\t\t\t\t\t<div class=\"elementor-row\">\n\t\t\t\t\t<div class=\"elementor-column elementor-col-100 elementor-top-column elementor-element elementor-element-e51d453\" data-id=\"e51d453\" data-element_type=\"column\">\n\t\t\t<div class=\"elementor-column-wrap elementor-element-populated\">\n\t\t\t\t\t\t\t<div class=\"elementor-widget-wrap\">\n\t\t\t\t\t\t<div class=\"elementor-element elementor-element-5122f52 elementor-widget elementor-widget-text-editor\" data-id=\"5122f52\" data-element_type=\"widget\" data-widget_type=\"text-editor.default\">\n\t\t\t\t<div class=\"elementor-widget-container\">\n\t\t\t\t\t<div class=\"elementor-text-editor elementor-clearfix\"><p><b>Sentencia Constitucional 0725\/2018-S2 de 31 octubre de 2018<a class=\"tooltips\" title=\"Disponible en: file:\/\/\/E:\/OTROS\/SERVER%20DATA\/Descargas\/SENTENCIA0725_2018-S2.pdf\"><sup>58<\/sup><\/a><\/b>, sobre la vulneraci\u00f3n de derechos por parte de jueces, fiscales y polic\u00edas al concurrir en conductas revictimizantes y que pusieron en peligro la vida e integridad f\u00edsica de la v\u00edctima.<\/p><p>La v\u00edctima fue agredida en su domicilio por parte de sus hijastros, quienes trataron de hacerla desocupar de manera violenta el domicilio donde resid\u00eda con sus dos hijas menores de edad, no obstante, fue arrestada por m\u00e1s de 8 horas en la misma celda con sus supuestos agresores, adem\u00e1s el fiscal dispuso medidas de protecci\u00f3n a favor de sus agresores, siendo ella la v\u00edctima, para finalmente oblig\u00e1ndola a aceptar desocupar el domicilio , ante lo que el TCP afirm\u00f3 que:<\/p><p style=\"padding-left: 40px;\">\u201cEn el marco de la Ley No. 348, las instituciones p\u00fablicas responsables de la atenci\u00f3n, investigaci\u00f3n y sanci\u00f3n de los delitos cometidos contra las mujeres, entre ellas la Polic\u00eda Boliviana, deben aplicar medidas de protecci\u00f3n a objeto de salvaguardar la vida, la integridad f\u00edsica de las mujeres en situaci\u00f3n de violencia y los de sus dependientes (Fundamento Jur\u00eddico III.2); en ese marco, es importante manifestarnos en tenor al arresto que se realiz\u00f3 a la accionante con sus agresores en la misma celda, actos realizados por el Sargento S.B.T.Q., que incumpli\u00f3 su deber como polic\u00eda al no resguardar a la persona que fue v\u00edctima de violencia, y siendo que la instituci\u00f3n a la que pertenece, tiene que brindar apoyo a las mujeres en situaci\u00f3n de violencia, trato digno y respetuoso acorde a la situaci\u00f3n, debiendo facilitar al m\u00e1ximo las gestiones en consecuci\u00f3n a la no revictimizaci\u00f3n, por lo que, su accionar se constituye en un acto vulneratorio al no observar las condiciones en la cual se encontraba la peticionante de tutela. Bajo la misma l\u00ednea, el segundo razonamiento est\u00e1 relacionado a la inexistencia de motivaci\u00f3n de la Resoluci\u00f3n emitida (medidas de protecci\u00f3n) por el representante del Ministerio P\u00fablico, en tenor del art\u00edculo 73 del CPP, que establece que toda actuaci\u00f3n de los Fiscales debe estar debidamente fundamentada y espec\u00edfica, m\u00e1xima incumplida por el demandado; en tercer punto, que ante las inobservancias de los fines regulados por la Ley No. 348 y la fundamentaci\u00f3n y motivaci\u00f3n que toda actuaci\u00f3n llevada a cabo por representantes del Ministerio P\u00fablico debe contener, gener\u00f3 en la accionante y sus hijas menores, un riesgo de su vida e integridad f\u00edsica, al dejarla desamparadas sin vivienda y con\u00a0sus enseres en plena calle a horas de la madrugada, constituy\u00e9ndose en arbitrariedad la actuaci\u00f3n descrita realizada por el Fiscal de Materia demandado, mismas que no pueden pasar inadvertidas por la jurisdicci\u00f3n constitucional, a pesar de constar desestimaci\u00f3n del proceso que dio origen a la presente acci\u00f3n tutelar (Conclusi\u00f3n II. 8)\u201d.<\/p><\/div>\n\t\t\t\t<\/div>\n\t\t\t\t<\/div>\n\t\t\t\t\t\t<\/div>\n\t\t\t\t\t<\/div>\n\t\t<\/div>\n\t\t\t\t\t\t\t\t<\/div>\n\t\t\t\t\t<\/div>\n\t\t<\/section>\n\t\t\t\t<section class=\"elementor-section elementor-top-section elementor-element elementor-element-3e2b280 elementor-section-boxed elementor-section-height-default elementor-section-height-default\" data-id=\"3e2b280\" data-element_type=\"section\">\n\t\t\t\t\t\t<div class=\"elementor-container elementor-column-gap-default\">\n\t\t\t\t\t\t\t<div class=\"elementor-row\">\n\t\t\t\t\t<div class=\"elementor-column elementor-col-100 elementor-top-column elementor-element elementor-element-1c1b8c9\" data-id=\"1c1b8c9\" data-element_type=\"column\">\n\t\t\t<div class=\"elementor-column-wrap elementor-element-populated\">\n\t\t\t\t\t\t\t<div class=\"elementor-widget-wrap\">\n\t\t\t\t\t\t<div class=\"elementor-element elementor-element-9c262b7 elementor-widget elementor-widget-text-editor\" data-id=\"9c262b7\" data-element_type=\"widget\" data-widget_type=\"text-editor.default\">\n\t\t\t\t<div class=\"elementor-widget-container\">\n\t\t\t\t\t<div class=\"elementor-text-editor elementor-clearfix\"><p><b>Sentencia Constitucional 0394\/2018-S2 de 3 de agosto de 2018<a class=\"tooltips\" title=\"Disponible en: file:\/\/\/E:\/OTROS\/SERVER%20DATA\/Descargas\/SENTENCIA0394_2018-S2.pdf\"><sup>59<\/sup><\/a><\/b>, determina la inaplicabilidad de las garant\u00edas personales en casos de violencia debiendo en su lugar disponerse medidas de protecci\u00f3n y la necesidad de valorar el peligro en el que se encuentra la v\u00edctima y su situaci\u00f3n de vulnerabilidad a efecto de determinar riesgos procesales.<\/p><p style=\"padding-left: 40px;\">\u201cConsiguientemente, a partir de todo lo explicado, en el marco de las medidas de protecci\u00f3n exigidas al Estado boliviano, por las normas nacionales e internacionales, las autoridades fiscales y judiciales, deben considerar que:<\/p><p style=\"padding-left: 40px;\">a) En los casos de violencia contra las mujeres, para evaluar el peligro de fuga contenido en el art. 234.10 del CPP, deber\u00e1 considerarse la situaci\u00f3n de vulnerabilidad o de desventaja en la que se encuentren la v\u00edctima o denunciante respecto al imputado; as\u00ed como las caracter\u00edsticas del delito, cuya autor\u00eda se atribuye al mismo; y, la conducta exteriorizada por \u00e9ste contra las v\u00edctimas, antes y con posterioridad a la comisi\u00f3n del delito, para determinar si dicha conducta puso y pone en evidente riesgo de vulneraci\u00f3n, los derechos tanto de la v\u00edctima como del denunciante;<\/p><p style=\"padding-left: 40px;\">b) De manera espec\u00edfica, trat\u00e1ndose del delito de trata de personas, deber\u00e1 considerarse la especial situaci\u00f3n de vulnerabilidad de las v\u00edctimas que sufrieron enga\u00f1o, fraude, violencia, amenaza, intimidaci\u00f3n, coerci\u00f3n, abuso de autoridad, o en general, ejercicio de poder sobre ellas; y,<\/p><p style=\"padding-left: 40px;\">c) En casos de violencia contra las mujeres, la solicitud de garant\u00edas personales o garant\u00edas mutuas por parte del imputado, como medida destinada a desvirtuar el peligro de fuga previsto en el art. 234.10 del CPP, se constituye en una medida revictimizadora, que desnaturaliza la protecci\u00f3n que el 14 Ibid., p. 89 22 Estado debe brindar a las v\u00edctimas; pues, en todo caso, es ella y no el imputado, la que tiene el derecho, en el marco del art. 35 de la Ley No. 348, de exigir las medidas de protecci\u00f3n que garanticen sus derechos\u201d.<\/p><\/div>\n\t\t\t\t<\/div>\n\t\t\t\t<\/div>\n\t\t\t\t\t\t<\/div>\n\t\t\t\t\t<\/div>\n\t\t<\/div>\n\t\t\t\t\t\t\t\t<\/div>\n\t\t\t\t\t<\/div>\n\t\t<\/section>\n\t\t\t\t<section class=\"elementor-section elementor-top-section elementor-element elementor-element-6d1860d elementor-section-boxed elementor-section-height-default elementor-section-height-default\" data-id=\"6d1860d\" data-element_type=\"section\">\n\t\t\t\t\t\t<div class=\"elementor-container elementor-column-gap-default\">\n\t\t\t\t\t\t\t<div class=\"elementor-row\">\n\t\t\t\t\t<div class=\"elementor-column elementor-col-100 elementor-top-column elementor-element elementor-element-e8f57a7\" data-id=\"e8f57a7\" data-element_type=\"column\">\n\t\t\t<div class=\"elementor-column-wrap elementor-element-populated\">\n\t\t\t\t\t\t\t<div class=\"elementor-widget-wrap\">\n\t\t\t\t\t\t<div class=\"elementor-element elementor-element-d2e0f2a elementor-widget elementor-widget-text-editor\" data-id=\"d2e0f2a\" data-element_type=\"widget\" data-widget_type=\"text-editor.default\">\n\t\t\t\t<div class=\"elementor-widget-container\">\n\t\t\t\t\t<div class=\"elementor-text-editor elementor-clearfix\"><p><b>SCP 0130\/2018-S2 de 16 de abril de 2018<a title=\"Disponible en: file:\/\/\/C:\/Users\/Usuario\/Downloads\/SENTENCIA0130_2018-S2.pdf\"><sup>60<\/sup><\/a>,<\/b> sobre el rescate de ni\u00f1as, ni\u00f1os y adolescentes posibles v\u00edctimas de violencia sexual y aprehensi\u00f3n del presunto autor, el Tribunal se pronunci\u00f3 se\u00f1alando que:<\/p><p>\u201cPor otra parte, en cuanto a la necesidad de la aprehensi\u00f3n, cabe se\u00f1alar, que si bien esa medida es extrema, porque supone la restricci\u00f3n del derecho a la libertad del impetrante de tutela; empero, dadas las circunstancias del caso, la desprotecci\u00f3n de la v\u00edctima, que vive en el mismo domicilio que el supuesto agresor y existiendo pedido de auxilio efectuado por ella, es evidente que no hay otra medida menos gravosa; por ello, la aprehensi\u00f3n result\u00f3 oportuna y disponible en ese momento, para garantizar la protecci\u00f3n de la menor de edad.<\/p><p>(\u2026) Consiguientemente, en los casos como el presente, en los que exista una solicitud de ayuda formulada por la v\u00edctima o denuncia fehaciente de violencia sexual o f\u00edsica contra ni\u00f1as, ni\u00f1os y adolescentes, es posible que los funcionarios de la Polic\u00eda Boliviana, actuando de manera conjunta con la Defensor\u00eda de la Ni\u00f1ez y Adolescencia, efect\u00faen su inmediato rescate de la ni\u00f1a, ni\u00f1o o adolescente en situaci\u00f3n de violencia, as\u00ed como la aprehensi\u00f3n del presunto autor, cuando dicha\u00a0medida sea fundamental para garantizar los derechos de aqu\u00e9llos, con la \u00fanica finalidad de ponerlos a disposici\u00f3n de la autoridad competente, conforme a las garant\u00edas dispuestas por el C\u00f3digo de Procedimiento Penal\u201d.<\/p><\/div>\n\t\t\t\t<\/div>\n\t\t\t\t<\/div>\n\t\t\t\t\t\t<\/div>\n\t\t\t\t\t<\/div>\n\t\t<\/div>\n\t\t\t\t\t\t\t\t<\/div>\n\t\t\t\t\t<\/div>\n\t\t<\/section>\n\t\t\t\t<section class=\"elementor-section elementor-top-section elementor-element elementor-element-bf6fa78 elementor-section-boxed elementor-section-height-default elementor-section-height-default\" data-id=\"bf6fa78\" data-element_type=\"section\">\n\t\t\t\t\t\t<div class=\"elementor-container elementor-column-gap-default\">\n\t\t\t\t\t\t\t<div class=\"elementor-row\">\n\t\t\t\t\t<div class=\"elementor-column elementor-col-100 elementor-top-column elementor-element elementor-element-d316a62\" data-id=\"d316a62\" data-element_type=\"column\">\n\t\t\t<div class=\"elementor-column-wrap elementor-element-populated\">\n\t\t\t\t\t\t\t<div class=\"elementor-widget-wrap\">\n\t\t\t\t\t\t<div class=\"elementor-element elementor-element-47a8f05 elementor-widget elementor-widget-text-editor\" data-id=\"47a8f05\" data-element_type=\"widget\" data-widget_type=\"text-editor.default\">\n\t\t\t\t<div class=\"elementor-widget-container\">\n\t\t\t\t\t<div class=\"elementor-text-editor elementor-clearfix\"><p><b>Reparaci\u00f3n integral<\/b><\/p><p><b>Sentencia Constitucional 0019\/2018-S2 de 28 de febrero de 2018<a class=\"tooltips\" title=\"Disponible en: file:\/\/\/E:\/OTROS\/SERVER%20DATA\/Descargas\/SENTENCIA0019_2018-S2.pdf\"><sup>61<\/sup><\/a>,\u00a0<\/b>sobre la reparaci\u00f3n integral para las v\u00edctimas de violencia, se establece un\u00a0importante precedente en el caso de violencia sexual contra una ni\u00f1a, a quien despu\u00e9s de una evaluaci\u00f3n psicol\u00f3gica, se determina la necesidad de apoyo terap\u00e9utico en un centro especializado, siendo que ella deb\u00eda trasladarse del \u00e1rea rural a la ciudad, se pidi\u00f3 su cambio de unidad educativa que fue negado, ante lo cual el TCP se\u00f1al\u00f3 que:<\/p><p style=\"padding-left: 40px;\">\u201cSin embargo, a partir de la concepci\u00f3n de un nuevo modelo de Estado desde la promulgaci\u00f3n de la Constituci\u00f3n Pol\u00edtica del Estado el 2009, el derecho a la reparaci\u00f3n, visto a trav\u00e9s del principio\/valor suma qama\u00f1a -vivir bien-, debe propender a mitigar no solo los da\u00f1os patrimoniales, sino y principalmente los da\u00f1os extrapatrimoniales (\u2026).<\/p><p style=\"padding-left: 40px;\">A partir de lo anterior, la Corte IDH fue delineando una l\u00ednea jurisprudencial en la que desarroll\u00f3 medidas de reparaci\u00f3n con car\u00e1cter integral y no \u00fanicamente patrimonial. As\u00ed, podemos citar que estas medidas incluyen la restituci\u00f3n, indemnizaciones econ\u00f3micas por da\u00f1os patrimoniales y extrapatrimoniales, rehabilitaci\u00f3n, satisfacci\u00f3n y garant\u00edas de no repetici\u00f3n.<\/p><p style=\"padding-left: 40px;\">Las medidas de reparaci\u00f3n anotadas deben ser aplicadas por todos los Estados partes de la Convenci\u00f3n Americana sobre Derechos Humanos, en el marco del control de convencionalidad (\u2026).<\/p><p style=\"padding-left: 40px;\">Ahora bien, a partir de una interpretaci\u00f3n desde y conforme a la Constituci\u00f3n y al bloque de constitucionalidad -Arts. 13 y 256 de la CPE, que como vimos se fundan en el inter\u00e9s superior de la ni\u00f1a, ni\u00f1o y adolescente, en el principio de protecci\u00f3n especial y reforzada de las ni\u00f1as y adolescente v\u00edctimas de violencia sexual; la medida de protecci\u00f3n que otorga esta disposici\u00f3n legal, relativa al traspaso inmediato de una unidad educativa a otra, se torna m\u00e1s urgente cuando la persona involucrada en una situaci\u00f3n de violencia, resulta ser la propia v\u00edctima; es decir, cuando a la situaci\u00f3n de vulnerabilidad en la que se halla por su calidad de ni\u00f1a y adolescente, se adiciona el hecho de haber sido la v\u00edctima de un hecho de violencia, en el caso que se analiza de tipo sexual.<\/p><p style=\"padding-left: 40px;\">De modo tal, que dicho precepto no resulta restrictivo \u00fanicamente a los hijos e hijas de las mujeres en situaci\u00f3n de violencia, ya que de asumir esta posici\u00f3n resultar\u00eda una interpretaci\u00f3n menos favorable, aislada a las disposiciones desarrolladas y ajena a la voluntad del legislador, m\u00e1s a\u00fan si responde al ejercicio de los derechos de la propia v\u00edctima de violencia\u201d.<\/p><\/div>\n\t\t\t\t<\/div>\n\t\t\t\t<\/div>\n\t\t\t\t\t\t<\/div>\n\t\t\t\t\t<\/div>\n\t\t<\/div>\n\t\t\t\t\t\t\t\t<\/div>\n\t\t\t\t\t<\/div>\n\t\t<\/section>\n\t\t\t\t<section class=\"elementor-section elementor-top-section elementor-element elementor-element-d0fb607 elementor-section-boxed elementor-section-height-default elementor-section-height-default\" data-id=\"d0fb607\" data-element_type=\"section\">\n\t\t\t\t\t\t<div class=\"elementor-container elementor-column-gap-default\">\n\t\t\t\t\t\t\t<div class=\"elementor-row\">\n\t\t\t\t\t<div class=\"elementor-column elementor-col-100 elementor-top-column elementor-element elementor-element-dc43d0b\" data-id=\"dc43d0b\" data-element_type=\"column\">\n\t\t\t<div class=\"elementor-column-wrap elementor-element-populated\">\n\t\t\t\t\t\t\t<div class=\"elementor-widget-wrap\">\n\t\t\t\t\t\t<div class=\"elementor-element elementor-element-2a9b284 elementor-widget elementor-widget-text-editor\" data-id=\"2a9b284\" data-element_type=\"widget\" data-widget_type=\"text-editor.default\">\n\t\t\t\t<div class=\"elementor-widget-container\">\n\t\t\t\t\t<div class=\"elementor-text-editor elementor-clearfix\"><p><b>Interrupci\u00f3n legal del embarazo<\/b><\/p><p><b>Sentencia Constitucional 206\/2014 de 05 de febrero de 2014<a class=\"tooltips\" title=\"Disponible en: file:\/\/\/E:\/OTROS\/SERVER%20DATA\/Descargas\/SENTENCIA0206_2014.pdf\"><sup>62<\/sup><\/a><\/b>, en la que se elimina el requisito de autorizaci\u00f3n judicial para el aborto legal y se garantiza su acceso en los casos previstos en el C\u00f3digo Penal.<\/p><p style=\"padding-left: 40px;\">\u201cEl Estado parte debe garantizar que las mujeres v\u00edctimas de una violaci\u00f3n que decidan interrumpir voluntariamente su embarazo tengan acceso a servicios de aborto seguros y eliminar cualquier impedimento innecesario a los mismos\u201d.<\/p><p style=\"padding-left: 40px;\">\u201cEn virtud a lo expuesto, se considera que la frase \u00b4siempre que la acci\u00f3n penal hubiere sido iniciada\u00b4 del primer p\u00e1rrafo del art\u00edculo 266 del CP, as\u00ed como la frase \u00b4autorizaci\u00f3n judicial en su caso\u00b4 contenidas en el \u00faltimo p\u00e1rrafo de la citada norma, constituyen disposiciones incompatibles con los derechos a la integridad f\u00edsica, psicol\u00f3gica y sexual, a no ser torturada, ni sufrir tratos crueles, inhumanos, degradantes o humillantes, a la salud f\u00edsica y a la dignidad en sus componentes al libre desarrollo de la personalidad y autonom\u00eda de las mujeres, consagrados en los Arts. 15, 18 y 22 de la CPE\u201d.<\/p><p style=\"padding-left: 40px;\">\u201cAl respecto, se deja claramente establecido adem\u00e1s, que a efectos de la vigencia y eficacia de esta previsi\u00f3n normativa desde y conforme a la Norma Suprema, la misma deber\u00e1 ser interpretada en sentido de que no ser\u00e1 exigible la presentaci\u00f3n de una querella, ni la existencia de imputaci\u00f3n y acusaci\u00f3n formal y menos sentencia. Ser\u00e1 suficiente que la mujer que acuda a un centro p\u00fablico o privado de salud a efecto de practicarse un aborto -por ser la gestaci\u00f3n producto de la comisi\u00f3n de un delito-, comunique esa situaci\u00f3n a la autoridad competente p\u00fablica y de ese modo el m\u00e9dico profesional que realizar\u00e1 el aborto tendr\u00e1 constancia expresa que justificar\u00e1 la realizaci\u00f3n del aborto\u201d.<\/p><\/div>\n\t\t\t\t<\/div>\n\t\t\t\t<\/div>\n\t\t\t\t\t\t<\/div>\n\t\t\t\t\t<\/div>\n\t\t<\/div>\n\t\t\t\t\t\t\t\t<\/div>\n\t\t\t\t\t<\/div>\n\t\t<\/section>\n\t\t\t\t<section class=\"elementor-section elementor-top-section elementor-element elementor-element-d8ebc40 elementor-section-boxed elementor-section-height-default elementor-section-height-default\" data-id=\"d8ebc40\" data-element_type=\"section\">\n\t\t\t\t\t\t<div class=\"elementor-container elementor-column-gap-default\">\n\t\t\t\t\t\t\t<div class=\"elementor-row\">\n\t\t\t\t\t<div class=\"elementor-column elementor-col-100 elementor-top-column elementor-element elementor-element-e1ac363\" data-id=\"e1ac363\" data-element_type=\"column\">\n\t\t\t<div class=\"elementor-column-wrap elementor-element-populated\">\n\t\t\t\t\t\t\t<div class=\"elementor-widget-wrap\">\n\t\t\t\t\t\t<div class=\"elementor-element elementor-element-6f3078a elementor-widget elementor-widget-text-editor\" data-id=\"6f3078a\" data-element_type=\"widget\" data-widget_type=\"text-editor.default\">\n\t\t\t\t<div class=\"elementor-widget-container\">\n\t\t\t\t\t<div class=\"elementor-text-editor elementor-clearfix\"><p><b>Inaplicabilidad de la suspensi\u00f3n condicional de la pena y el perd\u00f3n judicial de la pena<\/b><\/p><p><b>Sentencia Constitucional 0721\/2018-S2 de 31 de octubre de 2018<a class=\"tooltips\" title=\"Disponible en: file:\/\/\/E:\/OTROS\/SERVER%20DATA\/Descargas\/SENTENCIA0721_2018-S2.pdf\"><sup>63<\/sup><\/a>,\u00a0<\/b>determina la inaplicabilidad de la suspensi\u00f3n condicional de la pena y el perd\u00f3n judicial de la pena en casos de violencia contra las mujeres.<\/p><p style=\"padding-left: 40px;\">\u201cConforme a lo anotado, la Ley No. 348, en el marco de las normas internacionales sobre Derechos Humanos, hace especial \u00e9nfasis en la persecuci\u00f3n y sanci\u00f3n de los agresores, no previendo, por lo mismo, la posibilidad de otorgar al agresor la suspensi\u00f3n condicional de la pena; m\u00e1s bien, establece la posibilidad de la aplicaci\u00f3n de sanciones alternativas a la privaci\u00f3n de libertad, entre otros casos, cuando la pena impuesta no sea mayor a tres a\u00f1os, en cuyo caso, el juez podr\u00e1 aplicar las sanciones alternativas descritas en los art\u00edculos 77 al 82 de la referida Ley; debiendo la autoridad judicial, aplicar un plan de conducta al condenado, de conformidad a lo previsto por el art\u00edculo 82 de la misma norma\u201d.<\/p><p style=\"padding-left: 40px;\">\u201cEsta disposici\u00f3n legal, establece mecanismos, medidas y pol\u00edticas integrales de prevenci\u00f3n, atenci\u00f3n, protecci\u00f3n, reparaci\u00f3n a las mujeres en situaci\u00f3n de violencia, as\u00ed como la persecuci\u00f3n y sanci\u00f3n a los agresores, con el fin de garantizar a las mismas una vida digna y el ejercicio pleno de sus derechos para vivir bien; mandato que se dota de contenido, cuando nos remitimos a los distintos instrumentos internacionales, por los cuales se impone el deber de evitar la impunidad, a trav\u00e9s del ejercicio de dos funciones que ata\u00f1an a la administraci\u00f3n de justicia: a) Esclarecer los hechos; y, b) Sancionar a los culpables; porque solo de ese modo, se desalientan futuras violaciones a los derechos de<br \/>las mujeres.<\/p><p style=\"padding-left: 40px;\">As\u00ed, la obligaci\u00f3n de sancionar a los culpables debe ser cumplida indefectiblemente, no existiendo posibilidad de perdonar el cumplimiento de la pena o suspender de modo condicional su cumplimiento; pues lo contrario, implicar\u00eda incumplir con las obligaciones internacionales del Estado; m\u00e1s a\u00fan, cuando al nivel interno existe una\u00a0norma que expresamente prev\u00e9 la aplicaci\u00f3n de sanciones alternativas a la privaci\u00f3n de libertad cuando la pena impuesta no sea mayor a tres a\u00f1os; sanciones que de acuerdo a la Ley No. 348, deben ir acompa\u00f1adas de las medidas de seguridad necesarias para proteger a la mujer que se encuentra en situaci\u00f3n de violencia, a sus hijas e hijos o su n\u00facleo familiar; medida que cumple con el objeto y la finalidad de la Ley No. 348, que es erradicar la violencia y no permitir la impunidad\u201d.<\/p><\/div>\n\t\t\t\t<\/div>\n\t\t\t\t<\/div>\n\t\t\t\t\t\t<\/div>\n\t\t\t\t\t<\/div>\n\t\t<\/div>\n\t\t\t\t\t\t\t\t<\/div>\n\t\t\t\t\t<\/div>\n\t\t<\/section>\n\t\t\t\t<section class=\"elementor-section elementor-top-section elementor-element elementor-element-79cbe44 elementor-section-boxed elementor-section-height-default elementor-section-height-default\" data-id=\"79cbe44\" data-element_type=\"section\">\n\t\t\t\t\t\t<div class=\"elementor-container elementor-column-gap-default\">\n\t\t\t\t\t\t\t<div class=\"elementor-row\">\n\t\t\t\t\t<div class=\"elementor-column elementor-col-100 elementor-top-column elementor-element elementor-element-ae8e97c\" data-id=\"ae8e97c\" data-element_type=\"column\">\n\t\t\t<div class=\"elementor-column-wrap\">\n\t\t\t\t\t\t\t<div class=\"elementor-widget-wrap\">\n\t\t\t\t\t\t\t\t<\/div>\n\t\t\t\t\t<\/div>\n\t\t<\/div>\n\t\t\t\t\t\t\t\t<\/div>\n\t\t\t\t\t<\/div>\n\t\t<\/section>\n\t\t\t\t<section class=\"elementor-section elementor-top-section elementor-element elementor-element-4bb86a5 elementor-section-boxed elementor-section-height-default elementor-section-height-default\" data-id=\"4bb86a5\" data-element_type=\"section\">\n\t\t\t\t\t\t<div class=\"elementor-container elementor-column-gap-default\">\n\t\t\t\t\t\t\t<div class=\"elementor-row\">\n\t\t\t\t\t<div class=\"elementor-column elementor-col-100 elementor-top-column elementor-element elementor-element-85c511e\" data-id=\"85c511e\" data-element_type=\"column\">\n\t\t\t<div class=\"elementor-column-wrap elementor-element-populated\">\n\t\t\t\t\t\t\t<div class=\"elementor-widget-wrap\">\n\t\t\t\t\t\t<div class=\"elementor-element elementor-element-b058a4f elementor-widget elementor-widget-text-editor\" data-id=\"b058a4f\" data-element_type=\"widget\" data-widget_type=\"text-editor.default\">\n\t\t\t\t<div class=\"elementor-widget-container\">\n\t\t\t\t\t<div class=\"elementor-text-editor elementor-clearfix\"><p><b>Protecci\u00f3n contra la violencia pol\u00edtica<\/b><\/p><p><b>\u2022 Sentencia Constitucional 0876\/2004-R de 8 de junio de 2004<a class=\"tooltips\" title=\"Disponible en: file:\/\/\/E:\/OTROS\/SERVER%20DATA\/Descargas\/SENTENCIAS0876_2004-R.pdf\"><sup>64<\/sup><\/a>,<\/b> sobre la violencia pol\u00edtica contra las mujeres y la necesidad de que autoridades municipales presenten renuncia de manera personal, a efecto de dar seguridad jur\u00eddica al acto y evitar que la misma sea fraguada por terceros.<\/p><p style=\"padding-left: 40px;\">\u201cIII.1. Al efecto cabe se\u00f1alar que al resolver casos an\u00e1logos, este Tribunal ha establecido jurisprudencia en sentido de que la renuncia al cargo de Alcalde debe ser presentada de manera personal, as\u00ed en la SC 748\/2003 de 4 de junio, ha expresado lo siguiente \u2019(\u2026) para que una renuncia pueda tener validez jur\u00eddica, se requiere que la misma sea presentada por el renunciante; pues, es una exigencia elemental de tr\u00e1fico jur\u00eddico, que quien tenga que presentar una demanda, recurso o recibir una correspondencia, abordar un avi\u00f3n u otro medio de transporte, debe de identificarse previamente. Si se le diera validez jur\u00eddica a una renuncia, sin que el titular del cargo la presente personalmente, repercutir\u00eda negativamente en el sentimiento de seguridad jur\u00eddica ciudadana; por cuanto se prestar\u00eda a que terceros interesados puedan fraguar una renuncia, o que quien, cursando la misma, pueda negarla. Actos tan trascendentales como la entrega de una renuncia, para tener validez deben ser realizados por el titular del cargo, personalmente, identific\u00e1ndose con la c\u00e9dula de identidad, que es el documento insoslayable en todos los actos jur\u00eddicos\u2019.<\/p><\/div>\n\t\t\t\t<\/div>\n\t\t\t\t<\/div>\n\t\t\t\t\t\t<\/div>\n\t\t\t\t\t<\/div>\n\t\t<\/div>\n\t\t\t\t\t\t\t\t<\/div>\n\t\t\t\t\t<\/div>\n\t\t<\/section>\n\t\t\t\t<section class=\"elementor-section elementor-top-section elementor-element elementor-element-c607178 elementor-section-boxed elementor-section-height-default elementor-section-height-default\" data-id=\"c607178\" data-element_type=\"section\">\n\t\t\t\t\t\t<div class=\"elementor-container elementor-column-gap-default\">\n\t\t\t\t\t\t\t<div class=\"elementor-row\">\n\t\t\t\t\t<div class=\"elementor-column elementor-col-100 elementor-top-column elementor-element elementor-element-0d03c26\" data-id=\"0d03c26\" data-element_type=\"column\">\n\t\t\t<div class=\"elementor-column-wrap elementor-element-populated\">\n\t\t\t\t\t\t\t<div class=\"elementor-widget-wrap\">\n\t\t\t\t\t\t<div class=\"elementor-element elementor-element-8812728 elementor-widget elementor-widget-text-editor\" data-id=\"8812728\" data-element_type=\"widget\" data-widget_type=\"text-editor.default\">\n\t\t\t\t<div class=\"elementor-widget-container\">\n\t\t\t\t\t<div class=\"elementor-text-editor elementor-clearfix\"><b>\u2022 Sentencia Constitucional 1356\/2012 de 19 de septiembre de 2012<a class=\"tooltips\" title=\"Disponible en: file:\/\/\/E:\/OTROS\/SERVER%20DATA\/Descargas\/SENTENCIAS1356_2012.pdf\"><sup>65<\/sup><\/a>,\u00a0<\/b>establece que una vez que una autoridad ha sido electa tiene derecho a ejercer la funci\u00f3n p\u00fablica sin impedimentos.\n<p style=\"padding-left: 40px;\">\u201cDe la revisi\u00f3n y estudio de los antecedentes, se tiene que el derecho a ejercer la funci\u00f3n p\u00fablica se encuentra \u00edntimamente ligado al derecho a la ciudadan\u00eda previsto en el art\u00edculo 144 de la CPE, disposici\u00f3n que establece dos elementos constitutivos de la ciudadan\u00eda: el primero, el derecho de concurrir como elector o como elegible a la formaci\u00f3n, y el segundo, el derecho al ejercicio de funciones en los \u00f3rganos del poder p\u00fablico (SC 0980\/2010-R de 17 de agosto); de modo que, el segundo elemento emana del primero y que una vez elegido el ciudadano o la ciudadana en un cargo, tiene el derecho de ejercer materialmente el mismo, impedir el desempe\u00f1o de dicho cargo para el cual ha sido electo, afecta gravemente el derecho a ejercer la funci\u00f3n p\u00fablica\u201d.<\/p><\/div>\n\t\t\t\t<\/div>\n\t\t\t\t<\/div>\n\t\t\t\t\t\t<\/div>\n\t\t\t\t\t<\/div>\n\t\t<\/div>\n\t\t\t\t\t\t\t\t<\/div>\n\t\t\t\t\t<\/div>\n\t\t<\/section>\n\t\t\t\t<section class=\"elementor-section elementor-top-section elementor-element elementor-element-fa3d936 elementor-section-boxed elementor-section-height-default elementor-section-height-default\" data-id=\"fa3d936\" data-element_type=\"section\">\n\t\t\t\t\t\t<div class=\"elementor-container elementor-column-gap-default\">\n\t\t\t\t\t\t\t<div class=\"elementor-row\">\n\t\t\t\t\t<div class=\"elementor-column elementor-col-100 elementor-top-column elementor-element elementor-element-532756d\" data-id=\"532756d\" data-element_type=\"column\">\n\t\t\t<div class=\"elementor-column-wrap elementor-element-populated\">\n\t\t\t\t\t\t\t<div class=\"elementor-widget-wrap\">\n\t\t\t\t\t\t<div class=\"elementor-element elementor-element-0ceded4 elementor-widget elementor-widget-text-editor\" data-id=\"0ceded4\" data-element_type=\"widget\" data-widget_type=\"text-editor.default\">\n\t\t\t\t<div class=\"elementor-widget-container\">\n\t\t\t\t\t<div class=\"elementor-text-editor elementor-clearfix\"><p><b>\u2022 Sentencia Constitucional 0149\/2014-S3 de 20 de noviembre de 2014<a class=\"tooltips\" title=\"Disponible en: file:\/\/\/E:\/OTROS\/SERVER%20DATA\/Descargas\/SENTENCIA0149_2014-S3.pdf\"><sup>66<\/sup><\/a>,&nbsp;<\/b>reconoce que la renuncia forzada de mujeres autoridades no solo vulnera sus derechos, sino tambi\u00e9n de los derechos de las y los electores.<\/p>\n<p>\u201cDe donde resulta que los Concejales demandados del municipio de Tarvita al haber aceptado la supuesta \u201crenuncia irrevocable\u201d de la ahora accionante al cargo de Concejal titular d\u00e1ndole validez constitucional y jur\u00eddica, que fue refrendada con el rechazo a sus dos peticiones de reconsideraci\u00f3n, en las que de manera recurrente y expl\u00edcita niegan los hechos y circunstancias que eran de su pleno y absoluto conocimiento que demostraban que la renuncia no fue voluntaria sino bajo presi\u00f3n; lesionaron no solo su derecho subjetivo de la autoridad electa a permanecer en el ejercicio del poder pol\u00edtico previsto en el art\u00edculo 26 de la CPE, hasta tanto no se den los mecanismos institucionales para el cese de sus funciones o su renuncia sea una decisi\u00f3n libre de su voluntad; sino tambi\u00e9n desconocieron la voluntad del titular de la soberan\u00eda popular (Art. 7 de la CPE), ostentada por la voluntad del cuerpo electoral emanado del pueblo, quien a trav\u00e9s del ejercicio del derecho al sufragio expresa su voluntad pol\u00edtica en los procesos de conformaci\u00f3n de los \u00f3rganos del poder p\u00fablico.<\/p>\n<p>(\u2026) los Concejales demandados, tampoco consideraron en la Resoluci\u00f3n 353\/2013, que resolvi\u00f3 su reconsideraci\u00f3n \u2013en la que temporalmente ya era aplicable la Ley Contra el Acoso y Violencia Pol\u00edtica a las Mujeres\u2013, que las situaciones como las ahora analizadas deben ser analizadas a la luz de dicha norma, cuya finalidad es a partir de la despatriarcalizaci\u00f3n, esto es, de la desestructuraci\u00f3n del sistema patriarcal basado en la subordinaci\u00f3n, desvalorizaci\u00f3n y exclusi\u00f3n de las mujeres, garantizar el libre ejercicio de los derechos pol\u00edticos de las mujeres y erradicar el acoso y violencia pol\u00edtica, propiciando la amplia igualdad de oportunidades, la no violencia, no discriminaci\u00f3n, equidad, etc.; (\u2026)\u201d.<\/p><\/div>\n\t\t\t\t<\/div>\n\t\t\t\t<\/div>\n\t\t\t\t\t\t<\/div>\n\t\t\t\t\t<\/div>\n\t\t<\/div>\n\t\t\t\t\t\t\t\t<\/div>\n\t\t\t\t\t<\/div>\n\t\t<\/section>\n\t\t\t\t\t\t<\/div>\n\t\t\t\t\t\t<\/div>\n\t\t\t\t\t<\/div>\n\t\t","protected":false},"excerpt":{"rendered":"<p>2.1 MARCO NORMATIVO INTERNACIONAL Est\u00e1ndares internacionales de derechos humanosLos est\u00e1ndares internacionales son el conjunto de disposiciones provenientes de instrumentos internacionales de distinta naturaleza, fuente y nivel de obligatoriedad, dentro de los cuales se encuentran tratados internacionales de derechos humanos, declaraciones, reglas m\u00ednimas, principios, directrices, observaciones registradas por \u00f3rganos de tratados, recomendaciones de Relatores, Representantes Especiales &hellip;<\/p>\n<p class=\"read-more\"> <a class=\"\" href=\"https:\/\/alvi.centrojuanaazurduy.org\/index.php\/2-marco-normativo\/\"> <span class=\"screen-reader-text\">2. MARCO NORMATIVO<\/span> Leer m\u00e1s &raquo;<\/a><\/p>\n","protected":false},"author":1,"featured_media":0,"comment_status":"closed","ping_status":"closed","sticky":false,"template":"","format":"standard","meta":{"footnotes":""},"categories":[9],"tags":[],"class_list":["post-3317","post","type-post","status-publish","format-standard","hentry","category-protocolo-sepmud"],"_links":{"self":[{"href":"https:\/\/alvi.centrojuanaazurduy.org\/index.php\/wp-json\/wp\/v2\/posts\/3317","targetHints":{"allow":["GET"]}}],"collection":[{"href":"https:\/\/alvi.centrojuanaazurduy.org\/index.php\/wp-json\/wp\/v2\/posts"}],"about":[{"href":"https:\/\/alvi.centrojuanaazurduy.org\/index.php\/wp-json\/wp\/v2\/types\/post"}],"author":[{"embeddable":true,"href":"https:\/\/alvi.centrojuanaazurduy.org\/index.php\/wp-json\/wp\/v2\/users\/1"}],"replies":[{"embeddable":true,"href":"https:\/\/alvi.centrojuanaazurduy.org\/index.php\/wp-json\/wp\/v2\/comments?post=3317"}],"version-history":[{"count":39,"href":"https:\/\/alvi.centrojuanaazurduy.org\/index.php\/wp-json\/wp\/v2\/posts\/3317\/revisions"}],"predecessor-version":[{"id":4889,"href":"https:\/\/alvi.centrojuanaazurduy.org\/index.php\/wp-json\/wp\/v2\/posts\/3317\/revisions\/4889"}],"wp:attachment":[{"href":"https:\/\/alvi.centrojuanaazurduy.org\/index.php\/wp-json\/wp\/v2\/media?parent=3317"}],"wp:term":[{"taxonomy":"category","embeddable":true,"href":"https:\/\/alvi.centrojuanaazurduy.org\/index.php\/wp-json\/wp\/v2\/categories?post=3317"},{"taxonomy":"post_tag","embeddable":true,"href":"https:\/\/alvi.centrojuanaazurduy.org\/index.php\/wp-json\/wp\/v2\/tags?post=3317"}],"curies":[{"name":"wp","href":"https:\/\/api.w.org\/{rel}","templated":true}]}}