{"id":323,"date":"2020-11-22T23:28:47","date_gmt":"2020-11-23T03:28:47","guid":{"rendered":"http:\/\/gavvi.monstruoestudio.com\/?p=323"},"modified":"2021-06-02T18:05:37","modified_gmt":"2021-06-02T22:05:37","slug":"en-este-marco-las-autoridades-indigena-originario-campesinas-tienen-la-responsabilidad-de","status":"publish","type":"post","link":"https:\/\/alvi.centrojuanaazurduy.org\/index.php\/en-este-marco-las-autoridades-indigena-originario-campesinas-tienen-la-responsabilidad-de\/","title":{"rendered":"EN ESTE MARCO LAS AUTORIDADES IND\u00cdGENA ORIGINARIO CAMPESINAS TIENEN LA RESPONSABILIDAD DE:"},"content":{"rendered":"\t\t<div data-elementor-type=\"wp-post\" data-elementor-id=\"323\" class=\"elementor elementor-323\" data-elementor-settings=\"[]\">\n\t\t\t\t\t\t<div class=\"elementor-inner\">\n\t\t\t\t\t\t\t<div class=\"elementor-section-wrap\">\n\t\t\t\t\t\t\t<section class=\"elementor-section elementor-top-section elementor-element elementor-element-674bc6ff elementor-section-boxed elementor-section-height-default elementor-section-height-default\" data-id=\"674bc6ff\" data-element_type=\"section\">\n\t\t\t\t\t\t<div class=\"elementor-container elementor-column-gap-default\">\n\t\t\t\t\t\t\t<div class=\"elementor-row\">\n\t\t\t\t\t<div class=\"elementor-column elementor-col-100 elementor-top-column elementor-element elementor-element-7e9b99b1\" data-id=\"7e9b99b1\" data-element_type=\"column\">\n\t\t\t<div class=\"elementor-column-wrap elementor-element-populated\">\n\t\t\t\t\t\t\t<div class=\"elementor-widget-wrap\">\n\t\t\t\t\t\t<div class=\"elementor-element elementor-element-75078b2a elementor-widget elementor-widget-theme-post-title elementor-page-title elementor-widget-heading\" data-id=\"75078b2a\" data-element_type=\"widget\" data-widget_type=\"theme-post-title.default\">\n\t\t\t\t<div class=\"elementor-widget-container\">\n\t\t\t<h2 class=\"elementor-heading-title elementor-size-default\">EN ESTE MARCO LAS AUTORIDADES IND\u00cdGENA ORIGINARIO CAMPESINAS TIENEN LA RESPONSABILIDAD DE:<\/h2>\t\t<\/div>\n\t\t\t\t<\/div>\n\t\t\t\t\t\t<\/div>\n\t\t\t\t\t<\/div>\n\t\t<\/div>\n\t\t\t\t\t\t\t\t<\/div>\n\t\t\t\t\t<\/div>\n\t\t<\/section>\n\t\t\t\t<section class=\"elementor-section elementor-top-section elementor-element elementor-element-6fefc785 elementor-section-boxed elementor-section-height-default elementor-section-height-default\" data-id=\"6fefc785\" data-element_type=\"section\">\n\t\t\t\t\t\t<div class=\"elementor-container elementor-column-gap-default\">\n\t\t\t\t\t\t\t<div class=\"elementor-row\">\n\t\t\t\t\t<div class=\"elementor-column elementor-col-100 elementor-top-column elementor-element elementor-element-77874f94\" data-id=\"77874f94\" data-element_type=\"column\">\n\t\t\t<div class=\"elementor-column-wrap elementor-element-populated\">\n\t\t\t\t\t\t\t<div class=\"elementor-widget-wrap\">\n\t\t\t\t\t\t<div class=\"elementor-element elementor-element-44b54746 elementor-widget elementor-widget-text-editor\" data-id=\"44b54746\" data-element_type=\"widget\" data-widget_type=\"text-editor.default\">\n\t\t\t\t<div class=\"elementor-widget-container\">\n\t\t\t\t\t<div class=\"elementor-text-editor elementor-clearfix\"><ul><li><b>Atender todos los casos de violencia<\/b> con la participaci\u00f3n de mujeres autoridades.<\/li><li><b>Derivar<\/b> los casos de violencia sexual, feminicidios y todos los hechos que constituyan delitos, a la justicia ordinaria.<\/li><li><b>No debe promover la conciliaci\u00f3n<\/b>, sin embargo, de manera <b>excepcional<\/b>, a solicitud de la v\u00edctima, se podr\u00e1 aceptar una conciliaci\u00f3n si es la primera vez que sucede el hecho de violencia, siempre y cuando no est\u00e9 en riesgo su vida e integridad sexual.<\/li><li><b>Mantener una estrecha coordinaci\u00f3n y colaboraci\u00f3n<\/b> con el Servicio Legal Integral Municipal (SLIM) para la atenci\u00f3n y derivaci\u00f3n de casos de violencia hacia las mujeres, cuando constituyen delitos.<\/li><li><b>Recibir el apoyo de las Promotoras Comunitarias<\/b> para la prevenci\u00f3n y atenci\u00f3n de casos de violencia hacia las mujeres.<\/li><li><b>Realizar seguimiento a los hechos de violencia sucedidos<\/b>, para evitar la reincidencia y proteger la seguridad de las mujeres en su comunidad.<\/li><li><b>Revisar que las Casas Comunitarias funcionen adecuadamente <\/b>con la participaci\u00f3n de las promotoras comunitarias.<\/li><li><b>Reportar al SIPPASE <\/b>para el respectivo registro, de los casos atendidos y resueltos en colaboraci\u00f3n con el SLIM y las promotoras comunitarias.<span class=\"Apple-converted-space\">\u00a0<\/span><\/li><li><b>Hacer seguimiento <\/b>a los casos de violencia derivados a la justicia ordinaria.<\/li><\/ul><\/div>\n\t\t\t\t<\/div>\n\t\t\t\t<\/div>\n\t\t\t\t\t\t<\/div>\n\t\t\t\t\t<\/div>\n\t\t<\/div>\n\t\t\t\t\t\t\t\t<\/div>\n\t\t\t\t\t<\/div>\n\t\t<\/section>\n\t\t\t\t\t\t<\/div>\n\t\t\t\t\t\t<\/div>\n\t\t\t\t\t<\/div>\n\t\t","protected":false},"excerpt":{"rendered":"<p>Atender todos los casos de violencia con la participaci\u00f3n de mujeres autoridades. Derivar los casos de violencia sexual, feminicidios y todos los hechos que constituyan delitos, a la justicia ordinaria. No debe promover la conciliaci\u00f3n, sin embargo, de manera excepcional, a solicitud de la v\u00edctima, se podr\u00e1 aceptar una conciliaci\u00f3n si es la primera vez &hellip;<\/p>\n<p class=\"read-more\"> <a class=\"\" href=\"https:\/\/alvi.centrojuanaazurduy.org\/index.php\/en-este-marco-las-autoridades-indigena-originario-campesinas-tienen-la-responsabilidad-de\/\"> <span class=\"screen-reader-text\">EN ESTE MARCO LAS AUTORIDADES IND\u00cdGENA ORIGINARIO CAMPESINAS TIENEN LA RESPONSABILIDAD DE:<\/span> Leer m\u00e1s &raquo;<\/a><\/p>\n","protected":false},"author":1,"featured_media":0,"comment_status":"closed","ping_status":"closed","sticky":false,"template":"","format":"standard","meta":{"footnotes":""},"categories":[5],"tags":[],"class_list":["post-323","post","type-post","status-publish","format-standard","hentry","category-jioc"],"_links":{"self":[{"href":"https:\/\/alvi.centrojuanaazurduy.org\/index.php\/wp-json\/wp\/v2\/posts\/323","targetHints":{"allow":["GET"]}}],"collection":[{"href":"https:\/\/alvi.centrojuanaazurduy.org\/index.php\/wp-json\/wp\/v2\/posts"}],"about":[{"href":"https:\/\/alvi.centrojuanaazurduy.org\/index.php\/wp-json\/wp\/v2\/types\/post"}],"author":[{"embeddable":true,"href":"https:\/\/alvi.centrojuanaazurduy.org\/index.php\/wp-json\/wp\/v2\/users\/1"}],"replies":[{"embeddable":true,"href":"https:\/\/alvi.centrojuanaazurduy.org\/index.php\/wp-json\/wp\/v2\/comments?post=323"}],"version-history":[{"count":6,"href":"https:\/\/alvi.centrojuanaazurduy.org\/index.php\/wp-json\/wp\/v2\/posts\/323\/revisions"}],"predecessor-version":[{"id":4800,"href":"https:\/\/alvi.centrojuanaazurduy.org\/index.php\/wp-json\/wp\/v2\/posts\/323\/revisions\/4800"}],"wp:attachment":[{"href":"https:\/\/alvi.centrojuanaazurduy.org\/index.php\/wp-json\/wp\/v2\/media?parent=323"}],"wp:term":[{"taxonomy":"category","embeddable":true,"href":"https:\/\/alvi.centrojuanaazurduy.org\/index.php\/wp-json\/wp\/v2\/categories?post=323"},{"taxonomy":"post_tag","embeddable":true,"href":"https:\/\/alvi.centrojuanaazurduy.org\/index.php\/wp-json\/wp\/v2\/tags?post=323"}],"curies":[{"name":"wp","href":"https:\/\/api.w.org\/{rel}","templated":true}]}}