{"id":3204,"date":"2020-12-17T10:29:42","date_gmt":"2020-12-17T14:29:42","guid":{"rendered":"http:\/\/gavvi.monstruoestudio.com\/?p=3204"},"modified":"2020-12-17T10:29:42","modified_gmt":"2020-12-17T14:29:42","slug":"agradecimiento","status":"publish","type":"post","link":"https:\/\/alvi.centrojuanaazurduy.org\/index.php\/agradecimiento\/","title":{"rendered":"AGRADECIMIENTO"},"content":{"rendered":"\t\t<div data-elementor-type=\"wp-post\" data-elementor-id=\"3204\" class=\"elementor elementor-3204\" data-elementor-settings=\"[]\">\n\t\t\t\t\t\t<div class=\"elementor-inner\">\n\t\t\t\t\t\t\t<div class=\"elementor-section-wrap\">\n\t\t\t\t\t\t\t<section class=\"elementor-section elementor-top-section elementor-element elementor-element-e3abac4 elementor-section-boxed elementor-section-height-default elementor-section-height-default\" data-id=\"e3abac4\" data-element_type=\"section\">\n\t\t\t\t\t\t<div class=\"elementor-container elementor-column-gap-default\">\n\t\t\t\t\t\t\t<div class=\"elementor-row\">\n\t\t\t\t\t<div class=\"elementor-column elementor-col-100 elementor-top-column elementor-element elementor-element-b2082ba\" data-id=\"b2082ba\" data-element_type=\"column\">\n\t\t\t<div class=\"elementor-column-wrap elementor-element-populated\">\n\t\t\t\t\t\t\t<div class=\"elementor-widget-wrap\">\n\t\t\t\t\t\t<div class=\"elementor-element elementor-element-f77f1d4 elementor-widget elementor-widget-theme-post-title elementor-page-title elementor-widget-heading\" data-id=\"f77f1d4\" data-element_type=\"widget\" data-widget_type=\"theme-post-title.default\">\n\t\t\t\t<div class=\"elementor-widget-container\">\n\t\t\t<h1 class=\"elementor-heading-title elementor-size-default\">AGRADECIMIENTO<\/h1>\t\t<\/div>\n\t\t\t\t<\/div>\n\t\t\t\t\t\t<\/div>\n\t\t\t\t\t<\/div>\n\t\t<\/div>\n\t\t\t\t\t\t\t\t<\/div>\n\t\t\t\t\t<\/div>\n\t\t<\/section>\n\t\t\t\t<section class=\"elementor-section elementor-top-section elementor-element elementor-element-385f24e elementor-section-boxed elementor-section-height-default elementor-section-height-default\" data-id=\"385f24e\" data-element_type=\"section\">\n\t\t\t\t\t\t<div class=\"elementor-container elementor-column-gap-default\">\n\t\t\t\t\t\t\t<div class=\"elementor-row\">\n\t\t\t\t\t<div class=\"elementor-column elementor-col-100 elementor-top-column elementor-element elementor-element-d3c7707\" data-id=\"d3c7707\" data-element_type=\"column\">\n\t\t\t<div class=\"elementor-column-wrap elementor-element-populated\">\n\t\t\t\t\t\t\t<div class=\"elementor-widget-wrap\">\n\t\t\t\t\t\t<div class=\"elementor-element elementor-element-fa667e2 elementor-widget elementor-widget-text-editor\" data-id=\"fa667e2\" data-element_type=\"widget\" data-widget_type=\"text-editor.default\">\n\t\t\t\t<div class=\"elementor-widget-container\">\n\t\t\t\t\t<div class=\"elementor-text-editor elementor-clearfix\"><div class=\"page\" title=\"Page 20\">\n<div class=\"layoutArea\">\n<div class=\"column\">\n<p><span style=\"font-size: 15px; color: var( --e-global-color-text );\">El Ministerio de Justicia y Transparencia Institucional agradece a todas las instancias&nbsp;<\/span><span style=\"font-size: 15px; color: var( --e-global-color-text );\">que participaron en la elaboraci\u00f3n e impresi\u00f3n del presente documento.<\/span><\/p>\n<p><span style=\"font-size: 15px; color: var( --e-global-color-text );\">El \u201cProtocolo Interinstitucional para la Atenci\u00f3n y Protecci\u00f3n de Ni\u00f1as, Ni\u00f1os,&nbsp;<\/span><span style=\"font-size: 15px; color: var( --e-global-color-text );\">Adolescentes y Mujeres, V\u00edctimas de Violencia\u201d fue elaborado sobre la base del&nbsp;<\/span><span style=\"font-size: 15px; color: var( --e-global-color-text );\">\u201cProtocolo y Ruta Cr\u00edtica Interinstitucionales para la Atenci\u00f3n y Protecci\u00f3n a&nbsp;<\/span><span style=\"font-size: 15px; color: var( --e-global-color-text );\">V\u00edctimas, en el marco de la Ley No. 348: Ley Integral para Garantizar a las Mujeres&nbsp;<\/span><span style=\"font-size: 15px; color: var( --e-global-color-text );\">una Vida Libre de Violencia\u201d, aprobado en la gesti\u00f3n 2014 por el Ministerio de&nbsp;<\/span><span style=\"font-size: 15px; color: var( --e-global-color-text );\">Justicia y Transparencia Institucional como Ente Rector y por la Fiscal\u00eda General del&nbsp;<\/span><span style=\"font-size: 15px; color: var( --e-global-color-text );\">Estado y recoge las incorporaciones de la Ley No. 1173 de 03 de mayo de 2019, Ley&nbsp;<\/span><span style=\"font-size: 15px; color: var( --e-global-color-text );\">de Abreviaci\u00f3n Procesal y Fortalecimiento de la Lucha Integral contra la Violencia&nbsp;<\/span><span style=\"font-size: 15px; color: var( --e-global-color-text );\">a Ni\u00f1as, Ni\u00f1os, Adolescentes y Mujeres y la Ley modificatoria No. 1226 de 23 de&nbsp;<\/span><span style=\"font-size: 15px; color: var( --e-global-color-text );\">septiembre de 2019.<\/span><\/p>\n<p><span style=\"font-size: 15px; color: var( --e-global-color-text );\">Este documento fue construido y consensuado en la gesti\u00f3n 2019 por todas las&nbsp;<\/span><span style=\"font-size: 15px; color: var( --e-global-color-text );\">instancias que componen la ruta de atenci\u00f3n, protecci\u00f3n, sanci\u00f3n y reparaci\u00f3n&nbsp;<\/span><span style=\"font-size: 15px; color: var( --e-global-color-text );\">a v\u00edctimas de violencia, articuladas por el Ministerio de Justicia y Transparencia&nbsp;<\/span><span style=\"font-size: 15px; color: var( --e-global-color-text );\">Institucional a trav\u00e9s del Servicio Plurinacional de la Mujer y de la Despatriarcalizaci\u00f3n&nbsp;<\/span><span style=\"font-size: 15px; color: var( --e-global-color-text );\">\u201cAna Maria Romero\u201d.<\/span><\/p>\n<p><span style=\"font-size: 15px; color: var( --e-global-color-text );\">El proceso de elaboraci\u00f3n del protocolo cont\u00f3 con el apoyo de la Cooperaci\u00f3n para&nbsp;<\/span><span style=\"font-size: 15px; color: var( --e-global-color-text );\">el desarrollo de la Embajada de Suiza en Bolivia, ONU Mujeres y la asistencia t\u00e9cnica&nbsp;<\/span><span style=\"font-size: 15px; color: var( --e-global-color-text );\">de la Comunidad de Derechos Humanos.<\/span><\/p>\n<\/div>\n<\/div>\n<\/div><\/div>\n\t\t\t\t<\/div>\n\t\t\t\t<\/div>\n\t\t\t\t\t\t<\/div>\n\t\t\t\t\t<\/div>\n\t\t<\/div>\n\t\t\t\t\t\t\t\t<\/div>\n\t\t\t\t\t<\/div>\n\t\t<\/section>\n\t\t\t\t\t\t<\/div>\n\t\t\t\t\t\t<\/div>\n\t\t\t\t\t<\/div>\n\t\t","protected":false},"excerpt":{"rendered":"<p>El Ministerio de Justicia y Transparencia Institucional agradece a todas las instancias&nbsp;que participaron en la elaboraci\u00f3n e impresi\u00f3n del presente documento. El \u201cProtocolo Interinstitucional para la Atenci\u00f3n y Protecci\u00f3n de Ni\u00f1as, Ni\u00f1os,&nbsp;Adolescentes y Mujeres, V\u00edctimas de Violencia\u201d fue elaborado sobre la base del&nbsp;\u201cProtocolo y Ruta Cr\u00edtica Interinstitucionales para la Atenci\u00f3n y Protecci\u00f3n a&nbsp;V\u00edctimas, en el &hellip;<\/p>\n<p class=\"read-more\"> <a class=\"\" href=\"https:\/\/alvi.centrojuanaazurduy.org\/index.php\/agradecimiento\/\"> <span class=\"screen-reader-text\">AGRADECIMIENTO<\/span> Leer m\u00e1s &raquo;<\/a><\/p>\n","protected":false},"author":1,"featured_media":0,"comment_status":"closed","ping_status":"closed","sticky":false,"template":"","format":"standard","meta":{"footnotes":""},"categories":[9],"tags":[],"class_list":["post-3204","post","type-post","status-publish","format-standard","hentry","category-protocolo-sepmud"],"_links":{"self":[{"href":"https:\/\/alvi.centrojuanaazurduy.org\/index.php\/wp-json\/wp\/v2\/posts\/3204","targetHints":{"allow":["GET"]}}],"collection":[{"href":"https:\/\/alvi.centrojuanaazurduy.org\/index.php\/wp-json\/wp\/v2\/posts"}],"about":[{"href":"https:\/\/alvi.centrojuanaazurduy.org\/index.php\/wp-json\/wp\/v2\/types\/post"}],"author":[{"embeddable":true,"href":"https:\/\/alvi.centrojuanaazurduy.org\/index.php\/wp-json\/wp\/v2\/users\/1"}],"replies":[{"embeddable":true,"href":"https:\/\/alvi.centrojuanaazurduy.org\/index.php\/wp-json\/wp\/v2\/comments?post=3204"}],"version-history":[{"count":0,"href":"https:\/\/alvi.centrojuanaazurduy.org\/index.php\/wp-json\/wp\/v2\/posts\/3204\/revisions"}],"wp:attachment":[{"href":"https:\/\/alvi.centrojuanaazurduy.org\/index.php\/wp-json\/wp\/v2\/media?parent=3204"}],"wp:term":[{"taxonomy":"category","embeddable":true,"href":"https:\/\/alvi.centrojuanaazurduy.org\/index.php\/wp-json\/wp\/v2\/categories?post=3204"},{"taxonomy":"post_tag","embeddable":true,"href":"https:\/\/alvi.centrojuanaazurduy.org\/index.php\/wp-json\/wp\/v2\/tags?post=3204"}],"curies":[{"name":"wp","href":"https:\/\/api.w.org\/{rel}","templated":true}]}}