{"id":313,"date":"2020-11-22T23:23:19","date_gmt":"2020-11-23T03:23:19","guid":{"rendered":"http:\/\/gavvi.monstruoestudio.com\/?p=313"},"modified":"2020-11-22T23:23:19","modified_gmt":"2020-11-23T03:23:19","slug":"la-prevencion-individual-significa","status":"publish","type":"post","link":"https:\/\/alvi.centrojuanaazurduy.org\/index.php\/la-prevencion-individual-significa\/","title":{"rendered":"LA PREVENCI\u00d3N INDIVIDUAL SIGNIFICA:"},"content":{"rendered":"\t\t<div data-elementor-type=\"wp-post\" data-elementor-id=\"313\" class=\"elementor elementor-313\" data-elementor-settings=\"[]\">\n\t\t\t\t\t\t<div class=\"elementor-inner\">\n\t\t\t\t\t\t\t<div class=\"elementor-section-wrap\">\n\t\t\t\t\t\t\t<section class=\"elementor-section elementor-top-section elementor-element elementor-element-13cc93e4 elementor-section-boxed elementor-section-height-default elementor-section-height-default\" data-id=\"13cc93e4\" data-element_type=\"section\">\n\t\t\t\t\t\t<div class=\"elementor-container elementor-column-gap-default\">\n\t\t\t\t\t\t\t<div class=\"elementor-row\">\n\t\t\t\t\t<div class=\"elementor-column elementor-col-100 elementor-top-column elementor-element elementor-element-21ae79f8\" data-id=\"21ae79f8\" data-element_type=\"column\">\n\t\t\t<div class=\"elementor-column-wrap elementor-element-populated\">\n\t\t\t\t\t\t\t<div class=\"elementor-widget-wrap\">\n\t\t\t\t\t\t<div class=\"elementor-element elementor-element-1f1a92b8 elementor-widget elementor-widget-theme-post-title elementor-page-title elementor-widget-heading\" data-id=\"1f1a92b8\" data-element_type=\"widget\" data-widget_type=\"theme-post-title.default\">\n\t\t\t\t<div class=\"elementor-widget-container\">\n\t\t\t<h2 class=\"elementor-heading-title elementor-size-default\">LA PREVENCI\u00d3N INDIVIDUAL SIGNIFICA:<\/h2>\t\t<\/div>\n\t\t\t\t<\/div>\n\t\t\t\t\t\t<\/div>\n\t\t\t\t\t<\/div>\n\t\t<\/div>\n\t\t\t\t\t\t\t\t<\/div>\n\t\t\t\t\t<\/div>\n\t\t<\/section>\n\t\t\t\t<section class=\"elementor-section elementor-top-section elementor-element elementor-element-160b18cb elementor-section-boxed elementor-section-height-default elementor-section-height-default\" data-id=\"160b18cb\" data-element_type=\"section\">\n\t\t\t\t\t\t<div class=\"elementor-container elementor-column-gap-default\">\n\t\t\t\t\t\t\t<div class=\"elementor-row\">\n\t\t\t\t\t<div class=\"elementor-column elementor-col-100 elementor-top-column elementor-element elementor-element-3fe07eec\" data-id=\"3fe07eec\" data-element_type=\"column\">\n\t\t\t<div class=\"elementor-column-wrap elementor-element-populated\">\n\t\t\t\t\t\t\t<div class=\"elementor-widget-wrap\">\n\t\t\t\t\t\t<div class=\"elementor-element elementor-element-1dbc91f8 elementor-widget elementor-widget-text-editor\" data-id=\"1dbc91f8\" data-element_type=\"widget\" data-widget_type=\"text-editor.default\">\n\t\t\t\t<div class=\"elementor-widget-container\">\n\t\t\t\t\t<div class=\"elementor-text-editor elementor-clearfix\"><p>Se refiere a las medidas destinadas a fortalecer y empoderar a cada mujer y promover sus habilidades de identificar toda posible manifestaci\u00f3n de violencia o agresi\u00f3n hacia ella y enfrentarla de manera asertiva, con el prop\u00f3sito de adelantarse a su expresi\u00f3n o concreci\u00f3n y evitar que se produzca o contin\u00fae.<span class=\"Apple-converted-space\">\u00a0<\/span><\/p><ul><li><b>Hacer conocer a la comunidad en pleno los derechos de las mujeres<\/b>. Especialmente el derecho de las mujeres a vivir una vida libre de violencias.<span class=\"Apple-converted-space\">\u00a0<\/span><\/li><li><b>Promover espacios de reflexi\u00f3n <\/b>especialmente para j\u00f3venes sobre la importancia de vivir en armon\u00eda, libres de violencia, para alcanzar el Vivir Bien.<span class=\"Apple-converted-space\">\u00a0<\/span><\/li><li><b>Promover el fortalecimiento y empoderamiento de las mujeres.<span class=\"Apple-converted-space\">\u00a0<\/span><\/b>Mediante el reconocimiento de la importancia de su rol en la comunidad.<\/li><\/ul><\/div>\n\t\t\t\t<\/div>\n\t\t\t\t<\/div>\n\t\t\t\t\t\t<\/div>\n\t\t\t\t\t<\/div>\n\t\t<\/div>\n\t\t\t\t\t\t\t\t<\/div>\n\t\t\t\t\t<\/div>\n\t\t<\/section>\n\t\t\t\t\t\t<\/div>\n\t\t\t\t\t\t<\/div>\n\t\t\t\t\t<\/div>\n\t\t","protected":false},"excerpt":{"rendered":"<p>Se refiere a las medidas destinadas a fortalecer y empoderar a cada mujer y promover sus habilidades de identificar toda posible manifestaci\u00f3n de violencia o agresi\u00f3n hacia ella y enfrentarla de manera asertiva, con el prop\u00f3sito de adelantarse a su expresi\u00f3n o concreci\u00f3n y evitar que se produzca o contin\u00fae.&nbsp; Hacer conocer a la comunidad &hellip;<\/p>\n<p class=\"read-more\"> <a class=\"\" href=\"https:\/\/alvi.centrojuanaazurduy.org\/index.php\/la-prevencion-individual-significa\/\"> <span class=\"screen-reader-text\">LA PREVENCI\u00d3N INDIVIDUAL SIGNIFICA:<\/span> Leer m\u00e1s &raquo;<\/a><\/p>\n","protected":false},"author":1,"featured_media":0,"comment_status":"closed","ping_status":"closed","sticky":false,"template":"","format":"standard","meta":{"footnotes":""},"categories":[5],"tags":[],"class_list":["post-313","post","type-post","status-publish","format-standard","hentry","category-jioc"],"_links":{"self":[{"href":"https:\/\/alvi.centrojuanaazurduy.org\/index.php\/wp-json\/wp\/v2\/posts\/313","targetHints":{"allow":["GET"]}}],"collection":[{"href":"https:\/\/alvi.centrojuanaazurduy.org\/index.php\/wp-json\/wp\/v2\/posts"}],"about":[{"href":"https:\/\/alvi.centrojuanaazurduy.org\/index.php\/wp-json\/wp\/v2\/types\/post"}],"author":[{"embeddable":true,"href":"https:\/\/alvi.centrojuanaazurduy.org\/index.php\/wp-json\/wp\/v2\/users\/1"}],"replies":[{"embeddable":true,"href":"https:\/\/alvi.centrojuanaazurduy.org\/index.php\/wp-json\/wp\/v2\/comments?post=313"}],"version-history":[{"count":0,"href":"https:\/\/alvi.centrojuanaazurduy.org\/index.php\/wp-json\/wp\/v2\/posts\/313\/revisions"}],"wp:attachment":[{"href":"https:\/\/alvi.centrojuanaazurduy.org\/index.php\/wp-json\/wp\/v2\/media?parent=313"}],"wp:term":[{"taxonomy":"category","embeddable":true,"href":"https:\/\/alvi.centrojuanaazurduy.org\/index.php\/wp-json\/wp\/v2\/categories?post=313"},{"taxonomy":"post_tag","embeddable":true,"href":"https:\/\/alvi.centrojuanaazurduy.org\/index.php\/wp-json\/wp\/v2\/tags?post=313"}],"curies":[{"name":"wp","href":"https:\/\/api.w.org\/{rel}","templated":true}]}}