{"id":308,"date":"2020-11-22T23:20:07","date_gmt":"2020-11-23T03:20:07","guid":{"rendered":"http:\/\/gavvi.monstruoestudio.com\/?p=308"},"modified":"2020-11-22T23:20:07","modified_gmt":"2020-11-23T03:20:07","slug":"la-prevencion-colectiva-significa","status":"publish","type":"post","link":"https:\/\/alvi.centrojuanaazurduy.org\/index.php\/la-prevencion-colectiva-significa\/","title":{"rendered":"LA PREVENCI\u00d3N COLECTIVA SIGNIFICA:"},"content":{"rendered":"\t\t<div data-elementor-type=\"wp-post\" data-elementor-id=\"308\" class=\"elementor elementor-308\" data-elementor-settings=\"[]\">\n\t\t\t\t\t\t<div class=\"elementor-inner\">\n\t\t\t\t\t\t\t<div class=\"elementor-section-wrap\">\n\t\t\t\t\t\t\t<section class=\"elementor-section elementor-top-section elementor-element elementor-element-77c99ddc elementor-section-boxed elementor-section-height-default elementor-section-height-default\" data-id=\"77c99ddc\" data-element_type=\"section\">\n\t\t\t\t\t\t<div class=\"elementor-container elementor-column-gap-default\">\n\t\t\t\t\t\t\t<div class=\"elementor-row\">\n\t\t\t\t\t<div class=\"elementor-column elementor-col-100 elementor-top-column elementor-element elementor-element-79f4b54f\" data-id=\"79f4b54f\" data-element_type=\"column\">\n\t\t\t<div class=\"elementor-column-wrap elementor-element-populated\">\n\t\t\t\t\t\t\t<div class=\"elementor-widget-wrap\">\n\t\t\t\t\t\t<div class=\"elementor-element elementor-element-2d3a9afd elementor-widget elementor-widget-theme-post-title elementor-page-title elementor-widget-heading\" data-id=\"2d3a9afd\" data-element_type=\"widget\" data-widget_type=\"theme-post-title.default\">\n\t\t\t\t<div class=\"elementor-widget-container\">\n\t\t\t<h2 class=\"elementor-heading-title elementor-size-default\">LA PREVENCI\u00d3N COLECTIVA SIGNIFICA:<\/h2>\t\t<\/div>\n\t\t\t\t<\/div>\n\t\t\t\t\t\t<\/div>\n\t\t\t\t\t<\/div>\n\t\t<\/div>\n\t\t\t\t\t\t\t\t<\/div>\n\t\t\t\t\t<\/div>\n\t\t<\/section>\n\t\t\t\t<section class=\"elementor-section elementor-top-section elementor-element elementor-element-7fa8882c elementor-section-boxed elementor-section-height-default elementor-section-height-default\" data-id=\"7fa8882c\" data-element_type=\"section\">\n\t\t\t\t\t\t<div class=\"elementor-container elementor-column-gap-default\">\n\t\t\t\t\t\t\t<div class=\"elementor-row\">\n\t\t\t\t\t<div class=\"elementor-column elementor-col-100 elementor-top-column elementor-element elementor-element-1aea87d7\" data-id=\"1aea87d7\" data-element_type=\"column\">\n\t\t\t<div class=\"elementor-column-wrap elementor-element-populated\">\n\t\t\t\t\t\t\t<div class=\"elementor-widget-wrap\">\n\t\t\t\t\t\t<div class=\"elementor-element elementor-element-1bedb3ac elementor-widget elementor-widget-text-editor\" data-id=\"1bedb3ac\" data-element_type=\"widget\" data-widget_type=\"text-editor.default\">\n\t\t\t\t<div class=\"elementor-widget-container\">\n\t\t\t\t\t<div class=\"elementor-text-editor elementor-clearfix\"><p><i>Son medidas destinadas a prevenir la violencia y proteger a las mujeres a trav\u00e9s de sus organizaciones, instituciones o cualquier colectividad a la que pertenezcan por afinidad (sindicatos, juntas vecinales, gremios, comunidades, naciones, pueblos ind\u00edgena originario campesinos, interculturales y afrobolivianas). <\/i><br \/>Una pr\u00e1ctica muy com\u00fan de las autoridades son <b>las visitas, recorridos, tumpas, muyus por la comunidad <\/b>\u201cecharse de menos\u201d, hacer sentir a las familias que son parte de la gran familia, que sus autoridades se preocupan, est\u00e1n cerca conocen sus necesidades y problem\u00e1ticas. Estos espacios permiten a las autoridades hacer recomendaciones, orientaciones si el caso amerita. As\u00ed como identificar problemas al interior de las familias y posibles casos de violencia.<\/p><ul><li><b>Fortalecer el control social comunitario<\/b>, para mantener el equilibrio y armon\u00eda de la comunidad. Estar atentas\/os a la informaci\u00f3n que circula entre las comunarias y comunarios, sobre posibles problemas que est\u00e9n surgiendo en la comunidad<span class=\"Apple-converted-space\">\u00a0<\/span><\/li><li><b>Fortalecer y recuperar a las sabias y sabios<\/b>, gu\u00edas espirituales, consejeros consejeras, amaut\u2019as, abuelas, abuelos, para que con su sabidur\u00eda y conocimientos gu\u00eden a la comunidad, a las familias, especialmente a las parejas j\u00f3venes que est\u00e1n iniciando el camino de la vida familiar comunal.<\/li><\/ul><\/div>\n\t\t\t\t<\/div>\n\t\t\t\t<\/div>\n\t\t\t\t\t\t<\/div>\n\t\t\t\t\t<\/div>\n\t\t<\/div>\n\t\t\t\t\t\t\t\t<\/div>\n\t\t\t\t\t<\/div>\n\t\t<\/section>\n\t\t\t\t\t\t<\/div>\n\t\t\t\t\t\t<\/div>\n\t\t\t\t\t<\/div>\n\t\t","protected":false},"excerpt":{"rendered":"<p>Son medidas destinadas a prevenir la violencia y proteger a las mujeres a trav\u00e9s de sus organizaciones, instituciones o cualquier colectividad a la que pertenezcan por afinidad (sindicatos, juntas vecinales, gremios, comunidades, naciones, pueblos ind\u00edgena originario campesinos, interculturales y afrobolivianas). Una pr\u00e1ctica muy com\u00fan de las autoridades son las visitas, recorridos, tumpas, muyus por la &hellip;<\/p>\n<p class=\"read-more\"> <a class=\"\" href=\"https:\/\/alvi.centrojuanaazurduy.org\/index.php\/la-prevencion-colectiva-significa\/\"> <span class=\"screen-reader-text\">LA PREVENCI\u00d3N COLECTIVA SIGNIFICA:<\/span> Leer m\u00e1s &raquo;<\/a><\/p>\n","protected":false},"author":1,"featured_media":0,"comment_status":"closed","ping_status":"closed","sticky":false,"template":"","format":"standard","meta":{"footnotes":""},"categories":[5],"tags":[],"class_list":["post-308","post","type-post","status-publish","format-standard","hentry","category-jioc"],"_links":{"self":[{"href":"https:\/\/alvi.centrojuanaazurduy.org\/index.php\/wp-json\/wp\/v2\/posts\/308","targetHints":{"allow":["GET"]}}],"collection":[{"href":"https:\/\/alvi.centrojuanaazurduy.org\/index.php\/wp-json\/wp\/v2\/posts"}],"about":[{"href":"https:\/\/alvi.centrojuanaazurduy.org\/index.php\/wp-json\/wp\/v2\/types\/post"}],"author":[{"embeddable":true,"href":"https:\/\/alvi.centrojuanaazurduy.org\/index.php\/wp-json\/wp\/v2\/users\/1"}],"replies":[{"embeddable":true,"href":"https:\/\/alvi.centrojuanaazurduy.org\/index.php\/wp-json\/wp\/v2\/comments?post=308"}],"version-history":[{"count":0,"href":"https:\/\/alvi.centrojuanaazurduy.org\/index.php\/wp-json\/wp\/v2\/posts\/308\/revisions"}],"wp:attachment":[{"href":"https:\/\/alvi.centrojuanaazurduy.org\/index.php\/wp-json\/wp\/v2\/media?parent=308"}],"wp:term":[{"taxonomy":"category","embeddable":true,"href":"https:\/\/alvi.centrojuanaazurduy.org\/index.php\/wp-json\/wp\/v2\/categories?post=308"},{"taxonomy":"post_tag","embeddable":true,"href":"https:\/\/alvi.centrojuanaazurduy.org\/index.php\/wp-json\/wp\/v2\/tags?post=308"}],"curies":[{"name":"wp","href":"https:\/\/api.w.org\/{rel}","templated":true}]}}