{"id":303,"date":"2020-11-22T23:18:38","date_gmt":"2020-11-23T03:18:38","guid":{"rendered":"http:\/\/gavvi.monstruoestudio.com\/?p=303"},"modified":"2020-11-22T23:18:38","modified_gmt":"2020-11-23T03:18:38","slug":"la-prevencion-estructural-significa","status":"publish","type":"post","link":"https:\/\/alvi.centrojuanaazurduy.org\/index.php\/la-prevencion-estructural-significa\/","title":{"rendered":"LA PREVENCI\u00d3N ESTRUCTURAL SIGNIFICA:"},"content":{"rendered":"\t\t<div data-elementor-type=\"wp-post\" data-elementor-id=\"303\" class=\"elementor elementor-303\" data-elementor-settings=\"[]\">\n\t\t\t\t\t\t<div class=\"elementor-inner\">\n\t\t\t\t\t\t\t<div class=\"elementor-section-wrap\">\n\t\t\t\t\t\t\t<section class=\"elementor-section elementor-top-section elementor-element elementor-element-58334493 elementor-section-boxed elementor-section-height-default elementor-section-height-default\" data-id=\"58334493\" data-element_type=\"section\">\n\t\t\t\t\t\t<div class=\"elementor-container elementor-column-gap-default\">\n\t\t\t\t\t\t\t<div class=\"elementor-row\">\n\t\t\t\t\t<div class=\"elementor-column elementor-col-100 elementor-top-column elementor-element elementor-element-4a926bee\" data-id=\"4a926bee\" data-element_type=\"column\">\n\t\t\t<div class=\"elementor-column-wrap elementor-element-populated\">\n\t\t\t\t\t\t\t<div class=\"elementor-widget-wrap\">\n\t\t\t\t\t\t<div class=\"elementor-element elementor-element-aca2c28 elementor-widget elementor-widget-theme-post-title elementor-page-title elementor-widget-heading\" data-id=\"aca2c28\" data-element_type=\"widget\" data-widget_type=\"theme-post-title.default\">\n\t\t\t\t<div class=\"elementor-widget-container\">\n\t\t\t<h2 class=\"elementor-heading-title elementor-size-default\">LA PREVENCI\u00d3N ESTRUCTURAL SIGNIFICA:<\/h2>\t\t<\/div>\n\t\t\t\t<\/div>\n\t\t\t\t\t\t<\/div>\n\t\t\t\t\t<\/div>\n\t\t<\/div>\n\t\t\t\t\t\t\t\t<\/div>\n\t\t\t\t\t<\/div>\n\t\t<\/section>\n\t\t\t\t<section class=\"elementor-section elementor-top-section elementor-element elementor-element-7f0273 elementor-section-boxed elementor-section-height-default elementor-section-height-default\" data-id=\"7f0273\" data-element_type=\"section\">\n\t\t\t\t\t\t<div class=\"elementor-container elementor-column-gap-default\">\n\t\t\t\t\t\t\t<div class=\"elementor-row\">\n\t\t\t\t\t<div class=\"elementor-column elementor-col-100 elementor-top-column elementor-element elementor-element-47c660bf\" data-id=\"47c660bf\" data-element_type=\"column\">\n\t\t\t<div class=\"elementor-column-wrap elementor-element-populated\">\n\t\t\t\t\t\t\t<div class=\"elementor-widget-wrap\">\n\t\t\t\t\t\t<div class=\"elementor-element elementor-element-7d7ecad7 elementor-widget elementor-widget-text-editor\" data-id=\"7d7ecad7\" data-element_type=\"widget\" data-widget_type=\"text-editor.default\">\n\t\t\t\t<div class=\"elementor-widget-container\">\n\t\t\t\t\t<div class=\"elementor-text-editor elementor-clearfix\"><p>Comprende todas aquellas medidas de car\u00e1cter integral destinadas a modificar las actitudes, pr\u00e1cticas, reacciones, acciones y omisiones que tienen como efecto y consecuencia la violencia contra las mujeres, as\u00ed como su sustituci\u00f3n por actitudes en el comportamiento individual, de pareja, familiar, comunitario, social y estatal, a trav\u00e9s de la sensibilizaci\u00f3n y educaci\u00f3n en el seno de la familia, en la escuela y otros niveles acad\u00e9micos, en el trabajo, los centros de atenci\u00f3n de la salud, las comunidades ind\u00edgenas originario campesinas y afrobolivianas, organizaciones pol\u00edticas y sindicales, organizaciones sociales y cualquier otro \u00e1mbito de interacci\u00f3n social.<span class=\"Apple-converted-space\">\u00a0<\/span><\/p><ul><li><b>Elaboraci\u00f3n de pol\u00edticas p\u00fablicas desde la identidad plurinacional<\/b>, para la visibilizaci\u00f3n, denuncia y erradicaci\u00f3n del patriarcado, a trav\u00e9s de la transformaci\u00f3n de las estructuras, relaciones, tradiciones, costumbres y comportamientos desiguales de poder, dominio, exclusi\u00f3n opresi\u00f3n y explotaci\u00f3n de las mujeres por los hombres.<span class=\"Apple-converted-space\">\u00a0<\/span><\/li><li><b>Recuperar y fortalecer las pr\u00e1cticas positivas <\/b>que tiene cada naci\u00f3n, pueblo comunidad de las relaciones equitativas de g\u00e9nero, como las nociones de par complementario mujer hombre, hombre mujer (chacha Warmi, q\u2019ari warmi) como el eje central del equilibrio armon\u00eda base imprescindible del vivir bien.<span class=\"Apple-converted-space\">\u00a0<\/span><\/li><li><b>Recuperar y fortalecer valores positivos <\/b>como mitos, leyendas, cuentos donde mujeres y hombres son valorados en la misma dimensi\u00f3n o las mujeres son consideradas de manera positiva, de tal manera que se cuide el equilibrio y armon\u00eda. Ejemplo en la naci\u00f3n aymara se dice cuando nace una ni\u00f1a es uta p\u2019uqa (casa llena) buen augurio para la familia que no carecer\u00e1 de nada.<span class=\"Apple-converted-space\">\u00a0<\/span><\/li><li><b><\/b><b>Eliminar actitudes y pr\u00e1cticas de discriminaci\u00f3n (menosprecio) hacia las ni\u00f1as y mujeres<\/b>, especialmente basados en dichos, cuentos, canciones o actitudes.<\/li><li><b><\/b><b>Promover la Ley No 348<\/b> especialmente con poblaciones j\u00f3venes de tal manera que se concienticen y respeten los derechos de las mujeres.<\/li><li><b><\/b><b>Recuperar la valoraci\u00f3n del aporte de las mujeres en la construcci\u00f3n del vivir bien<\/b>, desde la familia, como eje central igual en derechos.<\/li><\/ul><\/div>\n\t\t\t\t<\/div>\n\t\t\t\t<\/div>\n\t\t\t\t\t\t<\/div>\n\t\t\t\t\t<\/div>\n\t\t<\/div>\n\t\t\t\t\t\t\t\t<\/div>\n\t\t\t\t\t<\/div>\n\t\t<\/section>\n\t\t\t\t\t\t<\/div>\n\t\t\t\t\t\t<\/div>\n\t\t\t\t\t<\/div>\n\t\t","protected":false},"excerpt":{"rendered":"<p>Comprende todas aquellas medidas de car\u00e1cter integral destinadas a modificar las actitudes, pr\u00e1cticas, reacciones, acciones y omisiones que tienen como efecto y consecuencia la violencia contra las mujeres, as\u00ed como su sustituci\u00f3n por actitudes en el comportamiento individual, de pareja, familiar, comunitario, social y estatal, a trav\u00e9s de la sensibilizaci\u00f3n y educaci\u00f3n en el seno &hellip;<\/p>\n<p class=\"read-more\"> <a class=\"\" href=\"https:\/\/alvi.centrojuanaazurduy.org\/index.php\/la-prevencion-estructural-significa\/\"> <span class=\"screen-reader-text\">LA PREVENCI\u00d3N ESTRUCTURAL SIGNIFICA:<\/span> Leer m\u00e1s &raquo;<\/a><\/p>\n","protected":false},"author":1,"featured_media":0,"comment_status":"closed","ping_status":"closed","sticky":false,"template":"","format":"standard","meta":{"footnotes":""},"categories":[5],"tags":[],"class_list":["post-303","post","type-post","status-publish","format-standard","hentry","category-jioc"],"_links":{"self":[{"href":"https:\/\/alvi.centrojuanaazurduy.org\/index.php\/wp-json\/wp\/v2\/posts\/303","targetHints":{"allow":["GET"]}}],"collection":[{"href":"https:\/\/alvi.centrojuanaazurduy.org\/index.php\/wp-json\/wp\/v2\/posts"}],"about":[{"href":"https:\/\/alvi.centrojuanaazurduy.org\/index.php\/wp-json\/wp\/v2\/types\/post"}],"author":[{"embeddable":true,"href":"https:\/\/alvi.centrojuanaazurduy.org\/index.php\/wp-json\/wp\/v2\/users\/1"}],"replies":[{"embeddable":true,"href":"https:\/\/alvi.centrojuanaazurduy.org\/index.php\/wp-json\/wp\/v2\/comments?post=303"}],"version-history":[{"count":0,"href":"https:\/\/alvi.centrojuanaazurduy.org\/index.php\/wp-json\/wp\/v2\/posts\/303\/revisions"}],"wp:attachment":[{"href":"https:\/\/alvi.centrojuanaazurduy.org\/index.php\/wp-json\/wp\/v2\/media?parent=303"}],"wp:term":[{"taxonomy":"category","embeddable":true,"href":"https:\/\/alvi.centrojuanaazurduy.org\/index.php\/wp-json\/wp\/v2\/categories?post=303"},{"taxonomy":"post_tag","embeddable":true,"href":"https:\/\/alvi.centrojuanaazurduy.org\/index.php\/wp-json\/wp\/v2\/tags?post=303"}],"curies":[{"name":"wp","href":"https:\/\/api.w.org\/{rel}","templated":true}]}}