{"id":298,"date":"2020-11-22T23:14:28","date_gmt":"2020-11-23T03:14:28","guid":{"rendered":"http:\/\/gavvi.monstruoestudio.com\/?p=298"},"modified":"2021-06-02T17:57:24","modified_gmt":"2021-06-02T21:57:24","slug":"por-que-las-autoridades-indigena-originario-campesinas-deben-enfocarse-en-la-prevencion-contra-la-violencia-hacia-las-mujeres","status":"publish","type":"post","link":"https:\/\/alvi.centrojuanaazurduy.org\/index.php\/por-que-las-autoridades-indigena-originario-campesinas-deben-enfocarse-en-la-prevencion-contra-la-violencia-hacia-las-mujeres\/","title":{"rendered":"\u00bfPor qu\u00e9 las autoridades ind\u00edgena originario campesinas, deben enfocarse en la prevenci\u00f3n contra la violencia hacia las mujeres?"},"content":{"rendered":"\t\t<div data-elementor-type=\"wp-post\" data-elementor-id=\"298\" class=\"elementor elementor-298\" data-elementor-settings=\"[]\">\n\t\t\t\t\t\t<div class=\"elementor-inner\">\n\t\t\t\t\t\t\t<div class=\"elementor-section-wrap\">\n\t\t\t\t\t\t\t<section class=\"elementor-section elementor-top-section elementor-element elementor-element-27d7018 elementor-section-boxed elementor-section-height-default elementor-section-height-default\" data-id=\"27d7018\" data-element_type=\"section\">\n\t\t\t\t\t\t<div class=\"elementor-container elementor-column-gap-default\">\n\t\t\t\t\t\t\t<div class=\"elementor-row\">\n\t\t\t\t\t<div class=\"elementor-column elementor-col-100 elementor-top-column elementor-element elementor-element-5ba8de2a\" data-id=\"5ba8de2a\" data-element_type=\"column\">\n\t\t\t<div class=\"elementor-column-wrap elementor-element-populated\">\n\t\t\t\t\t\t\t<div class=\"elementor-widget-wrap\">\n\t\t\t\t\t\t<div class=\"elementor-element elementor-element-716522b9 elementor-widget elementor-widget-theme-post-title elementor-page-title elementor-widget-heading\" data-id=\"716522b9\" data-element_type=\"widget\" data-widget_type=\"theme-post-title.default\">\n\t\t\t\t<div class=\"elementor-widget-container\">\n\t\t\t<h2 class=\"elementor-heading-title elementor-size-default\">\u00bfPor qu\u00e9 las autoridades ind\u00edgena originario campesinas, deben enfocarse en la prevenci\u00f3n contra la violencia hacia las mujeres?<\/h2>\t\t<\/div>\n\t\t\t\t<\/div>\n\t\t\t\t\t\t<\/div>\n\t\t\t\t\t<\/div>\n\t\t<\/div>\n\t\t\t\t\t\t\t\t<\/div>\n\t\t\t\t\t<\/div>\n\t\t<\/section>\n\t\t\t\t<section class=\"elementor-section elementor-top-section elementor-element elementor-element-62cda38 elementor-section-boxed elementor-section-height-default elementor-section-height-default\" data-id=\"62cda38\" data-element_type=\"section\">\n\t\t\t\t\t\t<div class=\"elementor-container elementor-column-gap-default\">\n\t\t\t\t\t\t\t<div class=\"elementor-row\">\n\t\t\t\t\t<div class=\"elementor-column elementor-col-100 elementor-top-column elementor-element elementor-element-54b4827c\" data-id=\"54b4827c\" data-element_type=\"column\">\n\t\t\t<div class=\"elementor-column-wrap elementor-element-populated\">\n\t\t\t\t\t\t\t<div class=\"elementor-widget-wrap\">\n\t\t\t\t\t\t<div class=\"elementor-element elementor-element-4a49bbb9 elementor-widget elementor-widget-text-editor\" data-id=\"4a49bbb9\" data-element_type=\"widget\" data-widget_type=\"text-editor.default\">\n\t\t\t\t<div class=\"elementor-widget-container\">\n\t\t\t\t\t<div class=\"elementor-text-editor elementor-clearfix\"><p>Porque una comunidad es considerada una gran familia donde todos se conocen y saben los problemas que cada persona y familia tienen. Debe existir dialogo que anticipa los posibles problemas \u201chay ojos y o\u00eddos por todas partes\u201d nada pasa desapercibido y las autoridades tienen informaci\u00f3n constante de todo lo que ocurre al interior y pueden intervenir antes de que ocurra un caso de violencia.<span class=\"Apple-converted-space\">&nbsp;<\/span><\/p>\n<p>El Art\u00edculo 18\u00ba de la Ley No 348 dispone sobre la prevenci\u00f3n comunitaria, lo siguiente: <i>\u201cLas autoridades ind\u00edgenas originario campesinas y afrobolivianas, adoptar\u00e1n en las comunidades en las que ejercen sus funciones, las medidas de prevenci\u00f3n que consideren las m\u00e1s adecuadas bajo los tres criterios de acci\u00f3n establecidos para evitar todo acto de violencia hacia las mujeres, con la participaci\u00f3n de \u00e9stas en su planificaci\u00f3n ejecuci\u00f3n y seguimiento, respetando sus derechos. Ninguna norma o procedimiento propio de las naciones y pueblos ind\u00edgena originario campesinas podr\u00e1 vulnerar los derechos reconocidos en la Constituci\u00f3n Pol\u00edtica del Estado y el bloque de constitucionalidad\u201d.<span class=\"Apple-converted-space\">&nbsp;<\/span><\/i><\/p>\n<p>Este art\u00edculo faculta a las autoridades ind\u00edgena originario campesinas y afrobolivianas, adoptar en las comunidades, medidas necesarias de prevenci\u00f3n y que sean las m\u00e1s adecuadas culturalmente para evitar cualquier acto de violencia hacia las mujeres.<span class=\"Apple-converted-space\">&nbsp;<\/span><\/p>\n<p>Las acciones de prevenci\u00f3n abarcar\u00e1n los tres niveles estipulados en el art\u00edculo 17\u00ba de la Ley No. 348: Estructural, Colectivo e Individual.<\/p><\/div>\n\t\t\t\t<\/div>\n\t\t\t\t<\/div>\n\t\t\t\t\t\t<\/div>\n\t\t\t\t\t<\/div>\n\t\t<\/div>\n\t\t\t\t\t\t\t\t<\/div>\n\t\t\t\t\t<\/div>\n\t\t<\/section>\n\t\t\t\t\t\t<\/div>\n\t\t\t\t\t\t<\/div>\n\t\t\t\t\t<\/div>\n\t\t","protected":false},"excerpt":{"rendered":"<p>Porque una comunidad es considerada una gran familia donde todos se conocen y saben los problemas que cada persona y familia tienen. Debe existir dialogo que anticipa los posibles problemas \u201chay ojos y o\u00eddos por todas partes\u201d nada pasa desapercibido y las autoridades tienen informaci\u00f3n constante de todo lo que ocurre al interior y pueden &hellip;<\/p>\n<p class=\"read-more\"> <a class=\"\" href=\"https:\/\/alvi.centrojuanaazurduy.org\/index.php\/por-que-las-autoridades-indigena-originario-campesinas-deben-enfocarse-en-la-prevencion-contra-la-violencia-hacia-las-mujeres\/\"> <span class=\"screen-reader-text\">\u00bfPor qu\u00e9 las autoridades ind\u00edgena originario campesinas, deben enfocarse en la prevenci\u00f3n contra la violencia hacia las mujeres?<\/span> Leer m\u00e1s &raquo;<\/a><\/p>\n","protected":false},"author":1,"featured_media":0,"comment_status":"closed","ping_status":"closed","sticky":false,"template":"","format":"standard","meta":{"footnotes":""},"categories":[5],"tags":[],"class_list":["post-298","post","type-post","status-publish","format-standard","hentry","category-jioc"],"_links":{"self":[{"href":"https:\/\/alvi.centrojuanaazurduy.org\/index.php\/wp-json\/wp\/v2\/posts\/298","targetHints":{"allow":["GET"]}}],"collection":[{"href":"https:\/\/alvi.centrojuanaazurduy.org\/index.php\/wp-json\/wp\/v2\/posts"}],"about":[{"href":"https:\/\/alvi.centrojuanaazurduy.org\/index.php\/wp-json\/wp\/v2\/types\/post"}],"author":[{"embeddable":true,"href":"https:\/\/alvi.centrojuanaazurduy.org\/index.php\/wp-json\/wp\/v2\/users\/1"}],"replies":[{"embeddable":true,"href":"https:\/\/alvi.centrojuanaazurduy.org\/index.php\/wp-json\/wp\/v2\/comments?post=298"}],"version-history":[{"count":3,"href":"https:\/\/alvi.centrojuanaazurduy.org\/index.php\/wp-json\/wp\/v2\/posts\/298\/revisions"}],"predecessor-version":[{"id":4791,"href":"https:\/\/alvi.centrojuanaazurduy.org\/index.php\/wp-json\/wp\/v2\/posts\/298\/revisions\/4791"}],"wp:attachment":[{"href":"https:\/\/alvi.centrojuanaazurduy.org\/index.php\/wp-json\/wp\/v2\/media?parent=298"}],"wp:term":[{"taxonomy":"category","embeddable":true,"href":"https:\/\/alvi.centrojuanaazurduy.org\/index.php\/wp-json\/wp\/v2\/categories?post=298"},{"taxonomy":"post_tag","embeddable":true,"href":"https:\/\/alvi.centrojuanaazurduy.org\/index.php\/wp-json\/wp\/v2\/tags?post=298"}],"curies":[{"name":"wp","href":"https:\/\/api.w.org\/{rel}","templated":true}]}}