{"id":293,"date":"2020-11-22T23:12:28","date_gmt":"2020-11-23T03:12:28","guid":{"rendered":"http:\/\/gavvi.monstruoestudio.com\/?p=293"},"modified":"2021-06-02T17:54:08","modified_gmt":"2021-06-02T21:54:08","slug":"cual-es-el-rol-de-las-promotoras-comunitarias","status":"publish","type":"post","link":"https:\/\/alvi.centrojuanaazurduy.org\/index.php\/cual-es-el-rol-de-las-promotoras-comunitarias\/","title":{"rendered":"\u00bfCu\u00e1l es el rol de las promotoras comunitarias?"},"content":{"rendered":"\t\t<div data-elementor-type=\"wp-post\" data-elementor-id=\"293\" class=\"elementor elementor-293\" data-elementor-settings=\"[]\">\n\t\t\t\t\t\t<div class=\"elementor-inner\">\n\t\t\t\t\t\t\t<div class=\"elementor-section-wrap\">\n\t\t\t\t\t\t\t<section class=\"elementor-section elementor-top-section elementor-element elementor-element-7633317c elementor-section-boxed elementor-section-height-default elementor-section-height-default\" data-id=\"7633317c\" data-element_type=\"section\">\n\t\t\t\t\t\t<div class=\"elementor-container elementor-column-gap-default\">\n\t\t\t\t\t\t\t<div class=\"elementor-row\">\n\t\t\t\t\t<div class=\"elementor-column elementor-col-100 elementor-top-column elementor-element elementor-element-96d7ca0\" data-id=\"96d7ca0\" data-element_type=\"column\">\n\t\t\t<div class=\"elementor-column-wrap elementor-element-populated\">\n\t\t\t\t\t\t\t<div class=\"elementor-widget-wrap\">\n\t\t\t\t\t\t<div class=\"elementor-element elementor-element-544a6253 elementor-widget elementor-widget-theme-post-title elementor-page-title elementor-widget-heading\" data-id=\"544a6253\" data-element_type=\"widget\" data-widget_type=\"theme-post-title.default\">\n\t\t\t\t<div class=\"elementor-widget-container\">\n\t\t\t<h2 class=\"elementor-heading-title elementor-size-default\">\u00bfCu\u00e1l es el rol de las promotoras comunitarias?<\/h2>\t\t<\/div>\n\t\t\t\t<\/div>\n\t\t\t\t\t\t<\/div>\n\t\t\t\t\t<\/div>\n\t\t<\/div>\n\t\t\t\t\t\t\t\t<\/div>\n\t\t\t\t\t<\/div>\n\t\t<\/section>\n\t\t\t\t<section class=\"elementor-section elementor-top-section elementor-element elementor-element-d36c34f elementor-section-boxed elementor-section-height-default elementor-section-height-default\" data-id=\"d36c34f\" data-element_type=\"section\">\n\t\t\t\t\t\t<div class=\"elementor-container elementor-column-gap-default\">\n\t\t\t\t\t\t\t<div class=\"elementor-row\">\n\t\t\t\t\t<div class=\"elementor-column elementor-col-100 elementor-top-column elementor-element elementor-element-65d0ffe4\" data-id=\"65d0ffe4\" data-element_type=\"column\">\n\t\t\t<div class=\"elementor-column-wrap elementor-element-populated\">\n\t\t\t\t\t\t\t<div class=\"elementor-widget-wrap\">\n\t\t\t\t\t\t<div class=\"elementor-element elementor-element-2e2d80a7 elementor-widget elementor-widget-text-editor\" data-id=\"2e2d80a7\" data-element_type=\"widget\" data-widget_type=\"text-editor.default\">\n\t\t\t\t<div class=\"elementor-widget-container\">\n\t\t\t\t\t<div class=\"elementor-text-editor elementor-clearfix\"><p>El art\u00edculo 29\u00ba de la Ley No.348, establece que: <i>\u201cLas mujeres que hubieran superado su situaci\u00f3n de violencia, o aquellas que deseen asumir este compromiso, se podr\u00e1n constituir voluntariamente en redes de promotoras de apoyo a mujeres que todav\u00eda se encuentran en tal situaci\u00f3n, generando grupos de solidaridad y protecci\u00f3n articulados a los servicios p\u00fablicos de atenci\u00f3n. La Entidad Territorial Aut\u00f3noma brindar\u00e1 a las promotoras capacitaci\u00f3n en resoluci\u00f3n pac\u00edfica de conflictos, nociones de psicolog\u00eda, consejer\u00eda y cualquier otro tema de inter\u00e9s para este fin\u201d.<span class=\"Apple-converted-space\">&nbsp;<\/span><\/i><\/p>\n<p>Las promotoras comunitarias deben cumplir los siguientes roles para apoyar a las autoridades ind\u00edgenas, originarias y campesinas:<span class=\"Apple-converted-space\">&nbsp;<\/span><\/p>\n<ul>\n<li><b>Prevenci\u00f3n de la violencia contra las mujeres<\/b>, mediante la difusi\u00f3n de la Ley No.348.<\/li>\n<li><b>Velar por el equilibrio y armon\u00eda<\/b> en la comunidad, detectando posibles casos de violencia.<\/li>\n<li><b>Apoyar y acompa\u00f1ar a mujeres<\/b> que se encuentran en situaci\u00f3n de violencia.<\/li>\n<li><b>Apoyar a las Autoridades Ind\u00edgena Originario Campesinas<\/b> en los casos de violencia contra las mujeres, orientando en las rutas a seguir.<\/li>\n<li><b>Orientar a las mujeres <\/b>y a la misma comunidad sobre las rutas a seguir en los casos de violencia.<span class=\"Apple-converted-space\">&nbsp;<\/span><\/li>\n<li><b>Articular su trabajo <\/b>con los SLIM, las Defensor\u00edas de la Ni\u00f1ez y Adolescencia y otros servicios p\u00fablicos de atenci\u00f3n.<span class=\"Apple-converted-space\">&nbsp;<\/span><\/li>\n<li><b>Ser parte activa <\/b>de las Casas Comunitarias de la Mujer, brindando atenci\u00f3n calidad y oportuna a las mujeres de la comunidad, especialmente aquellas que sufren violencia.<span class=\"Apple-converted-space\">&nbsp;<\/span><\/li>\n<li><b>Promover <\/b>con la comunidad, la realizaci\u00f3n de audiencias p\u00fablicas para mejorar los servicios de atenci\u00f3n para las mujeres.<\/li>\n<\/ul><\/div>\n\t\t\t\t<\/div>\n\t\t\t\t<\/div>\n\t\t\t\t\t\t<\/div>\n\t\t\t\t\t<\/div>\n\t\t<\/div>\n\t\t\t\t\t\t\t\t<\/div>\n\t\t\t\t\t<\/div>\n\t\t<\/section>\n\t\t\t\t\t\t<\/div>\n\t\t\t\t\t\t<\/div>\n\t\t\t\t\t<\/div>\n\t\t","protected":false},"excerpt":{"rendered":"<p>El art\u00edculo 29\u00ba de la Ley No.348, establece que: \u201cLas mujeres que hubieran superado su situaci\u00f3n de violencia, o aquellas que deseen asumir este compromiso, se podr\u00e1n constituir voluntariamente en redes de promotoras de apoyo a mujeres que todav\u00eda se encuentran en tal situaci\u00f3n, generando grupos de solidaridad y protecci\u00f3n articulados a los servicios p\u00fablicos &hellip;<\/p>\n<p class=\"read-more\"> <a class=\"\" href=\"https:\/\/alvi.centrojuanaazurduy.org\/index.php\/cual-es-el-rol-de-las-promotoras-comunitarias\/\"> <span class=\"screen-reader-text\">\u00bfCu\u00e1l es el rol de las promotoras comunitarias?<\/span> Leer m\u00e1s &raquo;<\/a><\/p>\n","protected":false},"author":1,"featured_media":0,"comment_status":"closed","ping_status":"closed","sticky":false,"template":"","format":"standard","meta":{"footnotes":""},"categories":[5],"tags":[],"class_list":["post-293","post","type-post","status-publish","format-standard","hentry","category-jioc"],"_links":{"self":[{"href":"https:\/\/alvi.centrojuanaazurduy.org\/index.php\/wp-json\/wp\/v2\/posts\/293","targetHints":{"allow":["GET"]}}],"collection":[{"href":"https:\/\/alvi.centrojuanaazurduy.org\/index.php\/wp-json\/wp\/v2\/posts"}],"about":[{"href":"https:\/\/alvi.centrojuanaazurduy.org\/index.php\/wp-json\/wp\/v2\/types\/post"}],"author":[{"embeddable":true,"href":"https:\/\/alvi.centrojuanaazurduy.org\/index.php\/wp-json\/wp\/v2\/users\/1"}],"replies":[{"embeddable":true,"href":"https:\/\/alvi.centrojuanaazurduy.org\/index.php\/wp-json\/wp\/v2\/comments?post=293"}],"version-history":[{"count":3,"href":"https:\/\/alvi.centrojuanaazurduy.org\/index.php\/wp-json\/wp\/v2\/posts\/293\/revisions"}],"predecessor-version":[{"id":4788,"href":"https:\/\/alvi.centrojuanaazurduy.org\/index.php\/wp-json\/wp\/v2\/posts\/293\/revisions\/4788"}],"wp:attachment":[{"href":"https:\/\/alvi.centrojuanaazurduy.org\/index.php\/wp-json\/wp\/v2\/media?parent=293"}],"wp:term":[{"taxonomy":"category","embeddable":true,"href":"https:\/\/alvi.centrojuanaazurduy.org\/index.php\/wp-json\/wp\/v2\/categories?post=293"},{"taxonomy":"post_tag","embeddable":true,"href":"https:\/\/alvi.centrojuanaazurduy.org\/index.php\/wp-json\/wp\/v2\/tags?post=293"}],"curies":[{"name":"wp","href":"https:\/\/api.w.org\/{rel}","templated":true}]}}