{"id":2919,"date":"2020-12-09T20:02:37","date_gmt":"2020-12-10T00:02:37","guid":{"rendered":"http:\/\/gavvi.monstruoestudio.com\/?p=2919"},"modified":"2021-06-04T15:36:25","modified_gmt":"2021-06-04T19:36:25","slug":"presentacion-5","status":"publish","type":"post","link":"https:\/\/alvi.centrojuanaazurduy.org\/index.php\/presentacion-5\/","title":{"rendered":"PRESENTACI\u00d3N"},"content":{"rendered":"\t\t<div data-elementor-type=\"wp-post\" data-elementor-id=\"2919\" class=\"elementor elementor-2919\" data-elementor-settings=\"[]\">\n\t\t\t\t\t\t<div class=\"elementor-inner\">\n\t\t\t\t\t\t\t<div class=\"elementor-section-wrap\">\n\t\t\t\t\t\t\t<section class=\"elementor-section elementor-top-section elementor-element elementor-element-4e631fb elementor-section-boxed elementor-section-height-default elementor-section-height-default\" data-id=\"4e631fb\" data-element_type=\"section\">\n\t\t\t\t\t\t<div class=\"elementor-container elementor-column-gap-default\">\n\t\t\t\t\t\t\t<div class=\"elementor-row\">\n\t\t\t\t\t<div class=\"elementor-column elementor-col-100 elementor-top-column elementor-element elementor-element-a22f2fc\" data-id=\"a22f2fc\" data-element_type=\"column\">\n\t\t\t<div class=\"elementor-column-wrap elementor-element-populated\">\n\t\t\t\t\t\t\t<div class=\"elementor-widget-wrap\">\n\t\t\t\t\t\t<div class=\"elementor-element elementor-element-0572eb9 elementor-widget elementor-widget-theme-post-title elementor-page-title elementor-widget-heading\" data-id=\"0572eb9\" data-element_type=\"widget\" data-widget_type=\"theme-post-title.default\">\n\t\t\t\t<div class=\"elementor-widget-container\">\n\t\t\t<h1 class=\"elementor-heading-title elementor-size-default\">PRESENTACI\u00d3N<\/h1>\t\t<\/div>\n\t\t\t\t<\/div>\n\t\t\t\t\t\t<\/div>\n\t\t\t\t\t<\/div>\n\t\t<\/div>\n\t\t\t\t\t\t\t\t<\/div>\n\t\t\t\t\t<\/div>\n\t\t<\/section>\n\t\t\t\t<section class=\"elementor-section elementor-top-section elementor-element elementor-element-3ab8fd0 elementor-section-boxed elementor-section-height-default elementor-section-height-default\" data-id=\"3ab8fd0\" data-element_type=\"section\">\n\t\t\t\t\t\t<div class=\"elementor-container elementor-column-gap-default\">\n\t\t\t\t\t\t\t<div class=\"elementor-row\">\n\t\t\t\t\t<div class=\"elementor-column elementor-col-100 elementor-top-column elementor-element elementor-element-c800cbe\" data-id=\"c800cbe\" data-element_type=\"column\">\n\t\t\t<div class=\"elementor-column-wrap elementor-element-populated\">\n\t\t\t\t\t\t\t<div class=\"elementor-widget-wrap\">\n\t\t\t\t\t\t<div class=\"elementor-element elementor-element-0fa7a8e elementor-widget elementor-widget-text-editor\" data-id=\"0fa7a8e\" data-element_type=\"widget\" data-widget_type=\"text-editor.default\">\n\t\t\t\t<div class=\"elementor-widget-container\">\n\t\t\t\t\t<div class=\"elementor-text-editor elementor-clearfix\"><div title=\"Page 5\">\n<div>\n<div>\n<div>\n<div title=\"Page 17\">\n<div>\n<div>\n<p>El Estado Plurinacional de Bolivia, a partir de la promulgacio\u0301n de la Constitucio\u0301n Poli\u0301tica del Estado, asume el compromiso firme de efectivizar el derecho de nin\u0303as, nin\u0303os, adolescentes y mujeres a una vida libre de violencia y el deber de adoptar&nbsp;<span style=\"font-size: 15px; color: var( --e-global-color-text );\">las medidas necesarias para prevenir, eliminar y sancionar la violencia de ge\u0301nero y generacional, asi\u0301 como toda accio\u0301n u omisio\u0301n que tenga por objeto degradar la condicio\u0301n humana, causar muerte, dolor y sufrimiento f\u00edsico, sexual o psicolo\u0301gico, tanto en el a\u0301mbito pu\u0301blico como privado.<\/span><\/p>\n<p>En consecuencia, el Ministerio de Justicia y Transparencia Institucional, en su calidad&nbsp;<span style=\"font-size: 15px; color: var( --e-global-color-text );\">de ente rector y miembro de la Comisi\u00f3n de Seguimiento a las Conclusiones de la&nbsp;<\/span><span style=\"font-size: 15px; color: var( --e-global-color-text );\">Cumbre de Justicia (Ley No. 898), en el marco de la implementaci\u00f3n de la Ley No.&nbsp;<\/span><span style=\"font-size: 15px; color: var( --e-global-color-text );\">1173 de Abreviaci\u00f3n Procesal Penal y Fortalecimiento de la Lucha Integral contra&nbsp;<\/span><span style=\"font-size: 15px; color: var( --e-global-color-text );\">la Violencia hacia ni\u00f1as, ni\u00f1os, adolescentes y mujeres, determin\u00f3 la importancia&nbsp;<\/span><span style=\"font-size: 15px; color: var( --e-global-color-text );\">de concluir con un protocolo de actuaci\u00f3n que incluya los nuevos mecanismos y&nbsp;<\/span><span style=\"font-size: 15px; color: var( --e-global-color-text );\">procedimientos que refuerzan el compromiso de garantizar el derecho de la ni\u00f1ez y&nbsp;<\/span><span style=\"font-size: 15px; color: var( --e-global-color-text );\">de las mujeres a vivir libres de violencia y la intolerancia a este fen\u00f3meno.<\/span><\/p>\n<p><span style=\"font-size: 15px; color: var( --e-global-color-text );\">En ese sentido, tengo a bien presentar el \u201cProtocolo Interinstitucional de Atenci\u00f3n&nbsp;<\/span><span style=\"font-size: 15px; color: var( --e-global-color-text );\">y Protecci\u00f3n a Ni\u00f1as, Ni\u00f1os, Adolescentes y Mujeres V\u00edctimas de Violencia\u201d que&nbsp;<\/span><span style=\"font-size: 15px; color: var( --e-global-color-text );\">estandariza de forma vinculante los procedimientos y actuaciones de todas las&nbsp;<\/span><span style=\"font-size: 15px; color: var( --e-global-color-text );\">instituciones que son parte de la ruta de atenci\u00f3n, protecci\u00f3n, sanci\u00f3n y reparaci\u00f3n&nbsp;<\/span><span style=\"font-size: 15px; color: var( --e-global-color-text );\">por hechos de violencia.<\/span><\/p>\n<p><span style=\"font-size: 15px; color: var( --e-global-color-text );\">Este documento fue construido con un enfoque multidisciplinario, con la&nbsp;<\/span><span style=\"font-size: 15px; color: var( --e-global-color-text );\">participaci\u00f3n y desde la experiencia de m\u00e1s de 25 instituciones p\u00fablicas del nivel&nbsp;<\/span><span style=\"font-size: 15px; color: var( --e-global-color-text );\">central, departamental y municipal, articuladas por el Servicio Plurinacional de la&nbsp;<\/span><span style=\"font-size: 15px; color: var( --e-global-color-text );\">Mujer y de la Despatriarcalizaci\u00f3n \u201cAna Mar\u00eda Romero\u201d y el Comit\u00e9 de G\u00e9nero del&nbsp;<\/span><span style=\"font-size: 15px; color: var( --e-global-color-text );\">\u00d3rgano Judicial, a partir de un evento nacional realizado en la ciudad de Sucre y&nbsp;<\/span><span style=\"font-size: 15px; color: var( --e-global-color-text );\">posteriores reuniones t\u00e9cnicas de revisi\u00f3n.<\/span><\/p>\n<p><span style=\"font-size: 15px; color: var( --e-global-color-text );\">El Protocolo busca garantizar el acceso de ni\u00f1as, ni\u00f1os, adolescentes y mujeres&nbsp;<\/span><span style=\"font-size: 15px; color: var( --e-global-color-text );\">a una justicia sin discriminaci\u00f3n en todo el territorio nacional y responde a las&nbsp;<\/span>disposiciones de la Convenci\u00f3n sobre los Derechos del Ni\u00f1o, la Convenci\u00f3n sobre&nbsp;<span style=\"font-size: 15px; color: var( --e-global-color-text );\">la Eliminaci\u00f3n de todas las Formas de Discriminaci\u00f3n contra la Mujer (CEDAW) y la&nbsp;<\/span><span style=\"font-size: 15px; color: var( --e-global-color-text );\">Convenci\u00f3n Interamericana para Prevenir, Sancionar y Erradicar la Violencia contra&nbsp;<\/span><span style=\"font-size: 15px; color: var( --e-global-color-text );\">la Mujer de Bel\u00e9m Do Par\u00e1 y otros importantes instrumentos de derechos humanos&nbsp;<\/span><span style=\"font-size: 15px; color: var( --e-global-color-text );\">y decisiones de los sistemas de justicia internacionales y regionales, referentes a:<\/span><\/p>\n<ul>\n<li>Establecer procedimientos legales justos y eficaces, sin discriminaci\u00f3n para&nbsp;<span style=\"font-size: 15px; color: var( --e-global-color-text );\">ni\u00f1as, ni\u00f1os, adolescentes y mujeres que hayan sido sometidas a violencia,&nbsp;<\/span><span style=\"font-size: 15px; color: var( --e-global-color-text );\">que incluyan, entre otros, medidas de protecci\u00f3n, un juicio oportuno y el&nbsp;<\/span><span style=\"font-size: 15px; color: var( --e-global-color-text );\">acceso efectivo a tales procedimientos.<\/span><\/li>\n<li><span style=\"font-size: 15px; color: var( --e-global-color-text );\">Ejercer la debida diligencia para prevenir, investigar, sancionar y reparar de&nbsp;<\/span><span style=\"font-size: 15px; color: var( --e-global-color-text );\">forma integral todos los delitos cometidos contra ni\u00f1as, ni\u00f1os, adolescentes&nbsp;<\/span><span style=\"font-size: 15px; color: var( --e-global-color-text );\">y mujeres.<\/span><\/li>\n<li><span style=\"font-size: 15px; color: var( --e-global-color-text );\">Aplicar los principios de prioridad absoluta e inter\u00e9s superior de la ni\u00f1a,&nbsp;<\/span><span style=\"font-size: 15px; color: var( --e-global-color-text );\">ni\u00f1o y adolescente en todo procedimiento y determinaci\u00f3n que se tome&nbsp;<\/span><span style=\"font-size: 15px; color: var( --e-global-color-text );\">durante el proceso penal y en los servicios de atenci\u00f3n.<\/span><\/li>\n<li><span style=\"font-size: 15px; color: var( --e-global-color-text );\">U<\/span><span style=\"font-size: 15px; color: var( --e-global-color-text );\">tilizar criterios con perspectiva de g\u00e9nero para evitar la estigmatizaci\u00f3n&nbsp;<\/span><span style=\"font-size: 15px; color: var( --e-global-color-text );\">durante todas las actuaciones judiciales, incluida la victimizaci\u00f3n secundaria&nbsp;<\/span><span style=\"font-size: 15px; color: var( --e-global-color-text );\">en casos de violencia, durante el interrogatorio, la reuni\u00f3n de pruebas y&nbsp;<\/span><span style=\"font-size: 15px; color: var( --e-global-color-text );\">otros procedimientos relacionados con la investigaci\u00f3n.<\/span><\/li>\n<li><span style=\"font-size: 15px; color: var( --e-global-color-text );\">Adoptar medidas para garantizar que las v\u00edctimas no se vean sometidas a&nbsp;<\/span><span style=\"font-size: 15px; color: var( --e-global-color-text );\">demoras indebidas en sus solicitudes de protecci\u00f3n.<\/span><\/li>\n<li><span style=\"font-size: 15px; color: var( --e-global-color-text );\">Prestar mecanismos de protecci\u00f3n accesibles, adecuados e inmediatos para&nbsp;<\/span><span style=\"font-size: 15px; color: var( --e-global-color-text );\">evitar una posible violencia o m\u00e1s actos de la misma, sin la condici\u00f3n previa&nbsp;<\/span><span style=\"font-size: 15px; color: var( --e-global-color-text );\">de que las v\u00edctimas y supervivientes inicien acciones legales.<\/span><\/li>\n<li><span style=\"font-size: 15px; color: var( --e-global-color-text );\">Erradicar los sesgos de g\u00e9nero en la aplicaci\u00f3n de la justicia para evitar que&nbsp;<\/span><span style=\"font-size: 15px; color: var( --e-global-color-text );\">ellos pueden pesar&nbsp;<\/span>al momento de adoptar decisiones discriminatorias hacia las mujeres.<\/li>\n<\/ul>\n<div>\n<div>Asimismo, incorpora las medidas introducidas por la Ley No. 1173 de Abreviaci\u00f3n&nbsp;<span style=\"font-size: 15px; color: var( --e-global-color-text );\">Procesal Penal y de Fortalecimiento de la Lucha Integral contra la Violencia a ni\u00f1as,&nbsp;<\/span><span style=\"font-size: 15px; color: var( --e-global-color-text );\">ni\u00f1os, adolescentes y mujeres, respecto a:<\/span><\/div>\n<ul>\n<li><span style=\"font-size: 15px; color: var( --e-global-color-text );\">La desformalizaci\u00f3n de la presentaci\u00f3n de la denuncia, lo cual implica que en&nbsp;<\/span><span style=\"font-size: 15px; color: var( --e-global-color-text );\">delitos de violencia contra ni\u00f1as, ni\u00f1os, adolescentes y mujeres la denuncia&nbsp;<\/span><span style=\"font-size: 15px; color: var( --e-global-color-text );\">deber\u00e1 ser recibida sin mayores exigencias formales.<\/span><\/li>\n<li><span style=\"font-size: 15px; color: var( --e-global-color-text );\">El acceso a la justicia de ni\u00f1as, ni\u00f1os o adolescentes, v\u00edctimas de violencia&nbsp;<\/span><span style=\"font-size: 15px; color: var( --e-global-color-text );\">sexual, estableciendo que, en estos casos, el inicio del t\u00e9rmino de la&nbsp;<\/span><span style=\"font-size: 15px; color: var( --e-global-color-text );\">prescripci\u00f3n reci\u00e9n correr\u00e1 a partir de cuatro (4) a\u00f1os despu\u00e9s de que la&nbsp;<\/span><span style=\"font-size: 15px; color: var( --e-global-color-text );\">v\u00edctima haya alcanzado la mayor\u00eda de edad.<\/span><\/li>\n<li>La naturaleza de las medidas de protecci\u00f3n a favor de ni\u00f1as, ni\u00f1os, adolescentes y mujeres, determin\u00e1ndose que no solo jueces y fiscales pueden imponerlas, sino tambi\u00e9n en caso de urgencia, ante una situaci\u00f3n de riesgo o cuando las circunstancias del caso exijan una inmediata protecci\u00f3n, las mismas podr\u00e1n ser impuestas por cualquier servidora o servidor p\u00fablico vinculado a la atenci\u00f3n de la ni\u00f1ez o de las mujeres.<\/li>\n<li>El incumplimiento de las medidas de protecci\u00f3n tendr\u00e1 como consecuencia la determinaci\u00f3n de medidas espec\u00edficas, incluso la detenci\u00f3n preventiva.<\/li>\n<li>Se refuerza la prohibici\u00f3n de revictimizaci\u00f3n estableci\u00e9ndose que los testimonios o declaraciones de la v\u00edctima sean por una sola vez y con car\u00e1cter privado, con auxilio de familiares y peritos especializados.<\/li>\n<li>Se determina que cualquier profesional de salud perteneciente a instituci\u00f3n p\u00fablica o de seguridad social a corto plazo que efect\u00fae el primer reconocimiento de una v\u00edctima de violencia emitir\u00e1 un certificado m\u00e9dico, sin necesidad de ser homologado por otra instancia. Asimismo, estos centros de salud ante un hecho de violencia sexual contra una ni\u00f1a, ni\u00f1o, adolescente o mujer, en cumplimiento a reglas de cadena de custodia, podr\u00e1n colectar evidencias sin necesidad de requerimiento fiscal a los fines de la investigaci\u00f3n.<\/li>\n<li>Se incorpora la audiencia de resoluci\u00f3n integral en instancia penal, a fin de evitar procesos revictimizantes, dando la posibilidad a quien es v\u00edctima de violencia de resolver en la misma v\u00eda penal, el divorcio, la asistencia familiar, la guarda o la custodia.&nbsp;<\/li>\n<li>Se refuerza la participaci\u00f3n de la sociedad civil, que podr\u00e1 participar del proceso en apoyo a la v\u00edctima cuando esta as\u00ed lo decida como una instancia coadyuvante.<\/li>\n<\/ul>\n<div>\n<div>De esta manera, el Protocolo se constituye en una valiosa herramienta, cuyo&nbsp;<span style=\"font-size: 15px; color: var( --e-global-color-text );\">principal objetivo es que todas las instituciones brinden una atenci\u00f3n adecuada,&nbsp;<\/span><span style=\"font-size: 15px; color: var( --e-global-color-text );\">inmediata, oportuna, con calidad, calidez y sobre todo no revictimizante en favor de&nbsp;<\/span><span style=\"font-size: 15px; color: var( --e-global-color-text );\">la ni\u00f1ez y las mujeres en Bolivia<\/span><\/div>\n<div><span style=\"font-size: 15px; color: var( --e-global-color-text );\">&nbsp;<\/span><\/div>\n<div><span style=\"font-size: 15px; color: var( --e-global-color-text );\">&nbsp;<\/span><\/div>\n<div>\n<div style=\"text-align: center;\">\u00c1lvaro Coimbra Cornejo<\/div>\n<div style=\"text-align: center;\"><strong>Ministro de Justicia y Transparencia Institucional<\/strong><\/div>\n<\/div>\n<\/div>\n<\/div>\n<\/div>\n<\/div>\n<\/div>\n<\/div>\n<\/div>\n<\/div>\n<\/div><\/div>\n\t\t\t\t<\/div>\n\t\t\t\t<\/div>\n\t\t\t\t\t\t<\/div>\n\t\t\t\t\t<\/div>\n\t\t<\/div>\n\t\t\t\t\t\t\t\t<\/div>\n\t\t\t\t\t<\/div>\n\t\t<\/section>\n\t\t\t\t\t\t<\/div>\n\t\t\t\t\t\t<\/div>\n\t\t\t\t\t<\/div>\n\t\t","protected":false},"excerpt":{"rendered":"<p>El Estado Plurinacional de Bolivia, a partir de la promulgacio\u0301n de la Constitucio\u0301n Poli\u0301tica del Estado, asume el compromiso firme de efectivizar el derecho de nin\u0303as, nin\u0303os, adolescentes y mujeres a una vida libre de violencia y el deber de adoptar&nbsp;las medidas necesarias para prevenir, eliminar y sancionar la violencia de ge\u0301nero y generacional, asi\u0301 &hellip;<\/p>\n<p class=\"read-more\"> <a class=\"\" href=\"https:\/\/alvi.centrojuanaazurduy.org\/index.php\/presentacion-5\/\"> <span class=\"screen-reader-text\">PRESENTACI\u00d3N<\/span> Leer m\u00e1s &raquo;<\/a><\/p>\n","protected":false},"author":1,"featured_media":0,"comment_status":"closed","ping_status":"closed","sticky":false,"template":"","format":"standard","meta":{"footnotes":""},"categories":[9],"tags":[],"class_list":["post-2919","post","type-post","status-publish","format-standard","hentry","category-protocolo-sepmud"],"_links":{"self":[{"href":"https:\/\/alvi.centrojuanaazurduy.org\/index.php\/wp-json\/wp\/v2\/posts\/2919","targetHints":{"allow":["GET"]}}],"collection":[{"href":"https:\/\/alvi.centrojuanaazurduy.org\/index.php\/wp-json\/wp\/v2\/posts"}],"about":[{"href":"https:\/\/alvi.centrojuanaazurduy.org\/index.php\/wp-json\/wp\/v2\/types\/post"}],"author":[{"embeddable":true,"href":"https:\/\/alvi.centrojuanaazurduy.org\/index.php\/wp-json\/wp\/v2\/users\/1"}],"replies":[{"embeddable":true,"href":"https:\/\/alvi.centrojuanaazurduy.org\/index.php\/wp-json\/wp\/v2\/comments?post=2919"}],"version-history":[{"count":6,"href":"https:\/\/alvi.centrojuanaazurduy.org\/index.php\/wp-json\/wp\/v2\/posts\/2919\/revisions"}],"predecessor-version":[{"id":4904,"href":"https:\/\/alvi.centrojuanaazurduy.org\/index.php\/wp-json\/wp\/v2\/posts\/2919\/revisions\/4904"}],"wp:attachment":[{"href":"https:\/\/alvi.centrojuanaazurduy.org\/index.php\/wp-json\/wp\/v2\/media?parent=2919"}],"wp:term":[{"taxonomy":"category","embeddable":true,"href":"https:\/\/alvi.centrojuanaazurduy.org\/index.php\/wp-json\/wp\/v2\/categories?post=2919"},{"taxonomy":"post_tag","embeddable":true,"href":"https:\/\/alvi.centrojuanaazurduy.org\/index.php\/wp-json\/wp\/v2\/tags?post=2919"}],"curies":[{"name":"wp","href":"https:\/\/api.w.org\/{rel}","templated":true}]}}