{"id":288,"date":"2020-11-22T23:09:04","date_gmt":"2020-11-23T03:09:04","guid":{"rendered":"http:\/\/gavvi.monstruoestudio.com\/?p=288"},"modified":"2020-11-22T23:09:04","modified_gmt":"2020-11-23T03:09:04","slug":"que-servicios-deben-brindar-las-casas-comunitarias-de-la-mujer","status":"publish","type":"post","link":"https:\/\/alvi.centrojuanaazurduy.org\/index.php\/que-servicios-deben-brindar-las-casas-comunitarias-de-la-mujer\/","title":{"rendered":"\u00bfQue servicios deben brindar las casas comunitarias de la mujer?"},"content":{"rendered":"\t\t<div data-elementor-type=\"wp-post\" data-elementor-id=\"288\" class=\"elementor elementor-288\" data-elementor-settings=\"[]\">\n\t\t\t\t\t\t<div class=\"elementor-inner\">\n\t\t\t\t\t\t\t<div class=\"elementor-section-wrap\">\n\t\t\t\t\t\t\t<section class=\"elementor-section elementor-top-section elementor-element elementor-element-5014cd8 elementor-section-boxed elementor-section-height-default elementor-section-height-default\" data-id=\"5014cd8\" data-element_type=\"section\">\n\t\t\t\t\t\t<div class=\"elementor-container elementor-column-gap-default\">\n\t\t\t\t\t\t\t<div class=\"elementor-row\">\n\t\t\t\t\t<div class=\"elementor-column elementor-col-100 elementor-top-column elementor-element elementor-element-7f263bec\" data-id=\"7f263bec\" data-element_type=\"column\">\n\t\t\t<div class=\"elementor-column-wrap elementor-element-populated\">\n\t\t\t\t\t\t\t<div class=\"elementor-widget-wrap\">\n\t\t\t\t\t\t<div class=\"elementor-element elementor-element-672540f8 elementor-widget elementor-widget-theme-post-title elementor-page-title elementor-widget-heading\" data-id=\"672540f8\" data-element_type=\"widget\" data-widget_type=\"theme-post-title.default\">\n\t\t\t\t<div class=\"elementor-widget-container\">\n\t\t\t<h2 class=\"elementor-heading-title elementor-size-default\">\u00bfQue servicios deben brindar las casas comunitarias de la mujer?<\/h2>\t\t<\/div>\n\t\t\t\t<\/div>\n\t\t\t\t\t\t<\/div>\n\t\t\t\t\t<\/div>\n\t\t<\/div>\n\t\t\t\t\t\t\t\t<\/div>\n\t\t\t\t\t<\/div>\n\t\t<\/section>\n\t\t\t\t<section class=\"elementor-section elementor-top-section elementor-element elementor-element-28cab102 elementor-section-boxed elementor-section-height-default elementor-section-height-default\" data-id=\"28cab102\" data-element_type=\"section\">\n\t\t\t\t\t\t<div class=\"elementor-container elementor-column-gap-default\">\n\t\t\t\t\t\t\t<div class=\"elementor-row\">\n\t\t\t\t\t<div class=\"elementor-column elementor-col-100 elementor-top-column elementor-element elementor-element-7eff2bec\" data-id=\"7eff2bec\" data-element_type=\"column\">\n\t\t\t<div class=\"elementor-column-wrap elementor-element-populated\">\n\t\t\t\t\t\t\t<div class=\"elementor-widget-wrap\">\n\t\t\t\t\t\t<div class=\"elementor-element elementor-element-75a705bf elementor-widget elementor-widget-text-editor\" data-id=\"75a705bf\" data-element_type=\"widget\" data-widget_type=\"text-editor.default\">\n\t\t\t\t<div class=\"elementor-widget-container\">\n\t\t\t\t\t<div class=\"elementor-text-editor elementor-clearfix\"><p><b>Orientaci\u00f3n <\/b>sobre los derechos de las mujeres y aspectos legales para guiar a las mujeres que viven situaciones de violencia, sobre la manera de llevar adelante sus procesos. <\/p><ul><li><b>Prevenci\u00f3n de la violencia contra las mujeres, <\/b>mediante la realizaci\u00f3n de talleres de reflexi\u00f3n y formaci\u00f3n, as\u00ed como charlas, di\u00e1logos, ferias y otras formas de socializaci\u00f3n, en coordinaci\u00f3n con las autoridades ind\u00edgena originario campesinas, autoridades de la justicia ordinaria, servicios de salud, educaci\u00f3n y la poblaci\u00f3n en general.<span class=\"Apple-converted-space\">\u00a0<\/span><\/li><li><b>Detecci\u00f3n oportuna de casos de violencia<\/b>, mediante el dialogo, las promotoras comunitarias deben ser capaces de detectar situaciones que puedan llegar a la violencia contra las mujeres en sus comunidades.<span class=\"Apple-converted-space\">\u00a0<\/span><\/li><li><b>Articulaci\u00f3n entre autoridades y miembros de la comunidad<\/b>: sabias y sabios, gu\u00edas espirituales, consejeros consejeras, amautas, curanderas, kulliris, yatiris, abuelas, abuelos, para que con su sabidur\u00eda y conocimientos gu\u00eden, orienten y procedan a la sanaci\u00f3n espiritual de la v\u00edctima de violencia y a su familia.<span class=\"Apple-converted-space\">\u00a0<\/span><\/li><li><b><\/b><b>Atenci\u00f3n acorde a sus propias pr\u00e1cticas culturales y en el idioma <\/b>de la comunidad pueblo o naci\u00f3n ind\u00edgena originario campesinas.<span class=\"Apple-converted-space\">\u00a0<\/span><\/li><li><b>Articulaci\u00f3n de las promotoras comunitarias<\/b>, incluy\u00e9ndolas en los planes y actividades de prevenci\u00f3n, tratamiento y erradicaci\u00f3n de la violencia contra las mujeres.<span class=\"Apple-converted-space\">\u00a0<\/span><\/li><li><b>Articulaci\u00f3n con los Servicios Legales Integrales Municipales (SLIM) <\/b>y otras instancias competentes para la atenci\u00f3n a mujeres en situaci\u00f3n de violencia.<\/li><\/ul><\/div>\n\t\t\t\t<\/div>\n\t\t\t\t<\/div>\n\t\t\t\t\t\t<\/div>\n\t\t\t\t\t<\/div>\n\t\t<\/div>\n\t\t\t\t\t\t\t\t<\/div>\n\t\t\t\t\t<\/div>\n\t\t<\/section>\n\t\t\t\t\t\t<\/div>\n\t\t\t\t\t\t<\/div>\n\t\t\t\t\t<\/div>\n\t\t","protected":false},"excerpt":{"rendered":"<p>Orientaci\u00f3n sobre los derechos de las mujeres y aspectos legales para guiar a las mujeres que viven situaciones de violencia, sobre la manera de llevar adelante sus procesos. Prevenci\u00f3n de la violencia contra las mujeres, mediante la realizaci\u00f3n de talleres de reflexi\u00f3n y formaci\u00f3n, as\u00ed como charlas, di\u00e1logos, ferias y otras formas de socializaci\u00f3n, en &hellip;<\/p>\n<p class=\"read-more\"> <a class=\"\" href=\"https:\/\/alvi.centrojuanaazurduy.org\/index.php\/que-servicios-deben-brindar-las-casas-comunitarias-de-la-mujer\/\"> <span class=\"screen-reader-text\">\u00bfQue servicios deben brindar las casas comunitarias de la mujer?<\/span> Leer m\u00e1s &raquo;<\/a><\/p>\n","protected":false},"author":1,"featured_media":0,"comment_status":"closed","ping_status":"closed","sticky":false,"template":"","format":"standard","meta":{"footnotes":""},"categories":[5],"tags":[],"class_list":["post-288","post","type-post","status-publish","format-standard","hentry","category-jioc"],"_links":{"self":[{"href":"https:\/\/alvi.centrojuanaazurduy.org\/index.php\/wp-json\/wp\/v2\/posts\/288","targetHints":{"allow":["GET"]}}],"collection":[{"href":"https:\/\/alvi.centrojuanaazurduy.org\/index.php\/wp-json\/wp\/v2\/posts"}],"about":[{"href":"https:\/\/alvi.centrojuanaazurduy.org\/index.php\/wp-json\/wp\/v2\/types\/post"}],"author":[{"embeddable":true,"href":"https:\/\/alvi.centrojuanaazurduy.org\/index.php\/wp-json\/wp\/v2\/users\/1"}],"replies":[{"embeddable":true,"href":"https:\/\/alvi.centrojuanaazurduy.org\/index.php\/wp-json\/wp\/v2\/comments?post=288"}],"version-history":[{"count":0,"href":"https:\/\/alvi.centrojuanaazurduy.org\/index.php\/wp-json\/wp\/v2\/posts\/288\/revisions"}],"wp:attachment":[{"href":"https:\/\/alvi.centrojuanaazurduy.org\/index.php\/wp-json\/wp\/v2\/media?parent=288"}],"wp:term":[{"taxonomy":"category","embeddable":true,"href":"https:\/\/alvi.centrojuanaazurduy.org\/index.php\/wp-json\/wp\/v2\/categories?post=288"},{"taxonomy":"post_tag","embeddable":true,"href":"https:\/\/alvi.centrojuanaazurduy.org\/index.php\/wp-json\/wp\/v2\/tags?post=288"}],"curies":[{"name":"wp","href":"https:\/\/api.w.org\/{rel}","templated":true}]}}