{"id":2796,"date":"2020-12-01T09:48:05","date_gmt":"2020-12-01T13:48:05","guid":{"rendered":"http:\/\/gavvi.monstruoestudio.com\/?p=2796"},"modified":"2021-06-07T16:27:54","modified_gmt":"2021-06-07T20:27:54","slug":"3-marco-normativo-internacional-y-nacional","status":"publish","type":"post","link":"https:\/\/alvi.centrojuanaazurduy.org\/index.php\/3-marco-normativo-internacional-y-nacional\/","title":{"rendered":"3. MARCO NORMATIVO INTERNACIONAL Y NACIONAL"},"content":{"rendered":"\t\t<div data-elementor-type=\"wp-post\" data-elementor-id=\"2796\" class=\"elementor elementor-2796\" data-elementor-settings=\"[]\">\n\t\t\t\t\t\t<div class=\"elementor-inner\">\n\t\t\t\t\t\t\t<div class=\"elementor-section-wrap\">\n\t\t\t\t\t\t\t<section class=\"elementor-section elementor-top-section elementor-element elementor-element-070e6d8 elementor-section-boxed elementor-section-height-default elementor-section-height-default\" data-id=\"070e6d8\" data-element_type=\"section\">\n\t\t\t\t\t\t<div class=\"elementor-container elementor-column-gap-default\">\n\t\t\t\t\t\t\t<div class=\"elementor-row\">\n\t\t\t\t\t<div class=\"elementor-column elementor-col-100 elementor-top-column elementor-element elementor-element-2365d66\" data-id=\"2365d66\" data-element_type=\"column\">\n\t\t\t<div class=\"elementor-column-wrap elementor-element-populated\">\n\t\t\t\t\t\t\t<div class=\"elementor-widget-wrap\">\n\t\t\t\t\t\t<div class=\"elementor-element elementor-element-f35c5bb elementor-widget elementor-widget-theme-post-title elementor-page-title elementor-widget-heading\" data-id=\"f35c5bb\" data-element_type=\"widget\" data-widget_type=\"theme-post-title.default\">\n\t\t\t\t<div class=\"elementor-widget-container\">\n\t\t\t<h1 class=\"elementor-heading-title elementor-size-default\">3. MARCO NORMATIVO INTERNACIONAL Y NACIONAL<\/h1>\t\t<\/div>\n\t\t\t\t<\/div>\n\t\t\t\t\t\t<\/div>\n\t\t\t\t\t<\/div>\n\t\t<\/div>\n\t\t\t\t\t\t\t\t<\/div>\n\t\t\t\t\t<\/div>\n\t\t<\/section>\n\t\t\t\t<section class=\"elementor-section elementor-top-section elementor-element elementor-element-5826b6c elementor-section-boxed elementor-section-height-default elementor-section-height-default\" data-id=\"5826b6c\" data-element_type=\"section\">\n\t\t\t\t\t\t<div class=\"elementor-container elementor-column-gap-default\">\n\t\t\t\t\t\t\t<div class=\"elementor-row\">\n\t\t\t\t\t<div class=\"elementor-column elementor-col-100 elementor-top-column elementor-element elementor-element-01cbbb3\" data-id=\"01cbbb3\" data-element_type=\"column\">\n\t\t\t<div class=\"elementor-column-wrap elementor-element-populated\">\n\t\t\t\t\t\t\t<div class=\"elementor-widget-wrap\">\n\t\t\t\t\t\t<div class=\"elementor-element elementor-element-473372a elementor-widget elementor-widget-heading\" data-id=\"473372a\" data-element_type=\"widget\" data-widget_type=\"heading.default\">\n\t\t\t\t<div class=\"elementor-widget-container\">\n\t\t\t<h2 class=\"elementor-heading-title elementor-size-default\">3.1 Normativa internacional<\/h2>\t\t<\/div>\n\t\t\t\t<\/div>\n\t\t\t\t\t\t<\/div>\n\t\t\t\t\t<\/div>\n\t\t<\/div>\n\t\t\t\t\t\t\t\t<\/div>\n\t\t\t\t\t<\/div>\n\t\t<\/section>\n\t\t\t\t<section class=\"elementor-section elementor-top-section elementor-element elementor-element-32c0f66 elementor-section-boxed elementor-section-height-default elementor-section-height-default\" data-id=\"32c0f66\" data-element_type=\"section\">\n\t\t\t\t\t\t<div class=\"elementor-container elementor-column-gap-default\">\n\t\t\t\t\t\t\t<div class=\"elementor-row\">\n\t\t\t\t\t<div class=\"elementor-column elementor-col-100 elementor-top-column elementor-element elementor-element-76ac689\" data-id=\"76ac689\" data-element_type=\"column\">\n\t\t\t<div class=\"elementor-column-wrap elementor-element-populated\">\n\t\t\t\t\t\t\t<div class=\"elementor-widget-wrap\">\n\t\t\t\t\t\t<div class=\"elementor-element elementor-element-d1c2467 elementor-widget elementor-widget-text-editor\" data-id=\"d1c2467\" data-element_type=\"widget\" data-widget_type=\"text-editor.default\">\n\t\t\t\t<div class=\"elementor-widget-container\">\n\t\t\t\t\t<div class=\"elementor-text-editor elementor-clearfix\"><table cellspacing=\"0\" cellpadding=\"0\"><tbody><tr><td valign=\"middle\"><p align=\"center\"><span style=\"color: #43358b; font-family: Ubuntu; font-size: small;\"><b>Fecha<\/b><\/span><\/p><\/td><td valign=\"middle\"><p align=\"center\"><span style=\"color: #43358b; font-family: Ubuntu; font-size: small;\"><b>Norma<\/b><\/span><\/p><\/td><td valign=\"middle\"><p align=\"center\"><span style=\"color: #43358b; font-family: Ubuntu; font-size: small;\"><b>Contenidos centrales<\/b><\/span><\/p><\/td><\/tr><tr><td valign=\"top\"><p><span style=\"color: #676767; font-family: Ubuntu; font-size: small;\">20.12.1952 <\/span><\/p><\/td><td rowspan=\"2\" valign=\"top\"><p><span style=\"color: #676767; font-family: Ubuntu; font-size: small;\">Convenci\u00f3n sobre los derechos pol\u00edticos de la mujer <\/span><\/p><\/td><td rowspan=\"2\" valign=\"top\"><p><span style=\"color: #676767; font-family: Ubuntu; font-size: small;\">Reconoce la igualdad de derechos de hombres y mujeres a participar en el gobierno de su pa\u00eds directamente o a trav\u00e9s de representantes.<\/span><\/p><p><span style=\"color: #676767; font-family: Ubuntu; font-size: small;\">Las mujeres tendr\u00e1n derecho a votar, a ser elegibles y a ocupar cargos p\u00fablicos. <\/span><\/p><\/td><\/tr><tr><td valign=\"top\"><p><span style=\"color: #676767; font-family: Ubuntu; font-size: small;\">Bolivia D.S. No. 9586 10.09.1978 <\/span><\/p><\/td><\/tr><tr><td valign=\"top\"><p><span style=\"color: #676767; font-family: Ubuntu; font-size: small;\">18.12.1979 <\/span><\/p><\/td><td rowspan=\"2\" valign=\"top\"><p><span style=\"color: #676767; font-family: Ubuntu; font-size: small;\">Convenci\u00f3n sobre la eliminaci\u00f3n de todas las formas de discriminaci\u00f3n contra la Mujer (CEDAW) <\/span><\/p><\/td><td rowspan=\"2\" valign=\"top\"><p><span style=\"color: #676767; font-family: Ubuntu; font-size: small;\">Conceptualiza que:<br \/>\u201cDiscriminaci\u00f3n contra la mujer, denotar\u00e1 distinci\u00f3n, exclusi\u00f3n o restricci\u00f3n basada en el sexo que tenga por objeto o por resultado menoscabar o anular el reconocimiento, goce o ejercicio por la mujer, independientemente de su estado civil, sobre la base de la igualdad del hombre y la mujer, de los derechos humanos y las libertades fundamentales en las esferas, pol\u00edtica, econ\u00f3mica, social, cultural y civil o en cualquier otra esfera\u201d.<\/span><\/p><ul><li><span style=\"color: #676767; font-family: Ubuntu; font-size: small;\">Consagra el principio de igualdad de hombres y mujeres.<\/span><\/li><li><span style=\"color: #676767; font-family: Ubuntu; font-size: small;\">Igualdad de derechos y responsabilidades dentro del matrimonio y con los hijos.<\/span><\/li><li><span style=\"color: #676767; font-family: Ubuntu; font-size: small;\">Elegir libremente el c\u00f3nyuge.<\/span><\/li><li><span style=\"color: #676767; font-family: Ubuntu; font-size: small;\">Adquirir, conservar y cambiar su nacionalidad.<\/span><\/li><li><span style=\"color: #676767; font-family: Ubuntu; font-size: small;\">A la propiedad y a administrar sus bienes.<\/span><\/li><li><span style=\"color: #676767; font-family: Ubuntu; font-size: small;\">Derecho a votar en elecciones y refer\u00e9ndum p\u00fablicos, a ser elegibles.<\/span><\/li><li><span style=\"color: #676767; font-family: Ubuntu; font-size: small;\">Prohibici\u00f3n de despido por motivo de embarazo. <\/span><\/li><\/ul><\/td><\/tr><tr><td valign=\"top\"><p><span style=\"color: #676767; font-family: Ubuntu; font-size: small;\">Bolivia: Ley No 1100. 7.09.1989 <\/span><\/p><\/td><\/tr><tr><td valign=\"top\"><p><span style=\"color: #676767; font-family: Ubuntu; font-size: small;\">20.12.1993 <\/span><\/p><\/td><td rowspan=\"2\" valign=\"top\"><p><span style=\"color: #676767; font-family: Ubuntu; font-size: small;\">Declaraci\u00f3n sobre la eliminaci\u00f3n de la Violencia Contra la Mujer <\/span><\/p><\/td><td rowspan=\"2\" valign=\"top\"><p><span style=\"color: #676767; font-family: Ubuntu; font-size: small;\">A efectos de la presente declaraci\u00f3n, por violencia contra la mujer se entiende todo acto de violencia basado en la pertenencia al sexo femenino que tenga o pueda tener como resultado un da\u00f1o o sufrimiento f\u00edsico, sexual o psicol\u00f3gico para la mujer, as\u00ed como las amenazas de tales actos, la coacci\u00f3n o la privaci\u00f3n arbitraria de la libertad, tanto si se producen en la vida p\u00fablica como en la vida privada. <\/span><\/p><\/td><\/tr><tr><td valign=\"top\">\u00a0<\/td><\/tr><tr><td valign=\"top\"><p><span style=\"color: #676767; font-family: Ubuntu; font-size: small;\">9.06.1974 <\/span><\/p><\/td><td rowspan=\"2\" valign=\"top\"><p><span style=\"color: #676767; font-family: Ubuntu; font-size: small;\">Convenci\u00f3n Interamericana para Prevenir, Sancionar y Erradicar la Violencia Contra la Mujer (Belem do Par\u00e1) <\/span><\/p><\/td><td rowspan=\"2\" valign=\"top\"><p><span style=\"color: #676767; font-family: Ubuntu; font-size: small;\">Para los efectos de esta convenci\u00f3n debe entenderse por violencia contra la mujer cualquier acci\u00f3n o conducta, basada en el g\u00e9nero, que causa muerte, da\u00f1o o sufrimiento f\u00edsico, sexual o psicol\u00f3gico a la mujer, tanto en el \u00e1mbito p\u00fablico como en el privado. <\/span><\/p><p><span style=\"color: #676767; font-family: Ubuntu; font-size: small;\"><b>\u2022 <\/b>Establece la noci\u00f3n de violencia contra la mujer en raz\u00f3n de g\u00e9nero en las esferas p\u00fablica y privada. <\/span><\/p><p><span style=\"color: #676767; font-family: Ubuntu; font-size: small;\"><b>\u2022 <\/b>Consagra el derecho a una vida libre de violencia, que incluye su derecho a estar libre de toda forma de discriminaci\u00f3n y de ser educada libre de patrones estereotipados, basados en conceptos de inferioridad o subordinaci\u00f3n <\/span><\/p><p><span style=\"color: #676767; font-family: Ubuntu; font-size: small;\"><b>\u2022 <\/b>Conceptualiza las formas de violencia contra la mujer y las clasifica en f\u00edsica, sexual y psicol\u00f3gica. <\/span><\/p><\/td><\/tr><tr><td valign=\"top\"><p><span style=\"color: #676767; font-family: Ubuntu; font-size: small;\">Bolivia Ley N\u00b0 1599 de 18.10.1994 <\/span><\/p><\/td><\/tr><tr><td valign=\"top\"><p><span style=\"color: #676767; font-family: Ubuntu; font-size: small;\">17.07.1998 <\/span><\/p><\/td><td rowspan=\"2\" valign=\"top\"><p><span style=\"color: #676767; font-family: Ubuntu; font-size: small;\">Estatuto de Roma <\/span><\/p><\/td><td rowspan=\"2\" valign=\"top\"><p><span style=\"color: #676767; font-family: Ubuntu; font-size: small;\">Crea la Corte Penal Internacional, juzga cr\u00edmenes de trascendencia para la humanidad, adem\u00e1s tiene un car\u00e1cter complementario de las jurisdicciones penales de los Estados, es competente para juzgar: a) El crimen de genocidio; b) Los cr\u00edmenes de lesa humanidad; c) Los cr\u00edmenes de guerra; d) El crimen de agresi\u00f3n. <\/span><\/p><p><span style=\"color: #676767; font-family: Ubuntu; font-size: small;\">Este instrumento internacional para las mujeres tiene gran relevancia, ya que califica como delitos de lesa humanidad:<br \/>Art. 7.-<\/span><\/p><p><span style=\"color: #676767; font-family: Ubuntu; font-size: small;\">1. g) Violaci\u00f3n, esclavitud sexual, prostituci\u00f3n forzada, embarazo forzado, esterilizaci\u00f3n forzada o cualquier otra forma de violencia sexual de gravedad comparable;<\/span><\/p><p><span style=\"color: #676767; font-family: Ubuntu; font-size: small;\">2. f) Por \u201cembarazo forzado\u201d se entender\u00e1 el confinamiento il\u00edcito de una mujer a la que se ha dejado embarazada por la fuerza, con la intenci\u00f3n de modificar la composici\u00f3n \u00e9tnica de una poblaci\u00f3n o de cometer otras violaciones graves del derecho internacional. En modo alguno se entender\u00e1 que esta definici\u00f3n afecta a las normas de derecho interno relativas al embarazo. <\/span><\/p><\/td><\/tr><tr><td valign=\"top\"><p><span style=\"color: #676767; font-family: Ubuntu; font-size: small;\">Bolivia, Ley No. 2398 24.05.2002 <\/span><\/p><\/td><\/tr><\/tbody><\/table><\/div>\n\t\t\t\t<\/div>\n\t\t\t\t<\/div>\n\t\t\t\t\t\t<\/div>\n\t\t\t\t\t<\/div>\n\t\t<\/div>\n\t\t\t\t\t\t\t\t<\/div>\n\t\t\t\t\t<\/div>\n\t\t<\/section>\n\t\t\t\t<section class=\"elementor-section elementor-top-section elementor-element elementor-element-87a09fb elementor-section-boxed elementor-section-height-default elementor-section-height-default\" data-id=\"87a09fb\" data-element_type=\"section\">\n\t\t\t\t\t\t<div class=\"elementor-container elementor-column-gap-default\">\n\t\t\t\t\t\t\t<div class=\"elementor-row\">\n\t\t\t\t\t<div class=\"elementor-column elementor-col-100 elementor-top-column elementor-element elementor-element-f74b7cf\" data-id=\"f74b7cf\" data-element_type=\"column\">\n\t\t\t<div class=\"elementor-column-wrap elementor-element-populated\">\n\t\t\t\t\t\t\t<div class=\"elementor-widget-wrap\">\n\t\t\t\t\t\t<div class=\"elementor-element elementor-element-cfcac44 elementor-widget elementor-widget-heading\" data-id=\"cfcac44\" data-element_type=\"widget\" data-widget_type=\"heading.default\">\n\t\t\t\t<div class=\"elementor-widget-container\">\n\t\t\t<h2 class=\"elementor-heading-title elementor-size-default\">3.2 Normativa nacional<\/h2>\t\t<\/div>\n\t\t\t\t<\/div>\n\t\t\t\t\t\t<\/div>\n\t\t\t\t\t<\/div>\n\t\t<\/div>\n\t\t\t\t\t\t\t\t<\/div>\n\t\t\t\t\t<\/div>\n\t\t<\/section>\n\t\t\t\t<section class=\"elementor-section elementor-top-section elementor-element elementor-element-bce1741 elementor-section-boxed elementor-section-height-default elementor-section-height-default\" data-id=\"bce1741\" data-element_type=\"section\">\n\t\t\t\t\t\t<div class=\"elementor-container elementor-column-gap-default\">\n\t\t\t\t\t\t\t<div class=\"elementor-row\">\n\t\t\t\t\t<div class=\"elementor-column elementor-col-100 elementor-top-column elementor-element elementor-element-ddb5c2d\" data-id=\"ddb5c2d\" data-element_type=\"column\">\n\t\t\t<div class=\"elementor-column-wrap elementor-element-populated\">\n\t\t\t\t\t\t\t<div class=\"elementor-widget-wrap\">\n\t\t\t\t\t\t<div class=\"elementor-element elementor-element-2983e6a elementor-widget elementor-widget-text-editor\" data-id=\"2983e6a\" data-element_type=\"widget\" data-widget_type=\"text-editor.default\">\n\t\t\t\t<div class=\"elementor-widget-container\">\n\t\t\t\t\t<div class=\"elementor-text-editor elementor-clearfix\"><table cellspacing=\"0\" cellpadding=\"0\">\n<tbody>\n<tr>\n<td valign=\"middle\">\n<p align=\"center\"><span style=\"color: #43358b; font-family: Ubuntu; font-size: small;\"><b>Fecha<\/b><\/span><\/p>\n<\/td>\n<td valign=\"middle\">\n<p align=\"center\"><span style=\"color: #43358b; font-family: Ubuntu; font-size: small;\"><b>Norma<\/b><\/span><\/p>\n<\/td>\n<td valign=\"middle\">\n<p align=\"center\"><span style=\"color: #43358b; font-family: Ubuntu; font-size: small;\"><b>Contenidos centrales<\/b><\/span><\/p>\n<\/td>\n<\/tr>\n<tr>\n<td valign=\"middle\">\n<p><span style=\"color: #676767; font-family: Ubuntu; font-size: small;\">07.02.2009<\/span><\/p>\n<\/td>\n<td valign=\"middle\">\n<p><span style=\"color: #676767; font-family: Ubuntu; font-size: small;\">Constituci\u00f3n Pol\u00edtica del Estado Plurinacional de Bolivia<\/span><\/p>\n<\/td>\n<td valign=\"middle\">\n<p><span style=\"color: #676767; font-family: Ubuntu; font-size: small;\"><b>\u2022 <\/b>Art. 8, II) El estado se sustenta en los valores de unidad, igualdad, inclusi\u00f3n, dignidad, libertad, solidaridad, reciprocidad, respeto, complementariedad, armon\u00eda, transparencia, equilibrio, igualdad de oportunidades, equidad social y de g\u00e9nero en la participaci\u00f3n, bienestar com\u00fan, justicia social, distribuci\u00f3n y redistribuci\u00f3n de los productos y bienes sociales para vivir bien. <\/span><\/p>\n<p><span style=\"color: #676767; font-family: Ubuntu; font-size: small;\"><b>\u2022 <\/b>Art. 15, II) Todas las personas en particular las mujeres tienen derecho a no sufrir violencia f\u00edsica, sexual o psicol\u00f3gica tanto en la familia, como en la sociedad. III) El Estado adoptar\u00e1 las medidas necesarias para prevenir, eliminar y sancionar la violencia de g\u00e9nero y generacional, as\u00ed como toda acci\u00f3n u omisi\u00f3n que tenga por objeto degradar la condici\u00f3n humana, causar muerte, dolor y sufrimiento f\u00edsico, sexual o psicol\u00f3gico, tanto en el \u00e1mbito p\u00fablico como privado.<\/span><\/p>\n<\/td>\n<\/tr>\n<tr>\n<td valign=\"middle\">\n<p><span style=\"color: #676767; font-family: Ubuntu; font-size: small;\">09.03.2013<\/span><\/p>\n<\/td>\n<td valign=\"middle\">\n<p><span style=\"color: #676767; font-family: Ubuntu; font-size: small;\">Ley No 348, Ley Integral para garantizar a las Mujeres una Vida Libre de Violencia<\/span><\/p>\n<\/td>\n<td valign=\"middle\">\n<p><span style=\"color: #676767; font-family: Ubuntu; font-size: small;\"><b>\u2022 <\/b>Garantiza la implementaci\u00f3n de Juzgados y Fiscal\u00edas Especializadas en materia de violencia contra las mujeres. <\/span><\/p>\n<p><span style=\"color: #676767; font-family: Ubuntu; font-size: small;\"><b>\u2022 <\/b>Establece que ninguna instituci\u00f3n receptora de denuncias podr\u00e1 promover la conciliaci\u00f3n entre la mujer y su agresor. <\/span><\/p>\n<p><span style=\"color: #676767; font-family: Ubuntu; font-size: small;\"><b>\u2022 <\/b>Establece la creaci\u00f3n de la Direcci\u00f3n Forense Especializada para la investigaci\u00f3n penal de casos de violencia contra las mujeres <\/span><\/p>\n<p><span style=\"color: #676767; font-family: Ubuntu; font-size: small;\"><b>\u2022 <\/b>Prev\u00e9 la creaci\u00f3n de un formulario \u00fanico para la atenci\u00f3n en salud y denuncia que tendr\u00e1 valor de prueba en el proceso judicial. <\/span><\/p>\n<p><span style=\"color: #676767; font-family: Ubuntu; font-size: small;\"><b>\u2022 <\/b>Inhabilita para ocupar cualquier cargo p\u00fablico a quienes tengan antecedentes de violencia comprobados con sentencia. <\/span><\/p>\n<p><span style=\"color: #676767; font-family: Ubuntu; font-size: small;\"><b>\u2022 <\/b>Los delitos de violencia contra las mujeres (ni\u00f1as, adolescentes y adultas) pasan a ser delitos de acci\u00f3n p\u00fablica: una vez denunciado el caso (por la v\u00edctima u otra persona) el Estado a trav\u00e9s del Ministerio P\u00fablico, tiene la obligaci\u00f3n de promover la investigaci\u00f3n de oficio, sin necesidad de que la v\u00edctima impulse la denuncia. <\/span><\/p>\n<p><span style=\"color: #676767; font-family: Ubuntu; font-size: small;\"><b>\u2022 <\/b>El Fiscal que conoce la denuncia podr\u00e1 dictar las medidas de protecci\u00f3n establecidas a efectos de proteger a mujer y a sus hijos\/as. <\/span><\/p>\n<p><span style=\"color: #676767; font-family: Ubuntu; font-size: small;\"><b>\u2022 <\/b>Incorpora como nuevos delitos el feminicidio, acoso sexual, violencia familiar o dom\u00e9stica, esterilizaci\u00f3n forzosa, abusos sexuales abusivos, violencia econ\u00f3mica, violencia patrimonial, incumplimiento de deberes de protecci\u00f3n a mujeres en situaci\u00f3n de violencia por parte del servidor\/a p\u00fablico\/a que propicie la impunidad u obstaculice la investigaci\u00f3n. <\/span><\/p>\n<p><span style=\"color: #676767; font-family: Ubuntu; font-size: small;\"><b>\u2022 <\/b>Establece que los SLIM son servicios municipales gratuitos para la atenci\u00f3n exclusiva a mujeres v\u00edctimas de violencia. <\/span><\/p>\n<p><span style=\"color: #676767; font-family: Ubuntu; font-size: small;\"><b>\u2022 <\/b>Establece la obligatoriedad en el seguro de corto plazo, la atenci\u00f3n a mujeres en situaci\u00f3n de violencia. <\/span><\/p>\n<p><span style=\"color: #676767; font-family: Ubuntu; font-size: small;\"><b>\u2022 <\/b>Crea el Sistema Integral Plurinacional de Prevenci\u00f3n, Atenci\u00f3n, Sanci\u00f3n y Erradicaci\u00f3n de la Violencia en Raz\u00f3n de G\u00e9nero (SIPASSE).<\/span><\/p>\n<\/td>\n<\/tr>\n<tr>\n<td valign=\"middle\">\n<p><span style=\"color: #676767; font-family: Ubuntu; font-size: small;\">19.10.2014<\/span><\/p>\n<\/td>\n<td valign=\"middle\">\n<p><span style=\"color: #676767; font-family: Ubuntu; font-size: small;\">Ley No 603<br>C\u00f3digo de las Familias y del Proceso Familiar<\/span><\/p>\n<\/td>\n<td valign=\"middle\">\n<p><span style=\"color: #676767; font-family: Ubuntu; font-size: small;\"><b>\u2022 <\/b>El C\u00f3digo de las Familias y del Proceso Familiar, se inscribe en la corriente social del derecho. <\/span><\/p>\n<p><span style=\"color: #676767; font-family: Ubuntu; font-size: small;\"><b>\u2022 <\/b>Clasifica los tr\u00e1mites familiares en a) proceso ordinario, b) proceso extraordinario, c) procesos de resoluci\u00f3n inmediata. <\/span><\/p>\n<p><span style=\"color: #676767; font-family: Ubuntu; font-size: small;\"><b>\u2022 <\/b>Se establecen medios alternativos de soluci\u00f3n de conflictos: conciliaci\u00f3n, mediaci\u00f3n Judicial. <\/span><\/p>\n<p><span style=\"color: #676767; font-family: Ubuntu; font-size: small;\"><b>\u2022 <\/b>Establece la guarda compartida de los hijos\/as, para promover el ejercicio igualitario de la autoridad de los padres, en los casos que beneficie a los\/as hijos\/as.<\/span><\/p>\n<p><span style=\"color: #676767; font-family: Ubuntu; font-size: small;\"><b>\u2022 <\/b>Reconoce la protecci\u00f3n de la mujer embarazada, con la asistencia familiar. <\/span><\/p>\n<p><span style=\"color: #676767; font-family: Ubuntu; font-size: small;\"><b>\u2022 <\/b>Establece que el subsidio ser\u00e1 recogido por la beneficiaria en forma directa.<\/span><\/p>\n<p><span style=\"color: #676767; font-family: Ubuntu; font-size: small;\"><b>\u2022 <\/b>Se elimina las causales del divorcio, y se establece como \u00fanico argumento para el divorcio la manifiesta la voluntad unilateral en base a la \u201cruptura el proyecto de vida en com\u00fan\u201d. <\/span><\/p>\n<p><span style=\"color: #676767; font-family: Ubuntu; font-size: small;\"><b>\u2022 <\/b>El divorcio en la v\u00eda notarial, es posible cuando se acredite que no tienen hijos\/ as o que \u00e9stos\/as son mayores de 25 a\u00f1os y que no existen bienes gananciales sujetos a registro. <\/span><\/p>\n<\/td>\n<\/tr>\n<tr>\n<td valign=\"middle\">\n<p><span style=\"color: #676767; font-family: Ubuntu; font-size: small;\">08.10.2010<\/span><\/p>\n<\/td>\n<td valign=\"middle\">\n<p><span style=\"color: #676767; font-family: Ubuntu; font-size: small;\">Ley No 045<br>Contra el Racismo y toda forma de Discriminaci\u00f3n.<\/span><\/p>\n<\/td>\n<td valign=\"middle\">\n<p><span style=\"color: #676767; font-family: Ubuntu; font-size: small;\"><b>\u2022 <\/b>Tiene por objetivos, eliminar conductas de racismo y toda forma de discriminaci\u00f3n y consolidar pol\u00edticas p\u00fablicas de protecci\u00f3n y prevenci\u00f3n de delitos de racismo y toda forma de discriminaci\u00f3n. <\/span><\/p>\n<p><span style=\"color: #676767; font-family: Ubuntu; font-size: small;\"><b>\u2022 <\/b>Art. 281 ter. \u201cLa persona que arbitrariamente e ilegalmente obstruya, restrinja, menoscabe, impida o anule el ejercicio de los derechos individuales y colectivos por motivos de sexo, edad, g\u00e9nero, orientaci\u00f3n sexual e identidad de g\u00e9nero, identidad cultural, filiaci\u00f3n familiar, idioma, credo religioso, ideolog\u00eda, opini\u00f3n p\u00fablica o filos\u00f3fica, estado civil, condici\u00f3n econ\u00f3mica o social, &#8230;ser\u00e1 sancionado con una pena privativa de libertad de uno a cinco a\u00f1os\u201d.<\/span><\/p>\n<\/td>\n<\/tr>\n<tr>\n<td valign=\"middle\">\n<p><span style=\"color: #676767; font-family: Ubuntu; font-size: small;\">28.05. 2012<\/span><\/p>\n<\/td>\n<td valign=\"middle\">\n<p><span style=\"color: #676767; font-family: Ubuntu; font-size: small;\">Ley No 243<br>Contra el Acoso y Violencia Pol\u00edtica hacia las Mujeres<\/span><\/p>\n<\/td>\n<td valign=\"middle\">\n<p><span style=\"color: #676767; font-family: Ubuntu; font-size: small;\"><b>\u2022 <\/b>El estado garantiza el ejercicio pleno de los derechos pol\u00edticos de las mujeres, generando las condiciones, oportunidades y medios que contribuyan a la participaci\u00f3n equitativa y en igualdad de condiciones entre hombres y mujeres, aplicando la paridad y alternancia en la representaci\u00f3n pol\u00edtica-p\u00fablica en todas las entidades territoriales aut\u00f3nomas. <\/span><\/p>\n<p><span style=\"color: #676767; font-family: Ubuntu; font-size: small;\"><b>\u2022 <\/b>Art. 7 (Definiciones) <\/span><\/p>\n<p><span style=\"color: #676767; font-family: Ubuntu; font-size: small;\"><b>\u2022 <\/b>Acoso pol\u00edtico: se entiende por acoso pol\u00edtico al acto o conjunto de actos de presi\u00f3n, persecuci\u00f3n, hostigamiento o amenazas, cometidos por una persona o grupo de personas directamente o a trav\u00e9s de terceros, en contra de mujeres candidatas, electas, designadas o en ejercicio de la funci\u00f3n pol\u00edtico-publica o en contra de sus familiar con el prop\u00f3sito de acortar, suspender impedir o restringir las funciones inherentes a su cargo<\/span><\/p>\n<p><span style=\"color: #676767; font-family: Ubuntu; font-size: small;\"><b>\u2022 <\/b>Violencia pol\u00edtica.- Se entiende por violencia pol\u00edtica a las acciones, conductas o agresiones f\u00edsicas, psicol\u00f3gicas o sexuales cometidas por una persona o grupo de personas directamente o a trav\u00e9s de tercero en contra de las mujeres candidatas, electas, designadas o en ejercicio de la funci\u00f3n pol\u00edtico-p\u00fablica o en contra de su familia para acortar, suspender, impedir o restringir el ejercicio de su cargo.<\/span><\/p>\n<\/td>\n<\/tr>\n<tr>\n<td valign=\"middle\">\n<p><span style=\"color: #676767; font-family: Ubuntu; font-size: small;\">31.07.2012<\/span><\/p>\n<\/td>\n<td valign=\"middle\">\n<p><span style=\"color: #676767; font-family: Ubuntu; font-size: small;\">Ley No 263<br>Ley Integral contra la Trata y Tr\u00e1fico de Personas<\/span><\/p>\n<\/td>\n<td valign=\"middle\">\n<p><span style=\"color: #676767; font-family: Ubuntu; font-size: small;\"><b>\u2022 <\/b>La presente Ley tiene por objeto combatir la trata y tr\u00e1fico de personas y delitos conexos, garantizar los derechos fundamentales de las v\u00edctimas a trav\u00e9s de la consolidaci\u00f3n de medidas y mecanismos de prevenci\u00f3n, protecci\u00f3n, atenci\u00f3n, persecuci\u00f3n y sanci\u00f3n penal de estos. <\/span><\/p>\n<p><span style=\"color: #676767; font-family: Ubuntu; font-size: small;\"><b>\u2022 <\/b>Establece como delitos:<\/span><\/p>\n<p style=\"padding-left: 40px;\"><span style=\"color: #676767; font-family: Ubuntu; font-size: small;\"><b>&#8211; <\/b>Por trata de personas, a quien por cualquier medio realizare e indujere la captaci\u00f3n, traslado, transporte y privaci\u00f3n de libertad de personas, con una sanci\u00f3n de 10 a 15 a\u00f1os de privaci\u00f3n de libertad, y de 15 a 20 a\u00f1os de reclusi\u00f3n si la v\u00edctima fuera ni\u00f1a, ni\u00f1o o adolescente. <\/span><\/p>\n<p style=\"padding-left: 40px;\"><span style=\"color: #676767; font-family: Ubuntu; font-size: small;\"><b>&#8211; <\/b>Por Tr\u00e1fico de Personas, a quien promueva y\/o facilite la entrada o salida ilegal de una persona de Bolivia, con una sanci\u00f3n de privaci\u00f3n de libertad de 5 a 10 a\u00f1os. <\/span><\/p>\n<p style=\"padding-left: 40px;\"><span style=\"color: #676767; font-family: Ubuntu; font-size: small;\"><b>&#8211; <\/b>Por violencia sexual comercial a quien pagare en dinero o en especial, directamente a un ni\u00f1o, ni\u00f1a o adolescente, para mantener cualquier tipo de actividad sexual con un ni\u00f1o, ni\u00f1a o adolescente, ser\u00e1 sancionado con privaci\u00f3n de libertad de 8 a 12 a\u00f1os.<\/span><\/p>\n<\/td>\n<\/tr>\n<tr>\n<td valign=\"middle\">\n<p><span style=\"color: #676767; font-family: Ubuntu; font-size: small;\">Diciembre 2008<\/span><\/p>\n<\/td>\n<td valign=\"middle\">\n<p><span style=\"color: #676767; font-family: Ubuntu; font-size: small;\">Plan Nacional para la Igualdad de Oportunidades \u201cMujeres construyendo<br>la nueva Bolivia para vivir bien\u201d<\/span><\/p>\n<\/td>\n<td valign=\"middle\">\n<p><span style=\"color: #676767; font-family: Ubuntu; font-size: small;\">\u201c&#8230; Este plan es una estrategia de desarrollo con una visi\u00f3n com\u00fan: que Bolivia reconozca plenamente el aporte de las mujeres al desarrollo del pa\u00eds. Este reconocimiento deber\u00e1 estar expresado en igualdad de oportunidades para el acceso a servicios, la plena participaci\u00f3n en espacios de decisi\u00f3n, en la distribuci\u00f3n equitativa de los recursos econ\u00f3micos, tecnol\u00f3gicos y patrimoniales, cre\u00e1ndose las condiciones para una vida libre de violencia en raz\u00f3n de g\u00e9nero. Para alcanzar esta visi\u00f3n, el Estado Boliviano en su conjunto deber\u00e1 comprometer inversiones efectivas en 6 ejes de desarrollo: <\/span><\/p>\n<p style=\"padding-left: 40px;\"><span style=\"color: #676767; font-family: Ubuntu; font-size: small;\"><b>\u2022 <\/b>Econ\u00f3mico, productivo laboral.<br><b>\u2022 <\/b>Educativo<br><b>\u2022 <\/b>Salud de las mujeres<br><b>\u2022 <\/b>Violencia en raz\u00f3n de g\u00e9nero<br><b>\u2022 <\/b>Reducci\u00f3n de barreras que limitan la participaci\u00f3n de las mujeres en espacios de decisi\u00f3n, bajo los principios de equidad e igualdad de oportunidades.<br><b>\u2022 <\/b>Fortalecimiento institucional de los mecanismos p\u00fablicos encargados de dise\u00f1ar y ejecutar las pol\u00edticas nacionales<\/span><\/p>\n<\/td>\n<\/tr>\n<tr>\n<td valign=\"middle\">\n<p><span style=\"color: #676767; font-family: Ubuntu; font-size: small;\">2014<\/span><\/p>\n<\/td>\n<td valign=\"middle\">\n<p><span style=\"color: #676767; font-family: Ubuntu; font-size: small;\">Sentencia Constitucional 206\/2014<br>Respecto al Art. 266 del CP (Aborto impune)<\/span><\/p>\n<\/td>\n<td valign=\"middle\">\n<p><span style=\"color: #676767; font-family: Ubuntu; font-size: small;\">Las sentencias pronunciadas por el Tribunal Constitucional en acciones de inconstitucionalidad tienen efecto general, son de car\u00e1cter vinculante y de cumplimiento obligatorio, por lo que su incumplimiento est\u00e1 tipificado como delito (179 Bis CP). La sentencia constitucional declara inconstitucional frases del Art. 266 del C\u00f3digo Penal, que tiene como efecto, la no exigibilidad de la presentaci\u00f3n de una querella, la existencia de imputaci\u00f3n y menos a\u00fan autorizaci\u00f3n o sentencia judicial para practicarse un aborto en caso de violaci\u00f3n. Es suficiente que la mujer acuda a un centro p\u00fablico o privado de salud. <\/span><\/p>\n<p><span style=\"color: #676767; font-family: Ubuntu; font-size: small;\">Antes de acudir al centro m\u00e9dico, debe realizar la denuncia en el Ministerio P\u00fablico, denuncia que debe ser presentada ante el centro de salud, de ese modo el profesional m\u00e9dico tendr\u00e1 constancia para justificar la realizaci\u00f3n del aborto.<br>La actuaci\u00f3n del profesional m\u00e9dico no puede ser calificada cojo delito, reconociendo la pr\u00e1ctica l\u00edcita del aborto cuando el m\u00e9dico cuenta con una copia de la denuncia de violaci\u00f3n o cuando justifica mediante informe que su vida o salud corre peligro. <\/span><\/p>\n<p><span style=\"color: #676767; font-family: Ubuntu; font-size: small;\">Cuando el m\u00e9dico no cumple la solicitud de la v\u00edctima, puede ser denunciado ante el Ministerio P\u00fablico y sancionado por desobediencia a resoluciones en acciones de defensa y de inconstitucionalidad.<br>La argumentaci\u00f3n de objeci\u00f3n de conciencia expuesta por un profesional m\u00e9dico es de car\u00e1cter personal, debiendo la instituci\u00f3n de salud garantizar la pr\u00e1ctica del aborto.<\/span><\/p>\n<\/td>\n<\/tr>\n<tr>\n<td valign=\"middle\">\n<p><span style=\"color: #676767; font-family: Ubuntu; font-size: small;\">03.05.2019<\/span><\/p>\n<\/td>\n<td valign=\"middle\">\n<p><span style=\"color: #676767; font-family: Ubuntu; font-size: small;\">Ley No 1173<br>Ley de Abreviaci\u00f3n Procesal Penal y de fortalecimiento de la Lucha Integral contra la Violencia a Ni\u00f1as, Ni\u00f1os, Adolescentes y Mujeres.<\/span><\/p>\n<\/td>\n<td valign=\"middle\">\n<p><span style=\"color: #676767; font-family: Ubuntu; font-size: small;\">Procura la resoluci\u00f3n de conflictos penales, con abreviaci\u00f3n de plazos procesales, para la efectiva tutela del Estado a los sectores m\u00e1s vulnerables de la sociedad y evitar la retardaci\u00f3n de justicia. Establece medidas de protecci\u00f3n especiales a favor de ni\u00f1os, ni\u00f1as, adolescentes y mujeres. <\/span><\/p>\n<p><span style=\"color: #676767; font-family: Ubuntu; font-size: small;\">Regula las medidas cautelares, en especial la detenci\u00f3n preventiva.<br>Modifica las competencias de las Salas, Tribunales y Juzgados en materia penal.<\/span><\/p>\n<\/td>\n<\/tr>\n<\/tbody>\n<\/table><\/div>\n\t\t\t\t<\/div>\n\t\t\t\t<\/div>\n\t\t\t\t\t\t<\/div>\n\t\t\t\t\t<\/div>\n\t\t<\/div>\n\t\t\t\t\t\t\t\t<\/div>\n\t\t\t\t\t<\/div>\n\t\t<\/section>\n\t\t\t\t\t\t<\/div>\n\t\t\t\t\t\t<\/div>\n\t\t\t\t\t<\/div>\n\t\t","protected":false},"excerpt":{"rendered":"<p>3.1 Normativa internacional Fecha Norma Contenidos centrales 20.12.1952 Convenci\u00f3n sobre los derechos pol\u00edticos de la mujer Reconoce la igualdad de derechos de hombres y mujeres a participar en el gobierno de su pa\u00eds directamente o a trav\u00e9s de representantes. Las mujeres tendr\u00e1n derecho a votar, a ser elegibles y a ocupar cargos p\u00fablicos. Bolivia D.S. &hellip;<\/p>\n<p class=\"read-more\"> <a class=\"\" href=\"https:\/\/alvi.centrojuanaazurduy.org\/index.php\/3-marco-normativo-internacional-y-nacional\/\"> <span class=\"screen-reader-text\">3. MARCO NORMATIVO INTERNACIONAL Y NACIONAL<\/span> Leer m\u00e1s &raquo;<\/a><\/p>\n","protected":false},"author":1,"featured_media":0,"comment_status":"closed","ping_status":"closed","sticky":false,"template":"","format":"standard","meta":{"footnotes":""},"categories":[4],"tags":[],"class_list":["post-2796","post","type-post","status-publish","format-standard","hentry","category-gavvi"],"_links":{"self":[{"href":"https:\/\/alvi.centrojuanaazurduy.org\/index.php\/wp-json\/wp\/v2\/posts\/2796","targetHints":{"allow":["GET"]}}],"collection":[{"href":"https:\/\/alvi.centrojuanaazurduy.org\/index.php\/wp-json\/wp\/v2\/posts"}],"about":[{"href":"https:\/\/alvi.centrojuanaazurduy.org\/index.php\/wp-json\/wp\/v2\/types\/post"}],"author":[{"embeddable":true,"href":"https:\/\/alvi.centrojuanaazurduy.org\/index.php\/wp-json\/wp\/v2\/users\/1"}],"replies":[{"embeddable":true,"href":"https:\/\/alvi.centrojuanaazurduy.org\/index.php\/wp-json\/wp\/v2\/comments?post=2796"}],"version-history":[{"count":3,"href":"https:\/\/alvi.centrojuanaazurduy.org\/index.php\/wp-json\/wp\/v2\/posts\/2796\/revisions"}],"predecessor-version":[{"id":5198,"href":"https:\/\/alvi.centrojuanaazurduy.org\/index.php\/wp-json\/wp\/v2\/posts\/2796\/revisions\/5198"}],"wp:attachment":[{"href":"https:\/\/alvi.centrojuanaazurduy.org\/index.php\/wp-json\/wp\/v2\/media?parent=2796"}],"wp:term":[{"taxonomy":"category","embeddable":true,"href":"https:\/\/alvi.centrojuanaazurduy.org\/index.php\/wp-json\/wp\/v2\/categories?post=2796"},{"taxonomy":"post_tag","embeddable":true,"href":"https:\/\/alvi.centrojuanaazurduy.org\/index.php\/wp-json\/wp\/v2\/tags?post=2796"}],"curies":[{"name":"wp","href":"https:\/\/api.w.org\/{rel}","templated":true}]}}