{"id":2767,"date":"2020-11-30T17:26:56","date_gmt":"2020-11-30T21:26:56","guid":{"rendered":"http:\/\/gavvi.monstruoestudio.com\/?p=2767"},"modified":"2021-06-07T16:37:45","modified_gmt":"2021-06-07T20:37:45","slug":"2-estrategia-de-atencion-a-mujeres-en-situacion-de-violencia","status":"publish","type":"post","link":"https:\/\/alvi.centrojuanaazurduy.org\/index.php\/2-estrategia-de-atencion-a-mujeres-en-situacion-de-violencia\/","title":{"rendered":"2. ESTRATEGIA DE ATENCI\u00d3N A MUJERES EN SITUACI\u00d3N DE VIOLENCIA"},"content":{"rendered":"\t\t<div data-elementor-type=\"wp-post\" data-elementor-id=\"2767\" class=\"elementor elementor-2767\" data-elementor-settings=\"[]\">\n\t\t\t\t\t\t<div class=\"elementor-inner\">\n\t\t\t\t\t\t\t<div class=\"elementor-section-wrap\">\n\t\t\t\t\t\t\t<section class=\"elementor-section elementor-top-section elementor-element elementor-element-1b78458 elementor-section-boxed elementor-section-height-default elementor-section-height-default\" data-id=\"1b78458\" data-element_type=\"section\">\n\t\t\t\t\t\t<div class=\"elementor-container elementor-column-gap-default\">\n\t\t\t\t\t\t\t<div class=\"elementor-row\">\n\t\t\t\t\t<div class=\"elementor-column elementor-col-100 elementor-top-column elementor-element elementor-element-4fcc3b8\" data-id=\"4fcc3b8\" data-element_type=\"column\">\n\t\t\t<div class=\"elementor-column-wrap elementor-element-populated\">\n\t\t\t\t\t\t\t<div class=\"elementor-widget-wrap\">\n\t\t\t\t\t\t<div class=\"elementor-element elementor-element-f085c51 elementor-widget elementor-widget-theme-post-title elementor-page-title elementor-widget-heading\" data-id=\"f085c51\" data-element_type=\"widget\" data-widget_type=\"theme-post-title.default\">\n\t\t\t\t<div class=\"elementor-widget-container\">\n\t\t\t<h1 class=\"elementor-heading-title elementor-size-default\">2. ESTRATEGIA DE ATENCI\u00d3N A MUJERES EN SITUACI\u00d3N DE VIOLENCIA<\/h1>\t\t<\/div>\n\t\t\t\t<\/div>\n\t\t\t\t\t\t<\/div>\n\t\t\t\t\t<\/div>\n\t\t<\/div>\n\t\t\t\t\t\t\t\t<\/div>\n\t\t\t\t\t<\/div>\n\t\t<\/section>\n\t\t\t\t<section class=\"elementor-section elementor-top-section elementor-element elementor-element-23c2cc6 elementor-section-boxed elementor-section-height-default elementor-section-height-default\" data-id=\"23c2cc6\" data-element_type=\"section\">\n\t\t\t\t\t\t<div class=\"elementor-container elementor-column-gap-default\">\n\t\t\t\t\t\t\t<div class=\"elementor-row\">\n\t\t\t\t\t<div class=\"elementor-column elementor-col-100 elementor-top-column elementor-element elementor-element-288f90c\" data-id=\"288f90c\" data-element_type=\"column\">\n\t\t\t<div class=\"elementor-column-wrap elementor-element-populated\">\n\t\t\t\t\t\t\t<div class=\"elementor-widget-wrap\">\n\t\t\t\t\t\t<div class=\"elementor-element elementor-element-488ef64 elementor-widget elementor-widget-heading\" data-id=\"488ef64\" data-element_type=\"widget\" data-widget_type=\"heading.default\">\n\t\t\t\t<div class=\"elementor-widget-container\">\n\t\t\t<h2 class=\"elementor-heading-title elementor-size-default\">2.1 Marco general de la Gu\u00eda de Atenci\u00f3n a Mujeres V\u00edctimas de Violencia - GAVVI<\/h2>\t\t<\/div>\n\t\t\t\t<\/div>\n\t\t\t\t\t\t<\/div>\n\t\t\t\t\t<\/div>\n\t\t<\/div>\n\t\t\t\t\t\t\t\t<\/div>\n\t\t\t\t\t<\/div>\n\t\t<\/section>\n\t\t\t\t<section class=\"elementor-section elementor-top-section elementor-element elementor-element-55da31e elementor-section-boxed elementor-section-height-default elementor-section-height-default\" data-id=\"55da31e\" data-element_type=\"section\">\n\t\t\t\t\t\t<div class=\"elementor-container elementor-column-gap-default\">\n\t\t\t\t\t\t\t<div class=\"elementor-row\">\n\t\t\t\t\t<div class=\"elementor-column elementor-col-100 elementor-top-column elementor-element elementor-element-061ab0a\" data-id=\"061ab0a\" data-element_type=\"column\">\n\t\t\t<div class=\"elementor-column-wrap elementor-element-populated\">\n\t\t\t\t\t\t\t<div class=\"elementor-widget-wrap\">\n\t\t\t\t\t\t<div class=\"elementor-element elementor-element-aa770f0 elementor-widget elementor-widget-text-editor\" data-id=\"aa770f0\" data-element_type=\"widget\" data-widget_type=\"text-editor.default\">\n\t\t\t\t<div class=\"elementor-widget-container\">\n\t\t\t\t\t<div class=\"elementor-text-editor elementor-clearfix\"><div class=\"page\" title=\"Page 31\"><div class=\"section\"><div class=\"layoutArea\"><div class=\"column\"><p>En base al marco conceptual que explica las causas de la violencia contra la mujer, la gui\u0301a tiene un enfoque multidisciplinario. Toma a la psicologi\u0301a, el derecho y el trabajo social como las principales disciplinas para que las mujeres restituyan su derecho vulnerado y logren romper el ciclo de la violencia en el que se encuentran.<\/p><div class=\"page\" title=\"Page 31\"><div class=\"section\"><div class=\"layoutArea\"><div class=\"column\"><p>La gui\u0301a ha disen\u0303ado una ruta de atencio\u0301n con el siguiente orden:<\/p><ul><li><p>La atencio\u0301n empieza con la realizacio\u0301n de una valoracio\u0301n psicolo\u0301gica inicial de la mujer denunciante.<\/p><\/li><li><p>Continu\u0301a con el apoyo psicolo\u0301gico a trave\u0301s de la evaluacio\u0301n, orientacio\u0301n y terapia psicolo\u0301gica, con el propo\u0301sito que la vi\u0301ctima supere las secuelas de la violencia en su vida afectiva emocional, asi\u0301 como contar con habilidades para resolver problemas de forma asertiva, tomar decisiones y cuestionar la violencia machista.<\/p><\/li><li><p>En paralelo se brinda el apoyo juri\u0301dico que busca la restitucio\u0301n o reparacio\u0301n del derecho vulnerado. Asume dos estrategias de intervencio\u0301n, la judicial y extrajudicial.<\/p><\/li><li><p>De acuerdo a demanda del a\u0301rea psicolo\u0301gica y\/o juri\u0301dica, se brinda apoyo social a trave\u0301s del diagno\u0301stico social y las gestiones de apoyo para la proteccio\u0301n de derechos de las mujeres.<\/p><\/li><li><p>El apoyo grupal se da a trave\u0301s de los \u201cGrupos psicoterape\u0301uticos para mujeres en situacio\u0301n de violencia\u201d, que constituyen espacios de psicoeducacio\u0301n y terapia grupal.<\/p><\/li><li><p>A la conclusio\u0301n de los Grupos psicoterape\u0301uticos, las mujeres participantes, tienen una valoracio\u0301n psicolo\u0301gica final, que permite constatar su grado de avance en la perspectiva de superar el ciclo de la violencia.<\/p><\/li><li><p>Paralelamente al trabajo de atencio\u0301n a las Mujeres, se desarrolla con los hombres un programa \u201cIntervencio\u0301n individual y grupal con hombres agresores de pareja\u201d, promoviendo su avance en relaciones de ge\u0301nero de equidad y respeto. Al inicio del programa de intervencio\u0301n, se aplica un instrumento de valoracio\u0301n inicial y a la conclusio\u0301n otro de valoracio\u0301n final.<\/p><\/li><\/ul><\/div><\/div><\/div><\/div><\/div><\/div><\/div><\/div><\/div>\n\t\t\t\t<\/div>\n\t\t\t\t<\/div>\n\t\t\t\t\t\t<\/div>\n\t\t\t\t\t<\/div>\n\t\t<\/div>\n\t\t\t\t\t\t\t\t<\/div>\n\t\t\t\t\t<\/div>\n\t\t<\/section>\n\t\t\t\t<section class=\"elementor-section elementor-top-section elementor-element elementor-element-93870a1 elementor-section-boxed elementor-section-height-default elementor-section-height-default\" data-id=\"93870a1\" data-element_type=\"section\">\n\t\t\t\t\t\t<div class=\"elementor-container elementor-column-gap-default\">\n\t\t\t\t\t\t\t<div class=\"elementor-row\">\n\t\t\t\t\t<div class=\"elementor-column elementor-col-100 elementor-top-column elementor-element elementor-element-ec5f2a0\" data-id=\"ec5f2a0\" data-element_type=\"column\">\n\t\t\t<div class=\"elementor-column-wrap elementor-element-populated\">\n\t\t\t\t\t\t\t<div class=\"elementor-widget-wrap\">\n\t\t\t\t\t\t<div class=\"elementor-element elementor-element-8a1adbf elementor-widget elementor-widget-heading\" data-id=\"8a1adbf\" data-element_type=\"widget\" data-widget_type=\"heading.default\">\n\t\t\t\t<div class=\"elementor-widget-container\">\n\t\t\t<h3 class=\"elementor-heading-title elementor-size-default\">2.1.1 Objetivo de la gu\u00eda<\/h3>\t\t<\/div>\n\t\t\t\t<\/div>\n\t\t\t\t\t\t<\/div>\n\t\t\t\t\t<\/div>\n\t\t<\/div>\n\t\t\t\t\t\t\t\t<\/div>\n\t\t\t\t\t<\/div>\n\t\t<\/section>\n\t\t\t\t<section class=\"elementor-section elementor-top-section elementor-element elementor-element-dc1ee0c elementor-section-boxed elementor-section-height-default elementor-section-height-default\" data-id=\"dc1ee0c\" data-element_type=\"section\">\n\t\t\t\t\t\t<div class=\"elementor-container elementor-column-gap-default\">\n\t\t\t\t\t\t\t<div class=\"elementor-row\">\n\t\t\t\t\t<div class=\"elementor-column elementor-col-100 elementor-top-column elementor-element elementor-element-33b9411\" data-id=\"33b9411\" data-element_type=\"column\">\n\t\t\t<div class=\"elementor-column-wrap elementor-element-populated\">\n\t\t\t\t\t\t\t<div class=\"elementor-widget-wrap\">\n\t\t\t\t\t\t<div class=\"elementor-element elementor-element-e6aba4e elementor-widget elementor-widget-text-editor\" data-id=\"e6aba4e\" data-element_type=\"widget\" data-widget_type=\"text-editor.default\">\n\t\t\t\t<div class=\"elementor-widget-container\">\n\t\t\t\t\t<div class=\"elementor-text-editor elementor-clearfix\"><div class=\"page\" title=\"Page 31\"><div class=\"section\"><div class=\"layoutArea\"><div class=\"column\"><p>Brindar a las mujeres en situacio\u0301n de violencia que recurren al Servicio, una atencio\u0301n integral, dirigida a la resolucio\u0301n psicolo\u0301gica, social, juri\u0301dica de sus conflictos, empoder\u00e1ndolas para el ejercicio de su derecho a una vida libre de violencia.<\/p><\/div><\/div><\/div><\/div><\/div>\n\t\t\t\t<\/div>\n\t\t\t\t<\/div>\n\t\t\t\t\t\t<\/div>\n\t\t\t\t\t<\/div>\n\t\t<\/div>\n\t\t\t\t\t\t\t\t<\/div>\n\t\t\t\t\t<\/div>\n\t\t<\/section>\n\t\t\t\t<section class=\"elementor-section elementor-top-section elementor-element elementor-element-d93d353 elementor-section-boxed elementor-section-height-default elementor-section-height-default\" data-id=\"d93d353\" data-element_type=\"section\">\n\t\t\t\t\t\t<div class=\"elementor-container elementor-column-gap-default\">\n\t\t\t\t\t\t\t<div class=\"elementor-row\">\n\t\t\t\t\t<div class=\"elementor-column elementor-col-100 elementor-top-column elementor-element elementor-element-4ceb49f\" data-id=\"4ceb49f\" data-element_type=\"column\">\n\t\t\t<div class=\"elementor-column-wrap elementor-element-populated\">\n\t\t\t\t\t\t\t<div class=\"elementor-widget-wrap\">\n\t\t\t\t\t\t<div class=\"elementor-element elementor-element-d26bb24 elementor-widget elementor-widget-heading\" data-id=\"d26bb24\" data-element_type=\"widget\" data-widget_type=\"heading.default\">\n\t\t\t\t<div class=\"elementor-widget-container\">\n\t\t\t<h3 class=\"elementor-heading-title elementor-size-default\">2.1.2 Resultados buscados<\/h3>\t\t<\/div>\n\t\t\t\t<\/div>\n\t\t\t\t\t\t<\/div>\n\t\t\t\t\t<\/div>\n\t\t<\/div>\n\t\t\t\t\t\t\t\t<\/div>\n\t\t\t\t\t<\/div>\n\t\t<\/section>\n\t\t\t\t<section class=\"elementor-section elementor-top-section elementor-element elementor-element-896986f elementor-section-boxed elementor-section-height-default elementor-section-height-default\" data-id=\"896986f\" data-element_type=\"section\">\n\t\t\t\t\t\t<div class=\"elementor-container elementor-column-gap-default\">\n\t\t\t\t\t\t\t<div class=\"elementor-row\">\n\t\t\t\t\t<div class=\"elementor-column elementor-col-100 elementor-top-column elementor-element elementor-element-8f4cdd7\" data-id=\"8f4cdd7\" data-element_type=\"column\">\n\t\t\t<div class=\"elementor-column-wrap elementor-element-populated\">\n\t\t\t\t\t\t\t<div class=\"elementor-widget-wrap\">\n\t\t\t\t\t\t<div class=\"elementor-element elementor-element-da8bd71 elementor-widget elementor-widget-text-editor\" data-id=\"da8bd71\" data-element_type=\"widget\" data-widget_type=\"text-editor.default\">\n\t\t\t\t<div class=\"elementor-widget-container\">\n\t\t\t\t\t<div class=\"elementor-text-editor elementor-clearfix\"><div class=\"page\" title=\"Page 32\"><div class=\"section\"><div class=\"layoutArea\"><div class=\"column\"><p><strong>1) En relacio\u0301n a las mujeres denunciantes:<\/strong><\/p><div class=\"page\" title=\"Page 32\"><div class=\"section\"><div class=\"layoutArea\"><div class=\"column\"><ul><li><p>Reciben una atencio\u0301n multidisciplinaria de calidad de forma oportuna.<\/p><\/li><li><p>Fortalecen su autoestima y su capacidad de defender su derecho a una vida libre de violencia.<\/p><\/li><li><p>Concluyen las acciones psicolo\u0301gicas o juri\u0301dicas iniciadas.<\/p><\/li><\/ul><\/div><\/div><\/div><\/div><p><strong>2) En relacio\u0301n al equipo de trabajo:<\/strong><\/p><div class=\"page\" title=\"Page 32\"><div class=\"section\"><div class=\"layoutArea\"><div class=\"column\"><ul><li><p>El Servicio cuenta con profesionales sensibilizados sobre la violencia desde un enfoque feminista.<\/p><\/li><li><p>Las\/os operadoras\/es del Servicio rigen su trabajo diario en base a protocolos preestablecidos.<\/p><\/li><li><p>Se cuenta con informacio\u0301n procesada y sistematizada de los casos atendidos, contribuyendo a\u00a0monitoreo, evaluacio\u0301n y toma de decisiones.<\/p><\/li><\/ul><\/div><\/div><\/div><\/div><\/div><\/div><\/div><\/div><\/div>\n\t\t\t\t<\/div>\n\t\t\t\t<\/div>\n\t\t\t\t\t\t<\/div>\n\t\t\t\t\t<\/div>\n\t\t<\/div>\n\t\t\t\t\t\t\t\t<\/div>\n\t\t\t\t\t<\/div>\n\t\t<\/section>\n\t\t\t\t<section class=\"elementor-section elementor-top-section elementor-element elementor-element-f9fa742 elementor-section-boxed elementor-section-height-default elementor-section-height-default\" data-id=\"f9fa742\" data-element_type=\"section\">\n\t\t\t\t\t\t<div class=\"elementor-container elementor-column-gap-default\">\n\t\t\t\t\t\t\t<div class=\"elementor-row\">\n\t\t\t\t\t<div class=\"elementor-column elementor-col-100 elementor-top-column elementor-element elementor-element-dbf7eba\" data-id=\"dbf7eba\" data-element_type=\"column\">\n\t\t\t<div class=\"elementor-column-wrap elementor-element-populated\">\n\t\t\t\t\t\t\t<div class=\"elementor-widget-wrap\">\n\t\t\t\t\t\t<div class=\"elementor-element elementor-element-eeed65c elementor-widget elementor-widget-heading\" data-id=\"eeed65c\" data-element_type=\"widget\" data-widget_type=\"heading.default\">\n\t\t\t\t<div class=\"elementor-widget-container\">\n\t\t\t<h3 class=\"elementor-heading-title elementor-size-default\">2.1.3 Casos de competencia del servicio<\/h3>\t\t<\/div>\n\t\t\t\t<\/div>\n\t\t\t\t\t\t<\/div>\n\t\t\t\t\t<\/div>\n\t\t<\/div>\n\t\t\t\t\t\t\t\t<\/div>\n\t\t\t\t\t<\/div>\n\t\t<\/section>\n\t\t\t\t<section class=\"elementor-section elementor-top-section elementor-element elementor-element-f0bccea elementor-section-boxed elementor-section-height-default elementor-section-height-default\" data-id=\"f0bccea\" data-element_type=\"section\">\n\t\t\t\t\t\t<div class=\"elementor-container elementor-column-gap-default\">\n\t\t\t\t\t\t\t<div class=\"elementor-row\">\n\t\t\t\t\t<div class=\"elementor-column elementor-col-100 elementor-top-column elementor-element elementor-element-9bee809\" data-id=\"9bee809\" data-element_type=\"column\">\n\t\t\t<div class=\"elementor-column-wrap elementor-element-populated\">\n\t\t\t\t\t\t\t<div class=\"elementor-widget-wrap\">\n\t\t\t\t\t\t<div class=\"elementor-element elementor-element-157c3a5 elementor-widget elementor-widget-text-editor\" data-id=\"157c3a5\" data-element_type=\"widget\" data-widget_type=\"text-editor.default\">\n\t\t\t\t<div class=\"elementor-widget-container\">\n\t\t\t\t\t<div class=\"elementor-text-editor elementor-clearfix\"><div class=\"page\" title=\"Page 32\"><div class=\"section\"><div class=\"layoutArea\"><div class=\"column\"><p>Todas las formas de violencia contra la mujer establecidas de la Ley No 348, Co\u0301digo de las Familias, Ley Penal, Ley contra el acoso y violencia poli\u0301tica, Ley de trata y tra\u0301fico de personas y Ley Laboral.<\/p><\/div><\/div><\/div><\/div><\/div>\n\t\t\t\t<\/div>\n\t\t\t\t<\/div>\n\t\t\t\t\t\t<\/div>\n\t\t\t\t\t<\/div>\n\t\t<\/div>\n\t\t\t\t\t\t\t\t<\/div>\n\t\t\t\t\t<\/div>\n\t\t<\/section>\n\t\t\t\t<section class=\"elementor-section elementor-top-section elementor-element elementor-element-bbf0122 elementor-section-boxed elementor-section-height-default elementor-section-height-default\" data-id=\"bbf0122\" data-element_type=\"section\">\n\t\t\t\t\t\t<div class=\"elementor-container elementor-column-gap-default\">\n\t\t\t\t\t\t\t<div class=\"elementor-row\">\n\t\t\t\t\t<div class=\"elementor-column elementor-col-100 elementor-top-column elementor-element elementor-element-2f5a6f4\" data-id=\"2f5a6f4\" data-element_type=\"column\">\n\t\t\t<div class=\"elementor-column-wrap elementor-element-populated\">\n\t\t\t\t\t\t\t<div class=\"elementor-widget-wrap\">\n\t\t\t\t\t\t<div class=\"elementor-element elementor-element-bc7a6ff elementor-widget elementor-widget-heading\" data-id=\"bc7a6ff\" data-element_type=\"widget\" data-widget_type=\"heading.default\">\n\t\t\t\t<div class=\"elementor-widget-container\">\n\t\t\t<h3 class=\"elementor-heading-title elementor-size-default\">2.1.4 Ruta de atenci\u00f3n a mujeres en situaci\u00f3n de violencia<\/h3>\t\t<\/div>\n\t\t\t\t<\/div>\n\t\t\t\t\t\t<\/div>\n\t\t\t\t\t<\/div>\n\t\t<\/div>\n\t\t\t\t\t\t\t\t<\/div>\n\t\t\t\t\t<\/div>\n\t\t<\/section>\n\t\t\t\t<section class=\"elementor-section elementor-top-section elementor-element elementor-element-d4e887e elementor-section-boxed elementor-section-height-default elementor-section-height-default\" data-id=\"d4e887e\" data-element_type=\"section\">\n\t\t\t\t\t\t<div class=\"elementor-container elementor-column-gap-default\">\n\t\t\t\t\t\t\t<div class=\"elementor-row\">\n\t\t\t\t\t<div class=\"elementor-column elementor-col-100 elementor-top-column elementor-element elementor-element-7032329\" data-id=\"7032329\" data-element_type=\"column\">\n\t\t\t<div class=\"elementor-column-wrap elementor-element-populated\">\n\t\t\t\t\t\t\t<div class=\"elementor-widget-wrap\">\n\t\t\t\t\t\t<div class=\"elementor-element elementor-element-06be52d elementor-widget elementor-widget-text-editor\" data-id=\"06be52d\" data-element_type=\"widget\" data-widget_type=\"text-editor.default\">\n\t\t\t\t<div class=\"elementor-widget-container\">\n\t\t\t\t\t<div class=\"elementor-text-editor elementor-clearfix\"><p><img loading=\"lazy\" decoding=\"async\" class=\"alignnone size-full wp-image-4501 aligncenter\" src=\"http:\/\/alvi.centrojuanaazurduy.org\/wp-content\/uploads\/2021\/06\/02.png\" alt=\"\" width=\"3146\" height=\"1606\" \/><\/p><\/div>\n\t\t\t\t<\/div>\n\t\t\t\t<\/div>\n\t\t\t\t\t\t<\/div>\n\t\t\t\t\t<\/div>\n\t\t<\/div>\n\t\t\t\t\t\t\t\t<\/div>\n\t\t\t\t\t<\/div>\n\t\t<\/section>\n\t\t\t\t<section class=\"elementor-section elementor-top-section elementor-element elementor-element-863bb56 elementor-section-boxed elementor-section-height-default elementor-section-height-default\" data-id=\"863bb56\" data-element_type=\"section\">\n\t\t\t\t\t\t<div class=\"elementor-container elementor-column-gap-default\">\n\t\t\t\t\t\t\t<div class=\"elementor-row\">\n\t\t\t\t\t<div class=\"elementor-column elementor-col-100 elementor-top-column elementor-element elementor-element-6266844\" data-id=\"6266844\" data-element_type=\"column\">\n\t\t\t<div class=\"elementor-column-wrap elementor-element-populated\">\n\t\t\t\t\t\t\t<div class=\"elementor-widget-wrap\">\n\t\t\t\t\t\t<div class=\"elementor-element elementor-element-7a36662 elementor-widget elementor-widget-heading\" data-id=\"7a36662\" data-element_type=\"widget\" data-widget_type=\"heading.default\">\n\t\t\t\t<div class=\"elementor-widget-container\">\n\t\t\t<h3 class=\"elementor-heading-title elementor-size-default\">2.1.5 Ingreso al servicio<\/h3>\t\t<\/div>\n\t\t\t\t<\/div>\n\t\t\t\t\t\t<\/div>\n\t\t\t\t\t<\/div>\n\t\t<\/div>\n\t\t\t\t\t\t\t\t<\/div>\n\t\t\t\t\t<\/div>\n\t\t<\/section>\n\t\t\t\t<section class=\"elementor-section elementor-top-section elementor-element elementor-element-b26b5a4 elementor-section-boxed elementor-section-height-default elementor-section-height-default\" data-id=\"b26b5a4\" data-element_type=\"section\">\n\t\t\t\t\t\t<div class=\"elementor-container elementor-column-gap-default\">\n\t\t\t\t\t\t\t<div class=\"elementor-row\">\n\t\t\t\t\t<div class=\"elementor-column elementor-col-100 elementor-top-column elementor-element elementor-element-6e4f3b9\" data-id=\"6e4f3b9\" data-element_type=\"column\">\n\t\t\t<div class=\"elementor-column-wrap elementor-element-populated\">\n\t\t\t\t\t\t\t<div class=\"elementor-widget-wrap\">\n\t\t\t\t\t\t<div class=\"elementor-element elementor-element-9b3db21 elementor-widget elementor-widget-text-editor\" data-id=\"9b3db21\" data-element_type=\"widget\" data-widget_type=\"text-editor.default\">\n\t\t\t\t<div class=\"elementor-widget-container\">\n\t\t\t\t\t<div class=\"elementor-text-editor elementor-clearfix\"><div class=\"page\" title=\"Page 32\">\n<div class=\"section\">\n<div class=\"layoutArea\">\n<div class=\"column\">\n<div class=\"page\" title=\"Page 32\">\n<div class=\"section\">\n<div class=\"layoutArea\">\n<div class=\"column\">\n<p>El ingreso al Servicio de las mujeres en situacio\u0301n de violencia, es un momento importante ya que muestra la imagen y calidad de e\u0301ste.<\/p>\n<p>Es la\/el asistente o secretaria\/o quien brinda esta primera atenci\u00f3n, debiendo mostrar una acogida amable y c\u00e1lida, que genere empati\u0301a y confianza, considerando que las mujeres que asisten al Servicio lo hacen en condiciones de temor e inseguridad al atravesar situaciones de violencia. Por lo que la\/el funcionario\/a debe estar lo suficientemente sensibilizada\/o y calificada\/o para esta&nbsp;<span style=\"font-size: 15px; color: var( --e-global-color-text );\">tarea, mostrando una actitud cuidadosa y prudente para proteger la confidencialidad de los casos y la informacio\u0301n a su cargo.<\/span><\/p>\n<div class=\"page\" title=\"Page 33\">\n<div class=\"section\">\n<div class=\"layoutArea\">\n<div class=\"column\">\n<p>Es recomendable que este personal hable el idioma castellano y el originario de la regio\u0301n donde funciona el servicio.<\/p>\n<div class=\"page\" title=\"Page 33\">\n<div class=\"section\">\n<div class=\"layoutArea\">\n<div class=\"column\">\n<p><strong>1) Las tareas asignadas a la\/el asistente del servicio son:<\/strong><\/p>\n<ul>\n<li>Recibir con amabilidad a la mujer denunciante.<\/li>\n<li>Valorar si la denuncia es competencia del servicio. En caso de que no lo fuera, derivar el mismo mediante nota de referencia al servicio correspondiente.<\/li>\n<li>Si el caso es competencia del servicio, debera\u0301 informar a la mujer denunciante que:<\/li>\n<\/ul>\n<p style=\"padding-left: 80px;\">a) previa&nbsp;a la atencio\u0301n juri\u0301dica debe entrevistarse con la psico\u0301loga para valoracio\u0301n inicial de su caso y<\/p>\n<p style=\"padding-left: 80px;\"><span style=\"font-size: 15px; color: var( --e-global-color-text );\">b) debe participar de manera obligatoria de los grupos psicoterape\u0301uticos.<\/span><\/p>\n<ul>\n<li>Debera\u0301 asignar una hora de atencio\u0301n de acuerdo a la agenda de la profesional psico\u0301loga\/o.<\/li>\n<li>Previo a la entrevista con la psico\u0301loga para la valoracio\u0301n inicial, debe registrar en el sistema&nbsp;informa\u0301tico los datos socioecono\u0301micos de la denunciante y el denunciado<a class=\"tooltips\" title=\"Ver instrumento: \u201cRegistro de la denuncia\u201d, respecto a datos sociodemogr\u00e1ficos de la denunciante y denunciado\"><sup>11<\/sup><\/a>.<\/li>\n<li>Se encuentra a cargo del archivo fi\u0301sico de atencio\u0301n a las mujeres denunciantes.<\/li>\n<li>Es la\/el encargada\/o de procesar la informacio\u0301n estadi\u0301stica del Servicio, proporcionando perio\u0301dicamente dicha informacio\u0301n sistematizada a la responsable del Servicio.<\/li><\/ul>\n<\/div>\n<\/div>\n<\/div>\n<\/div>\n<\/div>\n<\/div>\n<\/div>\n<\/div>\n<\/div>\n<\/div>\n<\/div>\n<\/div>\n<\/div>\n<\/div>\n<\/div>\n<\/div><\/div>\n\t\t\t\t<\/div>\n\t\t\t\t<\/div>\n\t\t\t\t\t\t<\/div>\n\t\t\t\t\t<\/div>\n\t\t<\/div>\n\t\t\t\t\t\t\t\t<\/div>\n\t\t\t\t\t<\/div>\n\t\t<\/section>\n\t\t\t\t<section class=\"elementor-section elementor-top-section elementor-element elementor-element-8fbab91 elementor-section-boxed elementor-section-height-default elementor-section-height-default\" data-id=\"8fbab91\" data-element_type=\"section\">\n\t\t\t\t\t\t<div class=\"elementor-container elementor-column-gap-default\">\n\t\t\t\t\t\t\t<div class=\"elementor-row\">\n\t\t\t\t\t<div class=\"elementor-column elementor-col-100 elementor-top-column elementor-element elementor-element-56bbea6\" data-id=\"56bbea6\" data-element_type=\"column\">\n\t\t\t<div class=\"elementor-column-wrap elementor-element-populated\">\n\t\t\t\t\t\t\t<div class=\"elementor-widget-wrap\">\n\t\t\t\t\t\t<div class=\"elementor-element elementor-element-cb31000 elementor-widget elementor-widget-heading\" data-id=\"cb31000\" data-element_type=\"widget\" data-widget_type=\"heading.default\">\n\t\t\t\t<div class=\"elementor-widget-container\">\n\t\t\t<h3 class=\"elementor-heading-title elementor-size-default\">2.1.6 Valoraci\u00f3n psicol\u00f3gica inicial de las mujeres denunciantes<\/h3>\t\t<\/div>\n\t\t\t\t<\/div>\n\t\t\t\t\t\t<\/div>\n\t\t\t\t\t<\/div>\n\t\t<\/div>\n\t\t\t\t\t\t\t\t<\/div>\n\t\t\t\t\t<\/div>\n\t\t<\/section>\n\t\t\t\t<section class=\"elementor-section elementor-top-section elementor-element elementor-element-f193fae elementor-section-boxed elementor-section-height-default elementor-section-height-default\" data-id=\"f193fae\" data-element_type=\"section\">\n\t\t\t\t\t\t<div class=\"elementor-container elementor-column-gap-default\">\n\t\t\t\t\t\t\t<div class=\"elementor-row\">\n\t\t\t\t\t<div class=\"elementor-column elementor-col-100 elementor-top-column elementor-element elementor-element-2d3e2b3\" data-id=\"2d3e2b3\" data-element_type=\"column\">\n\t\t\t<div class=\"elementor-column-wrap elementor-element-populated\">\n\t\t\t\t\t\t\t<div class=\"elementor-widget-wrap\">\n\t\t\t\t\t\t<div class=\"elementor-element elementor-element-1dc78a9 elementor-widget elementor-widget-text-editor\" data-id=\"1dc78a9\" data-element_type=\"widget\" data-widget_type=\"text-editor.default\">\n\t\t\t\t<div class=\"elementor-widget-container\">\n\t\t\t\t\t<div class=\"elementor-text-editor elementor-clearfix\"><div class=\"page\" title=\"Page 33\">\n<div class=\"section\">\n<div class=\"layoutArea\">\n<div class=\"column\">\n\nEs la primera entrevista que tiene la\/el psico\u0301loga\/o con todas las mujeres que acuden al servicio, bajo el para\u0301metro de la entrevista semiestructurada e instrumentos: escalas y cuestionarios que permiten establecer la caracterizacio\u0301n de la violencia, valoracio\u0301n de riesgo y factores protectores, el nivel de autoestima y establecer recomendaciones terape\u0301uticas y al a\u0301rea juri\u0301dica.\n\nExisten instrumentos de valoracio\u0301n inicial diferenciados de acuerdo al caso denunciado: violencia de pareja, laboral, poli\u0301tica y sexual. Los casos no sean de violencia de pareja, no se valoran los factores de riesgo<a class=\"tooltips\" title=\"Ver instrumento: \u201cValoraci\u00f3n inicial\u201d\"><sup>12<\/sup><\/a>.\n\nAsimismo, debe explicar a la mujer en situacio\u0301n de violencia la ruta de atencio\u0301n del servicio y la importancia del apoyo psicolo\u0301gico grupal para la resolucio\u0301n de su problema de violencia. Si se cuenta con un televisor o computadora, se pueden usar materiales impresos o audiovisuales para mostrar la ruta y caracteri\u0301sticas del servicio.\n<div class=\"page\" title=\"Page 33\">\n<div class=\"section\">\n<div class=\"layoutArea\">\n<div class=\"column\">\n\n1) Casos denunciados que deben contar con una valoracio\u0301n inicial:\n<ul>\n \t<li>Todos los casos de violencia fi\u0301sica, psicolo\u0301gica, sexual, poli\u0301tica y violencia laboral.<\/li>\n \t<li>Quedan exentos de esta valoracio\u0301n los casos de homologacio\u0301n de acuerdos, liquidacio\u0301n, incremento y reduccio\u0301n de asistencia familiar, atendidos por el servicio dentro del an\u0303o.<\/li>\n \t<li>La valoracio\u0301n psicol\u00f3gica inicial debe ser realizado por una\/un profesional psic\u00f3loga\/o.<\/li>\n<\/ul>\n2) En la valoraci\u00f3n psicol\u00f3gica inicial se trabajar\u00e1n las siguientes \u00e1reas:\n<p style=\"padding-left: 40px;\">En general las \u00e1reas de valoracio\u0301n descritas en el siguiente cuadro son comunes, encontr\u00e1ndose particularidades en los para\u0301metros seg\u00fan el tipo de violencia.<\/p>\n\n<\/div>\n<table cellspacing=\"0\" cellpadding=\"0\">\n<tbody>\n<tr>\n<td valign=\"middle\">\n<p align=\"center\"><span style=\"color: #43358b; font-family: Ubuntu; font-size: small;\"><b>\u00c1reas de la valoraci\u00f3n<\/b><\/span><\/p>\n<\/td>\n<td valign=\"middle\">\n<p align=\"center\"><span style=\"color: #43358b; font-family: Ubuntu; font-size: small;\"><b>Aspectos que se aborda<\/b><\/span><\/p>\n<\/td>\n<\/tr>\n<tr>\n<td valign=\"middle\"><span style=\"color: #676767; font-family: Ubuntu; font-size: small;\">Caracterizaci\u00f3n de la violencia<\/span><\/td>\n<td valign=\"middle\"><span style=\"color: #676767; font-family: Ubuntu; font-size: small;\">La\/el profesional psic\u00f3loga\/o tipifica la violencia, de acuerdo a los antecedentes y \u00faltimo episodio de violencia.\nSe trabaja en relaci\u00f3n a los antecedentes de violencia en la vida de la mujer, su frecuencia, formas en que se solucionaron los mismos, lugares en las que se formul\u00f3 denuncias antes de acudir al servicio, profundiz\u00e1ndose el detalle del testimonio sobre el \u00faltimo episodio de violencia, pues \u00e9ste dar\u00e1 lugar a las posibles acciones jur\u00eddicas. <\/span>\n\n<span style=\"color: #676767; font-family: Ubuntu; font-size: small;\">Se debe describir el ciclo y la escalada de la violencia.<\/span><\/td>\n<\/tr>\n<tr>\n<td valign=\"middle\"><span style=\"color: #676767; font-family: Ubuntu; font-size: small;\">Nivel de autoestima<\/span><\/td>\n<td valign=\"middle\"><span style=\"color: #676767; font-family: Ubuntu; font-size: small;\">Se mide el nivel de autoestima que presenta la mujer.<\/span><\/td>\n<\/tr>\n<tr>\n<td valign=\"top\"><span style=\"color: #676767; font-family: Ubuntu; font-size: small;\">Valoraci\u00f3n de riesgo<\/span><\/td>\n<td valign=\"top\"><span style=\"color: #676767; font-family: Ubuntu; font-size: small;\">Se debe identificar los factores de riesgo existentes (s\u00f3lo en casos de violencia de pareja). <\/span><\/td>\n<\/tr>\n<tr>\n<td valign=\"top\"><span style=\"color: #676767; font-family: Ubuntu; font-size: small;\">Resoluci\u00f3n de problemas, toma de decisiones<\/span><\/td>\n<td valign=\"top\"><span style=\"color: #676767; font-family: Ubuntu; font-size: small;\">Tipo de orientaci\u00f3n hacia el problema, estilo de afrontamiento y toma de decisiones, establecimiento de metas concretas.<\/span><\/td>\n<\/tr>\n<tr>\n<td valign=\"top\"><span style=\"color: #676767; font-family: Ubuntu; font-size: small;\">N\u00famero de sesiones<\/span><\/td>\n<td valign=\"top\"><span style=\"color: #676767; font-family: Ubuntu; font-size: small;\">Una sesi\u00f3n de aproximadamente 45 a 60 minutos. <\/span><\/td>\n<\/tr>\n<\/tbody>\n<\/table>\n<\/div>\n<\/div>\n<\/div>\n<\/div>\n<\/div>\n<\/div>\n<\/div><\/div>\n\t\t\t\t<\/div>\n\t\t\t\t<\/div>\n\t\t\t\t\t\t<\/div>\n\t\t\t\t\t<\/div>\n\t\t<\/div>\n\t\t\t\t\t\t\t\t<\/div>\n\t\t\t\t\t<\/div>\n\t\t<\/section>\n\t\t\t\t<section class=\"elementor-section elementor-top-section elementor-element elementor-element-7f459aa elementor-section-boxed elementor-section-height-default elementor-section-height-default\" data-id=\"7f459aa\" data-element_type=\"section\">\n\t\t\t\t\t\t<div class=\"elementor-container elementor-column-gap-default\">\n\t\t\t\t\t\t\t<div class=\"elementor-row\">\n\t\t\t\t\t<div class=\"elementor-column elementor-col-100 elementor-top-column elementor-element elementor-element-3cc8a9c\" data-id=\"3cc8a9c\" data-element_type=\"column\">\n\t\t\t<div class=\"elementor-column-wrap elementor-element-populated\">\n\t\t\t\t\t\t\t<div class=\"elementor-widget-wrap\">\n\t\t\t\t\t\t<div class=\"elementor-element elementor-element-4d4a009 elementor-widget elementor-widget-text-editor\" data-id=\"4d4a009\" data-element_type=\"widget\" data-widget_type=\"text-editor.default\">\n\t\t\t\t<div class=\"elementor-widget-container\">\n\t\t\t\t\t<div class=\"elementor-text-editor elementor-clearfix\"><div class=\"page\" title=\"Page 34\">\n<div class=\"section\">\n<div class=\"layoutArea\">\n<div class=\"column\">\n\n3) Utilidad de la valoracio\u0301n inicial\n\nLa valoracio\u0301n inicial realizada por una profesional psico\u0301loga\/o, permite:\n<ul>\n \t<li>Contar con el testimonio a profundidad sobre el hecho de violencia denunciado. Este testimonio sera\u0301 insertado en el sistema de registro informatizado. Esto evita el revictimizacio\u0301n ya que la denunciante no tendra\u0301 que repetir ante diferentes funcionarias\/os del servicio.<\/li>\n \t<li>Contar con una estimacio\u0301n de riesgo de la violencia, lo cual permitira\u0301 procurar las acciones o\u00a0el plan de seguridad necesario en interconsulta con la abogada.<\/li>\n \t<li>Con la valoracio\u0301n inicial, se determina el tipo de atencio\u0301n que debe recibir la denunciante:\n\norientacio\u0301n o terapia psicolo\u0301gica, sea individual, de pareja o familiar, dependiendo del caso.<\/li>\n \t<li>La\/el profesional psico\u0301loga\/o deriva el caso al a\u0301rea legal, para la atencio\u0301n correspondiente en\u00a0el te\u0301rmino de 24 hrs.<\/li>\n \t<li>En los casos de violencia fi\u0301sica y sexual, al concluir la valoracio\u0301n inicial, se convocara\u0301 a la\/el\u00a0abogada\/o del servicio para una interconsulta.<\/li>\n \t<li>La informacio\u0301n de la valoracio\u0301n inicial es la base que nos permite conocer en que\u0301 condiciones\u00a0la mujer ingresa al servicio institucional, situaci\u00f3n que luego ser\u00e1 contrastada con los resultados de la valoraci\u00f3n final, pudiendo identificarse los cambios y efectos logrados en la mujer denunciante en relacio\u0301n a la superaci\u00f3n de la violencia o ruptura del ciclo de la violencia.<\/li>\n<\/ul>\n<\/div>\n<\/div>\n<\/div>\n<\/div><\/div>\n\t\t\t\t<\/div>\n\t\t\t\t<\/div>\n\t\t\t\t\t\t<\/div>\n\t\t\t\t\t<\/div>\n\t\t<\/div>\n\t\t\t\t\t\t\t\t<\/div>\n\t\t\t\t\t<\/div>\n\t\t<\/section>\n\t\t\t\t<section class=\"elementor-section elementor-top-section elementor-element elementor-element-185335e elementor-section-boxed elementor-section-height-default elementor-section-height-default\" data-id=\"185335e\" data-element_type=\"section\">\n\t\t\t\t\t\t<div class=\"elementor-container elementor-column-gap-default\">\n\t\t\t\t\t\t\t<div class=\"elementor-row\">\n\t\t\t\t\t<div class=\"elementor-column elementor-col-100 elementor-top-column elementor-element elementor-element-7294a3a\" data-id=\"7294a3a\" data-element_type=\"column\">\n\t\t\t<div class=\"elementor-column-wrap elementor-element-populated\">\n\t\t\t\t\t\t\t<div class=\"elementor-widget-wrap\">\n\t\t\t\t\t\t<div class=\"elementor-element elementor-element-5f7ddf4 elementor-widget elementor-widget-heading\" data-id=\"5f7ddf4\" data-element_type=\"widget\" data-widget_type=\"heading.default\">\n\t\t\t\t<div class=\"elementor-widget-container\">\n\t\t\t<h3 class=\"elementor-heading-title elementor-size-default\">2.1.7 Atenci\u00f3n psicol\u00f3gica<\/h3>\t\t<\/div>\n\t\t\t\t<\/div>\n\t\t\t\t\t\t<\/div>\n\t\t\t\t\t<\/div>\n\t\t<\/div>\n\t\t\t\t\t\t\t\t<\/div>\n\t\t\t\t\t<\/div>\n\t\t<\/section>\n\t\t\t\t<section class=\"elementor-section elementor-top-section elementor-element elementor-element-dcc9dc6 elementor-section-boxed elementor-section-height-default elementor-section-height-default\" data-id=\"dcc9dc6\" data-element_type=\"section\">\n\t\t\t\t\t\t<div class=\"elementor-container elementor-column-gap-default\">\n\t\t\t\t\t\t\t<div class=\"elementor-row\">\n\t\t\t\t\t<div class=\"elementor-column elementor-col-100 elementor-top-column elementor-element elementor-element-791a2a7\" data-id=\"791a2a7\" data-element_type=\"column\">\n\t\t\t<div class=\"elementor-column-wrap elementor-element-populated\">\n\t\t\t\t\t\t\t<div class=\"elementor-widget-wrap\">\n\t\t\t\t\t\t<div class=\"elementor-element elementor-element-e14d096 elementor-widget elementor-widget-text-editor\" data-id=\"e14d096\" data-element_type=\"widget\" data-widget_type=\"text-editor.default\">\n\t\t\t\t<div class=\"elementor-widget-container\">\n\t\t\t\t\t<div class=\"elementor-text-editor elementor-clearfix\"><div class=\"page\" title=\"Page 34\"><div class=\"section\"><div class=\"layoutArea\"><div class=\"column\"><p>En base a la valoracio\u0301n inicial, la mujer denunciante recibir\u00e1 la atencio\u0301n psicol\u00f3gica, de acuerdo al siguiente detalle:<\/p><table cellspacing=\"0\" cellpadding=\"0\"><tbody><tr><td valign=\"middle\"><p align=\"center\"><span style=\"color: #43358b; font-family: Ubuntu; font-size: small;\"><b>Tipo de apoyo <\/b><\/span><\/p><\/td><td valign=\"middle\"><p align=\"center\"><span style=\"color: #43358b; font-family: Ubuntu; font-size: small;\"><b>N\u00famero de sesiones <\/b><\/span><\/p><\/td><\/tr><tr><td valign=\"middle\"><p align=\"center\"><span style=\"color: #676767; font-family: Ubuntu; font-size: small;\">Intervenci\u00f3n en crisis <\/span><\/p><\/td><td valign=\"middle\"><p align=\"center\"><span style=\"color: #676767; font-family: Ubuntu; font-size: small;\">1 a 3 sesiones <\/span><\/p><\/td><\/tr><tr><td valign=\"middle\"><p align=\"center\"><span style=\"color: #676767; font-family: Ubuntu; font-size: small;\">Evaluaci\u00f3n psicol\u00f3gica<\/span><\/p><\/td><td valign=\"middle\"><p align=\"center\"><span style=\"color: #676767; font-family: Ubuntu; font-size: small;\">Promedio de 3 sesiones <\/span><\/p><\/td><\/tr><tr><td valign=\"top\"><p align=\"center\"><span style=\"color: #676767; font-family: Ubuntu; font-size: small;\">Orientaci\u00f3n individual <\/span><\/p><\/td><td valign=\"top\"><p align=\"center\"><span style=\"color: #676767; font-family: Ubuntu; font-size: small;\">Promedio de 3 sesiones <\/span><\/p><\/td><\/tr><tr><td valign=\"top\"><p align=\"center\"><span style=\"color: #676767; font-family: Ubuntu; font-size: small;\">Orientaci\u00f3n psicoeducativa de pareja<\/span><\/p><\/td><td valign=\"top\"><p align=\"center\"><span style=\"color: #676767; font-family: Ubuntu; font-size: small;\">Promedio de 3 sesiones <\/span><\/p><\/td><\/tr><tr><td valign=\"top\"><p align=\"center\"><span style=\"color: #676767; font-family: Ubuntu; font-size: small;\">Orientaci\u00f3n familiar <\/span><\/p><\/td><td valign=\"top\"><p align=\"center\"><span style=\"color: #676767; font-family: Ubuntu; font-size: small;\">Promedio de 4 sesiones <\/span><\/p><\/td><\/tr><tr><td valign=\"top\"><p align=\"center\"><span style=\"color: #676767; font-family: Ubuntu; font-size: small;\">Terapia individual<\/span><\/p><\/td><td valign=\"top\"><p align=\"center\"><span style=\"color: #676767; font-family: Ubuntu; font-size: small;\">Promedio de 12 sesiones <\/span><\/p><\/td><\/tr><tr><td valign=\"top\"><p align=\"center\"><span style=\"color: #676767; font-family: Ubuntu; font-size: small;\">Terapia de pareja <\/span><\/p><\/td><td valign=\"top\"><p align=\"center\"><span style=\"color: #676767; font-family: Ubuntu; font-size: small;\">Promedio de 12 sesiones <\/span><\/p><\/td><\/tr><tr><td valign=\"top\"><p align=\"center\"><span style=\"color: #676767; font-family: Ubuntu; font-size: small;\">Preparaci\u00f3n para entrevista en c\u00e1mara Gesell <\/span><\/p><\/td><td valign=\"top\"><p align=\"center\"><span style=\"color: #676767; font-family: Ubuntu; font-size: small;\">Promedio de 3 sesiones <\/span><\/p><\/td><\/tr><\/tbody><\/table><\/div><\/div><\/div><\/div><\/div>\n\t\t\t\t<\/div>\n\t\t\t\t<\/div>\n\t\t\t\t\t\t<\/div>\n\t\t\t\t\t<\/div>\n\t\t<\/div>\n\t\t\t\t\t\t\t\t<\/div>\n\t\t\t\t\t<\/div>\n\t\t<\/section>\n\t\t\t\t<section class=\"elementor-section elementor-top-section elementor-element elementor-element-2eecd30 elementor-section-boxed elementor-section-height-default elementor-section-height-default\" data-id=\"2eecd30\" data-element_type=\"section\">\n\t\t\t\t\t\t<div class=\"elementor-container elementor-column-gap-default\">\n\t\t\t\t\t\t\t<div class=\"elementor-row\">\n\t\t\t\t\t<div class=\"elementor-column elementor-col-100 elementor-top-column elementor-element elementor-element-e97dbc8\" data-id=\"e97dbc8\" data-element_type=\"column\">\n\t\t\t<div class=\"elementor-column-wrap elementor-element-populated\">\n\t\t\t\t\t\t\t<div class=\"elementor-widget-wrap\">\n\t\t\t\t\t\t<div class=\"elementor-element elementor-element-2e17923 elementor-widget elementor-widget-text-editor\" data-id=\"2e17923\" data-element_type=\"widget\" data-widget_type=\"text-editor.default\">\n\t\t\t\t<div class=\"elementor-widget-container\">\n\t\t\t\t\t<div class=\"elementor-text-editor elementor-clearfix\"><div class=\"page\" title=\"Page 35\">\n<div class=\"section\">\n<div class=\"layoutArea\">\n<div class=\"column\">\n\n<b>La intervencio\u0301n en crisis<\/b> es la ayuda inmediata a personas que necesitan recuperar su equilibrio ps\u00edquico para afrontar situaciones particulares a trav\u00e9s de la utilizacio\u0301n de m\u00e9todos adecuados y pertinentes para la resolucio\u0301n del suceso que la angustia.\n\n<b>La evaluacio\u0301n psicol\u00f3gica<\/b> es un proceso de investigaci\u00f3n en el que se establece la caracterizaci\u00f3n de la violencia, los aspectos conductuales, emocionales, cognitivos y afectivos, la sintomatolog\u00eda cl\u00ednica o psicopatol\u00f3gica, la valoracio\u0301n de riesgo y los factores protectores.\n\n<b>La orientacio\u0301n<\/b>, es la intervenci\u00f3n breve en la cual el\/la terapeuta trabaja con el reconocimiento de los puntos de conflicto, que le permiten manejar pautas y directrices orientadas a descubrir los hechos y las respuestas para la toma de decisiones que debe ser asumida por la mujer.\n\n<b>La orientaci\u00f3n psicoeducativa de pareja<\/b>, es el espacio en el que a trav\u00e9s de la psicoeducacio\u0301n se brinda informacio\u0301n y lineamientos sobre el sistema relacional violento, en busca del reconocimiento de problema y la toma de decisiones.\n\nLa orientacio\u0301n psicolo\u0301gica puede ser individual, de pareja y\/o familiar.\n\n<b>La terapia<\/b>, es un espacio de encuentro relacional, por lo tanto, es intencional y profesional, la energi\u0301a y los pensamientos de la\/los terapeutas esta\u0301n dirigidos a que la mujer denunciante alcance sus objetivos proporciona\u0301ndole elementos para el cambio y la superacio\u0301n del conflicto.\n\nLa terapia psicolo\u0301gica puede ser individual y de pareja.\n\n<b>Preparaci\u00f3n para entrevista en la c\u00e1mara Gesell<\/b>, ayuda a afrontar la experiencia de comparecer como v\u00edctima a ni\u00f1os, ni\u00f1as y adolescentes frente al proceso judicial.\n\n<b>Solicitud externa de informes psicol\u00f3gicos<\/b>. las\/los profesionales psico\u0301logas\/os deber\u00e1n cumplir con los requerimientos fiscales u \u00f3rdenes judiciales para la elaboraci\u00f3n de informes, prestaci\u00f3n del apoyo de orientaci\u00f3n o terapia. De acuerdo al caso se establecer\u00e1 el n\u00famero de sesiones a desarrollar.\n\nToda la intervencio\u0301n del a\u0301rea psicolo\u0301gica, se encuentra basada en el enfoque cognitivo conductual de la psicologi\u0301a, este modelo explica co\u0301mo se instauran en la persona los comportamientos, combinando los modelos de la teori\u0301a de aprendizaje y la del procesamiento de informacio\u0301n, integrando factores externos como las conductas, con factores internos como la cognicio\u0301n y los sentimientos.\n\nEste tipo de intervencio\u0301n tiene las siguientes caracteri\u0301sticas:\n<ul>\n \t<li>Es de corta duracio\u0301n.<\/li>\n \t<li>Es activa &#8211; directiva, es decir que los cambios requieren compromiso de la persona.<\/li>\n \t<li>Se incluyen tareas para realizar entre las sesiones como una forma de poner a prueba los aspectos trabajados en consulta.<\/li>\n \t<li>Esta\u0301 orientada en el presente. La reflexio\u0301n del pasado tiene la finalidad de generar cambios en\u00a0la vida actual de la persona.\n\nEn la combinaci\u00f3n del modelo conductual y cognitivo en intervenci\u00f3n terap\u00e9utica es fundamental identificar las distorsiones a nivel de pensamiento, que determinan la forma negativa de representaci\u00f3n de la imagen de la mujer en su entorno, que desarrolla emociones disfuncionales.\n\nTodas las acciones psicol\u00f3gicas ser\u00e1n registradas en el sistema de registro informatizado.<\/li>\n<\/ul>\n<\/div>\n<\/div>\n<\/div>\n<\/div><\/div>\n\t\t\t\t<\/div>\n\t\t\t\t<\/div>\n\t\t\t\t\t\t<\/div>\n\t\t\t\t\t<\/div>\n\t\t<\/div>\n\t\t\t\t\t\t\t\t<\/div>\n\t\t\t\t\t<\/div>\n\t\t<\/section>\n\t\t\t\t<section class=\"elementor-section elementor-top-section elementor-element elementor-element-60705ea elementor-section-boxed elementor-section-height-default elementor-section-height-default\" data-id=\"60705ea\" data-element_type=\"section\">\n\t\t\t\t\t\t<div class=\"elementor-container elementor-column-gap-default\">\n\t\t\t\t\t\t\t<div class=\"elementor-row\">\n\t\t\t\t\t<div class=\"elementor-column elementor-col-100 elementor-top-column elementor-element elementor-element-4934100\" data-id=\"4934100\" data-element_type=\"column\">\n\t\t\t<div class=\"elementor-column-wrap elementor-element-populated\">\n\t\t\t\t\t\t\t<div class=\"elementor-widget-wrap\">\n\t\t\t\t\t\t<div class=\"elementor-element elementor-element-efcb4ad elementor-widget elementor-widget-heading\" data-id=\"efcb4ad\" data-element_type=\"widget\" data-widget_type=\"heading.default\">\n\t\t\t\t<div class=\"elementor-widget-container\">\n\t\t\t<h3 class=\"elementor-heading-title elementor-size-default\">2.1.8 Atenci\u00f3n jur\u00eddica<a class=\"tooltips\" title=\"En Cap\u00edtulo 5, Punto 5.1 se describe con detalle la metodolog\u00eda y protocolos de atenci\u00f3n jur\u00eddica.\"><sup>13<\/sup><\/a><\/h3>\t\t<\/div>\n\t\t\t\t<\/div>\n\t\t\t\t\t\t<\/div>\n\t\t\t\t\t<\/div>\n\t\t<\/div>\n\t\t\t\t\t\t\t\t<\/div>\n\t\t\t\t\t<\/div>\n\t\t<\/section>\n\t\t\t\t<section class=\"elementor-section elementor-top-section elementor-element elementor-element-f0e7709 elementor-section-boxed elementor-section-height-default elementor-section-height-default\" data-id=\"f0e7709\" data-element_type=\"section\">\n\t\t\t\t\t\t<div class=\"elementor-container elementor-column-gap-default\">\n\t\t\t\t\t\t\t<div class=\"elementor-row\">\n\t\t\t\t\t<div class=\"elementor-column elementor-col-100 elementor-top-column elementor-element elementor-element-2b41bc3\" data-id=\"2b41bc3\" data-element_type=\"column\">\n\t\t\t<div class=\"elementor-column-wrap elementor-element-populated\">\n\t\t\t\t\t\t\t<div class=\"elementor-widget-wrap\">\n\t\t\t\t\t\t<div class=\"elementor-element elementor-element-a32bbde elementor-widget elementor-widget-text-editor\" data-id=\"a32bbde\" data-element_type=\"widget\" data-widget_type=\"text-editor.default\">\n\t\t\t\t<div class=\"elementor-widget-container\">\n\t\t\t\t\t<div class=\"elementor-text-editor elementor-clearfix\"><div class=\"page\" title=\"Page 34\"><div class=\"section\"><div class=\"layoutArea\"><div class=\"column\"><div class=\"page\" title=\"Page 35\"><div class=\"section\"><div class=\"layoutArea\"><div class=\"column\"><p>La atenci\u00f3n jur\u00eddica en el servicio se da por derivaci\u00f3n del \u00e1rea psicol\u00f3gica, por tanto, ya cuenta en su carpeta o sistema informatizado del testimonio de la mujer denunciante.<\/p><div class=\"page\" title=\"Page 36\"><div class=\"section\"><div class=\"layoutArea\"><div class=\"column\"><p>1) Primera entrevista con la\/el profesional abogada\/o:<\/p><p style=\"padding-left: 40px;\">Esta primera entrevista es muy importante, porque en base a la denuncia y pretensi\u00f3n de la v\u00edctima, se orienta sobre las opciones legales que tiene para encarar el problema que enfrenta y la intervenci\u00f3n legal a realizar.<\/p><p style=\"padding-left: 40px;\">Si la denuncia que presenta, est\u00e1 enmarcada en la Ley No 348, se informa que su caso debe ser denunciado ante el Ministerio P\u00fablico. Si la denunciante plantea reparos y temores por la sanci\u00f3n de privaci\u00f3n de libertad, se le debe hacer conocer sobre otras sanciones que no implican privaci\u00f3n de libertad o salidas alternativas que plantea el procedimiento penal.<\/p><div class=\"page\" title=\"Page 36\"><div class=\"section\"><div class=\"layoutArea\"><div class=\"column\"><p>2) Competencias de las\/os abogadas\/os del servicio:<\/p><p style=\"padding-left: 40px;\">a) Patrocinio en la v\u00eda extrajudicial:<\/p><\/div><\/div><div class=\"layoutArea\"><div class=\"column\"><p style=\"padding-left: 80px;\">Las denuncias sera\u0301n tramitadas en la vi\u0301a extrajudicial en los siguientes casos:<\/p><ul><li style=\"list-style-type: none;\"><ul><li style=\"list-style-type: none;\"><ul><li style=\"list-style-type: none;\"><ul><li>Asistencia familiar<\/li><li>Acuerdo regulador de divorcio o desvinculacio\u0301n de unio\u0301n conyugal<\/li><li>Adeudo de salario<\/li><li>Adeudo de beneficios sociales<\/li><\/ul><\/li><\/ul><\/li><\/ul><\/li><\/ul><\/div><\/div><div class=\"layoutArea\"><div class=\"column\"><p style=\"padding-left: 80px;\">En la v\u00eda extrajudicial, se podr\u00e1 concretar siempre y cuando exista acuerdo entre ambas partes y cuando el acuerdo sea favorable a los derechos de la denunciante, debiendo ser homologado ante juez competente.<\/p><p style=\"padding-left: 80px;\">Si el acuerdo extrajudicial no se puede concretar, entonces se opta por la v\u00eda judicial hasta lograr la ejecutoria de la sentencia.<\/p><div class=\"page\" title=\"Page 36\"><div class=\"section\"><div class=\"layoutArea\"><div class=\"column\"><p style=\"padding-left: 40px;\">b) Patrocinio en la vi\u0301a judicial:<\/p><p style=\"padding-left: 80px;\">Materia penal:<\/p><p style=\"padding-left: 120px;\">En los casos sen\u0303alados en la Ley No 348 y otros delitos previstos en el Co\u0301digo Penal y leyes especiales de proteccio\u0301n de los derechos de las mujeres, el servicio debe patrocinar el caso coordinando con la\/el fiscal asignado\/o al caso, coadyuvando la accio\u0301n de persecucio\u0301n penal.<\/p><p style=\"padding-left: 120px;\">En estos procesos es importante orientar a la denunciante sobre los mecanismos de tramitacio\u0301n, la manera en que tiene que participar y aportar en el desarrollo del proceso.<\/p><p style=\"padding-left: 120px;\">Debera\u0301 informarse a la v\u00edctima la posibilidad de \u201cconciliacio\u0301n\u201d, prevista de manera excepcional y por u\u0301nica vez en la Ley No 348.<\/p><p style=\"padding-left: 80px;\">Materia familiar:<\/p><p style=\"padding-left: 120px;\">La reivindicacio\u0301n de los derechos de las mujeres en materia familiar, esta\u0301n determinados por el Co\u0301digo de la Familias y del proceso familiar. De acuerdo a las competencias del servicio, los casos a ser atendidos esta\u0301n descritos en los protocolos, relacionados con asistencia familiar, divorcio, guarda, divisio\u0301n de bienes, entre otros descritos en protocolo.<\/p><p style=\"padding-left: 80px;\">Materia laboral:<\/p><p style=\"padding-left: 120px;\">Las denuncias en materia laboral a ser atendidas por el servicio, esta\u0301n relacionados con el incumplimiento de los derechos laborales y beneficios sociales.<\/p><div class=\"page\" title=\"Page 36\"><div class=\"section\"><div class=\"layoutArea\"><div class=\"column\"><p style=\"padding-left: 40px;\">c) Seguimiento de casos abandonados:<\/p><p style=\"padding-left: 80px;\">En los casos cuando la mujer denunciante de violencia sexual y violencia fi\u0301sica abandona su caso, las\/los profesionales debera\u0301n tomar contacto con ella, para conocer las causas del abandono y motivar a retomar su proceso.<\/p><div class=\"page\" title=\"Page 37\"><div class=\"section\"><div class=\"layoutArea\"><div class=\"column\"><p style=\"padding-left: 80px;\">Todas las acciones juri\u0301dicas sera\u0301n registradas en la boleta de \u201cAtencio\u0301n Juri\u0301dica\u201d.<\/p><p>\u00a0<\/p><\/div><\/div><\/div><\/div><\/div><\/div><\/div><\/div><\/div><\/div><\/div><\/div><\/div><\/div><\/div><\/div><\/div><\/div><\/div><\/div><\/div><\/div><\/div><\/div><\/div><\/div><\/div><\/div><\/div>\n\t\t\t\t<\/div>\n\t\t\t\t<\/div>\n\t\t\t\t\t\t<\/div>\n\t\t\t\t\t<\/div>\n\t\t<\/div>\n\t\t\t\t\t\t\t\t<\/div>\n\t\t\t\t\t<\/div>\n\t\t<\/section>\n\t\t\t\t<section class=\"elementor-section elementor-top-section elementor-element elementor-element-7239a1b elementor-section-boxed elementor-section-height-default elementor-section-height-default\" data-id=\"7239a1b\" data-element_type=\"section\">\n\t\t\t\t\t\t<div class=\"elementor-container elementor-column-gap-default\">\n\t\t\t\t\t\t\t<div class=\"elementor-row\">\n\t\t\t\t\t<div class=\"elementor-column elementor-col-100 elementor-top-column elementor-element elementor-element-0b02e70\" data-id=\"0b02e70\" data-element_type=\"column\">\n\t\t\t<div class=\"elementor-column-wrap elementor-element-populated\">\n\t\t\t\t\t\t\t<div class=\"elementor-widget-wrap\">\n\t\t\t\t\t\t<div class=\"elementor-element elementor-element-899d47c elementor-widget elementor-widget-heading\" data-id=\"899d47c\" data-element_type=\"widget\" data-widget_type=\"heading.default\">\n\t\t\t\t<div class=\"elementor-widget-container\">\n\t\t\t<h3 class=\"elementor-heading-title elementor-size-default\">2.1.9 Atenci\u00f3n social<\/h3>\t\t<\/div>\n\t\t\t\t<\/div>\n\t\t\t\t\t\t<\/div>\n\t\t\t\t\t<\/div>\n\t\t<\/div>\n\t\t\t\t\t\t\t\t<\/div>\n\t\t\t\t\t<\/div>\n\t\t<\/section>\n\t\t\t\t<section class=\"elementor-section elementor-top-section elementor-element elementor-element-b4f7408 elementor-section-boxed elementor-section-height-default elementor-section-height-default\" data-id=\"b4f7408\" data-element_type=\"section\">\n\t\t\t\t\t\t<div class=\"elementor-container elementor-column-gap-default\">\n\t\t\t\t\t\t\t<div class=\"elementor-row\">\n\t\t\t\t\t<div class=\"elementor-column elementor-col-100 elementor-top-column elementor-element elementor-element-2620939\" data-id=\"2620939\" data-element_type=\"column\">\n\t\t\t<div class=\"elementor-column-wrap elementor-element-populated\">\n\t\t\t\t\t\t\t<div class=\"elementor-widget-wrap\">\n\t\t\t\t\t\t<div class=\"elementor-element elementor-element-b41ceb8 elementor-widget elementor-widget-text-editor\" data-id=\"b41ceb8\" data-element_type=\"widget\" data-widget_type=\"text-editor.default\">\n\t\t\t\t<div class=\"elementor-widget-container\">\n\t\t\t\t\t<div class=\"elementor-text-editor elementor-clearfix\"><div class=\"page\" title=\"Page 37\"><div class=\"section\"><div class=\"layoutArea\"><div class=\"column\"><p>El Trabajo social es una disciplina que constituye un apoyo para el accionar del a\u0301rea juri\u0301dica y psicolo\u0301gica del servicio, interviene a solicitud de los profesionales abogados\/as y psico\u0301logas\/os, proporcionando elementos e informacio\u0301n socio-econo\u0301mica de las personas involucradas en el caso que se atiende. De esta manera, contribuye para que el equipo multidisciplinario desarrolle estrategias basadas en informacio\u0301n real del contexto.<\/p><p>La intervencio\u0301n social comprende las siguientes acciones:<\/p><p>1) Investigacio\u0301n social del caso<\/p><p style=\"padding-left: 40px;\">Constituye la objetivacio\u0301n de los problemas que afectan a la mujer en situacio\u0301n de violencia, denunciante al servicio y su entorno familiar y social. A partir del conocimiento de las circunstancias y\/o problemas que contextualizan la realidad de la mujer en sus entornos familiar, vecinal, escolar, laboral, entre otros, se tiene la posibilidad de contar con los elementos de ana\u0301lisis necesarios que aportan en la resolucio\u0301n o accio\u0301n a seguir de un determinado conflicto.<\/p><p>2) Seguimiento social del caso<\/p><p style=\"padding-left: 40px;\">Verificacio\u0301n perio\u0301dica del estado del caso de acuerdo a los requerimientos de las instancias judiciales y\/o el propio servicio.<\/p><p>3) Gestiones de apoyo<\/p><p style=\"padding-left: 40px;\">La gestio\u0301n social de apoyo son acciones puntuales e inmediatas destinadas a viabilizar acciones urgentes de protecci\u00f3n de su salud e integridad f\u00edsica, emergentes de su condicio\u0301n de v\u00edctima de violencia.<\/p><p style=\"padding-left: 40px;\">Todas las acciones legales ser\u00e1n registradas en el sistema de registro informatizado.<\/p><\/div><\/div><\/div><\/div><\/div>\n\t\t\t\t<\/div>\n\t\t\t\t<\/div>\n\t\t\t\t\t\t<\/div>\n\t\t\t\t\t<\/div>\n\t\t<\/div>\n\t\t\t\t\t\t\t\t<\/div>\n\t\t\t\t\t<\/div>\n\t\t<\/section>\n\t\t\t\t<section class=\"elementor-section elementor-top-section elementor-element elementor-element-ba0265a elementor-section-boxed elementor-section-height-default elementor-section-height-default\" data-id=\"ba0265a\" data-element_type=\"section\">\n\t\t\t\t\t\t<div class=\"elementor-container elementor-column-gap-default\">\n\t\t\t\t\t\t\t<div class=\"elementor-row\">\n\t\t\t\t\t<div class=\"elementor-column elementor-col-100 elementor-top-column elementor-element elementor-element-d1ddad2\" data-id=\"d1ddad2\" data-element_type=\"column\">\n\t\t\t<div class=\"elementor-column-wrap elementor-element-populated\">\n\t\t\t\t\t\t\t<div class=\"elementor-widget-wrap\">\n\t\t\t\t\t\t<div class=\"elementor-element elementor-element-db56aea elementor-widget elementor-widget-heading\" data-id=\"db56aea\" data-element_type=\"widget\" data-widget_type=\"heading.default\">\n\t\t\t\t<div class=\"elementor-widget-container\">\n\t\t\t<h3 class=\"elementor-heading-title elementor-size-default\">2.1.10 Grupos psicoterap\u00e9uticos para mujeres en situaci\u00f3n de violencia de pareja<a class=\"tooltips\" title=\"En el Cap\u00edtulo 5, se describe la metodolog\u00eda y protocolos de las sesiones terap\u00e9uticas.\"><sup>14<\/sup><\/a><\/h3>\t\t<\/div>\n\t\t\t\t<\/div>\n\t\t\t\t\t\t<\/div>\n\t\t\t\t\t<\/div>\n\t\t<\/div>\n\t\t\t\t\t\t\t\t<\/div>\n\t\t\t\t\t<\/div>\n\t\t<\/section>\n\t\t\t\t<section class=\"elementor-section elementor-top-section elementor-element elementor-element-aa3733d elementor-section-boxed elementor-section-height-default elementor-section-height-default\" data-id=\"aa3733d\" data-element_type=\"section\">\n\t\t\t\t\t\t<div class=\"elementor-container elementor-column-gap-default\">\n\t\t\t\t\t\t\t<div class=\"elementor-row\">\n\t\t\t\t\t<div class=\"elementor-column elementor-col-100 elementor-top-column elementor-element elementor-element-c7d013f\" data-id=\"c7d013f\" data-element_type=\"column\">\n\t\t\t<div class=\"elementor-column-wrap elementor-element-populated\">\n\t\t\t\t\t\t\t<div class=\"elementor-widget-wrap\">\n\t\t\t\t\t\t<div class=\"elementor-element elementor-element-187b3f2 elementor-widget elementor-widget-text-editor\" data-id=\"187b3f2\" data-element_type=\"widget\" data-widget_type=\"text-editor.default\">\n\t\t\t\t<div class=\"elementor-widget-container\">\n\t\t\t\t\t<div class=\"elementor-text-editor elementor-clearfix\"><div class=\"page\" title=\"Page 34\">\n<div class=\"section\">\n<div class=\"layoutArea\">\n<div class=\"column\">\n<div class=\"page\" title=\"Page 37\">\n<div class=\"section\">\n<div class=\"layoutArea\">\n<div class=\"column\">\n<p>Los grupos psicoterape\u0301uticos constituyen el apoyo m\u00e1s importante del servicio. Contribuyen de manera significativa al proceso de empoderamiento emancipatorio de las mujeres que sufren violencia de pareja. Son espacios de motivaci\u00f3n al cambio, an\u00e1lisis, contenci\u00f3n y reflexi\u00f3n colectiva, sobre temas relativos a la violencia de ge\u0301nero, el fortalecimiento de su autoestima, el entrenamiento en resolucio\u0301n de problemas y toma de decisiones, y establecimiento de metas concretas. Por ello, cuando una mujer concurre al servicio por primera vez la psic\u00f3loga\/o deber\u00e1 motivar para su incorporaci\u00f3n al grupo.<\/p>\n<p>Con las mujeres v\u00edctimas de violencia sexual, laboral y pol\u00edtica, \u00fanicamente se trabajan procesos terap\u00e9uticos individuales.<\/p>\n<p>Los grupos psicoterap\u00e9uticos debera\u0301n ser facilitados por profesionales psic\u00f3logas\/os con un m\u00ednimo de formaci\u00f3n en terapia cognitivo conductual. Se recomienda que los desarrolle una psic\u00f3loga mujer por el grado de identificaci\u00f3n y confianza.<\/p>\n<div class=\"page\" title=\"Page 38\">\n<div class=\"section\">\n<div class=\"layoutArea\">\n<div class=\"column\">\n<p><strong>1) Objetivo general:<\/strong><\/p>\n<p style=\"padding-left: 40px;\">Contribuir a que las mujeres en situacio\u0301n de violencia de pareja, reivindiquen su derecho a una vida libre de violencia, fortaleciendo su autoestima y capacidad de resolucio\u0301n de problemas y toma de decisiones, en la perspectiva de romper el ciclo de violencia.<\/p>\n<p><strong>2) Resultados esperados:<\/strong><\/p>\n<p style=\"padding-left: 40px;\">Las mujeres que concluyen el proceso, tienen las siguientes competencias:<\/p>\n<ul>\n<li style=\"list-style-type: none;\">\n<ul>\n<li>\n<p>Cuestionan la violencia machista y establecen una red de apoyo social<\/p>\n<\/li>\n<li>\n<p>Incrementan su capacidad de denuncia<\/p>\n<\/li>\n<li>\n<p>Fortalecen su autoestima<\/p>\n<\/li>\n<li>\n<p>Tienen nuevas capacidades de resolucio\u0301n de conflictos y toma de decisiones<\/p>\n<\/li>\n<li>\n<p>Cuentan con metas concretas establecidas<\/p>\n<\/li>\n<\/ul>\n<\/li>\n<\/ul>\n<p><strong>3) A\u0301reas de intervencio\u0301n<\/strong><\/p>\n<p style=\"padding-left: 40px;\">Para lograr estos objetivos y resultados se trabaja en tres a\u0301reas de intervencio\u0301n:<\/p>\n<ul>\n<li style=\"list-style-type: none;\">\n<ul>\n<li>\n<p>Psicoeducacio\u0301n: informacio\u0301n, construccio\u0301n colectiva de conocimientos<\/p>\n<\/li>\n<li>\n<p>Recursos reflexivos: dia\u0301logo, sociometri\u0301a, reflexio\u0301n individual y grupal<\/p>\n<\/li>\n<li>\n<p>Recursos psicoterape\u0301uticos: contencio\u0301n grupal, reestructuracio\u0301n cognitiva, representaciones simbo\u0301licas, entrenamiento de resolucio\u0301n de problemas y autorregulacio\u0301n emocional, entrenamiento en relajacio\u0301n y respiracio\u0301n, percepcio\u0301n y conexio\u0301n corporal. En estas a\u0301reas se distinguen los siguientes componentes:<\/p>\n<\/li>\n<\/ul>\n<\/li>\n<\/ul>\n<p style=\"padding-left: 120px;\">&#8211; &nbsp;Cognitiva: Conocimientos, pensamientos, valores, creencias y percepciones.<\/p>\n<p style=\"padding-left: 120px;\">&#8211; &nbsp;Afectiva: Emociones y sentimientos.<\/p>\n<p style=\"padding-left: 120px;\">&#8211; &nbsp;Conductual: Entrenamiento en habilidades de resolucio\u0301n de problemas.<\/p>\n<p><b>4) Contenidos de los Grupos psicoterape\u0301uticos para mujeres en situacio\u0301n de violencia:<\/b><\/p>\n<table cellspacing=\"0\" cellpadding=\"0\">\n<tbody>\n<tr>\n<td valign=\"middle\">\n<p style=\"text-align: center;\"><span style=\"color: #43358b; font-family: Ubuntu; font-size: small;\"><b>M\u00f3dulos:<\/b><\/span><\/p>\n<\/td>\n<td style=\"text-align: center;\" valign=\"middle\">\n<p><span style=\"color: #43358b; font-family: Ubuntu; font-size: small;\"><b>M\u00f3dulo 1<\/b><\/span><\/p>\n<\/td>\n<td style=\"text-align: center;\" colspan=\"2\" valign=\"middle\">\n<p><span style=\"color: #43358b; font-family: Ubuntu; font-size: small;\"><b>M\u00f3dulo 2<\/b><\/span><\/p>\n<\/td>\n<td style=\"text-align: center;\" colspan=\"2\" valign=\"middle\">\n<p><span style=\"color: #43358b; font-family: Ubuntu; font-size: small;\"><b>M\u00f3dulo 3<\/b><\/span><\/p>\n<\/td>\n<td colspan=\"4\" valign=\"middle\">\n<p style=\"text-align: center;\"><span style=\"color: #43358b; font-family: Ubuntu; font-size: small;\"><b>M\u00f3dulo 4<\/b><\/span><\/p>\n<\/td>\n<td valign=\"middle\">\n<p><span style=\"color: #43358b; font-family: Ubuntu; font-size: small;\"><b>M\u00f3dulo 5<\/b><\/span><\/p>\n<\/td>\n<\/tr>\n<tr>\n<td valign=\"middle\">\n<p><span style=\"color: #676767; font-family: Ubuntu; font-size: small;\">Contenidos<\/span><\/p>\n<\/td>\n<td valign=\"middle\">\n<p><span style=\"color: #676767; font-family: Ubuntu; font-size: small;\">Cohesi\u00f3n Grupal<\/span><\/p>\n<\/td>\n<td colspan=\"2\" valign=\"middle\">\n<p><span style=\"color: #676767; font-family: Ubuntu; font-size: small;\">Violencias contra las mujeres e identidad femenina<\/span><\/p>\n<\/td>\n<td colspan=\"2\" valign=\"middle\">\n<p><span style=\"color: #676767; font-family: Ubuntu; font-size: small;\">Autoestima individual y colectiva<\/span><\/p>\n<\/td>\n<td colspan=\"4\" valign=\"middle\">\n<p><span style=\"color: #676767; font-family: Ubuntu; font-size: small;\">Resoluci\u00f3n de problemas y toma de decisiones<\/span><\/p>\n<\/td>\n<td valign=\"middle\">\n<p><span style=\"color: #676767; font-family: Ubuntu; font-size: small;\">Autoevaluaci\u00f3n<\/span><\/p>\n<\/td>\n<\/tr>\n<tr>\n<td valign=\"middle\">\n<p style=\"text-align: center;\"><span style=\"color: #676767; font-family: Ubuntu; font-size: small;\"><b>No de sesi\u00f3n<\/b><\/span><\/p>\n<\/td>\n<td style=\"text-align: center;\" valign=\"middle\">\n<p><span style=\"color: #676767; font-family: Ubuntu; font-size: small;\"><b>1<\/b><\/span><\/p>\n<\/td>\n<td style=\"text-align: center;\" valign=\"middle\">\n<p><span style=\"color: #676767; font-family: Ubuntu; font-size: small;\"><b>2<\/b><\/span><\/p>\n<\/td>\n<td style=\"text-align: center;\" valign=\"middle\">\n<p><span style=\"color: #676767; font-family: Ubuntu; font-size: small;\"><b>3<\/b><\/span><\/p>\n<\/td>\n<td style=\"text-align: center;\" valign=\"middle\">\n<p><span style=\"color: #676767; font-family: Ubuntu; font-size: small;\"><b>4<\/b><\/span><\/p>\n<\/td>\n<td style=\"text-align: center;\" valign=\"middle\">\n<p><span style=\"color: #676767; font-family: Ubuntu; font-size: small;\"><b>5<\/b><\/span><\/p>\n<\/td>\n<td style=\"text-align: center;\" valign=\"middle\">\n<p><span style=\"color: #676767; font-family: Ubuntu; font-size: small;\"><b>6<\/b><\/span><\/p>\n<\/td>\n<td style=\"text-align: center;\" valign=\"middle\">\n<p><span style=\"color: #676767; font-family: Ubuntu; font-size: small;\"><b>7<\/b><\/span><\/p>\n<\/td>\n<td style=\"text-align: center;\" valign=\"middle\">\n<p><span style=\"color: #676767; font-family: Ubuntu; font-size: small;\"><b>8<\/b><\/span><\/p>\n<\/td>\n<td style=\"text-align: center;\" valign=\"middle\">\n<p><span style=\"color: #676767; font-family: Ubuntu; font-size: small;\"><b>9<\/b><\/span><\/p>\n<\/td>\n<td valign=\"middle\">\n<p style=\"text-align: center;\"><span style=\"color: #676767; font-family: Ubuntu; font-size: small;\"><b>10<\/b><\/span><\/p>\n<\/td>\n<\/tr>\n<\/tbody>\n<\/table>\n<\/div>\n<\/div>\n<\/div>\n<\/div>\n<\/div>\n<\/div>\n<\/div>\n<\/div>\n<\/div>\n<\/div>\n<\/div>\n<\/div><\/div>\n\t\t\t\t<\/div>\n\t\t\t\t<\/div>\n\t\t\t\t\t\t<\/div>\n\t\t\t\t\t<\/div>\n\t\t<\/div>\n\t\t\t\t\t\t\t\t<\/div>\n\t\t\t\t\t<\/div>\n\t\t<\/section>\n\t\t\t\t<section class=\"elementor-section elementor-top-section elementor-element elementor-element-8817aa5 elementor-section-boxed elementor-section-height-default elementor-section-height-default\" data-id=\"8817aa5\" data-element_type=\"section\">\n\t\t\t\t\t\t<div class=\"elementor-container elementor-column-gap-default\">\n\t\t\t\t\t\t\t<div class=\"elementor-row\">\n\t\t\t\t\t<div class=\"elementor-column elementor-col-100 elementor-top-column elementor-element elementor-element-241bc2f\" data-id=\"241bc2f\" data-element_type=\"column\">\n\t\t\t<div class=\"elementor-column-wrap elementor-element-populated\">\n\t\t\t\t\t\t\t<div class=\"elementor-widget-wrap\">\n\t\t\t\t\t\t<div class=\"elementor-element elementor-element-44bf69a elementor-widget elementor-widget-text-editor\" data-id=\"44bf69a\" data-element_type=\"widget\" data-widget_type=\"text-editor.default\">\n\t\t\t\t<div class=\"elementor-widget-container\">\n\t\t\t\t\t<div class=\"elementor-text-editor elementor-clearfix\"><div class=\"page\" title=\"Page 38\"><div class=\"section\"><div class=\"layoutArea\"><div class=\"column\"><p><strong>5) Metodologi\u0301a de los grupos psicoterape\u0301uticos para mujeres en situacio\u0301n de violencia<\/strong><\/p><p style=\"padding-left: 40px;\">Las sesiones grupales toman como base de su metodologi\u0301a al constructivismo, la psicologi\u0301a cognitivo conductual y la psicoeducacio\u0301n.<\/p><p style=\"padding-left: 40px;\">El <strong>constructivismo<\/strong> en sus tres conceptos ma\u0301s importantes se refiere a:<\/p><ul><li style=\"list-style-type: none;\"><ul><li><strong>Las personas \u201cconstruyen\u201d su conocimiento, son responsables de su propio aprendizaje<\/strong>. El aprendizaje y el desarrollo son una actividad social y de intercambio que no puede ser \u201censen\u0303ada\u201d a nadie. Depende de cada ser humano el construir su propia comprensio\u0301n desde su cosmovisio\u0301n y desde los elementos culturales y ambientales de su entorno. Por ello es muy importante lograr la motivacio\u0301n y el compromiso de las mujeres participantes.<\/li><li><strong>Todo aprendizaje debe empezar en los conocimientos previos (prejuicios y creencias incluidas)<\/strong>. Las participantes tienen su experiencia de vida, por lo tanto deben rescatarse esos saberes. No importa cua\u0301n equivocados o cua\u0301n correctos sean, son el material que la psico\u0301loga\/o educador\/a necesita para reflexionar y generar ma\u0301s conocimiento en una relacio\u0301n diale\u0301ctica de continuo aprendizaje entre los actores del proceso.<\/li><li><strong>Solo en un contexto social se logra aprendizajes significativos<\/strong>. Lo que pasa en la mente de las personas es fundamentalmente un reflejo de lo que paso\u0301 en su interaccio\u0301n social.<\/li><\/ul><\/li><\/ul><p style=\"padding-left: 40px;\"><strong><span style=\"font-size: 16px;\">La psicologi\u0301a cognitivo \u2013 conductual<\/span><\/strong><\/p><ul><li style=\"list-style-type: none;\"><ul><li style=\"list-style-type: none;\"><ul><li><p>Este modelo explica co\u0301mo se instauran en la persona los comportamientos, combinando los modelos de la teori\u0301a de aprendizaje y la del procesamiento de informacio\u0301n, integrando factores externos como las conductas, con factores internos como la cognicio\u0301n y los sentimientos.<\/p><\/li><li><p>Este tipo de intervencio\u0301n psicolo\u0301gica, trabaja con respuestas fi\u0301sicas, emocionales, cognitivas y conductuales desadaptadas, que han sido adquiridas a trave\u0301s de la experiencia. Relaciona entre si\u0301 los pensamientos, las acciones y los sentimientos (Rossello\u0301 y Bernal, 2007, citado en Navarro, 2015).<\/p><\/li><li><p>El objetivo de la intervencio\u0301n es el cambio conductual, cognitivo y emocional modificando o eliminando la conducta desadaptada y ensen\u0303ando conductas adaptadas cuando estas no se producen. Para ello, la intervencio\u0301n tambie\u0301n puede dirigirse a modificar los procesos cognitivos que esta\u0301n a la base del comportamiento.<\/p><\/li><li><p>La variedad de te\u0301cnicas a utilizar en la intervencio\u0301n terape\u0301utica es amplia, las que se utilizara\u0301n al trabajar con mujeres maltratadas, debido a los objetivos y al tipo de problemas o trastornos que presentan, son: la reestructuracio\u0301n cognitiva, para trabajar la autoestima, culpabilidad, indefensio\u0301n, etc.; te\u0301cnicas de relajacio\u0301n, ya que mu\u0301ltiples trastornos o problemas pueden beneficiarse de ella y te\u0301cnicas de Resolucio\u0301n de problemas (Ruiz, et al., 2012).<\/p><\/li><li><p>La modalidad de funcionamiento del grupo es estructurada, con un nu\u0301mero de sesiones y contenidos prefijados, que enfatizan la adquisicio\u0301n de habilidades, con discusio\u0301n de diversos temas y compartir experiencias y sentimientos que permite analizar y rectificar creencias (Navarro, 2015).<\/p><\/li><\/ul><\/li><\/ul><\/li><\/ul><p style=\"padding-left: 40px;\"><strong>Psico-educaci\u00f3n<\/strong><\/p><div class=\"page\" title=\"Page 39\"><div class=\"section\"><div class=\"layoutArea\"><div class=\"column\"><ul><li style=\"list-style-type: none;\"><ul><li style=\"list-style-type: none;\"><ul><li><p>La psico-educacio\u0301n intenta aportar la mayor y ma\u0301s clara informacio\u0301n a las mujeres sobre la situacio\u0301n de violencia que viven, esto implica informar sobre las caracteri\u0301sticas de la violencia, y las posibles consecuencias para ellas, sus hijas\/os y su entorno, de esta forma se promueve un rol activo para la toma de decisiones y resolucio\u0301n de problemas. Al momento de buscar ayuda, la mayori\u0301a de las mujeres tiene muy poca informacio\u0301n sobre la situacio\u0301n que viven, tanto en lo afectivo emocional, si\u0301ntomas que presentan, como en las caracteri\u0301sticas mismas de la violencia.<\/p><\/li><li><p>De igual forma, desconocen el ana\u0301lisis de la violencia desde un enfoque de ge\u0301nero y salud mental. Esta situacio\u0301n atraviesa cualquier nivel econo\u0301mico, cultural de las mujeres, la mayori\u0301a presenta dificultades para entender la situacio\u0301n de violencia que viven y requieren trabajar sus recursos para hacer frente a su problema de forma ma\u0301s eficaz.<\/p><\/li><\/ul><\/li><\/ul><\/li><\/ul><\/div><\/div><\/div><\/div><div class=\"page\" title=\"Page 39\"><div class=\"section\"><div class=\"layoutArea\"><div class=\"column\"><div class=\"page\" title=\"Page 40\"><div class=\"section\"><div class=\"layoutArea\"><div class=\"column\"><p><strong>6) Caracter\u00edsticas de los grupos psicoterape\u0301uticos para mujeres en situaci\u00f3n de violencia en \u00e1mbitos URBANOS<\/strong><\/p><ul><li><p>Para formar el grupo de participantes se prioriza a las mujeres que tienen iniciada una accio\u0301n juri\u0301dica o psicolo\u0301gica.<\/p><\/li><li><p>El proceso esta\u0301 organizado en 10 sesiones, con una duracio\u0301n de 3 a 4 hrs. cada uno.<\/p><\/li><li><p>Ya que son procesos estructurados, so\u0301lo se puede admitir el ingreso de nuevas participantes hasta la 3a sesio\u0301n.<\/p><\/li><li><p>Deben ser dirigido por un\/a profesional psico\u0301loga\/o con un mi\u0301nimo de conocimiento o\u00a0entrenamiento en terapia coginitivo conductual.<\/p><\/li><li><p>Los efectos de los grupos psicoterape\u0301uticos en la vida de las mujeres participantes, sera\u0301n\u00a0evaluados en la finalizacio\u0301n del proceso, a mujeres que hayan participado al menos en 7\u00a0sesiones.<\/p><\/li><li><p>Se brinda apoyo de cuidadoras para los hijos\/as de mujeres participantes mientras dure la\u00a0sesio\u0301n.<\/p><\/li><li><p>De igual manera es importante prever el servicio de refrigerio para cada sesio\u0301n.<\/p><p>\u00a0<\/p><\/li><\/ul><p><strong>7) Caracter\u00edsticas de los grupos psicoterap\u00e9uticos para mujeres en situaci\u00f3n de violencia en \u00e1mbitos RURAL<\/strong><\/p><p style=\"padding-left: 40px;\">Considerando que las mujeres denunciantes, en su mayori\u0301a provienen de comunidades dispersas y distantes, los Grupos psicoterape\u0301uticos sera\u0301n concentrados en 5 eventos.<\/p><ul><li style=\"list-style-type: none;\"><ul><li style=\"list-style-type: none;\"><ul><li><p>En el 1er encuentro se abordara\u0301n las tema\u0301ticas de cohesio\u0301n grupal y violencia, del plan de contenidos de los grupos psicoterape\u0301uticos, con duracio\u0301n de un di\u0301a.<\/p><\/li><li><p>En el 2o encuentro se abordara\u0301 la tema\u0301tica de autoestima del plan de contenidos, con una duracio\u0301n de dos di\u0301as.<\/p><\/li><li><p>En el 3er y 4o encuentro se abordara\u0301n las tema\u0301ticas de toma de decisiones, resolucio\u0301n de problemas y, con duracio\u0301n de dos di\u0301as.<\/p><\/li><li><p>En el 5o encuentro se hara\u0301 la evaluacio\u0301n grupal e individual del proceso.<\/p><\/li><li><p>Entre encuentros no deberi\u0301a transcurrir ma\u0301s de 15 di\u0301as.<\/p><\/li><li><p>El desarrollo de los contenidos debera\u0301 tener el enfoque de interculturalidad.<\/p><\/li><li><p>El servicio debera\u0301 prever recursos econo\u0301micos para el pago de transporte, alimentacio\u0301n y\u00a0alojamiento de las mujeres participantes.<\/p><p>\u00a0<\/p><\/li><\/ul><\/li><\/ul><\/li><\/ul><p><strong>8) Valoraci\u00f3n psicol\u00f3gica final de las mujeres denunciantes<\/strong><\/p><p style=\"padding-left: 40px;\">La valoracio\u0301n psicol\u00f3gica final es la medici\u00f3n de los cambios emocionales y discursivos luego de haber transitado la ruta de atenci\u00f3n en el servicio. Se aplica el mismo instrumento de la valoracio\u0301n inicial, que permite realizar una comparacio\u0301n de las condiciones en las que la denunciante ingresa y sale del servicio.<\/p><p style=\"padding-left: 40px;\">La estrategia de atencio\u0301n a mujeres en situacio\u0301n de violencia, cuenta con una serie de indicadores de efecto logrado. Los resultados de la aplicacio\u0301n del instrumento de valoracio\u0301n inicial (l\u00ednea base) y el instrumento de valoraci\u00f3n final, permite medir el cumplimiento de estos indicadores.<\/p><\/div><\/div><\/div><\/div><\/div><\/div><\/div><\/div><\/div><\/div><\/div><\/div><\/div>\n\t\t\t\t<\/div>\n\t\t\t\t<\/div>\n\t\t\t\t\t\t<\/div>\n\t\t\t\t\t<\/div>\n\t\t<\/div>\n\t\t\t\t\t\t\t\t<\/div>\n\t\t\t\t\t<\/div>\n\t\t<\/section>\n\t\t\t\t<section class=\"elementor-section elementor-top-section elementor-element elementor-element-6d75ce0 elementor-section-boxed elementor-section-height-default elementor-section-height-default\" data-id=\"6d75ce0\" data-element_type=\"section\">\n\t\t\t\t\t\t<div class=\"elementor-container elementor-column-gap-default\">\n\t\t\t\t\t\t\t<div class=\"elementor-row\">\n\t\t\t\t\t<div class=\"elementor-column elementor-col-100 elementor-top-column elementor-element elementor-element-7fd1a82\" data-id=\"7fd1a82\" data-element_type=\"column\">\n\t\t\t<div class=\"elementor-column-wrap elementor-element-populated\">\n\t\t\t\t\t\t\t<div class=\"elementor-widget-wrap\">\n\t\t\t\t\t\t<div class=\"elementor-element elementor-element-a666e92 elementor-widget elementor-widget-heading\" data-id=\"a666e92\" data-element_type=\"widget\" data-widget_type=\"heading.default\">\n\t\t\t\t<div class=\"elementor-widget-container\">\n\t\t\t<h3 class=\"elementor-heading-title elementor-size-default\">2.1.11 Procesos psicoterap\u00e9uticos individuales y grupales para hombres agresores de pareja<\/h3>\t\t<\/div>\n\t\t\t\t<\/div>\n\t\t\t\t\t\t<\/div>\n\t\t\t\t\t<\/div>\n\t\t<\/div>\n\t\t\t\t\t\t\t\t<\/div>\n\t\t\t\t\t<\/div>\n\t\t<\/section>\n\t\t\t\t<section class=\"elementor-section elementor-top-section elementor-element elementor-element-e1b18dc elementor-section-boxed elementor-section-height-default elementor-section-height-default\" data-id=\"e1b18dc\" data-element_type=\"section\">\n\t\t\t\t\t\t<div class=\"elementor-container elementor-column-gap-default\">\n\t\t\t\t\t\t\t<div class=\"elementor-row\">\n\t\t\t\t\t<div class=\"elementor-column elementor-col-100 elementor-top-column elementor-element elementor-element-3e026c4\" data-id=\"3e026c4\" data-element_type=\"column\">\n\t\t\t<div class=\"elementor-column-wrap elementor-element-populated\">\n\t\t\t\t\t\t\t<div class=\"elementor-widget-wrap\">\n\t\t\t\t\t\t<div class=\"elementor-element elementor-element-5a98b7c elementor-widget elementor-widget-text-editor\" data-id=\"5a98b7c\" data-element_type=\"widget\" data-widget_type=\"text-editor.default\">\n\t\t\t\t<div class=\"elementor-widget-container\">\n\t\t\t\t\t<div class=\"elementor-text-editor elementor-clearfix\"><div class=\"page\" title=\"Page 34\"><div class=\"section\"><div class=\"layoutArea\"><div class=\"column\"><div class=\"page\" title=\"Page 41\"><div class=\"section\"><div class=\"layoutArea\"><div class=\"column\"><p>Los procesos psicoterape\u0301uticos para hombres agresores, agrupan hombres que han sido denunciados y\/o procesados como agresores por sus parejas, ya sea en los servicios de atencio\u0301n a mujeres en situacio\u0301n de violencia, ante la Fiscal\u00eda o Juzgados.<\/p><p>Inicialmente, es el fundamento de un proceso de deconstruccio\u0301n y reflexi\u00f3n de la masculinidad hegem\u00f3nica o machista, para avanzar en el establecimiento de relaciones m\u00e1s equitativas con sus parejas.<\/p><p>Durante el desarrollo de la experiencia psicoterape\u0301utica se identifican necesidades terap\u00e9uticas urgentes y emergentes, en ese sentido se adecuan t\u00e9cnicas cognitivas, de gesti\u00f3n emocional y conductuales para el entrenamiento, refuerzo o generacio\u0301n de habilidades y cogniciones adaptativas.<\/p><p>Es recomendable que los procesos sean facilitados por un psic\u00f3logo var\u00f3n, ya que es m\u00e1s f\u00e1cil el di\u00e1logo entre personas del mismo ge\u0301nero, sin embargo esta condici\u00f3n no es excluyente.<\/p><p><strong>1) Objetivo general<\/strong><\/p><p style=\"padding-left: 40px;\">Lograr que los participantes de los procesos psicoterap\u00e9uticos identifiquen al sistema patriarcal como la causa estructural de la violencia contra la mujer, reflexionando sobre sus propias cogniciones y desarrollando habilidades para el manejo de la ira como expresi\u00f3n de la violencia, en la perspectiva de avanzar hacia relaciones equitativas de ge\u0301nero.<\/p><p><strong>2) Resultados<\/strong><\/p><ul><li><p>Los participantes asumen responsabilidad por su comportamiento violento y se sit\u00faan en alg\u00fan estadio de cambio frente al problema de su comportamiento violento.<\/p><\/li><li><p>Los participantes identifican los componentes del sistema patriarcal que sustentan la violencia hacia las mujeres.<\/p><\/li><li><p>Los participantes identifican pensamientos distorsionados sobre la mujer y el uso de la violencia y procuran esquemas m\u00e1s adaptativos para el establecimiento de nuevos tipos de relacionamiento.<\/p><\/li><li><p>Los participantes reconocen indicadores de la expresi\u00f3n de la ira y desarrollan habilidades para la gesti\u00f3n adecuada de esta emoci\u00f3n y otras emociones negativas asociadas.<\/p><\/li><li><p>Los participantes valoran y reflexionan sobre el ejercicio de una nueva masculinidad caracterizada por relaciones de pareja no violentas, el ejercicio responsable de la paternidad y la capacidad de expresar sus emociones.<\/p><\/li><\/ul><p><strong>3) A\u0301reas de intervenci\u00f3n<\/strong><\/p><p style=\"padding-left: 40px;\">Para el logro de objetivo y resultados con los participantes, se trabajar\u00e1n las siguientes \u00e1reas:<\/p><ul><li style=\"list-style-type: none;\"><ul><li><p>Cognitiva: Conocimientos, pensamientos, valores, creencias y percepciones.<\/p><\/li><li><p>Afectiva: Emociones y sentimientos.<\/p><\/li><li><p>Conductual: Repertorio conductual asertivo y habilidades de comunicaci\u00f3n y resoluci\u00f3n de problemas.<\/p><\/li><\/ul><\/li><\/ul><div class=\"page\" title=\"Page 42\"><div class=\"section\"><div class=\"layoutArea\"><div class=\"column\"><p><strong>4) Contenidos de las sesiones psicoterap\u00e9uticas<\/strong><\/p><table cellspacing=\"0\" cellpadding=\"0\"><tbody><tr><td valign=\"middle\"><p align=\"center\"><span style=\"color: #43358b; font-family: Ubuntu; font-size: small;\"><b>M\u00f3dulo<\/b><\/span><\/p><\/td><td colspan=\"2\" valign=\"middle\"><p align=\"center\"><span style=\"color: #43358b; font-family: Ubuntu; font-size: small;\"><b>M\u00f3dulo 1<\/b><\/span><\/p><\/td><td valign=\"middle\"><p align=\"center\"><span style=\"color: #43358b; font-family: Ubuntu; font-size: small;\"><b>M\u00f3dulo 2<\/b><\/span><\/p><\/td><td valign=\"middle\"><p align=\"center\"><span style=\"color: #43358b; font-family: Ubuntu; font-size: small;\"><b>M\u00f3dulo 3<\/b><\/span><\/p><\/td><td colspan=\"2\" valign=\"middle\"><p align=\"center\"><span style=\"color: #43358b; font-family: Ubuntu; font-size: small;\"><b>M\u00f3dulo 4<\/b><\/span><\/p><\/td><td colspan=\"2\" valign=\"middle\"><p align=\"center\"><span style=\"color: #43358b; font-family: Ubuntu; font-size: small;\"><b>M\u00f3dulo 5<\/b><\/span><\/p><\/td><td colspan=\"2\" valign=\"middle\"><p align=\"center\"><span style=\"color: #43358b; font-family: Ubuntu; font-size: small;\"><b>M\u00f3dulo 6<\/b><\/span><\/p><\/td><td colspan=\"2\" valign=\"middle\"><p align=\"center\"><span style=\"color: #43358b; font-family: Ubuntu; font-size: small;\"><b>M\u00f3dulo 7<\/b><\/span><\/p><\/td><\/tr><tr><td valign=\"middle\"><p><span style=\"color: #676767; font-family: Ubuntu; font-size: small;\">Contenidos<\/span><\/p><\/td><td colspan=\"2\" valign=\"middle\"><p><span style=\"color: #676767; font-family: Ubuntu; font-size: small;\">Cohesi\u00f3n grupal y motivaci\u00f3n al cambio<\/span><\/p><\/td><td valign=\"middle\"><p><span style=\"color: #676767; font-family: Ubuntu; font-size: small;\">Construcci\u00f3n de identidad de g\u00e9nero<\/span><\/p><\/td><td valign=\"middle\"><p><span style=\"color: #676767; font-family: Ubuntu; font-size: small;\">Violencia en la pareja<\/span><\/p><\/td><td colspan=\"2\" valign=\"middle\"><p><span style=\"color: #676767; font-family: Ubuntu; font-size: small;\">Identificaci\u00f3n de pensamientos distorsionados<\/span><\/p><\/td><td colspan=\"2\" valign=\"middle\"><p><span style=\"color: #676767; font-family: Ubuntu; font-size: small;\">Identificaci\u00f3n de emociones y manejo de la ira<\/span><\/p><\/td><td colspan=\"2\" valign=\"middle\"><p><span style=\"color: #676767; font-family: Ubuntu; font-size: small;\">Comunicaci\u00f3n y resoluci\u00f3n de conflictos en la pareja<\/span><\/p><\/td><td colspan=\"2\" valign=\"middle\"><p><span style=\"color: #676767; font-family: Ubuntu; font-size: small;\">Prevenci\u00f3n de reca\u00eddas en comportamientos violentos.<\/span><\/p><\/td><\/tr><tr><td valign=\"middle\"><p align=\"center\"><span style=\"color: #43358b; font-family: Ubuntu; font-size: small;\"><b>No Sesi\u00f3n<\/b><\/span><\/p><\/td><td valign=\"middle\"><p align=\"center\"><span style=\"color: #43358b; font-family: Ubuntu; font-size: small;\"><b>1<\/b><\/span><\/p><\/td><td valign=\"middle\"><p align=\"center\"><span style=\"color: #43358b; font-family: Ubuntu; font-size: small;\"><b>2<\/b><\/span><\/p><\/td><td valign=\"middle\"><p align=\"center\"><span style=\"color: #43358b; font-family: Ubuntu; font-size: small;\"><b>3<\/b><\/span><\/p><\/td><td valign=\"middle\"><p align=\"center\"><span style=\"color: #43358b; font-family: Ubuntu; font-size: small;\"><b>4<\/b><\/span><\/p><\/td><td valign=\"middle\"><p align=\"center\"><span style=\"color: #43358b; font-family: Ubuntu; font-size: small;\"><b>5<\/b><\/span><\/p><\/td><td valign=\"middle\"><p align=\"center\"><span style=\"color: #43358b; font-family: Ubuntu; font-size: small;\"><b>6<\/b><\/span><\/p><\/td><td valign=\"middle\"><p align=\"center\"><span style=\"color: #43358b; font-family: Ubuntu; font-size: small;\"><b>7<\/b><\/span><\/p><\/td><td valign=\"middle\"><p align=\"center\"><span style=\"color: #43358b; font-family: Ubuntu; font-size: small;\"><b>8<\/b><\/span><\/p><\/td><td valign=\"middle\"><p align=\"center\"><span style=\"color: #43358b; font-family: Ubuntu; font-size: small;\"><b>9<\/b><\/span><\/p><\/td><td valign=\"middle\"><p align=\"center\"><span style=\"color: #43358b; font-family: Ubuntu; font-size: small;\"><b>10<\/b><\/span><\/p><\/td><td valign=\"middle\"><p align=\"center\"><span style=\"color: #43358b; font-family: Ubuntu; font-size: small;\"><b>11<\/b><\/span><\/p><\/td><td valign=\"middle\"><p align=\"center\"><span style=\"color: #43358b; font-family: Ubuntu; font-size: small;\"><b>12<\/b><\/span><\/p><\/td><\/tr><\/tbody><\/table><\/div><\/div><\/div><\/div><\/div><\/div><\/div><\/div><\/div><\/div><\/div><\/div><\/div>\n\t\t\t\t<\/div>\n\t\t\t\t<\/div>\n\t\t\t\t\t\t<\/div>\n\t\t\t\t\t<\/div>\n\t\t<\/div>\n\t\t\t\t\t\t\t\t<\/div>\n\t\t\t\t\t<\/div>\n\t\t<\/section>\n\t\t\t\t<section class=\"elementor-section elementor-top-section elementor-element elementor-element-ae82b0d elementor-section-boxed elementor-section-height-default elementor-section-height-default\" data-id=\"ae82b0d\" data-element_type=\"section\">\n\t\t\t\t\t\t<div class=\"elementor-container elementor-column-gap-default\">\n\t\t\t\t\t\t\t<div class=\"elementor-row\">\n\t\t\t\t\t<div class=\"elementor-column elementor-col-100 elementor-top-column elementor-element elementor-element-3b01b98\" data-id=\"3b01b98\" data-element_type=\"column\">\n\t\t\t<div class=\"elementor-column-wrap elementor-element-populated\">\n\t\t\t\t\t\t\t<div class=\"elementor-widget-wrap\">\n\t\t\t\t\t\t<div class=\"elementor-element elementor-element-490e35f elementor-widget elementor-widget-text-editor\" data-id=\"490e35f\" data-element_type=\"widget\" data-widget_type=\"text-editor.default\">\n\t\t\t\t<div class=\"elementor-widget-container\">\n\t\t\t\t\t<div class=\"elementor-text-editor elementor-clearfix\"><div class=\"page\" title=\"Page 42\"><div class=\"section\"><div class=\"layoutArea\"><div class=\"column\"><p><strong>5) Caracter\u00edsticas del proceso psicoterap\u00e9utico<\/strong><\/p><p style=\"padding-left: 40px;\">En los procesos de intervenci\u00f3n psicoterap\u00e9utica grupal o individual participan:<\/p><ul><li style=\"list-style-type: none;\"><ul><li><p>Agresores, que esta\u0301n siendo procesados dentro de la Ley No 348 y que son derivados por\u00a0el Ministerio P\u00fablico y Juzgados Penales.<\/p><\/li><li><p>Hombres que son parejas actuales de las usuarias del servicio, que expresan la necesidad\u00a0de participar de procesos de intervenci\u00f3n.<\/p><\/li><li><p>El proceso comprende 12 sesiones, una vez por semana y con una duraci\u00f3n de 2 hrs. por\u00a0sesi\u00f3n, en horario acordado con los participantes.<\/p><\/li><li><p>El proceso terap\u00e9utico es cerrado, sin embargo los participantes nuevos podr\u00e1n incorporarse hasta la segunda sesi\u00f3n, compensando previamente de manera individual los\u00a0contenidos de la primera sesi\u00f3n.<\/p><\/li><li><p>La atencio\u0301n psicolo\u0301gica a hombres agresores en el a\u0301rea rural, se limitar\u00e1 a la atenci\u00f3n\u00a0psicol\u00f3gica individual, debido a la dificultad de convocar a los hombres de manera grupal por las caracter\u00edsticas demogr\u00e1ficas.<\/p><p>\u00a0<\/p><\/li><\/ul><\/li><\/ul><p><strong>6) Valoracio\u0301n psicol\u00f3gica inicial y final de hombres agresores de su pareja<\/strong><\/p><ul><li><p>La evaluacio\u0301n inicial se har\u00e1 de forma individual con cada participante, esta acci\u00f3n se realiza con anticipacio\u0301n al inicio de las sesiones. El psic\u00f3logo hara\u0301 una entrevista con cada participante para aplicar la bater\u00eda de instrumentos.<\/p><\/li><li><p>La valoraci\u00f3n final ser\u00e1 individual.<\/p><\/li><li><p>Durante el proceso terap\u00e9utico se utilizan recursos o est\u00edmulos efectivos para el desarrollo de las sesiones, estos recursos se proponen en los anexos de la presente edici\u00f3n.<\/p><\/li><li><p>Los grupos psicoterap\u00e9uticos al tener caracteri\u0301sticas de terapia grupal, necesariamente deben ser conducido por un profesional psic\u00f3logo con habilidades en el manejo de grupos.<\/p><\/li><\/ul><\/div><\/div><\/div><\/div><\/div>\n\t\t\t\t<\/div>\n\t\t\t\t<\/div>\n\t\t\t\t\t\t<\/div>\n\t\t\t\t\t<\/div>\n\t\t<\/div>\n\t\t\t\t\t\t\t\t<\/div>\n\t\t\t\t\t<\/div>\n\t\t<\/section>\n\t\t\t\t\t\t<\/div>\n\t\t\t\t\t\t<\/div>\n\t\t\t\t\t<\/div>\n\t\t","protected":false},"excerpt":{"rendered":"<p>2.1 Marco general de la Gu\u00eda de Atenci\u00f3n a Mujeres V\u00edctimas de Violencia &#8211; GAVVI En base al marco conceptual que explica las causas de la violencia contra la mujer, la gui\u0301a tiene un enfoque multidisciplinario. Toma a la psicologi\u0301a, el derecho y el trabajo social como las principales disciplinas para que las mujeres restituyan &hellip;<\/p>\n<p class=\"read-more\"> <a class=\"\" href=\"https:\/\/alvi.centrojuanaazurduy.org\/index.php\/2-estrategia-de-atencion-a-mujeres-en-situacion-de-violencia\/\"> <span class=\"screen-reader-text\">2. ESTRATEGIA DE ATENCI\u00d3N A MUJERES EN SITUACI\u00d3N DE VIOLENCIA<\/span> Leer m\u00e1s &raquo;<\/a><\/p>\n","protected":false},"author":1,"featured_media":0,"comment_status":"closed","ping_status":"closed","sticky":false,"template":"","format":"standard","meta":{"footnotes":""},"categories":[4],"tags":[],"class_list":["post-2767","post","type-post","status-publish","format-standard","hentry","category-gavvi"],"_links":{"self":[{"href":"https:\/\/alvi.centrojuanaazurduy.org\/index.php\/wp-json\/wp\/v2\/posts\/2767","targetHints":{"allow":["GET"]}}],"collection":[{"href":"https:\/\/alvi.centrojuanaazurduy.org\/index.php\/wp-json\/wp\/v2\/posts"}],"about":[{"href":"https:\/\/alvi.centrojuanaazurduy.org\/index.php\/wp-json\/wp\/v2\/types\/post"}],"author":[{"embeddable":true,"href":"https:\/\/alvi.centrojuanaazurduy.org\/index.php\/wp-json\/wp\/v2\/users\/1"}],"replies":[{"embeddable":true,"href":"https:\/\/alvi.centrojuanaazurduy.org\/index.php\/wp-json\/wp\/v2\/comments?post=2767"}],"version-history":[{"count":9,"href":"https:\/\/alvi.centrojuanaazurduy.org\/index.php\/wp-json\/wp\/v2\/posts\/2767\/revisions"}],"predecessor-version":[{"id":5209,"href":"https:\/\/alvi.centrojuanaazurduy.org\/index.php\/wp-json\/wp\/v2\/posts\/2767\/revisions\/5209"}],"wp:attachment":[{"href":"https:\/\/alvi.centrojuanaazurduy.org\/index.php\/wp-json\/wp\/v2\/media?parent=2767"}],"wp:term":[{"taxonomy":"category","embeddable":true,"href":"https:\/\/alvi.centrojuanaazurduy.org\/index.php\/wp-json\/wp\/v2\/categories?post=2767"},{"taxonomy":"post_tag","embeddable":true,"href":"https:\/\/alvi.centrojuanaazurduy.org\/index.php\/wp-json\/wp\/v2\/tags?post=2767"}],"curies":[{"name":"wp","href":"https:\/\/api.w.org\/{rel}","templated":true}]}}