{"id":253,"date":"2020-11-22T22:18:39","date_gmt":"2020-11-23T02:18:39","guid":{"rendered":"http:\/\/gavvi.monstruoestudio.com\/?p=253"},"modified":"2021-06-02T17:42:41","modified_gmt":"2021-06-02T21:42:41","slug":"2-1-datos-para-visualizar-la-violencia-en-razon-de-genero","status":"publish","type":"post","link":"https:\/\/alvi.centrojuanaazurduy.org\/index.php\/2-1-datos-para-visualizar-la-violencia-en-razon-de-genero\/","title":{"rendered":"2.1. Datos para visualizar la violencia en raz\u00f3n de g\u00e9nero"},"content":{"rendered":"\t\t<div data-elementor-type=\"wp-post\" data-elementor-id=\"253\" class=\"elementor elementor-253\" data-elementor-settings=\"[]\">\n\t\t\t\t\t\t<div class=\"elementor-inner\">\n\t\t\t\t\t\t\t<div class=\"elementor-section-wrap\">\n\t\t\t\t\t\t\t<section class=\"elementor-section elementor-top-section elementor-element elementor-element-464d08f8 elementor-section-boxed elementor-section-height-default elementor-section-height-default\" data-id=\"464d08f8\" data-element_type=\"section\">\n\t\t\t\t\t\t<div class=\"elementor-container elementor-column-gap-default\">\n\t\t\t\t\t\t\t<div class=\"elementor-row\">\n\t\t\t\t\t<div class=\"elementor-column elementor-col-100 elementor-top-column elementor-element elementor-element-e3f39bb\" data-id=\"e3f39bb\" data-element_type=\"column\">\n\t\t\t<div class=\"elementor-column-wrap elementor-element-populated\">\n\t\t\t\t\t\t\t<div class=\"elementor-widget-wrap\">\n\t\t\t\t\t\t<div class=\"elementor-element elementor-element-33d81503 elementor-widget elementor-widget-theme-post-title elementor-page-title elementor-widget-heading\" data-id=\"33d81503\" data-element_type=\"widget\" data-widget_type=\"theme-post-title.default\">\n\t\t\t\t<div class=\"elementor-widget-container\">\n\t\t\t<h2 class=\"elementor-heading-title elementor-size-default\">2.1. Datos para visualizar la violencia en raz\u00f3n de g\u00e9nero<\/h2>\t\t<\/div>\n\t\t\t\t<\/div>\n\t\t\t\t\t\t<\/div>\n\t\t\t\t\t<\/div>\n\t\t<\/div>\n\t\t\t\t\t\t\t\t<\/div>\n\t\t\t\t\t<\/div>\n\t\t<\/section>\n\t\t\t\t<section class=\"elementor-section elementor-top-section elementor-element elementor-element-6c95e2ae elementor-section-boxed elementor-section-height-default elementor-section-height-default\" data-id=\"6c95e2ae\" data-element_type=\"section\">\n\t\t\t\t\t\t<div class=\"elementor-container elementor-column-gap-default\">\n\t\t\t\t\t\t\t<div class=\"elementor-row\">\n\t\t\t\t\t<div class=\"elementor-column elementor-col-100 elementor-top-column elementor-element elementor-element-44a1d92\" data-id=\"44a1d92\" data-element_type=\"column\">\n\t\t\t<div class=\"elementor-column-wrap elementor-element-populated\">\n\t\t\t\t\t\t\t<div class=\"elementor-widget-wrap\">\n\t\t\t\t\t\t<div class=\"elementor-element elementor-element-552f2a elementor-widget elementor-widget-text-editor\" data-id=\"552f2a\" data-element_type=\"widget\" data-widget_type=\"text-editor.default\">\n\t\t\t\t<div class=\"elementor-widget-container\">\n\t\t\t\t\t<div class=\"elementor-text-editor elementor-clearfix\"><p>Es importante visualizar algunos datos que permitan entender por qu\u00e9 es importante para los pueblos y naciones ind\u00edgenas cum<span style=\"font-size: 15px; color: var( --e-global-color-text );\">plir con s<\/span><span style=\"font-size: 15px; color: var( --e-global-color-text );\">us obligaciones con los derechos de las mujeres, especialmente el derecho a vivir libres de violencia. Ya que la colonizaci\u00f3n y el patriarcado tambi\u00e9n afectan a las comunidades, pueblos y naciones ind\u00edgena originario campesinas y se ha instalado en la m\u00e9dula de estas familias.<\/span><span style=\"font-size: 15px; color: var( --e-global-color-text );\">\u00a0<\/span><\/p><p>De acuerdo a datos de la Encuesta Naci<span style=\"font-size: 15px; color: var( --e-global-color-text );\">onal sobre prevalencia y caracter\u00edsticas de la violencia contra las mujeres en Bolivia, realizada el 2016 por el INE en coordinaci\u00f3n con el Ministerio de Justicia y Transparencia Institucional, muestra que la violencia que se ejerce contra las mujeres que viven en pareja (de 15 a\u00f1os de edad en adelante), el 44.4% de mujeres casadas o en uni\u00f3n libre han vivido situaciones de violencia en su relaci\u00f3n de pareja en los \u00faltimos 12 meses. El 42.9% en el \u00e1rea urbana y 47.6 en el \u00e1rea rural.<\/span>\u00a0<\/p><p>El Departamento de La Paz es el que tiene mayor \u00edndice de violencia, con el 66.4% y Oruro con el menor \u00edndice llegando a un 25.8%.<img loading=\"lazy\" decoding=\"async\" class=\"alignnone wp-image-1452 size-full\" style=\"font-style: inherit; caret-color: #000000; color: #000000; text-align: start;\" src=\"http:\/\/alvi.centrojuanaazurduy.org\/wp-content\/uploads\/2020\/11\/01.png\" alt=\"\" width=\"1602\" height=\"1116\" \/><\/p><p>El segundo cuadro nos muestra el porcentaje de mujeres bolivianas de 15 a\u00f1os o m\u00e1s, casadas o en uni\u00f3n libre, que reportan haber vivido una situaci\u00f3n de violencia en su relaci\u00f3n de pareja en los \u00faltimos 12 meses, seg\u00fan tipo de violencia.<span class=\"Apple-converted-space\">\u00a0<\/span><\/p><p><img loading=\"lazy\" decoding=\"async\" class=\"alignnone wp-image-1453 size-full\" src=\"http:\/\/alvi.centrojuanaazurduy.org\/wp-content\/uploads\/2020\/11\/02.png\" alt=\"\" width=\"1788\" height=\"1014\" \/><span style=\"font-size: 15px; text-align: center; color: var( --e-global-color-text );\">Siendo la violencia psicol\u00f3gica la que predomina a nivel nacional, como se puede observar en el cuadro anterior.<\/span><span style=\"font-size: 15px; text-align: center; color: var( --e-global-color-text );\">\u00a0<\/span><\/p><p>Por otro lado, los Servicios Legales Integrales Municipales (SLIM) reportan que, de cada diez personas que acuden a estos, nueve son mujeres -incluidas las ni\u00f1as- que sufrieron agresiones f\u00edsicas, psicol\u00f3gicas, sexuales y econ\u00f3micas (INE, VIO, 2014).<span class=\"Apple-converted-space\">\u00a0<\/span><\/p><p>La Fuerza Especial de Lucha Contra la Violencia (FELCV) de la Polic\u00eda Boliviana report\u00f3, para 2013, un total de 41.256 denuncias de violencia contra mujeres, en 2014 report\u00f3 30.054 denuncias y, en 2015, se registraron 34.016 denuncias.<span class=\"Apple-converted-space\">\u00a0<\/span><\/p><p>Entre los a\u00f1os 2013 y 2015 se registraron 314 feminicidios: en 2013, han sido asesinadas 9 mujeres cada mes, en 2014 fueron 10 y en 2015, 8 mujeres. Las denuncias por violencia sexual ocupan el 68,5% del total de denuncias realizadas ante la FELCV. Siendo los departamentos de La Paz, Santa Cruz y Cochabamba los que mayores casos de violencia han reportado.<span class=\"Apple-converted-space\">\u00a0<\/span><\/p><p>El a\u00f1o 2016, la FELCV report\u00f3 71 feminicidios. Las estad\u00edsticas de la violencia intrafamiliar figuran como el hecho m\u00e1s com\u00fan que se ha registrado en el pa\u00eds, casi en un promedio de 90 por d\u00eda, desde el 1 de enero hasta el 31 de mayo de 2016. Los hechos de violencia contra las mujeres son cometidos generalmente por familiares y parejas.<span class=\"Apple-converted-space\">\u00a0<\/span><\/p><p><img loading=\"lazy\" decoding=\"async\" class=\"alignnone wp-image-1491 size-full\" src=\"http:\/\/alvi.centrojuanaazurduy.org\/wp-content\/uploads\/2020\/11\/03-1.png\" alt=\"\" width=\"1612\" height=\"818\" \/><\/p><p>De acuerdo al \u00faltimo informe de la Fiscal\u00eda General del Estado (La Raz\u00f3n \/12\/2017), en la gesti\u00f3n se dieron 103 feminicidios, de los cuales 27 se registraron en La Paz, 26 en Cochabamba, 16 en Santa Cruz, 10 en Chuquisaca, 8 en Oruro, 7 en Tarija, 5 en Potos\u00ed y 4 en Beni.<span class=\"Apple-converted-space\">\u00a0<\/span><\/p><p>Por otra parte, se registraron 29.509 casos de violencia dom\u00e9stica; de los cuales Santa Cruz con 8.561 casos, La Paz con 6.813, Cochabamba con 5.268, Tarija con 2.710, Potos\u00ed con 1.684, Chuquisaca con 1.642, Oruro con 1.194, Beni con 1.065 y Pando con 572 casos. Tambi\u00e9n se registraron 4.329 casos de agresi\u00f3n sexual, de los cuales 1.442 son de abuso sexual, 1.127 de violaci\u00f3n de infante, ni\u00f1o, ni\u00f1a o adolescente, 1.715 de violaci\u00f3n.<span class=\"Apple-converted-space\">\u00a0<\/span><\/p><p>Son datos que reflejan el delicado estado de situaci\u00f3n de la mitad de la poblaci\u00f3n boliviana, y a\u00fan es un enorme reto, contar con informaci\u00f3n desagregada por naci\u00f3n, pueblo, comunidad ind\u00edgena originario campesina, que adem\u00e1s permita un an\u00e1lisis real de la situaci\u00f3n de las mujeres ind\u00edgenas.<\/p><\/div>\n\t\t\t\t<\/div>\n\t\t\t\t<\/div>\n\t\t\t\t\t\t<\/div>\n\t\t\t\t\t<\/div>\n\t\t<\/div>\n\t\t\t\t\t\t\t\t<\/div>\n\t\t\t\t\t<\/div>\n\t\t<\/section>\n\t\t\t\t\t\t<\/div>\n\t\t\t\t\t\t<\/div>\n\t\t\t\t\t<\/div>\n\t\t","protected":false},"excerpt":{"rendered":"<p>Es importante visualizar algunos datos que permitan entender por qu\u00e9 es importante para los pueblos y naciones ind\u00edgenas cumplir con sus obligaciones con los derechos de las mujeres, especialmente el derecho a vivir libres de violencia. Ya que la colonizaci\u00f3n y el patriarcado tambi\u00e9n afectan a las comunidades, pueblos y naciones ind\u00edgena originario campesinas y &hellip;<\/p>\n<p class=\"read-more\"> <a class=\"\" href=\"https:\/\/alvi.centrojuanaazurduy.org\/index.php\/2-1-datos-para-visualizar-la-violencia-en-razon-de-genero\/\"> <span class=\"screen-reader-text\">2.1. Datos para visualizar la violencia en raz\u00f3n de g\u00e9nero<\/span> Leer m\u00e1s &raquo;<\/a><\/p>\n","protected":false},"author":1,"featured_media":0,"comment_status":"closed","ping_status":"closed","sticky":false,"template":"","format":"standard","meta":{"footnotes":""},"categories":[5],"tags":[],"class_list":["post-253","post","type-post","status-publish","format-standard","hentry","category-jioc"],"_links":{"self":[{"href":"https:\/\/alvi.centrojuanaazurduy.org\/index.php\/wp-json\/wp\/v2\/posts\/253","targetHints":{"allow":["GET"]}}],"collection":[{"href":"https:\/\/alvi.centrojuanaazurduy.org\/index.php\/wp-json\/wp\/v2\/posts"}],"about":[{"href":"https:\/\/alvi.centrojuanaazurduy.org\/index.php\/wp-json\/wp\/v2\/types\/post"}],"author":[{"embeddable":true,"href":"https:\/\/alvi.centrojuanaazurduy.org\/index.php\/wp-json\/wp\/v2\/users\/1"}],"replies":[{"embeddable":true,"href":"https:\/\/alvi.centrojuanaazurduy.org\/index.php\/wp-json\/wp\/v2\/comments?post=253"}],"version-history":[{"count":3,"href":"https:\/\/alvi.centrojuanaazurduy.org\/index.php\/wp-json\/wp\/v2\/posts\/253\/revisions"}],"predecessor-version":[{"id":4772,"href":"https:\/\/alvi.centrojuanaazurduy.org\/index.php\/wp-json\/wp\/v2\/posts\/253\/revisions\/4772"}],"wp:attachment":[{"href":"https:\/\/alvi.centrojuanaazurduy.org\/index.php\/wp-json\/wp\/v2\/media?parent=253"}],"wp:term":[{"taxonomy":"category","embeddable":true,"href":"https:\/\/alvi.centrojuanaazurduy.org\/index.php\/wp-json\/wp\/v2\/categories?post=253"},{"taxonomy":"post_tag","embeddable":true,"href":"https:\/\/alvi.centrojuanaazurduy.org\/index.php\/wp-json\/wp\/v2\/tags?post=253"}],"curies":[{"name":"wp","href":"https:\/\/api.w.org\/{rel}","templated":true}]}}