{"id":2512,"date":"2020-11-27T21:43:17","date_gmt":"2020-11-28T01:43:17","guid":{"rendered":"http:\/\/gavvi.monstruoestudio.com\/?p=2512"},"modified":"2020-11-27T21:43:17","modified_gmt":"2020-11-28T01:43:17","slug":"quinta-fase-reparacion-integral-del-dano-restitucion","status":"publish","type":"post","link":"https:\/\/alvi.centrojuanaazurduy.org\/index.php\/quinta-fase-reparacion-integral-del-dano-restitucion\/","title":{"rendered":"QUINTA FASE &#8211; REPARACI\u00d3N INTEGRAL DEL DA\u00d1O\/RESTITUCI\u00d3N"},"content":{"rendered":"\t\t<div data-elementor-type=\"wp-post\" data-elementor-id=\"2512\" class=\"elementor elementor-2512\" data-elementor-settings=\"[]\">\n\t\t\t\t\t\t<div class=\"elementor-inner\">\n\t\t\t\t\t\t\t<div class=\"elementor-section-wrap\">\n\t\t\t\t\t\t\t<section class=\"elementor-section elementor-top-section elementor-element elementor-element-2015f7e elementor-section-boxed elementor-section-height-default elementor-section-height-default\" data-id=\"2015f7e\" data-element_type=\"section\">\n\t\t\t\t\t\t<div class=\"elementor-container elementor-column-gap-default\">\n\t\t\t\t\t\t\t<div class=\"elementor-row\">\n\t\t\t\t\t<div class=\"elementor-column elementor-col-100 elementor-top-column elementor-element elementor-element-45b34a0\" data-id=\"45b34a0\" data-element_type=\"column\">\n\t\t\t<div class=\"elementor-column-wrap elementor-element-populated\">\n\t\t\t\t\t\t\t<div class=\"elementor-widget-wrap\">\n\t\t\t\t\t\t<div class=\"elementor-element elementor-element-33e0a8a elementor-widget elementor-widget-theme-post-title elementor-page-title elementor-widget-heading\" data-id=\"33e0a8a\" data-element_type=\"widget\" data-widget_type=\"theme-post-title.default\">\n\t\t\t\t<div class=\"elementor-widget-container\">\n\t\t\t<h1 class=\"elementor-heading-title elementor-size-default\">QUINTA FASE &#8211; REPARACI\u00d3N INTEGRAL DEL DA\u00d1O\/RESTITUCI\u00d3N<\/h1>\t\t<\/div>\n\t\t\t\t<\/div>\n\t\t\t\t\t\t<\/div>\n\t\t\t\t\t<\/div>\n\t\t<\/div>\n\t\t\t\t\t\t\t\t<\/div>\n\t\t\t\t\t<\/div>\n\t\t<\/section>\n\t\t\t\t<section class=\"elementor-section elementor-top-section elementor-element elementor-element-98f9f66 elementor-section-boxed elementor-section-height-default elementor-section-height-default\" data-id=\"98f9f66\" data-element_type=\"section\">\n\t\t\t\t\t\t<div class=\"elementor-container elementor-column-gap-default\">\n\t\t\t\t\t\t\t<div class=\"elementor-row\">\n\t\t\t\t\t<div class=\"elementor-column elementor-col-100 elementor-top-column elementor-element elementor-element-1bc4fc3\" data-id=\"1bc4fc3\" data-element_type=\"column\">\n\t\t\t<div class=\"elementor-column-wrap elementor-element-populated\">\n\t\t\t\t\t\t\t<div class=\"elementor-widget-wrap\">\n\t\t\t\t\t\t<div class=\"elementor-element elementor-element-2ed5a75 elementor-widget elementor-widget-text-editor\" data-id=\"2ed5a75\" data-element_type=\"widget\" data-widget_type=\"text-editor.default\">\n\t\t\t\t<div class=\"elementor-widget-container\">\n\t\t\t\t\t<div class=\"elementor-text-editor elementor-clearfix\"><div class=\"page\" title=\"Page 15\"><div class=\"section\"><div class=\"layoutArea\"><div class=\"column\"><div class=\"page\" title=\"Page 47\"><div class=\"section\"><div class=\"layoutArea\"><div class=\"column\"><div class=\"page\" title=\"Page 60\"><div class=\"section\"><div class=\"layoutArea\"><div class=\"column\"><div class=\"page\" title=\"Page 61\"><div class=\"section\"><div class=\"layoutArea\"><div class=\"column\"><p>Se entiende por reparaci\u00f3n integral o restituci\u00f3n del da\u00f1o desde las l\u00edneas o procesos que la v\u00edctima ha seguido hasta antes y despu\u00e9s de haberse dictado sentencia. La reparaci\u00f3n del da\u00f1o estar\u00e1 basada en el enfoque de derechos humanos, de g\u00e9nero y de interculturalidad, para garantizarle a la v\u00edctima una atenci\u00f3n integral desde que inicia el proceso penal y terap\u00e9utico hasta el final de los mismos.<\/p><p>Desde un enfoque legal, se entiende reparaci\u00f3n integral del da\u00f1o al proceso penal que la v\u00edctima sigue y llega a la culminaci\u00f3n con la sentencia hacia el agresor. Esto le garantizar\u00e1 y\/o devolver\u00e1 seguridad en s\u00ed misma porque la veracidad de sus declaraciones ante el hecho habr\u00e1 sido tomada en cuenta en cada una de las etapas legales, lo que afirmar\u00e1 de alg\u00fan modo su estabilidad social y familiar al mantenerse alejada y resguardada de su agresor.<\/p><p>Llegar a esta etapa legal implica que \u00e9l o la profesional que ha venido patrocinando a la v\u00edctima, los familiares o tutores, puede iniciar un proceso civil para la calificaci\u00f3n y reparaci\u00f3n del da\u00f1o si es que la Jueza o Juez no lo ha dispuesto, lo que conlleva una nueva ruta legal para exigir por derecho la compensaci\u00f3n econ\u00f3mica a los da\u00f1os ocasionados a la v\u00edctima. El objetivo de este pedido no ser\u00e1 de ninguna manera monetizar el da\u00f1o, sino buscar el apoyo a la restituci\u00f3n psicoafectiva, social y educativa<br \/>de la v\u00edctima.<\/p><p>Desde el enfoque terap\u00e9utico, se entender\u00e1 como reparaci\u00f3n integral del da\u00f1o al proceso concluido de las etapas o sesiones que la v\u00edctima recibi\u00f3 durante el proceso penal o despu\u00e9s del mismo. En algunas entidades se marcar\u00e1 una ruta clara para llegar a la restituci\u00f3n psicoemocional bajo los enfoques psicoterap\u00e9uticos que gu\u00eden las intervenciones o que proponga el equipo de profesionales de las instituciones establecidas para este trabajo. Se reconoce, bajo los criterios psicol\u00f3gicos, que la violencia sexual (en cualquiera de sus tipificaciones), deja huellas en la v\u00edctima, por esta raz\u00f3n cada instituci\u00f3n abordar\u00e1 el trabajo psicoterap\u00e9utico con la v\u00edctima y con su entorno familiar para que el efecto de reelaboraci\u00f3n de la situaci\u00f3n vivida, la elecci\u00f3n de nuevas habilidades sociales o fortalecimiento de las mismas, apoyen de gran manera a su relacionamiento cotidiano con todo su entorno durante su vida.<\/p><p>La Restituci\u00f3n del Da\u00f1o integral representa entonces la culminaci\u00f3n de ambos procesos, el legal con una sentencia condenatoria y el psicol\u00f3gico, con todo un camino terap\u00e9utico recorrido por la v\u00edctima.<\/p><\/div><\/div><\/div><\/div><\/div><\/div><\/div><\/div><\/div><\/div><\/div><\/div><\/div><\/div><\/div><\/div><\/div>\n\t\t\t\t<\/div>\n\t\t\t\t<\/div>\n\t\t\t\t\t\t<\/div>\n\t\t\t\t\t<\/div>\n\t\t<\/div>\n\t\t\t\t\t\t\t\t<\/div>\n\t\t\t\t\t<\/div>\n\t\t<\/section>\n\t\t\t\t<section class=\"elementor-section elementor-top-section elementor-element elementor-element-9092c8f elementor-section-boxed elementor-section-height-default elementor-section-height-default\" data-id=\"9092c8f\" data-element_type=\"section\">\n\t\t\t\t\t\t<div class=\"elementor-container elementor-column-gap-default\">\n\t\t\t\t\t\t\t<div class=\"elementor-row\">\n\t\t\t\t\t<div class=\"elementor-column elementor-col-100 elementor-top-column elementor-element elementor-element-3d1f96d\" data-id=\"3d1f96d\" data-element_type=\"column\">\n\t\t\t<div class=\"elementor-column-wrap elementor-element-populated\">\n\t\t\t\t\t\t\t<div class=\"elementor-widget-wrap\">\n\t\t\t\t\t\t<div class=\"elementor-element elementor-element-248faf1 elementor-widget elementor-widget-heading\" data-id=\"248faf1\" data-element_type=\"widget\" data-widget_type=\"heading.default\">\n\t\t\t\t<div class=\"elementor-widget-container\">\n\t\t\t<h2 class=\"elementor-heading-title elementor-size-default\">1. \u00bfQUI\u00c9NES PUEDEN ASISTIR A LA V\u00cdCTIMA PARA SOLICITAR LA REPARACI\u00d3N\nINTEGRAL DEL DA\u00d1O?<\/h2>\t\t<\/div>\n\t\t\t\t<\/div>\n\t\t\t\t\t\t<\/div>\n\t\t\t\t\t<\/div>\n\t\t<\/div>\n\t\t\t\t\t\t\t\t<\/div>\n\t\t\t\t\t<\/div>\n\t\t<\/section>\n\t\t\t\t<section class=\"elementor-section elementor-top-section elementor-element elementor-element-55f5e26 elementor-section-boxed elementor-section-height-default elementor-section-height-default\" data-id=\"55f5e26\" data-element_type=\"section\">\n\t\t\t\t\t\t<div class=\"elementor-container elementor-column-gap-default\">\n\t\t\t\t\t\t\t<div class=\"elementor-row\">\n\t\t\t\t\t<div class=\"elementor-column elementor-col-100 elementor-top-column elementor-element elementor-element-d81db79\" data-id=\"d81db79\" data-element_type=\"column\">\n\t\t\t<div class=\"elementor-column-wrap elementor-element-populated\">\n\t\t\t\t\t\t\t<div class=\"elementor-widget-wrap\">\n\t\t\t\t\t\t<div class=\"elementor-element elementor-element-127dcb3 elementor-widget elementor-widget-text-editor\" data-id=\"127dcb3\" data-element_type=\"widget\" data-widget_type=\"text-editor.default\">\n\t\t\t\t<div class=\"elementor-widget-container\">\n\t\t\t\t\t<div class=\"elementor-text-editor elementor-clearfix\"><ul><li>Defensor\u00edas de la Ni\u00f1ez y Adolescencia (DNA), patrocinan a la v\u00edctima durante la persecuci\u00f3n penal, hacen un segumiento social con las medidas de protecci\u00f3n que las autoridades competentes hayan determinado a favor de la misma y gu\u00edan el proceso psicoterap\u00e9utico, asimismo se articulan con otras entidades para garantizar que la v\u00edctima desarrolle este proceso en los tiempos previstos.\u00a0<span style=\"font-size: 15px; color: var( --e-global-color-text );\">Esta constituye una competencia del nivel municipal.<\/span><\/li><li><span style=\"font-size: 15px; color: var( --e-global-color-text );\">Servicio de Gesti\u00f3n Social (SEDEGES), CEPAT, u otras dependencias del SEDEGES. Su abordaje\u00a0<\/span><span style=\"font-size: 15px; color: var( --e-global-color-text );\">y apoyo a la v\u00edctima estar\u00e1 centrado en la l\u00ednea psicoterap\u00e9utica y de bienestar social. Esto ser\u00e1\u00a0<\/span><span style=\"font-size: 15px; color: var( --e-global-color-text );\">asumido a nivel departamental.<\/span><\/li><li>SEPDAVI (atenci\u00f3n de v\u00edctimas en general). El apoyo y acompa\u00f1amiento de esta entidad, estar\u00e1 concentrado en el \u00e1mbito legal y el apoyo psicoterap\u00e9utico. Este se lo desarrollar\u00e1 a nivel estatal, ya que es una entidad descentralizada del Miisterio de justicia y Transparencia Institucional.<\/li><li>Fundaciones, Asociaciones y ONGs especializadas en el abordaje de las violencias. Las mismas brindar\u00e1n, de acuerdo a sus competencias y enfoques de la normativa y el presente protocolo, apoyo legal y\/o apoyo terap\u00e9utico. Estas pueden estar articuladas con todas las estructuras gubernamentales o abordar el patrocinio de la v\u00edctima de manera aut\u00f3noma en cualquiera de los niveles mencionados.<\/li><\/ul><\/div>\n\t\t\t\t<\/div>\n\t\t\t\t<\/div>\n\t\t\t\t\t\t<\/div>\n\t\t\t\t\t<\/div>\n\t\t<\/div>\n\t\t\t\t\t\t\t\t<\/div>\n\t\t\t\t\t<\/div>\n\t\t<\/section>\n\t\t\t\t<section class=\"elementor-section elementor-top-section elementor-element elementor-element-002a7af elementor-section-boxed elementor-section-height-default elementor-section-height-default\" data-id=\"002a7af\" data-element_type=\"section\">\n\t\t\t\t\t\t<div class=\"elementor-container elementor-column-gap-default\">\n\t\t\t\t\t\t\t<div class=\"elementor-row\">\n\t\t\t\t\t<div class=\"elementor-column elementor-col-100 elementor-top-column elementor-element elementor-element-6e07120\" data-id=\"6e07120\" data-element_type=\"column\">\n\t\t\t<div class=\"elementor-column-wrap elementor-element-populated\">\n\t\t\t\t\t\t\t<div class=\"elementor-widget-wrap\">\n\t\t\t\t\t\t<div class=\"elementor-element elementor-element-0a5390c elementor-widget elementor-widget-text-editor\" data-id=\"0a5390c\" data-element_type=\"widget\" data-widget_type=\"text-editor.default\">\n\t\t\t\t<div class=\"elementor-widget-container\">\n\t\t\t\t\t<div class=\"elementor-text-editor elementor-clearfix\"><div class=\"page\" title=\"Page 61\"><div class=\"section\"><div class=\"layoutArea\"><div class=\"column\"><div class=\"page\" title=\"Page 62\"><div class=\"section\"><div class=\"layoutArea\"><div class=\"column\"><p><strong>Resguardo y Protecci\u00f3n de la V\u00edctima<\/strong><br \/>El Ministerio P\u00fablico tiene la facultad de solicitar a las entidades encargadas la implemetacion, de medidas de protecci\u00f3n a la v\u00edctima, desde el primer momento que se conoce del hecho delictivo, durante la persecuci\u00f3n penal y una vez que haya concluido el proceso penal, o cuando \u00e9stas sean necesarias.<\/p><\/div><\/div><\/div><\/div><\/div><\/div><\/div><\/div><\/div>\n\t\t\t\t<\/div>\n\t\t\t\t<\/div>\n\t\t\t\t\t\t<\/div>\n\t\t\t\t\t<\/div>\n\t\t<\/div>\n\t\t\t\t\t\t\t\t<\/div>\n\t\t\t\t\t<\/div>\n\t\t<\/section>\n\t\t\t\t<section class=\"elementor-section elementor-top-section elementor-element elementor-element-e28b6c6 elementor-section-boxed elementor-section-height-default elementor-section-height-default\" data-id=\"e28b6c6\" data-element_type=\"section\">\n\t\t\t\t\t\t<div class=\"elementor-container elementor-column-gap-default\">\n\t\t\t\t\t\t\t<div class=\"elementor-row\">\n\t\t\t\t\t<div class=\"elementor-column elementor-col-100 elementor-top-column elementor-element elementor-element-9f725b4\" data-id=\"9f725b4\" data-element_type=\"column\">\n\t\t\t<div class=\"elementor-column-wrap elementor-element-populated\">\n\t\t\t\t\t\t\t<div class=\"elementor-widget-wrap\">\n\t\t\t\t\t\t<div class=\"elementor-element elementor-element-e3da813 elementor-widget elementor-widget-heading\" data-id=\"e3da813\" data-element_type=\"widget\" data-widget_type=\"heading.default\">\n\t\t\t\t<div class=\"elementor-widget-container\">\n\t\t\t<h2 class=\"elementor-heading-title elementor-size-default\">2. MEDIDAS DE PROTECCI\u00d3N Y ASISTENCIA POSTERIORES AL PROCESO\nPENAL<\/h2>\t\t<\/div>\n\t\t\t\t<\/div>\n\t\t\t\t\t\t<\/div>\n\t\t\t\t\t<\/div>\n\t\t<\/div>\n\t\t\t\t\t\t\t\t<\/div>\n\t\t\t\t\t<\/div>\n\t\t<\/section>\n\t\t\t\t<section class=\"elementor-section elementor-top-section elementor-element elementor-element-bcc3c15 elementor-section-boxed elementor-section-height-default elementor-section-height-default\" data-id=\"bcc3c15\" data-element_type=\"section\">\n\t\t\t\t\t\t<div class=\"elementor-container elementor-column-gap-default\">\n\t\t\t\t\t\t\t<div class=\"elementor-row\">\n\t\t\t\t\t<div class=\"elementor-column elementor-col-100 elementor-top-column elementor-element elementor-element-1b19849\" data-id=\"1b19849\" data-element_type=\"column\">\n\t\t\t<div class=\"elementor-column-wrap elementor-element-populated\">\n\t\t\t\t\t\t\t<div class=\"elementor-widget-wrap\">\n\t\t\t\t\t\t<div class=\"elementor-element elementor-element-866a744 elementor-widget elementor-widget-text-editor\" data-id=\"866a744\" data-element_type=\"widget\" data-widget_type=\"text-editor.default\">\n\t\t\t\t<div class=\"elementor-widget-container\">\n\t\t\t\t\t<div class=\"elementor-text-editor elementor-clearfix\"><p>Para asumir como medidas de protecci\u00f3n y asistencia a la v\u00edctima despu\u00e9s del proceso penal, se debe tener en cuenta que la v\u00edctima est\u00e9 resguardada ante cualquier amenaza o riesgo. Cuando todas las medidas de protecci\u00f3n han sido efectivas durante la persecuci\u00f3n penal, las autoridades competentes mantendr\u00e1n en vigencia las medidas tomadas o determinar\u00e1n otras, de acuerdo a las nuevas amenazas o riesgos que la v\u00edctima reciba despu\u00e9s de ser dictada la sentencia o cumplida la misma, todo ello para seguir garantizando la integridad y protecci\u00f3n de la v\u00edctima durante su proceso psicoterap\u00e9utico y restituci\u00f3n del da\u00f1o recibido.\u00a0<\/p><p>Asimismo las Defensor\u00edas de la Ni\u00f1ez y Adolescencia a nivel Nacional, los Centros Especializados en\u00a0<span style=\"font-size: 15px; color: var( --e-global-color-text );\">Prevenci\u00f3n y Atenci\u00f3n Terap\u00e9utica (CEPAT) que a nivel departamental se hayan creado por los SEDEGES\u00a0<\/span><span style=\"font-size: 15px; color: var( --e-global-color-text );\">u otras dependencias de este, los SEPDAVI (Servicio Plurinacional de atenci\u00f3n a la V\u00edctima) que se\u00a0<\/span><span style=\"font-size: 15px; color: var( --e-global-color-text );\">encuentren en los departamentos y las ONG\u00b4s especializadas en violencias, deber\u00e1n seguir brindando\u00a0<\/span><span style=\"font-size: 15px; color: var( --e-global-color-text );\">toda la atenci\u00f3n psicoterap\u00e9utica a la ni\u00f1a, ni\u00f1o o adolescente hasta que hayan concluido con todo el\u00a0<\/span><span style=\"font-size: 15px; color: var( --e-global-color-text );\">plan de trabajo, que de manera aut\u00f3noma han propuesto para la v\u00edctima hasta alcanzar el alta terap\u00e9utica\u00a0<\/span><span style=\"font-size: 15px; color: var( --e-global-color-text );\">o conclusi\u00f3n de todo este proceso.<\/span><\/p><\/div>\n\t\t\t\t<\/div>\n\t\t\t\t<\/div>\n\t\t\t\t\t\t<\/div>\n\t\t\t\t\t<\/div>\n\t\t<\/div>\n\t\t\t\t\t\t\t\t<\/div>\n\t\t\t\t\t<\/div>\n\t\t<\/section>\n\t\t\t\t<section class=\"elementor-section elementor-top-section elementor-element elementor-element-d55014f elementor-section-boxed elementor-section-height-default elementor-section-height-default\" data-id=\"d55014f\" data-element_type=\"section\">\n\t\t\t\t\t\t<div class=\"elementor-container elementor-column-gap-default\">\n\t\t\t\t\t\t\t<div class=\"elementor-row\">\n\t\t\t\t\t<div class=\"elementor-column elementor-col-100 elementor-top-column elementor-element elementor-element-b95c788\" data-id=\"b95c788\" data-element_type=\"column\">\n\t\t\t<div class=\"elementor-column-wrap elementor-element-populated\">\n\t\t\t\t\t\t\t<div class=\"elementor-widget-wrap\">\n\t\t\t\t\t\t<div class=\"elementor-element elementor-element-b9a825a elementor-widget elementor-widget-heading\" data-id=\"b9a825a\" data-element_type=\"widget\" data-widget_type=\"heading.default\">\n\t\t\t\t<div class=\"elementor-widget-container\">\n\t\t\t<h3 class=\"elementor-heading-title elementor-size-default\">2.1 TERAPIA PSICOL\u00d3GICA (INTERVENCI\u00d3N PSICOTERAP\u00c9UTICA; APOYO\nPARA REINSERCI\u00d3N ESCOLAR; EDUCACI\u00d3N ESPECIAL)<\/h3>\t\t<\/div>\n\t\t\t\t<\/div>\n\t\t\t\t\t\t<\/div>\n\t\t\t\t\t<\/div>\n\t\t<\/div>\n\t\t\t\t\t\t\t\t<\/div>\n\t\t\t\t\t<\/div>\n\t\t<\/section>\n\t\t\t\t<section class=\"elementor-section elementor-top-section elementor-element elementor-element-5fc874e elementor-section-boxed elementor-section-height-default elementor-section-height-default\" data-id=\"5fc874e\" data-element_type=\"section\">\n\t\t\t\t\t\t<div class=\"elementor-container elementor-column-gap-default\">\n\t\t\t\t\t\t\t<div class=\"elementor-row\">\n\t\t\t\t\t<div class=\"elementor-column elementor-col-100 elementor-top-column elementor-element elementor-element-60b553e\" data-id=\"60b553e\" data-element_type=\"column\">\n\t\t\t<div class=\"elementor-column-wrap elementor-element-populated\">\n\t\t\t\t\t\t\t<div class=\"elementor-widget-wrap\">\n\t\t\t\t\t\t<div class=\"elementor-element elementor-element-5a835ac elementor-widget elementor-widget-text-editor\" data-id=\"5a835ac\" data-element_type=\"widget\" data-widget_type=\"text-editor.default\">\n\t\t\t\t<div class=\"elementor-widget-container\">\n\t\t\t\t\t<div class=\"elementor-text-editor elementor-clearfix\"><p>La terapia tiene todo un camino para ser recorrido por la v\u00edctima, por la familia o personas adultas que viven en el contexto familiar, acompa\u00f1ados de un profesional en el \u00e1rea de psicolog\u00eda.<\/p><p><strong>CONTEXTO FAMILIAR:<\/strong> Muchas veces los miembros de la familia muestran se\u00f1ales y conductas de afectaci\u00f3n por la violencia suscitada en la ni\u00f1a, ni\u00f1o, adolescente, en algunos casos la magnificaci\u00f3n emocional provoca una re-victimizaci\u00f3n de la v\u00edctima y una propaganda emocional de la violencia sexual descubierta, esto no s\u00f3lo puede generar m\u00e1s violencia, angustia o sufrimiento a la v\u00edctima, tambi\u00e9n puede provocar un retroceso en su apertura para recibir el apoyo psicoterap\u00e9utico de profesionales,<br \/>que ante su realidad son desconocidos. Por esta raz\u00f3n se recomienda que tambi\u00e9n ellos y ellas puedan iniciar el proceso terap\u00e9utico antes, durante o despu\u00e9s de la atenci\u00f3n de la propia v\u00edctima, la participaci\u00f3n del entorno familiar ser\u00e1 exigida por cada profesional del \u00e1rea de acuerdo al plan de trabajo dise\u00f1ado por el enfoque psicol\u00f3gico previsto a desarrollar con la v\u00edctima.<\/p><p>Si la madre, el padre, tutor u otros familiares que viven junto a la ni\u00f1a, ni\u00f1o o adolescente trabaja sus emociones, sentimientos de culpa o cualquier vivencia, ayudar\u00e1 y acompa\u00f1ar\u00e1 con mayor fuerza y claridad a su hijo o hija v\u00edctima de violencia sexual, asimismo mejorar\u00e1 sus habilidades de comunicaci\u00f3n y relacionamiento con su entorno familiar y social. Callarse o no buscar ayuda, solo alargar\u00e1 el sufrimiento para ellos y su seres queridos.<\/p><\/div>\n\t\t\t\t<\/div>\n\t\t\t\t<\/div>\n\t\t\t\t\t\t<\/div>\n\t\t\t\t\t<\/div>\n\t\t<\/div>\n\t\t\t\t\t\t\t\t<\/div>\n\t\t\t\t\t<\/div>\n\t\t<\/section>\n\t\t\t\t<section class=\"elementor-section elementor-top-section elementor-element elementor-element-2407dc6 elementor-section-boxed elementor-section-height-default elementor-section-height-default\" data-id=\"2407dc6\" data-element_type=\"section\">\n\t\t\t\t\t\t<div class=\"elementor-container elementor-column-gap-default\">\n\t\t\t\t\t\t\t<div class=\"elementor-row\">\n\t\t\t\t\t<div class=\"elementor-column elementor-col-100 elementor-top-column elementor-element elementor-element-1c6072e\" data-id=\"1c6072e\" data-element_type=\"column\">\n\t\t\t<div class=\"elementor-column-wrap elementor-element-populated\">\n\t\t\t\t\t\t\t<div class=\"elementor-widget-wrap\">\n\t\t\t\t\t\t<div class=\"elementor-element elementor-element-d0e485d elementor-widget elementor-widget-text-editor\" data-id=\"d0e485d\" data-element_type=\"widget\" data-widget_type=\"text-editor.default\">\n\t\t\t\t<div class=\"elementor-widget-container\">\n\t\t\t\t\t<div class=\"elementor-text-editor elementor-clearfix\"><div class=\"page\" title=\"Page 61\"><div class=\"section\"><div class=\"layoutArea\"><div class=\"column\"><div class=\"page\" title=\"Page 62\"><div class=\"section\"><div class=\"layoutArea\"><div class=\"column\"><p>Las terapias son espacios de di\u00e1logo y reflexi\u00f3n para encarar de mejor manera lo que les ha sucedido como familia.<\/p><\/div><\/div><\/div><\/div><\/div><\/div><\/div><\/div><\/div>\n\t\t\t\t<\/div>\n\t\t\t\t<\/div>\n\t\t\t\t\t\t<\/div>\n\t\t\t\t\t<\/div>\n\t\t<\/div>\n\t\t\t\t\t\t\t\t<\/div>\n\t\t\t\t\t<\/div>\n\t\t<\/section>\n\t\t\t\t<section class=\"elementor-section elementor-top-section elementor-element elementor-element-e6dd240 elementor-section-boxed elementor-section-height-default elementor-section-height-default\" data-id=\"e6dd240\" data-element_type=\"section\">\n\t\t\t\t\t\t<div class=\"elementor-container elementor-column-gap-default\">\n\t\t\t\t\t\t\t<div class=\"elementor-row\">\n\t\t\t\t\t<div class=\"elementor-column elementor-col-100 elementor-top-column elementor-element elementor-element-edd537c\" data-id=\"edd537c\" data-element_type=\"column\">\n\t\t\t<div class=\"elementor-column-wrap elementor-element-populated\">\n\t\t\t\t\t\t\t<div class=\"elementor-widget-wrap\">\n\t\t\t\t\t\t<div class=\"elementor-element elementor-element-18e4a02 elementor-widget elementor-widget-text-editor\" data-id=\"18e4a02\" data-element_type=\"widget\" data-widget_type=\"text-editor.default\">\n\t\t\t\t<div class=\"elementor-widget-container\">\n\t\t\t\t\t<div class=\"elementor-text-editor elementor-clearfix\"><p>El objetivo de de la reincorporaci\u00f3n de la v\u00edctima a todos los espacios de su entorno familiar y social,<br \/>es para fortalecer su autonom\u00eda a partir de condiciones b\u00e1sicas necesarias que haya logrado en las sesiones<br \/>que el o la terapeuta haya previsto. Se buscar\u00e1 la reincorporaci\u00f3n psicoafectiva en los primeros<br \/>espacios donde la v\u00edctima se desarrolla o vive (familia, unidad educativa y otros). La reinserci\u00f3n a su<\/p><\/div>\n\t\t\t\t<\/div>\n\t\t\t\t<\/div>\n\t\t\t\t\t\t<\/div>\n\t\t\t\t\t<\/div>\n\t\t<\/div>\n\t\t\t\t\t\t\t\t<\/div>\n\t\t\t\t\t<\/div>\n\t\t<\/section>\n\t\t\t\t<section class=\"elementor-section elementor-top-section elementor-element elementor-element-443859a elementor-section-boxed elementor-section-height-default elementor-section-height-default\" data-id=\"443859a\" data-element_type=\"section\">\n\t\t\t\t\t\t<div class=\"elementor-container elementor-column-gap-default\">\n\t\t\t\t\t\t\t<div class=\"elementor-row\">\n\t\t\t\t\t<div class=\"elementor-column elementor-col-100 elementor-top-column elementor-element elementor-element-7691aaa\" data-id=\"7691aaa\" data-element_type=\"column\">\n\t\t\t<div class=\"elementor-column-wrap elementor-element-populated\">\n\t\t\t\t\t\t\t<div class=\"elementor-widget-wrap\">\n\t\t\t\t\t\t<div class=\"elementor-element elementor-element-e8901bb elementor-widget elementor-widget-heading\" data-id=\"e8901bb\" data-element_type=\"widget\" data-widget_type=\"heading.default\">\n\t\t\t\t<div class=\"elementor-widget-container\">\n\t\t\t<h3 class=\"elementor-heading-title elementor-size-default\">2.2 REINCORPORACI\u00d3N DE LA V\u00cdCTIMA<\/h3>\t\t<\/div>\n\t\t\t\t<\/div>\n\t\t\t\t\t\t<\/div>\n\t\t\t\t\t<\/div>\n\t\t<\/div>\n\t\t\t\t\t\t\t\t<\/div>\n\t\t\t\t\t<\/div>\n\t\t<\/section>\n\t\t\t\t<section class=\"elementor-section elementor-top-section elementor-element elementor-element-451b30c elementor-section-boxed elementor-section-height-default elementor-section-height-default\" data-id=\"451b30c\" data-element_type=\"section\">\n\t\t\t\t\t\t<div class=\"elementor-container elementor-column-gap-default\">\n\t\t\t\t\t\t\t<div class=\"elementor-row\">\n\t\t\t\t\t<div class=\"elementor-column elementor-col-100 elementor-top-column elementor-element elementor-element-ef1020c\" data-id=\"ef1020c\" data-element_type=\"column\">\n\t\t\t<div class=\"elementor-column-wrap elementor-element-populated\">\n\t\t\t\t\t\t\t<div class=\"elementor-widget-wrap\">\n\t\t\t\t\t\t<div class=\"elementor-element elementor-element-dbc120e elementor-widget elementor-widget-text-editor\" data-id=\"dbc120e\" data-element_type=\"widget\" data-widget_type=\"text-editor.default\">\n\t\t\t\t<div class=\"elementor-widget-container\">\n\t\t\t\t\t<div class=\"elementor-text-editor elementor-clearfix\"><p>El objetivo de de la reincorporaci\u00f3n de la v\u00edctima a todos los espacios de su entorno familiar y social, es para fortalecer su autonom\u00eda a partir de condiciones b\u00e1sicas necesarias que haya logrado en las sesiones que el o la terapeuta haya previsto. Se buscar\u00e1 la reincorporaci\u00f3n psicoafectiva en los primeros espacios donde la v\u00edctima se desarrolla o vive (familia, unidad educativa y otros). La reinserci\u00f3n a su cotidianidad deber\u00e1 contemplar el respeto, dignidad, equidad, confianza y comprensi\u00f3n de la v\u00edctima para su autoafirmaci\u00f3n personal en sus dimensiones social, cognitiva, vocacional, sexual y espiritual.<\/p><\/div>\n\t\t\t\t<\/div>\n\t\t\t\t<\/div>\n\t\t\t\t\t\t<\/div>\n\t\t\t\t\t<\/div>\n\t\t<\/div>\n\t\t\t\t\t\t\t\t<\/div>\n\t\t\t\t\t<\/div>\n\t\t<\/section>\n\t\t\t\t<section class=\"elementor-section elementor-top-section elementor-element elementor-element-426f8b4 elementor-section-boxed elementor-section-height-default elementor-section-height-default\" data-id=\"426f8b4\" data-element_type=\"section\">\n\t\t\t\t\t\t<div class=\"elementor-container elementor-column-gap-default\">\n\t\t\t\t\t\t\t<div class=\"elementor-row\">\n\t\t\t\t\t<div class=\"elementor-column elementor-col-100 elementor-top-column elementor-element elementor-element-3250382\" data-id=\"3250382\" data-element_type=\"column\">\n\t\t\t<div class=\"elementor-column-wrap elementor-element-populated\">\n\t\t\t\t\t\t\t<div class=\"elementor-widget-wrap\">\n\t\t\t\t\t\t<div class=\"elementor-element elementor-element-7979a41 elementor-widget elementor-widget-heading\" data-id=\"7979a41\" data-element_type=\"widget\" data-widget_type=\"heading.default\">\n\t\t\t\t<div class=\"elementor-widget-container\">\n\t\t\t<h3 class=\"elementor-heading-title elementor-size-default\">2.3 RESARCIMIENTO A LA V\u00cdCTIMA POR PARTE DEL AGRESOR<\/h3>\t\t<\/div>\n\t\t\t\t<\/div>\n\t\t\t\t\t\t<\/div>\n\t\t\t\t\t<\/div>\n\t\t<\/div>\n\t\t\t\t\t\t\t\t<\/div>\n\t\t\t\t\t<\/div>\n\t\t<\/section>\n\t\t\t\t<section class=\"elementor-section elementor-top-section elementor-element elementor-element-fa727c5 elementor-section-boxed elementor-section-height-default elementor-section-height-default\" data-id=\"fa727c5\" data-element_type=\"section\">\n\t\t\t\t\t\t<div class=\"elementor-container elementor-column-gap-default\">\n\t\t\t\t\t\t\t<div class=\"elementor-row\">\n\t\t\t\t\t<div class=\"elementor-column elementor-col-100 elementor-top-column elementor-element elementor-element-335bcec\" data-id=\"335bcec\" data-element_type=\"column\">\n\t\t\t<div class=\"elementor-column-wrap elementor-element-populated\">\n\t\t\t\t\t\t\t<div class=\"elementor-widget-wrap\">\n\t\t\t\t\t\t<div class=\"elementor-element elementor-element-0f79c78 elementor-widget elementor-widget-text-editor\" data-id=\"0f79c78\" data-element_type=\"widget\" data-widget_type=\"text-editor.default\">\n\t\t\t\t<div class=\"elementor-widget-container\">\n\t\t\t\t\t<div class=\"elementor-text-editor elementor-clearfix\"><p>En aplicaci\u00f3n del art\u00edculo 382 del CPP, el o la Fiscal podr\u00e1 solicitar al o la Juez\/a de Sentencia que ordene la reparaci\u00f3n del da\u00f1o o la indemnizaci\u00f3n correspondiente. En caso de que la v\u00edctima no se haya constituido en querellante, \u00e9sta podr\u00e1 solicitar la reparaci\u00f3n a trav\u00e9s del asesoramiento de la DNA para la ni\u00f1a, ni\u00f1o o adolescente.\u00a0<\/p><p>Para el resarcimiento del da\u00f1o ocasionado a la v\u00edctima por parte del agresor, se deber\u00e1 considerar toda disminuci\u00f3n, afectaci\u00f3n y menoscabo, a su estado f\u00edsico, psicol\u00f3gico, material y\/o patrimonial como consecuencia de la violencia o del hecho delictivo cometido contra su persona; considerando para ello los gastos realizados emergentes del delito.<\/p><p><strong>a) Gastos<\/strong><\/p><ul><li><em><strong>Da\u00f1o primario:<\/strong> <\/em>Comprende los gastos efectuados en la recuperaci\u00f3n y tratamientos aplicados para la misma; referidos principalmente a la asistencia m\u00e9dica, psicol\u00f3gica y otros en los que se hayan incurrido para el tratamiento o asesoramiento de la v\u00edctima durante todo el proceso penal. A efectos de determinar el da\u00f1o econ\u00f3mico deber\u00e1n considerarse todos aquellos elementos que permitan demostrar los gastos incurridos por la v\u00edctima como ser; facturas, recibos, recetas y otros.<\/li><li><em><strong>Lucro cesante y da\u00f1o emergente:<\/strong><\/em> La v\u00edctima, a trav\u00e9s de los agentes promotores de la denuncia, podr\u00e1 solicitar el resarcimiento del da\u00f1o surgido a consecuencia del hecho, as\u00ed como la indemnizaci\u00f3n por las p\u00e9rdidas de beneficios mientras la v\u00edctima se encontraba inhabilitada por su propia recuperaci\u00f3n y el periodo de duraci\u00f3n del proceso penal, as\u00ed como la incapacidad sobreviniente al hecho.<\/li><li><em><strong>Da\u00f1o secundario:<\/strong><\/em> Gastos producidos durante el proceso judicial (perdida del a\u00f1o escolar, o p\u00e9rdida de otros estudios en institutos, cambio de unidad educativa, costos).<\/li><\/ul><p><strong><span style=\"font-size: 15px; color: var( --e-global-color-text );\">b) Da\u00f1o moral y social<\/span><\/strong><\/p><ul><li><span style=\"font-size: 16px;\"><em><strong>Da\u00f1o terciario:<\/strong><\/em> Se deber\u00e1 realizar un informe del da\u00f1o social. En esta valoraci\u00f3n se tiene que ver\u00a0<\/span>c\u00f3mo la v\u00edctima ha sido perjudicado\/a, comparando la situaci\u00f3n anterior y actual de la v\u00edctima; c\u00f3mo el desarrollo del proceso penal ha trastornado su desarrollo educativo, su relacionamiento familiar y la situaci\u00f3n personal de la v\u00edctima. Un Ejemplo claro es c\u00f3mo la v\u00edctima ha sufrido estigmatizaci\u00f3n por sus pares en la unidad educativa o provocada por los medios de comunicaci\u00f3n, raz\u00f3n por la cual la familia decide cambiarla\/o de unidad educativa, cambiarse de vivienda, etc.<\/li><\/ul><p><strong>c) Aspectos necesarios para cuantificar los da\u00f1os<\/strong><\/p><ul><li>Se requerir\u00e1 una valoraci\u00f3n psicol\u00f3gica que pueda determinar: La repercusi\u00f3n y consecuencias del<br \/>hecho en todas las \u00e1reas de la vida de la v\u00edctima, as\u00ed como, determinar el tipo y consecuente periodo<br \/>de tratamiento aproximado.<\/li><li>Tambi\u00e9n se solicitar\u00e1 una pericia social para la valoraci\u00f3n del da\u00f1o de la v\u00edctima y su entorno.<\/li><\/ul><\/div>\n\t\t\t\t<\/div>\n\t\t\t\t<\/div>\n\t\t\t\t\t\t<\/div>\n\t\t\t\t\t<\/div>\n\t\t<\/div>\n\t\t\t\t\t\t\t\t<\/div>\n\t\t\t\t\t<\/div>\n\t\t<\/section>\n\t\t\t\t<section class=\"elementor-section elementor-top-section elementor-element elementor-element-3fd74a4 elementor-section-boxed elementor-section-height-default elementor-section-height-default\" data-id=\"3fd74a4\" data-element_type=\"section\">\n\t\t\t\t\t\t<div class=\"elementor-container elementor-column-gap-default\">\n\t\t\t\t\t\t\t<div class=\"elementor-row\">\n\t\t\t\t\t<div class=\"elementor-column elementor-col-100 elementor-top-column elementor-element elementor-element-91602f8\" data-id=\"91602f8\" data-element_type=\"column\">\n\t\t\t<div class=\"elementor-column-wrap elementor-element-populated\">\n\t\t\t\t\t\t\t<div class=\"elementor-widget-wrap\">\n\t\t\t\t\t\t<div class=\"elementor-element elementor-element-5332f3f elementor-widget elementor-widget-heading\" data-id=\"5332f3f\" data-element_type=\"widget\" data-widget_type=\"heading.default\">\n\t\t\t\t<div class=\"elementor-widget-container\">\n\t\t\t<h3 class=\"elementor-heading-title elementor-size-default\">2.4 REPARACI\u00d3N DEL DA\u00d1O EN CASOS DONDE EL AGRESOR ES UN ADOLESCENTE<\/h3>\t\t<\/div>\n\t\t\t\t<\/div>\n\t\t\t\t\t\t<\/div>\n\t\t\t\t\t<\/div>\n\t\t<\/div>\n\t\t\t\t\t\t\t\t<\/div>\n\t\t\t\t\t<\/div>\n\t\t<\/section>\n\t\t\t\t<section class=\"elementor-section elementor-top-section elementor-element elementor-element-8856f89 elementor-section-boxed elementor-section-height-default elementor-section-height-default\" data-id=\"8856f89\" data-element_type=\"section\">\n\t\t\t\t\t\t<div class=\"elementor-container elementor-column-gap-default\">\n\t\t\t\t\t\t\t<div class=\"elementor-row\">\n\t\t\t\t\t<div class=\"elementor-column elementor-col-100 elementor-top-column elementor-element elementor-element-3cbbb44\" data-id=\"3cbbb44\" data-element_type=\"column\">\n\t\t\t<div class=\"elementor-column-wrap elementor-element-populated\">\n\t\t\t\t\t\t\t<div class=\"elementor-widget-wrap\">\n\t\t\t\t\t\t<div class=\"elementor-element elementor-element-760c238 elementor-widget elementor-widget-text-editor\" data-id=\"760c238\" data-element_type=\"widget\" data-widget_type=\"text-editor.default\">\n\t\t\t\t<div class=\"elementor-widget-container\">\n\t\t\t\t\t<div class=\"elementor-text-editor elementor-clearfix\"><p>Seg\u00fan el C\u00f3digo Ni\u00f1a, Ni\u00f1o, Adolescente en su art. 348 una vez concluido el proceso penal y dictada sentencia, se determinar\u00e1:<\/p><p style=\"padding-left: 40px;\"><strong>I.<\/strong> Ejecutoriada la sentencia que imponga la medida socio-educativa, la v\u00edctima o el\/la Fiscal podr\u00e1 solicitar a la Jueza o al Juez que la dict\u00f3, ordene la reparaci\u00f3n del da\u00f1o causado o la indemnizaci\u00f3n correspondiente.<\/p><p style=\"padding-left: 40px;\"><strong>II.<\/strong> La v\u00edctima, a\u00fan la que no ha intervenido en el proceso, podr\u00e1 ejercer la acci\u00f3n civil, dentro de los tres (3) meses de notificada con la sentencia ejecutoriada; caso contrario, quedar\u00e1 extinguida.<\/p><p style=\"padding-left: 40px;\"><strong>III.<\/strong> La demanda deber\u00e1 ser tramitada en observancia estricta al procedimiento com\u00fan.<\/p><\/div>\n\t\t\t\t<\/div>\n\t\t\t\t<\/div>\n\t\t\t\t\t\t<\/div>\n\t\t\t\t\t<\/div>\n\t\t<\/div>\n\t\t\t\t\t\t\t\t<\/div>\n\t\t\t\t\t<\/div>\n\t\t<\/section>\n\t\t\t\t<section class=\"elementor-section elementor-top-section elementor-element elementor-element-238e77e elementor-section-boxed elementor-section-height-default elementor-section-height-default\" data-id=\"238e77e\" data-element_type=\"section\">\n\t\t\t\t\t\t<div class=\"elementor-container elementor-column-gap-default\">\n\t\t\t\t\t\t\t<div class=\"elementor-row\">\n\t\t\t\t\t<div class=\"elementor-column elementor-col-100 elementor-top-column elementor-element elementor-element-41b6ee8\" data-id=\"41b6ee8\" data-element_type=\"column\">\n\t\t\t<div class=\"elementor-column-wrap elementor-element-populated\">\n\t\t\t\t\t\t\t<div class=\"elementor-widget-wrap\">\n\t\t\t\t\t\t<div class=\"elementor-element elementor-element-7910b43 elementor-widget elementor-widget-heading\" data-id=\"7910b43\" data-element_type=\"widget\" data-widget_type=\"heading.default\">\n\t\t\t\t<div class=\"elementor-widget-container\">\n\t\t\t<h3 class=\"elementor-heading-title elementor-size-default\">2.5 CASOS NO JUDICIALIZADOS<\/h3>\t\t<\/div>\n\t\t\t\t<\/div>\n\t\t\t\t\t\t<\/div>\n\t\t\t\t\t<\/div>\n\t\t<\/div>\n\t\t\t\t\t\t\t\t<\/div>\n\t\t\t\t\t<\/div>\n\t\t<\/section>\n\t\t\t\t<section class=\"elementor-section elementor-top-section elementor-element elementor-element-0cbe656 elementor-section-boxed elementor-section-height-default elementor-section-height-default\" data-id=\"0cbe656\" data-element_type=\"section\">\n\t\t\t\t\t\t<div class=\"elementor-container elementor-column-gap-default\">\n\t\t\t\t\t\t\t<div class=\"elementor-row\">\n\t\t\t\t\t<div class=\"elementor-column elementor-col-100 elementor-top-column elementor-element elementor-element-4fef2b0\" data-id=\"4fef2b0\" data-element_type=\"column\">\n\t\t\t<div class=\"elementor-column-wrap elementor-element-populated\">\n\t\t\t\t\t\t\t<div class=\"elementor-widget-wrap\">\n\t\t\t\t\t\t<div class=\"elementor-element elementor-element-25f45ac elementor-widget elementor-widget-text-editor\" data-id=\"25f45ac\" data-element_type=\"widget\" data-widget_type=\"text-editor.default\">\n\t\t\t\t<div class=\"elementor-widget-container\">\n\t\t\t\t\t<div class=\"elementor-text-editor elementor-clearfix\"><p>Si bien estos casos constituyen infracciones que se cometen en contra de la ni\u00f1a, ni\u00f1o o adolescente, se debe tomar en cuenta el da\u00f1o o afectaci\u00f3n psicoemocional que la v\u00edctima muestra o desarrolla en su cotidianidad. Para ello las entidades promotoras y receptoras de la denuncia, derivar\u00e1n el caso para su respectiva evaluaci\u00f3n psicol\u00f3gica y posterior proceso psicoterap\u00e9utico.<\/p><p>En estos casos se sugiere trabajar con grupos de apoyo o bien de forma individualizada, pero no es una determinaci\u00f3n \u00fanica, ya que cada entidad definir\u00e1 su abordaje de acuerdo al enfoque psicoterap\u00e9utico que maneja. El objetivo es identificar distintos aspectos que afectan a la v\u00edctima de esta infracci\u00f3n para que el o la profesional que gu\u00ede este trabajo grupal o individual tome en cuenta, a la hora de realizar sus informes, e identifique otras formas de violencias o situaciones que est\u00e9n afectando a la v\u00edctima de las cuales la familia o su entorno social no se hayan percatado. La o el profesional que aborde este trabajo con la v\u00edctima determinar\u00e1 la cantidad de sesiones o entrevistas deber\u00e1n sostenerse y la relevancia de la participaci\u00f3n de la familia o personas claves del entono social de la v\u00edctima.<\/p><\/div>\n\t\t\t\t<\/div>\n\t\t\t\t<\/div>\n\t\t\t\t\t\t<\/div>\n\t\t\t\t\t<\/div>\n\t\t<\/div>\n\t\t\t\t\t\t\t\t<\/div>\n\t\t\t\t\t<\/div>\n\t\t<\/section>\n\t\t\t\t\t\t<\/div>\n\t\t\t\t\t\t<\/div>\n\t\t\t\t\t<\/div>\n\t\t","protected":false},"excerpt":{"rendered":"<p>Se entiende por reparaci\u00f3n integral o restituci\u00f3n del da\u00f1o desde las l\u00edneas o procesos que la v\u00edctima ha seguido hasta antes y despu\u00e9s de haberse dictado sentencia. La reparaci\u00f3n del da\u00f1o estar\u00e1 basada en el enfoque de derechos humanos, de g\u00e9nero y de interculturalidad, para garantizarle a la v\u00edctima una atenci\u00f3n integral desde que inicia &hellip;<\/p>\n<p class=\"read-more\"> <a class=\"\" href=\"https:\/\/alvi.centrojuanaazurduy.org\/index.php\/quinta-fase-reparacion-integral-del-dano-restitucion\/\"> <span class=\"screen-reader-text\">QUINTA FASE &#8211; REPARACI\u00d3N INTEGRAL DEL DA\u00d1O\/RESTITUCI\u00d3N<\/span> Leer m\u00e1s &raquo;<\/a><\/p>\n","protected":false},"author":1,"featured_media":0,"comment_status":"closed","ping_status":"closed","sticky":false,"template":"","format":"standard","meta":{"footnotes":""},"categories":[8],"tags":[],"class_list":["post-2512","post","type-post","status-publish","format-standard","hentry","category-protocolo-de-prevencion-parte-2"],"_links":{"self":[{"href":"https:\/\/alvi.centrojuanaazurduy.org\/index.php\/wp-json\/wp\/v2\/posts\/2512","targetHints":{"allow":["GET"]}}],"collection":[{"href":"https:\/\/alvi.centrojuanaazurduy.org\/index.php\/wp-json\/wp\/v2\/posts"}],"about":[{"href":"https:\/\/alvi.centrojuanaazurduy.org\/index.php\/wp-json\/wp\/v2\/types\/post"}],"author":[{"embeddable":true,"href":"https:\/\/alvi.centrojuanaazurduy.org\/index.php\/wp-json\/wp\/v2\/users\/1"}],"replies":[{"embeddable":true,"href":"https:\/\/alvi.centrojuanaazurduy.org\/index.php\/wp-json\/wp\/v2\/comments?post=2512"}],"version-history":[{"count":0,"href":"https:\/\/alvi.centrojuanaazurduy.org\/index.php\/wp-json\/wp\/v2\/posts\/2512\/revisions"}],"wp:attachment":[{"href":"https:\/\/alvi.centrojuanaazurduy.org\/index.php\/wp-json\/wp\/v2\/media?parent=2512"}],"wp:term":[{"taxonomy":"category","embeddable":true,"href":"https:\/\/alvi.centrojuanaazurduy.org\/index.php\/wp-json\/wp\/v2\/categories?post=2512"},{"taxonomy":"post_tag","embeddable":true,"href":"https:\/\/alvi.centrojuanaazurduy.org\/index.php\/wp-json\/wp\/v2\/tags?post=2512"}],"curies":[{"name":"wp","href":"https:\/\/api.w.org\/{rel}","templated":true}]}}