{"id":2492,"date":"2020-11-27T21:04:27","date_gmt":"2020-11-28T01:04:27","guid":{"rendered":"http:\/\/gavvi.monstruoestudio.com\/?p=2492"},"modified":"2020-11-27T21:04:27","modified_gmt":"2020-11-28T01:04:27","slug":"3-formas-de-conclusion-de-la-etapa-preparatoria","status":"publish","type":"post","link":"https:\/\/alvi.centrojuanaazurduy.org\/index.php\/3-formas-de-conclusion-de-la-etapa-preparatoria\/","title":{"rendered":"3. FORMAS DE CONCLUSI\u00d3N DE LA ETAPA PREPARATORIA"},"content":{"rendered":"\t\t<div data-elementor-type=\"wp-post\" data-elementor-id=\"2492\" class=\"elementor elementor-2492\" data-elementor-settings=\"[]\">\n\t\t\t\t\t\t<div class=\"elementor-inner\">\n\t\t\t\t\t\t\t<div class=\"elementor-section-wrap\">\n\t\t\t\t\t\t\t<section class=\"elementor-section elementor-top-section elementor-element elementor-element-5779e27 elementor-section-boxed elementor-section-height-default elementor-section-height-default\" data-id=\"5779e27\" data-element_type=\"section\">\n\t\t\t\t\t\t<div class=\"elementor-container elementor-column-gap-default\">\n\t\t\t\t\t\t\t<div class=\"elementor-row\">\n\t\t\t\t\t<div class=\"elementor-column elementor-col-100 elementor-top-column elementor-element elementor-element-9f8a103\" data-id=\"9f8a103\" data-element_type=\"column\">\n\t\t\t<div class=\"elementor-column-wrap elementor-element-populated\">\n\t\t\t\t\t\t\t<div class=\"elementor-widget-wrap\">\n\t\t\t\t\t\t<div class=\"elementor-element elementor-element-a5b6f6d elementor-widget elementor-widget-theme-post-title elementor-page-title elementor-widget-heading\" data-id=\"a5b6f6d\" data-element_type=\"widget\" data-widget_type=\"theme-post-title.default\">\n\t\t\t\t<div class=\"elementor-widget-container\">\n\t\t\t<h1 class=\"elementor-heading-title elementor-size-default\">3. FORMAS DE CONCLUSI\u00d3N DE LA ETAPA PREPARATORIA<\/h1>\t\t<\/div>\n\t\t\t\t<\/div>\n\t\t\t\t\t\t<\/div>\n\t\t\t\t\t<\/div>\n\t\t<\/div>\n\t\t\t\t\t\t\t\t<\/div>\n\t\t\t\t\t<\/div>\n\t\t<\/section>\n\t\t\t\t<section class=\"elementor-section elementor-top-section elementor-element elementor-element-24c60e6 elementor-section-boxed elementor-section-height-default elementor-section-height-default\" data-id=\"24c60e6\" data-element_type=\"section\">\n\t\t\t\t\t\t<div class=\"elementor-container elementor-column-gap-default\">\n\t\t\t\t\t\t\t<div class=\"elementor-row\">\n\t\t\t\t\t<div class=\"elementor-column elementor-col-100 elementor-top-column elementor-element elementor-element-40cfe1a\" data-id=\"40cfe1a\" data-element_type=\"column\">\n\t\t\t<div class=\"elementor-column-wrap elementor-element-populated\">\n\t\t\t\t\t\t\t<div class=\"elementor-widget-wrap\">\n\t\t\t\t\t\t<div class=\"elementor-element elementor-element-a6ec418 elementor-widget elementor-widget-text-editor\" data-id=\"a6ec418\" data-element_type=\"widget\" data-widget_type=\"text-editor.default\">\n\t\t\t\t<div class=\"elementor-widget-container\">\n\t\t\t\t\t<div class=\"elementor-text-editor elementor-clearfix\"><p>Al t\u00e9rmino de las investigaciones desarrolladas en los 6 meses que menciona el CPP en su art. 134, el o la Fiscal de Materia pronunciar\u00e1 el requerimiento conclusivo correspondiente a esta etapa preparatoria, dando de esta manera conformidad al art. 323 del CPP, que en su descripci\u00f3n indica lo siguiente:<\/p><\/div>\n\t\t\t\t<\/div>\n\t\t\t\t<\/div>\n\t\t\t\t\t\t<\/div>\n\t\t\t\t\t<\/div>\n\t\t<\/div>\n\t\t\t\t\t\t\t\t<\/div>\n\t\t\t\t\t<\/div>\n\t\t<\/section>\n\t\t\t\t<section class=\"elementor-section elementor-top-section elementor-element elementor-element-0e04e63 elementor-section-boxed elementor-section-height-default elementor-section-height-default\" data-id=\"0e04e63\" data-element_type=\"section\">\n\t\t\t\t\t\t<div class=\"elementor-container elementor-column-gap-default\">\n\t\t\t\t\t\t\t<div class=\"elementor-row\">\n\t\t\t\t\t<div class=\"elementor-column elementor-col-100 elementor-top-column elementor-element elementor-element-f8cb148\" data-id=\"f8cb148\" data-element_type=\"column\">\n\t\t\t<div class=\"elementor-column-wrap elementor-element-populated\">\n\t\t\t\t\t\t\t<div class=\"elementor-widget-wrap\">\n\t\t\t\t\t\t<div class=\"elementor-element elementor-element-5043134 elementor-widget elementor-widget-text-editor\" data-id=\"5043134\" data-element_type=\"widget\" data-widget_type=\"text-editor.default\">\n\t\t\t\t<div class=\"elementor-widget-container\">\n\t\t\t\t\t<div class=\"elementor-text-editor elementor-clearfix\"><p><strong>ACUSACI\u00d3N<\/strong><br>Se presentara ante el o la Juez\/a de instrucci\u00f3n la acusaci\u00f3n si estima que la investigaci\u00f3n proporciona fundamento para el enjuiciamiento p\u00fablico del imputado.&nbsp;<span style=\"font-size: 15px; color: var( --e-global-color-text );\">En el caso de que se concluya con la Acusaci\u00f3n del imputado, la o \u00e9l Juez\/a instructor dentro el plazo de 24 horas, previo sorteo, remitir\u00e1 los antecedentes a la o el Juez Tribunal de Sentencia, bajo responsabilidad. (art. 325 CPP).<\/span><\/p>\n<p><strong>SALIDAS ALTERNATIVAS<\/strong><br>Se requerir\u00e1 ante el o la Juez\/a de instrucci\u00f3n, la suspensi\u00f3n condicional del proceso o la aplicaci\u00f3n del procedimiento abreviado.<\/p>\n<p><strong>SOBRESEDIMIENTO<\/strong><br>Se decretar\u00e1 de manera fundamentada el sobreseimiento, cuando resulte evidente que el hecho no existi\u00f3, que no constituye delito o que el imputado no participo en \u00e9l y cuando estime que los elementos de prueba son insuficientes para fundamentar la acusaci\u00f3n.<\/p><\/div>\n\t\t\t\t<\/div>\n\t\t\t\t<\/div>\n\t\t\t\t\t\t<\/div>\n\t\t\t\t\t<\/div>\n\t\t<\/div>\n\t\t\t\t\t\t\t\t<\/div>\n\t\t\t\t\t<\/div>\n\t\t<\/section>\n\t\t\t\t<section class=\"elementor-section elementor-top-section elementor-element elementor-element-e0bafb4 elementor-section-boxed elementor-section-height-default elementor-section-height-default\" data-id=\"e0bafb4\" data-element_type=\"section\">\n\t\t\t\t\t\t<div class=\"elementor-container elementor-column-gap-default\">\n\t\t\t\t\t\t\t<div class=\"elementor-row\">\n\t\t\t\t\t<div class=\"elementor-column elementor-col-100 elementor-top-column elementor-element elementor-element-392a5f2\" data-id=\"392a5f2\" data-element_type=\"column\">\n\t\t\t<div class=\"elementor-column-wrap elementor-element-populated\">\n\t\t\t\t\t\t\t<div class=\"elementor-widget-wrap\">\n\t\t\t\t\t\t<div class=\"elementor-element elementor-element-91ee029 elementor-widget elementor-widget-text-editor\" data-id=\"91ee029\" data-element_type=\"widget\" data-widget_type=\"text-editor.default\">\n\t\t\t\t<div class=\"elementor-widget-container\">\n\t\t\t\t\t<div class=\"elementor-text-editor elementor-clearfix\"><div class=\"page\" title=\"Page 61\"><div class=\"section\"><div class=\"layoutArea\"><div class=\"column\"><div class=\"page\" title=\"Page 62\"><div class=\"section\"><div class=\"layoutArea\"><div class=\"column\"><p>El mismo podr\u00e1 ser impugnado por la v\u00edctima o su representante (DNA, patrocinadores de la victima de ONG\u00b4s especializadas en violencias y otros) o en su caso remitido de oficio al o la Fiscal Departamental\u00a0para su\u00a0revisi\u00f3n, cuando no exista querellante.<\/p><\/div><\/div><\/div><\/div><\/div><\/div><\/div><\/div><\/div>\n\t\t\t\t<\/div>\n\t\t\t\t<\/div>\n\t\t\t\t\t\t<\/div>\n\t\t\t\t\t<\/div>\n\t\t<\/div>\n\t\t\t\t\t\t\t\t<\/div>\n\t\t\t\t\t<\/div>\n\t\t<\/section>\n\t\t\t\t<section class=\"elementor-section elementor-top-section elementor-element elementor-element-19c4418 elementor-section-boxed elementor-section-height-default elementor-section-height-default\" data-id=\"19c4418\" data-element_type=\"section\">\n\t\t\t\t\t\t<div class=\"elementor-container elementor-column-gap-default\">\n\t\t\t\t\t\t\t<div class=\"elementor-row\">\n\t\t\t\t\t<div class=\"elementor-column elementor-col-100 elementor-top-column elementor-element elementor-element-e115716\" data-id=\"e115716\" data-element_type=\"column\">\n\t\t\t<div class=\"elementor-column-wrap elementor-element-populated\">\n\t\t\t\t\t\t\t<div class=\"elementor-widget-wrap\">\n\t\t\t\t\t\t<div class=\"elementor-element elementor-element-687eb92 elementor-widget elementor-widget-text-editor\" data-id=\"687eb92\" data-element_type=\"widget\" data-widget_type=\"text-editor.default\">\n\t\t\t\t<div class=\"elementor-widget-container\">\n\t\t\t\t\t<div class=\"elementor-text-editor elementor-clearfix\"><p>En la audiencia de requerimiento conclusivo, la v\u00edctima debe ser representada por el asesor legal de la DNA, o las entidades que patrocinan el caso, para que en la audiencia las partes puedan pronunciar observaciones pertinentes, asimismo el o la Fiscal en la misma audiencia podr\u00e1 aclarar o corregir la acusaci\u00f3n, pero si no existen observaciones se dar\u00e1 por saneada las mismas.<\/p><\/div>\n\t\t\t\t<\/div>\n\t\t\t\t<\/div>\n\t\t\t\t\t\t<\/div>\n\t\t\t\t\t<\/div>\n\t\t<\/div>\n\t\t\t\t\t\t\t\t<\/div>\n\t\t\t\t\t<\/div>\n\t\t<\/section>\n\t\t\t\t<section class=\"elementor-section elementor-top-section elementor-element elementor-element-0176779 elementor-section-boxed elementor-section-height-default elementor-section-height-default\" data-id=\"0176779\" data-element_type=\"section\">\n\t\t\t\t\t\t<div class=\"elementor-container elementor-column-gap-default\">\n\t\t\t\t\t\t\t<div class=\"elementor-row\">\n\t\t\t\t\t<div class=\"elementor-column elementor-col-100 elementor-top-column elementor-element elementor-element-75aad9a\" data-id=\"75aad9a\" data-element_type=\"column\">\n\t\t\t<div class=\"elementor-column-wrap elementor-element-populated\">\n\t\t\t\t\t\t\t<div class=\"elementor-widget-wrap\">\n\t\t\t\t\t\t<div class=\"elementor-element elementor-element-cb33097 elementor-widget elementor-widget-text-editor\" data-id=\"cb33097\" data-element_type=\"widget\" data-widget_type=\"text-editor.default\">\n\t\t\t\t<div class=\"elementor-widget-container\">\n\t\t\t\t\t<div class=\"elementor-text-editor elementor-clearfix\"><div class=\"page\" title=\"Page 61\"><div class=\"section\"><div class=\"layoutArea\"><div class=\"column\"><div class=\"page\" title=\"Page 62\"><div class=\"section\"><div class=\"layoutArea\"><div class=\"column\"><p>En todas las decisiones que afecten a la v\u00edctima, se tomar\u00e1 en cuenta su opini\u00f3n y se respetar\u00e1 en<br \/>cada acto y decisi\u00f3n el inter\u00e9s superior de la ni\u00f1a, ni\u00f1o o adolescente.<\/p><\/div><\/div><\/div><\/div><\/div><\/div><\/div><\/div><\/div>\n\t\t\t\t<\/div>\n\t\t\t\t<\/div>\n\t\t\t\t\t\t<\/div>\n\t\t\t\t\t<\/div>\n\t\t<\/div>\n\t\t\t\t\t\t\t\t<\/div>\n\t\t\t\t\t<\/div>\n\t\t<\/section>\n\t\t\t\t\t\t<\/div>\n\t\t\t\t\t\t<\/div>\n\t\t\t\t\t<\/div>\n\t\t","protected":false},"excerpt":{"rendered":"<p>Al t\u00e9rmino de las investigaciones desarrolladas en los 6 meses que menciona el CPP en su art. 134, el o la Fiscal de Materia pronunciar\u00e1 el requerimiento conclusivo correspondiente a esta etapa preparatoria, dando de esta manera conformidad al art. 323 del CPP, que en su descripci\u00f3n indica lo siguiente: ACUSACI\u00d3NSe presentara ante el o &hellip;<\/p>\n<p class=\"read-more\"> <a class=\"\" href=\"https:\/\/alvi.centrojuanaazurduy.org\/index.php\/3-formas-de-conclusion-de-la-etapa-preparatoria\/\"> <span class=\"screen-reader-text\">3. FORMAS DE CONCLUSI\u00d3N DE LA ETAPA PREPARATORIA<\/span> Leer m\u00e1s &raquo;<\/a><\/p>\n","protected":false},"author":1,"featured_media":0,"comment_status":"closed","ping_status":"closed","sticky":false,"template":"","format":"standard","meta":{"footnotes":""},"categories":[8],"tags":[],"class_list":["post-2492","post","type-post","status-publish","format-standard","hentry","category-protocolo-de-prevencion-parte-2"],"_links":{"self":[{"href":"https:\/\/alvi.centrojuanaazurduy.org\/index.php\/wp-json\/wp\/v2\/posts\/2492","targetHints":{"allow":["GET"]}}],"collection":[{"href":"https:\/\/alvi.centrojuanaazurduy.org\/index.php\/wp-json\/wp\/v2\/posts"}],"about":[{"href":"https:\/\/alvi.centrojuanaazurduy.org\/index.php\/wp-json\/wp\/v2\/types\/post"}],"author":[{"embeddable":true,"href":"https:\/\/alvi.centrojuanaazurduy.org\/index.php\/wp-json\/wp\/v2\/users\/1"}],"replies":[{"embeddable":true,"href":"https:\/\/alvi.centrojuanaazurduy.org\/index.php\/wp-json\/wp\/v2\/comments?post=2492"}],"version-history":[{"count":0,"href":"https:\/\/alvi.centrojuanaazurduy.org\/index.php\/wp-json\/wp\/v2\/posts\/2492\/revisions"}],"wp:attachment":[{"href":"https:\/\/alvi.centrojuanaazurduy.org\/index.php\/wp-json\/wp\/v2\/media?parent=2492"}],"wp:term":[{"taxonomy":"category","embeddable":true,"href":"https:\/\/alvi.centrojuanaazurduy.org\/index.php\/wp-json\/wp\/v2\/categories?post=2492"},{"taxonomy":"post_tag","embeddable":true,"href":"https:\/\/alvi.centrojuanaazurduy.org\/index.php\/wp-json\/wp\/v2\/tags?post=2492"}],"curies":[{"name":"wp","href":"https:\/\/api.w.org\/{rel}","templated":true}]}}