{"id":2480,"date":"2020-11-27T20:47:02","date_gmt":"2020-11-28T00:47:02","guid":{"rendered":"http:\/\/gavvi.monstruoestudio.com\/?p=2480"},"modified":"2020-11-27T20:47:02","modified_gmt":"2020-11-28T00:47:02","slug":"2-seguimiento-y-asesormiento-de-la-victima-en-la-etapa-preparatoria-del-proceso-area-social-area-psicologica-area-legal","status":"publish","type":"post","link":"https:\/\/alvi.centrojuanaazurduy.org\/index.php\/2-seguimiento-y-asesormiento-de-la-victima-en-la-etapa-preparatoria-del-proceso-area-social-area-psicologica-area-legal\/","title":{"rendered":"2. SEGUIMIENTO Y ASESORMIENTO DE LA VICTIMA EN LA ETAPA PREPARATORIA DEL PROCESO (\u00c1REA SOCIAL, \u00c1REA PSICOL\u00d3GICA, \u00c1REA LEGAL)"},"content":{"rendered":"\t\t<div data-elementor-type=\"wp-post\" data-elementor-id=\"2480\" class=\"elementor elementor-2480\" data-elementor-settings=\"[]\">\n\t\t\t\t\t\t<div class=\"elementor-inner\">\n\t\t\t\t\t\t\t<div class=\"elementor-section-wrap\">\n\t\t\t\t\t\t\t<section class=\"elementor-section elementor-top-section elementor-element elementor-element-46dfb25 elementor-section-boxed elementor-section-height-default elementor-section-height-default\" data-id=\"46dfb25\" data-element_type=\"section\">\n\t\t\t\t\t\t<div class=\"elementor-container elementor-column-gap-default\">\n\t\t\t\t\t\t\t<div class=\"elementor-row\">\n\t\t\t\t\t<div class=\"elementor-column elementor-col-100 elementor-top-column elementor-element elementor-element-13ec63c\" data-id=\"13ec63c\" data-element_type=\"column\">\n\t\t\t<div class=\"elementor-column-wrap elementor-element-populated\">\n\t\t\t\t\t\t\t<div class=\"elementor-widget-wrap\">\n\t\t\t\t\t\t<div class=\"elementor-element elementor-element-eba62f7 elementor-widget elementor-widget-theme-post-title elementor-page-title elementor-widget-heading\" data-id=\"eba62f7\" data-element_type=\"widget\" data-widget_type=\"theme-post-title.default\">\n\t\t\t\t<div class=\"elementor-widget-container\">\n\t\t\t<h1 class=\"elementor-heading-title elementor-size-default\">2. SEGUIMIENTO Y ASESORMIENTO DE LA VICTIMA EN LA ETAPA PREPARATORIA DEL PROCESO (\u00c1REA SOCIAL, \u00c1REA PSICOL\u00d3GICA, \u00c1REA LEGAL)<\/h1>\t\t<\/div>\n\t\t\t\t<\/div>\n\t\t\t\t\t\t<\/div>\n\t\t\t\t\t<\/div>\n\t\t<\/div>\n\t\t\t\t\t\t\t\t<\/div>\n\t\t\t\t\t<\/div>\n\t\t<\/section>\n\t\t\t\t<section class=\"elementor-section elementor-top-section elementor-element elementor-element-5c42ae4 elementor-section-boxed elementor-section-height-default elementor-section-height-default\" data-id=\"5c42ae4\" data-element_type=\"section\">\n\t\t\t\t\t\t<div class=\"elementor-container elementor-column-gap-default\">\n\t\t\t\t\t\t\t<div class=\"elementor-row\">\n\t\t\t\t\t<div class=\"elementor-column elementor-col-100 elementor-top-column elementor-element elementor-element-168af1b\" data-id=\"168af1b\" data-element_type=\"column\">\n\t\t\t<div class=\"elementor-column-wrap elementor-element-populated\">\n\t\t\t\t\t\t\t<div class=\"elementor-widget-wrap\">\n\t\t\t\t\t\t<div class=\"elementor-element elementor-element-e189c75 elementor-widget elementor-widget-heading\" data-id=\"e189c75\" data-element_type=\"widget\" data-widget_type=\"heading.default\">\n\t\t\t\t<div class=\"elementor-widget-container\">\n\t\t\t<h2 class=\"elementor-heading-title elementor-size-default\">2.1 Intervenci\u00f3n Psico-socio-Legal<\/h2>\t\t<\/div>\n\t\t\t\t<\/div>\n\t\t\t\t\t\t<\/div>\n\t\t\t\t\t<\/div>\n\t\t<\/div>\n\t\t\t\t\t\t\t\t<\/div>\n\t\t\t\t\t<\/div>\n\t\t<\/section>\n\t\t\t\t<section class=\"elementor-section elementor-top-section elementor-element elementor-element-45649f6 elementor-section-boxed elementor-section-height-default elementor-section-height-default\" data-id=\"45649f6\" data-element_type=\"section\">\n\t\t\t\t\t\t<div class=\"elementor-container elementor-column-gap-default\">\n\t\t\t\t\t\t\t<div class=\"elementor-row\">\n\t\t\t\t\t<div class=\"elementor-column elementor-col-100 elementor-top-column elementor-element elementor-element-5080c15\" data-id=\"5080c15\" data-element_type=\"column\">\n\t\t\t<div class=\"elementor-column-wrap elementor-element-populated\">\n\t\t\t\t\t\t\t<div class=\"elementor-widget-wrap\">\n\t\t\t\t\t\t<div class=\"elementor-element elementor-element-e276ffe elementor-widget elementor-widget-text-editor\" data-id=\"e276ffe\" data-element_type=\"widget\" data-widget_type=\"text-editor.default\">\n\t\t\t\t<div class=\"elementor-widget-container\">\n\t\t\t\t\t<div class=\"elementor-text-editor elementor-clearfix\"><div class=\"page\" title=\"Page 61\"><div class=\"section\"><div class=\"layoutArea\"><div class=\"column\"><div class=\"page\" title=\"Page 62\"><div class=\"section\"><div class=\"layoutArea\"><div class=\"column\"><p><span style=\"text-decoration: underline;\"><strong>\u00c1rea Social<\/strong><\/span><\/p><\/div><\/div><\/div><\/div><\/div><\/div><\/div><\/div><\/div>\n\t\t\t\t<\/div>\n\t\t\t\t<\/div>\n\t\t\t\t\t\t<\/div>\n\t\t\t\t\t<\/div>\n\t\t<\/div>\n\t\t\t\t\t\t\t\t<\/div>\n\t\t\t\t\t<\/div>\n\t\t<\/section>\n\t\t\t\t<section class=\"elementor-section elementor-top-section elementor-element elementor-element-031c3bf elementor-section-boxed elementor-section-height-default elementor-section-height-default\" data-id=\"031c3bf\" data-element_type=\"section\">\n\t\t\t\t\t\t<div class=\"elementor-container elementor-column-gap-default\">\n\t\t\t\t\t\t\t<div class=\"elementor-row\">\n\t\t\t\t\t<div class=\"elementor-column elementor-col-100 elementor-top-column elementor-element elementor-element-15e0a01\" data-id=\"15e0a01\" data-element_type=\"column\">\n\t\t\t<div class=\"elementor-column-wrap elementor-element-populated\">\n\t\t\t\t\t\t\t<div class=\"elementor-widget-wrap\">\n\t\t\t\t\t\t<div class=\"elementor-element elementor-element-2422766 elementor-widget elementor-widget-text-editor\" data-id=\"2422766\" data-element_type=\"widget\" data-widget_type=\"text-editor.default\">\n\t\t\t\t<div class=\"elementor-widget-container\">\n\t\t\t\t\t<div class=\"elementor-text-editor elementor-clearfix\"><p>Los informes que se extienda por el o la profesional de esta \u00e1rea estar\u00e1n amparados por el CNNA en su art. 221. En este sentido el o la profesional de trabajo social durante esta etapa, deber\u00e1 continuar con el trabajo de campo (visitas domiciliarias y\/o institucionales, llamadas telef\u00f3nicas); control de seguimiento de la efectiva aplicaci\u00f3n de las medidas de protecci\u00f3n que han sido iniciadas en la etapa preliminar del proceso.<\/p><p>En caso de que las medidas de protecci\u00f3n no est\u00e9n cumpliendo su finalidad, \u00e9l o la trabajadora social deber\u00e1 elaborar un informe a trav\u00e9s del cual se pueda sugerir la modificaci\u00f3n de las medidas de protecci\u00f3n de acuerdo a las necesidades reales de la v\u00edctima.\u00a0<span style=\"font-size: 15px; color: var( --e-global-color-text );\">Por consiguiente deber\u00e1 recomendar nuevas medidas de protecci\u00f3n.<\/span><\/p><p>\u00c9l o la profesional de esta \u00e1rea que desempe\u00f1a funciones en la UPAVT, de las fiscal\u00edas Departamentales, cumpliendo con las disposiciones vigentes, podr\u00e1 ser convocado\/a como perito, a efecto de elaborar un informe social seg\u00fan los puntos de pericia que le sean solicitados y defendidos seg\u00fan corresponda.<\/p><\/div>\n\t\t\t\t<\/div>\n\t\t\t\t<\/div>\n\t\t\t\t\t\t<\/div>\n\t\t\t\t\t<\/div>\n\t\t<\/div>\n\t\t\t\t\t\t\t\t<\/div>\n\t\t\t\t\t<\/div>\n\t\t<\/section>\n\t\t\t\t<section class=\"elementor-section elementor-top-section elementor-element elementor-element-d4b4a0f elementor-section-boxed elementor-section-height-default elementor-section-height-default\" data-id=\"d4b4a0f\" data-element_type=\"section\">\n\t\t\t\t\t\t<div class=\"elementor-container elementor-column-gap-default\">\n\t\t\t\t\t\t\t<div class=\"elementor-row\">\n\t\t\t\t\t<div class=\"elementor-column elementor-col-100 elementor-top-column elementor-element elementor-element-0ce8e00\" data-id=\"0ce8e00\" data-element_type=\"column\">\n\t\t\t<div class=\"elementor-column-wrap elementor-element-populated\">\n\t\t\t\t\t\t\t<div class=\"elementor-widget-wrap\">\n\t\t\t\t\t\t<div class=\"elementor-element elementor-element-e8fdc06 elementor-widget elementor-widget-text-editor\" data-id=\"e8fdc06\" data-element_type=\"widget\" data-widget_type=\"text-editor.default\">\n\t\t\t\t<div class=\"elementor-widget-container\">\n\t\t\t\t\t<div class=\"elementor-text-editor elementor-clearfix\"><div class=\"page\" title=\"Page 61\"><div class=\"section\"><div class=\"layoutArea\"><div class=\"column\"><div class=\"page\" title=\"Page 62\"><div class=\"section\"><div class=\"layoutArea\"><div class=\"column\"><p><span style=\"text-decoration: underline;\"><strong>\u00c1rea Psicol\u00f3gica<\/strong><\/span><\/p><\/div><\/div><\/div><\/div><\/div><\/div><\/div><\/div><\/div>\n\t\t\t\t<\/div>\n\t\t\t\t<\/div>\n\t\t\t\t\t\t<\/div>\n\t\t\t\t\t<\/div>\n\t\t<\/div>\n\t\t\t\t\t\t\t\t<\/div>\n\t\t\t\t\t<\/div>\n\t\t<\/section>\n\t\t\t\t<section class=\"elementor-section elementor-top-section elementor-element elementor-element-13bc259 elementor-section-boxed elementor-section-height-default elementor-section-height-default\" data-id=\"13bc259\" data-element_type=\"section\">\n\t\t\t\t\t\t<div class=\"elementor-container elementor-column-gap-default\">\n\t\t\t\t\t\t\t<div class=\"elementor-row\">\n\t\t\t\t\t<div class=\"elementor-column elementor-col-100 elementor-top-column elementor-element elementor-element-da6967f\" data-id=\"da6967f\" data-element_type=\"column\">\n\t\t\t<div class=\"elementor-column-wrap elementor-element-populated\">\n\t\t\t\t\t\t\t<div class=\"elementor-widget-wrap\">\n\t\t\t\t\t\t<div class=\"elementor-element elementor-element-d6cffe3 elementor-widget elementor-widget-text-editor\" data-id=\"d6cffe3\" data-element_type=\"widget\" data-widget_type=\"text-editor.default\">\n\t\t\t\t<div class=\"elementor-widget-container\">\n\t\t\t\t\t<div class=\"elementor-text-editor elementor-clearfix\"><p>Los informes que se extienda por el o la profesional de esta \u00e1rea estar\u00e1n amparados por el CNNA en su art. 222. Por tal sentido \u00e9l o la profesional de psicolog\u00eda deber\u00e1 proseguir con la intervenci\u00f3n psicoterap\u00e9utica de acuerdo a las entrevistas o sesiones planificadas con la victima y los familiares de la misma al inicio de la etapa preliminar y extendi\u00e9ndose a la etapa preparatoria.<\/p><p>Asimismo deber\u00e1 realizar el acompa\u00f1amiento y preparaci\u00f3n que requiera la victima para los actuados del proceso penal, esta participaci\u00f3n estar\u00e1 en plena coordinaci\u00f3n con el \u00e1rea legal, ya que la ruta terap\u00e9utica deber\u00e1 seguir sus propios pasos de intervenci\u00f3n con la misma y los informes que se extiendan deber\u00e1n transmitir el estado real de evoluci\u00f3n psicol\u00f3gica de la ni\u00f1a, ni\u00f1o o adolescente para que se determine su participaci\u00f3n directa o no, en los distintos actos investigativos que el proceso penal exija.<\/p><\/div>\n\t\t\t\t<\/div>\n\t\t\t\t<\/div>\n\t\t\t\t\t\t<\/div>\n\t\t\t\t\t<\/div>\n\t\t<\/div>\n\t\t\t\t\t\t\t\t<\/div>\n\t\t\t\t\t<\/div>\n\t\t<\/section>\n\t\t\t\t<section class=\"elementor-section elementor-top-section elementor-element elementor-element-fbdac66 elementor-section-boxed elementor-section-height-default elementor-section-height-default\" data-id=\"fbdac66\" data-element_type=\"section\">\n\t\t\t\t\t\t<div class=\"elementor-container elementor-column-gap-default\">\n\t\t\t\t\t\t\t<div class=\"elementor-row\">\n\t\t\t\t\t<div class=\"elementor-column elementor-col-100 elementor-top-column elementor-element elementor-element-322edba\" data-id=\"322edba\" data-element_type=\"column\">\n\t\t\t<div class=\"elementor-column-wrap elementor-element-populated\">\n\t\t\t\t\t\t\t<div class=\"elementor-widget-wrap\">\n\t\t\t\t\t\t<div class=\"elementor-element elementor-element-93e51eb elementor-widget elementor-widget-text-editor\" data-id=\"93e51eb\" data-element_type=\"widget\" data-widget_type=\"text-editor.default\">\n\t\t\t\t<div class=\"elementor-widget-container\">\n\t\t\t\t\t<div class=\"elementor-text-editor elementor-clearfix\"><div class=\"page\" title=\"Page 61\"><div class=\"section\"><div class=\"layoutArea\"><div class=\"column\"><div class=\"page\" title=\"Page 62\"><div class=\"section\"><div class=\"layoutArea\"><div class=\"column\"><p style=\"text-align: center;\">Las Entidades Promotoras en coordinaci\u00f3n con la UPAVT deben desplegar diversas estrategias a<br \/>partir de la coordinaci\u00f3n interinstitucional a fin de apoyar a la v\u00edctima y su familia en las necesidades<br \/>apremiantes.<\/p><\/div><\/div><\/div><\/div><\/div><\/div><\/div><\/div><\/div>\n\t\t\t\t<\/div>\n\t\t\t\t<\/div>\n\t\t\t\t\t\t<\/div>\n\t\t\t\t\t<\/div>\n\t\t<\/div>\n\t\t\t\t\t\t\t\t<\/div>\n\t\t\t\t\t<\/div>\n\t\t<\/section>\n\t\t\t\t<section class=\"elementor-section elementor-top-section elementor-element elementor-element-54f8712 elementor-section-boxed elementor-section-height-default elementor-section-height-default\" data-id=\"54f8712\" data-element_type=\"section\">\n\t\t\t\t\t\t<div class=\"elementor-container elementor-column-gap-default\">\n\t\t\t\t\t\t\t<div class=\"elementor-row\">\n\t\t\t\t\t<div class=\"elementor-column elementor-col-100 elementor-top-column elementor-element elementor-element-af11dbc\" data-id=\"af11dbc\" data-element_type=\"column\">\n\t\t\t<div class=\"elementor-column-wrap elementor-element-populated\">\n\t\t\t\t\t\t\t<div class=\"elementor-widget-wrap\">\n\t\t\t\t\t\t<div class=\"elementor-element elementor-element-c274cc7 elementor-widget elementor-widget-text-editor\" data-id=\"c274cc7\" data-element_type=\"widget\" data-widget_type=\"text-editor.default\">\n\t\t\t\t<div class=\"elementor-widget-container\">\n\t\t\t\t\t<div class=\"elementor-text-editor elementor-clearfix\"><div class=\"page\" title=\"Page 61\"><div class=\"section\"><div class=\"layoutArea\"><div class=\"column\"><div class=\"page\" title=\"Page 62\"><div class=\"section\"><div class=\"layoutArea\"><div class=\"column\"><p><span style=\"text-decoration: underline;\"><strong>\u00c1rea Legal<\/strong><\/span><\/p><\/div><\/div><\/div><\/div><\/div><\/div><\/div><\/div><\/div>\n\t\t\t\t<\/div>\n\t\t\t\t<\/div>\n\t\t\t\t\t\t<\/div>\n\t\t\t\t\t<\/div>\n\t\t<\/div>\n\t\t\t\t\t\t\t\t<\/div>\n\t\t\t\t\t<\/div>\n\t\t<\/section>\n\t\t\t\t<section class=\"elementor-section elementor-top-section elementor-element elementor-element-b5f57c3 elementor-section-boxed elementor-section-height-default elementor-section-height-default\" data-id=\"b5f57c3\" data-element_type=\"section\">\n\t\t\t\t\t\t<div class=\"elementor-container elementor-column-gap-default\">\n\t\t\t\t\t\t\t<div class=\"elementor-row\">\n\t\t\t\t\t<div class=\"elementor-column elementor-col-100 elementor-top-column elementor-element elementor-element-0dcb41a\" data-id=\"0dcb41a\" data-element_type=\"column\">\n\t\t\t<div class=\"elementor-column-wrap elementor-element-populated\">\n\t\t\t\t\t\t\t<div class=\"elementor-widget-wrap\">\n\t\t\t\t\t\t<div class=\"elementor-element elementor-element-14a71f5 elementor-widget elementor-widget-text-editor\" data-id=\"14a71f5\" data-element_type=\"widget\" data-widget_type=\"text-editor.default\">\n\t\t\t\t<div class=\"elementor-widget-container\">\n\t\t\t\t\t<div class=\"elementor-text-editor elementor-clearfix\"><p>Los informes que extienda el o la profesional de esta \u00e1rea estar\u00e1n amparados por el CNNA en su Art. 223. Por tal sentido \u00e9l o la asesor\/a legal de la entidad Promotora de la Denuncia, debe hacer conocer a la v\u00edctima, familiares y\/o tutor\/a o representante de la ni\u00f1a, ni\u00f1o y adolescentes, el curso de las actuaciones, inform\u00e1ndoles respecto a las resoluciones procesales y en general, a todo aquello que pueda referirse a la protecci\u00f3n de su seguridad e inter\u00e9s. Por otro lado, el o la abogado\/a cumple las funciones de patrocinador de la v\u00edctima, defendiendo los intereses de la misma durante todo el desarrollo del proceso. Ejemplo: proponer diligencias investigativas, impugnaci\u00f3n, de sobreseimiento en representaci\u00f3n de la v\u00edctima, considerando que \u00e9sta no necesita querellarse para tener activa participaci\u00f3n en el proceso, participaci\u00f3n de las audiencias y otras.<\/p><\/div>\n\t\t\t\t<\/div>\n\t\t\t\t<\/div>\n\t\t\t\t\t\t<\/div>\n\t\t\t\t\t<\/div>\n\t\t<\/div>\n\t\t\t\t\t\t\t\t<\/div>\n\t\t\t\t\t<\/div>\n\t\t<\/section>\n\t\t\t\t<section class=\"elementor-section elementor-top-section elementor-element elementor-element-3a76f4c elementor-section-boxed elementor-section-height-default elementor-section-height-default\" data-id=\"3a76f4c\" data-element_type=\"section\">\n\t\t\t\t\t\t<div class=\"elementor-container elementor-column-gap-default\">\n\t\t\t\t\t\t\t<div class=\"elementor-row\">\n\t\t\t\t\t<div class=\"elementor-column elementor-col-100 elementor-top-column elementor-element elementor-element-8ff9c3f\" data-id=\"8ff9c3f\" data-element_type=\"column\">\n\t\t\t<div class=\"elementor-column-wrap elementor-element-populated\">\n\t\t\t\t\t\t\t<div class=\"elementor-widget-wrap\">\n\t\t\t\t\t\t<div class=\"elementor-element elementor-element-d2ea6ac elementor-widget elementor-widget-text-editor\" data-id=\"d2ea6ac\" data-element_type=\"widget\" data-widget_type=\"text-editor.default\">\n\t\t\t\t<div class=\"elementor-widget-container\">\n\t\t\t\t\t<div class=\"elementor-text-editor elementor-clearfix\"><div class=\"page\" title=\"Page 61\"><div class=\"section\"><div class=\"layoutArea\"><div class=\"column\"><div class=\"page\" title=\"Page 62\"><div class=\"section\"><div class=\"layoutArea\"><div class=\"column\"><p style=\"text-align: center;\">Las Entidades Promotoras de la denuncia (DNA, SEPDAVI y otras instituciones especializadas en<br \/>violencias) ejercen el patrocinio y asistencia legal gratuita durante todo el proceso.<\/p><\/div><\/div><\/div><\/div><\/div><\/div><\/div><\/div><\/div>\n\t\t\t\t<\/div>\n\t\t\t\t<\/div>\n\t\t\t\t\t\t<\/div>\n\t\t\t\t\t<\/div>\n\t\t<\/div>\n\t\t\t\t\t\t\t\t<\/div>\n\t\t\t\t\t<\/div>\n\t\t<\/section>\n\t\t\t\t<section class=\"elementor-section elementor-top-section elementor-element elementor-element-3bb8102 elementor-section-boxed elementor-section-height-default elementor-section-height-default\" data-id=\"3bb8102\" data-element_type=\"section\">\n\t\t\t\t\t\t<div class=\"elementor-container elementor-column-gap-default\">\n\t\t\t\t\t\t\t<div class=\"elementor-row\">\n\t\t\t\t\t<div class=\"elementor-column elementor-col-100 elementor-top-column elementor-element elementor-element-c6a9da0\" data-id=\"c6a9da0\" data-element_type=\"column\">\n\t\t\t<div class=\"elementor-column-wrap elementor-element-populated\">\n\t\t\t\t\t\t\t<div class=\"elementor-widget-wrap\">\n\t\t\t\t\t\t<div class=\"elementor-element elementor-element-03eeaff elementor-widget elementor-widget-text-editor\" data-id=\"03eeaff\" data-element_type=\"widget\" data-widget_type=\"text-editor.default\">\n\t\t\t\t<div class=\"elementor-widget-container\">\n\t\t\t\t\t<div class=\"elementor-text-editor elementor-clearfix\"><p>En todo momento los y las funcionarios\/as de las entidades Promotoras, junto al Ministerio P\u00fablico deber\u00e1n promover la reserva y confidencialidad necesaria de la v\u00edctima y de los actuarios procesales:<\/p><\/div>\n\t\t\t\t<\/div>\n\t\t\t\t<\/div>\n\t\t\t\t\t\t<\/div>\n\t\t\t\t\t<\/div>\n\t\t<\/div>\n\t\t\t\t\t\t\t\t<\/div>\n\t\t\t\t\t<\/div>\n\t\t<\/section>\n\t\t\t\t<section class=\"elementor-section elementor-top-section elementor-element elementor-element-43a54d5 elementor-section-boxed elementor-section-height-default elementor-section-height-default\" data-id=\"43a54d5\" data-element_type=\"section\">\n\t\t\t\t\t\t<div class=\"elementor-container elementor-column-gap-default\">\n\t\t\t\t\t\t\t<div class=\"elementor-row\">\n\t\t\t\t\t<div class=\"elementor-column elementor-col-100 elementor-top-column elementor-element elementor-element-dcaabae\" data-id=\"dcaabae\" data-element_type=\"column\">\n\t\t\t<div class=\"elementor-column-wrap elementor-element-populated\">\n\t\t\t\t\t\t\t<div class=\"elementor-widget-wrap\">\n\t\t\t\t\t\t<div class=\"elementor-element elementor-element-742099d elementor-widget elementor-widget-text-editor\" data-id=\"742099d\" data-element_type=\"widget\" data-widget_type=\"text-editor.default\">\n\t\t\t\t<div class=\"elementor-widget-container\">\n\t\t\t\t\t<div class=\"elementor-text-editor elementor-clearfix\"><div class=\"page\" title=\"Page 64\"><table><tbody><tr><td><div class=\"layoutArea\"><div class=\"column\"><p style=\"text-align: center;\"><strong><span style=\"color: #43358b;\">Derecho a la protecci\u00f3n de la imagen y de la confidencialidad<\/span><\/strong><\/p><\/div><\/div><\/td><\/tr><tr><td><p>Las instituciones y\/o personas que brindan informaci\u00f3n, atenci\u00f3n y protecci\u00f3n a la v\u00edctima, tiene la obligaci\u00f3n de mantener en reserva la identidad de la ni\u00f1a, ni\u00f1o o adolescente que se vea involucrada\/o en alg\u00fan proceso legal, asimismo se tiene restringido el acceso a la documentaci\u00f3n sobre el caso que se desarrolla. Todo profesional o persona involucrada en las distintas tareas legales, psicoterap\u00e9uticas o sociales que concierne a la v\u00edctima esta obligado a mantener en reserva la imagen de la v\u00edctima (Art. 144, Ley 548).<br \/>La Ley Org\u00e1nica del Ministerio P\u00fablico, respecto a la confidencialidad en su art. 9 determina:<\/p><p style=\"padding-left: 40px;\">I. El Ministerio P\u00fablico cuidara que la informaci\u00f3n a proporcionar no vulnere los derechos de las partes, establecidos en la Constituci\u00f3n Pol\u00edtica del Estado y las Leyes, en particular la dignidad y presunci\u00f3n de inocencia, ni ponga en peligro las investigaciones que se realicen o atenten contra la reserva que sobre ellas se haya dispuesto.<\/p><p style=\"padding-left: 40px;\">II. En ning\u00fan caso el Ministerio P\u00fablico podr\u00e1 revelar la identidad ni permitir\u00e1 la difusi\u00f3n de im\u00e1genes de ni\u00f1os, ni\u00f1as y adolescentes.<\/p><p style=\"padding-left: 40px;\">III. Las y los investigadores policiales est\u00e1n prohibidos de proporcionar informaci\u00f3n a terceros ajenos a la investigaci\u00f3n sobre las investigaciones en curso, salvo los casos expresamente determinados por la Constituci\u00f3n Pol\u00edtica del Estado.<\/p><\/td><\/tr><\/tbody><\/table><\/div><\/div>\n\t\t\t\t<\/div>\n\t\t\t\t<\/div>\n\t\t\t\t\t\t<\/div>\n\t\t\t\t\t<\/div>\n\t\t<\/div>\n\t\t\t\t\t\t\t\t<\/div>\n\t\t\t\t\t<\/div>\n\t\t<\/section>\n\t\t\t\t<section class=\"elementor-section elementor-top-section elementor-element elementor-element-8016e2f elementor-section-boxed elementor-section-height-default elementor-section-height-default\" data-id=\"8016e2f\" data-element_type=\"section\">\n\t\t\t\t\t\t<div class=\"elementor-container elementor-column-gap-default\">\n\t\t\t\t\t\t\t<div class=\"elementor-row\">\n\t\t\t\t\t<div class=\"elementor-column elementor-col-100 elementor-top-column elementor-element elementor-element-91e4b52\" data-id=\"91e4b52\" data-element_type=\"column\">\n\t\t\t<div class=\"elementor-column-wrap elementor-element-populated\">\n\t\t\t\t\t\t\t<div class=\"elementor-widget-wrap\">\n\t\t\t\t\t\t<div class=\"elementor-element elementor-element-fb5eedd elementor-widget elementor-widget-text-editor\" data-id=\"fb5eedd\" data-element_type=\"widget\" data-widget_type=\"text-editor.default\">\n\t\t\t\t<div class=\"elementor-widget-container\">\n\t\t\t\t\t<div class=\"elementor-text-editor elementor-clearfix\"><p>El o la profesional abogado\/a de las Entidades Promotoras, proporcionar\u00e1n a las v\u00edctimas el asesoramiento legal y acompa\u00f1amiento en los diferentes actuados procesales que sean convocados por autoridades jurisdiccionales o fiscales, con la finalidad de garantizar el ejercicio pleno de los derechos de la v\u00edctima.<\/p><\/div>\n\t\t\t\t<\/div>\n\t\t\t\t<\/div>\n\t\t\t\t\t\t<\/div>\n\t\t\t\t\t<\/div>\n\t\t<\/div>\n\t\t\t\t\t\t\t\t<\/div>\n\t\t\t\t\t<\/div>\n\t\t<\/section>\n\t\t\t\t\t\t<\/div>\n\t\t\t\t\t\t<\/div>\n\t\t\t\t\t<\/div>\n\t\t","protected":false},"excerpt":{"rendered":"<p>2.1 Intervenci\u00f3n Psico-socio-Legal \u00c1rea Social Los informes que se extienda por el o la profesional de esta \u00e1rea estar\u00e1n amparados por el CNNA en su art. 221. En este sentido el o la profesional de trabajo social durante esta etapa, deber\u00e1 continuar con el trabajo de campo (visitas domiciliarias y\/o institucionales, llamadas telef\u00f3nicas); control de &hellip;<\/p>\n<p class=\"read-more\"> <a class=\"\" href=\"https:\/\/alvi.centrojuanaazurduy.org\/index.php\/2-seguimiento-y-asesormiento-de-la-victima-en-la-etapa-preparatoria-del-proceso-area-social-area-psicologica-area-legal\/\"> <span class=\"screen-reader-text\">2. SEGUIMIENTO Y ASESORMIENTO DE LA VICTIMA EN LA ETAPA PREPARATORIA DEL PROCESO (\u00c1REA SOCIAL, \u00c1REA PSICOL\u00d3GICA, \u00c1REA LEGAL)<\/span> Leer m\u00e1s &raquo;<\/a><\/p>\n","protected":false},"author":1,"featured_media":0,"comment_status":"closed","ping_status":"closed","sticky":false,"template":"","format":"standard","meta":{"footnotes":""},"categories":[8],"tags":[],"class_list":["post-2480","post","type-post","status-publish","format-standard","hentry","category-protocolo-de-prevencion-parte-2"],"_links":{"self":[{"href":"https:\/\/alvi.centrojuanaazurduy.org\/index.php\/wp-json\/wp\/v2\/posts\/2480","targetHints":{"allow":["GET"]}}],"collection":[{"href":"https:\/\/alvi.centrojuanaazurduy.org\/index.php\/wp-json\/wp\/v2\/posts"}],"about":[{"href":"https:\/\/alvi.centrojuanaazurduy.org\/index.php\/wp-json\/wp\/v2\/types\/post"}],"author":[{"embeddable":true,"href":"https:\/\/alvi.centrojuanaazurduy.org\/index.php\/wp-json\/wp\/v2\/users\/1"}],"replies":[{"embeddable":true,"href":"https:\/\/alvi.centrojuanaazurduy.org\/index.php\/wp-json\/wp\/v2\/comments?post=2480"}],"version-history":[{"count":0,"href":"https:\/\/alvi.centrojuanaazurduy.org\/index.php\/wp-json\/wp\/v2\/posts\/2480\/revisions"}],"wp:attachment":[{"href":"https:\/\/alvi.centrojuanaazurduy.org\/index.php\/wp-json\/wp\/v2\/media?parent=2480"}],"wp:term":[{"taxonomy":"category","embeddable":true,"href":"https:\/\/alvi.centrojuanaazurduy.org\/index.php\/wp-json\/wp\/v2\/categories?post=2480"},{"taxonomy":"post_tag","embeddable":true,"href":"https:\/\/alvi.centrojuanaazurduy.org\/index.php\/wp-json\/wp\/v2\/tags?post=2480"}],"curies":[{"name":"wp","href":"https:\/\/api.w.org\/{rel}","templated":true}]}}