{"id":245,"date":"2020-11-22T22:10:13","date_gmt":"2020-11-23T02:10:13","guid":{"rendered":"http:\/\/gavvi.monstruoestudio.com\/?p=245"},"modified":"2021-06-02T17:48:57","modified_gmt":"2021-06-02T21:48:57","slug":"2-marco-legal-de-los-derechos-de-los-pueblos-indigenas-y-los-derechos-de-las-mujeres-indigenas","status":"publish","type":"post","link":"https:\/\/alvi.centrojuanaazurduy.org\/index.php\/2-marco-legal-de-los-derechos-de-los-pueblos-indigenas-y-los-derechos-de-las-mujeres-indigenas\/","title":{"rendered":"2. MARCO LEGAL DE LOS DERECHOS DE LOS PUEBLOS IND\u00cdGENAS Y LOS DERECHOS DE LAS MUJERES IND\u00cdGENAS"},"content":{"rendered":"\t\t<div data-elementor-type=\"wp-post\" data-elementor-id=\"245\" class=\"elementor elementor-245\" data-elementor-settings=\"[]\">\n\t\t\t\t\t\t<div class=\"elementor-inner\">\n\t\t\t\t\t\t\t<div class=\"elementor-section-wrap\">\n\t\t\t\t\t\t\t<section class=\"elementor-section elementor-top-section elementor-element elementor-element-2694c7ba elementor-section-boxed elementor-section-height-default elementor-section-height-default\" data-id=\"2694c7ba\" data-element_type=\"section\">\n\t\t\t\t\t\t<div class=\"elementor-container elementor-column-gap-default\">\n\t\t\t\t\t\t\t<div class=\"elementor-row\">\n\t\t\t\t\t<div class=\"elementor-column elementor-col-100 elementor-top-column elementor-element elementor-element-416c59b0\" data-id=\"416c59b0\" data-element_type=\"column\">\n\t\t\t<div class=\"elementor-column-wrap elementor-element-populated\">\n\t\t\t\t\t\t\t<div class=\"elementor-widget-wrap\">\n\t\t\t\t\t\t<div class=\"elementor-element elementor-element-c0b6d2c elementor-widget elementor-widget-theme-post-title elementor-page-title elementor-widget-heading\" data-id=\"c0b6d2c\" data-element_type=\"widget\" data-widget_type=\"theme-post-title.default\">\n\t\t\t\t<div class=\"elementor-widget-container\">\n\t\t\t<h1 class=\"elementor-heading-title elementor-size-default\">2. MARCO LEGAL DE LOS DERECHOS DE LOS PUEBLOS IND\u00cdGENAS Y LOS DERECHOS DE LAS MUJERES IND\u00cdGENAS<\/h1>\t\t<\/div>\n\t\t\t\t<\/div>\n\t\t\t\t\t\t<\/div>\n\t\t\t\t\t<\/div>\n\t\t<\/div>\n\t\t\t\t\t\t\t\t<\/div>\n\t\t\t\t\t<\/div>\n\t\t<\/section>\n\t\t\t\t<section class=\"elementor-section elementor-top-section elementor-element elementor-element-af110e7 elementor-section-boxed elementor-section-height-default elementor-section-height-default\" data-id=\"af110e7\" data-element_type=\"section\">\n\t\t\t\t\t\t<div class=\"elementor-container elementor-column-gap-default\">\n\t\t\t\t\t\t\t<div class=\"elementor-row\">\n\t\t\t\t\t<div class=\"elementor-column elementor-col-100 elementor-top-column elementor-element elementor-element-43cda9b7\" data-id=\"43cda9b7\" data-element_type=\"column\">\n\t\t\t<div class=\"elementor-column-wrap elementor-element-populated\">\n\t\t\t\t\t\t\t<div class=\"elementor-widget-wrap\">\n\t\t\t\t\t\t<div class=\"elementor-element elementor-element-48f86e2b elementor-widget elementor-widget-text-editor\" data-id=\"48f86e2b\" data-element_type=\"widget\" data-widget_type=\"text-editor.default\">\n\t\t\t\t<div class=\"elementor-widget-container\">\n\t\t\t\t\t<div class=\"elementor-text-editor elementor-clearfix\"><p>Dos instrumentos internacionales protegen los derechos de los pueblos ind\u00edgenas; el Convenio 169 de la Organizaci\u00f3n\u00a0 Internacional del Trabajo (OIT) y la Declaraci\u00f3n Universal de las Naciones Unidas sobre los derechos de los Pueblos Ind\u00edgenas, ambos instrumentos ratificados por el gobierno boliviano, que a su vez est\u00e1n reconocidos en la Constituci\u00f3n Pol\u00edtica del Estado.<span class=\"Apple-converted-space\">\u00a0<\/span><\/p><p>El Convenio 169 de la OIT, en su art\u00edculo 1o, inciso b) define \u201ca los pueblos ind\u00edgenas de la siguiente manera: &#8230;<i>considerados ind\u00edgenas por el hecho de descender de poblaciones que habitaban en el pa\u00eds o en una regi\u00f3n geogr\u00e1fica a la que pertenece el pa\u00eds en la \u00e9poca de la conquista o la colonizaci\u00f3n o del establecimiento de las actuales fronteras estatales y que, cualquiera que sea su situaci\u00f3n jur\u00eddica, conservan todas sus propias instituciones sociales, econ\u00f3micas, culturales y pol\u00edticas, o parte de ellas\u201d. <\/i>En su art\u00edculo 8.1 reconoce los derechos consuetudinarios <i>Al aplicar la legislaci\u00f3n nacional a los pueblos interesados deber\u00e1n tomarse debidamente en consideraci\u00f3n sus costumbres o su derecho consuetudinario\u201d.<span class=\"Apple-converted-space\">\u00a0<\/span><\/i><\/p><p>Por otro lado, la Declaraci\u00f3n de los Pueblos Ind\u00edgenas, en su art\u00edculo 5\u00ba reconoce el derecho de los pueblos ind\u00edgenas a conservar sus propias instituciones pol\u00edticas, econ\u00f3micas, culturales y jur\u00eddicas. En el art\u00edculo 7\u00ba numeral 2, se reconoce el derecho <b>colectivo <\/b>a vivir en libertad, paz y seguridad, sin ning\u00fan tipo de violencia.<span class=\"Apple-converted-space\">\u00a0<\/span><\/p><p>La Constituci\u00f3n Pol\u00edtica del Estado Boliviano, en su art\u00edculo 30 par\u00e1grafos I indica que: \u201c<i>Es naci\u00f3n y pueblo ind\u00edgena originario campesino, toda colectividad humana que comparta identidad cultural, idioma, tradici\u00f3n hist\u00f3rica, instituciones, territorialidad y cosmovisi\u00f3n, cuya existencia es anterior a la invasi\u00f3n colonial espa\u00f1ola\u201d.<span class=\"Apple-converted-space\">\u00a0<\/span><\/i><\/p><p>Asimismo, en el art\u00edculo 179\u00ba reconoce a la justicia ind\u00edgena ejercida por sus propias autoridades, adem\u00e1s de reconocer igual jerarqu\u00eda entre jurisdicci\u00f3n ind\u00edgena originario campesina y jurisdicci\u00f3n ordinaria.<span class=\"Apple-converted-space\">\u00a0<\/span><\/p><p>Respecto a la discriminaci\u00f3n y violencia contra las mujeres, la Declaraci\u00f3n de los Pueblos Ind\u00edgenas, recomienda en el art\u00edculo 22.2: \u201c<i>Los Estados adoptar\u00e1n medidas, conjuntamente con los pueblos ind\u00edgenas, para asegurar que las mujeres y los ni\u00f1os ind\u00edgenas gocen de protecci\u00f3n y garant\u00edas plenas contra todas las formas de violencia y discriminaci\u00f3n\u201d<\/i>.<span class=\"Apple-converted-space\">\u00a0<\/span><\/p><p>A su vez, la Convenci\u00f3n de Naciones Unidas sobre la Eliminaci\u00f3n de todas las Formas de Discriminaci\u00f3n contra las Mujeres \u201cCEDAW\u201d y la Convenci\u00f3n Interamericana para Prevenir, Sancionar y Erradicar la Violencia contra la Mujer Bel\u00e9m do Par\u00e1, ambas ratificadas por el Gobierno Boliviano, protegen los derechos humanos de las mujeres, especialmente contra la discriminaci\u00f3n y las diferentes formas de violencia, tal como se incluyeron en el art\u00edculo 15\u00ba de la Constituci\u00f3n Pol\u00edtica del Estado, as\u00ed como en otros art\u00edculos de esta Carta Magna.<span class=\"Apple-converted-space\">\u00a0<\/span><\/p><p>Este marco normativo est\u00e1 reflejado en la Ley Integral No 348 para Garantizar a las Mujeres una Vida Libre de Violencia que establece mecanismos, medidas y pol\u00edticas integrales de prevenci\u00f3n, atenci\u00f3n, protecci\u00f3n y reparaci\u00f3n a las mujeres en situaci\u00f3n de violencia, as\u00ed como la persecuci\u00f3n y sanci\u00f3n a los agresores, con el fin de garantizar a las mujeres una vida digna y el ejercicio pleno de sus derechos para Vivir Bien.<span class=\"Apple-converted-space\">\u00a0<\/span><\/p><p>Los derechos de los pueblos ind\u00edgenas y los derechos de las mujeres, reconocen por un lado los derechos colectivos de los pueblos y naciones ind\u00edgenas y por otro, los derechos civiles, pol\u00edticos, econ\u00f3micos, sociales y culturales de las mujeres. Estos derechos, al ser considerados en igual jerarqu\u00eda por la Constituci\u00f3n, deben ser igualmente respetados por las autoridades de la justicia ordinaria y la justicia comunitaria.<span class=\"Apple-converted-space\">\u00a0<\/span><\/p><p>Sin embargo, la justicia ind\u00edgena est\u00e1 subyugada a la justicia ordinaria, tal como se puede observar en la Ley de Deslinde Jurisdiccional y, por otro lado, la justicia ordinaria no est\u00e1 llegando al \u00e1rea rural como lo estipulan las normas.<\/p><\/div>\n\t\t\t\t<\/div>\n\t\t\t\t<\/div>\n\t\t\t\t\t\t<\/div>\n\t\t\t\t\t<\/div>\n\t\t<\/div>\n\t\t\t\t\t\t\t\t<\/div>\n\t\t\t\t\t<\/div>\n\t\t<\/section>\n\t\t\t\t\t\t<\/div>\n\t\t\t\t\t\t<\/div>\n\t\t\t\t\t<\/div>\n\t\t","protected":false},"excerpt":{"rendered":"<p>Dos instrumentos internacionales protegen los derechos de los pueblos ind\u00edgenas; el Convenio 169 de la Organizaci\u00f3n\u00a0 Internacional del Trabajo (OIT) y la Declaraci\u00f3n Universal de las Naciones Unidas sobre los derechos de los Pueblos Ind\u00edgenas, ambos instrumentos ratificados por el gobierno boliviano, que a su vez est\u00e1n reconocidos en la Constituci\u00f3n Pol\u00edtica del Estado.\u00a0 El &hellip;<\/p>\n<p class=\"read-more\"> <a class=\"\" href=\"https:\/\/alvi.centrojuanaazurduy.org\/index.php\/2-marco-legal-de-los-derechos-de-los-pueblos-indigenas-y-los-derechos-de-las-mujeres-indigenas\/\"> <span class=\"screen-reader-text\">2. MARCO LEGAL DE LOS DERECHOS DE LOS PUEBLOS IND\u00cdGENAS Y LOS DERECHOS DE LAS MUJERES IND\u00cdGENAS<\/span> Leer m\u00e1s &raquo;<\/a><\/p>\n","protected":false},"author":1,"featured_media":0,"comment_status":"closed","ping_status":"closed","sticky":false,"template":"","format":"standard","meta":{"footnotes":""},"categories":[5],"tags":[],"class_list":["post-245","post","type-post","status-publish","format-standard","hentry","category-jioc"],"_links":{"self":[{"href":"https:\/\/alvi.centrojuanaazurduy.org\/index.php\/wp-json\/wp\/v2\/posts\/245","targetHints":{"allow":["GET"]}}],"collection":[{"href":"https:\/\/alvi.centrojuanaazurduy.org\/index.php\/wp-json\/wp\/v2\/posts"}],"about":[{"href":"https:\/\/alvi.centrojuanaazurduy.org\/index.php\/wp-json\/wp\/v2\/types\/post"}],"author":[{"embeddable":true,"href":"https:\/\/alvi.centrojuanaazurduy.org\/index.php\/wp-json\/wp\/v2\/users\/1"}],"replies":[{"embeddable":true,"href":"https:\/\/alvi.centrojuanaazurduy.org\/index.php\/wp-json\/wp\/v2\/comments?post=245"}],"version-history":[{"count":6,"href":"https:\/\/alvi.centrojuanaazurduy.org\/index.php\/wp-json\/wp\/v2\/posts\/245\/revisions"}],"predecessor-version":[{"id":4781,"href":"https:\/\/alvi.centrojuanaazurduy.org\/index.php\/wp-json\/wp\/v2\/posts\/245\/revisions\/4781"}],"wp:attachment":[{"href":"https:\/\/alvi.centrojuanaazurduy.org\/index.php\/wp-json\/wp\/v2\/media?parent=245"}],"wp:term":[{"taxonomy":"category","embeddable":true,"href":"https:\/\/alvi.centrojuanaazurduy.org\/index.php\/wp-json\/wp\/v2\/categories?post=245"},{"taxonomy":"post_tag","embeddable":true,"href":"https:\/\/alvi.centrojuanaazurduy.org\/index.php\/wp-json\/wp\/v2\/tags?post=245"}],"curies":[{"name":"wp","href":"https:\/\/api.w.org\/{rel}","templated":true}]}}