{"id":2427,"date":"2020-11-27T19:58:46","date_gmt":"2020-11-27T23:58:46","guid":{"rendered":"http:\/\/gavvi.monstruoestudio.com\/?p=2427"},"modified":"2020-11-27T19:58:46","modified_gmt":"2020-11-27T23:58:46","slug":"tercera-fase-etapa-preparatoria-de-la-investigacion","status":"publish","type":"post","link":"https:\/\/alvi.centrojuanaazurduy.org\/index.php\/tercera-fase-etapa-preparatoria-de-la-investigacion\/","title":{"rendered":"TERCERA FASE &#8211; ETAPA PREPARATORIA DE LA INVESTIGACI\u00d3N"},"content":{"rendered":"\t\t<div data-elementor-type=\"wp-post\" data-elementor-id=\"2427\" class=\"elementor elementor-2427\" data-elementor-settings=\"[]\">\n\t\t\t\t\t\t<div class=\"elementor-inner\">\n\t\t\t\t\t\t\t<div class=\"elementor-section-wrap\">\n\t\t\t\t\t\t\t<section class=\"elementor-section elementor-top-section elementor-element elementor-element-7eff89a elementor-section-boxed elementor-section-height-default elementor-section-height-default\" data-id=\"7eff89a\" data-element_type=\"section\">\n\t\t\t\t\t\t<div class=\"elementor-container elementor-column-gap-default\">\n\t\t\t\t\t\t\t<div class=\"elementor-row\">\n\t\t\t\t\t<div class=\"elementor-column elementor-col-100 elementor-top-column elementor-element elementor-element-c7949c1\" data-id=\"c7949c1\" data-element_type=\"column\">\n\t\t\t<div class=\"elementor-column-wrap elementor-element-populated\">\n\t\t\t\t\t\t\t<div class=\"elementor-widget-wrap\">\n\t\t\t\t\t\t<div class=\"elementor-element elementor-element-c17146f elementor-widget elementor-widget-theme-post-title elementor-page-title elementor-widget-heading\" data-id=\"c17146f\" data-element_type=\"widget\" data-widget_type=\"theme-post-title.default\">\n\t\t\t\t<div class=\"elementor-widget-container\">\n\t\t\t<h1 class=\"elementor-heading-title elementor-size-default\">TERCERA FASE &#8211; ETAPA PREPARATORIA DE LA INVESTIGACI\u00d3N<\/h1>\t\t<\/div>\n\t\t\t\t<\/div>\n\t\t\t\t\t\t<\/div>\n\t\t\t\t\t<\/div>\n\t\t<\/div>\n\t\t\t\t\t\t\t\t<\/div>\n\t\t\t\t\t<\/div>\n\t\t<\/section>\n\t\t\t\t<section class=\"elementor-section elementor-top-section elementor-element elementor-element-13030d2 elementor-section-boxed elementor-section-height-default elementor-section-height-default\" data-id=\"13030d2\" data-element_type=\"section\">\n\t\t\t\t\t\t<div class=\"elementor-container elementor-column-gap-default\">\n\t\t\t\t\t\t\t<div class=\"elementor-row\">\n\t\t\t\t\t<div class=\"elementor-column elementor-col-100 elementor-top-column elementor-element elementor-element-a61de47\" data-id=\"a61de47\" data-element_type=\"column\">\n\t\t\t<div class=\"elementor-column-wrap elementor-element-populated\">\n\t\t\t\t\t\t\t<div class=\"elementor-widget-wrap\">\n\t\t\t\t\t\t<div class=\"elementor-element elementor-element-67a03da elementor-widget elementor-widget-text-editor\" data-id=\"67a03da\" data-element_type=\"widget\" data-widget_type=\"text-editor.default\">\n\t\t\t\t<div class=\"elementor-widget-container\">\n\t\t\t\t\t<div class=\"elementor-text-editor elementor-clearfix\"><div class=\"page\" title=\"Page 15\"><div class=\"section\"><div class=\"layoutArea\"><div class=\"column\"><div class=\"page\" title=\"Page 47\"><div class=\"section\"><div class=\"layoutArea\"><div class=\"column\"><div class=\"page\" title=\"Page 60\"><div class=\"section\"><div class=\"layoutArea\"><div class=\"column\"><div class=\"page\" title=\"Page 61\"><div class=\"section\"><div class=\"layoutArea\"><div class=\"column\"><p>Se menciona Etapa Preparatoria a la fase siguiente despu\u00e9s de que concluy\u00f3 la Etapa Preliminar, cuando \u00e9l o la Fiscal determinan la Imputaci\u00f3n del agresor o agresora para que el proceso penal siga en contra de la o las personas denunciadas.\u00a0<\/p><p>Teniendo siempre presente que la etapa preparatoria no constituye un fin en s\u00ed misma, por el contrario, su finalidad es la preparaci\u00f3n del juicio oral y p\u00fablico, que se cumple a trav\u00e9s de la recolecci\u00f3n de todos los elementos que permitan fundar la acusaci\u00f3n del fiscal o del querellante y la defensa del imputado (art. 277 CPP).<\/p><p>Esta etapa contemplar\u00e1 los siguientes pasos:<\/p><ol><li>Articulaci\u00f3n de las labores investigativas con las labores de acompa\u00f1amiento y preparaci\u00f3n de la v\u00edctima y testigos.<\/li><li>Seguimiento y asesoramiento de la v\u00edctima en la etapa preparatoria del proceso (\u00e1rea social, \u00e1rea psicol\u00f3gica, \u00e1rea legal).<\/li><li>Conclusi\u00f3n de la etapa preparatoria<\/li><\/ol><\/div><\/div><\/div><\/div><\/div><\/div><\/div><\/div><\/div><\/div><\/div><\/div><\/div><\/div><\/div><\/div><\/div>\n\t\t\t\t<\/div>\n\t\t\t\t<\/div>\n\t\t\t\t\t\t<\/div>\n\t\t\t\t\t<\/div>\n\t\t<\/div>\n\t\t\t\t\t\t\t\t<\/div>\n\t\t\t\t\t<\/div>\n\t\t<\/section>\n\t\t\t\t<section class=\"elementor-section elementor-top-section elementor-element elementor-element-665c4c9 elementor-section-boxed elementor-section-height-default elementor-section-height-default\" data-id=\"665c4c9\" data-element_type=\"section\">\n\t\t\t\t\t\t<div class=\"elementor-container elementor-column-gap-default\">\n\t\t\t\t\t\t\t<div class=\"elementor-row\">\n\t\t\t\t\t<div class=\"elementor-column elementor-col-100 elementor-top-column elementor-element elementor-element-fb649a3\" data-id=\"fb649a3\" data-element_type=\"column\">\n\t\t\t<div class=\"elementor-column-wrap elementor-element-populated\">\n\t\t\t\t\t\t\t<div class=\"elementor-widget-wrap\">\n\t\t\t\t\t\t<div class=\"elementor-element elementor-element-758dcbd elementor-widget elementor-widget-heading\" data-id=\"758dcbd\" data-element_type=\"widget\" data-widget_type=\"heading.default\">\n\t\t\t\t<div class=\"elementor-widget-container\">\n\t\t\t<h1 class=\"elementor-heading-title elementor-size-default\">1. ARTICULACI\u00d3N DE LAS LABORES INVESTIGATIVAS CON LAS LABORES\nDE ACOMPA\u00d1AMIENTO Y PREPARACI\u00d3N DE LA V\u00cdCTIMA Y TESTIGOS<\/h1>\t\t<\/div>\n\t\t\t\t<\/div>\n\t\t\t\t\t\t<\/div>\n\t\t\t\t\t<\/div>\n\t\t<\/div>\n\t\t\t\t\t\t\t\t<\/div>\n\t\t\t\t\t<\/div>\n\t\t<\/section>\n\t\t\t\t<section class=\"elementor-section elementor-top-section elementor-element elementor-element-c9091fa elementor-section-boxed elementor-section-height-default elementor-section-height-default\" data-id=\"c9091fa\" data-element_type=\"section\">\n\t\t\t\t\t\t<div class=\"elementor-container elementor-column-gap-default\">\n\t\t\t\t\t\t\t<div class=\"elementor-row\">\n\t\t\t\t\t<div class=\"elementor-column elementor-col-100 elementor-top-column elementor-element elementor-element-4c4d8c7\" data-id=\"4c4d8c7\" data-element_type=\"column\">\n\t\t\t<div class=\"elementor-column-wrap elementor-element-populated\">\n\t\t\t\t\t\t\t<div class=\"elementor-widget-wrap\">\n\t\t\t\t\t\t<div class=\"elementor-element elementor-element-f2b642e elementor-widget elementor-widget-text-editor\" data-id=\"f2b642e\" data-element_type=\"widget\" data-widget_type=\"text-editor.default\">\n\t\t\t\t<div class=\"elementor-widget-container\">\n\t\t\t\t\t<div class=\"elementor-text-editor elementor-clearfix\"><div class=\"page\" title=\"Page 15\"><div class=\"section\"><div class=\"layoutArea\"><div class=\"column\"><div class=\"page\" title=\"Page 47\"><div class=\"section\"><div class=\"layoutArea\"><div class=\"column\"><div class=\"page\" title=\"Page 60\"><div class=\"section\"><div class=\"layoutArea\"><div class=\"column\"><div class=\"page\" title=\"Page 61\"><div class=\"section\"><div class=\"layoutArea\"><div class=\"column\"><p>Las funciones de contenci\u00f3n, preparaci\u00f3n, y acompa\u00f1amiento de la ni\u00f1a, ni\u00f1o o adolescente, deben ser llevadas de forma continua y transversal durante todo el proceso por los y las funcionarios\/as de la DNA y\/u otras Entidades Promotoras de la Denuncia; funciones que deben realizarse de forma paralela al accionar del Ministerio P\u00fablico y la FELCV en el desarrollo de las diligencias.<\/p><p>En esta etapa, la psic\u00f3loga de la DNA iniciar\u00e1 el proceso de la terapia psicol\u00f3gica o coordinar\u00e1 con otras instituciones especializadas en el \u00e1rea, como el Centro de Prevenci\u00f3n y Atenci\u00f3n Terap\u00e9utica &#8211; CEPAT u otra similar en los dem\u00e1s departamentos o con instituciones privadas.<\/p><p>La psic\u00f3loga del Ministerio P\u00fablico (UPAVT) o de la DNA debe preparar a la ni\u00f1a, ni\u00f1o o adolescente antes de la declaraci\u00f3n explicando por qu\u00e9 y para qu\u00e9 tiene que ir a declarar, cual es la importancia de este paso; tambi\u00e9n es importante el acompa\u00f1amiento para la realizaci\u00f3n de la contenci\u00f3n emocional para que la ni\u00f1a, ni\u00f1o o adolescente se siente fortalecida\/o y acompa\u00f1ada\/o a la hora de realizar la declaraci\u00f3n.<\/p><p>El acompa\u00f1amiento debe realizarse en los siguientes actos procesales fundamentales en esta etapa de investigaci\u00f3n:<\/p><\/div><\/div><\/div><\/div><\/div><\/div><\/div><\/div><\/div><\/div><\/div><\/div><\/div><\/div><\/div><\/div><\/div>\n\t\t\t\t<\/div>\n\t\t\t\t<\/div>\n\t\t\t\t\t\t<\/div>\n\t\t\t\t\t<\/div>\n\t\t<\/div>\n\t\t\t\t\t\t\t\t<\/div>\n\t\t\t\t\t<\/div>\n\t\t<\/section>\n\t\t\t\t<section class=\"elementor-section elementor-top-section elementor-element elementor-element-fbcc3ee elementor-section-boxed elementor-section-height-default elementor-section-height-default\" data-id=\"fbcc3ee\" data-element_type=\"section\">\n\t\t\t\t\t\t<div class=\"elementor-container elementor-column-gap-default\">\n\t\t\t\t\t\t\t<div class=\"elementor-row\">\n\t\t\t\t\t<div class=\"elementor-column elementor-col-100 elementor-top-column elementor-element elementor-element-261363a\" data-id=\"261363a\" data-element_type=\"column\">\n\t\t\t<div class=\"elementor-column-wrap elementor-element-populated\">\n\t\t\t\t\t\t\t<div class=\"elementor-widget-wrap\">\n\t\t\t\t\t\t<div class=\"elementor-element elementor-element-f8ed6a4 elementor-widget elementor-widget-text-editor\" data-id=\"f8ed6a4\" data-element_type=\"widget\" data-widget_type=\"text-editor.default\">\n\t\t\t\t<div class=\"elementor-widget-container\">\n\t\t\t\t\t<div class=\"elementor-text-editor elementor-clearfix\"><div class=\"page\" title=\"Page 64\">\n<table>\n<tbody>\n<tr>\n<td>\n<div class=\"layoutArea\">\n<div class=\"column\">\n<p style=\"text-align: center;\"><strong><span style=\"color: #43358b;\">Audiencia de Medidas Cautelares<\/span><\/strong><\/p>\n<\/div>\n<\/div>\n<\/td>\n<\/tr>\n<tr>\n<td>\n<ul>\n<li>Esta audiencia ser\u00e1 realizada por el Juez o la Jueza en materia de Ni\u00f1ez y Adolescencia para proteger el inter\u00e9s y la seguridad de la ni\u00f1a, ni\u00f1o o adolescente, estas medidas adoptadas podr\u00e1 realizarla de oficio o a pedido de parte en contra del imputado: Aprehensi\u00f3n; Anotaci\u00f3n Preventiva; Arraigo, Ordenar por tiempo determinado la salida de la denunciada o del denunciado<\/li>\n<li>del domicilio familiar y otras medidas tipificadas en la Ley 548 art. 216 del CNNA y CPP art. 221, 222 que la Jueza o Juez considere.<\/li>\n<li>Las medidas cautelares podr\u00e1n estar vigentes hasta la ejecuci\u00f3n de la Sentencia.<\/li>\n<li>En la Audiencia, la v\u00edctima podr\u00e1 comparecer a trav\u00e9s de su representante legal, siendo profesionales de la Defensor\u00eda de la Ni\u00f1ez y Adolescencia u otras instituciones o profesionales particulares que patrocinen a la ni\u00f1a, ni\u00f1o o adolescente. (art. 228 CNNA).<\/li>\n<li>La polic\u00eda podr\u00e1 realizar aprehensiones en cumplimiento de \u00f3rdenes o mandamientos dispuestos por el Ministerio P\u00fablico o el \u00f3rgano jurisdiccional.<\/li>\n<\/ul>\n<\/td>\n<\/tr>\n<\/tbody>\n<\/table>\n<\/div><\/div>\n\t\t\t\t<\/div>\n\t\t\t\t<\/div>\n\t\t\t\t\t\t<\/div>\n\t\t\t\t\t<\/div>\n\t\t<\/div>\n\t\t\t\t\t\t\t\t<\/div>\n\t\t\t\t\t<\/div>\n\t\t<\/section>\n\t\t\t\t<section class=\"elementor-section elementor-top-section elementor-element elementor-element-9446be9 elementor-section-boxed elementor-section-height-default elementor-section-height-default\" data-id=\"9446be9\" data-element_type=\"section\">\n\t\t\t\t\t\t<div class=\"elementor-container elementor-column-gap-default\">\n\t\t\t\t\t\t\t<div class=\"elementor-row\">\n\t\t\t\t\t<div class=\"elementor-column elementor-col-100 elementor-top-column elementor-element elementor-element-86042e5\" data-id=\"86042e5\" data-element_type=\"column\">\n\t\t\t<div class=\"elementor-column-wrap elementor-element-populated\">\n\t\t\t\t\t\t\t<div class=\"elementor-widget-wrap\">\n\t\t\t\t\t\t<div class=\"elementor-element elementor-element-9c85ef1 elementor-widget elementor-widget-text-editor\" data-id=\"9c85ef1\" data-element_type=\"widget\" data-widget_type=\"text-editor.default\">\n\t\t\t\t<div class=\"elementor-widget-container\">\n\t\t\t\t\t<div class=\"elementor-text-editor elementor-clearfix\"><div title=\"Page 64\"><table><tbody><tr><td><div><div><p style=\"text-align: center;\"><strong><span style=\"color: #43358b;\">Pericia<\/span><\/strong><\/p><\/div><\/div><\/td><\/tr><tr><td><ul><li>Esta acci\u00f3n estar\u00e1 determinada por la o \u00e9l Fiscal en Materia cuando concluya ordenar Pericia para descubrir o valorar un elemento de prueba, con el apoyo t\u00e9cnico de profesionales especializados en alguna ciencia, arte o t\u00e9cnica, de acuerdo a los hechos y criterios legales de la o \u00e9l Fiscal. (Art. 204 CPP)<\/li><li>Una vez que \u00e9l o la Fiscal de Materia haya determinado la realizaci\u00f3n de pericia, \u00e9l o la funcionario\/ a policial de la FELCV u otro donde no existiera, deber\u00e1 proceder a la notificaci\u00f3n de los sujetos procesales con la designaci\u00f3n del Perito y puntos de pericia a efectos de cumplir con las tareas asignadas. (Art. 209 CPP)<\/li><li>El equipo de profesionales de la Entidad Promotora debe informar a la v\u00edctima respecto al procedimiento a realizarse y su intervenci\u00f3n en la misma, mencion\u00e1ndole la importancia de este acto investigativo, el cual puede durar varias sesiones en las que ser\u00e1 sometida a una serie de instrumentos, pruebas, y entrevistas psicol\u00f3gicas y sociales.<\/li><\/ul><p>Para este acto investigativo el equipo de profesionales que patrocina a la ni\u00f1a, ni\u00f1o o adolescente debe coordinar y establecer estas sesiones con el perito designando resguardando la integridad, emocional, psicol\u00f3gica y espiritual de la v\u00edctima. La\/el psic\u00f3loga\/o o trabajadora social (personal) de la DNA debe preparar a la ni\u00f1a, ni\u00f1o o adolescente para la pericias. Es fundamental que le explique en qu\u00e9 consiste, d\u00f3nde se realizar\u00e1 y la importancia de \u00e9sta y acompa\u00f1arla para brindarle seguridad, confianza y protecci\u00f3n. La o el fiscal nombrar\u00e1 un perito psic\u00f3logo\/a del Ministerio P\u00fablico (UPAVT) para realizar la pericia psicol\u00f3gica.<\/p><p><strong>Consideraciones durante las pericias del\/de la psic\u00f3logo\/a forense:<\/strong><br \/>El objetivo es la elaboraci\u00f3n de un informe pericial, que busca la determinaci\u00f3n de los hechos o sobre sus manifestaciones.<\/p><ol><li>El dictamen pericial versa sobre los puntos de pericia solicitados.<\/li><li>En una pericia donde se determina en qu\u00e9 medida los hechos violentos a los cuales se enfrent\u00f3 la v\u00edctima generaron un da\u00f1o psicol\u00f3gico, por lo que se deber\u00e1 realizar un estudio de la personalidad (diagn\u00f3stico psicol\u00f3gico).<\/li><li>Para la evaluaci\u00f3n psicol\u00f3gica se recurrir\u00e1 a la utilizaci\u00f3n de Test cuantitativos y cualitativos. En los primeros se encuentran los cuestionarios, inventarios y escalas, en cambio en los segundos se encuentran englobadas las pruebas proyectivas (las personas proyecten sus ideas y se proyecten a s\u00ed mismas).<\/li><li>Los informes esenciales deben contener necesariamente los datos de identificaci\u00f3n, el motivo y objeto de la evaluaci\u00f3n, antecedentes relevantes, metodolog\u00eda de la evaluaci\u00f3n, conductas observadas y\/o examen mental, resultados de la evaluaci\u00f3n y conclusiones.<\/li><\/ol><\/td><\/tr><\/tbody><\/table><\/div><\/div>\n\t\t\t\t<\/div>\n\t\t\t\t<\/div>\n\t\t\t\t\t\t<\/div>\n\t\t\t\t\t<\/div>\n\t\t<\/div>\n\t\t\t\t\t\t\t\t<\/div>\n\t\t\t\t\t<\/div>\n\t\t<\/section>\n\t\t\t\t<section class=\"elementor-section elementor-top-section elementor-element elementor-element-1917f3a elementor-section-boxed elementor-section-height-default elementor-section-height-default\" data-id=\"1917f3a\" data-element_type=\"section\">\n\t\t\t\t\t\t<div class=\"elementor-container elementor-column-gap-default\">\n\t\t\t\t\t\t\t<div class=\"elementor-row\">\n\t\t\t\t\t<div class=\"elementor-column elementor-col-100 elementor-top-column elementor-element elementor-element-7f6cafb\" data-id=\"7f6cafb\" data-element_type=\"column\">\n\t\t\t<div class=\"elementor-column-wrap elementor-element-populated\">\n\t\t\t\t\t\t\t<div class=\"elementor-widget-wrap\">\n\t\t\t\t\t\t<div class=\"elementor-element elementor-element-6241060 elementor-widget elementor-widget-text-editor\" data-id=\"6241060\" data-element_type=\"widget\" data-widget_type=\"text-editor.default\">\n\t\t\t\t<div class=\"elementor-widget-container\">\n\t\t\t\t\t<div class=\"elementor-text-editor elementor-clearfix\"><div class=\"page\" title=\"Page 64\"><table><tbody><tr><td><div class=\"layoutArea\"><div class=\"column\"><p style=\"text-align: center;\"><strong><span style=\"color: #43358b;\">Inspecci\u00f3n T\u00e9cnica Ocular (ITO) y Reconstrucci\u00f3n de los Hechos<\/span><\/strong><\/p><\/div><\/div><\/td><\/tr><tr><td><ul><li>El o la Fiscal, Juez o Jueza podr\u00e1n ordenar la inspecci\u00f3n ocular y\/o la reconstrucci\u00f3n del hecho, de acuerdo con las declaraciones recibidas y otros elementos de convicci\u00f3n, para comprobar si se efectu\u00f3 o pudo efectuarse de un modo determinado (art. 179 CPP).<\/li><li>Una vez que se haya se\u00f1alado la Audiencia de Inspecci\u00f3n Ocular y Reconstrucci\u00f3n de los Hechos, el o la funcionaria\/o de la FELCV u otro donde no existiera; deber\u00e1 proceder a la notificaci\u00f3n de los sujetos procesales.<\/li><li>Para la participaci\u00f3n de testigos, peritos e int\u00e9rpretes, regir\u00e1n las disposiciones legales de la normativa vigente.<\/li><li>Cuando se determine las modalidades de la inspecci\u00f3n ocular y reconstrucci\u00f3n, el o la Fiscal, Juez o Jueza o Tribunal dispondr\u00e1n lo que sea oportuno a fin de que \u00e9sta se desarrolle en forma tal que no ofenda o ponga en peligro la integridad de las personas o la seguridad p\u00fablica que intervenga en dicha acci\u00f3n legal.<\/li><li>Para evitar la revictimizaci\u00f3n, se debe acordar con la o el Fiscal a cargo del caso que se deber\u00e1 evitar el contacto directo de la v\u00edctima con el agresor por la carga emocional que conlleva. Es de suma importancia que el o la psic\u00f3logo\/a de la UPAVT o el\/la a psic\u00f3logo\/a (o trabajadora social) de la DNA, u otra entidad en la que se encuentre realizando terapia, prepare a la ni\u00f1a, ni\u00f1o o adolescente para la ITO, explicando en qu\u00e9 consiste, d\u00f3nde se llevar\u00e1 a cabo y la importancia de su participaci\u00f3n. Este puede ser un momento muy dif\u00edcil para la ni\u00f1a, ni\u00f1o o adolescente, por tanto se a debe acompa\u00f1ar y permanecer a su lado, realizar la contenci\u00f3n emocional y protegerla.<\/li><\/ul><\/td><\/tr><\/tbody><\/table><\/div><\/div>\n\t\t\t\t<\/div>\n\t\t\t\t<\/div>\n\t\t\t\t\t\t<\/div>\n\t\t\t\t\t<\/div>\n\t\t<\/div>\n\t\t\t\t\t\t\t\t<\/div>\n\t\t\t\t\t<\/div>\n\t\t<\/section>\n\t\t\t\t<section class=\"elementor-section elementor-top-section elementor-element elementor-element-03c1821 elementor-section-boxed elementor-section-height-default elementor-section-height-default\" data-id=\"03c1821\" data-element_type=\"section\">\n\t\t\t\t\t\t<div class=\"elementor-container elementor-column-gap-default\">\n\t\t\t\t\t\t\t<div class=\"elementor-row\">\n\t\t\t\t\t<div class=\"elementor-column elementor-col-100 elementor-top-column elementor-element elementor-element-3ffbe51\" data-id=\"3ffbe51\" data-element_type=\"column\">\n\t\t\t<div class=\"elementor-column-wrap elementor-element-populated\">\n\t\t\t\t\t\t\t<div class=\"elementor-widget-wrap\">\n\t\t\t\t\t\t<div class=\"elementor-element elementor-element-d4ad47d elementor-widget elementor-widget-text-editor\" data-id=\"d4ad47d\" data-element_type=\"widget\" data-widget_type=\"text-editor.default\">\n\t\t\t\t<div class=\"elementor-widget-container\">\n\t\t\t\t\t<div class=\"elementor-text-editor elementor-clearfix\"><p>\u00a0<\/p><table><tbody><tr><td><div class=\"layoutArea\"><div class=\"column\"><p style=\"text-align: center;\"><strong><span style=\"color: #43358b;\">Anticipo de Prueba<\/span><\/strong><\/p><\/div><\/div><\/td><\/tr><tr><td><ul><li>Se presentar\u00e1 cuando sea necesario practicar un reconocimiento, registro, reconstrucci\u00f3n o pericia, que por su naturaleza o pericia se consideran como actos definitivos e irreproducibles, o cuando deba recibirse una declaraci\u00f3n que, por alg\u00fan obst\u00e1culo se presuma que no podr\u00e1 producirse durante el juicio. El Fiscal o cualquiera de las partes podr\u00e1n pedir al Juez o Jueza que viabilice estos actos (Art. 307 CPP).<\/li><li>Las o los funcionarios promotores de la Denuncia deber\u00e1n informar de manera clara y sencilla a la victima respecto a los objetivos y\/o razones del Anticipo de Prueba, explicarle el procedimiento y su participaci\u00f3n en la misma.<\/li><li>El equipo de profesionales que patrocinan a la v\u00edctima deber\u00e1n informarle que NO se sienta pre-juzgada, avergonzada y\/o culpable por lo que le sucedi\u00f3 y que su relato o participaci\u00f3n en este acto investigativo ser\u00e1 por \u00fanica vez.<\/li><li>Todo profesional que participe de este procedimiento sabe que debe reservar y guardar la confidencialidad de la informaci\u00f3n que proporcione la v\u00edctima ya que solo es de uso especial para el proceso penal desarrollado.<\/li><li>En caso de que no exista UPAVT, el equipo de profesionales que patrocina a la v\u00edctima debe prepararla para esta declaraci\u00f3n o participaci\u00f3n, haciendo hincapi\u00e9 en que es importante que relate todo cuanto le sucedi\u00f3, sin obviar detalles de lo sucedido.<\/li><li>El anticipo de prueba debe precautelar los derechos de la misma como ser: el derecho a la intimidad y la reducci\u00f3n de niveles de revictimizaci\u00f3n. Esta debe ser realizada en C\u00e1mara Gesell o un medio an\u00e1logo, como se explica en la gu\u00eda de C\u00e1mara Gesell. El equipo de profesionales que patrocinan a la v\u00edctima deben informar a la misma y a los familiares o tutores que acompa\u00f1en a la NNA, que este procedimiento ser\u00e1 grabado y que en la sala contigua estar\u00e1 el imputado.<\/li><li>Por esta raz\u00f3n los profesionales que dirigen esta acci\u00f3n deben obtener el consentimiento informado de la v\u00edctima, familiares o tutores para que se cumpla con las formalidades de Ley.<\/li><li>En caso de que la v\u00edctima sea una ni\u00f1a, ni\u00f1o o adolescente ind\u00edgena originaria campesina, extranjera o persona con discapacidad, la entrevista deber\u00e1 realizarse a trav\u00e9s de un traductor o int\u00e9rprete.<\/li><li>Los familiares o tutores y DNA siempre deber\u00e1n acompa\u00f1ar a la v\u00edctima NNA.<\/li><\/ul><\/td><\/tr><\/tbody><\/table><\/div>\n\t\t\t\t<\/div>\n\t\t\t\t<\/div>\n\t\t\t\t\t\t<\/div>\n\t\t\t\t\t<\/div>\n\t\t<\/div>\n\t\t\t\t\t\t\t\t<\/div>\n\t\t\t\t\t<\/div>\n\t\t<\/section>\n\t\t\t\t<section class=\"elementor-section elementor-top-section elementor-element elementor-element-8191b6c elementor-section-boxed elementor-section-height-default elementor-section-height-default\" data-id=\"8191b6c\" data-element_type=\"section\">\n\t\t\t\t\t\t<div class=\"elementor-container elementor-column-gap-default\">\n\t\t\t\t\t\t\t<div class=\"elementor-row\">\n\t\t\t\t\t<div class=\"elementor-column elementor-col-100 elementor-top-column elementor-element elementor-element-c63d88e\" data-id=\"c63d88e\" data-element_type=\"column\">\n\t\t\t<div class=\"elementor-column-wrap elementor-element-populated\">\n\t\t\t\t\t\t\t<div class=\"elementor-widget-wrap\">\n\t\t\t\t\t\t<div class=\"elementor-element elementor-element-ba7a79f elementor-widget elementor-widget-text-editor\" data-id=\"ba7a79f\" data-element_type=\"widget\" data-widget_type=\"text-editor.default\">\n\t\t\t\t<div class=\"elementor-widget-container\">\n\t\t\t\t\t<div class=\"elementor-text-editor elementor-clearfix\"><table><tbody><tr><td><div class=\"layoutArea\"><div class=\"column\"><p style=\"text-align: center;\"><strong><span style=\"color: #43358b;\">Reconocimiento de Persona<\/span><\/strong><\/p><\/div><\/div><\/td><\/tr><tr><td><p>A efectos de evitar cualquier encuentro directo entre la v\u00edctima y el o la agresor\/a, el o la Fiscal y el o la investigador\/a asignado\/a al caso, deber\u00e1n coordinar con la Instancia Promotora a efectos que la v\u00edctima llegue media hora antes a la realizaci\u00f3n del acto. Asimismo, a la conclusi\u00f3n de este acto se resguardar\u00e1 a la v\u00edctima hasta que abandone el lugar; tambi\u00e9n se sugiere que con car\u00e1cter previo, la v\u00edctima se familiarice con el espacio f\u00edsico donde se desarrollar\u00e1 el reconocimiento de persona.<br \/>Concluido el acto de reconocimiento de persona el o la investigador\/a deber\u00e1 elaborar el ACTA correspondiente de conformidad al art. 219 de CPP.<br \/>Los y las funcionarios\/as de la DNA y en su caso el personal de la UPAVT deben brindar a la v\u00edctima:<\/p><ul><li><span style=\"font-size: 15px; color: var( --e-global-color-text );\">Informaci\u00f3n respecto al procedimiento en el cual la ni\u00f1a, ni\u00f1o o adolescente y sus familiares\u00a0<\/span><span style=\"font-size: 15px; color: var( --e-global-color-text );\">o tutores intervendr\u00e1n; debiendo explicarles que es de importancia su presencia en esta diligencia\u00a0<\/span><span style=\"font-size: 15px; color: var( --e-global-color-text );\">investigativa.<\/span><\/li><li><span style=\"font-size: 15px; color: var( --e-global-color-text );\">En coordinaci\u00f3n con la UPAVT, en los lugares donde esta exista, realizar la preparaci\u00f3n de la\u00a0<\/span><span style=\"font-size: 15px; color: var( --e-global-color-text );\">v\u00edctima por medio de estrategias de afrontamiento, ante la confrontaci\u00f3n indirecta para el\u00a0<\/span><span style=\"font-size: 15px; color: var( --e-global-color-text );\">reconocimiento de su posible agresor.<\/span><\/li><li><span style=\"font-size: 15px; color: var( --e-global-color-text );\">De ser necesario, se deber\u00e1n aplicar t\u00e9cnicas de relajaci\u00f3n y respiraci\u00f3n para disminuir la\u00a0<\/span><span style=\"font-size: 15px; color: var( --e-global-color-text );\">ansiedad de la v\u00edctima.<\/span><\/li><li><span style=\"font-size: 15px; color: var( --e-global-color-text );\">Debe asegurarse que por ning\u00fan motivo la v\u00edctima sea expuesta o sometida a un encuentro\u00a0<\/span><span style=\"font-size: 15px; color: var( --e-global-color-text );\">directo con el agresor; para lo cual debe utilizarse la c\u00e1mara Gesell o medio an\u00e1logo conforme\u00a0<\/span><span style=\"font-size: 15px; color: var( --e-global-color-text );\">se explica en la gu\u00eda de uso de la c\u00e1mara Gesell.<\/span><\/li><\/ul><\/td><\/tr><\/tbody><\/table><\/div>\n\t\t\t\t<\/div>\n\t\t\t\t<\/div>\n\t\t\t\t\t\t<\/div>\n\t\t\t\t\t<\/div>\n\t\t<\/div>\n\t\t\t\t\t\t\t\t<\/div>\n\t\t\t\t\t<\/div>\n\t\t<\/section>\n\t\t\t\t\t\t<\/div>\n\t\t\t\t\t\t<\/div>\n\t\t\t\t\t<\/div>\n\t\t","protected":false},"excerpt":{"rendered":"<p>Se menciona Etapa Preparatoria a la fase siguiente despu\u00e9s de que concluy\u00f3 la Etapa Preliminar, cuando \u00e9l o la Fiscal determinan la Imputaci\u00f3n del agresor o agresora para que el proceso penal siga en contra de la o las personas denunciadas.\u00a0 Teniendo siempre presente que la etapa preparatoria no constituye un fin en s\u00ed misma, &hellip;<\/p>\n<p class=\"read-more\"> <a class=\"\" href=\"https:\/\/alvi.centrojuanaazurduy.org\/index.php\/tercera-fase-etapa-preparatoria-de-la-investigacion\/\"> <span class=\"screen-reader-text\">TERCERA FASE &#8211; ETAPA PREPARATORIA DE LA INVESTIGACI\u00d3N<\/span> Leer m\u00e1s &raquo;<\/a><\/p>\n","protected":false},"author":1,"featured_media":0,"comment_status":"closed","ping_status":"closed","sticky":false,"template":"","format":"standard","meta":{"footnotes":""},"categories":[8],"tags":[],"class_list":["post-2427","post","type-post","status-publish","format-standard","hentry","category-protocolo-de-prevencion-parte-2"],"_links":{"self":[{"href":"https:\/\/alvi.centrojuanaazurduy.org\/index.php\/wp-json\/wp\/v2\/posts\/2427","targetHints":{"allow":["GET"]}}],"collection":[{"href":"https:\/\/alvi.centrojuanaazurduy.org\/index.php\/wp-json\/wp\/v2\/posts"}],"about":[{"href":"https:\/\/alvi.centrojuanaazurduy.org\/index.php\/wp-json\/wp\/v2\/types\/post"}],"author":[{"embeddable":true,"href":"https:\/\/alvi.centrojuanaazurduy.org\/index.php\/wp-json\/wp\/v2\/users\/1"}],"replies":[{"embeddable":true,"href":"https:\/\/alvi.centrojuanaazurduy.org\/index.php\/wp-json\/wp\/v2\/comments?post=2427"}],"version-history":[{"count":0,"href":"https:\/\/alvi.centrojuanaazurduy.org\/index.php\/wp-json\/wp\/v2\/posts\/2427\/revisions"}],"wp:attachment":[{"href":"https:\/\/alvi.centrojuanaazurduy.org\/index.php\/wp-json\/wp\/v2\/media?parent=2427"}],"wp:term":[{"taxonomy":"category","embeddable":true,"href":"https:\/\/alvi.centrojuanaazurduy.org\/index.php\/wp-json\/wp\/v2\/categories?post=2427"},{"taxonomy":"post_tag","embeddable":true,"href":"https:\/\/alvi.centrojuanaazurduy.org\/index.php\/wp-json\/wp\/v2\/tags?post=2427"}],"curies":[{"name":"wp","href":"https:\/\/api.w.org\/{rel}","templated":true}]}}