{"id":240,"date":"2020-11-22T22:06:55","date_gmt":"2020-11-23T02:06:55","guid":{"rendered":"http:\/\/gavvi.monstruoestudio.com\/?p=240"},"modified":"2021-06-02T17:31:15","modified_gmt":"2021-06-02T21:31:15","slug":"1-5-percepciones-de-autoridades-indigena-originario-campesinas-y-de-las-mujeres-en-situacion-de-violencia","status":"publish","type":"post","link":"https:\/\/alvi.centrojuanaazurduy.org\/index.php\/1-5-percepciones-de-autoridades-indigena-originario-campesinas-y-de-las-mujeres-en-situacion-de-violencia\/","title":{"rendered":"1.5 Percepciones de autoridades ind\u00edgena originario campesinas y de las mujeres en situaci\u00f3n de violencia"},"content":{"rendered":"\t\t<div data-elementor-type=\"wp-post\" data-elementor-id=\"240\" class=\"elementor elementor-240\" data-elementor-settings=\"[]\">\n\t\t\t\t\t\t<div class=\"elementor-inner\">\n\t\t\t\t\t\t\t<div class=\"elementor-section-wrap\">\n\t\t\t\t\t\t\t<section class=\"elementor-section elementor-top-section elementor-element elementor-element-8b92a41 elementor-section-boxed elementor-section-height-default elementor-section-height-default\" data-id=\"8b92a41\" data-element_type=\"section\">\n\t\t\t\t\t\t<div class=\"elementor-container elementor-column-gap-default\">\n\t\t\t\t\t\t\t<div class=\"elementor-row\">\n\t\t\t\t\t<div class=\"elementor-column elementor-col-100 elementor-top-column elementor-element elementor-element-24d2d409\" data-id=\"24d2d409\" data-element_type=\"column\">\n\t\t\t<div class=\"elementor-column-wrap elementor-element-populated\">\n\t\t\t\t\t\t\t<div class=\"elementor-widget-wrap\">\n\t\t\t\t\t\t<div class=\"elementor-element elementor-element-6d9f5b3e elementor-widget elementor-widget-theme-post-title elementor-page-title elementor-widget-heading\" data-id=\"6d9f5b3e\" data-element_type=\"widget\" data-widget_type=\"theme-post-title.default\">\n\t\t\t\t<div class=\"elementor-widget-container\">\n\t\t\t<h2 class=\"elementor-heading-title elementor-size-default\">1.5 Percepciones de autoridades ind\u00edgena originario campesinas y de las mujeres en situaci\u00f3n de violencia<\/h2>\t\t<\/div>\n\t\t\t\t<\/div>\n\t\t\t\t\t\t<\/div>\n\t\t\t\t\t<\/div>\n\t\t<\/div>\n\t\t\t\t\t\t\t\t<\/div>\n\t\t\t\t\t<\/div>\n\t\t<\/section>\n\t\t\t\t<section class=\"elementor-section elementor-top-section elementor-element elementor-element-58935e1a elementor-section-boxed elementor-section-height-default elementor-section-height-default\" data-id=\"58935e1a\" data-element_type=\"section\">\n\t\t\t\t\t\t<div class=\"elementor-container elementor-column-gap-default\">\n\t\t\t\t\t\t\t<div class=\"elementor-row\">\n\t\t\t\t\t<div class=\"elementor-column elementor-col-100 elementor-top-column elementor-element elementor-element-2f550429\" data-id=\"2f550429\" data-element_type=\"column\">\n\t\t\t<div class=\"elementor-column-wrap elementor-element-populated\">\n\t\t\t\t\t\t\t<div class=\"elementor-widget-wrap\">\n\t\t\t\t\t\t<div class=\"elementor-element elementor-element-569ef134 elementor-widget elementor-widget-text-editor\" data-id=\"569ef134\" data-element_type=\"widget\" data-widget_type=\"text-editor.default\">\n\t\t\t\t<div class=\"elementor-widget-container\">\n\t\t\t\t\t<div class=\"elementor-text-editor elementor-clearfix\"><p>Para la elaboraci\u00f3n del presente documento, se ha consultado a autoridades ind\u00edgena originario campesinas, mujeres y hombres de diferentes comunidades, pueblos y naciones ind\u00edgenas, sobre el abordaje de la violencia en raz\u00f3n de g\u00e9nero y lo que informaron es que antes de la Ley No 348, las autoridades ind\u00edgena originario campesinas, con todas las dificultades que se puedan considerar, atend\u00edan los casos de violencia contra las mujeres en su comunidad, mediante la conciliaci\u00f3n.<span class=\"Apple-converted-space\">\u00a0<\/span><\/p><p>Sin embargo, actualmente, identifican un debilitamiento de la justicia ind\u00edgena originario campesina en el tratamiento de estos casos, porque las autoridades ya no quieren atenderlos indicando que eso corresponde a la justicia ordinaria, especialmente en comunidades aleda\u00f1as a centros urbanos.<span class=\"Apple-converted-space\">\u00a0<\/span><\/p><p>La justicia ind\u00edgena originario campesina, dependiendo de la comunidad, de las autoridades en ejercicio, del sistema de justicia ind\u00edgena y ante todo del control social, puede ser muy s\u00f3lida, acorde a sus normas, o puede ser hasta deficiente. Todo depende de la solidez del sistema de justicia que impera en la comunidad, pueblo o naci\u00f3n ind\u00edgena originario campesina.<span class=\"Apple-converted-space\">\u00a0<\/span><\/p><p>En la mayor\u00eda de los casos, los castigos en los sistemas de justicia ind\u00edgena originario campesina, son resueltos en p\u00fablico y dependiendo de la gravedad del delito, se otorga el castigo correspondiente.<span class=\"Apple-converted-space\">\u00a0<\/span><\/p><p>Se considera violencia o maltrato cuando una mujer presenta signos f\u00edsicos de bofetadas, golpes, patadas, u otros. No se conocen muchos casos de maltrato psicol\u00f3gico que hayan llegado a las autoridades comunales, por falta de reconocimiento de este tipo de violencia. Los casos de violaci\u00f3n o muerte en raz\u00f3n de g\u00e9nero (feminicidio), tienen otra categor\u00eda y se remiten a la justicia ordinaria.<span class=\"Apple-converted-space\">\u00a0<\/span><\/p><p>Las agresiones generalmente se clasifican en leve, grave y grav\u00edsimos, tambi\u00e9n se toman en cuenta si es primera vez, o si hay reincidencia. Entonces, ser\u00e1 leve, si la mujer presenta tambi\u00e9n signos leves de golpes en su cuerpo, moretones en el ojo u otros signos visibles. Es grave, cuando la mujer presenta signos de golpes fuertes, moretones marcados por todo el cuerpo, ojos tapados e incluso puede tener heridas por los golpes recibidos. Grav\u00edsimo, cuando se detecta indicios de atentado contra la vida de la mujer, heridas, laceraciones consideradas de gravedad.<span class=\"Apple-converted-space\">\u00a0<\/span><\/p><p>Si la agresi\u00f3n es leve y por primera vez, en caso de violencia hacia la mujer, generalmente se reflexiona a la persona o a la pareja y se realizan recomendaciones para evitar que vuelva a ocurrir. Aqu\u00ed es importante la participaci\u00f3n de las ancianas, los ancianos, sabias, sabios, amaut\u2019as que recomiendan en base a los caminos que ellos y sus antepasados han recorrido en la b\u00fasqueda y mantenimiento constante del equilibrio. Todo suele ser acompa\u00f1ado de rituales de limpias, petici\u00f3n de armon\u00eda y equilibrio para la pareja.<span class=\"Apple-converted-space\">\u00a0<\/span><\/p><p>En caso de considerarse la agresi\u00f3n de gravedad, dependiendo de la comunidad, naci\u00f3n o pueblo, el castigo ser\u00e1 con mayor drasticidad, con chicotazos, multas, trabajos comunitarios, atarlos al palo santo y otros. Generalmente los casos que llegan a estos niveles, son reincidentes.<span class=\"Apple-converted-space\">\u00a0<\/span><\/p><p>En los casos considerados grav\u00edsimos, se dice que, en la antig\u00fcedad, en muchos casos sol\u00edan echarlos de la comunidad, pero en estos tiempos se los deriva a la justicia ordinaria.<span class=\"Apple-converted-space\">\u00a0<\/span><\/p><p>Se considera que el castigo moral es realmente el m\u00e1s fuerte, ya que en una comunidad se vela mucho por el prestigio de las familias, entonces no solo es mal vista la persona agresora, sino toda la familia, los padres hermanos, t\u00edos y dem\u00e1s, \u201ces una verg\u00fcenza que toda la gente te vea con esa cara\u201d.<span class=\"Apple-converted-space\">\u00a0<\/span><\/p><p>Un otro aspecto muy importante en las comunidades, pueblos y naciones ind\u00edgena originario campesinos es la palabra, es decir, cumplir con el compromiso verbal realizado ante las autoridades, la familia, la persona afectada y la comunidad en pleno. Comprometer la palabra de no volver a cometer la agresi\u00f3n, el incumplimiento de este compromiso es considerado una total falta de responsabilidad e irrespeto, que conlleva al desprestigio personal, familiar y de la comunidad.<span class=\"Apple-converted-space\">\u00a0<\/span><\/p><p>Un dicho frecuente en las comunidades es <i>\u201ctodo tiene ojos y o\u00eddos\u201d <\/i>lo que significa que nada se puede decir o hacer sin que alguien escuche o vea lo que se hace, esto implica el control social comunitario, todo se sabe y las comunarias y comunarios se esforzar\u00e1n por mantener el equilibrio en sus familias y comunidad, enmarc\u00e1ndose en lo posible en las normas sociales de convivencia arm\u00f3nica.<span class=\"Apple-converted-space\">\u00a0<\/span><\/p><p>La justicia ind\u00edgena, juzgaba y juzga a\u00fan, en algunas comunidades, los casos de violencia contra las mujeres, todo dependiendo de la solidez de sistema de justicia ind\u00edgena y las autoridades en ejercicio. En la actualidad, de acuerdo a entrevistas realizadas, algunas autoridades ya no quieren atender los casos de violencia contra las mujeres, otras las derivan a las Defensor\u00edas de la Ni\u00f1ez y Adolescencia (DNA) o Servicios Legales Integrales Municipales (SLIM).<span class=\"Apple-converted-space\">\u00a0<\/span><\/p><p>Actualmente, en la justicia ind\u00edgena originario campesina, no se juzgan los casos de violaci\u00f3n y muertes (feminicidios), estos casos son derivados a la justicia ordinaria. Por otra parte, se conocen casos de autoridades y comunidades que acudieron a la justicia ordinaria sin encontrar respuesta a sus demandas.<span class=\"Apple-converted-space\">\u00a0<\/span><\/p><p>Actualmente se reconoce que hay violencia hacia las mujeres en las comunidades rurales, tal como se pudo verificar en los talleres de grupos focales y entrevistas que se realizaron para la elaboraci\u00f3n de este documento. Sin embargo, las personas entrevistadas indicaron que consideran que la violencia contra las mujeres no se da en la misma dimensi\u00f3n de las ciudades, dado que los casos que conocen son pocos y aquellas personas que comenten estos actos son mal vistas por sus comunidades.<span class=\"Apple-converted-space\">\u00a0<\/span><\/p><p>Por otro lado la violencia hacia las mujeres, especialmente la que se da al interior de la familia, a\u00fan es considerada un hecho privado, que de no resolverse en el seno de la familia, con la intervenci\u00f3n de las familias, padrinos, abuelas, reci\u00e9n pasa a la comunidad, para que sean las autoridades ind\u00edgenas originario campesinas quienes resuelvan estos casos, por lo tanto se podr\u00eda deducir que cuando llega a conocimiento de las autoridades ind\u00edgena originario campesinas, las mujeres ya habr\u00edan sufrido anteriormente alguna forma de violencia.<span class=\"Apple-converted-space\">\u00a0<\/span><\/p><p>En la comunidad <i>\u201cno es bien visto\u201d <\/i>cuando una persona acude a la justicia ordinaria para resolver sus problemas y esta visi\u00f3n es aplicable a los casos de violencia hacia las mujeres, ellas son mal vistas cuando acuden a estas instancias, primero porque la violencia contra las mujeres, a\u00fan es considerada un asunto privado y porque al salir del entorno comunal, se juega el prestigio de la misma comunidad. El pensamiento es que, las personas de las comunidades vecinas, dir\u00e1n que son \u201cpendencieros\u201d en sus propias palabras.<span class=\"Apple-converted-space\">\u00a0<\/span><\/p><p>Las personas integrantes de los grupos focales y entrevistadas, afirman que: <i>\u201cno es bueno ventilar estos problemas fuera de la comunidad, la gente habla<\/i>\u201d. Es por toda esa carga peyorativa en detrimento del prestigio familiar y comunal, que prefieren que los casos de violencia contra las mujeres, se resuelvan en la comunidad. Entonces, se podr\u00eda deducir que el prestigio de la comunidad y de la familia es una carga para las mujeres ind\u00edgenas.<span class=\"Apple-converted-space\">\u00a0<\/span><\/p><p>Por otro lado, las mismas mujeres ind\u00edgenas indicaron que prefieren no denunciar ante la justicia ordinaria:<span class=\"Apple-converted-space\">\u00a0<\/span><\/p><ol><li>Porque no es bien visto en su comunidad y que estos problemas salgan afuera,<\/li><li>Por los altos costos econ\u00f3micos que implica la denuncia (pasajes, alimentaci\u00f3n, alojamiento en las urbes),<\/li><li>El tiempo que demandan estos procesos<\/li><li>La falta de conocimiento de los pasos a seguir y<\/li><li>Las pocas probabilidades de encontrar justicia en este espacio desconocido para ellas.<\/li><\/ol><p>Asimismo, la justicia ordinaria no siempre llega a las comunidades, en algunos municipios no tienen SLIM, o est\u00e1n fusionados con la Defensor\u00eda de la Ni\u00f1ez y Adolescencia. En la mayor\u00eda de los municipios no existen una polic\u00eda especializada, ni fiscales especializados en la tem\u00e1tica. Finalmente se identifica que en muchos casos se cuenta con abogadas y abogados muy j\u00f3venes que no tienen experiencia.<span class=\"Apple-converted-space\">\u00a0<\/span><\/p><p>Por otra parte, existen todav\u00eda algunas autoridades de la justicia ordinaria que inclusive culpabilizan a las mujeres por la violencia que sufrieron.<span class=\"Apple-converted-space\">\u00a0<\/span><\/p><p>Es por estas consideraciones previas, que es importante fortalecer la justicia ind\u00edgena, originario, campesina a fin de prevenir, disminuir y erradicar la violencia contra las mujeres, asumida como una prioridad nacional.<\/p><\/div>\n\t\t\t\t<\/div>\n\t\t\t\t<\/div>\n\t\t\t\t\t\t<\/div>\n\t\t\t\t\t<\/div>\n\t\t<\/div>\n\t\t\t\t\t\t\t\t<\/div>\n\t\t\t\t\t<\/div>\n\t\t<\/section>\n\t\t\t\t\t\t<\/div>\n\t\t\t\t\t\t<\/div>\n\t\t\t\t\t<\/div>\n\t\t","protected":false},"excerpt":{"rendered":"<p>Para la elaboraci\u00f3n del presente documento, se ha consultado a autoridades ind\u00edgena originario campesinas, mujeres y hombres de diferentes comunidades, pueblos y naciones ind\u00edgenas, sobre el abordaje de la violencia en raz\u00f3n de g\u00e9nero y lo que informaron es que antes de la Ley No 348, las autoridades ind\u00edgena originario campesinas, con todas las dificultades &hellip;<\/p>\n<p class=\"read-more\"> <a class=\"\" href=\"https:\/\/alvi.centrojuanaazurduy.org\/index.php\/1-5-percepciones-de-autoridades-indigena-originario-campesinas-y-de-las-mujeres-en-situacion-de-violencia\/\"> <span class=\"screen-reader-text\">1.5 Percepciones de autoridades ind\u00edgena originario campesinas y de las mujeres en situaci\u00f3n de violencia<\/span> Leer m\u00e1s &raquo;<\/a><\/p>\n","protected":false},"author":1,"featured_media":0,"comment_status":"closed","ping_status":"closed","sticky":false,"template":"","format":"standard","meta":{"footnotes":""},"categories":[5],"tags":[],"class_list":["post-240","post","type-post","status-publish","format-standard","hentry","category-jioc"],"_links":{"self":[{"href":"https:\/\/alvi.centrojuanaazurduy.org\/index.php\/wp-json\/wp\/v2\/posts\/240","targetHints":{"allow":["GET"]}}],"collection":[{"href":"https:\/\/alvi.centrojuanaazurduy.org\/index.php\/wp-json\/wp\/v2\/posts"}],"about":[{"href":"https:\/\/alvi.centrojuanaazurduy.org\/index.php\/wp-json\/wp\/v2\/types\/post"}],"author":[{"embeddable":true,"href":"https:\/\/alvi.centrojuanaazurduy.org\/index.php\/wp-json\/wp\/v2\/users\/1"}],"replies":[{"embeddable":true,"href":"https:\/\/alvi.centrojuanaazurduy.org\/index.php\/wp-json\/wp\/v2\/comments?post=240"}],"version-history":[{"count":3,"href":"https:\/\/alvi.centrojuanaazurduy.org\/index.php\/wp-json\/wp\/v2\/posts\/240\/revisions"}],"predecessor-version":[{"id":4762,"href":"https:\/\/alvi.centrojuanaazurduy.org\/index.php\/wp-json\/wp\/v2\/posts\/240\/revisions\/4762"}],"wp:attachment":[{"href":"https:\/\/alvi.centrojuanaazurduy.org\/index.php\/wp-json\/wp\/v2\/media?parent=240"}],"wp:term":[{"taxonomy":"category","embeddable":true,"href":"https:\/\/alvi.centrojuanaazurduy.org\/index.php\/wp-json\/wp\/v2\/categories?post=240"},{"taxonomy":"post_tag","embeddable":true,"href":"https:\/\/alvi.centrojuanaazurduy.org\/index.php\/wp-json\/wp\/v2\/tags?post=240"}],"curies":[{"name":"wp","href":"https:\/\/api.w.org\/{rel}","templated":true}]}}