{"id":2298,"date":"2020-11-27T15:42:35","date_gmt":"2020-11-27T19:42:35","guid":{"rendered":"http:\/\/gavvi.monstruoestudio.com\/?p=2298"},"modified":"2021-06-02T07:20:58","modified_gmt":"2021-06-02T11:20:58","slug":"3-desarrollo-de-actos-investigativos-preliminares","status":"publish","type":"post","link":"https:\/\/alvi.centrojuanaazurduy.org\/index.php\/3-desarrollo-de-actos-investigativos-preliminares\/","title":{"rendered":"3. DESARROLLO DE ACTOS INVESTIGATIVOS PRELIMINARES"},"content":{"rendered":"\t\t<div data-elementor-type=\"wp-post\" data-elementor-id=\"2298\" class=\"elementor elementor-2298\" data-elementor-settings=\"[]\">\n\t\t\t\t\t\t<div class=\"elementor-inner\">\n\t\t\t\t\t\t\t<div class=\"elementor-section-wrap\">\n\t\t\t\t\t\t\t<section class=\"elementor-section elementor-top-section elementor-element elementor-element-318d249 elementor-section-boxed elementor-section-height-default elementor-section-height-default\" data-id=\"318d249\" data-element_type=\"section\">\n\t\t\t\t\t\t<div class=\"elementor-container elementor-column-gap-default\">\n\t\t\t\t\t\t\t<div class=\"elementor-row\">\n\t\t\t\t\t<div class=\"elementor-column elementor-col-100 elementor-top-column elementor-element elementor-element-ec72921\" data-id=\"ec72921\" data-element_type=\"column\">\n\t\t\t<div class=\"elementor-column-wrap elementor-element-populated\">\n\t\t\t\t\t\t\t<div class=\"elementor-widget-wrap\">\n\t\t\t\t\t\t<div class=\"elementor-element elementor-element-8a540aa elementor-widget elementor-widget-theme-post-title elementor-page-title elementor-widget-heading\" data-id=\"8a540aa\" data-element_type=\"widget\" data-widget_type=\"theme-post-title.default\">\n\t\t\t\t<div class=\"elementor-widget-container\">\n\t\t\t<h1 class=\"elementor-heading-title elementor-size-default\">3. DESARROLLO DE ACTOS INVESTIGATIVOS PRELIMINARES<\/h1>\t\t<\/div>\n\t\t\t\t<\/div>\n\t\t\t\t\t\t<\/div>\n\t\t\t\t\t<\/div>\n\t\t<\/div>\n\t\t\t\t\t\t\t\t<\/div>\n\t\t\t\t\t<\/div>\n\t\t<\/section>\n\t\t\t\t<section class=\"elementor-section elementor-top-section elementor-element elementor-element-69806ca elementor-section-boxed elementor-section-height-default elementor-section-height-default\" data-id=\"69806ca\" data-element_type=\"section\">\n\t\t\t\t\t\t<div class=\"elementor-container elementor-column-gap-default\">\n\t\t\t\t\t\t\t<div class=\"elementor-row\">\n\t\t\t\t\t<div class=\"elementor-column elementor-col-100 elementor-top-column elementor-element elementor-element-1bcb3f8\" data-id=\"1bcb3f8\" data-element_type=\"column\">\n\t\t\t<div class=\"elementor-column-wrap elementor-element-populated\">\n\t\t\t\t\t\t\t<div class=\"elementor-widget-wrap\">\n\t\t\t\t\t\t<div class=\"elementor-element elementor-element-f9ea491 elementor-widget elementor-widget-heading\" data-id=\"f9ea491\" data-element_type=\"widget\" data-widget_type=\"heading.default\">\n\t\t\t\t<div class=\"elementor-widget-container\">\n\t\t\t<h2 class=\"elementor-heading-title elementor-size-default\">3.1 ARTICULACI\u00d3N DE LAS LABORES INVESTIGATIVAS ENTRE EL MINISTERIO\nP\u00daBLICO (FISCAL\u00cdA) Y LA POLIC\u00cdA (FELCV)<\/h2>\t\t<\/div>\n\t\t\t\t<\/div>\n\t\t\t\t\t\t<\/div>\n\t\t\t\t\t<\/div>\n\t\t<\/div>\n\t\t\t\t\t\t\t\t<\/div>\n\t\t\t\t\t<\/div>\n\t\t<\/section>\n\t\t\t\t<section class=\"elementor-section elementor-top-section elementor-element elementor-element-1af7cc9 elementor-section-boxed elementor-section-height-default elementor-section-height-default\" data-id=\"1af7cc9\" data-element_type=\"section\">\n\t\t\t\t\t\t<div class=\"elementor-container elementor-column-gap-default\">\n\t\t\t\t\t\t\t<div class=\"elementor-row\">\n\t\t\t\t\t<div class=\"elementor-column elementor-col-100 elementor-top-column elementor-element elementor-element-cba0b8f\" data-id=\"cba0b8f\" data-element_type=\"column\">\n\t\t\t<div class=\"elementor-column-wrap elementor-element-populated\">\n\t\t\t\t\t\t\t<div class=\"elementor-widget-wrap\">\n\t\t\t\t\t\t<div class=\"elementor-element elementor-element-bc4234d elementor-widget elementor-widget-text-editor\" data-id=\"bc4234d\" data-element_type=\"widget\" data-widget_type=\"text-editor.default\">\n\t\t\t\t<div class=\"elementor-widget-container\">\n\t\t\t\t\t<div class=\"elementor-text-editor elementor-clearfix\"><div class=\"page\" title=\"Page 15\">\n<div class=\"section\">\n<div class=\"layoutArea\">\n<div class=\"column\">\n<div class=\"page\" title=\"Page 47\">\n<div class=\"section\">\n<div class=\"layoutArea\">\n<div class=\"column\">\n<div class=\"page\" title=\"Page 60\">\n<div class=\"section\">\n<div class=\"layoutArea\">\n<div class=\"column\">\n<div class=\"page\" title=\"Page 61\">\n<div class=\"section\">\n<div class=\"layoutArea\">\n<div class=\"column\">\n<p>De conformidad al C\u00f3digo de Procedimiento Penal, el Ministerio P\u00fablico tiene la direcci\u00f3n funcional&nbsp;<span style=\"font-size: 15px; color: var( --e-global-color-text );\">de la investigaci\u00f3n de los delitos, la que se entiende como la facultad de controlar que las acciones de&nbsp;<\/span><span style=\"font-size: 15px; color: var( --e-global-color-text );\">investigaci\u00f3n se ajusten a la legalidad durante todo el proceso investigativo para preservar los derechos&nbsp;<\/span><span style=\"font-size: 15px; color: var( --e-global-color-text );\">y garant\u00edas de v\u00edctimas e imputados, as\u00ed como de dise\u00f1ar la estrategia de investigaci\u00f3n en coordinaci\u00f3n&nbsp;<\/span><span style=\"font-size: 15px; color: var( --e-global-color-text );\">con el investigador o investigadora asignada, realizar el dibujo de ejecuci\u00f3n y\/o plan de investigaci\u00f3n,&nbsp;<\/span><span style=\"font-size: 15px; color: var( --e-global-color-text );\">definiendo el rumbo que deber\u00e1n seguir las acciones operativas de la investigadora o investigador de la&nbsp;<\/span><span style=\"font-size: 15px; color: var( --e-global-color-text );\">FELCV designado por la Fiscal\u00eda.<\/span><\/p>\n<p><span style=\"font-size: 15px; color: var( --e-global-color-text );\">Las acciones investigativas operativas consisten en las diligencias investigativas realizadas por el o la&nbsp;<\/span><span style=\"font-size: 15px; color: var( --e-global-color-text );\">investigador\/a, necesarias para la identificaci\u00f3n de las v\u00edctimas, averiguaci\u00f3n del hecho, individualizaci\u00f3n&nbsp;<\/span><span style=\"font-size: 15px; color: var( --e-global-color-text );\">del imputado y la obtenci\u00f3n de los elementos de prueba para sustentar el resultado de la investigaci\u00f3n.&nbsp;<\/span><\/p>\n<p><span style=\"font-size: 15px; color: var( --e-global-color-text );\">Las notificaciones que deba realizar la Fiscal\u00eda ser\u00e1n procesadas de acuerdo a lo establecido en el art\u00edculo&nbsp;<\/span><span style=\"font-size: 15px; color: var( --e-global-color-text );\">58 de la Ley Org\u00e1nica del Ministerio P\u00fablico. Los requerimientos fiscales ser\u00e1n procesados con&nbsp;<\/span><span style=\"font-size: 15px; color: var( --e-global-color-text );\">apoyo del investigador o investigadora asignada al caso.<\/span><\/p>\n<p><span style=\"font-size: 15px; color: var( --e-global-color-text );\">Para tal efecto, el investigador o investigadora asignada al caso, tendr\u00e1 acceso al cuaderno de investigaci\u00f3n&nbsp;<\/span><span style=\"font-size: 15px; color: var( --e-global-color-text );\">a fin de realizar ulteriores diligencias que le permitan un mayor conocimiento sobre el proceso y optimizaci\u00f3n de su labor investigativa. Para fines de elaboraci\u00f3n de informes, el investigador o investigadora&nbsp;<\/span><span style=\"font-size: 15px; color: var( --e-global-color-text );\">asignada al caso: tendr\u00e1 en custodia el cuaderno de investigaciones para su revisi\u00f3n y an\u00e1lisis&nbsp;<\/span><span style=\"font-size: 15px; color: var( --e-global-color-text );\">y posterior elaboraci\u00f3n del informe respectivo, bajo responsabilidad legal mientras estuviese bajo su&nbsp;<\/span><span style=\"font-size: 15px; color: var( --e-global-color-text );\">custodia.&nbsp;<\/span><span style=\"font-size: 15px; color: var( --e-global-color-text );\">Las determinaciones que tome la Fiscal\u00eda sobre el proceso, ser\u00e1n puestas en conocimiento investigador&nbsp;<\/span><span style=\"font-size: 15px; color: var( --e-global-color-text );\">o investigadora asignada al caso para fines de registro y conclusi\u00f3n de las actividades investigativas.<\/span><\/p><p>El investigador o investigadora asignada al caso, elevar\u00e1 el informe de investigaci\u00f3n preliminar haciendo conocer si existen los elementos de convicci\u00f3n necesarios a fin de que \u00e9l o la Fiscal tomen las determinaciones que correspondan por Ley.&nbsp;<\/p><p>Por otro lado, la Fiscal\u00eda determinar\u00e1 la evaluaci\u00f3n m\u00e9dico forense de la v\u00edctima, debiendo tomar en cuenta lo siguiente:<\/p>\n<\/div>\n<\/div>\n<\/div>\n<\/div>\n<\/div>\n<\/div>\n<\/div>\n<\/div>\n<\/div>\n<\/div>\n<\/div>\n<\/div>\n<\/div>\n<\/div>\n<\/div>\n<\/div><\/div>\n\t\t\t\t<\/div>\n\t\t\t\t<\/div>\n\t\t\t\t\t\t<\/div>\n\t\t\t\t\t<\/div>\n\t\t<\/div>\n\t\t\t\t\t\t\t\t<\/div>\n\t\t\t\t\t<\/div>\n\t\t<\/section>\n\t\t\t\t<section class=\"elementor-section elementor-top-section elementor-element elementor-element-17a4c36 elementor-section-boxed elementor-section-height-default elementor-section-height-default\" data-id=\"17a4c36\" data-element_type=\"section\">\n\t\t\t\t\t\t<div class=\"elementor-container elementor-column-gap-default\">\n\t\t\t\t\t\t\t<div class=\"elementor-row\">\n\t\t\t\t\t<div class=\"elementor-column elementor-col-100 elementor-top-column elementor-element elementor-element-996f649\" data-id=\"996f649\" data-element_type=\"column\">\n\t\t\t<div class=\"elementor-column-wrap elementor-element-populated\">\n\t\t\t\t\t\t\t<div class=\"elementor-widget-wrap\">\n\t\t\t\t\t\t<div class=\"elementor-element elementor-element-e4df00d elementor-widget elementor-widget-text-editor\" data-id=\"e4df00d\" data-element_type=\"widget\" data-widget_type=\"text-editor.default\">\n\t\t\t\t<div class=\"elementor-widget-container\">\n\t\t\t\t\t<div class=\"elementor-text-editor elementor-clearfix\"><p>\u00a0<\/p><table style=\"margin-left: 40px;\"><tbody><tr><td><div class=\"layoutArea\"><div class=\"column\"><p style=\"text-align: center;\"><strong><span style=\"color: #43358b;\">Valoraci\u00f3n a Realizarse por el o la M\u00e9dico Forense<\/span><\/strong><\/p><\/div><\/div><\/td><\/tr><tr><td><p>En raz\u00f3n de la situaci\u00f3n traum\u00e1tica que atraviesan las ni\u00f1as, ni\u00f1os y adolescentes en situaci\u00f3n de violencia sexual los m\u00e9dicos forenses deben tener presentes los siguientes aspectos:<\/p><ul><li>Deben realizar el examen con mucha paciencia, buen trato y empat\u00eda en consideraci\u00f3n de la situaci\u00f3n emocional en la que se encuentra la ni\u00f1a, ni\u00f1o o adolescente.<\/li><li>El examen m\u00e9dico se realizar\u00e1 en presencia de un familiar (preferentemente la madre) o un profesional de la instancia correspondiente que se encuentre realizando el acompa\u00f1amiento.<\/li><li>Para el examen se considerar\u00e1 todos los puntos de pericia solicitados por la o el Fiscal, sin exigir especificaciones obvias, valorando las lesiones (hematomas, desgarros vaginales o anales, etc.) Esta situaci\u00f3n no limitar\u00e1, en caso de que no est\u00e9n consideradas en el requerimiento fiscal, asumir otras revisiones relacionadas con la violencia sexual y que no fueron detectadas<\/li><li>o expl\u00edcitamente detectadas por el o la Fiscal.<\/li><li>El m\u00e9dico forense explicar\u00e1 a la ni\u00f1a, ni\u00f1o o adolescente y a la familia, con mucha paciencia, respeto y calidez, los procedimientos a seguir durante el examen y s\u00f3lo proceder\u00e1 con el consentimiento de ellos. Asimismo, explicar\u00e1 durante el examen f\u00edsico y ginecol\u00f3gico, el uso de cualquier t\u00e9cnica u equipo a emplearse (Esp\u00e9culo, colposcopio, ecograf\u00eda, etc.), para la toma de muestras y dem\u00e1s valoraciones.<\/li><li>El m\u00e9dico forense explicar\u00e1 los fines para los cuales se realiza cada uno de los ex\u00e1menes, as\u00ed como la utilizaci\u00f3n de toda informaci\u00f3n obtenida en la valoraci\u00f3n m\u00e9dica.<\/li><li>Para evitar la revictimizaci\u00f3n, en ning\u00fan caso se debe pedir a la ni\u00f1a, ni\u00f1o o adolescente que cuente los hechos, debi\u00e9ndose recurrir a los familiares o en su defecto al personal que se encuentra realizando el acompa\u00f1amiento.<\/li><li>El m\u00e9dico forense s\u00f3lo se remitir\u00e1 a la valoraci\u00f3n cl\u00ednica y evidencias encontradas, no puede contener otro tipo de valoraciones de car\u00e1cter personal y subjetivo.<\/li><li>Por ninguna circunstancia el m\u00e9dico forense har\u00e1 p\u00fablicos los hallazgos del examen ni la identidad de la ni\u00f1a, ni\u00f1o o adolescente en situaci\u00f3n de violencia sexual.<\/li><\/ul><p>Procedimiento del examen m\u00e9dico forense:<\/p><ol><li><span style=\"font-size: 15px; color: var( --e-global-color-text );\"><strong>Anamnesis<\/strong>. Es el momento donde se toman los datos personales, los datos de los antecedentes\u00a0<\/span><span style=\"font-size: 15px; color: var( --e-global-color-text );\">ginecol\u00f3gicos, patol\u00f3gicos, antecedentes de infecciones de transmisi\u00f3n sexual.<\/span><\/li><li><span style=\"font-size: 15px; color: var( --e-global-color-text );\"><strong>Datos de la agresi\u00f3n.<\/strong> Est\u00e1 referida a una breve relaci\u00f3n de los hechos (lugar, fecha y hora, el\u00a0<\/span><span style=\"font-size: 15px; color: var( --e-global-color-text );\">tipo de violencia sexual sufrida y la manera en que fue realizada), as\u00ed como las acciones asumidas\u00a0<\/span><span style=\"font-size: 15px; color: var( --e-global-color-text );\">despu\u00e9s del hecho.<\/span><\/li><li><span style=\"font-size: 15px; color: var( --e-global-color-text );\"><strong>Historia m\u00e9dica y sexual.<\/strong> Son los datos m\u00e9dicos y la historia sexual, necesaria y pertinente,\u00a0<\/span><span style=\"font-size: 15px; color: var( --e-global-color-text );\">que permita identificar cualquier conducta o condici\u00f3n m\u00e9dica que pueda provocar interpretaciones\u00a0<\/span><span style=\"font-size: 15px; color: var( --e-global-color-text );\">err\u00f3neas de los hallazgos cl\u00ednicos, as\u00ed como establecer con precisi\u00f3n las lesiones o\u00a0<\/span><span style=\"font-size: 15px; color: var( --e-global-color-text );\">consecuencias atribuibles directamente a la agresi\u00f3n sexual.<\/span><\/li><li><span style=\"font-size: 15px; color: var( --e-global-color-text );\"><strong>Exploraci\u00f3n F\u00edsica.<\/strong> Hace referencia a un examen por el \u00e1rea extra genital, sigue con el \u00e1rea\u00a0<\/span><span style=\"font-size: 15px; color: var( --e-global-color-text );\">para genital y concluye en el \u00e1rea genital; empieza primeramente por la mitad superior del\u00a0<\/span><span style=\"font-size: 15px; color: var( --e-global-color-text );\">cuerpo, para posteriormente pasar a la parte inferior.<\/span><\/li><li><span style=\"font-size: 15px; color: var( --e-global-color-text );\"><strong>Colecci\u00f3n de evidencias,<\/strong> muestras, ex\u00e1menes de laboratorio forense, que deber\u00e1n ser realizadas\u00a0<\/span><span style=\"font-size: 15px; color: var( --e-global-color-text );\">seg\u00fan cada caso en particular.<\/span><\/li><\/ol><\/td><\/tr><\/tbody><\/table><\/div>\n\t\t\t\t<\/div>\n\t\t\t\t<\/div>\n\t\t\t\t\t\t<\/div>\n\t\t\t\t\t<\/div>\n\t\t<\/div>\n\t\t\t\t\t\t\t\t<\/div>\n\t\t\t\t\t<\/div>\n\t\t<\/section>\n\t\t\t\t<section class=\"elementor-section elementor-top-section elementor-element elementor-element-a8151bb elementor-section-boxed elementor-section-height-default elementor-section-height-default\" data-id=\"a8151bb\" data-element_type=\"section\">\n\t\t\t\t\t\t<div class=\"elementor-container elementor-column-gap-default\">\n\t\t\t\t\t\t\t<div class=\"elementor-row\">\n\t\t\t\t\t<div class=\"elementor-column elementor-col-100 elementor-top-column elementor-element elementor-element-3278013\" data-id=\"3278013\" data-element_type=\"column\">\n\t\t\t<div class=\"elementor-column-wrap elementor-element-populated\">\n\t\t\t\t\t\t\t<div class=\"elementor-widget-wrap\">\n\t\t\t\t\t\t<div class=\"elementor-element elementor-element-5bd2258 elementor-widget elementor-widget-text-editor\" data-id=\"5bd2258\" data-element_type=\"widget\" data-widget_type=\"text-editor.default\">\n\t\t\t\t<div class=\"elementor-widget-container\">\n\t\t\t\t\t<div class=\"elementor-text-editor elementor-clearfix\"><div class=\"page\" title=\"Page 61\">\n<div class=\"section\">\n<div class=\"layoutArea\">\n<div class=\"column\">\n<div class=\"page\" title=\"Page 62\">\n<div class=\"section\">\n<div class=\"layoutArea\">\n<div class=\"column\">\n<p>Se priorizar\u00e1 la obtenci\u00f3n del certificado m\u00e9dico forense, que permita constatar la agresi\u00f3n sexual,<br>en casos de violaci\u00f3n, registrar las lesiones recientes o antiguas, as\u00ed como recabar los indicios de presencia de ant\u00edgeno prost\u00e1tico, lesiones de agresi\u00f3n por la defensa, presencia de t\u00f3xicos que hubieran facilitado la perpetraci\u00f3n del delito, etc. El IDIF homologar\u00e1 los certificados m\u00e9dicos forenses cuando la valoraci\u00f3n sea realizada por otra\/o m\u00e9dico.<\/p>\n<\/div>\n<\/div>\n<\/div>\n<\/div>\n<\/div>\n<\/div>\n<\/div>\n<\/div><\/div>\n\t\t\t\t<\/div>\n\t\t\t\t<\/div>\n\t\t\t\t\t\t<\/div>\n\t\t\t\t\t<\/div>\n\t\t<\/div>\n\t\t\t\t\t\t\t\t<\/div>\n\t\t\t\t\t<\/div>\n\t\t<\/section>\n\t\t\t\t\t\t<\/div>\n\t\t\t\t\t\t<\/div>\n\t\t\t\t\t<\/div>\n\t\t","protected":false},"excerpt":{"rendered":"<p>3.1 ARTICULACI\u00d3N DE LAS LABORES INVESTIGATIVAS ENTRE EL MINISTERIO P\u00daBLICO (FISCAL\u00cdA) Y LA POLIC\u00cdA (FELCV) De conformidad al C\u00f3digo de Procedimiento Penal, el Ministerio P\u00fablico tiene la direcci\u00f3n funcional&nbsp;de la investigaci\u00f3n de los delitos, la que se entiende como la facultad de controlar que las acciones de&nbsp;investigaci\u00f3n se ajusten a la legalidad durante todo el &hellip;<\/p>\n<p class=\"read-more\"> <a class=\"\" href=\"https:\/\/alvi.centrojuanaazurduy.org\/index.php\/3-desarrollo-de-actos-investigativos-preliminares\/\"> <span class=\"screen-reader-text\">3. DESARROLLO DE ACTOS INVESTIGATIVOS PRELIMINARES<\/span> Leer m\u00e1s &raquo;<\/a><\/p>\n","protected":false},"author":1,"featured_media":0,"comment_status":"closed","ping_status":"closed","sticky":false,"template":"","format":"standard","meta":{"footnotes":""},"categories":[8],"tags":[],"class_list":["post-2298","post","type-post","status-publish","format-standard","hentry","category-protocolo-de-prevencion-parte-2"],"_links":{"self":[{"href":"https:\/\/alvi.centrojuanaazurduy.org\/index.php\/wp-json\/wp\/v2\/posts\/2298","targetHints":{"allow":["GET"]}}],"collection":[{"href":"https:\/\/alvi.centrojuanaazurduy.org\/index.php\/wp-json\/wp\/v2\/posts"}],"about":[{"href":"https:\/\/alvi.centrojuanaazurduy.org\/index.php\/wp-json\/wp\/v2\/types\/post"}],"author":[{"embeddable":true,"href":"https:\/\/alvi.centrojuanaazurduy.org\/index.php\/wp-json\/wp\/v2\/users\/1"}],"replies":[{"embeddable":true,"href":"https:\/\/alvi.centrojuanaazurduy.org\/index.php\/wp-json\/wp\/v2\/comments?post=2298"}],"version-history":[{"count":3,"href":"https:\/\/alvi.centrojuanaazurduy.org\/index.php\/wp-json\/wp\/v2\/posts\/2298\/revisions"}],"predecessor-version":[{"id":4495,"href":"https:\/\/alvi.centrojuanaazurduy.org\/index.php\/wp-json\/wp\/v2\/posts\/2298\/revisions\/4495"}],"wp:attachment":[{"href":"https:\/\/alvi.centrojuanaazurduy.org\/index.php\/wp-json\/wp\/v2\/media?parent=2298"}],"wp:term":[{"taxonomy":"category","embeddable":true,"href":"https:\/\/alvi.centrojuanaazurduy.org\/index.php\/wp-json\/wp\/v2\/categories?post=2298"},{"taxonomy":"post_tag","embeddable":true,"href":"https:\/\/alvi.centrojuanaazurduy.org\/index.php\/wp-json\/wp\/v2\/tags?post=2298"}],"curies":[{"name":"wp","href":"https:\/\/api.w.org\/{rel}","templated":true}]}}