{"id":229,"date":"2020-11-22T21:59:17","date_gmt":"2020-11-23T01:59:17","guid":{"rendered":"http:\/\/gavvi.monstruoestudio.com\/?p=229"},"modified":"2020-11-22T21:59:17","modified_gmt":"2020-11-23T01:59:17","slug":"1-3-la-justicia-indigena-originario-campesina","status":"publish","type":"post","link":"https:\/\/alvi.centrojuanaazurduy.org\/index.php\/1-3-la-justicia-indigena-originario-campesina\/","title":{"rendered":"1.3 La justicia ind\u00edgena originario campesina"},"content":{"rendered":"\t\t<div data-elementor-type=\"wp-post\" data-elementor-id=\"229\" class=\"elementor elementor-229\" data-elementor-settings=\"[]\">\n\t\t\t\t\t\t<div class=\"elementor-inner\">\n\t\t\t\t\t\t\t<div class=\"elementor-section-wrap\">\n\t\t\t\t\t\t\t<section class=\"elementor-section elementor-top-section elementor-element elementor-element-459562ea elementor-section-boxed elementor-section-height-default elementor-section-height-default\" data-id=\"459562ea\" data-element_type=\"section\">\n\t\t\t\t\t\t<div class=\"elementor-container elementor-column-gap-default\">\n\t\t\t\t\t\t\t<div class=\"elementor-row\">\n\t\t\t\t\t<div class=\"elementor-column elementor-col-100 elementor-top-column elementor-element elementor-element-10fcd6e0\" data-id=\"10fcd6e0\" data-element_type=\"column\">\n\t\t\t<div class=\"elementor-column-wrap elementor-element-populated\">\n\t\t\t\t\t\t\t<div class=\"elementor-widget-wrap\">\n\t\t\t\t\t\t<div class=\"elementor-element elementor-element-2db75b9b elementor-widget elementor-widget-theme-post-title elementor-page-title elementor-widget-heading\" data-id=\"2db75b9b\" data-element_type=\"widget\" data-widget_type=\"theme-post-title.default\">\n\t\t\t\t<div class=\"elementor-widget-container\">\n\t\t\t<h2 class=\"elementor-heading-title elementor-size-default\">1.3 La justicia ind\u00edgena originario campesina<\/h2>\t\t<\/div>\n\t\t\t\t<\/div>\n\t\t\t\t\t\t<\/div>\n\t\t\t\t\t<\/div>\n\t\t<\/div>\n\t\t\t\t\t\t\t\t<\/div>\n\t\t\t\t\t<\/div>\n\t\t<\/section>\n\t\t\t\t<section class=\"elementor-section elementor-top-section elementor-element elementor-element-744ffdbd elementor-section-boxed elementor-section-height-default elementor-section-height-default\" data-id=\"744ffdbd\" data-element_type=\"section\">\n\t\t\t\t\t\t<div class=\"elementor-container elementor-column-gap-default\">\n\t\t\t\t\t\t\t<div class=\"elementor-row\">\n\t\t\t\t\t<div class=\"elementor-column elementor-col-100 elementor-top-column elementor-element elementor-element-579d0266\" data-id=\"579d0266\" data-element_type=\"column\">\n\t\t\t<div class=\"elementor-column-wrap elementor-element-populated\">\n\t\t\t\t\t\t\t<div class=\"elementor-widget-wrap\">\n\t\t\t\t\t\t<div class=\"elementor-element elementor-element-35395ab5 elementor-widget elementor-widget-text-editor\" data-id=\"35395ab5\" data-element_type=\"widget\" data-widget_type=\"text-editor.default\">\n\t\t\t\t<div class=\"elementor-widget-container\">\n\t\t\t\t\t<div class=\"elementor-text-editor elementor-clearfix\"><p>Es el sistema jur\u00eddico de pueblos ind\u00edgenas originario campesinos, con tradici\u00f3n milenaria, caracter\u00edsticas y procedimientos propios, que se reconoce en la Constituci\u00f3n vigente, que se ejerce mediante sus propias autoridades: mallkus, jilakatas, mama t\u2019allas, mrubichas, etc.<span class=\"Apple-converted-space\">\u00a0<\/span><\/p><p>La justicia ind\u00edgena originaria campesina, se caracteriza por ser reparadora, p\u00fablica, inmediata y sin costo, adem\u00e1s de ser de conocimiento de la comunidad en pleno, a diferencia de la justicia ordinaria cuyas normas, procedimientos e instituciones no son de f\u00e1cil acceso para la poblaci\u00f3n ind\u00edgena, por el idioma, las distancias a los centros urbanos, las rutas cr\u00edticas a seguir y el escaso conocimiento de las normativas.<\/p><\/div>\n\t\t\t\t<\/div>\n\t\t\t\t<\/div>\n\t\t\t\t\t\t<\/div>\n\t\t\t\t\t<\/div>\n\t\t<\/div>\n\t\t\t\t\t\t\t\t<\/div>\n\t\t\t\t\t<\/div>\n\t\t<\/section>\n\t\t\t\t\t\t<\/div>\n\t\t\t\t\t\t<\/div>\n\t\t\t\t\t<\/div>\n\t\t","protected":false},"excerpt":{"rendered":"<p>Es el sistema jur\u00eddico de pueblos ind\u00edgenas originario campesinos, con tradici\u00f3n milenaria, caracter\u00edsticas y procedimientos propios, que se reconoce en la Constituci\u00f3n vigente, que se ejerce mediante sus propias autoridades: mallkus, jilakatas, mama t\u2019allas, mrubichas, etc.&nbsp; La justicia ind\u00edgena originaria campesina, se caracteriza por ser reparadora, p\u00fablica, inmediata y sin costo, adem\u00e1s de ser de &hellip;<\/p>\n<p class=\"read-more\"> <a class=\"\" href=\"https:\/\/alvi.centrojuanaazurduy.org\/index.php\/1-3-la-justicia-indigena-originario-campesina\/\"> <span class=\"screen-reader-text\">1.3 La justicia ind\u00edgena originario campesina<\/span> Leer m\u00e1s &raquo;<\/a><\/p>\n","protected":false},"author":1,"featured_media":0,"comment_status":"closed","ping_status":"closed","sticky":false,"template":"","format":"standard","meta":{"footnotes":""},"categories":[5],"tags":[],"class_list":["post-229","post","type-post","status-publish","format-standard","hentry","category-jioc"],"_links":{"self":[{"href":"https:\/\/alvi.centrojuanaazurduy.org\/index.php\/wp-json\/wp\/v2\/posts\/229","targetHints":{"allow":["GET"]}}],"collection":[{"href":"https:\/\/alvi.centrojuanaazurduy.org\/index.php\/wp-json\/wp\/v2\/posts"}],"about":[{"href":"https:\/\/alvi.centrojuanaazurduy.org\/index.php\/wp-json\/wp\/v2\/types\/post"}],"author":[{"embeddable":true,"href":"https:\/\/alvi.centrojuanaazurduy.org\/index.php\/wp-json\/wp\/v2\/users\/1"}],"replies":[{"embeddable":true,"href":"https:\/\/alvi.centrojuanaazurduy.org\/index.php\/wp-json\/wp\/v2\/comments?post=229"}],"version-history":[{"count":0,"href":"https:\/\/alvi.centrojuanaazurduy.org\/index.php\/wp-json\/wp\/v2\/posts\/229\/revisions"}],"wp:attachment":[{"href":"https:\/\/alvi.centrojuanaazurduy.org\/index.php\/wp-json\/wp\/v2\/media?parent=229"}],"wp:term":[{"taxonomy":"category","embeddable":true,"href":"https:\/\/alvi.centrojuanaazurduy.org\/index.php\/wp-json\/wp\/v2\/categories?post=229"},{"taxonomy":"post_tag","embeddable":true,"href":"https:\/\/alvi.centrojuanaazurduy.org\/index.php\/wp-json\/wp\/v2\/tags?post=229"}],"curies":[{"name":"wp","href":"https:\/\/api.w.org\/{rel}","templated":true}]}}