{"id":2254,"date":"2020-11-27T15:12:07","date_gmt":"2020-11-27T19:12:07","guid":{"rendered":"http:\/\/gavvi.monstruoestudio.com\/?p=2254"},"modified":"2021-06-02T07:20:06","modified_gmt":"2021-06-02T11:20:06","slug":"2-como-se-procesa-la-denuncia-ante-el-ministerio-publico-fiscalia","status":"publish","type":"post","link":"https:\/\/alvi.centrojuanaazurduy.org\/index.php\/2-como-se-procesa-la-denuncia-ante-el-ministerio-publico-fiscalia\/","title":{"rendered":"2. \u00bfC\u00d3MO SE PROCESA LA DENUNCIA ANTE EL MINISTERIO P\u00daBLICO \u2013 FISCAL\u00cdA?"},"content":{"rendered":"\t\t<div data-elementor-type=\"wp-post\" data-elementor-id=\"2254\" class=\"elementor elementor-2254\" data-elementor-settings=\"[]\">\n\t\t\t\t\t\t<div class=\"elementor-inner\">\n\t\t\t\t\t\t\t<div class=\"elementor-section-wrap\">\n\t\t\t\t\t\t\t<section class=\"elementor-section elementor-top-section elementor-element elementor-element-f711a42 elementor-section-boxed elementor-section-height-default elementor-section-height-default\" data-id=\"f711a42\" data-element_type=\"section\">\n\t\t\t\t\t\t<div class=\"elementor-container elementor-column-gap-default\">\n\t\t\t\t\t\t\t<div class=\"elementor-row\">\n\t\t\t\t\t<div class=\"elementor-column elementor-col-100 elementor-top-column elementor-element elementor-element-aff177b\" data-id=\"aff177b\" data-element_type=\"column\">\n\t\t\t<div class=\"elementor-column-wrap elementor-element-populated\">\n\t\t\t\t\t\t\t<div class=\"elementor-widget-wrap\">\n\t\t\t\t\t\t<div class=\"elementor-element elementor-element-9cd8fbf elementor-widget elementor-widget-theme-post-title elementor-page-title elementor-widget-heading\" data-id=\"9cd8fbf\" data-element_type=\"widget\" data-widget_type=\"theme-post-title.default\">\n\t\t\t\t<div class=\"elementor-widget-container\">\n\t\t\t<h1 class=\"elementor-heading-title elementor-size-default\">2. \u00bfC\u00d3MO SE PROCESA LA DENUNCIA ANTE EL MINISTERIO P\u00daBLICO \u2013 FISCAL\u00cdA?<\/h1>\t\t<\/div>\n\t\t\t\t<\/div>\n\t\t\t\t\t\t<\/div>\n\t\t\t\t\t<\/div>\n\t\t<\/div>\n\t\t\t\t\t\t\t\t<\/div>\n\t\t\t\t\t<\/div>\n\t\t<\/section>\n\t\t\t\t<section class=\"elementor-section elementor-top-section elementor-element elementor-element-bb41300 elementor-section-boxed elementor-section-height-default elementor-section-height-default\" data-id=\"bb41300\" data-element_type=\"section\">\n\t\t\t\t\t\t<div class=\"elementor-container elementor-column-gap-default\">\n\t\t\t\t\t\t\t<div class=\"elementor-row\">\n\t\t\t\t\t<div class=\"elementor-column elementor-col-100 elementor-top-column elementor-element elementor-element-d9a671a\" data-id=\"d9a671a\" data-element_type=\"column\">\n\t\t\t<div class=\"elementor-column-wrap elementor-element-populated\">\n\t\t\t\t\t\t\t<div class=\"elementor-widget-wrap\">\n\t\t\t\t\t\t<div class=\"elementor-element elementor-element-99f4027 elementor-widget elementor-widget-text-editor\" data-id=\"99f4027\" data-element_type=\"widget\" data-widget_type=\"text-editor.default\">\n\t\t\t\t<div class=\"elementor-widget-container\">\n\t\t\t\t\t<div class=\"elementor-text-editor elementor-clearfix\"><div class=\"page\" title=\"Page 15\"><div class=\"section\"><div class=\"layoutArea\"><div class=\"column\"><div class=\"page\" title=\"Page 47\"><div class=\"section\"><div class=\"layoutArea\"><div class=\"column\"><div class=\"page\" title=\"Page 60\"><div class=\"section\"><div class=\"layoutArea\"><div class=\"column\"><div class=\"page\" title=\"Page 61\"><div class=\"section\"><div class=\"layoutArea\"><div class=\"column\"><p>Una vez recibida la denuncia o la informacio\u0301n fehaciente de la comisio\u0301n de este delito, el Ministerio Pu\u0301blico (Fiscali\u0301a) coordinara\u0301 con los funcionarios policiales, lo antes posible, agilizara\u0301 los actos inveStigativos necesarios en cada uno de los casos, brindara\u0301 las acciones de proteccio\u0301n y auxilio a la nin\u0303a, nin\u0303o o adolescente si fuera necesario.<\/p><p>Dentro de las 24 horas siguientes informara\u0301 al juez de garanti\u0301as el inicio de las investigaciones para que se proceda con el control jurisdiccional correspondiente. Asimismo, por tratarse de nin\u0303as, nin\u0303os y adolescentes, todas las actuaciones fiscales deben ser dadas a conocer a las Defensori\u0301as de la Nin\u0303ez y Adolescencia para que asuman la proteccio\u0301n integral de la nin\u0303a, nin\u0303o o adolescente en situacio\u0301n de violencia sexual.<\/p><p>El Ministerio Pu\u0301blico (Fiscali\u0301a) puede tener conocimiento del caso por cuatro vi\u0301as:<\/p><ul><li><p>Remisio\u0301n de la FELCV u otras entidades policiales.<\/p><\/li><li><p>Remisio\u0301n de la Entidad Promotora de la Denuncia.<\/p><\/li><li><p>Presentacio\u0301n directa de la denuncia verbal o escrita, o querella por parte de la vi\u0301ctima.<\/p><\/li><li><p>Remisio\u0301n o derivacio\u0301n por instituciones pu\u0301blicas o privadas o denuncia de personas par<span style=\"font-size: 15px; color: var( --e-global-color-text );\">ticulares.<\/span><\/p><\/li><\/ul><\/div><\/div><\/div><\/div><\/div><\/div><\/div><\/div><\/div><\/div><\/div><\/div><\/div><\/div><\/div><\/div><\/div>\n\t\t\t\t<\/div>\n\t\t\t\t<\/div>\n\t\t\t\t\t\t<\/div>\n\t\t\t\t\t<\/div>\n\t\t<\/div>\n\t\t\t\t\t\t\t\t<\/div>\n\t\t\t\t\t<\/div>\n\t\t<\/section>\n\t\t\t\t<section class=\"elementor-section elementor-top-section elementor-element elementor-element-a53310c elementor-section-boxed elementor-section-height-default elementor-section-height-default\" data-id=\"a53310c\" data-element_type=\"section\">\n\t\t\t\t\t\t<div class=\"elementor-container elementor-column-gap-default\">\n\t\t\t\t\t\t\t<div class=\"elementor-row\">\n\t\t\t\t\t<div class=\"elementor-column elementor-col-100 elementor-top-column elementor-element elementor-element-cbdf898\" data-id=\"cbdf898\" data-element_type=\"column\">\n\t\t\t<div class=\"elementor-column-wrap elementor-element-populated\">\n\t\t\t\t\t\t\t<div class=\"elementor-widget-wrap\">\n\t\t\t\t\t\t<div class=\"elementor-element elementor-element-5111655 elementor-widget elementor-widget-heading\" data-id=\"5111655\" data-element_type=\"widget\" data-widget_type=\"heading.default\">\n\t\t\t\t<div class=\"elementor-widget-container\">\n\t\t\t<h2 class=\"elementor-heading-title elementor-size-default\">2.1 \u00bfQU\u00c9 HACER EN CASOS EN QUE LA DENUNCIA ES REMITIDA A LA FISCAL\u00cdA POR LA FELCV, OTRA INSTANCIA POLICIAL, ENTIDAD PROMOTORA DE LA DENUNCIA O POR LAS INSTITUCIONES P\u00daBLICAS O PRIVADAS?<\/h2>\t\t<\/div>\n\t\t\t\t<\/div>\n\t\t\t\t\t\t<\/div>\n\t\t\t\t\t<\/div>\n\t\t<\/div>\n\t\t\t\t\t\t\t\t<\/div>\n\t\t\t\t\t<\/div>\n\t\t<\/section>\n\t\t\t\t<section class=\"elementor-section elementor-top-section elementor-element elementor-element-dce41bb elementor-section-boxed elementor-section-height-default elementor-section-height-default\" data-id=\"dce41bb\" data-element_type=\"section\">\n\t\t\t\t\t\t<div class=\"elementor-container elementor-column-gap-default\">\n\t\t\t\t\t\t\t<div class=\"elementor-row\">\n\t\t\t\t\t<div class=\"elementor-column elementor-col-100 elementor-top-column elementor-element elementor-element-0566ce6\" data-id=\"0566ce6\" data-element_type=\"column\">\n\t\t\t<div class=\"elementor-column-wrap elementor-element-populated\">\n\t\t\t\t\t\t\t<div class=\"elementor-widget-wrap\">\n\t\t\t\t\t\t<div class=\"elementor-element elementor-element-0c02a8e elementor-widget elementor-widget-text-editor\" data-id=\"0c02a8e\" data-element_type=\"widget\" data-widget_type=\"text-editor.default\">\n\t\t\t\t<div class=\"elementor-widget-container\">\n\t\t\t\t\t<div class=\"elementor-text-editor elementor-clearfix\"><div class=\"page\" title=\"Page 62\"><div class=\"section\"><div class=\"layoutArea\"><div class=\"column\"><p style=\"padding-left: 40px;\"><span style=\"font-size: 16px;\">1) \u00a0El o la Fiscal de Materia analizara\u0301 el informe de los hechos denunciados para la consiguiente apertura de investigacio\u0301n.<\/span><\/p><div class=\"layoutArea\"><div class=\"column\"><p style=\"padding-left: 40px;\">2) \u00a0El o la Fiscal de Materia dispondra\u0301 fundadamente medidas de proteccio\u0301n y solicitara\u0301 la homo- logacio\u0301n del certificado u\u0301nico me\u0301dico sin necesidad de orden judicial.<\/p><p style=\"padding-left: 40px;\">3) \u00a0En el marco de sus atribuciones ordenara\u0301 y dirigira\u0301 todas las diligencias necesarias para reca- bar indicios y obtener las evidencias necesarias para llegar a la verdad histo\u0301rica de los hechos, pero sin vulnerar los derechos de los nin\u0303os\/as y adolescentes, para ello el o la Fiscal de Materia emitira\u0301 en el requerimiento las directrices de investigacio\u0301n a la FELCV o en su caso a otro u otra Funcionario\/a Policial, para el desarrollo de las labores investigativas de conformidad al art.295 del CPP.<\/p><p style=\"padding-left: 40px;\">4) \u00a0En caso de que la vi\u0301ctima no cuente con patrocinio legal, el o la Fiscal de Materia requerira\u0301 a la Entidad Promotora de la Denuncia (DNA, SEPDAVI, institucio\u0301n privada o pu\u0301blica, ONG) proporcione a la vi\u0301ctima el asesoramiento legal correspondiente.<\/p><\/div><\/div><\/div><\/div><\/div><\/div><\/div>\n\t\t\t\t<\/div>\n\t\t\t\t<\/div>\n\t\t\t\t\t\t<\/div>\n\t\t\t\t\t<\/div>\n\t\t<\/div>\n\t\t\t\t\t\t\t\t<\/div>\n\t\t\t\t\t<\/div>\n\t\t<\/section>\n\t\t\t\t<section class=\"elementor-section elementor-top-section elementor-element elementor-element-6852491 elementor-section-boxed elementor-section-height-default elementor-section-height-default\" data-id=\"6852491\" data-element_type=\"section\">\n\t\t\t\t\t\t<div class=\"elementor-container elementor-column-gap-default\">\n\t\t\t\t\t\t\t<div class=\"elementor-row\">\n\t\t\t\t\t<div class=\"elementor-column elementor-col-100 elementor-top-column elementor-element elementor-element-8ec07aa\" data-id=\"8ec07aa\" data-element_type=\"column\">\n\t\t\t<div class=\"elementor-column-wrap elementor-element-populated\">\n\t\t\t\t\t\t\t<div class=\"elementor-widget-wrap\">\n\t\t\t\t\t\t<div class=\"elementor-element elementor-element-d24e58e elementor-widget elementor-widget-text-editor\" data-id=\"d24e58e\" data-element_type=\"widget\" data-widget_type=\"text-editor.default\">\n\t\t\t\t<div class=\"elementor-widget-container\">\n\t\t\t\t\t<div class=\"elementor-text-editor elementor-clearfix\"><div class=\"page\" title=\"Page 61\"><div class=\"section\"><div class=\"layoutArea\"><div class=\"column\"><div class=\"page\" title=\"Page 62\"><div class=\"section\"><div class=\"layoutArea\"><div class=\"column\"><p>La vi\u0301ctima podra\u0301 requerir el patrocinio legal del Servicio Plurinacional de Asistencia a la Vi\u0301ctima \u2013 SEPDAVI<\/p><\/div><\/div><\/div><\/div><\/div><\/div><\/div><\/div><\/div>\n\t\t\t\t<\/div>\n\t\t\t\t<\/div>\n\t\t\t\t\t\t<\/div>\n\t\t\t\t\t<\/div>\n\t\t<\/div>\n\t\t\t\t\t\t\t\t<\/div>\n\t\t\t\t\t<\/div>\n\t\t<\/section>\n\t\t\t\t<section class=\"elementor-section elementor-top-section elementor-element elementor-element-47ab4d5 elementor-section-boxed elementor-section-height-default elementor-section-height-default\" data-id=\"47ab4d5\" data-element_type=\"section\">\n\t\t\t\t\t\t<div class=\"elementor-container elementor-column-gap-default\">\n\t\t\t\t\t\t\t<div class=\"elementor-row\">\n\t\t\t\t\t<div class=\"elementor-column elementor-col-100 elementor-top-column elementor-element elementor-element-797cdfc\" data-id=\"797cdfc\" data-element_type=\"column\">\n\t\t\t<div class=\"elementor-column-wrap elementor-element-populated\">\n\t\t\t\t\t\t\t<div class=\"elementor-widget-wrap\">\n\t\t\t\t\t\t<div class=\"elementor-element elementor-element-2cb1954 elementor-widget elementor-widget-text-editor\" data-id=\"2cb1954\" data-element_type=\"widget\" data-widget_type=\"text-editor.default\">\n\t\t\t\t<div class=\"elementor-widget-container\">\n\t\t\t\t\t<div class=\"elementor-text-editor elementor-clearfix\"><div class=\"page\" title=\"Page 62\"><div class=\"section\"><div class=\"layoutArea\"><div class=\"column\"><p style=\"padding-left: 40px;\">5) \u00a0En caso de que la vi\u0301ctima, no haya sido remitida por una Entidad Promotora de la Denuncia, el o la Fiscal de Materia requerira\u0301 la presencia de la DNA y de acuerdo al caso, el apoyo de la Unidad de Proteccio\u0301n a Vi\u0301ctimas y Testigos- UPAVT.<\/p><p style=\"padding-left: 40px;\">6) \u00a0El o la Fiscal de Materia coordinara\u0301 con la Defensori\u0301a de la Nin\u0303ez y Adolescencia, y de acuerdo al caso, con la Unidad de Proteccio\u0301n a Vi\u0301ctimas y Testigos, y a otras entidades para la atencio\u0301n, el rescate, auxilio, acogida y tratamiento biopsicosocial de las nin\u0303as, nin\u0303os y adolescentes vi\u0301ctimas de violencia sexual.<\/p><p style=\"padding-left: 40px;\">7) \u00a0Con el propo\u0301sito de evitar la revictimizacio\u0301n de las nin\u0303as, nin\u0303os y adolescentes, el representante del Ministerio Pu\u0301blico (Fiscal) debera\u0301 priorizar el uso de la Ca\u0301mara Gesell y\/o de otros instrumentos te\u0301cnicos para las declaraciones informativas.<\/p><p style=\"padding-left: 40px;\">8) \u00a0Inmediatamente la Fiscali\u0301a tenga conocimiento de un hecho de violencia sexual, y con el obje- tivo de velar por la integridad fi\u0301sica de la nin\u0303a, nin\u0303o, o adolescente y no perder las evidencias biolo\u0301gicas y fi\u0301sicas del hecho delictivo, se requerira\u0301 la valoracio\u0301n inmediata del me\u0301dico forense del IDIF o, de ser necesario, la homologacio\u0301n del certificado u\u0301nico me\u0301dico.<\/p><p style=\"padding-left: 40px;\">9) \u00a0Los requerimientos fiscales emitidos por esta autoridad no deben ir en desmedro o afectar la integridad biopsicosocial de las nin\u0303as, nin\u0303os o adolescentes y sus familias. Por ejemplo, no puede requerir que se haga un careo entre la vi\u0301ctima y el agresor.<\/p><p style=\"padding-left: 40px;\">10) \u00a0En la medida de las posibilidades, en consideracio\u0301n de que las vi\u0301ctimas atraviesan una situa<span style=\"font-size: 16px;\">cio\u0301n trauma\u0301tica permanente, considerando sus propias caracteri\u0301sticas de conservacio\u0301n de recuerdos (nin\u0303os pequen\u0303os) que no garantizan que pueda ser duraderas en el tiempo, pero ante todo la necesidad de evitar la revictimizacio\u0301n, la Fiscali\u0301a impulsara\u0301 la aplicacio\u0301n de los anticipos de prueba. (declaracio\u0301n anticipada de la vi\u0301ctima en ca\u0301mara Gesell).<\/span><\/p><div class=\"page\" title=\"Page 63\"><div class=\"section\"><div class=\"layoutArea\"><div class=\"column\"><p style=\"padding-left: 40px;\">11) Las actuaciones investigativas de los fiscales deben regirse con estricta rigurosidad a lo establecido en la Constitucio\u0301n Poli\u0301tica del Estado y todas as normativas pertinentes a la atencio\u0301n, proteccio\u0301n y sancio\u0301n de la violencia sexual contra nin\u0303as, nin\u0303os y adolescentes.<\/p><\/div><\/div><\/div><\/div><\/div><\/div><\/div><\/div><\/div>\n\t\t\t\t<\/div>\n\t\t\t\t<\/div>\n\t\t\t\t\t\t<\/div>\n\t\t\t\t\t<\/div>\n\t\t<\/div>\n\t\t\t\t\t\t\t\t<\/div>\n\t\t\t\t\t<\/div>\n\t\t<\/section>\n\t\t\t\t<section class=\"elementor-section elementor-top-section elementor-element elementor-element-6cfeb27 elementor-section-boxed elementor-section-height-default elementor-section-height-default\" data-id=\"6cfeb27\" data-element_type=\"section\">\n\t\t\t\t\t\t<div class=\"elementor-container elementor-column-gap-default\">\n\t\t\t\t\t\t\t<div class=\"elementor-row\">\n\t\t\t\t\t<div class=\"elementor-column elementor-col-100 elementor-top-column elementor-element elementor-element-c3018af\" data-id=\"c3018af\" data-element_type=\"column\">\n\t\t\t<div class=\"elementor-column-wrap elementor-element-populated\">\n\t\t\t\t\t\t\t<div class=\"elementor-widget-wrap\">\n\t\t\t\t\t\t<div class=\"elementor-element elementor-element-e7bd94c elementor-widget elementor-widget-heading\" data-id=\"e7bd94c\" data-element_type=\"widget\" data-widget_type=\"heading.default\">\n\t\t\t\t<div class=\"elementor-widget-container\">\n\t\t\t<h2 class=\"elementor-heading-title elementor-size-default\">2.2 \u00bfQU\u00c9 HACER CUANDO LA V\u00cdCTIMA ACUDE DIRECTAMENTE AL MINISTERIO P\u00daBLICO \u2013 FISCAL\u00cdA A DENUNCIAR?<\/h2>\t\t<\/div>\n\t\t\t\t<\/div>\n\t\t\t\t\t\t<\/div>\n\t\t\t\t\t<\/div>\n\t\t<\/div>\n\t\t\t\t\t\t\t\t<\/div>\n\t\t\t\t\t<\/div>\n\t\t<\/section>\n\t\t\t\t<section class=\"elementor-section elementor-top-section elementor-element elementor-element-9fdba06 elementor-section-boxed elementor-section-height-default elementor-section-height-default\" data-id=\"9fdba06\" data-element_type=\"section\">\n\t\t\t\t\t\t<div class=\"elementor-container elementor-column-gap-default\">\n\t\t\t\t\t\t\t<div class=\"elementor-row\">\n\t\t\t\t\t<div class=\"elementor-column elementor-col-100 elementor-top-column elementor-element elementor-element-6039532\" data-id=\"6039532\" data-element_type=\"column\">\n\t\t\t<div class=\"elementor-column-wrap elementor-element-populated\">\n\t\t\t\t\t\t\t<div class=\"elementor-widget-wrap\">\n\t\t\t\t\t\t<div class=\"elementor-element elementor-element-f7e477d elementor-widget elementor-widget-text-editor\" data-id=\"f7e477d\" data-element_type=\"widget\" data-widget_type=\"text-editor.default\">\n\t\t\t\t<div class=\"elementor-widget-container\">\n\t\t\t\t\t<div class=\"elementor-text-editor elementor-clearfix\"><div class=\"page\" title=\"Page 64\">\n<table>\n<tbody>\n<tr>\n<td>\n<div class=\"layoutArea\">\n<div class=\"column\">\n<p style=\"text-align: center;\"><strong><span style=\"color: #43358b;\">Vi\u0301ctima (nin\u0303a, nin\u0303o o adolescente) que se encuentra en Estado de Crisis.<\/span><\/strong><\/p>\n<\/div>\n<\/div>\n<\/td>\n<\/tr>\n<tr>\n<td>\n<div class=\"layoutArea\">\n<div class=\"column\">\n<p>Cuando la vi\u0301ctima acuda directamente al Ministerio Pu\u0301blico a denunciar el hecho de violencia, y en su caso se encuentre en estado de crisis, de acuerdo al \u201cProtocolo de Actuaciones para la Persecucio\u0301n Penal de Casos Previstos en la Ley No 348\u201d, se procedera\u0301 de la siguiente manera:<\/p>\n<p style=\"padding-left: 40px;\">a) &nbsp;El o la Asistente en plataforma o de turno, verificara\u0301 visualmente el estado de la vi\u0301ctima, en caso de que el estado fi\u0301sico de la vi\u0301ctima se encuentre comprometido (por ejemplo, presente lesiones fi\u0301sicas visibles), inmediatamente informara\u0301 al o la Fiscal de Materia para que se ges- tione la atencio\u0301n me\u0301dica de la vi\u0301ctima a trave\u0301s de la Unidad de Proteccio\u0301n de Vi\u0301ctimas y Tes- tigos (UPAVT). En caso de que no se encuentre en ese momento e\u0301l o la Fiscal en su despacho, sera\u0301 e\u0301l o la misma asistente, quie\u0301n en coordinacio\u0301n con el o la Fiscal, gestione dicha atencio\u0301n me\u0301dica inmediata, directamente o a trave\u0301s de la UPAVT.<\/p>\n<p style=\"padding-left: 40px;\">b) &nbsp;Si se constata que la vi\u0301ctima no presenta lesio\u0301n visible alguna, el o la Asistente debera\u0301 veri- ficar si la nin\u0303a, nin\u0303o o adolescente se encuentra en estado de crisis para lo cual observara\u0301 si:<\/p>\n<ul>\n<li style=\"list-style-type: none;\">\n<ul>\n<li>\n<p>Si se encuentra llorando, al grado que el llanto impide que hable con normalidad.<\/p>\n<\/li>\n<li>\n<p>Si se encuentra nerviosa\/o o irritable, al punto que se altera con facilidad o se expresa a&nbsp;<span style=\"font-style: inherit; font-weight: inherit; color: var( --e-global-color-text );\">trave\u0301s de gritos.<\/span><\/p>\n<\/li>\n<li>\n<p>Si se encuentra temerosa\/o y no quiere que nadie se le acerque o le toque. (Para mayor amplitud, remitirse al aca\u0301pite \u00bfco\u0301mo intervenir en una crisis)<\/p>\n<\/li>\n<\/ul>\n<\/li>\n<\/ul>\n<p style=\"padding-left: 40px;\">c) El personal de la UPAVT realizara\u0301 la intervencio\u0301n para superar la situacio\u0301n de crisis de la vi\u0301ctima, registrando el caso de violencia ingresado, para tal fin, recogera\u0301 informacio\u0301n de los aspectos generales de identificacio\u0301n de la vi\u0301ctima. La denuncia debera\u0301 ser recepcionada en el di\u0301a por la o el Fiscal, mediante la Ca\u0301mara Gesell o utilizando medios ana\u0301logos, conforme al uso de la Gui\u0301a de la Ca\u0301mara Gesell. En su defecto, se desarrollara\u0301 la recepcio\u0301n de la misma en el despacho del o la Fiscal de Materia, con el apoyo del personal de la UPAVT, este ambiente debe ser reservado; para ello, la vi\u0301ctima debera\u0301 estar acompan\u0303ada por la madre, el padre o tutores, o\u0301 familiares con quienes se sienta segura. En caso de que e\u0301stos fueren sindicados o co\u0301m- plices, se requerira\u0301 la presencia del personal de la DNA.<\/p>\n<p style=\"padding-left: 40px;\">d) Si la vi\u0301ctima tuviera como lengua materna una lengua diferente del castellano o tuviera algu- na discapacidad en el lenguaje, se requerira\u0301 la presencia de un traductor o inte\u0301rprete. Con- cluida la recepcio\u0301n de la denuncia, el personal de la UPAVT establecera\u0301 el enlace con el DNA o cualquier otra institucio\u0301n pu\u0301blica o privada para la asistencia de la vi\u0301ctima; la UPAVT para dicho efecto debera\u0301 aplicar el \u201cProtocolo de Adopcio\u0301n de Medidas de Proteccio\u0301n\u201d, elaborado por el Ministerio Pu\u0301blico.<\/p>\n<p style=\"padding-left: 40px;\">e) &nbsp;La UPAVT o el o la asistente del o la Fiscal debera\u0301 explicar a la vi\u0301ctima en lenguaje claro y sencillo sobre sus derechos, garanti\u0301as, medidas de proteccio\u0301n y exa\u0301menes o pruebas a las que sera\u0301 sometida y la importancia de su participacio\u0301n durante todo el proceso.<\/p>\n<p style=\"padding-left: 40px;\">f) &nbsp;De acuerdo a la evaluacio\u0301n de riesgos que se identifiquen para la nin\u0303a, nin\u0303o o adolescente vi\u0301ctima, la UPAVT recomendara\u0301 a la o el Fiscal, el establecimiento de medidas de proteccio\u0301n para la vi\u0301ctima.<\/p>\n<\/div>\n<\/div>\n<\/td>\n<\/tr>\n<\/tbody>\n<\/table>\n<\/div><\/div>\n\t\t\t\t<\/div>\n\t\t\t\t<\/div>\n\t\t\t\t\t\t<\/div>\n\t\t\t\t\t<\/div>\n\t\t<\/div>\n\t\t\t\t\t\t\t\t<\/div>\n\t\t\t\t\t<\/div>\n\t\t<\/section>\n\t\t\t\t<section class=\"elementor-section elementor-top-section elementor-element elementor-element-03807d9 elementor-section-boxed elementor-section-height-default elementor-section-height-default\" data-id=\"03807d9\" data-element_type=\"section\">\n\t\t\t\t\t\t<div class=\"elementor-container elementor-column-gap-default\">\n\t\t\t\t\t\t\t<div class=\"elementor-row\">\n\t\t\t\t\t<div class=\"elementor-column elementor-col-100 elementor-top-column elementor-element elementor-element-3165f16\" data-id=\"3165f16\" data-element_type=\"column\">\n\t\t\t<div class=\"elementor-column-wrap elementor-element-populated\">\n\t\t\t\t\t\t\t<div class=\"elementor-widget-wrap\">\n\t\t\t\t\t\t<div class=\"elementor-element elementor-element-b6918dc elementor-widget elementor-widget-text-editor\" data-id=\"b6918dc\" data-element_type=\"widget\" data-widget_type=\"text-editor.default\">\n\t\t\t\t<div class=\"elementor-widget-container\">\n\t\t\t\t\t<div class=\"elementor-text-editor elementor-clearfix\"><div class=\"page\" title=\"Page 64\"><table><tbody><tr><td><div class=\"layoutArea\"><div class=\"column\"><p style=\"text-align: center; padding-left: 40px;\"><strong><span style=\"color: #43358b;\">V\u00edctima que no se encuentra con lesiones o en estado de crisis<\/span><\/strong><\/p><\/div><\/div><\/td><\/tr><tr><td><div class=\"layoutArea\"><div class=\"column\"><div class=\"page\" title=\"Page 65\"><div class=\"section\"><div class=\"layoutArea\"><div class=\"column\">\u00a0<\/div><\/div><\/div><\/div><div class=\"page\" title=\"Page 65\"><div class=\"section\"><div class=\"layoutArea\"><div class=\"column\" style=\"padding-left: 40px;\"><p style=\"padding-left: 40px;\">a) \u00a0El o la Asistente del o la Fiscal de Materia, recibira\u0301 a la nin\u0303a, nin\u0303o o adolescente vi\u0301ctima y pro- cedera\u0301 a recoger informacio\u0301n de aspectos generales de identificacio\u0301n de la vi\u0301ctima.<\/p><p style=\"padding-left: 40px;\"><span style=\"color: var( --e-global-color-text ); font-size: 15px;\">b) \u00a0El o la Fiscal de Materia, registrara\u0301 los hechos denunciados por la vi\u0301ctima, asi\u0301 como el nombre de los\/las testigos y el sen\u0303alamiento de los medios de prueba.<\/span><\/p><p style=\"padding-left: 40px;\"><span style=\"color: var( --e-global-color-text ); font-size: 15px;\">c) \u00a0La UPAVT o el o la asistente del o la Fiscal de Materia debera\u0301 informar a la vi\u0301ctima y a los familiares\/personas que le acompan\u0303en en lenguaje claro y sencillo sobre sus derechos, garanti\u0301as, medidas de proteccio\u0301n y exa\u0301menes o pruebas a las que sera\u0301 sometida\/o y la importancia de su participacio\u0301n durante todo el proceso.<\/span><span style=\"color: var( --e-global-color-text ); font-size: 15px;\">d) \u00a0El o la Fiscal de Materia remitira\u0301 a la vi\u0301ctima a la UPAVT para la toma de entrevista informativa.<\/span><\/p><p style=\"padding-left: 40px;\"><span style=\"color: var( --e-global-color-text ); font-size: 15px;\">e) \u00a0En lo posible se recepcionara\u0301 la denuncia y entrevista informativa de la vi\u0301ctima enla Ca\u0301mara Gesell para evitar la revictimizacio\u0301n de la nin\u0303a, nin\u0303o o adolescente, para lo cual, la vi\u0301ctima debera\u0301 estar acompan\u0303ada por familiares o tutores, con quienes se sienta segura\/o; en caso de e\u0301stos fueren sindicados o co\u0301mplices, se requerira\u0301 la presencia del personal de la DNA. En caso de no contarse con e\u0301sta, se garantizara\u0301 que se la realice en un ambiente privado.<\/span><\/p><\/div><\/div><\/div><\/div><\/div><\/div><\/td><\/tr><\/tbody><\/table><\/div><\/div>\n\t\t\t\t<\/div>\n\t\t\t\t<\/div>\n\t\t\t\t\t\t<\/div>\n\t\t\t\t\t<\/div>\n\t\t<\/div>\n\t\t\t\t\t\t\t\t<\/div>\n\t\t\t\t\t<\/div>\n\t\t<\/section>\n\t\t\t\t<section class=\"elementor-section elementor-top-section elementor-element elementor-element-ea846f6 elementor-section-boxed elementor-section-height-default elementor-section-height-default\" data-id=\"ea846f6\" data-element_type=\"section\">\n\t\t\t\t\t\t<div class=\"elementor-container elementor-column-gap-default\">\n\t\t\t\t\t\t\t<div class=\"elementor-row\">\n\t\t\t\t\t<div class=\"elementor-column elementor-col-100 elementor-top-column elementor-element elementor-element-56734e4\" data-id=\"56734e4\" data-element_type=\"column\">\n\t\t\t<div class=\"elementor-column-wrap elementor-element-populated\">\n\t\t\t\t\t\t\t<div class=\"elementor-widget-wrap\">\n\t\t\t\t\t\t<div class=\"elementor-element elementor-element-8761ad8 elementor-widget elementor-widget-text-editor\" data-id=\"8761ad8\" data-element_type=\"widget\" data-widget_type=\"text-editor.default\">\n\t\t\t\t<div class=\"elementor-widget-container\">\n\t\t\t\t\t<div class=\"elementor-text-editor elementor-clearfix\"><div class=\"page\" title=\"Page 61\"><div class=\"section\"><div class=\"layoutArea\"><div class=\"column\"><div class=\"page\" title=\"Page 62\"><div class=\"section\"><div class=\"layoutArea\"><div class=\"column\"><div class=\"page\" title=\"Page 65\"><div class=\"section\"><div class=\"layoutArea\"><div class=\"column\"><p>El Ministerio Pu\u0301blico (Fiscali\u0301a) tiene la funcio\u0301n transversal de garantizar que la vi\u0301ctima y las personas\/familiares que le acompan\u0303an reciban informacio\u0301n en todo momento sobre el estado y avance de su causa; asi\u0301 como las funciones y el rol que tiene el Ministerio Pu\u0301blico y otras instancias que intervienen en la investigacio\u0301n.<\/p><\/div><\/div><\/div><\/div><\/div><\/div><\/div><\/div><\/div><\/div><\/div><\/div><\/div>\n\t\t\t\t<\/div>\n\t\t\t\t<\/div>\n\t\t\t\t\t\t<\/div>\n\t\t\t\t\t<\/div>\n\t\t<\/div>\n\t\t\t\t\t\t\t\t<\/div>\n\t\t\t\t\t<\/div>\n\t\t<\/section>\n\t\t\t\t\t\t<\/div>\n\t\t\t\t\t\t<\/div>\n\t\t\t\t\t<\/div>\n\t\t","protected":false},"excerpt":{"rendered":"<p>Una vez recibida la denuncia o la informacio\u0301n fehaciente de la comisio\u0301n de este delito, el Ministerio Pu\u0301blico (Fiscali\u0301a) coordinara\u0301 con los funcionarios policiales, lo antes posible, agilizara\u0301 los actos inveStigativos necesarios en cada uno de los casos, brindara\u0301 las acciones de proteccio\u0301n y auxilio a la nin\u0303a, nin\u0303o o adolescente si fuera necesario. Dentro &hellip;<\/p>\n<p class=\"read-more\"> <a class=\"\" href=\"https:\/\/alvi.centrojuanaazurduy.org\/index.php\/2-como-se-procesa-la-denuncia-ante-el-ministerio-publico-fiscalia\/\"> <span class=\"screen-reader-text\">2. \u00bfC\u00d3MO SE PROCESA LA DENUNCIA ANTE EL MINISTERIO P\u00daBLICO \u2013 FISCAL\u00cdA?<\/span> Leer m\u00e1s &raquo;<\/a><\/p>\n","protected":false},"author":1,"featured_media":0,"comment_status":"closed","ping_status":"closed","sticky":false,"template":"","format":"standard","meta":{"footnotes":""},"categories":[8],"tags":[],"class_list":["post-2254","post","type-post","status-publish","format-standard","hentry","category-protocolo-de-prevencion-parte-2"],"_links":{"self":[{"href":"https:\/\/alvi.centrojuanaazurduy.org\/index.php\/wp-json\/wp\/v2\/posts\/2254","targetHints":{"allow":["GET"]}}],"collection":[{"href":"https:\/\/alvi.centrojuanaazurduy.org\/index.php\/wp-json\/wp\/v2\/posts"}],"about":[{"href":"https:\/\/alvi.centrojuanaazurduy.org\/index.php\/wp-json\/wp\/v2\/types\/post"}],"author":[{"embeddable":true,"href":"https:\/\/alvi.centrojuanaazurduy.org\/index.php\/wp-json\/wp\/v2\/users\/1"}],"replies":[{"embeddable":true,"href":"https:\/\/alvi.centrojuanaazurduy.org\/index.php\/wp-json\/wp\/v2\/comments?post=2254"}],"version-history":[{"count":3,"href":"https:\/\/alvi.centrojuanaazurduy.org\/index.php\/wp-json\/wp\/v2\/posts\/2254\/revisions"}],"predecessor-version":[{"id":4492,"href":"https:\/\/alvi.centrojuanaazurduy.org\/index.php\/wp-json\/wp\/v2\/posts\/2254\/revisions\/4492"}],"wp:attachment":[{"href":"https:\/\/alvi.centrojuanaazurduy.org\/index.php\/wp-json\/wp\/v2\/media?parent=2254"}],"wp:term":[{"taxonomy":"category","embeddable":true,"href":"https:\/\/alvi.centrojuanaazurduy.org\/index.php\/wp-json\/wp\/v2\/categories?post=2254"},{"taxonomy":"post_tag","embeddable":true,"href":"https:\/\/alvi.centrojuanaazurduy.org\/index.php\/wp-json\/wp\/v2\/tags?post=2254"}],"curies":[{"name":"wp","href":"https:\/\/api.w.org\/{rel}","templated":true}]}}