{"id":218,"date":"2020-11-22T21:32:50","date_gmt":"2020-11-23T01:32:50","guid":{"rendered":"http:\/\/gavvi.monstruoestudio.com\/?p=218"},"modified":"2020-11-22T21:32:50","modified_gmt":"2020-11-23T01:32:50","slug":"1-2-las-autoridades-de-los-pueblos-y-naciones-indigena-originario-campesinas","status":"publish","type":"post","link":"https:\/\/alvi.centrojuanaazurduy.org\/index.php\/1-2-las-autoridades-de-los-pueblos-y-naciones-indigena-originario-campesinas\/","title":{"rendered":"1.2. Las autoridades de los pueblos y naciones ind\u00edgena originario campesinas"},"content":{"rendered":"\t\t<div data-elementor-type=\"wp-post\" data-elementor-id=\"218\" class=\"elementor elementor-218\" data-elementor-settings=\"[]\">\n\t\t\t\t\t\t<div class=\"elementor-inner\">\n\t\t\t\t\t\t\t<div class=\"elementor-section-wrap\">\n\t\t\t\t\t\t\t<section class=\"elementor-section elementor-top-section elementor-element elementor-element-726d40a elementor-section-boxed elementor-section-height-default elementor-section-height-default\" data-id=\"726d40a\" data-element_type=\"section\">\n\t\t\t\t\t\t<div class=\"elementor-container elementor-column-gap-default\">\n\t\t\t\t\t\t\t<div class=\"elementor-row\">\n\t\t\t\t\t<div class=\"elementor-column elementor-col-100 elementor-top-column elementor-element elementor-element-306b508c\" data-id=\"306b508c\" data-element_type=\"column\">\n\t\t\t<div class=\"elementor-column-wrap elementor-element-populated\">\n\t\t\t\t\t\t\t<div class=\"elementor-widget-wrap\">\n\t\t\t\t\t\t<div class=\"elementor-element elementor-element-133b5a0e elementor-widget elementor-widget-theme-post-title elementor-page-title elementor-widget-heading\" data-id=\"133b5a0e\" data-element_type=\"widget\" data-widget_type=\"theme-post-title.default\">\n\t\t\t\t<div class=\"elementor-widget-container\">\n\t\t\t<h2 class=\"elementor-heading-title elementor-size-default\">1.2. Las autoridades de los pueblos y naciones ind\u00edgena originario campesinas<\/h2>\t\t<\/div>\n\t\t\t\t<\/div>\n\t\t\t\t\t\t<\/div>\n\t\t\t\t\t<\/div>\n\t\t<\/div>\n\t\t\t\t\t\t\t\t<\/div>\n\t\t\t\t\t<\/div>\n\t\t<\/section>\n\t\t\t\t<section class=\"elementor-section elementor-top-section elementor-element elementor-element-1a8baf8b elementor-section-boxed elementor-section-height-default elementor-section-height-default\" data-id=\"1a8baf8b\" data-element_type=\"section\">\n\t\t\t\t\t\t<div class=\"elementor-container elementor-column-gap-default\">\n\t\t\t\t\t\t\t<div class=\"elementor-row\">\n\t\t\t\t\t<div class=\"elementor-column elementor-col-100 elementor-top-column elementor-element elementor-element-7cb69557\" data-id=\"7cb69557\" data-element_type=\"column\">\n\t\t\t<div class=\"elementor-column-wrap elementor-element-populated\">\n\t\t\t\t\t\t\t<div class=\"elementor-widget-wrap\">\n\t\t\t\t\t\t<div class=\"elementor-element elementor-element-31076e08 elementor-widget elementor-widget-text-editor\" data-id=\"31076e08\" data-element_type=\"widget\" data-widget_type=\"text-editor.default\">\n\t\t\t\t<div class=\"elementor-widget-container\">\n\t\t\t\t\t<div class=\"elementor-text-editor elementor-clearfix\"><p>Las autoridades de los pueblos y naciones ind\u00edgena originario campesinos, son electas por las propias comunidades:<span class=\"Apple-converted-space\">\u00a0<\/span><\/p><ul><li>\u00a0En el \u00e1rea andina y de los valles, en sus ayllus originarios y desempe\u00f1an esta responsabilidad de manera rotativa;<\/li><li>En las comunidades de la Amazon\u00eda y el Chaco, generalmente por el liderazgo de las personas y en algunos casos recae en familias que tienen trayectoria de liderazgo, todo dependiendo de la comunidad, pueblo y\/o naci\u00f3n.<span class=\"Apple-converted-space\">\u00a0<\/span><\/li><\/ul><p>En los pueblos ind\u00edgenas, la autoridad, adem\u00e1s de cumplir con un rol pol\u00edtico, tambi\u00e9n es administradora de justicia y autoridad ritual. Estos roles han cobrado mayor preponderancia estos \u00faltimos a\u00f1os, especialmente en cuanto a la aplicaci\u00f3n de justicia de acuerdo a sus normas y procedimientos basadas en sus usos y costumbres.<span class=\"Apple-converted-space\">\u00a0<\/span><\/p><p>El ejercicio de autoridad en estas comunidades, generalmente es de un a\u00f1o y es considerado un servicio a la comunidad. Este servicio es obligatorio y rotatorio, aspecto que es importante considerar a la hora de hacer justicia, debido a que en algunos casos solamente existe inter\u00e9s de cumplir con una buena gesti\u00f3n, es decir sin problemas, dejando de lado su responsabilidad intr\u00ednseca como administradores de justicia.<span class=\"Apple-converted-space\">\u00a0<\/span><\/p><\/div>\n\t\t\t\t<\/div>\n\t\t\t\t<\/div>\n\t\t\t\t\t\t<\/div>\n\t\t\t\t\t<\/div>\n\t\t<\/div>\n\t\t\t\t\t\t\t\t<\/div>\n\t\t\t\t\t<\/div>\n\t\t<\/section>\n\t\t\t\t\t\t<\/div>\n\t\t\t\t\t\t<\/div>\n\t\t\t\t\t<\/div>\n\t\t","protected":false},"excerpt":{"rendered":"<p>Las autoridades de los pueblos y naciones ind\u00edgena originario campesinos, son electas por las propias comunidades:&nbsp; &nbsp;En el \u00e1rea andina y de los valles, en sus ayllus originarios y desempe\u00f1an esta responsabilidad de manera rotativa; En las comunidades de la Amazon\u00eda y el Chaco, generalmente por el liderazgo de las personas y en algunos casos &hellip;<\/p>\n<p class=\"read-more\"> <a class=\"\" href=\"https:\/\/alvi.centrojuanaazurduy.org\/index.php\/1-2-las-autoridades-de-los-pueblos-y-naciones-indigena-originario-campesinas\/\"> <span class=\"screen-reader-text\">1.2. Las autoridades de los pueblos y naciones ind\u00edgena originario campesinas<\/span> Leer m\u00e1s &raquo;<\/a><\/p>\n","protected":false},"author":1,"featured_media":0,"comment_status":"closed","ping_status":"closed","sticky":false,"template":"","format":"standard","meta":{"footnotes":""},"categories":[5],"tags":[],"class_list":["post-218","post","type-post","status-publish","format-standard","hentry","category-jioc"],"_links":{"self":[{"href":"https:\/\/alvi.centrojuanaazurduy.org\/index.php\/wp-json\/wp\/v2\/posts\/218","targetHints":{"allow":["GET"]}}],"collection":[{"href":"https:\/\/alvi.centrojuanaazurduy.org\/index.php\/wp-json\/wp\/v2\/posts"}],"about":[{"href":"https:\/\/alvi.centrojuanaazurduy.org\/index.php\/wp-json\/wp\/v2\/types\/post"}],"author":[{"embeddable":true,"href":"https:\/\/alvi.centrojuanaazurduy.org\/index.php\/wp-json\/wp\/v2\/users\/1"}],"replies":[{"embeddable":true,"href":"https:\/\/alvi.centrojuanaazurduy.org\/index.php\/wp-json\/wp\/v2\/comments?post=218"}],"version-history":[{"count":0,"href":"https:\/\/alvi.centrojuanaazurduy.org\/index.php\/wp-json\/wp\/v2\/posts\/218\/revisions"}],"wp:attachment":[{"href":"https:\/\/alvi.centrojuanaazurduy.org\/index.php\/wp-json\/wp\/v2\/media?parent=218"}],"wp:term":[{"taxonomy":"category","embeddable":true,"href":"https:\/\/alvi.centrojuanaazurduy.org\/index.php\/wp-json\/wp\/v2\/categories?post=218"},{"taxonomy":"post_tag","embeddable":true,"href":"https:\/\/alvi.centrojuanaazurduy.org\/index.php\/wp-json\/wp\/v2\/tags?post=218"}],"curies":[{"name":"wp","href":"https:\/\/api.w.org\/{rel}","templated":true}]}}