{"id":1942,"date":"2020-11-29T12:23:49","date_gmt":"2020-11-29T16:23:49","guid":{"rendered":"http:\/\/gavvi.monstruoestudio.com\/?p=1942"},"modified":"2021-06-07T16:37:46","modified_gmt":"2021-06-07T20:37:46","slug":"1-marco-teorico-para-el-trabajo-con-mujeres-en-situacion-de-violencia","status":"publish","type":"post","link":"https:\/\/alvi.centrojuanaazurduy.org\/index.php\/1-marco-teorico-para-el-trabajo-con-mujeres-en-situacion-de-violencia\/","title":{"rendered":"1. MARCO TE\u00d3RICO PARA EL TRABAJO CON MUJERES EN SITUACI\u00d3N DE VIOLENCIA"},"content":{"rendered":"\t\t<div data-elementor-type=\"wp-post\" data-elementor-id=\"1942\" class=\"elementor elementor-1942\" data-elementor-settings=\"[]\">\n\t\t\t\t\t\t<div class=\"elementor-inner\">\n\t\t\t\t\t\t\t<div class=\"elementor-section-wrap\">\n\t\t\t\t\t\t\t<section class=\"elementor-section elementor-top-section elementor-element elementor-element-e6b2229 elementor-section-boxed elementor-section-height-default elementor-section-height-default\" data-id=\"e6b2229\" data-element_type=\"section\">\n\t\t\t\t\t\t<div class=\"elementor-container elementor-column-gap-default\">\n\t\t\t\t\t\t\t<div class=\"elementor-row\">\n\t\t\t\t\t<div class=\"elementor-column elementor-col-100 elementor-top-column elementor-element elementor-element-555463d\" data-id=\"555463d\" data-element_type=\"column\">\n\t\t\t<div class=\"elementor-column-wrap elementor-element-populated\">\n\t\t\t\t\t\t\t<div class=\"elementor-widget-wrap\">\n\t\t\t\t\t\t<div class=\"elementor-element elementor-element-a3cc067 elementor-widget elementor-widget-theme-post-title elementor-page-title elementor-widget-heading\" data-id=\"a3cc067\" data-element_type=\"widget\" data-widget_type=\"theme-post-title.default\">\n\t\t\t\t<div class=\"elementor-widget-container\">\n\t\t\t<h1 class=\"elementor-heading-title elementor-size-default\">1. MARCO TE\u00d3RICO PARA EL TRABAJO CON MUJERES EN SITUACI\u00d3N DE VIOLENCIA<\/h1>\t\t<\/div>\n\t\t\t\t<\/div>\n\t\t\t\t\t\t<\/div>\n\t\t\t\t\t<\/div>\n\t\t<\/div>\n\t\t\t\t\t\t\t\t<\/div>\n\t\t\t\t\t<\/div>\n\t\t<\/section>\n\t\t\t\t<section class=\"elementor-section elementor-top-section elementor-element elementor-element-abe0f3f elementor-section-boxed elementor-section-height-default elementor-section-height-default\" data-id=\"abe0f3f\" data-element_type=\"section\">\n\t\t\t\t\t\t<div class=\"elementor-container elementor-column-gap-default\">\n\t\t\t\t\t\t\t<div class=\"elementor-row\">\n\t\t\t\t\t<div class=\"elementor-column elementor-col-100 elementor-top-column elementor-element elementor-element-5d08014\" data-id=\"5d08014\" data-element_type=\"column\">\n\t\t\t<div class=\"elementor-column-wrap elementor-element-populated\">\n\t\t\t\t\t\t\t<div class=\"elementor-widget-wrap\">\n\t\t\t\t\t\t<div class=\"elementor-element elementor-element-dba4dcf elementor-widget elementor-widget-heading\" data-id=\"dba4dcf\" data-element_type=\"widget\" data-widget_type=\"heading.default\">\n\t\t\t\t<div class=\"elementor-widget-container\">\n\t\t\t<h2 class=\"elementor-heading-title elementor-size-default\">1.1 Base estructural de la violencia contra la mujer<\/h2>\t\t<\/div>\n\t\t\t\t<\/div>\n\t\t\t\t\t\t<\/div>\n\t\t\t\t\t<\/div>\n\t\t<\/div>\n\t\t\t\t\t\t\t\t<\/div>\n\t\t\t\t\t<\/div>\n\t\t<\/section>\n\t\t\t\t<section class=\"elementor-section elementor-top-section elementor-element elementor-element-ab20424 elementor-section-boxed elementor-section-height-default elementor-section-height-default\" data-id=\"ab20424\" data-element_type=\"section\">\n\t\t\t\t\t\t<div class=\"elementor-container elementor-column-gap-default\">\n\t\t\t\t\t\t\t<div class=\"elementor-row\">\n\t\t\t\t\t<div class=\"elementor-column elementor-col-100 elementor-top-column elementor-element elementor-element-5fef5a8\" data-id=\"5fef5a8\" data-element_type=\"column\">\n\t\t\t<div class=\"elementor-column-wrap elementor-element-populated\">\n\t\t\t\t\t\t\t<div class=\"elementor-widget-wrap\">\n\t\t\t\t\t\t<div class=\"elementor-element elementor-element-dc70660 elementor-widget elementor-widget-heading\" data-id=\"dc70660\" data-element_type=\"widget\" data-widget_type=\"heading.default\">\n\t\t\t\t<div class=\"elementor-widget-container\">\n\t\t\t<h3 class=\"elementor-heading-title elementor-size-default\">1.1.1 Feminismo y patriarcado<\/h3>\t\t<\/div>\n\t\t\t\t<\/div>\n\t\t\t\t\t\t<\/div>\n\t\t\t\t\t<\/div>\n\t\t<\/div>\n\t\t\t\t\t\t\t\t<\/div>\n\t\t\t\t\t<\/div>\n\t\t<\/section>\n\t\t\t\t<section class=\"elementor-section elementor-top-section elementor-element elementor-element-35b03bd elementor-section-boxed elementor-section-height-default elementor-section-height-default\" data-id=\"35b03bd\" data-element_type=\"section\">\n\t\t\t\t\t\t<div class=\"elementor-container elementor-column-gap-default\">\n\t\t\t\t\t\t\t<div class=\"elementor-row\">\n\t\t\t\t\t<div class=\"elementor-column elementor-col-100 elementor-top-column elementor-element elementor-element-556e9c9\" data-id=\"556e9c9\" data-element_type=\"column\">\n\t\t\t<div class=\"elementor-column-wrap elementor-element-populated\">\n\t\t\t\t\t\t\t<div class=\"elementor-widget-wrap\">\n\t\t\t\t\t\t<div class=\"elementor-element elementor-element-29ff0e1 elementor-widget elementor-widget-text-editor\" data-id=\"29ff0e1\" data-element_type=\"widget\" data-widget_type=\"text-editor.default\">\n\t\t\t\t<div class=\"elementor-widget-container\">\n\t\t\t\t\t<div class=\"elementor-text-editor elementor-clearfix\"><div class=\"page\" title=\"Page 9\"><div class=\"section\"><div class=\"layoutArea\"><div class=\"column\"><p>La violencia contra la mujer<a class=\"tooltips\" title=\"Violencia contra la mujer: \u201cTodo acto de violencia basado en la pertenencia al sexo femenino que tenga como resultado un da\u00f1o o sufrimiento f\u00edsico, sexual, econ\u00f3mico o psicol\u00f3gico para la mujer, as\u00ed como las amenazas de tales actos, la coacci\u00f3n o la privaci\u00f3n arbitraria de la libertad, tanto si se produce en la vida p\u00fablica como privada\u201d(Declaraci\u00f3n de Viena 1993. Eliminaci\u00f3n de la violencia contra la mujer)\"><sup>2<\/sup><\/a>, basada en las relaciones sexo-ge\u0301nero, es un feno\u0301meno social que pone de manifiesto la vigencia de un sistema patriarcal al interior de las estructuras y organizacio\u0301n de la sociedad. Es una de las expresiones ma\u0301s perversas y crueles del patriarcado, con la cual ostenta su dominio y opresio\u0301n contra las mujeres.<\/p><p>Este feno\u0301meno paso\u0301 de considerarse un problema personal, propio de la esfera privada, a hacerse visible en lo pu\u0301blico, acentuando su cara\u0301cter estructural y sus relaciones con el sistema de dominacio\u0301n patriarcal, es decir, su cara\u0301cter poli\u0301tico (De Miguel, 2007). Entendiendo el patriarcado como \u201cun sistema de opresiones (&#8230;) de construccio\u0301n de todas las jerarqui\u0301as sociales, superpuestas unas sobre otras y fundadas en privilegios masculinos, constituyendo la base donde se sustentan todas las opresiones, un conjunto complejo de jerarqui\u0301as sociales expresadas en relaciones econo\u0301micas, culturales, religiosas, militares, simbo\u0301licas cotidianas e histo\u0301ricas\u201d (Galindo M. p. 93-94: 2013). Esta estructura androce\u0301ntrica, establece el sistema social de dominacio\u0301n &#8211; sumisio\u0301n, donde hay una valoracio\u0301n jera\u0301rquica de lo masculino sobre lo femenino. Para que la violencia contra la mujer exista, es necesario que en una sociedad se haya inferiorizado, discriminado, fragilizado a un grupo social, en este caso, las mujeres (Ferna\u0301ndez, 2006). Para el feminismo, el patriarcado \u2013como principal organizador de las relaciones sociales \u2013 es la base estructural e ideolo\u0301gica que sostiene la violencia contra las mujeres.<\/p><p>El patriarcado ha surgido de una toma de poder histo\u0301rico por parte de los hombres, quienes se apropiaron del cuerpo, la sexualidad y reproduccio\u0301n de las mujeres y de su producto, las\/los hijas\/ os, creando al mismo tiempo un orden simbo\u0301lico a trave\u0301s de los mitos, las leyes y la religio\u0301n que lo perpetu\u0301an como u\u0301nica estructura posible.<\/p><p>La cultura tradicional y patriarcal, considera la violencia contra la mujer como algo normal e incluso necesario, basada en la \u201cnaturaleza diferente de los sexos\u201d. En el contexto del patriarcado actual, en plena crisis de la globalizacio\u0301n capitalista, donde diferentes informes reportan el incremento de la violencia, ante la resistencia de las mujeres, que poco a poco abandonan el polo tradicional de la pasividad, la reaccio\u0301n de los hombres, frente a la desilusio\u0301n de la pe\u0301rdida de sus privilegios \u201cnaturales\u201d ha sido la manifestacio\u0301n de una violencia ma\u0301s cruenta, a trave\u0301s de los \u201ccuerpos ejemplificadores\u201d es decir, un mensaje claro y pu\u0301blico de disciplinamiento en los cuerpos de las mujeres, siendo las expresiones extremas el feminicidio, la mutilacio\u0301n, la violacio\u0301n (Femeni\u0301as y Soza, 2009) la trata y la explotacio\u0301n sexual (Segato, 2018).<\/p><div class=\"page\" title=\"Page 10\"><div class=\"section\"><div class=\"layoutArea\"><div class=\"column\"><p>Si bien a nivel normativo se han logrado avances importantes, hasta hace algunos an\u0303os, las leyes constitui\u0301an uno de los soportes ideolo\u0301gicos del patriarcado. So\u0301lo basta recordar la legislacio\u0301n boliviana permisiva y tolerante con actos de violencia contra la mujer dentro de la familia o fuera de ella.<\/p><p>La ideologi\u0301a patriarcal que naturaliza la inferioridad y subordinacio\u0301n de las mujeres y la aceptacio\u0301n impli\u0301cita de la violencia, paulatinamente esta\u0301 siendo sustituida por una visio\u0301n en la que la violencia patriarcal se hace visible e intolerable para la sociedad. Este proceso no habri\u0301a sido posible sin el aporte de interpretacio\u0301n alternativa feminista sobre las relaciones de ge\u0301nero, fortalecidas por su amplia difusio\u0301n, accio\u0301n de la cual son protagonistas los movimientos feministas, organizaciones de mujeres en toda su diversidad, las conferencias internacionales, convenciones internacionales, el feminismo institucional y las innumerables mujeres activistas, que desde una diversidad de militancias y colectivos aportan en el avance del feminismo.<\/p><p>La teori\u0301a feminista aporto\u0301 de manera clara al estudio del feno\u0301meno social de la violencia contra la mujer, contribuyendo significativamente a la categori\u0301a de ana\u0301lisis de ge\u0301nero, que desde un punto de vista sociolo\u0301gico, antropolo\u0301gico, psicolo\u0301gico, poli\u0301tico y de salud pu\u0301blica, explica sus formas, causas y efectos.<\/p><\/div><\/div><\/div><\/div><\/div><\/div><\/div><\/div><\/div>\n\t\t\t\t<\/div>\n\t\t\t\t<\/div>\n\t\t\t\t\t\t<\/div>\n\t\t\t\t\t<\/div>\n\t\t<\/div>\n\t\t\t\t\t\t\t\t<\/div>\n\t\t\t\t\t<\/div>\n\t\t<\/section>\n\t\t\t\t<section class=\"elementor-section elementor-top-section elementor-element elementor-element-b0f8321 elementor-section-boxed elementor-section-height-default elementor-section-height-default\" data-id=\"b0f8321\" data-element_type=\"section\">\n\t\t\t\t\t\t<div class=\"elementor-container elementor-column-gap-default\">\n\t\t\t\t\t\t\t<div class=\"elementor-row\">\n\t\t\t\t\t<div class=\"elementor-column elementor-col-100 elementor-top-column elementor-element elementor-element-1443893\" data-id=\"1443893\" data-element_type=\"column\">\n\t\t\t<div class=\"elementor-column-wrap elementor-element-populated\">\n\t\t\t\t\t\t\t<div class=\"elementor-widget-wrap\">\n\t\t\t\t\t\t<div class=\"elementor-element elementor-element-5063128 elementor-widget elementor-widget-heading\" data-id=\"5063128\" data-element_type=\"widget\" data-widget_type=\"heading.default\">\n\t\t\t\t<div class=\"elementor-widget-container\">\n\t\t\t<h3 class=\"elementor-heading-title elementor-size-default\">1.1.2 La categor\u00eda de an\u00e1lisis de g\u00e9nero y la violencia contra las mujeres<\/h3>\t\t<\/div>\n\t\t\t\t<\/div>\n\t\t\t\t\t\t<\/div>\n\t\t\t\t\t<\/div>\n\t\t<\/div>\n\t\t\t\t\t\t\t\t<\/div>\n\t\t\t\t\t<\/div>\n\t\t<\/section>\n\t\t\t\t<section class=\"elementor-section elementor-top-section elementor-element elementor-element-20fc897 elementor-section-boxed elementor-section-height-default elementor-section-height-default\" data-id=\"20fc897\" data-element_type=\"section\">\n\t\t\t\t\t\t<div class=\"elementor-container elementor-column-gap-default\">\n\t\t\t\t\t\t\t<div class=\"elementor-row\">\n\t\t\t\t\t<div class=\"elementor-column elementor-col-100 elementor-top-column elementor-element elementor-element-ce639af\" data-id=\"ce639af\" data-element_type=\"column\">\n\t\t\t<div class=\"elementor-column-wrap elementor-element-populated\">\n\t\t\t\t\t\t\t<div class=\"elementor-widget-wrap\">\n\t\t\t\t\t\t<div class=\"elementor-element elementor-element-ed30156 elementor-widget elementor-widget-text-editor\" data-id=\"ed30156\" data-element_type=\"widget\" data-widget_type=\"text-editor.default\">\n\t\t\t\t<div class=\"elementor-widget-container\">\n\t\t\t\t\t<div class=\"elementor-text-editor elementor-clearfix\"><div class=\"page\" title=\"Page 10\"><div class=\"section\"><div class=\"layoutArea\"><div class=\"column\"><p>La categori\u0301a de ana\u0301lisis desde la construccio\u0301n de los ge\u0301neros (masculino y femenino), explica la subordinacio\u0301n y opresio\u0301n de las mujeres. Inicia su ana\u0301lisis a partir de las diferencias biolo\u0301gicas y culturales de hombres y mujeres, diferenciando las categori\u0301as de \u201csexo\u201d y \u201cge\u0301nero\u201d. Asi\u0301 conceptualiza al sexo como la cualidad fi\u0301sica que tiene cada ser humano, en cambio el ge\u0301nero es comprendido como una construccio\u0301n sociocultural que asigna determinadas caracteri\u0301sticas a la identidad de cada sexo.<\/p><p>Explica que los ge\u0301neros masculino y femenino responden de manera diferenciada a un conjunto de funciones, relaciones sociales, formas de comportamiento, subjetividades y simbologi\u0301as, que la sociedad asigna y refuerza durante el proceso de socializacio\u0301n, a trave\u0301s de instituciones, tales como la familia, las leyes, la religio\u0301n, la educacio\u0301n, etc. cuyo cara\u0301cter es cambiante y especi\u0301fico para cada contexto sociocultural (Castellanos, 2006).<\/p><p>Se van desarrollando entre hombres y mujeres, formas de relacionamiento a partir de la identidad de ge\u0301nero masculino y femenino al que son adscritos, segu\u0301n los estereotipos socioculturales que vari\u0301an de acuerdo a las caracteri\u0301sticas y peculiaridades de cada regio\u0301n, pai\u0301s o cultura, encontra\u0301ndose en todas, la constante que las mujeres se ubican en una posicio\u0301n de inferioridad y menor desarrollo socioecono\u0301mico.<\/p><p>La categori\u0301a de ge\u0301nero identifica al \u201cejercicio de poder\u201d como una caracteri\u0301stica de la condicio\u0301n y cualidad gene\u0301rica masculina, atributo asignado a los hombres como una exigencia social condicionante, otorga\u0301ndoles el derecho \u201cnatural\u201d de ejercer este poder traducido en la posibilidad de tomar decisiones tanto en sus relaciones personales, familiares como pu\u0301blicas.<\/p><p>Es asi\u0301 que muchos aspectos de la vida cotidiana de las mujeres, como ser su sexualidad, reproduccio\u0301n y en muchos casos sus opciones laborales, esta\u0301n controladas y definidas por los hombres, inicialmente en sus relaciones familiares (padre, hermanos) y luego de pareja.<\/p><p>Los hombres en la sociedad patriarcal aprenden a ser agresivos, competitivos y discriminadores, la masculinidad esta\u0301 ma\u0301s disponible para la crueldad y la obedicencia incondicional hacia sus pares (Segato, 2018). Las mujeres en cambio, aprenden a ser subordinadas y discriminadas, son empujadas al papel de objeto, disponible y desechable, asumiendo esta situacio\u0301n como algo inherente a su condicio\u0301n femenina. Un reflejo de ello son la serie de indicadores de desarrollo socioecono\u0301mico y poli\u0301tico, que ubica a las mujeres en condiciones inferiores respecto a los hombres,\u00a0<span style=\"font-size: 15px; color: var( --e-global-color-text );\">(menor nivel de instruccio\u0301n, menores ingresos, menor rango laboral, menor e inferior ejercicio de poder poli\u0301tico pu\u0301blico).<\/span><\/p><div class=\"page\" title=\"Page 11\"><div class=\"section\"><div class=\"layoutArea\"><div class=\"column\"><p>Una de las formas ma\u0301s perversas de subordinacio\u0301n hacia la mujer es la sistema\u0301tica y naturalizada violencia que se ejerce sobre ella. Todas las estadi\u0301sticas la presentan como la principal vi\u0301ctima, tanto en el a\u0301mbito familiar como extrafamiliar. La violencia sexual (de cada 100 vi\u0301ctimas 97 son mujeres), es una de las representacio\u0301n de poder masculino, utilizando la genitalidad para degradarla y colocarla en el mayor nivel de inferioridad respecto a su violador. El feminicidio, constituye la manifestacio\u0301n de mayor ejercicio de poder masculino sobre su pajera, arroga\u0301ndose el derecho de quitarle la vida (en Bolivia cada tres di\u0301as muere una mujer asesinada por el hecho de ser mujer). En las situaciones de guerra un 80% de las bajas corresponde a mujeres y a nin\u0303os\/as.<\/p><p>Asimismo, teo\u0301ricas feministas como Rita Segato o Celia Amoro\u0301s (citadas en Femeni\u0301as y Soza, 2009), han identificado un pacto \u201cmafioso\u201d y \u201clibertino\u201d de hombres, que como estrategia de reafirmacio\u0301n de su identidad patriarcal, usan mayor ensan\u0303amiento contra las mujeres causando, al mismo tiempo, violacio\u0301n, tortura y feminicidio a mujeres jo\u0301venes, de bajos recursos, como son los ejemplos de los cri\u0301menes colectivos de Ciudad Jua\u0301rez en Me\u0301xico, Guatemala, Honduras, Argentina y otros pai\u0301ses.<\/p><\/div><\/div><\/div><\/div><\/div><\/div><\/div><\/div><\/div>\n\t\t\t\t<\/div>\n\t\t\t\t<\/div>\n\t\t\t\t\t\t<\/div>\n\t\t\t\t\t<\/div>\n\t\t<\/div>\n\t\t\t\t\t\t\t\t<\/div>\n\t\t\t\t\t<\/div>\n\t\t<\/section>\n\t\t\t\t<section class=\"elementor-section elementor-top-section elementor-element elementor-element-62b25be elementor-section-boxed elementor-section-height-default elementor-section-height-default\" data-id=\"62b25be\" data-element_type=\"section\">\n\t\t\t\t\t\t<div class=\"elementor-container elementor-column-gap-default\">\n\t\t\t\t\t\t\t<div class=\"elementor-row\">\n\t\t\t\t\t<div class=\"elementor-column elementor-col-100 elementor-top-column elementor-element elementor-element-7232bc7\" data-id=\"7232bc7\" data-element_type=\"column\">\n\t\t\t<div class=\"elementor-column-wrap elementor-element-populated\">\n\t\t\t\t\t\t\t<div class=\"elementor-widget-wrap\">\n\t\t\t\t\t\t<div class=\"elementor-element elementor-element-406c7e7 elementor-widget elementor-widget-heading\" data-id=\"406c7e7\" data-element_type=\"widget\" data-widget_type=\"heading.default\">\n\t\t\t\t<div class=\"elementor-widget-container\">\n\t\t\t<h3 class=\"elementor-heading-title elementor-size-default\">1.1.3 Interseccionalidad de la categor\u00eda de an\u00e1lisis g\u00e9nero<\/h3>\t\t<\/div>\n\t\t\t\t<\/div>\n\t\t\t\t\t\t<\/div>\n\t\t\t\t\t<\/div>\n\t\t<\/div>\n\t\t\t\t\t\t\t\t<\/div>\n\t\t\t\t\t<\/div>\n\t\t<\/section>\n\t\t\t\t<section class=\"elementor-section elementor-top-section elementor-element elementor-element-e2b62e0 elementor-section-boxed elementor-section-height-default elementor-section-height-default\" data-id=\"e2b62e0\" data-element_type=\"section\">\n\t\t\t\t\t\t<div class=\"elementor-container elementor-column-gap-default\">\n\t\t\t\t\t\t\t<div class=\"elementor-row\">\n\t\t\t\t\t<div class=\"elementor-column elementor-col-100 elementor-top-column elementor-element elementor-element-c67358e\" data-id=\"c67358e\" data-element_type=\"column\">\n\t\t\t<div class=\"elementor-column-wrap elementor-element-populated\">\n\t\t\t\t\t\t\t<div class=\"elementor-widget-wrap\">\n\t\t\t\t\t\t<div class=\"elementor-element elementor-element-592cf77 elementor-widget elementor-widget-text-editor\" data-id=\"592cf77\" data-element_type=\"widget\" data-widget_type=\"text-editor.default\">\n\t\t\t\t<div class=\"elementor-widget-container\">\n\t\t\t\t\t<div class=\"elementor-text-editor elementor-clearfix\"><div class=\"page\" title=\"Page 11\"><div class=\"section\"><div class=\"layoutArea\"><div class=\"column\"><p>La interseccionalidad es el concepto que permite entender co\u0301mo se cruzan y relacionan las diferentes categori\u0301as sociales o de identidad que puede tener una misma mujer y que son el origen de su opresio\u0301n o de sus privilegios: ser indi\u0301gena, migrante, joven, lesbiana u otras.<\/p><p>La categori\u0301a de ana\u0301lisis ge\u0301nero, ha permitido entender al patriarcado como causante de la violencia contra la mujer, pero la integracio\u0301n interseccional del ge\u0301nero con otros ejes de desigualdad, como clase social, edad, identidades sexuales no heteronormativas, diversidad funcional, raza\/etnia o ciudadani\u0301a, permite un enfoque multidimensional ma\u0301s acorde con la complejidad del problema de la violencia.<\/p><p>Al priorizar los ana\u0301lisis sobre un punto de entrada de identidad (ge\u0301nero) y una relacio\u0301n de poder (patriarcado), y excluyendo a otros elementos de estratificacio\u0301n e identidad (clase, raza, etnia, identidad sexual, diversidad funcional) y dominacio\u0301n (clasismo, racismo, heterosexismo), se corre el riesgo de tener una visio\u0301n parcial y sesgada en el tratamiento de la violencia contra las mujeres. (Guzma\u0301n y Jime\u0301nez, 2015).<\/p><p>Estas articulaciones de ge\u0301nero con otras categori\u0301as, se dan siempre en un contexto ma\u0301s amplio de circunstancias histo\u0301ricas.<\/p><p>Por lo tanto, es muy importante considerar las relaciones y articulaciones de ge\u0301nero con otras categori\u0301as, en un contexto siempre ma\u0301s amplio, de circunstancias histo\u0301ricas (clase, etnia, entre otras) por ejemplo, la situacio\u0301n de violencia que vive una mujer joven, quechua, trabajadora del hogar considera\u0301ndolas dentro de las cara\u0301cteri\u0301sicas del mundo actual (Segato, 2018, p. 21).<\/p><p>En un ana\u0301lisis del contexto actual de globalizacio\u0301n informacionalista, se identifica co\u0301mo se han configurado nuevas formas de violencia en contra de las mujeres, en el caso de los medios masivos de informacio\u0301n y nuevas tecnologi\u0301as de informacio\u0301n, el ataque a la dignidad de la mujer y el uso de su cuerpo como un especta\u0301culo son muy normalizados, el manejo de los casos de feminicidio es reproducido en sus detalles morbosos por la agenda periodi\u0301stica y existe una proliferacio\u0301n de los casos de acoso y abuso sexual en la redes sociales: ciberacoso; sexting y sextorsio\u0301n, chantaje para obtener ima\u0301genes de cara\u0301cter i\u0301ntimo ma\u0301s expli\u0301citas y grooming o ciberengan\u0303o pederasta (Rey, 2017).<\/p><div class=\"page\" title=\"Page 12\"><div class=\"section\"><div class=\"layoutArea\"><div class=\"column\"><p>En este mismo marco capitalista, ante los cambios del mercado, precarizacio\u0301n laboral y cambios culturales, muchos hombres podri\u0301an estar intentando el disciplinamiento en cuerpos de mujeres \u201cauto\u0301nomas\u201d a trave\u0301s de la violencia fi\u0301sica recrudecida, a quienes perciben como competencia, sin comprender que esas mismas mujeres son foco de explotacio\u0301n con modalidades contempora\u0301neas de trabajo, como las \u201cmaquilas\u201d (Femeni\u0301as y Soza, 2009).<\/p><p>A trave\u0301s de este mismo enfoque, se evidencia la necesidad de poner atencio\u0301n a las instituciones que se esfuerzan por mantener desigualdades dentro del sistema social, por ejemplo, las instituciones religiosas que en complicidad con e\u0301lites econo\u0301micas reproducen normas inequitativas de ge\u0301nero, capaces de sustentar normas sociales. Sus efectos se ven en Estados marcadamente patriarcales donde se deciden sobre los cuerpos de las mujeres con restricciones en: utilizacio\u0301n de anticoncepcio\u0301n, aborto, relaciones sexuales fuera del matrimonio, diversidad sexual.<\/p><p>En las u\u0301ltimas de\u0301cadas, producto de la incorporacio\u0301n del enfoque intercultural al estudio de las diferentes disciplinas, los estudios de la mujer han realizado diferenciaciones entre las mujeres de diferentes clases sociales y culturas, superando la visio\u0301n homoge\u0301nea, universalista del \u201cser mujer\u201d, sin embargo, se mantiene que la mayori\u0301a de las tradiciones culturales, otorga a las mujeres un lugar de inferioridad.<\/p><p>Se debe mencionar tambie\u0301n que las relaciones de clase determinan el nivel de explotacio\u0301n de las mujeres. Ante mayor pobreza, el nivel de explotacio\u0301n econo\u0301mica es tambie\u0301n mayor. Su fuerza de trabajo es mal remunerada, generando insatisfaccio\u0301n en sus necesidades vitales como alimentacio\u0301n, educacio\u0301n, salud, vivienda, etc.<\/p><\/div><\/div><\/div><\/div><\/div><\/div><\/div><\/div><\/div>\n\t\t\t\t<\/div>\n\t\t\t\t<\/div>\n\t\t\t\t\t\t<\/div>\n\t\t\t\t\t<\/div>\n\t\t<\/div>\n\t\t\t\t\t\t\t\t<\/div>\n\t\t\t\t\t<\/div>\n\t\t<\/section>\n\t\t\t\t<section class=\"elementor-section elementor-top-section elementor-element elementor-element-177f563 elementor-section-boxed elementor-section-height-default elementor-section-height-default\" data-id=\"177f563\" data-element_type=\"section\">\n\t\t\t\t\t\t<div class=\"elementor-container elementor-column-gap-default\">\n\t\t\t\t\t\t\t<div class=\"elementor-row\">\n\t\t\t\t\t<div class=\"elementor-column elementor-col-100 elementor-top-column elementor-element elementor-element-9e7ef10\" data-id=\"9e7ef10\" data-element_type=\"column\">\n\t\t\t<div class=\"elementor-column-wrap elementor-element-populated\">\n\t\t\t\t\t\t\t<div class=\"elementor-widget-wrap\">\n\t\t\t\t\t\t<div class=\"elementor-element elementor-element-d975ea8 elementor-widget elementor-widget-heading\" data-id=\"d975ea8\" data-element_type=\"widget\" data-widget_type=\"heading.default\">\n\t\t\t\t<div class=\"elementor-widget-container\">\n\t\t\t<h3 class=\"elementor-heading-title elementor-size-default\">1.1.4 La interculturalidad en el tratamiento de la violencia contra la mujer<\/h3>\t\t<\/div>\n\t\t\t\t<\/div>\n\t\t\t\t\t\t<\/div>\n\t\t\t\t\t<\/div>\n\t\t<\/div>\n\t\t\t\t\t\t\t\t<\/div>\n\t\t\t\t\t<\/div>\n\t\t<\/section>\n\t\t\t\t<section class=\"elementor-section elementor-top-section elementor-element elementor-element-4ca335b elementor-section-boxed elementor-section-height-default elementor-section-height-default\" data-id=\"4ca335b\" data-element_type=\"section\">\n\t\t\t\t\t\t<div class=\"elementor-container elementor-column-gap-default\">\n\t\t\t\t\t\t\t<div class=\"elementor-row\">\n\t\t\t\t\t<div class=\"elementor-column elementor-col-100 elementor-top-column elementor-element elementor-element-2bfa068\" data-id=\"2bfa068\" data-element_type=\"column\">\n\t\t\t<div class=\"elementor-column-wrap elementor-element-populated\">\n\t\t\t\t\t\t\t<div class=\"elementor-widget-wrap\">\n\t\t\t\t\t\t<div class=\"elementor-element elementor-element-e60adcb elementor-widget elementor-widget-text-editor\" data-id=\"e60adcb\" data-element_type=\"widget\" data-widget_type=\"text-editor.default\">\n\t\t\t\t<div class=\"elementor-widget-container\">\n\t\t\t\t\t<div class=\"elementor-text-editor elementor-clearfix\"><div class=\"page\" title=\"Page 12\"><div class=\"section\"><div class=\"layoutArea\"><div class=\"column\"><p>A partir de la colonizacio\u0301n espan\u0303ola al territorio, hoy denominado Ame\u0301rica y posteriormente con la Constitucio\u0301n de la Repu\u0301blica de Bolivia, los criollos y mestizos, expropiaron a los indi\u0301genas, originarios sus tierras, fueron esclavizados y considerados como una raza inferior. Desde entonces hasta ahora, pese a los cambios sociales e histo\u0301ricos y contar con una nueva Constitucio\u0301n Poli\u0301tica del Estado, que reconoce a todas las culturas como parte del Estado Plurinacional de Bolivia, persiste la idea que las naciones y pueblos quechuas, ayoreos, aimaras, guarani\u0301es y otros que habitan nuestro territorio, son inferiores.<\/p><p>En ese marco de relaciones de exclusio\u0301n e\u0301tnica, las mujeres indi\u0301genas son oprimidas por su condicio\u0301n cultural, considera\u0301ndolas inferiores y coloca\u0301ndolas en una situacio\u0301n de alta vulnerabilidad para su explotacio\u0301n y exclusio\u0301n.<\/p><p>Basada en estas tres formas de analizar la situacio\u0301n de las mujeres, se puede considerar que la mayori\u0301a de ellas, viven una triple discriminacio\u0301n: 1) de explotacio\u0301n laboral por su condicio\u0301n de clase, 2) de exclusio\u0301n por su condicio\u0301n e\u0301tnica y 3) de opresio\u0301n por su condicio\u0301n de ge\u0301nero femenino.<\/p><p>Nuestra sociedad, construida sobre bases coloniales y patriarcales, es el soporte que da lugar a la situacio\u0301n y condicio\u0301n de subordinacio\u0301n de las mujeres en nuestro pai\u0301s y en casi todos los pai\u0301ses del mundo.<\/p><p>Concordante con la Constitucio\u0301n Poli\u0301tica del Estado, que reconoce los 36 pueblos y naciones que cohabitan el Estado Boliviano, se promulga la Ley No 073 de Deslinde Jurisdiccional que tiene como objetivo regular los a\u0301mbitos de vigencia, dispuestos en la Constitucio\u0301n Poli\u0301tica del Estado, entre la jurisdiccio\u0301n indi\u0301gena originaria campesina y las otras jurisdicciones reconocidas constitucionalmente, determinando los mecanismos de coordinacio\u0301n y cooperacio\u0301n entre estas jurisdicciones, en el marco del pluralismo juri\u0301dico (Art. 1). La jurisdiccio\u0301n indi\u0301gena originaria campesina goza de igual jerarqui\u0301a que la jurisdiccio\u0301n ordinaria, la jurisdiccio\u0301n agroambiental y otras jurisdicciones legalmente reconocidas (Art 3).<\/p><div class=\"page\" title=\"Page 13\"><div class=\"section\"><div class=\"layoutArea\"><div class=\"column\"><p>Esta normativa otorga a las organizaciones sociales indi\u0301genas originarias campesinas, la potestad de resolver conflictos en la comunidad en el marco de sus competencias. La Ley sen\u0303ala: \u201cTodas las jurisdicciones reconocidas constitucionalmente, respetan, promueven y garantizan el derecho a la vida, y los dema\u0301s derechos y garanti\u0301as reconocidos por la Constitucio\u0301n Poli\u0301tica del Estado\u201d (Art. 5), sin embargo, muchas de las decisiones tomadas por los dirigentes y li\u0301deres indi\u0301genas originarios campesinos transgrede este principio constitucional cuando se trata de mujeres de la comunidad.<\/p><p>La violencia contra la mujer no sancionada o las sanciones extremas a las mujeres cuando cometen alguna transgresio\u0301n a sus usos y costumbres, es una constante en la mayori\u0301a de los pueblos y naciones del Estado Plurinacional de Bolivia. Esto evidencia que en las culturas indi\u0301genas, originarias, campesinas al igual que en las culturas urbano\/criollo mestizas, existen relaciones de ge\u0301nero inequitativas y desiguales.<\/p><p>Esta forma de relaciones de ge\u0301nero, se explican como efecto del proceso de colonizacio\u0301n que logro\u0301 permear en las culturas originarias el sistema patriarcal, habie\u0301ndose establecido desequilibrios y relaciones jera\u0301rquicas entre hombres y mujeres.<\/p><p>La estrategia poli\u0301tica de \u201cdespatriarcalizacio\u0301n\u201d<a class=\"tooltips\" title=\"Ley No 348, Art. 4, numeral, 12. A efectos de la presente Ley, la despatriarcalizaci\u00f3n consiste en la elaboraci\u00f3n de pol\u00edticas p\u00fablicas desde la identidad plurinacional, para la visibilizaci\u00f3n, denuncia y erradicaci\u00f3n del patriarcado, a trav\u00e9s de la transformaci\u00f3n de las estructuras, relaciones, tradiciones, costumbres y comportamientos desiguales de poder, dominio, exclusi\u00f3n, opresi\u00f3n y explotaci\u00f3n de las mujeres por los hombres.\"><sup>3<\/sup><\/a>, tambie\u0301n debe incluir a las comunidades indi\u0301genas, originarias, campesinas, ya que el sistema patriarcal igualmente es parte de lo\u0301gica de organizacio\u0301n social, colocando a las mujeres en situacio\u0301n de vulnerabilidad de sus derechos.<\/p><\/div><\/div><\/div><\/div><\/div><\/div><\/div><\/div><\/div>\n\t\t\t\t<\/div>\n\t\t\t\t<\/div>\n\t\t\t\t\t\t<\/div>\n\t\t\t\t\t<\/div>\n\t\t<\/div>\n\t\t\t\t\t\t\t\t<\/div>\n\t\t\t\t\t<\/div>\n\t\t<\/section>\n\t\t\t\t<section class=\"elementor-section elementor-top-section elementor-element elementor-element-33e39df elementor-section-boxed elementor-section-height-default elementor-section-height-default\" data-id=\"33e39df\" data-element_type=\"section\">\n\t\t\t\t\t\t<div class=\"elementor-container elementor-column-gap-default\">\n\t\t\t\t\t\t\t<div class=\"elementor-row\">\n\t\t\t\t\t<div class=\"elementor-column elementor-col-100 elementor-top-column elementor-element elementor-element-eada6fa\" data-id=\"eada6fa\" data-element_type=\"column\">\n\t\t\t<div class=\"elementor-column-wrap elementor-element-populated\">\n\t\t\t\t\t\t\t<div class=\"elementor-widget-wrap\">\n\t\t\t\t\t\t<div class=\"elementor-element elementor-element-93a4e3c elementor-widget elementor-widget-heading\" data-id=\"93a4e3c\" data-element_type=\"widget\" data-widget_type=\"heading.default\">\n\t\t\t\t<div class=\"elementor-widget-container\">\n\t\t\t<h3 class=\"elementor-heading-title elementor-size-default\">1.1.5 Pol\u00edticas p\u00fablicas sobre la violencia contra la mujer<\/h3>\t\t<\/div>\n\t\t\t\t<\/div>\n\t\t\t\t\t\t<\/div>\n\t\t\t\t\t<\/div>\n\t\t<\/div>\n\t\t\t\t\t\t\t\t<\/div>\n\t\t\t\t\t<\/div>\n\t\t<\/section>\n\t\t\t\t<section class=\"elementor-section elementor-top-section elementor-element elementor-element-95375ff elementor-section-boxed elementor-section-height-default elementor-section-height-default\" data-id=\"95375ff\" data-element_type=\"section\">\n\t\t\t\t\t\t<div class=\"elementor-container elementor-column-gap-default\">\n\t\t\t\t\t\t\t<div class=\"elementor-row\">\n\t\t\t\t\t<div class=\"elementor-column elementor-col-100 elementor-top-column elementor-element elementor-element-b3ba5ed\" data-id=\"b3ba5ed\" data-element_type=\"column\">\n\t\t\t<div class=\"elementor-column-wrap elementor-element-populated\">\n\t\t\t\t\t\t\t<div class=\"elementor-widget-wrap\">\n\t\t\t\t\t\t<div class=\"elementor-element elementor-element-07312b6 elementor-widget elementor-widget-text-editor\" data-id=\"07312b6\" data-element_type=\"widget\" data-widget_type=\"text-editor.default\">\n\t\t\t\t<div class=\"elementor-widget-container\">\n\t\t\t\t\t<div class=\"elementor-text-editor elementor-clearfix\"><div class=\"page\" title=\"Page 12\"><div class=\"section\"><div class=\"layoutArea\"><div class=\"column\"><div class=\"page\" title=\"Page 13\"><div class=\"section\"><div class=\"layoutArea\"><div class=\"column\"><p>Se entiende como poli\u0301tica pu\u0301blica a las acciones o intervenciones del Estado hacia la sociedad o sectores de la sociedad, encaminadas a resolver un problema o atender una demanda, para lo cual disen\u0303a metodologi\u0301as y estrategias, asigna recursos y designa responsables de su aplicacio\u0301n. Por lo general son las leyes, decretos o resoluciones, que dan nacimiento a una poli\u0301tica de estado.<\/p><p>En la de\u0301cada de los noventa, el contexto regional e internacional fue favorable para las demandas de ge\u0301nero, como resultado de la Conferencia Mundial de la Mujer de Beijing, la de Poblacio\u0301n en El Cairo y la Conferencia de Derechos Humanos de Viena en 1993. Se privilegia en ese momento, temas como la violencia contra la mujer, la salud sexual y reproductiva, entre otras, proceso en el que surgen las primeras propuestas de reformas legales.<\/p><p>En 1993 se crea por primera vez en Bolivia el ente rector encargado de las poli\u0301ticas para la mujer. Hasta entonces era el despacho de la primera dama de la nacio\u0301n, el que realizaba algunas acciones dirigidas a prestar servicios sociales a las mujeres en situacio\u0301n de vulnerabilidad.<\/p><p>En los u\u0301ltimos 20 an\u0303os, se ha promulgado amplia normativa y poli\u0301ticas pu\u0301blicas, que de manera directa o indirecta favorecen a la mujer y a su desarrollo dentro de criterios de equidad gene\u0301rica y en particular para disminuir la violencia ejercida contra ella en sus relaciones de ge\u0301nero.<\/p><p>Las poli\u0301ticas pu\u0301blicas promulgadas por los diferentes gobiernos en las dos u\u0301ltimas de\u0301cadas, son producto de la iniciativa y presio\u0301n poli\u0301tica de la sociedad civil y el movimiento de mujeres y feministas.<\/p><p>Pese a su so\u0301lida fundamentacio\u0301n y amplia difusio\u0301n y denuncia, la violencia contra la mujer como producto de un sistema de opresio\u0301n y subordinacio\u0301n entre los sexos, au\u0301n esta\u0301 vigente en todo el mundo, presenta\u0301ndose de diversas formas e intensidades dependiendo del tipo de cultura o estrato social. Por ello a nivel internacional, los Estados han ratificado convenciones y las han\u00a0<span style=\"font-size: 15px; color: var( --e-global-color-text );\">convertido en leyes y poli\u0301ticas pu\u0301blicas nacionales, dirigidas a sancionar la violencia contra la mujer.<\/span><\/p><div class=\"page\" title=\"Page 14\"><div class=\"section\"><div class=\"layoutArea\"><div class=\"column\"><p>Si bien existe \u2013particularmente en Bolivia\u2013 disen\u0303ada una poli\u0301tica pu\u0301blica para \u201cgarantizar a las mujeres una vida libre de violencia\u201d, la violencia contra la mujer continu\u0301a y por el contrario la crueldad y brutalidad con la que se manifiesta, lleva a pensar que este feno\u0301meno ha encontrado mejores condiciones para reproducirse.<\/p><p>Para que una poli\u0301tica pu\u0301blica sea efectiva, deben concurrir cuatro requisitos: 1) La decisio\u0301n estatal, plasmada en la Constitucio\u0301n Poli\u0301tica del Estado, 2) Normativa secundaria, traducida en leyes y reglamentos, 3) Un plan de acciones traducido en servicios multidisciplinarios con recursos materiales y econo\u0301micos suficientes y, 4) el acceso, uso y acatamiento de la poblacio\u0301n a esta normati<span style=\"font-size: 15px; color: var( --e-global-color-text );\">va. En Bolivia existe el primer requisito, el segundo con ciertos vaci\u0301os, el tercero con deficiencias y el cuarto au\u0301n no se ha instalado en la sociedad, persistiendo una cultura altamente permisiva y perpetuadora de este feno\u0301meno perverso y violentador de los derechos de las mujeres.<\/span><\/p><p>Entonces \u00bfque\u0301 hacer para que la poli\u0301tica pu\u0301blica dirigida a disminuir hasta erradicar la violencia contra la mujer sea efectiva? Actuar desde dos dimensiones: 1) Aplicar la normativa con mayor eficiencia y calidad desde las diversas instituciones involucradas en el tema con recursos materiales y humanos (Fiscali\u0301a, O\u0301rgano Judicial, Polici\u0301a, sistemas de salud, educacio\u0301n, entre otros), 2) Motivar en las propias mujeres una actitud de \u201ccero tolerancia\u201d hacia la violencia, generando al interior de cada una de ellas, procesos de \u201cempoderamiento emancipatorio\u201d sobre sus vidas. Entendiendo e\u0301ste como el desarrollo de la capacidad autorreflexiva y toma de conciencia sobre su situacio\u0301n de vi\u0301ctima de la violencia de ge\u0301nero y las causas estructurales que la determinan.<\/p><\/div><\/div><\/div><\/div><\/div><\/div><\/div><\/div><\/div><\/div><\/div><\/div><\/div>\n\t\t\t\t<\/div>\n\t\t\t\t<\/div>\n\t\t\t\t\t\t<\/div>\n\t\t\t\t\t<\/div>\n\t\t<\/div>\n\t\t\t\t\t\t\t\t<\/div>\n\t\t\t\t\t<\/div>\n\t\t<\/section>\n\t\t\t\t<section class=\"elementor-section elementor-top-section elementor-element elementor-element-112ae5d elementor-section-boxed elementor-section-height-default elementor-section-height-default\" data-id=\"112ae5d\" data-element_type=\"section\">\n\t\t\t\t\t\t<div class=\"elementor-container elementor-column-gap-default\">\n\t\t\t\t\t\t\t<div class=\"elementor-row\">\n\t\t\t\t\t<div class=\"elementor-column elementor-col-100 elementor-top-column elementor-element elementor-element-7428ea2\" data-id=\"7428ea2\" data-element_type=\"column\">\n\t\t\t<div class=\"elementor-column-wrap elementor-element-populated\">\n\t\t\t\t\t\t\t<div class=\"elementor-widget-wrap\">\n\t\t\t\t\t\t<div class=\"elementor-element elementor-element-4f3b311 elementor-widget elementor-widget-heading\" data-id=\"4f3b311\" data-element_type=\"widget\" data-widget_type=\"heading.default\">\n\t\t\t\t<div class=\"elementor-widget-container\">\n\t\t\t<h2 class=\"elementor-heading-title elementor-size-default\">1.2 Base conceptual de la violencia de pareja contra la mujer<\/h2>\t\t<\/div>\n\t\t\t\t<\/div>\n\t\t\t\t\t\t<\/div>\n\t\t\t\t\t<\/div>\n\t\t<\/div>\n\t\t\t\t\t\t\t\t<\/div>\n\t\t\t\t\t<\/div>\n\t\t<\/section>\n\t\t\t\t<section class=\"elementor-section elementor-top-section elementor-element elementor-element-1dd1f7a elementor-section-boxed elementor-section-height-default elementor-section-height-default\" data-id=\"1dd1f7a\" data-element_type=\"section\">\n\t\t\t\t\t\t<div class=\"elementor-container elementor-column-gap-default\">\n\t\t\t\t\t\t\t<div class=\"elementor-row\">\n\t\t\t\t\t<div class=\"elementor-column elementor-col-100 elementor-top-column elementor-element elementor-element-bbca6aa\" data-id=\"bbca6aa\" data-element_type=\"column\">\n\t\t\t<div class=\"elementor-column-wrap elementor-element-populated\">\n\t\t\t\t\t\t\t<div class=\"elementor-widget-wrap\">\n\t\t\t\t\t\t<div class=\"elementor-element elementor-element-b9c74e4 elementor-widget elementor-widget-text-editor\" data-id=\"b9c74e4\" data-element_type=\"widget\" data-widget_type=\"text-editor.default\">\n\t\t\t\t<div class=\"elementor-widget-container\">\n\t\t\t\t\t<div class=\"elementor-text-editor elementor-clearfix\"><div class=\"page\" title=\"Page 14\"><div class=\"section\"><div class=\"layoutArea\"><div class=\"column\"><p>Por lo general cuando se pregunta cua\u0301les fueron las causas para que el esposo, concubino o novio ejerza violencia contra su pareja, se dice: estaba borracho, estaba enojado porque no encontro\u0301 trabajo, y peor au\u0301n, explican atribuye\u0301ndole la responsabilidad a la mujer: que ella no cocino\u0301, no limpio\u0301 la casa, lo engan\u0303o\u0301, es floja, entre otras.<\/p><p>Estas causas, no son las reales, podri\u0301an considerarse como detonantes o razones superficiales que ocultan la causa verdadera y de fondo, que esta\u0301n vinculadas a las relaciones inequitativas y de subordinacio\u0301n de la mujeres respecto a los hombres.<\/p><p>Para poder explicar las causas estructurales de la violencia contra la mujer dentro y fuera de la familia, es necesario contestarnos las siguientes preguntas \u00bfPor que\u0301 las mujeres en sus relaciones familiares y de pareja, son las principales vi\u0301ctimas de agresio\u0301n y los hombres los principales agresores? \u00bfQue\u0301 determina que la mujer se encuentre en una situacio\u0301n de subordinacio\u0301n y dependencia emocional respecto al hombre?<\/p><p>Para dar respuestas a estas preguntas, acudimos a dos a\u0301ngulos complementarios entre si\u0301: La sociologi\u0301a y la psicologi\u0301a.<\/p><p><b>La sociologi\u0301a<\/b><\/p><p>Concibe al ser humano como un producto de una construccio\u0301n social e histo\u0301rica, desde donde utiliza a la categori\u0301a ge\u0301nero como herramienta para dar cuenta dela desigualdad social producto de su relacio\u0301n asime\u0301trica con los hombres (Rossi, 2006, citada por Femeni\u0301as y Soza, 2009). Analiza el feno\u0301meno desde los <b>\u201croles\u201d<\/b> que las personas desempen\u0303amos en la sociedad. Histo\u0301ricamente,\u00a0<span style=\"font-size: 15px; color: var( --e-global-color-text );\">las mujeres han desempen\u0303ado un rol fundamentalmente dome\u0301stico y reproductivo por lo tanto privado.<\/span><\/p><div class=\"page\" title=\"Page 15\"><div class=\"section\"><div class=\"layoutArea\"><div class=\"column\"><p>La mujer ha sido la encargada de garantizar la reproduccio\u0301n de la especie, su capacidad de reproduccio\u0301n biolo\u0301gica, la ha convertido en responsable no so\u0301lo de criar a los hijos recie\u0301n nacidos que requieren ser alimentados con su propio cuerpo, sino de toda la prole, incluyendo la pareja. En cambio, el rol que el hombre ha jugado en la historia, ha sido fundamentalmente productivo y poli\u0301tico por lo tanto pu\u0301blico, atribuye\u0301ndose la tarea de proveer de los recursos materiales a la familia, jefaturiza\u0301ndola y asumiendo la representacio\u0301n del grupo social.<\/p><p>Pese a que en las u\u0301ltimas de\u0301cadas el rol de proveedor de recursos ha cambiado significativamente, ya que, segu\u0301n la encuesta nacional de discriminacio\u0301n y exclusio\u0301n social de la Coordinadora de la Mujer, et al, (2014), el 31% de mujeres son jefas de hogar. La asignacio\u0301n de roles \u201cprivados\u201d y \u201cpu\u0301blicos\u201d entre mujeres y hombres, responde a una <b>construccio\u0301n simbo\u0301lica<\/b> de lo que significa \u201cser mujer\u201d y \u201cser hombre\u201d, basados en primer lugar en la capacidad biolo\u0301gica reproductora de la mujer y en la potestad de los hombres de dar legitimidad a la capacidad reproductiva de las mujeres.<\/p><p>Los <b>atributos y estereotipos<\/b> asignados tanto a hombres, como a mujeres, son los encargados de hacernos desempen\u0303ar roles predeterminados por la estructura y organizacio\u0301n de la sociedad.<\/p><p>La escala o pira\u0301mide de valoracio\u0301n de los roles en una sociedad patriarcal esta\u0301n directamente relacionados con el ejercicio del poder, sea en el a\u0301mbito privado o pu\u0301blico, otorga\u0301ndole primaci\u0301a y prestigio al rol pu\u0301blico masculino. El grado de participacio\u0301n de la mujer en niveles de poder econo\u0301mico y poli\u0301tico es muy bajo, el mayor porcentaje de participacio\u0301n esta\u0301 situado en roles dome\u0301sticos o profesiones que esta\u0301n relacionadas con el mismo (maestras, enfermeras, secretarias, etc.), por ello la valoracio\u0301n que se tiene de la mujer esta\u0301 en directa proporcio\u0301n al rol que desempen\u0303a y su posicio\u0301n dentro de la sociedad es de subordinacio\u0301n.<\/p><p>Esta construccio\u0301n social de asignar menor valoracio\u0301n a la mujer, provoca mayor vulnerabilidad de sus derechos ciudadanos, mayor predisposicio\u0301n a ser vi\u0301ctima de opresio\u0301n, violencia y marginalidad.<\/p><p>Modificar o democratizar los \u201croles\u201d de hombres y mujeres dentro de la sociedad, es una de las estrategias de los movimientos feministas y de mujeres, para disminuir las brechas de desigualdad de ge\u0301nero existentes.<\/p><p><b>La psicologi\u0301a<\/b><\/p><p>Desde la psicologi\u0301a los estudios que han adquirido relevancia hasta la actualidad, son los que han comprendido el problema de la violencia contra la mujer desde un marco teo\u0301rico multifactorial, reconociendo el aporte de los estudios de ge\u0301nero y feministas. Tal es el caso de los estudios pioneros de Lenore E. A. Walker con su teori\u0301a del Ciclo de la Violencia, 1979, una teori\u0301a de reduccio\u0301n de tensio\u0301n, que afirma la existencia de tres fases relacionadas con el ciclo y la escalada de violencia (2012) permitiendo comprender la dina\u0301mica sistema\u0301tica, progresiva y ci\u0301clica de la misma. En los u\u0301ltimos an\u0303os, numerosos estudios han sido desarrollados en habla hispana por el equipo de psico\u0301logos\/as, Echeburu\u0301a, Paz de Corral, etc. de la Facultad de Psicologi\u0301a de la Universidad del Pai\u0301s Vasco, varios de los cuales sera\u0301n citados a lo largo de este documento.<\/p><p>En la actualidad, se rechazan los estudios psicolo\u0301gicos que habi\u0301an incurrido en sesgos y estereotipos, considerando al hombre agresor como \u201cenfermo mental\u201d o al maltrato como consecuencia de la \u201cpsicopatologi\u0301a o masoquismo de la mujer\u201d (Ferrer y Boch, 2005). En respuesta a estas aberraciones, se ha descartado el supuesto de existencia de un perfil psicolo\u0301gico de mujeres maltratadas o de hombres agresores que presentan trastornos mentales, rasgos de personalidad acentuados, consumo de alcohol o drogas como causantes del comportamiento violento.<\/p><div class=\"page\" title=\"Page 16\"><div class=\"section\"><div class=\"layoutArea\"><div class=\"column\"><p>En correspondencia con la postura feminista, se sabe que cualquier mujer puede ser maltratada so\u0301lo por el hecho de ser mujer en una sociedad patriarcal que, con una lo\u0301gica de dominacio\u0301n masculina, inferioriza a las mujeres y las mantiene en sumisio\u0301n y sujecio\u0301n a trave\u0301s un contrato simbo\u0301lico en el lenguaje, la socializacio\u0301n, un sistema de creencias donde se mantienen y refuerzan distorsiones cognitivas sobre los roles de ge\u0301nero, afectando a la adaptabilidad de la mujer, poniendo en riesgo su estabilidad psicolo\u0301gica, relacional y su propia vida.<\/p><p>En la de\u0301cada de los 80s y 90s, la psicologi\u0301a aporta un nuevo enfoque de ana\u0301lisis sobre las desiguales e inequitativas relaciones entre hombres y mujeres, basado en estudios dirigidos a la construccio\u0301n de <i>las identidades femenina y masculina<\/i>. A la pregunta de \u00bfquie\u0301n soy yo? sigue la respuesta \u201csoy hombre o soy mujer\u201d, esa respuesta adema\u0301s de basarse en la genitalidad de quien responde, se basa en la imagen simbo\u0301lica de lo que significa \u201cser hombre o ser mujer\u201d. La identidad masculina o femenina tambie\u0301n se construye con el conjunto de valores, estereotipos y atributos que tienen una base cultural e histo\u0301rica. La <i>identidad femenina<\/i>, tiene como mandato o consigna el \u201c<i>ser de y para otros<\/i>\u201d, es decir la \u201cprivacio\u0301n de si\u0301\u201d, se constituyen como seres en dependencia; que necesitan depender de otros, que necesitan darse a los otros, en relacio\u0301n de servicio, de olvido de si\u0301 mismas; de lo contrario surge en ellas un sentimiento de incompletitud y vaci\u0301o. En cambio, el mandato masculino es ma\u0301s bien de \u201c<i>ser para si\u0301 mismos<\/i>\u201d, como seres libres que no dependen de nadie, lo cual les da mayor espacio de movimiento e independencia. La relacio\u0301n entre seres de y para otros (dependientes, madres, dome\u0301sticas) y seres para si\u0301 mismos (libres, auto\u0301nomos, jefes de familia, representantes pu\u0301blicos) construye una relacio\u0301n asime\u0301trica, donde unos son seres importantes y otros no; establecie\u0301ndose una relacio\u0301n de ejercicio del poder material y emocional del ge\u0301nero masculino sobre el femenino.<\/p><p>Por su parte, la psicologi\u0301a forense realizo\u0301 estudios sobre la evaluacio\u0301n de riesgo de violencia, que es un procedimiento te\u0301cnico que permite estimar la probabilidad de aparicio\u0301n a futuro de una conducta violenta asumiendo condiciones determinadas centrada en la manifestacio\u0301n conductual violenta del agresor, desde la experiencia de la vi\u0301ctima (Loinaz, 2017). Se han validado estadi\u0301sticamente varios instrumentos de evaluacio\u0301n, como: Lista de Control de Evaluacio\u0301n de Riesgo de Agresio\u0301n Conyugal (SARA) de Pueyo, A y Lo\u0301pez, S. (2005); Escala de Evaluacio\u0301n de Peligro (DA) de Campbell (2009) enfocado a medir el riesgo de feminicidio. El Formulario de evaluacio\u0301n de riesgo de asalto conyugal (B-SAFER) de Kropp, Hart y Belfrage (2005); Evaluacio\u0301n de riesgo de peligro de asalto dome\u0301stico de Ontario (ODARA) de Hilton et al., (2004), EPV-R Echeburu\u0301a et al. (2010) y RVD-B de A\u0301lvarez et al., (2011). Esos esfuerzos, han sido determinantes al momento de establecer la presencia de factores de riesgo y la necesidad de proteccio\u0301n y establecimiento de planes de seguridad para las mujeres en situacio\u0301n de violencia.<\/p><\/div><\/div><\/div><\/div><\/div><\/div><\/div><\/div><\/div><\/div><\/div><\/div><\/div>\n\t\t\t\t<\/div>\n\t\t\t\t<\/div>\n\t\t\t\t\t\t<\/div>\n\t\t\t\t\t<\/div>\n\t\t<\/div>\n\t\t\t\t\t\t\t\t<\/div>\n\t\t\t\t\t<\/div>\n\t\t<\/section>\n\t\t\t\t<section class=\"elementor-section elementor-top-section elementor-element elementor-element-102689d elementor-section-boxed elementor-section-height-default elementor-section-height-default\" data-id=\"102689d\" data-element_type=\"section\">\n\t\t\t\t\t\t<div class=\"elementor-container elementor-column-gap-default\">\n\t\t\t\t\t\t\t<div class=\"elementor-row\">\n\t\t\t\t\t<div class=\"elementor-column elementor-col-100 elementor-top-column elementor-element elementor-element-4603787\" data-id=\"4603787\" data-element_type=\"column\">\n\t\t\t<div class=\"elementor-column-wrap elementor-element-populated\">\n\t\t\t\t\t\t\t<div class=\"elementor-widget-wrap\">\n\t\t\t\t\t\t<div class=\"elementor-element elementor-element-99bfcdb elementor-widget elementor-widget-heading\" data-id=\"99bfcdb\" data-element_type=\"widget\" data-widget_type=\"heading.default\">\n\t\t\t\t<div class=\"elementor-widget-container\">\n\t\t\t<h2 class=\"elementor-heading-title elementor-size-default\">1.3 Caracter\u00edsticas de la violencia contra la mujer<\/h2>\t\t<\/div>\n\t\t\t\t<\/div>\n\t\t\t\t\t\t<\/div>\n\t\t\t\t\t<\/div>\n\t\t<\/div>\n\t\t\t\t\t\t\t\t<\/div>\n\t\t\t\t\t<\/div>\n\t\t<\/section>\n\t\t\t\t<section class=\"elementor-section elementor-top-section elementor-element elementor-element-e1cb81f elementor-section-boxed elementor-section-height-default elementor-section-height-default\" data-id=\"e1cb81f\" data-element_type=\"section\">\n\t\t\t\t\t\t<div class=\"elementor-container elementor-column-gap-default\">\n\t\t\t\t\t\t\t<div class=\"elementor-row\">\n\t\t\t\t\t<div class=\"elementor-column elementor-col-100 elementor-top-column elementor-element elementor-element-bc7f9f7\" data-id=\"bc7f9f7\" data-element_type=\"column\">\n\t\t\t<div class=\"elementor-column-wrap elementor-element-populated\">\n\t\t\t\t\t\t\t<div class=\"elementor-widget-wrap\">\n\t\t\t\t\t\t<div class=\"elementor-element elementor-element-d499440 elementor-widget elementor-widget-text-editor\" data-id=\"d499440\" data-element_type=\"widget\" data-widget_type=\"text-editor.default\">\n\t\t\t\t<div class=\"elementor-widget-container\">\n\t\t\t\t\t<div class=\"elementor-text-editor elementor-clearfix\"><div class=\"page\" title=\"Page 16\"><div class=\"section\"><div class=\"layoutArea\"><div class=\"column\"><p>Se identifican dos a\u0301mbitos de violencia contra la mujer:<\/p><\/div><\/div><div class=\"layoutArea\"><div class=\"column\"><ul><li><span style=\"font-size: 15px; color: var( --e-global-color-text );\"><b>Dentro de la familia:<\/b> La violencia en la familia es toda agresio\u0301n fi\u0301sica, psicolo\u0301gica o sexual cometida hacia la mujer por el co\u0301nyuge o exco\u0301nyuge, conviviente, exconviviente, o su familia, ascendientes, descendientes, hermanas, hermanos, parientes civiles o afines en li\u0301nea directa o colateral, tutores o encargados de la custodia o cuidado<a class=\"tooltips\" title=\"Ley No 348, Art. 7, numeral 15. (2013) Ley Integral para Garantizar a las Mujeres una Vida Libre de Violencia.\"><sup>4<\/sup><\/a>.<\/span><\/li><\/ul><div class=\"page\" title=\"Page 17\"><div class=\"section\"><div class=\"layoutArea\"><div class=\"column\"><ul><li><strong>Fuera de la familia:<\/strong> Es aquella agresio\u0301n producida por personas no familiares dentro contextos laborales, educativos, de vecindad u otros de interaccio\u0301n social.<\/li><\/ul><p><span style=\"font-size: 15px; color: var( --e-global-color-text );\">En las u\u0301ltimas dos de\u0301cadas, al impulso del movimiento feminista y de mujeres en Bolivia se ha\u00a0<\/span>modificado la normativa del Derecho Penal, Familiar, Laboral y de leyes especi\u0301ficas, acompan\u0303adas por poli\u0301ticas pu\u0301blicas, dirigidas a identificar y sancionar la violencia contra la mujer. Adema\u0301s, algunos operadores de justicia toman en cuenta la normativa internacional como instrumentos para la aplicacio\u0301n de justicia.<\/p><p>Entre las leyes especi\u0301ficas tenemos: Ley No 1674, denominada Ley contra la Violencia en la Familia o Dome\u0301stica, derogada y sustituida con la promulgacio\u0301n de la Ley No 348, para Garantizar a las Mujeres una Vida Libre de Violencia.<\/p><p>El cambio sustancial entre una y otra es que en la Ley No 348 la violencia contra la mujer es considerada un delito, a diferencia con la Ley No 1674 que se encontraba en el a\u0301mbito familiar.<\/p><p>La Ley No 348 si bien tiene como sujeto protegido a toda persona vi\u0301ctima de violencia, de manera inequi\u0301voca dispone en el Art. 50, que los SLIM son servicios para la atencio\u0301n exclusiva de mujeres. Un hombre vi\u0301ctima de violencia puede presentar su denuncia ante el Ministerio Pu\u0301blico o FELCV, no podra\u0301 ser patrocinado por el SLIM.<\/p><\/div><\/div><\/div><\/div><\/div><\/div><\/div><\/div><\/div>\n\t\t\t\t<\/div>\n\t\t\t\t<\/div>\n\t\t\t\t\t\t<\/div>\n\t\t\t\t\t<\/div>\n\t\t<\/div>\n\t\t\t\t\t\t\t\t<\/div>\n\t\t\t\t\t<\/div>\n\t\t<\/section>\n\t\t\t\t<section class=\"elementor-section elementor-top-section elementor-element elementor-element-79a3311 elementor-section-boxed elementor-section-height-default elementor-section-height-default\" data-id=\"79a3311\" data-element_type=\"section\">\n\t\t\t\t\t\t<div class=\"elementor-container elementor-column-gap-default\">\n\t\t\t\t\t\t\t<div class=\"elementor-row\">\n\t\t\t\t\t<div class=\"elementor-column elementor-col-100 elementor-top-column elementor-element elementor-element-9b1c965\" data-id=\"9b1c965\" data-element_type=\"column\">\n\t\t\t<div class=\"elementor-column-wrap elementor-element-populated\">\n\t\t\t\t\t\t\t<div class=\"elementor-widget-wrap\">\n\t\t\t\t\t\t<div class=\"elementor-element elementor-element-89510fd elementor-widget elementor-widget-heading\" data-id=\"89510fd\" data-element_type=\"widget\" data-widget_type=\"heading.default\">\n\t\t\t\t<div class=\"elementor-widget-container\">\n\t\t\t<h3 class=\"elementor-heading-title elementor-size-default\">1.3.1 Tipos de violencia contra la mujer<\/h3>\t\t<\/div>\n\t\t\t\t<\/div>\n\t\t\t\t\t\t<\/div>\n\t\t\t\t\t<\/div>\n\t\t<\/div>\n\t\t\t\t\t\t\t\t<\/div>\n\t\t\t\t\t<\/div>\n\t\t<\/section>\n\t\t\t\t<section class=\"elementor-section elementor-top-section elementor-element elementor-element-1d83f2b elementor-section-boxed elementor-section-height-default elementor-section-height-default\" data-id=\"1d83f2b\" data-element_type=\"section\">\n\t\t\t\t\t\t<div class=\"elementor-container elementor-column-gap-default\">\n\t\t\t\t\t\t\t<div class=\"elementor-row\">\n\t\t\t\t\t<div class=\"elementor-column elementor-col-100 elementor-top-column elementor-element elementor-element-c75cda1\" data-id=\"c75cda1\" data-element_type=\"column\">\n\t\t\t<div class=\"elementor-column-wrap elementor-element-populated\">\n\t\t\t\t\t\t\t<div class=\"elementor-widget-wrap\">\n\t\t\t\t\t\t<div class=\"elementor-element elementor-element-0c67ac4 elementor-widget elementor-widget-text-editor\" data-id=\"0c67ac4\" data-element_type=\"widget\" data-widget_type=\"text-editor.default\">\n\t\t\t\t<div class=\"elementor-widget-container\">\n\t\t\t\t\t<div class=\"elementor-text-editor elementor-clearfix\"><div class=\"page\" title=\"Page 17\"><div class=\"section\"><div class=\"layoutArea\"><div class=\"column\"><p>Segu\u0301n la Ley No 348, los tipos de violencia son:<a class=\"tooltips\" title=\"Ley No 348, Art. 7 numeral 1 al 17. (2013) Ley Integral para Garantizar a las Mujeres una Vida Libre de Violencia.\"><sup>5<\/sup><\/a><\/p><ul><li><b style=\"font-style: inherit; color: var( --e-global-color-text );\">Violencia fi\u0301sica.<\/b><span style=\"font-size: 15px; color: var( --e-global-color-text );\"> Es toda accio\u0301n que ocasiona lesiones y\/o dan\u0303o corporal, interno, externo o ambos, temporal o permanente, que se manifiesta de forma inmediata o en el largo plazo, empleando o no fuerza fi\u0301sica, armas o cualquier otro medio.<\/span><\/li><li><b style=\"font-style: inherit; color: var( --e-global-color-text );\">Violencia feminicidio.<\/b><span style=\"font-size: 15px; color: var( --e-global-color-text );\"> Es la accio\u0301n de extrema violencia que viola el derecho fundamental a la vida y causa la muerte de la mujer por el hecho de serlo.<\/span><\/li><li><b style=\"font-style: inherit; color: var( --e-global-color-text );\">Violencia psicolo\u0301gica.<\/b><span style=\"font-size: 15px; color: var( --e-global-color-text );\"> Es el conjunto de acciones sistema\u0301ticas de desvalorizacio\u0301n, intimidacio\u0301n y control del comportamiento y decisiones de las mujeres, que tienen como consecuencia la disminucio\u0301n de su autoestima, depresio\u0301n, inestabilidad psicolo\u0301gica, desorientacio\u0301n e incluso el suicidio.<\/span><\/li><li><b style=\"font-style: inherit;\">Violencia media\u0301tica.<\/b><span style=\"font-size: 16px;\"> Es aquella producida por los medios masivos de comunicacio\u0301n a trave\u0301s de publicaciones, difusio\u0301n de mensajes e ima\u0301genes estereotipadas que promueven la sumisio\u0301n y\/o explotacio\u0301n de mujeres, que la injurian, difaman, discriminan, deshonran, humillan o que atentan contra su dignidad, su nombre y su imagen.<\/span><\/li><li><b>Violencia simbo\u0301lica y\/o encubierta.<\/b> Son los mensajes, valores, si\u0301mbolos, i\u0301conos, signos e imposiciones sociales, econo\u0301micas, poli\u0301ticas, culturales y de creencias religiosas que transmiten, reproducen y consolidan relaciones de dominacio\u0301n, exclusio\u0301n, desigualdad y discriminacio\u0301n, naturalizando la subordinacio\u0301n de las mujeres.<\/li><li><b>Violencia contra la dignidad, la honra y el nombre.<\/b> Es toda expresio\u0301n verbal o escrita de ofensa, insulto, difamacio\u0301n, calumnia, amenaza u otras, tendenciosa o pu\u0301blica, que desacredita, descalifica, desvaloriza, degrada o afecta el nombre, la dignidad, la honra y la reputacio\u0301n de la mujer.<\/li><li><b>Violencia sexual.<\/b> Es toda conducta que ponga en riesgo la autodeterminacio\u0301n sexual, tanto en el acto sexual como en toda forma de contacto o acceso carnal, genital o no genital, que amenace, vulnere o restrinja el derecho al ejercicio a una vida sexual libre segura, efectiva y plena, con autonomi\u0301a y libertad sexual de la mujer.<\/li><li><span style=\"font-size: 15px; color: var( --e-global-color-text );\"><b>Violencia contra los derechos reproductivos.<\/b> Es la accio\u0301n u omisio\u0301n que impide, limita o vulnera el derecho de las mujeres a la informacio\u0301n, orientacio\u0301n, atencio\u0301n Integral y tratamiento durante el embarazo o pe\u0301rdida, parto, puerperio y lactancia; a decidir libre y responsablemente el nu\u0301mero y espaciamiento de hijas e hijos; a ejercer su maternidad segura y a elegir me\u0301todos anticonceptivos seguros.<\/span><\/li><li><span style=\"font-size: 15px; color: var( --e-global-color-text );\"><b>Violencia en servicios de salud.<\/b> Es toda accio\u0301n discriminadora, humillante y deshumanizada y que omite, niega o restringe el acceso a la atencio\u0301n eficaz e inmediata y a la informacio\u0301n oportuna por parte del personal de salud, poniendo en riesgo la vida y la salud de las mujeres.<\/span><\/li><li><span style=\"font-size: 15px; color: var( --e-global-color-text );\"><b>Violencia patrimonial y econo\u0301mica.<\/b> Es toda accio\u0301n u omisio\u0301n que al afectar los bienes propios y\/o gananciales de la mujer, ocasiona dan\u0303o o menoscabo de su patrimonio, valores o recursos; controla o limita sus ingresos econo\u0301micos y la disposicio\u0301n de los mismos, o la priva de los medios indispensables para vivir.<\/span><\/li><li><span style=\"font-size: 15px; color: var( --e-global-color-text );\"><b>Violencia laboral.<\/b> Es toda accio\u0301n que se produce en cualquier a\u0301mbito de trabajo por parte de cualquier persona de superior, igual o inferior jerarqui\u0301a que discrimina, humilla, amenaza o intimida a las mujeres; que obstaculiza o supedita su acceso al empleo, permanencia o ascenso y que vulnera el ejercicio de sus derechos.<\/span><\/li><li><span style=\"font-size: 15px; color: var( --e-global-color-text );\"><b>Violencia en el sistema educativo plurinacionales.<\/b> Es todo acto de agresio\u0301n fi\u0301sica, psicolo\u0301gica o sexual cometido contra las mujeres en el sistema educativo regular, alternativo, especial y superior.<\/span><\/li><li><span style=\"font-size: 15px; color: var( --e-global-color-text );\"><b>Violencia en el ejercicio poli\u0301tico y de liderazgo de la mujer.<\/b> Se entiende por acoso y violencia poli\u0301tica a los actos de presio\u0301n, persecucio\u0301n, hostigamiento, amenaza, agresiones fi\u0301sicas, psicolo\u0301gicas y sexuales en contra de mujeres candidatas, electas, designadas o en el ejercicio de la funcio\u0301n poli\u0301tica pu\u0301blica o en contra de su familia, para acortar, suspender, impedir el ejercicio de su cargo.<a class=\"tooltips\" title=\"Ley No 243 Art. 7 (2012). Contra el Acoso y Violencia Pol\u00edtica hacia las Mujeres.\"><sup>6<\/sup><\/a><\/span><\/li><li><span style=\"font-size: 15px; color: var( --e-global-color-text );\"><strong>Violencia institucional.<\/strong> Es toda accio\u0301n u omisio\u0301n de servidoras o servidores pu\u0301blicos o de personal de instituciones privadas, que implique una accio\u0301n discriminatoria, prejuiciosa, humillante y deshumanizada que retarde, obstaculice, menoscabe o niegue a las mujeres el acceso y atencio\u0301n al servicio requerido.<\/span><\/li><li><span style=\"font-size: 15px; color: var( --e-global-color-text );\"><strong>Violencia en la familia.<\/strong> Es toda agresio\u0301n fi\u0301sica, psicolo\u0301gica o sexual cometida hacia la mujer por el co\u0301nyuge o exco\u0301nyuge, conviviente o exconviviente, o su familia, ascendientes, descendientes, hermanas, hermanos, parientes civiles o afines en li\u0301nea directa y colateral, tutores o encargados de la custodia o cuidado.<\/span><\/li><li><span style=\"font-size: 15px; color: var( --e-global-color-text );\"><strong>Violencia contra los derechos y la libertad sexual.<\/strong> Es toda accio\u0301n u omisio\u0301n, que impida o restrinja el ejercicio de los derechos de las mujeres a disfrutar de una vida sexual libre, segura, afectiva y plena o que vulnere su libertad de eleccio\u0301n sexual.<\/span><\/li><li><span style=\"font-size: 15px; color: var( --e-global-color-text );\">Cualquier otra forma de violencia que dan\u0303e la dignidad, integridad, libertad o que viole los derechos de las mujeres.<\/span><\/li><\/ul><p><span style=\"font-size: 16px;\">Es importante resaltar que se presentan nuevas formas de violencia a trav\u00e9s dentro de las nuevas tecnolog\u00edas de informaci\u00f3n y ma\u0301s espec\u00edficamente en las plataformas de las redes sociales, que, si bien en Bolivia no esta\u0301n tipificadas de manera especi\u0301fica en la normativa penal, si\u0301 es posible demandar en el marco de otros tipos penales:<\/span><\/p><div class=\"section\"><div class=\"layoutArea\"><div class=\"column\"><div class=\"page\" title=\"Page 18\"><div class=\"section\"><div class=\"layoutArea\"><div class=\"column\"><ul><li><b>Usurpacio\u0301n de perfiles y violaciones de privacidad.<\/b> Uso o acceso a cuentas sin el consentimiento de la persona.<\/li><li><span style=\"font-size: 15px; color: var( --e-global-color-text );\"><b>Ciberacoso.<\/b> Es una forma de violencia en la red, que busca ejercer el poder contra la vi\u0301ctima, impidiendo que disfrute de Internet con libertad y autonomi\u0301a.<\/span><\/li><li><span style=\"font-size: 15px; color: var( --e-global-color-text );\"><b>Sextorsio\u0301n.<\/b> Es el chantajee para obtener otras ima\u0301genes de contenido sexual, ma\u0301s expli\u0301citas y se hace a trave\u0301s del sexting que es el envi\u0301o de ima\u0301genes o vi\u0301deos de cara\u0301cter i\u0301ntimo que la mujer toma de si\u0301 misma.<\/span><\/li><li><span style=\"font-size: 15px; color: var( --e-global-color-text );\"><b>Grooming o ciberengan\u0303o pederasta<\/b>. Es una pra\u0301ctica realizada por personas adultas que contactan con nin\u0303as\/os o adolescentes y van ganando su confianza para obtener satisfaccio\u0301n sexual mediante una relacio\u0301n virtual.<\/span><\/li><\/ul><\/div><\/div><\/div><\/div><\/div><\/div><\/div><\/div><\/div><\/div><\/div><\/div>\n\t\t\t\t<\/div>\n\t\t\t\t<\/div>\n\t\t\t\t\t\t<\/div>\n\t\t\t\t\t<\/div>\n\t\t<\/div>\n\t\t\t\t\t\t\t\t<\/div>\n\t\t\t\t\t<\/div>\n\t\t<\/section>\n\t\t\t\t<section class=\"elementor-section elementor-top-section elementor-element elementor-element-debf6ab elementor-section-boxed elementor-section-height-default elementor-section-height-default\" data-id=\"debf6ab\" data-element_type=\"section\">\n\t\t\t\t\t\t<div class=\"elementor-container elementor-column-gap-default\">\n\t\t\t\t\t\t\t<div class=\"elementor-row\">\n\t\t\t\t\t<div class=\"elementor-column elementor-col-100 elementor-top-column elementor-element elementor-element-5ee6d38\" data-id=\"5ee6d38\" data-element_type=\"column\">\n\t\t\t<div class=\"elementor-column-wrap elementor-element-populated\">\n\t\t\t\t\t\t\t<div class=\"elementor-widget-wrap\">\n\t\t\t\t\t\t<div class=\"elementor-element elementor-element-c2c69b2 elementor-widget elementor-widget-heading\" data-id=\"c2c69b2\" data-element_type=\"widget\" data-widget_type=\"heading.default\">\n\t\t\t\t<div class=\"elementor-widget-container\">\n\t\t\t<h3 class=\"elementor-heading-title elementor-size-default\">1.3.2 Mantenci\u00f3n de la violencia de pareja<\/h3>\t\t<\/div>\n\t\t\t\t<\/div>\n\t\t\t\t\t\t<\/div>\n\t\t\t\t\t<\/div>\n\t\t<\/div>\n\t\t\t\t\t\t\t\t<\/div>\n\t\t\t\t\t<\/div>\n\t\t<\/section>\n\t\t\t\t<section class=\"elementor-section elementor-top-section elementor-element elementor-element-2eb6d29 elementor-section-boxed elementor-section-height-default elementor-section-height-default\" data-id=\"2eb6d29\" data-element_type=\"section\">\n\t\t\t\t\t\t<div class=\"elementor-container elementor-column-gap-default\">\n\t\t\t\t\t\t\t<div class=\"elementor-row\">\n\t\t\t\t\t<div class=\"elementor-column elementor-col-100 elementor-top-column elementor-element elementor-element-0ee04d9\" data-id=\"0ee04d9\" data-element_type=\"column\">\n\t\t\t<div class=\"elementor-column-wrap elementor-element-populated\">\n\t\t\t\t\t\t\t<div class=\"elementor-widget-wrap\">\n\t\t\t\t\t\t<div class=\"elementor-element elementor-element-344b199 elementor-widget elementor-widget-heading\" data-id=\"344b199\" data-element_type=\"widget\" data-widget_type=\"heading.default\">\n\t\t\t\t<div class=\"elementor-widget-container\">\n\t\t\t<h4 class=\"elementor-heading-title elementor-size-default\">1.3.2.1 El ciclo y escalada de la violencia contra la mujer en su relaci\u00f3n de pareja<\/h4>\t\t<\/div>\n\t\t\t\t<\/div>\n\t\t\t\t\t\t<\/div>\n\t\t\t\t\t<\/div>\n\t\t<\/div>\n\t\t\t\t\t\t\t\t<\/div>\n\t\t\t\t\t<\/div>\n\t\t<\/section>\n\t\t\t\t<section class=\"elementor-section elementor-top-section elementor-element elementor-element-7113fc5 elementor-section-boxed elementor-section-height-default elementor-section-height-default\" data-id=\"7113fc5\" data-element_type=\"section\">\n\t\t\t\t\t\t<div class=\"elementor-container elementor-column-gap-default\">\n\t\t\t\t\t\t\t<div class=\"elementor-row\">\n\t\t\t\t\t<div class=\"elementor-column elementor-col-100 elementor-top-column elementor-element elementor-element-50ea262\" data-id=\"50ea262\" data-element_type=\"column\">\n\t\t\t<div class=\"elementor-column-wrap elementor-element-populated\">\n\t\t\t\t\t\t\t<div class=\"elementor-widget-wrap\">\n\t\t\t\t\t\t<div class=\"elementor-element elementor-element-0eacd62 elementor-widget elementor-widget-text-editor\" data-id=\"0eacd62\" data-element_type=\"widget\" data-widget_type=\"text-editor.default\">\n\t\t\t\t<div class=\"elementor-widget-container\">\n\t\t\t\t\t<div class=\"elementor-text-editor elementor-clearfix\"><div class=\"page\" title=\"Page 19\"><div class=\"section\"><div class=\"layoutArea\"><div class=\"column\"><div class=\"page\" title=\"Page 19\"><div class=\"section\"><div class=\"layoutArea\"><div class=\"column\"><p>Walker, 1979 (2012) desarrollo\u0301 la \u201cTeori\u0301a del ciclo de la violencia\u201d, la cual describe las fases del maltrato en la pareja. E\u0301sta adquiere como forma de funcionamiento o dina\u0301mica un proceso ci\u0301clico, reiterado, dentro del cual se reconocen tres fases que pueden variar en tiempo e intensidad:<\/p><p style=\"padding-left: 40px;\">1) Fase de acumulacio\u0301n de tensio\u0301n, se caracteriza por la acumulacio\u0301n gradual de tensio\u0301n en el agresor, que se manifiesta en actos que aumentan la friccio\u0301n y los conflictos en la pareja. El hombre expresa su hostilidad, pero no en una forma explosiva, la puede expresar con agresiones de tipo psicolo\u0301gico o incidentes de tipo fi\u0301sico como empujones o bofetadas.<\/p><p style=\"padding-left: 40px;\">En esta fase la mujer percibe que puede retrasar o evitar las agresiones, si acepta lo que exige su maltratador, se muestra sumisa o ignora las agresiones o por el contrario, puede acelerarlos si rechaza sus exigencias o se enfrenta a su maltratador. La conducta de aceptacio\u0301n pasiva de la vi\u0301ctima hace que su maltratador refuerce la idea de control que tiene sobre ella. Es frecuente que la vi\u0301ctima atribuya los malos tratos a factores externos y transitorios (ej. problemas en su trabajo) para evitar asumir la gravedad del asunto (Alonso, 2007).<\/p><div class=\"page\" title=\"Page 19\"><div class=\"section\"><div class=\"layoutArea\"><div class=\"column\"><p style=\"padding-left: 40px;\">2) Fase de explosio\u0301n, estallido de la tensio\u0301n que se expresa en la violencia fi\u0301sica, psicolo\u0301gica, econo\u0301mica, sexual o emocional como forma de descargar la tensio\u0301n acumulada. En esta fase es cuando la mujer suele denunciar los malos tratos, es decir que decide contar lo que le esta\u0301 pasando. Al finalizar esta etapa, puede seguir un estado inicial de shock, negacio\u0301n e incredulidad en la mujer respecto a lo sucedido.<\/p><p style=\"padding-left: 40px;\">3) Fase de arrepentimiento o reconciliacio\u0301n, etapa temporal caracterizada por la aparente calma o relativa tranquilidad, el maltratador muestra conductas reparadoras: se arrepiente, pide perdo\u0301n, hace promesas de cambio o bien hace regalos, hace un esfuerzo para mantener la relacio\u0301n. Justifica la violencia aludiendo a factores externos como el alcohol, los problemas econo\u0301micos, del trabajo, etc., o culpabiliza a la mujer. Esto provoca en ella, la esperanza de que su pareja va a cambiar. Las conductas de arrepentimiento que muestra el maltratador, hacen que la mujer crea en el posible cambio de su conducta, atribuyendo la violencia a factores externos y no a su agresor, manteniendo sus expectativas vitales, proyectos e ilusiones (Lorente, 2001, citado por Alonso, 2007).<\/p><p style=\"padding-left: 40px;\">De esta forma, la violencia repetida e intermitente se asocia a un refuerzo inmediato (expresio\u0301n en el agresor de arrepentimiento y ternura) y a un potencial refuerzo demorado (posibilidad de un cambio en su comportamiento) contribuyendo al mantenimiento de la vi\u0301ctima en\u00a0<span style=\"font-size: 16px;\">la situacio\u0301n de maltrato. A medida que aumenta la frecuencia y severidad de los incidentes agresivos, la fase de acumulacio\u0301n de tensio\u0301n se hace ma\u0301s breve, la de explosio\u0301n ma\u0301s larga e intensa y la de reconciliacio\u0301n menos frecuente, llegando incluso a desaparecer (Nogueiras, 2004, citado por Alonso, 2007).<\/span><\/p><div class=\"page\" title=\"Page 20\"><div class=\"section\"><div class=\"layoutArea\"><div class=\"column\"><p>En la mayori\u0301a de los casos, la mujer no se da cuenta de este ciclo de violencia, y reacciona con \u201cindefensio\u0301n y sumisio\u0301n\u201d estas conductas de indefensio\u0301n y sumisio\u0301n refuerzan el comportamiento agresivo del hombre quien percibe que su conducta tiene el resultado que busca, la sumisio\u0301n de su vi\u0301ctima y por tanto la mantencio\u0301n de la violencia. Asi\u0301 el patro\u0301n de comportamiento \u201cagresio\u0301n-indefensio\u0301n-sumisio\u0301n se alimenta progresivamente hasta formar el espiral de violencia, lo cual se denomina como la escalada de la violencia, donde los episodios de agresio\u0301n son ma\u0301s frecuentes y ma\u0301s peligrosos\u201d (Walker, 1989, citado por Alonso, 2007, p. 14).<\/p><p>Separarse del agresor es un proceso que incluye peri\u0301odos de negacio\u0301n, culpa y sufrimiento. Es frecuente que las vi\u0301ctimas se separen y regresen varias veces antes de tomar la decisio\u0301n de concluir definitivamente con la relacio\u0301n. Esta decisio\u0301n ocurre, por lo general, cuando la violencia llega a ser lo suficientemente grave como para que exista el convencimiento que su pareja no va a cambiar, cuando la situacio\u0301n comienza a afectar notablemente a las\/los hijos\/as o cuando las mujeres cuentan con el apoyo emocional de la familia y\/o las\/los amigas\/os (OMS, 2002).<\/p><div class=\"page\" title=\"Page 20\"><div class=\"section\"><div class=\"layoutArea\"><div class=\"column\"><p>El siguiente gra\u0301fico describe el ciclo de la violencia<a class=\"tooltips\" title=\"Walker, L. (2012). El s\u00edndrome de la Mujer Maltratada. Espa\u00f1a. Ed. Descle\u00e9 de Brouwer.\"><sup>7<\/sup><\/a>:<\/p><p><img loading=\"lazy\" decoding=\"async\" class=\"alignnone size-full wp-image-4496 aligncenter\" src=\"http:\/\/alvi.centrojuanaazurduy.org\/wp-content\/uploads\/2021\/06\/01.png\" alt=\"\" width=\"2592\" height=\"1834\" \/><\/p><\/div><\/div><\/div><\/div><\/div><\/div><\/div><\/div><\/div><\/div><\/div><\/div><\/div><\/div><\/div><\/div><\/div><\/div><\/div><\/div><\/div>\n\t\t\t\t<\/div>\n\t\t\t\t<\/div>\n\t\t\t\t\t\t<\/div>\n\t\t\t\t\t<\/div>\n\t\t<\/div>\n\t\t\t\t\t\t\t\t<\/div>\n\t\t\t\t\t<\/div>\n\t\t<\/section>\n\t\t\t\t<section class=\"elementor-section elementor-top-section elementor-element elementor-element-b7059d2 elementor-section-boxed elementor-section-height-default elementor-section-height-default\" data-id=\"b7059d2\" data-element_type=\"section\">\n\t\t\t\t\t\t<div class=\"elementor-container elementor-column-gap-default\">\n\t\t\t\t\t\t\t<div class=\"elementor-row\">\n\t\t\t\t\t<div class=\"elementor-column elementor-col-100 elementor-top-column elementor-element elementor-element-f3869e5\" data-id=\"f3869e5\" data-element_type=\"column\">\n\t\t\t<div class=\"elementor-column-wrap elementor-element-populated\">\n\t\t\t\t\t\t\t<div class=\"elementor-widget-wrap\">\n\t\t\t\t\t\t<div class=\"elementor-element elementor-element-ada07c3 elementor-widget elementor-widget-text-editor\" data-id=\"ada07c3\" data-element_type=\"widget\" data-widget_type=\"text-editor.default\">\n\t\t\t\t<div class=\"elementor-widget-container\">\n\t\t\t\t\t<div class=\"elementor-text-editor elementor-clearfix\"><div class=\"page\" title=\"Page 19\"><div class=\"section\"><div class=\"layoutArea\"><div class=\"column\"><div class=\"page\" title=\"Page 19\"><div class=\"section\"><div class=\"layoutArea\"><div class=\"column\"><p><span style=\"font-size: 15px; color: var( --e-global-color-text );\">Para una mujer en situacio\u0301n de violencia, acudir a un servicio de apoyo para solucionar su conflicto, constituye un hito importante para romper el ciclo de la violencia, situacio\u0301n que debe\u00a0<\/span><span style=\"font-size: 15px; color: var( --e-global-color-text );\">ser valorada por los operadores institucionales, para dar el manejo adecuado del caso, trabajando con ella, no so\u0301lo aspectos juri\u0301dicos y de restitucio\u0301n de derechos, sino adema\u0301s realizar un trabajo dirigido a elevar su autoestima y desarrollar en ella su capacidad de tomar decisiones en miras de una vida libre de violencia.<\/span><\/p><\/div><\/div><\/div><\/div><\/div><\/div><\/div><\/div><\/div>\n\t\t\t\t<\/div>\n\t\t\t\t<\/div>\n\t\t\t\t\t\t<\/div>\n\t\t\t\t\t<\/div>\n\t\t<\/div>\n\t\t\t\t\t\t\t\t<\/div>\n\t\t\t\t\t<\/div>\n\t\t<\/section>\n\t\t\t\t<section class=\"elementor-section elementor-top-section elementor-element elementor-element-e2d9885 elementor-section-boxed elementor-section-height-default elementor-section-height-default\" data-id=\"e2d9885\" data-element_type=\"section\">\n\t\t\t\t\t\t<div class=\"elementor-container elementor-column-gap-default\">\n\t\t\t\t\t\t\t<div class=\"elementor-row\">\n\t\t\t\t\t<div class=\"elementor-column elementor-col-100 elementor-top-column elementor-element elementor-element-baf6827\" data-id=\"baf6827\" data-element_type=\"column\">\n\t\t\t<div class=\"elementor-column-wrap elementor-element-populated\">\n\t\t\t\t\t\t\t<div class=\"elementor-widget-wrap\">\n\t\t\t\t\t\t<div class=\"elementor-element elementor-element-2a47dbf elementor-widget elementor-widget-heading\" data-id=\"2a47dbf\" data-element_type=\"widget\" data-widget_type=\"heading.default\">\n\t\t\t\t<div class=\"elementor-widget-container\">\n\t\t\t<h4 class=\"elementor-heading-title elementor-size-default\">\n1.3.2.2 Factores de mantenci\u00f3n de la violencia de pareja<\/h4>\t\t<\/div>\n\t\t\t\t<\/div>\n\t\t\t\t\t\t<\/div>\n\t\t\t\t\t<\/div>\n\t\t<\/div>\n\t\t\t\t\t\t\t\t<\/div>\n\t\t\t\t\t<\/div>\n\t\t<\/section>\n\t\t\t\t<section class=\"elementor-section elementor-top-section elementor-element elementor-element-a3d4c8d elementor-section-boxed elementor-section-height-default elementor-section-height-default\" data-id=\"a3d4c8d\" data-element_type=\"section\">\n\t\t\t\t\t\t<div class=\"elementor-container elementor-column-gap-default\">\n\t\t\t\t\t\t\t<div class=\"elementor-row\">\n\t\t\t\t\t<div class=\"elementor-column elementor-col-100 elementor-top-column elementor-element elementor-element-607dbfb\" data-id=\"607dbfb\" data-element_type=\"column\">\n\t\t\t<div class=\"elementor-column-wrap elementor-element-populated\">\n\t\t\t\t\t\t\t<div class=\"elementor-widget-wrap\">\n\t\t\t\t\t\t<div class=\"elementor-element elementor-element-2c5df62 elementor-widget elementor-widget-text-editor\" data-id=\"2c5df62\" data-element_type=\"widget\" data-widget_type=\"text-editor.default\">\n\t\t\t\t<div class=\"elementor-widget-container\">\n\t\t\t\t\t<div class=\"elementor-text-editor elementor-clearfix\"><div class=\"page\" title=\"Page 19\"><div class=\"section\"><div class=\"layoutArea\"><div class=\"column\"><div class=\"page\" title=\"Page 19\"><div class=\"section\"><div class=\"layoutArea\"><div class=\"column\"><div class=\"page\" title=\"Page 21\"><div class=\"section\"><div class=\"layoutArea\"><div class=\"column\"><p>Existen diversos factores socioecono\u0301micos, emocionales y psicolo\u0301gicos que se implican en la permanencia de una vi\u0301ctima en una relacio\u0301n violenta (Echeburu\u0301a et al., 2002).<\/p><p>A nivel sociocultural, el sistema patriarcal-machista, construye mandatos sociales que forjan una identidad determinada que en el caso de las mujeres las hace dependientes afectiva y emocionalmente, generando fragilidad en su autoestima y por lo tanto en su capacidad de autodeterminacio\u0301n.<\/p><p>Entre las variables sociodemogra\u0301ficas se encuentran la dependencia econo\u0301mica, la existencia de hijos\/as pequen\u0303os\/as, el aislamiento familiar y social.<\/p><p>La percepcio\u0301n de falta de control de la situacio\u0301n, la baja autoestima y la dependencia emocional de la vi\u0301ctima, que tiende a darse porque el maltrato es un proceso de ascensio\u0301n lenta y progresiva, pueden ser factores ma\u0301s significativos que las variables socioecono\u0301micas para explicar la permanencia de la vi\u0301ctima con el agresor (Echeburu\u0301a et al., 2002).<\/p><p>A nivel socioecono\u0301mico, son las mujeres dependientes econo\u0301micamente del agresor las que tienen mayor probabilidad de mantener una relacio\u0301n violenta durante un largo tiempo. Las mujeres ma\u0301s jo\u0301venes e independientes econo\u0301micamente tienden a permanecer menos tiempo en la relacio\u0301n abusiva y solicitan ayuda antes (Torres y Espada, 1996, citados por Alonso, 2007).<\/p><p>A nivel social y familiar, el temor a la desaprobacio\u0301n e incomprensio\u0301n de familiares y amigos, el miedo al aislamiento si exteriorizan su condicio\u0301n de vi\u0301ctimas y la ausencia de una red de apoyo social y familiar, a menudo, paralizan a las mujeres a la hora de buscar ayuda externa. La frecuencia con que estas mujeres ocultan su situacio\u0301n es alta, la Organizacio\u0301n Mundial de la Salud, encontro\u0301 que hasta un 70% de las mujeres maltratadas entrevistadas refirio\u0301 no haber mencionado anteriormente su condicio\u0301n de vi\u0301ctimas a otras personas (OMS, 2002). Igualmente, la existencia de hijas\/os pequen\u0303os o la preocupacio\u0301n por la pe\u0301rdida de su custodia y del hogar son variables importantes en la decisio\u0301n de las vi\u0301ctimas de permanecer con el agresor.<\/p><p>Los factores psicolo\u0301gicos que influyen para la mantencio\u0301n de la relacio\u0301n violenta, son: a) la minimizacio\u0301n del problema; b) la vergu\u0308enza por estar sufriendo una situacio\u0301n tan degradante; c) la culpa por la ocurrencia de las agresiones; d) el miedo a las represalias del agresor si se le abandona; e) el temor a un futuro en soledad y f) la resistencia a reconocer el fracaso de la relacio\u0301n, entre otros. Una variable muy importante es la dependencia emocional de la vi\u0301ctima hacia el agresor, que en muchos casos siente que, a pesar de todo, lo sigue queriendo por lo que se siente incapaz de abandonarlo.<\/p><p>Las vi\u0301ctimas en convivencia prolongada con el agresor experimentan una baja autoestima, unos mayores sentimientos de culpa y unos menores niveles de asertividad y tendencia a la evitacio\u0301n. A nivel emocional, un bajo estado de a\u0301nimo y un estado permanente de indefensio\u0301n y desesperanza generada por la falta de control de las agresiones, entre otras, no favorecen que tomen una decisio\u0301n ene\u0301rgica de abandonar al agresor (Echeburu\u0301a et al., 2002).<\/p><p>En lo cognitivo, son muchas las creencias, incorporadas en el proceso de socializacio\u0301n, que pueden favorecer la permanencia de una mujer en la relacio\u0301n de maltrato. Algunos de estos pensamientos son los siguientes: a) sentir vergu\u0308enza de hacer pu\u0301blica la situacio\u0301n; b) creer que los hijos\/as necesitan crecer y madurar emocionalmente con la presencia ineludible de un padre y de una madre; c) creer que la vi\u0301ctima no podri\u0301a sacar adelante a sus hijos\/as por si\u0301 sola; d) considerar\u00a0<span style=\"font-size: 15px; color: var( --e-global-color-text );\">que la familia es un valor absoluto en si\u0301 mismo y que, por tanto, debe mantenerse a toda costa; e) creer que la fuerza del amor lo puede todo y que si ella persevera en su conducta, conseguira\u0301 que el maltrato finalice; f) pensar que su pareja en el fondo es buena persona y esta\u0301 enamorado de ella, cambiara\u0301 con el tiempo, y g) estar convencida de que ella es imprescindible para evitar que e\u0301l caiga en conductas de consumo de alcohol, de los celos, etc. (Echeburu\u0301a et al., 2002).<\/span><\/p><div class=\"page\" title=\"Page 22\"><div class=\"section\"><div class=\"layoutArea\"><div class=\"column\"><p>Cuando la mujer advierte que ella no tiene relacio\u0301n con el comportamiento violento de su pareja (desculpabilizacio\u0301n de la vi\u0301ctima), y que ella no puede potenciar las conductas positivas de su pareja, favorece a la separacio\u0301n de la relacio\u0301n violenta. De igual forma, el hecho de que la violencia se extienda hacia sus hijos\/as es otra razo\u0301n por la que la mujer puede llegar a decidir separarse de la pareja violenta (Labrador, 2004, citado por Alonso, 2007).<\/p><\/div><\/div><\/div><\/div><\/div><\/div><\/div><\/div><\/div><\/div><\/div><\/div><\/div><\/div><\/div><\/div><\/div>\n\t\t\t\t<\/div>\n\t\t\t\t<\/div>\n\t\t\t\t\t\t<\/div>\n\t\t\t\t\t<\/div>\n\t\t<\/div>\n\t\t\t\t\t\t\t\t<\/div>\n\t\t\t\t\t<\/div>\n\t\t<\/section>\n\t\t\t\t<section class=\"elementor-section elementor-top-section elementor-element elementor-element-d42d754 elementor-section-boxed elementor-section-height-default elementor-section-height-default\" data-id=\"d42d754\" data-element_type=\"section\">\n\t\t\t\t\t\t<div class=\"elementor-container elementor-column-gap-default\">\n\t\t\t\t\t\t\t<div class=\"elementor-row\">\n\t\t\t\t\t<div class=\"elementor-column elementor-col-100 elementor-top-column elementor-element elementor-element-213f095\" data-id=\"213f095\" data-element_type=\"column\">\n\t\t\t<div class=\"elementor-column-wrap elementor-element-populated\">\n\t\t\t\t\t\t\t<div class=\"elementor-widget-wrap\">\n\t\t\t\t\t\t<div class=\"elementor-element elementor-element-7314d72 elementor-widget elementor-widget-heading\" data-id=\"7314d72\" data-element_type=\"widget\" data-widget_type=\"heading.default\">\n\t\t\t\t<div class=\"elementor-widget-container\">\n\t\t\t<h3 class=\"elementor-heading-title elementor-size-default\">1.3.3 Efectos de la violencia de pareja contra la mujer<\/h3>\t\t<\/div>\n\t\t\t\t<\/div>\n\t\t\t\t\t\t<\/div>\n\t\t\t\t\t<\/div>\n\t\t<\/div>\n\t\t\t\t\t\t\t\t<\/div>\n\t\t\t\t\t<\/div>\n\t\t<\/section>\n\t\t\t\t<section class=\"elementor-section elementor-top-section elementor-element elementor-element-46eb50b elementor-section-boxed elementor-section-height-default elementor-section-height-default\" data-id=\"46eb50b\" data-element_type=\"section\">\n\t\t\t\t\t\t<div class=\"elementor-container elementor-column-gap-default\">\n\t\t\t\t\t\t\t<div class=\"elementor-row\">\n\t\t\t\t\t<div class=\"elementor-column elementor-col-100 elementor-top-column elementor-element elementor-element-b2a34a2\" data-id=\"b2a34a2\" data-element_type=\"column\">\n\t\t\t<div class=\"elementor-column-wrap elementor-element-populated\">\n\t\t\t\t\t\t\t<div class=\"elementor-widget-wrap\">\n\t\t\t\t\t\t<div class=\"elementor-element elementor-element-055941a elementor-widget elementor-widget-text-editor\" data-id=\"055941a\" data-element_type=\"widget\" data-widget_type=\"text-editor.default\">\n\t\t\t\t<div class=\"elementor-widget-container\">\n\t\t\t\t\t<div class=\"elementor-text-editor elementor-clearfix\"><div class=\"page\" title=\"Page 19\"><div class=\"section\"><div class=\"layoutArea\"><div class=\"column\"><div class=\"page\" title=\"Page 19\"><div class=\"section\"><div class=\"layoutArea\"><div class=\"column\"><div class=\"page\" title=\"Page 22\"><div class=\"section\"><div class=\"layoutArea\"><div class=\"column\"><p>Los efectos que provoca la violencia en la vida de una mujer son mu\u0301ltiples. Entre los cuales podemos mencionar:<\/p><p><strong>1) En su relacio\u0301n de pareja<\/strong><\/p><p style=\"padding-left: 40px;\">La incapacidad de sostener una relacio\u0301n afectiva sana y equilibrada con su agresor, hace que la mujer desarrolle sentimientos de inseguridad, culpa y dependencia emocional anula\u0301ndose como persona y organizando su vida en relacio\u0301n a las demandas de su pareja como la u\u0301nica razo\u0301n de su existencia.<\/p><p style=\"padding-left: 40px;\">La autoestima de las mujeres que sufren violencia se construye y alimenta en la capacidad de sostener relaciones afectivas con su agresor, entonces la posibilidad de romper con esta relacio\u0301n las deja con una sensacio\u0301n de pe\u0301rdida y vulnerabilidad a la depresio\u0301n.<\/p><p style=\"padding-left: 40px;\">Esto hace que la mujer se vuelva insegura, se desvalorice, se sienta incapaz y se ensan\u0303e consigo misma por sus defectos. Por otro lado, la autovaloracio\u0301n de sus caracteri\u0301sticas positivas es mi\u0301nima o inexistente, es decir que le cuesta encontrar y aceptar sus cualidades positivas.<\/p><p><strong>2) En sus relaciones interpersonales<\/strong><\/p><p style=\"padding-left: 40px;\">Las mujeres que sufren violencia viven un aislamiento casi completo, el hecho de no poder compartir lo que les sucede, las ai\u0301sla fi\u0301sica y emocionalmente.<\/p><p style=\"padding-left: 40px;\">Este aislamiento crea y mantiene barreras muy difi\u0301ciles de traspasar, obstaculizando su relacionamiento y comunicacio\u0301n. Por otro lado, la convivencia con personas violentas, le dificulta entablar una relacio\u0301n cercana que no sea abusiva, esto le puede conducir a que ella misma utilice la violencia en su entorno social y en especial con sus hijas\/os.<\/p><p><strong>3) En el aspecto fi\u0301sico<\/strong><\/p><p style=\"padding-left: 40px;\">Puede presentar una serie de lesiones agudas, inmediatas o graves. Es proclive a desarrollar una sintomatologi\u0301a orga\u0301nica como: agotamiento psico-fi\u0301sico, dificultades respiratorias, palpitaciones y pulso alterado, sensaciones de ve\u0301rtigo, temblores incontrolables, incontinencia, somnolencia, dolor corporal y\/o muscular, cefaleas, etc. Se puede producir la muerte por feminicidio o en relacio\u0301n con el SIDA.<\/p><p><strong>4) En el aspecto emocional<\/strong><\/p><p style=\"padding-left: 40px;\">La vida emocional de la mujer que sufre violencia se encuentra alterada, el hecho de estar expuesta a la violencia engendra sentimientos complejos muy profundos, caracterizados por el estre\u0301s en el que se desenvuelve, por los sentimientos de miedo, culpa, vergu\u0308enza, ira, resentimiento y dolor.<\/p><div class=\"page\" title=\"Page 23\"><div class=\"section\"><div class=\"layoutArea\"><div class=\"column\"><p style=\"padding-left: 40px;\">Asi\u0301 el manejo de las emociones se constituye en un a\u0301rea muy difi\u0301cil de controlar, manifestar, aceptar y de asumir como propias. La sensacio\u0301n de impotencia, indefensio\u0301n e inferioridad dificultan la capacidad para que la mujer ejerza su autonomi\u0301a, asuma su responsabilidad, su poder de tomar decisiones, y esto repercute en la imposibilidad de romper una relacio\u0301n abusiva.<\/p><p style=\"padding-left: 40px;\">Es importante resaltar que el miedo a mantenerse lejos de la pareja proviene de una actitud dependiente que es constantemente reforzada por su entorno.<\/p><p style=\"padding-left: 40px;\">La depresio\u0301n es otra de las caracteri\u0301sticas que presentan las mujeres que sufren violencia, su sintomatologi\u0301a es de profunda tristeza, culpa, desvaloracio\u0301n, disminucio\u0301n de la capacidad afectiva y de sus actividades cotidianas, lleva\u0301ndolas en muchos casos al intento de suicidio o a suicidarse. Son frecuentes los cuadros ansiosos, depresivos y el estre\u0301s postrauma\u0301tico.<\/p><div class=\"page\" title=\"Page 23\"><div class=\"section\"><div class=\"layoutArea\"><div class=\"column\"><p><strong>5) En su vida sexual o reproductiva<\/strong><\/p><p style=\"padding-left: 40px;\">Enfermedades de transmisio\u0301n sexual incluida la infeccio\u0301n por VIH, infecciones pe\u0301lvicas y urinarias, insatisfaccio\u0301n sexual, frigidez, trastornos generalizados de la esfera sexual, embarazo no deseado, aborto, aborto inseguro.<\/p><p style=\"padding-left: 40px;\">La violencia sexual tiene como efectos psicolo\u0301gicos:<\/p><p style=\"padding-left: 40px;\"><strong>a) A nivel conductual<\/strong><\/p><p style=\"padding-left: 80px;\">Presenta tendencias a desarrollar adicciones, huida del hogar, conductas suicidas, trastornos alimentarios (bulimia o anorexia) o de suen\u0303o (pavor nocturno, insomnio, pesadillas, etc.), amnesias, desmayos, sensaciones de asfixia, dolores focalizados, etc.<\/p><p style=\"padding-left: 40px;\"><strong>b) A nivel afectivo emocional<\/strong><\/p><p style=\"padding-left: 80px;\">Miedo generalizado, hostilidad y agresividad, sentimientos de culpa y vergu\u0308enza, estados depresivos, ansiosos y de angustia, baja autoestima y estigmatizacio\u0301n, rechazo al propio cuerpo, trastorno de estre\u0301s postrauma\u0301tico, etc.<\/p><p style=\"padding-left: 40px;\"><strong>c) A nivel sexual:<\/strong><\/p><p style=\"padding-left: 80px;\">Insatisfaccio\u0301n sexual, frigidez, trastornos generalizados de la esfera sexual, etc.<\/p><p style=\"padding-left: 40px;\"><strong>d) A nivel social:<\/strong><\/p><p style=\"padding-left: 80px;\">Retraimiento y aislamiento, temores generalizados e irracionalidad de pensamiento, dificultad en el establecimiento de relaciones afectivas estables, etc.<\/p><div class=\"page\" title=\"Page 23\"><div class=\"section\"><div class=\"layoutArea\"><div class=\"column\"><p><strong>6) En su capacidad intelectual y productiva<\/strong><\/p><p style=\"padding-left: 40px;\">Una mujer con baja autoestima, con malas relaciones interpersonales, emocionalmente deprimida y una vida sexual insatisfecha, tiene sus potencialidades y capacidades intelectuales disminuidas, lo cual afecta de manera determinante en su nivel de produccio\u0301n intelectual y relaciones laborales.<\/p><p><strong>7) En sus hijos o entorno familiar<\/strong><\/p><p style=\"padding-left: 40px;\">No es extran\u0303o que muchas mujeres comiencen a reproducir violencia con sus hijos o seres queridos, poniendo en riesgo su salud mental y la de su entorno.<\/p><p style=\"padding-left: 40px;\">Otro de los efectos negativos de la violencia en el a\u0301mbito familiar es que los nin\u0303os\/as, adolescentes al ser testigos o vi\u0301ctimas, se constituyen en reproductores de actos violentos.<\/p><\/div><\/div><\/div><\/div><\/div><\/div><\/div><\/div><\/div><\/div><\/div><\/div><\/div><\/div><\/div><\/div><\/div><\/div><\/div><\/div><\/div><\/div><\/div><\/div><\/div>\n\t\t\t\t<\/div>\n\t\t\t\t<\/div>\n\t\t\t\t\t\t<\/div>\n\t\t\t\t\t<\/div>\n\t\t<\/div>\n\t\t\t\t\t\t\t\t<\/div>\n\t\t\t\t\t<\/div>\n\t\t<\/section>\n\t\t\t\t<section class=\"elementor-section elementor-top-section elementor-element elementor-element-8e0ea11 elementor-section-boxed elementor-section-height-default elementor-section-height-default\" data-id=\"8e0ea11\" data-element_type=\"section\">\n\t\t\t\t\t\t<div class=\"elementor-container elementor-column-gap-default\">\n\t\t\t\t\t\t\t<div class=\"elementor-row\">\n\t\t\t\t\t<div class=\"elementor-column elementor-col-100 elementor-top-column elementor-element elementor-element-24aa40b\" data-id=\"24aa40b\" data-element_type=\"column\">\n\t\t\t<div class=\"elementor-column-wrap elementor-element-populated\">\n\t\t\t\t\t\t\t<div class=\"elementor-widget-wrap\">\n\t\t\t\t\t\t<div class=\"elementor-element elementor-element-28adbb3 elementor-widget elementor-widget-heading\" data-id=\"28adbb3\" data-element_type=\"widget\" data-widget_type=\"heading.default\">\n\t\t\t\t<div class=\"elementor-widget-container\">\n\t\t\t<h3 class=\"elementor-heading-title elementor-size-default\">1.3.3 Efectos de la violencia de pareja contra la mujer<\/h3>\t\t<\/div>\n\t\t\t\t<\/div>\n\t\t\t\t\t\t<\/div>\n\t\t\t\t\t<\/div>\n\t\t<\/div>\n\t\t\t\t\t\t\t\t<\/div>\n\t\t\t\t\t<\/div>\n\t\t<\/section>\n\t\t\t\t<section class=\"elementor-section elementor-top-section elementor-element elementor-element-65b4605 elementor-section-boxed elementor-section-height-default elementor-section-height-default\" data-id=\"65b4605\" data-element_type=\"section\">\n\t\t\t\t\t\t<div class=\"elementor-container elementor-column-gap-default\">\n\t\t\t\t\t\t\t<div class=\"elementor-row\">\n\t\t\t\t\t<div class=\"elementor-column elementor-col-100 elementor-top-column elementor-element elementor-element-f6f723a\" data-id=\"f6f723a\" data-element_type=\"column\">\n\t\t\t<div class=\"elementor-column-wrap elementor-element-populated\">\n\t\t\t\t\t\t\t<div class=\"elementor-widget-wrap\">\n\t\t\t\t\t\t<div class=\"elementor-element elementor-element-005d2d5 elementor-widget elementor-widget-text-editor\" data-id=\"005d2d5\" data-element_type=\"widget\" data-widget_type=\"text-editor.default\">\n\t\t\t\t<div class=\"elementor-widget-container\">\n\t\t\t\t\t<div class=\"elementor-text-editor elementor-clearfix\"><div class=\"page\" title=\"Page 19\"><div class=\"section\"><div class=\"layoutArea\"><div class=\"column\"><div class=\"page\" title=\"Page 19\"><div class=\"section\"><div class=\"layoutArea\"><div class=\"column\"><div class=\"page\" title=\"Page 24\"><div class=\"section\"><div class=\"layoutArea\"><div class=\"column\"><p>Si bien no existe un perfil riguroso de los agresores de pareja y las mujeres en situacio\u0301n de violencia, la sistematizacio\u0301n de informacio\u0301n acumulada durante muchos an\u0303os de trabajo, ha podido identificar las caracteri\u0301sticas ma\u0301s recurrentes.<\/p><\/div><\/div><\/div><\/div><\/div><\/div><\/div><\/div><\/div><\/div><\/div><\/div><\/div>\n\t\t\t\t<\/div>\n\t\t\t\t<\/div>\n\t\t\t\t\t\t<\/div>\n\t\t\t\t\t<\/div>\n\t\t<\/div>\n\t\t\t\t\t\t\t\t<\/div>\n\t\t\t\t\t<\/div>\n\t\t<\/section>\n\t\t\t\t<section class=\"elementor-section elementor-top-section elementor-element elementor-element-da6965a elementor-section-boxed elementor-section-height-default elementor-section-height-default\" data-id=\"da6965a\" data-element_type=\"section\">\n\t\t\t\t\t\t<div class=\"elementor-container elementor-column-gap-default\">\n\t\t\t\t\t\t\t<div class=\"elementor-row\">\n\t\t\t\t\t<div class=\"elementor-column elementor-col-100 elementor-top-column elementor-element elementor-element-d58d88a\" data-id=\"d58d88a\" data-element_type=\"column\">\n\t\t\t<div class=\"elementor-column-wrap elementor-element-populated\">\n\t\t\t\t\t\t\t<div class=\"elementor-widget-wrap\">\n\t\t\t\t\t\t<div class=\"elementor-element elementor-element-ca9e066 elementor-widget elementor-widget-heading\" data-id=\"ca9e066\" data-element_type=\"widget\" data-widget_type=\"heading.default\">\n\t\t\t\t<div class=\"elementor-widget-container\">\n\t\t\t<h4 class=\"elementor-heading-title elementor-size-default\">1) Caracter\u00edsticas psicol\u00f3gicas del hombre agresor<\/h4>\t\t<\/div>\n\t\t\t\t<\/div>\n\t\t\t\t\t\t<\/div>\n\t\t\t\t\t<\/div>\n\t\t<\/div>\n\t\t\t\t\t\t\t\t<\/div>\n\t\t\t\t\t<\/div>\n\t\t<\/section>\n\t\t\t\t<section class=\"elementor-section elementor-top-section elementor-element elementor-element-76b7385 elementor-section-boxed elementor-section-height-default elementor-section-height-default\" data-id=\"76b7385\" data-element_type=\"section\">\n\t\t\t\t\t\t<div class=\"elementor-container elementor-column-gap-default\">\n\t\t\t\t\t\t\t<div class=\"elementor-row\">\n\t\t\t\t\t<div class=\"elementor-column elementor-col-100 elementor-top-column elementor-element elementor-element-e8bf667\" data-id=\"e8bf667\" data-element_type=\"column\">\n\t\t\t<div class=\"elementor-column-wrap elementor-element-populated\">\n\t\t\t\t\t\t\t<div class=\"elementor-widget-wrap\">\n\t\t\t\t\t\t<div class=\"elementor-element elementor-element-be840f0 elementor-widget elementor-widget-text-editor\" data-id=\"be840f0\" data-element_type=\"widget\" data-widget_type=\"text-editor.default\">\n\t\t\t\t<div class=\"elementor-widget-container\">\n\t\t\t\t\t<div class=\"elementor-text-editor elementor-clearfix\"><div class=\"page\" title=\"Page 19\"><div class=\"section\"><div class=\"layoutArea\"><div class=\"column\"><div class=\"page\" title=\"Page 19\"><div class=\"section\"><div class=\"layoutArea\"><div class=\"column\"><div class=\"page\" title=\"Page 24\"><div class=\"section\"><div class=\"layoutArea\"><div class=\"column\"><div class=\"page\" title=\"Page 24\"><div class=\"section\"><div class=\"layoutArea\"><div class=\"column\"><ul><li>Pretende ejercer poder y control sobre su pareja a trave\u0301s de la violencia.<\/li><li>Aprendio\u0301 en su familia a ser violento, adoptando la violencia como una forma de relacionarse.<\/li><li>Considera a su mujer como una posesio\u0301n suya.<\/li><li>Suele tener baja autoestima e imagen negativa de si\u0301 mismo, lo cual coexiste con sus actitudes\u00a0amenazantes y omnipotentes, reforza\u0301ndola con cada uno de sus actos violentos.<\/li><li>Puede tener baja tolerancia a la frustracio\u0301n.<\/li><li>Limitadas habilidades de comunicacio\u0301n y carencia de estrategias adecuadas para resolucio\u0301n\u00a0de conflictos.<\/li><li>Es celoso, puede llegar a niveles patolo\u0301gicos, los actos violentos podri\u0301an iniciarse ante el miedo al abandono.<\/li><li>Tiene dificultades para expresar sus sentimientos y emociones.<\/li><li>Es manipulador y tiene dificultades para reconocer sus errores.<\/li><li>Siempre busca la culpa en el otro, especialmente de su pareja.<\/li><li>Presenta distorsiones cognitivas sobre los roles en la relacio\u0301n de pareja y sobre la mujer.<\/li><li>Sostiene la educacio\u0301n ri\u0301gida, incluyendo castigos y correcciones; ejerce su poder autoritario y\u00a0controlador dentro de la familia sobre normas, cuestiones econo\u0301micas, decisiones.<\/li><li>Utiliza la agresividad para conseguir sus logros.<\/li><li>Basa su sexualidad en el poder del hombre y la sumisio\u0301n de la mujer.<\/li><li>Doble fachada, actu\u0301a de una manera cuando esta\u0301n en su hogar con su pareja y de otra cuando\u00a0esta\u0301n en pu\u0301blico.<\/li><li>Desautoriza a su pareja ante los hijas\/os.<\/li><li>Percibe el entorno como amenazante.<\/li><li><span style=\"font-size: 16px;\">Frecuencia de uso de alcohol u otras drogas.<\/span><\/li><\/ul><p>Cavanaugh y Gelles, 2005, citado por Amor et al. (2009), describe la existencia de tres grupos de maltratadores de acuerdo al riesgo:<\/p><ul><li>Bajo riesgo, ejercen violencia de baja gravedad, es poco frecuente, con poca o nula presencia de psicopatologi\u0301a y sin historia delictiva.<\/li><li>Riesgo moderado, ejercen una violencia ma\u0301s frecuente, de gravedad media que presentan niveles psicopatolo\u0301gicos<a class=\"tooltips\" title=\"Estos hombres, en todos los casos, presentan correcta capacidad de disernimiento entre el bien y el mal, es decir, son capaces de conocer las consecuencias de sus actos.\"><sup>8<\/sup><\/a> moderados o altos.<\/li><li><span style=\"font-size: 16px;\">Alto riesgo, una violencia ma\u0301s grave, mayor frecuencia, presentan niveles altos de psicopatologi\u0301a, suele tener una historia delictiva.<\/span><\/li><\/ul><p>Loinaz (2010), establece dos grupos de agresores diferenciados:<\/p><ul><li>Sujetos \u201cviolentos con la pareja\/estables emocionalmente\/ integrados socialmente\u201d equivalentes al tipo normalizado, se caracterizan por una violencia limitada a la pareja, menor\u00a0<span style=\"font-size: 15px; color: var( --e-global-color-text );\">nu\u0301mero de distorsiones cognitivas, menor abuso de drogas, menor presencia de antecedentes penales, mayor autoestima, mayor control de la ira, poca presencia de si\u0301ndromes cli\u0301nicos y estilos de personalidad compulsivos, narcisistas e histrio\u0301nicos. Con un estilo de apego predominantemente seguro, tienen mayor empati\u0301a y muestran mayor deseabilidad social.<\/span><\/li><li><span style=\"color: var( --e-global-color-text ); font-size: 15px;\">Sujetos \u201cviolentos generalizados\/poco estables emocionalmente\/ no integrados socialmente\u201d se caracterizan por una violencia que se extiende ma\u0301s alla\u0301 de la pareja y presentan anteceden- tes penales con mayor frecuencia. Estos sujetos esta\u0301n ma\u0301s afectados por si\u0301ntomas cli\u0301nicos, tienen ma\u0301s distorsiones cognitivas, dependen ma\u0301s del alcohol\/drogas y muestran rasgos de personalidad antisocial, paranoide y negativista. Asimismo, son ma\u0301s impulsivos y se muestran menos empa\u0301ticos que los sujetos del grupo anterior, con estilos de apego inseguro u hostil.<\/span><\/li><\/ul><\/div><\/div><\/div><\/div><\/div><\/div><\/div><\/div><\/div><\/div><\/div><\/div><\/div><\/div><\/div><\/div><\/div>\n\t\t\t\t<\/div>\n\t\t\t\t<\/div>\n\t\t\t\t\t\t<\/div>\n\t\t\t\t\t<\/div>\n\t\t<\/div>\n\t\t\t\t\t\t\t\t<\/div>\n\t\t\t\t\t<\/div>\n\t\t<\/section>\n\t\t\t\t<section class=\"elementor-section elementor-top-section elementor-element elementor-element-a7e9627 elementor-section-boxed elementor-section-height-default elementor-section-height-default\" data-id=\"a7e9627\" data-element_type=\"section\">\n\t\t\t\t\t\t<div class=\"elementor-container elementor-column-gap-default\">\n\t\t\t\t\t\t\t<div class=\"elementor-row\">\n\t\t\t\t\t<div class=\"elementor-column elementor-col-100 elementor-top-column elementor-element elementor-element-afd5a59\" data-id=\"afd5a59\" data-element_type=\"column\">\n\t\t\t<div class=\"elementor-column-wrap elementor-element-populated\">\n\t\t\t\t\t\t\t<div class=\"elementor-widget-wrap\">\n\t\t\t\t\t\t<div class=\"elementor-element elementor-element-2ba1de2 elementor-widget elementor-widget-heading\" data-id=\"2ba1de2\" data-element_type=\"widget\" data-widget_type=\"heading.default\">\n\t\t\t\t<div class=\"elementor-widget-container\">\n\t\t\t<h4 class=\"elementor-heading-title elementor-size-default\">2) Caracter\u00edsticas psicol\u00f3gicas de las mujeres en situaci\u00f3n de violencia<\/h4>\t\t<\/div>\n\t\t\t\t<\/div>\n\t\t\t\t\t\t<\/div>\n\t\t\t\t\t<\/div>\n\t\t<\/div>\n\t\t\t\t\t\t\t\t<\/div>\n\t\t\t\t\t<\/div>\n\t\t<\/section>\n\t\t\t\t<section class=\"elementor-section elementor-top-section elementor-element elementor-element-074b5da elementor-section-boxed elementor-section-height-default elementor-section-height-default\" data-id=\"074b5da\" data-element_type=\"section\">\n\t\t\t\t\t\t<div class=\"elementor-container elementor-column-gap-default\">\n\t\t\t\t\t\t\t<div class=\"elementor-row\">\n\t\t\t\t\t<div class=\"elementor-column elementor-col-100 elementor-top-column elementor-element elementor-element-3168190\" data-id=\"3168190\" data-element_type=\"column\">\n\t\t\t<div class=\"elementor-column-wrap elementor-element-populated\">\n\t\t\t\t\t\t\t<div class=\"elementor-widget-wrap\">\n\t\t\t\t\t\t<div class=\"elementor-element elementor-element-34c23f7 elementor-widget elementor-widget-text-editor\" data-id=\"34c23f7\" data-element_type=\"widget\" data-widget_type=\"text-editor.default\">\n\t\t\t\t<div class=\"elementor-widget-container\">\n\t\t\t\t\t<div class=\"elementor-text-editor elementor-clearfix\"><div class=\"page\" title=\"Page 25\"><div class=\"section\"><div class=\"layoutArea\"><div class=\"column\"><ul><li><p>Aprendio\u0301 a someterse a la voluntad del hombre, desde un nu\u0301cleo familiar machista.<\/p><\/li><li><p>Como mujer, se siente inferior, fi\u0301sica y psicolo\u0301gicamente al hombre.<\/p><\/li><li><p>Naturaliza las conductas violentas.<\/p><\/li><li><p>Tiene baja autoestima y se desvaloriza como persona.<\/p><\/li><li><p>Puede presentar conductas de indefensio\u0301n y sumisio\u0301n.<\/p><\/li><li><p>Minimizacio\u0301n del problema de la violencia.<\/p><\/li><li><p>Vergu\u0308enza y culpa por la ocurrencia de las agresiones.<\/p><\/li><li><p>Resistencia a reconocer el fracaso de la relacio\u0301n.<\/p><\/li><li><p>Inseguridad, temor y miedo al abandono y a las represalias de su agresor.<\/p><\/li><li><p>Piensa que el sacrificio es una expresio\u0301n ma\u0301xima de amor.<\/p><\/li><li><p>Confronta continuamente sentimientos ambivalentes de odio y amor respecto a su pareja.<\/p><\/li><li><p>Creencia de que su pareja cambiara\u0301 y que el cambio puede depender de ella.<\/p><\/li><\/ul><\/div><\/div><\/div><\/div><\/div>\n\t\t\t\t<\/div>\n\t\t\t\t<\/div>\n\t\t\t\t\t\t<\/div>\n\t\t\t\t\t<\/div>\n\t\t<\/div>\n\t\t\t\t\t\t\t\t<\/div>\n\t\t\t\t\t<\/div>\n\t\t<\/section>\n\t\t\t\t<section class=\"elementor-section elementor-top-section elementor-element elementor-element-c621727 elementor-section-boxed elementor-section-height-default elementor-section-height-default\" data-id=\"c621727\" data-element_type=\"section\">\n\t\t\t\t\t\t<div class=\"elementor-container elementor-column-gap-default\">\n\t\t\t\t\t\t\t<div class=\"elementor-row\">\n\t\t\t\t\t<div class=\"elementor-column elementor-col-100 elementor-top-column elementor-element elementor-element-8b66610\" data-id=\"8b66610\" data-element_type=\"column\">\n\t\t\t<div class=\"elementor-column-wrap elementor-element-populated\">\n\t\t\t\t\t\t\t<div class=\"elementor-widget-wrap\">\n\t\t\t\t\t\t<div class=\"elementor-element elementor-element-4005f9b elementor-widget elementor-widget-heading\" data-id=\"4005f9b\" data-element_type=\"widget\" data-widget_type=\"heading.default\">\n\t\t\t\t<div class=\"elementor-widget-container\">\n\t\t\t<h2 class=\"elementor-heading-title elementor-size-default\">1.4 Incidencia de la violencia contra la mujer<\/h2>\t\t<\/div>\n\t\t\t\t<\/div>\n\t\t\t\t\t\t<\/div>\n\t\t\t\t\t<\/div>\n\t\t<\/div>\n\t\t\t\t\t\t\t\t<\/div>\n\t\t\t\t\t<\/div>\n\t\t<\/section>\n\t\t\t\t<section class=\"elementor-section elementor-top-section elementor-element elementor-element-2eabbae elementor-section-boxed elementor-section-height-default elementor-section-height-default\" data-id=\"2eabbae\" data-element_type=\"section\">\n\t\t\t\t\t\t<div class=\"elementor-container elementor-column-gap-default\">\n\t\t\t\t\t\t\t<div class=\"elementor-row\">\n\t\t\t\t\t<div class=\"elementor-column elementor-col-100 elementor-top-column elementor-element elementor-element-828ae96\" data-id=\"828ae96\" data-element_type=\"column\">\n\t\t\t<div class=\"elementor-column-wrap elementor-element-populated\">\n\t\t\t\t\t\t\t<div class=\"elementor-widget-wrap\">\n\t\t\t\t\t\t<div class=\"elementor-element elementor-element-b8e7f9c elementor-widget elementor-widget-text-editor\" data-id=\"b8e7f9c\" data-element_type=\"widget\" data-widget_type=\"text-editor.default\">\n\t\t\t\t<div class=\"elementor-widget-container\">\n\t\t\t\t\t<div class=\"elementor-text-editor elementor-clearfix\"><div class=\"page\" title=\"Page 25\"><div class=\"section\"><div class=\"layoutArea\"><div class=\"column\"><p>Pese a la creacio\u0301n del Servicio Integral Plurinacional de Prevencio\u0301n, Atencio\u0301n, Sancio\u0301n y Erradicacio\u0301n de la Violencia (SIPPASE) el cual, si bien, avanzo\u0301 en el Registro U\u0301nico de Violencia (RUV) en los SLIMs, au\u0301n no existe una centralizacio\u0301n de la informacio\u0301n.<\/p><p>Tampoco existe informacio\u0301n sistematizada sobre la violencia contra la mujer denunciada ante instancias competentes, so\u0301lo se cuentan con datos aislados, que muestran el comportamiento de las personas involucradas: denunciantes, fiscales, polici\u0301as, jueces, personal de salud, entre otros.<\/p><p>Segu\u0301n la Encuesta de Prevalencia de la Violencia contra la Mujer (EPVcM) del 2016 levantada en Bolivia:<\/p><ul><li style=\"list-style-type: none;\"><ul><li>De 100 mujeres casadas o en unio\u0301n libre, de 15 an\u0303os o ma\u0301s, 74,7 declararon haber sufrido algu\u0301n tipo de violencia por parte de su pareja en el transcurso de su relacio\u0301n.<\/li><li>El 93,8 de cada 100 mujeres casadas o en unio\u0301n libre fueron agredidas psicolo\u0301gicamente a lo largo de su relacio\u0301n y 84,5 continuaron viviendo este tipo de violencia durante los u\u0301ltimos doce meses.<\/li><li>53,2 mujeres de 100 que sufrieron violencia fi\u0301sica y de ellas, 33,9 continuaron vivie\u0301ndola en los u\u0301ltimos doce meses.<\/li><li>En relacio\u0301n a la violencia sexual 33,4 mujeres de cada 100 la padecieron, de las cuales 27,6 permanecieron bajo este tipo de maltrato durante los u\u0301ltimos doce meses.<\/li><li>En cuanto a la violencia econo\u0301mica, 29,8 de cada 100 mujeres sufrieron esta violencia a lo largo de su relacio\u0301n y, en los u\u0301ltimos doce meses 29,5 continuaron viviendo bajo esta situacio\u0301n.<\/li><\/ul><\/li><\/ul><div class=\"page\" title=\"Page 26\"><div class=\"section\"><div class=\"layoutArea\"><div class=\"column\"><p>A nivel nacional, un informe de la Alianza Libres sin Violencia<a class=\"tooltips\" title=\"Alianza Libres Sin Violencia (ALSV) es una iniciativa interinstitucional conformada por m\u00e1s de 50 organizaciones e instituciones de la sociedad civil de Bolivia que trabajan a favor de los derechos de las mujeres bolivianas.\"><sup>9<\/sup><\/a>, muestra datos comparativos de los an\u0303os 2014-2017 en cuanto a criminalidad evidencian al delito de violencia familiar o dom\u00e9stica como el ma\u0301s recurrente, no solo entre los delitos de violencia contra las mujeres, sino en relacio\u0301n al total de delitos denunciados en el pai\u0301s:<\/p><\/div><table cellspacing=\"0\" cellpadding=\"0\"><tbody><tr><td colspan=\"5\" valign=\"top\"><p align=\"center\"><span style=\"color: #43358b; font-family: Ubuntu; font-size: small;\"><b>Delitos m\u00e1s frecuentes a nivel nacional (2014-2017) <\/b><\/span><\/p><\/td><\/tr><tr><td valign=\"top\"><p align=\"center\"><span style=\"color: #43358b; font-family: Ubuntu; font-size: small;\"><b>Delitos <\/b><\/span><\/p><\/td><td valign=\"top\"><p align=\"center\"><span style=\"color: #43358b; font-family: Ubuntu; font-size: small;\"><b>2014<\/b><\/span><\/p><\/td><td valign=\"top\"><p align=\"center\"><span style=\"color: #43358b; font-family: Ubuntu; font-size: small;\"><b>2015<\/b><\/span><\/p><\/td><td valign=\"top\"><p align=\"center\"><span style=\"color: #43358b; font-family: Ubuntu; font-size: small;\"><b>2016<\/b><\/span><\/p><\/td><td valign=\"top\"><p align=\"center\"><span style=\"color: #43358b; font-family: Ubuntu; font-size: small;\"><b>2017<\/b><\/span><\/p><\/td><\/tr><tr><td valign=\"top\"><p><span style=\"color: #676767; font-family: Ubuntu; font-size: small;\">Violencia familiar o dom\u00e9stica <\/span><\/p><\/td><td valign=\"top\"><p><span style=\"color: #676767; font-family: Ubuntu; font-size: small;\">20.943<\/span><\/p><\/td><td valign=\"top\"><p><span style=\"color: #676767; font-family: Ubuntu; font-size: small;\">22.520<\/span><\/p><\/td><td valign=\"top\"><p><span style=\"color: #676767; font-family: Ubuntu; font-size: small;\">22.257<\/span><\/p><\/td><td valign=\"top\"><p><span style=\"color: #676767; font-family: Ubuntu; font-size: small;\">32.820<\/span><\/p><\/td><\/tr><tr><td valign=\"top\"><p><span style=\"color: #676767; font-family: Ubuntu; font-size: small;\">Lesiones Graves y Leves<\/span><\/p><\/td><td valign=\"top\"><p><span style=\"color: #676767; font-family: Ubuntu; font-size: small;\">8.942<\/span><\/p><\/td><td valign=\"top\"><p><span style=\"color: #676767; font-family: Ubuntu; font-size: small;\">8.565<\/span><\/p><\/td><td valign=\"top\"><p><span style=\"color: #676767; font-family: Ubuntu; font-size: small;\">9.293<\/span><\/p><\/td><td valign=\"top\"><p><span style=\"color: #676767; font-family: Ubuntu; font-size: small;\">9.960<\/span><\/p><\/td><\/tr><tr><td valign=\"top\"><p><span style=\"color: #676767; font-family: Ubuntu; font-size: small;\">Robo<\/span><\/p><\/td><td valign=\"top\"><p><span style=\"color: #676767; font-family: Ubuntu; font-size: small;\">6.852<\/span><\/p><\/td><td valign=\"top\"><p><span style=\"color: #676767; font-family: Ubuntu; font-size: small;\">7.025<\/span><\/p><\/td><td valign=\"top\"><p><span style=\"color: #676767; font-family: Ubuntu; font-size: small;\">7.630<\/span><\/p><\/td><td valign=\"top\"><p><span style=\"color: #676767; font-family: Ubuntu; font-size: small;\">12.748<\/span><\/p><\/td><\/tr><tr><td valign=\"top\"><p><span style=\"color: #676767; font-family: Ubuntu; font-size: small;\">Hurto<\/span><\/p><\/td><td valign=\"top\"><p><span style=\"color: #676767; font-family: Ubuntu; font-size: small;\">5.919<\/span><\/p><\/td><td valign=\"top\"><p><span style=\"color: #676767; font-family: Ubuntu; font-size: small;\">6.509<\/span><\/p><\/td><td valign=\"top\"><p><span style=\"color: #676767; font-family: Ubuntu; font-size: small;\">6.505<\/span><\/p><\/td><td valign=\"top\"><p><span style=\"color: #676767; font-family: Ubuntu; font-size: small;\">6.567<\/span><\/p><\/td><\/tr><tr><td valign=\"top\"><p><span style=\"color: #676767; font-family: Ubuntu; font-size: small;\">Estafa<\/span><\/p><\/td><td valign=\"top\"><p><span style=\"color: #676767; font-family: Ubuntu; font-size: small;\">5.229<\/span><\/p><\/td><td valign=\"top\"><p><span style=\"color: #676767; font-family: Ubuntu; font-size: small;\">5.353<\/span><\/p><\/td><td valign=\"top\"><p><span style=\"color: #676767; font-family: Ubuntu; font-size: small;\">6.157<\/span><\/p><\/td><td valign=\"top\"><p><span style=\"color: #676767; font-family: Ubuntu; font-size: small;\">7.650<\/span><\/p><\/td><\/tr><tr><td valign=\"middle\"><p><span style=\"color: #676767; font-family: Ubuntu; font-size: small;\">Robo Agravado<\/span><\/p><\/td><td valign=\"middle\"><p><span style=\"color: #676767; font-family: Ubuntu; font-size: small;\">5.076<\/span><\/p><\/td><td valign=\"middle\"><p><span style=\"color: #676767; font-family: Ubuntu; font-size: small;\">4.939<\/span><\/p><\/td><td valign=\"middle\"><p><span style=\"color: #676767; font-family: Ubuntu; font-size: small;\">4.757<\/span><\/p><\/td><td valign=\"middle\"><p><span style=\"color: #676767; font-family: Ubuntu; font-size: small;\">5.088<\/span><\/p><\/td><\/tr><tr><td valign=\"middle\"><p align=\"center\"><span style=\"color: #43358b; font-family: Ubuntu; font-size: small;\">Amenazas<\/span><\/p><\/td><td valign=\"middle\"><p align=\"center\"><span style=\"color: #43358b; font-family: Ubuntu; font-size: small;\">4.404<\/span><\/p><\/td><td valign=\"middle\"><p align=\"center\"><span style=\"color: #43358b; font-family: Ubuntu; font-size: small;\">3.857<\/span><\/p><\/td><td valign=\"middle\"><p align=\"center\"><span style=\"color: #43358b; font-family: Ubuntu; font-size: small;\">3.682<\/span><\/p><\/td><td valign=\"middle\"><p align=\"center\"><span style=\"color: #43358b; font-family: Ubuntu; font-size: small;\">3.532<\/span><\/p><\/td><\/tr><tr><td colspan=\"5\" valign=\"middle\"><p align=\"center\"><span style=\"color: #676767; font-family: Ubuntu; font-size: xx-small;\"><i>Fuente: Fiscal\u00eda General del Estado\/Alianza Libres de Violencia (2018). Balance sobre la implementaci\u00f3n de la Ley integral para garantizar a las mujeres una vida libre de violencia 2013- 2018. <\/i><\/span><\/p><\/td><\/tr><\/tbody><\/table><\/div><\/div><\/div><\/div><\/div><\/div><\/div><\/div>\n\t\t\t\t<\/div>\n\t\t\t\t<\/div>\n\t\t\t\t\t\t<\/div>\n\t\t\t\t\t<\/div>\n\t\t<\/div>\n\t\t\t\t\t\t\t\t<\/div>\n\t\t\t\t\t<\/div>\n\t\t<\/section>\n\t\t\t\t<section class=\"elementor-section elementor-top-section elementor-element elementor-element-f50ef0c elementor-section-boxed elementor-section-height-default elementor-section-height-default\" data-id=\"f50ef0c\" data-element_type=\"section\">\n\t\t\t\t\t\t<div class=\"elementor-container elementor-column-gap-default\">\n\t\t\t\t\t\t\t<div class=\"elementor-row\">\n\t\t\t\t\t<div class=\"elementor-column elementor-col-100 elementor-top-column elementor-element elementor-element-14c318c\" data-id=\"14c318c\" data-element_type=\"column\">\n\t\t\t<div class=\"elementor-column-wrap elementor-element-populated\">\n\t\t\t\t\t\t\t<div class=\"elementor-widget-wrap\">\n\t\t\t\t\t\t<div class=\"elementor-element elementor-element-bd0a20a elementor-widget elementor-widget-text-editor\" data-id=\"bd0a20a\" data-element_type=\"widget\" data-widget_type=\"text-editor.default\">\n\t\t\t\t<div class=\"elementor-widget-container\">\n\t\t\t\t\t<div class=\"elementor-text-editor elementor-clearfix\"><div class=\"page\" title=\"Page 25\"><div class=\"section\"><div class=\"layoutArea\"><div class=\"column\"><div class=\"page\" title=\"Page 26\"><div class=\"section\"><div class=\"layoutArea\"><div class=\"column\"><p>En la gestio\u0301n 2017 el Ministerio Pu\u0301blico reporto\u0301 un detalle de actuaciones procesales en base a 23.415 causas por delitos insertos en la Ley N\u00b0 348.<\/p><\/div><\/div><\/div><\/div><div class=\"page\" title=\"Page 26\"><div class=\"section\"><div class=\"layoutArea\"><div class=\"column\">\u00a0<\/div><table cellspacing=\"0\" cellpadding=\"0\"><tbody><tr><td colspan=\"3\" valign=\"top\"><p align=\"center\"><span style=\"color: #43358b; font-family: Ubuntu; font-size: small;\"><b>Detalle de actuaciones procesales realizadas en delitos de violencia de g\u00e9nero (2017) <\/b><\/span><\/p><\/td><\/tr><tr><td valign=\"middle\"><p align=\"center\"><span style=\"color: #43358b; font-family: Ubuntu; font-size: small;\">Actuaciones procesales<\/span><\/p><\/td><td valign=\"middle\"><p align=\"center\"><span style=\"color: #43358b; font-family: Ubuntu; font-size: small;\">Cantidad<\/span><\/p><\/td><td valign=\"middle\"><p align=\"center\"><span style=\"color: #43358b; font-family: Ubuntu; font-size: small;\">%<\/span><\/p><\/td><\/tr><tr><td valign=\"middle\"><p><span style=\"color: #676767; font-family: Ubuntu; font-size: small;\">Rechazados<\/span><\/p><\/td><td valign=\"middle\"><p><span style=\"color: #676767; font-family: Ubuntu; font-size: small;\">13.000<\/span><\/p><\/td><td valign=\"middle\"><p><span style=\"color: #676767; font-family: Ubuntu; font-size: small;\">56<\/span><\/p><\/td><\/tr><tr><td valign=\"top\"><p><span style=\"color: #676767; font-family: Ubuntu; font-size: small;\">Imputaci\u00f3n formal <\/span><\/p><\/td><td valign=\"top\"><p><span style=\"color: #676767; font-family: Ubuntu; font-size: small;\">7.702<\/span><\/p><\/td><td valign=\"top\"><p><span style=\"color: #676767; font-family: Ubuntu; font-size: small;\">33<\/span><\/p><\/td><\/tr><tr><td valign=\"top\"><p><span style=\"color: #676767; font-family: Ubuntu; font-size: small;\">Sobreseimiento<\/span><\/p><\/td><td valign=\"top\"><p><span style=\"color: #676767; font-family: Ubuntu; font-size: small;\">304<\/span><\/p><\/td><td valign=\"top\"><p><span style=\"color: #676767; font-family: Ubuntu; font-size: small;\">1<\/span><\/p><\/td><\/tr><tr><td valign=\"top\"><p><span style=\"color: #676767; font-family: Ubuntu; font-size: small;\">Criterio de oportunidad <\/span><\/p><\/td><td valign=\"top\"><p><span style=\"color: #676767; font-family: Ubuntu; font-size: small;\">832<\/span><\/p><\/td><td valign=\"top\"><p><span style=\"color: #676767; font-family: Ubuntu; font-size: small;\">3<\/span><\/p><\/td><\/tr><tr><td valign=\"top\"><p><span style=\"color: #676767; font-family: Ubuntu; font-size: small;\">Acusaciones<\/span><\/p><\/td><td valign=\"top\"><p><span style=\"color: #676767; font-family: Ubuntu; font-size: small;\">677<\/span><\/p><\/td><td valign=\"top\"><p><span style=\"color: #676767; font-family: Ubuntu; font-size: small;\">3<\/span><\/p><\/td><\/tr><tr><td valign=\"middle\"><p><span style=\"color: #676767; font-family: Ubuntu; font-size: small;\">Salidas alternativas <\/span><\/p><\/td><td valign=\"middle\"><p><span style=\"color: #676767; font-family: Ubuntu; font-size: small;\">49<\/span><\/p><\/td><td valign=\"middle\"><p><span style=\"color: #676767; font-family: Ubuntu; font-size: small;\">0<\/span><\/p><\/td><\/tr><tr><td valign=\"middle\"><p><span style=\"color: #676767; font-family: Ubuntu; font-size: small;\">Procedimiento Abreviado<\/span><\/p><\/td><td valign=\"middle\"><p><span style=\"color: #676767; font-family: Ubuntu; font-size: small;\">636<\/span><\/p><\/td><td valign=\"middle\"><p><span style=\"color: #676767; font-family: Ubuntu; font-size: small;\">3<\/span><\/p><\/td><\/tr><tr><td valign=\"middle\"><p><span style=\"color: #676767; font-family: Ubuntu; font-size: small;\">Sentencias condenatorias <\/span><\/p><\/td><td valign=\"top\"><p><span style=\"color: #676767; font-family: Ubuntu; font-size: small;\">215<\/span><\/p><\/td><td valign=\"top\"><p><span style=\"color: #676767; font-family: Ubuntu; font-size: small;\">0,91<\/span><\/p><\/td><\/tr><tr><td valign=\"middle\"><p align=\"center\"><span style=\"color: #43358b; font-family: Ubuntu; font-size: small;\">Total<\/span><\/p><\/td><td valign=\"middle\"><p align=\"center\"><span style=\"color: #43358b; font-family: Ubuntu; font-size: small;\">23.415<\/span><\/p><\/td><td valign=\"middle\"><p align=\"center\"><span style=\"color: #43358b; font-family: Ubuntu; font-size: small;\">100\u00a0%<\/span><\/p><\/td><\/tr><tr><td colspan=\"3\" valign=\"middle\"><p align=\"center\"><span style=\"color: #676767; font-family: Ubuntu; font-size: xx-small;\"><i>Fuente: Modificado Fiscal\u00eda del Estado <\/i><\/span><\/p><\/td><\/tr><\/tbody><\/table><\/div><\/div><\/div><\/div><\/div><\/div><\/div><\/div>\n\t\t\t\t<\/div>\n\t\t\t\t<\/div>\n\t\t\t\t\t\t<\/div>\n\t\t\t\t\t<\/div>\n\t\t<\/div>\n\t\t\t\t\t\t\t\t<\/div>\n\t\t\t\t\t<\/div>\n\t\t<\/section>\n\t\t\t\t<section class=\"elementor-section elementor-top-section elementor-element elementor-element-b7275b3 elementor-section-boxed elementor-section-height-default elementor-section-height-default\" data-id=\"b7275b3\" data-element_type=\"section\">\n\t\t\t\t\t\t<div class=\"elementor-container elementor-column-gap-default\">\n\t\t\t\t\t\t\t<div class=\"elementor-row\">\n\t\t\t\t\t<div class=\"elementor-column elementor-col-100 elementor-top-column elementor-element elementor-element-1cf7cb6\" data-id=\"1cf7cb6\" data-element_type=\"column\">\n\t\t\t<div class=\"elementor-column-wrap elementor-element-populated\">\n\t\t\t\t\t\t\t<div class=\"elementor-widget-wrap\">\n\t\t\t\t\t\t<div class=\"elementor-element elementor-element-ccccaf6 elementor-widget elementor-widget-text-editor\" data-id=\"ccccaf6\" data-element_type=\"widget\" data-widget_type=\"text-editor.default\">\n\t\t\t\t<div class=\"elementor-widget-container\">\n\t\t\t\t\t<div class=\"elementor-text-editor elementor-clearfix\"><div class=\"page\" title=\"Page 25\"><div class=\"section\"><div class=\"layoutArea\"><div class=\"column\"><div class=\"page\" title=\"Page 26\"><div class=\"section\"><div class=\"layoutArea\"><div class=\"column\"><div class=\"page\" title=\"Page 26\"><div class=\"section\"><div class=\"layoutArea\"><div class=\"column\"><p>Si bien la incidencia de la violencia denunciada es alta, lo cual demuestra el uso de la poli\u0301tica pu\u0301blica al sancionar la violencia contra la mujer, el nivel de efectividad es muy bajo, apenas el 0,91% cuenta con una sentencia condenatoria, es decir, que fueron sancionados por la comisio\u0301n del hecho delictivo. Cabe hacer notar que 56% fueron rechazados debido a la falta de pruebas con las que el Ministerio Pu\u0301blico debe realizar la imputacio\u0301n formal. Una de las razones ma\u0301s recurrentes\u00a0<span style=\"font-size: 16px;\">para la falta de pruebas es el abandono por parte de las denunciantes que responde a mu\u0301ltiples\u00a0<\/span><span style=\"font-size: 16px;\">factores.<\/span><\/p><div class=\"page\" title=\"Page 27\"><div class=\"section\"><div class=\"layoutArea\"><div class=\"column\"><p style=\"padding-left: 40px;\"><strong>Feminicidios An\u0303o 2009 &#8211; 2018<\/strong><\/p><p style=\"padding-left: 40px;\">El feminicidio es la extrema violencia hacia la mujer por el hecho de ser mujer, causa\u0301ndole la muerte. En Bolivia anualmente mueren alrededor de 100 mujeres. Estos datos respaldan la argumentacio\u0301n teo\u0301rica de la persistencia en nuestra sociedad del sistema patriarcal que se otorga el poder de determinar sobre la vida o la muerte de las mujeres.<\/p><\/div><\/div><\/div><\/div><\/div><\/div><\/div><\/div><\/div><\/div><\/div><\/div><div class=\"page\" title=\"Page 26\"><div class=\"section\"><div class=\"layoutArea\"><div class=\"column\">\u00a0<\/div><table cellspacing=\"0\" cellpadding=\"0\"><tbody><tr><td valign=\"middle\"><p align=\"center\"><span style=\"color: #43358b; font-family: Ubuntu; font-size: small;\"><b>A\u00f1o<\/b><\/span><\/p><\/td><td valign=\"middle\"><p align=\"center\"><span style=\"color: #43358b; font-family: Ubuntu; font-size: small;\"><b>Feminicidios<\/b><\/span><\/p><\/td><\/tr><tr><td valign=\"middle\"><p align=\"center\"><span style=\"color: #676767; font-family: Ubuntu; font-size: small;\">2009<\/span><\/p><\/td><td valign=\"middle\"><p align=\"center\"><span style=\"color: #676767; font-family: Ubuntu; font-size: small;\">98<\/span><\/p><\/td><\/tr><tr><td valign=\"top\"><p align=\"center\"><span style=\"color: #676767; font-family: Ubuntu; font-size: small;\">2010<\/span><\/p><\/td><td valign=\"top\"><p align=\"center\"><span style=\"color: #676767; font-family: Ubuntu; font-size: small;\">89<\/span><\/p><\/td><\/tr><tr><td valign=\"top\"><p align=\"center\"><span style=\"color: #676767; font-family: Ubuntu; font-size: small;\">2011<\/span><\/p><\/td><td valign=\"top\"><p align=\"center\"><span style=\"color: #676767; font-family: Ubuntu; font-size: small;\">96<\/span><\/p><\/td><\/tr><tr><td valign=\"top\"><p align=\"center\"><span style=\"color: #676767; font-family: Ubuntu; font-size: small;\">2012<\/span><\/p><\/td><td valign=\"top\"><p align=\"center\"><span style=\"color: #676767; font-family: Ubuntu; font-size: small;\">99<\/span><\/p><\/td><\/tr><tr><td valign=\"top\"><p align=\"center\"><span style=\"color: #676767; font-family: Ubuntu; font-size: small;\">2013<\/span><\/p><\/td><td valign=\"top\"><p align=\"center\"><span style=\"color: #676767; font-family: Ubuntu; font-size: small;\">110<\/span><\/p><\/td><\/tr><tr><td valign=\"middle\"><p align=\"center\"><span style=\"color: #676767; font-family: Ubuntu; font-size: small;\">2014<\/span><\/p><\/td><td valign=\"middle\"><p align=\"center\"><span style=\"color: #676767; font-family: Ubuntu; font-size: small;\">114<\/span><\/p><\/td><\/tr><tr><td valign=\"middle\"><p align=\"center\"><span style=\"color: #676767; font-family: Ubuntu; font-size: small;\">2015<\/span><\/p><\/td><td valign=\"middle\"><p align=\"center\"><span style=\"color: #676767; font-family: Ubuntu; font-size: small;\">104<\/span><\/p><\/td><\/tr><tr><td valign=\"middle\"><p align=\"center\"><span style=\"color: #676767; font-family: Ubuntu; font-size: small;\">2016<\/span><\/p><\/td><td valign=\"top\"><p align=\"center\"><span style=\"color: #676767; font-family: Ubuntu; font-size: small;\">111<\/span><\/p><\/td><\/tr><tr><td valign=\"middle\"><p align=\"center\"><span style=\"color: #676767; font-family: Ubuntu; font-size: small;\">2017<\/span><\/p><\/td><td valign=\"middle\"><p align=\"center\"><span style=\"color: #676767; font-family: Ubuntu; font-size: small;\">109<\/span><\/p><\/td><\/tr><tr><td valign=\"middle\"><p align=\"center\"><span style=\"color: #676767; font-family: Ubuntu; font-size: small;\">2018<\/span><\/p><\/td><td valign=\"middle\"><p align=\"center\"><span style=\"color: #676767; font-family: Ubuntu; font-size: small;\">111<\/span><\/p><\/td><\/tr><tr><td valign=\"middle\"><p align=\"center\"><span style=\"color: #43358b; font-family: Ubuntu; font-size: small;\">Total<\/span><\/p><\/td><td valign=\"middle\"><p align=\"center\"><span style=\"color: #43358b; font-family: Ubuntu; font-size: small;\">1041<\/span><\/p><\/td><\/tr><tr><td colspan=\"2\" valign=\"middle\"><p align=\"center\"><span style=\"color: #676767; font-family: Ubuntu; font-size: xx-small;\"><i>Fuente: CIDEM\/Fiscal\u00eda del Estado\/Prensa Nacional. <\/i><\/span><\/p><\/td><\/tr><\/tbody><\/table><\/div><\/div><\/div><\/div><\/div><\/div><\/div><\/div>\n\t\t\t\t<\/div>\n\t\t\t\t<\/div>\n\t\t\t\t\t\t<\/div>\n\t\t\t\t\t<\/div>\n\t\t<\/div>\n\t\t\t\t\t\t\t\t<\/div>\n\t\t\t\t\t<\/div>\n\t\t<\/section>\n\t\t\t\t<section class=\"elementor-section elementor-top-section elementor-element elementor-element-0f523fc elementor-section-boxed elementor-section-height-default elementor-section-height-default\" data-id=\"0f523fc\" data-element_type=\"section\">\n\t\t\t\t\t\t<div class=\"elementor-container elementor-column-gap-default\">\n\t\t\t\t\t\t\t<div class=\"elementor-row\">\n\t\t\t\t\t<div class=\"elementor-column elementor-col-100 elementor-top-column elementor-element elementor-element-5639248\" data-id=\"5639248\" data-element_type=\"column\">\n\t\t\t<div class=\"elementor-column-wrap elementor-element-populated\">\n\t\t\t\t\t\t\t<div class=\"elementor-widget-wrap\">\n\t\t\t\t\t\t<div class=\"elementor-element elementor-element-a991925 elementor-widget elementor-widget-text-editor\" data-id=\"a991925\" data-element_type=\"widget\" data-widget_type=\"text-editor.default\">\n\t\t\t\t<div class=\"elementor-widget-container\">\n\t\t\t\t\t<div class=\"elementor-text-editor elementor-clearfix\"><div class=\"page\" title=\"Page 27\"><div class=\"section\"><div class=\"layoutArea\"><div class=\"column\"><p>Segu\u0301n un estudio de Incidencia de la Violencia contra la Mujer en el Municipio de Sucre (2017), realizado por el Centro Juana Azurduy:<\/p><ul><li><p>9 de cada 10 mujeres han vivido al menos un episodio de violencia, en los u\u0301ltimos doce meses.<\/p><\/li><li><p>8 de cada 10 mujeres han sufrido violencia psicolo\u0301gica, en los u\u0301ltimos doce meses.<\/p><\/li><li><p>5 de cada 10 mujeres han sufrido violencia fi\u0301sica, en los u\u0301ltimos doce meses.<\/p><\/li><li><p>4 a 5 de cada 10 mujeres han sufrido violencia sexual, en los u\u0301ltimos doce meses.<\/p><\/li><li><p>6 de cada 10 mujeres han sufrido violencia econo\u0301mica, en los u\u0301ltimos doce meses.<\/p><\/li><li><p>So\u0301lo el 17% de las entrevistadas indican haber realizado una denuncia por violencia ante una\u00a0<span style=\"font-size: 15px; color: var( --e-global-color-text );\">instancia estatal o privada especializada.<\/span><\/p><\/li><li><p>51% de las mujeres conoce la existencia de las leyes que las protegen y las valora altamente y\u00a0<span style=\"font-size: 15px; color: var( --e-global-color-text );\">el 49% conoce las leyes, pero cree que no son efectivas.<\/span><\/p><\/li><li><p>89% de las mujeres atribuyen la violencia a contextos y problemas del entorno como consumo\u00a0<span style=\"font-size: 15px; color: var( --e-global-color-text );\">de drogas y alcohol, 86% a la influencia de los amigos y la familia, 86% a la cultura machista,\u00a0<\/span><span style=\"font-size: 15px; color: var( --e-global-color-text );\">33% indica que \u201cla mujer habra\u0301 hecho algo malo\u201d.<\/span><\/p><\/li><li><p>46% de las mujeres consideran que se le otorga poca o ninguna importancia a esta problem\u00e1<span style=\"font-size: 15px; color: var( --e-global-color-text );\">tica y 54% cree que se da alta valoracio\u0301n.<\/span><\/p><\/li><\/ul><\/div><\/div><\/div><\/div><\/div>\n\t\t\t\t<\/div>\n\t\t\t\t<\/div>\n\t\t\t\t\t\t<\/div>\n\t\t\t\t\t<\/div>\n\t\t<\/div>\n\t\t\t\t\t\t\t\t<\/div>\n\t\t\t\t\t<\/div>\n\t\t<\/section>\n\t\t\t\t<section class=\"elementor-section elementor-top-section elementor-element elementor-element-a6520c1 elementor-section-boxed elementor-section-height-default elementor-section-height-default\" data-id=\"a6520c1\" data-element_type=\"section\">\n\t\t\t\t\t\t<div class=\"elementor-container elementor-column-gap-default\">\n\t\t\t\t\t\t\t<div class=\"elementor-row\">\n\t\t\t\t\t<div class=\"elementor-column elementor-col-100 elementor-top-column elementor-element elementor-element-9ce9f8e\" data-id=\"9ce9f8e\" data-element_type=\"column\">\n\t\t\t<div class=\"elementor-column-wrap elementor-element-populated\">\n\t\t\t\t\t\t\t<div class=\"elementor-widget-wrap\">\n\t\t\t\t\t\t<div class=\"elementor-element elementor-element-f65b6db elementor-widget elementor-widget-heading\" data-id=\"f65b6db\" data-element_type=\"widget\" data-widget_type=\"heading.default\">\n\t\t\t\t<div class=\"elementor-widget-container\">\n\t\t\t<h2 class=\"elementor-heading-title elementor-size-default\">1.5 Sesgo de g\u00e9nero en la administraci\u00f3n de justicia<\/h2>\t\t<\/div>\n\t\t\t\t<\/div>\n\t\t\t\t\t\t<\/div>\n\t\t\t\t\t<\/div>\n\t\t<\/div>\n\t\t\t\t\t\t\t\t<\/div>\n\t\t\t\t\t<\/div>\n\t\t<\/section>\n\t\t\t\t<section class=\"elementor-section elementor-top-section elementor-element elementor-element-2dfccfc elementor-section-boxed elementor-section-height-default elementor-section-height-default\" data-id=\"2dfccfc\" data-element_type=\"section\">\n\t\t\t\t\t\t<div class=\"elementor-container elementor-column-gap-default\">\n\t\t\t\t\t\t\t<div class=\"elementor-row\">\n\t\t\t\t\t<div class=\"elementor-column elementor-col-100 elementor-top-column elementor-element elementor-element-4505510\" data-id=\"4505510\" data-element_type=\"column\">\n\t\t\t<div class=\"elementor-column-wrap elementor-element-populated\">\n\t\t\t\t\t\t\t<div class=\"elementor-widget-wrap\">\n\t\t\t\t\t\t<div class=\"elementor-element elementor-element-a212f6e elementor-widget elementor-widget-text-editor\" data-id=\"a212f6e\" data-element_type=\"widget\" data-widget_type=\"text-editor.default\">\n\t\t\t\t<div class=\"elementor-widget-container\">\n\t\t\t\t\t<div class=\"elementor-text-editor elementor-clearfix\"><div class=\"page\" title=\"Page 25\">\n<div class=\"section\">\n<div class=\"layoutArea\">\n<div class=\"column\">\n<div class=\"page\" title=\"Page 26\">\n<div class=\"section\">\n<div class=\"layoutArea\">\n<div class=\"column\">\n<div class=\"page\" title=\"Page 28\">\n<div class=\"section\">\n<div class=\"layoutArea\">\n<div class=\"column\">\n\nLa administracio\u0301n de justicia tiene como base un conjunto de mecanismos normativos, procedimentales e institucionales legalmente constituidos. Las\/os operadoras\/es judiciales son los encargados de dar funcionamiento a este sistema. Personas portadoras de una construccio\u0301n cultural, posicio\u0301n poli\u0301tica, e\u0301tica y religiosa, con capacidades y formacio\u0301n te\u0301cnica especializada, quienes desde sus valores e ideologi\u0301a resuelven las controversias a nombre del Estado.\n\nSi bien en teori\u0301a se considera al derecho y la justicia como un sistema objetivo, equilibrado y con los ojos vendados (en una representacio\u0301n de imparcialidad), en la pra\u0301ctica, al ser personas quienes la aplican, sus resoluciones esta\u0301n cargadas de subjetividad y sesgos determinados por sus propias construcciones culturales y psicolo\u0301gicas.\n\nDesde la teori\u0301a feminista, que considera que el patriarcado y el sistema de relaciones de ge\u0301nero permean todas las estructuras societales. La administracio\u0301n de justicia no se libera de esa condicio\u0301n, identifica\u0301ndose materialmente el sesgo de ge\u0301nero en su aplicacio\u0301n.\n\nSe entiende por sesgo de ge\u0301nero en la aplicacio\u0301n de justicia:\n\n\u201cA las actitudes o comportamientos de parte de los actores del sistema de administracio\u0301n de justicia, basados en ciertos prejuicios, percepciones, valores y estereotipos sobre el rol del hombre y la mujer en la sociedad y que pueden pesar al momento de adoptar decisiones judiciales, produce discriminacio\u0301n e irrespeto de los derechos de la mujer. En algunos casos no necesariamente es una actitud deliberada en el juzgador\u201d (In\u0303iguez 2003).\n\nLa autora hace esta afirmacio\u0301n, basada en la idea que el patriarcado se ha internalizado tanto en la cultura y valores de los juzgadores, que sus posiciones sesgadas por el ge\u0301nero, se basan en su conviccio\u0301n de una correcta aplicacio\u0301n de la norma. Por lo que es una tarea fundamental, evidenciar, cuestionar y desmontar esta ideologi\u0301a enraizada en todas las estructuras de la sociedad. Para lograr cambios hacia una sociedad con mayor equidad de ge\u0301nero, el desarrollo normativo debe estar necesariamente acompan\u0303ado de poli\u0301ticas eficientes dirigidas al cambio de mentalidad y actitudes de la sociedad<a class=\"tooltips\" title=\"Conexi\u00f3n \u2013 Fondo de Emancipaci\u00f3n: La sana cr\u00edtica del Juez en la aplicaci\u00f3n de justicia a casos de violencia contra mujeres (2014).\"><sup>10<\/sup><\/a>.\n\nLa \u201cSana cri\u0301tica del Juez\u201d, sistema adoptado por la normativa boliviana, que basa la resolucio\u0301n de las controversias en una serie de factores y entre ellos la \u201clo\u0301gica de pensamiento\u201d, corre el riesgo de verse afectada en cuanto a la ecuanimidad que pretende, al influir en las\/los administradoras\/es de justicia la ideologi\u0301a patriarcal vigente en nuestra sociedad, colocando los derechos de las mujeres, en alto grado de vulnerabilidad.\n\n<\/div>\n<\/div>\n<\/div>\n<\/div>\n<\/div>\n<\/div>\n<\/div>\n<\/div>\n<\/div>\n<\/div>\n<\/div>\n<\/div><\/div>\n\t\t\t\t<\/div>\n\t\t\t\t<\/div>\n\t\t\t\t\t\t<\/div>\n\t\t\t\t\t<\/div>\n\t\t<\/div>\n\t\t\t\t\t\t\t\t<\/div>\n\t\t\t\t\t<\/div>\n\t\t<\/section>\n\t\t\t\t\t\t<\/div>\n\t\t\t\t\t\t<\/div>\n\t\t\t\t\t<\/div>\n\t\t","protected":false},"excerpt":{"rendered":"<p>1.1 Base estructural de la violencia contra la mujer 1.1.1 Feminismo y patriarcado La violencia contra la mujer2, basada en las relaciones sexo-ge\u0301nero, es un feno\u0301meno social que pone de manifiesto la vigencia de un sistema patriarcal al interior de las estructuras y organizacio\u0301n de la sociedad. Es una de las expresiones ma\u0301s perversas y &hellip;<\/p>\n<p class=\"read-more\"> <a class=\"\" href=\"https:\/\/alvi.centrojuanaazurduy.org\/index.php\/1-marco-teorico-para-el-trabajo-con-mujeres-en-situacion-de-violencia\/\"> <span class=\"screen-reader-text\">1. MARCO TE\u00d3RICO PARA EL TRABAJO CON MUJERES EN SITUACI\u00d3N DE VIOLENCIA<\/span> Leer m\u00e1s &raquo;<\/a><\/p>\n","protected":false},"author":1,"featured_media":0,"comment_status":"closed","ping_status":"closed","sticky":false,"template":"","format":"standard","meta":{"footnotes":""},"categories":[4],"tags":[],"class_list":["post-1942","post","type-post","status-publish","format-standard","hentry","category-gavvi"],"_links":{"self":[{"href":"https:\/\/alvi.centrojuanaazurduy.org\/index.php\/wp-json\/wp\/v2\/posts\/1942","targetHints":{"allow":["GET"]}}],"collection":[{"href":"https:\/\/alvi.centrojuanaazurduy.org\/index.php\/wp-json\/wp\/v2\/posts"}],"about":[{"href":"https:\/\/alvi.centrojuanaazurduy.org\/index.php\/wp-json\/wp\/v2\/types\/post"}],"author":[{"embeddable":true,"href":"https:\/\/alvi.centrojuanaazurduy.org\/index.php\/wp-json\/wp\/v2\/users\/1"}],"replies":[{"embeddable":true,"href":"https:\/\/alvi.centrojuanaazurduy.org\/index.php\/wp-json\/wp\/v2\/comments?post=1942"}],"version-history":[{"count":42,"href":"https:\/\/alvi.centrojuanaazurduy.org\/index.php\/wp-json\/wp\/v2\/posts\/1942\/revisions"}],"predecessor-version":[{"id":5212,"href":"https:\/\/alvi.centrojuanaazurduy.org\/index.php\/wp-json\/wp\/v2\/posts\/1942\/revisions\/5212"}],"wp:attachment":[{"href":"https:\/\/alvi.centrojuanaazurduy.org\/index.php\/wp-json\/wp\/v2\/media?parent=1942"}],"wp:term":[{"taxonomy":"category","embeddable":true,"href":"https:\/\/alvi.centrojuanaazurduy.org\/index.php\/wp-json\/wp\/v2\/categories?post=1942"},{"taxonomy":"post_tag","embeddable":true,"href":"https:\/\/alvi.centrojuanaazurduy.org\/index.php\/wp-json\/wp\/v2\/tags?post=1942"}],"curies":[{"name":"wp","href":"https:\/\/api.w.org\/{rel}","templated":true}]}}