{"id":1903,"date":"2020-11-27T10:35:51","date_gmt":"2020-11-27T14:35:51","guid":{"rendered":"http:\/\/gavvi.monstruoestudio.com\/?p=1903"},"modified":"2020-11-27T10:35:51","modified_gmt":"2020-11-27T14:35:51","slug":"10-niveles-de-prevencion-y-atencion-integral","status":"publish","type":"post","link":"https:\/\/alvi.centrojuanaazurduy.org\/index.php\/10-niveles-de-prevencion-y-atencion-integral\/","title":{"rendered":"10. NIVELES DE PREVENCI\u00d3N Y ATENCI\u00d3N INTEGRAL"},"content":{"rendered":"\t\t<div data-elementor-type=\"wp-post\" data-elementor-id=\"1903\" class=\"elementor elementor-1903\" data-elementor-settings=\"[]\">\n\t\t\t\t\t\t<div class=\"elementor-inner\">\n\t\t\t\t\t\t\t<div class=\"elementor-section-wrap\">\n\t\t\t\t\t\t\t<section class=\"elementor-section elementor-top-section elementor-element elementor-element-cdce013 elementor-section-boxed elementor-section-height-default elementor-section-height-default\" data-id=\"cdce013\" data-element_type=\"section\">\n\t\t\t\t\t\t<div class=\"elementor-container elementor-column-gap-default\">\n\t\t\t\t\t\t\t<div class=\"elementor-row\">\n\t\t\t\t\t<div class=\"elementor-column elementor-col-100 elementor-top-column elementor-element elementor-element-48263cd\" data-id=\"48263cd\" data-element_type=\"column\">\n\t\t\t<div class=\"elementor-column-wrap elementor-element-populated\">\n\t\t\t\t\t\t\t<div class=\"elementor-widget-wrap\">\n\t\t\t\t\t\t<div class=\"elementor-element elementor-element-dc6497f elementor-widget elementor-widget-theme-post-title elementor-page-title elementor-widget-heading\" data-id=\"dc6497f\" data-element_type=\"widget\" data-widget_type=\"theme-post-title.default\">\n\t\t\t\t<div class=\"elementor-widget-container\">\n\t\t\t<h1 class=\"elementor-heading-title elementor-size-default\">10. NIVELES DE PREVENCI\u00d3N Y ATENCI\u00d3N INTEGRAL<\/h1>\t\t<\/div>\n\t\t\t\t<\/div>\n\t\t\t\t\t\t<\/div>\n\t\t\t\t\t<\/div>\n\t\t<\/div>\n\t\t\t\t\t\t\t\t<\/div>\n\t\t\t\t\t<\/div>\n\t\t<\/section>\n\t\t\t\t<section class=\"elementor-section elementor-top-section elementor-element elementor-element-5c596da elementor-section-boxed elementor-section-height-default elementor-section-height-default\" data-id=\"5c596da\" data-element_type=\"section\">\n\t\t\t\t\t\t<div class=\"elementor-container elementor-column-gap-default\">\n\t\t\t\t\t\t\t<div class=\"elementor-row\">\n\t\t\t\t\t<div class=\"elementor-column elementor-col-100 elementor-top-column elementor-element elementor-element-630223e\" data-id=\"630223e\" data-element_type=\"column\">\n\t\t\t<div class=\"elementor-column-wrap elementor-element-populated\">\n\t\t\t\t\t\t\t<div class=\"elementor-widget-wrap\">\n\t\t\t\t\t\t<div class=\"elementor-element elementor-element-ecba5fc elementor-widget elementor-widget-text-editor\" data-id=\"ecba5fc\" data-element_type=\"widget\" data-widget_type=\"text-editor.default\">\n\t\t\t\t<div class=\"elementor-widget-container\">\n\t\t\t\t\t<div class=\"elementor-text-editor elementor-clearfix\"><div class=\"page\" title=\"Page 15\"><div class=\"section\"><div class=\"layoutArea\"><div class=\"column\"><div class=\"page\" title=\"Page 35\"><div class=\"section\"><div class=\"layoutArea\"><div class=\"column\"><p>El presente protocolo establece las acciones y momentos en que deben actuar las instituciones pu\u0301blicas y de la sociedad civil que tienen atribuciones, funciones o competencias para contribuir a garanti<span style=\"font-size: 15px; color: var( --e-global-color-text );\">zar a nin\u0303as, nin\u0303os y adolescentes una vida sin vulneracio\u0301n a su integridad sexual, se plantean 4 niveles de prevencio\u0301n y uno de atencio\u0301n integral:<\/span><\/p><div class=\"page\" title=\"Page 36\"><div class=\"section\"><div class=\"layoutArea\"><div class=\"column\"><ul><li style=\"list-style-type: none;\"><ul><li style=\"list-style-type: none;\"><ul><li><p>Prevencio\u0301n Primordial<\/p><\/li><li><p>Prevencio\u0301n Primaria,<\/p><\/li><li><p>Prevencio\u0301n Secundaria<\/p><\/li><li><p>Prevencio\u0301n Terciaria,<\/p><\/li><li><p>Atencio\u0301n Integral<\/p><\/li><\/ul><\/li><\/ul><\/li><\/ul><\/div><\/div><\/div><\/div><\/div><\/div><\/div><\/div><\/div><\/div><\/div><\/div><\/div>\n\t\t\t\t<\/div>\n\t\t\t\t<\/div>\n\t\t\t\t\t\t<\/div>\n\t\t\t\t\t<\/div>\n\t\t<\/div>\n\t\t\t\t\t\t\t\t<\/div>\n\t\t\t\t\t<\/div>\n\t\t<\/section>\n\t\t\t\t<section class=\"elementor-section elementor-top-section elementor-element elementor-element-dc99106 elementor-section-boxed elementor-section-height-default elementor-section-height-default\" data-id=\"dc99106\" data-element_type=\"section\">\n\t\t\t\t\t\t<div class=\"elementor-container elementor-column-gap-default\">\n\t\t\t\t\t\t\t<div class=\"elementor-row\">\n\t\t\t\t\t<div class=\"elementor-column elementor-col-100 elementor-top-column elementor-element elementor-element-660b743\" data-id=\"660b743\" data-element_type=\"column\">\n\t\t\t<div class=\"elementor-column-wrap elementor-element-populated\">\n\t\t\t\t\t\t\t<div class=\"elementor-widget-wrap\">\n\t\t\t\t\t\t<div class=\"elementor-element elementor-element-7ad26a3 elementor-widget elementor-widget-heading\" data-id=\"7ad26a3\" data-element_type=\"widget\" data-widget_type=\"heading.default\">\n\t\t\t\t<div class=\"elementor-widget-container\">\n\t\t\t<h2 class=\"elementor-heading-title elementor-size-default\">10.1 PREVENCI\u00d3N PRIMORDIAL<\/h2>\t\t<\/div>\n\t\t\t\t<\/div>\n\t\t\t\t\t\t<\/div>\n\t\t\t\t\t<\/div>\n\t\t<\/div>\n\t\t\t\t\t\t\t\t<\/div>\n\t\t\t\t\t<\/div>\n\t\t<\/section>\n\t\t\t\t<section class=\"elementor-section elementor-top-section elementor-element elementor-element-1ad270b elementor-section-boxed elementor-section-height-default elementor-section-height-default\" data-id=\"1ad270b\" data-element_type=\"section\">\n\t\t\t\t\t\t<div class=\"elementor-container elementor-column-gap-default\">\n\t\t\t\t\t\t\t<div class=\"elementor-row\">\n\t\t\t\t\t<div class=\"elementor-column elementor-col-100 elementor-top-column elementor-element elementor-element-5b2fdc0\" data-id=\"5b2fdc0\" data-element_type=\"column\">\n\t\t\t<div class=\"elementor-column-wrap elementor-element-populated\">\n\t\t\t\t\t\t\t<div class=\"elementor-widget-wrap\">\n\t\t\t\t\t\t<div class=\"elementor-element elementor-element-97444ed elementor-widget elementor-widget-text-editor\" data-id=\"97444ed\" data-element_type=\"widget\" data-widget_type=\"text-editor.default\">\n\t\t\t\t<div class=\"elementor-widget-container\">\n\t\t\t\t\t<div class=\"elementor-text-editor elementor-clearfix\"><div class=\"page\" title=\"Page 36\"><div class=\"section\"><div class=\"layoutArea\"><div class=\"column\"><p>En este Protocolo se encara la prevencio\u0301n como mecanismo para el cambio estructural, desde un enfoque general denominado \u201cPrevencio\u0301n Primordial\u201d, en el cual, al Estado en el nivel Central, nivel Departamental, nivel Municipal y nivel autono\u0301mico de las Naciones y Pueblos Indi\u0301gena Originario Campesinos, le corresponde la formulacio\u0301n e implementacio\u0301n de las Poli\u0301ticas, los Programas y Protocolos en el marco normativo vigente, a trave\u0301s de un proceso de coordinacio\u0301n sectorial e intersectorial a la cabeza del Ministerio de Justicia en su calidad de Ente Rector.<\/p><\/div><\/div><\/div><\/div><\/div>\n\t\t\t\t<\/div>\n\t\t\t\t<\/div>\n\t\t\t\t\t\t<\/div>\n\t\t\t\t\t<\/div>\n\t\t<\/div>\n\t\t\t\t\t\t\t\t<\/div>\n\t\t\t\t\t<\/div>\n\t\t<\/section>\n\t\t\t\t<section class=\"elementor-section elementor-top-section elementor-element elementor-element-c455189 elementor-section-boxed elementor-section-height-default elementor-section-height-default\" data-id=\"c455189\" data-element_type=\"section\">\n\t\t\t\t\t\t<div class=\"elementor-container elementor-column-gap-default\">\n\t\t\t\t\t\t\t<div class=\"elementor-row\">\n\t\t\t\t\t<div class=\"elementor-column elementor-col-100 elementor-top-column elementor-element elementor-element-70cb9eb\" data-id=\"70cb9eb\" data-element_type=\"column\">\n\t\t\t<div class=\"elementor-column-wrap elementor-element-populated\">\n\t\t\t\t\t\t\t<div class=\"elementor-widget-wrap\">\n\t\t\t\t\t\t<div class=\"elementor-element elementor-element-7312801 elementor-widget elementor-widget-heading\" data-id=\"7312801\" data-element_type=\"widget\" data-widget_type=\"heading.default\">\n\t\t\t\t<div class=\"elementor-widget-container\">\n\t\t\t<h3 class=\"elementor-heading-title elementor-size-default\">a. Acciones<\/h3>\t\t<\/div>\n\t\t\t\t<\/div>\n\t\t\t\t\t\t<\/div>\n\t\t\t\t\t<\/div>\n\t\t<\/div>\n\t\t\t\t\t\t\t\t<\/div>\n\t\t\t\t\t<\/div>\n\t\t<\/section>\n\t\t\t\t<section class=\"elementor-section elementor-top-section elementor-element elementor-element-c4910a9 elementor-section-boxed elementor-section-height-default elementor-section-height-default\" data-id=\"c4910a9\" data-element_type=\"section\">\n\t\t\t\t\t\t<div class=\"elementor-container elementor-column-gap-default\">\n\t\t\t\t\t\t\t<div class=\"elementor-row\">\n\t\t\t\t\t<div class=\"elementor-column elementor-col-100 elementor-top-column elementor-element elementor-element-59a011f\" data-id=\"59a011f\" data-element_type=\"column\">\n\t\t\t<div class=\"elementor-column-wrap elementor-element-populated\">\n\t\t\t\t\t\t\t<div class=\"elementor-widget-wrap\">\n\t\t\t\t\t\t<div class=\"elementor-element elementor-element-24593d2 elementor-widget elementor-widget-text-editor\" data-id=\"24593d2\" data-element_type=\"widget\" data-widget_type=\"text-editor.default\">\n\t\t\t\t<div class=\"elementor-widget-container\">\n\t\t\t\t\t<div class=\"elementor-text-editor elementor-clearfix\"><div class=\"page\" title=\"Page 36\"><div class=\"section\"><div class=\"layoutArea\"><div class=\"column\"><div class=\"page\" title=\"Page 36\"><div class=\"section\"><div class=\"layoutArea\"><div class=\"column\"><p>Con este fin el Estado realiza acciones sectoriales e intersectoriales para la implementacio\u0301n de las Poli\u0301ticas, planes, programas y protocolos en el marco de sus competencias establecidas por Ley.<\/p><p>Las acciones van dirigidas a toda la poblacio\u0301n para promover el surgimiento y consolidacio\u0301n de patrones de vida, actitudes y ha\u0301bitos de respeto, con li\u0301mites claros sobre la sexualidad, el cuidado del cuerpo, el fortalecimiento de la autoestima, el reconocimiento y respeto de la libertad y la dignidad de las personas, la cultura de resolucio\u0301n paci\u0301fica de conflictos con calidad en todas las a\u0301reas de la vida: social, econo\u0301mica, cultural, espiritual, familiar, comunitaria, poli\u0301tica con el fin de mantener una buena salud fi\u0301sica, psicolo\u0301gica y espiritual y reducir el riesgo de desestructuracio\u0301n personal y social.<\/p><p>Las acciones que deben realizar las entidades estatales esta\u0301n referidas a la adopcio\u0301n, aplicacio\u0301n y socializacio\u0301n de la normativa, poli\u0301ticas y programas destinados a generar un cambio estructural, para lo que es necesaria, la coordinacio\u0301n de estrategias de comunicacio\u0301n masivas sobre la tema\u0301tica, acuerdos sobre la forma de intervencio\u0301n en la prevencio\u0301n de la vulneracio\u0301n de la integridad sexual de nin\u0303as, nin\u0303os y adolescentes desde sus propias atribuciones y competencias. Cada Ministerio debe adoptar e implementar estrategias de prevencio\u0301n en sus respectivos sistemas y promover acciones articuladas en el marco de sus competencias.<\/p><\/div><\/div><\/div><\/div><\/div><\/div><\/div><\/div><\/div>\n\t\t\t\t<\/div>\n\t\t\t\t<\/div>\n\t\t\t\t\t\t<\/div>\n\t\t\t\t\t<\/div>\n\t\t<\/div>\n\t\t\t\t\t\t\t\t<\/div>\n\t\t\t\t\t<\/div>\n\t\t<\/section>\n\t\t\t\t<section class=\"elementor-section elementor-top-section elementor-element elementor-element-cd6cad2 elementor-section-boxed elementor-section-height-default elementor-section-height-default\" data-id=\"cd6cad2\" data-element_type=\"section\">\n\t\t\t\t\t\t<div class=\"elementor-container elementor-column-gap-default\">\n\t\t\t\t\t\t\t<div class=\"elementor-row\">\n\t\t\t\t\t<div class=\"elementor-column elementor-col-100 elementor-top-column elementor-element elementor-element-764177d\" data-id=\"764177d\" data-element_type=\"column\">\n\t\t\t<div class=\"elementor-column-wrap elementor-element-populated\">\n\t\t\t\t\t\t\t<div class=\"elementor-widget-wrap\">\n\t\t\t\t\t\t<div class=\"elementor-element elementor-element-f3189ed elementor-widget elementor-widget-heading\" data-id=\"f3189ed\" data-element_type=\"widget\" data-widget_type=\"heading.default\">\n\t\t\t\t<div class=\"elementor-widget-container\">\n\t\t\t<h2 class=\"elementor-heading-title elementor-size-default\">10.2 PREVENCI\u00d3N PRIMARIA<\/h2>\t\t<\/div>\n\t\t\t\t<\/div>\n\t\t\t\t\t\t<\/div>\n\t\t\t\t\t<\/div>\n\t\t<\/div>\n\t\t\t\t\t\t\t\t<\/div>\n\t\t\t\t\t<\/div>\n\t\t<\/section>\n\t\t\t\t<section class=\"elementor-section elementor-top-section elementor-element elementor-element-e11592a elementor-section-boxed elementor-section-height-default elementor-section-height-default\" data-id=\"e11592a\" data-element_type=\"section\">\n\t\t\t\t\t\t<div class=\"elementor-container elementor-column-gap-default\">\n\t\t\t\t\t\t\t<div class=\"elementor-row\">\n\t\t\t\t\t<div class=\"elementor-column elementor-col-100 elementor-top-column elementor-element elementor-element-997d14f\" data-id=\"997d14f\" data-element_type=\"column\">\n\t\t\t<div class=\"elementor-column-wrap elementor-element-populated\">\n\t\t\t\t\t\t\t<div class=\"elementor-widget-wrap\">\n\t\t\t\t\t\t<div class=\"elementor-element elementor-element-5ee1998 elementor-widget elementor-widget-text-editor\" data-id=\"5ee1998\" data-element_type=\"widget\" data-widget_type=\"text-editor.default\">\n\t\t\t\t<div class=\"elementor-widget-container\">\n\t\t\t\t\t<div class=\"elementor-text-editor elementor-clearfix\"><div class=\"page\" title=\"Page 36\">\n<div class=\"section\">\n<div class=\"layoutArea\">\n<div class=\"column\">\n<p>El nivel de prevenci\u00f3n primaria se ha previsto para evitar que las nin\u0303as, nin\u0303os y adolescentes sean afectados en su integridad sexual, llegando a grupos especi\u0301ficos de poblacio\u0301n.<\/p>\n<p>Este nivel permitir\u00e1 tambie\u0301n identificar a la poblacio\u0301n en riesgo de vulneracio\u0301n del derecho a la integridad sexual, como de situaciones de vulneracio\u0301n del mismo.<\/p>\n<div class=\"page\" title=\"Page 37\">\n<div class=\"section\">\n<div class=\"layoutArea\">\n<div class=\"column\">\n<p>La Prevencio\u0301n Primaria debe estar dirigida a:<\/p>\n<div class=\"page\" title=\"Page 37\">\n<div class=\"section\">\n<div class=\"layoutArea\">\n<div class=\"column\">\n<ul>\n<li>\n<p>Ni\u00f1as, ni\u00f1os o adolescentes, para encarar procesos de informaci\u00f3n espec\u00edfica, formacio\u0301n de habilidades de auto proteccio\u0301n y fortalecimiento de capacidades (en especial de su capacidad de resiliencia) para la transformacio\u0301n de las condiciones de riesgo de ser v\u00edctimas.<\/p>\n<\/li>\n<li>\n<p>Maestras\/os directoras\/es y personal administrativo de las unidades educativas para superar los efectos de las situaciones de violencia que hubiesen vivido y generar fortalezas para el trabajo con sus estudiantes, desarrollando sus capacidades para detectar casos de vulneracio\u0301n a la integridad sexual de estudiantes, conocer y aplicar las estrategias adecuadas para fortalecer las capacidades de sus estudiantes, dotarlas\/os con herramientas para brindar contencio\u0301n primaria, y que conozcan el presente Protocolo para la remisio\u0301n y derivacio\u0301n de los casos detectados a las instancias correspondientes.<\/p>\n<\/li>\n<li>\n<p>Padres\/madres de familia para que desarrollen estrategias de prevencio\u0301n contra la vulneracio\u0301n a la integridad sexual de sus hijas e hijos, basadas en la pra\u0301ctica de los derechos humanos en la familia, el trato respetuoso y afectivo entre sus integrantes, la comunicacio\u0301n asertiva, la capacidad de tomar acuerdos y otros temas referidos al fortalecimiento de las capacidades psicosociales de los miembros de la familia o nu\u0301cleo ba\u0301sico de convivencia.<\/p>\n<\/li>\n<li>\n<p>Comunidad e instituciones de la sociedad civil, a fin de desarrollar sus capacidades para detectar casos de vulneracio\u0301n a la integridad sexual de nin\u0303as, nin\u0303os y adolescentes en su barrio o zona. Asimismo, dotarlas\/os con herramientas para brindar la proteccio\u0301n necesaria.<\/p>\n<\/li>\n<li>\n<p>Autoridades Indi\u0301gena Originarias Campesinas para que desarrollen estrategias de prevencio\u0301n contra la vulneracio\u0301n a la integridad sexual de las nin\u0303as, nin\u0303os y adolescentes, basadas en la pra\u0301ctica de los derechos humanos, el trato respetuoso, recuperar los saberes y conocimientos favorables al Intere\u0301s Superior del Nin\u0303o; de las culturas ancestrales y sus principios.<\/p>\n<\/li>\n<\/ul>\n<\/div>\n<\/div>\n<\/div>\n<\/div>\n<\/div>\n<\/div>\n<\/div>\n<\/div>\n<\/div>\n<\/div>\n<\/div>\n<\/div><\/div>\n\t\t\t\t<\/div>\n\t\t\t\t<\/div>\n\t\t\t\t\t\t<\/div>\n\t\t\t\t\t<\/div>\n\t\t<\/div>\n\t\t\t\t\t\t\t\t<\/div>\n\t\t\t\t\t<\/div>\n\t\t<\/section>\n\t\t\t\t<section class=\"elementor-section elementor-top-section elementor-element elementor-element-e112648 elementor-section-boxed elementor-section-height-default elementor-section-height-default\" data-id=\"e112648\" data-element_type=\"section\">\n\t\t\t\t\t\t<div class=\"elementor-container elementor-column-gap-default\">\n\t\t\t\t\t\t\t<div class=\"elementor-row\">\n\t\t\t\t\t<div class=\"elementor-column elementor-col-100 elementor-top-column elementor-element elementor-element-31cfa8d\" data-id=\"31cfa8d\" data-element_type=\"column\">\n\t\t\t<div class=\"elementor-column-wrap elementor-element-populated\">\n\t\t\t\t\t\t\t<div class=\"elementor-widget-wrap\">\n\t\t\t\t\t\t<div class=\"elementor-element elementor-element-5bcb3f1 elementor-widget elementor-widget-heading\" data-id=\"5bcb3f1\" data-element_type=\"widget\" data-widget_type=\"heading.default\">\n\t\t\t\t<div class=\"elementor-widget-container\">\n\t\t\t<h3 class=\"elementor-heading-title elementor-size-default\">a. Instituciones responsables<\/h3>\t\t<\/div>\n\t\t\t\t<\/div>\n\t\t\t\t\t\t<\/div>\n\t\t\t\t\t<\/div>\n\t\t<\/div>\n\t\t\t\t\t\t\t\t<\/div>\n\t\t\t\t\t<\/div>\n\t\t<\/section>\n\t\t\t\t<section class=\"elementor-section elementor-top-section elementor-element elementor-element-e6bd7f4 elementor-section-boxed elementor-section-height-default elementor-section-height-default\" data-id=\"e6bd7f4\" data-element_type=\"section\">\n\t\t\t\t\t\t<div class=\"elementor-container elementor-column-gap-default\">\n\t\t\t\t\t\t\t<div class=\"elementor-row\">\n\t\t\t\t\t<div class=\"elementor-column elementor-col-100 elementor-top-column elementor-element elementor-element-89d2498\" data-id=\"89d2498\" data-element_type=\"column\">\n\t\t\t<div class=\"elementor-column-wrap elementor-element-populated\">\n\t\t\t\t\t\t\t<div class=\"elementor-widget-wrap\">\n\t\t\t\t\t\t<div class=\"elementor-element elementor-element-fbcfd15 elementor-widget elementor-widget-text-editor\" data-id=\"fbcfd15\" data-element_type=\"widget\" data-widget_type=\"text-editor.default\">\n\t\t\t\t<div class=\"elementor-widget-container\">\n\t\t\t\t\t<div class=\"elementor-text-editor elementor-clearfix\"><div class=\"page\" title=\"Page 36\"><div class=\"section\"><div class=\"layoutArea\"><div class=\"column\"><div class=\"page\" title=\"Page 37\"><div class=\"section\"><div class=\"layoutArea\"><div class=\"column\"><p>Las instituciones responsables de realizar las acciones de prevencio\u0301n primaria son instituciones pu\u0301blicas del nivel central, asi\u0301 como entidades territoriales auto\u0301nomas e instituciones privadas que trabajan en la proteccio\u0301n y seguridad de la nin\u0303ez y adolescencia; y\/o aquellas especializadas en la atencio\u0301n integral de casos de vulneracio\u0301n a la integridad sexual de nin\u0303as, nin\u0303os y adolescentes.<\/p><\/div><\/div><\/div><\/div><\/div><\/div><\/div><\/div><\/div>\n\t\t\t\t<\/div>\n\t\t\t\t<\/div>\n\t\t\t\t\t\t<\/div>\n\t\t\t\t\t<\/div>\n\t\t<\/div>\n\t\t\t\t\t\t\t\t<\/div>\n\t\t\t\t\t<\/div>\n\t\t<\/section>\n\t\t\t\t<section class=\"elementor-section elementor-top-section elementor-element elementor-element-c4b2de6 elementor-section-boxed elementor-section-height-default elementor-section-height-default\" data-id=\"c4b2de6\" data-element_type=\"section\">\n\t\t\t\t\t\t<div class=\"elementor-container elementor-column-gap-default\">\n\t\t\t\t\t\t\t<div class=\"elementor-row\">\n\t\t\t\t\t<div class=\"elementor-column elementor-col-100 elementor-top-column elementor-element elementor-element-1cf20ae\" data-id=\"1cf20ae\" data-element_type=\"column\">\n\t\t\t<div class=\"elementor-column-wrap elementor-element-populated\">\n\t\t\t\t\t\t\t<div class=\"elementor-widget-wrap\">\n\t\t\t\t\t\t<div class=\"elementor-element elementor-element-a4410e9 elementor-widget elementor-widget-heading\" data-id=\"a4410e9\" data-element_type=\"widget\" data-widget_type=\"heading.default\">\n\t\t\t\t<div class=\"elementor-widget-container\">\n\t\t\t<h3 class=\"elementor-heading-title elementor-size-default\">b. Participaci\u00f3n de las Ni\u00f1as, Ni\u00f1os y Adolescentes<\/h3>\t\t<\/div>\n\t\t\t\t<\/div>\n\t\t\t\t\t\t<\/div>\n\t\t\t\t\t<\/div>\n\t\t<\/div>\n\t\t\t\t\t\t\t\t<\/div>\n\t\t\t\t\t<\/div>\n\t\t<\/section>\n\t\t\t\t<section class=\"elementor-section elementor-top-section elementor-element elementor-element-1d0acd9 elementor-section-boxed elementor-section-height-default elementor-section-height-default\" data-id=\"1d0acd9\" data-element_type=\"section\">\n\t\t\t\t\t\t<div class=\"elementor-container elementor-column-gap-default\">\n\t\t\t\t\t\t\t<div class=\"elementor-row\">\n\t\t\t\t\t<div class=\"elementor-column elementor-col-100 elementor-top-column elementor-element elementor-element-662fe40\" data-id=\"662fe40\" data-element_type=\"column\">\n\t\t\t<div class=\"elementor-column-wrap elementor-element-populated\">\n\t\t\t\t\t\t\t<div class=\"elementor-widget-wrap\">\n\t\t\t\t\t\t<div class=\"elementor-element elementor-element-438f3c5 elementor-widget elementor-widget-text-editor\" data-id=\"438f3c5\" data-element_type=\"widget\" data-widget_type=\"text-editor.default\">\n\t\t\t\t<div class=\"elementor-widget-container\">\n\t\t\t\t\t<div class=\"elementor-text-editor elementor-clearfix\"><div class=\"page\" title=\"Page 36\"><div class=\"section\"><div class=\"layoutArea\"><div class=\"column\"><div class=\"page\" title=\"Page 37\"><div class=\"section\"><div class=\"layoutArea\"><div class=\"column\"><div class=\"page\" title=\"Page 37\"><div class=\"section\"><div class=\"layoutArea\"><div class=\"column\"><p>Paralelamente, en el marco del arti\u0301culo 123 de la Ley Nro. 548 \u201cNin\u0303a, Nin\u0303o y Adolescente\u201d, las nin\u0303as, nin\u0303os y adolescentes sera\u0301n parti\u0301cipes y protagonistas de la prevencio\u0301n primaria, logrando llegar a la poblacio\u0301n anteriormente mencionada con mayor e\u0301nfasis en sus pares, previa induccio\u0301n y capacitacio\u0301n en la tema\u0301tica. Asimismo, se llevara\u0301 adelante dicha actividad a trave\u0301s de los Comite\u0301s Departamentales y Municipales de Nin\u0303as, Nin\u0303os y Adolescentes, establecidas en la normativa mencionada anteriormente.<\/p><\/div><\/div><\/div><\/div><\/div><\/div><\/div><\/div><\/div><\/div><\/div><\/div><\/div>\n\t\t\t\t<\/div>\n\t\t\t\t<\/div>\n\t\t\t\t\t\t<\/div>\n\t\t\t\t\t<\/div>\n\t\t<\/div>\n\t\t\t\t\t\t\t\t<\/div>\n\t\t\t\t\t<\/div>\n\t\t<\/section>\n\t\t\t\t<section class=\"elementor-section elementor-top-section elementor-element elementor-element-3672c0b elementor-section-boxed elementor-section-height-default elementor-section-height-default\" data-id=\"3672c0b\" data-element_type=\"section\">\n\t\t\t\t\t\t<div class=\"elementor-container elementor-column-gap-default\">\n\t\t\t\t\t\t\t<div class=\"elementor-row\">\n\t\t\t\t\t<div class=\"elementor-column elementor-col-100 elementor-top-column elementor-element elementor-element-1ddccbf\" data-id=\"1ddccbf\" data-element_type=\"column\">\n\t\t\t<div class=\"elementor-column-wrap elementor-element-populated\">\n\t\t\t\t\t\t\t<div class=\"elementor-widget-wrap\">\n\t\t\t\t\t\t<div class=\"elementor-element elementor-element-eb3909b elementor-widget elementor-widget-heading\" data-id=\"eb3909b\" data-element_type=\"widget\" data-widget_type=\"heading.default\">\n\t\t\t\t<div class=\"elementor-widget-container\">\n\t\t\t<h3 class=\"elementor-heading-title elementor-size-default\">c. Acciones<\/h3>\t\t<\/div>\n\t\t\t\t<\/div>\n\t\t\t\t\t\t<\/div>\n\t\t\t\t\t<\/div>\n\t\t<\/div>\n\t\t\t\t\t\t\t\t<\/div>\n\t\t\t\t\t<\/div>\n\t\t<\/section>\n\t\t\t\t<section class=\"elementor-section elementor-top-section elementor-element elementor-element-fec7231 elementor-section-boxed elementor-section-height-default elementor-section-height-default\" data-id=\"fec7231\" data-element_type=\"section\">\n\t\t\t\t\t\t<div class=\"elementor-container elementor-column-gap-default\">\n\t\t\t\t\t\t\t<div class=\"elementor-row\">\n\t\t\t\t\t<div class=\"elementor-column elementor-col-100 elementor-top-column elementor-element elementor-element-9d01a8b\" data-id=\"9d01a8b\" data-element_type=\"column\">\n\t\t\t<div class=\"elementor-column-wrap elementor-element-populated\">\n\t\t\t\t\t\t\t<div class=\"elementor-widget-wrap\">\n\t\t\t\t\t\t<div class=\"elementor-element elementor-element-cc6a521 elementor-widget elementor-widget-text-editor\" data-id=\"cc6a521\" data-element_type=\"widget\" data-widget_type=\"text-editor.default\">\n\t\t\t\t<div class=\"elementor-widget-container\">\n\t\t\t\t\t<div class=\"elementor-text-editor elementor-clearfix\"><div class=\"page\" title=\"Page 36\"><div class=\"section\"><div class=\"layoutArea\"><div class=\"column\"><div class=\"page\" title=\"Page 37\"><div class=\"section\"><div class=\"layoutArea\"><div class=\"column\"><div class=\"page\" title=\"Page 37\"><div class=\"section\"><div class=\"layoutArea\"><div class=\"column\"><div class=\"page\" title=\"Page 37\"><div class=\"section\"><div class=\"layoutArea\"><div class=\"column\"><p>La prevencio\u0301n primaria es el conjunto de acciones que se llevan a cabo antes de la aparicio\u0301n de algu\u0301n tipo de vulneracio\u0301n a la integridad sexual de nin\u0303as, nin\u0303os y adolescentes, para promover un entorno protector, con el objetivo de atacar las causas o factores que producen o influyen generando condiciones para que se ocasione la situacio\u0301n no deseada. Tambie\u0301n aporta al incremento de los conocimientos generales sobre la tema\u0301tica y proporciona pautas de relacio\u0301n positivas y de autodefensa. Es la labor\u00a0<span style=\"font-size: 16px;\">de prevencio\u0301n ma\u0301s eficaz puesto que reducira\u0301 la incidencia de los casos de vulneracio\u0301n a la integridad sexual de nin\u0303as, nin\u0303os y adolescentes.<\/span><\/p><div class=\"page\" title=\"Page 38\"><div class=\"section\"><div class=\"layoutArea\"><div class=\"column\"><p>En esta fase de prevencio\u0301n es indispensable que las instituciones desplieguen una serie de acciones focalizadas en sectores especi\u0301ficos de la sociedad, la comunidad, la familia, para detectar casos de riesgo, a fin de evitar que las nin\u0303as y nin\u0303os pasen a situaciones de mayor peligro, evitando que se concreten las agresiones, a trave\u0301s de talleres con metodologi\u0301as vivenciales, ferias culturales y tema\u0301ticas, campan\u0303as especi\u0301ficas para determinada poblacio\u0301n, capacitacio\u0301n a actores importantes, talleres y eventos de reflexio\u0301n, etc.<\/p><\/div><\/div><\/div><\/div><\/div><\/div><\/div><\/div><\/div><\/div><\/div><\/div><\/div><\/div><\/div><\/div><\/div><\/div><\/div><\/div><\/div>\n\t\t\t\t<\/div>\n\t\t\t\t<\/div>\n\t\t\t\t\t\t<\/div>\n\t\t\t\t\t<\/div>\n\t\t<\/div>\n\t\t\t\t\t\t\t\t<\/div>\n\t\t\t\t\t<\/div>\n\t\t<\/section>\n\t\t\t\t<section class=\"elementor-section elementor-top-section elementor-element elementor-element-03df63f elementor-section-boxed elementor-section-height-default elementor-section-height-default\" data-id=\"03df63f\" data-element_type=\"section\">\n\t\t\t\t\t\t<div class=\"elementor-container elementor-column-gap-default\">\n\t\t\t\t\t\t\t<div class=\"elementor-row\">\n\t\t\t\t\t<div class=\"elementor-column elementor-col-100 elementor-top-column elementor-element elementor-element-0b34f27\" data-id=\"0b34f27\" data-element_type=\"column\">\n\t\t\t<div class=\"elementor-column-wrap elementor-element-populated\">\n\t\t\t\t\t\t\t<div class=\"elementor-widget-wrap\">\n\t\t\t\t\t\t<div class=\"elementor-element elementor-element-60bafa5 elementor-widget elementor-widget-heading\" data-id=\"60bafa5\" data-element_type=\"widget\" data-widget_type=\"heading.default\">\n\t\t\t\t<div class=\"elementor-widget-container\">\n\t\t\t<h2 class=\"elementor-heading-title elementor-size-default\">10.3 PREVENCI\u00d3N SECUNDARIA<\/h2>\t\t<\/div>\n\t\t\t\t<\/div>\n\t\t\t\t\t\t<\/div>\n\t\t\t\t\t<\/div>\n\t\t<\/div>\n\t\t\t\t\t\t\t\t<\/div>\n\t\t\t\t\t<\/div>\n\t\t<\/section>\n\t\t\t\t<section class=\"elementor-section elementor-top-section elementor-element elementor-element-2da72f4 elementor-section-boxed elementor-section-height-default elementor-section-height-default\" data-id=\"2da72f4\" data-element_type=\"section\">\n\t\t\t\t\t\t<div class=\"elementor-container elementor-column-gap-default\">\n\t\t\t\t\t\t\t<div class=\"elementor-row\">\n\t\t\t\t\t<div class=\"elementor-column elementor-col-100 elementor-top-column elementor-element elementor-element-74761f6\" data-id=\"74761f6\" data-element_type=\"column\">\n\t\t\t<div class=\"elementor-column-wrap elementor-element-populated\">\n\t\t\t\t\t\t\t<div class=\"elementor-widget-wrap\">\n\t\t\t\t\t\t<div class=\"elementor-element elementor-element-69a2fb8 elementor-widget elementor-widget-text-editor\" data-id=\"69a2fb8\" data-element_type=\"widget\" data-widget_type=\"text-editor.default\">\n\t\t\t\t<div class=\"elementor-widget-container\">\n\t\t\t\t\t<div class=\"elementor-text-editor elementor-clearfix\"><div class=\"page\" title=\"Page 36\"><div class=\"section\"><div class=\"layoutArea\"><div class=\"column\"><div class=\"page\" title=\"Page 37\"><div class=\"section\"><div class=\"layoutArea\"><div class=\"column\"><div class=\"page\" title=\"Page 37\"><div class=\"section\"><div class=\"layoutArea\"><div class=\"column\"><div class=\"page\" title=\"Page 37\"><div class=\"section\"><div class=\"layoutArea\"><div class=\"column\"><div class=\"page\" title=\"Page 38\"><div class=\"section\"><div class=\"layoutArea\"><div class=\"column\"><p>El nivel de prevencio\u0301n secundaria se ha previsto como un mecanismo para trabajar la prevencio\u0301n con personas y grupos en situacio\u0301n de mayor vulnerabilidad con el fin de reforzar el sistema de prevencio\u0301n primaria.<\/p><p>La prevencio\u0301n secundaria se realiza a trave\u0301s de acciones de informacio\u0301n y sensibilizacio\u0301n como ferias, campan\u0303as, talleres vivenciales y otros, en coordinacio\u0301n con los sistemas educativos y de salud, asi\u0301 como la implementacio\u0301n de espacios de orientacio\u0301n psico social para los casos detectados, en coordinacio\u0301n entre instituciones pu\u0301blicas y privadas que tengan la experticia para hacerlo.<\/p><\/div><\/div><\/div><\/div><\/div><\/div><\/div><\/div><\/div><\/div><\/div><\/div><\/div><\/div><\/div><\/div><\/div><\/div><\/div><\/div><\/div>\n\t\t\t\t<\/div>\n\t\t\t\t<\/div>\n\t\t\t\t\t\t<\/div>\n\t\t\t\t\t<\/div>\n\t\t<\/div>\n\t\t\t\t\t\t\t\t<\/div>\n\t\t\t\t\t<\/div>\n\t\t<\/section>\n\t\t\t\t<section class=\"elementor-section elementor-top-section elementor-element elementor-element-4e05a01 elementor-section-boxed elementor-section-height-default elementor-section-height-default\" data-id=\"4e05a01\" data-element_type=\"section\">\n\t\t\t\t\t\t<div class=\"elementor-container elementor-column-gap-default\">\n\t\t\t\t\t\t\t<div class=\"elementor-row\">\n\t\t\t\t\t<div class=\"elementor-column elementor-col-100 elementor-top-column elementor-element elementor-element-15dfdfa\" data-id=\"15dfdfa\" data-element_type=\"column\">\n\t\t\t<div class=\"elementor-column-wrap elementor-element-populated\">\n\t\t\t\t\t\t\t<div class=\"elementor-widget-wrap\">\n\t\t\t\t\t\t<div class=\"elementor-element elementor-element-76ceb68 elementor-widget elementor-widget-heading\" data-id=\"76ceb68\" data-element_type=\"widget\" data-widget_type=\"heading.default\">\n\t\t\t\t<div class=\"elementor-widget-container\">\n\t\t\t<h3 class=\"elementor-heading-title elementor-size-default\">a. Instituciones responsables<\/h3>\t\t<\/div>\n\t\t\t\t<\/div>\n\t\t\t\t\t\t<\/div>\n\t\t\t\t\t<\/div>\n\t\t<\/div>\n\t\t\t\t\t\t\t\t<\/div>\n\t\t\t\t\t<\/div>\n\t\t<\/section>\n\t\t\t\t<section class=\"elementor-section elementor-top-section elementor-element elementor-element-2573822 elementor-section-boxed elementor-section-height-default elementor-section-height-default\" data-id=\"2573822\" data-element_type=\"section\">\n\t\t\t\t\t\t<div class=\"elementor-container elementor-column-gap-default\">\n\t\t\t\t\t\t\t<div class=\"elementor-row\">\n\t\t\t\t\t<div class=\"elementor-column elementor-col-100 elementor-top-column elementor-element elementor-element-6443cef\" data-id=\"6443cef\" data-element_type=\"column\">\n\t\t\t<div class=\"elementor-column-wrap elementor-element-populated\">\n\t\t\t\t\t\t\t<div class=\"elementor-widget-wrap\">\n\t\t\t\t\t\t<div class=\"elementor-element elementor-element-69c1d1c elementor-widget elementor-widget-text-editor\" data-id=\"69c1d1c\" data-element_type=\"widget\" data-widget_type=\"text-editor.default\">\n\t\t\t\t<div class=\"elementor-widget-container\">\n\t\t\t\t\t<div class=\"elementor-text-editor elementor-clearfix\"><div class=\"page\" title=\"Page 36\"><div class=\"section\"><div class=\"layoutArea\"><div class=\"column\"><div class=\"page\" title=\"Page 37\"><div class=\"section\"><div class=\"layoutArea\"><div class=\"column\"><div class=\"page\" title=\"Page 37\"><div class=\"section\"><div class=\"layoutArea\"><div class=\"column\"><div class=\"page\" title=\"Page 37\"><div class=\"section\"><div class=\"layoutArea\"><div class=\"column\"><div class=\"page\" title=\"Page 38\"><div class=\"section\"><div class=\"layoutArea\"><div class=\"column\"><div class=\"page\" title=\"Page 38\"><div class=\"section\"><div class=\"layoutArea\"><div class=\"column\"><p>Las instituciones responsables de realizar las acciones de prevencio\u0301n secundaria en el marco de sus competencias son las entidades territoriales auto\u0301nomas del nivel departamental y nivel municipal, adema\u0301s de la Direccio\u0301n Departamental de Educacio\u0301n (que depende del Ministerio de Educacio\u0301n) e instituciones privadas que trabajan en la proteccio\u0301n y seguridad de la nin\u0303ez y adolescencia; y\/o aquellas especializadas en la atencio\u0301n integral de casos de vulneracio\u0301n a la integridad sexual de nin\u0303as, nin\u0303os y adolescentes.<\/p><p>Es fundamental en este nivel de prevencio\u0301n, la articulacio\u0301n entre los niveles Departamental y Municipal en el marco de los lineamientos establecidos en la Ley No 548, como de las Poli\u0301ticas de la Nin\u0303a, Nin\u0303o y Adolescente, a la cabeza del Ministerio de Justicia como Ente Rector.<\/p><\/div><\/div><\/div><\/div><\/div><\/div><\/div><\/div><\/div><\/div><\/div><\/div><\/div><\/div><\/div><\/div><\/div><\/div><\/div><\/div><\/div><\/div><\/div><\/div><\/div>\n\t\t\t\t<\/div>\n\t\t\t\t<\/div>\n\t\t\t\t\t\t<\/div>\n\t\t\t\t\t<\/div>\n\t\t<\/div>\n\t\t\t\t\t\t\t\t<\/div>\n\t\t\t\t\t<\/div>\n\t\t<\/section>\n\t\t\t\t<section class=\"elementor-section elementor-top-section elementor-element elementor-element-c380706 elementor-section-boxed elementor-section-height-default elementor-section-height-default\" data-id=\"c380706\" data-element_type=\"section\">\n\t\t\t\t\t\t<div class=\"elementor-container elementor-column-gap-default\">\n\t\t\t\t\t\t\t<div class=\"elementor-row\">\n\t\t\t\t\t<div class=\"elementor-column elementor-col-100 elementor-top-column elementor-element elementor-element-b9dfca6\" data-id=\"b9dfca6\" data-element_type=\"column\">\n\t\t\t<div class=\"elementor-column-wrap elementor-element-populated\">\n\t\t\t\t\t\t\t<div class=\"elementor-widget-wrap\">\n\t\t\t\t\t\t<div class=\"elementor-element elementor-element-6bb958c elementor-widget elementor-widget-heading\" data-id=\"6bb958c\" data-element_type=\"widget\" data-widget_type=\"heading.default\">\n\t\t\t\t<div class=\"elementor-widget-container\">\n\t\t\t<h3 class=\"elementor-heading-title elementor-size-default\">b. Acciones<\/h3>\t\t<\/div>\n\t\t\t\t<\/div>\n\t\t\t\t\t\t<\/div>\n\t\t\t\t\t<\/div>\n\t\t<\/div>\n\t\t\t\t\t\t\t\t<\/div>\n\t\t\t\t\t<\/div>\n\t\t<\/section>\n\t\t\t\t<section class=\"elementor-section elementor-top-section elementor-element elementor-element-50993e8 elementor-section-boxed elementor-section-height-default elementor-section-height-default\" data-id=\"50993e8\" data-element_type=\"section\">\n\t\t\t\t\t\t<div class=\"elementor-container elementor-column-gap-default\">\n\t\t\t\t\t\t\t<div class=\"elementor-row\">\n\t\t\t\t\t<div class=\"elementor-column elementor-col-100 elementor-top-column elementor-element elementor-element-399c6b0\" data-id=\"399c6b0\" data-element_type=\"column\">\n\t\t\t<div class=\"elementor-column-wrap elementor-element-populated\">\n\t\t\t\t\t\t\t<div class=\"elementor-widget-wrap\">\n\t\t\t\t\t\t<div class=\"elementor-element elementor-element-701d06a elementor-widget elementor-widget-text-editor\" data-id=\"701d06a\" data-element_type=\"widget\" data-widget_type=\"text-editor.default\">\n\t\t\t\t<div class=\"elementor-widget-container\">\n\t\t\t\t\t<div class=\"elementor-text-editor elementor-clearfix\"><div class=\"page\" title=\"Page 36\"><div class=\"section\"><div class=\"layoutArea\"><div class=\"column\"><div class=\"page\" title=\"Page 37\"><div class=\"section\"><div class=\"layoutArea\"><div class=\"column\"><div class=\"page\" title=\"Page 37\"><div class=\"section\"><div class=\"layoutArea\"><div class=\"column\"><div class=\"page\" title=\"Page 37\"><div class=\"section\"><div class=\"layoutArea\"><div class=\"column\"><div class=\"page\" title=\"Page 38\"><div class=\"section\"><div class=\"layoutArea\"><div class=\"column\"><div class=\"page\" title=\"Page 38\"><div class=\"section\"><div class=\"layoutArea\"><div class=\"column\"><div class=\"page\" title=\"Page 38\"><div class=\"section\"><div class=\"layoutArea\"><div class=\"column\"><p>El personal de las entidades estatales responsables de la implementacio\u0301n de este nivel de prevencio\u0301n, como otras entidades no estatales que trabajan en la tema\u0301tica, debe recibir una capacitacio\u0301n especializada para realizar las acciones de prevencio\u0301n secundaria pertinentes.<\/p><p>Es importante que todo el personal docente este\u0301 capacitado para garantizar el cumplimiento de la Ley N\u00b0 548 \u201cCo\u0301digo Nin\u0303a, Nin\u0303o y Adolescente\u201d. Tanto el personal docente, como el personal de trabajo social, trabajadores y profesionales en salud, de instituciones privadas y la sociedad en general deben observar para detectar indicadores, a fin de comunicar a las instancias pertinentes, dar orientacio\u0301n psicosocial segu\u0301n sus posibilidades y a\u0301mbito de trabajo.<\/p><p>Las acciones de este nivel deben ser coordinadas entre todos los actores del Sistema Plurinacional de\u00a0<span style=\"font-size: 15px; color: var( --e-global-color-text );\">Proteccio\u0301n Integral de la Nin\u0303a, Nin\u0303o y Adolescente (SIPPROINA), y dentro de cada sector en el marco de la Ley No 548, Arti\u0301culos 159, 161 y 180.<\/span><\/p><div class=\"page\" title=\"Page 39\"><div class=\"section\"><div class=\"layoutArea\"><div class=\"column\"><p>Los casos de riesgo o de violencia que sean detectados en las unidades educativas recibira\u0301n contencio\u0301n y orientacio\u0301n inicial por parte de maestros, maestras o psico\u0301logos\/as en las Unidades Educativas que los tuvieran. Segu\u0301n la gravedad, estos casos pueden ser referidos a las Defensori\u0301as de la Nin\u0303ez y Adolescencia, o coordinar la atencio\u0301n integral con una instancia pu\u0301blica o privada especializada para proseguir con la terapia psicolo\u0301gica, seguimiento social u otras acciones que sean determinadas por las personas profesionales especialistas de estas instancias, y que constituyen acciones de la siguiente fase de prevencio\u0301n.<\/p><\/div><\/div><\/div><\/div><\/div><\/div><\/div><\/div><\/div><\/div><\/div><\/div><\/div><\/div><\/div><\/div><\/div><\/div><\/div><\/div><\/div><\/div><\/div><\/div><\/div><\/div><\/div><\/div><\/div><\/div><\/div><\/div><\/div>\n\t\t\t\t<\/div>\n\t\t\t\t<\/div>\n\t\t\t\t\t\t<\/div>\n\t\t\t\t\t<\/div>\n\t\t<\/div>\n\t\t\t\t\t\t\t\t<\/div>\n\t\t\t\t\t<\/div>\n\t\t<\/section>\n\t\t\t\t<section class=\"elementor-section elementor-top-section elementor-element elementor-element-f251d30 elementor-section-boxed elementor-section-height-default elementor-section-height-default\" data-id=\"f251d30\" data-element_type=\"section\">\n\t\t\t\t\t\t<div class=\"elementor-container elementor-column-gap-default\">\n\t\t\t\t\t\t\t<div class=\"elementor-row\">\n\t\t\t\t\t<div class=\"elementor-column elementor-col-100 elementor-top-column elementor-element elementor-element-716e1a0\" data-id=\"716e1a0\" data-element_type=\"column\">\n\t\t\t<div class=\"elementor-column-wrap elementor-element-populated\">\n\t\t\t\t\t\t\t<div class=\"elementor-widget-wrap\">\n\t\t\t\t\t\t<div class=\"elementor-element elementor-element-fb00bd9 elementor-widget elementor-widget-heading\" data-id=\"fb00bd9\" data-element_type=\"widget\" data-widget_type=\"heading.default\">\n\t\t\t\t<div class=\"elementor-widget-container\">\n\t\t\t<h2 class=\"elementor-heading-title elementor-size-default\">10.4 PREVENCI\u00d3N TERCIARIA<\/h2>\t\t<\/div>\n\t\t\t\t<\/div>\n\t\t\t\t\t\t<\/div>\n\t\t\t\t\t<\/div>\n\t\t<\/div>\n\t\t\t\t\t\t\t\t<\/div>\n\t\t\t\t\t<\/div>\n\t\t<\/section>\n\t\t\t\t<section class=\"elementor-section elementor-top-section elementor-element elementor-element-8c0da24 elementor-section-boxed elementor-section-height-default elementor-section-height-default\" data-id=\"8c0da24\" data-element_type=\"section\">\n\t\t\t\t\t\t<div class=\"elementor-container elementor-column-gap-default\">\n\t\t\t\t\t\t\t<div class=\"elementor-row\">\n\t\t\t\t\t<div class=\"elementor-column elementor-col-100 elementor-top-column elementor-element elementor-element-22d8b04\" data-id=\"22d8b04\" data-element_type=\"column\">\n\t\t\t<div class=\"elementor-column-wrap elementor-element-populated\">\n\t\t\t\t\t\t\t<div class=\"elementor-widget-wrap\">\n\t\t\t\t\t\t<div class=\"elementor-element elementor-element-8fa6578 elementor-widget elementor-widget-text-editor\" data-id=\"8fa6578\" data-element_type=\"widget\" data-widget_type=\"text-editor.default\">\n\t\t\t\t<div class=\"elementor-widget-container\">\n\t\t\t\t\t<div class=\"elementor-text-editor elementor-clearfix\"><div class=\"page\" title=\"Page 36\"><div class=\"section\"><div class=\"layoutArea\"><div class=\"column\"><div class=\"page\" title=\"Page 39\"><div class=\"section\"><div class=\"layoutArea\"><div class=\"column\"><p>En el nivel de prevencio\u0301n terciaria, se pretende que la nin\u0303a, nin\u0303o y adolescente vi\u0301ctima no vuelva a vivir la vulneraci\u00f3n del derecho a la integridad sexual. Con tal fin se promueve a la atencio\u0301n integral de nin\u0303as, nin\u0303os o adolescentes en situacio\u0301n de vulneracio\u0301n de su integridad sexual y de sus familias. Prev\u00e9 la intervencio\u0301n psicol\u00f3gica, social, m\u00e9dica, legal para la restitucio\u0301n bio-psico-social, hasta el restablecimiento de los derechos vulnerados.<\/p><p>Para evitar la revictimizacio\u0301n se plantean las siguientes consideraciones:<\/p><\/div><\/div><\/div><\/div><\/div><\/div><\/div><\/div><\/div>\n\t\t\t\t<\/div>\n\t\t\t\t<\/div>\n\t\t\t\t\t\t<\/div>\n\t\t\t\t\t<\/div>\n\t\t<\/div>\n\t\t\t\t\t\t\t\t<\/div>\n\t\t\t\t\t<\/div>\n\t\t<\/section>\n\t\t\t\t<section class=\"elementor-section elementor-top-section elementor-element elementor-element-fae4eb2 elementor-section-boxed elementor-section-height-default elementor-section-height-default\" data-id=\"fae4eb2\" data-element_type=\"section\">\n\t\t\t\t\t\t<div class=\"elementor-container elementor-column-gap-default\">\n\t\t\t\t\t\t\t<div class=\"elementor-row\">\n\t\t\t\t\t<div class=\"elementor-column elementor-col-100 elementor-top-column elementor-element elementor-element-2873c41\" data-id=\"2873c41\" data-element_type=\"column\">\n\t\t\t<div class=\"elementor-column-wrap elementor-element-populated\">\n\t\t\t\t\t\t\t<div class=\"elementor-widget-wrap\">\n\t\t\t\t\t\t<div class=\"elementor-element elementor-element-523dcd2 elementor-widget elementor-widget-text-editor\" data-id=\"523dcd2\" data-element_type=\"widget\" data-widget_type=\"text-editor.default\">\n\t\t\t\t<div class=\"elementor-widget-container\">\n\t\t\t\t\t<div class=\"elementor-text-editor elementor-clearfix\"><div class=\"page\" title=\"Page 36\"><div class=\"section\"><div class=\"layoutArea\"><div class=\"column\"><div class=\"page\" title=\"Page 39\"><div class=\"section\"><div class=\"layoutArea\"><div class=\"column\"><div class=\"page\" title=\"Page 39\"><div class=\"section\"><div class=\"layoutArea\"><div class=\"column\"><ul><li><p>Las instituciones que esta\u0301n relacionadas con la proteccio\u0301n integral de nin\u0303as, nin\u0303os y adolescentes cuya integridad sexual haya sido vulnerada, deben observar los principios establecidos en la ley No 548, las Poli\u0301ticas de la Nin\u0303a, Nin\u0303o y Adolescente y el presente protocolo en el trato que se deba establecer con las nin\u0303as, nin\u0303os o adolescentes.<\/p><\/li><li><p>El personal que realice las intervenciones en cualquier etapa de la atencio\u0301n integral (deteccio\u0301n de los casos, recepcio\u0301n de denuncia, realizacio\u0301n de peritajes te\u0301cnicos, proceso judicial, terapia psicolo\u0301gica, atencio\u0301n biopsicosocial, etc.) debe estar capacitado para hacerlo de manera eficaz, eficiente, efectiva y oportuna.<\/p><\/li><li><p>La contencio\u0301n emocional en crisis de las nin\u0303as, nin\u0303os o adolescentes, debe ser atendida en cualquier etapa del proceso, por una o un profesional calificado.<\/p><\/li><li><p>Las personas que esta\u0301n en espacios donde se puede dar un primer contacto con nin\u0303as, nin\u0303os o adolescentes vi\u0301ctimas, deben contar con las herramientas necesarias para realizar la contencio\u0301n emocional inicial y remitir el caso a la instancia que corresponda.<\/p><\/li><li><p>La informacio\u0301n que se brinde a la nin\u0303a, nin\u0303o o adolescente y su familia debe ser clara y en t\u00e9rminos sencillos, sin utilizar palabras te\u0301cnico-juri\u0301dicas o conceptos teo\u0301ricos, y conforme corresponde comunicarse en el idioma de las personas afectadas (aymara, quechua, guarani\u0301, etc.).<\/p><\/li><li><p>En lo posible, los ambientes fi\u0301sicos de atencio\u0301n a las nin\u0303as, nin\u0303os y adolescentes que han sufrido algu\u0301n tipo de vulneracio\u0301n a su integridad sexual deben ser seguros y protegidos (con privacidad).<\/p><\/li><li><p>El respeto y la credibilidad a lo manifestado por la nin\u0303a, nin\u0303o o adolescente es fundamental, debie\u0301ndose respetar las pausas y los silencios que aparezcan en el relato. Asimismo no se condenar\u00e1 ninguna conducta que haya hecho o haya dejado de hacer la nin\u0303a, nin\u0303o o adolescente, no se guiara\u0301 la entrevista en base a juicios de valor, so\u0301lo se debera\u0301n utilizar te\u0301cnicas de reformulacio\u0301n,\u00a0<span style=\"font-size: 15px; color: var( --e-global-color-text );\">para entender aspectos que no fueron manifestados de manera clara.<\/span><\/p><\/li><li><p>Se debe posibilitar que la nin\u0303a, nin\u0303o o adolescente se encuentre acompan\u0303ada por un familiar u\u00a0<span style=\"font-size: 15px; color: var( --e-global-color-text );\">otra persona de confianza, que le brinde seguridad para contar lo sucedido. En caso de que solicite no estar acompan\u0303ada por ningu\u0301n familiar por razones de miedo, vergu\u0308enza, etc., la institucio\u0301n proveera\u0301 el apoyo de personal, que de preferencia sea del mismo sexo.<\/span><\/p><\/li><li><p>Se debe evitar la utilizacio\u0301n de preguntas reiterativas, morbosas u ofensivas que generen la re- victimizacio\u0301n en la nin\u0303a\/o o adolescente, debiendo posibilitar un relato fluido sin interrupciones.<\/p><\/li><li><p><span style=\"font-size: 15px; color: var( --e-global-color-text );\">El personal que atiende a esta poblacio\u0301n debe conocer las necesidades especi\u0301ficas (idioma de origen, discapacidad, limitaciones en el lenguaje y comprensio\u0301n debido a la edad, u otras); los procesos mentales, biolo\u0301gicos y emocionales por los que puede estar pasando; sus manifestacio<\/span><span style=\"font-size: 15px; color: var( --e-global-color-text );\">nes; las falsas verdades que se estereotipan en torno a este delito.<\/span><\/p><\/li><li><span style=\"font-size: 16px;\">Se debe tener presente la prohibicio\u0301n de plantear una salida alternativa a la denuncia, tal como<\/span><p>lo establece el Art. 157 de la Ley 548.<\/p><\/li><li><p>No generar expectativas que no se puedan cumplir, tanto en la nin\u0303a, nin\u0303o o adolescente como en\u00a0los familiares.<\/p><\/li><li><p><span style=\"font-size: 16px;\">Se debe<\/span><span style=\"font-size: 16px;\">n utilizar medios electro\u0301nicos de grabacio\u0301n o filmacio\u0301n durante la participacio\u0301n de nin\u0303as,\u00a0<\/span><span style=\"font-size: 16px;\">nin\u0303os y adolescentes, co\u0301mo la ca\u0301mara Gesell, para evitar actuados y diligencias reiterativas y su revictimizacio\u0301n.<\/span><span style=\"font-size: 15px; color: var( --e-global-color-text );\">\u00a0<\/span><\/p><\/li><\/ul><\/div><\/div><\/div><\/div><\/div><\/div><\/div><\/div><\/div><\/div><\/div><\/div><\/div>\n\t\t\t\t<\/div>\n\t\t\t\t<\/div>\n\t\t\t\t\t\t<\/div>\n\t\t\t\t\t<\/div>\n\t\t<\/div>\n\t\t\t\t\t\t\t\t<\/div>\n\t\t\t\t\t<\/div>\n\t\t<\/section>\n\t\t\t\t<section class=\"elementor-section elementor-top-section elementor-element elementor-element-d1394bf elementor-section-boxed elementor-section-height-default elementor-section-height-default\" data-id=\"d1394bf\" data-element_type=\"section\">\n\t\t\t\t\t\t<div class=\"elementor-container elementor-column-gap-default\">\n\t\t\t\t\t\t\t<div class=\"elementor-row\">\n\t\t\t\t\t<div class=\"elementor-column elementor-col-100 elementor-top-column elementor-element elementor-element-08c8805\" data-id=\"08c8805\" data-element_type=\"column\">\n\t\t\t<div class=\"elementor-column-wrap elementor-element-populated\">\n\t\t\t\t\t\t\t<div class=\"elementor-widget-wrap\">\n\t\t\t\t\t\t<div class=\"elementor-element elementor-element-3740056 elementor-widget elementor-widget-heading\" data-id=\"3740056\" data-element_type=\"widget\" data-widget_type=\"heading.default\">\n\t\t\t\t<div class=\"elementor-widget-container\">\n\t\t\t<h3 class=\"elementor-heading-title elementor-size-default\">a. Instituciones responsables<\/h3>\t\t<\/div>\n\t\t\t\t<\/div>\n\t\t\t\t\t\t<\/div>\n\t\t\t\t\t<\/div>\n\t\t<\/div>\n\t\t\t\t\t\t\t\t<\/div>\n\t\t\t\t\t<\/div>\n\t\t<\/section>\n\t\t\t\t<section class=\"elementor-section elementor-top-section elementor-element elementor-element-9f8fb52 elementor-section-boxed elementor-section-height-default elementor-section-height-default\" data-id=\"9f8fb52\" data-element_type=\"section\">\n\t\t\t\t\t\t<div class=\"elementor-container elementor-column-gap-default\">\n\t\t\t\t\t\t\t<div class=\"elementor-row\">\n\t\t\t\t\t<div class=\"elementor-column elementor-col-100 elementor-top-column elementor-element elementor-element-41d0ba0\" data-id=\"41d0ba0\" data-element_type=\"column\">\n\t\t\t<div class=\"elementor-column-wrap elementor-element-populated\">\n\t\t\t\t\t\t\t<div class=\"elementor-widget-wrap\">\n\t\t\t\t\t\t<div class=\"elementor-element elementor-element-4ce934f elementor-widget elementor-widget-text-editor\" data-id=\"4ce934f\" data-element_type=\"widget\" data-widget_type=\"text-editor.default\">\n\t\t\t\t<div class=\"elementor-widget-container\">\n\t\t\t\t\t<div class=\"elementor-text-editor elementor-clearfix\"><div class=\"page\" title=\"Page 40\"><div class=\"section\"><div class=\"layoutArea\"><div class=\"column\"><p>Este nivel de prevencio\u0301n es el ma\u0301s complejo, pues implica la intervencio\u0301n de varias instituciones, para lograr la restitucio\u0301n bio &#8211; psico &#8211; social de las nin\u0303as, nin\u0303os o adolescentes que estuvieran en situacio\u0301n de vulneracio\u0301n a su integridad sexual, con el objeto adema\u0301s de evitar que sufra mayores dan\u0303os, no solamente por parte de la persona agresora, sino de todo el sistema, por actuaciones indebidas, inoportunas o negligentes. Para ello, cada una debe jugar un rol especi\u0301fico. En esta instancia intervienen los servicios de trabajo social, psicologi\u0301a, apoyo legal, y cuando se avanza hacia la denuncia, intervienen tambie\u0301n todas las instancias operadoras de la administracio\u0301n de justicia (polici\u0301a, fiscal, me\u0301dico forense, IDIF, jueces).<\/p><p>Paralelamente al acompan\u0303amiento, la nin\u0303a, nin\u0303o o adolescente y su familia debera\u0301n contar con terapia psicolo\u0301gica y seguimiento social hasta su restitucio\u0301n psico social a cargo de terapeutas especializados de instancias pu\u0301blicas o privadas que trabajan en la tema\u0301tica. Los procesos judiciales deben ser a\u0301giles y llegar a la sentencia para no dejar los casos en la impunidad. Las responsabilidades de cada una de las instituciones que intervienen en esta fase, sera\u0301n descritas de acuerdo al desarrollo del presente Protocolo, en el desarrollo de la atencio\u0301n integral.<\/p><\/div><\/div><\/div><\/div><\/div>\n\t\t\t\t<\/div>\n\t\t\t\t<\/div>\n\t\t\t\t\t\t<\/div>\n\t\t\t\t\t<\/div>\n\t\t<\/div>\n\t\t\t\t\t\t\t\t<\/div>\n\t\t\t\t\t<\/div>\n\t\t<\/section>\n\t\t\t\t<section class=\"elementor-section elementor-top-section elementor-element elementor-element-5cf6523 elementor-section-boxed elementor-section-height-default elementor-section-height-default\" data-id=\"5cf6523\" data-element_type=\"section\">\n\t\t\t\t\t\t<div class=\"elementor-container elementor-column-gap-default\">\n\t\t\t\t\t\t\t<div class=\"elementor-row\">\n\t\t\t\t\t<div class=\"elementor-column elementor-col-100 elementor-top-column elementor-element elementor-element-fdc9619\" data-id=\"fdc9619\" data-element_type=\"column\">\n\t\t\t<div class=\"elementor-column-wrap elementor-element-populated\">\n\t\t\t\t\t\t\t<div class=\"elementor-widget-wrap\">\n\t\t\t\t\t\t<div class=\"elementor-element elementor-element-88614cf elementor-widget elementor-widget-heading\" data-id=\"88614cf\" data-element_type=\"widget\" data-widget_type=\"heading.default\">\n\t\t\t\t<div class=\"elementor-widget-container\">\n\t\t\t<h2 class=\"elementor-heading-title elementor-size-default\">\n10.5 ATENCI\u00d3N INTEGRAL<\/h2>\t\t<\/div>\n\t\t\t\t<\/div>\n\t\t\t\t\t\t<\/div>\n\t\t\t\t\t<\/div>\n\t\t<\/div>\n\t\t\t\t\t\t\t\t<\/div>\n\t\t\t\t\t<\/div>\n\t\t<\/section>\n\t\t\t\t<section class=\"elementor-section elementor-top-section elementor-element elementor-element-1abe319 elementor-section-boxed elementor-section-height-default elementor-section-height-default\" data-id=\"1abe319\" data-element_type=\"section\">\n\t\t\t\t\t\t<div class=\"elementor-container elementor-column-gap-default\">\n\t\t\t\t\t\t\t<div class=\"elementor-row\">\n\t\t\t\t\t<div class=\"elementor-column elementor-col-100 elementor-top-column elementor-element elementor-element-380bc3a\" data-id=\"380bc3a\" data-element_type=\"column\">\n\t\t\t<div class=\"elementor-column-wrap elementor-element-populated\">\n\t\t\t\t\t\t\t<div class=\"elementor-widget-wrap\">\n\t\t\t\t\t\t<div class=\"elementor-element elementor-element-5afb1dc elementor-widget elementor-widget-text-editor\" data-id=\"5afb1dc\" data-element_type=\"widget\" data-widget_type=\"text-editor.default\">\n\t\t\t\t<div class=\"elementor-widget-container\">\n\t\t\t\t\t<div class=\"elementor-text-editor elementor-clearfix\"><div class=\"page\" title=\"Page 40\"><div class=\"section\"><div class=\"layoutArea\"><div class=\"column\"><div class=\"page\" title=\"Page 40\"><div class=\"section\"><div class=\"layoutArea\"><div class=\"column\"><p>El derecho a ser protegidas y protegidos contra toda forma de vulneracio\u0301n a la integridad sexual de las nin\u0303as, nin\u0303os y adolescentes debe considerar una atencio\u0301n integral (Psicolo\u0301gica, Social, me\u0301dica y legal) en el marco de los enfoques del presente protocolo.<\/p><p>Esta atencio\u0301n integral debe considerar las diferentes formas de vulneracio\u0301n a la integridad sexual agrupadas en las conductas tipificadas en el Co\u0301digo Penal y las conductas consideradas infracciones en el Co\u0301digo Nin\u0303a, Nin\u0303o y Adolescente.<\/p><\/div><\/div><\/div><\/div><\/div><\/div><\/div><\/div><\/div>\n\t\t\t\t<\/div>\n\t\t\t\t<\/div>\n\t\t\t\t\t\t<\/div>\n\t\t\t\t\t<\/div>\n\t\t<\/div>\n\t\t\t\t\t\t\t\t<\/div>\n\t\t\t\t\t<\/div>\n\t\t<\/section>\n\t\t\t\t<section class=\"elementor-section elementor-top-section elementor-element elementor-element-b7150fe elementor-section-boxed elementor-section-height-default elementor-section-height-default\" data-id=\"b7150fe\" data-element_type=\"section\">\n\t\t\t\t\t\t<div class=\"elementor-container elementor-column-gap-default\">\n\t\t\t\t\t\t\t<div class=\"elementor-row\">\n\t\t\t\t\t<div class=\"elementor-column elementor-col-100 elementor-top-column elementor-element elementor-element-89bd400\" data-id=\"89bd400\" data-element_type=\"column\">\n\t\t\t<div class=\"elementor-column-wrap elementor-element-populated\">\n\t\t\t\t\t\t\t<div class=\"elementor-widget-wrap\">\n\t\t\t\t\t\t<div class=\"elementor-element elementor-element-bec17e5 elementor-widget elementor-widget-heading\" data-id=\"bec17e5\" data-element_type=\"widget\" data-widget_type=\"heading.default\">\n\t\t\t\t<div class=\"elementor-widget-container\">\n\t\t\t<h3 class=\"elementor-heading-title elementor-size-default\">a. Atenci\u00f3n de casos sin proceso penal<\/h3>\t\t<\/div>\n\t\t\t\t<\/div>\n\t\t\t\t\t\t<\/div>\n\t\t\t\t\t<\/div>\n\t\t<\/div>\n\t\t\t\t\t\t\t\t<\/div>\n\t\t\t\t\t<\/div>\n\t\t<\/section>\n\t\t\t\t<section class=\"elementor-section elementor-top-section elementor-element elementor-element-3ed4fb7 elementor-section-boxed elementor-section-height-default elementor-section-height-default\" data-id=\"3ed4fb7\" data-element_type=\"section\">\n\t\t\t\t\t\t<div class=\"elementor-container elementor-column-gap-default\">\n\t\t\t\t\t\t\t<div class=\"elementor-row\">\n\t\t\t\t\t<div class=\"elementor-column elementor-col-100 elementor-top-column elementor-element elementor-element-2cc8ee3\" data-id=\"2cc8ee3\" data-element_type=\"column\">\n\t\t\t<div class=\"elementor-column-wrap elementor-element-populated\">\n\t\t\t\t\t\t\t<div class=\"elementor-widget-wrap\">\n\t\t\t\t\t\t<div class=\"elementor-element elementor-element-2dae3a4 elementor-widget elementor-widget-text-editor\" data-id=\"2dae3a4\" data-element_type=\"widget\" data-widget_type=\"text-editor.default\">\n\t\t\t\t<div class=\"elementor-widget-container\">\n\t\t\t\t\t<div class=\"elementor-text-editor elementor-clearfix\"><div class=\"page\" title=\"Page 40\"><div class=\"section\"><div class=\"layoutArea\"><div class=\"column\"><div class=\"page\" title=\"Page 40\"><div class=\"section\"><div class=\"layoutArea\"><div class=\"column\"><div class=\"page\" title=\"Page 40\"><div class=\"section\"><div class=\"layoutArea\"><div class=\"column\"><p>Los casos que no se encuentran tipificados en la norma penal, como delitos deben ser procesados como infracciones y ser sancionadas por la Jueza o Juez Pu\u0301blico de la Nin\u0303ez y Adolescencia, conforme establece el Art. 147 de la Ley No 548.<\/p><div class=\"page\" title=\"Page 41\"><div class=\"section\"><div class=\"layoutArea\"><div class=\"column\"><p>La sexualizacio\u0301n precoz o hipersexualizacio\u0301n, que constituye la sexualizacio\u0301n de las expresiones, posturas o co\u0301digos de la vestimenta precoces, permitiendo o instruyendo que nin\u0303as, nin\u0303os o adolescentes adopten roles y comportamientos con actitudes ero\u0301ticas, que no corresponden a su edad, incurriendo en violencia psicolo\u0301gica, constituye una infraccio\u0301n de cara\u0301cter sexual.<\/p><p>En ese sentido las instancias, entidades y servicios que se encargan del procesamiento de este tipo de violencia deben considerar los siguientes criterios en el marco de sus competencias:<\/p><\/div><\/div><\/div><\/div><\/div><\/div><\/div><\/div><\/div><\/div><\/div><\/div><\/div><\/div><\/div><\/div><\/div>\n\t\t\t\t<\/div>\n\t\t\t\t<\/div>\n\t\t\t\t\t\t<\/div>\n\t\t\t\t\t<\/div>\n\t\t<\/div>\n\t\t\t\t\t\t\t\t<\/div>\n\t\t\t\t\t<\/div>\n\t\t<\/section>\n\t\t\t\t<section class=\"elementor-section elementor-top-section elementor-element elementor-element-c49c146 elementor-section-boxed elementor-section-height-default elementor-section-height-default\" data-id=\"c49c146\" data-element_type=\"section\">\n\t\t\t\t\t\t<div class=\"elementor-container elementor-column-gap-default\">\n\t\t\t\t\t\t\t<div class=\"elementor-row\">\n\t\t\t\t\t<div class=\"elementor-column elementor-col-100 elementor-top-column elementor-element elementor-element-0f54ac1\" data-id=\"0f54ac1\" data-element_type=\"column\">\n\t\t\t<div class=\"elementor-column-wrap elementor-element-populated\">\n\t\t\t\t\t\t\t<div class=\"elementor-widget-wrap\">\n\t\t\t\t\t\t<div class=\"elementor-element elementor-element-4060281 elementor-widget elementor-widget-heading\" data-id=\"4060281\" data-element_type=\"widget\" data-widget_type=\"heading.default\">\n\t\t\t\t<div class=\"elementor-widget-container\">\n\t\t\t<h4 class=\"elementor-heading-title elementor-size-default\">Defensor\u00eda de la Ni\u00f1ez y Adolescencia<\/h4>\t\t<\/div>\n\t\t\t\t<\/div>\n\t\t\t\t\t\t<\/div>\n\t\t\t\t\t<\/div>\n\t\t<\/div>\n\t\t\t\t\t\t\t\t<\/div>\n\t\t\t\t\t<\/div>\n\t\t<\/section>\n\t\t\t\t<section class=\"elementor-section elementor-top-section elementor-element elementor-element-af740ea elementor-section-boxed elementor-section-height-default elementor-section-height-default\" data-id=\"af740ea\" data-element_type=\"section\">\n\t\t\t\t\t\t<div class=\"elementor-container elementor-column-gap-default\">\n\t\t\t\t\t\t\t<div class=\"elementor-row\">\n\t\t\t\t\t<div class=\"elementor-column elementor-col-100 elementor-top-column elementor-element elementor-element-9a36ad7\" data-id=\"9a36ad7\" data-element_type=\"column\">\n\t\t\t<div class=\"elementor-column-wrap elementor-element-populated\">\n\t\t\t\t\t\t\t<div class=\"elementor-widget-wrap\">\n\t\t\t\t\t\t<div class=\"elementor-element elementor-element-3fe22e7 elementor-widget elementor-widget-text-editor\" data-id=\"3fe22e7\" data-element_type=\"widget\" data-widget_type=\"text-editor.default\">\n\t\t\t\t<div class=\"elementor-widget-container\">\n\t\t\t\t\t<div class=\"elementor-text-editor elementor-clearfix\"><div class=\"page\" title=\"Page 41\"><div class=\"section\"><div class=\"layoutArea\"><div class=\"column\"><p style=\"padding-left: 40px;\">a) \u00a0Agotar los medios de investigacio\u0301n para determinar la gravedad de conductas de violencia sexual, y discernir si se constituyen en delitos o en infracciones.<\/p><p style=\"padding-left: 40px;\">b) \u00a0Las conductas de violencia sexual consideradas infracciones, deber\u00e1n ser evaluadas con criterio interdisciplinario (Bio- psico &#8211; socio &#8211; legal).<\/p><p style=\"padding-left: 40px;\">c) \u00a0Desde el primer momento de la intervencio\u0301n interdisciplinaria, el equipo priorizara\u0301 las necesidades de la ni\u00f1a, ni\u00f1o y adolescente, mismas que debera\u0301n ser puestas a conocimiento de la autoridad competente.<\/p><p style=\"padding-left: 40px;\">d) \u00a0A partir de la identificacio\u0301n de las necesidades de la ni\u00f1a, ni\u00f1o y adolescente, el equipo interdisciplinario trabajar\u00e1<span style=\"font-size: 15px; font-style: normal; color: var( --e-global-color-text );\">\u00a0<\/span><span style=\"font-size: 15px; font-style: normal; color: var( --e-global-color-text );\">en la solucio\u0301n de conflictos, cuando los infractores fuesen miembros del mismo espacio familiar.<\/span><\/p><p style=\"padding-left: 40px;\">e) \u00a0En consideracio\u0301n de la complejidad de los casos, se gestionara\u0301 el apoyo profesional de instituciones especializadas para la atencio\u0301n de este tipo de violencia.<\/p><\/div><\/div><\/div><\/div><\/div>\n\t\t\t\t<\/div>\n\t\t\t\t<\/div>\n\t\t\t\t\t\t<\/div>\n\t\t\t\t\t<\/div>\n\t\t<\/div>\n\t\t\t\t\t\t\t\t<\/div>\n\t\t\t\t\t<\/div>\n\t\t<\/section>\n\t\t\t\t<section class=\"elementor-section elementor-top-section elementor-element elementor-element-de1eb33 elementor-section-boxed elementor-section-height-default elementor-section-height-default\" data-id=\"de1eb33\" data-element_type=\"section\">\n\t\t\t\t\t\t<div class=\"elementor-container elementor-column-gap-default\">\n\t\t\t\t\t\t\t<div class=\"elementor-row\">\n\t\t\t\t\t<div class=\"elementor-column elementor-col-100 elementor-top-column elementor-element elementor-element-d7f14bd\" data-id=\"d7f14bd\" data-element_type=\"column\">\n\t\t\t<div class=\"elementor-column-wrap elementor-element-populated\">\n\t\t\t\t\t\t\t<div class=\"elementor-widget-wrap\">\n\t\t\t\t\t\t<div class=\"elementor-element elementor-element-82a6959 elementor-widget elementor-widget-heading\" data-id=\"82a6959\" data-element_type=\"widget\" data-widget_type=\"heading.default\">\n\t\t\t\t<div class=\"elementor-widget-container\">\n\t\t\t<h4 class=\"elementor-heading-title elementor-size-default\">Juzgados de la Ni\u00f1ez y Adolescencia<\/h4>\t\t<\/div>\n\t\t\t\t<\/div>\n\t\t\t\t\t\t<\/div>\n\t\t\t\t\t<\/div>\n\t\t<\/div>\n\t\t\t\t\t\t\t\t<\/div>\n\t\t\t\t\t<\/div>\n\t\t<\/section>\n\t\t\t\t<section class=\"elementor-section elementor-top-section elementor-element elementor-element-e337dcb elementor-section-boxed elementor-section-height-default elementor-section-height-default\" data-id=\"e337dcb\" data-element_type=\"section\">\n\t\t\t\t\t\t<div class=\"elementor-container elementor-column-gap-default\">\n\t\t\t\t\t\t\t<div class=\"elementor-row\">\n\t\t\t\t\t<div class=\"elementor-column elementor-col-100 elementor-top-column elementor-element elementor-element-63fa158\" data-id=\"63fa158\" data-element_type=\"column\">\n\t\t\t<div class=\"elementor-column-wrap elementor-element-populated\">\n\t\t\t\t\t\t\t<div class=\"elementor-widget-wrap\">\n\t\t\t\t\t\t<div class=\"elementor-element elementor-element-daac4c3 elementor-widget elementor-widget-text-editor\" data-id=\"daac4c3\" data-element_type=\"widget\" data-widget_type=\"text-editor.default\">\n\t\t\t\t<div class=\"elementor-widget-container\">\n\t\t\t\t\t<div class=\"elementor-text-editor elementor-clearfix\"><div class=\"page\" title=\"Page 41\"><div class=\"section\"><div class=\"layoutArea\"><div class=\"column\"><p style=\"padding-left: 40px;\">a) \u00a0Una vez conocida cualquier denuncia de actos de violencia sexual que se constituyan en infraccio\u0301n, la autoridad jurisdiccional debera\u0301 resguardar y reservar la identidad de la nin\u0303a, nin\u0303o y adolescente.<\/p><p style=\"padding-left: 40px;\">b) \u00a0So\u0301lo en los casos de extrema necesidad requerira\u0301 de la intervencio\u0301n de su equipo multidisciplinario para la evaluacio\u0301n de los antecedentes de la infraccio\u0301n, a fin de evitar la revictimizaci\u00f3n, debiendo considerarse prioritariamente los informes interdisciplinarios de la Defensor\u00eda de la Nin\u0303ez y Adolescencia.<\/p><p style=\"padding-left: 40px;\">c) \u00a0La autoridad jurisdiccional procurara\u0301 la participacio\u0301n de la ni\u00f1a, ni\u00f1o y adolescente para la identificacio\u0301n de sus necesidades y determinacio\u0301n de las sanciones correspondientes, para lo cual considerara\u0301 la edad de la ni\u00f1a, ni\u00f1o y adolescente.<\/p><p style=\"padding-left: 40px;\">d) \u00a0Ordenar\u00e1 el seguimiento a las sanciones impuestas a los agresores, en coordinacio\u0301n con la Defensor\u00eda de la Ni\u00f1ez y Adolescencia.<\/p><p style=\"padding-left: 40px;\">e) \u00a0Ordenar\u00e1 al equipo interdisciplinario del Juzgado de la Ni\u00f1ez y Adolescencia, la evaluaci\u00f3n del proceso de restituci\u00f3n del derecho a la integridad sexual de la ni\u00f1a, ni\u00f1o y adolescente, que supone la valoraci\u00f3n psicol\u00f3gica y social.<\/p><\/div><\/div><\/div><\/div><\/div>\n\t\t\t\t<\/div>\n\t\t\t\t<\/div>\n\t\t\t\t\t\t<\/div>\n\t\t\t\t\t<\/div>\n\t\t<\/div>\n\t\t\t\t\t\t\t\t<\/div>\n\t\t\t\t\t<\/div>\n\t\t<\/section>\n\t\t\t\t<section class=\"elementor-section elementor-top-section elementor-element elementor-element-66a5b13 elementor-section-boxed elementor-section-height-default elementor-section-height-default\" data-id=\"66a5b13\" data-element_type=\"section\">\n\t\t\t\t\t\t<div class=\"elementor-container elementor-column-gap-default\">\n\t\t\t\t\t\t\t<div class=\"elementor-row\">\n\t\t\t\t\t<div class=\"elementor-column elementor-col-100 elementor-top-column elementor-element elementor-element-47ef77c\" data-id=\"47ef77c\" data-element_type=\"column\">\n\t\t\t<div class=\"elementor-column-wrap elementor-element-populated\">\n\t\t\t\t\t\t\t<div class=\"elementor-widget-wrap\">\n\t\t\t\t\t\t<div class=\"elementor-element elementor-element-bc8634c elementor-widget elementor-widget-heading\" data-id=\"bc8634c\" data-element_type=\"widget\" data-widget_type=\"heading.default\">\n\t\t\t\t<div class=\"elementor-widget-container\">\n\t\t\t<h3 class=\"elementor-heading-title elementor-size-default\">b. Atenci\u00f3n de casos con proceso penal<\/h3>\t\t<\/div>\n\t\t\t\t<\/div>\n\t\t\t\t\t\t<\/div>\n\t\t\t\t\t<\/div>\n\t\t<\/div>\n\t\t\t\t\t\t\t\t<\/div>\n\t\t\t\t\t<\/div>\n\t\t<\/section>\n\t\t\t\t<section class=\"elementor-section elementor-top-section elementor-element elementor-element-7ae444e elementor-section-boxed elementor-section-height-default elementor-section-height-default\" data-id=\"7ae444e\" data-element_type=\"section\">\n\t\t\t\t\t\t<div class=\"elementor-container elementor-column-gap-default\">\n\t\t\t\t\t\t\t<div class=\"elementor-row\">\n\t\t\t\t\t<div class=\"elementor-column elementor-col-100 elementor-top-column elementor-element elementor-element-9babd87\" data-id=\"9babd87\" data-element_type=\"column\">\n\t\t\t<div class=\"elementor-column-wrap elementor-element-populated\">\n\t\t\t\t\t\t\t<div class=\"elementor-widget-wrap\">\n\t\t\t\t\t\t<div class=\"elementor-element elementor-element-05c529a elementor-widget elementor-widget-text-editor\" data-id=\"05c529a\" data-element_type=\"widget\" data-widget_type=\"text-editor.default\">\n\t\t\t\t<div class=\"elementor-widget-container\">\n\t\t\t\t\t<div class=\"elementor-text-editor elementor-clearfix\"><div class=\"page\" title=\"Page 41\"><div class=\"section\"><div class=\"layoutArea\"><div class=\"column\"><p>Las conductas de violencia contra la integridad sexual de nin\u0303as, nin\u0303os y adolescentes tipificadas como delitos en la Ley Penal, debera\u0301n ser procesadas en el marco de la Ley No 1970 \u201cCo\u0301digo de Procedimiento Penal\u201d y la Ley No 548 \u201cCo\u0301digo Nin\u0303a, Nin\u0303o y Adolescente\u201d. Esta ultima en referencia al Sistema Penal para adolescentes.<\/p><div class=\"page\" title=\"Page 42\"><div class=\"section\"><div class=\"layoutArea\"><div class=\"column\"><p>Las instancias, instituciones y servicios que intervienen en la atencio\u0301n integral de los casos de vulneracio\u0301n de la integridad sexual de nin\u0303as, nin\u0303os y adolescentes tipificadas en la ley penal, debera\u0301n considerar los siguientes criterios de actuacio\u0301n:<\/p><\/div><\/div><\/div><\/div><\/div><\/div><\/div><\/div><\/div>\n\t\t\t\t<\/div>\n\t\t\t\t<\/div>\n\t\t\t\t\t\t<\/div>\n\t\t\t\t\t<\/div>\n\t\t<\/div>\n\t\t\t\t\t\t\t\t<\/div>\n\t\t\t\t\t<\/div>\n\t\t<\/section>\n\t\t\t\t<section class=\"elementor-section elementor-top-section elementor-element elementor-element-67c6063 elementor-section-boxed elementor-section-height-default elementor-section-height-default\" data-id=\"67c6063\" data-element_type=\"section\">\n\t\t\t\t\t\t<div class=\"elementor-container elementor-column-gap-default\">\n\t\t\t\t\t\t\t<div class=\"elementor-row\">\n\t\t\t\t\t<div class=\"elementor-column elementor-col-100 elementor-top-column elementor-element elementor-element-542a4fc\" data-id=\"542a4fc\" data-element_type=\"column\">\n\t\t\t<div class=\"elementor-column-wrap elementor-element-populated\">\n\t\t\t\t\t\t\t<div class=\"elementor-widget-wrap\">\n\t\t\t\t\t\t<div class=\"elementor-element elementor-element-9893f2e elementor-widget elementor-widget-heading\" data-id=\"9893f2e\" data-element_type=\"widget\" data-widget_type=\"heading.default\">\n\t\t\t\t<div class=\"elementor-widget-container\">\n\t\t\t<h4 class=\"elementor-heading-title elementor-size-default\">Defensor\u00edas de la Ni\u00f1ez y Adolescencia<\/h4>\t\t<\/div>\n\t\t\t\t<\/div>\n\t\t\t\t\t\t<\/div>\n\t\t\t\t\t<\/div>\n\t\t<\/div>\n\t\t\t\t\t\t\t\t<\/div>\n\t\t\t\t\t<\/div>\n\t\t<\/section>\n\t\t\t\t<section class=\"elementor-section elementor-top-section elementor-element elementor-element-1d97734 elementor-section-boxed elementor-section-height-default elementor-section-height-default\" data-id=\"1d97734\" data-element_type=\"section\">\n\t\t\t\t\t\t<div class=\"elementor-container elementor-column-gap-default\">\n\t\t\t\t\t\t\t<div class=\"elementor-row\">\n\t\t\t\t\t<div class=\"elementor-column elementor-col-100 elementor-top-column elementor-element elementor-element-f5fc69b\" data-id=\"f5fc69b\" data-element_type=\"column\">\n\t\t\t<div class=\"elementor-column-wrap elementor-element-populated\">\n\t\t\t\t\t\t\t<div class=\"elementor-widget-wrap\">\n\t\t\t\t\t\t<div class=\"elementor-element elementor-element-ff86b7c elementor-widget elementor-widget-text-editor\" data-id=\"ff86b7c\" data-element_type=\"widget\" data-widget_type=\"text-editor.default\">\n\t\t\t\t<div class=\"elementor-widget-container\">\n\t\t\t\t\t<div class=\"elementor-text-editor elementor-clearfix\"><div class=\"page\" title=\"Page 42\"><div class=\"section\"><div class=\"layoutArea\"><div class=\"column\"><ul><li><p>En el marco de la prioridad absoluta el equipo interdisciplinario procurara\u0301 la atencio\u0301n me\u0301dica, psicolo\u0301gica o psiqui\u00e1trica de la nin\u0303a, nin\u0303o y adolescente desde el primer momento de conocido el hecho ili\u0301cito, en consideracio\u0301n de los antecedentes de cada uno de los casos.<\/p><\/li><li><p>Procurara\u0301 la informacio\u0301n y orientacio\u0301n necesaria a la familia de la v\u00edctima sobre todas las acciones a ser desarrolladas en las instancias, instituciones y servicios de atencio\u0301n de violencia sexual a nin\u0303as, nin\u0303os y adolescentes.<\/p><\/li><li><p>En todos los casos, el equipo interdisciplinario de las Defensori\u0301as de la Nin\u0303ez y Adolescencia, no negara\u0301n la atencio\u0301n de las nin\u0303as, nin\u0303os y adolescentes a quienes se les ha vulnerado su derecho a la integridad sexual. En caso de que los mismos no correspondan a su jurisdiccio\u0301n inmediatamente de conocido los hechos y en consideracio\u0301n a la urgencia de cada uno de los casos, cuidara\u0301 la integridad de la vi\u0301ctima, interpondra\u0301 la denuncia y realizara\u0301 las acciones necesarias para precautelar todos los indicios para el inicio de las investigaciones.<\/p><\/li><li><p>Un miembro del equipo interdisciplinario, especialista en violencia sexual realizara\u0301 el acompan\u0303amiento y apoyo en todos los actos investigativos o judiciales en los que participe la nin\u0303a, nin\u0303o y adolescente.<\/p><\/li><li><p>Gestionar y coordinar con el Servicio Plurinacional de Asistencia a la Victima \u2013SEPDAVI u otra unidad especializada, la atencio\u0301n durante y despue\u0301s del proceso penal para su recuperacio\u0301n psico-afectiva.<\/p><\/li><\/ul><\/div><\/div><\/div><\/div><\/div>\n\t\t\t\t<\/div>\n\t\t\t\t<\/div>\n\t\t\t\t\t\t<\/div>\n\t\t\t\t\t<\/div>\n\t\t<\/div>\n\t\t\t\t\t\t\t\t<\/div>\n\t\t\t\t\t<\/div>\n\t\t<\/section>\n\t\t\t\t<section class=\"elementor-section elementor-top-section elementor-element elementor-element-c756e8d elementor-section-boxed elementor-section-height-default elementor-section-height-default\" data-id=\"c756e8d\" data-element_type=\"section\">\n\t\t\t\t\t\t<div class=\"elementor-container elementor-column-gap-default\">\n\t\t\t\t\t\t\t<div class=\"elementor-row\">\n\t\t\t\t\t<div class=\"elementor-column elementor-col-100 elementor-top-column elementor-element elementor-element-cc060be\" data-id=\"cc060be\" data-element_type=\"column\">\n\t\t\t<div class=\"elementor-column-wrap elementor-element-populated\">\n\t\t\t\t\t\t\t<div class=\"elementor-widget-wrap\">\n\t\t\t\t\t\t<div class=\"elementor-element elementor-element-6e0cfda elementor-widget elementor-widget-heading\" data-id=\"6e0cfda\" data-element_type=\"widget\" data-widget_type=\"heading.default\">\n\t\t\t\t<div class=\"elementor-widget-container\">\n\t\t\t<h4 class=\"elementor-heading-title elementor-size-default\">Polic\u00eda Boliviana<\/h4>\t\t<\/div>\n\t\t\t\t<\/div>\n\t\t\t\t\t\t<\/div>\n\t\t\t\t\t<\/div>\n\t\t<\/div>\n\t\t\t\t\t\t\t\t<\/div>\n\t\t\t\t\t<\/div>\n\t\t<\/section>\n\t\t\t\t<section class=\"elementor-section elementor-top-section elementor-element elementor-element-cb4047e elementor-section-boxed elementor-section-height-default elementor-section-height-default\" data-id=\"cb4047e\" data-element_type=\"section\">\n\t\t\t\t\t\t<div class=\"elementor-container elementor-column-gap-default\">\n\t\t\t\t\t\t\t<div class=\"elementor-row\">\n\t\t\t\t\t<div class=\"elementor-column elementor-col-100 elementor-top-column elementor-element elementor-element-ddef241\" data-id=\"ddef241\" data-element_type=\"column\">\n\t\t\t<div class=\"elementor-column-wrap elementor-element-populated\">\n\t\t\t\t\t\t\t<div class=\"elementor-widget-wrap\">\n\t\t\t\t\t\t<div class=\"elementor-element elementor-element-254d500 elementor-widget elementor-widget-text-editor\" data-id=\"254d500\" data-element_type=\"widget\" data-widget_type=\"text-editor.default\">\n\t\t\t\t<div class=\"elementor-widget-container\">\n\t\t\t\t\t<div class=\"elementor-text-editor elementor-clearfix\"><div class=\"page\" title=\"Page 42\"><div class=\"section\"><div class=\"layoutArea\"><div class=\"column\"><ul><li><p>Ante el conocimiento de cualquier hecho de violencia sexual por accio\u0301n directa o por denuncia; el personal policial identificara\u0301 las necesidades de la nin\u0303a, nin\u0303o y adolescente para la atencio\u0301n me\u0301dica, psicol\u00f3gica o psiqui\u00e1trica que fuera necesaria en cada uno de los casos.<\/p><\/li><li><p>En cada uno de los actos investigativos, el personal policial evitara\u0301 cualquier situaci\u00f3n revictimizadora de manera directa o indirecta a la nin\u0303a, nin\u0303o y adolescente.<\/p><\/li><li><p>En coordinacio\u0301n con la Defensor\u00eda de la Nin\u0303ez y Adolescencia, brindar\u00e1 toda la informaci\u00f3n y orientacio\u0301n necesaria a la familia de la v\u00edctima.<\/p><\/li><li><p>El desarrollo de las acciones investigativas debera\u0301n considerar la opini\u00f3n de las nin\u0303as, nin\u0303os y adolescentes.<\/p><\/li><\/ul><\/div><\/div><\/div><\/div><\/div>\n\t\t\t\t<\/div>\n\t\t\t\t<\/div>\n\t\t\t\t\t\t<\/div>\n\t\t\t\t\t<\/div>\n\t\t<\/div>\n\t\t\t\t\t\t\t\t<\/div>\n\t\t\t\t\t<\/div>\n\t\t<\/section>\n\t\t\t\t<section class=\"elementor-section elementor-top-section elementor-element elementor-element-ad2f47c elementor-section-boxed elementor-section-height-default elementor-section-height-default\" data-id=\"ad2f47c\" data-element_type=\"section\">\n\t\t\t\t\t\t<div class=\"elementor-container elementor-column-gap-default\">\n\t\t\t\t\t\t\t<div class=\"elementor-row\">\n\t\t\t\t\t<div class=\"elementor-column elementor-col-100 elementor-top-column elementor-element elementor-element-a3b36a0\" data-id=\"a3b36a0\" data-element_type=\"column\">\n\t\t\t<div class=\"elementor-column-wrap elementor-element-populated\">\n\t\t\t\t\t\t\t<div class=\"elementor-widget-wrap\">\n\t\t\t\t\t\t<div class=\"elementor-element elementor-element-29c5ac8 elementor-widget elementor-widget-heading\" data-id=\"29c5ac8\" data-element_type=\"widget\" data-widget_type=\"heading.default\">\n\t\t\t\t<div class=\"elementor-widget-container\">\n\t\t\t<h4 class=\"elementor-heading-title elementor-size-default\">Fiscal\u00eda<\/h4>\t\t<\/div>\n\t\t\t\t<\/div>\n\t\t\t\t\t\t<\/div>\n\t\t\t\t\t<\/div>\n\t\t<\/div>\n\t\t\t\t\t\t\t\t<\/div>\n\t\t\t\t\t<\/div>\n\t\t<\/section>\n\t\t\t\t<section class=\"elementor-section elementor-top-section elementor-element elementor-element-9f4a27d elementor-section-boxed elementor-section-height-default elementor-section-height-default\" data-id=\"9f4a27d\" data-element_type=\"section\">\n\t\t\t\t\t\t<div class=\"elementor-container elementor-column-gap-default\">\n\t\t\t\t\t\t\t<div class=\"elementor-row\">\n\t\t\t\t\t<div class=\"elementor-column elementor-col-100 elementor-top-column elementor-element elementor-element-c9f6f5b\" data-id=\"c9f6f5b\" data-element_type=\"column\">\n\t\t\t<div class=\"elementor-column-wrap elementor-element-populated\">\n\t\t\t\t\t\t\t<div class=\"elementor-widget-wrap\">\n\t\t\t\t\t\t<div class=\"elementor-element elementor-element-312876d elementor-widget elementor-widget-text-editor\" data-id=\"312876d\" data-element_type=\"widget\" data-widget_type=\"text-editor.default\">\n\t\t\t\t<div class=\"elementor-widget-container\">\n\t\t\t\t\t<div class=\"elementor-text-editor elementor-clearfix\"><div class=\"page\" title=\"Page 42\"><div class=\"section\"><div class=\"layoutArea\"><div class=\"column\"><ul><li><p>Desde el conocimiento de los actos de violencia sexual, el representante del Ministerio Pu\u0301blico (Fiscali\u0301a) debe considerar los actos que fueran necesarios, para la seguridad e integridad fi\u0301sica y psicolo\u0301gica de la nin\u0303a, nin\u0303o y adolescente.<\/p><\/li><li><p>En todos los actos investigativos donde participe la vi\u0301ctima, garantizara\u0301 el apoyo y acompan\u0303amiento especializado de la defensori\u0301a de la nin\u0303ez y adolescencia (Toma de declaracio\u0301n, Inspeccio\u0301n Ocular, desfile identificativo, entre otros)<\/p><\/li><li><p>El establecimiento de los actos investigativos debera\u0301 considerar la opinio\u0301n y la participacio\u0301n de las nin\u0303as, nin\u0303os y adolescentes.<\/p><\/li><li><div class=\"page\" title=\"Page 43\"><div class=\"section\"><div class=\"layoutArea\"><div class=\"column\"><p>Aplicar las acciones contenidas en la \u201cRuta cri\u0301tica u\u0301nica nacional de atencio\u0301n de casos contra la libertad sexual\u201d del Ministerio Pu\u0301blico, considerando el Intere\u0301s Superior de la Nin\u0303a, nin\u0303o y Adolescente, el derecho a opinar, especializacio\u0301n, proporcionalidad, desformalizacio\u0301n, reserva etc.<\/p><\/div><\/div><\/div><\/div><\/li><\/ul><\/div><\/div><\/div><\/div><\/div>\n\t\t\t\t<\/div>\n\t\t\t\t<\/div>\n\t\t\t\t\t\t<\/div>\n\t\t\t\t\t<\/div>\n\t\t<\/div>\n\t\t\t\t\t\t\t\t<\/div>\n\t\t\t\t\t<\/div>\n\t\t<\/section>\n\t\t\t\t<section class=\"elementor-section elementor-top-section elementor-element elementor-element-8b8774f elementor-section-boxed elementor-section-height-default elementor-section-height-default\" data-id=\"8b8774f\" data-element_type=\"section\">\n\t\t\t\t\t\t<div class=\"elementor-container elementor-column-gap-default\">\n\t\t\t\t\t\t\t<div class=\"elementor-row\">\n\t\t\t\t\t<div class=\"elementor-column elementor-col-100 elementor-top-column elementor-element elementor-element-875f301\" data-id=\"875f301\" data-element_type=\"column\">\n\t\t\t<div class=\"elementor-column-wrap elementor-element-populated\">\n\t\t\t\t\t\t\t<div class=\"elementor-widget-wrap\">\n\t\t\t\t\t\t<div class=\"elementor-element elementor-element-54effe5 elementor-widget elementor-widget-heading\" data-id=\"54effe5\" data-element_type=\"widget\" data-widget_type=\"heading.default\">\n\t\t\t\t<div class=\"elementor-widget-container\">\n\t\t\t<h4 class=\"elementor-heading-title elementor-size-default\">Juzgado de Instrucci\u00f3n, Tribunales de Sentencia y Juzgados P\u00fablicos de la ni\u00f1ez y Adolescencia<\/h4>\t\t<\/div>\n\t\t\t\t<\/div>\n\t\t\t\t\t\t<\/div>\n\t\t\t\t\t<\/div>\n\t\t<\/div>\n\t\t\t\t\t\t\t\t<\/div>\n\t\t\t\t\t<\/div>\n\t\t<\/section>\n\t\t\t\t<section class=\"elementor-section elementor-top-section elementor-element elementor-element-29aafdc elementor-section-boxed elementor-section-height-default elementor-section-height-default\" data-id=\"29aafdc\" data-element_type=\"section\">\n\t\t\t\t\t\t<div class=\"elementor-container elementor-column-gap-default\">\n\t\t\t\t\t\t\t<div class=\"elementor-row\">\n\t\t\t\t\t<div class=\"elementor-column elementor-col-100 elementor-top-column elementor-element elementor-element-0f4ddc4\" data-id=\"0f4ddc4\" data-element_type=\"column\">\n\t\t\t<div class=\"elementor-column-wrap elementor-element-populated\">\n\t\t\t\t\t\t\t<div class=\"elementor-widget-wrap\">\n\t\t\t\t\t\t<div class=\"elementor-element elementor-element-d5260bb elementor-widget elementor-widget-text-editor\" data-id=\"d5260bb\" data-element_type=\"widget\" data-widget_type=\"text-editor.default\">\n\t\t\t\t<div class=\"elementor-widget-container\">\n\t\t\t\t\t<div class=\"elementor-text-editor elementor-clearfix\"><div class=\"page\" title=\"Page 43\">\n<div class=\"section\">\n<div class=\"layoutArea\">\n<div class=\"column\">\n<p>Durante todo el proceso penal, los funcionarios judiciales debera\u0301n:<\/p>\n<div class=\"page\" title=\"Page 43\">\n<div class=\"section\">\n<div class=\"layoutArea\">\n<div class=\"column\">\n<ul>\n<li>\n<p>Aplicar la normativa ma\u0301s favorable a la nin\u0303a, nin\u0303o y adolescente vi\u0301ctima de violencia sexual.<\/p>\n<\/li>\n<li>\n<p>Ante cualquier situacio\u0301n de riesgo o peligro para la integridad y desarrollo de la nin\u0303a, nin\u0303o y<\/p>\n<p>adolescente el funcionario judicial tomara\u0301 todas las medidas para su proteccio\u0301n.<\/p>\n<\/li>\n<li>\n<p>Para la determinacio\u0301n de las medidas durante el proceso penal, la autoridad judicial considerara\u0301 las necesidades y caracteri\u0301sticas propias de las nin\u0303as, nin\u0303os y adolescentes vi\u0301ctimas de&nbsp;<span style=\"font-size: 15px; color: var( --e-global-color-text );\">violencia sexual.<\/span><\/p>\n<\/li>\n<li>\n<p>Mantendr\u00e1 informada a la nin\u0303a, nin\u0303o y adolescente sobre el desarrollo del proceso penal, con<span style=\"font-size: 15px; color: var( --e-global-color-text );\">siderando su opinio\u0301n.<\/span><\/p>\n<\/li>\n<li>\n<p>Evitar\u00e1 la revictimizacio\u0301n de la nin\u0303a, nin\u0303o y adolescente durante la sustanciacio\u0301n del proceso&nbsp;<span style=\"font-size: 15px; color: var( --e-global-color-text );\">penal a partir de la aplicacio\u0301n de actos procesales como el Anticipo de Prueba.<\/span><\/p>\n<\/li>\n<li>\n<p>Evitar\u00e1 rituales y formalismos innecesarios durante la tramitaci\u00f3n del proceso judicial.<\/p>\n<\/li>\n<\/ul>\n<\/div>\n<\/div>\n<\/div>\n<\/div>\n<\/div>\n<\/div>\n<\/div>\n<\/div><\/div>\n\t\t\t\t<\/div>\n\t\t\t\t<\/div>\n\t\t\t\t\t\t<\/div>\n\t\t\t\t\t<\/div>\n\t\t<\/div>\n\t\t\t\t\t\t\t\t<\/div>\n\t\t\t\t\t<\/div>\n\t\t<\/section>\n\t\t\t\t\t\t<\/div>\n\t\t\t\t\t\t<\/div>\n\t\t\t\t\t<\/div>\n\t\t","protected":false},"excerpt":{"rendered":"<p>El presente protocolo establece las acciones y momentos en que deben actuar las instituciones pu\u0301blicas y de la sociedad civil que tienen atribuciones, funciones o competencias para contribuir a garantizar a nin\u0303as, nin\u0303os y adolescentes una vida sin vulneracio\u0301n a su integridad sexual, se plantean 4 niveles de prevencio\u0301n y uno de atencio\u0301n integral: Prevencio\u0301n &hellip;<\/p>\n<p class=\"read-more\"> <a class=\"\" href=\"https:\/\/alvi.centrojuanaazurduy.org\/index.php\/10-niveles-de-prevencion-y-atencion-integral\/\"> <span class=\"screen-reader-text\">10. NIVELES DE PREVENCI\u00d3N Y ATENCI\u00d3N INTEGRAL<\/span> Leer m\u00e1s &raquo;<\/a><\/p>\n","protected":false},"author":1,"featured_media":0,"comment_status":"closed","ping_status":"closed","sticky":false,"template":"","format":"standard","meta":{"footnotes":""},"categories":[7],"tags":[],"class_list":["post-1903","post","type-post","status-publish","format-standard","hentry","category-protocolo-de-prevencion-parte-1"],"_links":{"self":[{"href":"https:\/\/alvi.centrojuanaazurduy.org\/index.php\/wp-json\/wp\/v2\/posts\/1903","targetHints":{"allow":["GET"]}}],"collection":[{"href":"https:\/\/alvi.centrojuanaazurduy.org\/index.php\/wp-json\/wp\/v2\/posts"}],"about":[{"href":"https:\/\/alvi.centrojuanaazurduy.org\/index.php\/wp-json\/wp\/v2\/types\/post"}],"author":[{"embeddable":true,"href":"https:\/\/alvi.centrojuanaazurduy.org\/index.php\/wp-json\/wp\/v2\/users\/1"}],"replies":[{"embeddable":true,"href":"https:\/\/alvi.centrojuanaazurduy.org\/index.php\/wp-json\/wp\/v2\/comments?post=1903"}],"version-history":[{"count":0,"href":"https:\/\/alvi.centrojuanaazurduy.org\/index.php\/wp-json\/wp\/v2\/posts\/1903\/revisions"}],"wp:attachment":[{"href":"https:\/\/alvi.centrojuanaazurduy.org\/index.php\/wp-json\/wp\/v2\/media?parent=1903"}],"wp:term":[{"taxonomy":"category","embeddable":true,"href":"https:\/\/alvi.centrojuanaazurduy.org\/index.php\/wp-json\/wp\/v2\/categories?post=1903"},{"taxonomy":"post_tag","embeddable":true,"href":"https:\/\/alvi.centrojuanaazurduy.org\/index.php\/wp-json\/wp\/v2\/tags?post=1903"}],"curies":[{"name":"wp","href":"https:\/\/api.w.org\/{rel}","templated":true}]}}