{"id":154,"date":"2020-11-19T17:49:51","date_gmt":"2020-11-19T21:49:51","guid":{"rendered":"http:\/\/gavvi.monstruoestudio.com\/?p=154"},"modified":"2020-11-19T17:49:51","modified_gmt":"2020-11-19T21:49:51","slug":"1-1-contexto-de-la-violencia-en-razon-de-genero-en-las-comunidades-indigena-originario-campesinas","status":"publish","type":"post","link":"https:\/\/alvi.centrojuanaazurduy.org\/index.php\/1-1-contexto-de-la-violencia-en-razon-de-genero-en-las-comunidades-indigena-originario-campesinas\/","title":{"rendered":"1.1. Contexto de la Violencia en Raz\u00f3n de G\u00e9nero en las Comunidades Ind\u00edgena Originario Campesinas"},"content":{"rendered":"\t\t<div data-elementor-type=\"wp-post\" data-elementor-id=\"154\" class=\"elementor elementor-154\" data-elementor-settings=\"[]\">\n\t\t\t\t\t\t<div class=\"elementor-inner\">\n\t\t\t\t\t\t\t<div class=\"elementor-section-wrap\">\n\t\t\t\t\t\t\t<section class=\"elementor-section elementor-top-section elementor-element elementor-element-21ffa60 elementor-section-boxed elementor-section-height-default elementor-section-height-default\" data-id=\"21ffa60\" data-element_type=\"section\">\n\t\t\t\t\t\t<div class=\"elementor-container elementor-column-gap-default\">\n\t\t\t\t\t\t\t<div class=\"elementor-row\">\n\t\t\t\t\t<div class=\"elementor-column elementor-col-100 elementor-top-column elementor-element elementor-element-7a3a518\" data-id=\"7a3a518\" data-element_type=\"column\">\n\t\t\t<div class=\"elementor-column-wrap elementor-element-populated\">\n\t\t\t\t\t\t\t<div class=\"elementor-widget-wrap\">\n\t\t\t\t\t\t<div class=\"elementor-element elementor-element-8ee8298 elementor-widget elementor-widget-theme-post-title elementor-page-title elementor-widget-heading\" data-id=\"8ee8298\" data-element_type=\"widget\" data-widget_type=\"theme-post-title.default\">\n\t\t\t\t<div class=\"elementor-widget-container\">\n\t\t\t<h2 class=\"elementor-heading-title elementor-size-default\">1.1. Contexto de la Violencia en Raz\u00f3n de G\u00e9nero en las Comunidades Ind\u00edgena Originario Campesinas<\/h2>\t\t<\/div>\n\t\t\t\t<\/div>\n\t\t\t\t\t\t<\/div>\n\t\t\t\t\t<\/div>\n\t\t<\/div>\n\t\t\t\t\t\t\t\t<\/div>\n\t\t\t\t\t<\/div>\n\t\t<\/section>\n\t\t\t\t<section class=\"elementor-section elementor-top-section elementor-element elementor-element-6bce25b elementor-section-boxed elementor-section-height-default elementor-section-height-default\" data-id=\"6bce25b\" data-element_type=\"section\">\n\t\t\t\t\t\t<div class=\"elementor-container elementor-column-gap-default\">\n\t\t\t\t\t\t\t<div class=\"elementor-row\">\n\t\t\t\t\t<div class=\"elementor-column elementor-col-100 elementor-top-column elementor-element elementor-element-95b1073\" data-id=\"95b1073\" data-element_type=\"column\">\n\t\t\t<div class=\"elementor-column-wrap elementor-element-populated\">\n\t\t\t\t\t\t\t<div class=\"elementor-widget-wrap\">\n\t\t\t\t\t\t<div class=\"elementor-element elementor-element-300218b elementor-widget elementor-widget-text-editor\" data-id=\"300218b\" data-element_type=\"widget\" data-widget_type=\"text-editor.default\">\n\t\t\t\t<div class=\"elementor-widget-container\">\n\t\t\t\t\t<div class=\"elementor-text-editor elementor-clearfix\"><p>La Constituci\u00f3n Pol\u00edtica del Estado reconoce ampliamente los derechos de las mujeres y los derechos de los pueblos ind\u00edgenas. En el primer art\u00edculo reconoce el pluralismo jur\u00eddico, y el art\u00edculo 179 par\u00e1grafo II establece la igualdad jer\u00e1rquica entre jurisdicci\u00f3n ordinaria y jurisdicci\u00f3n ind\u00edgena originario campesina. Sin embargo, en la pr\u00e1ctica, la justicia ordinaria est\u00e1 ausente en las comunidades y pueblos ind\u00edgenas, mientras que la justicia ind\u00edgena o comunitaria (como se la conoce en estas comunidades) est\u00e1 deslindando responsabilidades en cuanto se refiere a la violencia contra las mujeres.<\/p><p>Raz\u00f3n por la cual se ha visto la necesidad imperiosa de desarrollar un instrumento que permita mejorar los niveles de protecci\u00f3n y atenci\u00f3n a las mujeres ind\u00edgena, originarias y campesinas en cuanto a hechos de violencia en raz\u00f3n de g\u00e9nero.<\/p><\/div>\n\t\t\t\t<\/div>\n\t\t\t\t<\/div>\n\t\t\t\t\t\t<\/div>\n\t\t\t\t\t<\/div>\n\t\t<\/div>\n\t\t\t\t\t\t\t\t<\/div>\n\t\t\t\t\t<\/div>\n\t\t<\/section>\n\t\t\t\t\t\t<\/div>\n\t\t\t\t\t\t<\/div>\n\t\t\t\t\t<\/div>\n\t\t","protected":false},"excerpt":{"rendered":"<p>La Constituci\u00f3n Pol\u00edtica del Estado reconoce ampliamente los derechos de las mujeres y los derechos de los pueblos ind\u00edgenas. En el primer art\u00edculo reconoce el pluralismo jur\u00eddico, y el art\u00edculo 179 par\u00e1grafo II establece la igualdad jer\u00e1rquica entre jurisdicci\u00f3n ordinaria y jurisdicci\u00f3n ind\u00edgena originario campesina. Sin embargo, en la pr\u00e1ctica, la justicia ordinaria est\u00e1 ausente &hellip;<\/p>\n<p class=\"read-more\"> <a class=\"\" href=\"https:\/\/alvi.centrojuanaazurduy.org\/index.php\/1-1-contexto-de-la-violencia-en-razon-de-genero-en-las-comunidades-indigena-originario-campesinas\/\"> <span class=\"screen-reader-text\">1.1. Contexto de la Violencia en Raz\u00f3n de G\u00e9nero en las Comunidades Ind\u00edgena Originario Campesinas<\/span> Leer m\u00e1s &raquo;<\/a><\/p>\n","protected":false},"author":1,"featured_media":0,"comment_status":"closed","ping_status":"closed","sticky":false,"template":"","format":"standard","meta":{"footnotes":""},"categories":[5],"tags":[],"class_list":["post-154","post","type-post","status-publish","format-standard","hentry","category-jioc"],"_links":{"self":[{"href":"https:\/\/alvi.centrojuanaazurduy.org\/index.php\/wp-json\/wp\/v2\/posts\/154","targetHints":{"allow":["GET"]}}],"collection":[{"href":"https:\/\/alvi.centrojuanaazurduy.org\/index.php\/wp-json\/wp\/v2\/posts"}],"about":[{"href":"https:\/\/alvi.centrojuanaazurduy.org\/index.php\/wp-json\/wp\/v2\/types\/post"}],"author":[{"embeddable":true,"href":"https:\/\/alvi.centrojuanaazurduy.org\/index.php\/wp-json\/wp\/v2\/users\/1"}],"replies":[{"embeddable":true,"href":"https:\/\/alvi.centrojuanaazurduy.org\/index.php\/wp-json\/wp\/v2\/comments?post=154"}],"version-history":[{"count":0,"href":"https:\/\/alvi.centrojuanaazurduy.org\/index.php\/wp-json\/wp\/v2\/posts\/154\/revisions"}],"wp:attachment":[{"href":"https:\/\/alvi.centrojuanaazurduy.org\/index.php\/wp-json\/wp\/v2\/media?parent=154"}],"wp:term":[{"taxonomy":"category","embeddable":true,"href":"https:\/\/alvi.centrojuanaazurduy.org\/index.php\/wp-json\/wp\/v2\/categories?post=154"},{"taxonomy":"post_tag","embeddable":true,"href":"https:\/\/alvi.centrojuanaazurduy.org\/index.php\/wp-json\/wp\/v2\/tags?post=154"}],"curies":[{"name":"wp","href":"https:\/\/api.w.org\/{rel}","templated":true}]}}